{"id":485196,"date":"2014-02-06T20:49:17","date_gmt":"2014-02-06T21:49:17","guid":{"rendered":"http:\/\/www.eldigitaldeasturias.com\/noticias\/?p=485196"},"modified":"2014-02-06T20:49:17","modified_gmt":"2014-02-06T21:49:17","slug":"los-expertos-auguran-un-empeoramiento-de-la-situacion-de-las-familias-en-5-anos","status":"publish","type":"post","link":"https:\/\/www.eldigitaldeasturias.com\/noticias\/los-expertos-auguran-un-empeoramiento-de-la-situacion-de-las-familias-en-5-anos\/","title":{"rendered":"Los expertos auguran un empeoramiento de la situaci\u00f3n de las familias en 5 a\u00f1os"},"content":{"rendered":"<p><img loading=\"lazy\" decoding=\"async\" class=\"alignleft size-medium wp-image-485197\" alt=\"5916493w\" src=\"https:\/\/www.eldigitaldeasturias.com\/noticias\/wp-content\/uploads\/2014\/02\/5916493w-360x239.jpg\" width=\"360\" height=\"239\" \/>Madrid, 6 feb (EFE).- Las rentas reales de las familias seguir\u00e1 debilit\u00e1ndose en los pr\u00f3ximos cinco a\u00f1os en los que aumentar\u00e1 el n\u00famero de hogares con serias dificultades econ\u00f3micas y en condiciones de pobreza extrema, seg\u00fan auguran varios expertos en una investigaci\u00f3n del Centro Reina Sof\u00eda sobre Adolescencia y Juventud.<\/p>\n<p>Bajo el nombre \u00abLa sombra de la crisis. La sociedad espa\u00f1ola en el horizonte de 2018\u00bb, el estudio recopila las opiniones de once expertos en ciencias sociales con el objetivo de conocer los futuros impactos de la crisis econ\u00f3mica y el escenario de las relaciones generacionales en Espa\u00f1a para los pr\u00f3ximos cinco a\u00f1os.<\/p>\n<p>Las conclusiones del estudio no son una visi\u00f3n \u00abcompleta ni determinista\u00bb del futuro sino que son \u00abproyecciones razonables y razonadas\u00bb, seg\u00fan ha afirmado en rueda de prensa el director t\u00e9cnico de la Fundaci\u00f3n de Ayuda contra la Drogadicci\u00f3n (FAD), Eusebio Meg\u00edas, organizaci\u00f3n promotora del Centro Reina Sof\u00eda.<\/p>\n<p>Analizado el contexto econ\u00f3mico actual, la investigaci\u00f3n indica que el PIB por habitante hasta 2018 se mantendr\u00e1n en niveles anteriores a los de 2007 y que el modelo de crecimiento espa\u00f1ol basado fundamentalmente en la construcci\u00f3n se agotar\u00e1 sin ser sustituido por otro alternativo.<\/p>\n<p>El panorama en el pr\u00f3ximo quinquenio se caracterizar\u00e1, dicen los expertos, por la precariedad en el empleo y la flexibilizaci\u00f3n contractual, lo que propiciar\u00e1 trayectorias laborales m\u00e1s fr\u00e1giles y un debilitamiento de las protecciones sociales de los trabajadores.<\/p>\n<p>Las rentas reales de los hogares se reducir\u00e1n \u00abde forma considerable\u00bb por el desempleo -que en 2018 indican los expertos que seguir\u00e1 por encima el 20 por ciento- por lo que la situaci\u00f3n de las familias continuar\u00e1 debilit\u00e1ndose.<\/p>\n<p>La brecha social entre familias aumentar\u00e1 pero \u00e9stas, a pesar de todo, seguir\u00e1n siendo el colch\u00f3n que trate de amortiguar los efectos de la crisis econ\u00f3mica, con lo que se registrar\u00e1 un claro aumento de hogares \u00abmultigeneracionales\u00bb.<\/p>\n<p>En este sentido, los mayores asumir\u00e1n el sustento y los j\u00f3venes el cuidado, fundamentalmente las mujeres, de hecho, el porcentaje de de ellas entre 18 a 34 a\u00f1os que no se habr\u00e1 independizado se situar\u00e1 casi diez puntos por encima de la media europea.<\/p>\n<p>Los expertos tambi\u00e9n opinan que persistir\u00e1 una \u00abfuerte\u00bb desigualdad de g\u00e9nero en el reparto de las tareas del hogar y que en los pr\u00f3ximos cinco a\u00f1os se reducir\u00e1n las pol\u00edticas sociales y de dependencia, ya que la investigaci\u00f3n destaca que los recursos dedicados a este \u00e1mbito ser\u00e1n \u00abescasos\u00bb.<\/p>\n<p>Esta situaci\u00f3n provocar\u00e1 que los valores morales reciban un mayor apoyo formal por parte de todos los grupos de edad y ser\u00e1 la familia lo m\u00e1s valorado \u00abpor encima de cualquier otra instituci\u00f3n\u00bb.<\/p>\n<p>Aumentar\u00e1 el respeto a los derechos civiles, al matrimonio homosexual y a las nuevas formas de convivencia, al tiempo que crecer\u00e1 el valor de la cooperaci\u00f3n como un mecanismo de subsistencia y de resiliencia y se mostrar\u00e1 el \u00abexpl\u00edcito repudio\u00bb de la ciudadan\u00eda a la corrupci\u00f3n y a las mentiras.<\/p>\n<p>En relaci\u00f3n a la pol\u00edtica, el estudio muestra un debilitamiento del bipartidismo y que los j\u00f3venes se sentir\u00e1n cada vez menos representados por los partidos, con lo que esta desafecci\u00f3n pol\u00edtica alimentar\u00e1 nuevas formas de movilizaci\u00f3n social.<\/p>\n<p>As\u00ed, la participaci\u00f3n social de los j\u00f3venes ser\u00e1 mayor, de hecho, los expertos consideran que su identidad social pasar\u00e1 de la acepci\u00f3n de \u00abpasota\u00bb a un perfil m\u00e1s activista y comprometido con la realidad en la que viven ante este panorama.<\/p>\n<p>Con una baja tasa de ocupaci\u00f3n juvenil, se decantar\u00e1n por continuar su formaci\u00f3n o por emigrar al extranjero.<\/p>\n<p>En general, las diferencias en la escala de valores depender\u00e1n de la pertenencia a una clase social determinada, m\u00e1s a que a las diferencias generacionales.<\/p>\n<p>El compromiso de la juventud ser\u00e1 un indicador de una mayor exigencia de regeneraci\u00f3n pol\u00edtica y se apoyar\u00e1 en un marco de movilizaci\u00f3n permanente, manteniendo la influencia moral los que organizaron el movimiento 15M, por tanto, \u00ablos j\u00f3venes ser\u00e1n el motor de las movilizaciones\u00bb.<\/p>\n<p>No obstante, estas movilizaciones no supondr\u00e1n previsiblemente ninguna confrontaci\u00f3n social grave, dicen los expertos.<\/p>\n","protected":false},"excerpt":{"rendered":"<p>Madrid, 6 feb (EFE).- Las rentas reales de las familias seguir\u00e1 debilit\u00e1ndose en los pr\u00f3ximos cinco a\u00f1os en los que aumentar\u00e1 el n\u00famero de hogares con serias dificultades econ\u00f3micas y en condiciones de pobreza extrema, seg\u00fan auguran varios expertos en una investigaci\u00f3n del Centro Reina Sof\u00eda sobre Adolescencia y Juventud. Bajo el nombre \u00abLa sombra [&hellip;]<\/p>\n","protected":false},"author":1,"featured_media":485197,"comment_status":"closed","ping_status":"open","sticky":false,"template":"","format":"standard","meta":{"footnotes":""},"categories":[1],"tags":[],"class_list":["post-485196","post","type-post","status-publish","format-standard","has-post-thumbnail","hentry","category-actualidad"],"aioseo_notices":[],"aioseo_head":"\n\t\t<!-- All in One SEO Pro 5.0.1 - aioseo.com -->\n\t<meta name=\"description\" content=\"Madrid, 6 feb (EFE).- Las rentas reales de las familias seguir\u00e1 debilit\u00e1ndose en los pr\u00f3ximos cinco a\u00f1os en los que aumentar\u00e1 el n\u00famero de hogares con serias dificultades econ\u00f3micas y en condiciones de pobreza extrema, seg\u00fan auguran varios expertos en una investigaci\u00f3n del Centro Reina Sof\u00eda sobre Adolescencia y Juventud. Bajo el nombre &quot;La sombra\" \/>\n\t<meta name=\"robots\" content=\"max-image-preview:large\" \/>\n\t<meta name=\"author\" content=\"El Digital de Asturias\"\/>\n\t<meta name=\"google-site-verification\" content=\"UA-38556648-1\" \/>\n\t<meta name=\"msvalidate.01\" content=\"7dfe9f3f1b24437ab69f4f2559babe99\" \/>\n\t<meta name=\"keywords\" content=\"actualidad\" \/>\n\t<link rel=\"canonical\" href=\"https:\/\/www.eldigitaldeasturias.com\/noticias\/los-expertos-auguran-un-empeoramiento-de-la-situacion-de-las-familias-en-5-anos\/\" \/>\n\t<meta name=\"generator\" content=\"All in One SEO Pro (AIOSEO) 5.0.1\" \/>\n\t\t<meta property=\"og:locale\" content=\"es_ES\" \/>\n\t\t<meta property=\"og:site_name\" content=\"El Digital de Asturias\" \/>\n\t\t<meta property=\"og:type\" content=\"article\" \/>\n\t\t<meta property=\"og:title\" content=\"Los expertos auguran un empeoramiento de la situaci\u00f3n de las familias en 5 a\u00f1os - El Digital de Asturias\" \/>\n\t\t<meta property=\"og:description\" content=\"Madrid, 6 feb (EFE).- Las rentas reales de las familias seguir\u00e1 debilit\u00e1ndose en los pr\u00f3ximos cinco a\u00f1os en los que aumentar\u00e1 el n\u00famero de hogares con serias dificultades econ\u00f3micas y en condiciones de pobreza extrema, seg\u00fan auguran varios expertos en una investigaci\u00f3n del Centro Reina Sof\u00eda sobre Adolescencia y Juventud. Bajo el nombre &quot;La sombra\" \/>\n\t\t<meta property=\"og:url\" content=\"https:\/\/www.eldigitaldeasturias.com\/noticias\/los-expertos-auguran-un-empeoramiento-de-la-situacion-de-las-familias-en-5-anos\/\" \/>\n\t\t<meta property=\"article:tag\" content=\"actualidad\" \/>\n\t\t<meta property=\"article:published_time\" content=\"2014-02-06T21:49:17+00:00\" \/>\n\t\t<meta property=\"article:modified_time\" content=\"2014-02-06T21:49:17+00:00\" \/>\n\t\t<meta property=\"article:publisher\" content=\"https:\/\/facebook.com\/eldigitaldeasturias\" \/>\n\t\t<meta name=\"twitter:card\" content=\"summary_large_image\" \/>\n\t\t<meta name=\"twitter:title\" content=\"Los expertos auguran un empeoramiento de la situaci\u00f3n de las familias en 5 a\u00f1os - El Digital de Asturias\" \/>\n\t\t<meta name=\"twitter:description\" content=\"Madrid, 6 feb (EFE).- Las rentas reales de las familias seguir\u00e1 debilit\u00e1ndose en los pr\u00f3ximos cinco a\u00f1os en los que aumentar\u00e1 el n\u00famero de hogares con serias dificultades econ\u00f3micas y en condiciones de pobreza extrema, seg\u00fan auguran varios expertos en una investigaci\u00f3n del Centro Reina Sof\u00eda sobre Adolescencia y Juventud. Bajo el nombre &quot;La sombra\" \/>\n\t\t<meta name=\"twitter:label1\" content=\"Escrito por\" \/>\n\t\t<meta name=\"twitter:data1\" content=\"El Digital de Asturias\" \/>\n\t\t<meta name=\"twitter:label2\" content=\"Tiempo de lectura estimado\" \/>\n\t\t<meta name=\"twitter:data2\" content=\"4 minutos\" \/>\n\t\t<script type=\"application\/ld+json\" class=\"aioseo-schema\">\n\t\t\t{\"@context\":\"https:\\\/\\\/schema.org\",\"@graph\":[{\"@type\":\"BlogPosting\",\"@id\":\"https:\\\/\\\/www.eldigitaldeasturias.com\\\/noticias\\\/los-expertos-auguran-un-empeoramiento-de-la-situacion-de-las-familias-en-5-anos\\\/#blogposting\",\"name\":\"Los expertos auguran un empeoramiento de la situaci\\u00f3n de las familias en 5 a\\u00f1os - El Digital de Asturias\",\"headline\":\"Los expertos auguran un empeoramiento de la situaci\\u00f3n de las familias en 5 a\\u00f1os\",\"author\":{\"@id\":\"https:\\\/\\\/www.eldigitaldeasturias.com\\\/noticias\\\/author\\\/admin\\\/#author\"},\"publisher\":{\"@id\":\"https:\\\/\\\/www.eldigitaldeasturias.com\\\/noticias\\\/#organization\"},\"image\":{\"@type\":\"ImageObject\",\"url\":485197},\"datePublished\":\"2014-02-06T20:49:17+01:00\",\"dateModified\":\"2014-02-06T20:49:17+01:00\",\"inLanguage\":\"es-ES\",\"mainEntityOfPage\":{\"@id\":\"https:\\\/\\\/www.eldigitaldeasturias.com\\\/noticias\\\/los-expertos-auguran-un-empeoramiento-de-la-situacion-de-las-familias-en-5-anos\\\/#webpage\"},\"isPartOf\":{\"@id\":\"https:\\\/\\\/www.eldigitaldeasturias.com\\\/noticias\\\/los-expertos-auguran-un-empeoramiento-de-la-situacion-de-las-familias-en-5-anos\\\/#webpage\"},\"articleSection\":\"Actualidad\"},{\"@type\":\"BreadcrumbList\",\"@id\":\"https:\\\/\\\/www.eldigitaldeasturias.com\\\/noticias\\\/los-expertos-auguran-un-empeoramiento-de-la-situacion-de-las-familias-en-5-anos\\\/#breadcrumblist\",\"itemListElement\":[{\"@type\":\"ListItem\",\"@id\":\"https:\\\/\\\/www.eldigitaldeasturias.com\\\/noticias#listItem\",\"position\":1,\"name\":\"Home\",\"item\":\"https:\\\/\\\/www.eldigitaldeasturias.com\\\/noticias\",\"nextItem\":{\"@type\":\"ListItem\",\"@id\":\"https:\\\/\\\/www.eldigitaldeasturias.com\\\/noticias\\\/category\\\/actualidad\\\/#listItem\",\"name\":\"Actualidad\"}},{\"@type\":\"ListItem\",\"@id\":\"https:\\\/\\\/www.eldigitaldeasturias.com\\\/noticias\\\/category\\\/actualidad\\\/#listItem\",\"position\":2,\"name\":\"Actualidad\",\"item\":\"https:\\\/\\\/www.eldigitaldeasturias.com\\\/noticias\\\/category\\\/actualidad\\\/\",\"nextItem\":{\"@type\":\"ListItem\",\"@id\":\"https:\\\/\\\/www.eldigitaldeasturias.com\\\/noticias\\\/los-expertos-auguran-un-empeoramiento-de-la-situacion-de-las-familias-en-5-anos\\\/#listItem\",\"name\":\"Los expertos auguran un empeoramiento de la situaci\\u00f3n de las familias en 5 a\\u00f1os\"},\"previousItem\":{\"@type\":\"ListItem\",\"@id\":\"https:\\\/\\\/www.eldigitaldeasturias.com\\\/noticias#listItem\",\"name\":\"Home\"}},{\"@type\":\"ListItem\",\"@id\":\"https:\\\/\\\/www.eldigitaldeasturias.com\\\/noticias\\\/los-expertos-auguran-un-empeoramiento-de-la-situacion-de-las-familias-en-5-anos\\\/#listItem\",\"position\":3,\"name\":\"Los expertos auguran un empeoramiento de la situaci\\u00f3n de las familias en 5 a\\u00f1os\",\"previousItem\":{\"@type\":\"ListItem\",\"@id\":\"https:\\\/\\\/www.eldigitaldeasturias.com\\\/noticias\\\/category\\\/actualidad\\\/#listItem\",\"name\":\"Actualidad\"}}]},{\"@type\":\"Organization\",\"@id\":\"https:\\\/\\\/www.eldigitaldeasturias.com\\\/noticias\\\/#organization\",\"name\":\"El Digital de Asturias\",\"description\":\"Hemeroteca\",\"url\":\"https:\\\/\\\/www.eldigitaldeasturias.com\\\/noticias\\\/\",\"email\":\"info@eldigitaldeasturias.com\",\"telephone\":\"+34652131393\",\"logo\":{\"@type\":\"ImageObject\",\"url\":\"https:\\\/\\\/www.eldigitaldeasturias.com\\\/noticias\\\/wp-content\\\/uploads\\\/2020\\\/12\\\/EDA.jpg\",\"@id\":\"https:\\\/\\\/www.eldigitaldeasturias.com\\\/noticias\\\/los-expertos-auguran-un-empeoramiento-de-la-situacion-de-las-familias-en-5-anos\\\/#organizationLogo\"},\"image\":{\"@id\":\"https:\\\/\\\/www.eldigitaldeasturias.com\\\/noticias\\\/los-expertos-auguran-un-empeoramiento-de-la-situacion-de-las-familias-en-5-anos\\\/#organizationLogo\"},\"sameAs\":[\"https:\\\/\\\/facebook.com\\\/eldigitaldeasturias\",\"https:\\\/\\\/www.youtube.com\\\/channel\\\/UCZP-2wLEB9Rv6erhFmqVnvg\"],\"address\":{\"@id\":\"https:\\\/\\\/www.eldigitaldeasturias.com\\\/noticias\\\/#postaladdress\",\"@type\":\"PostalAddress\",\"streetAddress\":\"san antonio 4\",\"postalCode\":\"33430\",\"addressLocality\":\"Cand\\u00e1s\",\"addressRegion\":\"Asturias\",\"addressCountry\":\"ES\"}},{\"@type\":\"Person\",\"@id\":\"https:\\\/\\\/www.eldigitaldeasturias.com\\\/noticias\\\/author\\\/admin\\\/#author\",\"url\":\"https:\\\/\\\/www.eldigitaldeasturias.com\\\/noticias\\\/author\\\/admin\\\/\",\"name\":\"El Digital de Asturias\",\"image\":{\"@type\":\"ImageObject\",\"@id\":\"https:\\\/\\\/www.eldigitaldeasturias.com\\\/noticias\\\/los-expertos-auguran-un-empeoramiento-de-la-situacion-de-las-familias-en-5-anos\\\/#authorImage\",\"url\":\"https:\\\/\\\/secure.gravatar.com\\\/avatar\\\/df2aeffc32bcd13f8d26072ef8a91b623d677766deac7f97ca815868cd41bf5e?s=96&d=mm&r=g\",\"width\":96,\"height\":96,\"caption\":\"El Digital de Asturias\"}},{\"@type\":\"WebPage\",\"@id\":\"https:\\\/\\\/www.eldigitaldeasturias.com\\\/noticias\\\/los-expertos-auguran-un-empeoramiento-de-la-situacion-de-las-familias-en-5-anos\\\/#webpage\",\"url\":\"https:\\\/\\\/www.eldigitaldeasturias.com\\\/noticias\\\/los-expertos-auguran-un-empeoramiento-de-la-situacion-de-las-familias-en-5-anos\\\/\",\"name\":\"Los expertos auguran un empeoramiento de la situaci\\u00f3n de las familias en 5 a\\u00f1os - El Digital de Asturias\",\"description\":\"Madrid, 6 feb (EFE).- Las rentas reales de las familias seguir\\u00e1 debilit\\u00e1ndose en los pr\\u00f3ximos cinco a\\u00f1os en los que aumentar\\u00e1 el n\\u00famero de hogares con serias dificultades econ\\u00f3micas y en condiciones de pobreza extrema, seg\\u00fan auguran varios expertos en una investigaci\\u00f3n del Centro Reina Sof\\u00eda sobre Adolescencia y Juventud. Bajo el nombre \\\"La sombra\",\"inLanguage\":\"es-ES\",\"isPartOf\":{\"@id\":\"https:\\\/\\\/www.eldigitaldeasturias.com\\\/noticias\\\/#website\"},\"breadcrumb\":{\"@id\":\"https:\\\/\\\/www.eldigitaldeasturias.com\\\/noticias\\\/los-expertos-auguran-un-empeoramiento-de-la-situacion-de-las-familias-en-5-anos\\\/#breadcrumblist\"},\"author\":{\"@id\":\"https:\\\/\\\/www.eldigitaldeasturias.com\\\/noticias\\\/author\\\/admin\\\/#author\"},\"creator\":{\"@id\":\"https:\\\/\\\/www.eldigitaldeasturias.com\\\/noticias\\\/author\\\/admin\\\/#author\"},\"image\":{\"@type\":\"ImageObject\",\"url\":485197,\"@id\":\"https:\\\/\\\/www.eldigitaldeasturias.com\\\/noticias\\\/los-expertos-auguran-un-empeoramiento-de-la-situacion-de-las-familias-en-5-anos\\\/#mainImage\"},\"primaryImageOfPage\":{\"@id\":\"https:\\\/\\\/www.eldigitaldeasturias.com\\\/noticias\\\/los-expertos-auguran-un-empeoramiento-de-la-situacion-de-las-familias-en-5-anos\\\/#mainImage\"},\"datePublished\":\"2014-02-06T20:49:17+01:00\",\"dateModified\":\"2014-02-06T20:49:17+01:00\"},{\"@type\":\"WebSite\",\"@id\":\"https:\\\/\\\/www.eldigitaldeasturias.com\\\/noticias\\\/#website\",\"url\":\"https:\\\/\\\/www.eldigitaldeasturias.com\\\/noticias\\\/\",\"name\":\"El Digital de Asturias - Diario de actualidad y noticias\",\"alternateName\":\"El Digital de Asturias - Diario de actualidad y noticias\",\"description\":\"Hemeroteca\",\"inLanguage\":\"es-ES\",\"publisher\":{\"@id\":\"https:\\\/\\\/www.eldigitaldeasturias.com\\\/noticias\\\/#organization\"}}]}\n\t\t<\/script>\n\t\t<!-- All in One SEO Pro -->\r\n\t\t<title>Los expertos auguran un empeoramiento de la situaci\u00f3n de las familias en 5 a\u00f1os - El Digital de Asturias<\/title>\n\n","aioseo_head_json":{"title":"Los expertos auguran un empeoramiento de la situaci\u00f3n de las familias en 5 a\u00f1os - El Digital de Asturias","description":"Madrid, 6 feb (EFE).- Las rentas reales de las familias seguir\u00e1 debilit\u00e1ndose en los pr\u00f3ximos cinco a\u00f1os en los que aumentar\u00e1 el n\u00famero de hogares con serias dificultades econ\u00f3micas y en condiciones de pobreza extrema, seg\u00fan auguran varios expertos en una investigaci\u00f3n del Centro Reina Sof\u00eda sobre Adolescencia y Juventud. Bajo el nombre \"La sombra","canonical_url":"https:\/\/www.eldigitaldeasturias.com\/noticias\/los-expertos-auguran-un-empeoramiento-de-la-situacion-de-las-familias-en-5-anos\/","robots":"max-image-preview:large","keywords":"actualidad","webmasterTools":{"google-site-verification":"UA-38556648-1","msvalidate.01":"7dfe9f3f1b24437ab69f4f2559babe99","miscellaneous":""},"schema":{"@context":"https:\/\/schema.org","@graph":[{"@type":"BlogPosting","@id":"https:\/\/www.eldigitaldeasturias.com\/noticias\/los-expertos-auguran-un-empeoramiento-de-la-situacion-de-las-familias-en-5-anos\/#blogposting","name":"Los expertos auguran un empeoramiento de la situaci\u00f3n de las familias en 5 a\u00f1os - El Digital de Asturias","headline":"Los expertos auguran un empeoramiento de la situaci\u00f3n de las familias en 5 a\u00f1os","author":{"@id":"https:\/\/www.eldigitaldeasturias.com\/noticias\/author\/admin\/#author"},"publisher":{"@id":"https:\/\/www.eldigitaldeasturias.com\/noticias\/#organization"},"image":{"@type":"ImageObject","url":485197},"datePublished":"2014-02-06T20:49:17+01:00","dateModified":"2014-02-06T20:49:17+01:00","inLanguage":"es-ES","mainEntityOfPage":{"@id":"https:\/\/www.eldigitaldeasturias.com\/noticias\/los-expertos-auguran-un-empeoramiento-de-la-situacion-de-las-familias-en-5-anos\/#webpage"},"isPartOf":{"@id":"https:\/\/www.eldigitaldeasturias.com\/noticias\/los-expertos-auguran-un-empeoramiento-de-la-situacion-de-las-familias-en-5-anos\/#webpage"},"articleSection":"Actualidad"},{"@type":"BreadcrumbList","@id":"https:\/\/www.eldigitaldeasturias.com\/noticias\/los-expertos-auguran-un-empeoramiento-de-la-situacion-de-las-familias-en-5-anos\/#breadcrumblist","itemListElement":[{"@type":"ListItem","@id":"https:\/\/www.eldigitaldeasturias.com\/noticias#listItem","position":1,"name":"Home","item":"https:\/\/www.eldigitaldeasturias.com\/noticias","nextItem":{"@type":"ListItem","@id":"https:\/\/www.eldigitaldeasturias.com\/noticias\/category\/actualidad\/#listItem","name":"Actualidad"}},{"@type":"ListItem","@id":"https:\/\/www.eldigitaldeasturias.com\/noticias\/category\/actualidad\/#listItem","position":2,"name":"Actualidad","item":"https:\/\/www.eldigitaldeasturias.com\/noticias\/category\/actualidad\/","nextItem":{"@type":"ListItem","@id":"https:\/\/www.eldigitaldeasturias.com\/noticias\/los-expertos-auguran-un-empeoramiento-de-la-situacion-de-las-familias-en-5-anos\/#listItem","name":"Los expertos auguran un empeoramiento de la situaci\u00f3n de las familias en 5 a\u00f1os"},"previousItem":{"@type":"ListItem","@id":"https:\/\/www.eldigitaldeasturias.com\/noticias#listItem","name":"Home"}},{"@type":"ListItem","@id":"https:\/\/www.eldigitaldeasturias.com\/noticias\/los-expertos-auguran-un-empeoramiento-de-la-situacion-de-las-familias-en-5-anos\/#listItem","position":3,"name":"Los expertos auguran un empeoramiento de la situaci\u00f3n de las familias en 5 a\u00f1os","previousItem":{"@type":"ListItem","@id":"https:\/\/www.eldigitaldeasturias.com\/noticias\/category\/actualidad\/#listItem","name":"Actualidad"}}]},{"@type":"Organization","@id":"https:\/\/www.eldigitaldeasturias.com\/noticias\/#organization","name":"El Digital de Asturias","description":"Hemeroteca","url":"https:\/\/www.eldigitaldeasturias.com\/noticias\/","email":"info@eldigitaldeasturias.com","telephone":"+34652131393","logo":{"@type":"ImageObject","url":"https:\/\/www.eldigitaldeasturias.com\/noticias\/wp-content\/uploads\/2020\/12\/EDA.jpg","@id":"https:\/\/www.eldigitaldeasturias.com\/noticias\/los-expertos-auguran-un-empeoramiento-de-la-situacion-de-las-familias-en-5-anos\/#organizationLogo"},"image":{"@id":"https:\/\/www.eldigitaldeasturias.com\/noticias\/los-expertos-auguran-un-empeoramiento-de-la-situacion-de-las-familias-en-5-anos\/#organizationLogo"},"sameAs":["https:\/\/facebook.com\/eldigitaldeasturias","https:\/\/www.youtube.com\/channel\/UCZP-2wLEB9Rv6erhFmqVnvg"],"address":{"@id":"https:\/\/www.eldigitaldeasturias.com\/noticias\/#postaladdress","@type":"PostalAddress","streetAddress":"san antonio 4","postalCode":"33430","addressLocality":"Cand\u00e1s","addressRegion":"Asturias","addressCountry":"ES"}},{"@type":"Person","@id":"https:\/\/www.eldigitaldeasturias.com\/noticias\/author\/admin\/#author","url":"https:\/\/www.eldigitaldeasturias.com\/noticias\/author\/admin\/","name":"El Digital de Asturias","image":{"@type":"ImageObject","@id":"https:\/\/www.eldigitaldeasturias.com\/noticias\/los-expertos-auguran-un-empeoramiento-de-la-situacion-de-las-familias-en-5-anos\/#authorImage","url":"https:\/\/secure.gravatar.com\/avatar\/df2aeffc32bcd13f8d26072ef8a91b623d677766deac7f97ca815868cd41bf5e?s=96&d=mm&r=g","width":96,"height":96,"caption":"El Digital de Asturias"}},{"@type":"WebPage","@id":"https:\/\/www.eldigitaldeasturias.com\/noticias\/los-expertos-auguran-un-empeoramiento-de-la-situacion-de-las-familias-en-5-anos\/#webpage","url":"https:\/\/www.eldigitaldeasturias.com\/noticias\/los-expertos-auguran-un-empeoramiento-de-la-situacion-de-las-familias-en-5-anos\/","name":"Los expertos auguran un empeoramiento de la situaci\u00f3n de las familias en 5 a\u00f1os - El Digital de Asturias","description":"Madrid, 6 feb (EFE).- Las rentas reales de las familias seguir\u00e1 debilit\u00e1ndose en los pr\u00f3ximos cinco a\u00f1os en los que aumentar\u00e1 el n\u00famero de hogares con serias dificultades econ\u00f3micas y en condiciones de pobreza extrema, seg\u00fan auguran varios expertos en una investigaci\u00f3n del Centro Reina Sof\u00eda sobre Adolescencia y Juventud. Bajo el nombre \"La sombra","inLanguage":"es-ES","isPartOf":{"@id":"https:\/\/www.eldigitaldeasturias.com\/noticias\/#website"},"breadcrumb":{"@id":"https:\/\/www.eldigitaldeasturias.com\/noticias\/los-expertos-auguran-un-empeoramiento-de-la-situacion-de-las-familias-en-5-anos\/#breadcrumblist"},"author":{"@id":"https:\/\/www.eldigitaldeasturias.com\/noticias\/author\/admin\/#author"},"creator":{"@id":"https:\/\/www.eldigitaldeasturias.com\/noticias\/author\/admin\/#author"},"image":{"@type":"ImageObject","url":485197,"@id":"https:\/\/www.eldigitaldeasturias.com\/noticias\/los-expertos-auguran-un-empeoramiento-de-la-situacion-de-las-familias-en-5-anos\/#mainImage"},"primaryImageOfPage":{"@id":"https:\/\/www.eldigitaldeasturias.com\/noticias\/los-expertos-auguran-un-empeoramiento-de-la-situacion-de-las-familias-en-5-anos\/#mainImage"},"datePublished":"2014-02-06T20:49:17+01:00","dateModified":"2014-02-06T20:49:17+01:00"},{"@type":"WebSite","@id":"https:\/\/www.eldigitaldeasturias.com\/noticias\/#website","url":"https:\/\/www.eldigitaldeasturias.com\/noticias\/","name":"El Digital de Asturias - Diario de actualidad y noticias","alternateName":"El Digital de Asturias - Diario de actualidad y noticias","description":"Hemeroteca","inLanguage":"es-ES","publisher":{"@id":"https:\/\/www.eldigitaldeasturias.com\/noticias\/#organization"}}]},"og:locale":"es_ES","og:site_name":"El Digital de Asturias","og:type":"article","og:title":"Los expertos auguran un empeoramiento de la situaci\u00f3n de las familias en 5 a\u00f1os - El Digital de Asturias","og:description":"Madrid, 6 feb (EFE).- Las rentas reales de las familias seguir\u00e1 debilit\u00e1ndose en los pr\u00f3ximos cinco a\u00f1os en los que aumentar\u00e1 el n\u00famero de hogares con serias dificultades econ\u00f3micas y en condiciones de pobreza extrema, seg\u00fan auguran varios expertos en una investigaci\u00f3n del Centro Reina Sof\u00eda sobre Adolescencia y Juventud. Bajo el nombre &quot;La sombra","og:url":"https:\/\/www.eldigitaldeasturias.com\/noticias\/los-expertos-auguran-un-empeoramiento-de-la-situacion-de-las-familias-en-5-anos\/","article:tag":["actualidad"],"article:published_time":"2014-02-06T21:49:17+00:00","article:modified_time":"2014-02-06T21:49:17+00:00","article:publisher":"https:\/\/facebook.com\/eldigitaldeasturias","twitter:card":"summary_large_image","twitter:title":"Los expertos auguran un empeoramiento de la situaci\u00f3n de las familias en 5 a\u00f1os - El Digital de Asturias","twitter:description":"Madrid, 6 feb (EFE).- Las rentas reales de las familias seguir\u00e1 debilit\u00e1ndose en los pr\u00f3ximos cinco a\u00f1os en los que aumentar\u00e1 el n\u00famero de hogares con serias dificultades econ\u00f3micas y en condiciones de pobreza extrema, seg\u00fan auguran varios expertos en una investigaci\u00f3n del Centro Reina Sof\u00eda sobre Adolescencia y Juventud. Bajo el nombre &quot;La sombra","twitter:label1":"Escrito por","twitter:data1":"El Digital de Asturias","twitter:label2":"Tiempo de lectura estimado","twitter:data2":"4 minutos"},"aioseo_meta_data":{"post_id":"485196","title":null,"description":null,"keywords":null,"keyphrases":null,"primary_term":null,"canonical_url":null,"og_title":null,"og_description":null,"og_object_type":"default","og_image_type":"default","og_image_url":null,"og_image_width":null,"og_image_height":null,"og_image_custom_url":null,"og_image_custom_fields":null,"og_video":null,"og_custom_url":null,"og_article_section":null,"og_article_tags":null,"twitter_use_og":true,"twitter_card":"default","twitter_image_type":"default","twitter_image_url":null,"twitter_image_custom_url":null,"twitter_image_custom_fields":null,"twitter_title":null,"twitter_description":null,"schema":{"blockGraphs":[],"customGraphs":[],"default":{"data":{"Article":[],"Course":[],"Dataset":[],"FAQPage":[],"Movie":[],"Person":[],"Product":[],"ProductReview":[],"Car":[],"Recipe":[],"Service":[],"SoftwareApplication":[],"WebPage":[]},"graphName":"","isEnabled":true},"graphs":[],"defaultGraph":"","defaultPostTypeGraph":""},"schema_type":null,"schema_type_options":null,"pillar_content":false,"robots_default":true,"robots_noindex":false,"robots_noarchive":false,"robots_nosnippet":false,"robots_nofollow":false,"robots_noimageindex":false,"robots_noodp":false,"robots_notranslate":false,"robots_max_snippet":null,"robots_max_videopreview":null,"robots_max_imagepreview":"none","priority":null,"frequency":null,"local_seo":null,"seo_analyzer_scan_date":"2026-06-02 19:08:49","breadcrumb_settings":null,"limit_modified_date":false,"open_ai":null,"ai":null,"created":"2020-11-14 22:55:11","updated":"2026-06-02 19:08:49","focus_keyword":null,"additional_keywords":null,"truseo_locale":null},"aioseo_breadcrumb":"<div class=\"aioseo-breadcrumbs\"><span class=\"aioseo-breadcrumb\">\n\t<a href=\"https:\/\/www.eldigitaldeasturias.com\/noticias\" title=\"Home\">Home<\/a>\n<\/span><span class=\"aioseo-breadcrumb-separator\">\u2013<\/span><span class=\"aioseo-breadcrumb\">\n\t<a href=\"https:\/\/www.eldigitaldeasturias.com\/noticias\/category\/actualidad\/\" title=\"Actualidad\">Actualidad<\/a>\n<\/span><span class=\"aioseo-breadcrumb-separator\">\u2013<\/span><span class=\"aioseo-breadcrumb\">\n\t<a href=\"https:\/\/www.eldigitaldeasturias.com\/noticias\/los-expertos-auguran-un-empeoramiento-de-la-situacion-de-las-familias-en-5-anos\/\" title=\"Los expertos auguran un empeoramiento de la situaci\u00f3n de las familias en 5 a\u00f1os\">Los expertos auguran un empeoramiento de la situaci\u00f3n de las familias en 5 a\u00f1os<\/a>\n<\/span><\/div>","aioseo_breadcrumb_json":[{"label":"Home","link":"https:\/\/www.eldigitaldeasturias.com\/noticias"},{"label":"Actualidad","link":"https:\/\/www.eldigitaldeasturias.com\/noticias\/category\/actualidad\/"},{"label":"Los expertos auguran un empeoramiento de la situaci\u00f3n de las familias en 5 a\u00f1os","link":"https:\/\/www.eldigitaldeasturias.com\/noticias\/los-expertos-auguran-un-empeoramiento-de-la-situacion-de-las-familias-en-5-anos\/"}],"_links":{"self":[{"href":"https:\/\/www.eldigitaldeasturias.com\/noticias\/wp-json\/wp\/v2\/posts\/485196","targetHints":{"allow":["GET"]}}],"collection":[{"href":"https:\/\/www.eldigitaldeasturias.com\/noticias\/wp-json\/wp\/v2\/posts"}],"about":[{"href":"https:\/\/www.eldigitaldeasturias.com\/noticias\/wp-json\/wp\/v2\/types\/post"}],"author":[{"embeddable":true,"href":"https:\/\/www.eldigitaldeasturias.com\/noticias\/wp-json\/wp\/v2\/users\/1"}],"replies":[{"embeddable":true,"href":"https:\/\/www.eldigitaldeasturias.com\/noticias\/wp-json\/wp\/v2\/comments?post=485196"}],"version-history":[{"count":0,"href":"https:\/\/www.eldigitaldeasturias.com\/noticias\/wp-json\/wp\/v2\/posts\/485196\/revisions"}],"wp:attachment":[{"href":"https:\/\/www.eldigitaldeasturias.com\/noticias\/wp-json\/wp\/v2\/media?parent=485196"}],"wp:term":[{"taxonomy":"category","embeddable":true,"href":"https:\/\/www.eldigitaldeasturias.com\/noticias\/wp-json\/wp\/v2\/categories?post=485196"},{"taxonomy":"post_tag","embeddable":true,"href":"https:\/\/www.eldigitaldeasturias.com\/noticias\/wp-json\/wp\/v2\/tags?post=485196"}],"curies":[{"name":"wp","href":"https:\/\/api.w.org\/{rel}","templated":true}]}}