{"id":485190,"date":"2014-02-06T20:47:15","date_gmt":"2014-02-06T21:47:15","guid":{"rendered":"http:\/\/www.eldigitaldeasturias.com\/noticias\/?p=485190"},"modified":"2014-02-06T20:47:15","modified_gmt":"2014-02-06T21:47:15","slug":"marca-espana-cree-que-la-imagen-del-pais-se-deteriorara-en-panama","status":"publish","type":"post","link":"https:\/\/www.eldigitaldeasturias.com\/noticias\/marca-espana-cree-que-la-imagen-del-pais-se-deteriorara-en-panama\/","title":{"rendered":"Marca Espa\u00f1a cree que la imagen del pa\u00eds se deteriorar\u00e1 en Panam\u00e1"},"content":{"rendered":"<p><img loading=\"lazy\" decoding=\"async\" class=\"alignleft size-medium wp-image-485191\" alt=\"5915737w\" src=\"https:\/\/www.eldigitaldeasturias.com\/noticias\/wp-content\/uploads\/2014\/02\/5915737w-233x320.jpg\" width=\"233\" height=\"320\" \/>Madrid, 6 feb (EFE).- El alto comisionado para la Marca Espa\u00f1a, Carlos Espinosa de los Monteros, ha considerado hoy que la imagen del pa\u00eds probablemente se deteriorar\u00e1 en Panam\u00e1 como consecuencia del conflicto abierto entre la Autoridad del Canal y el consorcio liderado por la constructora espa\u00f1ola Sacyr.<\/p>\n<p>Espinosa de los Monteros ha participado en unas jornadas sobre internacionalizaci\u00f3n de empresas, donde ha circunscrito a \u00abese mercado\u00bb, en referencia a Panam\u00e1, las posibles consecuencias para la Marca Espa\u00f1a de las discrepancias entre las autoridades paname\u00f1as y Sacyr por el sobrecoste de las obras de ampliaci\u00f3n del Canal de Panam\u00e1.<\/p>\n<p>Espinosa de los Monteros ha confiado en que ambas partes reanuden las negociaciones, que ayer fueron dadas por rotas por la Autoridad del Canal al no llegarse a un acuerdo respecto al sobrecoste de m\u00e1s de 1.600 millones de d\u00f3lares del proyecto.<\/p>\n<p>\u00abLa \u00fanica soluci\u00f3n buena es que haya acuerdo\u00bb, ha recalcado el alto comisionado, que conf\u00eda en que se vuelva a negociar hasta que se consiga ese acuerdo.<\/p>\n<p>\u00abMe preocupar\u00eda much\u00edsimo si el problema fuera derivado de un fallo t\u00e9cnico, de que nuestras empresas hubieran cometido un error que hubiera producido la interrupci\u00f3n de la obra\u00bb, ha dicho Espinosa de los Monteros, quien ha aclarado que lo que se est\u00e1 produciendo es una discusi\u00f3n econ\u00f3mica entre un cliente y un constructor.<\/p>\n<p>Para Espinosa de los Monteros la imagen que se tiene fuera de Espa\u00f1a en general es sustancialmente mejor que la que tienen los propios espa\u00f1oles y por ello espera que el conflicto en Panam\u00e1 no tenga efectos en empresas que operan en otros mercados.<\/p>\n<p>No obstante, ha reconocido que la visi\u00f3n sobre Espa\u00f1a se ha deteriorado en pa\u00edses como Argentina, Venezuela y Bolivia, donde \u00abhan intentado desviar sus propios problemas utilizando como blanco a las empresas espa\u00f1olas\u00bb.<\/p>\n<p>Por otra parte, el alto comisionado ha destacado la importancia de que las compa\u00f1\u00edas ofrezcan sus productos en otros mercados, al mismo tiempo que ha subrayado que hace cinco a\u00f1os hab\u00eda 50.000 empresas espa\u00f1olas exportadoras y en 2013 hab\u00eda m\u00e1s de 135.000.<\/p>\n<p>A su juicio, el creciente inter\u00e9s por la internacionalizaci\u00f3n se debe a la necesidad de obtener ingresos del exterior por el derrumbe del mercado interior y a la duraci\u00f3n de la crisis econ\u00f3mica, que hace que los empresarios se planteen exportar como algo estructural y no \u00abespor\u00e1dico\u00bb.<\/p>\n<p>A\u00fan as\u00ed, ha lamentado que la apertura al resto del mundo de las grandes empresas todav\u00eda no haya llegado a las pymes, la parte m\u00e1s importante del tejido productivo espa\u00f1ol.<\/p>\n<p>Espinosa de los Monteros tambi\u00e9n ha hecho hincapi\u00e9 en la importancia de destinos como Colombia, M\u00e9xico, los Emiratos \u00c1rabes, Rusia y China, m\u00e1s all\u00e1 de la zona euro, principal mercado para las exportaciones espa\u00f1olas.<\/p>\n<p>\u00abLa imagen de Espa\u00f1a la construimos todos, pero tambi\u00e9n la podemos destruir entre todos\u00bb, ha concluido.<\/p>\n","protected":false},"excerpt":{"rendered":"<p>Madrid, 6 feb (EFE).- El alto comisionado para la Marca Espa\u00f1a, Carlos Espinosa de los Monteros, ha considerado hoy que la imagen del pa\u00eds probablemente se deteriorar\u00e1 en Panam\u00e1 como consecuencia del conflicto abierto entre la Autoridad del Canal y el consorcio liderado por la constructora espa\u00f1ola Sacyr. Espinosa de los Monteros ha participado en [&hellip;]<\/p>\n","protected":false},"author":1,"featured_media":485191,"comment_status":"closed","ping_status":"open","sticky":false,"template":"","format":"standard","meta":{"footnotes":""},"categories":[1],"tags":[],"class_list":["post-485190","post","type-post","status-publish","format-standard","has-post-thumbnail","hentry","category-actualidad"],"aioseo_notices":[],"aioseo_head":"\n\t\t<!-- All in One SEO Pro 5.0.1 - aioseo.com -->\n\t<meta name=\"description\" content=\"Madrid, 6 feb (EFE).- El alto comisionado para la Marca Espa\u00f1a, Carlos Espinosa de los Monteros, ha considerado hoy que la imagen del pa\u00eds probablemente se deteriorar\u00e1 en Panam\u00e1 como consecuencia del conflicto abierto entre la Autoridad del Canal y el consorcio liderado por la constructora espa\u00f1ola Sacyr. Espinosa de los Monteros ha participado en\" \/>\n\t<meta name=\"robots\" content=\"max-image-preview:large\" \/>\n\t<meta name=\"author\" content=\"El Digital de Asturias\"\/>\n\t<meta name=\"google-site-verification\" content=\"UA-38556648-1\" \/>\n\t<meta name=\"msvalidate.01\" content=\"7dfe9f3f1b24437ab69f4f2559babe99\" \/>\n\t<meta name=\"keywords\" content=\"actualidad\" \/>\n\t<link rel=\"canonical\" href=\"https:\/\/www.eldigitaldeasturias.com\/noticias\/marca-espana-cree-que-la-imagen-del-pais-se-deteriorara-en-panama\/\" \/>\n\t<meta name=\"generator\" content=\"All in One SEO Pro (AIOSEO) 5.0.1\" \/>\n\t\t<meta property=\"og:locale\" content=\"es_ES\" \/>\n\t\t<meta property=\"og:site_name\" content=\"El Digital de Asturias\" \/>\n\t\t<meta property=\"og:type\" content=\"article\" \/>\n\t\t<meta property=\"og:title\" content=\"Marca Espa\u00f1a cree que la imagen del pa\u00eds se deteriorar\u00e1 en Panam\u00e1 - El Digital de Asturias\" \/>\n\t\t<meta property=\"og:description\" content=\"Madrid, 6 feb (EFE).- El alto comisionado para la Marca Espa\u00f1a, Carlos Espinosa de los Monteros, ha considerado hoy que la imagen del pa\u00eds probablemente se deteriorar\u00e1 en Panam\u00e1 como consecuencia del conflicto abierto entre la Autoridad del Canal y el consorcio liderado por la constructora espa\u00f1ola Sacyr. Espinosa de los Monteros ha participado en\" \/>\n\t\t<meta property=\"og:url\" content=\"https:\/\/www.eldigitaldeasturias.com\/noticias\/marca-espana-cree-que-la-imagen-del-pais-se-deteriorara-en-panama\/\" \/>\n\t\t<meta property=\"article:tag\" content=\"actualidad\" \/>\n\t\t<meta property=\"article:published_time\" content=\"2014-02-06T21:47:15+00:00\" \/>\n\t\t<meta property=\"article:modified_time\" content=\"2014-02-06T21:47:15+00:00\" \/>\n\t\t<meta property=\"article:publisher\" content=\"https:\/\/facebook.com\/eldigitaldeasturias\" \/>\n\t\t<meta name=\"twitter:card\" content=\"summary_large_image\" \/>\n\t\t<meta name=\"twitter:title\" content=\"Marca Espa\u00f1a cree que la imagen del pa\u00eds se deteriorar\u00e1 en Panam\u00e1 - El Digital de Asturias\" \/>\n\t\t<meta name=\"twitter:description\" content=\"Madrid, 6 feb (EFE).- El alto comisionado para la Marca Espa\u00f1a, Carlos Espinosa de los Monteros, ha considerado hoy que la imagen del pa\u00eds probablemente se deteriorar\u00e1 en Panam\u00e1 como consecuencia del conflicto abierto entre la Autoridad del Canal y el consorcio liderado por la constructora espa\u00f1ola Sacyr. Espinosa de los Monteros ha participado en\" \/>\n\t\t<meta name=\"twitter:label1\" content=\"Escrito por\" \/>\n\t\t<meta name=\"twitter:data1\" content=\"El Digital de Asturias\" \/>\n\t\t<meta name=\"twitter:label2\" content=\"Tiempo de lectura estimado\" \/>\n\t\t<meta name=\"twitter:data2\" content=\"3 minutos\" \/>\n\t\t<script type=\"application\/ld+json\" class=\"aioseo-schema\">\n\t\t\t{\"@context\":\"https:\\\/\\\/schema.org\",\"@graph\":[{\"@type\":\"BlogPosting\",\"@id\":\"https:\\\/\\\/www.eldigitaldeasturias.com\\\/noticias\\\/marca-espana-cree-que-la-imagen-del-pais-se-deteriorara-en-panama\\\/#blogposting\",\"name\":\"Marca Espa\\u00f1a cree que la imagen del pa\\u00eds se deteriorar\\u00e1 en Panam\\u00e1 - El Digital de Asturias\",\"headline\":\"Marca Espa\\u00f1a cree que la imagen del pa\\u00eds se deteriorar\\u00e1 en Panam\\u00e1\",\"author\":{\"@id\":\"https:\\\/\\\/www.eldigitaldeasturias.com\\\/noticias\\\/author\\\/admin\\\/#author\"},\"publisher\":{\"@id\":\"https:\\\/\\\/www.eldigitaldeasturias.com\\\/noticias\\\/#organization\"},\"image\":{\"@type\":\"ImageObject\",\"url\":485191},\"datePublished\":\"2014-02-06T20:47:15+01:00\",\"dateModified\":\"2014-02-06T20:47:15+01:00\",\"inLanguage\":\"es-ES\",\"mainEntityOfPage\":{\"@id\":\"https:\\\/\\\/www.eldigitaldeasturias.com\\\/noticias\\\/marca-espana-cree-que-la-imagen-del-pais-se-deteriorara-en-panama\\\/#webpage\"},\"isPartOf\":{\"@id\":\"https:\\\/\\\/www.eldigitaldeasturias.com\\\/noticias\\\/marca-espana-cree-que-la-imagen-del-pais-se-deteriorara-en-panama\\\/#webpage\"},\"articleSection\":\"Actualidad\"},{\"@type\":\"BreadcrumbList\",\"@id\":\"https:\\\/\\\/www.eldigitaldeasturias.com\\\/noticias\\\/marca-espana-cree-que-la-imagen-del-pais-se-deteriorara-en-panama\\\/#breadcrumblist\",\"itemListElement\":[{\"@type\":\"ListItem\",\"@id\":\"https:\\\/\\\/www.eldigitaldeasturias.com\\\/noticias#listItem\",\"position\":1,\"name\":\"Home\",\"item\":\"https:\\\/\\\/www.eldigitaldeasturias.com\\\/noticias\",\"nextItem\":{\"@type\":\"ListItem\",\"@id\":\"https:\\\/\\\/www.eldigitaldeasturias.com\\\/noticias\\\/category\\\/actualidad\\\/#listItem\",\"name\":\"Actualidad\"}},{\"@type\":\"ListItem\",\"@id\":\"https:\\\/\\\/www.eldigitaldeasturias.com\\\/noticias\\\/category\\\/actualidad\\\/#listItem\",\"position\":2,\"name\":\"Actualidad\",\"item\":\"https:\\\/\\\/www.eldigitaldeasturias.com\\\/noticias\\\/category\\\/actualidad\\\/\",\"nextItem\":{\"@type\":\"ListItem\",\"@id\":\"https:\\\/\\\/www.eldigitaldeasturias.com\\\/noticias\\\/marca-espana-cree-que-la-imagen-del-pais-se-deteriorara-en-panama\\\/#listItem\",\"name\":\"Marca Espa\\u00f1a cree que la imagen del pa\\u00eds se deteriorar\\u00e1 en Panam\\u00e1\"},\"previousItem\":{\"@type\":\"ListItem\",\"@id\":\"https:\\\/\\\/www.eldigitaldeasturias.com\\\/noticias#listItem\",\"name\":\"Home\"}},{\"@type\":\"ListItem\",\"@id\":\"https:\\\/\\\/www.eldigitaldeasturias.com\\\/noticias\\\/marca-espana-cree-que-la-imagen-del-pais-se-deteriorara-en-panama\\\/#listItem\",\"position\":3,\"name\":\"Marca Espa\\u00f1a cree que la imagen del pa\\u00eds se deteriorar\\u00e1 en Panam\\u00e1\",\"previousItem\":{\"@type\":\"ListItem\",\"@id\":\"https:\\\/\\\/www.eldigitaldeasturias.com\\\/noticias\\\/category\\\/actualidad\\\/#listItem\",\"name\":\"Actualidad\"}}]},{\"@type\":\"Organization\",\"@id\":\"https:\\\/\\\/www.eldigitaldeasturias.com\\\/noticias\\\/#organization\",\"name\":\"El Digital de Asturias\",\"description\":\"Hemeroteca\",\"url\":\"https:\\\/\\\/www.eldigitaldeasturias.com\\\/noticias\\\/\",\"email\":\"info@eldigitaldeasturias.com\",\"telephone\":\"+34652131393\",\"logo\":{\"@type\":\"ImageObject\",\"url\":\"https:\\\/\\\/www.eldigitaldeasturias.com\\\/noticias\\\/wp-content\\\/uploads\\\/2020\\\/12\\\/EDA.jpg\",\"@id\":\"https:\\\/\\\/www.eldigitaldeasturias.com\\\/noticias\\\/marca-espana-cree-que-la-imagen-del-pais-se-deteriorara-en-panama\\\/#organizationLogo\"},\"image\":{\"@id\":\"https:\\\/\\\/www.eldigitaldeasturias.com\\\/noticias\\\/marca-espana-cree-que-la-imagen-del-pais-se-deteriorara-en-panama\\\/#organizationLogo\"},\"sameAs\":[\"https:\\\/\\\/facebook.com\\\/eldigitaldeasturias\",\"https:\\\/\\\/www.youtube.com\\\/channel\\\/UCZP-2wLEB9Rv6erhFmqVnvg\"],\"address\":{\"@id\":\"https:\\\/\\\/www.eldigitaldeasturias.com\\\/noticias\\\/#postaladdress\",\"@type\":\"PostalAddress\",\"streetAddress\":\"san antonio 4\",\"postalCode\":\"33430\",\"addressLocality\":\"Cand\\u00e1s\",\"addressRegion\":\"Asturias\",\"addressCountry\":\"ES\"}},{\"@type\":\"Person\",\"@id\":\"https:\\\/\\\/www.eldigitaldeasturias.com\\\/noticias\\\/author\\\/admin\\\/#author\",\"url\":\"https:\\\/\\\/www.eldigitaldeasturias.com\\\/noticias\\\/author\\\/admin\\\/\",\"name\":\"El Digital de Asturias\",\"image\":{\"@type\":\"ImageObject\",\"@id\":\"https:\\\/\\\/www.eldigitaldeasturias.com\\\/noticias\\\/marca-espana-cree-que-la-imagen-del-pais-se-deteriorara-en-panama\\\/#authorImage\",\"url\":\"https:\\\/\\\/secure.gravatar.com\\\/avatar\\\/df2aeffc32bcd13f8d26072ef8a91b623d677766deac7f97ca815868cd41bf5e?s=96&d=mm&r=g\",\"width\":96,\"height\":96,\"caption\":\"El Digital de Asturias\"}},{\"@type\":\"WebPage\",\"@id\":\"https:\\\/\\\/www.eldigitaldeasturias.com\\\/noticias\\\/marca-espana-cree-que-la-imagen-del-pais-se-deteriorara-en-panama\\\/#webpage\",\"url\":\"https:\\\/\\\/www.eldigitaldeasturias.com\\\/noticias\\\/marca-espana-cree-que-la-imagen-del-pais-se-deteriorara-en-panama\\\/\",\"name\":\"Marca Espa\\u00f1a cree que la imagen del pa\\u00eds se deteriorar\\u00e1 en Panam\\u00e1 - El Digital de Asturias\",\"description\":\"Madrid, 6 feb (EFE).- El alto comisionado para la Marca Espa\\u00f1a, Carlos Espinosa de los Monteros, ha considerado hoy que la imagen del pa\\u00eds probablemente se deteriorar\\u00e1 en Panam\\u00e1 como consecuencia del conflicto abierto entre la Autoridad del Canal y el consorcio liderado por la constructora espa\\u00f1ola Sacyr. Espinosa de los Monteros ha participado en\",\"inLanguage\":\"es-ES\",\"isPartOf\":{\"@id\":\"https:\\\/\\\/www.eldigitaldeasturias.com\\\/noticias\\\/#website\"},\"breadcrumb\":{\"@id\":\"https:\\\/\\\/www.eldigitaldeasturias.com\\\/noticias\\\/marca-espana-cree-que-la-imagen-del-pais-se-deteriorara-en-panama\\\/#breadcrumblist\"},\"author\":{\"@id\":\"https:\\\/\\\/www.eldigitaldeasturias.com\\\/noticias\\\/author\\\/admin\\\/#author\"},\"creator\":{\"@id\":\"https:\\\/\\\/www.eldigitaldeasturias.com\\\/noticias\\\/author\\\/admin\\\/#author\"},\"image\":{\"@type\":\"ImageObject\",\"url\":485191,\"@id\":\"https:\\\/\\\/www.eldigitaldeasturias.com\\\/noticias\\\/marca-espana-cree-que-la-imagen-del-pais-se-deteriorara-en-panama\\\/#mainImage\"},\"primaryImageOfPage\":{\"@id\":\"https:\\\/\\\/www.eldigitaldeasturias.com\\\/noticias\\\/marca-espana-cree-que-la-imagen-del-pais-se-deteriorara-en-panama\\\/#mainImage\"},\"datePublished\":\"2014-02-06T20:47:15+01:00\",\"dateModified\":\"2014-02-06T20:47:15+01:00\"},{\"@type\":\"WebSite\",\"@id\":\"https:\\\/\\\/www.eldigitaldeasturias.com\\\/noticias\\\/#website\",\"url\":\"https:\\\/\\\/www.eldigitaldeasturias.com\\\/noticias\\\/\",\"name\":\"El Digital de Asturias - Diario de actualidad y noticias\",\"alternateName\":\"El Digital de Asturias - Diario de actualidad y noticias\",\"description\":\"Hemeroteca\",\"inLanguage\":\"es-ES\",\"publisher\":{\"@id\":\"https:\\\/\\\/www.eldigitaldeasturias.com\\\/noticias\\\/#organization\"}}]}\n\t\t<\/script>\n\t\t<!-- All in One SEO Pro -->\r\n\t\t<title>Marca Espa\u00f1a cree que la imagen del pa\u00eds se deteriorar\u00e1 en Panam\u00e1 - El Digital de Asturias<\/title>\n\n","aioseo_head_json":{"title":"Marca Espa\u00f1a cree que la imagen del pa\u00eds se deteriorar\u00e1 en Panam\u00e1 - El Digital de Asturias","description":"Madrid, 6 feb (EFE).- El alto comisionado para la Marca Espa\u00f1a, Carlos Espinosa de los Monteros, ha considerado hoy que la imagen del pa\u00eds probablemente se deteriorar\u00e1 en Panam\u00e1 como consecuencia del conflicto abierto entre la Autoridad del Canal y el consorcio liderado por la constructora espa\u00f1ola Sacyr. Espinosa de los Monteros ha participado en","canonical_url":"https:\/\/www.eldigitaldeasturias.com\/noticias\/marca-espana-cree-que-la-imagen-del-pais-se-deteriorara-en-panama\/","robots":"max-image-preview:large","keywords":"actualidad","webmasterTools":{"google-site-verification":"UA-38556648-1","msvalidate.01":"7dfe9f3f1b24437ab69f4f2559babe99","miscellaneous":""},"schema":{"@context":"https:\/\/schema.org","@graph":[{"@type":"BlogPosting","@id":"https:\/\/www.eldigitaldeasturias.com\/noticias\/marca-espana-cree-que-la-imagen-del-pais-se-deteriorara-en-panama\/#blogposting","name":"Marca Espa\u00f1a cree que la imagen del pa\u00eds se deteriorar\u00e1 en Panam\u00e1 - El Digital de Asturias","headline":"Marca Espa\u00f1a cree que la imagen del pa\u00eds se deteriorar\u00e1 en Panam\u00e1","author":{"@id":"https:\/\/www.eldigitaldeasturias.com\/noticias\/author\/admin\/#author"},"publisher":{"@id":"https:\/\/www.eldigitaldeasturias.com\/noticias\/#organization"},"image":{"@type":"ImageObject","url":485191},"datePublished":"2014-02-06T20:47:15+01:00","dateModified":"2014-02-06T20:47:15+01:00","inLanguage":"es-ES","mainEntityOfPage":{"@id":"https:\/\/www.eldigitaldeasturias.com\/noticias\/marca-espana-cree-que-la-imagen-del-pais-se-deteriorara-en-panama\/#webpage"},"isPartOf":{"@id":"https:\/\/www.eldigitaldeasturias.com\/noticias\/marca-espana-cree-que-la-imagen-del-pais-se-deteriorara-en-panama\/#webpage"},"articleSection":"Actualidad"},{"@type":"BreadcrumbList","@id":"https:\/\/www.eldigitaldeasturias.com\/noticias\/marca-espana-cree-que-la-imagen-del-pais-se-deteriorara-en-panama\/#breadcrumblist","itemListElement":[{"@type":"ListItem","@id":"https:\/\/www.eldigitaldeasturias.com\/noticias#listItem","position":1,"name":"Home","item":"https:\/\/www.eldigitaldeasturias.com\/noticias","nextItem":{"@type":"ListItem","@id":"https:\/\/www.eldigitaldeasturias.com\/noticias\/category\/actualidad\/#listItem","name":"Actualidad"}},{"@type":"ListItem","@id":"https:\/\/www.eldigitaldeasturias.com\/noticias\/category\/actualidad\/#listItem","position":2,"name":"Actualidad","item":"https:\/\/www.eldigitaldeasturias.com\/noticias\/category\/actualidad\/","nextItem":{"@type":"ListItem","@id":"https:\/\/www.eldigitaldeasturias.com\/noticias\/marca-espana-cree-que-la-imagen-del-pais-se-deteriorara-en-panama\/#listItem","name":"Marca Espa\u00f1a cree que la imagen del pa\u00eds se deteriorar\u00e1 en Panam\u00e1"},"previousItem":{"@type":"ListItem","@id":"https:\/\/www.eldigitaldeasturias.com\/noticias#listItem","name":"Home"}},{"@type":"ListItem","@id":"https:\/\/www.eldigitaldeasturias.com\/noticias\/marca-espana-cree-que-la-imagen-del-pais-se-deteriorara-en-panama\/#listItem","position":3,"name":"Marca Espa\u00f1a cree que la imagen del pa\u00eds se deteriorar\u00e1 en Panam\u00e1","previousItem":{"@type":"ListItem","@id":"https:\/\/www.eldigitaldeasturias.com\/noticias\/category\/actualidad\/#listItem","name":"Actualidad"}}]},{"@type":"Organization","@id":"https:\/\/www.eldigitaldeasturias.com\/noticias\/#organization","name":"El Digital de Asturias","description":"Hemeroteca","url":"https:\/\/www.eldigitaldeasturias.com\/noticias\/","email":"info@eldigitaldeasturias.com","telephone":"+34652131393","logo":{"@type":"ImageObject","url":"https:\/\/www.eldigitaldeasturias.com\/noticias\/wp-content\/uploads\/2020\/12\/EDA.jpg","@id":"https:\/\/www.eldigitaldeasturias.com\/noticias\/marca-espana-cree-que-la-imagen-del-pais-se-deteriorara-en-panama\/#organizationLogo"},"image":{"@id":"https:\/\/www.eldigitaldeasturias.com\/noticias\/marca-espana-cree-que-la-imagen-del-pais-se-deteriorara-en-panama\/#organizationLogo"},"sameAs":["https:\/\/facebook.com\/eldigitaldeasturias","https:\/\/www.youtube.com\/channel\/UCZP-2wLEB9Rv6erhFmqVnvg"],"address":{"@id":"https:\/\/www.eldigitaldeasturias.com\/noticias\/#postaladdress","@type":"PostalAddress","streetAddress":"san antonio 4","postalCode":"33430","addressLocality":"Cand\u00e1s","addressRegion":"Asturias","addressCountry":"ES"}},{"@type":"Person","@id":"https:\/\/www.eldigitaldeasturias.com\/noticias\/author\/admin\/#author","url":"https:\/\/www.eldigitaldeasturias.com\/noticias\/author\/admin\/","name":"El Digital de Asturias","image":{"@type":"ImageObject","@id":"https:\/\/www.eldigitaldeasturias.com\/noticias\/marca-espana-cree-que-la-imagen-del-pais-se-deteriorara-en-panama\/#authorImage","url":"https:\/\/secure.gravatar.com\/avatar\/df2aeffc32bcd13f8d26072ef8a91b623d677766deac7f97ca815868cd41bf5e?s=96&d=mm&r=g","width":96,"height":96,"caption":"El Digital de Asturias"}},{"@type":"WebPage","@id":"https:\/\/www.eldigitaldeasturias.com\/noticias\/marca-espana-cree-que-la-imagen-del-pais-se-deteriorara-en-panama\/#webpage","url":"https:\/\/www.eldigitaldeasturias.com\/noticias\/marca-espana-cree-que-la-imagen-del-pais-se-deteriorara-en-panama\/","name":"Marca Espa\u00f1a cree que la imagen del pa\u00eds se deteriorar\u00e1 en Panam\u00e1 - El Digital de Asturias","description":"Madrid, 6 feb (EFE).- El alto comisionado para la Marca Espa\u00f1a, Carlos Espinosa de los Monteros, ha considerado hoy que la imagen del pa\u00eds probablemente se deteriorar\u00e1 en Panam\u00e1 como consecuencia del conflicto abierto entre la Autoridad del Canal y el consorcio liderado por la constructora espa\u00f1ola Sacyr. Espinosa de los Monteros ha participado en","inLanguage":"es-ES","isPartOf":{"@id":"https:\/\/www.eldigitaldeasturias.com\/noticias\/#website"},"breadcrumb":{"@id":"https:\/\/www.eldigitaldeasturias.com\/noticias\/marca-espana-cree-que-la-imagen-del-pais-se-deteriorara-en-panama\/#breadcrumblist"},"author":{"@id":"https:\/\/www.eldigitaldeasturias.com\/noticias\/author\/admin\/#author"},"creator":{"@id":"https:\/\/www.eldigitaldeasturias.com\/noticias\/author\/admin\/#author"},"image":{"@type":"ImageObject","url":485191,"@id":"https:\/\/www.eldigitaldeasturias.com\/noticias\/marca-espana-cree-que-la-imagen-del-pais-se-deteriorara-en-panama\/#mainImage"},"primaryImageOfPage":{"@id":"https:\/\/www.eldigitaldeasturias.com\/noticias\/marca-espana-cree-que-la-imagen-del-pais-se-deteriorara-en-panama\/#mainImage"},"datePublished":"2014-02-06T20:47:15+01:00","dateModified":"2014-02-06T20:47:15+01:00"},{"@type":"WebSite","@id":"https:\/\/www.eldigitaldeasturias.com\/noticias\/#website","url":"https:\/\/www.eldigitaldeasturias.com\/noticias\/","name":"El Digital de Asturias - Diario de actualidad y noticias","alternateName":"El Digital de Asturias - Diario de actualidad y noticias","description":"Hemeroteca","inLanguage":"es-ES","publisher":{"@id":"https:\/\/www.eldigitaldeasturias.com\/noticias\/#organization"}}]},"og:locale":"es_ES","og:site_name":"El Digital de Asturias","og:type":"article","og:title":"Marca Espa\u00f1a cree que la imagen del pa\u00eds se deteriorar\u00e1 en Panam\u00e1 - El Digital de Asturias","og:description":"Madrid, 6 feb (EFE).- El alto comisionado para la Marca Espa\u00f1a, Carlos Espinosa de los Monteros, ha considerado hoy que la imagen del pa\u00eds probablemente se deteriorar\u00e1 en Panam\u00e1 como consecuencia del conflicto abierto entre la Autoridad del Canal y el consorcio liderado por la constructora espa\u00f1ola Sacyr. Espinosa de los Monteros ha participado en","og:url":"https:\/\/www.eldigitaldeasturias.com\/noticias\/marca-espana-cree-que-la-imagen-del-pais-se-deteriorara-en-panama\/","article:tag":["actualidad"],"article:published_time":"2014-02-06T21:47:15+00:00","article:modified_time":"2014-02-06T21:47:15+00:00","article:publisher":"https:\/\/facebook.com\/eldigitaldeasturias","twitter:card":"summary_large_image","twitter:title":"Marca Espa\u00f1a cree que la imagen del pa\u00eds se deteriorar\u00e1 en Panam\u00e1 - El Digital de Asturias","twitter:description":"Madrid, 6 feb (EFE).- El alto comisionado para la Marca Espa\u00f1a, Carlos Espinosa de los Monteros, ha considerado hoy que la imagen del pa\u00eds probablemente se deteriorar\u00e1 en Panam\u00e1 como consecuencia del conflicto abierto entre la Autoridad del Canal y el consorcio liderado por la constructora espa\u00f1ola Sacyr. Espinosa de los Monteros ha participado en","twitter:label1":"Escrito por","twitter:data1":"El Digital de Asturias","twitter:label2":"Tiempo de lectura estimado","twitter:data2":"3 minutos"},"aioseo_meta_data":{"post_id":"485190","title":null,"description":null,"keywords":null,"keyphrases":null,"primary_term":null,"canonical_url":null,"og_title":null,"og_description":null,"og_object_type":"default","og_image_type":"default","og_image_url":null,"og_image_width":null,"og_image_height":null,"og_image_custom_url":null,"og_image_custom_fields":null,"og_video":null,"og_custom_url":null,"og_article_section":null,"og_article_tags":null,"twitter_use_og":true,"twitter_card":"default","twitter_image_type":"default","twitter_image_url":null,"twitter_image_custom_url":null,"twitter_image_custom_fields":null,"twitter_title":null,"twitter_description":null,"schema":{"blockGraphs":[],"customGraphs":[],"default":{"data":{"Article":[],"Course":[],"Dataset":[],"FAQPage":[],"Movie":[],"Person":[],"Product":[],"ProductReview":[],"Car":[],"Recipe":[],"Service":[],"SoftwareApplication":[],"WebPage":[]},"graphName":"","isEnabled":true},"graphs":[],"defaultGraph":"","defaultPostTypeGraph":""},"schema_type":null,"schema_type_options":null,"pillar_content":false,"robots_default":true,"robots_noindex":false,"robots_noarchive":false,"robots_nosnippet":false,"robots_nofollow":false,"robots_noimageindex":false,"robots_noodp":false,"robots_notranslate":false,"robots_max_snippet":null,"robots_max_videopreview":null,"robots_max_imagepreview":"none","priority":null,"frequency":null,"local_seo":null,"seo_analyzer_scan_date":"2026-06-02 19:08:48","breadcrumb_settings":null,"limit_modified_date":false,"open_ai":null,"ai":null,"created":"2020-11-14 22:55:11","updated":"2026-06-02 19:08:48","focus_keyword":null,"additional_keywords":null,"truseo_locale":null},"aioseo_breadcrumb":"<div class=\"aioseo-breadcrumbs\"><span class=\"aioseo-breadcrumb\">\n\t<a href=\"https:\/\/www.eldigitaldeasturias.com\/noticias\" title=\"Home\">Home<\/a>\n<\/span><span class=\"aioseo-breadcrumb-separator\">\u2013<\/span><span class=\"aioseo-breadcrumb\">\n\t<a href=\"https:\/\/www.eldigitaldeasturias.com\/noticias\/category\/actualidad\/\" title=\"Actualidad\">Actualidad<\/a>\n<\/span><span class=\"aioseo-breadcrumb-separator\">\u2013<\/span><span class=\"aioseo-breadcrumb\">\n\t<a href=\"https:\/\/www.eldigitaldeasturias.com\/noticias\/marca-espana-cree-que-la-imagen-del-pais-se-deteriorara-en-panama\/\" title=\"Marca Espa\u00f1a cree que la imagen del pa\u00eds se deteriorar\u00e1 en Panam\u00e1\">Marca Espa\u00f1a cree que la imagen del pa\u00eds se deteriorar\u00e1 en Panam\u00e1<\/a>\n<\/span><\/div>","aioseo_breadcrumb_json":[{"label":"Home","link":"https:\/\/www.eldigitaldeasturias.com\/noticias"},{"label":"Actualidad","link":"https:\/\/www.eldigitaldeasturias.com\/noticias\/category\/actualidad\/"},{"label":"Marca Espa\u00f1a cree que la imagen del pa\u00eds se deteriorar\u00e1 en Panam\u00e1","link":"https:\/\/www.eldigitaldeasturias.com\/noticias\/marca-espana-cree-que-la-imagen-del-pais-se-deteriorara-en-panama\/"}],"_links":{"self":[{"href":"https:\/\/www.eldigitaldeasturias.com\/noticias\/wp-json\/wp\/v2\/posts\/485190","targetHints":{"allow":["GET"]}}],"collection":[{"href":"https:\/\/www.eldigitaldeasturias.com\/noticias\/wp-json\/wp\/v2\/posts"}],"about":[{"href":"https:\/\/www.eldigitaldeasturias.com\/noticias\/wp-json\/wp\/v2\/types\/post"}],"author":[{"embeddable":true,"href":"https:\/\/www.eldigitaldeasturias.com\/noticias\/wp-json\/wp\/v2\/users\/1"}],"replies":[{"embeddable":true,"href":"https:\/\/www.eldigitaldeasturias.com\/noticias\/wp-json\/wp\/v2\/comments?post=485190"}],"version-history":[{"count":0,"href":"https:\/\/www.eldigitaldeasturias.com\/noticias\/wp-json\/wp\/v2\/posts\/485190\/revisions"}],"wp:attachment":[{"href":"https:\/\/www.eldigitaldeasturias.com\/noticias\/wp-json\/wp\/v2\/media?parent=485190"}],"wp:term":[{"taxonomy":"category","embeddable":true,"href":"https:\/\/www.eldigitaldeasturias.com\/noticias\/wp-json\/wp\/v2\/categories?post=485190"},{"taxonomy":"post_tag","embeddable":true,"href":"https:\/\/www.eldigitaldeasturias.com\/noticias\/wp-json\/wp\/v2\/tags?post=485190"}],"curies":[{"name":"wp","href":"https:\/\/api.w.org\/{rel}","templated":true}]}}