{"id":485187,"date":"2014-02-06T20:46:27","date_gmt":"2014-02-06T21:46:27","guid":{"rendered":"http:\/\/www.eldigitaldeasturias.com\/noticias\/?p=485187"},"modified":"2014-02-06T20:46:27","modified_gmt":"2014-02-06T21:46:27","slug":"soraya-rodriguez-le-dice-a-rajoy-que-el-problema-no-es-la-herencia-sino-el-heredero","status":"publish","type":"post","link":"https:\/\/www.eldigitaldeasturias.com\/noticias\/soraya-rodriguez-le-dice-a-rajoy-que-el-problema-no-es-la-herencia-sino-el-heredero\/","title":{"rendered":"Soraya Rodr\u00edguez le dice a Rajoy que \u00abel problema no es la herencia sino el heredero\u00bb"},"content":{"rendered":"<p><img loading=\"lazy\" decoding=\"async\" class=\"alignleft size-medium wp-image-485188\" alt=\"5916148w\" src=\"https:\/\/www.eldigitaldeasturias.com\/noticias\/wp-content\/uploads\/2014\/02\/5916148w-360x162.jpg\" width=\"360\" height=\"162\" \/>Valladolid, 6 feb (EFE).- La portavoz del PSOE en el Congreso, Soraya Rodr\u00edguez, ha criticado que el Gobierno hable de \u00abmilagro econ\u00f3mico\u00bb cuando hay un mill\u00f3n de parados m\u00e1s que hace dos a\u00f1os, y le ha \u00abrecordado\u00bb al presidente del Ejecutivo, Mariano Rajoy, que \u00abel problema no es la herencia\u00bb sino \u00abel heredero\u00bb.<\/p>\n<p>\u00abLe recuerdo a Mariano Rajoy, el hombre que tanto habla de la herencia, que el problema no es la herencia Mariano, el problema es el heredero; un mill\u00f3n de desempleados m\u00e1s, d\u00eda a d\u00eda, mientras gobiernas\u00bb, ha afirmado Rodr\u00edguez en declaraciones a los periodistas tras reunirse hoy con vecinos del barrio de la Rondilla en Valladolid.<\/p>\n<p>La diputada socialista se ha preguntado \u00abc\u00f3mo puede (Rajoy) hablar de milagro econ\u00f3mico con esa soberbia y decir a nadie que se calle\u00bb, en referencia a las palabras que dirigi\u00f3 al secretario general del PSOE, Alfredo P\u00e9rez Rubalcaba, en el cierre de la Convenci\u00f3n Nacional del PP el pasado domingo en la capital vallisoletana.<\/p>\n<p>La portavoz del PSOE en el Congreso ha calificado al Ejecutivo de Rajoy de \u00abautoritario e in\u00fatil, ineficaz en las pol\u00edticas econ\u00f3micas, muy cobarde, que no da la cara y manda callar a la oposici\u00f3n, critica a los jueces cuando no le dan la raz\u00f3n y carga contra los ciudadanos cuando est\u00e1n c\u00f3modamente comiendo en un restaurante y entienden que sus gritos pueden perturbarles\u00bb.<\/p>\n<p>Rodr\u00edguez ha incidido en el problema del desempleo, con una tasa que ha pasado del 21,4 y al 26 por ciento y 1,7 millones de desempleados que no cobran prestaci\u00f3n por desempleo, y ha criticado que mientras tanto de \u00abforma vergonzosa\u00bb el Gobierno se paseara en la convenci\u00f3n de Valladolid \u00abcon ese halo de modernidad, poni\u00e9ndose micr\u00f3fonos en las solapas como si fueran predicadores de la nueva era norteamericana\u00bb.<\/p>\n<p>Mientras \u00abcon gran desverg\u00fcenza nos dec\u00edan que Espa\u00f1a era un milagro econ\u00f3mico, que hab\u00edamos salido de la crisis, que gracias a ellos el mundo nos miraba como milagro de recuperaci\u00f3n\u00bb; es una \u00abverg\u00fcenza decir eso y al d\u00eda siguiente nos saquen las cifras de paro\u00bb, ha reflexionado.<\/p>\n<p>A su juicio, esos 113.000 parados m\u00e1s en enero suponen \u00abun verdadero mazazo en un discurso est\u00fapido, hecho con toda falta de responsabilidad por un Gobierno autoritario que no respeta a los ciudadanos y es capaz de vender humo\u00bb.<\/p>\n","protected":false},"excerpt":{"rendered":"<p>Valladolid, 6 feb (EFE).- La portavoz del PSOE en el Congreso, Soraya Rodr\u00edguez, ha criticado que el Gobierno hable de \u00abmilagro econ\u00f3mico\u00bb cuando hay un mill\u00f3n de parados m\u00e1s que hace dos a\u00f1os, y le ha \u00abrecordado\u00bb al presidente del Ejecutivo, Mariano Rajoy, que \u00abel problema no es la herencia\u00bb sino \u00abel heredero\u00bb. \u00abLe recuerdo [&hellip;]<\/p>\n","protected":false},"author":1,"featured_media":485188,"comment_status":"closed","ping_status":"open","sticky":false,"template":"","format":"standard","meta":{"footnotes":""},"categories":[1],"tags":[],"class_list":["post-485187","post","type-post","status-publish","format-standard","has-post-thumbnail","hentry","category-actualidad"],"aioseo_notices":[],"aioseo_head":"\n\t\t<!-- All in One SEO Pro 5.0.1 - aioseo.com -->\n\t<meta name=\"description\" content=\"Valladolid, 6 feb (EFE).- La portavoz del PSOE en el Congreso, Soraya Rodr\u00edguez, ha criticado que el Gobierno hable de &quot;milagro econ\u00f3mico&quot; cuando hay un mill\u00f3n de parados m\u00e1s que hace dos a\u00f1os, y le ha &quot;recordado&quot; al presidente del Ejecutivo, Mariano Rajoy, que &quot;el problema no es la herencia&quot; sino &quot;el heredero&quot;. &quot;Le recuerdo\" \/>\n\t<meta name=\"robots\" content=\"max-image-preview:large\" \/>\n\t<meta name=\"author\" content=\"El Digital de Asturias\"\/>\n\t<meta name=\"google-site-verification\" content=\"UA-38556648-1\" \/>\n\t<meta name=\"msvalidate.01\" content=\"7dfe9f3f1b24437ab69f4f2559babe99\" \/>\n\t<meta name=\"keywords\" content=\"actualidad\" \/>\n\t<link rel=\"canonical\" href=\"https:\/\/www.eldigitaldeasturias.com\/noticias\/soraya-rodriguez-le-dice-a-rajoy-que-el-problema-no-es-la-herencia-sino-el-heredero\/\" \/>\n\t<meta name=\"generator\" content=\"All in One SEO Pro (AIOSEO) 5.0.1\" \/>\n\t\t<meta property=\"og:locale\" content=\"es_ES\" \/>\n\t\t<meta property=\"og:site_name\" content=\"El Digital de Asturias\" \/>\n\t\t<meta property=\"og:type\" content=\"article\" \/>\n\t\t<meta property=\"og:title\" content=\"Soraya Rodr\u00edguez le dice a Rajoy que \u00abel problema no es la herencia sino el heredero\u00bb - El Digital de Asturias\" \/>\n\t\t<meta property=\"og:description\" content=\"Valladolid, 6 feb (EFE).- La portavoz del PSOE en el Congreso, Soraya Rodr\u00edguez, ha criticado que el Gobierno hable de &quot;milagro econ\u00f3mico&quot; cuando hay un mill\u00f3n de parados m\u00e1s que hace dos a\u00f1os, y le ha &quot;recordado&quot; al presidente del Ejecutivo, Mariano Rajoy, que &quot;el problema no es la herencia&quot; sino &quot;el heredero&quot;. &quot;Le recuerdo\" \/>\n\t\t<meta property=\"og:url\" content=\"https:\/\/www.eldigitaldeasturias.com\/noticias\/soraya-rodriguez-le-dice-a-rajoy-que-el-problema-no-es-la-herencia-sino-el-heredero\/\" \/>\n\t\t<meta property=\"article:tag\" content=\"actualidad\" \/>\n\t\t<meta property=\"article:published_time\" content=\"2014-02-06T21:46:27+00:00\" \/>\n\t\t<meta property=\"article:modified_time\" content=\"2014-02-06T21:46:27+00:00\" \/>\n\t\t<meta property=\"article:publisher\" content=\"https:\/\/facebook.com\/eldigitaldeasturias\" \/>\n\t\t<meta name=\"twitter:card\" content=\"summary_large_image\" \/>\n\t\t<meta name=\"twitter:title\" content=\"Soraya Rodr\u00edguez le dice a Rajoy que \u00abel problema no es la herencia sino el heredero\u00bb - El Digital de Asturias\" \/>\n\t\t<meta name=\"twitter:description\" content=\"Valladolid, 6 feb (EFE).- La portavoz del PSOE en el Congreso, Soraya Rodr\u00edguez, ha criticado que el Gobierno hable de &quot;milagro econ\u00f3mico&quot; cuando hay un mill\u00f3n de parados m\u00e1s que hace dos a\u00f1os, y le ha &quot;recordado&quot; al presidente del Ejecutivo, Mariano Rajoy, que &quot;el problema no es la herencia&quot; sino &quot;el heredero&quot;. &quot;Le recuerdo\" \/>\n\t\t<meta name=\"twitter:label1\" content=\"Escrito por\" \/>\n\t\t<meta name=\"twitter:data1\" content=\"El Digital de Asturias\" \/>\n\t\t<meta name=\"twitter:label2\" content=\"Tiempo de lectura estimado\" \/>\n\t\t<meta name=\"twitter:data2\" content=\"2 minutos\" \/>\n\t\t<script type=\"application\/ld+json\" class=\"aioseo-schema\">\n\t\t\t{\"@context\":\"https:\\\/\\\/schema.org\",\"@graph\":[{\"@type\":\"BlogPosting\",\"@id\":\"https:\\\/\\\/www.eldigitaldeasturias.com\\\/noticias\\\/soraya-rodriguez-le-dice-a-rajoy-que-el-problema-no-es-la-herencia-sino-el-heredero\\\/#blogposting\",\"name\":\"Soraya Rodr\\u00edguez le dice a Rajoy que \\u00abel problema no es la herencia sino el heredero\\u00bb - El Digital de Asturias\",\"headline\":\"Soraya Rodr\\u00edguez le dice a Rajoy que \\u00abel problema no es la herencia sino el heredero\\u00bb\",\"author\":{\"@id\":\"https:\\\/\\\/www.eldigitaldeasturias.com\\\/noticias\\\/author\\\/admin\\\/#author\"},\"publisher\":{\"@id\":\"https:\\\/\\\/www.eldigitaldeasturias.com\\\/noticias\\\/#organization\"},\"image\":{\"@type\":\"ImageObject\",\"url\":485188},\"datePublished\":\"2014-02-06T20:46:27+01:00\",\"dateModified\":\"2014-02-06T20:46:27+01:00\",\"inLanguage\":\"es-ES\",\"mainEntityOfPage\":{\"@id\":\"https:\\\/\\\/www.eldigitaldeasturias.com\\\/noticias\\\/soraya-rodriguez-le-dice-a-rajoy-que-el-problema-no-es-la-herencia-sino-el-heredero\\\/#webpage\"},\"isPartOf\":{\"@id\":\"https:\\\/\\\/www.eldigitaldeasturias.com\\\/noticias\\\/soraya-rodriguez-le-dice-a-rajoy-que-el-problema-no-es-la-herencia-sino-el-heredero\\\/#webpage\"},\"articleSection\":\"Actualidad\"},{\"@type\":\"BreadcrumbList\",\"@id\":\"https:\\\/\\\/www.eldigitaldeasturias.com\\\/noticias\\\/soraya-rodriguez-le-dice-a-rajoy-que-el-problema-no-es-la-herencia-sino-el-heredero\\\/#breadcrumblist\",\"itemListElement\":[{\"@type\":\"ListItem\",\"@id\":\"https:\\\/\\\/www.eldigitaldeasturias.com\\\/noticias#listItem\",\"position\":1,\"name\":\"Home\",\"item\":\"https:\\\/\\\/www.eldigitaldeasturias.com\\\/noticias\",\"nextItem\":{\"@type\":\"ListItem\",\"@id\":\"https:\\\/\\\/www.eldigitaldeasturias.com\\\/noticias\\\/category\\\/actualidad\\\/#listItem\",\"name\":\"Actualidad\"}},{\"@type\":\"ListItem\",\"@id\":\"https:\\\/\\\/www.eldigitaldeasturias.com\\\/noticias\\\/category\\\/actualidad\\\/#listItem\",\"position\":2,\"name\":\"Actualidad\",\"item\":\"https:\\\/\\\/www.eldigitaldeasturias.com\\\/noticias\\\/category\\\/actualidad\\\/\",\"nextItem\":{\"@type\":\"ListItem\",\"@id\":\"https:\\\/\\\/www.eldigitaldeasturias.com\\\/noticias\\\/soraya-rodriguez-le-dice-a-rajoy-que-el-problema-no-es-la-herencia-sino-el-heredero\\\/#listItem\",\"name\":\"Soraya Rodr\\u00edguez le dice a Rajoy que \\u00abel problema no es la herencia sino el heredero\\u00bb\"},\"previousItem\":{\"@type\":\"ListItem\",\"@id\":\"https:\\\/\\\/www.eldigitaldeasturias.com\\\/noticias#listItem\",\"name\":\"Home\"}},{\"@type\":\"ListItem\",\"@id\":\"https:\\\/\\\/www.eldigitaldeasturias.com\\\/noticias\\\/soraya-rodriguez-le-dice-a-rajoy-que-el-problema-no-es-la-herencia-sino-el-heredero\\\/#listItem\",\"position\":3,\"name\":\"Soraya Rodr\\u00edguez le dice a Rajoy que \\u00abel problema no es la herencia sino el heredero\\u00bb\",\"previousItem\":{\"@type\":\"ListItem\",\"@id\":\"https:\\\/\\\/www.eldigitaldeasturias.com\\\/noticias\\\/category\\\/actualidad\\\/#listItem\",\"name\":\"Actualidad\"}}]},{\"@type\":\"Organization\",\"@id\":\"https:\\\/\\\/www.eldigitaldeasturias.com\\\/noticias\\\/#organization\",\"name\":\"El Digital de Asturias\",\"description\":\"Hemeroteca\",\"url\":\"https:\\\/\\\/www.eldigitaldeasturias.com\\\/noticias\\\/\",\"email\":\"info@eldigitaldeasturias.com\",\"telephone\":\"+34652131393\",\"logo\":{\"@type\":\"ImageObject\",\"url\":\"https:\\\/\\\/www.eldigitaldeasturias.com\\\/noticias\\\/wp-content\\\/uploads\\\/2020\\\/12\\\/EDA.jpg\",\"@id\":\"https:\\\/\\\/www.eldigitaldeasturias.com\\\/noticias\\\/soraya-rodriguez-le-dice-a-rajoy-que-el-problema-no-es-la-herencia-sino-el-heredero\\\/#organizationLogo\"},\"image\":{\"@id\":\"https:\\\/\\\/www.eldigitaldeasturias.com\\\/noticias\\\/soraya-rodriguez-le-dice-a-rajoy-que-el-problema-no-es-la-herencia-sino-el-heredero\\\/#organizationLogo\"},\"sameAs\":[\"https:\\\/\\\/facebook.com\\\/eldigitaldeasturias\",\"https:\\\/\\\/www.youtube.com\\\/channel\\\/UCZP-2wLEB9Rv6erhFmqVnvg\"],\"address\":{\"@id\":\"https:\\\/\\\/www.eldigitaldeasturias.com\\\/noticias\\\/#postaladdress\",\"@type\":\"PostalAddress\",\"streetAddress\":\"san antonio 4\",\"postalCode\":\"33430\",\"addressLocality\":\"Cand\\u00e1s\",\"addressRegion\":\"Asturias\",\"addressCountry\":\"ES\"}},{\"@type\":\"Person\",\"@id\":\"https:\\\/\\\/www.eldigitaldeasturias.com\\\/noticias\\\/author\\\/admin\\\/#author\",\"url\":\"https:\\\/\\\/www.eldigitaldeasturias.com\\\/noticias\\\/author\\\/admin\\\/\",\"name\":\"El Digital de Asturias\",\"image\":{\"@type\":\"ImageObject\",\"@id\":\"https:\\\/\\\/www.eldigitaldeasturias.com\\\/noticias\\\/soraya-rodriguez-le-dice-a-rajoy-que-el-problema-no-es-la-herencia-sino-el-heredero\\\/#authorImage\",\"url\":\"https:\\\/\\\/secure.gravatar.com\\\/avatar\\\/df2aeffc32bcd13f8d26072ef8a91b623d677766deac7f97ca815868cd41bf5e?s=96&d=mm&r=g\",\"width\":96,\"height\":96,\"caption\":\"El Digital de Asturias\"}},{\"@type\":\"WebPage\",\"@id\":\"https:\\\/\\\/www.eldigitaldeasturias.com\\\/noticias\\\/soraya-rodriguez-le-dice-a-rajoy-que-el-problema-no-es-la-herencia-sino-el-heredero\\\/#webpage\",\"url\":\"https:\\\/\\\/www.eldigitaldeasturias.com\\\/noticias\\\/soraya-rodriguez-le-dice-a-rajoy-que-el-problema-no-es-la-herencia-sino-el-heredero\\\/\",\"name\":\"Soraya Rodr\\u00edguez le dice a Rajoy que \\u00abel problema no es la herencia sino el heredero\\u00bb - El Digital de Asturias\",\"description\":\"Valladolid, 6 feb (EFE).- La portavoz del PSOE en el Congreso, Soraya Rodr\\u00edguez, ha criticado que el Gobierno hable de \\\"milagro econ\\u00f3mico\\\" cuando hay un mill\\u00f3n de parados m\\u00e1s que hace dos a\\u00f1os, y le ha \\\"recordado\\\" al presidente del Ejecutivo, Mariano Rajoy, que \\\"el problema no es la herencia\\\" sino \\\"el heredero\\\". \\\"Le recuerdo\",\"inLanguage\":\"es-ES\",\"isPartOf\":{\"@id\":\"https:\\\/\\\/www.eldigitaldeasturias.com\\\/noticias\\\/#website\"},\"breadcrumb\":{\"@id\":\"https:\\\/\\\/www.eldigitaldeasturias.com\\\/noticias\\\/soraya-rodriguez-le-dice-a-rajoy-que-el-problema-no-es-la-herencia-sino-el-heredero\\\/#breadcrumblist\"},\"author\":{\"@id\":\"https:\\\/\\\/www.eldigitaldeasturias.com\\\/noticias\\\/author\\\/admin\\\/#author\"},\"creator\":{\"@id\":\"https:\\\/\\\/www.eldigitaldeasturias.com\\\/noticias\\\/author\\\/admin\\\/#author\"},\"image\":{\"@type\":\"ImageObject\",\"url\":485188,\"@id\":\"https:\\\/\\\/www.eldigitaldeasturias.com\\\/noticias\\\/soraya-rodriguez-le-dice-a-rajoy-que-el-problema-no-es-la-herencia-sino-el-heredero\\\/#mainImage\"},\"primaryImageOfPage\":{\"@id\":\"https:\\\/\\\/www.eldigitaldeasturias.com\\\/noticias\\\/soraya-rodriguez-le-dice-a-rajoy-que-el-problema-no-es-la-herencia-sino-el-heredero\\\/#mainImage\"},\"datePublished\":\"2014-02-06T20:46:27+01:00\",\"dateModified\":\"2014-02-06T20:46:27+01:00\"},{\"@type\":\"WebSite\",\"@id\":\"https:\\\/\\\/www.eldigitaldeasturias.com\\\/noticias\\\/#website\",\"url\":\"https:\\\/\\\/www.eldigitaldeasturias.com\\\/noticias\\\/\",\"name\":\"El Digital de Asturias - Diario de actualidad y noticias\",\"alternateName\":\"El Digital de Asturias - Diario de actualidad y noticias\",\"description\":\"Hemeroteca\",\"inLanguage\":\"es-ES\",\"publisher\":{\"@id\":\"https:\\\/\\\/www.eldigitaldeasturias.com\\\/noticias\\\/#organization\"}}]}\n\t\t<\/script>\n\t\t<!-- All in One SEO Pro -->\r\n\t\t<title>Soraya Rodr\u00edguez le dice a Rajoy que \u00abel problema no es la herencia sino el heredero\u00bb - El Digital de Asturias<\/title>\n\n","aioseo_head_json":{"title":"Soraya Rodr\u00edguez le dice a Rajoy que \u00abel problema no es la herencia sino el heredero\u00bb - El Digital de Asturias","description":"Valladolid, 6 feb (EFE).- La portavoz del PSOE en el Congreso, Soraya Rodr\u00edguez, ha criticado que el Gobierno hable de \"milagro econ\u00f3mico\" cuando hay un mill\u00f3n de parados m\u00e1s que hace dos a\u00f1os, y le ha \"recordado\" al presidente del Ejecutivo, Mariano Rajoy, que \"el problema no es la herencia\" sino \"el heredero\". \"Le recuerdo","canonical_url":"https:\/\/www.eldigitaldeasturias.com\/noticias\/soraya-rodriguez-le-dice-a-rajoy-que-el-problema-no-es-la-herencia-sino-el-heredero\/","robots":"max-image-preview:large","keywords":"actualidad","webmasterTools":{"google-site-verification":"UA-38556648-1","msvalidate.01":"7dfe9f3f1b24437ab69f4f2559babe99","miscellaneous":""},"schema":{"@context":"https:\/\/schema.org","@graph":[{"@type":"BlogPosting","@id":"https:\/\/www.eldigitaldeasturias.com\/noticias\/soraya-rodriguez-le-dice-a-rajoy-que-el-problema-no-es-la-herencia-sino-el-heredero\/#blogposting","name":"Soraya Rodr\u00edguez le dice a Rajoy que \u00abel problema no es la herencia sino el heredero\u00bb - El Digital de Asturias","headline":"Soraya Rodr\u00edguez le dice a Rajoy que \u00abel problema no es la herencia sino el heredero\u00bb","author":{"@id":"https:\/\/www.eldigitaldeasturias.com\/noticias\/author\/admin\/#author"},"publisher":{"@id":"https:\/\/www.eldigitaldeasturias.com\/noticias\/#organization"},"image":{"@type":"ImageObject","url":485188},"datePublished":"2014-02-06T20:46:27+01:00","dateModified":"2014-02-06T20:46:27+01:00","inLanguage":"es-ES","mainEntityOfPage":{"@id":"https:\/\/www.eldigitaldeasturias.com\/noticias\/soraya-rodriguez-le-dice-a-rajoy-que-el-problema-no-es-la-herencia-sino-el-heredero\/#webpage"},"isPartOf":{"@id":"https:\/\/www.eldigitaldeasturias.com\/noticias\/soraya-rodriguez-le-dice-a-rajoy-que-el-problema-no-es-la-herencia-sino-el-heredero\/#webpage"},"articleSection":"Actualidad"},{"@type":"BreadcrumbList","@id":"https:\/\/www.eldigitaldeasturias.com\/noticias\/soraya-rodriguez-le-dice-a-rajoy-que-el-problema-no-es-la-herencia-sino-el-heredero\/#breadcrumblist","itemListElement":[{"@type":"ListItem","@id":"https:\/\/www.eldigitaldeasturias.com\/noticias#listItem","position":1,"name":"Home","item":"https:\/\/www.eldigitaldeasturias.com\/noticias","nextItem":{"@type":"ListItem","@id":"https:\/\/www.eldigitaldeasturias.com\/noticias\/category\/actualidad\/#listItem","name":"Actualidad"}},{"@type":"ListItem","@id":"https:\/\/www.eldigitaldeasturias.com\/noticias\/category\/actualidad\/#listItem","position":2,"name":"Actualidad","item":"https:\/\/www.eldigitaldeasturias.com\/noticias\/category\/actualidad\/","nextItem":{"@type":"ListItem","@id":"https:\/\/www.eldigitaldeasturias.com\/noticias\/soraya-rodriguez-le-dice-a-rajoy-que-el-problema-no-es-la-herencia-sino-el-heredero\/#listItem","name":"Soraya Rodr\u00edguez le dice a Rajoy que \u00abel problema no es la herencia sino el heredero\u00bb"},"previousItem":{"@type":"ListItem","@id":"https:\/\/www.eldigitaldeasturias.com\/noticias#listItem","name":"Home"}},{"@type":"ListItem","@id":"https:\/\/www.eldigitaldeasturias.com\/noticias\/soraya-rodriguez-le-dice-a-rajoy-que-el-problema-no-es-la-herencia-sino-el-heredero\/#listItem","position":3,"name":"Soraya Rodr\u00edguez le dice a Rajoy que \u00abel problema no es la herencia sino el heredero\u00bb","previousItem":{"@type":"ListItem","@id":"https:\/\/www.eldigitaldeasturias.com\/noticias\/category\/actualidad\/#listItem","name":"Actualidad"}}]},{"@type":"Organization","@id":"https:\/\/www.eldigitaldeasturias.com\/noticias\/#organization","name":"El Digital de Asturias","description":"Hemeroteca","url":"https:\/\/www.eldigitaldeasturias.com\/noticias\/","email":"info@eldigitaldeasturias.com","telephone":"+34652131393","logo":{"@type":"ImageObject","url":"https:\/\/www.eldigitaldeasturias.com\/noticias\/wp-content\/uploads\/2020\/12\/EDA.jpg","@id":"https:\/\/www.eldigitaldeasturias.com\/noticias\/soraya-rodriguez-le-dice-a-rajoy-que-el-problema-no-es-la-herencia-sino-el-heredero\/#organizationLogo"},"image":{"@id":"https:\/\/www.eldigitaldeasturias.com\/noticias\/soraya-rodriguez-le-dice-a-rajoy-que-el-problema-no-es-la-herencia-sino-el-heredero\/#organizationLogo"},"sameAs":["https:\/\/facebook.com\/eldigitaldeasturias","https:\/\/www.youtube.com\/channel\/UCZP-2wLEB9Rv6erhFmqVnvg"],"address":{"@id":"https:\/\/www.eldigitaldeasturias.com\/noticias\/#postaladdress","@type":"PostalAddress","streetAddress":"san antonio 4","postalCode":"33430","addressLocality":"Cand\u00e1s","addressRegion":"Asturias","addressCountry":"ES"}},{"@type":"Person","@id":"https:\/\/www.eldigitaldeasturias.com\/noticias\/author\/admin\/#author","url":"https:\/\/www.eldigitaldeasturias.com\/noticias\/author\/admin\/","name":"El Digital de Asturias","image":{"@type":"ImageObject","@id":"https:\/\/www.eldigitaldeasturias.com\/noticias\/soraya-rodriguez-le-dice-a-rajoy-que-el-problema-no-es-la-herencia-sino-el-heredero\/#authorImage","url":"https:\/\/secure.gravatar.com\/avatar\/df2aeffc32bcd13f8d26072ef8a91b623d677766deac7f97ca815868cd41bf5e?s=96&d=mm&r=g","width":96,"height":96,"caption":"El Digital de Asturias"}},{"@type":"WebPage","@id":"https:\/\/www.eldigitaldeasturias.com\/noticias\/soraya-rodriguez-le-dice-a-rajoy-que-el-problema-no-es-la-herencia-sino-el-heredero\/#webpage","url":"https:\/\/www.eldigitaldeasturias.com\/noticias\/soraya-rodriguez-le-dice-a-rajoy-que-el-problema-no-es-la-herencia-sino-el-heredero\/","name":"Soraya Rodr\u00edguez le dice a Rajoy que \u00abel problema no es la herencia sino el heredero\u00bb - El Digital de Asturias","description":"Valladolid, 6 feb (EFE).- La portavoz del PSOE en el Congreso, Soraya Rodr\u00edguez, ha criticado que el Gobierno hable de \"milagro econ\u00f3mico\" cuando hay un mill\u00f3n de parados m\u00e1s que hace dos a\u00f1os, y le ha \"recordado\" al presidente del Ejecutivo, Mariano Rajoy, que \"el problema no es la herencia\" sino \"el heredero\". \"Le recuerdo","inLanguage":"es-ES","isPartOf":{"@id":"https:\/\/www.eldigitaldeasturias.com\/noticias\/#website"},"breadcrumb":{"@id":"https:\/\/www.eldigitaldeasturias.com\/noticias\/soraya-rodriguez-le-dice-a-rajoy-que-el-problema-no-es-la-herencia-sino-el-heredero\/#breadcrumblist"},"author":{"@id":"https:\/\/www.eldigitaldeasturias.com\/noticias\/author\/admin\/#author"},"creator":{"@id":"https:\/\/www.eldigitaldeasturias.com\/noticias\/author\/admin\/#author"},"image":{"@type":"ImageObject","url":485188,"@id":"https:\/\/www.eldigitaldeasturias.com\/noticias\/soraya-rodriguez-le-dice-a-rajoy-que-el-problema-no-es-la-herencia-sino-el-heredero\/#mainImage"},"primaryImageOfPage":{"@id":"https:\/\/www.eldigitaldeasturias.com\/noticias\/soraya-rodriguez-le-dice-a-rajoy-que-el-problema-no-es-la-herencia-sino-el-heredero\/#mainImage"},"datePublished":"2014-02-06T20:46:27+01:00","dateModified":"2014-02-06T20:46:27+01:00"},{"@type":"WebSite","@id":"https:\/\/www.eldigitaldeasturias.com\/noticias\/#website","url":"https:\/\/www.eldigitaldeasturias.com\/noticias\/","name":"El Digital de Asturias - Diario de actualidad y noticias","alternateName":"El Digital de Asturias - Diario de actualidad y noticias","description":"Hemeroteca","inLanguage":"es-ES","publisher":{"@id":"https:\/\/www.eldigitaldeasturias.com\/noticias\/#organization"}}]},"og:locale":"es_ES","og:site_name":"El Digital de Asturias","og:type":"article","og:title":"Soraya Rodr\u00edguez le dice a Rajoy que \u00abel problema no es la herencia sino el heredero\u00bb - El Digital de Asturias","og:description":"Valladolid, 6 feb (EFE).- La portavoz del PSOE en el Congreso, Soraya Rodr\u00edguez, ha criticado que el Gobierno hable de &quot;milagro econ\u00f3mico&quot; cuando hay un mill\u00f3n de parados m\u00e1s que hace dos a\u00f1os, y le ha &quot;recordado&quot; al presidente del Ejecutivo, Mariano Rajoy, que &quot;el problema no es la herencia&quot; sino &quot;el heredero&quot;. &quot;Le recuerdo","og:url":"https:\/\/www.eldigitaldeasturias.com\/noticias\/soraya-rodriguez-le-dice-a-rajoy-que-el-problema-no-es-la-herencia-sino-el-heredero\/","article:tag":["actualidad"],"article:published_time":"2014-02-06T21:46:27+00:00","article:modified_time":"2014-02-06T21:46:27+00:00","article:publisher":"https:\/\/facebook.com\/eldigitaldeasturias","twitter:card":"summary_large_image","twitter:title":"Soraya Rodr\u00edguez le dice a Rajoy que \u00abel problema no es la herencia sino el heredero\u00bb - El Digital de Asturias","twitter:description":"Valladolid, 6 feb (EFE).- La portavoz del PSOE en el Congreso, Soraya Rodr\u00edguez, ha criticado que el Gobierno hable de &quot;milagro econ\u00f3mico&quot; cuando hay un mill\u00f3n de parados m\u00e1s que hace dos a\u00f1os, y le ha &quot;recordado&quot; al presidente del Ejecutivo, Mariano Rajoy, que &quot;el problema no es la herencia&quot; sino &quot;el heredero&quot;. &quot;Le recuerdo","twitter:label1":"Escrito por","twitter:data1":"El Digital de Asturias","twitter:label2":"Tiempo de lectura estimado","twitter:data2":"2 minutos"},"aioseo_meta_data":{"post_id":"485187","title":null,"description":null,"keywords":null,"keyphrases":null,"primary_term":null,"canonical_url":null,"og_title":null,"og_description":null,"og_object_type":"default","og_image_type":"default","og_image_url":null,"og_image_width":null,"og_image_height":null,"og_image_custom_url":null,"og_image_custom_fields":null,"og_video":null,"og_custom_url":null,"og_article_section":null,"og_article_tags":null,"twitter_use_og":true,"twitter_card":"default","twitter_image_type":"default","twitter_image_url":null,"twitter_image_custom_url":null,"twitter_image_custom_fields":null,"twitter_title":null,"twitter_description":null,"schema":{"blockGraphs":[],"customGraphs":[],"default":{"data":{"Article":[],"Course":[],"Dataset":[],"FAQPage":[],"Movie":[],"Person":[],"Product":[],"ProductReview":[],"Car":[],"Recipe":[],"Service":[],"SoftwareApplication":[],"WebPage":[]},"graphName":"","isEnabled":true},"graphs":[],"defaultGraph":"","defaultPostTypeGraph":""},"schema_type":null,"schema_type_options":null,"pillar_content":false,"robots_default":true,"robots_noindex":false,"robots_noarchive":false,"robots_nosnippet":false,"robots_nofollow":false,"robots_noimageindex":false,"robots_noodp":false,"robots_notranslate":false,"robots_max_snippet":null,"robots_max_videopreview":null,"robots_max_imagepreview":"none","priority":null,"frequency":null,"local_seo":null,"seo_analyzer_scan_date":"2026-06-02 19:08:47","breadcrumb_settings":null,"limit_modified_date":false,"open_ai":null,"ai":null,"created":"2020-11-14 22:55:11","updated":"2026-06-02 19:08:47","focus_keyword":null,"additional_keywords":null,"truseo_locale":null},"aioseo_breadcrumb":"<div class=\"aioseo-breadcrumbs\"><span class=\"aioseo-breadcrumb\">\n\t<a href=\"https:\/\/www.eldigitaldeasturias.com\/noticias\" title=\"Home\">Home<\/a>\n<\/span><span class=\"aioseo-breadcrumb-separator\">\u2013<\/span><span class=\"aioseo-breadcrumb\">\n\t<a href=\"https:\/\/www.eldigitaldeasturias.com\/noticias\/category\/actualidad\/\" title=\"Actualidad\">Actualidad<\/a>\n<\/span><span class=\"aioseo-breadcrumb-separator\">\u2013<\/span><span class=\"aioseo-breadcrumb\">\n\t<a href=\"https:\/\/www.eldigitaldeasturias.com\/noticias\/soraya-rodriguez-le-dice-a-rajoy-que-el-problema-no-es-la-herencia-sino-el-heredero\/\" title=\"Soraya Rodr\u00edguez le dice a Rajoy que \u00abel problema no es la herencia sino el heredero\u00bb\">Soraya Rodr\u00edguez le dice a Rajoy que \u00abel problema no es la herencia sino el heredero\u00bb<\/a>\n<\/span><\/div>","aioseo_breadcrumb_json":[{"label":"Home","link":"https:\/\/www.eldigitaldeasturias.com\/noticias"},{"label":"Actualidad","link":"https:\/\/www.eldigitaldeasturias.com\/noticias\/category\/actualidad\/"},{"label":"Soraya Rodr\u00edguez le dice a Rajoy que \u00abel problema no es la herencia sino el heredero\u00bb","link":"https:\/\/www.eldigitaldeasturias.com\/noticias\/soraya-rodriguez-le-dice-a-rajoy-que-el-problema-no-es-la-herencia-sino-el-heredero\/"}],"_links":{"self":[{"href":"https:\/\/www.eldigitaldeasturias.com\/noticias\/wp-json\/wp\/v2\/posts\/485187","targetHints":{"allow":["GET"]}}],"collection":[{"href":"https:\/\/www.eldigitaldeasturias.com\/noticias\/wp-json\/wp\/v2\/posts"}],"about":[{"href":"https:\/\/www.eldigitaldeasturias.com\/noticias\/wp-json\/wp\/v2\/types\/post"}],"author":[{"embeddable":true,"href":"https:\/\/www.eldigitaldeasturias.com\/noticias\/wp-json\/wp\/v2\/users\/1"}],"replies":[{"embeddable":true,"href":"https:\/\/www.eldigitaldeasturias.com\/noticias\/wp-json\/wp\/v2\/comments?post=485187"}],"version-history":[{"count":0,"href":"https:\/\/www.eldigitaldeasturias.com\/noticias\/wp-json\/wp\/v2\/posts\/485187\/revisions"}],"wp:attachment":[{"href":"https:\/\/www.eldigitaldeasturias.com\/noticias\/wp-json\/wp\/v2\/media?parent=485187"}],"wp:term":[{"taxonomy":"category","embeddable":true,"href":"https:\/\/www.eldigitaldeasturias.com\/noticias\/wp-json\/wp\/v2\/categories?post=485187"},{"taxonomy":"post_tag","embeddable":true,"href":"https:\/\/www.eldigitaldeasturias.com\/noticias\/wp-json\/wp\/v2\/tags?post=485187"}],"curies":[{"name":"wp","href":"https:\/\/api.w.org\/{rel}","templated":true}]}}