{"id":485184,"date":"2014-02-06T20:45:29","date_gmt":"2014-02-06T21:45:29","guid":{"rendered":"http:\/\/www.eldigitaldeasturias.com\/noticias\/?p=485184"},"modified":"2014-02-06T20:45:29","modified_gmt":"2014-02-06T21:45:29","slug":"el-atletico-de-madrid-estrena-liderato-en-almeria-despues-del-palo-en-la-copa","status":"publish","type":"post","link":"https:\/\/www.eldigitaldeasturias.com\/noticias\/el-atletico-de-madrid-estrena-liderato-en-almeria-despues-del-palo-en-la-copa\/","title":{"rendered":"El Atl\u00e9tico de Madrid estrena liderato en Almer\u00eda despu\u00e9s del palo en la Copa"},"content":{"rendered":"<p><img loading=\"lazy\" decoding=\"async\" class=\"alignleft size-medium wp-image-485185\" alt=\"5916315w\" src=\"https:\/\/www.eldigitaldeasturias.com\/noticias\/wp-content\/uploads\/2014\/02\/5916315w-360x263.jpg\" width=\"360\" height=\"263\" \/>Madrid, 6 feb (EFE).- Espanyol y Granada abrir\u00e1n ma\u00f1ana la jornada 23 de la Liga BBVA, que servir\u00e1 de par\u00e9ntesis a las semifinales de la Copa del Rey para que el Atl\u00e9tico de Madrid trate de consolidar su papel de l\u00edder en solitario en Almer\u00eda, mientras el Barcelona visita al Sevilla y el Real Madrid recibe al Villarreal.<\/p>\n<p>El Cholo Simeone tiene tiempo hasta el s\u00e1bado para recuperar a sus hombres, despu\u00e9s de la derrota copera encajada anoche en el Bernab\u00e9u (3-0), para defender los tres puntos de ventaja que los rojiblancos tienen sobre Bar\u00e1 y Real Madrid y que les sit\u00faan al frente de la clasificaci\u00f3n.<\/p>\n<p>Su rival, el Almer\u00eda, no puede permitirse muchos errores despu\u00e9s de perder por la m\u00ednima en Elche la semana pasada. El equipo de Francisco Rodr\u00edguez es cuarto por la cola, a dos puntos del descenso.<\/p>\n<p>Antes del Almer\u00eda-Atl\u00e9tico se habr\u00e1 jugado el Real Madrid-Villarreal, partido marcado por la sanci\u00f3n a Cristiano Ronaldo tras su expulsi\u00f3n en San Mam\u00e9s y el contundente 3-0 que los de Carlo Ancelotti endosaron anoche al \u00faltimo campe\u00f3n de Copa.<\/p>\n<p>El Villarreal, a la espera de lo que pueden decidir los comit\u00e9s de disciplina sobre la reducci\u00f3n o no de los tres partidos de sanci\u00f3n a Cristiano, afronta el choque desde su privilegiada posici\u00f3n, en puestos de Liga Europa y a tres de la Liga de Campeones, pero con la baja por lesi\u00f3n del delantero Ikechukwu Uche.<\/p>\n<p>Otro de los platos fuertes de la jornada ser\u00e1 el Sevilla-Barcelona, partido al que el equipo del Tata Martino llega animado por su actuaci\u00f3n copera frente a la Real Sociedad (2-0) y en disposici\u00f3n de apuntarse su octava victoria a domicilio.<\/p>\n<p>El Sevilla espera el encuentro despu\u00e9s de perder en M\u00e1laga y con ganas de cambiar la historia de sus encuentros con el Bar\u00e7a en el Pizju\u00e1n. La \u00faltima vez que el Sevilla gan\u00f3 en su casa al Bar\u00e7a fue en marzo de 2007. Tambi\u00e9n su entrenador, Unai Emery, conf\u00eda en celebrar su primera victoria como t\u00e9cnico contra el FC Barcelona.<\/p>\n<p>Y el otro semifinalista copero, la Real Sociedad, recibir\u00e1 al Levante para defender su puesto en la Liga Europa y apartar el mal sabor de boca que le dej\u00f3 anoche la derrota ante los azulgrana, con autogol y expulsi\u00f3n con roja directa a \u00cd\u00f1igo Mart\u00ednez.<\/p>\n<p>En la lucha por evitar el descenso, el Betis, colista, tratar\u00e1 de enlazar un segundo triunfo en el campo del Valencia, aunque el equipo de Juan Antonio Pizzi llega al encuentro tras dar la sorpresa en el Camp Nou. Ricardo Costa se perder\u00e1 el partido por sanci\u00f3n.<\/p>\n<p>El Rayo Vallecano, con tres puntos de ventaja sobre el Betis, buscar\u00e1 un buen resultado ante su afici\u00f3n, a la que s\u00f3lo ha brindado dos victorias en diez partidos. Enfrente tendr\u00e1 al M\u00e1laga, que no tendr\u00e1 a Bernd Schuster en el banquillo por los dos partidos de sanci\u00f3n que le han ca\u00eddo al alem\u00e1n, expulsado ante el Sevilla.<\/p>\n<p>El Valladolid, tercer equipo ahora mismo en descenso, espera la visita del Elche con el \u00e1nimo de sumar la cuarta victoria de la temporada en Pucela y a la espera de que pinchen los equipos que le preceden y le aventajan en dos puntos, Almer\u00eda y Osasuna.<\/p>\n<p>El partido adelantado a ma\u00f1ana Espanyol-Granada y el Osasuna-Getafe completar\u00e1n la jornada junto al Celta-Athletic, previsto para el lunes d\u00eda 10, en el que el equipo de Ernesto Valverde defender\u00e1 su puesto en Liga de Campeones y el de Luis Enrique tratar\u00e1 de equilibrar sus cifras en Bala\u00eddos, donde ha ganado 3 partidos, ha perdido 4 y ha empatado otros 4.<\/p>\n<p>&nbsp;<\/p>\n<p>LIGA BBVA 23\u00aa jornada<\/p>\n<p>&#8212;&#8212;&#8212;&#8212;&#8212;&#8212;&#8212;-<\/p>\n<p>. Viernes 7<\/p>\n<p>Espanyol-Granada (21.00)<\/p>\n<p>. S\u00e1bado 8<\/p>\n<p>Valencia-Betis (16.00)<\/p>\n<p>Rayo Vallecano-M\u00e1laga (18.00)<\/p>\n<p>Real Madrid-Villarreal (20.00)<\/p>\n<p>Almer\u00eda-Atl\u00e9tico de Madrid (22.00)<\/p>\n<p>. Domingo 9<\/p>\n<p>Osasuna-Getafe (12.00)<\/p>\n<p>Valladolid-Elche (17.00)<\/p>\n<p>Real Sociedad-Levante (19.00)<\/p>\n<p>Sevilla-Barcelona (21.00)<\/p>\n<p>Lunes 10<\/p>\n<p>Celta-Athletic Club (22.00).<\/p>\n","protected":false},"excerpt":{"rendered":"<p>Madrid, 6 feb (EFE).- Espanyol y Granada abrir\u00e1n ma\u00f1ana la jornada 23 de la Liga BBVA, que servir\u00e1 de par\u00e9ntesis a las semifinales de la Copa del Rey para que el Atl\u00e9tico de Madrid trate de consolidar su papel de l\u00edder en solitario en Almer\u00eda, mientras el Barcelona visita al Sevilla y el Real Madrid [&hellip;]<\/p>\n","protected":false},"author":1,"featured_media":485185,"comment_status":"closed","ping_status":"open","sticky":false,"template":"","format":"standard","meta":{"footnotes":""},"categories":[1],"tags":[],"class_list":["post-485184","post","type-post","status-publish","format-standard","has-post-thumbnail","hentry","category-actualidad"],"aioseo_notices":[],"aioseo_head":"\n\t\t<!-- All in One SEO Pro 5.0.1 - aioseo.com -->\n\t<meta name=\"description\" content=\"Madrid, 6 feb (EFE).- Espanyol y Granada abrir\u00e1n ma\u00f1ana la jornada 23 de la Liga BBVA, que servir\u00e1 de par\u00e9ntesis a las semifinales de la Copa del Rey para que el Atl\u00e9tico de Madrid trate de consolidar su papel de l\u00edder en solitario en Almer\u00eda, mientras el Barcelona visita al Sevilla y el Real Madrid\" \/>\n\t<meta name=\"robots\" content=\"max-image-preview:large\" \/>\n\t<meta name=\"author\" content=\"El Digital de Asturias\"\/>\n\t<meta name=\"google-site-verification\" content=\"UA-38556648-1\" \/>\n\t<meta name=\"msvalidate.01\" content=\"7dfe9f3f1b24437ab69f4f2559babe99\" \/>\n\t<meta name=\"keywords\" content=\"actualidad\" \/>\n\t<link rel=\"canonical\" href=\"https:\/\/www.eldigitaldeasturias.com\/noticias\/el-atletico-de-madrid-estrena-liderato-en-almeria-despues-del-palo-en-la-copa\/\" \/>\n\t<meta name=\"generator\" content=\"All in One SEO Pro (AIOSEO) 5.0.1\" \/>\n\t\t<meta property=\"og:locale\" content=\"es_ES\" \/>\n\t\t<meta property=\"og:site_name\" content=\"El Digital de Asturias\" \/>\n\t\t<meta property=\"og:type\" content=\"article\" \/>\n\t\t<meta property=\"og:title\" content=\"El Atl\u00e9tico de Madrid estrena liderato en Almer\u00eda despu\u00e9s del palo en la Copa - El Digital de Asturias\" \/>\n\t\t<meta property=\"og:description\" content=\"Madrid, 6 feb (EFE).- Espanyol y Granada abrir\u00e1n ma\u00f1ana la jornada 23 de la Liga BBVA, que servir\u00e1 de par\u00e9ntesis a las semifinales de la Copa del Rey para que el Atl\u00e9tico de Madrid trate de consolidar su papel de l\u00edder en solitario en Almer\u00eda, mientras el Barcelona visita al Sevilla y el Real Madrid\" \/>\n\t\t<meta property=\"og:url\" content=\"https:\/\/www.eldigitaldeasturias.com\/noticias\/el-atletico-de-madrid-estrena-liderato-en-almeria-despues-del-palo-en-la-copa\/\" \/>\n\t\t<meta property=\"article:tag\" content=\"actualidad\" \/>\n\t\t<meta property=\"article:published_time\" content=\"2014-02-06T21:45:29+00:00\" \/>\n\t\t<meta property=\"article:modified_time\" content=\"2014-02-06T21:45:29+00:00\" \/>\n\t\t<meta property=\"article:publisher\" content=\"https:\/\/facebook.com\/eldigitaldeasturias\" \/>\n\t\t<meta name=\"twitter:card\" content=\"summary_large_image\" \/>\n\t\t<meta name=\"twitter:title\" content=\"El Atl\u00e9tico de Madrid estrena liderato en Almer\u00eda despu\u00e9s del palo en la Copa - El Digital de Asturias\" \/>\n\t\t<meta name=\"twitter:description\" content=\"Madrid, 6 feb (EFE).- Espanyol y Granada abrir\u00e1n ma\u00f1ana la jornada 23 de la Liga BBVA, que servir\u00e1 de par\u00e9ntesis a las semifinales de la Copa del Rey para que el Atl\u00e9tico de Madrid trate de consolidar su papel de l\u00edder en solitario en Almer\u00eda, mientras el Barcelona visita al Sevilla y el Real Madrid\" \/>\n\t\t<meta name=\"twitter:label1\" content=\"Escrito por\" \/>\n\t\t<meta name=\"twitter:data1\" content=\"El Digital de Asturias\" \/>\n\t\t<meta name=\"twitter:label2\" content=\"Tiempo de lectura estimado\" \/>\n\t\t<meta name=\"twitter:data2\" content=\"3 minutos\" \/>\n\t\t<script type=\"application\/ld+json\" class=\"aioseo-schema\">\n\t\t\t{\"@context\":\"https:\\\/\\\/schema.org\",\"@graph\":[{\"@type\":\"BlogPosting\",\"@id\":\"https:\\\/\\\/www.eldigitaldeasturias.com\\\/noticias\\\/el-atletico-de-madrid-estrena-liderato-en-almeria-despues-del-palo-en-la-copa\\\/#blogposting\",\"name\":\"El Atl\\u00e9tico de Madrid estrena liderato en Almer\\u00eda despu\\u00e9s del palo en la Copa - El Digital de Asturias\",\"headline\":\"El Atl\\u00e9tico de Madrid estrena liderato en Almer\\u00eda despu\\u00e9s del palo en la Copa\",\"author\":{\"@id\":\"https:\\\/\\\/www.eldigitaldeasturias.com\\\/noticias\\\/author\\\/admin\\\/#author\"},\"publisher\":{\"@id\":\"https:\\\/\\\/www.eldigitaldeasturias.com\\\/noticias\\\/#organization\"},\"image\":{\"@type\":\"ImageObject\",\"url\":485185},\"datePublished\":\"2014-02-06T20:45:29+01:00\",\"dateModified\":\"2014-02-06T20:45:29+01:00\",\"inLanguage\":\"es-ES\",\"mainEntityOfPage\":{\"@id\":\"https:\\\/\\\/www.eldigitaldeasturias.com\\\/noticias\\\/el-atletico-de-madrid-estrena-liderato-en-almeria-despues-del-palo-en-la-copa\\\/#webpage\"},\"isPartOf\":{\"@id\":\"https:\\\/\\\/www.eldigitaldeasturias.com\\\/noticias\\\/el-atletico-de-madrid-estrena-liderato-en-almeria-despues-del-palo-en-la-copa\\\/#webpage\"},\"articleSection\":\"Actualidad\"},{\"@type\":\"BreadcrumbList\",\"@id\":\"https:\\\/\\\/www.eldigitaldeasturias.com\\\/noticias\\\/el-atletico-de-madrid-estrena-liderato-en-almeria-despues-del-palo-en-la-copa\\\/#breadcrumblist\",\"itemListElement\":[{\"@type\":\"ListItem\",\"@id\":\"https:\\\/\\\/www.eldigitaldeasturias.com\\\/noticias#listItem\",\"position\":1,\"name\":\"Home\",\"item\":\"https:\\\/\\\/www.eldigitaldeasturias.com\\\/noticias\",\"nextItem\":{\"@type\":\"ListItem\",\"@id\":\"https:\\\/\\\/www.eldigitaldeasturias.com\\\/noticias\\\/category\\\/actualidad\\\/#listItem\",\"name\":\"Actualidad\"}},{\"@type\":\"ListItem\",\"@id\":\"https:\\\/\\\/www.eldigitaldeasturias.com\\\/noticias\\\/category\\\/actualidad\\\/#listItem\",\"position\":2,\"name\":\"Actualidad\",\"item\":\"https:\\\/\\\/www.eldigitaldeasturias.com\\\/noticias\\\/category\\\/actualidad\\\/\",\"nextItem\":{\"@type\":\"ListItem\",\"@id\":\"https:\\\/\\\/www.eldigitaldeasturias.com\\\/noticias\\\/el-atletico-de-madrid-estrena-liderato-en-almeria-despues-del-palo-en-la-copa\\\/#listItem\",\"name\":\"El Atl\\u00e9tico de Madrid estrena liderato en Almer\\u00eda despu\\u00e9s del palo en la Copa\"},\"previousItem\":{\"@type\":\"ListItem\",\"@id\":\"https:\\\/\\\/www.eldigitaldeasturias.com\\\/noticias#listItem\",\"name\":\"Home\"}},{\"@type\":\"ListItem\",\"@id\":\"https:\\\/\\\/www.eldigitaldeasturias.com\\\/noticias\\\/el-atletico-de-madrid-estrena-liderato-en-almeria-despues-del-palo-en-la-copa\\\/#listItem\",\"position\":3,\"name\":\"El Atl\\u00e9tico de Madrid estrena liderato en Almer\\u00eda despu\\u00e9s del palo en la Copa\",\"previousItem\":{\"@type\":\"ListItem\",\"@id\":\"https:\\\/\\\/www.eldigitaldeasturias.com\\\/noticias\\\/category\\\/actualidad\\\/#listItem\",\"name\":\"Actualidad\"}}]},{\"@type\":\"Organization\",\"@id\":\"https:\\\/\\\/www.eldigitaldeasturias.com\\\/noticias\\\/#organization\",\"name\":\"El Digital de Asturias\",\"description\":\"Hemeroteca\",\"url\":\"https:\\\/\\\/www.eldigitaldeasturias.com\\\/noticias\\\/\",\"email\":\"info@eldigitaldeasturias.com\",\"telephone\":\"+34652131393\",\"logo\":{\"@type\":\"ImageObject\",\"url\":\"https:\\\/\\\/www.eldigitaldeasturias.com\\\/noticias\\\/wp-content\\\/uploads\\\/2020\\\/12\\\/EDA.jpg\",\"@id\":\"https:\\\/\\\/www.eldigitaldeasturias.com\\\/noticias\\\/el-atletico-de-madrid-estrena-liderato-en-almeria-despues-del-palo-en-la-copa\\\/#organizationLogo\"},\"image\":{\"@id\":\"https:\\\/\\\/www.eldigitaldeasturias.com\\\/noticias\\\/el-atletico-de-madrid-estrena-liderato-en-almeria-despues-del-palo-en-la-copa\\\/#organizationLogo\"},\"sameAs\":[\"https:\\\/\\\/facebook.com\\\/eldigitaldeasturias\",\"https:\\\/\\\/www.youtube.com\\\/channel\\\/UCZP-2wLEB9Rv6erhFmqVnvg\"],\"address\":{\"@id\":\"https:\\\/\\\/www.eldigitaldeasturias.com\\\/noticias\\\/#postaladdress\",\"@type\":\"PostalAddress\",\"streetAddress\":\"san antonio 4\",\"postalCode\":\"33430\",\"addressLocality\":\"Cand\\u00e1s\",\"addressRegion\":\"Asturias\",\"addressCountry\":\"ES\"}},{\"@type\":\"Person\",\"@id\":\"https:\\\/\\\/www.eldigitaldeasturias.com\\\/noticias\\\/author\\\/admin\\\/#author\",\"url\":\"https:\\\/\\\/www.eldigitaldeasturias.com\\\/noticias\\\/author\\\/admin\\\/\",\"name\":\"El Digital de Asturias\",\"image\":{\"@type\":\"ImageObject\",\"@id\":\"https:\\\/\\\/www.eldigitaldeasturias.com\\\/noticias\\\/el-atletico-de-madrid-estrena-liderato-en-almeria-despues-del-palo-en-la-copa\\\/#authorImage\",\"url\":\"https:\\\/\\\/secure.gravatar.com\\\/avatar\\\/df2aeffc32bcd13f8d26072ef8a91b623d677766deac7f97ca815868cd41bf5e?s=96&d=mm&r=g\",\"width\":96,\"height\":96,\"caption\":\"El Digital de Asturias\"}},{\"@type\":\"WebPage\",\"@id\":\"https:\\\/\\\/www.eldigitaldeasturias.com\\\/noticias\\\/el-atletico-de-madrid-estrena-liderato-en-almeria-despues-del-palo-en-la-copa\\\/#webpage\",\"url\":\"https:\\\/\\\/www.eldigitaldeasturias.com\\\/noticias\\\/el-atletico-de-madrid-estrena-liderato-en-almeria-despues-del-palo-en-la-copa\\\/\",\"name\":\"El Atl\\u00e9tico de Madrid estrena liderato en Almer\\u00eda despu\\u00e9s del palo en la Copa - El Digital de Asturias\",\"description\":\"Madrid, 6 feb (EFE).- Espanyol y Granada abrir\\u00e1n ma\\u00f1ana la jornada 23 de la Liga BBVA, que servir\\u00e1 de par\\u00e9ntesis a las semifinales de la Copa del Rey para que el Atl\\u00e9tico de Madrid trate de consolidar su papel de l\\u00edder en solitario en Almer\\u00eda, mientras el Barcelona visita al Sevilla y el Real Madrid\",\"inLanguage\":\"es-ES\",\"isPartOf\":{\"@id\":\"https:\\\/\\\/www.eldigitaldeasturias.com\\\/noticias\\\/#website\"},\"breadcrumb\":{\"@id\":\"https:\\\/\\\/www.eldigitaldeasturias.com\\\/noticias\\\/el-atletico-de-madrid-estrena-liderato-en-almeria-despues-del-palo-en-la-copa\\\/#breadcrumblist\"},\"author\":{\"@id\":\"https:\\\/\\\/www.eldigitaldeasturias.com\\\/noticias\\\/author\\\/admin\\\/#author\"},\"creator\":{\"@id\":\"https:\\\/\\\/www.eldigitaldeasturias.com\\\/noticias\\\/author\\\/admin\\\/#author\"},\"image\":{\"@type\":\"ImageObject\",\"url\":485185,\"@id\":\"https:\\\/\\\/www.eldigitaldeasturias.com\\\/noticias\\\/el-atletico-de-madrid-estrena-liderato-en-almeria-despues-del-palo-en-la-copa\\\/#mainImage\"},\"primaryImageOfPage\":{\"@id\":\"https:\\\/\\\/www.eldigitaldeasturias.com\\\/noticias\\\/el-atletico-de-madrid-estrena-liderato-en-almeria-despues-del-palo-en-la-copa\\\/#mainImage\"},\"datePublished\":\"2014-02-06T20:45:29+01:00\",\"dateModified\":\"2014-02-06T20:45:29+01:00\"},{\"@type\":\"WebSite\",\"@id\":\"https:\\\/\\\/www.eldigitaldeasturias.com\\\/noticias\\\/#website\",\"url\":\"https:\\\/\\\/www.eldigitaldeasturias.com\\\/noticias\\\/\",\"name\":\"El Digital de Asturias - Diario de actualidad y noticias\",\"alternateName\":\"El Digital de Asturias - Diario de actualidad y noticias\",\"description\":\"Hemeroteca\",\"inLanguage\":\"es-ES\",\"publisher\":{\"@id\":\"https:\\\/\\\/www.eldigitaldeasturias.com\\\/noticias\\\/#organization\"}}]}\n\t\t<\/script>\n\t\t<!-- All in One SEO Pro -->\r\n\t\t<title>El Atl\u00e9tico de Madrid estrena liderato en Almer\u00eda despu\u00e9s del palo en la Copa - El Digital de Asturias<\/title>\n\n","aioseo_head_json":{"title":"El Atl\u00e9tico de Madrid estrena liderato en Almer\u00eda despu\u00e9s del palo en la Copa - El Digital de Asturias","description":"Madrid, 6 feb (EFE).- Espanyol y Granada abrir\u00e1n ma\u00f1ana la jornada 23 de la Liga BBVA, que servir\u00e1 de par\u00e9ntesis a las semifinales de la Copa del Rey para que el Atl\u00e9tico de Madrid trate de consolidar su papel de l\u00edder en solitario en Almer\u00eda, mientras el Barcelona visita al Sevilla y el Real Madrid","canonical_url":"https:\/\/www.eldigitaldeasturias.com\/noticias\/el-atletico-de-madrid-estrena-liderato-en-almeria-despues-del-palo-en-la-copa\/","robots":"max-image-preview:large","keywords":"actualidad","webmasterTools":{"google-site-verification":"UA-38556648-1","msvalidate.01":"7dfe9f3f1b24437ab69f4f2559babe99","miscellaneous":""},"schema":{"@context":"https:\/\/schema.org","@graph":[{"@type":"BlogPosting","@id":"https:\/\/www.eldigitaldeasturias.com\/noticias\/el-atletico-de-madrid-estrena-liderato-en-almeria-despues-del-palo-en-la-copa\/#blogposting","name":"El Atl\u00e9tico de Madrid estrena liderato en Almer\u00eda despu\u00e9s del palo en la Copa - El Digital de Asturias","headline":"El Atl\u00e9tico de Madrid estrena liderato en Almer\u00eda despu\u00e9s del palo en la Copa","author":{"@id":"https:\/\/www.eldigitaldeasturias.com\/noticias\/author\/admin\/#author"},"publisher":{"@id":"https:\/\/www.eldigitaldeasturias.com\/noticias\/#organization"},"image":{"@type":"ImageObject","url":485185},"datePublished":"2014-02-06T20:45:29+01:00","dateModified":"2014-02-06T20:45:29+01:00","inLanguage":"es-ES","mainEntityOfPage":{"@id":"https:\/\/www.eldigitaldeasturias.com\/noticias\/el-atletico-de-madrid-estrena-liderato-en-almeria-despues-del-palo-en-la-copa\/#webpage"},"isPartOf":{"@id":"https:\/\/www.eldigitaldeasturias.com\/noticias\/el-atletico-de-madrid-estrena-liderato-en-almeria-despues-del-palo-en-la-copa\/#webpage"},"articleSection":"Actualidad"},{"@type":"BreadcrumbList","@id":"https:\/\/www.eldigitaldeasturias.com\/noticias\/el-atletico-de-madrid-estrena-liderato-en-almeria-despues-del-palo-en-la-copa\/#breadcrumblist","itemListElement":[{"@type":"ListItem","@id":"https:\/\/www.eldigitaldeasturias.com\/noticias#listItem","position":1,"name":"Home","item":"https:\/\/www.eldigitaldeasturias.com\/noticias","nextItem":{"@type":"ListItem","@id":"https:\/\/www.eldigitaldeasturias.com\/noticias\/category\/actualidad\/#listItem","name":"Actualidad"}},{"@type":"ListItem","@id":"https:\/\/www.eldigitaldeasturias.com\/noticias\/category\/actualidad\/#listItem","position":2,"name":"Actualidad","item":"https:\/\/www.eldigitaldeasturias.com\/noticias\/category\/actualidad\/","nextItem":{"@type":"ListItem","@id":"https:\/\/www.eldigitaldeasturias.com\/noticias\/el-atletico-de-madrid-estrena-liderato-en-almeria-despues-del-palo-en-la-copa\/#listItem","name":"El Atl\u00e9tico de Madrid estrena liderato en Almer\u00eda despu\u00e9s del palo en la Copa"},"previousItem":{"@type":"ListItem","@id":"https:\/\/www.eldigitaldeasturias.com\/noticias#listItem","name":"Home"}},{"@type":"ListItem","@id":"https:\/\/www.eldigitaldeasturias.com\/noticias\/el-atletico-de-madrid-estrena-liderato-en-almeria-despues-del-palo-en-la-copa\/#listItem","position":3,"name":"El Atl\u00e9tico de Madrid estrena liderato en Almer\u00eda despu\u00e9s del palo en la Copa","previousItem":{"@type":"ListItem","@id":"https:\/\/www.eldigitaldeasturias.com\/noticias\/category\/actualidad\/#listItem","name":"Actualidad"}}]},{"@type":"Organization","@id":"https:\/\/www.eldigitaldeasturias.com\/noticias\/#organization","name":"El Digital de Asturias","description":"Hemeroteca","url":"https:\/\/www.eldigitaldeasturias.com\/noticias\/","email":"info@eldigitaldeasturias.com","telephone":"+34652131393","logo":{"@type":"ImageObject","url":"https:\/\/www.eldigitaldeasturias.com\/noticias\/wp-content\/uploads\/2020\/12\/EDA.jpg","@id":"https:\/\/www.eldigitaldeasturias.com\/noticias\/el-atletico-de-madrid-estrena-liderato-en-almeria-despues-del-palo-en-la-copa\/#organizationLogo"},"image":{"@id":"https:\/\/www.eldigitaldeasturias.com\/noticias\/el-atletico-de-madrid-estrena-liderato-en-almeria-despues-del-palo-en-la-copa\/#organizationLogo"},"sameAs":["https:\/\/facebook.com\/eldigitaldeasturias","https:\/\/www.youtube.com\/channel\/UCZP-2wLEB9Rv6erhFmqVnvg"],"address":{"@id":"https:\/\/www.eldigitaldeasturias.com\/noticias\/#postaladdress","@type":"PostalAddress","streetAddress":"san antonio 4","postalCode":"33430","addressLocality":"Cand\u00e1s","addressRegion":"Asturias","addressCountry":"ES"}},{"@type":"Person","@id":"https:\/\/www.eldigitaldeasturias.com\/noticias\/author\/admin\/#author","url":"https:\/\/www.eldigitaldeasturias.com\/noticias\/author\/admin\/","name":"El Digital de Asturias","image":{"@type":"ImageObject","@id":"https:\/\/www.eldigitaldeasturias.com\/noticias\/el-atletico-de-madrid-estrena-liderato-en-almeria-despues-del-palo-en-la-copa\/#authorImage","url":"https:\/\/secure.gravatar.com\/avatar\/df2aeffc32bcd13f8d26072ef8a91b623d677766deac7f97ca815868cd41bf5e?s=96&d=mm&r=g","width":96,"height":96,"caption":"El Digital de Asturias"}},{"@type":"WebPage","@id":"https:\/\/www.eldigitaldeasturias.com\/noticias\/el-atletico-de-madrid-estrena-liderato-en-almeria-despues-del-palo-en-la-copa\/#webpage","url":"https:\/\/www.eldigitaldeasturias.com\/noticias\/el-atletico-de-madrid-estrena-liderato-en-almeria-despues-del-palo-en-la-copa\/","name":"El Atl\u00e9tico de Madrid estrena liderato en Almer\u00eda despu\u00e9s del palo en la Copa - El Digital de Asturias","description":"Madrid, 6 feb (EFE).- Espanyol y Granada abrir\u00e1n ma\u00f1ana la jornada 23 de la Liga BBVA, que servir\u00e1 de par\u00e9ntesis a las semifinales de la Copa del Rey para que el Atl\u00e9tico de Madrid trate de consolidar su papel de l\u00edder en solitario en Almer\u00eda, mientras el Barcelona visita al Sevilla y el Real Madrid","inLanguage":"es-ES","isPartOf":{"@id":"https:\/\/www.eldigitaldeasturias.com\/noticias\/#website"},"breadcrumb":{"@id":"https:\/\/www.eldigitaldeasturias.com\/noticias\/el-atletico-de-madrid-estrena-liderato-en-almeria-despues-del-palo-en-la-copa\/#breadcrumblist"},"author":{"@id":"https:\/\/www.eldigitaldeasturias.com\/noticias\/author\/admin\/#author"},"creator":{"@id":"https:\/\/www.eldigitaldeasturias.com\/noticias\/author\/admin\/#author"},"image":{"@type":"ImageObject","url":485185,"@id":"https:\/\/www.eldigitaldeasturias.com\/noticias\/el-atletico-de-madrid-estrena-liderato-en-almeria-despues-del-palo-en-la-copa\/#mainImage"},"primaryImageOfPage":{"@id":"https:\/\/www.eldigitaldeasturias.com\/noticias\/el-atletico-de-madrid-estrena-liderato-en-almeria-despues-del-palo-en-la-copa\/#mainImage"},"datePublished":"2014-02-06T20:45:29+01:00","dateModified":"2014-02-06T20:45:29+01:00"},{"@type":"WebSite","@id":"https:\/\/www.eldigitaldeasturias.com\/noticias\/#website","url":"https:\/\/www.eldigitaldeasturias.com\/noticias\/","name":"El Digital de Asturias - Diario de actualidad y noticias","alternateName":"El Digital de Asturias - Diario de actualidad y noticias","description":"Hemeroteca","inLanguage":"es-ES","publisher":{"@id":"https:\/\/www.eldigitaldeasturias.com\/noticias\/#organization"}}]},"og:locale":"es_ES","og:site_name":"El Digital de Asturias","og:type":"article","og:title":"El Atl\u00e9tico de Madrid estrena liderato en Almer\u00eda despu\u00e9s del palo en la Copa - El Digital de Asturias","og:description":"Madrid, 6 feb (EFE).- Espanyol y Granada abrir\u00e1n ma\u00f1ana la jornada 23 de la Liga BBVA, que servir\u00e1 de par\u00e9ntesis a las semifinales de la Copa del Rey para que el Atl\u00e9tico de Madrid trate de consolidar su papel de l\u00edder en solitario en Almer\u00eda, mientras el Barcelona visita al Sevilla y el Real Madrid","og:url":"https:\/\/www.eldigitaldeasturias.com\/noticias\/el-atletico-de-madrid-estrena-liderato-en-almeria-despues-del-palo-en-la-copa\/","article:tag":["actualidad"],"article:published_time":"2014-02-06T21:45:29+00:00","article:modified_time":"2014-02-06T21:45:29+00:00","article:publisher":"https:\/\/facebook.com\/eldigitaldeasturias","twitter:card":"summary_large_image","twitter:title":"El Atl\u00e9tico de Madrid estrena liderato en Almer\u00eda despu\u00e9s del palo en la Copa - El Digital de Asturias","twitter:description":"Madrid, 6 feb (EFE).- Espanyol y Granada abrir\u00e1n ma\u00f1ana la jornada 23 de la Liga BBVA, que servir\u00e1 de par\u00e9ntesis a las semifinales de la Copa del Rey para que el Atl\u00e9tico de Madrid trate de consolidar su papel de l\u00edder en solitario en Almer\u00eda, mientras el Barcelona visita al Sevilla y el Real Madrid","twitter:label1":"Escrito por","twitter:data1":"El Digital de Asturias","twitter:label2":"Tiempo de lectura estimado","twitter:data2":"3 minutos"},"aioseo_meta_data":{"post_id":"485184","title":null,"description":null,"keywords":null,"keyphrases":null,"primary_term":null,"canonical_url":null,"og_title":null,"og_description":null,"og_object_type":"default","og_image_type":"default","og_image_url":null,"og_image_width":null,"og_image_height":null,"og_image_custom_url":null,"og_image_custom_fields":null,"og_video":null,"og_custom_url":null,"og_article_section":null,"og_article_tags":null,"twitter_use_og":true,"twitter_card":"default","twitter_image_type":"default","twitter_image_url":null,"twitter_image_custom_url":null,"twitter_image_custom_fields":null,"twitter_title":null,"twitter_description":null,"schema":{"blockGraphs":[],"customGraphs":[],"default":{"data":{"Article":[],"Course":[],"Dataset":[],"FAQPage":[],"Movie":[],"Person":[],"Product":[],"ProductReview":[],"Car":[],"Recipe":[],"Service":[],"SoftwareApplication":[],"WebPage":[]},"graphName":"","isEnabled":true},"graphs":[],"defaultGraph":"","defaultPostTypeGraph":""},"schema_type":null,"schema_type_options":null,"pillar_content":false,"robots_default":true,"robots_noindex":false,"robots_noarchive":false,"robots_nosnippet":false,"robots_nofollow":false,"robots_noimageindex":false,"robots_noodp":false,"robots_notranslate":false,"robots_max_snippet":null,"robots_max_videopreview":null,"robots_max_imagepreview":"none","priority":null,"frequency":null,"local_seo":null,"seo_analyzer_scan_date":"2026-06-02 19:06:07","breadcrumb_settings":null,"limit_modified_date":false,"open_ai":null,"ai":null,"created":"2020-11-14 22:55:11","updated":"2026-06-02 19:06:07","focus_keyword":null,"additional_keywords":null,"truseo_locale":null},"aioseo_breadcrumb":"<div class=\"aioseo-breadcrumbs\"><span class=\"aioseo-breadcrumb\">\n\t<a href=\"https:\/\/www.eldigitaldeasturias.com\/noticias\" title=\"Home\">Home<\/a>\n<\/span><span class=\"aioseo-breadcrumb-separator\">\u2013<\/span><span class=\"aioseo-breadcrumb\">\n\t<a href=\"https:\/\/www.eldigitaldeasturias.com\/noticias\/category\/actualidad\/\" title=\"Actualidad\">Actualidad<\/a>\n<\/span><span class=\"aioseo-breadcrumb-separator\">\u2013<\/span><span class=\"aioseo-breadcrumb\">\n\t<a href=\"https:\/\/www.eldigitaldeasturias.com\/noticias\/el-atletico-de-madrid-estrena-liderato-en-almeria-despues-del-palo-en-la-copa\/\" title=\"El Atl\u00e9tico de Madrid estrena liderato en Almer\u00eda despu\u00e9s del palo en la Copa\">El Atl\u00e9tico de Madrid estrena liderato en Almer\u00eda despu\u00e9s del palo en la Copa<\/a>\n<\/span><\/div>","aioseo_breadcrumb_json":[{"label":"Home","link":"https:\/\/www.eldigitaldeasturias.com\/noticias"},{"label":"Actualidad","link":"https:\/\/www.eldigitaldeasturias.com\/noticias\/category\/actualidad\/"},{"label":"El Atl\u00e9tico de Madrid estrena liderato en Almer\u00eda despu\u00e9s del palo en la Copa","link":"https:\/\/www.eldigitaldeasturias.com\/noticias\/el-atletico-de-madrid-estrena-liderato-en-almeria-despues-del-palo-en-la-copa\/"}],"_links":{"self":[{"href":"https:\/\/www.eldigitaldeasturias.com\/noticias\/wp-json\/wp\/v2\/posts\/485184","targetHints":{"allow":["GET"]}}],"collection":[{"href":"https:\/\/www.eldigitaldeasturias.com\/noticias\/wp-json\/wp\/v2\/posts"}],"about":[{"href":"https:\/\/www.eldigitaldeasturias.com\/noticias\/wp-json\/wp\/v2\/types\/post"}],"author":[{"embeddable":true,"href":"https:\/\/www.eldigitaldeasturias.com\/noticias\/wp-json\/wp\/v2\/users\/1"}],"replies":[{"embeddable":true,"href":"https:\/\/www.eldigitaldeasturias.com\/noticias\/wp-json\/wp\/v2\/comments?post=485184"}],"version-history":[{"count":0,"href":"https:\/\/www.eldigitaldeasturias.com\/noticias\/wp-json\/wp\/v2\/posts\/485184\/revisions"}],"wp:attachment":[{"href":"https:\/\/www.eldigitaldeasturias.com\/noticias\/wp-json\/wp\/v2\/media?parent=485184"}],"wp:term":[{"taxonomy":"category","embeddable":true,"href":"https:\/\/www.eldigitaldeasturias.com\/noticias\/wp-json\/wp\/v2\/categories?post=485184"},{"taxonomy":"post_tag","embeddable":true,"href":"https:\/\/www.eldigitaldeasturias.com\/noticias\/wp-json\/wp\/v2\/tags?post=485184"}],"curies":[{"name":"wp","href":"https:\/\/api.w.org\/{rel}","templated":true}]}}