{"id":485151,"date":"2014-02-06T20:34:05","date_gmt":"2014-02-06T21:34:05","guid":{"rendered":"http:\/\/www.eldigitaldeasturias.com\/noticias\/?p=485151"},"modified":"2014-02-06T20:34:05","modified_gmt":"2014-02-06T21:34:05","slug":"la-comunidad-de-madrid-concede-la-medalla-de-oro-a-luis-aragones","status":"publish","type":"post","link":"https:\/\/www.eldigitaldeasturias.com\/noticias\/la-comunidad-de-madrid-concede-la-medalla-de-oro-a-luis-aragones\/","title":{"rendered":"La Comunidad de Madrid concede la Medalla de Oro a Luis Aragon\u00e9s"},"content":{"rendered":"<p><img loading=\"lazy\" decoding=\"async\" class=\"alignleft size-medium wp-image-485152\" alt=\"5916023w\" src=\"https:\/\/www.eldigitaldeasturias.com\/noticias\/wp-content\/uploads\/2014\/02\/5916023w-360x239.jpg\" width=\"360\" height=\"239\" \/>Madrid, 6 feb (EFE).- El Consejo de Gobierno de la Comunidad de Madrid ha acordado conceder la Medalla de Oro de la Comunidad de Madrid a t\u00edtulo p\u00f3stumo al exseleccionador nacional de f\u00fatbol Luis Aragon\u00e9s, fallecido el pasado 1 de febrero a los 75 a\u00f1os de edad.<\/p>\n<p>La Medalla de Oro, m\u00e1xima distinci\u00f3n del Ejecutivo madrile\u00f1o, premia la carrera deportiva de Aragon\u00e9s, nacido en Madrid, y logros deportivos como la Eurocopa de 2008, que supuso un \u00abcambio definitivo en la mentalidad y en la historia del f\u00fatbol espa\u00f1ol\u00bb, seg\u00fan ha indicado hoy el portavoz regional, Salvador Victoria.<\/p>\n<p>Victoria ha destacado el v\u00ednculo vital y deportivo de Aragon\u00e9s con Madrid y con el Atl\u00e9tico de Madrid, donde desarroll\u00f3 \u00abgran parte de su carrera\u00bb, as\u00ed como el hecho de que su apodo, el sabio de Hortaleza, llev\u00f3 el nombre de la capital \u00abpor todo el mundo\u00bb.<\/p>\n<p>La trayectoria profesional de Aragon\u00e9s estuvo marcada por sus diferentes etapas al frente del Atl\u00e9tico de Madrid, club con el que conquist\u00f3 un campeonato de Liga, tres Copas del Rey, una Supercopa de Espa\u00f1a y una Copa Intercontinental.<\/p>\n<p>Aragon\u00e9s fue el t\u00e9cnico que dirigi\u00f3 a la selecci\u00f3n espa\u00f1ola que se proclam\u00f3 campeona de la Eurocopa 2008, disputada en Austria y Suiza.<\/p>\n<p>El \u00abSabio de Hortaleza\u00bb, como se le conoci\u00f3 en el mundo futbol\u00edstico, visti\u00f3 la camiseta de Espa\u00f1a en 11 partidos, y como t\u00e9cnico dirigi\u00f3 al Atl\u00e9tico de Madrid (en tres ocasiones), Betis, Barcelona, Espanyol, Sevilla, Valencia, Oviedo, Mallorca y al Fenerbah\u00e7e turco.<\/p>\n","protected":false},"excerpt":{"rendered":"<p>Madrid, 6 feb (EFE).- El Consejo de Gobierno de la Comunidad de Madrid ha acordado conceder la Medalla de Oro de la Comunidad de Madrid a t\u00edtulo p\u00f3stumo al exseleccionador nacional de f\u00fatbol Luis Aragon\u00e9s, fallecido el pasado 1 de febrero a los 75 a\u00f1os de edad. La Medalla de Oro, m\u00e1xima distinci\u00f3n del Ejecutivo [&hellip;]<\/p>\n","protected":false},"author":1,"featured_media":485152,"comment_status":"closed","ping_status":"open","sticky":false,"template":"","format":"standard","meta":{"footnotes":""},"categories":[1],"tags":[],"class_list":["post-485151","post","type-post","status-publish","format-standard","has-post-thumbnail","hentry","category-actualidad"],"aioseo_notices":[],"aioseo_head":"\n\t\t<!-- All in One SEO Pro 5.0.1 - aioseo.com -->\n\t<meta name=\"description\" content=\"Madrid, 6 feb (EFE).- El Consejo de Gobierno de la Comunidad de Madrid ha acordado conceder la Medalla de Oro de la Comunidad de Madrid a t\u00edtulo p\u00f3stumo al exseleccionador nacional de f\u00fatbol Luis Aragon\u00e9s, fallecido el pasado 1 de febrero a los 75 a\u00f1os de edad. La Medalla de Oro, m\u00e1xima distinci\u00f3n del Ejecutivo\" \/>\n\t<meta name=\"robots\" content=\"max-image-preview:large\" \/>\n\t<meta name=\"author\" content=\"El Digital de Asturias\"\/>\n\t<meta name=\"google-site-verification\" content=\"UA-38556648-1\" \/>\n\t<meta name=\"msvalidate.01\" content=\"7dfe9f3f1b24437ab69f4f2559babe99\" \/>\n\t<meta name=\"keywords\" content=\"actualidad\" \/>\n\t<link rel=\"canonical\" href=\"https:\/\/www.eldigitaldeasturias.com\/noticias\/la-comunidad-de-madrid-concede-la-medalla-de-oro-a-luis-aragones\/\" \/>\n\t<meta name=\"generator\" content=\"All in One SEO Pro (AIOSEO) 5.0.1\" \/>\n\t\t<meta property=\"og:locale\" content=\"es_ES\" \/>\n\t\t<meta property=\"og:site_name\" content=\"El Digital de Asturias\" \/>\n\t\t<meta property=\"og:type\" content=\"article\" \/>\n\t\t<meta property=\"og:title\" content=\"La Comunidad de Madrid concede la Medalla de Oro a Luis Aragon\u00e9s - El Digital de Asturias\" \/>\n\t\t<meta property=\"og:description\" content=\"Madrid, 6 feb (EFE).- El Consejo de Gobierno de la Comunidad de Madrid ha acordado conceder la Medalla de Oro de la Comunidad de Madrid a t\u00edtulo p\u00f3stumo al exseleccionador nacional de f\u00fatbol Luis Aragon\u00e9s, fallecido el pasado 1 de febrero a los 75 a\u00f1os de edad. La Medalla de Oro, m\u00e1xima distinci\u00f3n del Ejecutivo\" \/>\n\t\t<meta property=\"og:url\" content=\"https:\/\/www.eldigitaldeasturias.com\/noticias\/la-comunidad-de-madrid-concede-la-medalla-de-oro-a-luis-aragones\/\" \/>\n\t\t<meta property=\"article:tag\" content=\"actualidad\" \/>\n\t\t<meta property=\"article:published_time\" content=\"2014-02-06T21:34:05+00:00\" \/>\n\t\t<meta property=\"article:modified_time\" content=\"2014-02-06T21:34:05+00:00\" \/>\n\t\t<meta property=\"article:publisher\" content=\"https:\/\/facebook.com\/eldigitaldeasturias\" \/>\n\t\t<meta name=\"twitter:card\" content=\"summary_large_image\" \/>\n\t\t<meta name=\"twitter:title\" content=\"La Comunidad de Madrid concede la Medalla de Oro a Luis Aragon\u00e9s - El Digital de Asturias\" \/>\n\t\t<meta name=\"twitter:description\" content=\"Madrid, 6 feb (EFE).- El Consejo de Gobierno de la Comunidad de Madrid ha acordado conceder la Medalla de Oro de la Comunidad de Madrid a t\u00edtulo p\u00f3stumo al exseleccionador nacional de f\u00fatbol Luis Aragon\u00e9s, fallecido el pasado 1 de febrero a los 75 a\u00f1os de edad. La Medalla de Oro, m\u00e1xima distinci\u00f3n del Ejecutivo\" \/>\n\t\t<meta name=\"twitter:label1\" content=\"Escrito por\" \/>\n\t\t<meta name=\"twitter:data1\" content=\"El Digital de Asturias\" \/>\n\t\t<meta name=\"twitter:label2\" content=\"Tiempo de lectura estimado\" \/>\n\t\t<meta name=\"twitter:data2\" content=\"1 minuto\" \/>\n\t\t<script type=\"application\/ld+json\" class=\"aioseo-schema\">\n\t\t\t{\"@context\":\"https:\\\/\\\/schema.org\",\"@graph\":[{\"@type\":\"BlogPosting\",\"@id\":\"https:\\\/\\\/www.eldigitaldeasturias.com\\\/noticias\\\/la-comunidad-de-madrid-concede-la-medalla-de-oro-a-luis-aragones\\\/#blogposting\",\"name\":\"La Comunidad de Madrid concede la Medalla de Oro a Luis Aragon\\u00e9s - El Digital de Asturias\",\"headline\":\"La Comunidad de Madrid concede la Medalla de Oro a Luis Aragon\\u00e9s\",\"author\":{\"@id\":\"https:\\\/\\\/www.eldigitaldeasturias.com\\\/noticias\\\/author\\\/admin\\\/#author\"},\"publisher\":{\"@id\":\"https:\\\/\\\/www.eldigitaldeasturias.com\\\/noticias\\\/#organization\"},\"image\":{\"@type\":\"ImageObject\",\"url\":485152},\"datePublished\":\"2014-02-06T20:34:05+01:00\",\"dateModified\":\"2014-02-06T20:34:05+01:00\",\"inLanguage\":\"es-ES\",\"mainEntityOfPage\":{\"@id\":\"https:\\\/\\\/www.eldigitaldeasturias.com\\\/noticias\\\/la-comunidad-de-madrid-concede-la-medalla-de-oro-a-luis-aragones\\\/#webpage\"},\"isPartOf\":{\"@id\":\"https:\\\/\\\/www.eldigitaldeasturias.com\\\/noticias\\\/la-comunidad-de-madrid-concede-la-medalla-de-oro-a-luis-aragones\\\/#webpage\"},\"articleSection\":\"Actualidad\"},{\"@type\":\"BreadcrumbList\",\"@id\":\"https:\\\/\\\/www.eldigitaldeasturias.com\\\/noticias\\\/la-comunidad-de-madrid-concede-la-medalla-de-oro-a-luis-aragones\\\/#breadcrumblist\",\"itemListElement\":[{\"@type\":\"ListItem\",\"@id\":\"https:\\\/\\\/www.eldigitaldeasturias.com\\\/noticias#listItem\",\"position\":1,\"name\":\"Home\",\"item\":\"https:\\\/\\\/www.eldigitaldeasturias.com\\\/noticias\",\"nextItem\":{\"@type\":\"ListItem\",\"@id\":\"https:\\\/\\\/www.eldigitaldeasturias.com\\\/noticias\\\/category\\\/actualidad\\\/#listItem\",\"name\":\"Actualidad\"}},{\"@type\":\"ListItem\",\"@id\":\"https:\\\/\\\/www.eldigitaldeasturias.com\\\/noticias\\\/category\\\/actualidad\\\/#listItem\",\"position\":2,\"name\":\"Actualidad\",\"item\":\"https:\\\/\\\/www.eldigitaldeasturias.com\\\/noticias\\\/category\\\/actualidad\\\/\",\"nextItem\":{\"@type\":\"ListItem\",\"@id\":\"https:\\\/\\\/www.eldigitaldeasturias.com\\\/noticias\\\/la-comunidad-de-madrid-concede-la-medalla-de-oro-a-luis-aragones\\\/#listItem\",\"name\":\"La Comunidad de Madrid concede la Medalla de Oro a Luis Aragon\\u00e9s\"},\"previousItem\":{\"@type\":\"ListItem\",\"@id\":\"https:\\\/\\\/www.eldigitaldeasturias.com\\\/noticias#listItem\",\"name\":\"Home\"}},{\"@type\":\"ListItem\",\"@id\":\"https:\\\/\\\/www.eldigitaldeasturias.com\\\/noticias\\\/la-comunidad-de-madrid-concede-la-medalla-de-oro-a-luis-aragones\\\/#listItem\",\"position\":3,\"name\":\"La Comunidad de Madrid concede la Medalla de Oro a Luis Aragon\\u00e9s\",\"previousItem\":{\"@type\":\"ListItem\",\"@id\":\"https:\\\/\\\/www.eldigitaldeasturias.com\\\/noticias\\\/category\\\/actualidad\\\/#listItem\",\"name\":\"Actualidad\"}}]},{\"@type\":\"Organization\",\"@id\":\"https:\\\/\\\/www.eldigitaldeasturias.com\\\/noticias\\\/#organization\",\"name\":\"El Digital de Asturias\",\"description\":\"Hemeroteca\",\"url\":\"https:\\\/\\\/www.eldigitaldeasturias.com\\\/noticias\\\/\",\"email\":\"info@eldigitaldeasturias.com\",\"telephone\":\"+34652131393\",\"logo\":{\"@type\":\"ImageObject\",\"url\":\"https:\\\/\\\/www.eldigitaldeasturias.com\\\/noticias\\\/wp-content\\\/uploads\\\/2020\\\/12\\\/EDA.jpg\",\"@id\":\"https:\\\/\\\/www.eldigitaldeasturias.com\\\/noticias\\\/la-comunidad-de-madrid-concede-la-medalla-de-oro-a-luis-aragones\\\/#organizationLogo\"},\"image\":{\"@id\":\"https:\\\/\\\/www.eldigitaldeasturias.com\\\/noticias\\\/la-comunidad-de-madrid-concede-la-medalla-de-oro-a-luis-aragones\\\/#organizationLogo\"},\"sameAs\":[\"https:\\\/\\\/facebook.com\\\/eldigitaldeasturias\",\"https:\\\/\\\/www.youtube.com\\\/channel\\\/UCZP-2wLEB9Rv6erhFmqVnvg\"],\"address\":{\"@id\":\"https:\\\/\\\/www.eldigitaldeasturias.com\\\/noticias\\\/#postaladdress\",\"@type\":\"PostalAddress\",\"streetAddress\":\"san antonio 4\",\"postalCode\":\"33430\",\"addressLocality\":\"Cand\\u00e1s\",\"addressRegion\":\"Asturias\",\"addressCountry\":\"ES\"}},{\"@type\":\"Person\",\"@id\":\"https:\\\/\\\/www.eldigitaldeasturias.com\\\/noticias\\\/author\\\/admin\\\/#author\",\"url\":\"https:\\\/\\\/www.eldigitaldeasturias.com\\\/noticias\\\/author\\\/admin\\\/\",\"name\":\"El Digital de Asturias\",\"image\":{\"@type\":\"ImageObject\",\"@id\":\"https:\\\/\\\/www.eldigitaldeasturias.com\\\/noticias\\\/la-comunidad-de-madrid-concede-la-medalla-de-oro-a-luis-aragones\\\/#authorImage\",\"url\":\"https:\\\/\\\/secure.gravatar.com\\\/avatar\\\/df2aeffc32bcd13f8d26072ef8a91b623d677766deac7f97ca815868cd41bf5e?s=96&d=mm&r=g\",\"width\":96,\"height\":96,\"caption\":\"El Digital de Asturias\"}},{\"@type\":\"WebPage\",\"@id\":\"https:\\\/\\\/www.eldigitaldeasturias.com\\\/noticias\\\/la-comunidad-de-madrid-concede-la-medalla-de-oro-a-luis-aragones\\\/#webpage\",\"url\":\"https:\\\/\\\/www.eldigitaldeasturias.com\\\/noticias\\\/la-comunidad-de-madrid-concede-la-medalla-de-oro-a-luis-aragones\\\/\",\"name\":\"La Comunidad de Madrid concede la Medalla de Oro a Luis Aragon\\u00e9s - El Digital de Asturias\",\"description\":\"Madrid, 6 feb (EFE).- El Consejo de Gobierno de la Comunidad de Madrid ha acordado conceder la Medalla de Oro de la Comunidad de Madrid a t\\u00edtulo p\\u00f3stumo al exseleccionador nacional de f\\u00fatbol Luis Aragon\\u00e9s, fallecido el pasado 1 de febrero a los 75 a\\u00f1os de edad. La Medalla de Oro, m\\u00e1xima distinci\\u00f3n del Ejecutivo\",\"inLanguage\":\"es-ES\",\"isPartOf\":{\"@id\":\"https:\\\/\\\/www.eldigitaldeasturias.com\\\/noticias\\\/#website\"},\"breadcrumb\":{\"@id\":\"https:\\\/\\\/www.eldigitaldeasturias.com\\\/noticias\\\/la-comunidad-de-madrid-concede-la-medalla-de-oro-a-luis-aragones\\\/#breadcrumblist\"},\"author\":{\"@id\":\"https:\\\/\\\/www.eldigitaldeasturias.com\\\/noticias\\\/author\\\/admin\\\/#author\"},\"creator\":{\"@id\":\"https:\\\/\\\/www.eldigitaldeasturias.com\\\/noticias\\\/author\\\/admin\\\/#author\"},\"image\":{\"@type\":\"ImageObject\",\"url\":485152,\"@id\":\"https:\\\/\\\/www.eldigitaldeasturias.com\\\/noticias\\\/la-comunidad-de-madrid-concede-la-medalla-de-oro-a-luis-aragones\\\/#mainImage\"},\"primaryImageOfPage\":{\"@id\":\"https:\\\/\\\/www.eldigitaldeasturias.com\\\/noticias\\\/la-comunidad-de-madrid-concede-la-medalla-de-oro-a-luis-aragones\\\/#mainImage\"},\"datePublished\":\"2014-02-06T20:34:05+01:00\",\"dateModified\":\"2014-02-06T20:34:05+01:00\"},{\"@type\":\"WebSite\",\"@id\":\"https:\\\/\\\/www.eldigitaldeasturias.com\\\/noticias\\\/#website\",\"url\":\"https:\\\/\\\/www.eldigitaldeasturias.com\\\/noticias\\\/\",\"name\":\"El Digital de Asturias - Diario de actualidad y noticias\",\"alternateName\":\"El Digital de Asturias - Diario de actualidad y noticias\",\"description\":\"Hemeroteca\",\"inLanguage\":\"es-ES\",\"publisher\":{\"@id\":\"https:\\\/\\\/www.eldigitaldeasturias.com\\\/noticias\\\/#organization\"}}]}\n\t\t<\/script>\n\t\t<!-- All in One SEO Pro -->\r\n\t\t<title>La Comunidad de Madrid concede la Medalla de Oro a Luis Aragon\u00e9s - El Digital de Asturias<\/title>\n\n","aioseo_head_json":{"title":"La Comunidad de Madrid concede la Medalla de Oro a Luis Aragon\u00e9s - El Digital de Asturias","description":"Madrid, 6 feb (EFE).- El Consejo de Gobierno de la Comunidad de Madrid ha acordado conceder la Medalla de Oro de la Comunidad de Madrid a t\u00edtulo p\u00f3stumo al exseleccionador nacional de f\u00fatbol Luis Aragon\u00e9s, fallecido el pasado 1 de febrero a los 75 a\u00f1os de edad. La Medalla de Oro, m\u00e1xima distinci\u00f3n del Ejecutivo","canonical_url":"https:\/\/www.eldigitaldeasturias.com\/noticias\/la-comunidad-de-madrid-concede-la-medalla-de-oro-a-luis-aragones\/","robots":"max-image-preview:large","keywords":"actualidad","webmasterTools":{"google-site-verification":"UA-38556648-1","msvalidate.01":"7dfe9f3f1b24437ab69f4f2559babe99","miscellaneous":""},"schema":{"@context":"https:\/\/schema.org","@graph":[{"@type":"BlogPosting","@id":"https:\/\/www.eldigitaldeasturias.com\/noticias\/la-comunidad-de-madrid-concede-la-medalla-de-oro-a-luis-aragones\/#blogposting","name":"La Comunidad de Madrid concede la Medalla de Oro a Luis Aragon\u00e9s - El Digital de Asturias","headline":"La Comunidad de Madrid concede la Medalla de Oro a Luis Aragon\u00e9s","author":{"@id":"https:\/\/www.eldigitaldeasturias.com\/noticias\/author\/admin\/#author"},"publisher":{"@id":"https:\/\/www.eldigitaldeasturias.com\/noticias\/#organization"},"image":{"@type":"ImageObject","url":485152},"datePublished":"2014-02-06T20:34:05+01:00","dateModified":"2014-02-06T20:34:05+01:00","inLanguage":"es-ES","mainEntityOfPage":{"@id":"https:\/\/www.eldigitaldeasturias.com\/noticias\/la-comunidad-de-madrid-concede-la-medalla-de-oro-a-luis-aragones\/#webpage"},"isPartOf":{"@id":"https:\/\/www.eldigitaldeasturias.com\/noticias\/la-comunidad-de-madrid-concede-la-medalla-de-oro-a-luis-aragones\/#webpage"},"articleSection":"Actualidad"},{"@type":"BreadcrumbList","@id":"https:\/\/www.eldigitaldeasturias.com\/noticias\/la-comunidad-de-madrid-concede-la-medalla-de-oro-a-luis-aragones\/#breadcrumblist","itemListElement":[{"@type":"ListItem","@id":"https:\/\/www.eldigitaldeasturias.com\/noticias#listItem","position":1,"name":"Home","item":"https:\/\/www.eldigitaldeasturias.com\/noticias","nextItem":{"@type":"ListItem","@id":"https:\/\/www.eldigitaldeasturias.com\/noticias\/category\/actualidad\/#listItem","name":"Actualidad"}},{"@type":"ListItem","@id":"https:\/\/www.eldigitaldeasturias.com\/noticias\/category\/actualidad\/#listItem","position":2,"name":"Actualidad","item":"https:\/\/www.eldigitaldeasturias.com\/noticias\/category\/actualidad\/","nextItem":{"@type":"ListItem","@id":"https:\/\/www.eldigitaldeasturias.com\/noticias\/la-comunidad-de-madrid-concede-la-medalla-de-oro-a-luis-aragones\/#listItem","name":"La Comunidad de Madrid concede la Medalla de Oro a Luis Aragon\u00e9s"},"previousItem":{"@type":"ListItem","@id":"https:\/\/www.eldigitaldeasturias.com\/noticias#listItem","name":"Home"}},{"@type":"ListItem","@id":"https:\/\/www.eldigitaldeasturias.com\/noticias\/la-comunidad-de-madrid-concede-la-medalla-de-oro-a-luis-aragones\/#listItem","position":3,"name":"La Comunidad de Madrid concede la Medalla de Oro a Luis Aragon\u00e9s","previousItem":{"@type":"ListItem","@id":"https:\/\/www.eldigitaldeasturias.com\/noticias\/category\/actualidad\/#listItem","name":"Actualidad"}}]},{"@type":"Organization","@id":"https:\/\/www.eldigitaldeasturias.com\/noticias\/#organization","name":"El Digital de Asturias","description":"Hemeroteca","url":"https:\/\/www.eldigitaldeasturias.com\/noticias\/","email":"info@eldigitaldeasturias.com","telephone":"+34652131393","logo":{"@type":"ImageObject","url":"https:\/\/www.eldigitaldeasturias.com\/noticias\/wp-content\/uploads\/2020\/12\/EDA.jpg","@id":"https:\/\/www.eldigitaldeasturias.com\/noticias\/la-comunidad-de-madrid-concede-la-medalla-de-oro-a-luis-aragones\/#organizationLogo"},"image":{"@id":"https:\/\/www.eldigitaldeasturias.com\/noticias\/la-comunidad-de-madrid-concede-la-medalla-de-oro-a-luis-aragones\/#organizationLogo"},"sameAs":["https:\/\/facebook.com\/eldigitaldeasturias","https:\/\/www.youtube.com\/channel\/UCZP-2wLEB9Rv6erhFmqVnvg"],"address":{"@id":"https:\/\/www.eldigitaldeasturias.com\/noticias\/#postaladdress","@type":"PostalAddress","streetAddress":"san antonio 4","postalCode":"33430","addressLocality":"Cand\u00e1s","addressRegion":"Asturias","addressCountry":"ES"}},{"@type":"Person","@id":"https:\/\/www.eldigitaldeasturias.com\/noticias\/author\/admin\/#author","url":"https:\/\/www.eldigitaldeasturias.com\/noticias\/author\/admin\/","name":"El Digital de Asturias","image":{"@type":"ImageObject","@id":"https:\/\/www.eldigitaldeasturias.com\/noticias\/la-comunidad-de-madrid-concede-la-medalla-de-oro-a-luis-aragones\/#authorImage","url":"https:\/\/secure.gravatar.com\/avatar\/df2aeffc32bcd13f8d26072ef8a91b623d677766deac7f97ca815868cd41bf5e?s=96&d=mm&r=g","width":96,"height":96,"caption":"El Digital de Asturias"}},{"@type":"WebPage","@id":"https:\/\/www.eldigitaldeasturias.com\/noticias\/la-comunidad-de-madrid-concede-la-medalla-de-oro-a-luis-aragones\/#webpage","url":"https:\/\/www.eldigitaldeasturias.com\/noticias\/la-comunidad-de-madrid-concede-la-medalla-de-oro-a-luis-aragones\/","name":"La Comunidad de Madrid concede la Medalla de Oro a Luis Aragon\u00e9s - El Digital de Asturias","description":"Madrid, 6 feb (EFE).- El Consejo de Gobierno de la Comunidad de Madrid ha acordado conceder la Medalla de Oro de la Comunidad de Madrid a t\u00edtulo p\u00f3stumo al exseleccionador nacional de f\u00fatbol Luis Aragon\u00e9s, fallecido el pasado 1 de febrero a los 75 a\u00f1os de edad. La Medalla de Oro, m\u00e1xima distinci\u00f3n del Ejecutivo","inLanguage":"es-ES","isPartOf":{"@id":"https:\/\/www.eldigitaldeasturias.com\/noticias\/#website"},"breadcrumb":{"@id":"https:\/\/www.eldigitaldeasturias.com\/noticias\/la-comunidad-de-madrid-concede-la-medalla-de-oro-a-luis-aragones\/#breadcrumblist"},"author":{"@id":"https:\/\/www.eldigitaldeasturias.com\/noticias\/author\/admin\/#author"},"creator":{"@id":"https:\/\/www.eldigitaldeasturias.com\/noticias\/author\/admin\/#author"},"image":{"@type":"ImageObject","url":485152,"@id":"https:\/\/www.eldigitaldeasturias.com\/noticias\/la-comunidad-de-madrid-concede-la-medalla-de-oro-a-luis-aragones\/#mainImage"},"primaryImageOfPage":{"@id":"https:\/\/www.eldigitaldeasturias.com\/noticias\/la-comunidad-de-madrid-concede-la-medalla-de-oro-a-luis-aragones\/#mainImage"},"datePublished":"2014-02-06T20:34:05+01:00","dateModified":"2014-02-06T20:34:05+01:00"},{"@type":"WebSite","@id":"https:\/\/www.eldigitaldeasturias.com\/noticias\/#website","url":"https:\/\/www.eldigitaldeasturias.com\/noticias\/","name":"El Digital de Asturias - Diario de actualidad y noticias","alternateName":"El Digital de Asturias - Diario de actualidad y noticias","description":"Hemeroteca","inLanguage":"es-ES","publisher":{"@id":"https:\/\/www.eldigitaldeasturias.com\/noticias\/#organization"}}]},"og:locale":"es_ES","og:site_name":"El Digital de Asturias","og:type":"article","og:title":"La Comunidad de Madrid concede la Medalla de Oro a Luis Aragon\u00e9s - El Digital de Asturias","og:description":"Madrid, 6 feb (EFE).- El Consejo de Gobierno de la Comunidad de Madrid ha acordado conceder la Medalla de Oro de la Comunidad de Madrid a t\u00edtulo p\u00f3stumo al exseleccionador nacional de f\u00fatbol Luis Aragon\u00e9s, fallecido el pasado 1 de febrero a los 75 a\u00f1os de edad. La Medalla de Oro, m\u00e1xima distinci\u00f3n del Ejecutivo","og:url":"https:\/\/www.eldigitaldeasturias.com\/noticias\/la-comunidad-de-madrid-concede-la-medalla-de-oro-a-luis-aragones\/","article:tag":["actualidad"],"article:published_time":"2014-02-06T21:34:05+00:00","article:modified_time":"2014-02-06T21:34:05+00:00","article:publisher":"https:\/\/facebook.com\/eldigitaldeasturias","twitter:card":"summary_large_image","twitter:title":"La Comunidad de Madrid concede la Medalla de Oro a Luis Aragon\u00e9s - El Digital de Asturias","twitter:description":"Madrid, 6 feb (EFE).- El Consejo de Gobierno de la Comunidad de Madrid ha acordado conceder la Medalla de Oro de la Comunidad de Madrid a t\u00edtulo p\u00f3stumo al exseleccionador nacional de f\u00fatbol Luis Aragon\u00e9s, fallecido el pasado 1 de febrero a los 75 a\u00f1os de edad. La Medalla de Oro, m\u00e1xima distinci\u00f3n del Ejecutivo","twitter:label1":"Escrito por","twitter:data1":"El Digital de Asturias","twitter:label2":"Tiempo de lectura estimado","twitter:data2":"1 minuto"},"aioseo_meta_data":{"post_id":"485151","title":null,"description":null,"keywords":null,"keyphrases":null,"primary_term":null,"canonical_url":null,"og_title":null,"og_description":null,"og_object_type":"default","og_image_type":"default","og_image_url":null,"og_image_width":null,"og_image_height":null,"og_image_custom_url":null,"og_image_custom_fields":null,"og_video":null,"og_custom_url":null,"og_article_section":null,"og_article_tags":null,"twitter_use_og":true,"twitter_card":"default","twitter_image_type":"default","twitter_image_url":null,"twitter_image_custom_url":null,"twitter_image_custom_fields":null,"twitter_title":null,"twitter_description":null,"schema":{"blockGraphs":[],"customGraphs":[],"default":{"data":{"Article":[],"Course":[],"Dataset":[],"FAQPage":[],"Movie":[],"Person":[],"Product":[],"ProductReview":[],"Car":[],"Recipe":[],"Service":[],"SoftwareApplication":[],"WebPage":[]},"graphName":"","isEnabled":true},"graphs":[],"defaultGraph":"","defaultPostTypeGraph":""},"schema_type":null,"schema_type_options":null,"pillar_content":false,"robots_default":true,"robots_noindex":false,"robots_noarchive":false,"robots_nosnippet":false,"robots_nofollow":false,"robots_noimageindex":false,"robots_noodp":false,"robots_notranslate":false,"robots_max_snippet":null,"robots_max_videopreview":null,"robots_max_imagepreview":"none","priority":null,"frequency":null,"local_seo":null,"seo_analyzer_scan_date":"2026-06-02 18:58:49","breadcrumb_settings":null,"limit_modified_date":false,"open_ai":null,"ai":null,"created":"2020-11-14 22:55:11","updated":"2026-06-02 18:58:49","focus_keyword":null,"additional_keywords":null,"truseo_locale":null},"aioseo_breadcrumb":"<div class=\"aioseo-breadcrumbs\"><span class=\"aioseo-breadcrumb\">\n\t<a href=\"https:\/\/www.eldigitaldeasturias.com\/noticias\" title=\"Home\">Home<\/a>\n<\/span><span class=\"aioseo-breadcrumb-separator\">\u2013<\/span><span class=\"aioseo-breadcrumb\">\n\t<a href=\"https:\/\/www.eldigitaldeasturias.com\/noticias\/category\/actualidad\/\" title=\"Actualidad\">Actualidad<\/a>\n<\/span><span class=\"aioseo-breadcrumb-separator\">\u2013<\/span><span class=\"aioseo-breadcrumb\">\n\t<a href=\"https:\/\/www.eldigitaldeasturias.com\/noticias\/la-comunidad-de-madrid-concede-la-medalla-de-oro-a-luis-aragones\/\" title=\"La Comunidad de Madrid concede la Medalla de Oro a Luis Aragon\u00e9s\">La Comunidad de Madrid concede la Medalla de Oro a Luis Aragon\u00e9s<\/a>\n<\/span><\/div>","aioseo_breadcrumb_json":[{"label":"Home","link":"https:\/\/www.eldigitaldeasturias.com\/noticias"},{"label":"Actualidad","link":"https:\/\/www.eldigitaldeasturias.com\/noticias\/category\/actualidad\/"},{"label":"La Comunidad de Madrid concede la Medalla de Oro a Luis Aragon\u00e9s","link":"https:\/\/www.eldigitaldeasturias.com\/noticias\/la-comunidad-de-madrid-concede-la-medalla-de-oro-a-luis-aragones\/"}],"_links":{"self":[{"href":"https:\/\/www.eldigitaldeasturias.com\/noticias\/wp-json\/wp\/v2\/posts\/485151","targetHints":{"allow":["GET"]}}],"collection":[{"href":"https:\/\/www.eldigitaldeasturias.com\/noticias\/wp-json\/wp\/v2\/posts"}],"about":[{"href":"https:\/\/www.eldigitaldeasturias.com\/noticias\/wp-json\/wp\/v2\/types\/post"}],"author":[{"embeddable":true,"href":"https:\/\/www.eldigitaldeasturias.com\/noticias\/wp-json\/wp\/v2\/users\/1"}],"replies":[{"embeddable":true,"href":"https:\/\/www.eldigitaldeasturias.com\/noticias\/wp-json\/wp\/v2\/comments?post=485151"}],"version-history":[{"count":0,"href":"https:\/\/www.eldigitaldeasturias.com\/noticias\/wp-json\/wp\/v2\/posts\/485151\/revisions"}],"wp:attachment":[{"href":"https:\/\/www.eldigitaldeasturias.com\/noticias\/wp-json\/wp\/v2\/media?parent=485151"}],"wp:term":[{"taxonomy":"category","embeddable":true,"href":"https:\/\/www.eldigitaldeasturias.com\/noticias\/wp-json\/wp\/v2\/categories?post=485151"},{"taxonomy":"post_tag","embeddable":true,"href":"https:\/\/www.eldigitaldeasturias.com\/noticias\/wp-json\/wp\/v2\/tags?post=485151"}],"curies":[{"name":"wp","href":"https:\/\/api.w.org\/{rel}","templated":true}]}}