{"id":485145,"date":"2014-02-06T19:44:05","date_gmt":"2014-02-06T20:44:05","guid":{"rendered":"http:\/\/www.eldigitaldeasturias.com\/noticias\/?p=485145"},"modified":"2014-02-06T19:44:05","modified_gmt":"2014-02-06T20:44:05","slug":"ugt-pide-que-junta-de-andalucia-tenga-en-cuenta-el-informe-de-la-camara-de-cuentas","status":"publish","type":"post","link":"https:\/\/www.eldigitaldeasturias.com\/noticias\/ugt-pide-que-junta-de-andalucia-tenga-en-cuenta-el-informe-de-la-camara-de-cuentas\/","title":{"rendered":"UGT pide que Junta de Andaluc\u00eda tenga en cuenta el informe de la C\u00e1mara de Cuentas"},"content":{"rendered":"<p><img loading=\"lazy\" decoding=\"async\" class=\"alignleft size-medium wp-image-485146\" alt=\"5916176w\" src=\"https:\/\/www.eldigitaldeasturias.com\/noticias\/wp-content\/uploads\/2014\/02\/5916176w-360x240.jpg\" width=\"360\" height=\"240\" \/>Bruselas, 6 feb (EFE).- El secretario general de la UGT, C\u00e1ndido M\u00e9ndez, pidi\u00f3 hoy a la Junta de Andaluc\u00eda que tenga en cuenta la responsabilidad compartida a la que apunta el informe de la C\u00e1mara de Cuentas sobre los programas de formaci\u00f3n Orienta de 2009 y 2010.<\/p>\n<p>\u00abAhora hay un elemento que se debe contemplar, que es el informe de la C\u00e1mara de Cuentas\u00bb, se\u00f1al\u00f3 M\u00e9ndez a la prensa en Bruselas, donde hoy ha participado en la reuni\u00f3n del comit\u00e9 de direcci\u00f3n de la Confederaci\u00f3n Europea de Sindicatos (CES).<\/p>\n<p>Seg\u00fan M\u00e9ndez, el informe concluye que \u00abha habido problemas de control\u00bb y \u00abacredita que hay una corresponsabilidad compartida, no de la Uni\u00f3n General de Trabajadores y de la Junta, sino de la Uni\u00f3n General de Trabajadores, de la Junta y del resto de organizaciones que participan en estos programas\u00bb.<\/p>\n<p>\u00abEl informe de la C\u00e1mara de Cuentas afecta, como es evidente, a la administraci\u00f3n auton\u00f3mica, y yo creo que incorpora un foco m\u00e1s amplio en relaci\u00f3n con el tratamiento que se est\u00e1 dando a la tramitaci\u00f3n de los programas de la Uni\u00f3n General de Trabajadores\u00bb, a\u00f1adi\u00f3.<\/p>\n<p>\u00abCreo que eso se deber\u00eda tener en cuenta\u00bb, dijo.<\/p>\n<p>Preguntado acerca de la devoluci\u00f3n de subvenciones a UGT por valor de 3,6 millones de euros que reclama la Junta de Andaluc\u00eda, M\u00e9ndez consider\u00f3 que \u00abno es razonable\u00bb.<\/p>\n<p>\u00abSi hay partidas que est\u00e1n mal justificadas o hay cualquier tipo de problema en las justificaciones pues l\u00f3gicamente esas partidas habr\u00e1 que revisarlas, pero yo, al menos, no creo que haya que contemplar una eliminaci\u00f3n total de las ayudas\u00bb, sostuvo.<\/p>\n<p>M\u00e9ndez dijo estar convencido de que \u00ablas cosas se han hecho en general bien\u00bb como, a su juicio, acreditar\u00e1 la propia investigaci\u00f3n.<\/p>\n<p>\u00abNosotros estamos a disposici\u00f3n de la administraci\u00f3n y vamos a aportar toda la documentaci\u00f3n y a colaborar para que esa situaci\u00f3n se esclarezca\u00bb, asegur\u00f3.<\/p>\n<p>La devoluci\u00f3n de la subvenciones, por tanto, deber\u00eda estar ligada a que se detecte \u00abalg\u00fan tipo de problema o de irregularidad\u00bb, por lo que cree que \u00abno es razonable contemplar esa eventualidad (la devoluci\u00f3n \u00edntegra)\u00bb, se\u00f1al\u00f3 M\u00e9ndez.<\/p>\n<p>La Consejer\u00eda de Econom\u00eda, Innovaci\u00f3n, Ciencia y Empleo de la Junta de Andaluc\u00eda ha iniciado y tramitado 19 expedientes de revisi\u00f3n de subvenciones otorgadas a UGT, de los que cuatro tienen el procedimiento de reintegro de subvenciones iniciado y quince est\u00e1n en distintas fases de tramitaci\u00f3n.<\/p>\n<p>De los expedientes, nueve procedimientos se mantienen abiertos en la Direcci\u00f3n General de Relaciones Laborales y en dos de ellos, con fecha 13 de enero de 2014, se inici\u00f3 el procedimiento de reintegro de subvenciones concedidas al sindicato por una suma total de 1,8 millones de euros vinculadas a programas de informaci\u00f3n y asesoramiento sobre actividad sindical y negociaci\u00f3n colectiva.<\/p>\n","protected":false},"excerpt":{"rendered":"<p>Bruselas, 6 feb (EFE).- El secretario general de la UGT, C\u00e1ndido M\u00e9ndez, pidi\u00f3 hoy a la Junta de Andaluc\u00eda que tenga en cuenta la responsabilidad compartida a la que apunta el informe de la C\u00e1mara de Cuentas sobre los programas de formaci\u00f3n Orienta de 2009 y 2010. \u00abAhora hay un elemento que se debe contemplar, [&hellip;]<\/p>\n","protected":false},"author":1,"featured_media":485146,"comment_status":"closed","ping_status":"open","sticky":false,"template":"","format":"standard","meta":{"footnotes":""},"categories":[1],"tags":[],"class_list":["post-485145","post","type-post","status-publish","format-standard","has-post-thumbnail","hentry","category-actualidad"],"aioseo_notices":[],"aioseo_head":"\n\t\t<!-- All in One SEO Pro 5.0.1 - aioseo.com -->\n\t<meta name=\"description\" content=\"Bruselas, 6 feb (EFE).- El secretario general de la UGT, C\u00e1ndido M\u00e9ndez, pidi\u00f3 hoy a la Junta de Andaluc\u00eda que tenga en cuenta la responsabilidad compartida a la que apunta el informe de la C\u00e1mara de Cuentas sobre los programas de formaci\u00f3n Orienta de 2009 y 2010. &quot;Ahora hay un elemento que se debe contemplar,\" \/>\n\t<meta name=\"robots\" content=\"max-image-preview:large\" \/>\n\t<meta name=\"author\" content=\"El Digital de Asturias\"\/>\n\t<meta name=\"google-site-verification\" content=\"UA-38556648-1\" \/>\n\t<meta name=\"msvalidate.01\" content=\"7dfe9f3f1b24437ab69f4f2559babe99\" \/>\n\t<meta name=\"keywords\" content=\"actualidad\" \/>\n\t<link rel=\"canonical\" href=\"https:\/\/www.eldigitaldeasturias.com\/noticias\/ugt-pide-que-junta-de-andalucia-tenga-en-cuenta-el-informe-de-la-camara-de-cuentas\/\" \/>\n\t<meta name=\"generator\" content=\"All in One SEO Pro (AIOSEO) 5.0.1\" \/>\n\t\t<meta property=\"og:locale\" content=\"es_ES\" \/>\n\t\t<meta property=\"og:site_name\" content=\"El Digital de Asturias\" \/>\n\t\t<meta property=\"og:type\" content=\"article\" \/>\n\t\t<meta property=\"og:title\" content=\"UGT pide que Junta de Andaluc\u00eda tenga en cuenta el informe de la C\u00e1mara de Cuentas - El Digital de Asturias\" \/>\n\t\t<meta property=\"og:description\" content=\"Bruselas, 6 feb (EFE).- El secretario general de la UGT, C\u00e1ndido M\u00e9ndez, pidi\u00f3 hoy a la Junta de Andaluc\u00eda que tenga en cuenta la responsabilidad compartida a la que apunta el informe de la C\u00e1mara de Cuentas sobre los programas de formaci\u00f3n Orienta de 2009 y 2010. &quot;Ahora hay un elemento que se debe contemplar,\" \/>\n\t\t<meta property=\"og:url\" content=\"https:\/\/www.eldigitaldeasturias.com\/noticias\/ugt-pide-que-junta-de-andalucia-tenga-en-cuenta-el-informe-de-la-camara-de-cuentas\/\" \/>\n\t\t<meta property=\"article:tag\" content=\"actualidad\" \/>\n\t\t<meta property=\"article:published_time\" content=\"2014-02-06T20:44:05+00:00\" \/>\n\t\t<meta property=\"article:modified_time\" content=\"2014-02-06T20:44:05+00:00\" \/>\n\t\t<meta property=\"article:publisher\" content=\"https:\/\/facebook.com\/eldigitaldeasturias\" \/>\n\t\t<meta name=\"twitter:card\" content=\"summary_large_image\" \/>\n\t\t<meta name=\"twitter:title\" content=\"UGT pide que Junta de Andaluc\u00eda tenga en cuenta el informe de la C\u00e1mara de Cuentas - El Digital de Asturias\" \/>\n\t\t<meta name=\"twitter:description\" content=\"Bruselas, 6 feb (EFE).- El secretario general de la UGT, C\u00e1ndido M\u00e9ndez, pidi\u00f3 hoy a la Junta de Andaluc\u00eda que tenga en cuenta la responsabilidad compartida a la que apunta el informe de la C\u00e1mara de Cuentas sobre los programas de formaci\u00f3n Orienta de 2009 y 2010. &quot;Ahora hay un elemento que se debe contemplar,\" \/>\n\t\t<meta name=\"twitter:label1\" content=\"Escrito por\" \/>\n\t\t<meta name=\"twitter:data1\" content=\"El Digital de Asturias\" \/>\n\t\t<meta name=\"twitter:label2\" content=\"Tiempo de lectura estimado\" \/>\n\t\t<meta name=\"twitter:data2\" content=\"2 minutos\" \/>\n\t\t<script type=\"application\/ld+json\" class=\"aioseo-schema\">\n\t\t\t{\"@context\":\"https:\\\/\\\/schema.org\",\"@graph\":[{\"@type\":\"BlogPosting\",\"@id\":\"https:\\\/\\\/www.eldigitaldeasturias.com\\\/noticias\\\/ugt-pide-que-junta-de-andalucia-tenga-en-cuenta-el-informe-de-la-camara-de-cuentas\\\/#blogposting\",\"name\":\"UGT pide que Junta de Andaluc\\u00eda tenga en cuenta el informe de la C\\u00e1mara de Cuentas - El Digital de Asturias\",\"headline\":\"UGT pide que Junta de Andaluc\\u00eda tenga en cuenta el informe de la C\\u00e1mara de Cuentas\",\"author\":{\"@id\":\"https:\\\/\\\/www.eldigitaldeasturias.com\\\/noticias\\\/author\\\/admin\\\/#author\"},\"publisher\":{\"@id\":\"https:\\\/\\\/www.eldigitaldeasturias.com\\\/noticias\\\/#organization\"},\"image\":{\"@type\":\"ImageObject\",\"url\":485146},\"datePublished\":\"2014-02-06T19:44:05+01:00\",\"dateModified\":\"2014-02-06T19:44:05+01:00\",\"inLanguage\":\"es-ES\",\"mainEntityOfPage\":{\"@id\":\"https:\\\/\\\/www.eldigitaldeasturias.com\\\/noticias\\\/ugt-pide-que-junta-de-andalucia-tenga-en-cuenta-el-informe-de-la-camara-de-cuentas\\\/#webpage\"},\"isPartOf\":{\"@id\":\"https:\\\/\\\/www.eldigitaldeasturias.com\\\/noticias\\\/ugt-pide-que-junta-de-andalucia-tenga-en-cuenta-el-informe-de-la-camara-de-cuentas\\\/#webpage\"},\"articleSection\":\"Actualidad\"},{\"@type\":\"BreadcrumbList\",\"@id\":\"https:\\\/\\\/www.eldigitaldeasturias.com\\\/noticias\\\/ugt-pide-que-junta-de-andalucia-tenga-en-cuenta-el-informe-de-la-camara-de-cuentas\\\/#breadcrumblist\",\"itemListElement\":[{\"@type\":\"ListItem\",\"@id\":\"https:\\\/\\\/www.eldigitaldeasturias.com\\\/noticias#listItem\",\"position\":1,\"name\":\"Home\",\"item\":\"https:\\\/\\\/www.eldigitaldeasturias.com\\\/noticias\",\"nextItem\":{\"@type\":\"ListItem\",\"@id\":\"https:\\\/\\\/www.eldigitaldeasturias.com\\\/noticias\\\/category\\\/actualidad\\\/#listItem\",\"name\":\"Actualidad\"}},{\"@type\":\"ListItem\",\"@id\":\"https:\\\/\\\/www.eldigitaldeasturias.com\\\/noticias\\\/category\\\/actualidad\\\/#listItem\",\"position\":2,\"name\":\"Actualidad\",\"item\":\"https:\\\/\\\/www.eldigitaldeasturias.com\\\/noticias\\\/category\\\/actualidad\\\/\",\"nextItem\":{\"@type\":\"ListItem\",\"@id\":\"https:\\\/\\\/www.eldigitaldeasturias.com\\\/noticias\\\/ugt-pide-que-junta-de-andalucia-tenga-en-cuenta-el-informe-de-la-camara-de-cuentas\\\/#listItem\",\"name\":\"UGT pide que Junta de Andaluc\\u00eda tenga en cuenta el informe de la C\\u00e1mara de Cuentas\"},\"previousItem\":{\"@type\":\"ListItem\",\"@id\":\"https:\\\/\\\/www.eldigitaldeasturias.com\\\/noticias#listItem\",\"name\":\"Home\"}},{\"@type\":\"ListItem\",\"@id\":\"https:\\\/\\\/www.eldigitaldeasturias.com\\\/noticias\\\/ugt-pide-que-junta-de-andalucia-tenga-en-cuenta-el-informe-de-la-camara-de-cuentas\\\/#listItem\",\"position\":3,\"name\":\"UGT pide que Junta de Andaluc\\u00eda tenga en cuenta el informe de la C\\u00e1mara de Cuentas\",\"previousItem\":{\"@type\":\"ListItem\",\"@id\":\"https:\\\/\\\/www.eldigitaldeasturias.com\\\/noticias\\\/category\\\/actualidad\\\/#listItem\",\"name\":\"Actualidad\"}}]},{\"@type\":\"Organization\",\"@id\":\"https:\\\/\\\/www.eldigitaldeasturias.com\\\/noticias\\\/#organization\",\"name\":\"El Digital de Asturias\",\"description\":\"Hemeroteca\",\"url\":\"https:\\\/\\\/www.eldigitaldeasturias.com\\\/noticias\\\/\",\"email\":\"info@eldigitaldeasturias.com\",\"telephone\":\"+34652131393\",\"logo\":{\"@type\":\"ImageObject\",\"url\":\"https:\\\/\\\/www.eldigitaldeasturias.com\\\/noticias\\\/wp-content\\\/uploads\\\/2020\\\/12\\\/EDA.jpg\",\"@id\":\"https:\\\/\\\/www.eldigitaldeasturias.com\\\/noticias\\\/ugt-pide-que-junta-de-andalucia-tenga-en-cuenta-el-informe-de-la-camara-de-cuentas\\\/#organizationLogo\"},\"image\":{\"@id\":\"https:\\\/\\\/www.eldigitaldeasturias.com\\\/noticias\\\/ugt-pide-que-junta-de-andalucia-tenga-en-cuenta-el-informe-de-la-camara-de-cuentas\\\/#organizationLogo\"},\"sameAs\":[\"https:\\\/\\\/facebook.com\\\/eldigitaldeasturias\",\"https:\\\/\\\/www.youtube.com\\\/channel\\\/UCZP-2wLEB9Rv6erhFmqVnvg\"],\"address\":{\"@id\":\"https:\\\/\\\/www.eldigitaldeasturias.com\\\/noticias\\\/#postaladdress\",\"@type\":\"PostalAddress\",\"streetAddress\":\"san antonio 4\",\"postalCode\":\"33430\",\"addressLocality\":\"Cand\\u00e1s\",\"addressRegion\":\"Asturias\",\"addressCountry\":\"ES\"}},{\"@type\":\"Person\",\"@id\":\"https:\\\/\\\/www.eldigitaldeasturias.com\\\/noticias\\\/author\\\/admin\\\/#author\",\"url\":\"https:\\\/\\\/www.eldigitaldeasturias.com\\\/noticias\\\/author\\\/admin\\\/\",\"name\":\"El Digital de Asturias\",\"image\":{\"@type\":\"ImageObject\",\"@id\":\"https:\\\/\\\/www.eldigitaldeasturias.com\\\/noticias\\\/ugt-pide-que-junta-de-andalucia-tenga-en-cuenta-el-informe-de-la-camara-de-cuentas\\\/#authorImage\",\"url\":\"https:\\\/\\\/secure.gravatar.com\\\/avatar\\\/df2aeffc32bcd13f8d26072ef8a91b623d677766deac7f97ca815868cd41bf5e?s=96&d=mm&r=g\",\"width\":96,\"height\":96,\"caption\":\"El Digital de Asturias\"}},{\"@type\":\"WebPage\",\"@id\":\"https:\\\/\\\/www.eldigitaldeasturias.com\\\/noticias\\\/ugt-pide-que-junta-de-andalucia-tenga-en-cuenta-el-informe-de-la-camara-de-cuentas\\\/#webpage\",\"url\":\"https:\\\/\\\/www.eldigitaldeasturias.com\\\/noticias\\\/ugt-pide-que-junta-de-andalucia-tenga-en-cuenta-el-informe-de-la-camara-de-cuentas\\\/\",\"name\":\"UGT pide que Junta de Andaluc\\u00eda tenga en cuenta el informe de la C\\u00e1mara de Cuentas - El Digital de Asturias\",\"description\":\"Bruselas, 6 feb (EFE).- El secretario general de la UGT, C\\u00e1ndido M\\u00e9ndez, pidi\\u00f3 hoy a la Junta de Andaluc\\u00eda que tenga en cuenta la responsabilidad compartida a la que apunta el informe de la C\\u00e1mara de Cuentas sobre los programas de formaci\\u00f3n Orienta de 2009 y 2010. \\\"Ahora hay un elemento que se debe contemplar,\",\"inLanguage\":\"es-ES\",\"isPartOf\":{\"@id\":\"https:\\\/\\\/www.eldigitaldeasturias.com\\\/noticias\\\/#website\"},\"breadcrumb\":{\"@id\":\"https:\\\/\\\/www.eldigitaldeasturias.com\\\/noticias\\\/ugt-pide-que-junta-de-andalucia-tenga-en-cuenta-el-informe-de-la-camara-de-cuentas\\\/#breadcrumblist\"},\"author\":{\"@id\":\"https:\\\/\\\/www.eldigitaldeasturias.com\\\/noticias\\\/author\\\/admin\\\/#author\"},\"creator\":{\"@id\":\"https:\\\/\\\/www.eldigitaldeasturias.com\\\/noticias\\\/author\\\/admin\\\/#author\"},\"image\":{\"@type\":\"ImageObject\",\"url\":485146,\"@id\":\"https:\\\/\\\/www.eldigitaldeasturias.com\\\/noticias\\\/ugt-pide-que-junta-de-andalucia-tenga-en-cuenta-el-informe-de-la-camara-de-cuentas\\\/#mainImage\"},\"primaryImageOfPage\":{\"@id\":\"https:\\\/\\\/www.eldigitaldeasturias.com\\\/noticias\\\/ugt-pide-que-junta-de-andalucia-tenga-en-cuenta-el-informe-de-la-camara-de-cuentas\\\/#mainImage\"},\"datePublished\":\"2014-02-06T19:44:05+01:00\",\"dateModified\":\"2014-02-06T19:44:05+01:00\"},{\"@type\":\"WebSite\",\"@id\":\"https:\\\/\\\/www.eldigitaldeasturias.com\\\/noticias\\\/#website\",\"url\":\"https:\\\/\\\/www.eldigitaldeasturias.com\\\/noticias\\\/\",\"name\":\"El Digital de Asturias - Diario de actualidad y noticias\",\"alternateName\":\"El Digital de Asturias - Diario de actualidad y noticias\",\"description\":\"Hemeroteca\",\"inLanguage\":\"es-ES\",\"publisher\":{\"@id\":\"https:\\\/\\\/www.eldigitaldeasturias.com\\\/noticias\\\/#organization\"}}]}\n\t\t<\/script>\n\t\t<!-- All in One SEO Pro -->\r\n\t\t<title>UGT pide que Junta de Andaluc\u00eda tenga en cuenta el informe de la C\u00e1mara de Cuentas - El Digital de Asturias<\/title>\n\n","aioseo_head_json":{"title":"UGT pide que Junta de Andaluc\u00eda tenga en cuenta el informe de la C\u00e1mara de Cuentas - El Digital de Asturias","description":"Bruselas, 6 feb (EFE).- El secretario general de la UGT, C\u00e1ndido M\u00e9ndez, pidi\u00f3 hoy a la Junta de Andaluc\u00eda que tenga en cuenta la responsabilidad compartida a la que apunta el informe de la C\u00e1mara de Cuentas sobre los programas de formaci\u00f3n Orienta de 2009 y 2010. \"Ahora hay un elemento que se debe contemplar,","canonical_url":"https:\/\/www.eldigitaldeasturias.com\/noticias\/ugt-pide-que-junta-de-andalucia-tenga-en-cuenta-el-informe-de-la-camara-de-cuentas\/","robots":"max-image-preview:large","keywords":"actualidad","webmasterTools":{"google-site-verification":"UA-38556648-1","msvalidate.01":"7dfe9f3f1b24437ab69f4f2559babe99","miscellaneous":""},"schema":{"@context":"https:\/\/schema.org","@graph":[{"@type":"BlogPosting","@id":"https:\/\/www.eldigitaldeasturias.com\/noticias\/ugt-pide-que-junta-de-andalucia-tenga-en-cuenta-el-informe-de-la-camara-de-cuentas\/#blogposting","name":"UGT pide que Junta de Andaluc\u00eda tenga en cuenta el informe de la C\u00e1mara de Cuentas - El Digital de Asturias","headline":"UGT pide que Junta de Andaluc\u00eda tenga en cuenta el informe de la C\u00e1mara de Cuentas","author":{"@id":"https:\/\/www.eldigitaldeasturias.com\/noticias\/author\/admin\/#author"},"publisher":{"@id":"https:\/\/www.eldigitaldeasturias.com\/noticias\/#organization"},"image":{"@type":"ImageObject","url":485146},"datePublished":"2014-02-06T19:44:05+01:00","dateModified":"2014-02-06T19:44:05+01:00","inLanguage":"es-ES","mainEntityOfPage":{"@id":"https:\/\/www.eldigitaldeasturias.com\/noticias\/ugt-pide-que-junta-de-andalucia-tenga-en-cuenta-el-informe-de-la-camara-de-cuentas\/#webpage"},"isPartOf":{"@id":"https:\/\/www.eldigitaldeasturias.com\/noticias\/ugt-pide-que-junta-de-andalucia-tenga-en-cuenta-el-informe-de-la-camara-de-cuentas\/#webpage"},"articleSection":"Actualidad"},{"@type":"BreadcrumbList","@id":"https:\/\/www.eldigitaldeasturias.com\/noticias\/ugt-pide-que-junta-de-andalucia-tenga-en-cuenta-el-informe-de-la-camara-de-cuentas\/#breadcrumblist","itemListElement":[{"@type":"ListItem","@id":"https:\/\/www.eldigitaldeasturias.com\/noticias#listItem","position":1,"name":"Home","item":"https:\/\/www.eldigitaldeasturias.com\/noticias","nextItem":{"@type":"ListItem","@id":"https:\/\/www.eldigitaldeasturias.com\/noticias\/category\/actualidad\/#listItem","name":"Actualidad"}},{"@type":"ListItem","@id":"https:\/\/www.eldigitaldeasturias.com\/noticias\/category\/actualidad\/#listItem","position":2,"name":"Actualidad","item":"https:\/\/www.eldigitaldeasturias.com\/noticias\/category\/actualidad\/","nextItem":{"@type":"ListItem","@id":"https:\/\/www.eldigitaldeasturias.com\/noticias\/ugt-pide-que-junta-de-andalucia-tenga-en-cuenta-el-informe-de-la-camara-de-cuentas\/#listItem","name":"UGT pide que Junta de Andaluc\u00eda tenga en cuenta el informe de la C\u00e1mara de Cuentas"},"previousItem":{"@type":"ListItem","@id":"https:\/\/www.eldigitaldeasturias.com\/noticias#listItem","name":"Home"}},{"@type":"ListItem","@id":"https:\/\/www.eldigitaldeasturias.com\/noticias\/ugt-pide-que-junta-de-andalucia-tenga-en-cuenta-el-informe-de-la-camara-de-cuentas\/#listItem","position":3,"name":"UGT pide que Junta de Andaluc\u00eda tenga en cuenta el informe de la C\u00e1mara de Cuentas","previousItem":{"@type":"ListItem","@id":"https:\/\/www.eldigitaldeasturias.com\/noticias\/category\/actualidad\/#listItem","name":"Actualidad"}}]},{"@type":"Organization","@id":"https:\/\/www.eldigitaldeasturias.com\/noticias\/#organization","name":"El Digital de Asturias","description":"Hemeroteca","url":"https:\/\/www.eldigitaldeasturias.com\/noticias\/","email":"info@eldigitaldeasturias.com","telephone":"+34652131393","logo":{"@type":"ImageObject","url":"https:\/\/www.eldigitaldeasturias.com\/noticias\/wp-content\/uploads\/2020\/12\/EDA.jpg","@id":"https:\/\/www.eldigitaldeasturias.com\/noticias\/ugt-pide-que-junta-de-andalucia-tenga-en-cuenta-el-informe-de-la-camara-de-cuentas\/#organizationLogo"},"image":{"@id":"https:\/\/www.eldigitaldeasturias.com\/noticias\/ugt-pide-que-junta-de-andalucia-tenga-en-cuenta-el-informe-de-la-camara-de-cuentas\/#organizationLogo"},"sameAs":["https:\/\/facebook.com\/eldigitaldeasturias","https:\/\/www.youtube.com\/channel\/UCZP-2wLEB9Rv6erhFmqVnvg"],"address":{"@id":"https:\/\/www.eldigitaldeasturias.com\/noticias\/#postaladdress","@type":"PostalAddress","streetAddress":"san antonio 4","postalCode":"33430","addressLocality":"Cand\u00e1s","addressRegion":"Asturias","addressCountry":"ES"}},{"@type":"Person","@id":"https:\/\/www.eldigitaldeasturias.com\/noticias\/author\/admin\/#author","url":"https:\/\/www.eldigitaldeasturias.com\/noticias\/author\/admin\/","name":"El Digital de Asturias","image":{"@type":"ImageObject","@id":"https:\/\/www.eldigitaldeasturias.com\/noticias\/ugt-pide-que-junta-de-andalucia-tenga-en-cuenta-el-informe-de-la-camara-de-cuentas\/#authorImage","url":"https:\/\/secure.gravatar.com\/avatar\/df2aeffc32bcd13f8d26072ef8a91b623d677766deac7f97ca815868cd41bf5e?s=96&d=mm&r=g","width":96,"height":96,"caption":"El Digital de Asturias"}},{"@type":"WebPage","@id":"https:\/\/www.eldigitaldeasturias.com\/noticias\/ugt-pide-que-junta-de-andalucia-tenga-en-cuenta-el-informe-de-la-camara-de-cuentas\/#webpage","url":"https:\/\/www.eldigitaldeasturias.com\/noticias\/ugt-pide-que-junta-de-andalucia-tenga-en-cuenta-el-informe-de-la-camara-de-cuentas\/","name":"UGT pide que Junta de Andaluc\u00eda tenga en cuenta el informe de la C\u00e1mara de Cuentas - El Digital de Asturias","description":"Bruselas, 6 feb (EFE).- El secretario general de la UGT, C\u00e1ndido M\u00e9ndez, pidi\u00f3 hoy a la Junta de Andaluc\u00eda que tenga en cuenta la responsabilidad compartida a la que apunta el informe de la C\u00e1mara de Cuentas sobre los programas de formaci\u00f3n Orienta de 2009 y 2010. \"Ahora hay un elemento que se debe contemplar,","inLanguage":"es-ES","isPartOf":{"@id":"https:\/\/www.eldigitaldeasturias.com\/noticias\/#website"},"breadcrumb":{"@id":"https:\/\/www.eldigitaldeasturias.com\/noticias\/ugt-pide-que-junta-de-andalucia-tenga-en-cuenta-el-informe-de-la-camara-de-cuentas\/#breadcrumblist"},"author":{"@id":"https:\/\/www.eldigitaldeasturias.com\/noticias\/author\/admin\/#author"},"creator":{"@id":"https:\/\/www.eldigitaldeasturias.com\/noticias\/author\/admin\/#author"},"image":{"@type":"ImageObject","url":485146,"@id":"https:\/\/www.eldigitaldeasturias.com\/noticias\/ugt-pide-que-junta-de-andalucia-tenga-en-cuenta-el-informe-de-la-camara-de-cuentas\/#mainImage"},"primaryImageOfPage":{"@id":"https:\/\/www.eldigitaldeasturias.com\/noticias\/ugt-pide-que-junta-de-andalucia-tenga-en-cuenta-el-informe-de-la-camara-de-cuentas\/#mainImage"},"datePublished":"2014-02-06T19:44:05+01:00","dateModified":"2014-02-06T19:44:05+01:00"},{"@type":"WebSite","@id":"https:\/\/www.eldigitaldeasturias.com\/noticias\/#website","url":"https:\/\/www.eldigitaldeasturias.com\/noticias\/","name":"El Digital de Asturias - Diario de actualidad y noticias","alternateName":"El Digital de Asturias - Diario de actualidad y noticias","description":"Hemeroteca","inLanguage":"es-ES","publisher":{"@id":"https:\/\/www.eldigitaldeasturias.com\/noticias\/#organization"}}]},"og:locale":"es_ES","og:site_name":"El Digital de Asturias","og:type":"article","og:title":"UGT pide que Junta de Andaluc\u00eda tenga en cuenta el informe de la C\u00e1mara de Cuentas - El Digital de Asturias","og:description":"Bruselas, 6 feb (EFE).- El secretario general de la UGT, C\u00e1ndido M\u00e9ndez, pidi\u00f3 hoy a la Junta de Andaluc\u00eda que tenga en cuenta la responsabilidad compartida a la que apunta el informe de la C\u00e1mara de Cuentas sobre los programas de formaci\u00f3n Orienta de 2009 y 2010. &quot;Ahora hay un elemento que se debe contemplar,","og:url":"https:\/\/www.eldigitaldeasturias.com\/noticias\/ugt-pide-que-junta-de-andalucia-tenga-en-cuenta-el-informe-de-la-camara-de-cuentas\/","article:tag":["actualidad"],"article:published_time":"2014-02-06T20:44:05+00:00","article:modified_time":"2014-02-06T20:44:05+00:00","article:publisher":"https:\/\/facebook.com\/eldigitaldeasturias","twitter:card":"summary_large_image","twitter:title":"UGT pide que Junta de Andaluc\u00eda tenga en cuenta el informe de la C\u00e1mara de Cuentas - El Digital de Asturias","twitter:description":"Bruselas, 6 feb (EFE).- El secretario general de la UGT, C\u00e1ndido M\u00e9ndez, pidi\u00f3 hoy a la Junta de Andaluc\u00eda que tenga en cuenta la responsabilidad compartida a la que apunta el informe de la C\u00e1mara de Cuentas sobre los programas de formaci\u00f3n Orienta de 2009 y 2010. &quot;Ahora hay un elemento que se debe contemplar,","twitter:label1":"Escrito por","twitter:data1":"El Digital de Asturias","twitter:label2":"Tiempo de lectura estimado","twitter:data2":"2 minutos"},"aioseo_meta_data":{"post_id":"485145","title":null,"description":null,"keywords":null,"keyphrases":null,"primary_term":null,"canonical_url":null,"og_title":null,"og_description":null,"og_object_type":"default","og_image_type":"default","og_image_url":null,"og_image_width":null,"og_image_height":null,"og_image_custom_url":null,"og_image_custom_fields":null,"og_video":null,"og_custom_url":null,"og_article_section":null,"og_article_tags":null,"twitter_use_og":true,"twitter_card":"default","twitter_image_type":"default","twitter_image_url":null,"twitter_image_custom_url":null,"twitter_image_custom_fields":null,"twitter_title":null,"twitter_description":null,"schema":{"blockGraphs":[],"customGraphs":[],"default":{"data":{"Article":[],"Course":[],"Dataset":[],"FAQPage":[],"Movie":[],"Person":[],"Product":[],"ProductReview":[],"Car":[],"Recipe":[],"Service":[],"SoftwareApplication":[],"WebPage":[]},"graphName":"","isEnabled":true},"graphs":[],"defaultGraph":"","defaultPostTypeGraph":""},"schema_type":null,"schema_type_options":null,"pillar_content":false,"robots_default":true,"robots_noindex":false,"robots_noarchive":false,"robots_nosnippet":false,"robots_nofollow":false,"robots_noimageindex":false,"robots_noodp":false,"robots_notranslate":false,"robots_max_snippet":null,"robots_max_videopreview":null,"robots_max_imagepreview":"none","priority":null,"frequency":null,"local_seo":null,"seo_analyzer_scan_date":"2026-06-02 18:56:06","breadcrumb_settings":null,"limit_modified_date":false,"open_ai":null,"ai":null,"created":"2020-11-14 22:55:11","updated":"2026-06-02 18:56:06","focus_keyword":null,"additional_keywords":null,"truseo_locale":null},"aioseo_breadcrumb":"<div class=\"aioseo-breadcrumbs\"><span class=\"aioseo-breadcrumb\">\n\t<a href=\"https:\/\/www.eldigitaldeasturias.com\/noticias\" title=\"Home\">Home<\/a>\n<\/span><span class=\"aioseo-breadcrumb-separator\">\u2013<\/span><span class=\"aioseo-breadcrumb\">\n\t<a href=\"https:\/\/www.eldigitaldeasturias.com\/noticias\/category\/actualidad\/\" title=\"Actualidad\">Actualidad<\/a>\n<\/span><span class=\"aioseo-breadcrumb-separator\">\u2013<\/span><span class=\"aioseo-breadcrumb\">\n\t<a href=\"https:\/\/www.eldigitaldeasturias.com\/noticias\/ugt-pide-que-junta-de-andalucia-tenga-en-cuenta-el-informe-de-la-camara-de-cuentas\/\" title=\"UGT pide que Junta de Andaluc\u00eda tenga en cuenta el informe de la C\u00e1mara de Cuentas\">UGT pide que Junta de Andaluc\u00eda tenga en cuenta el informe de la C\u00e1mara de Cuentas<\/a>\n<\/span><\/div>","aioseo_breadcrumb_json":[{"label":"Home","link":"https:\/\/www.eldigitaldeasturias.com\/noticias"},{"label":"Actualidad","link":"https:\/\/www.eldigitaldeasturias.com\/noticias\/category\/actualidad\/"},{"label":"UGT pide que Junta de Andaluc\u00eda tenga en cuenta el informe de la C\u00e1mara de Cuentas","link":"https:\/\/www.eldigitaldeasturias.com\/noticias\/ugt-pide-que-junta-de-andalucia-tenga-en-cuenta-el-informe-de-la-camara-de-cuentas\/"}],"_links":{"self":[{"href":"https:\/\/www.eldigitaldeasturias.com\/noticias\/wp-json\/wp\/v2\/posts\/485145","targetHints":{"allow":["GET"]}}],"collection":[{"href":"https:\/\/www.eldigitaldeasturias.com\/noticias\/wp-json\/wp\/v2\/posts"}],"about":[{"href":"https:\/\/www.eldigitaldeasturias.com\/noticias\/wp-json\/wp\/v2\/types\/post"}],"author":[{"embeddable":true,"href":"https:\/\/www.eldigitaldeasturias.com\/noticias\/wp-json\/wp\/v2\/users\/1"}],"replies":[{"embeddable":true,"href":"https:\/\/www.eldigitaldeasturias.com\/noticias\/wp-json\/wp\/v2\/comments?post=485145"}],"version-history":[{"count":0,"href":"https:\/\/www.eldigitaldeasturias.com\/noticias\/wp-json\/wp\/v2\/posts\/485145\/revisions"}],"wp:attachment":[{"href":"https:\/\/www.eldigitaldeasturias.com\/noticias\/wp-json\/wp\/v2\/media?parent=485145"}],"wp:term":[{"taxonomy":"category","embeddable":true,"href":"https:\/\/www.eldigitaldeasturias.com\/noticias\/wp-json\/wp\/v2\/categories?post=485145"},{"taxonomy":"post_tag","embeddable":true,"href":"https:\/\/www.eldigitaldeasturias.com\/noticias\/wp-json\/wp\/v2\/tags?post=485145"}],"curies":[{"name":"wp","href":"https:\/\/api.w.org\/{rel}","templated":true}]}}