{"id":485115,"date":"2014-02-06T19:32:32","date_gmt":"2014-02-06T20:32:32","guid":{"rendered":"http:\/\/www.eldigitaldeasturias.com\/noticias\/?p=485115"},"modified":"2014-02-06T19:32:32","modified_gmt":"2014-02-06T20:32:32","slug":"martinelli-pide-apoyar-el-canal-de-panama-ante-la-irresponsabilidad-del-consorcio","status":"publish","type":"post","link":"https:\/\/www.eldigitaldeasturias.com\/noticias\/martinelli-pide-apoyar-el-canal-de-panama-ante-la-irresponsabilidad-del-consorcio\/","title":{"rendered":"Martinelli pide apoyar el Canal de Panam\u00e1 ante la \u00abirresponsabilidad\u00bb del consorcio"},"content":{"rendered":"<p><img loading=\"lazy\" decoding=\"async\" class=\"alignleft size-medium wp-image-485116\" alt=\"5915321w\" src=\"https:\/\/www.eldigitaldeasturias.com\/noticias\/wp-content\/uploads\/2014\/02\/5915321w-360x251.jpg\" width=\"360\" height=\"251\" \/>Panam\u00e1, 6 feb (EFE).- El presidente paname\u00f1o, Ricardo Martinelli, pidi\u00f3 a la naci\u00f3n apoyar plenamente las decisiones de la Autoridad del Canal de Panam\u00e1 frente a la \u00abirresponsabilidad\u00bb, dijo, del consorcio a cargo de la ampliaci\u00f3n de la v\u00eda, que suspendi\u00f3 los trabajos por falta de fondos.<\/p>\n<p>\u00abCreo que es una irresponsabilidad de parte del GUPC hacer eso (&#8230;) yo no s\u00e9 que se han cre\u00eddo estos se\u00f1ores: Firman un contrato, hacen una licitaci\u00f3n y despu\u00e9s no cumplen. \u00a1Eso es inaudito!\u00bb, declar\u00f3 Martinelli a los periodistas.<\/p>\n<p>El gobernante pidi\u00f3 \u00aba todo el pueblo paname\u00f1o cerrar filas con la Autoridad del Canal de Panam\u00e1\u00bb (ACP) y apoyar \u00abtodas sus decisiones\u00bb, que pueden incluir la eventual ruptura del contrato con el consorcio liderado por la espa\u00f1ola Sacyr y la italiana Impregilo.<\/p>\n<p>El proyecto de ampliaci\u00f3n del Canal de Panam\u00e1 \u00ablo vamos a terminar llueve, truene o relampaguee\u00bb, sostuvo Martinelli, visiblemente contrariado.<\/p>\n<p>La medianoche de ayer martes culmin\u00f3 el plazo establecido por la ACP y el Grupo Unidos por el Canal (GUPC) para consensuar un plan financiero que inyectara dinero fresco a la construcci\u00f3n del tercer juego de esclusas del Canal de Panam\u00e1, un proyecto que ha avanzado en m\u00e1s del 65 %.<\/p>\n<p>El consorcio reclama m\u00e1s de 1.600 millones de d\u00f3lares en \u00absobrecostes\u00bb derivados de imprevistos de los que responsabiliza a la ACP, y que le habr\u00edan dejado sin dinero para continuar con los trabajos, que hasta ayer se desarrollaban con mucha lentitud pero fueron completamente suspendidos, seg\u00fan pudo constar Efe en un recorrido por las obras.<\/p>\n<p>El administrador de la ACP, Jorge Quijano, exigi\u00f3 al consorcio que respete el contrato y reanude las obras, y anunci\u00f3 que iniciaba un per\u00edodo de an\u00e1lisis a fin de tomar las medidas que garanticen la culminaci\u00f3n de los trabajos \u00aben el 2015 con o sin el GUPC\u00bb.<\/p>\n<p>El tercer juego de esclusas, que permitir\u00e1 el tr\u00e1nsito de barcos con hasta 12.600 contenedores, casi el triple de lo actual, deb\u00eda estar listo en octubre pr\u00f3ximo, pero ya el GUPC anunci\u00f3 el a\u00f1o pasado un retraso hasta junio de 2015.<\/p>\n<p>Quijano aclar\u00f3 este mi\u00e9rcoles que la puerta al di\u00e1logo sigue abierta para el consorcio aunque alert\u00f3 que se cerraba \u00abminuto a minuto\u00bb, y reiter\u00f3 que la Autoridad del Canal tiene la capacidad financiera y t\u00e9cnica para asumir el proyecto y finalizarlo en caso de que ello sea necesario.<\/p>\n<p>\u00abComo dije siempre, hay posibilidades de acuerdo, lo que no vamos a permitir es que esta obra se detenga por un per\u00edodo excesivo, tomaremos las acciones necesarias en el momento adecuado (&#8230;) vamos a observar todos los pasos legales para asegurarnos que nuestras decisiones son correctas y est\u00e1n dentro del contrato\u00bb, dijo Quijano en una rueda de prensa.<\/p>\n<p>Por su parte, el consorcio anunci\u00f3 en Madrid que la ACP rompi\u00f3 las negociaciones, aunque asegur\u00f3 que el GUPC \u00absigue buscando una soluci\u00f3n de financiaci\u00f3n\u00bb para terminar las obras en 2015.<\/p>\n","protected":false},"excerpt":{"rendered":"<p>Panam\u00e1, 6 feb (EFE).- El presidente paname\u00f1o, Ricardo Martinelli, pidi\u00f3 a la naci\u00f3n apoyar plenamente las decisiones de la Autoridad del Canal de Panam\u00e1 frente a la \u00abirresponsabilidad\u00bb, dijo, del consorcio a cargo de la ampliaci\u00f3n de la v\u00eda, que suspendi\u00f3 los trabajos por falta de fondos. \u00abCreo que es una irresponsabilidad de parte del [&hellip;]<\/p>\n","protected":false},"author":1,"featured_media":485116,"comment_status":"closed","ping_status":"open","sticky":false,"template":"","format":"standard","meta":{"footnotes":""},"categories":[1],"tags":[],"class_list":["post-485115","post","type-post","status-publish","format-standard","has-post-thumbnail","hentry","category-actualidad"],"aioseo_notices":[],"aioseo_head":"\n\t\t<!-- All in One SEO Pro 5.0.1 - aioseo.com -->\n\t<meta name=\"description\" content=\"Panam\u00e1, 6 feb (EFE).- El presidente paname\u00f1o, Ricardo Martinelli, pidi\u00f3 a la naci\u00f3n apoyar plenamente las decisiones de la Autoridad del Canal de Panam\u00e1 frente a la &quot;irresponsabilidad&quot;, dijo, del consorcio a cargo de la ampliaci\u00f3n de la v\u00eda, que suspendi\u00f3 los trabajos por falta de fondos. &quot;Creo que es una irresponsabilidad de parte del\" \/>\n\t<meta name=\"robots\" content=\"max-image-preview:large\" \/>\n\t<meta name=\"author\" content=\"El Digital de Asturias\"\/>\n\t<meta name=\"google-site-verification\" content=\"UA-38556648-1\" \/>\n\t<meta name=\"msvalidate.01\" content=\"7dfe9f3f1b24437ab69f4f2559babe99\" \/>\n\t<meta name=\"keywords\" content=\"actualidad\" \/>\n\t<link rel=\"canonical\" href=\"https:\/\/www.eldigitaldeasturias.com\/noticias\/martinelli-pide-apoyar-el-canal-de-panama-ante-la-irresponsabilidad-del-consorcio\/\" \/>\n\t<meta name=\"generator\" content=\"All in One SEO Pro (AIOSEO) 5.0.1\" \/>\n\t\t<meta property=\"og:locale\" content=\"es_ES\" \/>\n\t\t<meta property=\"og:site_name\" content=\"El Digital de Asturias\" \/>\n\t\t<meta property=\"og:type\" content=\"article\" \/>\n\t\t<meta property=\"og:title\" content=\"Martinelli pide apoyar el Canal de Panam\u00e1 ante la \u00abirresponsabilidad\u00bb del consorcio - El Digital de Asturias\" \/>\n\t\t<meta property=\"og:description\" content=\"Panam\u00e1, 6 feb (EFE).- El presidente paname\u00f1o, Ricardo Martinelli, pidi\u00f3 a la naci\u00f3n apoyar plenamente las decisiones de la Autoridad del Canal de Panam\u00e1 frente a la &quot;irresponsabilidad&quot;, dijo, del consorcio a cargo de la ampliaci\u00f3n de la v\u00eda, que suspendi\u00f3 los trabajos por falta de fondos. &quot;Creo que es una irresponsabilidad de parte del\" \/>\n\t\t<meta property=\"og:url\" content=\"https:\/\/www.eldigitaldeasturias.com\/noticias\/martinelli-pide-apoyar-el-canal-de-panama-ante-la-irresponsabilidad-del-consorcio\/\" \/>\n\t\t<meta property=\"article:tag\" content=\"actualidad\" \/>\n\t\t<meta property=\"article:published_time\" content=\"2014-02-06T20:32:32+00:00\" \/>\n\t\t<meta property=\"article:modified_time\" content=\"2014-02-06T20:32:32+00:00\" \/>\n\t\t<meta property=\"article:publisher\" content=\"https:\/\/facebook.com\/eldigitaldeasturias\" \/>\n\t\t<meta name=\"twitter:card\" content=\"summary_large_image\" \/>\n\t\t<meta name=\"twitter:title\" content=\"Martinelli pide apoyar el Canal de Panam\u00e1 ante la \u00abirresponsabilidad\u00bb del consorcio - El Digital de Asturias\" \/>\n\t\t<meta name=\"twitter:description\" content=\"Panam\u00e1, 6 feb (EFE).- El presidente paname\u00f1o, Ricardo Martinelli, pidi\u00f3 a la naci\u00f3n apoyar plenamente las decisiones de la Autoridad del Canal de Panam\u00e1 frente a la &quot;irresponsabilidad&quot;, dijo, del consorcio a cargo de la ampliaci\u00f3n de la v\u00eda, que suspendi\u00f3 los trabajos por falta de fondos. &quot;Creo que es una irresponsabilidad de parte del\" \/>\n\t\t<meta name=\"twitter:label1\" content=\"Escrito por\" \/>\n\t\t<meta name=\"twitter:data1\" content=\"El Digital de Asturias\" \/>\n\t\t<meta name=\"twitter:label2\" content=\"Tiempo de lectura estimado\" \/>\n\t\t<meta name=\"twitter:data2\" content=\"3 minutos\" \/>\n\t\t<script type=\"application\/ld+json\" class=\"aioseo-schema\">\n\t\t\t{\"@context\":\"https:\\\/\\\/schema.org\",\"@graph\":[{\"@type\":\"BlogPosting\",\"@id\":\"https:\\\/\\\/www.eldigitaldeasturias.com\\\/noticias\\\/martinelli-pide-apoyar-el-canal-de-panama-ante-la-irresponsabilidad-del-consorcio\\\/#blogposting\",\"name\":\"Martinelli pide apoyar el Canal de Panam\\u00e1 ante la \\u00abirresponsabilidad\\u00bb del consorcio - El Digital de Asturias\",\"headline\":\"Martinelli pide apoyar el Canal de Panam\\u00e1 ante la \\u00abirresponsabilidad\\u00bb del consorcio\",\"author\":{\"@id\":\"https:\\\/\\\/www.eldigitaldeasturias.com\\\/noticias\\\/author\\\/admin\\\/#author\"},\"publisher\":{\"@id\":\"https:\\\/\\\/www.eldigitaldeasturias.com\\\/noticias\\\/#organization\"},\"image\":{\"@type\":\"ImageObject\",\"url\":485116},\"datePublished\":\"2014-02-06T19:32:32+01:00\",\"dateModified\":\"2014-02-06T19:32:32+01:00\",\"inLanguage\":\"es-ES\",\"mainEntityOfPage\":{\"@id\":\"https:\\\/\\\/www.eldigitaldeasturias.com\\\/noticias\\\/martinelli-pide-apoyar-el-canal-de-panama-ante-la-irresponsabilidad-del-consorcio\\\/#webpage\"},\"isPartOf\":{\"@id\":\"https:\\\/\\\/www.eldigitaldeasturias.com\\\/noticias\\\/martinelli-pide-apoyar-el-canal-de-panama-ante-la-irresponsabilidad-del-consorcio\\\/#webpage\"},\"articleSection\":\"Actualidad\"},{\"@type\":\"BreadcrumbList\",\"@id\":\"https:\\\/\\\/www.eldigitaldeasturias.com\\\/noticias\\\/martinelli-pide-apoyar-el-canal-de-panama-ante-la-irresponsabilidad-del-consorcio\\\/#breadcrumblist\",\"itemListElement\":[{\"@type\":\"ListItem\",\"@id\":\"https:\\\/\\\/www.eldigitaldeasturias.com\\\/noticias#listItem\",\"position\":1,\"name\":\"Home\",\"item\":\"https:\\\/\\\/www.eldigitaldeasturias.com\\\/noticias\",\"nextItem\":{\"@type\":\"ListItem\",\"@id\":\"https:\\\/\\\/www.eldigitaldeasturias.com\\\/noticias\\\/category\\\/actualidad\\\/#listItem\",\"name\":\"Actualidad\"}},{\"@type\":\"ListItem\",\"@id\":\"https:\\\/\\\/www.eldigitaldeasturias.com\\\/noticias\\\/category\\\/actualidad\\\/#listItem\",\"position\":2,\"name\":\"Actualidad\",\"item\":\"https:\\\/\\\/www.eldigitaldeasturias.com\\\/noticias\\\/category\\\/actualidad\\\/\",\"nextItem\":{\"@type\":\"ListItem\",\"@id\":\"https:\\\/\\\/www.eldigitaldeasturias.com\\\/noticias\\\/martinelli-pide-apoyar-el-canal-de-panama-ante-la-irresponsabilidad-del-consorcio\\\/#listItem\",\"name\":\"Martinelli pide apoyar el Canal de Panam\\u00e1 ante la \\u00abirresponsabilidad\\u00bb del consorcio\"},\"previousItem\":{\"@type\":\"ListItem\",\"@id\":\"https:\\\/\\\/www.eldigitaldeasturias.com\\\/noticias#listItem\",\"name\":\"Home\"}},{\"@type\":\"ListItem\",\"@id\":\"https:\\\/\\\/www.eldigitaldeasturias.com\\\/noticias\\\/martinelli-pide-apoyar-el-canal-de-panama-ante-la-irresponsabilidad-del-consorcio\\\/#listItem\",\"position\":3,\"name\":\"Martinelli pide apoyar el Canal de Panam\\u00e1 ante la \\u00abirresponsabilidad\\u00bb del consorcio\",\"previousItem\":{\"@type\":\"ListItem\",\"@id\":\"https:\\\/\\\/www.eldigitaldeasturias.com\\\/noticias\\\/category\\\/actualidad\\\/#listItem\",\"name\":\"Actualidad\"}}]},{\"@type\":\"Organization\",\"@id\":\"https:\\\/\\\/www.eldigitaldeasturias.com\\\/noticias\\\/#organization\",\"name\":\"El Digital de Asturias\",\"description\":\"Hemeroteca\",\"url\":\"https:\\\/\\\/www.eldigitaldeasturias.com\\\/noticias\\\/\",\"email\":\"info@eldigitaldeasturias.com\",\"telephone\":\"+34652131393\",\"logo\":{\"@type\":\"ImageObject\",\"url\":\"https:\\\/\\\/www.eldigitaldeasturias.com\\\/noticias\\\/wp-content\\\/uploads\\\/2020\\\/12\\\/EDA.jpg\",\"@id\":\"https:\\\/\\\/www.eldigitaldeasturias.com\\\/noticias\\\/martinelli-pide-apoyar-el-canal-de-panama-ante-la-irresponsabilidad-del-consorcio\\\/#organizationLogo\"},\"image\":{\"@id\":\"https:\\\/\\\/www.eldigitaldeasturias.com\\\/noticias\\\/martinelli-pide-apoyar-el-canal-de-panama-ante-la-irresponsabilidad-del-consorcio\\\/#organizationLogo\"},\"sameAs\":[\"https:\\\/\\\/facebook.com\\\/eldigitaldeasturias\",\"https:\\\/\\\/www.youtube.com\\\/channel\\\/UCZP-2wLEB9Rv6erhFmqVnvg\"],\"address\":{\"@id\":\"https:\\\/\\\/www.eldigitaldeasturias.com\\\/noticias\\\/#postaladdress\",\"@type\":\"PostalAddress\",\"streetAddress\":\"san antonio 4\",\"postalCode\":\"33430\",\"addressLocality\":\"Cand\\u00e1s\",\"addressRegion\":\"Asturias\",\"addressCountry\":\"ES\"}},{\"@type\":\"Person\",\"@id\":\"https:\\\/\\\/www.eldigitaldeasturias.com\\\/noticias\\\/author\\\/admin\\\/#author\",\"url\":\"https:\\\/\\\/www.eldigitaldeasturias.com\\\/noticias\\\/author\\\/admin\\\/\",\"name\":\"El Digital de Asturias\",\"image\":{\"@type\":\"ImageObject\",\"@id\":\"https:\\\/\\\/www.eldigitaldeasturias.com\\\/noticias\\\/martinelli-pide-apoyar-el-canal-de-panama-ante-la-irresponsabilidad-del-consorcio\\\/#authorImage\",\"url\":\"https:\\\/\\\/secure.gravatar.com\\\/avatar\\\/df2aeffc32bcd13f8d26072ef8a91b623d677766deac7f97ca815868cd41bf5e?s=96&d=mm&r=g\",\"width\":96,\"height\":96,\"caption\":\"El Digital de Asturias\"}},{\"@type\":\"WebPage\",\"@id\":\"https:\\\/\\\/www.eldigitaldeasturias.com\\\/noticias\\\/martinelli-pide-apoyar-el-canal-de-panama-ante-la-irresponsabilidad-del-consorcio\\\/#webpage\",\"url\":\"https:\\\/\\\/www.eldigitaldeasturias.com\\\/noticias\\\/martinelli-pide-apoyar-el-canal-de-panama-ante-la-irresponsabilidad-del-consorcio\\\/\",\"name\":\"Martinelli pide apoyar el Canal de Panam\\u00e1 ante la \\u00abirresponsabilidad\\u00bb del consorcio - El Digital de Asturias\",\"description\":\"Panam\\u00e1, 6 feb (EFE).- El presidente paname\\u00f1o, Ricardo Martinelli, pidi\\u00f3 a la naci\\u00f3n apoyar plenamente las decisiones de la Autoridad del Canal de Panam\\u00e1 frente a la \\\"irresponsabilidad\\\", dijo, del consorcio a cargo de la ampliaci\\u00f3n de la v\\u00eda, que suspendi\\u00f3 los trabajos por falta de fondos. \\\"Creo que es una irresponsabilidad de parte del\",\"inLanguage\":\"es-ES\",\"isPartOf\":{\"@id\":\"https:\\\/\\\/www.eldigitaldeasturias.com\\\/noticias\\\/#website\"},\"breadcrumb\":{\"@id\":\"https:\\\/\\\/www.eldigitaldeasturias.com\\\/noticias\\\/martinelli-pide-apoyar-el-canal-de-panama-ante-la-irresponsabilidad-del-consorcio\\\/#breadcrumblist\"},\"author\":{\"@id\":\"https:\\\/\\\/www.eldigitaldeasturias.com\\\/noticias\\\/author\\\/admin\\\/#author\"},\"creator\":{\"@id\":\"https:\\\/\\\/www.eldigitaldeasturias.com\\\/noticias\\\/author\\\/admin\\\/#author\"},\"image\":{\"@type\":\"ImageObject\",\"url\":485116,\"@id\":\"https:\\\/\\\/www.eldigitaldeasturias.com\\\/noticias\\\/martinelli-pide-apoyar-el-canal-de-panama-ante-la-irresponsabilidad-del-consorcio\\\/#mainImage\"},\"primaryImageOfPage\":{\"@id\":\"https:\\\/\\\/www.eldigitaldeasturias.com\\\/noticias\\\/martinelli-pide-apoyar-el-canal-de-panama-ante-la-irresponsabilidad-del-consorcio\\\/#mainImage\"},\"datePublished\":\"2014-02-06T19:32:32+01:00\",\"dateModified\":\"2014-02-06T19:32:32+01:00\"},{\"@type\":\"WebSite\",\"@id\":\"https:\\\/\\\/www.eldigitaldeasturias.com\\\/noticias\\\/#website\",\"url\":\"https:\\\/\\\/www.eldigitaldeasturias.com\\\/noticias\\\/\",\"name\":\"El Digital de Asturias - Diario de actualidad y noticias\",\"alternateName\":\"El Digital de Asturias - Diario de actualidad y noticias\",\"description\":\"Hemeroteca\",\"inLanguage\":\"es-ES\",\"publisher\":{\"@id\":\"https:\\\/\\\/www.eldigitaldeasturias.com\\\/noticias\\\/#organization\"}}]}\n\t\t<\/script>\n\t\t<!-- All in One SEO Pro -->\r\n\t\t<title>Martinelli pide apoyar el Canal de Panam\u00e1 ante la \u00abirresponsabilidad\u00bb del consorcio - El Digital de Asturias<\/title>\n\n","aioseo_head_json":{"title":"Martinelli pide apoyar el Canal de Panam\u00e1 ante la \u00abirresponsabilidad\u00bb del consorcio - El Digital de Asturias","description":"Panam\u00e1, 6 feb (EFE).- El presidente paname\u00f1o, Ricardo Martinelli, pidi\u00f3 a la naci\u00f3n apoyar plenamente las decisiones de la Autoridad del Canal de Panam\u00e1 frente a la \"irresponsabilidad\", dijo, del consorcio a cargo de la ampliaci\u00f3n de la v\u00eda, que suspendi\u00f3 los trabajos por falta de fondos. \"Creo que es una irresponsabilidad de parte del","canonical_url":"https:\/\/www.eldigitaldeasturias.com\/noticias\/martinelli-pide-apoyar-el-canal-de-panama-ante-la-irresponsabilidad-del-consorcio\/","robots":"max-image-preview:large","keywords":"actualidad","webmasterTools":{"google-site-verification":"UA-38556648-1","msvalidate.01":"7dfe9f3f1b24437ab69f4f2559babe99","miscellaneous":""},"schema":{"@context":"https:\/\/schema.org","@graph":[{"@type":"BlogPosting","@id":"https:\/\/www.eldigitaldeasturias.com\/noticias\/martinelli-pide-apoyar-el-canal-de-panama-ante-la-irresponsabilidad-del-consorcio\/#blogposting","name":"Martinelli pide apoyar el Canal de Panam\u00e1 ante la \u00abirresponsabilidad\u00bb del consorcio - El Digital de Asturias","headline":"Martinelli pide apoyar el Canal de Panam\u00e1 ante la \u00abirresponsabilidad\u00bb del consorcio","author":{"@id":"https:\/\/www.eldigitaldeasturias.com\/noticias\/author\/admin\/#author"},"publisher":{"@id":"https:\/\/www.eldigitaldeasturias.com\/noticias\/#organization"},"image":{"@type":"ImageObject","url":485116},"datePublished":"2014-02-06T19:32:32+01:00","dateModified":"2014-02-06T19:32:32+01:00","inLanguage":"es-ES","mainEntityOfPage":{"@id":"https:\/\/www.eldigitaldeasturias.com\/noticias\/martinelli-pide-apoyar-el-canal-de-panama-ante-la-irresponsabilidad-del-consorcio\/#webpage"},"isPartOf":{"@id":"https:\/\/www.eldigitaldeasturias.com\/noticias\/martinelli-pide-apoyar-el-canal-de-panama-ante-la-irresponsabilidad-del-consorcio\/#webpage"},"articleSection":"Actualidad"},{"@type":"BreadcrumbList","@id":"https:\/\/www.eldigitaldeasturias.com\/noticias\/martinelli-pide-apoyar-el-canal-de-panama-ante-la-irresponsabilidad-del-consorcio\/#breadcrumblist","itemListElement":[{"@type":"ListItem","@id":"https:\/\/www.eldigitaldeasturias.com\/noticias#listItem","position":1,"name":"Home","item":"https:\/\/www.eldigitaldeasturias.com\/noticias","nextItem":{"@type":"ListItem","@id":"https:\/\/www.eldigitaldeasturias.com\/noticias\/category\/actualidad\/#listItem","name":"Actualidad"}},{"@type":"ListItem","@id":"https:\/\/www.eldigitaldeasturias.com\/noticias\/category\/actualidad\/#listItem","position":2,"name":"Actualidad","item":"https:\/\/www.eldigitaldeasturias.com\/noticias\/category\/actualidad\/","nextItem":{"@type":"ListItem","@id":"https:\/\/www.eldigitaldeasturias.com\/noticias\/martinelli-pide-apoyar-el-canal-de-panama-ante-la-irresponsabilidad-del-consorcio\/#listItem","name":"Martinelli pide apoyar el Canal de Panam\u00e1 ante la \u00abirresponsabilidad\u00bb del consorcio"},"previousItem":{"@type":"ListItem","@id":"https:\/\/www.eldigitaldeasturias.com\/noticias#listItem","name":"Home"}},{"@type":"ListItem","@id":"https:\/\/www.eldigitaldeasturias.com\/noticias\/martinelli-pide-apoyar-el-canal-de-panama-ante-la-irresponsabilidad-del-consorcio\/#listItem","position":3,"name":"Martinelli pide apoyar el Canal de Panam\u00e1 ante la \u00abirresponsabilidad\u00bb del consorcio","previousItem":{"@type":"ListItem","@id":"https:\/\/www.eldigitaldeasturias.com\/noticias\/category\/actualidad\/#listItem","name":"Actualidad"}}]},{"@type":"Organization","@id":"https:\/\/www.eldigitaldeasturias.com\/noticias\/#organization","name":"El Digital de Asturias","description":"Hemeroteca","url":"https:\/\/www.eldigitaldeasturias.com\/noticias\/","email":"info@eldigitaldeasturias.com","telephone":"+34652131393","logo":{"@type":"ImageObject","url":"https:\/\/www.eldigitaldeasturias.com\/noticias\/wp-content\/uploads\/2020\/12\/EDA.jpg","@id":"https:\/\/www.eldigitaldeasturias.com\/noticias\/martinelli-pide-apoyar-el-canal-de-panama-ante-la-irresponsabilidad-del-consorcio\/#organizationLogo"},"image":{"@id":"https:\/\/www.eldigitaldeasturias.com\/noticias\/martinelli-pide-apoyar-el-canal-de-panama-ante-la-irresponsabilidad-del-consorcio\/#organizationLogo"},"sameAs":["https:\/\/facebook.com\/eldigitaldeasturias","https:\/\/www.youtube.com\/channel\/UCZP-2wLEB9Rv6erhFmqVnvg"],"address":{"@id":"https:\/\/www.eldigitaldeasturias.com\/noticias\/#postaladdress","@type":"PostalAddress","streetAddress":"san antonio 4","postalCode":"33430","addressLocality":"Cand\u00e1s","addressRegion":"Asturias","addressCountry":"ES"}},{"@type":"Person","@id":"https:\/\/www.eldigitaldeasturias.com\/noticias\/author\/admin\/#author","url":"https:\/\/www.eldigitaldeasturias.com\/noticias\/author\/admin\/","name":"El Digital de Asturias","image":{"@type":"ImageObject","@id":"https:\/\/www.eldigitaldeasturias.com\/noticias\/martinelli-pide-apoyar-el-canal-de-panama-ante-la-irresponsabilidad-del-consorcio\/#authorImage","url":"https:\/\/secure.gravatar.com\/avatar\/df2aeffc32bcd13f8d26072ef8a91b623d677766deac7f97ca815868cd41bf5e?s=96&d=mm&r=g","width":96,"height":96,"caption":"El Digital de Asturias"}},{"@type":"WebPage","@id":"https:\/\/www.eldigitaldeasturias.com\/noticias\/martinelli-pide-apoyar-el-canal-de-panama-ante-la-irresponsabilidad-del-consorcio\/#webpage","url":"https:\/\/www.eldigitaldeasturias.com\/noticias\/martinelli-pide-apoyar-el-canal-de-panama-ante-la-irresponsabilidad-del-consorcio\/","name":"Martinelli pide apoyar el Canal de Panam\u00e1 ante la \u00abirresponsabilidad\u00bb del consorcio - El Digital de Asturias","description":"Panam\u00e1, 6 feb (EFE).- El presidente paname\u00f1o, Ricardo Martinelli, pidi\u00f3 a la naci\u00f3n apoyar plenamente las decisiones de la Autoridad del Canal de Panam\u00e1 frente a la \"irresponsabilidad\", dijo, del consorcio a cargo de la ampliaci\u00f3n de la v\u00eda, que suspendi\u00f3 los trabajos por falta de fondos. \"Creo que es una irresponsabilidad de parte del","inLanguage":"es-ES","isPartOf":{"@id":"https:\/\/www.eldigitaldeasturias.com\/noticias\/#website"},"breadcrumb":{"@id":"https:\/\/www.eldigitaldeasturias.com\/noticias\/martinelli-pide-apoyar-el-canal-de-panama-ante-la-irresponsabilidad-del-consorcio\/#breadcrumblist"},"author":{"@id":"https:\/\/www.eldigitaldeasturias.com\/noticias\/author\/admin\/#author"},"creator":{"@id":"https:\/\/www.eldigitaldeasturias.com\/noticias\/author\/admin\/#author"},"image":{"@type":"ImageObject","url":485116,"@id":"https:\/\/www.eldigitaldeasturias.com\/noticias\/martinelli-pide-apoyar-el-canal-de-panama-ante-la-irresponsabilidad-del-consorcio\/#mainImage"},"primaryImageOfPage":{"@id":"https:\/\/www.eldigitaldeasturias.com\/noticias\/martinelli-pide-apoyar-el-canal-de-panama-ante-la-irresponsabilidad-del-consorcio\/#mainImage"},"datePublished":"2014-02-06T19:32:32+01:00","dateModified":"2014-02-06T19:32:32+01:00"},{"@type":"WebSite","@id":"https:\/\/www.eldigitaldeasturias.com\/noticias\/#website","url":"https:\/\/www.eldigitaldeasturias.com\/noticias\/","name":"El Digital de Asturias - Diario de actualidad y noticias","alternateName":"El Digital de Asturias - Diario de actualidad y noticias","description":"Hemeroteca","inLanguage":"es-ES","publisher":{"@id":"https:\/\/www.eldigitaldeasturias.com\/noticias\/#organization"}}]},"og:locale":"es_ES","og:site_name":"El Digital de Asturias","og:type":"article","og:title":"Martinelli pide apoyar el Canal de Panam\u00e1 ante la \u00abirresponsabilidad\u00bb del consorcio - El Digital de Asturias","og:description":"Panam\u00e1, 6 feb (EFE).- El presidente paname\u00f1o, Ricardo Martinelli, pidi\u00f3 a la naci\u00f3n apoyar plenamente las decisiones de la Autoridad del Canal de Panam\u00e1 frente a la &quot;irresponsabilidad&quot;, dijo, del consorcio a cargo de la ampliaci\u00f3n de la v\u00eda, que suspendi\u00f3 los trabajos por falta de fondos. &quot;Creo que es una irresponsabilidad de parte del","og:url":"https:\/\/www.eldigitaldeasturias.com\/noticias\/martinelli-pide-apoyar-el-canal-de-panama-ante-la-irresponsabilidad-del-consorcio\/","article:tag":["actualidad"],"article:published_time":"2014-02-06T20:32:32+00:00","article:modified_time":"2014-02-06T20:32:32+00:00","article:publisher":"https:\/\/facebook.com\/eldigitaldeasturias","twitter:card":"summary_large_image","twitter:title":"Martinelli pide apoyar el Canal de Panam\u00e1 ante la \u00abirresponsabilidad\u00bb del consorcio - El Digital de Asturias","twitter:description":"Panam\u00e1, 6 feb (EFE).- El presidente paname\u00f1o, Ricardo Martinelli, pidi\u00f3 a la naci\u00f3n apoyar plenamente las decisiones de la Autoridad del Canal de Panam\u00e1 frente a la &quot;irresponsabilidad&quot;, dijo, del consorcio a cargo de la ampliaci\u00f3n de la v\u00eda, que suspendi\u00f3 los trabajos por falta de fondos. &quot;Creo que es una irresponsabilidad de parte del","twitter:label1":"Escrito por","twitter:data1":"El Digital de Asturias","twitter:label2":"Tiempo de lectura estimado","twitter:data2":"3 minutos"},"aioseo_meta_data":{"post_id":"485115","title":null,"description":null,"keywords":null,"keyphrases":null,"primary_term":null,"canonical_url":null,"og_title":null,"og_description":null,"og_object_type":"default","og_image_type":"default","og_image_url":null,"og_image_width":null,"og_image_height":null,"og_image_custom_url":null,"og_image_custom_fields":null,"og_video":null,"og_custom_url":null,"og_article_section":null,"og_article_tags":null,"twitter_use_og":true,"twitter_card":"default","twitter_image_type":"default","twitter_image_url":null,"twitter_image_custom_url":null,"twitter_image_custom_fields":null,"twitter_title":null,"twitter_description":null,"schema":{"blockGraphs":[],"customGraphs":[],"default":{"data":{"Article":[],"Course":[],"Dataset":[],"FAQPage":[],"Movie":[],"Person":[],"Product":[],"ProductReview":[],"Car":[],"Recipe":[],"Service":[],"SoftwareApplication":[],"WebPage":[]},"graphName":"","isEnabled":true},"graphs":[],"defaultGraph":"","defaultPostTypeGraph":""},"schema_type":null,"schema_type_options":null,"pillar_content":false,"robots_default":true,"robots_noindex":false,"robots_noarchive":false,"robots_nosnippet":false,"robots_nofollow":false,"robots_noimageindex":false,"robots_noodp":false,"robots_notranslate":false,"robots_max_snippet":null,"robots_max_videopreview":null,"robots_max_imagepreview":"none","priority":null,"frequency":null,"local_seo":null,"seo_analyzer_scan_date":"2026-06-02 18:49:33","breadcrumb_settings":null,"limit_modified_date":false,"open_ai":null,"ai":null,"created":"2020-11-14 22:55:11","updated":"2026-06-02 18:49:33","focus_keyword":null,"additional_keywords":null,"truseo_locale":null},"aioseo_breadcrumb":"<div class=\"aioseo-breadcrumbs\"><span class=\"aioseo-breadcrumb\">\n\t<a href=\"https:\/\/www.eldigitaldeasturias.com\/noticias\" title=\"Home\">Home<\/a>\n<\/span><span class=\"aioseo-breadcrumb-separator\">\u2013<\/span><span class=\"aioseo-breadcrumb\">\n\t<a href=\"https:\/\/www.eldigitaldeasturias.com\/noticias\/category\/actualidad\/\" title=\"Actualidad\">Actualidad<\/a>\n<\/span><span class=\"aioseo-breadcrumb-separator\">\u2013<\/span><span class=\"aioseo-breadcrumb\">\n\t<a href=\"https:\/\/www.eldigitaldeasturias.com\/noticias\/martinelli-pide-apoyar-el-canal-de-panama-ante-la-irresponsabilidad-del-consorcio\/\" title=\"Martinelli pide apoyar el Canal de Panam\u00e1 ante la \u00abirresponsabilidad\u00bb del consorcio\">Martinelli pide apoyar el Canal de Panam\u00e1 ante la \u00abirresponsabilidad\u00bb del consorcio<\/a>\n<\/span><\/div>","aioseo_breadcrumb_json":[{"label":"Home","link":"https:\/\/www.eldigitaldeasturias.com\/noticias"},{"label":"Actualidad","link":"https:\/\/www.eldigitaldeasturias.com\/noticias\/category\/actualidad\/"},{"label":"Martinelli pide apoyar el Canal de Panam\u00e1 ante la \u00abirresponsabilidad\u00bb del consorcio","link":"https:\/\/www.eldigitaldeasturias.com\/noticias\/martinelli-pide-apoyar-el-canal-de-panama-ante-la-irresponsabilidad-del-consorcio\/"}],"_links":{"self":[{"href":"https:\/\/www.eldigitaldeasturias.com\/noticias\/wp-json\/wp\/v2\/posts\/485115","targetHints":{"allow":["GET"]}}],"collection":[{"href":"https:\/\/www.eldigitaldeasturias.com\/noticias\/wp-json\/wp\/v2\/posts"}],"about":[{"href":"https:\/\/www.eldigitaldeasturias.com\/noticias\/wp-json\/wp\/v2\/types\/post"}],"author":[{"embeddable":true,"href":"https:\/\/www.eldigitaldeasturias.com\/noticias\/wp-json\/wp\/v2\/users\/1"}],"replies":[{"embeddable":true,"href":"https:\/\/www.eldigitaldeasturias.com\/noticias\/wp-json\/wp\/v2\/comments?post=485115"}],"version-history":[{"count":0,"href":"https:\/\/www.eldigitaldeasturias.com\/noticias\/wp-json\/wp\/v2\/posts\/485115\/revisions"}],"wp:attachment":[{"href":"https:\/\/www.eldigitaldeasturias.com\/noticias\/wp-json\/wp\/v2\/media?parent=485115"}],"wp:term":[{"taxonomy":"category","embeddable":true,"href":"https:\/\/www.eldigitaldeasturias.com\/noticias\/wp-json\/wp\/v2\/categories?post=485115"},{"taxonomy":"post_tag","embeddable":true,"href":"https:\/\/www.eldigitaldeasturias.com\/noticias\/wp-json\/wp\/v2\/tags?post=485115"}],"curies":[{"name":"wp","href":"https:\/\/api.w.org\/{rel}","templated":true}]}}