{"id":485109,"date":"2014-02-06T19:30:47","date_gmt":"2014-02-06T20:30:47","guid":{"rendered":"http:\/\/www.eldigitaldeasturias.com\/noticias\/?p=485109"},"modified":"2014-02-06T19:30:47","modified_gmt":"2014-02-06T20:30:47","slug":"cifuentes-apoya-la-politica-antiterrorista-de-rajoy-la-misma-que-la-de-aznar","status":"publish","type":"post","link":"https:\/\/www.eldigitaldeasturias.com\/noticias\/cifuentes-apoya-la-politica-antiterrorista-de-rajoy-la-misma-que-la-de-aznar\/","title":{"rendered":"Cifuentes apoya la pol\u00edtica antiterrorista de Rajoy, la misma que la de Aznar"},"content":{"rendered":"<p><img loading=\"lazy\" decoding=\"async\" class=\"alignleft size-medium wp-image-485110\" alt=\"5915967w\" src=\"https:\/\/www.eldigitaldeasturias.com\/noticias\/wp-content\/uploads\/2014\/02\/5915967w-360x239.jpg\" width=\"360\" height=\"239\" \/>Madrid, 6 feb (EFE).- La delegada del Gobierno en Madrid, Cristina Cifuentes, defiende la pol\u00edtica antiterrorista del Gobierno de Mariano Rajoy, que es \u00abla misma que ha seguido siempre el PP, la misma que sigui\u00f3 Aznar\u00bb, aunque las circunstancias son diferentes porque ETA hoy no mata, aunque tampoco ha desaparecido.<\/p>\n<p>Cifuentes se ha referido as\u00ed en un Efe Encuentros, cita informativa en la sede central de la Agencia Efe, a las declaraciones hechas por diferentes miembros del PP sobre la situaci\u00f3n actual de ETA.<\/p>\n<p>El ministro del Interior, Jorge Fern\u00e1ndez D\u00edaz, asegur\u00f3 recientemente que la banda terrorista est\u00e1 derrotada mientras la presidenta del PP de Madrid, Esperanza Aguirre, dijo que s\u00f3lo lo estar\u00e1 cuando entregue las armas y pida perd\u00f3n.<\/p>\n<p>\u00abA m\u00ed no me gusta entrar en cuestiones que suponen aspectos exclusivamente etimol\u00f3gicos\u00bb porque \u00abes entrar en un juego de palabras que no aporta nada\u00bb, explica la delegada del Gobierno en Madrid, que matiza que ETA ya no mata pero no ha desaparecido porque para eso \u00abtiene que entregar las armas y disolverse\u00bb.<\/p>\n<p>En su opini\u00f3n, \u00abel Estado debe seguir trabajando para la desaparici\u00f3n de la ETA, y eso incluye la rendici\u00f3n\u00bb.<\/p>\n<p>\u00abEl Estado debe seguir trabajando, como se est\u00e1 haciendo, para seguir encarcelando etarras. Hay que seguir exactamente en la misma direcci\u00f3n, no hay que variar la pol\u00edtica antiterrorista de este Gobierno, que es la misma que ha seguido siempre el PP, la misma que sigui\u00f3 Aznar\u00bb, asegura.<\/p>\n<p>Matiza que \u00ablas circunstancias son diferentes, porque la Espa\u00f1a del Gobierno de Azar no es la de Rajoy, ni en aspectos econ\u00f3micos ni en aspectos del terrorismo\u00bb.<\/p>\n<p>Cifuentes tiene la impresi\u00f3n de que \u00abahora ETA no va a volver a matar\u00bb, aunque reconoce que no tiene elementos para asegurarlo, e incide en que la banda terrorista \u00abha dejado de matar no porque quiera, sino porque se ve obligada a ello\u00bb debido a la p\u00e9rdida de apoyo social y por el hostigamiento de las fuerzas y cuerpos de seguridad del Estado.<\/p>\n<p>Aclara que en el PP no ha habido un cambio de criterio en lo referido al terrorismo, ya que \u00aben lo esencial, todos estamos de acuerdo\u00bb, y \u00abotra cosa es que alguna persona, de manera aislada, piense cosas diferentes en un punto concreto\u00bb.<\/p>\n<p>En esto punto aclara que eso no le parece \u00abuna escisi\u00f3n\u00bb, ya que \u00abque haya discrepancias puntuales sobre temas concretos no solo no es negativo, sino que es s\u00edntoma de democracia dentro de los partidos\u00bb.<\/p>\n<p>\u00abLos partidos no somos sectas y por tanto el hecho de que haya personas que puedan pensar puntualmente cosas diferentes, o puedan tener opiniones propias, no solo no es s\u00edntoma de desuni\u00f3n sino que crece el debate democr\u00e1tico dentro de los partidos\u00bb.<\/p>\n<p>En cuanto a las cr\u00edticas vertidas por algunas v\u00edctimas del terrorismo sobre la pol\u00edtica del Gobierno, Cifuentes explica que no se trata de un colectivo homog\u00e9neo, sino que reflejan la pluralidad de la sociedad y unas han apoyado a unos partidos y otras a otros, en incluso algunas a ninguno.<\/p>\n<p>\u00abA las v\u00edctimas hay que respetarlas y sobre todo hay que apoyarlas, y creo que el PP las ha apoyado siempre, como no puede ser de otra manera, porque por desgracia hemos dejado a muchos compa\u00f1eros en el camino\u00bb y \u00abson de los nuestros\u00bb.<\/p>\n","protected":false},"excerpt":{"rendered":"<p>Madrid, 6 feb (EFE).- La delegada del Gobierno en Madrid, Cristina Cifuentes, defiende la pol\u00edtica antiterrorista del Gobierno de Mariano Rajoy, que es \u00abla misma que ha seguido siempre el PP, la misma que sigui\u00f3 Aznar\u00bb, aunque las circunstancias son diferentes porque ETA hoy no mata, aunque tampoco ha desaparecido. Cifuentes se ha referido as\u00ed [&hellip;]<\/p>\n","protected":false},"author":1,"featured_media":485110,"comment_status":"closed","ping_status":"open","sticky":false,"template":"","format":"standard","meta":{"footnotes":""},"categories":[1],"tags":[],"class_list":["post-485109","post","type-post","status-publish","format-standard","has-post-thumbnail","hentry","category-actualidad"],"aioseo_notices":[],"aioseo_head":"\n\t\t<!-- All in One SEO Pro 5.0.1 - aioseo.com -->\n\t<meta name=\"description\" content=\"Madrid, 6 feb (EFE).- La delegada del Gobierno en Madrid, Cristina Cifuentes, defiende la pol\u00edtica antiterrorista del Gobierno de Mariano Rajoy, que es &quot;la misma que ha seguido siempre el PP, la misma que sigui\u00f3 Aznar&quot;, aunque las circunstancias son diferentes porque ETA hoy no mata, aunque tampoco ha desaparecido. Cifuentes se ha referido as\u00ed\" \/>\n\t<meta name=\"robots\" content=\"max-image-preview:large\" \/>\n\t<meta name=\"author\" content=\"El Digital de Asturias\"\/>\n\t<meta name=\"google-site-verification\" content=\"UA-38556648-1\" \/>\n\t<meta name=\"msvalidate.01\" content=\"7dfe9f3f1b24437ab69f4f2559babe99\" \/>\n\t<meta name=\"keywords\" content=\"actualidad\" \/>\n\t<link rel=\"canonical\" href=\"https:\/\/www.eldigitaldeasturias.com\/noticias\/cifuentes-apoya-la-politica-antiterrorista-de-rajoy-la-misma-que-la-de-aznar\/\" \/>\n\t<meta name=\"generator\" content=\"All in One SEO Pro (AIOSEO) 5.0.1\" \/>\n\t\t<meta property=\"og:locale\" content=\"es_ES\" \/>\n\t\t<meta property=\"og:site_name\" content=\"El Digital de Asturias\" \/>\n\t\t<meta property=\"og:type\" content=\"article\" \/>\n\t\t<meta property=\"og:title\" content=\"Cifuentes apoya la pol\u00edtica antiterrorista de Rajoy, la misma que la de Aznar - El Digital de Asturias\" \/>\n\t\t<meta property=\"og:description\" content=\"Madrid, 6 feb (EFE).- La delegada del Gobierno en Madrid, Cristina Cifuentes, defiende la pol\u00edtica antiterrorista del Gobierno de Mariano Rajoy, que es &quot;la misma que ha seguido siempre el PP, la misma que sigui\u00f3 Aznar&quot;, aunque las circunstancias son diferentes porque ETA hoy no mata, aunque tampoco ha desaparecido. Cifuentes se ha referido as\u00ed\" \/>\n\t\t<meta property=\"og:url\" content=\"https:\/\/www.eldigitaldeasturias.com\/noticias\/cifuentes-apoya-la-politica-antiterrorista-de-rajoy-la-misma-que-la-de-aznar\/\" \/>\n\t\t<meta property=\"article:tag\" content=\"actualidad\" \/>\n\t\t<meta property=\"article:published_time\" content=\"2014-02-06T20:30:47+00:00\" \/>\n\t\t<meta property=\"article:modified_time\" content=\"2014-02-06T20:30:47+00:00\" \/>\n\t\t<meta property=\"article:publisher\" content=\"https:\/\/facebook.com\/eldigitaldeasturias\" \/>\n\t\t<meta name=\"twitter:card\" content=\"summary_large_image\" \/>\n\t\t<meta name=\"twitter:title\" content=\"Cifuentes apoya la pol\u00edtica antiterrorista de Rajoy, la misma que la de Aznar - El Digital de Asturias\" \/>\n\t\t<meta name=\"twitter:description\" content=\"Madrid, 6 feb (EFE).- La delegada del Gobierno en Madrid, Cristina Cifuentes, defiende la pol\u00edtica antiterrorista del Gobierno de Mariano Rajoy, que es &quot;la misma que ha seguido siempre el PP, la misma que sigui\u00f3 Aznar&quot;, aunque las circunstancias son diferentes porque ETA hoy no mata, aunque tampoco ha desaparecido. Cifuentes se ha referido as\u00ed\" \/>\n\t\t<meta name=\"twitter:label1\" content=\"Escrito por\" \/>\n\t\t<meta name=\"twitter:data1\" content=\"El Digital de Asturias\" \/>\n\t\t<meta name=\"twitter:label2\" content=\"Tiempo de lectura estimado\" \/>\n\t\t<meta name=\"twitter:data2\" content=\"3 minutos\" \/>\n\t\t<script type=\"application\/ld+json\" class=\"aioseo-schema\">\n\t\t\t{\"@context\":\"https:\\\/\\\/schema.org\",\"@graph\":[{\"@type\":\"BlogPosting\",\"@id\":\"https:\\\/\\\/www.eldigitaldeasturias.com\\\/noticias\\\/cifuentes-apoya-la-politica-antiterrorista-de-rajoy-la-misma-que-la-de-aznar\\\/#blogposting\",\"name\":\"Cifuentes apoya la pol\\u00edtica antiterrorista de Rajoy, la misma que la de Aznar - El Digital de Asturias\",\"headline\":\"Cifuentes apoya la pol\\u00edtica antiterrorista de Rajoy, la misma que la de Aznar\",\"author\":{\"@id\":\"https:\\\/\\\/www.eldigitaldeasturias.com\\\/noticias\\\/author\\\/admin\\\/#author\"},\"publisher\":{\"@id\":\"https:\\\/\\\/www.eldigitaldeasturias.com\\\/noticias\\\/#organization\"},\"image\":{\"@type\":\"ImageObject\",\"url\":485110},\"datePublished\":\"2014-02-06T19:30:47+01:00\",\"dateModified\":\"2014-02-06T19:30:47+01:00\",\"inLanguage\":\"es-ES\",\"mainEntityOfPage\":{\"@id\":\"https:\\\/\\\/www.eldigitaldeasturias.com\\\/noticias\\\/cifuentes-apoya-la-politica-antiterrorista-de-rajoy-la-misma-que-la-de-aznar\\\/#webpage\"},\"isPartOf\":{\"@id\":\"https:\\\/\\\/www.eldigitaldeasturias.com\\\/noticias\\\/cifuentes-apoya-la-politica-antiterrorista-de-rajoy-la-misma-que-la-de-aznar\\\/#webpage\"},\"articleSection\":\"Actualidad\"},{\"@type\":\"BreadcrumbList\",\"@id\":\"https:\\\/\\\/www.eldigitaldeasturias.com\\\/noticias\\\/cifuentes-apoya-la-politica-antiterrorista-de-rajoy-la-misma-que-la-de-aznar\\\/#breadcrumblist\",\"itemListElement\":[{\"@type\":\"ListItem\",\"@id\":\"https:\\\/\\\/www.eldigitaldeasturias.com\\\/noticias#listItem\",\"position\":1,\"name\":\"Home\",\"item\":\"https:\\\/\\\/www.eldigitaldeasturias.com\\\/noticias\",\"nextItem\":{\"@type\":\"ListItem\",\"@id\":\"https:\\\/\\\/www.eldigitaldeasturias.com\\\/noticias\\\/category\\\/actualidad\\\/#listItem\",\"name\":\"Actualidad\"}},{\"@type\":\"ListItem\",\"@id\":\"https:\\\/\\\/www.eldigitaldeasturias.com\\\/noticias\\\/category\\\/actualidad\\\/#listItem\",\"position\":2,\"name\":\"Actualidad\",\"item\":\"https:\\\/\\\/www.eldigitaldeasturias.com\\\/noticias\\\/category\\\/actualidad\\\/\",\"nextItem\":{\"@type\":\"ListItem\",\"@id\":\"https:\\\/\\\/www.eldigitaldeasturias.com\\\/noticias\\\/cifuentes-apoya-la-politica-antiterrorista-de-rajoy-la-misma-que-la-de-aznar\\\/#listItem\",\"name\":\"Cifuentes apoya la pol\\u00edtica antiterrorista de Rajoy, la misma que la de Aznar\"},\"previousItem\":{\"@type\":\"ListItem\",\"@id\":\"https:\\\/\\\/www.eldigitaldeasturias.com\\\/noticias#listItem\",\"name\":\"Home\"}},{\"@type\":\"ListItem\",\"@id\":\"https:\\\/\\\/www.eldigitaldeasturias.com\\\/noticias\\\/cifuentes-apoya-la-politica-antiterrorista-de-rajoy-la-misma-que-la-de-aznar\\\/#listItem\",\"position\":3,\"name\":\"Cifuentes apoya la pol\\u00edtica antiterrorista de Rajoy, la misma que la de Aznar\",\"previousItem\":{\"@type\":\"ListItem\",\"@id\":\"https:\\\/\\\/www.eldigitaldeasturias.com\\\/noticias\\\/category\\\/actualidad\\\/#listItem\",\"name\":\"Actualidad\"}}]},{\"@type\":\"Organization\",\"@id\":\"https:\\\/\\\/www.eldigitaldeasturias.com\\\/noticias\\\/#organization\",\"name\":\"El Digital de Asturias\",\"description\":\"Hemeroteca\",\"url\":\"https:\\\/\\\/www.eldigitaldeasturias.com\\\/noticias\\\/\",\"email\":\"info@eldigitaldeasturias.com\",\"telephone\":\"+34652131393\",\"logo\":{\"@type\":\"ImageObject\",\"url\":\"https:\\\/\\\/www.eldigitaldeasturias.com\\\/noticias\\\/wp-content\\\/uploads\\\/2020\\\/12\\\/EDA.jpg\",\"@id\":\"https:\\\/\\\/www.eldigitaldeasturias.com\\\/noticias\\\/cifuentes-apoya-la-politica-antiterrorista-de-rajoy-la-misma-que-la-de-aznar\\\/#organizationLogo\"},\"image\":{\"@id\":\"https:\\\/\\\/www.eldigitaldeasturias.com\\\/noticias\\\/cifuentes-apoya-la-politica-antiterrorista-de-rajoy-la-misma-que-la-de-aznar\\\/#organizationLogo\"},\"sameAs\":[\"https:\\\/\\\/facebook.com\\\/eldigitaldeasturias\",\"https:\\\/\\\/www.youtube.com\\\/channel\\\/UCZP-2wLEB9Rv6erhFmqVnvg\"],\"address\":{\"@id\":\"https:\\\/\\\/www.eldigitaldeasturias.com\\\/noticias\\\/#postaladdress\",\"@type\":\"PostalAddress\",\"streetAddress\":\"san antonio 4\",\"postalCode\":\"33430\",\"addressLocality\":\"Cand\\u00e1s\",\"addressRegion\":\"Asturias\",\"addressCountry\":\"ES\"}},{\"@type\":\"Person\",\"@id\":\"https:\\\/\\\/www.eldigitaldeasturias.com\\\/noticias\\\/author\\\/admin\\\/#author\",\"url\":\"https:\\\/\\\/www.eldigitaldeasturias.com\\\/noticias\\\/author\\\/admin\\\/\",\"name\":\"El Digital de Asturias\",\"image\":{\"@type\":\"ImageObject\",\"@id\":\"https:\\\/\\\/www.eldigitaldeasturias.com\\\/noticias\\\/cifuentes-apoya-la-politica-antiterrorista-de-rajoy-la-misma-que-la-de-aznar\\\/#authorImage\",\"url\":\"https:\\\/\\\/secure.gravatar.com\\\/avatar\\\/df2aeffc32bcd13f8d26072ef8a91b623d677766deac7f97ca815868cd41bf5e?s=96&d=mm&r=g\",\"width\":96,\"height\":96,\"caption\":\"El Digital de Asturias\"}},{\"@type\":\"WebPage\",\"@id\":\"https:\\\/\\\/www.eldigitaldeasturias.com\\\/noticias\\\/cifuentes-apoya-la-politica-antiterrorista-de-rajoy-la-misma-que-la-de-aznar\\\/#webpage\",\"url\":\"https:\\\/\\\/www.eldigitaldeasturias.com\\\/noticias\\\/cifuentes-apoya-la-politica-antiterrorista-de-rajoy-la-misma-que-la-de-aznar\\\/\",\"name\":\"Cifuentes apoya la pol\\u00edtica antiterrorista de Rajoy, la misma que la de Aznar - El Digital de Asturias\",\"description\":\"Madrid, 6 feb (EFE).- La delegada del Gobierno en Madrid, Cristina Cifuentes, defiende la pol\\u00edtica antiterrorista del Gobierno de Mariano Rajoy, que es \\\"la misma que ha seguido siempre el PP, la misma que sigui\\u00f3 Aznar\\\", aunque las circunstancias son diferentes porque ETA hoy no mata, aunque tampoco ha desaparecido. Cifuentes se ha referido as\\u00ed\",\"inLanguage\":\"es-ES\",\"isPartOf\":{\"@id\":\"https:\\\/\\\/www.eldigitaldeasturias.com\\\/noticias\\\/#website\"},\"breadcrumb\":{\"@id\":\"https:\\\/\\\/www.eldigitaldeasturias.com\\\/noticias\\\/cifuentes-apoya-la-politica-antiterrorista-de-rajoy-la-misma-que-la-de-aznar\\\/#breadcrumblist\"},\"author\":{\"@id\":\"https:\\\/\\\/www.eldigitaldeasturias.com\\\/noticias\\\/author\\\/admin\\\/#author\"},\"creator\":{\"@id\":\"https:\\\/\\\/www.eldigitaldeasturias.com\\\/noticias\\\/author\\\/admin\\\/#author\"},\"image\":{\"@type\":\"ImageObject\",\"url\":485110,\"@id\":\"https:\\\/\\\/www.eldigitaldeasturias.com\\\/noticias\\\/cifuentes-apoya-la-politica-antiterrorista-de-rajoy-la-misma-que-la-de-aznar\\\/#mainImage\"},\"primaryImageOfPage\":{\"@id\":\"https:\\\/\\\/www.eldigitaldeasturias.com\\\/noticias\\\/cifuentes-apoya-la-politica-antiterrorista-de-rajoy-la-misma-que-la-de-aznar\\\/#mainImage\"},\"datePublished\":\"2014-02-06T19:30:47+01:00\",\"dateModified\":\"2014-02-06T19:30:47+01:00\"},{\"@type\":\"WebSite\",\"@id\":\"https:\\\/\\\/www.eldigitaldeasturias.com\\\/noticias\\\/#website\",\"url\":\"https:\\\/\\\/www.eldigitaldeasturias.com\\\/noticias\\\/\",\"name\":\"El Digital de Asturias - Diario de actualidad y noticias\",\"alternateName\":\"El Digital de Asturias - Diario de actualidad y noticias\",\"description\":\"Hemeroteca\",\"inLanguage\":\"es-ES\",\"publisher\":{\"@id\":\"https:\\\/\\\/www.eldigitaldeasturias.com\\\/noticias\\\/#organization\"}}]}\n\t\t<\/script>\n\t\t<!-- All in One SEO Pro -->\r\n\t\t<title>Cifuentes apoya la pol\u00edtica antiterrorista de Rajoy, la misma que la de Aznar - El Digital de Asturias<\/title>\n\n","aioseo_head_json":{"title":"Cifuentes apoya la pol\u00edtica antiterrorista de Rajoy, la misma que la de Aznar - El Digital de Asturias","description":"Madrid, 6 feb (EFE).- La delegada del Gobierno en Madrid, Cristina Cifuentes, defiende la pol\u00edtica antiterrorista del Gobierno de Mariano Rajoy, que es \"la misma que ha seguido siempre el PP, la misma que sigui\u00f3 Aznar\", aunque las circunstancias son diferentes porque ETA hoy no mata, aunque tampoco ha desaparecido. Cifuentes se ha referido as\u00ed","canonical_url":"https:\/\/www.eldigitaldeasturias.com\/noticias\/cifuentes-apoya-la-politica-antiterrorista-de-rajoy-la-misma-que-la-de-aznar\/","robots":"max-image-preview:large","keywords":"actualidad","webmasterTools":{"google-site-verification":"UA-38556648-1","msvalidate.01":"7dfe9f3f1b24437ab69f4f2559babe99","miscellaneous":""},"schema":{"@context":"https:\/\/schema.org","@graph":[{"@type":"BlogPosting","@id":"https:\/\/www.eldigitaldeasturias.com\/noticias\/cifuentes-apoya-la-politica-antiterrorista-de-rajoy-la-misma-que-la-de-aznar\/#blogposting","name":"Cifuentes apoya la pol\u00edtica antiterrorista de Rajoy, la misma que la de Aznar - El Digital de Asturias","headline":"Cifuentes apoya la pol\u00edtica antiterrorista de Rajoy, la misma que la de Aznar","author":{"@id":"https:\/\/www.eldigitaldeasturias.com\/noticias\/author\/admin\/#author"},"publisher":{"@id":"https:\/\/www.eldigitaldeasturias.com\/noticias\/#organization"},"image":{"@type":"ImageObject","url":485110},"datePublished":"2014-02-06T19:30:47+01:00","dateModified":"2014-02-06T19:30:47+01:00","inLanguage":"es-ES","mainEntityOfPage":{"@id":"https:\/\/www.eldigitaldeasturias.com\/noticias\/cifuentes-apoya-la-politica-antiterrorista-de-rajoy-la-misma-que-la-de-aznar\/#webpage"},"isPartOf":{"@id":"https:\/\/www.eldigitaldeasturias.com\/noticias\/cifuentes-apoya-la-politica-antiterrorista-de-rajoy-la-misma-que-la-de-aznar\/#webpage"},"articleSection":"Actualidad"},{"@type":"BreadcrumbList","@id":"https:\/\/www.eldigitaldeasturias.com\/noticias\/cifuentes-apoya-la-politica-antiterrorista-de-rajoy-la-misma-que-la-de-aznar\/#breadcrumblist","itemListElement":[{"@type":"ListItem","@id":"https:\/\/www.eldigitaldeasturias.com\/noticias#listItem","position":1,"name":"Home","item":"https:\/\/www.eldigitaldeasturias.com\/noticias","nextItem":{"@type":"ListItem","@id":"https:\/\/www.eldigitaldeasturias.com\/noticias\/category\/actualidad\/#listItem","name":"Actualidad"}},{"@type":"ListItem","@id":"https:\/\/www.eldigitaldeasturias.com\/noticias\/category\/actualidad\/#listItem","position":2,"name":"Actualidad","item":"https:\/\/www.eldigitaldeasturias.com\/noticias\/category\/actualidad\/","nextItem":{"@type":"ListItem","@id":"https:\/\/www.eldigitaldeasturias.com\/noticias\/cifuentes-apoya-la-politica-antiterrorista-de-rajoy-la-misma-que-la-de-aznar\/#listItem","name":"Cifuentes apoya la pol\u00edtica antiterrorista de Rajoy, la misma que la de Aznar"},"previousItem":{"@type":"ListItem","@id":"https:\/\/www.eldigitaldeasturias.com\/noticias#listItem","name":"Home"}},{"@type":"ListItem","@id":"https:\/\/www.eldigitaldeasturias.com\/noticias\/cifuentes-apoya-la-politica-antiterrorista-de-rajoy-la-misma-que-la-de-aznar\/#listItem","position":3,"name":"Cifuentes apoya la pol\u00edtica antiterrorista de Rajoy, la misma que la de Aznar","previousItem":{"@type":"ListItem","@id":"https:\/\/www.eldigitaldeasturias.com\/noticias\/category\/actualidad\/#listItem","name":"Actualidad"}}]},{"@type":"Organization","@id":"https:\/\/www.eldigitaldeasturias.com\/noticias\/#organization","name":"El Digital de Asturias","description":"Hemeroteca","url":"https:\/\/www.eldigitaldeasturias.com\/noticias\/","email":"info@eldigitaldeasturias.com","telephone":"+34652131393","logo":{"@type":"ImageObject","url":"https:\/\/www.eldigitaldeasturias.com\/noticias\/wp-content\/uploads\/2020\/12\/EDA.jpg","@id":"https:\/\/www.eldigitaldeasturias.com\/noticias\/cifuentes-apoya-la-politica-antiterrorista-de-rajoy-la-misma-que-la-de-aznar\/#organizationLogo"},"image":{"@id":"https:\/\/www.eldigitaldeasturias.com\/noticias\/cifuentes-apoya-la-politica-antiterrorista-de-rajoy-la-misma-que-la-de-aznar\/#organizationLogo"},"sameAs":["https:\/\/facebook.com\/eldigitaldeasturias","https:\/\/www.youtube.com\/channel\/UCZP-2wLEB9Rv6erhFmqVnvg"],"address":{"@id":"https:\/\/www.eldigitaldeasturias.com\/noticias\/#postaladdress","@type":"PostalAddress","streetAddress":"san antonio 4","postalCode":"33430","addressLocality":"Cand\u00e1s","addressRegion":"Asturias","addressCountry":"ES"}},{"@type":"Person","@id":"https:\/\/www.eldigitaldeasturias.com\/noticias\/author\/admin\/#author","url":"https:\/\/www.eldigitaldeasturias.com\/noticias\/author\/admin\/","name":"El Digital de Asturias","image":{"@type":"ImageObject","@id":"https:\/\/www.eldigitaldeasturias.com\/noticias\/cifuentes-apoya-la-politica-antiterrorista-de-rajoy-la-misma-que-la-de-aznar\/#authorImage","url":"https:\/\/secure.gravatar.com\/avatar\/df2aeffc32bcd13f8d26072ef8a91b623d677766deac7f97ca815868cd41bf5e?s=96&d=mm&r=g","width":96,"height":96,"caption":"El Digital de Asturias"}},{"@type":"WebPage","@id":"https:\/\/www.eldigitaldeasturias.com\/noticias\/cifuentes-apoya-la-politica-antiterrorista-de-rajoy-la-misma-que-la-de-aznar\/#webpage","url":"https:\/\/www.eldigitaldeasturias.com\/noticias\/cifuentes-apoya-la-politica-antiterrorista-de-rajoy-la-misma-que-la-de-aznar\/","name":"Cifuentes apoya la pol\u00edtica antiterrorista de Rajoy, la misma que la de Aznar - El Digital de Asturias","description":"Madrid, 6 feb (EFE).- La delegada del Gobierno en Madrid, Cristina Cifuentes, defiende la pol\u00edtica antiterrorista del Gobierno de Mariano Rajoy, que es \"la misma que ha seguido siempre el PP, la misma que sigui\u00f3 Aznar\", aunque las circunstancias son diferentes porque ETA hoy no mata, aunque tampoco ha desaparecido. Cifuentes se ha referido as\u00ed","inLanguage":"es-ES","isPartOf":{"@id":"https:\/\/www.eldigitaldeasturias.com\/noticias\/#website"},"breadcrumb":{"@id":"https:\/\/www.eldigitaldeasturias.com\/noticias\/cifuentes-apoya-la-politica-antiterrorista-de-rajoy-la-misma-que-la-de-aznar\/#breadcrumblist"},"author":{"@id":"https:\/\/www.eldigitaldeasturias.com\/noticias\/author\/admin\/#author"},"creator":{"@id":"https:\/\/www.eldigitaldeasturias.com\/noticias\/author\/admin\/#author"},"image":{"@type":"ImageObject","url":485110,"@id":"https:\/\/www.eldigitaldeasturias.com\/noticias\/cifuentes-apoya-la-politica-antiterrorista-de-rajoy-la-misma-que-la-de-aznar\/#mainImage"},"primaryImageOfPage":{"@id":"https:\/\/www.eldigitaldeasturias.com\/noticias\/cifuentes-apoya-la-politica-antiterrorista-de-rajoy-la-misma-que-la-de-aznar\/#mainImage"},"datePublished":"2014-02-06T19:30:47+01:00","dateModified":"2014-02-06T19:30:47+01:00"},{"@type":"WebSite","@id":"https:\/\/www.eldigitaldeasturias.com\/noticias\/#website","url":"https:\/\/www.eldigitaldeasturias.com\/noticias\/","name":"El Digital de Asturias - Diario de actualidad y noticias","alternateName":"El Digital de Asturias - Diario de actualidad y noticias","description":"Hemeroteca","inLanguage":"es-ES","publisher":{"@id":"https:\/\/www.eldigitaldeasturias.com\/noticias\/#organization"}}]},"og:locale":"es_ES","og:site_name":"El Digital de Asturias","og:type":"article","og:title":"Cifuentes apoya la pol\u00edtica antiterrorista de Rajoy, la misma que la de Aznar - El Digital de Asturias","og:description":"Madrid, 6 feb (EFE).- La delegada del Gobierno en Madrid, Cristina Cifuentes, defiende la pol\u00edtica antiterrorista del Gobierno de Mariano Rajoy, que es &quot;la misma que ha seguido siempre el PP, la misma que sigui\u00f3 Aznar&quot;, aunque las circunstancias son diferentes porque ETA hoy no mata, aunque tampoco ha desaparecido. Cifuentes se ha referido as\u00ed","og:url":"https:\/\/www.eldigitaldeasturias.com\/noticias\/cifuentes-apoya-la-politica-antiterrorista-de-rajoy-la-misma-que-la-de-aznar\/","article:tag":["actualidad"],"article:published_time":"2014-02-06T20:30:47+00:00","article:modified_time":"2014-02-06T20:30:47+00:00","article:publisher":"https:\/\/facebook.com\/eldigitaldeasturias","twitter:card":"summary_large_image","twitter:title":"Cifuentes apoya la pol\u00edtica antiterrorista de Rajoy, la misma que la de Aznar - El Digital de Asturias","twitter:description":"Madrid, 6 feb (EFE).- La delegada del Gobierno en Madrid, Cristina Cifuentes, defiende la pol\u00edtica antiterrorista del Gobierno de Mariano Rajoy, que es &quot;la misma que ha seguido siempre el PP, la misma que sigui\u00f3 Aznar&quot;, aunque las circunstancias son diferentes porque ETA hoy no mata, aunque tampoco ha desaparecido. Cifuentes se ha referido as\u00ed","twitter:label1":"Escrito por","twitter:data1":"El Digital de Asturias","twitter:label2":"Tiempo de lectura estimado","twitter:data2":"3 minutos"},"aioseo_meta_data":{"post_id":"485109","title":null,"description":null,"keywords":null,"keyphrases":null,"primary_term":null,"canonical_url":null,"og_title":null,"og_description":null,"og_object_type":"default","og_image_type":"default","og_image_url":null,"og_image_width":null,"og_image_height":null,"og_image_custom_url":null,"og_image_custom_fields":null,"og_video":null,"og_custom_url":null,"og_article_section":null,"og_article_tags":null,"twitter_use_og":true,"twitter_card":"default","twitter_image_type":"default","twitter_image_url":null,"twitter_image_custom_url":null,"twitter_image_custom_fields":null,"twitter_title":null,"twitter_description":null,"schema":{"blockGraphs":[],"customGraphs":[],"default":{"data":{"Article":[],"Course":[],"Dataset":[],"FAQPage":[],"Movie":[],"Person":[],"Product":[],"ProductReview":[],"Car":[],"Recipe":[],"Service":[],"SoftwareApplication":[],"WebPage":[]},"graphName":"","isEnabled":true},"graphs":[],"defaultGraph":"","defaultPostTypeGraph":""},"schema_type":null,"schema_type_options":null,"pillar_content":false,"robots_default":true,"robots_noindex":false,"robots_noarchive":false,"robots_nosnippet":false,"robots_nofollow":false,"robots_noimageindex":false,"robots_noodp":false,"robots_notranslate":false,"robots_max_snippet":null,"robots_max_videopreview":null,"robots_max_imagepreview":"none","priority":null,"frequency":null,"local_seo":null,"seo_analyzer_scan_date":"2026-06-02 18:45:49","breadcrumb_settings":null,"limit_modified_date":false,"open_ai":null,"ai":null,"created":"2020-11-14 22:55:11","updated":"2026-06-02 18:45:49","focus_keyword":null,"additional_keywords":null,"truseo_locale":null},"aioseo_breadcrumb":"<div class=\"aioseo-breadcrumbs\"><span class=\"aioseo-breadcrumb\">\n\t<a href=\"https:\/\/www.eldigitaldeasturias.com\/noticias\" title=\"Home\">Home<\/a>\n<\/span><span class=\"aioseo-breadcrumb-separator\">\u2013<\/span><span class=\"aioseo-breadcrumb\">\n\t<a href=\"https:\/\/www.eldigitaldeasturias.com\/noticias\/category\/actualidad\/\" title=\"Actualidad\">Actualidad<\/a>\n<\/span><span class=\"aioseo-breadcrumb-separator\">\u2013<\/span><span class=\"aioseo-breadcrumb\">\n\t<a href=\"https:\/\/www.eldigitaldeasturias.com\/noticias\/cifuentes-apoya-la-politica-antiterrorista-de-rajoy-la-misma-que-la-de-aznar\/\" title=\"Cifuentes apoya la pol\u00edtica antiterrorista de Rajoy, la misma que la de Aznar\">Cifuentes apoya la pol\u00edtica antiterrorista de Rajoy, la misma que la de Aznar<\/a>\n<\/span><\/div>","aioseo_breadcrumb_json":[{"label":"Home","link":"https:\/\/www.eldigitaldeasturias.com\/noticias"},{"label":"Actualidad","link":"https:\/\/www.eldigitaldeasturias.com\/noticias\/category\/actualidad\/"},{"label":"Cifuentes apoya la pol\u00edtica antiterrorista de Rajoy, la misma que la de Aznar","link":"https:\/\/www.eldigitaldeasturias.com\/noticias\/cifuentes-apoya-la-politica-antiterrorista-de-rajoy-la-misma-que-la-de-aznar\/"}],"_links":{"self":[{"href":"https:\/\/www.eldigitaldeasturias.com\/noticias\/wp-json\/wp\/v2\/posts\/485109","targetHints":{"allow":["GET"]}}],"collection":[{"href":"https:\/\/www.eldigitaldeasturias.com\/noticias\/wp-json\/wp\/v2\/posts"}],"about":[{"href":"https:\/\/www.eldigitaldeasturias.com\/noticias\/wp-json\/wp\/v2\/types\/post"}],"author":[{"embeddable":true,"href":"https:\/\/www.eldigitaldeasturias.com\/noticias\/wp-json\/wp\/v2\/users\/1"}],"replies":[{"embeddable":true,"href":"https:\/\/www.eldigitaldeasturias.com\/noticias\/wp-json\/wp\/v2\/comments?post=485109"}],"version-history":[{"count":0,"href":"https:\/\/www.eldigitaldeasturias.com\/noticias\/wp-json\/wp\/v2\/posts\/485109\/revisions"}],"wp:attachment":[{"href":"https:\/\/www.eldigitaldeasturias.com\/noticias\/wp-json\/wp\/v2\/media?parent=485109"}],"wp:term":[{"taxonomy":"category","embeddable":true,"href":"https:\/\/www.eldigitaldeasturias.com\/noticias\/wp-json\/wp\/v2\/categories?post=485109"},{"taxonomy":"post_tag","embeddable":true,"href":"https:\/\/www.eldigitaldeasturias.com\/noticias\/wp-json\/wp\/v2\/tags?post=485109"}],"curies":[{"name":"wp","href":"https:\/\/api.w.org\/{rel}","templated":true}]}}