{"id":485097,"date":"2014-02-06T19:27:06","date_gmt":"2014-02-06T20:27:06","guid":{"rendered":"http:\/\/www.eldigitaldeasturias.com\/noticias\/?p=485097"},"modified":"2014-02-06T19:27:06","modified_gmt":"2014-02-06T20:27:06","slug":"homs-contempla-que-los-espanoles-voten-cambios-legales-derivados-de-la-consulta","status":"publish","type":"post","link":"https:\/\/www.eldigitaldeasturias.com\/noticias\/homs-contempla-que-los-espanoles-voten-cambios-legales-derivados-de-la-consulta\/","title":{"rendered":"Homs contempla que los espa\u00f1oles voten cambios legales derivados de la consulta"},"content":{"rendered":"<p><img loading=\"lazy\" decoding=\"async\" class=\"alignleft size-medium wp-image-485098\" alt=\"5915416w\" src=\"https:\/\/www.eldigitaldeasturias.com\/noticias\/wp-content\/uploads\/2014\/02\/5915416w-360x251.jpg\" width=\"360\" height=\"251\" \/>Barcelona, 6 feb (EFE).- El conseller de Presidencia y portavoz del Govern, Francesc Homs, ha defendido hoy que es \u00abperfectamente legal\u00bb que los catalanes decidan su futuro a trav\u00e9s de una consulta y no ha descartado que el conjunto de los espa\u00f1oles puedan votar los cambios legales que se pudieran derivar del resultado del referendo.<\/p>\n<p>\u00abSi la opini\u00f3n -en la consulta- es mayoritaria en relaci\u00f3n con la independencia, esto se deber\u00e1 negociar con las instituciones del Estado y veremos el resultado de esta negociaci\u00f3n y obviamente la posici\u00f3n del Estado la va a fijar el conjunto de la soberan\u00eda del Estado espa\u00f1ol\u00bb, ha afirmado hoy el conseller en declaraciones a la Cope.<\/p>\n<p>Homs ha recalcado que la consulta sirve s\u00f3lo para conocer la opini\u00f3n de los catalanes y que no genera autom\u00e1ticamente una \u00absituaci\u00f3n jur\u00eddica nueva\u00bb, sino que abrir\u00eda un proceso de negociaci\u00f3n para encauzar la voluntad de las urnas en el que, si fuera el caso, se deber\u00edan modificar leyes, inclusive la Constituci\u00f3n, lo que llevar\u00eda a una votaci\u00f3n del \u00abconjunto del cuerpo electoral espa\u00f1ol\u00bb.<\/p>\n<p>El conseller ha afirmado que el Gobierno \u00abno da dinero\u00bb a Catalu\u00f1a, sino que \u00abse lo presta con intereses\u00bb, y ha asegurado que, con su actitud, el ministro de Hacienda, Crist\u00f3bal Montoro, es una \u00abm\u00e1quina de fabricar independentistas, m\u00e1s que ERC\u00bb.<\/p>\n<p>Sin descartar otros escenarios, Homs ha asegurado que la voluntad es agotar la legislatura y que el presidente de la Generalitat, Artur Mas, repita como candidato de CiU, aunque en todo caso esto ser\u00e1 una decisi\u00f3n de Mas.<\/p>\n","protected":false},"excerpt":{"rendered":"<p>Barcelona, 6 feb (EFE).- El conseller de Presidencia y portavoz del Govern, Francesc Homs, ha defendido hoy que es \u00abperfectamente legal\u00bb que los catalanes decidan su futuro a trav\u00e9s de una consulta y no ha descartado que el conjunto de los espa\u00f1oles puedan votar los cambios legales que se pudieran derivar del resultado del referendo. [&hellip;]<\/p>\n","protected":false},"author":1,"featured_media":485098,"comment_status":"closed","ping_status":"open","sticky":false,"template":"","format":"standard","meta":{"footnotes":""},"categories":[1],"tags":[],"class_list":["post-485097","post","type-post","status-publish","format-standard","has-post-thumbnail","hentry","category-actualidad"],"aioseo_notices":[],"aioseo_head":"\n\t\t<!-- All in One SEO Pro 5.0.1 - aioseo.com -->\n\t<meta name=\"description\" content=\"Barcelona, 6 feb (EFE).- El conseller de Presidencia y portavoz del Govern, Francesc Homs, ha defendido hoy que es &quot;perfectamente legal&quot; que los catalanes decidan su futuro a trav\u00e9s de una consulta y no ha descartado que el conjunto de los espa\u00f1oles puedan votar los cambios legales que se pudieran derivar del resultado del referendo.\" \/>\n\t<meta name=\"robots\" content=\"max-image-preview:large\" \/>\n\t<meta name=\"author\" content=\"El Digital de Asturias\"\/>\n\t<meta name=\"google-site-verification\" content=\"UA-38556648-1\" \/>\n\t<meta name=\"msvalidate.01\" content=\"7dfe9f3f1b24437ab69f4f2559babe99\" \/>\n\t<meta name=\"keywords\" content=\"actualidad\" \/>\n\t<link rel=\"canonical\" href=\"https:\/\/www.eldigitaldeasturias.com\/noticias\/homs-contempla-que-los-espanoles-voten-cambios-legales-derivados-de-la-consulta\/\" \/>\n\t<meta name=\"generator\" content=\"All in One SEO Pro (AIOSEO) 5.0.1\" \/>\n\t\t<meta property=\"og:locale\" content=\"es_ES\" \/>\n\t\t<meta property=\"og:site_name\" content=\"El Digital de Asturias\" \/>\n\t\t<meta property=\"og:type\" content=\"article\" \/>\n\t\t<meta property=\"og:title\" content=\"Homs contempla que los espa\u00f1oles voten cambios legales derivados de la consulta - El Digital de Asturias\" \/>\n\t\t<meta property=\"og:description\" content=\"Barcelona, 6 feb (EFE).- El conseller de Presidencia y portavoz del Govern, Francesc Homs, ha defendido hoy que es &quot;perfectamente legal&quot; que los catalanes decidan su futuro a trav\u00e9s de una consulta y no ha descartado que el conjunto de los espa\u00f1oles puedan votar los cambios legales que se pudieran derivar del resultado del referendo.\" \/>\n\t\t<meta property=\"og:url\" content=\"https:\/\/www.eldigitaldeasturias.com\/noticias\/homs-contempla-que-los-espanoles-voten-cambios-legales-derivados-de-la-consulta\/\" \/>\n\t\t<meta property=\"article:tag\" content=\"actualidad\" \/>\n\t\t<meta property=\"article:published_time\" content=\"2014-02-06T20:27:06+00:00\" \/>\n\t\t<meta property=\"article:modified_time\" content=\"2014-02-06T20:27:06+00:00\" \/>\n\t\t<meta property=\"article:publisher\" content=\"https:\/\/facebook.com\/eldigitaldeasturias\" \/>\n\t\t<meta name=\"twitter:card\" content=\"summary_large_image\" \/>\n\t\t<meta name=\"twitter:title\" content=\"Homs contempla que los espa\u00f1oles voten cambios legales derivados de la consulta - El Digital de Asturias\" \/>\n\t\t<meta name=\"twitter:description\" content=\"Barcelona, 6 feb (EFE).- El conseller de Presidencia y portavoz del Govern, Francesc Homs, ha defendido hoy que es &quot;perfectamente legal&quot; que los catalanes decidan su futuro a trav\u00e9s de una consulta y no ha descartado que el conjunto de los espa\u00f1oles puedan votar los cambios legales que se pudieran derivar del resultado del referendo.\" \/>\n\t\t<meta name=\"twitter:label1\" content=\"Escrito por\" \/>\n\t\t<meta name=\"twitter:data1\" content=\"El Digital de Asturias\" \/>\n\t\t<meta name=\"twitter:label2\" content=\"Tiempo de lectura estimado\" \/>\n\t\t<meta name=\"twitter:data2\" content=\"1 minuto\" \/>\n\t\t<script type=\"application\/ld+json\" class=\"aioseo-schema\">\n\t\t\t{\"@context\":\"https:\\\/\\\/schema.org\",\"@graph\":[{\"@type\":\"BlogPosting\",\"@id\":\"https:\\\/\\\/www.eldigitaldeasturias.com\\\/noticias\\\/homs-contempla-que-los-espanoles-voten-cambios-legales-derivados-de-la-consulta\\\/#blogposting\",\"name\":\"Homs contempla que los espa\\u00f1oles voten cambios legales derivados de la consulta - El Digital de Asturias\",\"headline\":\"Homs contempla que los espa\\u00f1oles voten cambios legales derivados de la consulta\",\"author\":{\"@id\":\"https:\\\/\\\/www.eldigitaldeasturias.com\\\/noticias\\\/author\\\/admin\\\/#author\"},\"publisher\":{\"@id\":\"https:\\\/\\\/www.eldigitaldeasturias.com\\\/noticias\\\/#organization\"},\"image\":{\"@type\":\"ImageObject\",\"url\":485098},\"datePublished\":\"2014-02-06T19:27:06+01:00\",\"dateModified\":\"2014-02-06T19:27:06+01:00\",\"inLanguage\":\"es-ES\",\"mainEntityOfPage\":{\"@id\":\"https:\\\/\\\/www.eldigitaldeasturias.com\\\/noticias\\\/homs-contempla-que-los-espanoles-voten-cambios-legales-derivados-de-la-consulta\\\/#webpage\"},\"isPartOf\":{\"@id\":\"https:\\\/\\\/www.eldigitaldeasturias.com\\\/noticias\\\/homs-contempla-que-los-espanoles-voten-cambios-legales-derivados-de-la-consulta\\\/#webpage\"},\"articleSection\":\"Actualidad\"},{\"@type\":\"BreadcrumbList\",\"@id\":\"https:\\\/\\\/www.eldigitaldeasturias.com\\\/noticias\\\/homs-contempla-que-los-espanoles-voten-cambios-legales-derivados-de-la-consulta\\\/#breadcrumblist\",\"itemListElement\":[{\"@type\":\"ListItem\",\"@id\":\"https:\\\/\\\/www.eldigitaldeasturias.com\\\/noticias#listItem\",\"position\":1,\"name\":\"Home\",\"item\":\"https:\\\/\\\/www.eldigitaldeasturias.com\\\/noticias\",\"nextItem\":{\"@type\":\"ListItem\",\"@id\":\"https:\\\/\\\/www.eldigitaldeasturias.com\\\/noticias\\\/category\\\/actualidad\\\/#listItem\",\"name\":\"Actualidad\"}},{\"@type\":\"ListItem\",\"@id\":\"https:\\\/\\\/www.eldigitaldeasturias.com\\\/noticias\\\/category\\\/actualidad\\\/#listItem\",\"position\":2,\"name\":\"Actualidad\",\"item\":\"https:\\\/\\\/www.eldigitaldeasturias.com\\\/noticias\\\/category\\\/actualidad\\\/\",\"nextItem\":{\"@type\":\"ListItem\",\"@id\":\"https:\\\/\\\/www.eldigitaldeasturias.com\\\/noticias\\\/homs-contempla-que-los-espanoles-voten-cambios-legales-derivados-de-la-consulta\\\/#listItem\",\"name\":\"Homs contempla que los espa\\u00f1oles voten cambios legales derivados de la consulta\"},\"previousItem\":{\"@type\":\"ListItem\",\"@id\":\"https:\\\/\\\/www.eldigitaldeasturias.com\\\/noticias#listItem\",\"name\":\"Home\"}},{\"@type\":\"ListItem\",\"@id\":\"https:\\\/\\\/www.eldigitaldeasturias.com\\\/noticias\\\/homs-contempla-que-los-espanoles-voten-cambios-legales-derivados-de-la-consulta\\\/#listItem\",\"position\":3,\"name\":\"Homs contempla que los espa\\u00f1oles voten cambios legales derivados de la consulta\",\"previousItem\":{\"@type\":\"ListItem\",\"@id\":\"https:\\\/\\\/www.eldigitaldeasturias.com\\\/noticias\\\/category\\\/actualidad\\\/#listItem\",\"name\":\"Actualidad\"}}]},{\"@type\":\"Organization\",\"@id\":\"https:\\\/\\\/www.eldigitaldeasturias.com\\\/noticias\\\/#organization\",\"name\":\"El Digital de Asturias\",\"description\":\"Hemeroteca\",\"url\":\"https:\\\/\\\/www.eldigitaldeasturias.com\\\/noticias\\\/\",\"email\":\"info@eldigitaldeasturias.com\",\"telephone\":\"+34652131393\",\"logo\":{\"@type\":\"ImageObject\",\"url\":\"https:\\\/\\\/www.eldigitaldeasturias.com\\\/noticias\\\/wp-content\\\/uploads\\\/2020\\\/12\\\/EDA.jpg\",\"@id\":\"https:\\\/\\\/www.eldigitaldeasturias.com\\\/noticias\\\/homs-contempla-que-los-espanoles-voten-cambios-legales-derivados-de-la-consulta\\\/#organizationLogo\"},\"image\":{\"@id\":\"https:\\\/\\\/www.eldigitaldeasturias.com\\\/noticias\\\/homs-contempla-que-los-espanoles-voten-cambios-legales-derivados-de-la-consulta\\\/#organizationLogo\"},\"sameAs\":[\"https:\\\/\\\/facebook.com\\\/eldigitaldeasturias\",\"https:\\\/\\\/www.youtube.com\\\/channel\\\/UCZP-2wLEB9Rv6erhFmqVnvg\"],\"address\":{\"@id\":\"https:\\\/\\\/www.eldigitaldeasturias.com\\\/noticias\\\/#postaladdress\",\"@type\":\"PostalAddress\",\"streetAddress\":\"san antonio 4\",\"postalCode\":\"33430\",\"addressLocality\":\"Cand\\u00e1s\",\"addressRegion\":\"Asturias\",\"addressCountry\":\"ES\"}},{\"@type\":\"Person\",\"@id\":\"https:\\\/\\\/www.eldigitaldeasturias.com\\\/noticias\\\/author\\\/admin\\\/#author\",\"url\":\"https:\\\/\\\/www.eldigitaldeasturias.com\\\/noticias\\\/author\\\/admin\\\/\",\"name\":\"El Digital de Asturias\",\"image\":{\"@type\":\"ImageObject\",\"@id\":\"https:\\\/\\\/www.eldigitaldeasturias.com\\\/noticias\\\/homs-contempla-que-los-espanoles-voten-cambios-legales-derivados-de-la-consulta\\\/#authorImage\",\"url\":\"https:\\\/\\\/secure.gravatar.com\\\/avatar\\\/df2aeffc32bcd13f8d26072ef8a91b623d677766deac7f97ca815868cd41bf5e?s=96&d=mm&r=g\",\"width\":96,\"height\":96,\"caption\":\"El Digital de Asturias\"}},{\"@type\":\"WebPage\",\"@id\":\"https:\\\/\\\/www.eldigitaldeasturias.com\\\/noticias\\\/homs-contempla-que-los-espanoles-voten-cambios-legales-derivados-de-la-consulta\\\/#webpage\",\"url\":\"https:\\\/\\\/www.eldigitaldeasturias.com\\\/noticias\\\/homs-contempla-que-los-espanoles-voten-cambios-legales-derivados-de-la-consulta\\\/\",\"name\":\"Homs contempla que los espa\\u00f1oles voten cambios legales derivados de la consulta - El Digital de Asturias\",\"description\":\"Barcelona, 6 feb (EFE).- El conseller de Presidencia y portavoz del Govern, Francesc Homs, ha defendido hoy que es \\\"perfectamente legal\\\" que los catalanes decidan su futuro a trav\\u00e9s de una consulta y no ha descartado que el conjunto de los espa\\u00f1oles puedan votar los cambios legales que se pudieran derivar del resultado del referendo.\",\"inLanguage\":\"es-ES\",\"isPartOf\":{\"@id\":\"https:\\\/\\\/www.eldigitaldeasturias.com\\\/noticias\\\/#website\"},\"breadcrumb\":{\"@id\":\"https:\\\/\\\/www.eldigitaldeasturias.com\\\/noticias\\\/homs-contempla-que-los-espanoles-voten-cambios-legales-derivados-de-la-consulta\\\/#breadcrumblist\"},\"author\":{\"@id\":\"https:\\\/\\\/www.eldigitaldeasturias.com\\\/noticias\\\/author\\\/admin\\\/#author\"},\"creator\":{\"@id\":\"https:\\\/\\\/www.eldigitaldeasturias.com\\\/noticias\\\/author\\\/admin\\\/#author\"},\"image\":{\"@type\":\"ImageObject\",\"url\":485098,\"@id\":\"https:\\\/\\\/www.eldigitaldeasturias.com\\\/noticias\\\/homs-contempla-que-los-espanoles-voten-cambios-legales-derivados-de-la-consulta\\\/#mainImage\"},\"primaryImageOfPage\":{\"@id\":\"https:\\\/\\\/www.eldigitaldeasturias.com\\\/noticias\\\/homs-contempla-que-los-espanoles-voten-cambios-legales-derivados-de-la-consulta\\\/#mainImage\"},\"datePublished\":\"2014-02-06T19:27:06+01:00\",\"dateModified\":\"2014-02-06T19:27:06+01:00\"},{\"@type\":\"WebSite\",\"@id\":\"https:\\\/\\\/www.eldigitaldeasturias.com\\\/noticias\\\/#website\",\"url\":\"https:\\\/\\\/www.eldigitaldeasturias.com\\\/noticias\\\/\",\"name\":\"El Digital de Asturias - Diario de actualidad y noticias\",\"alternateName\":\"El Digital de Asturias - Diario de actualidad y noticias\",\"description\":\"Hemeroteca\",\"inLanguage\":\"es-ES\",\"publisher\":{\"@id\":\"https:\\\/\\\/www.eldigitaldeasturias.com\\\/noticias\\\/#organization\"}}]}\n\t\t<\/script>\n\t\t<!-- All in One SEO Pro -->\r\n\t\t<title>Homs contempla que los espa\u00f1oles voten cambios legales derivados de la consulta - El Digital de Asturias<\/title>\n\n","aioseo_head_json":{"title":"Homs contempla que los espa\u00f1oles voten cambios legales derivados de la consulta - El Digital de Asturias","description":"Barcelona, 6 feb (EFE).- El conseller de Presidencia y portavoz del Govern, Francesc Homs, ha defendido hoy que es \"perfectamente legal\" que los catalanes decidan su futuro a trav\u00e9s de una consulta y no ha descartado que el conjunto de los espa\u00f1oles puedan votar los cambios legales que se pudieran derivar del resultado del referendo.","canonical_url":"https:\/\/www.eldigitaldeasturias.com\/noticias\/homs-contempla-que-los-espanoles-voten-cambios-legales-derivados-de-la-consulta\/","robots":"max-image-preview:large","keywords":"actualidad","webmasterTools":{"google-site-verification":"UA-38556648-1","msvalidate.01":"7dfe9f3f1b24437ab69f4f2559babe99","miscellaneous":""},"schema":{"@context":"https:\/\/schema.org","@graph":[{"@type":"BlogPosting","@id":"https:\/\/www.eldigitaldeasturias.com\/noticias\/homs-contempla-que-los-espanoles-voten-cambios-legales-derivados-de-la-consulta\/#blogposting","name":"Homs contempla que los espa\u00f1oles voten cambios legales derivados de la consulta - El Digital de Asturias","headline":"Homs contempla que los espa\u00f1oles voten cambios legales derivados de la consulta","author":{"@id":"https:\/\/www.eldigitaldeasturias.com\/noticias\/author\/admin\/#author"},"publisher":{"@id":"https:\/\/www.eldigitaldeasturias.com\/noticias\/#organization"},"image":{"@type":"ImageObject","url":485098},"datePublished":"2014-02-06T19:27:06+01:00","dateModified":"2014-02-06T19:27:06+01:00","inLanguage":"es-ES","mainEntityOfPage":{"@id":"https:\/\/www.eldigitaldeasturias.com\/noticias\/homs-contempla-que-los-espanoles-voten-cambios-legales-derivados-de-la-consulta\/#webpage"},"isPartOf":{"@id":"https:\/\/www.eldigitaldeasturias.com\/noticias\/homs-contempla-que-los-espanoles-voten-cambios-legales-derivados-de-la-consulta\/#webpage"},"articleSection":"Actualidad"},{"@type":"BreadcrumbList","@id":"https:\/\/www.eldigitaldeasturias.com\/noticias\/homs-contempla-que-los-espanoles-voten-cambios-legales-derivados-de-la-consulta\/#breadcrumblist","itemListElement":[{"@type":"ListItem","@id":"https:\/\/www.eldigitaldeasturias.com\/noticias#listItem","position":1,"name":"Home","item":"https:\/\/www.eldigitaldeasturias.com\/noticias","nextItem":{"@type":"ListItem","@id":"https:\/\/www.eldigitaldeasturias.com\/noticias\/category\/actualidad\/#listItem","name":"Actualidad"}},{"@type":"ListItem","@id":"https:\/\/www.eldigitaldeasturias.com\/noticias\/category\/actualidad\/#listItem","position":2,"name":"Actualidad","item":"https:\/\/www.eldigitaldeasturias.com\/noticias\/category\/actualidad\/","nextItem":{"@type":"ListItem","@id":"https:\/\/www.eldigitaldeasturias.com\/noticias\/homs-contempla-que-los-espanoles-voten-cambios-legales-derivados-de-la-consulta\/#listItem","name":"Homs contempla que los espa\u00f1oles voten cambios legales derivados de la consulta"},"previousItem":{"@type":"ListItem","@id":"https:\/\/www.eldigitaldeasturias.com\/noticias#listItem","name":"Home"}},{"@type":"ListItem","@id":"https:\/\/www.eldigitaldeasturias.com\/noticias\/homs-contempla-que-los-espanoles-voten-cambios-legales-derivados-de-la-consulta\/#listItem","position":3,"name":"Homs contempla que los espa\u00f1oles voten cambios legales derivados de la consulta","previousItem":{"@type":"ListItem","@id":"https:\/\/www.eldigitaldeasturias.com\/noticias\/category\/actualidad\/#listItem","name":"Actualidad"}}]},{"@type":"Organization","@id":"https:\/\/www.eldigitaldeasturias.com\/noticias\/#organization","name":"El Digital de Asturias","description":"Hemeroteca","url":"https:\/\/www.eldigitaldeasturias.com\/noticias\/","email":"info@eldigitaldeasturias.com","telephone":"+34652131393","logo":{"@type":"ImageObject","url":"https:\/\/www.eldigitaldeasturias.com\/noticias\/wp-content\/uploads\/2020\/12\/EDA.jpg","@id":"https:\/\/www.eldigitaldeasturias.com\/noticias\/homs-contempla-que-los-espanoles-voten-cambios-legales-derivados-de-la-consulta\/#organizationLogo"},"image":{"@id":"https:\/\/www.eldigitaldeasturias.com\/noticias\/homs-contempla-que-los-espanoles-voten-cambios-legales-derivados-de-la-consulta\/#organizationLogo"},"sameAs":["https:\/\/facebook.com\/eldigitaldeasturias","https:\/\/www.youtube.com\/channel\/UCZP-2wLEB9Rv6erhFmqVnvg"],"address":{"@id":"https:\/\/www.eldigitaldeasturias.com\/noticias\/#postaladdress","@type":"PostalAddress","streetAddress":"san antonio 4","postalCode":"33430","addressLocality":"Cand\u00e1s","addressRegion":"Asturias","addressCountry":"ES"}},{"@type":"Person","@id":"https:\/\/www.eldigitaldeasturias.com\/noticias\/author\/admin\/#author","url":"https:\/\/www.eldigitaldeasturias.com\/noticias\/author\/admin\/","name":"El Digital de Asturias","image":{"@type":"ImageObject","@id":"https:\/\/www.eldigitaldeasturias.com\/noticias\/homs-contempla-que-los-espanoles-voten-cambios-legales-derivados-de-la-consulta\/#authorImage","url":"https:\/\/secure.gravatar.com\/avatar\/df2aeffc32bcd13f8d26072ef8a91b623d677766deac7f97ca815868cd41bf5e?s=96&d=mm&r=g","width":96,"height":96,"caption":"El Digital de Asturias"}},{"@type":"WebPage","@id":"https:\/\/www.eldigitaldeasturias.com\/noticias\/homs-contempla-que-los-espanoles-voten-cambios-legales-derivados-de-la-consulta\/#webpage","url":"https:\/\/www.eldigitaldeasturias.com\/noticias\/homs-contempla-que-los-espanoles-voten-cambios-legales-derivados-de-la-consulta\/","name":"Homs contempla que los espa\u00f1oles voten cambios legales derivados de la consulta - El Digital de Asturias","description":"Barcelona, 6 feb (EFE).- El conseller de Presidencia y portavoz del Govern, Francesc Homs, ha defendido hoy que es \"perfectamente legal\" que los catalanes decidan su futuro a trav\u00e9s de una consulta y no ha descartado que el conjunto de los espa\u00f1oles puedan votar los cambios legales que se pudieran derivar del resultado del referendo.","inLanguage":"es-ES","isPartOf":{"@id":"https:\/\/www.eldigitaldeasturias.com\/noticias\/#website"},"breadcrumb":{"@id":"https:\/\/www.eldigitaldeasturias.com\/noticias\/homs-contempla-que-los-espanoles-voten-cambios-legales-derivados-de-la-consulta\/#breadcrumblist"},"author":{"@id":"https:\/\/www.eldigitaldeasturias.com\/noticias\/author\/admin\/#author"},"creator":{"@id":"https:\/\/www.eldigitaldeasturias.com\/noticias\/author\/admin\/#author"},"image":{"@type":"ImageObject","url":485098,"@id":"https:\/\/www.eldigitaldeasturias.com\/noticias\/homs-contempla-que-los-espanoles-voten-cambios-legales-derivados-de-la-consulta\/#mainImage"},"primaryImageOfPage":{"@id":"https:\/\/www.eldigitaldeasturias.com\/noticias\/homs-contempla-que-los-espanoles-voten-cambios-legales-derivados-de-la-consulta\/#mainImage"},"datePublished":"2014-02-06T19:27:06+01:00","dateModified":"2014-02-06T19:27:06+01:00"},{"@type":"WebSite","@id":"https:\/\/www.eldigitaldeasturias.com\/noticias\/#website","url":"https:\/\/www.eldigitaldeasturias.com\/noticias\/","name":"El Digital de Asturias - Diario de actualidad y noticias","alternateName":"El Digital de Asturias - Diario de actualidad y noticias","description":"Hemeroteca","inLanguage":"es-ES","publisher":{"@id":"https:\/\/www.eldigitaldeasturias.com\/noticias\/#organization"}}]},"og:locale":"es_ES","og:site_name":"El Digital de Asturias","og:type":"article","og:title":"Homs contempla que los espa\u00f1oles voten cambios legales derivados de la consulta - El Digital de Asturias","og:description":"Barcelona, 6 feb (EFE).- El conseller de Presidencia y portavoz del Govern, Francesc Homs, ha defendido hoy que es &quot;perfectamente legal&quot; que los catalanes decidan su futuro a trav\u00e9s de una consulta y no ha descartado que el conjunto de los espa\u00f1oles puedan votar los cambios legales que se pudieran derivar del resultado del referendo.","og:url":"https:\/\/www.eldigitaldeasturias.com\/noticias\/homs-contempla-que-los-espanoles-voten-cambios-legales-derivados-de-la-consulta\/","article:tag":["actualidad"],"article:published_time":"2014-02-06T20:27:06+00:00","article:modified_time":"2014-02-06T20:27:06+00:00","article:publisher":"https:\/\/facebook.com\/eldigitaldeasturias","twitter:card":"summary_large_image","twitter:title":"Homs contempla que los espa\u00f1oles voten cambios legales derivados de la consulta - El Digital de Asturias","twitter:description":"Barcelona, 6 feb (EFE).- El conseller de Presidencia y portavoz del Govern, Francesc Homs, ha defendido hoy que es &quot;perfectamente legal&quot; que los catalanes decidan su futuro a trav\u00e9s de una consulta y no ha descartado que el conjunto de los espa\u00f1oles puedan votar los cambios legales que se pudieran derivar del resultado del referendo.","twitter:label1":"Escrito por","twitter:data1":"El Digital de Asturias","twitter:label2":"Tiempo de lectura estimado","twitter:data2":"1 minuto"},"aioseo_meta_data":{"post_id":"485097","title":null,"description":null,"keywords":null,"keyphrases":null,"primary_term":null,"canonical_url":null,"og_title":null,"og_description":null,"og_object_type":"default","og_image_type":"default","og_image_url":null,"og_image_width":null,"og_image_height":null,"og_image_custom_url":null,"og_image_custom_fields":null,"og_video":null,"og_custom_url":null,"og_article_section":null,"og_article_tags":null,"twitter_use_og":true,"twitter_card":"default","twitter_image_type":"default","twitter_image_url":null,"twitter_image_custom_url":null,"twitter_image_custom_fields":null,"twitter_title":null,"twitter_description":null,"schema":{"blockGraphs":[],"customGraphs":[],"default":{"data":{"Article":[],"Course":[],"Dataset":[],"FAQPage":[],"Movie":[],"Person":[],"Product":[],"ProductReview":[],"Car":[],"Recipe":[],"Service":[],"SoftwareApplication":[],"WebPage":[]},"graphName":"","isEnabled":true},"graphs":[],"defaultGraph":"","defaultPostTypeGraph":""},"schema_type":null,"schema_type_options":null,"pillar_content":false,"robots_default":true,"robots_noindex":false,"robots_noarchive":false,"robots_nosnippet":false,"robots_nofollow":false,"robots_noimageindex":false,"robots_noodp":false,"robots_notranslate":false,"robots_max_snippet":null,"robots_max_videopreview":null,"robots_max_imagepreview":"none","priority":null,"frequency":null,"local_seo":null,"seo_analyzer_scan_date":"2026-06-02 18:42:52","breadcrumb_settings":null,"limit_modified_date":false,"open_ai":null,"ai":null,"created":"2020-11-14 22:55:11","updated":"2026-06-02 18:42:52","focus_keyword":null,"additional_keywords":null,"truseo_locale":null},"aioseo_breadcrumb":"<div class=\"aioseo-breadcrumbs\"><span class=\"aioseo-breadcrumb\">\n\t<a href=\"https:\/\/www.eldigitaldeasturias.com\/noticias\" title=\"Home\">Home<\/a>\n<\/span><span class=\"aioseo-breadcrumb-separator\">\u2013<\/span><span class=\"aioseo-breadcrumb\">\n\t<a href=\"https:\/\/www.eldigitaldeasturias.com\/noticias\/category\/actualidad\/\" title=\"Actualidad\">Actualidad<\/a>\n<\/span><span class=\"aioseo-breadcrumb-separator\">\u2013<\/span><span class=\"aioseo-breadcrumb\">\n\t<a href=\"https:\/\/www.eldigitaldeasturias.com\/noticias\/homs-contempla-que-los-espanoles-voten-cambios-legales-derivados-de-la-consulta\/\" title=\"Homs contempla que los espa\u00f1oles voten cambios legales derivados de la consulta\">Homs contempla que los espa\u00f1oles voten cambios legales derivados de la consulta<\/a>\n<\/span><\/div>","aioseo_breadcrumb_json":[{"label":"Home","link":"https:\/\/www.eldigitaldeasturias.com\/noticias"},{"label":"Actualidad","link":"https:\/\/www.eldigitaldeasturias.com\/noticias\/category\/actualidad\/"},{"label":"Homs contempla que los espa\u00f1oles voten cambios legales derivados de la consulta","link":"https:\/\/www.eldigitaldeasturias.com\/noticias\/homs-contempla-que-los-espanoles-voten-cambios-legales-derivados-de-la-consulta\/"}],"_links":{"self":[{"href":"https:\/\/www.eldigitaldeasturias.com\/noticias\/wp-json\/wp\/v2\/posts\/485097","targetHints":{"allow":["GET"]}}],"collection":[{"href":"https:\/\/www.eldigitaldeasturias.com\/noticias\/wp-json\/wp\/v2\/posts"}],"about":[{"href":"https:\/\/www.eldigitaldeasturias.com\/noticias\/wp-json\/wp\/v2\/types\/post"}],"author":[{"embeddable":true,"href":"https:\/\/www.eldigitaldeasturias.com\/noticias\/wp-json\/wp\/v2\/users\/1"}],"replies":[{"embeddable":true,"href":"https:\/\/www.eldigitaldeasturias.com\/noticias\/wp-json\/wp\/v2\/comments?post=485097"}],"version-history":[{"count":0,"href":"https:\/\/www.eldigitaldeasturias.com\/noticias\/wp-json\/wp\/v2\/posts\/485097\/revisions"}],"wp:attachment":[{"href":"https:\/\/www.eldigitaldeasturias.com\/noticias\/wp-json\/wp\/v2\/media?parent=485097"}],"wp:term":[{"taxonomy":"category","embeddable":true,"href":"https:\/\/www.eldigitaldeasturias.com\/noticias\/wp-json\/wp\/v2\/categories?post=485097"},{"taxonomy":"post_tag","embeddable":true,"href":"https:\/\/www.eldigitaldeasturias.com\/noticias\/wp-json\/wp\/v2\/tags?post=485097"}],"curies":[{"name":"wp","href":"https:\/\/api.w.org\/{rel}","templated":true}]}}