{"id":485085,"date":"2014-02-06T19:23:01","date_gmt":"2014-02-06T20:23:01","guid":{"rendered":"http:\/\/www.eldigitaldeasturias.com\/noticias\/?p=485085"},"modified":"2014-02-06T19:23:01","modified_gmt":"2014-02-06T20:23:01","slug":"el-indice-de-precios-de-los-alimentos-bajo-por-primera-vez-en-3-meses-segun-la-fao","status":"publish","type":"post","link":"https:\/\/www.eldigitaldeasturias.com\/noticias\/el-indice-de-precios-de-los-alimentos-bajo-por-primera-vez-en-3-meses-segun-la-fao\/","title":{"rendered":"El \u00edndice de precios de los alimentos baj\u00f3 por primera vez en 3 meses, seg\u00fan la FAO"},"content":{"rendered":"<p><img loading=\"lazy\" decoding=\"async\" class=\"alignleft size-medium wp-image-485086\" alt=\"5915844w\" src=\"https:\/\/www.eldigitaldeasturias.com\/noticias\/wp-content\/uploads\/2014\/02\/5915844w-360x248.jpg\" width=\"360\" height=\"248\" \/>Roma, 6 feb (EFE).- El \u00edndice de precios de los alimentos de la FAO baj\u00f3 en enero por primera vez en 3 meses, pues el descenso de los precios de los cereales, az\u00facares, aceites y carnes fue mayor que el alza de los valores de los l\u00e1cteos, inform\u00f3 hoy la Organizaci\u00f3n de Naciones Unidas para la Agricultura y la Alimentaci\u00f3n.<\/p>\n<p>El \u00edndice, basado en los precios de una cesta de productos alimentarios objeto de comercio internacional, tuvo un promedio de 203,4 puntos en enero de 2014, con un descenso del 1,3 por ciento respecto a diciembre y un 4,4 por ciento por debajo de enero del pasado a\u00f1o, refiere.<\/p>\n<p>\u00abEstamos viendo precios m\u00e1s bajos debido a la abundancia de suministros, pero un repunte m\u00e1s fuerte de la demanda, como un aumento en el ritmo de las importaciones desde Asia, podr\u00eda limitar el descenso\u00bb, se\u00f1al\u00f3 el economista de la FAO Abdolreza Abbassian.<\/p>\n<p>Seg\u00fan la FAO, el az\u00facar y los aceites vegetales bajaron un 5,6 por ciento y un 3,8 por ciento, respectivamente.<\/p>\n<p>Adem\u00e1s, las cosechas r\u00e9cord de cereales ayudaron al descenso de los precios, que cayeron un 1,6 por ciento respecto a diciembre y hasta un 23 por ciento en relaci\u00f3n a enero de 2013.<\/p>\n<p>Tambi\u00e9n los precios de la carne, que se hab\u00edan enrocado en los \u00faltimos meses, se redujeron ligeramente en enero.<\/p>\n<p>\u00abLa \u00fanica excepci\u00f3n notable fue el aumento de los precios de los l\u00e1cteos. El \u00edndice de la FAO para los precios de productos l\u00e1cteos registr\u00f3 un aumento del 1,3 por ciento en enero -hasta los 267,7- puntos debido principalmente a la fuerte demanda, especialmente de China, el norte de \u00c1frica, Oriente Medio y la Federaci\u00f3n de Rusia, explic\u00f3 Michael Griffin, experto de la FAO en el mercado l\u00e1cteo y ganadero.<\/p>\n<p>La FAO tambi\u00e9n dio a conocer su estimaci\u00f3n m\u00e1s reciente de la producci\u00f3n mundial de cereales en 2013.<\/p>\n<p>En ella se\u00f1ala un mayor crecimiento de la producci\u00f3n mundial de cereales del previsto, con un r\u00e9cord de 2.502 millones de toneladas, un 8,5 por ciento m\u00e1s que en 2012.<\/p>\n<p>La buena cosecha de cereales de 2013 podr\u00eda ayudar a reponer las reservas mundiales que, seg\u00fan el organismo de la ONU, sumar\u00edan 573 millones de toneladas, un 13,5 por ciento m\u00e1s que en la temporada anterior.<\/p>\n<p>En base a la informaci\u00f3n m\u00e1s reciente, la FAO considera favorables las perspectivas tempranas para las cosechas que se recolectar\u00e1n en 2014.<\/p>\n<p>La producci\u00f3n r\u00e9cord de cereales y el aumento de las existencias ya han dado lugar a precios sensiblemente m\u00e1s bajos, un factor que seg\u00fan la FAO tambi\u00e9n est\u00e1 impulsando el comercio mundial en 2013-14, que alcanzar\u00e1 321,4 millones de toneladas, alrededor de un 4 por ciento m\u00e1s que en la temporada anterior, afirma el comunicado.<\/p>\n<p>Los precios m\u00e1s bajos est\u00e1n estimulando la demanda y la FAO prev\u00e9 que la utilizaci\u00f3n mundial de cereales en 2013-14 aumente en 92 millones de toneladas y llegue a 2.415 millones de toneladas. La mayor parte de esta expansi\u00f3n recaer\u00e1 en un mayor uso de cereales secundarios (ma\u00edz, en particular) como pienso.<\/p>\n","protected":false},"excerpt":{"rendered":"<p>Roma, 6 feb (EFE).- El \u00edndice de precios de los alimentos de la FAO baj\u00f3 en enero por primera vez en 3 meses, pues el descenso de los precios de los cereales, az\u00facares, aceites y carnes fue mayor que el alza de los valores de los l\u00e1cteos, inform\u00f3 hoy la Organizaci\u00f3n de Naciones Unidas para [&hellip;]<\/p>\n","protected":false},"author":1,"featured_media":485086,"comment_status":"closed","ping_status":"open","sticky":false,"template":"","format":"standard","meta":{"footnotes":""},"categories":[1],"tags":[],"class_list":["post-485085","post","type-post","status-publish","format-standard","has-post-thumbnail","hentry","category-actualidad"],"aioseo_notices":[],"aioseo_head":"\n\t\t<!-- All in One SEO Pro 5.0.1 - aioseo.com -->\n\t<meta name=\"description\" content=\"Roma, 6 feb (EFE).- El \u00edndice de precios de los alimentos de la FAO baj\u00f3 en enero por primera vez en 3 meses, pues el descenso de los precios de los cereales, az\u00facares, aceites y carnes fue mayor que el alza de los valores de los l\u00e1cteos, inform\u00f3 hoy la Organizaci\u00f3n de Naciones Unidas para\" \/>\n\t<meta name=\"robots\" content=\"max-image-preview:large\" \/>\n\t<meta name=\"author\" content=\"El Digital de Asturias\"\/>\n\t<meta name=\"google-site-verification\" content=\"UA-38556648-1\" \/>\n\t<meta name=\"msvalidate.01\" content=\"7dfe9f3f1b24437ab69f4f2559babe99\" \/>\n\t<meta name=\"keywords\" content=\"actualidad\" \/>\n\t<link rel=\"canonical\" href=\"https:\/\/www.eldigitaldeasturias.com\/noticias\/el-indice-de-precios-de-los-alimentos-bajo-por-primera-vez-en-3-meses-segun-la-fao\/\" \/>\n\t<meta name=\"generator\" content=\"All in One SEO Pro (AIOSEO) 5.0.1\" \/>\n\t\t<meta property=\"og:locale\" content=\"es_ES\" \/>\n\t\t<meta property=\"og:site_name\" content=\"El Digital de Asturias\" \/>\n\t\t<meta property=\"og:type\" content=\"article\" \/>\n\t\t<meta property=\"og:title\" content=\"El \u00edndice de precios de los alimentos baj\u00f3 por primera vez en 3 meses, seg\u00fan la FAO - El Digital de Asturias\" \/>\n\t\t<meta property=\"og:description\" content=\"Roma, 6 feb (EFE).- El \u00edndice de precios de los alimentos de la FAO baj\u00f3 en enero por primera vez en 3 meses, pues el descenso de los precios de los cereales, az\u00facares, aceites y carnes fue mayor que el alza de los valores de los l\u00e1cteos, inform\u00f3 hoy la Organizaci\u00f3n de Naciones Unidas para\" \/>\n\t\t<meta property=\"og:url\" content=\"https:\/\/www.eldigitaldeasturias.com\/noticias\/el-indice-de-precios-de-los-alimentos-bajo-por-primera-vez-en-3-meses-segun-la-fao\/\" \/>\n\t\t<meta property=\"article:tag\" content=\"actualidad\" \/>\n\t\t<meta property=\"article:published_time\" content=\"2014-02-06T20:23:01+00:00\" \/>\n\t\t<meta property=\"article:modified_time\" content=\"2014-02-06T20:23:01+00:00\" \/>\n\t\t<meta property=\"article:publisher\" content=\"https:\/\/facebook.com\/eldigitaldeasturias\" \/>\n\t\t<meta name=\"twitter:card\" content=\"summary_large_image\" \/>\n\t\t<meta name=\"twitter:title\" content=\"El \u00edndice de precios de los alimentos baj\u00f3 por primera vez en 3 meses, seg\u00fan la FAO - El Digital de Asturias\" \/>\n\t\t<meta name=\"twitter:description\" content=\"Roma, 6 feb (EFE).- El \u00edndice de precios de los alimentos de la FAO baj\u00f3 en enero por primera vez en 3 meses, pues el descenso de los precios de los cereales, az\u00facares, aceites y carnes fue mayor que el alza de los valores de los l\u00e1cteos, inform\u00f3 hoy la Organizaci\u00f3n de Naciones Unidas para\" \/>\n\t\t<meta name=\"twitter:label1\" content=\"Escrito por\" \/>\n\t\t<meta name=\"twitter:data1\" content=\"El Digital de Asturias\" \/>\n\t\t<meta name=\"twitter:label2\" content=\"Tiempo de lectura estimado\" \/>\n\t\t<meta name=\"twitter:data2\" content=\"3 minutos\" \/>\n\t\t<script type=\"application\/ld+json\" class=\"aioseo-schema\">\n\t\t\t{\"@context\":\"https:\\\/\\\/schema.org\",\"@graph\":[{\"@type\":\"BlogPosting\",\"@id\":\"https:\\\/\\\/www.eldigitaldeasturias.com\\\/noticias\\\/el-indice-de-precios-de-los-alimentos-bajo-por-primera-vez-en-3-meses-segun-la-fao\\\/#blogposting\",\"name\":\"El \\u00edndice de precios de los alimentos baj\\u00f3 por primera vez en 3 meses, seg\\u00fan la FAO - El Digital de Asturias\",\"headline\":\"El \\u00edndice de precios de los alimentos baj\\u00f3 por primera vez en 3 meses, seg\\u00fan la FAO\",\"author\":{\"@id\":\"https:\\\/\\\/www.eldigitaldeasturias.com\\\/noticias\\\/author\\\/admin\\\/#author\"},\"publisher\":{\"@id\":\"https:\\\/\\\/www.eldigitaldeasturias.com\\\/noticias\\\/#organization\"},\"image\":{\"@type\":\"ImageObject\",\"url\":485086},\"datePublished\":\"2014-02-06T19:23:01+01:00\",\"dateModified\":\"2014-02-06T19:23:01+01:00\",\"inLanguage\":\"es-ES\",\"mainEntityOfPage\":{\"@id\":\"https:\\\/\\\/www.eldigitaldeasturias.com\\\/noticias\\\/el-indice-de-precios-de-los-alimentos-bajo-por-primera-vez-en-3-meses-segun-la-fao\\\/#webpage\"},\"isPartOf\":{\"@id\":\"https:\\\/\\\/www.eldigitaldeasturias.com\\\/noticias\\\/el-indice-de-precios-de-los-alimentos-bajo-por-primera-vez-en-3-meses-segun-la-fao\\\/#webpage\"},\"articleSection\":\"Actualidad\"},{\"@type\":\"BreadcrumbList\",\"@id\":\"https:\\\/\\\/www.eldigitaldeasturias.com\\\/noticias\\\/el-indice-de-precios-de-los-alimentos-bajo-por-primera-vez-en-3-meses-segun-la-fao\\\/#breadcrumblist\",\"itemListElement\":[{\"@type\":\"ListItem\",\"@id\":\"https:\\\/\\\/www.eldigitaldeasturias.com\\\/noticias#listItem\",\"position\":1,\"name\":\"Home\",\"item\":\"https:\\\/\\\/www.eldigitaldeasturias.com\\\/noticias\",\"nextItem\":{\"@type\":\"ListItem\",\"@id\":\"https:\\\/\\\/www.eldigitaldeasturias.com\\\/noticias\\\/category\\\/actualidad\\\/#listItem\",\"name\":\"Actualidad\"}},{\"@type\":\"ListItem\",\"@id\":\"https:\\\/\\\/www.eldigitaldeasturias.com\\\/noticias\\\/category\\\/actualidad\\\/#listItem\",\"position\":2,\"name\":\"Actualidad\",\"item\":\"https:\\\/\\\/www.eldigitaldeasturias.com\\\/noticias\\\/category\\\/actualidad\\\/\",\"nextItem\":{\"@type\":\"ListItem\",\"@id\":\"https:\\\/\\\/www.eldigitaldeasturias.com\\\/noticias\\\/el-indice-de-precios-de-los-alimentos-bajo-por-primera-vez-en-3-meses-segun-la-fao\\\/#listItem\",\"name\":\"El \\u00edndice de precios de los alimentos baj\\u00f3 por primera vez en 3 meses, seg\\u00fan la FAO\"},\"previousItem\":{\"@type\":\"ListItem\",\"@id\":\"https:\\\/\\\/www.eldigitaldeasturias.com\\\/noticias#listItem\",\"name\":\"Home\"}},{\"@type\":\"ListItem\",\"@id\":\"https:\\\/\\\/www.eldigitaldeasturias.com\\\/noticias\\\/el-indice-de-precios-de-los-alimentos-bajo-por-primera-vez-en-3-meses-segun-la-fao\\\/#listItem\",\"position\":3,\"name\":\"El \\u00edndice de precios de los alimentos baj\\u00f3 por primera vez en 3 meses, seg\\u00fan la FAO\",\"previousItem\":{\"@type\":\"ListItem\",\"@id\":\"https:\\\/\\\/www.eldigitaldeasturias.com\\\/noticias\\\/category\\\/actualidad\\\/#listItem\",\"name\":\"Actualidad\"}}]},{\"@type\":\"Organization\",\"@id\":\"https:\\\/\\\/www.eldigitaldeasturias.com\\\/noticias\\\/#organization\",\"name\":\"El Digital de Asturias\",\"description\":\"Hemeroteca\",\"url\":\"https:\\\/\\\/www.eldigitaldeasturias.com\\\/noticias\\\/\",\"email\":\"info@eldigitaldeasturias.com\",\"telephone\":\"+34652131393\",\"logo\":{\"@type\":\"ImageObject\",\"url\":\"https:\\\/\\\/www.eldigitaldeasturias.com\\\/noticias\\\/wp-content\\\/uploads\\\/2020\\\/12\\\/EDA.jpg\",\"@id\":\"https:\\\/\\\/www.eldigitaldeasturias.com\\\/noticias\\\/el-indice-de-precios-de-los-alimentos-bajo-por-primera-vez-en-3-meses-segun-la-fao\\\/#organizationLogo\"},\"image\":{\"@id\":\"https:\\\/\\\/www.eldigitaldeasturias.com\\\/noticias\\\/el-indice-de-precios-de-los-alimentos-bajo-por-primera-vez-en-3-meses-segun-la-fao\\\/#organizationLogo\"},\"sameAs\":[\"https:\\\/\\\/facebook.com\\\/eldigitaldeasturias\",\"https:\\\/\\\/www.youtube.com\\\/channel\\\/UCZP-2wLEB9Rv6erhFmqVnvg\"],\"address\":{\"@id\":\"https:\\\/\\\/www.eldigitaldeasturias.com\\\/noticias\\\/#postaladdress\",\"@type\":\"PostalAddress\",\"streetAddress\":\"san antonio 4\",\"postalCode\":\"33430\",\"addressLocality\":\"Cand\\u00e1s\",\"addressRegion\":\"Asturias\",\"addressCountry\":\"ES\"}},{\"@type\":\"Person\",\"@id\":\"https:\\\/\\\/www.eldigitaldeasturias.com\\\/noticias\\\/author\\\/admin\\\/#author\",\"url\":\"https:\\\/\\\/www.eldigitaldeasturias.com\\\/noticias\\\/author\\\/admin\\\/\",\"name\":\"El Digital de Asturias\",\"image\":{\"@type\":\"ImageObject\",\"@id\":\"https:\\\/\\\/www.eldigitaldeasturias.com\\\/noticias\\\/el-indice-de-precios-de-los-alimentos-bajo-por-primera-vez-en-3-meses-segun-la-fao\\\/#authorImage\",\"url\":\"https:\\\/\\\/secure.gravatar.com\\\/avatar\\\/df2aeffc32bcd13f8d26072ef8a91b623d677766deac7f97ca815868cd41bf5e?s=96&d=mm&r=g\",\"width\":96,\"height\":96,\"caption\":\"El Digital de Asturias\"}},{\"@type\":\"WebPage\",\"@id\":\"https:\\\/\\\/www.eldigitaldeasturias.com\\\/noticias\\\/el-indice-de-precios-de-los-alimentos-bajo-por-primera-vez-en-3-meses-segun-la-fao\\\/#webpage\",\"url\":\"https:\\\/\\\/www.eldigitaldeasturias.com\\\/noticias\\\/el-indice-de-precios-de-los-alimentos-bajo-por-primera-vez-en-3-meses-segun-la-fao\\\/\",\"name\":\"El \\u00edndice de precios de los alimentos baj\\u00f3 por primera vez en 3 meses, seg\\u00fan la FAO - El Digital de Asturias\",\"description\":\"Roma, 6 feb (EFE).- El \\u00edndice de precios de los alimentos de la FAO baj\\u00f3 en enero por primera vez en 3 meses, pues el descenso de los precios de los cereales, az\\u00facares, aceites y carnes fue mayor que el alza de los valores de los l\\u00e1cteos, inform\\u00f3 hoy la Organizaci\\u00f3n de Naciones Unidas para\",\"inLanguage\":\"es-ES\",\"isPartOf\":{\"@id\":\"https:\\\/\\\/www.eldigitaldeasturias.com\\\/noticias\\\/#website\"},\"breadcrumb\":{\"@id\":\"https:\\\/\\\/www.eldigitaldeasturias.com\\\/noticias\\\/el-indice-de-precios-de-los-alimentos-bajo-por-primera-vez-en-3-meses-segun-la-fao\\\/#breadcrumblist\"},\"author\":{\"@id\":\"https:\\\/\\\/www.eldigitaldeasturias.com\\\/noticias\\\/author\\\/admin\\\/#author\"},\"creator\":{\"@id\":\"https:\\\/\\\/www.eldigitaldeasturias.com\\\/noticias\\\/author\\\/admin\\\/#author\"},\"image\":{\"@type\":\"ImageObject\",\"url\":485086,\"@id\":\"https:\\\/\\\/www.eldigitaldeasturias.com\\\/noticias\\\/el-indice-de-precios-de-los-alimentos-bajo-por-primera-vez-en-3-meses-segun-la-fao\\\/#mainImage\"},\"primaryImageOfPage\":{\"@id\":\"https:\\\/\\\/www.eldigitaldeasturias.com\\\/noticias\\\/el-indice-de-precios-de-los-alimentos-bajo-por-primera-vez-en-3-meses-segun-la-fao\\\/#mainImage\"},\"datePublished\":\"2014-02-06T19:23:01+01:00\",\"dateModified\":\"2014-02-06T19:23:01+01:00\"},{\"@type\":\"WebSite\",\"@id\":\"https:\\\/\\\/www.eldigitaldeasturias.com\\\/noticias\\\/#website\",\"url\":\"https:\\\/\\\/www.eldigitaldeasturias.com\\\/noticias\\\/\",\"name\":\"El Digital de Asturias - Diario de actualidad y noticias\",\"alternateName\":\"El Digital de Asturias - Diario de actualidad y noticias\",\"description\":\"Hemeroteca\",\"inLanguage\":\"es-ES\",\"publisher\":{\"@id\":\"https:\\\/\\\/www.eldigitaldeasturias.com\\\/noticias\\\/#organization\"}}]}\n\t\t<\/script>\n\t\t<!-- All in One SEO Pro -->\r\n\t\t<title>El \u00edndice de precios de los alimentos baj\u00f3 por primera vez en 3 meses, seg\u00fan la FAO - El Digital de Asturias<\/title>\n\n","aioseo_head_json":{"title":"El \u00edndice de precios de los alimentos baj\u00f3 por primera vez en 3 meses, seg\u00fan la FAO - El Digital de Asturias","description":"Roma, 6 feb (EFE).- El \u00edndice de precios de los alimentos de la FAO baj\u00f3 en enero por primera vez en 3 meses, pues el descenso de los precios de los cereales, az\u00facares, aceites y carnes fue mayor que el alza de los valores de los l\u00e1cteos, inform\u00f3 hoy la Organizaci\u00f3n de Naciones Unidas para","canonical_url":"https:\/\/www.eldigitaldeasturias.com\/noticias\/el-indice-de-precios-de-los-alimentos-bajo-por-primera-vez-en-3-meses-segun-la-fao\/","robots":"max-image-preview:large","keywords":"actualidad","webmasterTools":{"google-site-verification":"UA-38556648-1","msvalidate.01":"7dfe9f3f1b24437ab69f4f2559babe99","miscellaneous":""},"schema":{"@context":"https:\/\/schema.org","@graph":[{"@type":"BlogPosting","@id":"https:\/\/www.eldigitaldeasturias.com\/noticias\/el-indice-de-precios-de-los-alimentos-bajo-por-primera-vez-en-3-meses-segun-la-fao\/#blogposting","name":"El \u00edndice de precios de los alimentos baj\u00f3 por primera vez en 3 meses, seg\u00fan la FAO - El Digital de Asturias","headline":"El \u00edndice de precios de los alimentos baj\u00f3 por primera vez en 3 meses, seg\u00fan la FAO","author":{"@id":"https:\/\/www.eldigitaldeasturias.com\/noticias\/author\/admin\/#author"},"publisher":{"@id":"https:\/\/www.eldigitaldeasturias.com\/noticias\/#organization"},"image":{"@type":"ImageObject","url":485086},"datePublished":"2014-02-06T19:23:01+01:00","dateModified":"2014-02-06T19:23:01+01:00","inLanguage":"es-ES","mainEntityOfPage":{"@id":"https:\/\/www.eldigitaldeasturias.com\/noticias\/el-indice-de-precios-de-los-alimentos-bajo-por-primera-vez-en-3-meses-segun-la-fao\/#webpage"},"isPartOf":{"@id":"https:\/\/www.eldigitaldeasturias.com\/noticias\/el-indice-de-precios-de-los-alimentos-bajo-por-primera-vez-en-3-meses-segun-la-fao\/#webpage"},"articleSection":"Actualidad"},{"@type":"BreadcrumbList","@id":"https:\/\/www.eldigitaldeasturias.com\/noticias\/el-indice-de-precios-de-los-alimentos-bajo-por-primera-vez-en-3-meses-segun-la-fao\/#breadcrumblist","itemListElement":[{"@type":"ListItem","@id":"https:\/\/www.eldigitaldeasturias.com\/noticias#listItem","position":1,"name":"Home","item":"https:\/\/www.eldigitaldeasturias.com\/noticias","nextItem":{"@type":"ListItem","@id":"https:\/\/www.eldigitaldeasturias.com\/noticias\/category\/actualidad\/#listItem","name":"Actualidad"}},{"@type":"ListItem","@id":"https:\/\/www.eldigitaldeasturias.com\/noticias\/category\/actualidad\/#listItem","position":2,"name":"Actualidad","item":"https:\/\/www.eldigitaldeasturias.com\/noticias\/category\/actualidad\/","nextItem":{"@type":"ListItem","@id":"https:\/\/www.eldigitaldeasturias.com\/noticias\/el-indice-de-precios-de-los-alimentos-bajo-por-primera-vez-en-3-meses-segun-la-fao\/#listItem","name":"El \u00edndice de precios de los alimentos baj\u00f3 por primera vez en 3 meses, seg\u00fan la FAO"},"previousItem":{"@type":"ListItem","@id":"https:\/\/www.eldigitaldeasturias.com\/noticias#listItem","name":"Home"}},{"@type":"ListItem","@id":"https:\/\/www.eldigitaldeasturias.com\/noticias\/el-indice-de-precios-de-los-alimentos-bajo-por-primera-vez-en-3-meses-segun-la-fao\/#listItem","position":3,"name":"El \u00edndice de precios de los alimentos baj\u00f3 por primera vez en 3 meses, seg\u00fan la FAO","previousItem":{"@type":"ListItem","@id":"https:\/\/www.eldigitaldeasturias.com\/noticias\/category\/actualidad\/#listItem","name":"Actualidad"}}]},{"@type":"Organization","@id":"https:\/\/www.eldigitaldeasturias.com\/noticias\/#organization","name":"El Digital de Asturias","description":"Hemeroteca","url":"https:\/\/www.eldigitaldeasturias.com\/noticias\/","email":"info@eldigitaldeasturias.com","telephone":"+34652131393","logo":{"@type":"ImageObject","url":"https:\/\/www.eldigitaldeasturias.com\/noticias\/wp-content\/uploads\/2020\/12\/EDA.jpg","@id":"https:\/\/www.eldigitaldeasturias.com\/noticias\/el-indice-de-precios-de-los-alimentos-bajo-por-primera-vez-en-3-meses-segun-la-fao\/#organizationLogo"},"image":{"@id":"https:\/\/www.eldigitaldeasturias.com\/noticias\/el-indice-de-precios-de-los-alimentos-bajo-por-primera-vez-en-3-meses-segun-la-fao\/#organizationLogo"},"sameAs":["https:\/\/facebook.com\/eldigitaldeasturias","https:\/\/www.youtube.com\/channel\/UCZP-2wLEB9Rv6erhFmqVnvg"],"address":{"@id":"https:\/\/www.eldigitaldeasturias.com\/noticias\/#postaladdress","@type":"PostalAddress","streetAddress":"san antonio 4","postalCode":"33430","addressLocality":"Cand\u00e1s","addressRegion":"Asturias","addressCountry":"ES"}},{"@type":"Person","@id":"https:\/\/www.eldigitaldeasturias.com\/noticias\/author\/admin\/#author","url":"https:\/\/www.eldigitaldeasturias.com\/noticias\/author\/admin\/","name":"El Digital de Asturias","image":{"@type":"ImageObject","@id":"https:\/\/www.eldigitaldeasturias.com\/noticias\/el-indice-de-precios-de-los-alimentos-bajo-por-primera-vez-en-3-meses-segun-la-fao\/#authorImage","url":"https:\/\/secure.gravatar.com\/avatar\/df2aeffc32bcd13f8d26072ef8a91b623d677766deac7f97ca815868cd41bf5e?s=96&d=mm&r=g","width":96,"height":96,"caption":"El Digital de Asturias"}},{"@type":"WebPage","@id":"https:\/\/www.eldigitaldeasturias.com\/noticias\/el-indice-de-precios-de-los-alimentos-bajo-por-primera-vez-en-3-meses-segun-la-fao\/#webpage","url":"https:\/\/www.eldigitaldeasturias.com\/noticias\/el-indice-de-precios-de-los-alimentos-bajo-por-primera-vez-en-3-meses-segun-la-fao\/","name":"El \u00edndice de precios de los alimentos baj\u00f3 por primera vez en 3 meses, seg\u00fan la FAO - El Digital de Asturias","description":"Roma, 6 feb (EFE).- El \u00edndice de precios de los alimentos de la FAO baj\u00f3 en enero por primera vez en 3 meses, pues el descenso de los precios de los cereales, az\u00facares, aceites y carnes fue mayor que el alza de los valores de los l\u00e1cteos, inform\u00f3 hoy la Organizaci\u00f3n de Naciones Unidas para","inLanguage":"es-ES","isPartOf":{"@id":"https:\/\/www.eldigitaldeasturias.com\/noticias\/#website"},"breadcrumb":{"@id":"https:\/\/www.eldigitaldeasturias.com\/noticias\/el-indice-de-precios-de-los-alimentos-bajo-por-primera-vez-en-3-meses-segun-la-fao\/#breadcrumblist"},"author":{"@id":"https:\/\/www.eldigitaldeasturias.com\/noticias\/author\/admin\/#author"},"creator":{"@id":"https:\/\/www.eldigitaldeasturias.com\/noticias\/author\/admin\/#author"},"image":{"@type":"ImageObject","url":485086,"@id":"https:\/\/www.eldigitaldeasturias.com\/noticias\/el-indice-de-precios-de-los-alimentos-bajo-por-primera-vez-en-3-meses-segun-la-fao\/#mainImage"},"primaryImageOfPage":{"@id":"https:\/\/www.eldigitaldeasturias.com\/noticias\/el-indice-de-precios-de-los-alimentos-bajo-por-primera-vez-en-3-meses-segun-la-fao\/#mainImage"},"datePublished":"2014-02-06T19:23:01+01:00","dateModified":"2014-02-06T19:23:01+01:00"},{"@type":"WebSite","@id":"https:\/\/www.eldigitaldeasturias.com\/noticias\/#website","url":"https:\/\/www.eldigitaldeasturias.com\/noticias\/","name":"El Digital de Asturias - Diario de actualidad y noticias","alternateName":"El Digital de Asturias - Diario de actualidad y noticias","description":"Hemeroteca","inLanguage":"es-ES","publisher":{"@id":"https:\/\/www.eldigitaldeasturias.com\/noticias\/#organization"}}]},"og:locale":"es_ES","og:site_name":"El Digital de Asturias","og:type":"article","og:title":"El \u00edndice de precios de los alimentos baj\u00f3 por primera vez en 3 meses, seg\u00fan la FAO - El Digital de Asturias","og:description":"Roma, 6 feb (EFE).- El \u00edndice de precios de los alimentos de la FAO baj\u00f3 en enero por primera vez en 3 meses, pues el descenso de los precios de los cereales, az\u00facares, aceites y carnes fue mayor que el alza de los valores de los l\u00e1cteos, inform\u00f3 hoy la Organizaci\u00f3n de Naciones Unidas para","og:url":"https:\/\/www.eldigitaldeasturias.com\/noticias\/el-indice-de-precios-de-los-alimentos-bajo-por-primera-vez-en-3-meses-segun-la-fao\/","article:tag":["actualidad"],"article:published_time":"2014-02-06T20:23:01+00:00","article:modified_time":"2014-02-06T20:23:01+00:00","article:publisher":"https:\/\/facebook.com\/eldigitaldeasturias","twitter:card":"summary_large_image","twitter:title":"El \u00edndice de precios de los alimentos baj\u00f3 por primera vez en 3 meses, seg\u00fan la FAO - El Digital de Asturias","twitter:description":"Roma, 6 feb (EFE).- El \u00edndice de precios de los alimentos de la FAO baj\u00f3 en enero por primera vez en 3 meses, pues el descenso de los precios de los cereales, az\u00facares, aceites y carnes fue mayor que el alza de los valores de los l\u00e1cteos, inform\u00f3 hoy la Organizaci\u00f3n de Naciones Unidas para","twitter:label1":"Escrito por","twitter:data1":"El Digital de Asturias","twitter:label2":"Tiempo de lectura estimado","twitter:data2":"3 minutos"},"aioseo_meta_data":{"post_id":"485085","title":null,"description":null,"keywords":null,"keyphrases":null,"primary_term":null,"canonical_url":null,"og_title":null,"og_description":null,"og_object_type":"default","og_image_type":"default","og_image_url":null,"og_image_width":null,"og_image_height":null,"og_image_custom_url":null,"og_image_custom_fields":null,"og_video":null,"og_custom_url":null,"og_article_section":null,"og_article_tags":null,"twitter_use_og":true,"twitter_card":"default","twitter_image_type":"default","twitter_image_url":null,"twitter_image_custom_url":null,"twitter_image_custom_fields":null,"twitter_title":null,"twitter_description":null,"schema":{"blockGraphs":[],"customGraphs":[],"default":{"data":{"Article":[],"Course":[],"Dataset":[],"FAQPage":[],"Movie":[],"Person":[],"Product":[],"ProductReview":[],"Car":[],"Recipe":[],"Service":[],"SoftwareApplication":[],"WebPage":[]},"graphName":"","isEnabled":true},"graphs":[],"defaultGraph":"","defaultPostTypeGraph":""},"schema_type":null,"schema_type_options":null,"pillar_content":false,"robots_default":true,"robots_noindex":false,"robots_noarchive":false,"robots_nosnippet":false,"robots_nofollow":false,"robots_noimageindex":false,"robots_noodp":false,"robots_notranslate":false,"robots_max_snippet":null,"robots_max_videopreview":null,"robots_max_imagepreview":"none","priority":null,"frequency":null,"local_seo":null,"seo_analyzer_scan_date":"2026-06-02 18:40:21","breadcrumb_settings":null,"limit_modified_date":false,"open_ai":null,"ai":null,"created":"2020-11-14 22:55:11","updated":"2026-06-02 18:40:21","focus_keyword":null,"additional_keywords":null,"truseo_locale":null},"aioseo_breadcrumb":"<div class=\"aioseo-breadcrumbs\"><span class=\"aioseo-breadcrumb\">\n\t<a href=\"https:\/\/www.eldigitaldeasturias.com\/noticias\" title=\"Home\">Home<\/a>\n<\/span><span class=\"aioseo-breadcrumb-separator\">\u2013<\/span><span class=\"aioseo-breadcrumb\">\n\t<a href=\"https:\/\/www.eldigitaldeasturias.com\/noticias\/category\/actualidad\/\" title=\"Actualidad\">Actualidad<\/a>\n<\/span><span class=\"aioseo-breadcrumb-separator\">\u2013<\/span><span class=\"aioseo-breadcrumb\">\n\t<a href=\"https:\/\/www.eldigitaldeasturias.com\/noticias\/el-indice-de-precios-de-los-alimentos-bajo-por-primera-vez-en-3-meses-segun-la-fao\/\" title=\"El \u00edndice de precios de los alimentos baj\u00f3 por primera vez en 3 meses, seg\u00fan la FAO\">El \u00edndice de precios de los alimentos baj\u00f3 por primera vez en 3 meses, seg\u00fan la FAO<\/a>\n<\/span><\/div>","aioseo_breadcrumb_json":[{"label":"Home","link":"https:\/\/www.eldigitaldeasturias.com\/noticias"},{"label":"Actualidad","link":"https:\/\/www.eldigitaldeasturias.com\/noticias\/category\/actualidad\/"},{"label":"El \u00edndice de precios de los alimentos baj\u00f3 por primera vez en 3 meses, seg\u00fan la FAO","link":"https:\/\/www.eldigitaldeasturias.com\/noticias\/el-indice-de-precios-de-los-alimentos-bajo-por-primera-vez-en-3-meses-segun-la-fao\/"}],"_links":{"self":[{"href":"https:\/\/www.eldigitaldeasturias.com\/noticias\/wp-json\/wp\/v2\/posts\/485085","targetHints":{"allow":["GET"]}}],"collection":[{"href":"https:\/\/www.eldigitaldeasturias.com\/noticias\/wp-json\/wp\/v2\/posts"}],"about":[{"href":"https:\/\/www.eldigitaldeasturias.com\/noticias\/wp-json\/wp\/v2\/types\/post"}],"author":[{"embeddable":true,"href":"https:\/\/www.eldigitaldeasturias.com\/noticias\/wp-json\/wp\/v2\/users\/1"}],"replies":[{"embeddable":true,"href":"https:\/\/www.eldigitaldeasturias.com\/noticias\/wp-json\/wp\/v2\/comments?post=485085"}],"version-history":[{"count":0,"href":"https:\/\/www.eldigitaldeasturias.com\/noticias\/wp-json\/wp\/v2\/posts\/485085\/revisions"}],"wp:attachment":[{"href":"https:\/\/www.eldigitaldeasturias.com\/noticias\/wp-json\/wp\/v2\/media?parent=485085"}],"wp:term":[{"taxonomy":"category","embeddable":true,"href":"https:\/\/www.eldigitaldeasturias.com\/noticias\/wp-json\/wp\/v2\/categories?post=485085"},{"taxonomy":"post_tag","embeddable":true,"href":"https:\/\/www.eldigitaldeasturias.com\/noticias\/wp-json\/wp\/v2\/tags?post=485085"}],"curies":[{"name":"wp","href":"https:\/\/api.w.org\/{rel}","templated":true}]}}