{"id":485082,"date":"2014-02-06T19:22:05","date_gmt":"2014-02-06T20:22:05","guid":{"rendered":"http:\/\/www.eldigitaldeasturias.com\/noticias\/?p=485082"},"modified":"2014-02-06T19:22:05","modified_gmt":"2014-02-06T20:22:05","slug":"la-generalitat-busca-tramos-en-cataluna-para-aplicar-los-130-kilometroshora","status":"publish","type":"post","link":"https:\/\/www.eldigitaldeasturias.com\/noticias\/la-generalitat-busca-tramos-en-cataluna-para-aplicar-los-130-kilometroshora\/","title":{"rendered":"La Generalitat busca tramos en Catalu\u00f1a para aplicar los 130 kil\u00f3metros\/hora"},"content":{"rendered":"<p><img loading=\"lazy\" decoding=\"async\" class=\"alignleft size-medium wp-image-485083\" alt=\"5915822w\" src=\"https:\/\/www.eldigitaldeasturias.com\/noticias\/wp-content\/uploads\/2014\/02\/5915822w-360x266.jpg\" width=\"360\" height=\"266\" \/>Barcelona, 6 feb (EFE).- El conseller de Interior, Ramon Espadaler, ha anunciado hoy que el Servicio Catal\u00e1n de Tr\u00e1fico (SCT) ya est\u00e1 buscando tramos en autopistas y autov\u00edas de Catalu\u00f1a donde poder aumentar la velocidad hasta los 130 kil\u00f3metros por hora, cuando el Congreso apruebe la reforma de la ley de tr\u00e1fico.<\/p>\n<p>En una comparecencia en la comisi\u00f3n de estudio del Parlament sobre Seguridad Vial, Espadaler ha afirmado que los 130 por hora s\u00f3lo se aplicar\u00edan en Catalu\u00f1a mediante el modelo de velocidad variable, ya que el l\u00edmite se reducir\u00eda en funci\u00f3n de las condiciones meteorol\u00f3gicas y ambientales.<\/p>\n<p>Seg\u00fan el conseller, el SCT est\u00e1 trabajando para identificar tramos de autopistas y autov\u00edas en los que se pueda aumentar el l\u00edmite de velocidad hasta los 130 kil\u00f3metros por hora, que tienen que tener como condiciones indispensables dos requisitos: ser tramos con \u00edndices bajos de siniestralidad y con un recorrido suficientemente largo y recto, sin apenas curvas.<\/p>\n<p>El anuncio efectuado hoy por Espadaler en el Parlament contrasta con lo que se\u00f1al\u00f3 en su primera comparecencia como titular de Interior en la c\u00e1mara catalana, hace casi un a\u00f1o -el 20 de febrero de 2013-, cuando sostuvo que su departamento ten\u00eda una \u00abnula voluntad\u00bb para aumentar la velocidad en las autopistas.<\/p>\n<p>El anuncio de hoy de Espadaler llega despu\u00e9s de que el Gobierno central remitiera en octubre pasado a las Cortes el proyecto de reforma de la Ley de Tr\u00e1fico que permitir\u00e1 incrementar hasta 130 kil\u00f3metros por hora la velocidad m\u00e1xima en determinadas condiciones y tramos de autopistas y autov\u00eda.<\/p>\n<p>Cuando el Gobierno aprob\u00f3 el proyecto, antes de remitirlo al Congreso, desde el Servicio Catal\u00e1n de Tr\u00e1fico se apunt\u00f3 que en Catalu\u00f1a no se aplicar\u00eda el aumento de la velocidad, alegando la antig\u00fcedad del parque m\u00f3vil en esta comunidad, que tiene de media m\u00e1s de diez a\u00f1os de antig\u00fcedad.<\/p>\n<p>Sin embargo, el conseller de Interior ha justificado hoy que el SCT est\u00e9 buscando ya tramos para aplicar los 130 kil\u00f3metros por hora porque este aumento de la velocidad cuenta con un \u00abamplio apoyo social\u00bb, como lo demuestra a su entender el apartado relativo a tr\u00e1fico de la Encuesta de Seguridad P\u00fablica de Catalu\u00f1a de 2013, elaborada en base a m\u00e1s de 2.000 entrevistas.<\/p>\n","protected":false},"excerpt":{"rendered":"<p>Barcelona, 6 feb (EFE).- El conseller de Interior, Ramon Espadaler, ha anunciado hoy que el Servicio Catal\u00e1n de Tr\u00e1fico (SCT) ya est\u00e1 buscando tramos en autopistas y autov\u00edas de Catalu\u00f1a donde poder aumentar la velocidad hasta los 130 kil\u00f3metros por hora, cuando el Congreso apruebe la reforma de la ley de tr\u00e1fico. En una comparecencia [&hellip;]<\/p>\n","protected":false},"author":1,"featured_media":485083,"comment_status":"closed","ping_status":"open","sticky":false,"template":"","format":"standard","meta":{"footnotes":""},"categories":[1],"tags":[],"class_list":["post-485082","post","type-post","status-publish","format-standard","has-post-thumbnail","hentry","category-actualidad"],"aioseo_notices":[],"aioseo_head":"\n\t\t<!-- All in One SEO Pro 5.0.1 - aioseo.com -->\n\t<meta name=\"description\" content=\"Barcelona, 6 feb (EFE).- El conseller de Interior, Ramon Espadaler, ha anunciado hoy que el Servicio Catal\u00e1n de Tr\u00e1fico (SCT) ya est\u00e1 buscando tramos en autopistas y autov\u00edas de Catalu\u00f1a donde poder aumentar la velocidad hasta los 130 kil\u00f3metros por hora, cuando el Congreso apruebe la reforma de la ley de tr\u00e1fico. En una comparecencia\" \/>\n\t<meta name=\"robots\" content=\"max-image-preview:large\" \/>\n\t<meta name=\"author\" content=\"El Digital de Asturias\"\/>\n\t<meta name=\"google-site-verification\" content=\"UA-38556648-1\" \/>\n\t<meta name=\"msvalidate.01\" content=\"7dfe9f3f1b24437ab69f4f2559babe99\" \/>\n\t<meta name=\"keywords\" content=\"actualidad\" \/>\n\t<link rel=\"canonical\" href=\"https:\/\/www.eldigitaldeasturias.com\/noticias\/la-generalitat-busca-tramos-en-cataluna-para-aplicar-los-130-kilometroshora\/\" \/>\n\t<meta name=\"generator\" content=\"All in One SEO Pro (AIOSEO) 5.0.1\" \/>\n\t\t<meta property=\"og:locale\" content=\"es_ES\" \/>\n\t\t<meta property=\"og:site_name\" content=\"El Digital de Asturias\" \/>\n\t\t<meta property=\"og:type\" content=\"article\" \/>\n\t\t<meta property=\"og:title\" content=\"La Generalitat busca tramos en Catalu\u00f1a para aplicar los 130 kil\u00f3metros\/hora - El Digital de Asturias\" \/>\n\t\t<meta property=\"og:description\" content=\"Barcelona, 6 feb (EFE).- El conseller de Interior, Ramon Espadaler, ha anunciado hoy que el Servicio Catal\u00e1n de Tr\u00e1fico (SCT) ya est\u00e1 buscando tramos en autopistas y autov\u00edas de Catalu\u00f1a donde poder aumentar la velocidad hasta los 130 kil\u00f3metros por hora, cuando el Congreso apruebe la reforma de la ley de tr\u00e1fico. En una comparecencia\" \/>\n\t\t<meta property=\"og:url\" content=\"https:\/\/www.eldigitaldeasturias.com\/noticias\/la-generalitat-busca-tramos-en-cataluna-para-aplicar-los-130-kilometroshora\/\" \/>\n\t\t<meta property=\"article:tag\" content=\"actualidad\" \/>\n\t\t<meta property=\"article:published_time\" content=\"2014-02-06T20:22:05+00:00\" \/>\n\t\t<meta property=\"article:modified_time\" content=\"2014-02-06T20:22:05+00:00\" \/>\n\t\t<meta property=\"article:publisher\" content=\"https:\/\/facebook.com\/eldigitaldeasturias\" \/>\n\t\t<meta name=\"twitter:card\" content=\"summary_large_image\" \/>\n\t\t<meta name=\"twitter:title\" content=\"La Generalitat busca tramos en Catalu\u00f1a para aplicar los 130 kil\u00f3metros\/hora - El Digital de Asturias\" \/>\n\t\t<meta name=\"twitter:description\" content=\"Barcelona, 6 feb (EFE).- El conseller de Interior, Ramon Espadaler, ha anunciado hoy que el Servicio Catal\u00e1n de Tr\u00e1fico (SCT) ya est\u00e1 buscando tramos en autopistas y autov\u00edas de Catalu\u00f1a donde poder aumentar la velocidad hasta los 130 kil\u00f3metros por hora, cuando el Congreso apruebe la reforma de la ley de tr\u00e1fico. En una comparecencia\" \/>\n\t\t<meta name=\"twitter:label1\" content=\"Escrito por\" \/>\n\t\t<meta name=\"twitter:data1\" content=\"El Digital de Asturias\" \/>\n\t\t<meta name=\"twitter:label2\" content=\"Tiempo de lectura estimado\" \/>\n\t\t<meta name=\"twitter:data2\" content=\"2 minutos\" \/>\n\t\t<script type=\"application\/ld+json\" class=\"aioseo-schema\">\n\t\t\t{\"@context\":\"https:\\\/\\\/schema.org\",\"@graph\":[{\"@type\":\"BlogPosting\",\"@id\":\"https:\\\/\\\/www.eldigitaldeasturias.com\\\/noticias\\\/la-generalitat-busca-tramos-en-cataluna-para-aplicar-los-130-kilometroshora\\\/#blogposting\",\"name\":\"La Generalitat busca tramos en Catalu\\u00f1a para aplicar los 130 kil\\u00f3metros\\\/hora - El Digital de Asturias\",\"headline\":\"La Generalitat busca tramos en Catalu\\u00f1a para aplicar los 130 kil\\u00f3metros\\\/hora\",\"author\":{\"@id\":\"https:\\\/\\\/www.eldigitaldeasturias.com\\\/noticias\\\/author\\\/admin\\\/#author\"},\"publisher\":{\"@id\":\"https:\\\/\\\/www.eldigitaldeasturias.com\\\/noticias\\\/#organization\"},\"image\":{\"@type\":\"ImageObject\",\"url\":485083},\"datePublished\":\"2014-02-06T19:22:05+01:00\",\"dateModified\":\"2014-02-06T19:22:05+01:00\",\"inLanguage\":\"es-ES\",\"mainEntityOfPage\":{\"@id\":\"https:\\\/\\\/www.eldigitaldeasturias.com\\\/noticias\\\/la-generalitat-busca-tramos-en-cataluna-para-aplicar-los-130-kilometroshora\\\/#webpage\"},\"isPartOf\":{\"@id\":\"https:\\\/\\\/www.eldigitaldeasturias.com\\\/noticias\\\/la-generalitat-busca-tramos-en-cataluna-para-aplicar-los-130-kilometroshora\\\/#webpage\"},\"articleSection\":\"Actualidad\"},{\"@type\":\"BreadcrumbList\",\"@id\":\"https:\\\/\\\/www.eldigitaldeasturias.com\\\/noticias\\\/la-generalitat-busca-tramos-en-cataluna-para-aplicar-los-130-kilometroshora\\\/#breadcrumblist\",\"itemListElement\":[{\"@type\":\"ListItem\",\"@id\":\"https:\\\/\\\/www.eldigitaldeasturias.com\\\/noticias#listItem\",\"position\":1,\"name\":\"Home\",\"item\":\"https:\\\/\\\/www.eldigitaldeasturias.com\\\/noticias\",\"nextItem\":{\"@type\":\"ListItem\",\"@id\":\"https:\\\/\\\/www.eldigitaldeasturias.com\\\/noticias\\\/category\\\/actualidad\\\/#listItem\",\"name\":\"Actualidad\"}},{\"@type\":\"ListItem\",\"@id\":\"https:\\\/\\\/www.eldigitaldeasturias.com\\\/noticias\\\/category\\\/actualidad\\\/#listItem\",\"position\":2,\"name\":\"Actualidad\",\"item\":\"https:\\\/\\\/www.eldigitaldeasturias.com\\\/noticias\\\/category\\\/actualidad\\\/\",\"nextItem\":{\"@type\":\"ListItem\",\"@id\":\"https:\\\/\\\/www.eldigitaldeasturias.com\\\/noticias\\\/la-generalitat-busca-tramos-en-cataluna-para-aplicar-los-130-kilometroshora\\\/#listItem\",\"name\":\"La Generalitat busca tramos en Catalu\\u00f1a para aplicar los 130 kil\\u00f3metros\\\/hora\"},\"previousItem\":{\"@type\":\"ListItem\",\"@id\":\"https:\\\/\\\/www.eldigitaldeasturias.com\\\/noticias#listItem\",\"name\":\"Home\"}},{\"@type\":\"ListItem\",\"@id\":\"https:\\\/\\\/www.eldigitaldeasturias.com\\\/noticias\\\/la-generalitat-busca-tramos-en-cataluna-para-aplicar-los-130-kilometroshora\\\/#listItem\",\"position\":3,\"name\":\"La Generalitat busca tramos en Catalu\\u00f1a para aplicar los 130 kil\\u00f3metros\\\/hora\",\"previousItem\":{\"@type\":\"ListItem\",\"@id\":\"https:\\\/\\\/www.eldigitaldeasturias.com\\\/noticias\\\/category\\\/actualidad\\\/#listItem\",\"name\":\"Actualidad\"}}]},{\"@type\":\"Organization\",\"@id\":\"https:\\\/\\\/www.eldigitaldeasturias.com\\\/noticias\\\/#organization\",\"name\":\"El Digital de Asturias\",\"description\":\"Hemeroteca\",\"url\":\"https:\\\/\\\/www.eldigitaldeasturias.com\\\/noticias\\\/\",\"email\":\"info@eldigitaldeasturias.com\",\"telephone\":\"+34652131393\",\"logo\":{\"@type\":\"ImageObject\",\"url\":\"https:\\\/\\\/www.eldigitaldeasturias.com\\\/noticias\\\/wp-content\\\/uploads\\\/2020\\\/12\\\/EDA.jpg\",\"@id\":\"https:\\\/\\\/www.eldigitaldeasturias.com\\\/noticias\\\/la-generalitat-busca-tramos-en-cataluna-para-aplicar-los-130-kilometroshora\\\/#organizationLogo\"},\"image\":{\"@id\":\"https:\\\/\\\/www.eldigitaldeasturias.com\\\/noticias\\\/la-generalitat-busca-tramos-en-cataluna-para-aplicar-los-130-kilometroshora\\\/#organizationLogo\"},\"sameAs\":[\"https:\\\/\\\/facebook.com\\\/eldigitaldeasturias\",\"https:\\\/\\\/www.youtube.com\\\/channel\\\/UCZP-2wLEB9Rv6erhFmqVnvg\"],\"address\":{\"@id\":\"https:\\\/\\\/www.eldigitaldeasturias.com\\\/noticias\\\/#postaladdress\",\"@type\":\"PostalAddress\",\"streetAddress\":\"san antonio 4\",\"postalCode\":\"33430\",\"addressLocality\":\"Cand\\u00e1s\",\"addressRegion\":\"Asturias\",\"addressCountry\":\"ES\"}},{\"@type\":\"Person\",\"@id\":\"https:\\\/\\\/www.eldigitaldeasturias.com\\\/noticias\\\/author\\\/admin\\\/#author\",\"url\":\"https:\\\/\\\/www.eldigitaldeasturias.com\\\/noticias\\\/author\\\/admin\\\/\",\"name\":\"El Digital de Asturias\",\"image\":{\"@type\":\"ImageObject\",\"@id\":\"https:\\\/\\\/www.eldigitaldeasturias.com\\\/noticias\\\/la-generalitat-busca-tramos-en-cataluna-para-aplicar-los-130-kilometroshora\\\/#authorImage\",\"url\":\"https:\\\/\\\/secure.gravatar.com\\\/avatar\\\/df2aeffc32bcd13f8d26072ef8a91b623d677766deac7f97ca815868cd41bf5e?s=96&d=mm&r=g\",\"width\":96,\"height\":96,\"caption\":\"El Digital de Asturias\"}},{\"@type\":\"WebPage\",\"@id\":\"https:\\\/\\\/www.eldigitaldeasturias.com\\\/noticias\\\/la-generalitat-busca-tramos-en-cataluna-para-aplicar-los-130-kilometroshora\\\/#webpage\",\"url\":\"https:\\\/\\\/www.eldigitaldeasturias.com\\\/noticias\\\/la-generalitat-busca-tramos-en-cataluna-para-aplicar-los-130-kilometroshora\\\/\",\"name\":\"La Generalitat busca tramos en Catalu\\u00f1a para aplicar los 130 kil\\u00f3metros\\\/hora - El Digital de Asturias\",\"description\":\"Barcelona, 6 feb (EFE).- El conseller de Interior, Ramon Espadaler, ha anunciado hoy que el Servicio Catal\\u00e1n de Tr\\u00e1fico (SCT) ya est\\u00e1 buscando tramos en autopistas y autov\\u00edas de Catalu\\u00f1a donde poder aumentar la velocidad hasta los 130 kil\\u00f3metros por hora, cuando el Congreso apruebe la reforma de la ley de tr\\u00e1fico. En una comparecencia\",\"inLanguage\":\"es-ES\",\"isPartOf\":{\"@id\":\"https:\\\/\\\/www.eldigitaldeasturias.com\\\/noticias\\\/#website\"},\"breadcrumb\":{\"@id\":\"https:\\\/\\\/www.eldigitaldeasturias.com\\\/noticias\\\/la-generalitat-busca-tramos-en-cataluna-para-aplicar-los-130-kilometroshora\\\/#breadcrumblist\"},\"author\":{\"@id\":\"https:\\\/\\\/www.eldigitaldeasturias.com\\\/noticias\\\/author\\\/admin\\\/#author\"},\"creator\":{\"@id\":\"https:\\\/\\\/www.eldigitaldeasturias.com\\\/noticias\\\/author\\\/admin\\\/#author\"},\"image\":{\"@type\":\"ImageObject\",\"url\":485083,\"@id\":\"https:\\\/\\\/www.eldigitaldeasturias.com\\\/noticias\\\/la-generalitat-busca-tramos-en-cataluna-para-aplicar-los-130-kilometroshora\\\/#mainImage\"},\"primaryImageOfPage\":{\"@id\":\"https:\\\/\\\/www.eldigitaldeasturias.com\\\/noticias\\\/la-generalitat-busca-tramos-en-cataluna-para-aplicar-los-130-kilometroshora\\\/#mainImage\"},\"datePublished\":\"2014-02-06T19:22:05+01:00\",\"dateModified\":\"2014-02-06T19:22:05+01:00\"},{\"@type\":\"WebSite\",\"@id\":\"https:\\\/\\\/www.eldigitaldeasturias.com\\\/noticias\\\/#website\",\"url\":\"https:\\\/\\\/www.eldigitaldeasturias.com\\\/noticias\\\/\",\"name\":\"El Digital de Asturias - Diario de actualidad y noticias\",\"alternateName\":\"El Digital de Asturias - Diario de actualidad y noticias\",\"description\":\"Hemeroteca\",\"inLanguage\":\"es-ES\",\"publisher\":{\"@id\":\"https:\\\/\\\/www.eldigitaldeasturias.com\\\/noticias\\\/#organization\"}}]}\n\t\t<\/script>\n\t\t<!-- All in One SEO Pro -->\r\n\t\t<title>La Generalitat busca tramos en Catalu\u00f1a para aplicar los 130 kil\u00f3metros\/hora - El Digital de Asturias<\/title>\n\n","aioseo_head_json":{"title":"La Generalitat busca tramos en Catalu\u00f1a para aplicar los 130 kil\u00f3metros\/hora - El Digital de Asturias","description":"Barcelona, 6 feb (EFE).- El conseller de Interior, Ramon Espadaler, ha anunciado hoy que el Servicio Catal\u00e1n de Tr\u00e1fico (SCT) ya est\u00e1 buscando tramos en autopistas y autov\u00edas de Catalu\u00f1a donde poder aumentar la velocidad hasta los 130 kil\u00f3metros por hora, cuando el Congreso apruebe la reforma de la ley de tr\u00e1fico. En una comparecencia","canonical_url":"https:\/\/www.eldigitaldeasturias.com\/noticias\/la-generalitat-busca-tramos-en-cataluna-para-aplicar-los-130-kilometroshora\/","robots":"max-image-preview:large","keywords":"actualidad","webmasterTools":{"google-site-verification":"UA-38556648-1","msvalidate.01":"7dfe9f3f1b24437ab69f4f2559babe99","miscellaneous":""},"schema":{"@context":"https:\/\/schema.org","@graph":[{"@type":"BlogPosting","@id":"https:\/\/www.eldigitaldeasturias.com\/noticias\/la-generalitat-busca-tramos-en-cataluna-para-aplicar-los-130-kilometroshora\/#blogposting","name":"La Generalitat busca tramos en Catalu\u00f1a para aplicar los 130 kil\u00f3metros\/hora - El Digital de Asturias","headline":"La Generalitat busca tramos en Catalu\u00f1a para aplicar los 130 kil\u00f3metros\/hora","author":{"@id":"https:\/\/www.eldigitaldeasturias.com\/noticias\/author\/admin\/#author"},"publisher":{"@id":"https:\/\/www.eldigitaldeasturias.com\/noticias\/#organization"},"image":{"@type":"ImageObject","url":485083},"datePublished":"2014-02-06T19:22:05+01:00","dateModified":"2014-02-06T19:22:05+01:00","inLanguage":"es-ES","mainEntityOfPage":{"@id":"https:\/\/www.eldigitaldeasturias.com\/noticias\/la-generalitat-busca-tramos-en-cataluna-para-aplicar-los-130-kilometroshora\/#webpage"},"isPartOf":{"@id":"https:\/\/www.eldigitaldeasturias.com\/noticias\/la-generalitat-busca-tramos-en-cataluna-para-aplicar-los-130-kilometroshora\/#webpage"},"articleSection":"Actualidad"},{"@type":"BreadcrumbList","@id":"https:\/\/www.eldigitaldeasturias.com\/noticias\/la-generalitat-busca-tramos-en-cataluna-para-aplicar-los-130-kilometroshora\/#breadcrumblist","itemListElement":[{"@type":"ListItem","@id":"https:\/\/www.eldigitaldeasturias.com\/noticias#listItem","position":1,"name":"Home","item":"https:\/\/www.eldigitaldeasturias.com\/noticias","nextItem":{"@type":"ListItem","@id":"https:\/\/www.eldigitaldeasturias.com\/noticias\/category\/actualidad\/#listItem","name":"Actualidad"}},{"@type":"ListItem","@id":"https:\/\/www.eldigitaldeasturias.com\/noticias\/category\/actualidad\/#listItem","position":2,"name":"Actualidad","item":"https:\/\/www.eldigitaldeasturias.com\/noticias\/category\/actualidad\/","nextItem":{"@type":"ListItem","@id":"https:\/\/www.eldigitaldeasturias.com\/noticias\/la-generalitat-busca-tramos-en-cataluna-para-aplicar-los-130-kilometroshora\/#listItem","name":"La Generalitat busca tramos en Catalu\u00f1a para aplicar los 130 kil\u00f3metros\/hora"},"previousItem":{"@type":"ListItem","@id":"https:\/\/www.eldigitaldeasturias.com\/noticias#listItem","name":"Home"}},{"@type":"ListItem","@id":"https:\/\/www.eldigitaldeasturias.com\/noticias\/la-generalitat-busca-tramos-en-cataluna-para-aplicar-los-130-kilometroshora\/#listItem","position":3,"name":"La Generalitat busca tramos en Catalu\u00f1a para aplicar los 130 kil\u00f3metros\/hora","previousItem":{"@type":"ListItem","@id":"https:\/\/www.eldigitaldeasturias.com\/noticias\/category\/actualidad\/#listItem","name":"Actualidad"}}]},{"@type":"Organization","@id":"https:\/\/www.eldigitaldeasturias.com\/noticias\/#organization","name":"El Digital de Asturias","description":"Hemeroteca","url":"https:\/\/www.eldigitaldeasturias.com\/noticias\/","email":"info@eldigitaldeasturias.com","telephone":"+34652131393","logo":{"@type":"ImageObject","url":"https:\/\/www.eldigitaldeasturias.com\/noticias\/wp-content\/uploads\/2020\/12\/EDA.jpg","@id":"https:\/\/www.eldigitaldeasturias.com\/noticias\/la-generalitat-busca-tramos-en-cataluna-para-aplicar-los-130-kilometroshora\/#organizationLogo"},"image":{"@id":"https:\/\/www.eldigitaldeasturias.com\/noticias\/la-generalitat-busca-tramos-en-cataluna-para-aplicar-los-130-kilometroshora\/#organizationLogo"},"sameAs":["https:\/\/facebook.com\/eldigitaldeasturias","https:\/\/www.youtube.com\/channel\/UCZP-2wLEB9Rv6erhFmqVnvg"],"address":{"@id":"https:\/\/www.eldigitaldeasturias.com\/noticias\/#postaladdress","@type":"PostalAddress","streetAddress":"san antonio 4","postalCode":"33430","addressLocality":"Cand\u00e1s","addressRegion":"Asturias","addressCountry":"ES"}},{"@type":"Person","@id":"https:\/\/www.eldigitaldeasturias.com\/noticias\/author\/admin\/#author","url":"https:\/\/www.eldigitaldeasturias.com\/noticias\/author\/admin\/","name":"El Digital de Asturias","image":{"@type":"ImageObject","@id":"https:\/\/www.eldigitaldeasturias.com\/noticias\/la-generalitat-busca-tramos-en-cataluna-para-aplicar-los-130-kilometroshora\/#authorImage","url":"https:\/\/secure.gravatar.com\/avatar\/df2aeffc32bcd13f8d26072ef8a91b623d677766deac7f97ca815868cd41bf5e?s=96&d=mm&r=g","width":96,"height":96,"caption":"El Digital de Asturias"}},{"@type":"WebPage","@id":"https:\/\/www.eldigitaldeasturias.com\/noticias\/la-generalitat-busca-tramos-en-cataluna-para-aplicar-los-130-kilometroshora\/#webpage","url":"https:\/\/www.eldigitaldeasturias.com\/noticias\/la-generalitat-busca-tramos-en-cataluna-para-aplicar-los-130-kilometroshora\/","name":"La Generalitat busca tramos en Catalu\u00f1a para aplicar los 130 kil\u00f3metros\/hora - El Digital de Asturias","description":"Barcelona, 6 feb (EFE).- El conseller de Interior, Ramon Espadaler, ha anunciado hoy que el Servicio Catal\u00e1n de Tr\u00e1fico (SCT) ya est\u00e1 buscando tramos en autopistas y autov\u00edas de Catalu\u00f1a donde poder aumentar la velocidad hasta los 130 kil\u00f3metros por hora, cuando el Congreso apruebe la reforma de la ley de tr\u00e1fico. En una comparecencia","inLanguage":"es-ES","isPartOf":{"@id":"https:\/\/www.eldigitaldeasturias.com\/noticias\/#website"},"breadcrumb":{"@id":"https:\/\/www.eldigitaldeasturias.com\/noticias\/la-generalitat-busca-tramos-en-cataluna-para-aplicar-los-130-kilometroshora\/#breadcrumblist"},"author":{"@id":"https:\/\/www.eldigitaldeasturias.com\/noticias\/author\/admin\/#author"},"creator":{"@id":"https:\/\/www.eldigitaldeasturias.com\/noticias\/author\/admin\/#author"},"image":{"@type":"ImageObject","url":485083,"@id":"https:\/\/www.eldigitaldeasturias.com\/noticias\/la-generalitat-busca-tramos-en-cataluna-para-aplicar-los-130-kilometroshora\/#mainImage"},"primaryImageOfPage":{"@id":"https:\/\/www.eldigitaldeasturias.com\/noticias\/la-generalitat-busca-tramos-en-cataluna-para-aplicar-los-130-kilometroshora\/#mainImage"},"datePublished":"2014-02-06T19:22:05+01:00","dateModified":"2014-02-06T19:22:05+01:00"},{"@type":"WebSite","@id":"https:\/\/www.eldigitaldeasturias.com\/noticias\/#website","url":"https:\/\/www.eldigitaldeasturias.com\/noticias\/","name":"El Digital de Asturias - Diario de actualidad y noticias","alternateName":"El Digital de Asturias - Diario de actualidad y noticias","description":"Hemeroteca","inLanguage":"es-ES","publisher":{"@id":"https:\/\/www.eldigitaldeasturias.com\/noticias\/#organization"}}]},"og:locale":"es_ES","og:site_name":"El Digital de Asturias","og:type":"article","og:title":"La Generalitat busca tramos en Catalu\u00f1a para aplicar los 130 kil\u00f3metros\/hora - El Digital de Asturias","og:description":"Barcelona, 6 feb (EFE).- El conseller de Interior, Ramon Espadaler, ha anunciado hoy que el Servicio Catal\u00e1n de Tr\u00e1fico (SCT) ya est\u00e1 buscando tramos en autopistas y autov\u00edas de Catalu\u00f1a donde poder aumentar la velocidad hasta los 130 kil\u00f3metros por hora, cuando el Congreso apruebe la reforma de la ley de tr\u00e1fico. En una comparecencia","og:url":"https:\/\/www.eldigitaldeasturias.com\/noticias\/la-generalitat-busca-tramos-en-cataluna-para-aplicar-los-130-kilometroshora\/","article:tag":["actualidad"],"article:published_time":"2014-02-06T20:22:05+00:00","article:modified_time":"2014-02-06T20:22:05+00:00","article:publisher":"https:\/\/facebook.com\/eldigitaldeasturias","twitter:card":"summary_large_image","twitter:title":"La Generalitat busca tramos en Catalu\u00f1a para aplicar los 130 kil\u00f3metros\/hora - El Digital de Asturias","twitter:description":"Barcelona, 6 feb (EFE).- El conseller de Interior, Ramon Espadaler, ha anunciado hoy que el Servicio Catal\u00e1n de Tr\u00e1fico (SCT) ya est\u00e1 buscando tramos en autopistas y autov\u00edas de Catalu\u00f1a donde poder aumentar la velocidad hasta los 130 kil\u00f3metros por hora, cuando el Congreso apruebe la reforma de la ley de tr\u00e1fico. En una comparecencia","twitter:label1":"Escrito por","twitter:data1":"El Digital de Asturias","twitter:label2":"Tiempo de lectura estimado","twitter:data2":"2 minutos"},"aioseo_meta_data":{"post_id":"485082","title":null,"description":null,"keywords":null,"keyphrases":null,"primary_term":null,"canonical_url":null,"og_title":null,"og_description":null,"og_object_type":"default","og_image_type":"default","og_image_url":null,"og_image_width":null,"og_image_height":null,"og_image_custom_url":null,"og_image_custom_fields":null,"og_video":null,"og_custom_url":null,"og_article_section":null,"og_article_tags":null,"twitter_use_og":true,"twitter_card":"default","twitter_image_type":"default","twitter_image_url":null,"twitter_image_custom_url":null,"twitter_image_custom_fields":null,"twitter_title":null,"twitter_description":null,"schema":{"blockGraphs":[],"customGraphs":[],"default":{"data":{"Article":[],"Course":[],"Dataset":[],"FAQPage":[],"Movie":[],"Person":[],"Product":[],"ProductReview":[],"Car":[],"Recipe":[],"Service":[],"SoftwareApplication":[],"WebPage":[]},"graphName":"","isEnabled":true},"graphs":[],"defaultGraph":"","defaultPostTypeGraph":""},"schema_type":null,"schema_type_options":null,"pillar_content":false,"robots_default":true,"robots_noindex":false,"robots_noarchive":false,"robots_nosnippet":false,"robots_nofollow":false,"robots_noimageindex":false,"robots_noodp":false,"robots_notranslate":false,"robots_max_snippet":null,"robots_max_videopreview":null,"robots_max_imagepreview":"none","priority":null,"frequency":null,"local_seo":null,"seo_analyzer_scan_date":"2026-06-02 18:40:20","breadcrumb_settings":null,"limit_modified_date":false,"open_ai":null,"ai":null,"created":"2020-11-14 22:55:11","updated":"2026-06-02 18:40:20","focus_keyword":null,"additional_keywords":null,"truseo_locale":null},"aioseo_breadcrumb":"<div class=\"aioseo-breadcrumbs\"><span class=\"aioseo-breadcrumb\">\n\t<a href=\"https:\/\/www.eldigitaldeasturias.com\/noticias\" title=\"Home\">Home<\/a>\n<\/span><span class=\"aioseo-breadcrumb-separator\">\u2013<\/span><span class=\"aioseo-breadcrumb\">\n\t<a href=\"https:\/\/www.eldigitaldeasturias.com\/noticias\/category\/actualidad\/\" title=\"Actualidad\">Actualidad<\/a>\n<\/span><span class=\"aioseo-breadcrumb-separator\">\u2013<\/span><span class=\"aioseo-breadcrumb\">\n\t<a href=\"https:\/\/www.eldigitaldeasturias.com\/noticias\/la-generalitat-busca-tramos-en-cataluna-para-aplicar-los-130-kilometroshora\/\" title=\"La Generalitat busca tramos en Catalu\u00f1a para aplicar los 130 kil\u00f3metros\/hora\">La Generalitat busca tramos en Catalu\u00f1a para aplicar los 130 kil\u00f3metros\/hora<\/a>\n<\/span><\/div>","aioseo_breadcrumb_json":[{"label":"Home","link":"https:\/\/www.eldigitaldeasturias.com\/noticias"},{"label":"Actualidad","link":"https:\/\/www.eldigitaldeasturias.com\/noticias\/category\/actualidad\/"},{"label":"La Generalitat busca tramos en Catalu\u00f1a para aplicar los 130 kil\u00f3metros\/hora","link":"https:\/\/www.eldigitaldeasturias.com\/noticias\/la-generalitat-busca-tramos-en-cataluna-para-aplicar-los-130-kilometroshora\/"}],"_links":{"self":[{"href":"https:\/\/www.eldigitaldeasturias.com\/noticias\/wp-json\/wp\/v2\/posts\/485082","targetHints":{"allow":["GET"]}}],"collection":[{"href":"https:\/\/www.eldigitaldeasturias.com\/noticias\/wp-json\/wp\/v2\/posts"}],"about":[{"href":"https:\/\/www.eldigitaldeasturias.com\/noticias\/wp-json\/wp\/v2\/types\/post"}],"author":[{"embeddable":true,"href":"https:\/\/www.eldigitaldeasturias.com\/noticias\/wp-json\/wp\/v2\/users\/1"}],"replies":[{"embeddable":true,"href":"https:\/\/www.eldigitaldeasturias.com\/noticias\/wp-json\/wp\/v2\/comments?post=485082"}],"version-history":[{"count":0,"href":"https:\/\/www.eldigitaldeasturias.com\/noticias\/wp-json\/wp\/v2\/posts\/485082\/revisions"}],"wp:attachment":[{"href":"https:\/\/www.eldigitaldeasturias.com\/noticias\/wp-json\/wp\/v2\/media?parent=485082"}],"wp:term":[{"taxonomy":"category","embeddable":true,"href":"https:\/\/www.eldigitaldeasturias.com\/noticias\/wp-json\/wp\/v2\/categories?post=485082"},{"taxonomy":"post_tag","embeddable":true,"href":"https:\/\/www.eldigitaldeasturias.com\/noticias\/wp-json\/wp\/v2\/tags?post=485082"}],"curies":[{"name":"wp","href":"https:\/\/api.w.org\/{rel}","templated":true}]}}