{"id":485060,"date":"2014-02-06T19:16:09","date_gmt":"2014-02-06T20:16:09","guid":{"rendered":"http:\/\/www.eldigitaldeasturias.com\/noticias\/?p=485060"},"modified":"2014-02-06T19:16:24","modified_gmt":"2014-02-06T20:16:24","slug":"polemica-decision-del-senado-de-ser-parte-civil-en-un-juicio-contra-berlusconi","status":"publish","type":"post","link":"https:\/\/www.eldigitaldeasturias.com\/noticias\/polemica-decision-del-senado-de-ser-parte-civil-en-un-juicio-contra-berlusconi\/","title":{"rendered":"Pol\u00e9mica decisi\u00f3n del Senado de ser parte civil en un juicio contra Berlusconi"},"content":{"rendered":"<p><img loading=\"lazy\" decoding=\"async\" class=\"alignleft size-medium wp-image-485061\" alt=\"5915749w\" src=\"https:\/\/www.eldigitaldeasturias.com\/noticias\/wp-content\/uploads\/2014\/02\/5915749w-360x240.jpg\" width=\"360\" height=\"240\" \/>Roma, 6 feb (EFE).- La decisi\u00f3n del presidente del Senado italiano, Pietro Grasso, de personar a la C\u00e1mara Alta como parte civil en el pr\u00f3ximo juicio contra Silvio Berlusconi por la compra de un senador para hacer caer al Gobierno de Romano Prodi en 2008 ha hecho estallar una nueva tormenta pol\u00edtica en Italia.<\/p>\n<p>La prensa italiana destaca hoy en sus portadas la \u00abhist\u00f3rica\u00bb decisi\u00f3n, ya que es la primera vez que el Senado se personar\u00e1 como parte civil en un proceso penal, y la polvareda que ha levantado en las filas del partido \u00abForza Italia\u00bb, que lo consideran un ataque institucional contra su l\u00edder, Silvio Berlusconi.<\/p>\n<p>El Consejo de Presidencia del Senado debati\u00f3 ayer la posibilidad de presentarse como parte civil en el proceso, con un resultado de diez votos en contra y ocho a favor, pero Grasso, finalmente, decidi\u00f3 que era \u00abun deber moral\u00bb personarse en este juicio, lo que ha aumentado a\u00fan m\u00e1s la pol\u00e9mica.<\/p>\n<p>Fuentes de \u00abForza Italia\u00bb consultadas por la prensa definen a Berlusconi como \u00abmuy irritado\u00bb por esta decisi\u00f3n y la considera \u00abuna nueva emboscada\u00bb.<\/p>\n<p>\u00abDe nuevo el partido de los jueces, a trav\u00e9s de uno de sus hombres (Grasso, que es exmagistrado) ha vuelto a actuar\u00bb, acus\u00f3 Mara Carfagna, exministra en el pasado Gobierno de Berlusconi.<\/p>\n<p>La vicepresidenta del Senado, Linda Lanzillota, tambi\u00e9n mostr\u00f3 su sorpresa por la decisi\u00f3n de Grasso, primero de consultar, pero despu\u00e9s de decidir personalmente, as\u00ed como en el m\u00e9rito pues \u00abya que la verdadera parte civil tendr\u00eda que ser el Gobierno de Romano Prodi\u00bb.<\/p>\n<p>Mientras que el Partido Dem\u00f3crata (PD) aplaudi\u00f3 al decisi\u00f3n irreprochable del presidente del Senado.<\/p>\n<p>De esta manera, el Senado se personificar\u00e1 como parte civil del nuevo juicio contra Berlusconi que comenzar\u00e1 el pr\u00f3ximo 11 de febrero en N\u00e1poles (sur).<\/p>\n<p>En el se intentara esclarecer si Berlusconi pago al senador Sergio De Gregorio, como el mismo ha confirmado, tres millones de euros para que se pasase a su formaci\u00f3n e hiciese caer de ese modo al Gobierno de su adversario Romano Prodi (2006-2008) durante una votaci\u00f3n en el Senado.<\/p>\n<p>Tambi\u00e9n ser\u00e1 juzgado el empresario y exdirector del diario \u00abAvanti\u00bb Valter Lavitola, acusado de participar como mediador en el supuesto pago.<\/p>\n<p>El exsenador De Gregorio, que fue condenado a ocho meses al pactar la pena, asegura que recibi\u00f3 tres millones para pasar del partido Italia de los Valores (IDV), que formaba parte de la coalici\u00f3n gubernativa a las filas del entonces partido de Berlusconi, Pueblo de la Libertad (PDL).<\/p>\n<p>Su voto y el de otros senadores que tambi\u00e9n abandonaron la mayor\u00eda en el Gobierno acab\u00f3 produciendo la ca\u00edda del Ejecutivo de Prodi durante una votaci\u00f3n en el Senado en 2008.<\/p>\n<p>En este nuevo proceso, Berlusconi no podr\u00e1 contar con alg\u00fan tipo de inmunidad o del llamado \u00ableg\u00edtimo impedimento\u00bb al haber dejado de ser parlamentario tras su expulsi\u00f3n del Senado al aplicarse la ley que impide sentarse en el Parlamento a los condenados a m\u00e1s de dos a\u00f1os de c\u00e1rcel.<\/p>\n","protected":false},"excerpt":{"rendered":"<p>Roma, 6 feb (EFE).- La decisi\u00f3n del presidente del Senado italiano, Pietro Grasso, de personar a la C\u00e1mara Alta como parte civil en el pr\u00f3ximo juicio contra Silvio Berlusconi por la compra de un senador para hacer caer al Gobierno de Romano Prodi en 2008 ha hecho estallar una nueva tormenta pol\u00edtica en Italia. La [&hellip;]<\/p>\n","protected":false},"author":1,"featured_media":485061,"comment_status":"closed","ping_status":"open","sticky":false,"template":"","format":"standard","meta":{"footnotes":""},"categories":[1],"tags":[],"class_list":["post-485060","post","type-post","status-publish","format-standard","has-post-thumbnail","hentry","category-actualidad"],"aioseo_notices":[],"aioseo_head":"\n\t\t<!-- All in One SEO Pro 5.0.1 - aioseo.com -->\n\t<meta name=\"description\" content=\"Roma, 6 feb (EFE).- La decisi\u00f3n del presidente del Senado italiano, Pietro Grasso, de personar a la C\u00e1mara Alta como parte civil en el pr\u00f3ximo juicio contra Silvio Berlusconi por la compra de un senador para hacer caer al Gobierno de Romano Prodi en 2008 ha hecho estallar una nueva tormenta pol\u00edtica en Italia. La\" \/>\n\t<meta name=\"robots\" content=\"max-image-preview:large\" \/>\n\t<meta name=\"author\" content=\"El Digital de Asturias\"\/>\n\t<meta name=\"google-site-verification\" content=\"UA-38556648-1\" \/>\n\t<meta name=\"msvalidate.01\" content=\"7dfe9f3f1b24437ab69f4f2559babe99\" \/>\n\t<meta name=\"keywords\" content=\"actualidad\" \/>\n\t<link rel=\"canonical\" href=\"https:\/\/www.eldigitaldeasturias.com\/noticias\/polemica-decision-del-senado-de-ser-parte-civil-en-un-juicio-contra-berlusconi\/\" \/>\n\t<meta name=\"generator\" content=\"All in One SEO Pro (AIOSEO) 5.0.1\" \/>\n\t\t<meta property=\"og:locale\" content=\"es_ES\" \/>\n\t\t<meta property=\"og:site_name\" content=\"El Digital de Asturias\" \/>\n\t\t<meta property=\"og:type\" content=\"article\" \/>\n\t\t<meta property=\"og:title\" content=\"Pol\u00e9mica decisi\u00f3n del Senado de ser parte civil en un juicio contra Berlusconi - El Digital de Asturias\" \/>\n\t\t<meta property=\"og:description\" content=\"Roma, 6 feb (EFE).- La decisi\u00f3n del presidente del Senado italiano, Pietro Grasso, de personar a la C\u00e1mara Alta como parte civil en el pr\u00f3ximo juicio contra Silvio Berlusconi por la compra de un senador para hacer caer al Gobierno de Romano Prodi en 2008 ha hecho estallar una nueva tormenta pol\u00edtica en Italia. La\" \/>\n\t\t<meta property=\"og:url\" content=\"https:\/\/www.eldigitaldeasturias.com\/noticias\/polemica-decision-del-senado-de-ser-parte-civil-en-un-juicio-contra-berlusconi\/\" \/>\n\t\t<meta property=\"article:tag\" content=\"actualidad\" \/>\n\t\t<meta property=\"article:published_time\" content=\"2014-02-06T20:16:09+00:00\" \/>\n\t\t<meta property=\"article:modified_time\" content=\"2014-02-06T20:16:24+00:00\" \/>\n\t\t<meta property=\"article:publisher\" content=\"https:\/\/facebook.com\/eldigitaldeasturias\" \/>\n\t\t<meta name=\"twitter:card\" content=\"summary_large_image\" \/>\n\t\t<meta name=\"twitter:title\" content=\"Pol\u00e9mica decisi\u00f3n del Senado de ser parte civil en un juicio contra Berlusconi - El Digital de Asturias\" \/>\n\t\t<meta name=\"twitter:description\" content=\"Roma, 6 feb (EFE).- La decisi\u00f3n del presidente del Senado italiano, Pietro Grasso, de personar a la C\u00e1mara Alta como parte civil en el pr\u00f3ximo juicio contra Silvio Berlusconi por la compra de un senador para hacer caer al Gobierno de Romano Prodi en 2008 ha hecho estallar una nueva tormenta pol\u00edtica en Italia. La\" \/>\n\t\t<meta name=\"twitter:label1\" content=\"Escrito por\" \/>\n\t\t<meta name=\"twitter:data1\" content=\"El Digital de Asturias\" \/>\n\t\t<meta name=\"twitter:label2\" content=\"Tiempo de lectura estimado\" \/>\n\t\t<meta name=\"twitter:data2\" content=\"3 minutos\" \/>\n\t\t<script type=\"application\/ld+json\" class=\"aioseo-schema\">\n\t\t\t{\"@context\":\"https:\\\/\\\/schema.org\",\"@graph\":[{\"@type\":\"BlogPosting\",\"@id\":\"https:\\\/\\\/www.eldigitaldeasturias.com\\\/noticias\\\/polemica-decision-del-senado-de-ser-parte-civil-en-un-juicio-contra-berlusconi\\\/#blogposting\",\"name\":\"Pol\\u00e9mica decisi\\u00f3n del Senado de ser parte civil en un juicio contra Berlusconi - El Digital de Asturias\",\"headline\":\"Pol\\u00e9mica decisi\\u00f3n del Senado de ser parte civil en un juicio contra Berlusconi\",\"author\":{\"@id\":\"https:\\\/\\\/www.eldigitaldeasturias.com\\\/noticias\\\/author\\\/admin\\\/#author\"},\"publisher\":{\"@id\":\"https:\\\/\\\/www.eldigitaldeasturias.com\\\/noticias\\\/#organization\"},\"image\":{\"@type\":\"ImageObject\",\"url\":485061},\"datePublished\":\"2014-02-06T19:16:09+01:00\",\"dateModified\":\"2014-02-06T19:16:24+01:00\",\"inLanguage\":\"es-ES\",\"mainEntityOfPage\":{\"@id\":\"https:\\\/\\\/www.eldigitaldeasturias.com\\\/noticias\\\/polemica-decision-del-senado-de-ser-parte-civil-en-un-juicio-contra-berlusconi\\\/#webpage\"},\"isPartOf\":{\"@id\":\"https:\\\/\\\/www.eldigitaldeasturias.com\\\/noticias\\\/polemica-decision-del-senado-de-ser-parte-civil-en-un-juicio-contra-berlusconi\\\/#webpage\"},\"articleSection\":\"Actualidad\"},{\"@type\":\"BreadcrumbList\",\"@id\":\"https:\\\/\\\/www.eldigitaldeasturias.com\\\/noticias\\\/polemica-decision-del-senado-de-ser-parte-civil-en-un-juicio-contra-berlusconi\\\/#breadcrumblist\",\"itemListElement\":[{\"@type\":\"ListItem\",\"@id\":\"https:\\\/\\\/www.eldigitaldeasturias.com\\\/noticias#listItem\",\"position\":1,\"name\":\"Home\",\"item\":\"https:\\\/\\\/www.eldigitaldeasturias.com\\\/noticias\",\"nextItem\":{\"@type\":\"ListItem\",\"@id\":\"https:\\\/\\\/www.eldigitaldeasturias.com\\\/noticias\\\/category\\\/actualidad\\\/#listItem\",\"name\":\"Actualidad\"}},{\"@type\":\"ListItem\",\"@id\":\"https:\\\/\\\/www.eldigitaldeasturias.com\\\/noticias\\\/category\\\/actualidad\\\/#listItem\",\"position\":2,\"name\":\"Actualidad\",\"item\":\"https:\\\/\\\/www.eldigitaldeasturias.com\\\/noticias\\\/category\\\/actualidad\\\/\",\"nextItem\":{\"@type\":\"ListItem\",\"@id\":\"https:\\\/\\\/www.eldigitaldeasturias.com\\\/noticias\\\/polemica-decision-del-senado-de-ser-parte-civil-en-un-juicio-contra-berlusconi\\\/#listItem\",\"name\":\"Pol\\u00e9mica decisi\\u00f3n del Senado de ser parte civil en un juicio contra Berlusconi\"},\"previousItem\":{\"@type\":\"ListItem\",\"@id\":\"https:\\\/\\\/www.eldigitaldeasturias.com\\\/noticias#listItem\",\"name\":\"Home\"}},{\"@type\":\"ListItem\",\"@id\":\"https:\\\/\\\/www.eldigitaldeasturias.com\\\/noticias\\\/polemica-decision-del-senado-de-ser-parte-civil-en-un-juicio-contra-berlusconi\\\/#listItem\",\"position\":3,\"name\":\"Pol\\u00e9mica decisi\\u00f3n del Senado de ser parte civil en un juicio contra Berlusconi\",\"previousItem\":{\"@type\":\"ListItem\",\"@id\":\"https:\\\/\\\/www.eldigitaldeasturias.com\\\/noticias\\\/category\\\/actualidad\\\/#listItem\",\"name\":\"Actualidad\"}}]},{\"@type\":\"Organization\",\"@id\":\"https:\\\/\\\/www.eldigitaldeasturias.com\\\/noticias\\\/#organization\",\"name\":\"El Digital de Asturias\",\"description\":\"Hemeroteca\",\"url\":\"https:\\\/\\\/www.eldigitaldeasturias.com\\\/noticias\\\/\",\"email\":\"info@eldigitaldeasturias.com\",\"telephone\":\"+34652131393\",\"logo\":{\"@type\":\"ImageObject\",\"url\":\"https:\\\/\\\/www.eldigitaldeasturias.com\\\/noticias\\\/wp-content\\\/uploads\\\/2020\\\/12\\\/EDA.jpg\",\"@id\":\"https:\\\/\\\/www.eldigitaldeasturias.com\\\/noticias\\\/polemica-decision-del-senado-de-ser-parte-civil-en-un-juicio-contra-berlusconi\\\/#organizationLogo\"},\"image\":{\"@id\":\"https:\\\/\\\/www.eldigitaldeasturias.com\\\/noticias\\\/polemica-decision-del-senado-de-ser-parte-civil-en-un-juicio-contra-berlusconi\\\/#organizationLogo\"},\"sameAs\":[\"https:\\\/\\\/facebook.com\\\/eldigitaldeasturias\",\"https:\\\/\\\/www.youtube.com\\\/channel\\\/UCZP-2wLEB9Rv6erhFmqVnvg\"],\"address\":{\"@id\":\"https:\\\/\\\/www.eldigitaldeasturias.com\\\/noticias\\\/#postaladdress\",\"@type\":\"PostalAddress\",\"streetAddress\":\"san antonio 4\",\"postalCode\":\"33430\",\"addressLocality\":\"Cand\\u00e1s\",\"addressRegion\":\"Asturias\",\"addressCountry\":\"ES\"}},{\"@type\":\"Person\",\"@id\":\"https:\\\/\\\/www.eldigitaldeasturias.com\\\/noticias\\\/author\\\/admin\\\/#author\",\"url\":\"https:\\\/\\\/www.eldigitaldeasturias.com\\\/noticias\\\/author\\\/admin\\\/\",\"name\":\"El Digital de Asturias\",\"image\":{\"@type\":\"ImageObject\",\"@id\":\"https:\\\/\\\/www.eldigitaldeasturias.com\\\/noticias\\\/polemica-decision-del-senado-de-ser-parte-civil-en-un-juicio-contra-berlusconi\\\/#authorImage\",\"url\":\"https:\\\/\\\/secure.gravatar.com\\\/avatar\\\/df2aeffc32bcd13f8d26072ef8a91b623d677766deac7f97ca815868cd41bf5e?s=96&d=mm&r=g\",\"width\":96,\"height\":96,\"caption\":\"El Digital de Asturias\"}},{\"@type\":\"WebPage\",\"@id\":\"https:\\\/\\\/www.eldigitaldeasturias.com\\\/noticias\\\/polemica-decision-del-senado-de-ser-parte-civil-en-un-juicio-contra-berlusconi\\\/#webpage\",\"url\":\"https:\\\/\\\/www.eldigitaldeasturias.com\\\/noticias\\\/polemica-decision-del-senado-de-ser-parte-civil-en-un-juicio-contra-berlusconi\\\/\",\"name\":\"Pol\\u00e9mica decisi\\u00f3n del Senado de ser parte civil en un juicio contra Berlusconi - El Digital de Asturias\",\"description\":\"Roma, 6 feb (EFE).- La decisi\\u00f3n del presidente del Senado italiano, Pietro Grasso, de personar a la C\\u00e1mara Alta como parte civil en el pr\\u00f3ximo juicio contra Silvio Berlusconi por la compra de un senador para hacer caer al Gobierno de Romano Prodi en 2008 ha hecho estallar una nueva tormenta pol\\u00edtica en Italia. La\",\"inLanguage\":\"es-ES\",\"isPartOf\":{\"@id\":\"https:\\\/\\\/www.eldigitaldeasturias.com\\\/noticias\\\/#website\"},\"breadcrumb\":{\"@id\":\"https:\\\/\\\/www.eldigitaldeasturias.com\\\/noticias\\\/polemica-decision-del-senado-de-ser-parte-civil-en-un-juicio-contra-berlusconi\\\/#breadcrumblist\"},\"author\":{\"@id\":\"https:\\\/\\\/www.eldigitaldeasturias.com\\\/noticias\\\/author\\\/admin\\\/#author\"},\"creator\":{\"@id\":\"https:\\\/\\\/www.eldigitaldeasturias.com\\\/noticias\\\/author\\\/admin\\\/#author\"},\"image\":{\"@type\":\"ImageObject\",\"url\":485061,\"@id\":\"https:\\\/\\\/www.eldigitaldeasturias.com\\\/noticias\\\/polemica-decision-del-senado-de-ser-parte-civil-en-un-juicio-contra-berlusconi\\\/#mainImage\"},\"primaryImageOfPage\":{\"@id\":\"https:\\\/\\\/www.eldigitaldeasturias.com\\\/noticias\\\/polemica-decision-del-senado-de-ser-parte-civil-en-un-juicio-contra-berlusconi\\\/#mainImage\"},\"datePublished\":\"2014-02-06T19:16:09+01:00\",\"dateModified\":\"2014-02-06T19:16:24+01:00\"},{\"@type\":\"WebSite\",\"@id\":\"https:\\\/\\\/www.eldigitaldeasturias.com\\\/noticias\\\/#website\",\"url\":\"https:\\\/\\\/www.eldigitaldeasturias.com\\\/noticias\\\/\",\"name\":\"El Digital de Asturias - Diario de actualidad y noticias\",\"alternateName\":\"El Digital de Asturias - Diario de actualidad y noticias\",\"description\":\"Hemeroteca\",\"inLanguage\":\"es-ES\",\"publisher\":{\"@id\":\"https:\\\/\\\/www.eldigitaldeasturias.com\\\/noticias\\\/#organization\"}}]}\n\t\t<\/script>\n\t\t<!-- All in One SEO Pro -->\r\n\t\t<title>Pol\u00e9mica decisi\u00f3n del Senado de ser parte civil en un juicio contra Berlusconi - El Digital de Asturias<\/title>\n\n","aioseo_head_json":{"title":"Pol\u00e9mica decisi\u00f3n del Senado de ser parte civil en un juicio contra Berlusconi - El Digital de Asturias","description":"Roma, 6 feb (EFE).- La decisi\u00f3n del presidente del Senado italiano, Pietro Grasso, de personar a la C\u00e1mara Alta como parte civil en el pr\u00f3ximo juicio contra Silvio Berlusconi por la compra de un senador para hacer caer al Gobierno de Romano Prodi en 2008 ha hecho estallar una nueva tormenta pol\u00edtica en Italia. La","canonical_url":"https:\/\/www.eldigitaldeasturias.com\/noticias\/polemica-decision-del-senado-de-ser-parte-civil-en-un-juicio-contra-berlusconi\/","robots":"max-image-preview:large","keywords":"actualidad","webmasterTools":{"google-site-verification":"UA-38556648-1","msvalidate.01":"7dfe9f3f1b24437ab69f4f2559babe99","miscellaneous":""},"schema":{"@context":"https:\/\/schema.org","@graph":[{"@type":"BlogPosting","@id":"https:\/\/www.eldigitaldeasturias.com\/noticias\/polemica-decision-del-senado-de-ser-parte-civil-en-un-juicio-contra-berlusconi\/#blogposting","name":"Pol\u00e9mica decisi\u00f3n del Senado de ser parte civil en un juicio contra Berlusconi - El Digital de Asturias","headline":"Pol\u00e9mica decisi\u00f3n del Senado de ser parte civil en un juicio contra Berlusconi","author":{"@id":"https:\/\/www.eldigitaldeasturias.com\/noticias\/author\/admin\/#author"},"publisher":{"@id":"https:\/\/www.eldigitaldeasturias.com\/noticias\/#organization"},"image":{"@type":"ImageObject","url":485061},"datePublished":"2014-02-06T19:16:09+01:00","dateModified":"2014-02-06T19:16:24+01:00","inLanguage":"es-ES","mainEntityOfPage":{"@id":"https:\/\/www.eldigitaldeasturias.com\/noticias\/polemica-decision-del-senado-de-ser-parte-civil-en-un-juicio-contra-berlusconi\/#webpage"},"isPartOf":{"@id":"https:\/\/www.eldigitaldeasturias.com\/noticias\/polemica-decision-del-senado-de-ser-parte-civil-en-un-juicio-contra-berlusconi\/#webpage"},"articleSection":"Actualidad"},{"@type":"BreadcrumbList","@id":"https:\/\/www.eldigitaldeasturias.com\/noticias\/polemica-decision-del-senado-de-ser-parte-civil-en-un-juicio-contra-berlusconi\/#breadcrumblist","itemListElement":[{"@type":"ListItem","@id":"https:\/\/www.eldigitaldeasturias.com\/noticias#listItem","position":1,"name":"Home","item":"https:\/\/www.eldigitaldeasturias.com\/noticias","nextItem":{"@type":"ListItem","@id":"https:\/\/www.eldigitaldeasturias.com\/noticias\/category\/actualidad\/#listItem","name":"Actualidad"}},{"@type":"ListItem","@id":"https:\/\/www.eldigitaldeasturias.com\/noticias\/category\/actualidad\/#listItem","position":2,"name":"Actualidad","item":"https:\/\/www.eldigitaldeasturias.com\/noticias\/category\/actualidad\/","nextItem":{"@type":"ListItem","@id":"https:\/\/www.eldigitaldeasturias.com\/noticias\/polemica-decision-del-senado-de-ser-parte-civil-en-un-juicio-contra-berlusconi\/#listItem","name":"Pol\u00e9mica decisi\u00f3n del Senado de ser parte civil en un juicio contra Berlusconi"},"previousItem":{"@type":"ListItem","@id":"https:\/\/www.eldigitaldeasturias.com\/noticias#listItem","name":"Home"}},{"@type":"ListItem","@id":"https:\/\/www.eldigitaldeasturias.com\/noticias\/polemica-decision-del-senado-de-ser-parte-civil-en-un-juicio-contra-berlusconi\/#listItem","position":3,"name":"Pol\u00e9mica decisi\u00f3n del Senado de ser parte civil en un juicio contra Berlusconi","previousItem":{"@type":"ListItem","@id":"https:\/\/www.eldigitaldeasturias.com\/noticias\/category\/actualidad\/#listItem","name":"Actualidad"}}]},{"@type":"Organization","@id":"https:\/\/www.eldigitaldeasturias.com\/noticias\/#organization","name":"El Digital de Asturias","description":"Hemeroteca","url":"https:\/\/www.eldigitaldeasturias.com\/noticias\/","email":"info@eldigitaldeasturias.com","telephone":"+34652131393","logo":{"@type":"ImageObject","url":"https:\/\/www.eldigitaldeasturias.com\/noticias\/wp-content\/uploads\/2020\/12\/EDA.jpg","@id":"https:\/\/www.eldigitaldeasturias.com\/noticias\/polemica-decision-del-senado-de-ser-parte-civil-en-un-juicio-contra-berlusconi\/#organizationLogo"},"image":{"@id":"https:\/\/www.eldigitaldeasturias.com\/noticias\/polemica-decision-del-senado-de-ser-parte-civil-en-un-juicio-contra-berlusconi\/#organizationLogo"},"sameAs":["https:\/\/facebook.com\/eldigitaldeasturias","https:\/\/www.youtube.com\/channel\/UCZP-2wLEB9Rv6erhFmqVnvg"],"address":{"@id":"https:\/\/www.eldigitaldeasturias.com\/noticias\/#postaladdress","@type":"PostalAddress","streetAddress":"san antonio 4","postalCode":"33430","addressLocality":"Cand\u00e1s","addressRegion":"Asturias","addressCountry":"ES"}},{"@type":"Person","@id":"https:\/\/www.eldigitaldeasturias.com\/noticias\/author\/admin\/#author","url":"https:\/\/www.eldigitaldeasturias.com\/noticias\/author\/admin\/","name":"El Digital de Asturias","image":{"@type":"ImageObject","@id":"https:\/\/www.eldigitaldeasturias.com\/noticias\/polemica-decision-del-senado-de-ser-parte-civil-en-un-juicio-contra-berlusconi\/#authorImage","url":"https:\/\/secure.gravatar.com\/avatar\/df2aeffc32bcd13f8d26072ef8a91b623d677766deac7f97ca815868cd41bf5e?s=96&d=mm&r=g","width":96,"height":96,"caption":"El Digital de Asturias"}},{"@type":"WebPage","@id":"https:\/\/www.eldigitaldeasturias.com\/noticias\/polemica-decision-del-senado-de-ser-parte-civil-en-un-juicio-contra-berlusconi\/#webpage","url":"https:\/\/www.eldigitaldeasturias.com\/noticias\/polemica-decision-del-senado-de-ser-parte-civil-en-un-juicio-contra-berlusconi\/","name":"Pol\u00e9mica decisi\u00f3n del Senado de ser parte civil en un juicio contra Berlusconi - El Digital de Asturias","description":"Roma, 6 feb (EFE).- La decisi\u00f3n del presidente del Senado italiano, Pietro Grasso, de personar a la C\u00e1mara Alta como parte civil en el pr\u00f3ximo juicio contra Silvio Berlusconi por la compra de un senador para hacer caer al Gobierno de Romano Prodi en 2008 ha hecho estallar una nueva tormenta pol\u00edtica en Italia. La","inLanguage":"es-ES","isPartOf":{"@id":"https:\/\/www.eldigitaldeasturias.com\/noticias\/#website"},"breadcrumb":{"@id":"https:\/\/www.eldigitaldeasturias.com\/noticias\/polemica-decision-del-senado-de-ser-parte-civil-en-un-juicio-contra-berlusconi\/#breadcrumblist"},"author":{"@id":"https:\/\/www.eldigitaldeasturias.com\/noticias\/author\/admin\/#author"},"creator":{"@id":"https:\/\/www.eldigitaldeasturias.com\/noticias\/author\/admin\/#author"},"image":{"@type":"ImageObject","url":485061,"@id":"https:\/\/www.eldigitaldeasturias.com\/noticias\/polemica-decision-del-senado-de-ser-parte-civil-en-un-juicio-contra-berlusconi\/#mainImage"},"primaryImageOfPage":{"@id":"https:\/\/www.eldigitaldeasturias.com\/noticias\/polemica-decision-del-senado-de-ser-parte-civil-en-un-juicio-contra-berlusconi\/#mainImage"},"datePublished":"2014-02-06T19:16:09+01:00","dateModified":"2014-02-06T19:16:24+01:00"},{"@type":"WebSite","@id":"https:\/\/www.eldigitaldeasturias.com\/noticias\/#website","url":"https:\/\/www.eldigitaldeasturias.com\/noticias\/","name":"El Digital de Asturias - Diario de actualidad y noticias","alternateName":"El Digital de Asturias - Diario de actualidad y noticias","description":"Hemeroteca","inLanguage":"es-ES","publisher":{"@id":"https:\/\/www.eldigitaldeasturias.com\/noticias\/#organization"}}]},"og:locale":"es_ES","og:site_name":"El Digital de Asturias","og:type":"article","og:title":"Pol\u00e9mica decisi\u00f3n del Senado de ser parte civil en un juicio contra Berlusconi - El Digital de Asturias","og:description":"Roma, 6 feb (EFE).- La decisi\u00f3n del presidente del Senado italiano, Pietro Grasso, de personar a la C\u00e1mara Alta como parte civil en el pr\u00f3ximo juicio contra Silvio Berlusconi por la compra de un senador para hacer caer al Gobierno de Romano Prodi en 2008 ha hecho estallar una nueva tormenta pol\u00edtica en Italia. La","og:url":"https:\/\/www.eldigitaldeasturias.com\/noticias\/polemica-decision-del-senado-de-ser-parte-civil-en-un-juicio-contra-berlusconi\/","article:tag":["actualidad"],"article:published_time":"2014-02-06T20:16:09+00:00","article:modified_time":"2014-02-06T20:16:24+00:00","article:publisher":"https:\/\/facebook.com\/eldigitaldeasturias","twitter:card":"summary_large_image","twitter:title":"Pol\u00e9mica decisi\u00f3n del Senado de ser parte civil en un juicio contra Berlusconi - El Digital de Asturias","twitter:description":"Roma, 6 feb (EFE).- La decisi\u00f3n del presidente del Senado italiano, Pietro Grasso, de personar a la C\u00e1mara Alta como parte civil en el pr\u00f3ximo juicio contra Silvio Berlusconi por la compra de un senador para hacer caer al Gobierno de Romano Prodi en 2008 ha hecho estallar una nueva tormenta pol\u00edtica en Italia. La","twitter:label1":"Escrito por","twitter:data1":"El Digital de Asturias","twitter:label2":"Tiempo de lectura estimado","twitter:data2":"3 minutos"},"aioseo_meta_data":{"post_id":"485060","title":null,"description":null,"keywords":null,"keyphrases":null,"primary_term":null,"canonical_url":null,"og_title":null,"og_description":null,"og_object_type":"default","og_image_type":"default","og_image_url":null,"og_image_width":null,"og_image_height":null,"og_image_custom_url":null,"og_image_custom_fields":null,"og_video":null,"og_custom_url":null,"og_article_section":null,"og_article_tags":null,"twitter_use_og":true,"twitter_card":"default","twitter_image_type":"default","twitter_image_url":null,"twitter_image_custom_url":null,"twitter_image_custom_fields":null,"twitter_title":null,"twitter_description":null,"schema":{"blockGraphs":[],"customGraphs":[],"default":{"data":{"Article":[],"Course":[],"Dataset":[],"FAQPage":[],"Movie":[],"Person":[],"Product":[],"ProductReview":[],"Car":[],"Recipe":[],"Service":[],"SoftwareApplication":[],"WebPage":[]},"graphName":"","isEnabled":true},"graphs":[],"defaultGraph":"","defaultPostTypeGraph":""},"schema_type":null,"schema_type_options":null,"pillar_content":false,"robots_default":true,"robots_noindex":false,"robots_noarchive":false,"robots_nosnippet":false,"robots_nofollow":false,"robots_noimageindex":false,"robots_noodp":false,"robots_notranslate":false,"robots_max_snippet":null,"robots_max_videopreview":null,"robots_max_imagepreview":"none","priority":null,"frequency":null,"local_seo":null,"seo_analyzer_scan_date":"2026-06-02 18:32:52","breadcrumb_settings":null,"limit_modified_date":false,"open_ai":null,"ai":null,"created":"2020-11-14 22:55:11","updated":"2026-06-02 18:32:52","focus_keyword":null,"additional_keywords":null,"truseo_locale":null},"aioseo_breadcrumb":"<div class=\"aioseo-breadcrumbs\"><span class=\"aioseo-breadcrumb\">\n\t<a href=\"https:\/\/www.eldigitaldeasturias.com\/noticias\" title=\"Home\">Home<\/a>\n<\/span><span class=\"aioseo-breadcrumb-separator\">\u2013<\/span><span class=\"aioseo-breadcrumb\">\n\t<a href=\"https:\/\/www.eldigitaldeasturias.com\/noticias\/category\/actualidad\/\" title=\"Actualidad\">Actualidad<\/a>\n<\/span><span class=\"aioseo-breadcrumb-separator\">\u2013<\/span><span class=\"aioseo-breadcrumb\">\n\t<a href=\"https:\/\/www.eldigitaldeasturias.com\/noticias\/polemica-decision-del-senado-de-ser-parte-civil-en-un-juicio-contra-berlusconi\/\" title=\"Pol\u00e9mica decisi\u00f3n del Senado de ser parte civil en un juicio contra Berlusconi\">Pol\u00e9mica decisi\u00f3n del Senado de ser parte civil en un juicio contra Berlusconi<\/a>\n<\/span><\/div>","aioseo_breadcrumb_json":[{"label":"Home","link":"https:\/\/www.eldigitaldeasturias.com\/noticias"},{"label":"Actualidad","link":"https:\/\/www.eldigitaldeasturias.com\/noticias\/category\/actualidad\/"},{"label":"Pol\u00e9mica decisi\u00f3n del Senado de ser parte civil en un juicio contra Berlusconi","link":"https:\/\/www.eldigitaldeasturias.com\/noticias\/polemica-decision-del-senado-de-ser-parte-civil-en-un-juicio-contra-berlusconi\/"}],"_links":{"self":[{"href":"https:\/\/www.eldigitaldeasturias.com\/noticias\/wp-json\/wp\/v2\/posts\/485060","targetHints":{"allow":["GET"]}}],"collection":[{"href":"https:\/\/www.eldigitaldeasturias.com\/noticias\/wp-json\/wp\/v2\/posts"}],"about":[{"href":"https:\/\/www.eldigitaldeasturias.com\/noticias\/wp-json\/wp\/v2\/types\/post"}],"author":[{"embeddable":true,"href":"https:\/\/www.eldigitaldeasturias.com\/noticias\/wp-json\/wp\/v2\/users\/1"}],"replies":[{"embeddable":true,"href":"https:\/\/www.eldigitaldeasturias.com\/noticias\/wp-json\/wp\/v2\/comments?post=485060"}],"version-history":[{"count":0,"href":"https:\/\/www.eldigitaldeasturias.com\/noticias\/wp-json\/wp\/v2\/posts\/485060\/revisions"}],"wp:attachment":[{"href":"https:\/\/www.eldigitaldeasturias.com\/noticias\/wp-json\/wp\/v2\/media?parent=485060"}],"wp:term":[{"taxonomy":"category","embeddable":true,"href":"https:\/\/www.eldigitaldeasturias.com\/noticias\/wp-json\/wp\/v2\/categories?post=485060"},{"taxonomy":"post_tag","embeddable":true,"href":"https:\/\/www.eldigitaldeasturias.com\/noticias\/wp-json\/wp\/v2\/tags?post=485060"}],"curies":[{"name":"wp","href":"https:\/\/api.w.org\/{rel}","templated":true}]}}