{"id":485057,"date":"2014-02-06T19:15:19","date_gmt":"2014-02-06T20:15:19","guid":{"rendered":"http:\/\/www.eldigitaldeasturias.com\/noticias\/?p=485057"},"modified":"2014-02-06T19:15:19","modified_gmt":"2014-02-06T20:15:19","slug":"iglesias-diputada-del-grupo-mixto-dice-que-hubo-un-pacto-con-beiras-que-no-funciono","status":"publish","type":"post","link":"https:\/\/www.eldigitaldeasturias.com\/noticias\/iglesias-diputada-del-grupo-mixto-dice-que-hubo-un-pacto-con-beiras-que-no-funciono\/","title":{"rendered":"Iglesias, diputada del Grupo Mixto, dice que hubo un pacto con Beiras que no funcion\u00f3"},"content":{"rendered":"<p><img loading=\"lazy\" decoding=\"async\" class=\"alignleft size-medium wp-image-485058\" alt=\"5915734w\" src=\"https:\/\/www.eldigitaldeasturias.com\/noticias\/wp-content\/uploads\/2014\/02\/5915734w-360x240.jpg\" width=\"360\" height=\"240\" \/>Ourense, 6 feb (EFE).- Desde la tranquilidad de su residencia habitual, en Ourense, Carmen Iglesias, expulsada de Esquerda Unida (EU) y oficialmente diputada del Grupo Mixto tras haberlo solicitado as\u00ed, perfila la estrategia pol\u00edtica que seguir\u00e1 sin esa \u00abpresi\u00f3n insoportable\u00bb que por su \u00absalud mental y dignidad\u00bb ya no soportaba y despu\u00e9s del fracaso de un pacto con Xos\u00e9 Manuel Beiras que fracas\u00f3.<\/p>\n<p>Esta mujer, que concurri\u00f3 como n\u00famero dos de AGE por Ourense al Parlamento, accedi\u00f3 al esca\u00f1o en contra del criterio de su organizaci\u00f3n pol\u00edtica, EU, que, para el equilibrio de fuerzas en la coalici\u00f3n con Anova pretend\u00eda que dejase correr la lista una vez que el diputado David Fern\u00e1ndez Calvi\u00f1o, militante de esta \u00faltima, abandon\u00f3 su acta para un proyecto de investigaci\u00f3n en Dinamarca.<\/p>\n<p>Tras la \u00abvor\u00e1gine sufrida\u00bb, a Carmen Iglesias le cuesta hablar de este asunto, que prefiere desterrar, y en su casa, donde convive con su pareja y un perro, cuenta a EFE que \u00abahora empieza otra nueva etapa. La anterior remat\u00f3 en el momento en el que Esquerda Unida- Izquierda Unida me expulsa. Y en el momento en que vemos todos que no funcionar\u00e1 la integraci\u00f3n, esto se rompe y no pasa nada\u00bb.<\/p>\n<p>\u00abSomos todos parlamentarios y somos todos civilizados\u00bb, prosigue.<\/p>\n<p>Lejos de mostrar acritud, simplemente concreta que continuar en Alternativa Galega de Esquerda (AGE) no fue factible y explica que hubo \u00abuna especie de pacto\u00bb con el portavoz, Xos\u00e9 Manuel Beiras, para dejar pasar un tiempo \u00aba ver si funcionaba, y no funcion\u00f3\u00bb.<\/p>\n<p>Vinculada durante a\u00f1os a la lucha sindical, asegura que quiere centrarse en su trabajo \u00abdentro del Grupo Mixto\u00bb con el objetivo de \u00abllevar la voz de las minor\u00edas\u00bb, que son su principal apoyo para su rol de \u00abdignificar el ejercicio pol\u00edtico\u00bb.<\/p>\n<p>Carmen Iglesias sostiene que su discurso ser\u00e1 \u00abpol\u00edticamente incorrecto aunque conservando las formas\u00bb, e incluso avanza sus primeras propuestas: \u00abUna sobre la Ley de Familia y otra de Protecci\u00f3n de la Maternidad\u00bb.<\/p>\n<p>No le gusta el anteproyecto de reforma de la Ley del Aborto, especifica por si su comentario pudiese dar lugar a un equ\u00edvoco, ya que si la anterior era \u00abimperfecta\u00bb, a\u00f1ade, \u00abahora volvemos a las cabernas\u00bb.<\/p>\n<p>De la corrupci\u00f3n y la pol\u00edtica, ante supuestas tramas como la que se investiga en la llamada Operaci\u00f3n Pokemon, cree que el origen est\u00e1 \u00aben la c\u00fapula de los partidos\u00bb, pero prefiere dejar esto \u00aba los partidos que han sido se\u00f1alados\u00bb.<\/p>\n<p>Considera positivo el hecho de que haya hasta cinco grupos pol\u00edticos en el Parlamento porque \u00abcuanto m\u00e1s plural, m\u00e1s representativo y m\u00e1s democr\u00e1tico\u00bb.<\/p>\n<p>Las cuestiones econ\u00f3micas las sintetiza en una reflexi\u00f3n: \u00abO bien se recorta al grupo del que me fui o bien a todos los grupos se les recorta algo, lo que pasar\u00eda al Grupo Mixto\u00bb, en este caso conformado \u00fanicamente por ella.<\/p>\n<p>La situaci\u00f3n la ve \u00abmuy saludable\u00bb y \u00abun buen pretexto para que se revisen las asignaciones econ\u00f3micas que se les dan a los grupos\u00bb.<\/p>\n<p>Carmen Iglesias teme los atavismos, porque es \u00abmujer y mayor\u00bb y existen \u00abciertos micro-machismos\u00bb que ha comprobado, apunta, en las bromas sobre sus gafas de sol o su edad.<\/p>\n<p>\u00abPero para m\u00ed es un motivo m\u00e1s de lucha en un trabajo que afronto ilusionada\u00bb.<\/p>\n<p>Su intenci\u00f3n es \u00abhablar con todos\u00bb y trabajar por los ciudadanos tras un largo y arduo camino que ha de valer la pena, porque si no creyese en lo que puede hacer \u00abno estar\u00eda aqu\u00ed\u00bb. Lorena Rodr\u00edguez de la Torre<\/p>\n","protected":false},"excerpt":{"rendered":"<p>Ourense, 6 feb (EFE).- Desde la tranquilidad de su residencia habitual, en Ourense, Carmen Iglesias, expulsada de Esquerda Unida (EU) y oficialmente diputada del Grupo Mixto tras haberlo solicitado as\u00ed, perfila la estrategia pol\u00edtica que seguir\u00e1 sin esa \u00abpresi\u00f3n insoportable\u00bb que por su \u00absalud mental y dignidad\u00bb ya no soportaba y despu\u00e9s del fracaso de [&hellip;]<\/p>\n","protected":false},"author":1,"featured_media":485058,"comment_status":"closed","ping_status":"open","sticky":false,"template":"","format":"standard","meta":{"footnotes":""},"categories":[1],"tags":[],"class_list":["post-485057","post","type-post","status-publish","format-standard","has-post-thumbnail","hentry","category-actualidad"],"aioseo_notices":[],"aioseo_head":"\n\t\t<!-- All in One SEO Pro 5.0.1 - aioseo.com -->\n\t<meta name=\"description\" content=\"Ourense, 6 feb (EFE).- Desde la tranquilidad de su residencia habitual, en Ourense, Carmen Iglesias, expulsada de Esquerda Unida (EU) y oficialmente diputada del Grupo Mixto tras haberlo solicitado as\u00ed, perfila la estrategia pol\u00edtica que seguir\u00e1 sin esa &quot;presi\u00f3n insoportable&quot; que por su &quot;salud mental y dignidad&quot; ya no soportaba y despu\u00e9s del fracaso de\" \/>\n\t<meta name=\"robots\" content=\"max-image-preview:large\" \/>\n\t<meta name=\"author\" content=\"El Digital de Asturias\"\/>\n\t<meta name=\"google-site-verification\" content=\"UA-38556648-1\" \/>\n\t<meta name=\"msvalidate.01\" content=\"7dfe9f3f1b24437ab69f4f2559babe99\" \/>\n\t<meta name=\"keywords\" content=\"actualidad\" \/>\n\t<link rel=\"canonical\" href=\"https:\/\/www.eldigitaldeasturias.com\/noticias\/iglesias-diputada-del-grupo-mixto-dice-que-hubo-un-pacto-con-beiras-que-no-funciono\/\" \/>\n\t<meta name=\"generator\" content=\"All in One SEO Pro (AIOSEO) 5.0.1\" \/>\n\t\t<meta property=\"og:locale\" content=\"es_ES\" \/>\n\t\t<meta property=\"og:site_name\" content=\"El Digital de Asturias\" \/>\n\t\t<meta property=\"og:type\" content=\"article\" \/>\n\t\t<meta property=\"og:title\" content=\"Iglesias, diputada del Grupo Mixto, dice que hubo un pacto con Beiras que no funcion\u00f3 - El Digital de Asturias\" \/>\n\t\t<meta property=\"og:description\" content=\"Ourense, 6 feb (EFE).- Desde la tranquilidad de su residencia habitual, en Ourense, Carmen Iglesias, expulsada de Esquerda Unida (EU) y oficialmente diputada del Grupo Mixto tras haberlo solicitado as\u00ed, perfila la estrategia pol\u00edtica que seguir\u00e1 sin esa &quot;presi\u00f3n insoportable&quot; que por su &quot;salud mental y dignidad&quot; ya no soportaba y despu\u00e9s del fracaso de\" \/>\n\t\t<meta property=\"og:url\" content=\"https:\/\/www.eldigitaldeasturias.com\/noticias\/iglesias-diputada-del-grupo-mixto-dice-que-hubo-un-pacto-con-beiras-que-no-funciono\/\" \/>\n\t\t<meta property=\"article:tag\" content=\"actualidad\" \/>\n\t\t<meta property=\"article:published_time\" content=\"2014-02-06T20:15:19+00:00\" \/>\n\t\t<meta property=\"article:modified_time\" content=\"2014-02-06T20:15:19+00:00\" \/>\n\t\t<meta property=\"article:publisher\" content=\"https:\/\/facebook.com\/eldigitaldeasturias\" \/>\n\t\t<meta name=\"twitter:card\" content=\"summary_large_image\" \/>\n\t\t<meta name=\"twitter:title\" content=\"Iglesias, diputada del Grupo Mixto, dice que hubo un pacto con Beiras que no funcion\u00f3 - El Digital de Asturias\" \/>\n\t\t<meta name=\"twitter:description\" content=\"Ourense, 6 feb (EFE).- Desde la tranquilidad de su residencia habitual, en Ourense, Carmen Iglesias, expulsada de Esquerda Unida (EU) y oficialmente diputada del Grupo Mixto tras haberlo solicitado as\u00ed, perfila la estrategia pol\u00edtica que seguir\u00e1 sin esa &quot;presi\u00f3n insoportable&quot; que por su &quot;salud mental y dignidad&quot; ya no soportaba y despu\u00e9s del fracaso de\" \/>\n\t\t<meta name=\"twitter:label1\" content=\"Escrito por\" \/>\n\t\t<meta name=\"twitter:data1\" content=\"El Digital de Asturias\" \/>\n\t\t<meta name=\"twitter:label2\" content=\"Tiempo de lectura estimado\" \/>\n\t\t<meta name=\"twitter:data2\" content=\"3 minutos\" \/>\n\t\t<script type=\"application\/ld+json\" class=\"aioseo-schema\">\n\t\t\t{\"@context\":\"https:\\\/\\\/schema.org\",\"@graph\":[{\"@type\":\"BlogPosting\",\"@id\":\"https:\\\/\\\/www.eldigitaldeasturias.com\\\/noticias\\\/iglesias-diputada-del-grupo-mixto-dice-que-hubo-un-pacto-con-beiras-que-no-funciono\\\/#blogposting\",\"name\":\"Iglesias, diputada del Grupo Mixto, dice que hubo un pacto con Beiras que no funcion\\u00f3 - El Digital de Asturias\",\"headline\":\"Iglesias, diputada del Grupo Mixto, dice que hubo un pacto con Beiras que no funcion\\u00f3\",\"author\":{\"@id\":\"https:\\\/\\\/www.eldigitaldeasturias.com\\\/noticias\\\/author\\\/admin\\\/#author\"},\"publisher\":{\"@id\":\"https:\\\/\\\/www.eldigitaldeasturias.com\\\/noticias\\\/#organization\"},\"image\":{\"@type\":\"ImageObject\",\"url\":485058},\"datePublished\":\"2014-02-06T19:15:19+01:00\",\"dateModified\":\"2014-02-06T19:15:19+01:00\",\"inLanguage\":\"es-ES\",\"mainEntityOfPage\":{\"@id\":\"https:\\\/\\\/www.eldigitaldeasturias.com\\\/noticias\\\/iglesias-diputada-del-grupo-mixto-dice-que-hubo-un-pacto-con-beiras-que-no-funciono\\\/#webpage\"},\"isPartOf\":{\"@id\":\"https:\\\/\\\/www.eldigitaldeasturias.com\\\/noticias\\\/iglesias-diputada-del-grupo-mixto-dice-que-hubo-un-pacto-con-beiras-que-no-funciono\\\/#webpage\"},\"articleSection\":\"Actualidad\"},{\"@type\":\"BreadcrumbList\",\"@id\":\"https:\\\/\\\/www.eldigitaldeasturias.com\\\/noticias\\\/iglesias-diputada-del-grupo-mixto-dice-que-hubo-un-pacto-con-beiras-que-no-funciono\\\/#breadcrumblist\",\"itemListElement\":[{\"@type\":\"ListItem\",\"@id\":\"https:\\\/\\\/www.eldigitaldeasturias.com\\\/noticias#listItem\",\"position\":1,\"name\":\"Home\",\"item\":\"https:\\\/\\\/www.eldigitaldeasturias.com\\\/noticias\",\"nextItem\":{\"@type\":\"ListItem\",\"@id\":\"https:\\\/\\\/www.eldigitaldeasturias.com\\\/noticias\\\/category\\\/actualidad\\\/#listItem\",\"name\":\"Actualidad\"}},{\"@type\":\"ListItem\",\"@id\":\"https:\\\/\\\/www.eldigitaldeasturias.com\\\/noticias\\\/category\\\/actualidad\\\/#listItem\",\"position\":2,\"name\":\"Actualidad\",\"item\":\"https:\\\/\\\/www.eldigitaldeasturias.com\\\/noticias\\\/category\\\/actualidad\\\/\",\"nextItem\":{\"@type\":\"ListItem\",\"@id\":\"https:\\\/\\\/www.eldigitaldeasturias.com\\\/noticias\\\/iglesias-diputada-del-grupo-mixto-dice-que-hubo-un-pacto-con-beiras-que-no-funciono\\\/#listItem\",\"name\":\"Iglesias, diputada del Grupo Mixto, dice que hubo un pacto con Beiras que no funcion\\u00f3\"},\"previousItem\":{\"@type\":\"ListItem\",\"@id\":\"https:\\\/\\\/www.eldigitaldeasturias.com\\\/noticias#listItem\",\"name\":\"Home\"}},{\"@type\":\"ListItem\",\"@id\":\"https:\\\/\\\/www.eldigitaldeasturias.com\\\/noticias\\\/iglesias-diputada-del-grupo-mixto-dice-que-hubo-un-pacto-con-beiras-que-no-funciono\\\/#listItem\",\"position\":3,\"name\":\"Iglesias, diputada del Grupo Mixto, dice que hubo un pacto con Beiras que no funcion\\u00f3\",\"previousItem\":{\"@type\":\"ListItem\",\"@id\":\"https:\\\/\\\/www.eldigitaldeasturias.com\\\/noticias\\\/category\\\/actualidad\\\/#listItem\",\"name\":\"Actualidad\"}}]},{\"@type\":\"Organization\",\"@id\":\"https:\\\/\\\/www.eldigitaldeasturias.com\\\/noticias\\\/#organization\",\"name\":\"El Digital de Asturias\",\"description\":\"Hemeroteca\",\"url\":\"https:\\\/\\\/www.eldigitaldeasturias.com\\\/noticias\\\/\",\"email\":\"info@eldigitaldeasturias.com\",\"telephone\":\"+34652131393\",\"logo\":{\"@type\":\"ImageObject\",\"url\":\"https:\\\/\\\/www.eldigitaldeasturias.com\\\/noticias\\\/wp-content\\\/uploads\\\/2020\\\/12\\\/EDA.jpg\",\"@id\":\"https:\\\/\\\/www.eldigitaldeasturias.com\\\/noticias\\\/iglesias-diputada-del-grupo-mixto-dice-que-hubo-un-pacto-con-beiras-que-no-funciono\\\/#organizationLogo\"},\"image\":{\"@id\":\"https:\\\/\\\/www.eldigitaldeasturias.com\\\/noticias\\\/iglesias-diputada-del-grupo-mixto-dice-que-hubo-un-pacto-con-beiras-que-no-funciono\\\/#organizationLogo\"},\"sameAs\":[\"https:\\\/\\\/facebook.com\\\/eldigitaldeasturias\",\"https:\\\/\\\/www.youtube.com\\\/channel\\\/UCZP-2wLEB9Rv6erhFmqVnvg\"],\"address\":{\"@id\":\"https:\\\/\\\/www.eldigitaldeasturias.com\\\/noticias\\\/#postaladdress\",\"@type\":\"PostalAddress\",\"streetAddress\":\"san antonio 4\",\"postalCode\":\"33430\",\"addressLocality\":\"Cand\\u00e1s\",\"addressRegion\":\"Asturias\",\"addressCountry\":\"ES\"}},{\"@type\":\"Person\",\"@id\":\"https:\\\/\\\/www.eldigitaldeasturias.com\\\/noticias\\\/author\\\/admin\\\/#author\",\"url\":\"https:\\\/\\\/www.eldigitaldeasturias.com\\\/noticias\\\/author\\\/admin\\\/\",\"name\":\"El Digital de Asturias\",\"image\":{\"@type\":\"ImageObject\",\"@id\":\"https:\\\/\\\/www.eldigitaldeasturias.com\\\/noticias\\\/iglesias-diputada-del-grupo-mixto-dice-que-hubo-un-pacto-con-beiras-que-no-funciono\\\/#authorImage\",\"url\":\"https:\\\/\\\/secure.gravatar.com\\\/avatar\\\/df2aeffc32bcd13f8d26072ef8a91b623d677766deac7f97ca815868cd41bf5e?s=96&d=mm&r=g\",\"width\":96,\"height\":96,\"caption\":\"El Digital de Asturias\"}},{\"@type\":\"WebPage\",\"@id\":\"https:\\\/\\\/www.eldigitaldeasturias.com\\\/noticias\\\/iglesias-diputada-del-grupo-mixto-dice-que-hubo-un-pacto-con-beiras-que-no-funciono\\\/#webpage\",\"url\":\"https:\\\/\\\/www.eldigitaldeasturias.com\\\/noticias\\\/iglesias-diputada-del-grupo-mixto-dice-que-hubo-un-pacto-con-beiras-que-no-funciono\\\/\",\"name\":\"Iglesias, diputada del Grupo Mixto, dice que hubo un pacto con Beiras que no funcion\\u00f3 - El Digital de Asturias\",\"description\":\"Ourense, 6 feb (EFE).- Desde la tranquilidad de su residencia habitual, en Ourense, Carmen Iglesias, expulsada de Esquerda Unida (EU) y oficialmente diputada del Grupo Mixto tras haberlo solicitado as\\u00ed, perfila la estrategia pol\\u00edtica que seguir\\u00e1 sin esa \\\"presi\\u00f3n insoportable\\\" que por su \\\"salud mental y dignidad\\\" ya no soportaba y despu\\u00e9s del fracaso de\",\"inLanguage\":\"es-ES\",\"isPartOf\":{\"@id\":\"https:\\\/\\\/www.eldigitaldeasturias.com\\\/noticias\\\/#website\"},\"breadcrumb\":{\"@id\":\"https:\\\/\\\/www.eldigitaldeasturias.com\\\/noticias\\\/iglesias-diputada-del-grupo-mixto-dice-que-hubo-un-pacto-con-beiras-que-no-funciono\\\/#breadcrumblist\"},\"author\":{\"@id\":\"https:\\\/\\\/www.eldigitaldeasturias.com\\\/noticias\\\/author\\\/admin\\\/#author\"},\"creator\":{\"@id\":\"https:\\\/\\\/www.eldigitaldeasturias.com\\\/noticias\\\/author\\\/admin\\\/#author\"},\"image\":{\"@type\":\"ImageObject\",\"url\":485058,\"@id\":\"https:\\\/\\\/www.eldigitaldeasturias.com\\\/noticias\\\/iglesias-diputada-del-grupo-mixto-dice-que-hubo-un-pacto-con-beiras-que-no-funciono\\\/#mainImage\"},\"primaryImageOfPage\":{\"@id\":\"https:\\\/\\\/www.eldigitaldeasturias.com\\\/noticias\\\/iglesias-diputada-del-grupo-mixto-dice-que-hubo-un-pacto-con-beiras-que-no-funciono\\\/#mainImage\"},\"datePublished\":\"2014-02-06T19:15:19+01:00\",\"dateModified\":\"2014-02-06T19:15:19+01:00\"},{\"@type\":\"WebSite\",\"@id\":\"https:\\\/\\\/www.eldigitaldeasturias.com\\\/noticias\\\/#website\",\"url\":\"https:\\\/\\\/www.eldigitaldeasturias.com\\\/noticias\\\/\",\"name\":\"El Digital de Asturias - Diario de actualidad y noticias\",\"alternateName\":\"El Digital de Asturias - Diario de actualidad y noticias\",\"description\":\"Hemeroteca\",\"inLanguage\":\"es-ES\",\"publisher\":{\"@id\":\"https:\\\/\\\/www.eldigitaldeasturias.com\\\/noticias\\\/#organization\"}}]}\n\t\t<\/script>\n\t\t<!-- All in One SEO Pro -->\r\n\t\t<title>Iglesias, diputada del Grupo Mixto, dice que hubo un pacto con Beiras que no funcion\u00f3 - El Digital de Asturias<\/title>\n\n","aioseo_head_json":{"title":"Iglesias, diputada del Grupo Mixto, dice que hubo un pacto con Beiras que no funcion\u00f3 - El Digital de Asturias","description":"Ourense, 6 feb (EFE).- Desde la tranquilidad de su residencia habitual, en Ourense, Carmen Iglesias, expulsada de Esquerda Unida (EU) y oficialmente diputada del Grupo Mixto tras haberlo solicitado as\u00ed, perfila la estrategia pol\u00edtica que seguir\u00e1 sin esa \"presi\u00f3n insoportable\" que por su \"salud mental y dignidad\" ya no soportaba y despu\u00e9s del fracaso de","canonical_url":"https:\/\/www.eldigitaldeasturias.com\/noticias\/iglesias-diputada-del-grupo-mixto-dice-que-hubo-un-pacto-con-beiras-que-no-funciono\/","robots":"max-image-preview:large","keywords":"actualidad","webmasterTools":{"google-site-verification":"UA-38556648-1","msvalidate.01":"7dfe9f3f1b24437ab69f4f2559babe99","miscellaneous":""},"schema":{"@context":"https:\/\/schema.org","@graph":[{"@type":"BlogPosting","@id":"https:\/\/www.eldigitaldeasturias.com\/noticias\/iglesias-diputada-del-grupo-mixto-dice-que-hubo-un-pacto-con-beiras-que-no-funciono\/#blogposting","name":"Iglesias, diputada del Grupo Mixto, dice que hubo un pacto con Beiras que no funcion\u00f3 - El Digital de Asturias","headline":"Iglesias, diputada del Grupo Mixto, dice que hubo un pacto con Beiras que no funcion\u00f3","author":{"@id":"https:\/\/www.eldigitaldeasturias.com\/noticias\/author\/admin\/#author"},"publisher":{"@id":"https:\/\/www.eldigitaldeasturias.com\/noticias\/#organization"},"image":{"@type":"ImageObject","url":485058},"datePublished":"2014-02-06T19:15:19+01:00","dateModified":"2014-02-06T19:15:19+01:00","inLanguage":"es-ES","mainEntityOfPage":{"@id":"https:\/\/www.eldigitaldeasturias.com\/noticias\/iglesias-diputada-del-grupo-mixto-dice-que-hubo-un-pacto-con-beiras-que-no-funciono\/#webpage"},"isPartOf":{"@id":"https:\/\/www.eldigitaldeasturias.com\/noticias\/iglesias-diputada-del-grupo-mixto-dice-que-hubo-un-pacto-con-beiras-que-no-funciono\/#webpage"},"articleSection":"Actualidad"},{"@type":"BreadcrumbList","@id":"https:\/\/www.eldigitaldeasturias.com\/noticias\/iglesias-diputada-del-grupo-mixto-dice-que-hubo-un-pacto-con-beiras-que-no-funciono\/#breadcrumblist","itemListElement":[{"@type":"ListItem","@id":"https:\/\/www.eldigitaldeasturias.com\/noticias#listItem","position":1,"name":"Home","item":"https:\/\/www.eldigitaldeasturias.com\/noticias","nextItem":{"@type":"ListItem","@id":"https:\/\/www.eldigitaldeasturias.com\/noticias\/category\/actualidad\/#listItem","name":"Actualidad"}},{"@type":"ListItem","@id":"https:\/\/www.eldigitaldeasturias.com\/noticias\/category\/actualidad\/#listItem","position":2,"name":"Actualidad","item":"https:\/\/www.eldigitaldeasturias.com\/noticias\/category\/actualidad\/","nextItem":{"@type":"ListItem","@id":"https:\/\/www.eldigitaldeasturias.com\/noticias\/iglesias-diputada-del-grupo-mixto-dice-que-hubo-un-pacto-con-beiras-que-no-funciono\/#listItem","name":"Iglesias, diputada del Grupo Mixto, dice que hubo un pacto con Beiras que no funcion\u00f3"},"previousItem":{"@type":"ListItem","@id":"https:\/\/www.eldigitaldeasturias.com\/noticias#listItem","name":"Home"}},{"@type":"ListItem","@id":"https:\/\/www.eldigitaldeasturias.com\/noticias\/iglesias-diputada-del-grupo-mixto-dice-que-hubo-un-pacto-con-beiras-que-no-funciono\/#listItem","position":3,"name":"Iglesias, diputada del Grupo Mixto, dice que hubo un pacto con Beiras que no funcion\u00f3","previousItem":{"@type":"ListItem","@id":"https:\/\/www.eldigitaldeasturias.com\/noticias\/category\/actualidad\/#listItem","name":"Actualidad"}}]},{"@type":"Organization","@id":"https:\/\/www.eldigitaldeasturias.com\/noticias\/#organization","name":"El Digital de Asturias","description":"Hemeroteca","url":"https:\/\/www.eldigitaldeasturias.com\/noticias\/","email":"info@eldigitaldeasturias.com","telephone":"+34652131393","logo":{"@type":"ImageObject","url":"https:\/\/www.eldigitaldeasturias.com\/noticias\/wp-content\/uploads\/2020\/12\/EDA.jpg","@id":"https:\/\/www.eldigitaldeasturias.com\/noticias\/iglesias-diputada-del-grupo-mixto-dice-que-hubo-un-pacto-con-beiras-que-no-funciono\/#organizationLogo"},"image":{"@id":"https:\/\/www.eldigitaldeasturias.com\/noticias\/iglesias-diputada-del-grupo-mixto-dice-que-hubo-un-pacto-con-beiras-que-no-funciono\/#organizationLogo"},"sameAs":["https:\/\/facebook.com\/eldigitaldeasturias","https:\/\/www.youtube.com\/channel\/UCZP-2wLEB9Rv6erhFmqVnvg"],"address":{"@id":"https:\/\/www.eldigitaldeasturias.com\/noticias\/#postaladdress","@type":"PostalAddress","streetAddress":"san antonio 4","postalCode":"33430","addressLocality":"Cand\u00e1s","addressRegion":"Asturias","addressCountry":"ES"}},{"@type":"Person","@id":"https:\/\/www.eldigitaldeasturias.com\/noticias\/author\/admin\/#author","url":"https:\/\/www.eldigitaldeasturias.com\/noticias\/author\/admin\/","name":"El Digital de Asturias","image":{"@type":"ImageObject","@id":"https:\/\/www.eldigitaldeasturias.com\/noticias\/iglesias-diputada-del-grupo-mixto-dice-que-hubo-un-pacto-con-beiras-que-no-funciono\/#authorImage","url":"https:\/\/secure.gravatar.com\/avatar\/df2aeffc32bcd13f8d26072ef8a91b623d677766deac7f97ca815868cd41bf5e?s=96&d=mm&r=g","width":96,"height":96,"caption":"El Digital de Asturias"}},{"@type":"WebPage","@id":"https:\/\/www.eldigitaldeasturias.com\/noticias\/iglesias-diputada-del-grupo-mixto-dice-que-hubo-un-pacto-con-beiras-que-no-funciono\/#webpage","url":"https:\/\/www.eldigitaldeasturias.com\/noticias\/iglesias-diputada-del-grupo-mixto-dice-que-hubo-un-pacto-con-beiras-que-no-funciono\/","name":"Iglesias, diputada del Grupo Mixto, dice que hubo un pacto con Beiras que no funcion\u00f3 - El Digital de Asturias","description":"Ourense, 6 feb (EFE).- Desde la tranquilidad de su residencia habitual, en Ourense, Carmen Iglesias, expulsada de Esquerda Unida (EU) y oficialmente diputada del Grupo Mixto tras haberlo solicitado as\u00ed, perfila la estrategia pol\u00edtica que seguir\u00e1 sin esa \"presi\u00f3n insoportable\" que por su \"salud mental y dignidad\" ya no soportaba y despu\u00e9s del fracaso de","inLanguage":"es-ES","isPartOf":{"@id":"https:\/\/www.eldigitaldeasturias.com\/noticias\/#website"},"breadcrumb":{"@id":"https:\/\/www.eldigitaldeasturias.com\/noticias\/iglesias-diputada-del-grupo-mixto-dice-que-hubo-un-pacto-con-beiras-que-no-funciono\/#breadcrumblist"},"author":{"@id":"https:\/\/www.eldigitaldeasturias.com\/noticias\/author\/admin\/#author"},"creator":{"@id":"https:\/\/www.eldigitaldeasturias.com\/noticias\/author\/admin\/#author"},"image":{"@type":"ImageObject","url":485058,"@id":"https:\/\/www.eldigitaldeasturias.com\/noticias\/iglesias-diputada-del-grupo-mixto-dice-que-hubo-un-pacto-con-beiras-que-no-funciono\/#mainImage"},"primaryImageOfPage":{"@id":"https:\/\/www.eldigitaldeasturias.com\/noticias\/iglesias-diputada-del-grupo-mixto-dice-que-hubo-un-pacto-con-beiras-que-no-funciono\/#mainImage"},"datePublished":"2014-02-06T19:15:19+01:00","dateModified":"2014-02-06T19:15:19+01:00"},{"@type":"WebSite","@id":"https:\/\/www.eldigitaldeasturias.com\/noticias\/#website","url":"https:\/\/www.eldigitaldeasturias.com\/noticias\/","name":"El Digital de Asturias - Diario de actualidad y noticias","alternateName":"El Digital de Asturias - Diario de actualidad y noticias","description":"Hemeroteca","inLanguage":"es-ES","publisher":{"@id":"https:\/\/www.eldigitaldeasturias.com\/noticias\/#organization"}}]},"og:locale":"es_ES","og:site_name":"El Digital de Asturias","og:type":"article","og:title":"Iglesias, diputada del Grupo Mixto, dice que hubo un pacto con Beiras que no funcion\u00f3 - El Digital de Asturias","og:description":"Ourense, 6 feb (EFE).- Desde la tranquilidad de su residencia habitual, en Ourense, Carmen Iglesias, expulsada de Esquerda Unida (EU) y oficialmente diputada del Grupo Mixto tras haberlo solicitado as\u00ed, perfila la estrategia pol\u00edtica que seguir\u00e1 sin esa &quot;presi\u00f3n insoportable&quot; que por su &quot;salud mental y dignidad&quot; ya no soportaba y despu\u00e9s del fracaso de","og:url":"https:\/\/www.eldigitaldeasturias.com\/noticias\/iglesias-diputada-del-grupo-mixto-dice-que-hubo-un-pacto-con-beiras-que-no-funciono\/","article:tag":["actualidad"],"article:published_time":"2014-02-06T20:15:19+00:00","article:modified_time":"2014-02-06T20:15:19+00:00","article:publisher":"https:\/\/facebook.com\/eldigitaldeasturias","twitter:card":"summary_large_image","twitter:title":"Iglesias, diputada del Grupo Mixto, dice que hubo un pacto con Beiras que no funcion\u00f3 - El Digital de Asturias","twitter:description":"Ourense, 6 feb (EFE).- Desde la tranquilidad de su residencia habitual, en Ourense, Carmen Iglesias, expulsada de Esquerda Unida (EU) y oficialmente diputada del Grupo Mixto tras haberlo solicitado as\u00ed, perfila la estrategia pol\u00edtica que seguir\u00e1 sin esa &quot;presi\u00f3n insoportable&quot; que por su &quot;salud mental y dignidad&quot; ya no soportaba y despu\u00e9s del fracaso de","twitter:label1":"Escrito por","twitter:data1":"El Digital de Asturias","twitter:label2":"Tiempo de lectura estimado","twitter:data2":"3 minutos"},"aioseo_meta_data":{"post_id":"485057","title":null,"description":null,"keywords":null,"keyphrases":null,"primary_term":null,"canonical_url":null,"og_title":null,"og_description":null,"og_object_type":"default","og_image_type":"default","og_image_url":null,"og_image_width":null,"og_image_height":null,"og_image_custom_url":null,"og_image_custom_fields":null,"og_video":null,"og_custom_url":null,"og_article_section":null,"og_article_tags":null,"twitter_use_og":true,"twitter_card":"default","twitter_image_type":"default","twitter_image_url":null,"twitter_image_custom_url":null,"twitter_image_custom_fields":null,"twitter_title":null,"twitter_description":null,"schema":{"blockGraphs":[],"customGraphs":[],"default":{"data":{"Article":[],"Course":[],"Dataset":[],"FAQPage":[],"Movie":[],"Person":[],"Product":[],"ProductReview":[],"Car":[],"Recipe":[],"Service":[],"SoftwareApplication":[],"WebPage":[]},"graphName":"","isEnabled":true},"graphs":[],"defaultGraph":"","defaultPostTypeGraph":""},"schema_type":null,"schema_type_options":null,"pillar_content":false,"robots_default":true,"robots_noindex":false,"robots_noarchive":false,"robots_nosnippet":false,"robots_nofollow":false,"robots_noimageindex":false,"robots_noodp":false,"robots_notranslate":false,"robots_max_snippet":null,"robots_max_videopreview":null,"robots_max_imagepreview":"none","priority":null,"frequency":null,"local_seo":null,"seo_analyzer_scan_date":"2026-06-02 18:32:51","breadcrumb_settings":null,"limit_modified_date":false,"open_ai":null,"ai":null,"created":"2020-11-14 22:55:11","updated":"2026-06-02 18:32:51","focus_keyword":null,"additional_keywords":null,"truseo_locale":null},"aioseo_breadcrumb":"<div class=\"aioseo-breadcrumbs\"><span class=\"aioseo-breadcrumb\">\n\t<a href=\"https:\/\/www.eldigitaldeasturias.com\/noticias\" title=\"Home\">Home<\/a>\n<\/span><span class=\"aioseo-breadcrumb-separator\">\u2013<\/span><span class=\"aioseo-breadcrumb\">\n\t<a href=\"https:\/\/www.eldigitaldeasturias.com\/noticias\/category\/actualidad\/\" title=\"Actualidad\">Actualidad<\/a>\n<\/span><span class=\"aioseo-breadcrumb-separator\">\u2013<\/span><span class=\"aioseo-breadcrumb\">\n\t<a href=\"https:\/\/www.eldigitaldeasturias.com\/noticias\/iglesias-diputada-del-grupo-mixto-dice-que-hubo-un-pacto-con-beiras-que-no-funciono\/\" title=\"Iglesias, diputada del Grupo Mixto, dice que hubo un pacto con Beiras que no funcion\u00f3\">Iglesias, diputada del Grupo Mixto, dice que hubo un pacto con Beiras que no funcion\u00f3<\/a>\n<\/span><\/div>","aioseo_breadcrumb_json":[{"label":"Home","link":"https:\/\/www.eldigitaldeasturias.com\/noticias"},{"label":"Actualidad","link":"https:\/\/www.eldigitaldeasturias.com\/noticias\/category\/actualidad\/"},{"label":"Iglesias, diputada del Grupo Mixto, dice que hubo un pacto con Beiras que no funcion\u00f3","link":"https:\/\/www.eldigitaldeasturias.com\/noticias\/iglesias-diputada-del-grupo-mixto-dice-que-hubo-un-pacto-con-beiras-que-no-funciono\/"}],"_links":{"self":[{"href":"https:\/\/www.eldigitaldeasturias.com\/noticias\/wp-json\/wp\/v2\/posts\/485057","targetHints":{"allow":["GET"]}}],"collection":[{"href":"https:\/\/www.eldigitaldeasturias.com\/noticias\/wp-json\/wp\/v2\/posts"}],"about":[{"href":"https:\/\/www.eldigitaldeasturias.com\/noticias\/wp-json\/wp\/v2\/types\/post"}],"author":[{"embeddable":true,"href":"https:\/\/www.eldigitaldeasturias.com\/noticias\/wp-json\/wp\/v2\/users\/1"}],"replies":[{"embeddable":true,"href":"https:\/\/www.eldigitaldeasturias.com\/noticias\/wp-json\/wp\/v2\/comments?post=485057"}],"version-history":[{"count":0,"href":"https:\/\/www.eldigitaldeasturias.com\/noticias\/wp-json\/wp\/v2\/posts\/485057\/revisions"}],"wp:attachment":[{"href":"https:\/\/www.eldigitaldeasturias.com\/noticias\/wp-json\/wp\/v2\/media?parent=485057"}],"wp:term":[{"taxonomy":"category","embeddable":true,"href":"https:\/\/www.eldigitaldeasturias.com\/noticias\/wp-json\/wp\/v2\/categories?post=485057"},{"taxonomy":"post_tag","embeddable":true,"href":"https:\/\/www.eldigitaldeasturias.com\/noticias\/wp-json\/wp\/v2\/tags?post=485057"}],"curies":[{"name":"wp","href":"https:\/\/api.w.org\/{rel}","templated":true}]}}