{"id":485043,"date":"2014-02-06T18:12:04","date_gmt":"2014-02-06T19:12:04","guid":{"rendered":"http:\/\/www.eldigitaldeasturias.com\/noticias\/?p=485043"},"modified":"2014-02-06T18:12:17","modified_gmt":"2014-02-06T19:12:17","slug":"eh-bildu-muestra-en-el-parlamento-vasco-carteles-en-contra-de-la-dispersion","status":"publish","type":"post","link":"https:\/\/www.eldigitaldeasturias.com\/noticias\/eh-bildu-muestra-en-el-parlamento-vasco-carteles-en-contra-de-la-dispersion\/","title":{"rendered":"EH Bildu muestra en el Parlamento Vasco carteles en contra de la dispersi\u00f3n"},"content":{"rendered":"<p><img loading=\"lazy\" decoding=\"async\" class=\"alignleft size-medium wp-image-485044\" alt=\"5915675w\" src=\"https:\/\/www.eldigitaldeasturias.com\/noticias\/wp-content\/uploads\/2014\/02\/5915675w-360x239.jpg\" width=\"360\" height=\"239\" \/>Vitoria, 6 feb (EFE).- Los parlamentarios de EH Bildu han mostrado hoy en la C\u00e1mara vasca carteles en contra de la dispersi\u00f3n de presos de ETA para denunciar la muerte ayer en la c\u00e1rcel de Puerto I de C\u00e1diz del recluso Arkaitz Bell\u00f3n, al parecer por causas naturales.<\/p>\n<p>El Parlamento Vasco celebra hoy un pleno ordinario, el primero tras el par\u00f3n navide\u00f1o, y al inicio de la sesi\u00f3n los 21 representantes de la coalici\u00f3n soberanista han mostrado carteles en los que se pod\u00eda leer en euskera \u00abLa pol\u00edtica penitenciaria mata. No a la dispersi\u00f3n\u00bb.<\/p>\n<p>Tras mostrar los carteles durante algunos instantes, los parlamentarios de EH Bildu los han retirado y el pleno se ha iniciado con normalidad con el primero punto del orden del d\u00eda.<\/p>\n<p>La muerte de Bell\u00f3n ha suscitado en las \u00faltimas horas una serie de reacciones en las redes sociales de representantes de la izquierda abertzale.<\/p>\n<p>As\u00ed, en la cuenta de Twitter a nombre de Arnaldo Otegi se ha trasmitido un \u00ababrazo sentido\u00bb a la familia del fallecido y a sus amigos, algo que tambi\u00e9n ha hecho Pernando Barrena en nombre de Sortu. Barrena tambi\u00e9n ha aprovechado esta red social para calificar de \u00abcriminal\u00bb la pol\u00edtica penitenciaria.<\/p>\n<p>El colectivo de presos de ETA (EPPK por sus siglas en euskera) tambi\u00e9n ha difundido en esta misma red social un mensaje en el que despide con \u00abhonor\u00bb a Bell\u00f3n (\u00abAgur eta ohore, Arkaitz!\u00bb) e incluye una foto del joven.<\/p>\n<p>La dirigente de EH Bildu, Laura Mintegi, ha retuiteado en su cuenta un mensaje de apoyo a la familia y amigos del fallecido que hace extensible a los familiares del resto de presos de ETA.<\/p>\n<p>Este mediod\u00eda est\u00e1 previsto que diversos agentes pol\u00edticos, sindicales y sociales comparezcan en rueda de prensa en Bilbao para denunciar la pol\u00edtica penitenciaria y anunciar movilizaciones tras esta muerte.<\/p>\n<p>Arkaitz Bell\u00f3n, que fue encontrado muerto ayer, ten\u00eda 36 a\u00f1os y cumpl\u00eda una condena de trece por delitos de atentado, dep\u00f3sito de armas, coacciones y da\u00f1os por violencia callejera durante la Semana Grande de San Sebasti\u00e1n en el a\u00f1o 2000.<\/p>\n","protected":false},"excerpt":{"rendered":"<p>Vitoria, 6 feb (EFE).- Los parlamentarios de EH Bildu han mostrado hoy en la C\u00e1mara vasca carteles en contra de la dispersi\u00f3n de presos de ETA para denunciar la muerte ayer en la c\u00e1rcel de Puerto I de C\u00e1diz del recluso Arkaitz Bell\u00f3n, al parecer por causas naturales. El Parlamento Vasco celebra hoy un pleno [&hellip;]<\/p>\n","protected":false},"author":1,"featured_media":485044,"comment_status":"closed","ping_status":"open","sticky":false,"template":"","format":"standard","meta":{"footnotes":""},"categories":[1],"tags":[],"class_list":["post-485043","post","type-post","status-publish","format-standard","has-post-thumbnail","hentry","category-actualidad"],"aioseo_notices":[],"aioseo_head":"\n\t\t<!-- All in One SEO Pro 5.0.1 - aioseo.com -->\n\t<meta name=\"description\" content=\"Vitoria, 6 feb (EFE).- Los parlamentarios de EH Bildu han mostrado hoy en la C\u00e1mara vasca carteles en contra de la dispersi\u00f3n de presos de ETA para denunciar la muerte ayer en la c\u00e1rcel de Puerto I de C\u00e1diz del recluso Arkaitz Bell\u00f3n, al parecer por causas naturales. El Parlamento Vasco celebra hoy un pleno\" \/>\n\t<meta name=\"robots\" content=\"max-image-preview:large\" \/>\n\t<meta name=\"author\" content=\"El Digital de Asturias\"\/>\n\t<meta name=\"google-site-verification\" content=\"UA-38556648-1\" \/>\n\t<meta name=\"msvalidate.01\" content=\"7dfe9f3f1b24437ab69f4f2559babe99\" \/>\n\t<meta name=\"keywords\" content=\"actualidad\" \/>\n\t<link rel=\"canonical\" href=\"https:\/\/www.eldigitaldeasturias.com\/noticias\/eh-bildu-muestra-en-el-parlamento-vasco-carteles-en-contra-de-la-dispersion\/\" \/>\n\t<meta name=\"generator\" content=\"All in One SEO Pro (AIOSEO) 5.0.1\" \/>\n\t\t<meta property=\"og:locale\" content=\"es_ES\" \/>\n\t\t<meta property=\"og:site_name\" content=\"El Digital de Asturias\" \/>\n\t\t<meta property=\"og:type\" content=\"article\" \/>\n\t\t<meta property=\"og:title\" content=\"EH Bildu muestra en el Parlamento Vasco carteles en contra de la dispersi\u00f3n - El Digital de Asturias\" \/>\n\t\t<meta property=\"og:description\" content=\"Vitoria, 6 feb (EFE).- Los parlamentarios de EH Bildu han mostrado hoy en la C\u00e1mara vasca carteles en contra de la dispersi\u00f3n de presos de ETA para denunciar la muerte ayer en la c\u00e1rcel de Puerto I de C\u00e1diz del recluso Arkaitz Bell\u00f3n, al parecer por causas naturales. El Parlamento Vasco celebra hoy un pleno\" \/>\n\t\t<meta property=\"og:url\" content=\"https:\/\/www.eldigitaldeasturias.com\/noticias\/eh-bildu-muestra-en-el-parlamento-vasco-carteles-en-contra-de-la-dispersion\/\" \/>\n\t\t<meta property=\"article:tag\" content=\"actualidad\" \/>\n\t\t<meta property=\"article:published_time\" content=\"2014-02-06T19:12:04+00:00\" \/>\n\t\t<meta property=\"article:modified_time\" content=\"2014-02-06T19:12:17+00:00\" \/>\n\t\t<meta property=\"article:publisher\" content=\"https:\/\/facebook.com\/eldigitaldeasturias\" \/>\n\t\t<meta name=\"twitter:card\" content=\"summary_large_image\" \/>\n\t\t<meta name=\"twitter:title\" content=\"EH Bildu muestra en el Parlamento Vasco carteles en contra de la dispersi\u00f3n - El Digital de Asturias\" \/>\n\t\t<meta name=\"twitter:description\" content=\"Vitoria, 6 feb (EFE).- Los parlamentarios de EH Bildu han mostrado hoy en la C\u00e1mara vasca carteles en contra de la dispersi\u00f3n de presos de ETA para denunciar la muerte ayer en la c\u00e1rcel de Puerto I de C\u00e1diz del recluso Arkaitz Bell\u00f3n, al parecer por causas naturales. El Parlamento Vasco celebra hoy un pleno\" \/>\n\t\t<meta name=\"twitter:label1\" content=\"Escrito por\" \/>\n\t\t<meta name=\"twitter:data1\" content=\"El Digital de Asturias\" \/>\n\t\t<meta name=\"twitter:label2\" content=\"Tiempo de lectura estimado\" \/>\n\t\t<meta name=\"twitter:data2\" content=\"2 minutos\" \/>\n\t\t<script type=\"application\/ld+json\" class=\"aioseo-schema\">\n\t\t\t{\"@context\":\"https:\\\/\\\/schema.org\",\"@graph\":[{\"@type\":\"BlogPosting\",\"@id\":\"https:\\\/\\\/www.eldigitaldeasturias.com\\\/noticias\\\/eh-bildu-muestra-en-el-parlamento-vasco-carteles-en-contra-de-la-dispersion\\\/#blogposting\",\"name\":\"EH Bildu muestra en el Parlamento Vasco carteles en contra de la dispersi\\u00f3n - El Digital de Asturias\",\"headline\":\"EH Bildu muestra en el Parlamento Vasco carteles en contra de la dispersi\\u00f3n\",\"author\":{\"@id\":\"https:\\\/\\\/www.eldigitaldeasturias.com\\\/noticias\\\/author\\\/admin\\\/#author\"},\"publisher\":{\"@id\":\"https:\\\/\\\/www.eldigitaldeasturias.com\\\/noticias\\\/#organization\"},\"image\":{\"@type\":\"ImageObject\",\"url\":485044},\"datePublished\":\"2014-02-06T18:12:04+01:00\",\"dateModified\":\"2014-02-06T18:12:17+01:00\",\"inLanguage\":\"es-ES\",\"mainEntityOfPage\":{\"@id\":\"https:\\\/\\\/www.eldigitaldeasturias.com\\\/noticias\\\/eh-bildu-muestra-en-el-parlamento-vasco-carteles-en-contra-de-la-dispersion\\\/#webpage\"},\"isPartOf\":{\"@id\":\"https:\\\/\\\/www.eldigitaldeasturias.com\\\/noticias\\\/eh-bildu-muestra-en-el-parlamento-vasco-carteles-en-contra-de-la-dispersion\\\/#webpage\"},\"articleSection\":\"Actualidad\"},{\"@type\":\"BreadcrumbList\",\"@id\":\"https:\\\/\\\/www.eldigitaldeasturias.com\\\/noticias\\\/eh-bildu-muestra-en-el-parlamento-vasco-carteles-en-contra-de-la-dispersion\\\/#breadcrumblist\",\"itemListElement\":[{\"@type\":\"ListItem\",\"@id\":\"https:\\\/\\\/www.eldigitaldeasturias.com\\\/noticias#listItem\",\"position\":1,\"name\":\"Home\",\"item\":\"https:\\\/\\\/www.eldigitaldeasturias.com\\\/noticias\",\"nextItem\":{\"@type\":\"ListItem\",\"@id\":\"https:\\\/\\\/www.eldigitaldeasturias.com\\\/noticias\\\/category\\\/actualidad\\\/#listItem\",\"name\":\"Actualidad\"}},{\"@type\":\"ListItem\",\"@id\":\"https:\\\/\\\/www.eldigitaldeasturias.com\\\/noticias\\\/category\\\/actualidad\\\/#listItem\",\"position\":2,\"name\":\"Actualidad\",\"item\":\"https:\\\/\\\/www.eldigitaldeasturias.com\\\/noticias\\\/category\\\/actualidad\\\/\",\"nextItem\":{\"@type\":\"ListItem\",\"@id\":\"https:\\\/\\\/www.eldigitaldeasturias.com\\\/noticias\\\/eh-bildu-muestra-en-el-parlamento-vasco-carteles-en-contra-de-la-dispersion\\\/#listItem\",\"name\":\"EH Bildu muestra en el Parlamento Vasco carteles en contra de la dispersi\\u00f3n\"},\"previousItem\":{\"@type\":\"ListItem\",\"@id\":\"https:\\\/\\\/www.eldigitaldeasturias.com\\\/noticias#listItem\",\"name\":\"Home\"}},{\"@type\":\"ListItem\",\"@id\":\"https:\\\/\\\/www.eldigitaldeasturias.com\\\/noticias\\\/eh-bildu-muestra-en-el-parlamento-vasco-carteles-en-contra-de-la-dispersion\\\/#listItem\",\"position\":3,\"name\":\"EH Bildu muestra en el Parlamento Vasco carteles en contra de la dispersi\\u00f3n\",\"previousItem\":{\"@type\":\"ListItem\",\"@id\":\"https:\\\/\\\/www.eldigitaldeasturias.com\\\/noticias\\\/category\\\/actualidad\\\/#listItem\",\"name\":\"Actualidad\"}}]},{\"@type\":\"Organization\",\"@id\":\"https:\\\/\\\/www.eldigitaldeasturias.com\\\/noticias\\\/#organization\",\"name\":\"El Digital de Asturias\",\"description\":\"Hemeroteca\",\"url\":\"https:\\\/\\\/www.eldigitaldeasturias.com\\\/noticias\\\/\",\"email\":\"info@eldigitaldeasturias.com\",\"telephone\":\"+34652131393\",\"logo\":{\"@type\":\"ImageObject\",\"url\":\"https:\\\/\\\/www.eldigitaldeasturias.com\\\/noticias\\\/wp-content\\\/uploads\\\/2020\\\/12\\\/EDA.jpg\",\"@id\":\"https:\\\/\\\/www.eldigitaldeasturias.com\\\/noticias\\\/eh-bildu-muestra-en-el-parlamento-vasco-carteles-en-contra-de-la-dispersion\\\/#organizationLogo\"},\"image\":{\"@id\":\"https:\\\/\\\/www.eldigitaldeasturias.com\\\/noticias\\\/eh-bildu-muestra-en-el-parlamento-vasco-carteles-en-contra-de-la-dispersion\\\/#organizationLogo\"},\"sameAs\":[\"https:\\\/\\\/facebook.com\\\/eldigitaldeasturias\",\"https:\\\/\\\/www.youtube.com\\\/channel\\\/UCZP-2wLEB9Rv6erhFmqVnvg\"],\"address\":{\"@id\":\"https:\\\/\\\/www.eldigitaldeasturias.com\\\/noticias\\\/#postaladdress\",\"@type\":\"PostalAddress\",\"streetAddress\":\"san antonio 4\",\"postalCode\":\"33430\",\"addressLocality\":\"Cand\\u00e1s\",\"addressRegion\":\"Asturias\",\"addressCountry\":\"ES\"}},{\"@type\":\"Person\",\"@id\":\"https:\\\/\\\/www.eldigitaldeasturias.com\\\/noticias\\\/author\\\/admin\\\/#author\",\"url\":\"https:\\\/\\\/www.eldigitaldeasturias.com\\\/noticias\\\/author\\\/admin\\\/\",\"name\":\"El Digital de Asturias\",\"image\":{\"@type\":\"ImageObject\",\"@id\":\"https:\\\/\\\/www.eldigitaldeasturias.com\\\/noticias\\\/eh-bildu-muestra-en-el-parlamento-vasco-carteles-en-contra-de-la-dispersion\\\/#authorImage\",\"url\":\"https:\\\/\\\/secure.gravatar.com\\\/avatar\\\/df2aeffc32bcd13f8d26072ef8a91b623d677766deac7f97ca815868cd41bf5e?s=96&d=mm&r=g\",\"width\":96,\"height\":96,\"caption\":\"El Digital de Asturias\"}},{\"@type\":\"WebPage\",\"@id\":\"https:\\\/\\\/www.eldigitaldeasturias.com\\\/noticias\\\/eh-bildu-muestra-en-el-parlamento-vasco-carteles-en-contra-de-la-dispersion\\\/#webpage\",\"url\":\"https:\\\/\\\/www.eldigitaldeasturias.com\\\/noticias\\\/eh-bildu-muestra-en-el-parlamento-vasco-carteles-en-contra-de-la-dispersion\\\/\",\"name\":\"EH Bildu muestra en el Parlamento Vasco carteles en contra de la dispersi\\u00f3n - El Digital de Asturias\",\"description\":\"Vitoria, 6 feb (EFE).- Los parlamentarios de EH Bildu han mostrado hoy en la C\\u00e1mara vasca carteles en contra de la dispersi\\u00f3n de presos de ETA para denunciar la muerte ayer en la c\\u00e1rcel de Puerto I de C\\u00e1diz del recluso Arkaitz Bell\\u00f3n, al parecer por causas naturales. El Parlamento Vasco celebra hoy un pleno\",\"inLanguage\":\"es-ES\",\"isPartOf\":{\"@id\":\"https:\\\/\\\/www.eldigitaldeasturias.com\\\/noticias\\\/#website\"},\"breadcrumb\":{\"@id\":\"https:\\\/\\\/www.eldigitaldeasturias.com\\\/noticias\\\/eh-bildu-muestra-en-el-parlamento-vasco-carteles-en-contra-de-la-dispersion\\\/#breadcrumblist\"},\"author\":{\"@id\":\"https:\\\/\\\/www.eldigitaldeasturias.com\\\/noticias\\\/author\\\/admin\\\/#author\"},\"creator\":{\"@id\":\"https:\\\/\\\/www.eldigitaldeasturias.com\\\/noticias\\\/author\\\/admin\\\/#author\"},\"image\":{\"@type\":\"ImageObject\",\"url\":485044,\"@id\":\"https:\\\/\\\/www.eldigitaldeasturias.com\\\/noticias\\\/eh-bildu-muestra-en-el-parlamento-vasco-carteles-en-contra-de-la-dispersion\\\/#mainImage\"},\"primaryImageOfPage\":{\"@id\":\"https:\\\/\\\/www.eldigitaldeasturias.com\\\/noticias\\\/eh-bildu-muestra-en-el-parlamento-vasco-carteles-en-contra-de-la-dispersion\\\/#mainImage\"},\"datePublished\":\"2014-02-06T18:12:04+01:00\",\"dateModified\":\"2014-02-06T18:12:17+01:00\"},{\"@type\":\"WebSite\",\"@id\":\"https:\\\/\\\/www.eldigitaldeasturias.com\\\/noticias\\\/#website\",\"url\":\"https:\\\/\\\/www.eldigitaldeasturias.com\\\/noticias\\\/\",\"name\":\"El Digital de Asturias - Diario de actualidad y noticias\",\"alternateName\":\"El Digital de Asturias - Diario de actualidad y noticias\",\"description\":\"Hemeroteca\",\"inLanguage\":\"es-ES\",\"publisher\":{\"@id\":\"https:\\\/\\\/www.eldigitaldeasturias.com\\\/noticias\\\/#organization\"}}]}\n\t\t<\/script>\n\t\t<!-- All in One SEO Pro -->\r\n\t\t<title>EH Bildu muestra en el Parlamento Vasco carteles en contra de la dispersi\u00f3n - El Digital de Asturias<\/title>\n\n","aioseo_head_json":{"title":"EH Bildu muestra en el Parlamento Vasco carteles en contra de la dispersi\u00f3n - El Digital de Asturias","description":"Vitoria, 6 feb (EFE).- Los parlamentarios de EH Bildu han mostrado hoy en la C\u00e1mara vasca carteles en contra de la dispersi\u00f3n de presos de ETA para denunciar la muerte ayer en la c\u00e1rcel de Puerto I de C\u00e1diz del recluso Arkaitz Bell\u00f3n, al parecer por causas naturales. El Parlamento Vasco celebra hoy un pleno","canonical_url":"https:\/\/www.eldigitaldeasturias.com\/noticias\/eh-bildu-muestra-en-el-parlamento-vasco-carteles-en-contra-de-la-dispersion\/","robots":"max-image-preview:large","keywords":"actualidad","webmasterTools":{"google-site-verification":"UA-38556648-1","msvalidate.01":"7dfe9f3f1b24437ab69f4f2559babe99","miscellaneous":""},"schema":{"@context":"https:\/\/schema.org","@graph":[{"@type":"BlogPosting","@id":"https:\/\/www.eldigitaldeasturias.com\/noticias\/eh-bildu-muestra-en-el-parlamento-vasco-carteles-en-contra-de-la-dispersion\/#blogposting","name":"EH Bildu muestra en el Parlamento Vasco carteles en contra de la dispersi\u00f3n - El Digital de Asturias","headline":"EH Bildu muestra en el Parlamento Vasco carteles en contra de la dispersi\u00f3n","author":{"@id":"https:\/\/www.eldigitaldeasturias.com\/noticias\/author\/admin\/#author"},"publisher":{"@id":"https:\/\/www.eldigitaldeasturias.com\/noticias\/#organization"},"image":{"@type":"ImageObject","url":485044},"datePublished":"2014-02-06T18:12:04+01:00","dateModified":"2014-02-06T18:12:17+01:00","inLanguage":"es-ES","mainEntityOfPage":{"@id":"https:\/\/www.eldigitaldeasturias.com\/noticias\/eh-bildu-muestra-en-el-parlamento-vasco-carteles-en-contra-de-la-dispersion\/#webpage"},"isPartOf":{"@id":"https:\/\/www.eldigitaldeasturias.com\/noticias\/eh-bildu-muestra-en-el-parlamento-vasco-carteles-en-contra-de-la-dispersion\/#webpage"},"articleSection":"Actualidad"},{"@type":"BreadcrumbList","@id":"https:\/\/www.eldigitaldeasturias.com\/noticias\/eh-bildu-muestra-en-el-parlamento-vasco-carteles-en-contra-de-la-dispersion\/#breadcrumblist","itemListElement":[{"@type":"ListItem","@id":"https:\/\/www.eldigitaldeasturias.com\/noticias#listItem","position":1,"name":"Home","item":"https:\/\/www.eldigitaldeasturias.com\/noticias","nextItem":{"@type":"ListItem","@id":"https:\/\/www.eldigitaldeasturias.com\/noticias\/category\/actualidad\/#listItem","name":"Actualidad"}},{"@type":"ListItem","@id":"https:\/\/www.eldigitaldeasturias.com\/noticias\/category\/actualidad\/#listItem","position":2,"name":"Actualidad","item":"https:\/\/www.eldigitaldeasturias.com\/noticias\/category\/actualidad\/","nextItem":{"@type":"ListItem","@id":"https:\/\/www.eldigitaldeasturias.com\/noticias\/eh-bildu-muestra-en-el-parlamento-vasco-carteles-en-contra-de-la-dispersion\/#listItem","name":"EH Bildu muestra en el Parlamento Vasco carteles en contra de la dispersi\u00f3n"},"previousItem":{"@type":"ListItem","@id":"https:\/\/www.eldigitaldeasturias.com\/noticias#listItem","name":"Home"}},{"@type":"ListItem","@id":"https:\/\/www.eldigitaldeasturias.com\/noticias\/eh-bildu-muestra-en-el-parlamento-vasco-carteles-en-contra-de-la-dispersion\/#listItem","position":3,"name":"EH Bildu muestra en el Parlamento Vasco carteles en contra de la dispersi\u00f3n","previousItem":{"@type":"ListItem","@id":"https:\/\/www.eldigitaldeasturias.com\/noticias\/category\/actualidad\/#listItem","name":"Actualidad"}}]},{"@type":"Organization","@id":"https:\/\/www.eldigitaldeasturias.com\/noticias\/#organization","name":"El Digital de Asturias","description":"Hemeroteca","url":"https:\/\/www.eldigitaldeasturias.com\/noticias\/","email":"info@eldigitaldeasturias.com","telephone":"+34652131393","logo":{"@type":"ImageObject","url":"https:\/\/www.eldigitaldeasturias.com\/noticias\/wp-content\/uploads\/2020\/12\/EDA.jpg","@id":"https:\/\/www.eldigitaldeasturias.com\/noticias\/eh-bildu-muestra-en-el-parlamento-vasco-carteles-en-contra-de-la-dispersion\/#organizationLogo"},"image":{"@id":"https:\/\/www.eldigitaldeasturias.com\/noticias\/eh-bildu-muestra-en-el-parlamento-vasco-carteles-en-contra-de-la-dispersion\/#organizationLogo"},"sameAs":["https:\/\/facebook.com\/eldigitaldeasturias","https:\/\/www.youtube.com\/channel\/UCZP-2wLEB9Rv6erhFmqVnvg"],"address":{"@id":"https:\/\/www.eldigitaldeasturias.com\/noticias\/#postaladdress","@type":"PostalAddress","streetAddress":"san antonio 4","postalCode":"33430","addressLocality":"Cand\u00e1s","addressRegion":"Asturias","addressCountry":"ES"}},{"@type":"Person","@id":"https:\/\/www.eldigitaldeasturias.com\/noticias\/author\/admin\/#author","url":"https:\/\/www.eldigitaldeasturias.com\/noticias\/author\/admin\/","name":"El Digital de Asturias","image":{"@type":"ImageObject","@id":"https:\/\/www.eldigitaldeasturias.com\/noticias\/eh-bildu-muestra-en-el-parlamento-vasco-carteles-en-contra-de-la-dispersion\/#authorImage","url":"https:\/\/secure.gravatar.com\/avatar\/df2aeffc32bcd13f8d26072ef8a91b623d677766deac7f97ca815868cd41bf5e?s=96&d=mm&r=g","width":96,"height":96,"caption":"El Digital de Asturias"}},{"@type":"WebPage","@id":"https:\/\/www.eldigitaldeasturias.com\/noticias\/eh-bildu-muestra-en-el-parlamento-vasco-carteles-en-contra-de-la-dispersion\/#webpage","url":"https:\/\/www.eldigitaldeasturias.com\/noticias\/eh-bildu-muestra-en-el-parlamento-vasco-carteles-en-contra-de-la-dispersion\/","name":"EH Bildu muestra en el Parlamento Vasco carteles en contra de la dispersi\u00f3n - El Digital de Asturias","description":"Vitoria, 6 feb (EFE).- Los parlamentarios de EH Bildu han mostrado hoy en la C\u00e1mara vasca carteles en contra de la dispersi\u00f3n de presos de ETA para denunciar la muerte ayer en la c\u00e1rcel de Puerto I de C\u00e1diz del recluso Arkaitz Bell\u00f3n, al parecer por causas naturales. El Parlamento Vasco celebra hoy un pleno","inLanguage":"es-ES","isPartOf":{"@id":"https:\/\/www.eldigitaldeasturias.com\/noticias\/#website"},"breadcrumb":{"@id":"https:\/\/www.eldigitaldeasturias.com\/noticias\/eh-bildu-muestra-en-el-parlamento-vasco-carteles-en-contra-de-la-dispersion\/#breadcrumblist"},"author":{"@id":"https:\/\/www.eldigitaldeasturias.com\/noticias\/author\/admin\/#author"},"creator":{"@id":"https:\/\/www.eldigitaldeasturias.com\/noticias\/author\/admin\/#author"},"image":{"@type":"ImageObject","url":485044,"@id":"https:\/\/www.eldigitaldeasturias.com\/noticias\/eh-bildu-muestra-en-el-parlamento-vasco-carteles-en-contra-de-la-dispersion\/#mainImage"},"primaryImageOfPage":{"@id":"https:\/\/www.eldigitaldeasturias.com\/noticias\/eh-bildu-muestra-en-el-parlamento-vasco-carteles-en-contra-de-la-dispersion\/#mainImage"},"datePublished":"2014-02-06T18:12:04+01:00","dateModified":"2014-02-06T18:12:17+01:00"},{"@type":"WebSite","@id":"https:\/\/www.eldigitaldeasturias.com\/noticias\/#website","url":"https:\/\/www.eldigitaldeasturias.com\/noticias\/","name":"El Digital de Asturias - Diario de actualidad y noticias","alternateName":"El Digital de Asturias - Diario de actualidad y noticias","description":"Hemeroteca","inLanguage":"es-ES","publisher":{"@id":"https:\/\/www.eldigitaldeasturias.com\/noticias\/#organization"}}]},"og:locale":"es_ES","og:site_name":"El Digital de Asturias","og:type":"article","og:title":"EH Bildu muestra en el Parlamento Vasco carteles en contra de la dispersi\u00f3n - El Digital de Asturias","og:description":"Vitoria, 6 feb (EFE).- Los parlamentarios de EH Bildu han mostrado hoy en la C\u00e1mara vasca carteles en contra de la dispersi\u00f3n de presos de ETA para denunciar la muerte ayer en la c\u00e1rcel de Puerto I de C\u00e1diz del recluso Arkaitz Bell\u00f3n, al parecer por causas naturales. El Parlamento Vasco celebra hoy un pleno","og:url":"https:\/\/www.eldigitaldeasturias.com\/noticias\/eh-bildu-muestra-en-el-parlamento-vasco-carteles-en-contra-de-la-dispersion\/","article:tag":["actualidad"],"article:published_time":"2014-02-06T19:12:04+00:00","article:modified_time":"2014-02-06T19:12:17+00:00","article:publisher":"https:\/\/facebook.com\/eldigitaldeasturias","twitter:card":"summary_large_image","twitter:title":"EH Bildu muestra en el Parlamento Vasco carteles en contra de la dispersi\u00f3n - El Digital de Asturias","twitter:description":"Vitoria, 6 feb (EFE).- Los parlamentarios de EH Bildu han mostrado hoy en la C\u00e1mara vasca carteles en contra de la dispersi\u00f3n de presos de ETA para denunciar la muerte ayer en la c\u00e1rcel de Puerto I de C\u00e1diz del recluso Arkaitz Bell\u00f3n, al parecer por causas naturales. El Parlamento Vasco celebra hoy un pleno","twitter:label1":"Escrito por","twitter:data1":"El Digital de Asturias","twitter:label2":"Tiempo de lectura estimado","twitter:data2":"2 minutos"},"aioseo_meta_data":{"post_id":"485043","title":null,"description":null,"keywords":null,"keyphrases":null,"primary_term":null,"canonical_url":null,"og_title":null,"og_description":null,"og_object_type":"default","og_image_type":"default","og_image_url":null,"og_image_width":null,"og_image_height":null,"og_image_custom_url":null,"og_image_custom_fields":null,"og_video":null,"og_custom_url":null,"og_article_section":null,"og_article_tags":null,"twitter_use_og":true,"twitter_card":"default","twitter_image_type":"default","twitter_image_url":null,"twitter_image_custom_url":null,"twitter_image_custom_fields":null,"twitter_title":null,"twitter_description":null,"schema":{"blockGraphs":[],"customGraphs":[],"default":{"data":{"Article":[],"Course":[],"Dataset":[],"FAQPage":[],"Movie":[],"Person":[],"Product":[],"ProductReview":[],"Car":[],"Recipe":[],"Service":[],"SoftwareApplication":[],"WebPage":[]},"graphName":"","isEnabled":true},"graphs":[],"defaultGraph":"","defaultPostTypeGraph":""},"schema_type":null,"schema_type_options":null,"pillar_content":false,"robots_default":true,"robots_noindex":false,"robots_noarchive":false,"robots_nosnippet":false,"robots_nofollow":false,"robots_noimageindex":false,"robots_noodp":false,"robots_notranslate":false,"robots_max_snippet":null,"robots_max_videopreview":null,"robots_max_imagepreview":"none","priority":null,"frequency":null,"local_seo":null,"seo_analyzer_scan_date":"2026-06-02 18:29:47","breadcrumb_settings":null,"limit_modified_date":false,"open_ai":null,"ai":null,"created":"2020-11-14 22:55:08","updated":"2026-06-02 18:29:47","focus_keyword":null,"additional_keywords":null,"truseo_locale":null},"aioseo_breadcrumb":"<div class=\"aioseo-breadcrumbs\"><span class=\"aioseo-breadcrumb\">\n\t<a href=\"https:\/\/www.eldigitaldeasturias.com\/noticias\" title=\"Home\">Home<\/a>\n<\/span><span class=\"aioseo-breadcrumb-separator\">\u2013<\/span><span class=\"aioseo-breadcrumb\">\n\t<a href=\"https:\/\/www.eldigitaldeasturias.com\/noticias\/category\/actualidad\/\" title=\"Actualidad\">Actualidad<\/a>\n<\/span><span class=\"aioseo-breadcrumb-separator\">\u2013<\/span><span class=\"aioseo-breadcrumb\">\n\t<a href=\"https:\/\/www.eldigitaldeasturias.com\/noticias\/eh-bildu-muestra-en-el-parlamento-vasco-carteles-en-contra-de-la-dispersion\/\" title=\"EH Bildu muestra en el Parlamento Vasco carteles en contra de la dispersi\u00f3n\">EH Bildu muestra en el Parlamento Vasco carteles en contra de la dispersi\u00f3n<\/a>\n<\/span><\/div>","aioseo_breadcrumb_json":[{"label":"Home","link":"https:\/\/www.eldigitaldeasturias.com\/noticias"},{"label":"Actualidad","link":"https:\/\/www.eldigitaldeasturias.com\/noticias\/category\/actualidad\/"},{"label":"EH Bildu muestra en el Parlamento Vasco carteles en contra de la dispersi\u00f3n","link":"https:\/\/www.eldigitaldeasturias.com\/noticias\/eh-bildu-muestra-en-el-parlamento-vasco-carteles-en-contra-de-la-dispersion\/"}],"_links":{"self":[{"href":"https:\/\/www.eldigitaldeasturias.com\/noticias\/wp-json\/wp\/v2\/posts\/485043","targetHints":{"allow":["GET"]}}],"collection":[{"href":"https:\/\/www.eldigitaldeasturias.com\/noticias\/wp-json\/wp\/v2\/posts"}],"about":[{"href":"https:\/\/www.eldigitaldeasturias.com\/noticias\/wp-json\/wp\/v2\/types\/post"}],"author":[{"embeddable":true,"href":"https:\/\/www.eldigitaldeasturias.com\/noticias\/wp-json\/wp\/v2\/users\/1"}],"replies":[{"embeddable":true,"href":"https:\/\/www.eldigitaldeasturias.com\/noticias\/wp-json\/wp\/v2\/comments?post=485043"}],"version-history":[{"count":0,"href":"https:\/\/www.eldigitaldeasturias.com\/noticias\/wp-json\/wp\/v2\/posts\/485043\/revisions"}],"wp:attachment":[{"href":"https:\/\/www.eldigitaldeasturias.com\/noticias\/wp-json\/wp\/v2\/media?parent=485043"}],"wp:term":[{"taxonomy":"category","embeddable":true,"href":"https:\/\/www.eldigitaldeasturias.com\/noticias\/wp-json\/wp\/v2\/categories?post=485043"},{"taxonomy":"post_tag","embeddable":true,"href":"https:\/\/www.eldigitaldeasturias.com\/noticias\/wp-json\/wp\/v2\/tags?post=485043"}],"curies":[{"name":"wp","href":"https:\/\/api.w.org\/{rel}","templated":true}]}}