{"id":485005,"date":"2014-02-06T16:28:33","date_gmt":"2014-02-06T17:28:33","guid":{"rendered":"http:\/\/www.eldigitaldeasturias.com\/noticias\/?p=485005"},"modified":"2014-02-06T16:28:33","modified_gmt":"2014-02-06T17:28:33","slug":"stefan-scepovic-considera-que-su-renovacion-por-el-sporting-marcha-adelante","status":"publish","type":"post","link":"https:\/\/www.eldigitaldeasturias.com\/noticias\/stefan-scepovic-considera-que-su-renovacion-por-el-sporting-marcha-adelante\/","title":{"rendered":"Stefan Scepovic considera que su renovaci\u00f3n por el Sporting \u00abmarcha adelante\u00bb"},"content":{"rendered":"<p><img loading=\"lazy\" decoding=\"async\" class=\"alignleft size-medium wp-image-480629\" alt=\"MOLINON\" src=\"https:\/\/www.eldigitaldeasturias.com\/noticias\/wp-content\/uploads\/2014\/01\/MOLINON-360x202.jpg\" width=\"360\" height=\"202\" \/>Gij\u00f3n, 6 feb (EFE).- El delantero del Sporting Stefan Scepovic, con el que el club tiene un principio de acuerdo para su continuidad, manifest\u00f3 al t\u00e9rmino del entrenamiento de hoy que \u00abel tema marcha adelante\u00bb, pero asegur\u00f3 que es un asunto que llevaba su representante ya que \u00e9l est\u00e1 centrado \u00aben el partido del domingo\u00bb.<\/p>\n<p>El Sporting est\u00e1 a punto de reunir el mill\u00f3n de euros necesario para adquirir en propiedad al jugador, que este a\u00f1o est\u00e1 en calidad de cedido, lo que unido al principio de acuerdo hace esperar que el club gijon\u00e9s anuncie en fechas pr\u00f3ximas la continuidad del jugador.<\/p>\n<p>\u00abSiempre dije que quer\u00eda seguir en el Sporting, aqu\u00ed estoy muy contento, como si estuviera en mi casa\u00bb asegur\u00f3 Scepovic, quien se mostr\u00f3 \u00abmuy tranquilo\u00bb sobre su situaci\u00f3n en el equipo gijon\u00e9s y totalmente centrado en su \u00abtrabajo en el campo y con la cabeza solo en subir a Primera\u00bb.<\/p>\n<p>El sportinguista expres\u00f3 su agradecimiento por el trato que est\u00e1 recibiendo en Gij\u00f3n, ya que es el club que m\u00e1s me le ha dado\u00bb, asegur\u00f3.<\/p>\n<p>Explic\u00f3 que es \u00abcomo si llevara toda la vida en la ciudad\u00bb y reconoci\u00f3 que el entorno le est\u00e1 dando \u00abuna gran estabilidad\u00bb.<\/p>\n<p>Scepovic, m\u00e1ximo goleador de Segunda, no se entren\u00f3 ayer debido a una afecci\u00f3n v\u00edrica pero ya lo hizo esta ma\u00f1ana y est\u00e1 seguro de estar a disposici\u00f3n del entrenador para el encuentro del pr\u00f3ximo domingo ante la Ponferradina.<\/p>\n<p>Para Scepovic, \u00abel Sporting tiene un buen proyecto con gente joven y con margen de mejora\u00bb y alab\u00f3 el trabajo del entrenador, \u00abque ayuda a mejorar\u00bb.<\/p>\n<p>Asimismo, destac\u00f3 que est\u00e1 en su mejor momento futbol\u00edstico aunque tambi\u00e9n cree que puede \u00abmejorar en todos los sentidos\u00bb y que es \u00abun jugador m\u00e1s completo\u00bb que cuando lleg\u00f3 a Gij\u00f3n.<\/p>\n<p>Sobre el rival del domingo, la Ponferradina apunt\u00f3 q ue \u00abes un equipo que est\u00e1 formado por un grupo de jugadores que lleva mucho tiempo jugando juntos\u00bb, por lo que \u00abser\u00e1 diferente al partido ante el Mallorca\u00bb.<\/p>\n<p>Seg\u00fan el delantero serbio, \u00abla Segunda divisi\u00f3n espa\u00f1ola es una liga m\u00e1s fuerte que la mayor\u00eda de ligas europeas\u00bb.<\/p>\n<p>La plantilla rojiblanca se ejercit\u00f3 esta ma\u00f1ana en Mareo en una sesi\u00f3n en la que no particip\u00f3 L\u00f3pez Garai, que padece una peque\u00f1a rotura fibrilar y en la que Carmona se retir\u00f3 antes de tiempo debido a una sobrecarga que no le impedir\u00e1 estar a disposici\u00f3n de Sandoval para el domingo.<\/p>\n<p>El t\u00e9cnico rojiblanco parece que tiene la intenci\u00f3n de repetir el mismo equipo que gan\u00f3 en Mallorca, lo que supondr\u00eda que Carmona se mantenga en el equipo inicial y que Scepovic vuelva a jugar como delantero centro y su compatriota Lekic se quede en el banquillo.<\/p>\n","protected":false},"excerpt":{"rendered":"<p>Gij\u00f3n, 6 feb (EFE).- El delantero del Sporting Stefan Scepovic, con el que el club tiene un principio de acuerdo para su continuidad, manifest\u00f3 al t\u00e9rmino del entrenamiento de hoy que \u00abel tema marcha adelante\u00bb, pero asegur\u00f3 que es un asunto que llevaba su representante ya que \u00e9l est\u00e1 centrado \u00aben el partido del domingo\u00bb. [&hellip;]<\/p>\n","protected":false},"author":1,"featured_media":1132184,"comment_status":"closed","ping_status":"open","sticky":false,"template":"","format":"standard","meta":{"footnotes":""},"categories":[1],"tags":[],"class_list":["post-485005","post","type-post","status-publish","format-standard","has-post-thumbnail","hentry","category-actualidad"],"aioseo_notices":[],"aioseo_head":"\n\t\t<!-- All in One SEO Pro 5.0.1 - aioseo.com -->\n\t<meta name=\"description\" content=\"Gij\u00f3n, 6 feb (EFE).- El delantero del Sporting Stefan Scepovic, con el que el club tiene un principio de acuerdo para su continuidad, manifest\u00f3 al t\u00e9rmino del entrenamiento de hoy que &quot;el tema marcha adelante&quot;, pero asegur\u00f3 que es un asunto que llevaba su representante ya que \u00e9l est\u00e1 centrado &quot;en el partido del domingo&quot;.\" \/>\n\t<meta name=\"robots\" content=\"max-image-preview:large\" \/>\n\t<meta name=\"author\" content=\"El Digital de Asturias\"\/>\n\t<meta name=\"google-site-verification\" content=\"UA-38556648-1\" \/>\n\t<meta name=\"msvalidate.01\" content=\"7dfe9f3f1b24437ab69f4f2559babe99\" \/>\n\t<meta name=\"keywords\" content=\"actualidad\" \/>\n\t<link rel=\"canonical\" href=\"https:\/\/www.eldigitaldeasturias.com\/noticias\/stefan-scepovic-considera-que-su-renovacion-por-el-sporting-marcha-adelante\/\" \/>\n\t<meta name=\"generator\" content=\"All in One SEO Pro (AIOSEO) 5.0.1\" \/>\n\t\t<meta property=\"og:locale\" content=\"es_ES\" \/>\n\t\t<meta property=\"og:site_name\" content=\"El Digital de Asturias\" \/>\n\t\t<meta property=\"og:type\" content=\"article\" \/>\n\t\t<meta property=\"og:title\" content=\"Stefan Scepovic considera que su renovaci\u00f3n por el Sporting \u00abmarcha adelante\u00bb - El Digital de Asturias\" \/>\n\t\t<meta property=\"og:description\" content=\"Gij\u00f3n, 6 feb (EFE).- El delantero del Sporting Stefan Scepovic, con el que el club tiene un principio de acuerdo para su continuidad, manifest\u00f3 al t\u00e9rmino del entrenamiento de hoy que &quot;el tema marcha adelante&quot;, pero asegur\u00f3 que es un asunto que llevaba su representante ya que \u00e9l est\u00e1 centrado &quot;en el partido del domingo&quot;.\" \/>\n\t\t<meta property=\"og:url\" content=\"https:\/\/www.eldigitaldeasturias.com\/noticias\/stefan-scepovic-considera-que-su-renovacion-por-el-sporting-marcha-adelante\/\" \/>\n\t\t<meta property=\"og:image\" content=\"https:\/\/www.eldigitaldeasturias.com\/noticias\/wp-content\/uploads\/2026\/06\/Contenidos.jpg\" \/>\n\t\t<meta property=\"og:image:secure_url\" content=\"https:\/\/www.eldigitaldeasturias.com\/noticias\/wp-content\/uploads\/2026\/06\/Contenidos.jpg\" \/>\n\t\t<meta property=\"og:image:width\" content=\"1265\" \/>\n\t\t<meta property=\"og:image:height\" content=\"697\" \/>\n\t\t<meta property=\"article:tag\" content=\"actualidad\" \/>\n\t\t<meta property=\"article:published_time\" content=\"2014-02-06T17:28:33+00:00\" \/>\n\t\t<meta property=\"article:modified_time\" content=\"2014-02-06T17:28:33+00:00\" \/>\n\t\t<meta property=\"article:publisher\" content=\"https:\/\/facebook.com\/eldigitaldeasturias\" \/>\n\t\t<meta name=\"twitter:card\" content=\"summary_large_image\" \/>\n\t\t<meta name=\"twitter:title\" content=\"Stefan Scepovic considera que su renovaci\u00f3n por el Sporting \u00abmarcha adelante\u00bb - El Digital de Asturias\" \/>\n\t\t<meta name=\"twitter:description\" content=\"Gij\u00f3n, 6 feb (EFE).- El delantero del Sporting Stefan Scepovic, con el que el club tiene un principio de acuerdo para su continuidad, manifest\u00f3 al t\u00e9rmino del entrenamiento de hoy que &quot;el tema marcha adelante&quot;, pero asegur\u00f3 que es un asunto que llevaba su representante ya que \u00e9l est\u00e1 centrado &quot;en el partido del domingo&quot;.\" \/>\n\t\t<meta name=\"twitter:image\" content=\"https:\/\/www.eldigitaldeasturias.com\/noticias\/wp-content\/uploads\/2026\/06\/Contenidos.jpg\" \/>\n\t\t<meta name=\"twitter:label1\" content=\"Escrito por\" \/>\n\t\t<meta name=\"twitter:data1\" content=\"El Digital de Asturias\" \/>\n\t\t<meta name=\"twitter:label2\" content=\"Tiempo de lectura estimado\" \/>\n\t\t<meta name=\"twitter:data2\" content=\"2 minutos\" \/>\n\t\t<script type=\"application\/ld+json\" class=\"aioseo-schema\">\n\t\t\t{\"@context\":\"https:\\\/\\\/schema.org\",\"@graph\":[{\"@type\":\"BlogPosting\",\"@id\":\"https:\\\/\\\/www.eldigitaldeasturias.com\\\/noticias\\\/stefan-scepovic-considera-que-su-renovacion-por-el-sporting-marcha-adelante\\\/#blogposting\",\"name\":\"Stefan Scepovic considera que su renovaci\\u00f3n por el Sporting \\u00abmarcha adelante\\u00bb - El Digital de Asturias\",\"headline\":\"Stefan Scepovic considera que su renovaci\\u00f3n por el Sporting \\u00abmarcha adelante\\u00bb\",\"author\":{\"@id\":\"https:\\\/\\\/www.eldigitaldeasturias.com\\\/noticias\\\/author\\\/admin\\\/#author\"},\"publisher\":{\"@id\":\"https:\\\/\\\/www.eldigitaldeasturias.com\\\/noticias\\\/#organization\"},\"image\":{\"@type\":\"ImageObject\",\"url\":\"https:\\\/\\\/www.eldigitaldeasturias.com\\\/noticias\\\/wp-content\\\/uploads\\\/2026\\\/06\\\/Contenidos.jpg\",\"width\":1265,\"height\":697,\"caption\":\"Contenidos\"},\"datePublished\":\"2014-02-06T16:28:33+01:00\",\"dateModified\":\"2014-02-06T16:28:33+01:00\",\"inLanguage\":\"es-ES\",\"mainEntityOfPage\":{\"@id\":\"https:\\\/\\\/www.eldigitaldeasturias.com\\\/noticias\\\/stefan-scepovic-considera-que-su-renovacion-por-el-sporting-marcha-adelante\\\/#webpage\"},\"isPartOf\":{\"@id\":\"https:\\\/\\\/www.eldigitaldeasturias.com\\\/noticias\\\/stefan-scepovic-considera-que-su-renovacion-por-el-sporting-marcha-adelante\\\/#webpage\"},\"articleSection\":\"Actualidad\"},{\"@type\":\"BreadcrumbList\",\"@id\":\"https:\\\/\\\/www.eldigitaldeasturias.com\\\/noticias\\\/stefan-scepovic-considera-que-su-renovacion-por-el-sporting-marcha-adelante\\\/#breadcrumblist\",\"itemListElement\":[{\"@type\":\"ListItem\",\"@id\":\"https:\\\/\\\/www.eldigitaldeasturias.com\\\/noticias#listItem\",\"position\":1,\"name\":\"Home\",\"item\":\"https:\\\/\\\/www.eldigitaldeasturias.com\\\/noticias\",\"nextItem\":{\"@type\":\"ListItem\",\"@id\":\"https:\\\/\\\/www.eldigitaldeasturias.com\\\/noticias\\\/category\\\/actualidad\\\/#listItem\",\"name\":\"Actualidad\"}},{\"@type\":\"ListItem\",\"@id\":\"https:\\\/\\\/www.eldigitaldeasturias.com\\\/noticias\\\/category\\\/actualidad\\\/#listItem\",\"position\":2,\"name\":\"Actualidad\",\"item\":\"https:\\\/\\\/www.eldigitaldeasturias.com\\\/noticias\\\/category\\\/actualidad\\\/\",\"nextItem\":{\"@type\":\"ListItem\",\"@id\":\"https:\\\/\\\/www.eldigitaldeasturias.com\\\/noticias\\\/stefan-scepovic-considera-que-su-renovacion-por-el-sporting-marcha-adelante\\\/#listItem\",\"name\":\"Stefan Scepovic considera que su renovaci\\u00f3n por el Sporting \\u00abmarcha adelante\\u00bb\"},\"previousItem\":{\"@type\":\"ListItem\",\"@id\":\"https:\\\/\\\/www.eldigitaldeasturias.com\\\/noticias#listItem\",\"name\":\"Home\"}},{\"@type\":\"ListItem\",\"@id\":\"https:\\\/\\\/www.eldigitaldeasturias.com\\\/noticias\\\/stefan-scepovic-considera-que-su-renovacion-por-el-sporting-marcha-adelante\\\/#listItem\",\"position\":3,\"name\":\"Stefan Scepovic considera que su renovaci\\u00f3n por el Sporting \\u00abmarcha adelante\\u00bb\",\"previousItem\":{\"@type\":\"ListItem\",\"@id\":\"https:\\\/\\\/www.eldigitaldeasturias.com\\\/noticias\\\/category\\\/actualidad\\\/#listItem\",\"name\":\"Actualidad\"}}]},{\"@type\":\"Organization\",\"@id\":\"https:\\\/\\\/www.eldigitaldeasturias.com\\\/noticias\\\/#organization\",\"name\":\"El Digital de Asturias\",\"description\":\"Hemeroteca\",\"url\":\"https:\\\/\\\/www.eldigitaldeasturias.com\\\/noticias\\\/\",\"email\":\"info@eldigitaldeasturias.com\",\"telephone\":\"+34652131393\",\"logo\":{\"@type\":\"ImageObject\",\"url\":\"https:\\\/\\\/www.eldigitaldeasturias.com\\\/noticias\\\/wp-content\\\/uploads\\\/2020\\\/12\\\/EDA.jpg\",\"@id\":\"https:\\\/\\\/www.eldigitaldeasturias.com\\\/noticias\\\/stefan-scepovic-considera-que-su-renovacion-por-el-sporting-marcha-adelante\\\/#organizationLogo\"},\"image\":{\"@id\":\"https:\\\/\\\/www.eldigitaldeasturias.com\\\/noticias\\\/stefan-scepovic-considera-que-su-renovacion-por-el-sporting-marcha-adelante\\\/#organizationLogo\"},\"sameAs\":[\"https:\\\/\\\/facebook.com\\\/eldigitaldeasturias\",\"https:\\\/\\\/www.youtube.com\\\/channel\\\/UCZP-2wLEB9Rv6erhFmqVnvg\"],\"address\":{\"@id\":\"https:\\\/\\\/www.eldigitaldeasturias.com\\\/noticias\\\/#postaladdress\",\"@type\":\"PostalAddress\",\"streetAddress\":\"san antonio 4\",\"postalCode\":\"33430\",\"addressLocality\":\"Cand\\u00e1s\",\"addressRegion\":\"Asturias\",\"addressCountry\":\"ES\"}},{\"@type\":\"Person\",\"@id\":\"https:\\\/\\\/www.eldigitaldeasturias.com\\\/noticias\\\/author\\\/admin\\\/#author\",\"url\":\"https:\\\/\\\/www.eldigitaldeasturias.com\\\/noticias\\\/author\\\/admin\\\/\",\"name\":\"El Digital de Asturias\",\"image\":{\"@type\":\"ImageObject\",\"@id\":\"https:\\\/\\\/www.eldigitaldeasturias.com\\\/noticias\\\/stefan-scepovic-considera-que-su-renovacion-por-el-sporting-marcha-adelante\\\/#authorImage\",\"url\":\"https:\\\/\\\/secure.gravatar.com\\\/avatar\\\/df2aeffc32bcd13f8d26072ef8a91b623d677766deac7f97ca815868cd41bf5e?s=96&d=mm&r=g\",\"width\":96,\"height\":96,\"caption\":\"El Digital de Asturias\"}},{\"@type\":\"WebPage\",\"@id\":\"https:\\\/\\\/www.eldigitaldeasturias.com\\\/noticias\\\/stefan-scepovic-considera-que-su-renovacion-por-el-sporting-marcha-adelante\\\/#webpage\",\"url\":\"https:\\\/\\\/www.eldigitaldeasturias.com\\\/noticias\\\/stefan-scepovic-considera-que-su-renovacion-por-el-sporting-marcha-adelante\\\/\",\"name\":\"Stefan Scepovic considera que su renovaci\\u00f3n por el Sporting \\u00abmarcha adelante\\u00bb - El Digital de Asturias\",\"description\":\"Gij\\u00f3n, 6 feb (EFE).- El delantero del Sporting Stefan Scepovic, con el que el club tiene un principio de acuerdo para su continuidad, manifest\\u00f3 al t\\u00e9rmino del entrenamiento de hoy que \\\"el tema marcha adelante\\\", pero asegur\\u00f3 que es un asunto que llevaba su representante ya que \\u00e9l est\\u00e1 centrado \\\"en el partido del domingo\\\".\",\"inLanguage\":\"es-ES\",\"isPartOf\":{\"@id\":\"https:\\\/\\\/www.eldigitaldeasturias.com\\\/noticias\\\/#website\"},\"breadcrumb\":{\"@id\":\"https:\\\/\\\/www.eldigitaldeasturias.com\\\/noticias\\\/stefan-scepovic-considera-que-su-renovacion-por-el-sporting-marcha-adelante\\\/#breadcrumblist\"},\"author\":{\"@id\":\"https:\\\/\\\/www.eldigitaldeasturias.com\\\/noticias\\\/author\\\/admin\\\/#author\"},\"creator\":{\"@id\":\"https:\\\/\\\/www.eldigitaldeasturias.com\\\/noticias\\\/author\\\/admin\\\/#author\"},\"image\":{\"@type\":\"ImageObject\",\"url\":\"https:\\\/\\\/www.eldigitaldeasturias.com\\\/noticias\\\/wp-content\\\/uploads\\\/2026\\\/06\\\/Contenidos.jpg\",\"@id\":\"https:\\\/\\\/www.eldigitaldeasturias.com\\\/noticias\\\/stefan-scepovic-considera-que-su-renovacion-por-el-sporting-marcha-adelante\\\/#mainImage\",\"width\":1265,\"height\":697,\"caption\":\"Contenidos\"},\"primaryImageOfPage\":{\"@id\":\"https:\\\/\\\/www.eldigitaldeasturias.com\\\/noticias\\\/stefan-scepovic-considera-que-su-renovacion-por-el-sporting-marcha-adelante\\\/#mainImage\"},\"datePublished\":\"2014-02-06T16:28:33+01:00\",\"dateModified\":\"2014-02-06T16:28:33+01:00\"},{\"@type\":\"WebSite\",\"@id\":\"https:\\\/\\\/www.eldigitaldeasturias.com\\\/noticias\\\/#website\",\"url\":\"https:\\\/\\\/www.eldigitaldeasturias.com\\\/noticias\\\/\",\"name\":\"El Digital de Asturias - Diario de actualidad y noticias\",\"alternateName\":\"El Digital de Asturias - Diario de actualidad y noticias\",\"description\":\"Hemeroteca\",\"inLanguage\":\"es-ES\",\"publisher\":{\"@id\":\"https:\\\/\\\/www.eldigitaldeasturias.com\\\/noticias\\\/#organization\"}}]}\n\t\t<\/script>\n\t\t<!-- All in One SEO Pro -->\r\n\t\t<title>Stefan Scepovic considera que su renovaci\u00f3n por el Sporting \u00abmarcha adelante\u00bb - El Digital de Asturias<\/title>\n\n","aioseo_head_json":{"title":"Stefan Scepovic considera que su renovaci\u00f3n por el Sporting \u00abmarcha adelante\u00bb - El Digital de Asturias","description":"Gij\u00f3n, 6 feb (EFE).- El delantero del Sporting Stefan Scepovic, con el que el club tiene un principio de acuerdo para su continuidad, manifest\u00f3 al t\u00e9rmino del entrenamiento de hoy que \"el tema marcha adelante\", pero asegur\u00f3 que es un asunto que llevaba su representante ya que \u00e9l est\u00e1 centrado \"en el partido del domingo\".","canonical_url":"https:\/\/www.eldigitaldeasturias.com\/noticias\/stefan-scepovic-considera-que-su-renovacion-por-el-sporting-marcha-adelante\/","robots":"max-image-preview:large","keywords":"actualidad","webmasterTools":{"google-site-verification":"UA-38556648-1","msvalidate.01":"7dfe9f3f1b24437ab69f4f2559babe99","miscellaneous":""},"schema":{"@context":"https:\/\/schema.org","@graph":[{"@type":"BlogPosting","@id":"https:\/\/www.eldigitaldeasturias.com\/noticias\/stefan-scepovic-considera-que-su-renovacion-por-el-sporting-marcha-adelante\/#blogposting","name":"Stefan Scepovic considera que su renovaci\u00f3n por el Sporting \u00abmarcha adelante\u00bb - El Digital de Asturias","headline":"Stefan Scepovic considera que su renovaci\u00f3n por el Sporting \u00abmarcha adelante\u00bb","author":{"@id":"https:\/\/www.eldigitaldeasturias.com\/noticias\/author\/admin\/#author"},"publisher":{"@id":"https:\/\/www.eldigitaldeasturias.com\/noticias\/#organization"},"image":{"@type":"ImageObject","url":"https:\/\/www.eldigitaldeasturias.com\/noticias\/wp-content\/uploads\/2026\/06\/Contenidos.jpg","width":1265,"height":697,"caption":"Contenidos"},"datePublished":"2014-02-06T16:28:33+01:00","dateModified":"2014-02-06T16:28:33+01:00","inLanguage":"es-ES","mainEntityOfPage":{"@id":"https:\/\/www.eldigitaldeasturias.com\/noticias\/stefan-scepovic-considera-que-su-renovacion-por-el-sporting-marcha-adelante\/#webpage"},"isPartOf":{"@id":"https:\/\/www.eldigitaldeasturias.com\/noticias\/stefan-scepovic-considera-que-su-renovacion-por-el-sporting-marcha-adelante\/#webpage"},"articleSection":"Actualidad"},{"@type":"BreadcrumbList","@id":"https:\/\/www.eldigitaldeasturias.com\/noticias\/stefan-scepovic-considera-que-su-renovacion-por-el-sporting-marcha-adelante\/#breadcrumblist","itemListElement":[{"@type":"ListItem","@id":"https:\/\/www.eldigitaldeasturias.com\/noticias#listItem","position":1,"name":"Home","item":"https:\/\/www.eldigitaldeasturias.com\/noticias","nextItem":{"@type":"ListItem","@id":"https:\/\/www.eldigitaldeasturias.com\/noticias\/category\/actualidad\/#listItem","name":"Actualidad"}},{"@type":"ListItem","@id":"https:\/\/www.eldigitaldeasturias.com\/noticias\/category\/actualidad\/#listItem","position":2,"name":"Actualidad","item":"https:\/\/www.eldigitaldeasturias.com\/noticias\/category\/actualidad\/","nextItem":{"@type":"ListItem","@id":"https:\/\/www.eldigitaldeasturias.com\/noticias\/stefan-scepovic-considera-que-su-renovacion-por-el-sporting-marcha-adelante\/#listItem","name":"Stefan Scepovic considera que su renovaci\u00f3n por el Sporting \u00abmarcha adelante\u00bb"},"previousItem":{"@type":"ListItem","@id":"https:\/\/www.eldigitaldeasturias.com\/noticias#listItem","name":"Home"}},{"@type":"ListItem","@id":"https:\/\/www.eldigitaldeasturias.com\/noticias\/stefan-scepovic-considera-que-su-renovacion-por-el-sporting-marcha-adelante\/#listItem","position":3,"name":"Stefan Scepovic considera que su renovaci\u00f3n por el Sporting \u00abmarcha adelante\u00bb","previousItem":{"@type":"ListItem","@id":"https:\/\/www.eldigitaldeasturias.com\/noticias\/category\/actualidad\/#listItem","name":"Actualidad"}}]},{"@type":"Organization","@id":"https:\/\/www.eldigitaldeasturias.com\/noticias\/#organization","name":"El Digital de Asturias","description":"Hemeroteca","url":"https:\/\/www.eldigitaldeasturias.com\/noticias\/","email":"info@eldigitaldeasturias.com","telephone":"+34652131393","logo":{"@type":"ImageObject","url":"https:\/\/www.eldigitaldeasturias.com\/noticias\/wp-content\/uploads\/2020\/12\/EDA.jpg","@id":"https:\/\/www.eldigitaldeasturias.com\/noticias\/stefan-scepovic-considera-que-su-renovacion-por-el-sporting-marcha-adelante\/#organizationLogo"},"image":{"@id":"https:\/\/www.eldigitaldeasturias.com\/noticias\/stefan-scepovic-considera-que-su-renovacion-por-el-sporting-marcha-adelante\/#organizationLogo"},"sameAs":["https:\/\/facebook.com\/eldigitaldeasturias","https:\/\/www.youtube.com\/channel\/UCZP-2wLEB9Rv6erhFmqVnvg"],"address":{"@id":"https:\/\/www.eldigitaldeasturias.com\/noticias\/#postaladdress","@type":"PostalAddress","streetAddress":"san antonio 4","postalCode":"33430","addressLocality":"Cand\u00e1s","addressRegion":"Asturias","addressCountry":"ES"}},{"@type":"Person","@id":"https:\/\/www.eldigitaldeasturias.com\/noticias\/author\/admin\/#author","url":"https:\/\/www.eldigitaldeasturias.com\/noticias\/author\/admin\/","name":"El Digital de Asturias","image":{"@type":"ImageObject","@id":"https:\/\/www.eldigitaldeasturias.com\/noticias\/stefan-scepovic-considera-que-su-renovacion-por-el-sporting-marcha-adelante\/#authorImage","url":"https:\/\/secure.gravatar.com\/avatar\/df2aeffc32bcd13f8d26072ef8a91b623d677766deac7f97ca815868cd41bf5e?s=96&d=mm&r=g","width":96,"height":96,"caption":"El Digital de Asturias"}},{"@type":"WebPage","@id":"https:\/\/www.eldigitaldeasturias.com\/noticias\/stefan-scepovic-considera-que-su-renovacion-por-el-sporting-marcha-adelante\/#webpage","url":"https:\/\/www.eldigitaldeasturias.com\/noticias\/stefan-scepovic-considera-que-su-renovacion-por-el-sporting-marcha-adelante\/","name":"Stefan Scepovic considera que su renovaci\u00f3n por el Sporting \u00abmarcha adelante\u00bb - El Digital de Asturias","description":"Gij\u00f3n, 6 feb (EFE).- El delantero del Sporting Stefan Scepovic, con el que el club tiene un principio de acuerdo para su continuidad, manifest\u00f3 al t\u00e9rmino del entrenamiento de hoy que \"el tema marcha adelante\", pero asegur\u00f3 que es un asunto que llevaba su representante ya que \u00e9l est\u00e1 centrado \"en el partido del domingo\".","inLanguage":"es-ES","isPartOf":{"@id":"https:\/\/www.eldigitaldeasturias.com\/noticias\/#website"},"breadcrumb":{"@id":"https:\/\/www.eldigitaldeasturias.com\/noticias\/stefan-scepovic-considera-que-su-renovacion-por-el-sporting-marcha-adelante\/#breadcrumblist"},"author":{"@id":"https:\/\/www.eldigitaldeasturias.com\/noticias\/author\/admin\/#author"},"creator":{"@id":"https:\/\/www.eldigitaldeasturias.com\/noticias\/author\/admin\/#author"},"image":{"@type":"ImageObject","url":"https:\/\/www.eldigitaldeasturias.com\/noticias\/wp-content\/uploads\/2026\/06\/Contenidos.jpg","@id":"https:\/\/www.eldigitaldeasturias.com\/noticias\/stefan-scepovic-considera-que-su-renovacion-por-el-sporting-marcha-adelante\/#mainImage","width":1265,"height":697,"caption":"Contenidos"},"primaryImageOfPage":{"@id":"https:\/\/www.eldigitaldeasturias.com\/noticias\/stefan-scepovic-considera-que-su-renovacion-por-el-sporting-marcha-adelante\/#mainImage"},"datePublished":"2014-02-06T16:28:33+01:00","dateModified":"2014-02-06T16:28:33+01:00"},{"@type":"WebSite","@id":"https:\/\/www.eldigitaldeasturias.com\/noticias\/#website","url":"https:\/\/www.eldigitaldeasturias.com\/noticias\/","name":"El Digital de Asturias - Diario de actualidad y noticias","alternateName":"El Digital de Asturias - Diario de actualidad y noticias","description":"Hemeroteca","inLanguage":"es-ES","publisher":{"@id":"https:\/\/www.eldigitaldeasturias.com\/noticias\/#organization"}}]},"og:locale":"es_ES","og:site_name":"El Digital de Asturias","og:type":"article","og:title":"Stefan Scepovic considera que su renovaci\u00f3n por el Sporting \u00abmarcha adelante\u00bb - El Digital de Asturias","og:description":"Gij\u00f3n, 6 feb (EFE).- El delantero del Sporting Stefan Scepovic, con el que el club tiene un principio de acuerdo para su continuidad, manifest\u00f3 al t\u00e9rmino del entrenamiento de hoy que &quot;el tema marcha adelante&quot;, pero asegur\u00f3 que es un asunto que llevaba su representante ya que \u00e9l est\u00e1 centrado &quot;en el partido del domingo&quot;.","og:url":"https:\/\/www.eldigitaldeasturias.com\/noticias\/stefan-scepovic-considera-que-su-renovacion-por-el-sporting-marcha-adelante\/","og:image":"https:\/\/www.eldigitaldeasturias.com\/noticias\/wp-content\/uploads\/2026\/06\/Contenidos.jpg","og:image:secure_url":"https:\/\/www.eldigitaldeasturias.com\/noticias\/wp-content\/uploads\/2026\/06\/Contenidos.jpg","og:image:width":1265,"og:image:height":697,"article:tag":["actualidad"],"article:published_time":"2014-02-06T17:28:33+00:00","article:modified_time":"2014-02-06T17:28:33+00:00","article:publisher":"https:\/\/facebook.com\/eldigitaldeasturias","twitter:card":"summary_large_image","twitter:title":"Stefan Scepovic considera que su renovaci\u00f3n por el Sporting \u00abmarcha adelante\u00bb - El Digital de Asturias","twitter:description":"Gij\u00f3n, 6 feb (EFE).- El delantero del Sporting Stefan Scepovic, con el que el club tiene un principio de acuerdo para su continuidad, manifest\u00f3 al t\u00e9rmino del entrenamiento de hoy que &quot;el tema marcha adelante&quot;, pero asegur\u00f3 que es un asunto que llevaba su representante ya que \u00e9l est\u00e1 centrado &quot;en el partido del domingo&quot;.","twitter:image":"https:\/\/www.eldigitaldeasturias.com\/noticias\/wp-content\/uploads\/2026\/06\/Contenidos.jpg","twitter:label1":"Escrito por","twitter:data1":"El Digital de Asturias","twitter:label2":"Tiempo de lectura estimado","twitter:data2":"2 minutos"},"aioseo_meta_data":{"post_id":"485005","title":null,"description":null,"keywords":null,"keyphrases":null,"primary_term":null,"canonical_url":null,"og_title":null,"og_description":null,"og_object_type":"default","og_image_type":"default","og_image_url":null,"og_image_width":null,"og_image_height":null,"og_image_custom_url":null,"og_image_custom_fields":null,"og_video":null,"og_custom_url":null,"og_article_section":null,"og_article_tags":null,"twitter_use_og":true,"twitter_card":"default","twitter_image_type":"default","twitter_image_url":null,"twitter_image_custom_url":null,"twitter_image_custom_fields":null,"twitter_title":null,"twitter_description":null,"schema":{"blockGraphs":[],"customGraphs":[],"default":{"data":{"Article":[],"Course":[],"Dataset":[],"FAQPage":[],"Movie":[],"Person":[],"Product":[],"ProductReview":[],"Car":[],"Recipe":[],"Service":[],"SoftwareApplication":[],"WebPage":[]},"graphName":"","isEnabled":true},"graphs":[],"defaultGraph":"","defaultPostTypeGraph":""},"schema_type":null,"schema_type_options":null,"pillar_content":false,"robots_default":true,"robots_noindex":false,"robots_noarchive":false,"robots_nosnippet":false,"robots_nofollow":false,"robots_noimageindex":false,"robots_noodp":false,"robots_notranslate":false,"robots_max_snippet":null,"robots_max_videopreview":null,"robots_max_imagepreview":"none","priority":null,"frequency":null,"local_seo":null,"seo_analyzer_scan_date":"2026-06-02 18:17:47","breadcrumb_settings":null,"limit_modified_date":false,"open_ai":null,"ai":null,"created":"2020-11-14 22:55:08","updated":"2026-06-02 18:17:47","focus_keyword":null,"additional_keywords":null,"truseo_locale":null},"aioseo_breadcrumb":"<div class=\"aioseo-breadcrumbs\"><span class=\"aioseo-breadcrumb\">\n\t<a href=\"https:\/\/www.eldigitaldeasturias.com\/noticias\" title=\"Home\">Home<\/a>\n<\/span><span class=\"aioseo-breadcrumb-separator\">\u2013<\/span><span class=\"aioseo-breadcrumb\">\n\t<a href=\"https:\/\/www.eldigitaldeasturias.com\/noticias\/category\/actualidad\/\" title=\"Actualidad\">Actualidad<\/a>\n<\/span><span class=\"aioseo-breadcrumb-separator\">\u2013<\/span><span class=\"aioseo-breadcrumb\">\n\t<a href=\"https:\/\/www.eldigitaldeasturias.com\/noticias\/stefan-scepovic-considera-que-su-renovacion-por-el-sporting-marcha-adelante\/\" title=\"Stefan Scepovic considera que su renovaci\u00f3n por el Sporting \u00abmarcha adelante\u00bb\">Stefan Scepovic considera que su renovaci\u00f3n por el Sporting \u00abmarcha adelante\u00bb<\/a>\n<\/span><\/div>","aioseo_breadcrumb_json":[{"label":"Home","link":"https:\/\/www.eldigitaldeasturias.com\/noticias"},{"label":"Actualidad","link":"https:\/\/www.eldigitaldeasturias.com\/noticias\/category\/actualidad\/"},{"label":"Stefan Scepovic considera que su renovaci\u00f3n por el Sporting \u00abmarcha adelante\u00bb","link":"https:\/\/www.eldigitaldeasturias.com\/noticias\/stefan-scepovic-considera-que-su-renovacion-por-el-sporting-marcha-adelante\/"}],"_links":{"self":[{"href":"https:\/\/www.eldigitaldeasturias.com\/noticias\/wp-json\/wp\/v2\/posts\/485005","targetHints":{"allow":["GET"]}}],"collection":[{"href":"https:\/\/www.eldigitaldeasturias.com\/noticias\/wp-json\/wp\/v2\/posts"}],"about":[{"href":"https:\/\/www.eldigitaldeasturias.com\/noticias\/wp-json\/wp\/v2\/types\/post"}],"author":[{"embeddable":true,"href":"https:\/\/www.eldigitaldeasturias.com\/noticias\/wp-json\/wp\/v2\/users\/1"}],"replies":[{"embeddable":true,"href":"https:\/\/www.eldigitaldeasturias.com\/noticias\/wp-json\/wp\/v2\/comments?post=485005"}],"version-history":[{"count":0,"href":"https:\/\/www.eldigitaldeasturias.com\/noticias\/wp-json\/wp\/v2\/posts\/485005\/revisions"}],"wp:featuredmedia":[{"embeddable":true,"href":"https:\/\/www.eldigitaldeasturias.com\/noticias\/wp-json\/wp\/v2\/media\/1132184"}],"wp:attachment":[{"href":"https:\/\/www.eldigitaldeasturias.com\/noticias\/wp-json\/wp\/v2\/media?parent=485005"}],"wp:term":[{"taxonomy":"category","embeddable":true,"href":"https:\/\/www.eldigitaldeasturias.com\/noticias\/wp-json\/wp\/v2\/categories?post=485005"},{"taxonomy":"post_tag","embeddable":true,"href":"https:\/\/www.eldigitaldeasturias.com\/noticias\/wp-json\/wp\/v2\/tags?post=485005"}],"curies":[{"name":"wp","href":"https:\/\/api.w.org\/{rel}","templated":true}]}}