{"id":484978,"date":"2014-02-06T15:41:09","date_gmt":"2014-02-06T16:41:09","guid":{"rendered":"http:\/\/www.eldigitaldeasturias.com\/noticias\/?p=484978"},"modified":"2014-02-06T15:41:09","modified_gmt":"2014-02-06T16:41:09","slug":"equo-denuncia-que-la-nueva-tarifa-de-la-luz-penaliza-a-las-rentas-mas-bajas","status":"publish","type":"post","link":"https:\/\/www.eldigitaldeasturias.com\/noticias\/equo-denuncia-que-la-nueva-tarifa-de-la-luz-penaliza-a-las-rentas-mas-bajas\/","title":{"rendered":"Equo denuncia que la nueva tarifa de la luz penaliza a las rentas m\u00e1s bajas"},"content":{"rendered":"<p><img loading=\"lazy\" decoding=\"async\" class=\"alignleft size-medium wp-image-484979\" alt=\"5915475w\" src=\"https:\/\/www.eldigitaldeasturias.com\/noticias\/wp-content\/uploads\/2014\/02\/5915475w-360x239.jpg\" width=\"360\" height=\"239\" \/>Madrid, 6 feb (EFE).- Equo ha denunciado hoy que la nueva subida del recibo de la luz penaliza a las rentas m\u00e1s bajas y supone una nueva carga para el peque\u00f1o consumidor.<\/p>\n<p>En una nota de prensa, esta formaci\u00f3n pol\u00edtica ha se\u00f1alado, adem\u00e1s, que la subida del t\u00e9rmino fijo de la factura el\u00e9ctrica desincentiva las medidas de ahorro y eficiencia energ\u00e9tica, al tiempo que aumenta la pobreza energ\u00e9tica.<\/p>\n<p>El pasado 1 de febrero el Ministerio de Industria cambi\u00f3 la estructura de la factura el\u00e9ctrica, aumentando el peso de la parte fija hasta suponer el 60 por ciento de la factura, ha explicado Equo.<\/p>\n<p>\u00abEsta medida ha supuesto un encarecimiento de la luz para los peque\u00f1os consumidores, que ver\u00e1n incrementada una vez m\u00e1s su factura el\u00e9ctrica, mientras que se reduce la de los grandes consumidores\u00bb, ha denunciado.<\/p>\n<p>Para Equo, esta medida \u00ablejos de ser una transferencia de rentas hacia las familias, tal y como defiende el Ministerio, supone una transferencia neta de dinero desde las rentas m\u00e1s bajas a las m\u00e1s altas, aumentando la brecha energ\u00e9tica de nuestra sociedad\u00bb.<\/p>\n<p>Con esta decisi\u00f3n, el Gobierno \u00abpretende enga\u00f1ar a la ciudadan\u00eda, con una subida de la factura que se va a sumar a la ya acumulada del 75 por ciento en los \u00faltimos diez a\u00f1os\u00bb.<\/p>\n<p>Eguo ha reclamado la adopci\u00f3n urgente de acciones de fomento del ahorro y eficiencia energ\u00e9tica, as\u00ed como la transposici\u00f3n de las directivas europeas que en materia de energ\u00eda est\u00e1n todav\u00eda pendientes.<\/p>\n<p>Por \u00faltimo, ha destacado la creciente pobreza energ\u00e9tica, \u00abque este invierno est\u00e1 provocando que cada vez m\u00e1s hogares tengan problemas para pagar su factura energ\u00e9tica\u00bb y ha exigido al Gobierno que tome de manera urgente medidas para paliar esta situaci\u00f3n y que apueste por un nuevo modelo energ\u00e9tico m\u00e1s justo y sostenible.<\/p>\n","protected":false},"excerpt":{"rendered":"<p>Madrid, 6 feb (EFE).- Equo ha denunciado hoy que la nueva subida del recibo de la luz penaliza a las rentas m\u00e1s bajas y supone una nueva carga para el peque\u00f1o consumidor. En una nota de prensa, esta formaci\u00f3n pol\u00edtica ha se\u00f1alado, adem\u00e1s, que la subida del t\u00e9rmino fijo de la factura el\u00e9ctrica desincentiva las [&hellip;]<\/p>\n","protected":false},"author":1,"featured_media":484979,"comment_status":"closed","ping_status":"open","sticky":false,"template":"","format":"standard","meta":{"footnotes":""},"categories":[1],"tags":[],"class_list":["post-484978","post","type-post","status-publish","format-standard","has-post-thumbnail","hentry","category-actualidad"],"aioseo_notices":[],"aioseo_head":"\n\t\t<!-- All in One SEO Pro 5.0.1 - aioseo.com -->\n\t<meta name=\"description\" content=\"Madrid, 6 feb (EFE).- Equo ha denunciado hoy que la nueva subida del recibo de la luz penaliza a las rentas m\u00e1s bajas y supone una nueva carga para el peque\u00f1o consumidor. En una nota de prensa, esta formaci\u00f3n pol\u00edtica ha se\u00f1alado, adem\u00e1s, que la subida del t\u00e9rmino fijo de la factura el\u00e9ctrica desincentiva las\" \/>\n\t<meta name=\"robots\" content=\"max-image-preview:large\" \/>\n\t<meta name=\"author\" content=\"El Digital de Asturias\"\/>\n\t<meta name=\"google-site-verification\" content=\"UA-38556648-1\" \/>\n\t<meta name=\"msvalidate.01\" content=\"7dfe9f3f1b24437ab69f4f2559babe99\" \/>\n\t<meta name=\"keywords\" content=\"actualidad\" \/>\n\t<link rel=\"canonical\" href=\"https:\/\/www.eldigitaldeasturias.com\/noticias\/equo-denuncia-que-la-nueva-tarifa-de-la-luz-penaliza-a-las-rentas-mas-bajas\/\" \/>\n\t<meta name=\"generator\" content=\"All in One SEO Pro (AIOSEO) 5.0.1\" \/>\n\t\t<meta property=\"og:locale\" content=\"es_ES\" \/>\n\t\t<meta property=\"og:site_name\" content=\"El Digital de Asturias\" \/>\n\t\t<meta property=\"og:type\" content=\"article\" \/>\n\t\t<meta property=\"og:title\" content=\"Equo denuncia que la nueva tarifa de la luz penaliza a las rentas m\u00e1s bajas - El Digital de Asturias\" \/>\n\t\t<meta property=\"og:description\" content=\"Madrid, 6 feb (EFE).- Equo ha denunciado hoy que la nueva subida del recibo de la luz penaliza a las rentas m\u00e1s bajas y supone una nueva carga para el peque\u00f1o consumidor. En una nota de prensa, esta formaci\u00f3n pol\u00edtica ha se\u00f1alado, adem\u00e1s, que la subida del t\u00e9rmino fijo de la factura el\u00e9ctrica desincentiva las\" \/>\n\t\t<meta property=\"og:url\" content=\"https:\/\/www.eldigitaldeasturias.com\/noticias\/equo-denuncia-que-la-nueva-tarifa-de-la-luz-penaliza-a-las-rentas-mas-bajas\/\" \/>\n\t\t<meta property=\"article:tag\" content=\"actualidad\" \/>\n\t\t<meta property=\"article:published_time\" content=\"2014-02-06T16:41:09+00:00\" \/>\n\t\t<meta property=\"article:modified_time\" content=\"2014-02-06T16:41:09+00:00\" \/>\n\t\t<meta property=\"article:publisher\" content=\"https:\/\/facebook.com\/eldigitaldeasturias\" \/>\n\t\t<meta name=\"twitter:card\" content=\"summary_large_image\" \/>\n\t\t<meta name=\"twitter:title\" content=\"Equo denuncia que la nueva tarifa de la luz penaliza a las rentas m\u00e1s bajas - El Digital de Asturias\" \/>\n\t\t<meta name=\"twitter:description\" content=\"Madrid, 6 feb (EFE).- Equo ha denunciado hoy que la nueva subida del recibo de la luz penaliza a las rentas m\u00e1s bajas y supone una nueva carga para el peque\u00f1o consumidor. En una nota de prensa, esta formaci\u00f3n pol\u00edtica ha se\u00f1alado, adem\u00e1s, que la subida del t\u00e9rmino fijo de la factura el\u00e9ctrica desincentiva las\" \/>\n\t\t<meta name=\"twitter:label1\" content=\"Escrito por\" \/>\n\t\t<meta name=\"twitter:data1\" content=\"El Digital de Asturias\" \/>\n\t\t<meta name=\"twitter:label2\" content=\"Tiempo de lectura estimado\" \/>\n\t\t<meta name=\"twitter:data2\" content=\"2 minutos\" \/>\n\t\t<script type=\"application\/ld+json\" class=\"aioseo-schema\">\n\t\t\t{\"@context\":\"https:\\\/\\\/schema.org\",\"@graph\":[{\"@type\":\"BlogPosting\",\"@id\":\"https:\\\/\\\/www.eldigitaldeasturias.com\\\/noticias\\\/equo-denuncia-que-la-nueva-tarifa-de-la-luz-penaliza-a-las-rentas-mas-bajas\\\/#blogposting\",\"name\":\"Equo denuncia que la nueva tarifa de la luz penaliza a las rentas m\\u00e1s bajas - El Digital de Asturias\",\"headline\":\"Equo denuncia que la nueva tarifa de la luz penaliza a las rentas m\\u00e1s bajas\",\"author\":{\"@id\":\"https:\\\/\\\/www.eldigitaldeasturias.com\\\/noticias\\\/author\\\/admin\\\/#author\"},\"publisher\":{\"@id\":\"https:\\\/\\\/www.eldigitaldeasturias.com\\\/noticias\\\/#organization\"},\"image\":{\"@type\":\"ImageObject\",\"url\":484979},\"datePublished\":\"2014-02-06T15:41:09+01:00\",\"dateModified\":\"2014-02-06T15:41:09+01:00\",\"inLanguage\":\"es-ES\",\"mainEntityOfPage\":{\"@id\":\"https:\\\/\\\/www.eldigitaldeasturias.com\\\/noticias\\\/equo-denuncia-que-la-nueva-tarifa-de-la-luz-penaliza-a-las-rentas-mas-bajas\\\/#webpage\"},\"isPartOf\":{\"@id\":\"https:\\\/\\\/www.eldigitaldeasturias.com\\\/noticias\\\/equo-denuncia-que-la-nueva-tarifa-de-la-luz-penaliza-a-las-rentas-mas-bajas\\\/#webpage\"},\"articleSection\":\"Actualidad\"},{\"@type\":\"BreadcrumbList\",\"@id\":\"https:\\\/\\\/www.eldigitaldeasturias.com\\\/noticias\\\/equo-denuncia-que-la-nueva-tarifa-de-la-luz-penaliza-a-las-rentas-mas-bajas\\\/#breadcrumblist\",\"itemListElement\":[{\"@type\":\"ListItem\",\"@id\":\"https:\\\/\\\/www.eldigitaldeasturias.com\\\/noticias#listItem\",\"position\":1,\"name\":\"Home\",\"item\":\"https:\\\/\\\/www.eldigitaldeasturias.com\\\/noticias\",\"nextItem\":{\"@type\":\"ListItem\",\"@id\":\"https:\\\/\\\/www.eldigitaldeasturias.com\\\/noticias\\\/category\\\/actualidad\\\/#listItem\",\"name\":\"Actualidad\"}},{\"@type\":\"ListItem\",\"@id\":\"https:\\\/\\\/www.eldigitaldeasturias.com\\\/noticias\\\/category\\\/actualidad\\\/#listItem\",\"position\":2,\"name\":\"Actualidad\",\"item\":\"https:\\\/\\\/www.eldigitaldeasturias.com\\\/noticias\\\/category\\\/actualidad\\\/\",\"nextItem\":{\"@type\":\"ListItem\",\"@id\":\"https:\\\/\\\/www.eldigitaldeasturias.com\\\/noticias\\\/equo-denuncia-que-la-nueva-tarifa-de-la-luz-penaliza-a-las-rentas-mas-bajas\\\/#listItem\",\"name\":\"Equo denuncia que la nueva tarifa de la luz penaliza a las rentas m\\u00e1s bajas\"},\"previousItem\":{\"@type\":\"ListItem\",\"@id\":\"https:\\\/\\\/www.eldigitaldeasturias.com\\\/noticias#listItem\",\"name\":\"Home\"}},{\"@type\":\"ListItem\",\"@id\":\"https:\\\/\\\/www.eldigitaldeasturias.com\\\/noticias\\\/equo-denuncia-que-la-nueva-tarifa-de-la-luz-penaliza-a-las-rentas-mas-bajas\\\/#listItem\",\"position\":3,\"name\":\"Equo denuncia que la nueva tarifa de la luz penaliza a las rentas m\\u00e1s bajas\",\"previousItem\":{\"@type\":\"ListItem\",\"@id\":\"https:\\\/\\\/www.eldigitaldeasturias.com\\\/noticias\\\/category\\\/actualidad\\\/#listItem\",\"name\":\"Actualidad\"}}]},{\"@type\":\"Organization\",\"@id\":\"https:\\\/\\\/www.eldigitaldeasturias.com\\\/noticias\\\/#organization\",\"name\":\"El Digital de Asturias\",\"description\":\"Hemeroteca\",\"url\":\"https:\\\/\\\/www.eldigitaldeasturias.com\\\/noticias\\\/\",\"email\":\"info@eldigitaldeasturias.com\",\"telephone\":\"+34652131393\",\"logo\":{\"@type\":\"ImageObject\",\"url\":\"https:\\\/\\\/www.eldigitaldeasturias.com\\\/noticias\\\/wp-content\\\/uploads\\\/2020\\\/12\\\/EDA.jpg\",\"@id\":\"https:\\\/\\\/www.eldigitaldeasturias.com\\\/noticias\\\/equo-denuncia-que-la-nueva-tarifa-de-la-luz-penaliza-a-las-rentas-mas-bajas\\\/#organizationLogo\"},\"image\":{\"@id\":\"https:\\\/\\\/www.eldigitaldeasturias.com\\\/noticias\\\/equo-denuncia-que-la-nueva-tarifa-de-la-luz-penaliza-a-las-rentas-mas-bajas\\\/#organizationLogo\"},\"sameAs\":[\"https:\\\/\\\/facebook.com\\\/eldigitaldeasturias\",\"https:\\\/\\\/www.youtube.com\\\/channel\\\/UCZP-2wLEB9Rv6erhFmqVnvg\"],\"address\":{\"@id\":\"https:\\\/\\\/www.eldigitaldeasturias.com\\\/noticias\\\/#postaladdress\",\"@type\":\"PostalAddress\",\"streetAddress\":\"san antonio 4\",\"postalCode\":\"33430\",\"addressLocality\":\"Cand\\u00e1s\",\"addressRegion\":\"Asturias\",\"addressCountry\":\"ES\"}},{\"@type\":\"Person\",\"@id\":\"https:\\\/\\\/www.eldigitaldeasturias.com\\\/noticias\\\/author\\\/admin\\\/#author\",\"url\":\"https:\\\/\\\/www.eldigitaldeasturias.com\\\/noticias\\\/author\\\/admin\\\/\",\"name\":\"El Digital de Asturias\",\"image\":{\"@type\":\"ImageObject\",\"@id\":\"https:\\\/\\\/www.eldigitaldeasturias.com\\\/noticias\\\/equo-denuncia-que-la-nueva-tarifa-de-la-luz-penaliza-a-las-rentas-mas-bajas\\\/#authorImage\",\"url\":\"https:\\\/\\\/secure.gravatar.com\\\/avatar\\\/df2aeffc32bcd13f8d26072ef8a91b623d677766deac7f97ca815868cd41bf5e?s=96&d=mm&r=g\",\"width\":96,\"height\":96,\"caption\":\"El Digital de Asturias\"}},{\"@type\":\"WebPage\",\"@id\":\"https:\\\/\\\/www.eldigitaldeasturias.com\\\/noticias\\\/equo-denuncia-que-la-nueva-tarifa-de-la-luz-penaliza-a-las-rentas-mas-bajas\\\/#webpage\",\"url\":\"https:\\\/\\\/www.eldigitaldeasturias.com\\\/noticias\\\/equo-denuncia-que-la-nueva-tarifa-de-la-luz-penaliza-a-las-rentas-mas-bajas\\\/\",\"name\":\"Equo denuncia que la nueva tarifa de la luz penaliza a las rentas m\\u00e1s bajas - El Digital de Asturias\",\"description\":\"Madrid, 6 feb (EFE).- Equo ha denunciado hoy que la nueva subida del recibo de la luz penaliza a las rentas m\\u00e1s bajas y supone una nueva carga para el peque\\u00f1o consumidor. En una nota de prensa, esta formaci\\u00f3n pol\\u00edtica ha se\\u00f1alado, adem\\u00e1s, que la subida del t\\u00e9rmino fijo de la factura el\\u00e9ctrica desincentiva las\",\"inLanguage\":\"es-ES\",\"isPartOf\":{\"@id\":\"https:\\\/\\\/www.eldigitaldeasturias.com\\\/noticias\\\/#website\"},\"breadcrumb\":{\"@id\":\"https:\\\/\\\/www.eldigitaldeasturias.com\\\/noticias\\\/equo-denuncia-que-la-nueva-tarifa-de-la-luz-penaliza-a-las-rentas-mas-bajas\\\/#breadcrumblist\"},\"author\":{\"@id\":\"https:\\\/\\\/www.eldigitaldeasturias.com\\\/noticias\\\/author\\\/admin\\\/#author\"},\"creator\":{\"@id\":\"https:\\\/\\\/www.eldigitaldeasturias.com\\\/noticias\\\/author\\\/admin\\\/#author\"},\"image\":{\"@type\":\"ImageObject\",\"url\":484979,\"@id\":\"https:\\\/\\\/www.eldigitaldeasturias.com\\\/noticias\\\/equo-denuncia-que-la-nueva-tarifa-de-la-luz-penaliza-a-las-rentas-mas-bajas\\\/#mainImage\"},\"primaryImageOfPage\":{\"@id\":\"https:\\\/\\\/www.eldigitaldeasturias.com\\\/noticias\\\/equo-denuncia-que-la-nueva-tarifa-de-la-luz-penaliza-a-las-rentas-mas-bajas\\\/#mainImage\"},\"datePublished\":\"2014-02-06T15:41:09+01:00\",\"dateModified\":\"2014-02-06T15:41:09+01:00\"},{\"@type\":\"WebSite\",\"@id\":\"https:\\\/\\\/www.eldigitaldeasturias.com\\\/noticias\\\/#website\",\"url\":\"https:\\\/\\\/www.eldigitaldeasturias.com\\\/noticias\\\/\",\"name\":\"El Digital de Asturias - Diario de actualidad y noticias\",\"alternateName\":\"El Digital de Asturias - Diario de actualidad y noticias\",\"description\":\"Hemeroteca\",\"inLanguage\":\"es-ES\",\"publisher\":{\"@id\":\"https:\\\/\\\/www.eldigitaldeasturias.com\\\/noticias\\\/#organization\"}}]}\n\t\t<\/script>\n\t\t<!-- All in One SEO Pro -->\r\n\t\t<title>Equo denuncia que la nueva tarifa de la luz penaliza a las rentas m\u00e1s bajas - El Digital de Asturias<\/title>\n\n","aioseo_head_json":{"title":"Equo denuncia que la nueva tarifa de la luz penaliza a las rentas m\u00e1s bajas - El Digital de Asturias","description":"Madrid, 6 feb (EFE).- Equo ha denunciado hoy que la nueva subida del recibo de la luz penaliza a las rentas m\u00e1s bajas y supone una nueva carga para el peque\u00f1o consumidor. En una nota de prensa, esta formaci\u00f3n pol\u00edtica ha se\u00f1alado, adem\u00e1s, que la subida del t\u00e9rmino fijo de la factura el\u00e9ctrica desincentiva las","canonical_url":"https:\/\/www.eldigitaldeasturias.com\/noticias\/equo-denuncia-que-la-nueva-tarifa-de-la-luz-penaliza-a-las-rentas-mas-bajas\/","robots":"max-image-preview:large","keywords":"actualidad","webmasterTools":{"google-site-verification":"UA-38556648-1","msvalidate.01":"7dfe9f3f1b24437ab69f4f2559babe99","miscellaneous":""},"schema":{"@context":"https:\/\/schema.org","@graph":[{"@type":"BlogPosting","@id":"https:\/\/www.eldigitaldeasturias.com\/noticias\/equo-denuncia-que-la-nueva-tarifa-de-la-luz-penaliza-a-las-rentas-mas-bajas\/#blogposting","name":"Equo denuncia que la nueva tarifa de la luz penaliza a las rentas m\u00e1s bajas - El Digital de Asturias","headline":"Equo denuncia que la nueva tarifa de la luz penaliza a las rentas m\u00e1s bajas","author":{"@id":"https:\/\/www.eldigitaldeasturias.com\/noticias\/author\/admin\/#author"},"publisher":{"@id":"https:\/\/www.eldigitaldeasturias.com\/noticias\/#organization"},"image":{"@type":"ImageObject","url":484979},"datePublished":"2014-02-06T15:41:09+01:00","dateModified":"2014-02-06T15:41:09+01:00","inLanguage":"es-ES","mainEntityOfPage":{"@id":"https:\/\/www.eldigitaldeasturias.com\/noticias\/equo-denuncia-que-la-nueva-tarifa-de-la-luz-penaliza-a-las-rentas-mas-bajas\/#webpage"},"isPartOf":{"@id":"https:\/\/www.eldigitaldeasturias.com\/noticias\/equo-denuncia-que-la-nueva-tarifa-de-la-luz-penaliza-a-las-rentas-mas-bajas\/#webpage"},"articleSection":"Actualidad"},{"@type":"BreadcrumbList","@id":"https:\/\/www.eldigitaldeasturias.com\/noticias\/equo-denuncia-que-la-nueva-tarifa-de-la-luz-penaliza-a-las-rentas-mas-bajas\/#breadcrumblist","itemListElement":[{"@type":"ListItem","@id":"https:\/\/www.eldigitaldeasturias.com\/noticias#listItem","position":1,"name":"Home","item":"https:\/\/www.eldigitaldeasturias.com\/noticias","nextItem":{"@type":"ListItem","@id":"https:\/\/www.eldigitaldeasturias.com\/noticias\/category\/actualidad\/#listItem","name":"Actualidad"}},{"@type":"ListItem","@id":"https:\/\/www.eldigitaldeasturias.com\/noticias\/category\/actualidad\/#listItem","position":2,"name":"Actualidad","item":"https:\/\/www.eldigitaldeasturias.com\/noticias\/category\/actualidad\/","nextItem":{"@type":"ListItem","@id":"https:\/\/www.eldigitaldeasturias.com\/noticias\/equo-denuncia-que-la-nueva-tarifa-de-la-luz-penaliza-a-las-rentas-mas-bajas\/#listItem","name":"Equo denuncia que la nueva tarifa de la luz penaliza a las rentas m\u00e1s bajas"},"previousItem":{"@type":"ListItem","@id":"https:\/\/www.eldigitaldeasturias.com\/noticias#listItem","name":"Home"}},{"@type":"ListItem","@id":"https:\/\/www.eldigitaldeasturias.com\/noticias\/equo-denuncia-que-la-nueva-tarifa-de-la-luz-penaliza-a-las-rentas-mas-bajas\/#listItem","position":3,"name":"Equo denuncia que la nueva tarifa de la luz penaliza a las rentas m\u00e1s bajas","previousItem":{"@type":"ListItem","@id":"https:\/\/www.eldigitaldeasturias.com\/noticias\/category\/actualidad\/#listItem","name":"Actualidad"}}]},{"@type":"Organization","@id":"https:\/\/www.eldigitaldeasturias.com\/noticias\/#organization","name":"El Digital de Asturias","description":"Hemeroteca","url":"https:\/\/www.eldigitaldeasturias.com\/noticias\/","email":"info@eldigitaldeasturias.com","telephone":"+34652131393","logo":{"@type":"ImageObject","url":"https:\/\/www.eldigitaldeasturias.com\/noticias\/wp-content\/uploads\/2020\/12\/EDA.jpg","@id":"https:\/\/www.eldigitaldeasturias.com\/noticias\/equo-denuncia-que-la-nueva-tarifa-de-la-luz-penaliza-a-las-rentas-mas-bajas\/#organizationLogo"},"image":{"@id":"https:\/\/www.eldigitaldeasturias.com\/noticias\/equo-denuncia-que-la-nueva-tarifa-de-la-luz-penaliza-a-las-rentas-mas-bajas\/#organizationLogo"},"sameAs":["https:\/\/facebook.com\/eldigitaldeasturias","https:\/\/www.youtube.com\/channel\/UCZP-2wLEB9Rv6erhFmqVnvg"],"address":{"@id":"https:\/\/www.eldigitaldeasturias.com\/noticias\/#postaladdress","@type":"PostalAddress","streetAddress":"san antonio 4","postalCode":"33430","addressLocality":"Cand\u00e1s","addressRegion":"Asturias","addressCountry":"ES"}},{"@type":"Person","@id":"https:\/\/www.eldigitaldeasturias.com\/noticias\/author\/admin\/#author","url":"https:\/\/www.eldigitaldeasturias.com\/noticias\/author\/admin\/","name":"El Digital de Asturias","image":{"@type":"ImageObject","@id":"https:\/\/www.eldigitaldeasturias.com\/noticias\/equo-denuncia-que-la-nueva-tarifa-de-la-luz-penaliza-a-las-rentas-mas-bajas\/#authorImage","url":"https:\/\/secure.gravatar.com\/avatar\/df2aeffc32bcd13f8d26072ef8a91b623d677766deac7f97ca815868cd41bf5e?s=96&d=mm&r=g","width":96,"height":96,"caption":"El Digital de Asturias"}},{"@type":"WebPage","@id":"https:\/\/www.eldigitaldeasturias.com\/noticias\/equo-denuncia-que-la-nueva-tarifa-de-la-luz-penaliza-a-las-rentas-mas-bajas\/#webpage","url":"https:\/\/www.eldigitaldeasturias.com\/noticias\/equo-denuncia-que-la-nueva-tarifa-de-la-luz-penaliza-a-las-rentas-mas-bajas\/","name":"Equo denuncia que la nueva tarifa de la luz penaliza a las rentas m\u00e1s bajas - El Digital de Asturias","description":"Madrid, 6 feb (EFE).- Equo ha denunciado hoy que la nueva subida del recibo de la luz penaliza a las rentas m\u00e1s bajas y supone una nueva carga para el peque\u00f1o consumidor. En una nota de prensa, esta formaci\u00f3n pol\u00edtica ha se\u00f1alado, adem\u00e1s, que la subida del t\u00e9rmino fijo de la factura el\u00e9ctrica desincentiva las","inLanguage":"es-ES","isPartOf":{"@id":"https:\/\/www.eldigitaldeasturias.com\/noticias\/#website"},"breadcrumb":{"@id":"https:\/\/www.eldigitaldeasturias.com\/noticias\/equo-denuncia-que-la-nueva-tarifa-de-la-luz-penaliza-a-las-rentas-mas-bajas\/#breadcrumblist"},"author":{"@id":"https:\/\/www.eldigitaldeasturias.com\/noticias\/author\/admin\/#author"},"creator":{"@id":"https:\/\/www.eldigitaldeasturias.com\/noticias\/author\/admin\/#author"},"image":{"@type":"ImageObject","url":484979,"@id":"https:\/\/www.eldigitaldeasturias.com\/noticias\/equo-denuncia-que-la-nueva-tarifa-de-la-luz-penaliza-a-las-rentas-mas-bajas\/#mainImage"},"primaryImageOfPage":{"@id":"https:\/\/www.eldigitaldeasturias.com\/noticias\/equo-denuncia-que-la-nueva-tarifa-de-la-luz-penaliza-a-las-rentas-mas-bajas\/#mainImage"},"datePublished":"2014-02-06T15:41:09+01:00","dateModified":"2014-02-06T15:41:09+01:00"},{"@type":"WebSite","@id":"https:\/\/www.eldigitaldeasturias.com\/noticias\/#website","url":"https:\/\/www.eldigitaldeasturias.com\/noticias\/","name":"El Digital de Asturias - Diario de actualidad y noticias","alternateName":"El Digital de Asturias - Diario de actualidad y noticias","description":"Hemeroteca","inLanguage":"es-ES","publisher":{"@id":"https:\/\/www.eldigitaldeasturias.com\/noticias\/#organization"}}]},"og:locale":"es_ES","og:site_name":"El Digital de Asturias","og:type":"article","og:title":"Equo denuncia que la nueva tarifa de la luz penaliza a las rentas m\u00e1s bajas - El Digital de Asturias","og:description":"Madrid, 6 feb (EFE).- Equo ha denunciado hoy que la nueva subida del recibo de la luz penaliza a las rentas m\u00e1s bajas y supone una nueva carga para el peque\u00f1o consumidor. En una nota de prensa, esta formaci\u00f3n pol\u00edtica ha se\u00f1alado, adem\u00e1s, que la subida del t\u00e9rmino fijo de la factura el\u00e9ctrica desincentiva las","og:url":"https:\/\/www.eldigitaldeasturias.com\/noticias\/equo-denuncia-que-la-nueva-tarifa-de-la-luz-penaliza-a-las-rentas-mas-bajas\/","article:tag":["actualidad"],"article:published_time":"2014-02-06T16:41:09+00:00","article:modified_time":"2014-02-06T16:41:09+00:00","article:publisher":"https:\/\/facebook.com\/eldigitaldeasturias","twitter:card":"summary_large_image","twitter:title":"Equo denuncia que la nueva tarifa de la luz penaliza a las rentas m\u00e1s bajas - El Digital de Asturias","twitter:description":"Madrid, 6 feb (EFE).- Equo ha denunciado hoy que la nueva subida del recibo de la luz penaliza a las rentas m\u00e1s bajas y supone una nueva carga para el peque\u00f1o consumidor. En una nota de prensa, esta formaci\u00f3n pol\u00edtica ha se\u00f1alado, adem\u00e1s, que la subida del t\u00e9rmino fijo de la factura el\u00e9ctrica desincentiva las","twitter:label1":"Escrito por","twitter:data1":"El Digital de Asturias","twitter:label2":"Tiempo de lectura estimado","twitter:data2":"2 minutos"},"aioseo_meta_data":{"post_id":"484978","title":null,"description":null,"keywords":null,"keyphrases":null,"primary_term":null,"canonical_url":null,"og_title":null,"og_description":null,"og_object_type":"default","og_image_type":"default","og_image_url":null,"og_image_width":null,"og_image_height":null,"og_image_custom_url":null,"og_image_custom_fields":null,"og_video":null,"og_custom_url":null,"og_article_section":null,"og_article_tags":null,"twitter_use_og":true,"twitter_card":"default","twitter_image_type":"default","twitter_image_url":null,"twitter_image_custom_url":null,"twitter_image_custom_fields":null,"twitter_title":null,"twitter_description":null,"schema":{"blockGraphs":[],"customGraphs":[],"default":{"data":{"Article":[],"Course":[],"Dataset":[],"FAQPage":[],"Movie":[],"Person":[],"Product":[],"ProductReview":[],"Car":[],"Recipe":[],"Service":[],"SoftwareApplication":[],"WebPage":[]},"graphName":"","isEnabled":true},"graphs":[],"defaultGraph":"","defaultPostTypeGraph":""},"schema_type":null,"schema_type_options":null,"pillar_content":false,"robots_default":true,"robots_noindex":false,"robots_noarchive":false,"robots_nosnippet":false,"robots_nofollow":false,"robots_noimageindex":false,"robots_noodp":false,"robots_notranslate":false,"robots_max_snippet":null,"robots_max_videopreview":null,"robots_max_imagepreview":"none","priority":null,"frequency":null,"local_seo":null,"seo_analyzer_scan_date":"2026-06-02 18:10:58","breadcrumb_settings":null,"limit_modified_date":false,"open_ai":null,"ai":null,"created":"2020-11-14 22:55:08","updated":"2026-06-02 18:10:58","focus_keyword":null,"additional_keywords":null,"truseo_locale":null},"aioseo_breadcrumb":"<div class=\"aioseo-breadcrumbs\"><span class=\"aioseo-breadcrumb\">\n\t<a href=\"https:\/\/www.eldigitaldeasturias.com\/noticias\" title=\"Home\">Home<\/a>\n<\/span><span class=\"aioseo-breadcrumb-separator\">\u2013<\/span><span class=\"aioseo-breadcrumb\">\n\t<a href=\"https:\/\/www.eldigitaldeasturias.com\/noticias\/category\/actualidad\/\" title=\"Actualidad\">Actualidad<\/a>\n<\/span><span class=\"aioseo-breadcrumb-separator\">\u2013<\/span><span class=\"aioseo-breadcrumb\">\n\t<a href=\"https:\/\/www.eldigitaldeasturias.com\/noticias\/equo-denuncia-que-la-nueva-tarifa-de-la-luz-penaliza-a-las-rentas-mas-bajas\/\" title=\"Equo denuncia que la nueva tarifa de la luz penaliza a las rentas m\u00e1s bajas\">Equo denuncia que la nueva tarifa de la luz penaliza a las rentas m\u00e1s bajas<\/a>\n<\/span><\/div>","aioseo_breadcrumb_json":[{"label":"Home","link":"https:\/\/www.eldigitaldeasturias.com\/noticias"},{"label":"Actualidad","link":"https:\/\/www.eldigitaldeasturias.com\/noticias\/category\/actualidad\/"},{"label":"Equo denuncia que la nueva tarifa de la luz penaliza a las rentas m\u00e1s bajas","link":"https:\/\/www.eldigitaldeasturias.com\/noticias\/equo-denuncia-que-la-nueva-tarifa-de-la-luz-penaliza-a-las-rentas-mas-bajas\/"}],"_links":{"self":[{"href":"https:\/\/www.eldigitaldeasturias.com\/noticias\/wp-json\/wp\/v2\/posts\/484978","targetHints":{"allow":["GET"]}}],"collection":[{"href":"https:\/\/www.eldigitaldeasturias.com\/noticias\/wp-json\/wp\/v2\/posts"}],"about":[{"href":"https:\/\/www.eldigitaldeasturias.com\/noticias\/wp-json\/wp\/v2\/types\/post"}],"author":[{"embeddable":true,"href":"https:\/\/www.eldigitaldeasturias.com\/noticias\/wp-json\/wp\/v2\/users\/1"}],"replies":[{"embeddable":true,"href":"https:\/\/www.eldigitaldeasturias.com\/noticias\/wp-json\/wp\/v2\/comments?post=484978"}],"version-history":[{"count":0,"href":"https:\/\/www.eldigitaldeasturias.com\/noticias\/wp-json\/wp\/v2\/posts\/484978\/revisions"}],"wp:attachment":[{"href":"https:\/\/www.eldigitaldeasturias.com\/noticias\/wp-json\/wp\/v2\/media?parent=484978"}],"wp:term":[{"taxonomy":"category","embeddable":true,"href":"https:\/\/www.eldigitaldeasturias.com\/noticias\/wp-json\/wp\/v2\/categories?post=484978"},{"taxonomy":"post_tag","embeddable":true,"href":"https:\/\/www.eldigitaldeasturias.com\/noticias\/wp-json\/wp\/v2\/tags?post=484978"}],"curies":[{"name":"wp","href":"https:\/\/api.w.org\/{rel}","templated":true}]}}