{"id":484939,"date":"2014-02-06T15:19:22","date_gmt":"2014-02-06T16:19:22","guid":{"rendered":"http:\/\/www.eldigitaldeasturias.com\/noticias\/?p=484939"},"modified":"2014-02-06T15:19:22","modified_gmt":"2014-02-06T16:19:22","slug":"rajoy-se-reunio-con-urkullu-en-moncloa-para-analizar-el-final-de-eta","status":"publish","type":"post","link":"https:\/\/www.eldigitaldeasturias.com\/noticias\/rajoy-se-reunio-con-urkullu-en-moncloa-para-analizar-el-final-de-eta\/","title":{"rendered":"Rajoy se reuni\u00f3 con Urkullu en Moncloa para analizar el final de ETA"},"content":{"rendered":"<p><img loading=\"lazy\" decoding=\"async\" class=\"alignleft size-medium wp-image-484940\" alt=\"5911753w\" src=\"https:\/\/www.eldigitaldeasturias.com\/noticias\/wp-content\/uploads\/2014\/02\/5911753w-360x238.jpg\" width=\"360\" height=\"238\" \/>Madrid\/Vitoria, 5 feb (EFE).- El presidente del Gobierno, Mariano Rajoy, analiz\u00f3 ayer el final de ETA en una reuni\u00f3n que mantuvo en el Palacio de la Moncloa con el lehendakari, \u00cd\u00f1igo Urkullu, quien el pasado viernes se entrevist\u00f3 en Bilbao con el l\u00edder del PSOE, Alfredo P\u00e9rez Rubalcaba.<\/p>\n<p>Seg\u00fan han informado a Efe fuentes conocedoras de la reuni\u00f3n entre Rajoy y Urkullu, la entrevista, que dur\u00f3 una hora y media, se decidi\u00f3 que se celebrara de forma discreta y ni fuentes del Ejecutivo central ni del vasco la han confirmado oficialmente.<\/p>\n<p>Hoy Urkullu ha participado en Madrid en un desayuno informativo en el que no ha querido desvelar si ayer se reuni\u00f3 con Rajoy y se ha limitado a se\u00f1alar que esa cita \u00abha sido o ser\u00e1, habr\u00e1 sido o ser\u00e1 con total discreci\u00f3n\u00bb a petici\u00f3n de una de las partes y ha confiado que eso redunde en su \u00abefectividad\u00bb.<\/p>\n<p>El principal asunto del que hablaron en su reuni\u00f3n fue sobre el final de ETA, aunque, seg\u00fan las fuentes citadas, se repasaron tambi\u00e9n otras cuestiones.<\/p>\n<p>La situaci\u00f3n de ETA fue tambi\u00e9n el centro de la reuni\u00f3n que Urkullu mantuvo el pasado viernes en Bilbao con Rubalcaba aprovechando la presencia en el Pa\u00eds Vasco del secretario general del PSOE.<\/p>\n<p>En esa cita estuvo presente tambi\u00e9n el l\u00edder de los socialistas vascos, Patxi L\u00f3pez, y en ella, seg\u00fan han informado a Efe fuentes socialistas, hubo coincidencia en la necesidad de reforzar la unidad de los partidos para conseguir la disoluci\u00f3n de ETA.<\/p>\n<p>Urkullu, Rubalcaba y L\u00f3pez, que tambi\u00e9n analizaron el pacto por el empleo firmado por los partidos vascos, quedaron en seguir hablando en las pr\u00f3ximas fechas.<\/p>\n<p>Respecto a la reuni\u00f3n en Moncloa entre Urkullu y Rajoy, el lehendakari ya hab\u00eda anunciado su intenci\u00f3n de poner sobre la mesa la necesidad de construir la \u00abconvivencia pol\u00edtica\u00bb en Euskadi una vez que han transcurrido ya m\u00e1s de dos a\u00f1os desde el fin de la actividad terrorista de ETA.<\/p>\n<p>Su objetivo es fomentar la coordinaci\u00f3n institucional entre ambos gobiernos, con la participaci\u00f3n de los principales partidos y crear un equipo que resuelva los flecos pendientes del final del terrorismo, as\u00ed como las cuestiones relacionadas con las v\u00edctimas y los presos etarras.<\/p>\n<p>No obstante, el lehendakari siempre ha defendido tambi\u00e9n la necesidad de acometer cambios en la pol\u00edtica penitenciaria que afecta a los presos de ETA.<\/p>\n<p>Junto a estas cuestiones, Urkullu anunci\u00f3 que quer\u00eda plantear a Rajoy otros asuntos como el c\u00e1lculo del Cupo, las transferencias pendientes, agilizar las inversiones en el Tren de Alta Velocidad y la revisi\u00f3n de leyes consideradas \u00abrecentralizadoras\u00bb por el Ejecutivo vasco.<\/p>\n<p>Hasta la semana pasada, el Gobierno vasco reclam\u00f3 en varias ocasiones la celebraci\u00f3n de esta cita, ya que el lehendakari no se re\u00fane de manera oficial con el jefe del Ejecutivo desde el pasado 15 de julio.<\/p>\n<p>La reuni\u00f3n con Urkullu se hizo efectiva despu\u00e9s de que el pasado 15 de enero Rajoy recibiera en La Moncloa a la presidenta del PP vasco, Arantza Quiroga, y ambos concluyeran en que se debe evitar una ruptura con el PNV en la pol\u00edtica para el final del terrorismo, ya que, seg\u00fan indicaron, esto es lo que busca la izquierda abertzale para crear un frente nacionalista.<\/p>\n<p>Adem\u00e1s Rajoy ha anunciado que visitar\u00e1 pr\u00f3ximamente el Pa\u00eds Vasco para explicar el trabajo que se ha hecho en los \u00faltimos cuarenta a\u00f1os contra ETA y para que no parezca que la derrota de la organizaci\u00f3n terrorista se convierte en una victoria de la izquierda abertzale.<\/p>\n","protected":false},"excerpt":{"rendered":"<p>Madrid\/Vitoria, 5 feb (EFE).- El presidente del Gobierno, Mariano Rajoy, analiz\u00f3 ayer el final de ETA en una reuni\u00f3n que mantuvo en el Palacio de la Moncloa con el lehendakari, \u00cd\u00f1igo Urkullu, quien el pasado viernes se entrevist\u00f3 en Bilbao con el l\u00edder del PSOE, Alfredo P\u00e9rez Rubalcaba. Seg\u00fan han informado a Efe fuentes conocedoras [&hellip;]<\/p>\n","protected":false},"author":1,"featured_media":484940,"comment_status":"closed","ping_status":"open","sticky":false,"template":"","format":"standard","meta":{"footnotes":""},"categories":[1],"tags":[],"class_list":["post-484939","post","type-post","status-publish","format-standard","has-post-thumbnail","hentry","category-actualidad"],"aioseo_notices":[],"aioseo_head":"\n\t\t<!-- All in One SEO Pro 5.0.1 - aioseo.com -->\n\t<meta name=\"description\" content=\"Madrid\/Vitoria, 5 feb (EFE).- El presidente del Gobierno, Mariano Rajoy, analiz\u00f3 ayer el final de ETA en una reuni\u00f3n que mantuvo en el Palacio de la Moncloa con el lehendakari, \u00cd\u00f1igo Urkullu, quien el pasado viernes se entrevist\u00f3 en Bilbao con el l\u00edder del PSOE, Alfredo P\u00e9rez Rubalcaba. Seg\u00fan han informado a Efe fuentes conocedoras\" \/>\n\t<meta name=\"robots\" content=\"max-image-preview:large\" \/>\n\t<meta name=\"author\" content=\"El Digital de Asturias\"\/>\n\t<meta name=\"google-site-verification\" content=\"UA-38556648-1\" \/>\n\t<meta name=\"msvalidate.01\" content=\"7dfe9f3f1b24437ab69f4f2559babe99\" \/>\n\t<meta name=\"keywords\" content=\"actualidad\" \/>\n\t<link rel=\"canonical\" href=\"https:\/\/www.eldigitaldeasturias.com\/noticias\/rajoy-se-reunio-con-urkullu-en-moncloa-para-analizar-el-final-de-eta\/\" \/>\n\t<meta name=\"generator\" content=\"All in One SEO Pro (AIOSEO) 5.0.1\" \/>\n\t\t<meta property=\"og:locale\" content=\"es_ES\" \/>\n\t\t<meta property=\"og:site_name\" content=\"El Digital de Asturias\" \/>\n\t\t<meta property=\"og:type\" content=\"article\" \/>\n\t\t<meta property=\"og:title\" content=\"Rajoy se reuni\u00f3 con Urkullu en Moncloa para analizar el final de ETA - El Digital de Asturias\" \/>\n\t\t<meta property=\"og:description\" content=\"Madrid\/Vitoria, 5 feb (EFE).- El presidente del Gobierno, Mariano Rajoy, analiz\u00f3 ayer el final de ETA en una reuni\u00f3n que mantuvo en el Palacio de la Moncloa con el lehendakari, \u00cd\u00f1igo Urkullu, quien el pasado viernes se entrevist\u00f3 en Bilbao con el l\u00edder del PSOE, Alfredo P\u00e9rez Rubalcaba. Seg\u00fan han informado a Efe fuentes conocedoras\" \/>\n\t\t<meta property=\"og:url\" content=\"https:\/\/www.eldigitaldeasturias.com\/noticias\/rajoy-se-reunio-con-urkullu-en-moncloa-para-analizar-el-final-de-eta\/\" \/>\n\t\t<meta property=\"article:tag\" content=\"actualidad\" \/>\n\t\t<meta property=\"article:published_time\" content=\"2014-02-06T16:19:22+00:00\" \/>\n\t\t<meta property=\"article:modified_time\" content=\"2014-02-06T16:19:22+00:00\" \/>\n\t\t<meta property=\"article:publisher\" content=\"https:\/\/facebook.com\/eldigitaldeasturias\" \/>\n\t\t<meta name=\"twitter:card\" content=\"summary_large_image\" \/>\n\t\t<meta name=\"twitter:title\" content=\"Rajoy se reuni\u00f3 con Urkullu en Moncloa para analizar el final de ETA - El Digital de Asturias\" \/>\n\t\t<meta name=\"twitter:description\" content=\"Madrid\/Vitoria, 5 feb (EFE).- El presidente del Gobierno, Mariano Rajoy, analiz\u00f3 ayer el final de ETA en una reuni\u00f3n que mantuvo en el Palacio de la Moncloa con el lehendakari, \u00cd\u00f1igo Urkullu, quien el pasado viernes se entrevist\u00f3 en Bilbao con el l\u00edder del PSOE, Alfredo P\u00e9rez Rubalcaba. Seg\u00fan han informado a Efe fuentes conocedoras\" \/>\n\t\t<meta name=\"twitter:label1\" content=\"Escrito por\" \/>\n\t\t<meta name=\"twitter:data1\" content=\"El Digital de Asturias\" \/>\n\t\t<meta name=\"twitter:label2\" content=\"Tiempo de lectura estimado\" \/>\n\t\t<meta name=\"twitter:data2\" content=\"3 minutos\" \/>\n\t\t<script type=\"application\/ld+json\" class=\"aioseo-schema\">\n\t\t\t{\"@context\":\"https:\\\/\\\/schema.org\",\"@graph\":[{\"@type\":\"BlogPosting\",\"@id\":\"https:\\\/\\\/www.eldigitaldeasturias.com\\\/noticias\\\/rajoy-se-reunio-con-urkullu-en-moncloa-para-analizar-el-final-de-eta\\\/#blogposting\",\"name\":\"Rajoy se reuni\\u00f3 con Urkullu en Moncloa para analizar el final de ETA - El Digital de Asturias\",\"headline\":\"Rajoy se reuni\\u00f3 con Urkullu en Moncloa para analizar el final de ETA\",\"author\":{\"@id\":\"https:\\\/\\\/www.eldigitaldeasturias.com\\\/noticias\\\/author\\\/admin\\\/#author\"},\"publisher\":{\"@id\":\"https:\\\/\\\/www.eldigitaldeasturias.com\\\/noticias\\\/#organization\"},\"image\":{\"@type\":\"ImageObject\",\"url\":484940},\"datePublished\":\"2014-02-06T15:19:22+01:00\",\"dateModified\":\"2014-02-06T15:19:22+01:00\",\"inLanguage\":\"es-ES\",\"mainEntityOfPage\":{\"@id\":\"https:\\\/\\\/www.eldigitaldeasturias.com\\\/noticias\\\/rajoy-se-reunio-con-urkullu-en-moncloa-para-analizar-el-final-de-eta\\\/#webpage\"},\"isPartOf\":{\"@id\":\"https:\\\/\\\/www.eldigitaldeasturias.com\\\/noticias\\\/rajoy-se-reunio-con-urkullu-en-moncloa-para-analizar-el-final-de-eta\\\/#webpage\"},\"articleSection\":\"Actualidad\"},{\"@type\":\"BreadcrumbList\",\"@id\":\"https:\\\/\\\/www.eldigitaldeasturias.com\\\/noticias\\\/rajoy-se-reunio-con-urkullu-en-moncloa-para-analizar-el-final-de-eta\\\/#breadcrumblist\",\"itemListElement\":[{\"@type\":\"ListItem\",\"@id\":\"https:\\\/\\\/www.eldigitaldeasturias.com\\\/noticias#listItem\",\"position\":1,\"name\":\"Home\",\"item\":\"https:\\\/\\\/www.eldigitaldeasturias.com\\\/noticias\",\"nextItem\":{\"@type\":\"ListItem\",\"@id\":\"https:\\\/\\\/www.eldigitaldeasturias.com\\\/noticias\\\/category\\\/actualidad\\\/#listItem\",\"name\":\"Actualidad\"}},{\"@type\":\"ListItem\",\"@id\":\"https:\\\/\\\/www.eldigitaldeasturias.com\\\/noticias\\\/category\\\/actualidad\\\/#listItem\",\"position\":2,\"name\":\"Actualidad\",\"item\":\"https:\\\/\\\/www.eldigitaldeasturias.com\\\/noticias\\\/category\\\/actualidad\\\/\",\"nextItem\":{\"@type\":\"ListItem\",\"@id\":\"https:\\\/\\\/www.eldigitaldeasturias.com\\\/noticias\\\/rajoy-se-reunio-con-urkullu-en-moncloa-para-analizar-el-final-de-eta\\\/#listItem\",\"name\":\"Rajoy se reuni\\u00f3 con Urkullu en Moncloa para analizar el final de ETA\"},\"previousItem\":{\"@type\":\"ListItem\",\"@id\":\"https:\\\/\\\/www.eldigitaldeasturias.com\\\/noticias#listItem\",\"name\":\"Home\"}},{\"@type\":\"ListItem\",\"@id\":\"https:\\\/\\\/www.eldigitaldeasturias.com\\\/noticias\\\/rajoy-se-reunio-con-urkullu-en-moncloa-para-analizar-el-final-de-eta\\\/#listItem\",\"position\":3,\"name\":\"Rajoy se reuni\\u00f3 con Urkullu en Moncloa para analizar el final de ETA\",\"previousItem\":{\"@type\":\"ListItem\",\"@id\":\"https:\\\/\\\/www.eldigitaldeasturias.com\\\/noticias\\\/category\\\/actualidad\\\/#listItem\",\"name\":\"Actualidad\"}}]},{\"@type\":\"Organization\",\"@id\":\"https:\\\/\\\/www.eldigitaldeasturias.com\\\/noticias\\\/#organization\",\"name\":\"El Digital de Asturias\",\"description\":\"Hemeroteca\",\"url\":\"https:\\\/\\\/www.eldigitaldeasturias.com\\\/noticias\\\/\",\"email\":\"info@eldigitaldeasturias.com\",\"telephone\":\"+34652131393\",\"logo\":{\"@type\":\"ImageObject\",\"url\":\"https:\\\/\\\/www.eldigitaldeasturias.com\\\/noticias\\\/wp-content\\\/uploads\\\/2020\\\/12\\\/EDA.jpg\",\"@id\":\"https:\\\/\\\/www.eldigitaldeasturias.com\\\/noticias\\\/rajoy-se-reunio-con-urkullu-en-moncloa-para-analizar-el-final-de-eta\\\/#organizationLogo\"},\"image\":{\"@id\":\"https:\\\/\\\/www.eldigitaldeasturias.com\\\/noticias\\\/rajoy-se-reunio-con-urkullu-en-moncloa-para-analizar-el-final-de-eta\\\/#organizationLogo\"},\"sameAs\":[\"https:\\\/\\\/facebook.com\\\/eldigitaldeasturias\",\"https:\\\/\\\/www.youtube.com\\\/channel\\\/UCZP-2wLEB9Rv6erhFmqVnvg\"],\"address\":{\"@id\":\"https:\\\/\\\/www.eldigitaldeasturias.com\\\/noticias\\\/#postaladdress\",\"@type\":\"PostalAddress\",\"streetAddress\":\"san antonio 4\",\"postalCode\":\"33430\",\"addressLocality\":\"Cand\\u00e1s\",\"addressRegion\":\"Asturias\",\"addressCountry\":\"ES\"}},{\"@type\":\"Person\",\"@id\":\"https:\\\/\\\/www.eldigitaldeasturias.com\\\/noticias\\\/author\\\/admin\\\/#author\",\"url\":\"https:\\\/\\\/www.eldigitaldeasturias.com\\\/noticias\\\/author\\\/admin\\\/\",\"name\":\"El Digital de Asturias\",\"image\":{\"@type\":\"ImageObject\",\"@id\":\"https:\\\/\\\/www.eldigitaldeasturias.com\\\/noticias\\\/rajoy-se-reunio-con-urkullu-en-moncloa-para-analizar-el-final-de-eta\\\/#authorImage\",\"url\":\"https:\\\/\\\/secure.gravatar.com\\\/avatar\\\/df2aeffc32bcd13f8d26072ef8a91b623d677766deac7f97ca815868cd41bf5e?s=96&d=mm&r=g\",\"width\":96,\"height\":96,\"caption\":\"El Digital de Asturias\"}},{\"@type\":\"WebPage\",\"@id\":\"https:\\\/\\\/www.eldigitaldeasturias.com\\\/noticias\\\/rajoy-se-reunio-con-urkullu-en-moncloa-para-analizar-el-final-de-eta\\\/#webpage\",\"url\":\"https:\\\/\\\/www.eldigitaldeasturias.com\\\/noticias\\\/rajoy-se-reunio-con-urkullu-en-moncloa-para-analizar-el-final-de-eta\\\/\",\"name\":\"Rajoy se reuni\\u00f3 con Urkullu en Moncloa para analizar el final de ETA - El Digital de Asturias\",\"description\":\"Madrid\\\/Vitoria, 5 feb (EFE).- El presidente del Gobierno, Mariano Rajoy, analiz\\u00f3 ayer el final de ETA en una reuni\\u00f3n que mantuvo en el Palacio de la Moncloa con el lehendakari, \\u00cd\\u00f1igo Urkullu, quien el pasado viernes se entrevist\\u00f3 en Bilbao con el l\\u00edder del PSOE, Alfredo P\\u00e9rez Rubalcaba. Seg\\u00fan han informado a Efe fuentes conocedoras\",\"inLanguage\":\"es-ES\",\"isPartOf\":{\"@id\":\"https:\\\/\\\/www.eldigitaldeasturias.com\\\/noticias\\\/#website\"},\"breadcrumb\":{\"@id\":\"https:\\\/\\\/www.eldigitaldeasturias.com\\\/noticias\\\/rajoy-se-reunio-con-urkullu-en-moncloa-para-analizar-el-final-de-eta\\\/#breadcrumblist\"},\"author\":{\"@id\":\"https:\\\/\\\/www.eldigitaldeasturias.com\\\/noticias\\\/author\\\/admin\\\/#author\"},\"creator\":{\"@id\":\"https:\\\/\\\/www.eldigitaldeasturias.com\\\/noticias\\\/author\\\/admin\\\/#author\"},\"image\":{\"@type\":\"ImageObject\",\"url\":484940,\"@id\":\"https:\\\/\\\/www.eldigitaldeasturias.com\\\/noticias\\\/rajoy-se-reunio-con-urkullu-en-moncloa-para-analizar-el-final-de-eta\\\/#mainImage\"},\"primaryImageOfPage\":{\"@id\":\"https:\\\/\\\/www.eldigitaldeasturias.com\\\/noticias\\\/rajoy-se-reunio-con-urkullu-en-moncloa-para-analizar-el-final-de-eta\\\/#mainImage\"},\"datePublished\":\"2014-02-06T15:19:22+01:00\",\"dateModified\":\"2014-02-06T15:19:22+01:00\"},{\"@type\":\"WebSite\",\"@id\":\"https:\\\/\\\/www.eldigitaldeasturias.com\\\/noticias\\\/#website\",\"url\":\"https:\\\/\\\/www.eldigitaldeasturias.com\\\/noticias\\\/\",\"name\":\"El Digital de Asturias - Diario de actualidad y noticias\",\"alternateName\":\"El Digital de Asturias - Diario de actualidad y noticias\",\"description\":\"Hemeroteca\",\"inLanguage\":\"es-ES\",\"publisher\":{\"@id\":\"https:\\\/\\\/www.eldigitaldeasturias.com\\\/noticias\\\/#organization\"}}]}\n\t\t<\/script>\n\t\t<!-- All in One SEO Pro -->\r\n\t\t<title>Rajoy se reuni\u00f3 con Urkullu en Moncloa para analizar el final de ETA - El Digital de Asturias<\/title>\n\n","aioseo_head_json":{"title":"Rajoy se reuni\u00f3 con Urkullu en Moncloa para analizar el final de ETA - El Digital de Asturias","description":"Madrid\/Vitoria, 5 feb (EFE).- El presidente del Gobierno, Mariano Rajoy, analiz\u00f3 ayer el final de ETA en una reuni\u00f3n que mantuvo en el Palacio de la Moncloa con el lehendakari, \u00cd\u00f1igo Urkullu, quien el pasado viernes se entrevist\u00f3 en Bilbao con el l\u00edder del PSOE, Alfredo P\u00e9rez Rubalcaba. Seg\u00fan han informado a Efe fuentes conocedoras","canonical_url":"https:\/\/www.eldigitaldeasturias.com\/noticias\/rajoy-se-reunio-con-urkullu-en-moncloa-para-analizar-el-final-de-eta\/","robots":"max-image-preview:large","keywords":"actualidad","webmasterTools":{"google-site-verification":"UA-38556648-1","msvalidate.01":"7dfe9f3f1b24437ab69f4f2559babe99","miscellaneous":""},"schema":{"@context":"https:\/\/schema.org","@graph":[{"@type":"BlogPosting","@id":"https:\/\/www.eldigitaldeasturias.com\/noticias\/rajoy-se-reunio-con-urkullu-en-moncloa-para-analizar-el-final-de-eta\/#blogposting","name":"Rajoy se reuni\u00f3 con Urkullu en Moncloa para analizar el final de ETA - El Digital de Asturias","headline":"Rajoy se reuni\u00f3 con Urkullu en Moncloa para analizar el final de ETA","author":{"@id":"https:\/\/www.eldigitaldeasturias.com\/noticias\/author\/admin\/#author"},"publisher":{"@id":"https:\/\/www.eldigitaldeasturias.com\/noticias\/#organization"},"image":{"@type":"ImageObject","url":484940},"datePublished":"2014-02-06T15:19:22+01:00","dateModified":"2014-02-06T15:19:22+01:00","inLanguage":"es-ES","mainEntityOfPage":{"@id":"https:\/\/www.eldigitaldeasturias.com\/noticias\/rajoy-se-reunio-con-urkullu-en-moncloa-para-analizar-el-final-de-eta\/#webpage"},"isPartOf":{"@id":"https:\/\/www.eldigitaldeasturias.com\/noticias\/rajoy-se-reunio-con-urkullu-en-moncloa-para-analizar-el-final-de-eta\/#webpage"},"articleSection":"Actualidad"},{"@type":"BreadcrumbList","@id":"https:\/\/www.eldigitaldeasturias.com\/noticias\/rajoy-se-reunio-con-urkullu-en-moncloa-para-analizar-el-final-de-eta\/#breadcrumblist","itemListElement":[{"@type":"ListItem","@id":"https:\/\/www.eldigitaldeasturias.com\/noticias#listItem","position":1,"name":"Home","item":"https:\/\/www.eldigitaldeasturias.com\/noticias","nextItem":{"@type":"ListItem","@id":"https:\/\/www.eldigitaldeasturias.com\/noticias\/category\/actualidad\/#listItem","name":"Actualidad"}},{"@type":"ListItem","@id":"https:\/\/www.eldigitaldeasturias.com\/noticias\/category\/actualidad\/#listItem","position":2,"name":"Actualidad","item":"https:\/\/www.eldigitaldeasturias.com\/noticias\/category\/actualidad\/","nextItem":{"@type":"ListItem","@id":"https:\/\/www.eldigitaldeasturias.com\/noticias\/rajoy-se-reunio-con-urkullu-en-moncloa-para-analizar-el-final-de-eta\/#listItem","name":"Rajoy se reuni\u00f3 con Urkullu en Moncloa para analizar el final de ETA"},"previousItem":{"@type":"ListItem","@id":"https:\/\/www.eldigitaldeasturias.com\/noticias#listItem","name":"Home"}},{"@type":"ListItem","@id":"https:\/\/www.eldigitaldeasturias.com\/noticias\/rajoy-se-reunio-con-urkullu-en-moncloa-para-analizar-el-final-de-eta\/#listItem","position":3,"name":"Rajoy se reuni\u00f3 con Urkullu en Moncloa para analizar el final de ETA","previousItem":{"@type":"ListItem","@id":"https:\/\/www.eldigitaldeasturias.com\/noticias\/category\/actualidad\/#listItem","name":"Actualidad"}}]},{"@type":"Organization","@id":"https:\/\/www.eldigitaldeasturias.com\/noticias\/#organization","name":"El Digital de Asturias","description":"Hemeroteca","url":"https:\/\/www.eldigitaldeasturias.com\/noticias\/","email":"info@eldigitaldeasturias.com","telephone":"+34652131393","logo":{"@type":"ImageObject","url":"https:\/\/www.eldigitaldeasturias.com\/noticias\/wp-content\/uploads\/2020\/12\/EDA.jpg","@id":"https:\/\/www.eldigitaldeasturias.com\/noticias\/rajoy-se-reunio-con-urkullu-en-moncloa-para-analizar-el-final-de-eta\/#organizationLogo"},"image":{"@id":"https:\/\/www.eldigitaldeasturias.com\/noticias\/rajoy-se-reunio-con-urkullu-en-moncloa-para-analizar-el-final-de-eta\/#organizationLogo"},"sameAs":["https:\/\/facebook.com\/eldigitaldeasturias","https:\/\/www.youtube.com\/channel\/UCZP-2wLEB9Rv6erhFmqVnvg"],"address":{"@id":"https:\/\/www.eldigitaldeasturias.com\/noticias\/#postaladdress","@type":"PostalAddress","streetAddress":"san antonio 4","postalCode":"33430","addressLocality":"Cand\u00e1s","addressRegion":"Asturias","addressCountry":"ES"}},{"@type":"Person","@id":"https:\/\/www.eldigitaldeasturias.com\/noticias\/author\/admin\/#author","url":"https:\/\/www.eldigitaldeasturias.com\/noticias\/author\/admin\/","name":"El Digital de Asturias","image":{"@type":"ImageObject","@id":"https:\/\/www.eldigitaldeasturias.com\/noticias\/rajoy-se-reunio-con-urkullu-en-moncloa-para-analizar-el-final-de-eta\/#authorImage","url":"https:\/\/secure.gravatar.com\/avatar\/df2aeffc32bcd13f8d26072ef8a91b623d677766deac7f97ca815868cd41bf5e?s=96&d=mm&r=g","width":96,"height":96,"caption":"El Digital de Asturias"}},{"@type":"WebPage","@id":"https:\/\/www.eldigitaldeasturias.com\/noticias\/rajoy-se-reunio-con-urkullu-en-moncloa-para-analizar-el-final-de-eta\/#webpage","url":"https:\/\/www.eldigitaldeasturias.com\/noticias\/rajoy-se-reunio-con-urkullu-en-moncloa-para-analizar-el-final-de-eta\/","name":"Rajoy se reuni\u00f3 con Urkullu en Moncloa para analizar el final de ETA - El Digital de Asturias","description":"Madrid\/Vitoria, 5 feb (EFE).- El presidente del Gobierno, Mariano Rajoy, analiz\u00f3 ayer el final de ETA en una reuni\u00f3n que mantuvo en el Palacio de la Moncloa con el lehendakari, \u00cd\u00f1igo Urkullu, quien el pasado viernes se entrevist\u00f3 en Bilbao con el l\u00edder del PSOE, Alfredo P\u00e9rez Rubalcaba. Seg\u00fan han informado a Efe fuentes conocedoras","inLanguage":"es-ES","isPartOf":{"@id":"https:\/\/www.eldigitaldeasturias.com\/noticias\/#website"},"breadcrumb":{"@id":"https:\/\/www.eldigitaldeasturias.com\/noticias\/rajoy-se-reunio-con-urkullu-en-moncloa-para-analizar-el-final-de-eta\/#breadcrumblist"},"author":{"@id":"https:\/\/www.eldigitaldeasturias.com\/noticias\/author\/admin\/#author"},"creator":{"@id":"https:\/\/www.eldigitaldeasturias.com\/noticias\/author\/admin\/#author"},"image":{"@type":"ImageObject","url":484940,"@id":"https:\/\/www.eldigitaldeasturias.com\/noticias\/rajoy-se-reunio-con-urkullu-en-moncloa-para-analizar-el-final-de-eta\/#mainImage"},"primaryImageOfPage":{"@id":"https:\/\/www.eldigitaldeasturias.com\/noticias\/rajoy-se-reunio-con-urkullu-en-moncloa-para-analizar-el-final-de-eta\/#mainImage"},"datePublished":"2014-02-06T15:19:22+01:00","dateModified":"2014-02-06T15:19:22+01:00"},{"@type":"WebSite","@id":"https:\/\/www.eldigitaldeasturias.com\/noticias\/#website","url":"https:\/\/www.eldigitaldeasturias.com\/noticias\/","name":"El Digital de Asturias - Diario de actualidad y noticias","alternateName":"El Digital de Asturias - Diario de actualidad y noticias","description":"Hemeroteca","inLanguage":"es-ES","publisher":{"@id":"https:\/\/www.eldigitaldeasturias.com\/noticias\/#organization"}}]},"og:locale":"es_ES","og:site_name":"El Digital de Asturias","og:type":"article","og:title":"Rajoy se reuni\u00f3 con Urkullu en Moncloa para analizar el final de ETA - El Digital de Asturias","og:description":"Madrid\/Vitoria, 5 feb (EFE).- El presidente del Gobierno, Mariano Rajoy, analiz\u00f3 ayer el final de ETA en una reuni\u00f3n que mantuvo en el Palacio de la Moncloa con el lehendakari, \u00cd\u00f1igo Urkullu, quien el pasado viernes se entrevist\u00f3 en Bilbao con el l\u00edder del PSOE, Alfredo P\u00e9rez Rubalcaba. Seg\u00fan han informado a Efe fuentes conocedoras","og:url":"https:\/\/www.eldigitaldeasturias.com\/noticias\/rajoy-se-reunio-con-urkullu-en-moncloa-para-analizar-el-final-de-eta\/","article:tag":["actualidad"],"article:published_time":"2014-02-06T16:19:22+00:00","article:modified_time":"2014-02-06T16:19:22+00:00","article:publisher":"https:\/\/facebook.com\/eldigitaldeasturias","twitter:card":"summary_large_image","twitter:title":"Rajoy se reuni\u00f3 con Urkullu en Moncloa para analizar el final de ETA - El Digital de Asturias","twitter:description":"Madrid\/Vitoria, 5 feb (EFE).- El presidente del Gobierno, Mariano Rajoy, analiz\u00f3 ayer el final de ETA en una reuni\u00f3n que mantuvo en el Palacio de la Moncloa con el lehendakari, \u00cd\u00f1igo Urkullu, quien el pasado viernes se entrevist\u00f3 en Bilbao con el l\u00edder del PSOE, Alfredo P\u00e9rez Rubalcaba. Seg\u00fan han informado a Efe fuentes conocedoras","twitter:label1":"Escrito por","twitter:data1":"El Digital de Asturias","twitter:label2":"Tiempo de lectura estimado","twitter:data2":"3 minutos"},"aioseo_meta_data":{"post_id":"484939","title":null,"description":null,"keywords":null,"keyphrases":null,"primary_term":null,"canonical_url":null,"og_title":null,"og_description":null,"og_object_type":"default","og_image_type":"default","og_image_url":null,"og_image_width":null,"og_image_height":null,"og_image_custom_url":null,"og_image_custom_fields":null,"og_video":null,"og_custom_url":null,"og_article_section":null,"og_article_tags":null,"twitter_use_og":true,"twitter_card":"default","twitter_image_type":"default","twitter_image_url":null,"twitter_image_custom_url":null,"twitter_image_custom_fields":null,"twitter_title":null,"twitter_description":null,"schema":{"blockGraphs":[],"customGraphs":[],"default":{"data":{"Article":[],"Course":[],"Dataset":[],"FAQPage":[],"Movie":[],"Person":[],"Product":[],"ProductReview":[],"Car":[],"Recipe":[],"Service":[],"SoftwareApplication":[],"WebPage":[]},"graphName":"","isEnabled":true},"graphs":[],"defaultGraph":"","defaultPostTypeGraph":""},"schema_type":null,"schema_type_options":null,"pillar_content":false,"robots_default":true,"robots_noindex":false,"robots_noarchive":false,"robots_nosnippet":false,"robots_nofollow":false,"robots_noimageindex":false,"robots_noodp":false,"robots_notranslate":false,"robots_max_snippet":null,"robots_max_videopreview":null,"robots_max_imagepreview":"none","priority":null,"frequency":null,"local_seo":null,"seo_analyzer_scan_date":"2026-06-02 17:58:56","breadcrumb_settings":null,"limit_modified_date":false,"open_ai":null,"ai":null,"created":"2020-11-14 22:55:08","updated":"2026-06-02 17:58:56","focus_keyword":null,"additional_keywords":null,"truseo_locale":null},"aioseo_breadcrumb":"<div class=\"aioseo-breadcrumbs\"><span class=\"aioseo-breadcrumb\">\n\t<a href=\"https:\/\/www.eldigitaldeasturias.com\/noticias\" title=\"Home\">Home<\/a>\n<\/span><span class=\"aioseo-breadcrumb-separator\">\u2013<\/span><span class=\"aioseo-breadcrumb\">\n\t<a href=\"https:\/\/www.eldigitaldeasturias.com\/noticias\/category\/actualidad\/\" title=\"Actualidad\">Actualidad<\/a>\n<\/span><span class=\"aioseo-breadcrumb-separator\">\u2013<\/span><span class=\"aioseo-breadcrumb\">\n\t<a href=\"https:\/\/www.eldigitaldeasturias.com\/noticias\/rajoy-se-reunio-con-urkullu-en-moncloa-para-analizar-el-final-de-eta\/\" title=\"Rajoy se reuni\u00f3 con Urkullu en Moncloa para analizar el final de ETA\">Rajoy se reuni\u00f3 con Urkullu en Moncloa para analizar el final de ETA<\/a>\n<\/span><\/div>","aioseo_breadcrumb_json":[{"label":"Home","link":"https:\/\/www.eldigitaldeasturias.com\/noticias"},{"label":"Actualidad","link":"https:\/\/www.eldigitaldeasturias.com\/noticias\/category\/actualidad\/"},{"label":"Rajoy se reuni\u00f3 con Urkullu en Moncloa para analizar el final de ETA","link":"https:\/\/www.eldigitaldeasturias.com\/noticias\/rajoy-se-reunio-con-urkullu-en-moncloa-para-analizar-el-final-de-eta\/"}],"_links":{"self":[{"href":"https:\/\/www.eldigitaldeasturias.com\/noticias\/wp-json\/wp\/v2\/posts\/484939","targetHints":{"allow":["GET"]}}],"collection":[{"href":"https:\/\/www.eldigitaldeasturias.com\/noticias\/wp-json\/wp\/v2\/posts"}],"about":[{"href":"https:\/\/www.eldigitaldeasturias.com\/noticias\/wp-json\/wp\/v2\/types\/post"}],"author":[{"embeddable":true,"href":"https:\/\/www.eldigitaldeasturias.com\/noticias\/wp-json\/wp\/v2\/users\/1"}],"replies":[{"embeddable":true,"href":"https:\/\/www.eldigitaldeasturias.com\/noticias\/wp-json\/wp\/v2\/comments?post=484939"}],"version-history":[{"count":0,"href":"https:\/\/www.eldigitaldeasturias.com\/noticias\/wp-json\/wp\/v2\/posts\/484939\/revisions"}],"wp:attachment":[{"href":"https:\/\/www.eldigitaldeasturias.com\/noticias\/wp-json\/wp\/v2\/media?parent=484939"}],"wp:term":[{"taxonomy":"category","embeddable":true,"href":"https:\/\/www.eldigitaldeasturias.com\/noticias\/wp-json\/wp\/v2\/categories?post=484939"},{"taxonomy":"post_tag","embeddable":true,"href":"https:\/\/www.eldigitaldeasturias.com\/noticias\/wp-json\/wp\/v2\/tags?post=484939"}],"curies":[{"name":"wp","href":"https:\/\/api.w.org\/{rel}","templated":true}]}}