{"id":484874,"date":"2014-02-06T04:15:31","date_gmt":"2014-02-06T05:15:31","guid":{"rendered":"http:\/\/www.eldigitaldeasturias.com\/noticias\/?p=484874"},"modified":"2014-02-06T04:15:31","modified_gmt":"2014-02-06T05:15:31","slug":"kupchak-admite-que-ha-hablado-con-gasol-acerca-de-su-futuro-inmediato","status":"publish","type":"post","link":"https:\/\/www.eldigitaldeasturias.com\/noticias\/kupchak-admite-que-ha-hablado-con-gasol-acerca-de-su-futuro-inmediato\/","title":{"rendered":"Kupchak admite que ha hablado con Gasol acerca de su futuro inmediato"},"content":{"rendered":"<p><img loading=\"lazy\" decoding=\"async\" class=\"alignleft size-medium wp-image-484875\" alt=\"5914956w\" src=\"https:\/\/www.eldigitaldeasturias.com\/noticias\/wp-content\/uploads\/2014\/02\/5914956w-360x271.jpg\" width=\"360\" height=\"271\" \/>Los \u00c1ngeles (EE.UU.), 5 feb (EFE).- El gerente general de Los Angeles Lakers, Mitch Kupchak, reconoci\u00f3 hoy que ha hablado \u00abrecientemente\u00bb con Pau Gasol acerca de su futuro inmediato e indic\u00f3 que el jugador espa\u00f1ol \u00abentiende\u00bb la situaci\u00f3n en la que se encuentra, en referencia a un posible traspaso.<\/p>\n<p>\u00abHe hablado con \u00e9l recientemente\u00bb, coment\u00f3 Kupchak. \u00abEntiende el negocio. Entiende la situaci\u00f3n. Est\u00e1 claro que ama Los \u00c1ngeles y se quiere quedar aqu\u00ed\u00bb, a\u00f1adi\u00f3 en declaraciones al programa SiriusXM NBA Radio.<\/p>\n<p>Sin embargo el club busca de forma activa un traspaso con Gasol como protagonista y persigue una buena elecci\u00f3n en el \u00abdraft\u00bb (sorteo universitario), jugadores j\u00f3venes y beneficios salariales en vistas a la pr\u00f3xima campa\u00f1a.<\/p>\n<p>El plazo para llevar a cabo un traspaso en la NBA concluye el 20 de febrero.<\/p>\n<p>\u00abPor un lado entiendo la situaci\u00f3n en la que est\u00e1 Gasol, pero por otro lado se trata de profesionales altamente recompensados y \u00e9ste es el negocio que escogieron\u00bb, sostuvo el directivo. \u00abPau as\u00ed lo entiende y yo respeto su profesionalidad. Es un gran jugador e, independientemente de lo que ocurra, ser\u00e1 recordado como uno de los mejores jugadores de la historia de los Lakers\u00bb, a\u00f1adi\u00f3.<\/p>\n<p>El p\u00edvot catal\u00e1n, que sufre una distensi\u00f3n en la ingle, no regresar\u00e1 a las canchas hasta despu\u00e9s del par\u00f3n del Fin de Semana de las Estrellas, seg\u00fan informaron los Lakers.<\/p>\n<p>El jugador se perder\u00e1 la actual gira de partidos de los Lakers as\u00ed como los pr\u00f3ximos encuentros en el Staples Center frente a Chicago y Utah.<\/p>\n","protected":false},"excerpt":{"rendered":"<p>Los \u00c1ngeles (EE.UU.), 5 feb (EFE).- El gerente general de Los Angeles Lakers, Mitch Kupchak, reconoci\u00f3 hoy que ha hablado \u00abrecientemente\u00bb con Pau Gasol acerca de su futuro inmediato e indic\u00f3 que el jugador espa\u00f1ol \u00abentiende\u00bb la situaci\u00f3n en la que se encuentra, en referencia a un posible traspaso. \u00abHe hablado con \u00e9l recientemente\u00bb, coment\u00f3 [&hellip;]<\/p>\n","protected":false},"author":1,"featured_media":484875,"comment_status":"closed","ping_status":"open","sticky":false,"template":"","format":"standard","meta":{"footnotes":""},"categories":[1],"tags":[],"class_list":["post-484874","post","type-post","status-publish","format-standard","has-post-thumbnail","hentry","category-actualidad"],"aioseo_notices":[],"aioseo_head":"\n\t\t<!-- All in One SEO Pro 5.0.1 - aioseo.com -->\n\t<meta name=\"description\" content=\"Los \u00c1ngeles (EE.UU.), 5 feb (EFE).- El gerente general de Los Angeles Lakers, Mitch Kupchak, reconoci\u00f3 hoy que ha hablado &quot;recientemente&quot; con Pau Gasol acerca de su futuro inmediato e indic\u00f3 que el jugador espa\u00f1ol &quot;entiende&quot; la situaci\u00f3n en la que se encuentra, en referencia a un posible traspaso. &quot;He hablado con \u00e9l recientemente&quot;, coment\u00f3\" \/>\n\t<meta name=\"robots\" content=\"max-image-preview:large\" \/>\n\t<meta name=\"author\" content=\"El Digital de Asturias\"\/>\n\t<meta name=\"google-site-verification\" content=\"UA-38556648-1\" \/>\n\t<meta name=\"msvalidate.01\" content=\"7dfe9f3f1b24437ab69f4f2559babe99\" \/>\n\t<meta name=\"keywords\" content=\"actualidad\" \/>\n\t<link rel=\"canonical\" href=\"https:\/\/www.eldigitaldeasturias.com\/noticias\/kupchak-admite-que-ha-hablado-con-gasol-acerca-de-su-futuro-inmediato\/\" \/>\n\t<meta name=\"generator\" content=\"All in One SEO Pro (AIOSEO) 5.0.1\" \/>\n\t\t<meta property=\"og:locale\" content=\"es_ES\" \/>\n\t\t<meta property=\"og:site_name\" content=\"El Digital de Asturias\" \/>\n\t\t<meta property=\"og:type\" content=\"article\" \/>\n\t\t<meta property=\"og:title\" content=\"Kupchak admite que ha hablado con Gasol acerca de su futuro inmediato - El Digital de Asturias\" \/>\n\t\t<meta property=\"og:description\" content=\"Los \u00c1ngeles (EE.UU.), 5 feb (EFE).- El gerente general de Los Angeles Lakers, Mitch Kupchak, reconoci\u00f3 hoy que ha hablado &quot;recientemente&quot; con Pau Gasol acerca de su futuro inmediato e indic\u00f3 que el jugador espa\u00f1ol &quot;entiende&quot; la situaci\u00f3n en la que se encuentra, en referencia a un posible traspaso. &quot;He hablado con \u00e9l recientemente&quot;, coment\u00f3\" \/>\n\t\t<meta property=\"og:url\" content=\"https:\/\/www.eldigitaldeasturias.com\/noticias\/kupchak-admite-que-ha-hablado-con-gasol-acerca-de-su-futuro-inmediato\/\" \/>\n\t\t<meta property=\"article:tag\" content=\"actualidad\" \/>\n\t\t<meta property=\"article:published_time\" content=\"2014-02-06T05:15:31+00:00\" \/>\n\t\t<meta property=\"article:modified_time\" content=\"2014-02-06T05:15:31+00:00\" \/>\n\t\t<meta property=\"article:publisher\" content=\"https:\/\/facebook.com\/eldigitaldeasturias\" \/>\n\t\t<meta name=\"twitter:card\" content=\"summary_large_image\" \/>\n\t\t<meta name=\"twitter:title\" content=\"Kupchak admite que ha hablado con Gasol acerca de su futuro inmediato - El Digital de Asturias\" \/>\n\t\t<meta name=\"twitter:description\" content=\"Los \u00c1ngeles (EE.UU.), 5 feb (EFE).- El gerente general de Los Angeles Lakers, Mitch Kupchak, reconoci\u00f3 hoy que ha hablado &quot;recientemente&quot; con Pau Gasol acerca de su futuro inmediato e indic\u00f3 que el jugador espa\u00f1ol &quot;entiende&quot; la situaci\u00f3n en la que se encuentra, en referencia a un posible traspaso. &quot;He hablado con \u00e9l recientemente&quot;, coment\u00f3\" \/>\n\t\t<meta name=\"twitter:label1\" content=\"Escrito por\" \/>\n\t\t<meta name=\"twitter:data1\" content=\"El Digital de Asturias\" \/>\n\t\t<meta name=\"twitter:label2\" content=\"Tiempo de lectura estimado\" \/>\n\t\t<meta name=\"twitter:data2\" content=\"1 minuto\" \/>\n\t\t<script type=\"application\/ld+json\" class=\"aioseo-schema\">\n\t\t\t{\"@context\":\"https:\\\/\\\/schema.org\",\"@graph\":[{\"@type\":\"BlogPosting\",\"@id\":\"https:\\\/\\\/www.eldigitaldeasturias.com\\\/noticias\\\/kupchak-admite-que-ha-hablado-con-gasol-acerca-de-su-futuro-inmediato\\\/#blogposting\",\"name\":\"Kupchak admite que ha hablado con Gasol acerca de su futuro inmediato - El Digital de Asturias\",\"headline\":\"Kupchak admite que ha hablado con Gasol acerca de su futuro inmediato\",\"author\":{\"@id\":\"https:\\\/\\\/www.eldigitaldeasturias.com\\\/noticias\\\/author\\\/admin\\\/#author\"},\"publisher\":{\"@id\":\"https:\\\/\\\/www.eldigitaldeasturias.com\\\/noticias\\\/#organization\"},\"image\":{\"@type\":\"ImageObject\",\"url\":484875},\"datePublished\":\"2014-02-06T04:15:31+01:00\",\"dateModified\":\"2014-02-06T04:15:31+01:00\",\"inLanguage\":\"es-ES\",\"mainEntityOfPage\":{\"@id\":\"https:\\\/\\\/www.eldigitaldeasturias.com\\\/noticias\\\/kupchak-admite-que-ha-hablado-con-gasol-acerca-de-su-futuro-inmediato\\\/#webpage\"},\"isPartOf\":{\"@id\":\"https:\\\/\\\/www.eldigitaldeasturias.com\\\/noticias\\\/kupchak-admite-que-ha-hablado-con-gasol-acerca-de-su-futuro-inmediato\\\/#webpage\"},\"articleSection\":\"Actualidad\"},{\"@type\":\"BreadcrumbList\",\"@id\":\"https:\\\/\\\/www.eldigitaldeasturias.com\\\/noticias\\\/kupchak-admite-que-ha-hablado-con-gasol-acerca-de-su-futuro-inmediato\\\/#breadcrumblist\",\"itemListElement\":[{\"@type\":\"ListItem\",\"@id\":\"https:\\\/\\\/www.eldigitaldeasturias.com\\\/noticias#listItem\",\"position\":1,\"name\":\"Home\",\"item\":\"https:\\\/\\\/www.eldigitaldeasturias.com\\\/noticias\",\"nextItem\":{\"@type\":\"ListItem\",\"@id\":\"https:\\\/\\\/www.eldigitaldeasturias.com\\\/noticias\\\/category\\\/actualidad\\\/#listItem\",\"name\":\"Actualidad\"}},{\"@type\":\"ListItem\",\"@id\":\"https:\\\/\\\/www.eldigitaldeasturias.com\\\/noticias\\\/category\\\/actualidad\\\/#listItem\",\"position\":2,\"name\":\"Actualidad\",\"item\":\"https:\\\/\\\/www.eldigitaldeasturias.com\\\/noticias\\\/category\\\/actualidad\\\/\",\"nextItem\":{\"@type\":\"ListItem\",\"@id\":\"https:\\\/\\\/www.eldigitaldeasturias.com\\\/noticias\\\/kupchak-admite-que-ha-hablado-con-gasol-acerca-de-su-futuro-inmediato\\\/#listItem\",\"name\":\"Kupchak admite que ha hablado con Gasol acerca de su futuro inmediato\"},\"previousItem\":{\"@type\":\"ListItem\",\"@id\":\"https:\\\/\\\/www.eldigitaldeasturias.com\\\/noticias#listItem\",\"name\":\"Home\"}},{\"@type\":\"ListItem\",\"@id\":\"https:\\\/\\\/www.eldigitaldeasturias.com\\\/noticias\\\/kupchak-admite-que-ha-hablado-con-gasol-acerca-de-su-futuro-inmediato\\\/#listItem\",\"position\":3,\"name\":\"Kupchak admite que ha hablado con Gasol acerca de su futuro inmediato\",\"previousItem\":{\"@type\":\"ListItem\",\"@id\":\"https:\\\/\\\/www.eldigitaldeasturias.com\\\/noticias\\\/category\\\/actualidad\\\/#listItem\",\"name\":\"Actualidad\"}}]},{\"@type\":\"Organization\",\"@id\":\"https:\\\/\\\/www.eldigitaldeasturias.com\\\/noticias\\\/#organization\",\"name\":\"El Digital de Asturias\",\"description\":\"Hemeroteca\",\"url\":\"https:\\\/\\\/www.eldigitaldeasturias.com\\\/noticias\\\/\",\"email\":\"info@eldigitaldeasturias.com\",\"telephone\":\"+34652131393\",\"logo\":{\"@type\":\"ImageObject\",\"url\":\"https:\\\/\\\/www.eldigitaldeasturias.com\\\/noticias\\\/wp-content\\\/uploads\\\/2020\\\/12\\\/EDA.jpg\",\"@id\":\"https:\\\/\\\/www.eldigitaldeasturias.com\\\/noticias\\\/kupchak-admite-que-ha-hablado-con-gasol-acerca-de-su-futuro-inmediato\\\/#organizationLogo\"},\"image\":{\"@id\":\"https:\\\/\\\/www.eldigitaldeasturias.com\\\/noticias\\\/kupchak-admite-que-ha-hablado-con-gasol-acerca-de-su-futuro-inmediato\\\/#organizationLogo\"},\"sameAs\":[\"https:\\\/\\\/facebook.com\\\/eldigitaldeasturias\",\"https:\\\/\\\/www.youtube.com\\\/channel\\\/UCZP-2wLEB9Rv6erhFmqVnvg\"],\"address\":{\"@id\":\"https:\\\/\\\/www.eldigitaldeasturias.com\\\/noticias\\\/#postaladdress\",\"@type\":\"PostalAddress\",\"streetAddress\":\"san antonio 4\",\"postalCode\":\"33430\",\"addressLocality\":\"Cand\\u00e1s\",\"addressRegion\":\"Asturias\",\"addressCountry\":\"ES\"}},{\"@type\":\"Person\",\"@id\":\"https:\\\/\\\/www.eldigitaldeasturias.com\\\/noticias\\\/author\\\/admin\\\/#author\",\"url\":\"https:\\\/\\\/www.eldigitaldeasturias.com\\\/noticias\\\/author\\\/admin\\\/\",\"name\":\"El Digital de Asturias\",\"image\":{\"@type\":\"ImageObject\",\"@id\":\"https:\\\/\\\/www.eldigitaldeasturias.com\\\/noticias\\\/kupchak-admite-que-ha-hablado-con-gasol-acerca-de-su-futuro-inmediato\\\/#authorImage\",\"url\":\"https:\\\/\\\/secure.gravatar.com\\\/avatar\\\/df2aeffc32bcd13f8d26072ef8a91b623d677766deac7f97ca815868cd41bf5e?s=96&d=mm&r=g\",\"width\":96,\"height\":96,\"caption\":\"El Digital de Asturias\"}},{\"@type\":\"WebPage\",\"@id\":\"https:\\\/\\\/www.eldigitaldeasturias.com\\\/noticias\\\/kupchak-admite-que-ha-hablado-con-gasol-acerca-de-su-futuro-inmediato\\\/#webpage\",\"url\":\"https:\\\/\\\/www.eldigitaldeasturias.com\\\/noticias\\\/kupchak-admite-que-ha-hablado-con-gasol-acerca-de-su-futuro-inmediato\\\/\",\"name\":\"Kupchak admite que ha hablado con Gasol acerca de su futuro inmediato - El Digital de Asturias\",\"description\":\"Los \\u00c1ngeles (EE.UU.), 5 feb (EFE).- El gerente general de Los Angeles Lakers, Mitch Kupchak, reconoci\\u00f3 hoy que ha hablado \\\"recientemente\\\" con Pau Gasol acerca de su futuro inmediato e indic\\u00f3 que el jugador espa\\u00f1ol \\\"entiende\\\" la situaci\\u00f3n en la que se encuentra, en referencia a un posible traspaso. \\\"He hablado con \\u00e9l recientemente\\\", coment\\u00f3\",\"inLanguage\":\"es-ES\",\"isPartOf\":{\"@id\":\"https:\\\/\\\/www.eldigitaldeasturias.com\\\/noticias\\\/#website\"},\"breadcrumb\":{\"@id\":\"https:\\\/\\\/www.eldigitaldeasturias.com\\\/noticias\\\/kupchak-admite-que-ha-hablado-con-gasol-acerca-de-su-futuro-inmediato\\\/#breadcrumblist\"},\"author\":{\"@id\":\"https:\\\/\\\/www.eldigitaldeasturias.com\\\/noticias\\\/author\\\/admin\\\/#author\"},\"creator\":{\"@id\":\"https:\\\/\\\/www.eldigitaldeasturias.com\\\/noticias\\\/author\\\/admin\\\/#author\"},\"image\":{\"@type\":\"ImageObject\",\"url\":484875,\"@id\":\"https:\\\/\\\/www.eldigitaldeasturias.com\\\/noticias\\\/kupchak-admite-que-ha-hablado-con-gasol-acerca-de-su-futuro-inmediato\\\/#mainImage\"},\"primaryImageOfPage\":{\"@id\":\"https:\\\/\\\/www.eldigitaldeasturias.com\\\/noticias\\\/kupchak-admite-que-ha-hablado-con-gasol-acerca-de-su-futuro-inmediato\\\/#mainImage\"},\"datePublished\":\"2014-02-06T04:15:31+01:00\",\"dateModified\":\"2014-02-06T04:15:31+01:00\"},{\"@type\":\"WebSite\",\"@id\":\"https:\\\/\\\/www.eldigitaldeasturias.com\\\/noticias\\\/#website\",\"url\":\"https:\\\/\\\/www.eldigitaldeasturias.com\\\/noticias\\\/\",\"name\":\"El Digital de Asturias - Diario de actualidad y noticias\",\"alternateName\":\"El Digital de Asturias - Diario de actualidad y noticias\",\"description\":\"Hemeroteca\",\"inLanguage\":\"es-ES\",\"publisher\":{\"@id\":\"https:\\\/\\\/www.eldigitaldeasturias.com\\\/noticias\\\/#organization\"}}]}\n\t\t<\/script>\n\t\t<!-- All in One SEO Pro -->\r\n\t\t<title>Kupchak admite que ha hablado con Gasol acerca de su futuro inmediato - El Digital de Asturias<\/title>\n\n","aioseo_head_json":{"title":"Kupchak admite que ha hablado con Gasol acerca de su futuro inmediato - El Digital de Asturias","description":"Los \u00c1ngeles (EE.UU.), 5 feb (EFE).- El gerente general de Los Angeles Lakers, Mitch Kupchak, reconoci\u00f3 hoy que ha hablado \"recientemente\" con Pau Gasol acerca de su futuro inmediato e indic\u00f3 que el jugador espa\u00f1ol \"entiende\" la situaci\u00f3n en la que se encuentra, en referencia a un posible traspaso. \"He hablado con \u00e9l recientemente\", coment\u00f3","canonical_url":"https:\/\/www.eldigitaldeasturias.com\/noticias\/kupchak-admite-que-ha-hablado-con-gasol-acerca-de-su-futuro-inmediato\/","robots":"max-image-preview:large","keywords":"actualidad","webmasterTools":{"google-site-verification":"UA-38556648-1","msvalidate.01":"7dfe9f3f1b24437ab69f4f2559babe99","miscellaneous":""},"schema":{"@context":"https:\/\/schema.org","@graph":[{"@type":"BlogPosting","@id":"https:\/\/www.eldigitaldeasturias.com\/noticias\/kupchak-admite-que-ha-hablado-con-gasol-acerca-de-su-futuro-inmediato\/#blogposting","name":"Kupchak admite que ha hablado con Gasol acerca de su futuro inmediato - El Digital de Asturias","headline":"Kupchak admite que ha hablado con Gasol acerca de su futuro inmediato","author":{"@id":"https:\/\/www.eldigitaldeasturias.com\/noticias\/author\/admin\/#author"},"publisher":{"@id":"https:\/\/www.eldigitaldeasturias.com\/noticias\/#organization"},"image":{"@type":"ImageObject","url":484875},"datePublished":"2014-02-06T04:15:31+01:00","dateModified":"2014-02-06T04:15:31+01:00","inLanguage":"es-ES","mainEntityOfPage":{"@id":"https:\/\/www.eldigitaldeasturias.com\/noticias\/kupchak-admite-que-ha-hablado-con-gasol-acerca-de-su-futuro-inmediato\/#webpage"},"isPartOf":{"@id":"https:\/\/www.eldigitaldeasturias.com\/noticias\/kupchak-admite-que-ha-hablado-con-gasol-acerca-de-su-futuro-inmediato\/#webpage"},"articleSection":"Actualidad"},{"@type":"BreadcrumbList","@id":"https:\/\/www.eldigitaldeasturias.com\/noticias\/kupchak-admite-que-ha-hablado-con-gasol-acerca-de-su-futuro-inmediato\/#breadcrumblist","itemListElement":[{"@type":"ListItem","@id":"https:\/\/www.eldigitaldeasturias.com\/noticias#listItem","position":1,"name":"Home","item":"https:\/\/www.eldigitaldeasturias.com\/noticias","nextItem":{"@type":"ListItem","@id":"https:\/\/www.eldigitaldeasturias.com\/noticias\/category\/actualidad\/#listItem","name":"Actualidad"}},{"@type":"ListItem","@id":"https:\/\/www.eldigitaldeasturias.com\/noticias\/category\/actualidad\/#listItem","position":2,"name":"Actualidad","item":"https:\/\/www.eldigitaldeasturias.com\/noticias\/category\/actualidad\/","nextItem":{"@type":"ListItem","@id":"https:\/\/www.eldigitaldeasturias.com\/noticias\/kupchak-admite-que-ha-hablado-con-gasol-acerca-de-su-futuro-inmediato\/#listItem","name":"Kupchak admite que ha hablado con Gasol acerca de su futuro inmediato"},"previousItem":{"@type":"ListItem","@id":"https:\/\/www.eldigitaldeasturias.com\/noticias#listItem","name":"Home"}},{"@type":"ListItem","@id":"https:\/\/www.eldigitaldeasturias.com\/noticias\/kupchak-admite-que-ha-hablado-con-gasol-acerca-de-su-futuro-inmediato\/#listItem","position":3,"name":"Kupchak admite que ha hablado con Gasol acerca de su futuro inmediato","previousItem":{"@type":"ListItem","@id":"https:\/\/www.eldigitaldeasturias.com\/noticias\/category\/actualidad\/#listItem","name":"Actualidad"}}]},{"@type":"Organization","@id":"https:\/\/www.eldigitaldeasturias.com\/noticias\/#organization","name":"El Digital de Asturias","description":"Hemeroteca","url":"https:\/\/www.eldigitaldeasturias.com\/noticias\/","email":"info@eldigitaldeasturias.com","telephone":"+34652131393","logo":{"@type":"ImageObject","url":"https:\/\/www.eldigitaldeasturias.com\/noticias\/wp-content\/uploads\/2020\/12\/EDA.jpg","@id":"https:\/\/www.eldigitaldeasturias.com\/noticias\/kupchak-admite-que-ha-hablado-con-gasol-acerca-de-su-futuro-inmediato\/#organizationLogo"},"image":{"@id":"https:\/\/www.eldigitaldeasturias.com\/noticias\/kupchak-admite-que-ha-hablado-con-gasol-acerca-de-su-futuro-inmediato\/#organizationLogo"},"sameAs":["https:\/\/facebook.com\/eldigitaldeasturias","https:\/\/www.youtube.com\/channel\/UCZP-2wLEB9Rv6erhFmqVnvg"],"address":{"@id":"https:\/\/www.eldigitaldeasturias.com\/noticias\/#postaladdress","@type":"PostalAddress","streetAddress":"san antonio 4","postalCode":"33430","addressLocality":"Cand\u00e1s","addressRegion":"Asturias","addressCountry":"ES"}},{"@type":"Person","@id":"https:\/\/www.eldigitaldeasturias.com\/noticias\/author\/admin\/#author","url":"https:\/\/www.eldigitaldeasturias.com\/noticias\/author\/admin\/","name":"El Digital de Asturias","image":{"@type":"ImageObject","@id":"https:\/\/www.eldigitaldeasturias.com\/noticias\/kupchak-admite-que-ha-hablado-con-gasol-acerca-de-su-futuro-inmediato\/#authorImage","url":"https:\/\/secure.gravatar.com\/avatar\/df2aeffc32bcd13f8d26072ef8a91b623d677766deac7f97ca815868cd41bf5e?s=96&d=mm&r=g","width":96,"height":96,"caption":"El Digital de Asturias"}},{"@type":"WebPage","@id":"https:\/\/www.eldigitaldeasturias.com\/noticias\/kupchak-admite-que-ha-hablado-con-gasol-acerca-de-su-futuro-inmediato\/#webpage","url":"https:\/\/www.eldigitaldeasturias.com\/noticias\/kupchak-admite-que-ha-hablado-con-gasol-acerca-de-su-futuro-inmediato\/","name":"Kupchak admite que ha hablado con Gasol acerca de su futuro inmediato - El Digital de Asturias","description":"Los \u00c1ngeles (EE.UU.), 5 feb (EFE).- El gerente general de Los Angeles Lakers, Mitch Kupchak, reconoci\u00f3 hoy que ha hablado \"recientemente\" con Pau Gasol acerca de su futuro inmediato e indic\u00f3 que el jugador espa\u00f1ol \"entiende\" la situaci\u00f3n en la que se encuentra, en referencia a un posible traspaso. \"He hablado con \u00e9l recientemente\", coment\u00f3","inLanguage":"es-ES","isPartOf":{"@id":"https:\/\/www.eldigitaldeasturias.com\/noticias\/#website"},"breadcrumb":{"@id":"https:\/\/www.eldigitaldeasturias.com\/noticias\/kupchak-admite-que-ha-hablado-con-gasol-acerca-de-su-futuro-inmediato\/#breadcrumblist"},"author":{"@id":"https:\/\/www.eldigitaldeasturias.com\/noticias\/author\/admin\/#author"},"creator":{"@id":"https:\/\/www.eldigitaldeasturias.com\/noticias\/author\/admin\/#author"},"image":{"@type":"ImageObject","url":484875,"@id":"https:\/\/www.eldigitaldeasturias.com\/noticias\/kupchak-admite-que-ha-hablado-con-gasol-acerca-de-su-futuro-inmediato\/#mainImage"},"primaryImageOfPage":{"@id":"https:\/\/www.eldigitaldeasturias.com\/noticias\/kupchak-admite-que-ha-hablado-con-gasol-acerca-de-su-futuro-inmediato\/#mainImage"},"datePublished":"2014-02-06T04:15:31+01:00","dateModified":"2014-02-06T04:15:31+01:00"},{"@type":"WebSite","@id":"https:\/\/www.eldigitaldeasturias.com\/noticias\/#website","url":"https:\/\/www.eldigitaldeasturias.com\/noticias\/","name":"El Digital de Asturias - Diario de actualidad y noticias","alternateName":"El Digital de Asturias - Diario de actualidad y noticias","description":"Hemeroteca","inLanguage":"es-ES","publisher":{"@id":"https:\/\/www.eldigitaldeasturias.com\/noticias\/#organization"}}]},"og:locale":"es_ES","og:site_name":"El Digital de Asturias","og:type":"article","og:title":"Kupchak admite que ha hablado con Gasol acerca de su futuro inmediato - El Digital de Asturias","og:description":"Los \u00c1ngeles (EE.UU.), 5 feb (EFE).- El gerente general de Los Angeles Lakers, Mitch Kupchak, reconoci\u00f3 hoy que ha hablado &quot;recientemente&quot; con Pau Gasol acerca de su futuro inmediato e indic\u00f3 que el jugador espa\u00f1ol &quot;entiende&quot; la situaci\u00f3n en la que se encuentra, en referencia a un posible traspaso. &quot;He hablado con \u00e9l recientemente&quot;, coment\u00f3","og:url":"https:\/\/www.eldigitaldeasturias.com\/noticias\/kupchak-admite-que-ha-hablado-con-gasol-acerca-de-su-futuro-inmediato\/","article:tag":["actualidad"],"article:published_time":"2014-02-06T05:15:31+00:00","article:modified_time":"2014-02-06T05:15:31+00:00","article:publisher":"https:\/\/facebook.com\/eldigitaldeasturias","twitter:card":"summary_large_image","twitter:title":"Kupchak admite que ha hablado con Gasol acerca de su futuro inmediato - El Digital de Asturias","twitter:description":"Los \u00c1ngeles (EE.UU.), 5 feb (EFE).- El gerente general de Los Angeles Lakers, Mitch Kupchak, reconoci\u00f3 hoy que ha hablado &quot;recientemente&quot; con Pau Gasol acerca de su futuro inmediato e indic\u00f3 que el jugador espa\u00f1ol &quot;entiende&quot; la situaci\u00f3n en la que se encuentra, en referencia a un posible traspaso. &quot;He hablado con \u00e9l recientemente&quot;, coment\u00f3","twitter:label1":"Escrito por","twitter:data1":"El Digital de Asturias","twitter:label2":"Tiempo de lectura estimado","twitter:data2":"1 minuto"},"aioseo_meta_data":{"post_id":"484874","title":null,"description":null,"keywords":null,"keyphrases":null,"primary_term":null,"canonical_url":null,"og_title":null,"og_description":null,"og_object_type":"default","og_image_type":"default","og_image_url":null,"og_image_width":null,"og_image_height":null,"og_image_custom_url":null,"og_image_custom_fields":null,"og_video":null,"og_custom_url":null,"og_article_section":null,"og_article_tags":null,"twitter_use_og":true,"twitter_card":"default","twitter_image_type":"default","twitter_image_url":null,"twitter_image_custom_url":null,"twitter_image_custom_fields":null,"twitter_title":null,"twitter_description":null,"schema":{"blockGraphs":[],"customGraphs":[],"default":{"data":{"Article":[],"Course":[],"Dataset":[],"FAQPage":[],"Movie":[],"Person":[],"Product":[],"ProductReview":[],"Car":[],"Recipe":[],"Service":[],"SoftwareApplication":[],"WebPage":[]},"graphName":"","isEnabled":true},"graphs":[],"defaultGraph":"","defaultPostTypeGraph":""},"schema_type":null,"schema_type_options":null,"pillar_content":false,"robots_default":true,"robots_noindex":false,"robots_noarchive":false,"robots_nosnippet":false,"robots_nofollow":false,"robots_noimageindex":false,"robots_noodp":false,"robots_notranslate":false,"robots_max_snippet":null,"robots_max_videopreview":null,"robots_max_imagepreview":"none","priority":null,"frequency":null,"local_seo":null,"seo_analyzer_scan_date":"2026-06-02 17:37:21","breadcrumb_settings":null,"limit_modified_date":false,"open_ai":null,"ai":null,"created":"2020-11-14 22:55:07","updated":"2026-06-02 17:37:21","focus_keyword":null,"additional_keywords":null,"truseo_locale":null},"aioseo_breadcrumb":"<div class=\"aioseo-breadcrumbs\"><span class=\"aioseo-breadcrumb\">\n\t<a href=\"https:\/\/www.eldigitaldeasturias.com\/noticias\" title=\"Home\">Home<\/a>\n<\/span><span class=\"aioseo-breadcrumb-separator\">\u2013<\/span><span class=\"aioseo-breadcrumb\">\n\t<a href=\"https:\/\/www.eldigitaldeasturias.com\/noticias\/category\/actualidad\/\" title=\"Actualidad\">Actualidad<\/a>\n<\/span><span class=\"aioseo-breadcrumb-separator\">\u2013<\/span><span class=\"aioseo-breadcrumb\">\n\t<a href=\"https:\/\/www.eldigitaldeasturias.com\/noticias\/kupchak-admite-que-ha-hablado-con-gasol-acerca-de-su-futuro-inmediato\/\" title=\"Kupchak admite que ha hablado con Gasol acerca de su futuro inmediato\">Kupchak admite que ha hablado con Gasol acerca de su futuro inmediato<\/a>\n<\/span><\/div>","aioseo_breadcrumb_json":[{"label":"Home","link":"https:\/\/www.eldigitaldeasturias.com\/noticias"},{"label":"Actualidad","link":"https:\/\/www.eldigitaldeasturias.com\/noticias\/category\/actualidad\/"},{"label":"Kupchak admite que ha hablado con Gasol acerca de su futuro inmediato","link":"https:\/\/www.eldigitaldeasturias.com\/noticias\/kupchak-admite-que-ha-hablado-con-gasol-acerca-de-su-futuro-inmediato\/"}],"_links":{"self":[{"href":"https:\/\/www.eldigitaldeasturias.com\/noticias\/wp-json\/wp\/v2\/posts\/484874","targetHints":{"allow":["GET"]}}],"collection":[{"href":"https:\/\/www.eldigitaldeasturias.com\/noticias\/wp-json\/wp\/v2\/posts"}],"about":[{"href":"https:\/\/www.eldigitaldeasturias.com\/noticias\/wp-json\/wp\/v2\/types\/post"}],"author":[{"embeddable":true,"href":"https:\/\/www.eldigitaldeasturias.com\/noticias\/wp-json\/wp\/v2\/users\/1"}],"replies":[{"embeddable":true,"href":"https:\/\/www.eldigitaldeasturias.com\/noticias\/wp-json\/wp\/v2\/comments?post=484874"}],"version-history":[{"count":0,"href":"https:\/\/www.eldigitaldeasturias.com\/noticias\/wp-json\/wp\/v2\/posts\/484874\/revisions"}],"wp:attachment":[{"href":"https:\/\/www.eldigitaldeasturias.com\/noticias\/wp-json\/wp\/v2\/media?parent=484874"}],"wp:term":[{"taxonomy":"category","embeddable":true,"href":"https:\/\/www.eldigitaldeasturias.com\/noticias\/wp-json\/wp\/v2\/categories?post=484874"},{"taxonomy":"post_tag","embeddable":true,"href":"https:\/\/www.eldigitaldeasturias.com\/noticias\/wp-json\/wp\/v2\/tags?post=484874"}],"curies":[{"name":"wp","href":"https:\/\/api.w.org\/{rel}","templated":true}]}}