{"id":484868,"date":"2014-02-06T04:12:34","date_gmt":"2014-02-06T05:12:34","guid":{"rendered":"http:\/\/www.eldigitaldeasturias.com\/noticias\/?p=484868"},"modified":"2014-02-06T04:14:36","modified_gmt":"2014-02-06T05:14:36","slug":"prada-anima-a-los-espanoles-residentes-en-el-exterior-a-votar-en-los-comicios-europeos","status":"publish","type":"post","link":"https:\/\/www.eldigitaldeasturias.com\/noticias\/prada-anima-a-los-espanoles-residentes-en-el-exterior-a-votar-en-los-comicios-europeos\/","title":{"rendered":"Prada anima a los espa\u00f1oles residentes en el exterior a votar en los comicios europeos"},"content":{"rendered":"<p><img loading=\"lazy\" decoding=\"async\" class=\"alignleft size-medium wp-image-484869\" alt=\"5914943w\" src=\"https:\/\/www.eldigitaldeasturias.com\/noticias\/wp-content\/uploads\/2014\/02\/5914943w-360x231.jpg\" width=\"360\" height=\"231\" \/>Santo Domingo, 5 feb (EFE).- El secretario ejecutivo del Partido Popular (PP) en el Exterior, Alfredo Prada, de visita en la capital dominicana, anim\u00f3 hoy a los espa\u00f1oles residentes en el exterior a que participen en las pr\u00f3ximas elecciones al Parlamento Europeo, que se celebrar\u00e1n el 25 de mayo.<\/p>\n<p>La visita del diputado espa\u00f1ol al pa\u00eds caribe\u00f1o se enmarca en las pol\u00edticas que desde Espa\u00f1a puso en marcha el partido en el Gobierno con miras a las pr\u00f3ximas elecciones europeas.<\/p>\n<p>\u00abEstamos empezando a activar al Partido Popular fuera de Espa\u00f1a, ya que tiene organizaci\u00f3n en 30 pa\u00edses, 65 ciudades, y contamos con casi 15.000 afiliados\u00bb, declar\u00f3 Prada a Efe.<\/p>\n<p>El PP en Rep\u00fablica Dominicana, seg\u00fan Alfredo Prada, tiene una organizaci\u00f3n importante, y una \u00abmilitancia activa\u00bb que aglutina a \u00abla mayor\u00eda de la colectividad espa\u00f1ola\u00bb residente en el pa\u00eds caribe\u00f1o.<\/p>\n<p>S\u00f3lo en la Rep\u00fablica Dominicana hay alrededor de 13.000 espa\u00f1oles con derecho a voto, coment\u00f3 el diputado, que adem\u00e1s subray\u00f3 la importancia para el PP de las elecciones al Parlamento Europeo.<\/p>\n<p>\u00abLos espa\u00f1oles que viven en Europa, viven m\u00e1s cerca el proceso electoral y son m\u00e1s conocedores de la importancia que tiene el Parlamento europeo, pero el mensaje para quienes viven en el continente americano es m\u00e1s complejo, y estamos haciendo un sobresfuerzo para explicar esa importancia y promover la mayor participaci\u00f3n posible\u00bb, manifest\u00f3 el diputado popular.<\/p>\n<p>Las elecciones al Parlamento Europeo son muy importantes porque \u00aball\u00ed se deciden el 70 por ciento de las leyes que se hacen en Espa\u00f1a y que afectan a todos los espa\u00f1oles, con independencia del lugar donde hayan nacido y donde hayan decidido residir\u00bb, afirm\u00f3 Prada.<\/p>\n<p>En el continente americano viven unos 950.000 espa\u00f1oles con derecho a voto, y en Europa 700.000 aproximadamente, apunt\u00f3 Prada.<\/p>\n<p>En este sentido, declar\u00f3 a Efe que el presidente del Gobierno espa\u00f1ol, Mariano Rajoy, pidi\u00f3 un esfuerzo a los dirigentes del PP en todo el mundo para llegar hasta el \u00faltimo de los espa\u00f1oles y para decirles \u00abque Espa\u00f1a ha mejorado, que est\u00e1 mejor que lo que estaba hace un a\u00f1o y que dentro de un a\u00f1o estar\u00e1 mejor hoy\u00bb.<\/p>\n<p>Por ello se est\u00e1 dise\u00f1ando una campa\u00f1a en el exterior para captar a los votantes emigrantes, que ascienden a casi 1.700.000, seg\u00fan los datos de la Oficina del Censo Central Electoral.<\/p>\n<p>Prada dijo que se ha construido un programa espec\u00edfico para dar soluci\u00f3n a los distintos problemas que tienen los espa\u00f1oles residentes en el exterior, y especialmente la colectividad m\u00e1s necesitada, los j\u00f3venes, las mujeres maltratadas, aquellos que quieren regresar al pa\u00eds o los que tienen necesidades econ\u00f3micas porque no han triunfado en el pa\u00eds al que un d\u00eda salieron.<\/p>\n<p>Adem\u00e1s, indic\u00f3 que el colectivo espa\u00f1ol de emigrantes fue protagonista importante en la convenci\u00f3n que celebr\u00f3 el Partido Popular en Valladolid y que ha sido de gran trascendencia para poner en marcha toda la maquinaria de esa organizaci\u00f3n pol\u00edtica al pr\u00f3ximo proceso electoral el pr\u00f3ximo 25 de mayo.<\/p>\n","protected":false},"excerpt":{"rendered":"<p>Santo Domingo, 5 feb (EFE).- El secretario ejecutivo del Partido Popular (PP) en el Exterior, Alfredo Prada, de visita en la capital dominicana, anim\u00f3 hoy a los espa\u00f1oles residentes en el exterior a que participen en las pr\u00f3ximas elecciones al Parlamento Europeo, que se celebrar\u00e1n el 25 de mayo. La visita del diputado espa\u00f1ol al [&hellip;]<\/p>\n","protected":false},"author":1,"featured_media":484869,"comment_status":"closed","ping_status":"open","sticky":false,"template":"","format":"standard","meta":{"footnotes":""},"categories":[1],"tags":[],"class_list":["post-484868","post","type-post","status-publish","format-standard","has-post-thumbnail","hentry","category-actualidad"],"aioseo_notices":[],"aioseo_head":"\n\t\t<!-- All in One SEO Pro 5.0.1 - aioseo.com -->\n\t<meta name=\"description\" content=\"Santo Domingo, 5 feb (EFE).- El secretario ejecutivo del Partido Popular (PP) en el Exterior, Alfredo Prada, de visita en la capital dominicana, anim\u00f3 hoy a los espa\u00f1oles residentes en el exterior a que participen en las pr\u00f3ximas elecciones al Parlamento Europeo, que se celebrar\u00e1n el 25 de mayo. La visita del diputado espa\u00f1ol al\" \/>\n\t<meta name=\"robots\" content=\"max-image-preview:large\" \/>\n\t<meta name=\"author\" content=\"El Digital de Asturias\"\/>\n\t<meta name=\"google-site-verification\" content=\"UA-38556648-1\" \/>\n\t<meta name=\"msvalidate.01\" content=\"7dfe9f3f1b24437ab69f4f2559babe99\" \/>\n\t<meta name=\"keywords\" content=\"actualidad\" \/>\n\t<link rel=\"canonical\" href=\"https:\/\/www.eldigitaldeasturias.com\/noticias\/prada-anima-a-los-espanoles-residentes-en-el-exterior-a-votar-en-los-comicios-europeos\/\" \/>\n\t<meta name=\"generator\" content=\"All in One SEO Pro (AIOSEO) 5.0.1\" \/>\n\t\t<meta property=\"og:locale\" content=\"es_ES\" \/>\n\t\t<meta property=\"og:site_name\" content=\"El Digital de Asturias\" \/>\n\t\t<meta property=\"og:type\" content=\"article\" \/>\n\t\t<meta property=\"og:title\" content=\"Prada anima a los espa\u00f1oles residentes en el exterior a votar en los comicios europeos - El Digital de Asturias\" \/>\n\t\t<meta property=\"og:description\" content=\"Santo Domingo, 5 feb (EFE).- El secretario ejecutivo del Partido Popular (PP) en el Exterior, Alfredo Prada, de visita en la capital dominicana, anim\u00f3 hoy a los espa\u00f1oles residentes en el exterior a que participen en las pr\u00f3ximas elecciones al Parlamento Europeo, que se celebrar\u00e1n el 25 de mayo. La visita del diputado espa\u00f1ol al\" \/>\n\t\t<meta property=\"og:url\" content=\"https:\/\/www.eldigitaldeasturias.com\/noticias\/prada-anima-a-los-espanoles-residentes-en-el-exterior-a-votar-en-los-comicios-europeos\/\" \/>\n\t\t<meta property=\"article:tag\" content=\"actualidad\" \/>\n\t\t<meta property=\"article:published_time\" content=\"2014-02-06T05:12:34+00:00\" \/>\n\t\t<meta property=\"article:modified_time\" content=\"2014-02-06T05:14:36+00:00\" \/>\n\t\t<meta property=\"article:publisher\" content=\"https:\/\/facebook.com\/eldigitaldeasturias\" \/>\n\t\t<meta name=\"twitter:card\" content=\"summary_large_image\" \/>\n\t\t<meta name=\"twitter:title\" content=\"Prada anima a los espa\u00f1oles residentes en el exterior a votar en los comicios europeos - El Digital de Asturias\" \/>\n\t\t<meta name=\"twitter:description\" content=\"Santo Domingo, 5 feb (EFE).- El secretario ejecutivo del Partido Popular (PP) en el Exterior, Alfredo Prada, de visita en la capital dominicana, anim\u00f3 hoy a los espa\u00f1oles residentes en el exterior a que participen en las pr\u00f3ximas elecciones al Parlamento Europeo, que se celebrar\u00e1n el 25 de mayo. La visita del diputado espa\u00f1ol al\" \/>\n\t\t<meta name=\"twitter:label1\" content=\"Escrito por\" \/>\n\t\t<meta name=\"twitter:data1\" content=\"El Digital de Asturias\" \/>\n\t\t<meta name=\"twitter:label2\" content=\"Tiempo de lectura estimado\" \/>\n\t\t<meta name=\"twitter:data2\" content=\"3 minutos\" \/>\n\t\t<script type=\"application\/ld+json\" class=\"aioseo-schema\">\n\t\t\t{\"@context\":\"https:\\\/\\\/schema.org\",\"@graph\":[{\"@type\":\"BlogPosting\",\"@id\":\"https:\\\/\\\/www.eldigitaldeasturias.com\\\/noticias\\\/prada-anima-a-los-espanoles-residentes-en-el-exterior-a-votar-en-los-comicios-europeos\\\/#blogposting\",\"name\":\"Prada anima a los espa\\u00f1oles residentes en el exterior a votar en los comicios europeos - El Digital de Asturias\",\"headline\":\"Prada anima a los espa\\u00f1oles residentes en el exterior a votar en los comicios europeos\",\"author\":{\"@id\":\"https:\\\/\\\/www.eldigitaldeasturias.com\\\/noticias\\\/author\\\/admin\\\/#author\"},\"publisher\":{\"@id\":\"https:\\\/\\\/www.eldigitaldeasturias.com\\\/noticias\\\/#organization\"},\"image\":{\"@type\":\"ImageObject\",\"url\":484869},\"datePublished\":\"2014-02-06T04:12:34+01:00\",\"dateModified\":\"2014-02-06T04:14:36+01:00\",\"inLanguage\":\"es-ES\",\"mainEntityOfPage\":{\"@id\":\"https:\\\/\\\/www.eldigitaldeasturias.com\\\/noticias\\\/prada-anima-a-los-espanoles-residentes-en-el-exterior-a-votar-en-los-comicios-europeos\\\/#webpage\"},\"isPartOf\":{\"@id\":\"https:\\\/\\\/www.eldigitaldeasturias.com\\\/noticias\\\/prada-anima-a-los-espanoles-residentes-en-el-exterior-a-votar-en-los-comicios-europeos\\\/#webpage\"},\"articleSection\":\"Actualidad\"},{\"@type\":\"BreadcrumbList\",\"@id\":\"https:\\\/\\\/www.eldigitaldeasturias.com\\\/noticias\\\/prada-anima-a-los-espanoles-residentes-en-el-exterior-a-votar-en-los-comicios-europeos\\\/#breadcrumblist\",\"itemListElement\":[{\"@type\":\"ListItem\",\"@id\":\"https:\\\/\\\/www.eldigitaldeasturias.com\\\/noticias#listItem\",\"position\":1,\"name\":\"Home\",\"item\":\"https:\\\/\\\/www.eldigitaldeasturias.com\\\/noticias\",\"nextItem\":{\"@type\":\"ListItem\",\"@id\":\"https:\\\/\\\/www.eldigitaldeasturias.com\\\/noticias\\\/category\\\/actualidad\\\/#listItem\",\"name\":\"Actualidad\"}},{\"@type\":\"ListItem\",\"@id\":\"https:\\\/\\\/www.eldigitaldeasturias.com\\\/noticias\\\/category\\\/actualidad\\\/#listItem\",\"position\":2,\"name\":\"Actualidad\",\"item\":\"https:\\\/\\\/www.eldigitaldeasturias.com\\\/noticias\\\/category\\\/actualidad\\\/\",\"nextItem\":{\"@type\":\"ListItem\",\"@id\":\"https:\\\/\\\/www.eldigitaldeasturias.com\\\/noticias\\\/prada-anima-a-los-espanoles-residentes-en-el-exterior-a-votar-en-los-comicios-europeos\\\/#listItem\",\"name\":\"Prada anima a los espa\\u00f1oles residentes en el exterior a votar en los comicios europeos\"},\"previousItem\":{\"@type\":\"ListItem\",\"@id\":\"https:\\\/\\\/www.eldigitaldeasturias.com\\\/noticias#listItem\",\"name\":\"Home\"}},{\"@type\":\"ListItem\",\"@id\":\"https:\\\/\\\/www.eldigitaldeasturias.com\\\/noticias\\\/prada-anima-a-los-espanoles-residentes-en-el-exterior-a-votar-en-los-comicios-europeos\\\/#listItem\",\"position\":3,\"name\":\"Prada anima a los espa\\u00f1oles residentes en el exterior a votar en los comicios europeos\",\"previousItem\":{\"@type\":\"ListItem\",\"@id\":\"https:\\\/\\\/www.eldigitaldeasturias.com\\\/noticias\\\/category\\\/actualidad\\\/#listItem\",\"name\":\"Actualidad\"}}]},{\"@type\":\"Organization\",\"@id\":\"https:\\\/\\\/www.eldigitaldeasturias.com\\\/noticias\\\/#organization\",\"name\":\"El Digital de Asturias\",\"description\":\"Hemeroteca\",\"url\":\"https:\\\/\\\/www.eldigitaldeasturias.com\\\/noticias\\\/\",\"email\":\"info@eldigitaldeasturias.com\",\"telephone\":\"+34652131393\",\"logo\":{\"@type\":\"ImageObject\",\"url\":\"https:\\\/\\\/www.eldigitaldeasturias.com\\\/noticias\\\/wp-content\\\/uploads\\\/2020\\\/12\\\/EDA.jpg\",\"@id\":\"https:\\\/\\\/www.eldigitaldeasturias.com\\\/noticias\\\/prada-anima-a-los-espanoles-residentes-en-el-exterior-a-votar-en-los-comicios-europeos\\\/#organizationLogo\"},\"image\":{\"@id\":\"https:\\\/\\\/www.eldigitaldeasturias.com\\\/noticias\\\/prada-anima-a-los-espanoles-residentes-en-el-exterior-a-votar-en-los-comicios-europeos\\\/#organizationLogo\"},\"sameAs\":[\"https:\\\/\\\/facebook.com\\\/eldigitaldeasturias\",\"https:\\\/\\\/www.youtube.com\\\/channel\\\/UCZP-2wLEB9Rv6erhFmqVnvg\"],\"address\":{\"@id\":\"https:\\\/\\\/www.eldigitaldeasturias.com\\\/noticias\\\/#postaladdress\",\"@type\":\"PostalAddress\",\"streetAddress\":\"san antonio 4\",\"postalCode\":\"33430\",\"addressLocality\":\"Cand\\u00e1s\",\"addressRegion\":\"Asturias\",\"addressCountry\":\"ES\"}},{\"@type\":\"Person\",\"@id\":\"https:\\\/\\\/www.eldigitaldeasturias.com\\\/noticias\\\/author\\\/admin\\\/#author\",\"url\":\"https:\\\/\\\/www.eldigitaldeasturias.com\\\/noticias\\\/author\\\/admin\\\/\",\"name\":\"El Digital de Asturias\",\"image\":{\"@type\":\"ImageObject\",\"@id\":\"https:\\\/\\\/www.eldigitaldeasturias.com\\\/noticias\\\/prada-anima-a-los-espanoles-residentes-en-el-exterior-a-votar-en-los-comicios-europeos\\\/#authorImage\",\"url\":\"https:\\\/\\\/secure.gravatar.com\\\/avatar\\\/df2aeffc32bcd13f8d26072ef8a91b623d677766deac7f97ca815868cd41bf5e?s=96&d=mm&r=g\",\"width\":96,\"height\":96,\"caption\":\"El Digital de Asturias\"}},{\"@type\":\"WebPage\",\"@id\":\"https:\\\/\\\/www.eldigitaldeasturias.com\\\/noticias\\\/prada-anima-a-los-espanoles-residentes-en-el-exterior-a-votar-en-los-comicios-europeos\\\/#webpage\",\"url\":\"https:\\\/\\\/www.eldigitaldeasturias.com\\\/noticias\\\/prada-anima-a-los-espanoles-residentes-en-el-exterior-a-votar-en-los-comicios-europeos\\\/\",\"name\":\"Prada anima a los espa\\u00f1oles residentes en el exterior a votar en los comicios europeos - El Digital de Asturias\",\"description\":\"Santo Domingo, 5 feb (EFE).- El secretario ejecutivo del Partido Popular (PP) en el Exterior, Alfredo Prada, de visita en la capital dominicana, anim\\u00f3 hoy a los espa\\u00f1oles residentes en el exterior a que participen en las pr\\u00f3ximas elecciones al Parlamento Europeo, que se celebrar\\u00e1n el 25 de mayo. La visita del diputado espa\\u00f1ol al\",\"inLanguage\":\"es-ES\",\"isPartOf\":{\"@id\":\"https:\\\/\\\/www.eldigitaldeasturias.com\\\/noticias\\\/#website\"},\"breadcrumb\":{\"@id\":\"https:\\\/\\\/www.eldigitaldeasturias.com\\\/noticias\\\/prada-anima-a-los-espanoles-residentes-en-el-exterior-a-votar-en-los-comicios-europeos\\\/#breadcrumblist\"},\"author\":{\"@id\":\"https:\\\/\\\/www.eldigitaldeasturias.com\\\/noticias\\\/author\\\/admin\\\/#author\"},\"creator\":{\"@id\":\"https:\\\/\\\/www.eldigitaldeasturias.com\\\/noticias\\\/author\\\/admin\\\/#author\"},\"image\":{\"@type\":\"ImageObject\",\"url\":484869,\"@id\":\"https:\\\/\\\/www.eldigitaldeasturias.com\\\/noticias\\\/prada-anima-a-los-espanoles-residentes-en-el-exterior-a-votar-en-los-comicios-europeos\\\/#mainImage\"},\"primaryImageOfPage\":{\"@id\":\"https:\\\/\\\/www.eldigitaldeasturias.com\\\/noticias\\\/prada-anima-a-los-espanoles-residentes-en-el-exterior-a-votar-en-los-comicios-europeos\\\/#mainImage\"},\"datePublished\":\"2014-02-06T04:12:34+01:00\",\"dateModified\":\"2014-02-06T04:14:36+01:00\"},{\"@type\":\"WebSite\",\"@id\":\"https:\\\/\\\/www.eldigitaldeasturias.com\\\/noticias\\\/#website\",\"url\":\"https:\\\/\\\/www.eldigitaldeasturias.com\\\/noticias\\\/\",\"name\":\"El Digital de Asturias - Diario de actualidad y noticias\",\"alternateName\":\"El Digital de Asturias - Diario de actualidad y noticias\",\"description\":\"Hemeroteca\",\"inLanguage\":\"es-ES\",\"publisher\":{\"@id\":\"https:\\\/\\\/www.eldigitaldeasturias.com\\\/noticias\\\/#organization\"}}]}\n\t\t<\/script>\n\t\t<!-- All in One SEO Pro -->\r\n\t\t<title>Prada anima a los espa\u00f1oles residentes en el exterior a votar en los comicios europeos - El Digital de Asturias<\/title>\n\n","aioseo_head_json":{"title":"Prada anima a los espa\u00f1oles residentes en el exterior a votar en los comicios europeos - El Digital de Asturias","description":"Santo Domingo, 5 feb (EFE).- El secretario ejecutivo del Partido Popular (PP) en el Exterior, Alfredo Prada, de visita en la capital dominicana, anim\u00f3 hoy a los espa\u00f1oles residentes en el exterior a que participen en las pr\u00f3ximas elecciones al Parlamento Europeo, que se celebrar\u00e1n el 25 de mayo. La visita del diputado espa\u00f1ol al","canonical_url":"https:\/\/www.eldigitaldeasturias.com\/noticias\/prada-anima-a-los-espanoles-residentes-en-el-exterior-a-votar-en-los-comicios-europeos\/","robots":"max-image-preview:large","keywords":"actualidad","webmasterTools":{"google-site-verification":"UA-38556648-1","msvalidate.01":"7dfe9f3f1b24437ab69f4f2559babe99","miscellaneous":""},"schema":{"@context":"https:\/\/schema.org","@graph":[{"@type":"BlogPosting","@id":"https:\/\/www.eldigitaldeasturias.com\/noticias\/prada-anima-a-los-espanoles-residentes-en-el-exterior-a-votar-en-los-comicios-europeos\/#blogposting","name":"Prada anima a los espa\u00f1oles residentes en el exterior a votar en los comicios europeos - El Digital de Asturias","headline":"Prada anima a los espa\u00f1oles residentes en el exterior a votar en los comicios europeos","author":{"@id":"https:\/\/www.eldigitaldeasturias.com\/noticias\/author\/admin\/#author"},"publisher":{"@id":"https:\/\/www.eldigitaldeasturias.com\/noticias\/#organization"},"image":{"@type":"ImageObject","url":484869},"datePublished":"2014-02-06T04:12:34+01:00","dateModified":"2014-02-06T04:14:36+01:00","inLanguage":"es-ES","mainEntityOfPage":{"@id":"https:\/\/www.eldigitaldeasturias.com\/noticias\/prada-anima-a-los-espanoles-residentes-en-el-exterior-a-votar-en-los-comicios-europeos\/#webpage"},"isPartOf":{"@id":"https:\/\/www.eldigitaldeasturias.com\/noticias\/prada-anima-a-los-espanoles-residentes-en-el-exterior-a-votar-en-los-comicios-europeos\/#webpage"},"articleSection":"Actualidad"},{"@type":"BreadcrumbList","@id":"https:\/\/www.eldigitaldeasturias.com\/noticias\/prada-anima-a-los-espanoles-residentes-en-el-exterior-a-votar-en-los-comicios-europeos\/#breadcrumblist","itemListElement":[{"@type":"ListItem","@id":"https:\/\/www.eldigitaldeasturias.com\/noticias#listItem","position":1,"name":"Home","item":"https:\/\/www.eldigitaldeasturias.com\/noticias","nextItem":{"@type":"ListItem","@id":"https:\/\/www.eldigitaldeasturias.com\/noticias\/category\/actualidad\/#listItem","name":"Actualidad"}},{"@type":"ListItem","@id":"https:\/\/www.eldigitaldeasturias.com\/noticias\/category\/actualidad\/#listItem","position":2,"name":"Actualidad","item":"https:\/\/www.eldigitaldeasturias.com\/noticias\/category\/actualidad\/","nextItem":{"@type":"ListItem","@id":"https:\/\/www.eldigitaldeasturias.com\/noticias\/prada-anima-a-los-espanoles-residentes-en-el-exterior-a-votar-en-los-comicios-europeos\/#listItem","name":"Prada anima a los espa\u00f1oles residentes en el exterior a votar en los comicios europeos"},"previousItem":{"@type":"ListItem","@id":"https:\/\/www.eldigitaldeasturias.com\/noticias#listItem","name":"Home"}},{"@type":"ListItem","@id":"https:\/\/www.eldigitaldeasturias.com\/noticias\/prada-anima-a-los-espanoles-residentes-en-el-exterior-a-votar-en-los-comicios-europeos\/#listItem","position":3,"name":"Prada anima a los espa\u00f1oles residentes en el exterior a votar en los comicios europeos","previousItem":{"@type":"ListItem","@id":"https:\/\/www.eldigitaldeasturias.com\/noticias\/category\/actualidad\/#listItem","name":"Actualidad"}}]},{"@type":"Organization","@id":"https:\/\/www.eldigitaldeasturias.com\/noticias\/#organization","name":"El Digital de Asturias","description":"Hemeroteca","url":"https:\/\/www.eldigitaldeasturias.com\/noticias\/","email":"info@eldigitaldeasturias.com","telephone":"+34652131393","logo":{"@type":"ImageObject","url":"https:\/\/www.eldigitaldeasturias.com\/noticias\/wp-content\/uploads\/2020\/12\/EDA.jpg","@id":"https:\/\/www.eldigitaldeasturias.com\/noticias\/prada-anima-a-los-espanoles-residentes-en-el-exterior-a-votar-en-los-comicios-europeos\/#organizationLogo"},"image":{"@id":"https:\/\/www.eldigitaldeasturias.com\/noticias\/prada-anima-a-los-espanoles-residentes-en-el-exterior-a-votar-en-los-comicios-europeos\/#organizationLogo"},"sameAs":["https:\/\/facebook.com\/eldigitaldeasturias","https:\/\/www.youtube.com\/channel\/UCZP-2wLEB9Rv6erhFmqVnvg"],"address":{"@id":"https:\/\/www.eldigitaldeasturias.com\/noticias\/#postaladdress","@type":"PostalAddress","streetAddress":"san antonio 4","postalCode":"33430","addressLocality":"Cand\u00e1s","addressRegion":"Asturias","addressCountry":"ES"}},{"@type":"Person","@id":"https:\/\/www.eldigitaldeasturias.com\/noticias\/author\/admin\/#author","url":"https:\/\/www.eldigitaldeasturias.com\/noticias\/author\/admin\/","name":"El Digital de Asturias","image":{"@type":"ImageObject","@id":"https:\/\/www.eldigitaldeasturias.com\/noticias\/prada-anima-a-los-espanoles-residentes-en-el-exterior-a-votar-en-los-comicios-europeos\/#authorImage","url":"https:\/\/secure.gravatar.com\/avatar\/df2aeffc32bcd13f8d26072ef8a91b623d677766deac7f97ca815868cd41bf5e?s=96&d=mm&r=g","width":96,"height":96,"caption":"El Digital de Asturias"}},{"@type":"WebPage","@id":"https:\/\/www.eldigitaldeasturias.com\/noticias\/prada-anima-a-los-espanoles-residentes-en-el-exterior-a-votar-en-los-comicios-europeos\/#webpage","url":"https:\/\/www.eldigitaldeasturias.com\/noticias\/prada-anima-a-los-espanoles-residentes-en-el-exterior-a-votar-en-los-comicios-europeos\/","name":"Prada anima a los espa\u00f1oles residentes en el exterior a votar en los comicios europeos - El Digital de Asturias","description":"Santo Domingo, 5 feb (EFE).- El secretario ejecutivo del Partido Popular (PP) en el Exterior, Alfredo Prada, de visita en la capital dominicana, anim\u00f3 hoy a los espa\u00f1oles residentes en el exterior a que participen en las pr\u00f3ximas elecciones al Parlamento Europeo, que se celebrar\u00e1n el 25 de mayo. La visita del diputado espa\u00f1ol al","inLanguage":"es-ES","isPartOf":{"@id":"https:\/\/www.eldigitaldeasturias.com\/noticias\/#website"},"breadcrumb":{"@id":"https:\/\/www.eldigitaldeasturias.com\/noticias\/prada-anima-a-los-espanoles-residentes-en-el-exterior-a-votar-en-los-comicios-europeos\/#breadcrumblist"},"author":{"@id":"https:\/\/www.eldigitaldeasturias.com\/noticias\/author\/admin\/#author"},"creator":{"@id":"https:\/\/www.eldigitaldeasturias.com\/noticias\/author\/admin\/#author"},"image":{"@type":"ImageObject","url":484869,"@id":"https:\/\/www.eldigitaldeasturias.com\/noticias\/prada-anima-a-los-espanoles-residentes-en-el-exterior-a-votar-en-los-comicios-europeos\/#mainImage"},"primaryImageOfPage":{"@id":"https:\/\/www.eldigitaldeasturias.com\/noticias\/prada-anima-a-los-espanoles-residentes-en-el-exterior-a-votar-en-los-comicios-europeos\/#mainImage"},"datePublished":"2014-02-06T04:12:34+01:00","dateModified":"2014-02-06T04:14:36+01:00"},{"@type":"WebSite","@id":"https:\/\/www.eldigitaldeasturias.com\/noticias\/#website","url":"https:\/\/www.eldigitaldeasturias.com\/noticias\/","name":"El Digital de Asturias - Diario de actualidad y noticias","alternateName":"El Digital de Asturias - Diario de actualidad y noticias","description":"Hemeroteca","inLanguage":"es-ES","publisher":{"@id":"https:\/\/www.eldigitaldeasturias.com\/noticias\/#organization"}}]},"og:locale":"es_ES","og:site_name":"El Digital de Asturias","og:type":"article","og:title":"Prada anima a los espa\u00f1oles residentes en el exterior a votar en los comicios europeos - El Digital de Asturias","og:description":"Santo Domingo, 5 feb (EFE).- El secretario ejecutivo del Partido Popular (PP) en el Exterior, Alfredo Prada, de visita en la capital dominicana, anim\u00f3 hoy a los espa\u00f1oles residentes en el exterior a que participen en las pr\u00f3ximas elecciones al Parlamento Europeo, que se celebrar\u00e1n el 25 de mayo. La visita del diputado espa\u00f1ol al","og:url":"https:\/\/www.eldigitaldeasturias.com\/noticias\/prada-anima-a-los-espanoles-residentes-en-el-exterior-a-votar-en-los-comicios-europeos\/","article:tag":["actualidad"],"article:published_time":"2014-02-06T05:12:34+00:00","article:modified_time":"2014-02-06T05:14:36+00:00","article:publisher":"https:\/\/facebook.com\/eldigitaldeasturias","twitter:card":"summary_large_image","twitter:title":"Prada anima a los espa\u00f1oles residentes en el exterior a votar en los comicios europeos - El Digital de Asturias","twitter:description":"Santo Domingo, 5 feb (EFE).- El secretario ejecutivo del Partido Popular (PP) en el Exterior, Alfredo Prada, de visita en la capital dominicana, anim\u00f3 hoy a los espa\u00f1oles residentes en el exterior a que participen en las pr\u00f3ximas elecciones al Parlamento Europeo, que se celebrar\u00e1n el 25 de mayo. La visita del diputado espa\u00f1ol al","twitter:label1":"Escrito por","twitter:data1":"El Digital de Asturias","twitter:label2":"Tiempo de lectura estimado","twitter:data2":"3 minutos"},"aioseo_meta_data":{"post_id":"484868","title":null,"description":null,"keywords":null,"keyphrases":null,"primary_term":null,"canonical_url":null,"og_title":null,"og_description":null,"og_object_type":"default","og_image_type":"default","og_image_url":null,"og_image_width":null,"og_image_height":null,"og_image_custom_url":null,"og_image_custom_fields":null,"og_video":null,"og_custom_url":null,"og_article_section":null,"og_article_tags":null,"twitter_use_og":true,"twitter_card":"default","twitter_image_type":"default","twitter_image_url":null,"twitter_image_custom_url":null,"twitter_image_custom_fields":null,"twitter_title":null,"twitter_description":null,"schema":{"blockGraphs":[],"customGraphs":[],"default":{"data":{"Article":[],"Course":[],"Dataset":[],"FAQPage":[],"Movie":[],"Person":[],"Product":[],"ProductReview":[],"Car":[],"Recipe":[],"Service":[],"SoftwareApplication":[],"WebPage":[]},"graphName":"","isEnabled":true},"graphs":[],"defaultGraph":"","defaultPostTypeGraph":""},"schema_type":null,"schema_type_options":null,"pillar_content":false,"robots_default":true,"robots_noindex":false,"robots_noarchive":false,"robots_nosnippet":false,"robots_nofollow":false,"robots_noimageindex":false,"robots_noodp":false,"robots_notranslate":false,"robots_max_snippet":null,"robots_max_videopreview":null,"robots_max_imagepreview":"none","priority":null,"frequency":null,"local_seo":null,"seo_analyzer_scan_date":"2026-06-02 17:37:20","breadcrumb_settings":null,"limit_modified_date":false,"open_ai":null,"ai":null,"created":"2020-11-14 22:55:07","updated":"2026-06-02 17:37:20","focus_keyword":null,"additional_keywords":null,"truseo_locale":null},"aioseo_breadcrumb":"<div class=\"aioseo-breadcrumbs\"><span class=\"aioseo-breadcrumb\">\n\t<a href=\"https:\/\/www.eldigitaldeasturias.com\/noticias\" title=\"Home\">Home<\/a>\n<\/span><span class=\"aioseo-breadcrumb-separator\">\u2013<\/span><span class=\"aioseo-breadcrumb\">\n\t<a href=\"https:\/\/www.eldigitaldeasturias.com\/noticias\/category\/actualidad\/\" title=\"Actualidad\">Actualidad<\/a>\n<\/span><span class=\"aioseo-breadcrumb-separator\">\u2013<\/span><span class=\"aioseo-breadcrumb\">\n\t<a href=\"https:\/\/www.eldigitaldeasturias.com\/noticias\/prada-anima-a-los-espanoles-residentes-en-el-exterior-a-votar-en-los-comicios-europeos\/\" title=\"Prada anima a los espa\u00f1oles residentes en el exterior a votar en los comicios europeos\">Prada anima a los espa\u00f1oles residentes en el exterior a votar en los comicios europeos<\/a>\n<\/span><\/div>","aioseo_breadcrumb_json":[{"label":"Home","link":"https:\/\/www.eldigitaldeasturias.com\/noticias"},{"label":"Actualidad","link":"https:\/\/www.eldigitaldeasturias.com\/noticias\/category\/actualidad\/"},{"label":"Prada anima a los espa\u00f1oles residentes en el exterior a votar en los comicios europeos","link":"https:\/\/www.eldigitaldeasturias.com\/noticias\/prada-anima-a-los-espanoles-residentes-en-el-exterior-a-votar-en-los-comicios-europeos\/"}],"_links":{"self":[{"href":"https:\/\/www.eldigitaldeasturias.com\/noticias\/wp-json\/wp\/v2\/posts\/484868","targetHints":{"allow":["GET"]}}],"collection":[{"href":"https:\/\/www.eldigitaldeasturias.com\/noticias\/wp-json\/wp\/v2\/posts"}],"about":[{"href":"https:\/\/www.eldigitaldeasturias.com\/noticias\/wp-json\/wp\/v2\/types\/post"}],"author":[{"embeddable":true,"href":"https:\/\/www.eldigitaldeasturias.com\/noticias\/wp-json\/wp\/v2\/users\/1"}],"replies":[{"embeddable":true,"href":"https:\/\/www.eldigitaldeasturias.com\/noticias\/wp-json\/wp\/v2\/comments?post=484868"}],"version-history":[{"count":0,"href":"https:\/\/www.eldigitaldeasturias.com\/noticias\/wp-json\/wp\/v2\/posts\/484868\/revisions"}],"wp:attachment":[{"href":"https:\/\/www.eldigitaldeasturias.com\/noticias\/wp-json\/wp\/v2\/media?parent=484868"}],"wp:term":[{"taxonomy":"category","embeddable":true,"href":"https:\/\/www.eldigitaldeasturias.com\/noticias\/wp-json\/wp\/v2\/categories?post=484868"},{"taxonomy":"post_tag","embeddable":true,"href":"https:\/\/www.eldigitaldeasturias.com\/noticias\/wp-json\/wp\/v2\/tags?post=484868"}],"curies":[{"name":"wp","href":"https:\/\/api.w.org\/{rel}","templated":true}]}}