{"id":484865,"date":"2014-02-06T04:11:36","date_gmt":"2014-02-06T05:11:36","guid":{"rendered":"http:\/\/www.eldigitaldeasturias.com\/noticias\/?p=484865"},"modified":"2014-02-06T04:11:36","modified_gmt":"2014-02-06T05:11:36","slug":"robredo-cae-en-vina-del-mar-y-avanzan-mayer-giraldo-y-garcia-lopez","status":"publish","type":"post","link":"https:\/\/www.eldigitaldeasturias.com\/noticias\/robredo-cae-en-vina-del-mar-y-avanzan-mayer-giraldo-y-garcia-lopez\/","title":{"rendered":"Robredo cae en Vi\u00f1a del Mar y avanzan Mayer, Giraldo y Garc\u00eda L\u00f3pez"},"content":{"rendered":"<p><img loading=\"lazy\" decoding=\"async\" class=\"alignleft size-medium wp-image-484866\" alt=\"5914866w\" src=\"https:\/\/www.eldigitaldeasturias.com\/noticias\/wp-content\/uploads\/2014\/02\/5914866w-360x259.jpg\" width=\"360\" height=\"259\" \/>Vi\u00f1a del Mar (Chile), 5 feb (EFE).- El tenista espa\u00f1ol Tommy Robredo, n\u00famero 16 del escalaf\u00f3n mundial, cay\u00f3 hoy ante el argentino Leonardo Mayer en su debut en segunda ronda del torneo ATP de la ciudad chilena de Vi\u00f1a del Mar.<\/p>\n<p>El tenista oriundo de Gerona, segundo preclasificado del certamen, perdi\u00f3 en tres sets con parciales de 3-6, 7-6 (8) y 6-4, en dos horas y veinte minutos de juego.<\/p>\n<p>Con este resultado, el sudamericano avanz\u00f3 a cuartos de final del torneo que se disputa sobre polvo de ladrillo en el balneario de Las Salinas, 120 kil\u00f3metros al noroeste de Santiago de Chile.<\/p>\n<p>Mayer deber\u00e1 enfrentar al ganador del encuentro entre el tambi\u00e9n argentino y actual campe\u00f3n, Horacio Zeballos (67) y el espa\u00f1ol Daniel Gimeno Traver (85).<\/p>\n<p>Lo anterior se defini\u00f3 luego de que Zeballos diera cuenta c\u00f3modamente del chileno Gonzalo Lama (289) en dos sets, con parciales de 6-3 y 6-3 en solo una hora de compromiso.<\/p>\n<p>Otro que avanz\u00f3 a cuartos fue el colombiano Santiago Giraldo (71), quien derrot\u00f3 al espa\u00f1ol Marcel Granollers (35) por 7-6 (7) y 7-6 (2), fase donde lo espera el tambi\u00e9n espa\u00f1ol Guillermo Garc\u00eda L\u00f3pez (56), quien venci\u00f3 al italiano Paolo Lorenzi (107) en tres cap\u00edtulos por 3-6, 7-5 y 6-4.<\/p>\n<p>La jornada de hoy se completar\u00e1 m\u00e1s tarde con el partido entre el franc\u00e9s Jeremy Chardy (44) y el chileno Christi\u00e1n Gar\u00edn (379).<\/p>\n","protected":false},"excerpt":{"rendered":"<p>Vi\u00f1a del Mar (Chile), 5 feb (EFE).- El tenista espa\u00f1ol Tommy Robredo, n\u00famero 16 del escalaf\u00f3n mundial, cay\u00f3 hoy ante el argentino Leonardo Mayer en su debut en segunda ronda del torneo ATP de la ciudad chilena de Vi\u00f1a del Mar. El tenista oriundo de Gerona, segundo preclasificado del certamen, perdi\u00f3 en tres sets con [&hellip;]<\/p>\n","protected":false},"author":1,"featured_media":484866,"comment_status":"closed","ping_status":"open","sticky":false,"template":"","format":"standard","meta":{"footnotes":""},"categories":[1],"tags":[],"class_list":["post-484865","post","type-post","status-publish","format-standard","has-post-thumbnail","hentry","category-actualidad"],"aioseo_notices":[],"aioseo_head":"\n\t\t<!-- All in One SEO Pro 5.0.1 - aioseo.com -->\n\t<meta name=\"description\" content=\"Vi\u00f1a del Mar (Chile), 5 feb (EFE).- El tenista espa\u00f1ol Tommy Robredo, n\u00famero 16 del escalaf\u00f3n mundial, cay\u00f3 hoy ante el argentino Leonardo Mayer en su debut en segunda ronda del torneo ATP de la ciudad chilena de Vi\u00f1a del Mar. El tenista oriundo de Gerona, segundo preclasificado del certamen, perdi\u00f3 en tres sets con\" \/>\n\t<meta name=\"robots\" content=\"max-image-preview:large\" \/>\n\t<meta name=\"author\" content=\"El Digital de Asturias\"\/>\n\t<meta name=\"google-site-verification\" content=\"UA-38556648-1\" \/>\n\t<meta name=\"msvalidate.01\" content=\"7dfe9f3f1b24437ab69f4f2559babe99\" \/>\n\t<meta name=\"keywords\" content=\"actualidad\" \/>\n\t<link rel=\"canonical\" href=\"https:\/\/www.eldigitaldeasturias.com\/noticias\/robredo-cae-en-vina-del-mar-y-avanzan-mayer-giraldo-y-garcia-lopez\/\" \/>\n\t<meta name=\"generator\" content=\"All in One SEO Pro (AIOSEO) 5.0.1\" \/>\n\t\t<meta property=\"og:locale\" content=\"es_ES\" \/>\n\t\t<meta property=\"og:site_name\" content=\"El Digital de Asturias\" \/>\n\t\t<meta property=\"og:type\" content=\"article\" \/>\n\t\t<meta property=\"og:title\" content=\"Robredo cae en Vi\u00f1a del Mar y avanzan Mayer, Giraldo y Garc\u00eda L\u00f3pez - El Digital de Asturias\" \/>\n\t\t<meta property=\"og:description\" content=\"Vi\u00f1a del Mar (Chile), 5 feb (EFE).- El tenista espa\u00f1ol Tommy Robredo, n\u00famero 16 del escalaf\u00f3n mundial, cay\u00f3 hoy ante el argentino Leonardo Mayer en su debut en segunda ronda del torneo ATP de la ciudad chilena de Vi\u00f1a del Mar. El tenista oriundo de Gerona, segundo preclasificado del certamen, perdi\u00f3 en tres sets con\" \/>\n\t\t<meta property=\"og:url\" content=\"https:\/\/www.eldigitaldeasturias.com\/noticias\/robredo-cae-en-vina-del-mar-y-avanzan-mayer-giraldo-y-garcia-lopez\/\" \/>\n\t\t<meta property=\"article:tag\" content=\"actualidad\" \/>\n\t\t<meta property=\"article:published_time\" content=\"2014-02-06T05:11:36+00:00\" \/>\n\t\t<meta property=\"article:modified_time\" content=\"2014-02-06T05:11:36+00:00\" \/>\n\t\t<meta property=\"article:publisher\" content=\"https:\/\/facebook.com\/eldigitaldeasturias\" \/>\n\t\t<meta name=\"twitter:card\" content=\"summary_large_image\" \/>\n\t\t<meta name=\"twitter:title\" content=\"Robredo cae en Vi\u00f1a del Mar y avanzan Mayer, Giraldo y Garc\u00eda L\u00f3pez - El Digital de Asturias\" \/>\n\t\t<meta name=\"twitter:description\" content=\"Vi\u00f1a del Mar (Chile), 5 feb (EFE).- El tenista espa\u00f1ol Tommy Robredo, n\u00famero 16 del escalaf\u00f3n mundial, cay\u00f3 hoy ante el argentino Leonardo Mayer en su debut en segunda ronda del torneo ATP de la ciudad chilena de Vi\u00f1a del Mar. El tenista oriundo de Gerona, segundo preclasificado del certamen, perdi\u00f3 en tres sets con\" \/>\n\t\t<meta name=\"twitter:label1\" content=\"Escrito por\" \/>\n\t\t<meta name=\"twitter:data1\" content=\"El Digital de Asturias\" \/>\n\t\t<meta name=\"twitter:label2\" content=\"Tiempo de lectura estimado\" \/>\n\t\t<meta name=\"twitter:data2\" content=\"1 minuto\" \/>\n\t\t<script type=\"application\/ld+json\" class=\"aioseo-schema\">\n\t\t\t{\"@context\":\"https:\\\/\\\/schema.org\",\"@graph\":[{\"@type\":\"BlogPosting\",\"@id\":\"https:\\\/\\\/www.eldigitaldeasturias.com\\\/noticias\\\/robredo-cae-en-vina-del-mar-y-avanzan-mayer-giraldo-y-garcia-lopez\\\/#blogposting\",\"name\":\"Robredo cae en Vi\\u00f1a del Mar y avanzan Mayer, Giraldo y Garc\\u00eda L\\u00f3pez - El Digital de Asturias\",\"headline\":\"Robredo cae en Vi\\u00f1a del Mar y avanzan Mayer, Giraldo y Garc\\u00eda L\\u00f3pez\",\"author\":{\"@id\":\"https:\\\/\\\/www.eldigitaldeasturias.com\\\/noticias\\\/author\\\/admin\\\/#author\"},\"publisher\":{\"@id\":\"https:\\\/\\\/www.eldigitaldeasturias.com\\\/noticias\\\/#organization\"},\"image\":{\"@type\":\"ImageObject\",\"url\":484866},\"datePublished\":\"2014-02-06T04:11:36+01:00\",\"dateModified\":\"2014-02-06T04:11:36+01:00\",\"inLanguage\":\"es-ES\",\"mainEntityOfPage\":{\"@id\":\"https:\\\/\\\/www.eldigitaldeasturias.com\\\/noticias\\\/robredo-cae-en-vina-del-mar-y-avanzan-mayer-giraldo-y-garcia-lopez\\\/#webpage\"},\"isPartOf\":{\"@id\":\"https:\\\/\\\/www.eldigitaldeasturias.com\\\/noticias\\\/robredo-cae-en-vina-del-mar-y-avanzan-mayer-giraldo-y-garcia-lopez\\\/#webpage\"},\"articleSection\":\"Actualidad\"},{\"@type\":\"BreadcrumbList\",\"@id\":\"https:\\\/\\\/www.eldigitaldeasturias.com\\\/noticias\\\/robredo-cae-en-vina-del-mar-y-avanzan-mayer-giraldo-y-garcia-lopez\\\/#breadcrumblist\",\"itemListElement\":[{\"@type\":\"ListItem\",\"@id\":\"https:\\\/\\\/www.eldigitaldeasturias.com\\\/noticias#listItem\",\"position\":1,\"name\":\"Home\",\"item\":\"https:\\\/\\\/www.eldigitaldeasturias.com\\\/noticias\",\"nextItem\":{\"@type\":\"ListItem\",\"@id\":\"https:\\\/\\\/www.eldigitaldeasturias.com\\\/noticias\\\/category\\\/actualidad\\\/#listItem\",\"name\":\"Actualidad\"}},{\"@type\":\"ListItem\",\"@id\":\"https:\\\/\\\/www.eldigitaldeasturias.com\\\/noticias\\\/category\\\/actualidad\\\/#listItem\",\"position\":2,\"name\":\"Actualidad\",\"item\":\"https:\\\/\\\/www.eldigitaldeasturias.com\\\/noticias\\\/category\\\/actualidad\\\/\",\"nextItem\":{\"@type\":\"ListItem\",\"@id\":\"https:\\\/\\\/www.eldigitaldeasturias.com\\\/noticias\\\/robredo-cae-en-vina-del-mar-y-avanzan-mayer-giraldo-y-garcia-lopez\\\/#listItem\",\"name\":\"Robredo cae en Vi\\u00f1a del Mar y avanzan Mayer, Giraldo y Garc\\u00eda L\\u00f3pez\"},\"previousItem\":{\"@type\":\"ListItem\",\"@id\":\"https:\\\/\\\/www.eldigitaldeasturias.com\\\/noticias#listItem\",\"name\":\"Home\"}},{\"@type\":\"ListItem\",\"@id\":\"https:\\\/\\\/www.eldigitaldeasturias.com\\\/noticias\\\/robredo-cae-en-vina-del-mar-y-avanzan-mayer-giraldo-y-garcia-lopez\\\/#listItem\",\"position\":3,\"name\":\"Robredo cae en Vi\\u00f1a del Mar y avanzan Mayer, Giraldo y Garc\\u00eda L\\u00f3pez\",\"previousItem\":{\"@type\":\"ListItem\",\"@id\":\"https:\\\/\\\/www.eldigitaldeasturias.com\\\/noticias\\\/category\\\/actualidad\\\/#listItem\",\"name\":\"Actualidad\"}}]},{\"@type\":\"Organization\",\"@id\":\"https:\\\/\\\/www.eldigitaldeasturias.com\\\/noticias\\\/#organization\",\"name\":\"El Digital de Asturias\",\"description\":\"Hemeroteca\",\"url\":\"https:\\\/\\\/www.eldigitaldeasturias.com\\\/noticias\\\/\",\"email\":\"info@eldigitaldeasturias.com\",\"telephone\":\"+34652131393\",\"logo\":{\"@type\":\"ImageObject\",\"url\":\"https:\\\/\\\/www.eldigitaldeasturias.com\\\/noticias\\\/wp-content\\\/uploads\\\/2020\\\/12\\\/EDA.jpg\",\"@id\":\"https:\\\/\\\/www.eldigitaldeasturias.com\\\/noticias\\\/robredo-cae-en-vina-del-mar-y-avanzan-mayer-giraldo-y-garcia-lopez\\\/#organizationLogo\"},\"image\":{\"@id\":\"https:\\\/\\\/www.eldigitaldeasturias.com\\\/noticias\\\/robredo-cae-en-vina-del-mar-y-avanzan-mayer-giraldo-y-garcia-lopez\\\/#organizationLogo\"},\"sameAs\":[\"https:\\\/\\\/facebook.com\\\/eldigitaldeasturias\",\"https:\\\/\\\/www.youtube.com\\\/channel\\\/UCZP-2wLEB9Rv6erhFmqVnvg\"],\"address\":{\"@id\":\"https:\\\/\\\/www.eldigitaldeasturias.com\\\/noticias\\\/#postaladdress\",\"@type\":\"PostalAddress\",\"streetAddress\":\"san antonio 4\",\"postalCode\":\"33430\",\"addressLocality\":\"Cand\\u00e1s\",\"addressRegion\":\"Asturias\",\"addressCountry\":\"ES\"}},{\"@type\":\"Person\",\"@id\":\"https:\\\/\\\/www.eldigitaldeasturias.com\\\/noticias\\\/author\\\/admin\\\/#author\",\"url\":\"https:\\\/\\\/www.eldigitaldeasturias.com\\\/noticias\\\/author\\\/admin\\\/\",\"name\":\"El Digital de Asturias\",\"image\":{\"@type\":\"ImageObject\",\"@id\":\"https:\\\/\\\/www.eldigitaldeasturias.com\\\/noticias\\\/robredo-cae-en-vina-del-mar-y-avanzan-mayer-giraldo-y-garcia-lopez\\\/#authorImage\",\"url\":\"https:\\\/\\\/secure.gravatar.com\\\/avatar\\\/df2aeffc32bcd13f8d26072ef8a91b623d677766deac7f97ca815868cd41bf5e?s=96&d=mm&r=g\",\"width\":96,\"height\":96,\"caption\":\"El Digital de Asturias\"}},{\"@type\":\"WebPage\",\"@id\":\"https:\\\/\\\/www.eldigitaldeasturias.com\\\/noticias\\\/robredo-cae-en-vina-del-mar-y-avanzan-mayer-giraldo-y-garcia-lopez\\\/#webpage\",\"url\":\"https:\\\/\\\/www.eldigitaldeasturias.com\\\/noticias\\\/robredo-cae-en-vina-del-mar-y-avanzan-mayer-giraldo-y-garcia-lopez\\\/\",\"name\":\"Robredo cae en Vi\\u00f1a del Mar y avanzan Mayer, Giraldo y Garc\\u00eda L\\u00f3pez - El Digital de Asturias\",\"description\":\"Vi\\u00f1a del Mar (Chile), 5 feb (EFE).- El tenista espa\\u00f1ol Tommy Robredo, n\\u00famero 16 del escalaf\\u00f3n mundial, cay\\u00f3 hoy ante el argentino Leonardo Mayer en su debut en segunda ronda del torneo ATP de la ciudad chilena de Vi\\u00f1a del Mar. El tenista oriundo de Gerona, segundo preclasificado del certamen, perdi\\u00f3 en tres sets con\",\"inLanguage\":\"es-ES\",\"isPartOf\":{\"@id\":\"https:\\\/\\\/www.eldigitaldeasturias.com\\\/noticias\\\/#website\"},\"breadcrumb\":{\"@id\":\"https:\\\/\\\/www.eldigitaldeasturias.com\\\/noticias\\\/robredo-cae-en-vina-del-mar-y-avanzan-mayer-giraldo-y-garcia-lopez\\\/#breadcrumblist\"},\"author\":{\"@id\":\"https:\\\/\\\/www.eldigitaldeasturias.com\\\/noticias\\\/author\\\/admin\\\/#author\"},\"creator\":{\"@id\":\"https:\\\/\\\/www.eldigitaldeasturias.com\\\/noticias\\\/author\\\/admin\\\/#author\"},\"image\":{\"@type\":\"ImageObject\",\"url\":484866,\"@id\":\"https:\\\/\\\/www.eldigitaldeasturias.com\\\/noticias\\\/robredo-cae-en-vina-del-mar-y-avanzan-mayer-giraldo-y-garcia-lopez\\\/#mainImage\"},\"primaryImageOfPage\":{\"@id\":\"https:\\\/\\\/www.eldigitaldeasturias.com\\\/noticias\\\/robredo-cae-en-vina-del-mar-y-avanzan-mayer-giraldo-y-garcia-lopez\\\/#mainImage\"},\"datePublished\":\"2014-02-06T04:11:36+01:00\",\"dateModified\":\"2014-02-06T04:11:36+01:00\"},{\"@type\":\"WebSite\",\"@id\":\"https:\\\/\\\/www.eldigitaldeasturias.com\\\/noticias\\\/#website\",\"url\":\"https:\\\/\\\/www.eldigitaldeasturias.com\\\/noticias\\\/\",\"name\":\"El Digital de Asturias - Diario de actualidad y noticias\",\"alternateName\":\"El Digital de Asturias - Diario de actualidad y noticias\",\"description\":\"Hemeroteca\",\"inLanguage\":\"es-ES\",\"publisher\":{\"@id\":\"https:\\\/\\\/www.eldigitaldeasturias.com\\\/noticias\\\/#organization\"}}]}\n\t\t<\/script>\n\t\t<!-- All in One SEO Pro -->\r\n\t\t<title>Robredo cae en Vi\u00f1a del Mar y avanzan Mayer, Giraldo y Garc\u00eda L\u00f3pez - El Digital de Asturias<\/title>\n\n","aioseo_head_json":{"title":"Robredo cae en Vi\u00f1a del Mar y avanzan Mayer, Giraldo y Garc\u00eda L\u00f3pez - El Digital de Asturias","description":"Vi\u00f1a del Mar (Chile), 5 feb (EFE).- El tenista espa\u00f1ol Tommy Robredo, n\u00famero 16 del escalaf\u00f3n mundial, cay\u00f3 hoy ante el argentino Leonardo Mayer en su debut en segunda ronda del torneo ATP de la ciudad chilena de Vi\u00f1a del Mar. El tenista oriundo de Gerona, segundo preclasificado del certamen, perdi\u00f3 en tres sets con","canonical_url":"https:\/\/www.eldigitaldeasturias.com\/noticias\/robredo-cae-en-vina-del-mar-y-avanzan-mayer-giraldo-y-garcia-lopez\/","robots":"max-image-preview:large","keywords":"actualidad","webmasterTools":{"google-site-verification":"UA-38556648-1","msvalidate.01":"7dfe9f3f1b24437ab69f4f2559babe99","miscellaneous":""},"schema":{"@context":"https:\/\/schema.org","@graph":[{"@type":"BlogPosting","@id":"https:\/\/www.eldigitaldeasturias.com\/noticias\/robredo-cae-en-vina-del-mar-y-avanzan-mayer-giraldo-y-garcia-lopez\/#blogposting","name":"Robredo cae en Vi\u00f1a del Mar y avanzan Mayer, Giraldo y Garc\u00eda L\u00f3pez - El Digital de Asturias","headline":"Robredo cae en Vi\u00f1a del Mar y avanzan Mayer, Giraldo y Garc\u00eda L\u00f3pez","author":{"@id":"https:\/\/www.eldigitaldeasturias.com\/noticias\/author\/admin\/#author"},"publisher":{"@id":"https:\/\/www.eldigitaldeasturias.com\/noticias\/#organization"},"image":{"@type":"ImageObject","url":484866},"datePublished":"2014-02-06T04:11:36+01:00","dateModified":"2014-02-06T04:11:36+01:00","inLanguage":"es-ES","mainEntityOfPage":{"@id":"https:\/\/www.eldigitaldeasturias.com\/noticias\/robredo-cae-en-vina-del-mar-y-avanzan-mayer-giraldo-y-garcia-lopez\/#webpage"},"isPartOf":{"@id":"https:\/\/www.eldigitaldeasturias.com\/noticias\/robredo-cae-en-vina-del-mar-y-avanzan-mayer-giraldo-y-garcia-lopez\/#webpage"},"articleSection":"Actualidad"},{"@type":"BreadcrumbList","@id":"https:\/\/www.eldigitaldeasturias.com\/noticias\/robredo-cae-en-vina-del-mar-y-avanzan-mayer-giraldo-y-garcia-lopez\/#breadcrumblist","itemListElement":[{"@type":"ListItem","@id":"https:\/\/www.eldigitaldeasturias.com\/noticias#listItem","position":1,"name":"Home","item":"https:\/\/www.eldigitaldeasturias.com\/noticias","nextItem":{"@type":"ListItem","@id":"https:\/\/www.eldigitaldeasturias.com\/noticias\/category\/actualidad\/#listItem","name":"Actualidad"}},{"@type":"ListItem","@id":"https:\/\/www.eldigitaldeasturias.com\/noticias\/category\/actualidad\/#listItem","position":2,"name":"Actualidad","item":"https:\/\/www.eldigitaldeasturias.com\/noticias\/category\/actualidad\/","nextItem":{"@type":"ListItem","@id":"https:\/\/www.eldigitaldeasturias.com\/noticias\/robredo-cae-en-vina-del-mar-y-avanzan-mayer-giraldo-y-garcia-lopez\/#listItem","name":"Robredo cae en Vi\u00f1a del Mar y avanzan Mayer, Giraldo y Garc\u00eda L\u00f3pez"},"previousItem":{"@type":"ListItem","@id":"https:\/\/www.eldigitaldeasturias.com\/noticias#listItem","name":"Home"}},{"@type":"ListItem","@id":"https:\/\/www.eldigitaldeasturias.com\/noticias\/robredo-cae-en-vina-del-mar-y-avanzan-mayer-giraldo-y-garcia-lopez\/#listItem","position":3,"name":"Robredo cae en Vi\u00f1a del Mar y avanzan Mayer, Giraldo y Garc\u00eda L\u00f3pez","previousItem":{"@type":"ListItem","@id":"https:\/\/www.eldigitaldeasturias.com\/noticias\/category\/actualidad\/#listItem","name":"Actualidad"}}]},{"@type":"Organization","@id":"https:\/\/www.eldigitaldeasturias.com\/noticias\/#organization","name":"El Digital de Asturias","description":"Hemeroteca","url":"https:\/\/www.eldigitaldeasturias.com\/noticias\/","email":"info@eldigitaldeasturias.com","telephone":"+34652131393","logo":{"@type":"ImageObject","url":"https:\/\/www.eldigitaldeasturias.com\/noticias\/wp-content\/uploads\/2020\/12\/EDA.jpg","@id":"https:\/\/www.eldigitaldeasturias.com\/noticias\/robredo-cae-en-vina-del-mar-y-avanzan-mayer-giraldo-y-garcia-lopez\/#organizationLogo"},"image":{"@id":"https:\/\/www.eldigitaldeasturias.com\/noticias\/robredo-cae-en-vina-del-mar-y-avanzan-mayer-giraldo-y-garcia-lopez\/#organizationLogo"},"sameAs":["https:\/\/facebook.com\/eldigitaldeasturias","https:\/\/www.youtube.com\/channel\/UCZP-2wLEB9Rv6erhFmqVnvg"],"address":{"@id":"https:\/\/www.eldigitaldeasturias.com\/noticias\/#postaladdress","@type":"PostalAddress","streetAddress":"san antonio 4","postalCode":"33430","addressLocality":"Cand\u00e1s","addressRegion":"Asturias","addressCountry":"ES"}},{"@type":"Person","@id":"https:\/\/www.eldigitaldeasturias.com\/noticias\/author\/admin\/#author","url":"https:\/\/www.eldigitaldeasturias.com\/noticias\/author\/admin\/","name":"El Digital de Asturias","image":{"@type":"ImageObject","@id":"https:\/\/www.eldigitaldeasturias.com\/noticias\/robredo-cae-en-vina-del-mar-y-avanzan-mayer-giraldo-y-garcia-lopez\/#authorImage","url":"https:\/\/secure.gravatar.com\/avatar\/df2aeffc32bcd13f8d26072ef8a91b623d677766deac7f97ca815868cd41bf5e?s=96&d=mm&r=g","width":96,"height":96,"caption":"El Digital de Asturias"}},{"@type":"WebPage","@id":"https:\/\/www.eldigitaldeasturias.com\/noticias\/robredo-cae-en-vina-del-mar-y-avanzan-mayer-giraldo-y-garcia-lopez\/#webpage","url":"https:\/\/www.eldigitaldeasturias.com\/noticias\/robredo-cae-en-vina-del-mar-y-avanzan-mayer-giraldo-y-garcia-lopez\/","name":"Robredo cae en Vi\u00f1a del Mar y avanzan Mayer, Giraldo y Garc\u00eda L\u00f3pez - El Digital de Asturias","description":"Vi\u00f1a del Mar (Chile), 5 feb (EFE).- El tenista espa\u00f1ol Tommy Robredo, n\u00famero 16 del escalaf\u00f3n mundial, cay\u00f3 hoy ante el argentino Leonardo Mayer en su debut en segunda ronda del torneo ATP de la ciudad chilena de Vi\u00f1a del Mar. El tenista oriundo de Gerona, segundo preclasificado del certamen, perdi\u00f3 en tres sets con","inLanguage":"es-ES","isPartOf":{"@id":"https:\/\/www.eldigitaldeasturias.com\/noticias\/#website"},"breadcrumb":{"@id":"https:\/\/www.eldigitaldeasturias.com\/noticias\/robredo-cae-en-vina-del-mar-y-avanzan-mayer-giraldo-y-garcia-lopez\/#breadcrumblist"},"author":{"@id":"https:\/\/www.eldigitaldeasturias.com\/noticias\/author\/admin\/#author"},"creator":{"@id":"https:\/\/www.eldigitaldeasturias.com\/noticias\/author\/admin\/#author"},"image":{"@type":"ImageObject","url":484866,"@id":"https:\/\/www.eldigitaldeasturias.com\/noticias\/robredo-cae-en-vina-del-mar-y-avanzan-mayer-giraldo-y-garcia-lopez\/#mainImage"},"primaryImageOfPage":{"@id":"https:\/\/www.eldigitaldeasturias.com\/noticias\/robredo-cae-en-vina-del-mar-y-avanzan-mayer-giraldo-y-garcia-lopez\/#mainImage"},"datePublished":"2014-02-06T04:11:36+01:00","dateModified":"2014-02-06T04:11:36+01:00"},{"@type":"WebSite","@id":"https:\/\/www.eldigitaldeasturias.com\/noticias\/#website","url":"https:\/\/www.eldigitaldeasturias.com\/noticias\/","name":"El Digital de Asturias - Diario de actualidad y noticias","alternateName":"El Digital de Asturias - Diario de actualidad y noticias","description":"Hemeroteca","inLanguage":"es-ES","publisher":{"@id":"https:\/\/www.eldigitaldeasturias.com\/noticias\/#organization"}}]},"og:locale":"es_ES","og:site_name":"El Digital de Asturias","og:type":"article","og:title":"Robredo cae en Vi\u00f1a del Mar y avanzan Mayer, Giraldo y Garc\u00eda L\u00f3pez - El Digital de Asturias","og:description":"Vi\u00f1a del Mar (Chile), 5 feb (EFE).- El tenista espa\u00f1ol Tommy Robredo, n\u00famero 16 del escalaf\u00f3n mundial, cay\u00f3 hoy ante el argentino Leonardo Mayer en su debut en segunda ronda del torneo ATP de la ciudad chilena de Vi\u00f1a del Mar. El tenista oriundo de Gerona, segundo preclasificado del certamen, perdi\u00f3 en tres sets con","og:url":"https:\/\/www.eldigitaldeasturias.com\/noticias\/robredo-cae-en-vina-del-mar-y-avanzan-mayer-giraldo-y-garcia-lopez\/","article:tag":["actualidad"],"article:published_time":"2014-02-06T05:11:36+00:00","article:modified_time":"2014-02-06T05:11:36+00:00","article:publisher":"https:\/\/facebook.com\/eldigitaldeasturias","twitter:card":"summary_large_image","twitter:title":"Robredo cae en Vi\u00f1a del Mar y avanzan Mayer, Giraldo y Garc\u00eda L\u00f3pez - El Digital de Asturias","twitter:description":"Vi\u00f1a del Mar (Chile), 5 feb (EFE).- El tenista espa\u00f1ol Tommy Robredo, n\u00famero 16 del escalaf\u00f3n mundial, cay\u00f3 hoy ante el argentino Leonardo Mayer en su debut en segunda ronda del torneo ATP de la ciudad chilena de Vi\u00f1a del Mar. El tenista oriundo de Gerona, segundo preclasificado del certamen, perdi\u00f3 en tres sets con","twitter:label1":"Escrito por","twitter:data1":"El Digital de Asturias","twitter:label2":"Tiempo de lectura estimado","twitter:data2":"1 minuto"},"aioseo_meta_data":{"post_id":"484865","title":null,"description":null,"keywords":null,"keyphrases":null,"primary_term":null,"canonical_url":null,"og_title":null,"og_description":null,"og_object_type":"default","og_image_type":"default","og_image_url":null,"og_image_width":null,"og_image_height":null,"og_image_custom_url":null,"og_image_custom_fields":null,"og_video":null,"og_custom_url":null,"og_article_section":null,"og_article_tags":null,"twitter_use_og":true,"twitter_card":"default","twitter_image_type":"default","twitter_image_url":null,"twitter_image_custom_url":null,"twitter_image_custom_fields":null,"twitter_title":null,"twitter_description":null,"schema":{"blockGraphs":[],"customGraphs":[],"default":{"data":{"Article":[],"Course":[],"Dataset":[],"FAQPage":[],"Movie":[],"Person":[],"Product":[],"ProductReview":[],"Car":[],"Recipe":[],"Service":[],"SoftwareApplication":[],"WebPage":[]},"graphName":"","isEnabled":true},"graphs":[],"defaultGraph":"","defaultPostTypeGraph":""},"schema_type":null,"schema_type_options":null,"pillar_content":false,"robots_default":true,"robots_noindex":false,"robots_noarchive":false,"robots_nosnippet":false,"robots_nofollow":false,"robots_noimageindex":false,"robots_noodp":false,"robots_notranslate":false,"robots_max_snippet":null,"robots_max_videopreview":null,"robots_max_imagepreview":"none","priority":null,"frequency":null,"local_seo":null,"seo_analyzer_scan_date":"2026-06-02 17:37:19","breadcrumb_settings":null,"limit_modified_date":false,"open_ai":null,"ai":null,"created":"2020-11-14 22:55:07","updated":"2026-06-02 17:37:19","focus_keyword":null,"additional_keywords":null,"truseo_locale":null},"aioseo_breadcrumb":"<div class=\"aioseo-breadcrumbs\"><span class=\"aioseo-breadcrumb\">\n\t<a href=\"https:\/\/www.eldigitaldeasturias.com\/noticias\" title=\"Home\">Home<\/a>\n<\/span><span class=\"aioseo-breadcrumb-separator\">\u2013<\/span><span class=\"aioseo-breadcrumb\">\n\t<a href=\"https:\/\/www.eldigitaldeasturias.com\/noticias\/category\/actualidad\/\" title=\"Actualidad\">Actualidad<\/a>\n<\/span><span class=\"aioseo-breadcrumb-separator\">\u2013<\/span><span class=\"aioseo-breadcrumb\">\n\t<a href=\"https:\/\/www.eldigitaldeasturias.com\/noticias\/robredo-cae-en-vina-del-mar-y-avanzan-mayer-giraldo-y-garcia-lopez\/\" title=\"Robredo cae en Vi\u00f1a del Mar y avanzan Mayer, Giraldo y Garc\u00eda L\u00f3pez\">Robredo cae en Vi\u00f1a del Mar y avanzan Mayer, Giraldo y Garc\u00eda L\u00f3pez<\/a>\n<\/span><\/div>","aioseo_breadcrumb_json":[{"label":"Home","link":"https:\/\/www.eldigitaldeasturias.com\/noticias"},{"label":"Actualidad","link":"https:\/\/www.eldigitaldeasturias.com\/noticias\/category\/actualidad\/"},{"label":"Robredo cae en Vi\u00f1a del Mar y avanzan Mayer, Giraldo y Garc\u00eda L\u00f3pez","link":"https:\/\/www.eldigitaldeasturias.com\/noticias\/robredo-cae-en-vina-del-mar-y-avanzan-mayer-giraldo-y-garcia-lopez\/"}],"_links":{"self":[{"href":"https:\/\/www.eldigitaldeasturias.com\/noticias\/wp-json\/wp\/v2\/posts\/484865","targetHints":{"allow":["GET"]}}],"collection":[{"href":"https:\/\/www.eldigitaldeasturias.com\/noticias\/wp-json\/wp\/v2\/posts"}],"about":[{"href":"https:\/\/www.eldigitaldeasturias.com\/noticias\/wp-json\/wp\/v2\/types\/post"}],"author":[{"embeddable":true,"href":"https:\/\/www.eldigitaldeasturias.com\/noticias\/wp-json\/wp\/v2\/users\/1"}],"replies":[{"embeddable":true,"href":"https:\/\/www.eldigitaldeasturias.com\/noticias\/wp-json\/wp\/v2\/comments?post=484865"}],"version-history":[{"count":0,"href":"https:\/\/www.eldigitaldeasturias.com\/noticias\/wp-json\/wp\/v2\/posts\/484865\/revisions"}],"wp:attachment":[{"href":"https:\/\/www.eldigitaldeasturias.com\/noticias\/wp-json\/wp\/v2\/media?parent=484865"}],"wp:term":[{"taxonomy":"category","embeddable":true,"href":"https:\/\/www.eldigitaldeasturias.com\/noticias\/wp-json\/wp\/v2\/categories?post=484865"},{"taxonomy":"post_tag","embeddable":true,"href":"https:\/\/www.eldigitaldeasturias.com\/noticias\/wp-json\/wp\/v2\/tags?post=484865"}],"curies":[{"name":"wp","href":"https:\/\/api.w.org\/{rel}","templated":true}]}}