{"id":484853,"date":"2014-02-06T04:06:56","date_gmt":"2014-02-06T05:06:56","guid":{"rendered":"http:\/\/www.eldigitaldeasturias.com\/noticias\/?p=484853"},"modified":"2014-02-06T04:06:56","modified_gmt":"2014-02-06T05:06:56","slug":"kerry-dice-que-no-se-dejara-intimidar-por-los-ataques-de-la-derecha-israeli","status":"publish","type":"post","link":"https:\/\/www.eldigitaldeasturias.com\/noticias\/kerry-dice-que-no-se-dejara-intimidar-por-los-ataques-de-la-derecha-israeli\/","title":{"rendered":"Kerry dice que no se dejar\u00e1 intimidar por los ataques de la derecha israel\u00ed"},"content":{"rendered":"<p><img loading=\"lazy\" decoding=\"async\" class=\"alignleft size-medium wp-image-484854\" alt=\"5914864w\" src=\"https:\/\/www.eldigitaldeasturias.com\/noticias\/wp-content\/uploads\/2014\/02\/5914864w-360x241.jpg\" width=\"360\" height=\"241\" \/>Washington, 5 feb (EFE).- El secretario de Estado de EE.UU., John Kerry, asegur\u00f3 hoy que no se dejar\u00e1 intimidar por los ataques que recibi\u00f3 el domingo desde la coalici\u00f3n de gobierno y la derecha m\u00e1s radical, y lament\u00f3 que haya quienes \u00abdistorsionan\u00bb sus palabras \u00abporque se oponen al proceso de paz\u00bb.<\/p>\n<p>\u00abNo voy a dejarme intimidar y echarme atr\u00e1s (en la mediaci\u00f3n del proceso de paz). En otras ocasiones he sufrido ataques de gente que usaba balas de verdad, no palabras\u00bb, sentenci\u00f3 Kerry en una entrevista con la cadena CNN.<\/p>\n<p>El jefe de la diplomacia estadounidense reaccion\u00f3 as\u00ed a los ataques que ha recibido del ministro de Econom\u00eda israel\u00ed, Naftali Bennett, y el de Defensa, Moshe Ya&#8217;alon, entre otros funcionarios, debido a que el pasado fin de semana, Kerry advirti\u00f3 de que Israel deber\u00eda preocuparse por la campa\u00f1a de boicot en su contra en caso de que fracasen las negociaciones de paz.<\/p>\n<p>\u00abDesafortunadamente, hay gente en Israel y en Palestina que no apoya el proceso de paz. Espec\u00edficamente, hay algunos que no apoyan (la soluci\u00f3n de) dos estados. Hay gente que no quiere ninguna restricci\u00f3n en absoluto a los asentamientos\u00bb, explic\u00f3 Kerry.<\/p>\n<p>\u00abNadie deber\u00eda distorsionar lo que nosotros decimos simplemente porque se oponen al proceso de paz\u00bb, agreg\u00f3, y asegur\u00f3 que \u00abla mayor\u00eda de la gente\u00bb tanto en Israel como en Palestina \u00abs\u00ed quieren la paz\u00bb.<\/p>\n<p>Respecto a sus comentarios, afirm\u00f3 que lo \u00fanico que hizo fue \u00abcitar algo que estaba mencionando otra gente\u00bb, y reiter\u00f3 que \u00absiempre\u00bb se ha opuesto a las campa\u00f1as de boicot.<\/p>\n<p>\u00abIsrael debe comprender que Estados Unidos siempre estar\u00e1 a su lado para afrontar sus necesidades de seguridad\u00bb, subray\u00f3.<\/p>\n<p>Las cr\u00edticas de parte del Ejecutivo israel\u00ed llevaron a Kerry a telefonear el domingo al primer ministro israel\u00ed, Benjam\u00edn Netanyahu, para reiterarle su rechazo \u00abincondicional\u00bb a las campa\u00f1as de boicot.<\/p>\n<p>Kerry tambi\u00e9n ha enfrentado en las \u00faltimas semanas cr\u00edticas del movimiento Yesha, que aglutina a los colonos jud\u00edos de Cisjordania, que ha lanzado una campa\u00f1a en contra de su mediaci\u00f3n en el proceso de paz por considerar que pone \u00aben peligro la seguridad del pa\u00eds\u00bb.<\/p>\n","protected":false},"excerpt":{"rendered":"<p>Washington, 5 feb (EFE).- El secretario de Estado de EE.UU., John Kerry, asegur\u00f3 hoy que no se dejar\u00e1 intimidar por los ataques que recibi\u00f3 el domingo desde la coalici\u00f3n de gobierno y la derecha m\u00e1s radical, y lament\u00f3 que haya quienes \u00abdistorsionan\u00bb sus palabras \u00abporque se oponen al proceso de paz\u00bb. \u00abNo voy a dejarme [&hellip;]<\/p>\n","protected":false},"author":1,"featured_media":484854,"comment_status":"closed","ping_status":"open","sticky":false,"template":"","format":"standard","meta":{"footnotes":""},"categories":[1],"tags":[],"class_list":["post-484853","post","type-post","status-publish","format-standard","has-post-thumbnail","hentry","category-actualidad"],"aioseo_notices":[],"aioseo_head":"\n\t\t<!-- All in One SEO Pro 5.0.1 - aioseo.com -->\n\t<meta name=\"description\" content=\"Washington, 5 feb (EFE).- El secretario de Estado de EE.UU., John Kerry, asegur\u00f3 hoy que no se dejar\u00e1 intimidar por los ataques que recibi\u00f3 el domingo desde la coalici\u00f3n de gobierno y la derecha m\u00e1s radical, y lament\u00f3 que haya quienes &quot;distorsionan&quot; sus palabras &quot;porque se oponen al proceso de paz&quot;. &quot;No voy a dejarme\" \/>\n\t<meta name=\"robots\" content=\"max-image-preview:large\" \/>\n\t<meta name=\"author\" content=\"El Digital de Asturias\"\/>\n\t<meta name=\"google-site-verification\" content=\"UA-38556648-1\" \/>\n\t<meta name=\"msvalidate.01\" content=\"7dfe9f3f1b24437ab69f4f2559babe99\" \/>\n\t<meta name=\"keywords\" content=\"actualidad\" \/>\n\t<link rel=\"canonical\" href=\"https:\/\/www.eldigitaldeasturias.com\/noticias\/kerry-dice-que-no-se-dejara-intimidar-por-los-ataques-de-la-derecha-israeli\/\" \/>\n\t<meta name=\"generator\" content=\"All in One SEO Pro (AIOSEO) 5.0.1\" \/>\n\t\t<meta property=\"og:locale\" content=\"es_ES\" \/>\n\t\t<meta property=\"og:site_name\" content=\"El Digital de Asturias\" \/>\n\t\t<meta property=\"og:type\" content=\"article\" \/>\n\t\t<meta property=\"og:title\" content=\"Kerry dice que no se dejar\u00e1 intimidar por los ataques de la derecha israel\u00ed - El Digital de Asturias\" \/>\n\t\t<meta property=\"og:description\" content=\"Washington, 5 feb (EFE).- El secretario de Estado de EE.UU., John Kerry, asegur\u00f3 hoy que no se dejar\u00e1 intimidar por los ataques que recibi\u00f3 el domingo desde la coalici\u00f3n de gobierno y la derecha m\u00e1s radical, y lament\u00f3 que haya quienes &quot;distorsionan&quot; sus palabras &quot;porque se oponen al proceso de paz&quot;. &quot;No voy a dejarme\" \/>\n\t\t<meta property=\"og:url\" content=\"https:\/\/www.eldigitaldeasturias.com\/noticias\/kerry-dice-que-no-se-dejara-intimidar-por-los-ataques-de-la-derecha-israeli\/\" \/>\n\t\t<meta property=\"article:tag\" content=\"actualidad\" \/>\n\t\t<meta property=\"article:published_time\" content=\"2014-02-06T05:06:56+00:00\" \/>\n\t\t<meta property=\"article:modified_time\" content=\"2014-02-06T05:06:56+00:00\" \/>\n\t\t<meta property=\"article:publisher\" content=\"https:\/\/facebook.com\/eldigitaldeasturias\" \/>\n\t\t<meta name=\"twitter:card\" content=\"summary_large_image\" \/>\n\t\t<meta name=\"twitter:title\" content=\"Kerry dice que no se dejar\u00e1 intimidar por los ataques de la derecha israel\u00ed - El Digital de Asturias\" \/>\n\t\t<meta name=\"twitter:description\" content=\"Washington, 5 feb (EFE).- El secretario de Estado de EE.UU., John Kerry, asegur\u00f3 hoy que no se dejar\u00e1 intimidar por los ataques que recibi\u00f3 el domingo desde la coalici\u00f3n de gobierno y la derecha m\u00e1s radical, y lament\u00f3 que haya quienes &quot;distorsionan&quot; sus palabras &quot;porque se oponen al proceso de paz&quot;. &quot;No voy a dejarme\" \/>\n\t\t<meta name=\"twitter:label1\" content=\"Escrito por\" \/>\n\t\t<meta name=\"twitter:data1\" content=\"El Digital de Asturias\" \/>\n\t\t<meta name=\"twitter:label2\" content=\"Tiempo de lectura estimado\" \/>\n\t\t<meta name=\"twitter:data2\" content=\"2 minutos\" \/>\n\t\t<script type=\"application\/ld+json\" class=\"aioseo-schema\">\n\t\t\t{\"@context\":\"https:\\\/\\\/schema.org\",\"@graph\":[{\"@type\":\"BlogPosting\",\"@id\":\"https:\\\/\\\/www.eldigitaldeasturias.com\\\/noticias\\\/kerry-dice-que-no-se-dejara-intimidar-por-los-ataques-de-la-derecha-israeli\\\/#blogposting\",\"name\":\"Kerry dice que no se dejar\\u00e1 intimidar por los ataques de la derecha israel\\u00ed - El Digital de Asturias\",\"headline\":\"Kerry dice que no se dejar\\u00e1 intimidar por los ataques de la derecha israel\\u00ed\",\"author\":{\"@id\":\"https:\\\/\\\/www.eldigitaldeasturias.com\\\/noticias\\\/author\\\/admin\\\/#author\"},\"publisher\":{\"@id\":\"https:\\\/\\\/www.eldigitaldeasturias.com\\\/noticias\\\/#organization\"},\"image\":{\"@type\":\"ImageObject\",\"url\":484854},\"datePublished\":\"2014-02-06T04:06:56+01:00\",\"dateModified\":\"2014-02-06T04:06:56+01:00\",\"inLanguage\":\"es-ES\",\"mainEntityOfPage\":{\"@id\":\"https:\\\/\\\/www.eldigitaldeasturias.com\\\/noticias\\\/kerry-dice-que-no-se-dejara-intimidar-por-los-ataques-de-la-derecha-israeli\\\/#webpage\"},\"isPartOf\":{\"@id\":\"https:\\\/\\\/www.eldigitaldeasturias.com\\\/noticias\\\/kerry-dice-que-no-se-dejara-intimidar-por-los-ataques-de-la-derecha-israeli\\\/#webpage\"},\"articleSection\":\"Actualidad\"},{\"@type\":\"BreadcrumbList\",\"@id\":\"https:\\\/\\\/www.eldigitaldeasturias.com\\\/noticias\\\/kerry-dice-que-no-se-dejara-intimidar-por-los-ataques-de-la-derecha-israeli\\\/#breadcrumblist\",\"itemListElement\":[{\"@type\":\"ListItem\",\"@id\":\"https:\\\/\\\/www.eldigitaldeasturias.com\\\/noticias#listItem\",\"position\":1,\"name\":\"Home\",\"item\":\"https:\\\/\\\/www.eldigitaldeasturias.com\\\/noticias\",\"nextItem\":{\"@type\":\"ListItem\",\"@id\":\"https:\\\/\\\/www.eldigitaldeasturias.com\\\/noticias\\\/category\\\/actualidad\\\/#listItem\",\"name\":\"Actualidad\"}},{\"@type\":\"ListItem\",\"@id\":\"https:\\\/\\\/www.eldigitaldeasturias.com\\\/noticias\\\/category\\\/actualidad\\\/#listItem\",\"position\":2,\"name\":\"Actualidad\",\"item\":\"https:\\\/\\\/www.eldigitaldeasturias.com\\\/noticias\\\/category\\\/actualidad\\\/\",\"nextItem\":{\"@type\":\"ListItem\",\"@id\":\"https:\\\/\\\/www.eldigitaldeasturias.com\\\/noticias\\\/kerry-dice-que-no-se-dejara-intimidar-por-los-ataques-de-la-derecha-israeli\\\/#listItem\",\"name\":\"Kerry dice que no se dejar\\u00e1 intimidar por los ataques de la derecha israel\\u00ed\"},\"previousItem\":{\"@type\":\"ListItem\",\"@id\":\"https:\\\/\\\/www.eldigitaldeasturias.com\\\/noticias#listItem\",\"name\":\"Home\"}},{\"@type\":\"ListItem\",\"@id\":\"https:\\\/\\\/www.eldigitaldeasturias.com\\\/noticias\\\/kerry-dice-que-no-se-dejara-intimidar-por-los-ataques-de-la-derecha-israeli\\\/#listItem\",\"position\":3,\"name\":\"Kerry dice que no se dejar\\u00e1 intimidar por los ataques de la derecha israel\\u00ed\",\"previousItem\":{\"@type\":\"ListItem\",\"@id\":\"https:\\\/\\\/www.eldigitaldeasturias.com\\\/noticias\\\/category\\\/actualidad\\\/#listItem\",\"name\":\"Actualidad\"}}]},{\"@type\":\"Organization\",\"@id\":\"https:\\\/\\\/www.eldigitaldeasturias.com\\\/noticias\\\/#organization\",\"name\":\"El Digital de Asturias\",\"description\":\"Hemeroteca\",\"url\":\"https:\\\/\\\/www.eldigitaldeasturias.com\\\/noticias\\\/\",\"email\":\"info@eldigitaldeasturias.com\",\"telephone\":\"+34652131393\",\"logo\":{\"@type\":\"ImageObject\",\"url\":\"https:\\\/\\\/www.eldigitaldeasturias.com\\\/noticias\\\/wp-content\\\/uploads\\\/2020\\\/12\\\/EDA.jpg\",\"@id\":\"https:\\\/\\\/www.eldigitaldeasturias.com\\\/noticias\\\/kerry-dice-que-no-se-dejara-intimidar-por-los-ataques-de-la-derecha-israeli\\\/#organizationLogo\"},\"image\":{\"@id\":\"https:\\\/\\\/www.eldigitaldeasturias.com\\\/noticias\\\/kerry-dice-que-no-se-dejara-intimidar-por-los-ataques-de-la-derecha-israeli\\\/#organizationLogo\"},\"sameAs\":[\"https:\\\/\\\/facebook.com\\\/eldigitaldeasturias\",\"https:\\\/\\\/www.youtube.com\\\/channel\\\/UCZP-2wLEB9Rv6erhFmqVnvg\"],\"address\":{\"@id\":\"https:\\\/\\\/www.eldigitaldeasturias.com\\\/noticias\\\/#postaladdress\",\"@type\":\"PostalAddress\",\"streetAddress\":\"san antonio 4\",\"postalCode\":\"33430\",\"addressLocality\":\"Cand\\u00e1s\",\"addressRegion\":\"Asturias\",\"addressCountry\":\"ES\"}},{\"@type\":\"Person\",\"@id\":\"https:\\\/\\\/www.eldigitaldeasturias.com\\\/noticias\\\/author\\\/admin\\\/#author\",\"url\":\"https:\\\/\\\/www.eldigitaldeasturias.com\\\/noticias\\\/author\\\/admin\\\/\",\"name\":\"El Digital de Asturias\",\"image\":{\"@type\":\"ImageObject\",\"@id\":\"https:\\\/\\\/www.eldigitaldeasturias.com\\\/noticias\\\/kerry-dice-que-no-se-dejara-intimidar-por-los-ataques-de-la-derecha-israeli\\\/#authorImage\",\"url\":\"https:\\\/\\\/secure.gravatar.com\\\/avatar\\\/df2aeffc32bcd13f8d26072ef8a91b623d677766deac7f97ca815868cd41bf5e?s=96&d=mm&r=g\",\"width\":96,\"height\":96,\"caption\":\"El Digital de Asturias\"}},{\"@type\":\"WebPage\",\"@id\":\"https:\\\/\\\/www.eldigitaldeasturias.com\\\/noticias\\\/kerry-dice-que-no-se-dejara-intimidar-por-los-ataques-de-la-derecha-israeli\\\/#webpage\",\"url\":\"https:\\\/\\\/www.eldigitaldeasturias.com\\\/noticias\\\/kerry-dice-que-no-se-dejara-intimidar-por-los-ataques-de-la-derecha-israeli\\\/\",\"name\":\"Kerry dice que no se dejar\\u00e1 intimidar por los ataques de la derecha israel\\u00ed - El Digital de Asturias\",\"description\":\"Washington, 5 feb (EFE).- El secretario de Estado de EE.UU., John Kerry, asegur\\u00f3 hoy que no se dejar\\u00e1 intimidar por los ataques que recibi\\u00f3 el domingo desde la coalici\\u00f3n de gobierno y la derecha m\\u00e1s radical, y lament\\u00f3 que haya quienes \\\"distorsionan\\\" sus palabras \\\"porque se oponen al proceso de paz\\\". \\\"No voy a dejarme\",\"inLanguage\":\"es-ES\",\"isPartOf\":{\"@id\":\"https:\\\/\\\/www.eldigitaldeasturias.com\\\/noticias\\\/#website\"},\"breadcrumb\":{\"@id\":\"https:\\\/\\\/www.eldigitaldeasturias.com\\\/noticias\\\/kerry-dice-que-no-se-dejara-intimidar-por-los-ataques-de-la-derecha-israeli\\\/#breadcrumblist\"},\"author\":{\"@id\":\"https:\\\/\\\/www.eldigitaldeasturias.com\\\/noticias\\\/author\\\/admin\\\/#author\"},\"creator\":{\"@id\":\"https:\\\/\\\/www.eldigitaldeasturias.com\\\/noticias\\\/author\\\/admin\\\/#author\"},\"image\":{\"@type\":\"ImageObject\",\"url\":484854,\"@id\":\"https:\\\/\\\/www.eldigitaldeasturias.com\\\/noticias\\\/kerry-dice-que-no-se-dejara-intimidar-por-los-ataques-de-la-derecha-israeli\\\/#mainImage\"},\"primaryImageOfPage\":{\"@id\":\"https:\\\/\\\/www.eldigitaldeasturias.com\\\/noticias\\\/kerry-dice-que-no-se-dejara-intimidar-por-los-ataques-de-la-derecha-israeli\\\/#mainImage\"},\"datePublished\":\"2014-02-06T04:06:56+01:00\",\"dateModified\":\"2014-02-06T04:06:56+01:00\"},{\"@type\":\"WebSite\",\"@id\":\"https:\\\/\\\/www.eldigitaldeasturias.com\\\/noticias\\\/#website\",\"url\":\"https:\\\/\\\/www.eldigitaldeasturias.com\\\/noticias\\\/\",\"name\":\"El Digital de Asturias - Diario de actualidad y noticias\",\"alternateName\":\"El Digital de Asturias - Diario de actualidad y noticias\",\"description\":\"Hemeroteca\",\"inLanguage\":\"es-ES\",\"publisher\":{\"@id\":\"https:\\\/\\\/www.eldigitaldeasturias.com\\\/noticias\\\/#organization\"}}]}\n\t\t<\/script>\n\t\t<!-- All in One SEO Pro -->\r\n\t\t<title>Kerry dice que no se dejar\u00e1 intimidar por los ataques de la derecha israel\u00ed - El Digital de Asturias<\/title>\n\n","aioseo_head_json":{"title":"Kerry dice que no se dejar\u00e1 intimidar por los ataques de la derecha israel\u00ed - El Digital de Asturias","description":"Washington, 5 feb (EFE).- El secretario de Estado de EE.UU., John Kerry, asegur\u00f3 hoy que no se dejar\u00e1 intimidar por los ataques que recibi\u00f3 el domingo desde la coalici\u00f3n de gobierno y la derecha m\u00e1s radical, y lament\u00f3 que haya quienes \"distorsionan\" sus palabras \"porque se oponen al proceso de paz\". \"No voy a dejarme","canonical_url":"https:\/\/www.eldigitaldeasturias.com\/noticias\/kerry-dice-que-no-se-dejara-intimidar-por-los-ataques-de-la-derecha-israeli\/","robots":"max-image-preview:large","keywords":"actualidad","webmasterTools":{"google-site-verification":"UA-38556648-1","msvalidate.01":"7dfe9f3f1b24437ab69f4f2559babe99","miscellaneous":""},"schema":{"@context":"https:\/\/schema.org","@graph":[{"@type":"BlogPosting","@id":"https:\/\/www.eldigitaldeasturias.com\/noticias\/kerry-dice-que-no-se-dejara-intimidar-por-los-ataques-de-la-derecha-israeli\/#blogposting","name":"Kerry dice que no se dejar\u00e1 intimidar por los ataques de la derecha israel\u00ed - El Digital de Asturias","headline":"Kerry dice que no se dejar\u00e1 intimidar por los ataques de la derecha israel\u00ed","author":{"@id":"https:\/\/www.eldigitaldeasturias.com\/noticias\/author\/admin\/#author"},"publisher":{"@id":"https:\/\/www.eldigitaldeasturias.com\/noticias\/#organization"},"image":{"@type":"ImageObject","url":484854},"datePublished":"2014-02-06T04:06:56+01:00","dateModified":"2014-02-06T04:06:56+01:00","inLanguage":"es-ES","mainEntityOfPage":{"@id":"https:\/\/www.eldigitaldeasturias.com\/noticias\/kerry-dice-que-no-se-dejara-intimidar-por-los-ataques-de-la-derecha-israeli\/#webpage"},"isPartOf":{"@id":"https:\/\/www.eldigitaldeasturias.com\/noticias\/kerry-dice-que-no-se-dejara-intimidar-por-los-ataques-de-la-derecha-israeli\/#webpage"},"articleSection":"Actualidad"},{"@type":"BreadcrumbList","@id":"https:\/\/www.eldigitaldeasturias.com\/noticias\/kerry-dice-que-no-se-dejara-intimidar-por-los-ataques-de-la-derecha-israeli\/#breadcrumblist","itemListElement":[{"@type":"ListItem","@id":"https:\/\/www.eldigitaldeasturias.com\/noticias#listItem","position":1,"name":"Home","item":"https:\/\/www.eldigitaldeasturias.com\/noticias","nextItem":{"@type":"ListItem","@id":"https:\/\/www.eldigitaldeasturias.com\/noticias\/category\/actualidad\/#listItem","name":"Actualidad"}},{"@type":"ListItem","@id":"https:\/\/www.eldigitaldeasturias.com\/noticias\/category\/actualidad\/#listItem","position":2,"name":"Actualidad","item":"https:\/\/www.eldigitaldeasturias.com\/noticias\/category\/actualidad\/","nextItem":{"@type":"ListItem","@id":"https:\/\/www.eldigitaldeasturias.com\/noticias\/kerry-dice-que-no-se-dejara-intimidar-por-los-ataques-de-la-derecha-israeli\/#listItem","name":"Kerry dice que no se dejar\u00e1 intimidar por los ataques de la derecha israel\u00ed"},"previousItem":{"@type":"ListItem","@id":"https:\/\/www.eldigitaldeasturias.com\/noticias#listItem","name":"Home"}},{"@type":"ListItem","@id":"https:\/\/www.eldigitaldeasturias.com\/noticias\/kerry-dice-que-no-se-dejara-intimidar-por-los-ataques-de-la-derecha-israeli\/#listItem","position":3,"name":"Kerry dice que no se dejar\u00e1 intimidar por los ataques de la derecha israel\u00ed","previousItem":{"@type":"ListItem","@id":"https:\/\/www.eldigitaldeasturias.com\/noticias\/category\/actualidad\/#listItem","name":"Actualidad"}}]},{"@type":"Organization","@id":"https:\/\/www.eldigitaldeasturias.com\/noticias\/#organization","name":"El Digital de Asturias","description":"Hemeroteca","url":"https:\/\/www.eldigitaldeasturias.com\/noticias\/","email":"info@eldigitaldeasturias.com","telephone":"+34652131393","logo":{"@type":"ImageObject","url":"https:\/\/www.eldigitaldeasturias.com\/noticias\/wp-content\/uploads\/2020\/12\/EDA.jpg","@id":"https:\/\/www.eldigitaldeasturias.com\/noticias\/kerry-dice-que-no-se-dejara-intimidar-por-los-ataques-de-la-derecha-israeli\/#organizationLogo"},"image":{"@id":"https:\/\/www.eldigitaldeasturias.com\/noticias\/kerry-dice-que-no-se-dejara-intimidar-por-los-ataques-de-la-derecha-israeli\/#organizationLogo"},"sameAs":["https:\/\/facebook.com\/eldigitaldeasturias","https:\/\/www.youtube.com\/channel\/UCZP-2wLEB9Rv6erhFmqVnvg"],"address":{"@id":"https:\/\/www.eldigitaldeasturias.com\/noticias\/#postaladdress","@type":"PostalAddress","streetAddress":"san antonio 4","postalCode":"33430","addressLocality":"Cand\u00e1s","addressRegion":"Asturias","addressCountry":"ES"}},{"@type":"Person","@id":"https:\/\/www.eldigitaldeasturias.com\/noticias\/author\/admin\/#author","url":"https:\/\/www.eldigitaldeasturias.com\/noticias\/author\/admin\/","name":"El Digital de Asturias","image":{"@type":"ImageObject","@id":"https:\/\/www.eldigitaldeasturias.com\/noticias\/kerry-dice-que-no-se-dejara-intimidar-por-los-ataques-de-la-derecha-israeli\/#authorImage","url":"https:\/\/secure.gravatar.com\/avatar\/df2aeffc32bcd13f8d26072ef8a91b623d677766deac7f97ca815868cd41bf5e?s=96&d=mm&r=g","width":96,"height":96,"caption":"El Digital de Asturias"}},{"@type":"WebPage","@id":"https:\/\/www.eldigitaldeasturias.com\/noticias\/kerry-dice-que-no-se-dejara-intimidar-por-los-ataques-de-la-derecha-israeli\/#webpage","url":"https:\/\/www.eldigitaldeasturias.com\/noticias\/kerry-dice-que-no-se-dejara-intimidar-por-los-ataques-de-la-derecha-israeli\/","name":"Kerry dice que no se dejar\u00e1 intimidar por los ataques de la derecha israel\u00ed - El Digital de Asturias","description":"Washington, 5 feb (EFE).- El secretario de Estado de EE.UU., John Kerry, asegur\u00f3 hoy que no se dejar\u00e1 intimidar por los ataques que recibi\u00f3 el domingo desde la coalici\u00f3n de gobierno y la derecha m\u00e1s radical, y lament\u00f3 que haya quienes \"distorsionan\" sus palabras \"porque se oponen al proceso de paz\". \"No voy a dejarme","inLanguage":"es-ES","isPartOf":{"@id":"https:\/\/www.eldigitaldeasturias.com\/noticias\/#website"},"breadcrumb":{"@id":"https:\/\/www.eldigitaldeasturias.com\/noticias\/kerry-dice-que-no-se-dejara-intimidar-por-los-ataques-de-la-derecha-israeli\/#breadcrumblist"},"author":{"@id":"https:\/\/www.eldigitaldeasturias.com\/noticias\/author\/admin\/#author"},"creator":{"@id":"https:\/\/www.eldigitaldeasturias.com\/noticias\/author\/admin\/#author"},"image":{"@type":"ImageObject","url":484854,"@id":"https:\/\/www.eldigitaldeasturias.com\/noticias\/kerry-dice-que-no-se-dejara-intimidar-por-los-ataques-de-la-derecha-israeli\/#mainImage"},"primaryImageOfPage":{"@id":"https:\/\/www.eldigitaldeasturias.com\/noticias\/kerry-dice-que-no-se-dejara-intimidar-por-los-ataques-de-la-derecha-israeli\/#mainImage"},"datePublished":"2014-02-06T04:06:56+01:00","dateModified":"2014-02-06T04:06:56+01:00"},{"@type":"WebSite","@id":"https:\/\/www.eldigitaldeasturias.com\/noticias\/#website","url":"https:\/\/www.eldigitaldeasturias.com\/noticias\/","name":"El Digital de Asturias - Diario de actualidad y noticias","alternateName":"El Digital de Asturias - Diario de actualidad y noticias","description":"Hemeroteca","inLanguage":"es-ES","publisher":{"@id":"https:\/\/www.eldigitaldeasturias.com\/noticias\/#organization"}}]},"og:locale":"es_ES","og:site_name":"El Digital de Asturias","og:type":"article","og:title":"Kerry dice que no se dejar\u00e1 intimidar por los ataques de la derecha israel\u00ed - El Digital de Asturias","og:description":"Washington, 5 feb (EFE).- El secretario de Estado de EE.UU., John Kerry, asegur\u00f3 hoy que no se dejar\u00e1 intimidar por los ataques que recibi\u00f3 el domingo desde la coalici\u00f3n de gobierno y la derecha m\u00e1s radical, y lament\u00f3 que haya quienes &quot;distorsionan&quot; sus palabras &quot;porque se oponen al proceso de paz&quot;. &quot;No voy a dejarme","og:url":"https:\/\/www.eldigitaldeasturias.com\/noticias\/kerry-dice-que-no-se-dejara-intimidar-por-los-ataques-de-la-derecha-israeli\/","article:tag":["actualidad"],"article:published_time":"2014-02-06T05:06:56+00:00","article:modified_time":"2014-02-06T05:06:56+00:00","article:publisher":"https:\/\/facebook.com\/eldigitaldeasturias","twitter:card":"summary_large_image","twitter:title":"Kerry dice que no se dejar\u00e1 intimidar por los ataques de la derecha israel\u00ed - El Digital de Asturias","twitter:description":"Washington, 5 feb (EFE).- El secretario de Estado de EE.UU., John Kerry, asegur\u00f3 hoy que no se dejar\u00e1 intimidar por los ataques que recibi\u00f3 el domingo desde la coalici\u00f3n de gobierno y la derecha m\u00e1s radical, y lament\u00f3 que haya quienes &quot;distorsionan&quot; sus palabras &quot;porque se oponen al proceso de paz&quot;. &quot;No voy a dejarme","twitter:label1":"Escrito por","twitter:data1":"El Digital de Asturias","twitter:label2":"Tiempo de lectura estimado","twitter:data2":"2 minutos"},"aioseo_meta_data":{"post_id":"484853","title":null,"description":null,"keywords":null,"keyphrases":null,"primary_term":null,"canonical_url":null,"og_title":null,"og_description":null,"og_object_type":"default","og_image_type":"default","og_image_url":null,"og_image_width":null,"og_image_height":null,"og_image_custom_url":null,"og_image_custom_fields":null,"og_video":null,"og_custom_url":null,"og_article_section":null,"og_article_tags":null,"twitter_use_og":true,"twitter_card":"default","twitter_image_type":"default","twitter_image_url":null,"twitter_image_custom_url":null,"twitter_image_custom_fields":null,"twitter_title":null,"twitter_description":null,"schema":{"blockGraphs":[],"customGraphs":[],"default":{"data":{"Article":[],"Course":[],"Dataset":[],"FAQPage":[],"Movie":[],"Person":[],"Product":[],"ProductReview":[],"Car":[],"Recipe":[],"Service":[],"SoftwareApplication":[],"WebPage":[]},"graphName":"","isEnabled":true},"graphs":[],"defaultGraph":"","defaultPostTypeGraph":""},"schema_type":null,"schema_type_options":null,"pillar_content":false,"robots_default":true,"robots_noindex":false,"robots_noarchive":false,"robots_nosnippet":false,"robots_nofollow":false,"robots_noimageindex":false,"robots_noodp":false,"robots_notranslate":false,"robots_max_snippet":null,"robots_max_videopreview":null,"robots_max_imagepreview":"none","priority":null,"frequency":null,"local_seo":null,"seo_analyzer_scan_date":"2026-06-02 17:34:20","breadcrumb_settings":null,"limit_modified_date":false,"open_ai":null,"ai":null,"created":"2020-11-14 22:55:07","updated":"2026-06-02 17:34:20","focus_keyword":null,"additional_keywords":null,"truseo_locale":null},"aioseo_breadcrumb":"<div class=\"aioseo-breadcrumbs\"><span class=\"aioseo-breadcrumb\">\n\t<a href=\"https:\/\/www.eldigitaldeasturias.com\/noticias\" title=\"Home\">Home<\/a>\n<\/span><span class=\"aioseo-breadcrumb-separator\">\u2013<\/span><span class=\"aioseo-breadcrumb\">\n\t<a href=\"https:\/\/www.eldigitaldeasturias.com\/noticias\/category\/actualidad\/\" title=\"Actualidad\">Actualidad<\/a>\n<\/span><span class=\"aioseo-breadcrumb-separator\">\u2013<\/span><span class=\"aioseo-breadcrumb\">\n\t<a href=\"https:\/\/www.eldigitaldeasturias.com\/noticias\/kerry-dice-que-no-se-dejara-intimidar-por-los-ataques-de-la-derecha-israeli\/\" title=\"Kerry dice que no se dejar\u00e1 intimidar por los ataques de la derecha israel\u00ed\">Kerry dice que no se dejar\u00e1 intimidar por los ataques de la derecha israel\u00ed<\/a>\n<\/span><\/div>","aioseo_breadcrumb_json":[{"label":"Home","link":"https:\/\/www.eldigitaldeasturias.com\/noticias"},{"label":"Actualidad","link":"https:\/\/www.eldigitaldeasturias.com\/noticias\/category\/actualidad\/"},{"label":"Kerry dice que no se dejar\u00e1 intimidar por los ataques de la derecha israel\u00ed","link":"https:\/\/www.eldigitaldeasturias.com\/noticias\/kerry-dice-que-no-se-dejara-intimidar-por-los-ataques-de-la-derecha-israeli\/"}],"_links":{"self":[{"href":"https:\/\/www.eldigitaldeasturias.com\/noticias\/wp-json\/wp\/v2\/posts\/484853","targetHints":{"allow":["GET"]}}],"collection":[{"href":"https:\/\/www.eldigitaldeasturias.com\/noticias\/wp-json\/wp\/v2\/posts"}],"about":[{"href":"https:\/\/www.eldigitaldeasturias.com\/noticias\/wp-json\/wp\/v2\/types\/post"}],"author":[{"embeddable":true,"href":"https:\/\/www.eldigitaldeasturias.com\/noticias\/wp-json\/wp\/v2\/users\/1"}],"replies":[{"embeddable":true,"href":"https:\/\/www.eldigitaldeasturias.com\/noticias\/wp-json\/wp\/v2\/comments?post=484853"}],"version-history":[{"count":0,"href":"https:\/\/www.eldigitaldeasturias.com\/noticias\/wp-json\/wp\/v2\/posts\/484853\/revisions"}],"wp:attachment":[{"href":"https:\/\/www.eldigitaldeasturias.com\/noticias\/wp-json\/wp\/v2\/media?parent=484853"}],"wp:term":[{"taxonomy":"category","embeddable":true,"href":"https:\/\/www.eldigitaldeasturias.com\/noticias\/wp-json\/wp\/v2\/categories?post=484853"},{"taxonomy":"post_tag","embeddable":true,"href":"https:\/\/www.eldigitaldeasturias.com\/noticias\/wp-json\/wp\/v2\/tags?post=484853"}],"curies":[{"name":"wp","href":"https:\/\/api.w.org\/{rel}","templated":true}]}}