{"id":484844,"date":"2014-02-06T04:03:04","date_gmt":"2014-02-06T05:03:04","guid":{"rendered":"http:\/\/www.eldigitaldeasturias.com\/noticias\/?p=484844"},"modified":"2014-02-06T04:03:04","modified_gmt":"2014-02-06T05:03:04","slug":"virginia-votara-el-retorno-al-uso-obligatorio-de-la-silla-electrica","status":"publish","type":"post","link":"https:\/\/www.eldigitaldeasturias.com\/noticias\/virginia-votara-el-retorno-al-uso-obligatorio-de-la-silla-electrica\/","title":{"rendered":"Virginia votar\u00e1 el retorno al uso obligatorio de la silla el\u00e9ctrica"},"content":{"rendered":"<p><img loading=\"lazy\" decoding=\"async\" class=\"alignleft size-medium wp-image-484845\" alt=\"5914833w\" src=\"https:\/\/www.eldigitaldeasturias.com\/noticias\/wp-content\/uploads\/2014\/02\/5914833w-360x239.jpg\" width=\"360\" height=\"239\" \/>Washington, 5 feb (EFE).- El Senado del estado estadounidense de Virginia votar\u00e1 esta semana un proyecto legislativo que propone el uso obligatorio de la silla el\u00e9ctrica como m\u00e9todo de ejecuci\u00f3n de la pena capital en caso de que no queden dosis de inyecciones letales.<\/p>\n<p>Seg\u00fan inform\u00f3 hoy el diario The Washington Post, la c\u00e1mara baja del estado ya aprob\u00f3 a finales de enero esta propuesta, que, en caso de aprobarse, convertir\u00eda a Virginia en el primer estado de Estados Unidos con un uso obligatorio de la electrocuci\u00f3n.<\/p>\n<p>Actualmente en el estado se da a elegir a los condenados a muerte entre la inyecci\u00f3n letal y la silla el\u00e9ctrica, y tres de las \u00faltimas seis ejecuciones que se han llevado a cabo han empleado la electrocuci\u00f3n.<\/p>\n<p>Adem\u00e1s de Virginia, otros siete estados permiten las ejecuciones con la silla el\u00e9ctrica, seg\u00fan el Centro de Informaci\u00f3n sobre la Pena de Muerte de Estados Unidos, aunque todos ellos ofrecen la inyecci\u00f3n letal como m\u00e9todo primario.<\/p>\n<p>Sin embargo, la mayor\u00eda de los 32 estados que aplican la pena de muerte en Estados Unidos est\u00e1 teniendo problemas para conseguir los componentes con los que se fabricaban las inyecciones letales convencionales.<\/p>\n<p>Ante este escenario, algunos estados est\u00e1n probando inyecciones letales con f\u00f3rmulas alternativas y otros, como Virginia, est\u00e1n buscando cambios en la legislaci\u00f3n.<\/p>\n<p>El estado de Wyoming est\u00e1 debatiendo una propuesta similar, mientras que en el congreso estatal de Misuri se ha presentado una iniciativa para volver a permitir las ejecuciones con pelotones de fusilamiento.<\/p>\n<p>La escasez de inyecciones letales se debe a que la empresa estadounidense que fabricaba el anest\u00e9sico que se utilizaba en las inyecciones letales detuvo su producci\u00f3n en 2011, y meses despu\u00e9s la Comisi\u00f3n Europea prohibi\u00f3 la exportaci\u00f3n de productos para ser usados en la aplicaci\u00f3n de la pena capital.<\/p>\n","protected":false},"excerpt":{"rendered":"<p>Washington, 5 feb (EFE).- El Senado del estado estadounidense de Virginia votar\u00e1 esta semana un proyecto legislativo que propone el uso obligatorio de la silla el\u00e9ctrica como m\u00e9todo de ejecuci\u00f3n de la pena capital en caso de que no queden dosis de inyecciones letales. Seg\u00fan inform\u00f3 hoy el diario The Washington Post, la c\u00e1mara baja [&hellip;]<\/p>\n","protected":false},"author":1,"featured_media":484845,"comment_status":"closed","ping_status":"open","sticky":false,"template":"","format":"standard","meta":{"footnotes":""},"categories":[1],"tags":[],"class_list":["post-484844","post","type-post","status-publish","format-standard","has-post-thumbnail","hentry","category-actualidad"],"aioseo_notices":[],"aioseo_head":"\n\t\t<!-- All in One SEO Pro 5.0.1 - aioseo.com -->\n\t<meta name=\"description\" content=\"Washington, 5 feb (EFE).- El Senado del estado estadounidense de Virginia votar\u00e1 esta semana un proyecto legislativo que propone el uso obligatorio de la silla el\u00e9ctrica como m\u00e9todo de ejecuci\u00f3n de la pena capital en caso de que no queden dosis de inyecciones letales. Seg\u00fan inform\u00f3 hoy el diario The Washington Post, la c\u00e1mara baja\" \/>\n\t<meta name=\"robots\" content=\"max-image-preview:large\" \/>\n\t<meta name=\"author\" content=\"El Digital de Asturias\"\/>\n\t<meta name=\"google-site-verification\" content=\"UA-38556648-1\" \/>\n\t<meta name=\"msvalidate.01\" content=\"7dfe9f3f1b24437ab69f4f2559babe99\" \/>\n\t<meta name=\"keywords\" content=\"actualidad\" \/>\n\t<link rel=\"canonical\" href=\"https:\/\/www.eldigitaldeasturias.com\/noticias\/virginia-votara-el-retorno-al-uso-obligatorio-de-la-silla-electrica\/\" \/>\n\t<meta name=\"generator\" content=\"All in One SEO Pro (AIOSEO) 5.0.1\" \/>\n\t\t<meta property=\"og:locale\" content=\"es_ES\" \/>\n\t\t<meta property=\"og:site_name\" content=\"El Digital de Asturias\" \/>\n\t\t<meta property=\"og:type\" content=\"article\" \/>\n\t\t<meta property=\"og:title\" content=\"Virginia votar\u00e1 el retorno al uso obligatorio de la silla el\u00e9ctrica - El Digital de Asturias\" \/>\n\t\t<meta property=\"og:description\" content=\"Washington, 5 feb (EFE).- El Senado del estado estadounidense de Virginia votar\u00e1 esta semana un proyecto legislativo que propone el uso obligatorio de la silla el\u00e9ctrica como m\u00e9todo de ejecuci\u00f3n de la pena capital en caso de que no queden dosis de inyecciones letales. Seg\u00fan inform\u00f3 hoy el diario The Washington Post, la c\u00e1mara baja\" \/>\n\t\t<meta property=\"og:url\" content=\"https:\/\/www.eldigitaldeasturias.com\/noticias\/virginia-votara-el-retorno-al-uso-obligatorio-de-la-silla-electrica\/\" \/>\n\t\t<meta property=\"article:tag\" content=\"actualidad\" \/>\n\t\t<meta property=\"article:published_time\" content=\"2014-02-06T05:03:04+00:00\" \/>\n\t\t<meta property=\"article:modified_time\" content=\"2014-02-06T05:03:04+00:00\" \/>\n\t\t<meta property=\"article:publisher\" content=\"https:\/\/facebook.com\/eldigitaldeasturias\" \/>\n\t\t<meta name=\"twitter:card\" content=\"summary_large_image\" \/>\n\t\t<meta name=\"twitter:title\" content=\"Virginia votar\u00e1 el retorno al uso obligatorio de la silla el\u00e9ctrica - El Digital de Asturias\" \/>\n\t\t<meta name=\"twitter:description\" content=\"Washington, 5 feb (EFE).- El Senado del estado estadounidense de Virginia votar\u00e1 esta semana un proyecto legislativo que propone el uso obligatorio de la silla el\u00e9ctrica como m\u00e9todo de ejecuci\u00f3n de la pena capital en caso de que no queden dosis de inyecciones letales. Seg\u00fan inform\u00f3 hoy el diario The Washington Post, la c\u00e1mara baja\" \/>\n\t\t<meta name=\"twitter:label1\" content=\"Escrito por\" \/>\n\t\t<meta name=\"twitter:data1\" content=\"El Digital de Asturias\" \/>\n\t\t<meta name=\"twitter:label2\" content=\"Tiempo de lectura estimado\" \/>\n\t\t<meta name=\"twitter:data2\" content=\"2 minutos\" \/>\n\t\t<script type=\"application\/ld+json\" class=\"aioseo-schema\">\n\t\t\t{\"@context\":\"https:\\\/\\\/schema.org\",\"@graph\":[{\"@type\":\"BlogPosting\",\"@id\":\"https:\\\/\\\/www.eldigitaldeasturias.com\\\/noticias\\\/virginia-votara-el-retorno-al-uso-obligatorio-de-la-silla-electrica\\\/#blogposting\",\"name\":\"Virginia votar\\u00e1 el retorno al uso obligatorio de la silla el\\u00e9ctrica - El Digital de Asturias\",\"headline\":\"Virginia votar\\u00e1 el retorno al uso obligatorio de la silla el\\u00e9ctrica\",\"author\":{\"@id\":\"https:\\\/\\\/www.eldigitaldeasturias.com\\\/noticias\\\/author\\\/admin\\\/#author\"},\"publisher\":{\"@id\":\"https:\\\/\\\/www.eldigitaldeasturias.com\\\/noticias\\\/#organization\"},\"image\":{\"@type\":\"ImageObject\",\"url\":484845},\"datePublished\":\"2014-02-06T04:03:04+01:00\",\"dateModified\":\"2014-02-06T04:03:04+01:00\",\"inLanguage\":\"es-ES\",\"mainEntityOfPage\":{\"@id\":\"https:\\\/\\\/www.eldigitaldeasturias.com\\\/noticias\\\/virginia-votara-el-retorno-al-uso-obligatorio-de-la-silla-electrica\\\/#webpage\"},\"isPartOf\":{\"@id\":\"https:\\\/\\\/www.eldigitaldeasturias.com\\\/noticias\\\/virginia-votara-el-retorno-al-uso-obligatorio-de-la-silla-electrica\\\/#webpage\"},\"articleSection\":\"Actualidad\"},{\"@type\":\"BreadcrumbList\",\"@id\":\"https:\\\/\\\/www.eldigitaldeasturias.com\\\/noticias\\\/virginia-votara-el-retorno-al-uso-obligatorio-de-la-silla-electrica\\\/#breadcrumblist\",\"itemListElement\":[{\"@type\":\"ListItem\",\"@id\":\"https:\\\/\\\/www.eldigitaldeasturias.com\\\/noticias#listItem\",\"position\":1,\"name\":\"Home\",\"item\":\"https:\\\/\\\/www.eldigitaldeasturias.com\\\/noticias\",\"nextItem\":{\"@type\":\"ListItem\",\"@id\":\"https:\\\/\\\/www.eldigitaldeasturias.com\\\/noticias\\\/category\\\/actualidad\\\/#listItem\",\"name\":\"Actualidad\"}},{\"@type\":\"ListItem\",\"@id\":\"https:\\\/\\\/www.eldigitaldeasturias.com\\\/noticias\\\/category\\\/actualidad\\\/#listItem\",\"position\":2,\"name\":\"Actualidad\",\"item\":\"https:\\\/\\\/www.eldigitaldeasturias.com\\\/noticias\\\/category\\\/actualidad\\\/\",\"nextItem\":{\"@type\":\"ListItem\",\"@id\":\"https:\\\/\\\/www.eldigitaldeasturias.com\\\/noticias\\\/virginia-votara-el-retorno-al-uso-obligatorio-de-la-silla-electrica\\\/#listItem\",\"name\":\"Virginia votar\\u00e1 el retorno al uso obligatorio de la silla el\\u00e9ctrica\"},\"previousItem\":{\"@type\":\"ListItem\",\"@id\":\"https:\\\/\\\/www.eldigitaldeasturias.com\\\/noticias#listItem\",\"name\":\"Home\"}},{\"@type\":\"ListItem\",\"@id\":\"https:\\\/\\\/www.eldigitaldeasturias.com\\\/noticias\\\/virginia-votara-el-retorno-al-uso-obligatorio-de-la-silla-electrica\\\/#listItem\",\"position\":3,\"name\":\"Virginia votar\\u00e1 el retorno al uso obligatorio de la silla el\\u00e9ctrica\",\"previousItem\":{\"@type\":\"ListItem\",\"@id\":\"https:\\\/\\\/www.eldigitaldeasturias.com\\\/noticias\\\/category\\\/actualidad\\\/#listItem\",\"name\":\"Actualidad\"}}]},{\"@type\":\"Organization\",\"@id\":\"https:\\\/\\\/www.eldigitaldeasturias.com\\\/noticias\\\/#organization\",\"name\":\"El Digital de Asturias\",\"description\":\"Hemeroteca\",\"url\":\"https:\\\/\\\/www.eldigitaldeasturias.com\\\/noticias\\\/\",\"email\":\"info@eldigitaldeasturias.com\",\"telephone\":\"+34652131393\",\"logo\":{\"@type\":\"ImageObject\",\"url\":\"https:\\\/\\\/www.eldigitaldeasturias.com\\\/noticias\\\/wp-content\\\/uploads\\\/2020\\\/12\\\/EDA.jpg\",\"@id\":\"https:\\\/\\\/www.eldigitaldeasturias.com\\\/noticias\\\/virginia-votara-el-retorno-al-uso-obligatorio-de-la-silla-electrica\\\/#organizationLogo\"},\"image\":{\"@id\":\"https:\\\/\\\/www.eldigitaldeasturias.com\\\/noticias\\\/virginia-votara-el-retorno-al-uso-obligatorio-de-la-silla-electrica\\\/#organizationLogo\"},\"sameAs\":[\"https:\\\/\\\/facebook.com\\\/eldigitaldeasturias\",\"https:\\\/\\\/www.youtube.com\\\/channel\\\/UCZP-2wLEB9Rv6erhFmqVnvg\"],\"address\":{\"@id\":\"https:\\\/\\\/www.eldigitaldeasturias.com\\\/noticias\\\/#postaladdress\",\"@type\":\"PostalAddress\",\"streetAddress\":\"san antonio 4\",\"postalCode\":\"33430\",\"addressLocality\":\"Cand\\u00e1s\",\"addressRegion\":\"Asturias\",\"addressCountry\":\"ES\"}},{\"@type\":\"Person\",\"@id\":\"https:\\\/\\\/www.eldigitaldeasturias.com\\\/noticias\\\/author\\\/admin\\\/#author\",\"url\":\"https:\\\/\\\/www.eldigitaldeasturias.com\\\/noticias\\\/author\\\/admin\\\/\",\"name\":\"El Digital de Asturias\",\"image\":{\"@type\":\"ImageObject\",\"@id\":\"https:\\\/\\\/www.eldigitaldeasturias.com\\\/noticias\\\/virginia-votara-el-retorno-al-uso-obligatorio-de-la-silla-electrica\\\/#authorImage\",\"url\":\"https:\\\/\\\/secure.gravatar.com\\\/avatar\\\/df2aeffc32bcd13f8d26072ef8a91b623d677766deac7f97ca815868cd41bf5e?s=96&d=mm&r=g\",\"width\":96,\"height\":96,\"caption\":\"El Digital de Asturias\"}},{\"@type\":\"WebPage\",\"@id\":\"https:\\\/\\\/www.eldigitaldeasturias.com\\\/noticias\\\/virginia-votara-el-retorno-al-uso-obligatorio-de-la-silla-electrica\\\/#webpage\",\"url\":\"https:\\\/\\\/www.eldigitaldeasturias.com\\\/noticias\\\/virginia-votara-el-retorno-al-uso-obligatorio-de-la-silla-electrica\\\/\",\"name\":\"Virginia votar\\u00e1 el retorno al uso obligatorio de la silla el\\u00e9ctrica - El Digital de Asturias\",\"description\":\"Washington, 5 feb (EFE).- El Senado del estado estadounidense de Virginia votar\\u00e1 esta semana un proyecto legislativo que propone el uso obligatorio de la silla el\\u00e9ctrica como m\\u00e9todo de ejecuci\\u00f3n de la pena capital en caso de que no queden dosis de inyecciones letales. Seg\\u00fan inform\\u00f3 hoy el diario The Washington Post, la c\\u00e1mara baja\",\"inLanguage\":\"es-ES\",\"isPartOf\":{\"@id\":\"https:\\\/\\\/www.eldigitaldeasturias.com\\\/noticias\\\/#website\"},\"breadcrumb\":{\"@id\":\"https:\\\/\\\/www.eldigitaldeasturias.com\\\/noticias\\\/virginia-votara-el-retorno-al-uso-obligatorio-de-la-silla-electrica\\\/#breadcrumblist\"},\"author\":{\"@id\":\"https:\\\/\\\/www.eldigitaldeasturias.com\\\/noticias\\\/author\\\/admin\\\/#author\"},\"creator\":{\"@id\":\"https:\\\/\\\/www.eldigitaldeasturias.com\\\/noticias\\\/author\\\/admin\\\/#author\"},\"image\":{\"@type\":\"ImageObject\",\"url\":484845,\"@id\":\"https:\\\/\\\/www.eldigitaldeasturias.com\\\/noticias\\\/virginia-votara-el-retorno-al-uso-obligatorio-de-la-silla-electrica\\\/#mainImage\"},\"primaryImageOfPage\":{\"@id\":\"https:\\\/\\\/www.eldigitaldeasturias.com\\\/noticias\\\/virginia-votara-el-retorno-al-uso-obligatorio-de-la-silla-electrica\\\/#mainImage\"},\"datePublished\":\"2014-02-06T04:03:04+01:00\",\"dateModified\":\"2014-02-06T04:03:04+01:00\"},{\"@type\":\"WebSite\",\"@id\":\"https:\\\/\\\/www.eldigitaldeasturias.com\\\/noticias\\\/#website\",\"url\":\"https:\\\/\\\/www.eldigitaldeasturias.com\\\/noticias\\\/\",\"name\":\"El Digital de Asturias - Diario de actualidad y noticias\",\"alternateName\":\"El Digital de Asturias - Diario de actualidad y noticias\",\"description\":\"Hemeroteca\",\"inLanguage\":\"es-ES\",\"publisher\":{\"@id\":\"https:\\\/\\\/www.eldigitaldeasturias.com\\\/noticias\\\/#organization\"}}]}\n\t\t<\/script>\n\t\t<!-- All in One SEO Pro -->\r\n\t\t<title>Virginia votar\u00e1 el retorno al uso obligatorio de la silla el\u00e9ctrica - El Digital de Asturias<\/title>\n\n","aioseo_head_json":{"title":"Virginia votar\u00e1 el retorno al uso obligatorio de la silla el\u00e9ctrica - El Digital de Asturias","description":"Washington, 5 feb (EFE).- El Senado del estado estadounidense de Virginia votar\u00e1 esta semana un proyecto legislativo que propone el uso obligatorio de la silla el\u00e9ctrica como m\u00e9todo de ejecuci\u00f3n de la pena capital en caso de que no queden dosis de inyecciones letales. Seg\u00fan inform\u00f3 hoy el diario The Washington Post, la c\u00e1mara baja","canonical_url":"https:\/\/www.eldigitaldeasturias.com\/noticias\/virginia-votara-el-retorno-al-uso-obligatorio-de-la-silla-electrica\/","robots":"max-image-preview:large","keywords":"actualidad","webmasterTools":{"google-site-verification":"UA-38556648-1","msvalidate.01":"7dfe9f3f1b24437ab69f4f2559babe99","miscellaneous":""},"schema":{"@context":"https:\/\/schema.org","@graph":[{"@type":"BlogPosting","@id":"https:\/\/www.eldigitaldeasturias.com\/noticias\/virginia-votara-el-retorno-al-uso-obligatorio-de-la-silla-electrica\/#blogposting","name":"Virginia votar\u00e1 el retorno al uso obligatorio de la silla el\u00e9ctrica - El Digital de Asturias","headline":"Virginia votar\u00e1 el retorno al uso obligatorio de la silla el\u00e9ctrica","author":{"@id":"https:\/\/www.eldigitaldeasturias.com\/noticias\/author\/admin\/#author"},"publisher":{"@id":"https:\/\/www.eldigitaldeasturias.com\/noticias\/#organization"},"image":{"@type":"ImageObject","url":484845},"datePublished":"2014-02-06T04:03:04+01:00","dateModified":"2014-02-06T04:03:04+01:00","inLanguage":"es-ES","mainEntityOfPage":{"@id":"https:\/\/www.eldigitaldeasturias.com\/noticias\/virginia-votara-el-retorno-al-uso-obligatorio-de-la-silla-electrica\/#webpage"},"isPartOf":{"@id":"https:\/\/www.eldigitaldeasturias.com\/noticias\/virginia-votara-el-retorno-al-uso-obligatorio-de-la-silla-electrica\/#webpage"},"articleSection":"Actualidad"},{"@type":"BreadcrumbList","@id":"https:\/\/www.eldigitaldeasturias.com\/noticias\/virginia-votara-el-retorno-al-uso-obligatorio-de-la-silla-electrica\/#breadcrumblist","itemListElement":[{"@type":"ListItem","@id":"https:\/\/www.eldigitaldeasturias.com\/noticias#listItem","position":1,"name":"Home","item":"https:\/\/www.eldigitaldeasturias.com\/noticias","nextItem":{"@type":"ListItem","@id":"https:\/\/www.eldigitaldeasturias.com\/noticias\/category\/actualidad\/#listItem","name":"Actualidad"}},{"@type":"ListItem","@id":"https:\/\/www.eldigitaldeasturias.com\/noticias\/category\/actualidad\/#listItem","position":2,"name":"Actualidad","item":"https:\/\/www.eldigitaldeasturias.com\/noticias\/category\/actualidad\/","nextItem":{"@type":"ListItem","@id":"https:\/\/www.eldigitaldeasturias.com\/noticias\/virginia-votara-el-retorno-al-uso-obligatorio-de-la-silla-electrica\/#listItem","name":"Virginia votar\u00e1 el retorno al uso obligatorio de la silla el\u00e9ctrica"},"previousItem":{"@type":"ListItem","@id":"https:\/\/www.eldigitaldeasturias.com\/noticias#listItem","name":"Home"}},{"@type":"ListItem","@id":"https:\/\/www.eldigitaldeasturias.com\/noticias\/virginia-votara-el-retorno-al-uso-obligatorio-de-la-silla-electrica\/#listItem","position":3,"name":"Virginia votar\u00e1 el retorno al uso obligatorio de la silla el\u00e9ctrica","previousItem":{"@type":"ListItem","@id":"https:\/\/www.eldigitaldeasturias.com\/noticias\/category\/actualidad\/#listItem","name":"Actualidad"}}]},{"@type":"Organization","@id":"https:\/\/www.eldigitaldeasturias.com\/noticias\/#organization","name":"El Digital de Asturias","description":"Hemeroteca","url":"https:\/\/www.eldigitaldeasturias.com\/noticias\/","email":"info@eldigitaldeasturias.com","telephone":"+34652131393","logo":{"@type":"ImageObject","url":"https:\/\/www.eldigitaldeasturias.com\/noticias\/wp-content\/uploads\/2020\/12\/EDA.jpg","@id":"https:\/\/www.eldigitaldeasturias.com\/noticias\/virginia-votara-el-retorno-al-uso-obligatorio-de-la-silla-electrica\/#organizationLogo"},"image":{"@id":"https:\/\/www.eldigitaldeasturias.com\/noticias\/virginia-votara-el-retorno-al-uso-obligatorio-de-la-silla-electrica\/#organizationLogo"},"sameAs":["https:\/\/facebook.com\/eldigitaldeasturias","https:\/\/www.youtube.com\/channel\/UCZP-2wLEB9Rv6erhFmqVnvg"],"address":{"@id":"https:\/\/www.eldigitaldeasturias.com\/noticias\/#postaladdress","@type":"PostalAddress","streetAddress":"san antonio 4","postalCode":"33430","addressLocality":"Cand\u00e1s","addressRegion":"Asturias","addressCountry":"ES"}},{"@type":"Person","@id":"https:\/\/www.eldigitaldeasturias.com\/noticias\/author\/admin\/#author","url":"https:\/\/www.eldigitaldeasturias.com\/noticias\/author\/admin\/","name":"El Digital de Asturias","image":{"@type":"ImageObject","@id":"https:\/\/www.eldigitaldeasturias.com\/noticias\/virginia-votara-el-retorno-al-uso-obligatorio-de-la-silla-electrica\/#authorImage","url":"https:\/\/secure.gravatar.com\/avatar\/df2aeffc32bcd13f8d26072ef8a91b623d677766deac7f97ca815868cd41bf5e?s=96&d=mm&r=g","width":96,"height":96,"caption":"El Digital de Asturias"}},{"@type":"WebPage","@id":"https:\/\/www.eldigitaldeasturias.com\/noticias\/virginia-votara-el-retorno-al-uso-obligatorio-de-la-silla-electrica\/#webpage","url":"https:\/\/www.eldigitaldeasturias.com\/noticias\/virginia-votara-el-retorno-al-uso-obligatorio-de-la-silla-electrica\/","name":"Virginia votar\u00e1 el retorno al uso obligatorio de la silla el\u00e9ctrica - El Digital de Asturias","description":"Washington, 5 feb (EFE).- El Senado del estado estadounidense de Virginia votar\u00e1 esta semana un proyecto legislativo que propone el uso obligatorio de la silla el\u00e9ctrica como m\u00e9todo de ejecuci\u00f3n de la pena capital en caso de que no queden dosis de inyecciones letales. Seg\u00fan inform\u00f3 hoy el diario The Washington Post, la c\u00e1mara baja","inLanguage":"es-ES","isPartOf":{"@id":"https:\/\/www.eldigitaldeasturias.com\/noticias\/#website"},"breadcrumb":{"@id":"https:\/\/www.eldigitaldeasturias.com\/noticias\/virginia-votara-el-retorno-al-uso-obligatorio-de-la-silla-electrica\/#breadcrumblist"},"author":{"@id":"https:\/\/www.eldigitaldeasturias.com\/noticias\/author\/admin\/#author"},"creator":{"@id":"https:\/\/www.eldigitaldeasturias.com\/noticias\/author\/admin\/#author"},"image":{"@type":"ImageObject","url":484845,"@id":"https:\/\/www.eldigitaldeasturias.com\/noticias\/virginia-votara-el-retorno-al-uso-obligatorio-de-la-silla-electrica\/#mainImage"},"primaryImageOfPage":{"@id":"https:\/\/www.eldigitaldeasturias.com\/noticias\/virginia-votara-el-retorno-al-uso-obligatorio-de-la-silla-electrica\/#mainImage"},"datePublished":"2014-02-06T04:03:04+01:00","dateModified":"2014-02-06T04:03:04+01:00"},{"@type":"WebSite","@id":"https:\/\/www.eldigitaldeasturias.com\/noticias\/#website","url":"https:\/\/www.eldigitaldeasturias.com\/noticias\/","name":"El Digital de Asturias - Diario de actualidad y noticias","alternateName":"El Digital de Asturias - Diario de actualidad y noticias","description":"Hemeroteca","inLanguage":"es-ES","publisher":{"@id":"https:\/\/www.eldigitaldeasturias.com\/noticias\/#organization"}}]},"og:locale":"es_ES","og:site_name":"El Digital de Asturias","og:type":"article","og:title":"Virginia votar\u00e1 el retorno al uso obligatorio de la silla el\u00e9ctrica - El Digital de Asturias","og:description":"Washington, 5 feb (EFE).- El Senado del estado estadounidense de Virginia votar\u00e1 esta semana un proyecto legislativo que propone el uso obligatorio de la silla el\u00e9ctrica como m\u00e9todo de ejecuci\u00f3n de la pena capital en caso de que no queden dosis de inyecciones letales. Seg\u00fan inform\u00f3 hoy el diario The Washington Post, la c\u00e1mara baja","og:url":"https:\/\/www.eldigitaldeasturias.com\/noticias\/virginia-votara-el-retorno-al-uso-obligatorio-de-la-silla-electrica\/","article:tag":["actualidad"],"article:published_time":"2014-02-06T05:03:04+00:00","article:modified_time":"2014-02-06T05:03:04+00:00","article:publisher":"https:\/\/facebook.com\/eldigitaldeasturias","twitter:card":"summary_large_image","twitter:title":"Virginia votar\u00e1 el retorno al uso obligatorio de la silla el\u00e9ctrica - El Digital de Asturias","twitter:description":"Washington, 5 feb (EFE).- El Senado del estado estadounidense de Virginia votar\u00e1 esta semana un proyecto legislativo que propone el uso obligatorio de la silla el\u00e9ctrica como m\u00e9todo de ejecuci\u00f3n de la pena capital en caso de que no queden dosis de inyecciones letales. Seg\u00fan inform\u00f3 hoy el diario The Washington Post, la c\u00e1mara baja","twitter:label1":"Escrito por","twitter:data1":"El Digital de Asturias","twitter:label2":"Tiempo de lectura estimado","twitter:data2":"2 minutos"},"aioseo_meta_data":{"post_id":"484844","title":null,"description":null,"keywords":null,"keyphrases":null,"primary_term":null,"canonical_url":null,"og_title":null,"og_description":null,"og_object_type":"default","og_image_type":"default","og_image_url":null,"og_image_width":null,"og_image_height":null,"og_image_custom_url":null,"og_image_custom_fields":null,"og_video":null,"og_custom_url":null,"og_article_section":null,"og_article_tags":null,"twitter_use_og":true,"twitter_card":"default","twitter_image_type":"default","twitter_image_url":null,"twitter_image_custom_url":null,"twitter_image_custom_fields":null,"twitter_title":null,"twitter_description":null,"schema":{"blockGraphs":[],"customGraphs":[],"default":{"data":{"Article":[],"Course":[],"Dataset":[],"FAQPage":[],"Movie":[],"Person":[],"Product":[],"ProductReview":[],"Car":[],"Recipe":[],"Service":[],"SoftwareApplication":[],"WebPage":[]},"graphName":"","isEnabled":true},"graphs":[],"defaultGraph":"","defaultPostTypeGraph":""},"schema_type":null,"schema_type_options":null,"pillar_content":false,"robots_default":true,"robots_noindex":false,"robots_noarchive":false,"robots_nosnippet":false,"robots_nofollow":false,"robots_noimageindex":false,"robots_noodp":false,"robots_notranslate":false,"robots_max_snippet":null,"robots_max_videopreview":null,"robots_max_imagepreview":"none","priority":null,"frequency":null,"local_seo":null,"seo_analyzer_scan_date":"2026-06-02 17:30:51","breadcrumb_settings":null,"limit_modified_date":false,"open_ai":null,"ai":null,"created":"2020-11-14 22:55:07","updated":"2026-06-02 17:30:51","focus_keyword":null,"additional_keywords":null,"truseo_locale":null},"aioseo_breadcrumb":"<div class=\"aioseo-breadcrumbs\"><span class=\"aioseo-breadcrumb\">\n\t<a href=\"https:\/\/www.eldigitaldeasturias.com\/noticias\" title=\"Home\">Home<\/a>\n<\/span><span class=\"aioseo-breadcrumb-separator\">\u2013<\/span><span class=\"aioseo-breadcrumb\">\n\t<a href=\"https:\/\/www.eldigitaldeasturias.com\/noticias\/category\/actualidad\/\" title=\"Actualidad\">Actualidad<\/a>\n<\/span><span class=\"aioseo-breadcrumb-separator\">\u2013<\/span><span class=\"aioseo-breadcrumb\">\n\t<a href=\"https:\/\/www.eldigitaldeasturias.com\/noticias\/virginia-votara-el-retorno-al-uso-obligatorio-de-la-silla-electrica\/\" title=\"Virginia votar\u00e1 el retorno al uso obligatorio de la silla el\u00e9ctrica\">Virginia votar\u00e1 el retorno al uso obligatorio de la silla el\u00e9ctrica<\/a>\n<\/span><\/div>","aioseo_breadcrumb_json":[{"label":"Home","link":"https:\/\/www.eldigitaldeasturias.com\/noticias"},{"label":"Actualidad","link":"https:\/\/www.eldigitaldeasturias.com\/noticias\/category\/actualidad\/"},{"label":"Virginia votar\u00e1 el retorno al uso obligatorio de la silla el\u00e9ctrica","link":"https:\/\/www.eldigitaldeasturias.com\/noticias\/virginia-votara-el-retorno-al-uso-obligatorio-de-la-silla-electrica\/"}],"_links":{"self":[{"href":"https:\/\/www.eldigitaldeasturias.com\/noticias\/wp-json\/wp\/v2\/posts\/484844","targetHints":{"allow":["GET"]}}],"collection":[{"href":"https:\/\/www.eldigitaldeasturias.com\/noticias\/wp-json\/wp\/v2\/posts"}],"about":[{"href":"https:\/\/www.eldigitaldeasturias.com\/noticias\/wp-json\/wp\/v2\/types\/post"}],"author":[{"embeddable":true,"href":"https:\/\/www.eldigitaldeasturias.com\/noticias\/wp-json\/wp\/v2\/users\/1"}],"replies":[{"embeddable":true,"href":"https:\/\/www.eldigitaldeasturias.com\/noticias\/wp-json\/wp\/v2\/comments?post=484844"}],"version-history":[{"count":0,"href":"https:\/\/www.eldigitaldeasturias.com\/noticias\/wp-json\/wp\/v2\/posts\/484844\/revisions"}],"wp:attachment":[{"href":"https:\/\/www.eldigitaldeasturias.com\/noticias\/wp-json\/wp\/v2\/media?parent=484844"}],"wp:term":[{"taxonomy":"category","embeddable":true,"href":"https:\/\/www.eldigitaldeasturias.com\/noticias\/wp-json\/wp\/v2\/categories?post=484844"},{"taxonomy":"post_tag","embeddable":true,"href":"https:\/\/www.eldigitaldeasturias.com\/noticias\/wp-json\/wp\/v2\/tags?post=484844"}],"curies":[{"name":"wp","href":"https:\/\/api.w.org\/{rel}","templated":true}]}}