{"id":484841,"date":"2014-02-06T04:02:14","date_gmt":"2014-02-06T05:02:14","guid":{"rendered":"http:\/\/www.eldigitaldeasturias.com\/noticias\/?p=484841"},"modified":"2014-02-06T04:02:14","modified_gmt":"2014-02-06T05:02:14","slug":"santos-pasa-en-un-dia-de-las-fuerzas-oscuras-al-espionaje-totalmente-licito","status":"publish","type":"post","link":"https:\/\/www.eldigitaldeasturias.com\/noticias\/santos-pasa-en-un-dia-de-las-fuerzas-oscuras-al-espionaje-totalmente-licito\/","title":{"rendered":"Santos pasa en un d\u00eda de las \u00abfuerzas oscuras\u00bb al espionaje \u00abtotalmente l\u00edcito\u00bb"},"content":{"rendered":"<p><img loading=\"lazy\" decoding=\"async\" class=\"alignleft size-medium wp-image-484842\" alt=\"5914824w\" src=\"https:\/\/www.eldigitaldeasturias.com\/noticias\/wp-content\/uploads\/2014\/02\/5914824w-360x196.jpg\" width=\"360\" height=\"196\" \/>Bogot\u00e1, 5 feb (EFE).- Apenas 24 horas despu\u00e9s de acusar a \u00abfuerzas oscuras\u00bb de estar detr\u00e1s de las escuchas del Ej\u00e9rcito a los negociadores del Gobierno en La Habana, el presidente colombiano, Juan Manuel Santos, hoy dijo que esas operaciones de inteligencia son \u00abtotalmente l\u00edcitas\u00bb.<\/p>\n<p>\u00abLas fachadas de inteligencia (&#8230;) son totalmente l\u00edcitas. Son operaciones de inteligencia que est\u00e1n contempladas dentro de la ley de inteligencia, y eso no tiene nada de irregular\u00bb, dijo el mandatario colombiano en un acto en Bogot\u00e1.<\/p>\n<p>Estas declaraciones distan mucho de las realizadas ayer, pocas horas despu\u00e9s de destaparse el esc\u00e1ndalo, cuando Santos responsabiliz\u00f3 directamente a \u00abfuerzas oscuras que est\u00e1n tratando de sabotear procesos, como el proceso de paz\u00bb.<\/p>\n<p>El mandatario tambi\u00e9n orden\u00f3 abrir una \u00abinvestigaci\u00f3n a fondo\u00bb que deriv\u00f3 en el \u00abrelevo\u00bb esa misma noche del jefe de Inteligencia del Ej\u00e9rcito, el general Mauricio Ricardo Z\u00fa\u00f1iga, y del director de la Central de Inteligencia T\u00e9cnica del Ej\u00e9rcito (Citec), el general \u00d3scar Zuluaga.<\/p>\n<p>La revista Semana revel\u00f3 el martes que un grupo de militares, exmilitares y expertos en inform\u00e1tica espiaron desde una central clandestina de Bogot\u00e1 a l\u00edderes de la izquierda y a los negociadores del Gobierno en el proceso de paz con las Fuerzas Armadas Revolucionarias de Colombia (FARC).<\/p>\n<p>Entre los investigados gubernamentales est\u00e1n el jefe negociador, el exvicepresidente Humberto de la Calle; el alto comisionado para la Paz, Sergio Jaramillo; o el director de la Agencia Colombiana para la Reintegraci\u00f3n (ACR), Alejandro Eder.<\/p>\n<p>Hoy, desde La Habana, el jefe negociador de las FARC, alias \u00abIv\u00e1n M\u00e1rquez\u00bb, no dud\u00f3 en se\u00f1alar al expresidente colombiano \u00c1lvaro Uribe (2002-2010) como las \u00abfuerzas oscuras\u00bb de las que habl\u00f3 Santos.<\/p>\n<p>\u00ab\u00c1lvaro Uribe est\u00e1 detr\u00e1s de todo eso. No se les olvide que \u00c1lvaro Uribe es el enemigo p\u00fablico n\u00famero uno de la paz en Colombia\u00bb, dijo M\u00e1rquez, quien calific\u00f3 de \u00abrealmente grave\u00bb el esc\u00e1ndalo.<\/p>\n<p>El propio Uribe, que no se dio por aludido con los se\u00f1alamientos de M\u00e1rquez, dijo que el relevo de los dos oficiales militares \u00abes otro golpe de desmotivaci\u00f3n a las Fuerzas Armadas de la patria por complacer al terrorismo de las FARC\u00bb.<\/p>\n<p>El viraje de Santos sorprende especialmente pues esta misma ma\u00f1ana el comandante del Ej\u00e9rcito, el general Juan Pablo Rodr\u00edguez, dijo que \u00abAndr\u00f3meda\u00bb, nombre del operativo de espionaje, estar\u00eda destinada a interceptar ilegalmente a los negociadores de paz y manifest\u00f3 que la prioridad es actuar dentro de la legalidad.<\/p>\n<p>\u00abNo seremos un obst\u00e1culo para la paz\u00bb, subray\u00f3 el comandante, para aclarar que las \u00abinvestigaciones se llevan a cabo dentro del debido proceso y estamos muy pendientes de las mismas. En estos casos hay que esperar. Nuestro ej\u00e9rcito es un Ej\u00e9rcito cohesionado\u00bb.<\/p>\n<p>Santos no solo justific\u00f3 la legalidad del espionaje sino que asegur\u00f3 que el fiscal general, Eduardo Montealegre, con quien habl\u00f3 hoy, le dijo que \u00absi \u00e9l hubiese sabido que eso (el local registrado) era una fachada de inteligencia, no hubiera hecho ese allanamiento\u00bb.<\/p>\n<p>Colombia cuenta con unos 500.000 militares y polic\u00edas, ambos dependientes del Ministerio de Defensa, y algunos de sus sectores se han mostrado inquietos ante las negociaciones de paz por el papel que les aguarda en una etapa de postconflicto.<\/p>\n<p>Los hombres del Gobierno, encabezados por Humberto de la Calle, negocian con la insurgencia desde noviembre de 2012 en La Habana para alcanzar una anhelada paz que se resiste desde hace m\u00e1s de medio siglo.<\/p>\n","protected":false},"excerpt":{"rendered":"<p>Bogot\u00e1, 5 feb (EFE).- Apenas 24 horas despu\u00e9s de acusar a \u00abfuerzas oscuras\u00bb de estar detr\u00e1s de las escuchas del Ej\u00e9rcito a los negociadores del Gobierno en La Habana, el presidente colombiano, Juan Manuel Santos, hoy dijo que esas operaciones de inteligencia son \u00abtotalmente l\u00edcitas\u00bb. \u00abLas fachadas de inteligencia (&#8230;) son totalmente l\u00edcitas. Son operaciones [&hellip;]<\/p>\n","protected":false},"author":1,"featured_media":484842,"comment_status":"closed","ping_status":"open","sticky":false,"template":"","format":"standard","meta":{"footnotes":""},"categories":[1],"tags":[],"class_list":["post-484841","post","type-post","status-publish","format-standard","has-post-thumbnail","hentry","category-actualidad"],"aioseo_notices":[],"aioseo_head":"\n\t\t<!-- All in One SEO Pro 5.0.1 - aioseo.com -->\n\t<meta name=\"description\" content=\"Bogot\u00e1, 5 feb (EFE).- Apenas 24 horas despu\u00e9s de acusar a &quot;fuerzas oscuras&quot; de estar detr\u00e1s de las escuchas del Ej\u00e9rcito a los negociadores del Gobierno en La Habana, el presidente colombiano, Juan Manuel Santos, hoy dijo que esas operaciones de inteligencia son &quot;totalmente l\u00edcitas&quot;. &quot;Las fachadas de inteligencia (...) son totalmente l\u00edcitas. Son operaciones\" \/>\n\t<meta name=\"robots\" content=\"max-image-preview:large\" \/>\n\t<meta name=\"author\" content=\"El Digital de Asturias\"\/>\n\t<meta name=\"google-site-verification\" content=\"UA-38556648-1\" \/>\n\t<meta name=\"msvalidate.01\" content=\"7dfe9f3f1b24437ab69f4f2559babe99\" \/>\n\t<meta name=\"keywords\" content=\"actualidad\" \/>\n\t<link rel=\"canonical\" href=\"https:\/\/www.eldigitaldeasturias.com\/noticias\/santos-pasa-en-un-dia-de-las-fuerzas-oscuras-al-espionaje-totalmente-licito\/\" \/>\n\t<meta name=\"generator\" content=\"All in One SEO Pro (AIOSEO) 5.0.1\" \/>\n\t\t<meta property=\"og:locale\" content=\"es_ES\" \/>\n\t\t<meta property=\"og:site_name\" content=\"El Digital de Asturias\" \/>\n\t\t<meta property=\"og:type\" content=\"article\" \/>\n\t\t<meta property=\"og:title\" content=\"Santos pasa en un d\u00eda de las \u00abfuerzas oscuras\u00bb al espionaje \u00abtotalmente l\u00edcito\u00bb - El Digital de Asturias\" \/>\n\t\t<meta property=\"og:description\" content=\"Bogot\u00e1, 5 feb (EFE).- Apenas 24 horas despu\u00e9s de acusar a &quot;fuerzas oscuras&quot; de estar detr\u00e1s de las escuchas del Ej\u00e9rcito a los negociadores del Gobierno en La Habana, el presidente colombiano, Juan Manuel Santos, hoy dijo que esas operaciones de inteligencia son &quot;totalmente l\u00edcitas&quot;. &quot;Las fachadas de inteligencia (...) son totalmente l\u00edcitas. Son operaciones\" \/>\n\t\t<meta property=\"og:url\" content=\"https:\/\/www.eldigitaldeasturias.com\/noticias\/santos-pasa-en-un-dia-de-las-fuerzas-oscuras-al-espionaje-totalmente-licito\/\" \/>\n\t\t<meta property=\"article:tag\" content=\"actualidad\" \/>\n\t\t<meta property=\"article:published_time\" content=\"2014-02-06T05:02:14+00:00\" \/>\n\t\t<meta property=\"article:modified_time\" content=\"2014-02-06T05:02:14+00:00\" \/>\n\t\t<meta property=\"article:publisher\" content=\"https:\/\/facebook.com\/eldigitaldeasturias\" \/>\n\t\t<meta name=\"twitter:card\" content=\"summary_large_image\" \/>\n\t\t<meta name=\"twitter:title\" content=\"Santos pasa en un d\u00eda de las \u00abfuerzas oscuras\u00bb al espionaje \u00abtotalmente l\u00edcito\u00bb - El Digital de Asturias\" \/>\n\t\t<meta name=\"twitter:description\" content=\"Bogot\u00e1, 5 feb (EFE).- Apenas 24 horas despu\u00e9s de acusar a &quot;fuerzas oscuras&quot; de estar detr\u00e1s de las escuchas del Ej\u00e9rcito a los negociadores del Gobierno en La Habana, el presidente colombiano, Juan Manuel Santos, hoy dijo que esas operaciones de inteligencia son &quot;totalmente l\u00edcitas&quot;. &quot;Las fachadas de inteligencia (...) son totalmente l\u00edcitas. Son operaciones\" \/>\n\t\t<meta name=\"twitter:label1\" content=\"Escrito por\" \/>\n\t\t<meta name=\"twitter:data1\" content=\"El Digital de Asturias\" \/>\n\t\t<meta name=\"twitter:label2\" content=\"Tiempo de lectura estimado\" \/>\n\t\t<meta name=\"twitter:data2\" content=\"3 minutos\" \/>\n\t\t<script type=\"application\/ld+json\" class=\"aioseo-schema\">\n\t\t\t{\"@context\":\"https:\\\/\\\/schema.org\",\"@graph\":[{\"@type\":\"BlogPosting\",\"@id\":\"https:\\\/\\\/www.eldigitaldeasturias.com\\\/noticias\\\/santos-pasa-en-un-dia-de-las-fuerzas-oscuras-al-espionaje-totalmente-licito\\\/#blogposting\",\"name\":\"Santos pasa en un d\\u00eda de las \\u00abfuerzas oscuras\\u00bb al espionaje \\u00abtotalmente l\\u00edcito\\u00bb - El Digital de Asturias\",\"headline\":\"Santos pasa en un d\\u00eda de las \\u00abfuerzas oscuras\\u00bb al espionaje \\u00abtotalmente l\\u00edcito\\u00bb\",\"author\":{\"@id\":\"https:\\\/\\\/www.eldigitaldeasturias.com\\\/noticias\\\/author\\\/admin\\\/#author\"},\"publisher\":{\"@id\":\"https:\\\/\\\/www.eldigitaldeasturias.com\\\/noticias\\\/#organization\"},\"image\":{\"@type\":\"ImageObject\",\"url\":484842},\"datePublished\":\"2014-02-06T04:02:14+01:00\",\"dateModified\":\"2014-02-06T04:02:14+01:00\",\"inLanguage\":\"es-ES\",\"mainEntityOfPage\":{\"@id\":\"https:\\\/\\\/www.eldigitaldeasturias.com\\\/noticias\\\/santos-pasa-en-un-dia-de-las-fuerzas-oscuras-al-espionaje-totalmente-licito\\\/#webpage\"},\"isPartOf\":{\"@id\":\"https:\\\/\\\/www.eldigitaldeasturias.com\\\/noticias\\\/santos-pasa-en-un-dia-de-las-fuerzas-oscuras-al-espionaje-totalmente-licito\\\/#webpage\"},\"articleSection\":\"Actualidad\"},{\"@type\":\"BreadcrumbList\",\"@id\":\"https:\\\/\\\/www.eldigitaldeasturias.com\\\/noticias\\\/santos-pasa-en-un-dia-de-las-fuerzas-oscuras-al-espionaje-totalmente-licito\\\/#breadcrumblist\",\"itemListElement\":[{\"@type\":\"ListItem\",\"@id\":\"https:\\\/\\\/www.eldigitaldeasturias.com\\\/noticias#listItem\",\"position\":1,\"name\":\"Home\",\"item\":\"https:\\\/\\\/www.eldigitaldeasturias.com\\\/noticias\",\"nextItem\":{\"@type\":\"ListItem\",\"@id\":\"https:\\\/\\\/www.eldigitaldeasturias.com\\\/noticias\\\/category\\\/actualidad\\\/#listItem\",\"name\":\"Actualidad\"}},{\"@type\":\"ListItem\",\"@id\":\"https:\\\/\\\/www.eldigitaldeasturias.com\\\/noticias\\\/category\\\/actualidad\\\/#listItem\",\"position\":2,\"name\":\"Actualidad\",\"item\":\"https:\\\/\\\/www.eldigitaldeasturias.com\\\/noticias\\\/category\\\/actualidad\\\/\",\"nextItem\":{\"@type\":\"ListItem\",\"@id\":\"https:\\\/\\\/www.eldigitaldeasturias.com\\\/noticias\\\/santos-pasa-en-un-dia-de-las-fuerzas-oscuras-al-espionaje-totalmente-licito\\\/#listItem\",\"name\":\"Santos pasa en un d\\u00eda de las \\u00abfuerzas oscuras\\u00bb al espionaje \\u00abtotalmente l\\u00edcito\\u00bb\"},\"previousItem\":{\"@type\":\"ListItem\",\"@id\":\"https:\\\/\\\/www.eldigitaldeasturias.com\\\/noticias#listItem\",\"name\":\"Home\"}},{\"@type\":\"ListItem\",\"@id\":\"https:\\\/\\\/www.eldigitaldeasturias.com\\\/noticias\\\/santos-pasa-en-un-dia-de-las-fuerzas-oscuras-al-espionaje-totalmente-licito\\\/#listItem\",\"position\":3,\"name\":\"Santos pasa en un d\\u00eda de las \\u00abfuerzas oscuras\\u00bb al espionaje \\u00abtotalmente l\\u00edcito\\u00bb\",\"previousItem\":{\"@type\":\"ListItem\",\"@id\":\"https:\\\/\\\/www.eldigitaldeasturias.com\\\/noticias\\\/category\\\/actualidad\\\/#listItem\",\"name\":\"Actualidad\"}}]},{\"@type\":\"Organization\",\"@id\":\"https:\\\/\\\/www.eldigitaldeasturias.com\\\/noticias\\\/#organization\",\"name\":\"El Digital de Asturias\",\"description\":\"Hemeroteca\",\"url\":\"https:\\\/\\\/www.eldigitaldeasturias.com\\\/noticias\\\/\",\"email\":\"info@eldigitaldeasturias.com\",\"telephone\":\"+34652131393\",\"logo\":{\"@type\":\"ImageObject\",\"url\":\"https:\\\/\\\/www.eldigitaldeasturias.com\\\/noticias\\\/wp-content\\\/uploads\\\/2020\\\/12\\\/EDA.jpg\",\"@id\":\"https:\\\/\\\/www.eldigitaldeasturias.com\\\/noticias\\\/santos-pasa-en-un-dia-de-las-fuerzas-oscuras-al-espionaje-totalmente-licito\\\/#organizationLogo\"},\"image\":{\"@id\":\"https:\\\/\\\/www.eldigitaldeasturias.com\\\/noticias\\\/santos-pasa-en-un-dia-de-las-fuerzas-oscuras-al-espionaje-totalmente-licito\\\/#organizationLogo\"},\"sameAs\":[\"https:\\\/\\\/facebook.com\\\/eldigitaldeasturias\",\"https:\\\/\\\/www.youtube.com\\\/channel\\\/UCZP-2wLEB9Rv6erhFmqVnvg\"],\"address\":{\"@id\":\"https:\\\/\\\/www.eldigitaldeasturias.com\\\/noticias\\\/#postaladdress\",\"@type\":\"PostalAddress\",\"streetAddress\":\"san antonio 4\",\"postalCode\":\"33430\",\"addressLocality\":\"Cand\\u00e1s\",\"addressRegion\":\"Asturias\",\"addressCountry\":\"ES\"}},{\"@type\":\"Person\",\"@id\":\"https:\\\/\\\/www.eldigitaldeasturias.com\\\/noticias\\\/author\\\/admin\\\/#author\",\"url\":\"https:\\\/\\\/www.eldigitaldeasturias.com\\\/noticias\\\/author\\\/admin\\\/\",\"name\":\"El Digital de Asturias\",\"image\":{\"@type\":\"ImageObject\",\"@id\":\"https:\\\/\\\/www.eldigitaldeasturias.com\\\/noticias\\\/santos-pasa-en-un-dia-de-las-fuerzas-oscuras-al-espionaje-totalmente-licito\\\/#authorImage\",\"url\":\"https:\\\/\\\/secure.gravatar.com\\\/avatar\\\/df2aeffc32bcd13f8d26072ef8a91b623d677766deac7f97ca815868cd41bf5e?s=96&d=mm&r=g\",\"width\":96,\"height\":96,\"caption\":\"El Digital de Asturias\"}},{\"@type\":\"WebPage\",\"@id\":\"https:\\\/\\\/www.eldigitaldeasturias.com\\\/noticias\\\/santos-pasa-en-un-dia-de-las-fuerzas-oscuras-al-espionaje-totalmente-licito\\\/#webpage\",\"url\":\"https:\\\/\\\/www.eldigitaldeasturias.com\\\/noticias\\\/santos-pasa-en-un-dia-de-las-fuerzas-oscuras-al-espionaje-totalmente-licito\\\/\",\"name\":\"Santos pasa en un d\\u00eda de las \\u00abfuerzas oscuras\\u00bb al espionaje \\u00abtotalmente l\\u00edcito\\u00bb - El Digital de Asturias\",\"description\":\"Bogot\\u00e1, 5 feb (EFE).- Apenas 24 horas despu\\u00e9s de acusar a \\\"fuerzas oscuras\\\" de estar detr\\u00e1s de las escuchas del Ej\\u00e9rcito a los negociadores del Gobierno en La Habana, el presidente colombiano, Juan Manuel Santos, hoy dijo que esas operaciones de inteligencia son \\\"totalmente l\\u00edcitas\\\". \\\"Las fachadas de inteligencia (...) son totalmente l\\u00edcitas. Son operaciones\",\"inLanguage\":\"es-ES\",\"isPartOf\":{\"@id\":\"https:\\\/\\\/www.eldigitaldeasturias.com\\\/noticias\\\/#website\"},\"breadcrumb\":{\"@id\":\"https:\\\/\\\/www.eldigitaldeasturias.com\\\/noticias\\\/santos-pasa-en-un-dia-de-las-fuerzas-oscuras-al-espionaje-totalmente-licito\\\/#breadcrumblist\"},\"author\":{\"@id\":\"https:\\\/\\\/www.eldigitaldeasturias.com\\\/noticias\\\/author\\\/admin\\\/#author\"},\"creator\":{\"@id\":\"https:\\\/\\\/www.eldigitaldeasturias.com\\\/noticias\\\/author\\\/admin\\\/#author\"},\"image\":{\"@type\":\"ImageObject\",\"url\":484842,\"@id\":\"https:\\\/\\\/www.eldigitaldeasturias.com\\\/noticias\\\/santos-pasa-en-un-dia-de-las-fuerzas-oscuras-al-espionaje-totalmente-licito\\\/#mainImage\"},\"primaryImageOfPage\":{\"@id\":\"https:\\\/\\\/www.eldigitaldeasturias.com\\\/noticias\\\/santos-pasa-en-un-dia-de-las-fuerzas-oscuras-al-espionaje-totalmente-licito\\\/#mainImage\"},\"datePublished\":\"2014-02-06T04:02:14+01:00\",\"dateModified\":\"2014-02-06T04:02:14+01:00\"},{\"@type\":\"WebSite\",\"@id\":\"https:\\\/\\\/www.eldigitaldeasturias.com\\\/noticias\\\/#website\",\"url\":\"https:\\\/\\\/www.eldigitaldeasturias.com\\\/noticias\\\/\",\"name\":\"El Digital de Asturias - Diario de actualidad y noticias\",\"alternateName\":\"El Digital de Asturias - Diario de actualidad y noticias\",\"description\":\"Hemeroteca\",\"inLanguage\":\"es-ES\",\"publisher\":{\"@id\":\"https:\\\/\\\/www.eldigitaldeasturias.com\\\/noticias\\\/#organization\"}}]}\n\t\t<\/script>\n\t\t<!-- All in One SEO Pro -->\r\n\t\t<title>Santos pasa en un d\u00eda de las \u00abfuerzas oscuras\u00bb al espionaje \u00abtotalmente l\u00edcito\u00bb - El Digital de Asturias<\/title>\n\n","aioseo_head_json":{"title":"Santos pasa en un d\u00eda de las \u00abfuerzas oscuras\u00bb al espionaje \u00abtotalmente l\u00edcito\u00bb - El Digital de Asturias","description":"Bogot\u00e1, 5 feb (EFE).- Apenas 24 horas despu\u00e9s de acusar a \"fuerzas oscuras\" de estar detr\u00e1s de las escuchas del Ej\u00e9rcito a los negociadores del Gobierno en La Habana, el presidente colombiano, Juan Manuel Santos, hoy dijo que esas operaciones de inteligencia son \"totalmente l\u00edcitas\". \"Las fachadas de inteligencia (...) son totalmente l\u00edcitas. Son operaciones","canonical_url":"https:\/\/www.eldigitaldeasturias.com\/noticias\/santos-pasa-en-un-dia-de-las-fuerzas-oscuras-al-espionaje-totalmente-licito\/","robots":"max-image-preview:large","keywords":"actualidad","webmasterTools":{"google-site-verification":"UA-38556648-1","msvalidate.01":"7dfe9f3f1b24437ab69f4f2559babe99","miscellaneous":""},"schema":{"@context":"https:\/\/schema.org","@graph":[{"@type":"BlogPosting","@id":"https:\/\/www.eldigitaldeasturias.com\/noticias\/santos-pasa-en-un-dia-de-las-fuerzas-oscuras-al-espionaje-totalmente-licito\/#blogposting","name":"Santos pasa en un d\u00eda de las \u00abfuerzas oscuras\u00bb al espionaje \u00abtotalmente l\u00edcito\u00bb - El Digital de Asturias","headline":"Santos pasa en un d\u00eda de las \u00abfuerzas oscuras\u00bb al espionaje \u00abtotalmente l\u00edcito\u00bb","author":{"@id":"https:\/\/www.eldigitaldeasturias.com\/noticias\/author\/admin\/#author"},"publisher":{"@id":"https:\/\/www.eldigitaldeasturias.com\/noticias\/#organization"},"image":{"@type":"ImageObject","url":484842},"datePublished":"2014-02-06T04:02:14+01:00","dateModified":"2014-02-06T04:02:14+01:00","inLanguage":"es-ES","mainEntityOfPage":{"@id":"https:\/\/www.eldigitaldeasturias.com\/noticias\/santos-pasa-en-un-dia-de-las-fuerzas-oscuras-al-espionaje-totalmente-licito\/#webpage"},"isPartOf":{"@id":"https:\/\/www.eldigitaldeasturias.com\/noticias\/santos-pasa-en-un-dia-de-las-fuerzas-oscuras-al-espionaje-totalmente-licito\/#webpage"},"articleSection":"Actualidad"},{"@type":"BreadcrumbList","@id":"https:\/\/www.eldigitaldeasturias.com\/noticias\/santos-pasa-en-un-dia-de-las-fuerzas-oscuras-al-espionaje-totalmente-licito\/#breadcrumblist","itemListElement":[{"@type":"ListItem","@id":"https:\/\/www.eldigitaldeasturias.com\/noticias#listItem","position":1,"name":"Home","item":"https:\/\/www.eldigitaldeasturias.com\/noticias","nextItem":{"@type":"ListItem","@id":"https:\/\/www.eldigitaldeasturias.com\/noticias\/category\/actualidad\/#listItem","name":"Actualidad"}},{"@type":"ListItem","@id":"https:\/\/www.eldigitaldeasturias.com\/noticias\/category\/actualidad\/#listItem","position":2,"name":"Actualidad","item":"https:\/\/www.eldigitaldeasturias.com\/noticias\/category\/actualidad\/","nextItem":{"@type":"ListItem","@id":"https:\/\/www.eldigitaldeasturias.com\/noticias\/santos-pasa-en-un-dia-de-las-fuerzas-oscuras-al-espionaje-totalmente-licito\/#listItem","name":"Santos pasa en un d\u00eda de las \u00abfuerzas oscuras\u00bb al espionaje \u00abtotalmente l\u00edcito\u00bb"},"previousItem":{"@type":"ListItem","@id":"https:\/\/www.eldigitaldeasturias.com\/noticias#listItem","name":"Home"}},{"@type":"ListItem","@id":"https:\/\/www.eldigitaldeasturias.com\/noticias\/santos-pasa-en-un-dia-de-las-fuerzas-oscuras-al-espionaje-totalmente-licito\/#listItem","position":3,"name":"Santos pasa en un d\u00eda de las \u00abfuerzas oscuras\u00bb al espionaje \u00abtotalmente l\u00edcito\u00bb","previousItem":{"@type":"ListItem","@id":"https:\/\/www.eldigitaldeasturias.com\/noticias\/category\/actualidad\/#listItem","name":"Actualidad"}}]},{"@type":"Organization","@id":"https:\/\/www.eldigitaldeasturias.com\/noticias\/#organization","name":"El Digital de Asturias","description":"Hemeroteca","url":"https:\/\/www.eldigitaldeasturias.com\/noticias\/","email":"info@eldigitaldeasturias.com","telephone":"+34652131393","logo":{"@type":"ImageObject","url":"https:\/\/www.eldigitaldeasturias.com\/noticias\/wp-content\/uploads\/2020\/12\/EDA.jpg","@id":"https:\/\/www.eldigitaldeasturias.com\/noticias\/santos-pasa-en-un-dia-de-las-fuerzas-oscuras-al-espionaje-totalmente-licito\/#organizationLogo"},"image":{"@id":"https:\/\/www.eldigitaldeasturias.com\/noticias\/santos-pasa-en-un-dia-de-las-fuerzas-oscuras-al-espionaje-totalmente-licito\/#organizationLogo"},"sameAs":["https:\/\/facebook.com\/eldigitaldeasturias","https:\/\/www.youtube.com\/channel\/UCZP-2wLEB9Rv6erhFmqVnvg"],"address":{"@id":"https:\/\/www.eldigitaldeasturias.com\/noticias\/#postaladdress","@type":"PostalAddress","streetAddress":"san antonio 4","postalCode":"33430","addressLocality":"Cand\u00e1s","addressRegion":"Asturias","addressCountry":"ES"}},{"@type":"Person","@id":"https:\/\/www.eldigitaldeasturias.com\/noticias\/author\/admin\/#author","url":"https:\/\/www.eldigitaldeasturias.com\/noticias\/author\/admin\/","name":"El Digital de Asturias","image":{"@type":"ImageObject","@id":"https:\/\/www.eldigitaldeasturias.com\/noticias\/santos-pasa-en-un-dia-de-las-fuerzas-oscuras-al-espionaje-totalmente-licito\/#authorImage","url":"https:\/\/secure.gravatar.com\/avatar\/df2aeffc32bcd13f8d26072ef8a91b623d677766deac7f97ca815868cd41bf5e?s=96&d=mm&r=g","width":96,"height":96,"caption":"El Digital de Asturias"}},{"@type":"WebPage","@id":"https:\/\/www.eldigitaldeasturias.com\/noticias\/santos-pasa-en-un-dia-de-las-fuerzas-oscuras-al-espionaje-totalmente-licito\/#webpage","url":"https:\/\/www.eldigitaldeasturias.com\/noticias\/santos-pasa-en-un-dia-de-las-fuerzas-oscuras-al-espionaje-totalmente-licito\/","name":"Santos pasa en un d\u00eda de las \u00abfuerzas oscuras\u00bb al espionaje \u00abtotalmente l\u00edcito\u00bb - El Digital de Asturias","description":"Bogot\u00e1, 5 feb (EFE).- Apenas 24 horas despu\u00e9s de acusar a \"fuerzas oscuras\" de estar detr\u00e1s de las escuchas del Ej\u00e9rcito a los negociadores del Gobierno en La Habana, el presidente colombiano, Juan Manuel Santos, hoy dijo que esas operaciones de inteligencia son \"totalmente l\u00edcitas\". \"Las fachadas de inteligencia (...) son totalmente l\u00edcitas. Son operaciones","inLanguage":"es-ES","isPartOf":{"@id":"https:\/\/www.eldigitaldeasturias.com\/noticias\/#website"},"breadcrumb":{"@id":"https:\/\/www.eldigitaldeasturias.com\/noticias\/santos-pasa-en-un-dia-de-las-fuerzas-oscuras-al-espionaje-totalmente-licito\/#breadcrumblist"},"author":{"@id":"https:\/\/www.eldigitaldeasturias.com\/noticias\/author\/admin\/#author"},"creator":{"@id":"https:\/\/www.eldigitaldeasturias.com\/noticias\/author\/admin\/#author"},"image":{"@type":"ImageObject","url":484842,"@id":"https:\/\/www.eldigitaldeasturias.com\/noticias\/santos-pasa-en-un-dia-de-las-fuerzas-oscuras-al-espionaje-totalmente-licito\/#mainImage"},"primaryImageOfPage":{"@id":"https:\/\/www.eldigitaldeasturias.com\/noticias\/santos-pasa-en-un-dia-de-las-fuerzas-oscuras-al-espionaje-totalmente-licito\/#mainImage"},"datePublished":"2014-02-06T04:02:14+01:00","dateModified":"2014-02-06T04:02:14+01:00"},{"@type":"WebSite","@id":"https:\/\/www.eldigitaldeasturias.com\/noticias\/#website","url":"https:\/\/www.eldigitaldeasturias.com\/noticias\/","name":"El Digital de Asturias - Diario de actualidad y noticias","alternateName":"El Digital de Asturias - Diario de actualidad y noticias","description":"Hemeroteca","inLanguage":"es-ES","publisher":{"@id":"https:\/\/www.eldigitaldeasturias.com\/noticias\/#organization"}}]},"og:locale":"es_ES","og:site_name":"El Digital de Asturias","og:type":"article","og:title":"Santos pasa en un d\u00eda de las \u00abfuerzas oscuras\u00bb al espionaje \u00abtotalmente l\u00edcito\u00bb - El Digital de Asturias","og:description":"Bogot\u00e1, 5 feb (EFE).- Apenas 24 horas despu\u00e9s de acusar a &quot;fuerzas oscuras&quot; de estar detr\u00e1s de las escuchas del Ej\u00e9rcito a los negociadores del Gobierno en La Habana, el presidente colombiano, Juan Manuel Santos, hoy dijo que esas operaciones de inteligencia son &quot;totalmente l\u00edcitas&quot;. &quot;Las fachadas de inteligencia (...) son totalmente l\u00edcitas. Son operaciones","og:url":"https:\/\/www.eldigitaldeasturias.com\/noticias\/santos-pasa-en-un-dia-de-las-fuerzas-oscuras-al-espionaje-totalmente-licito\/","article:tag":["actualidad"],"article:published_time":"2014-02-06T05:02:14+00:00","article:modified_time":"2014-02-06T05:02:14+00:00","article:publisher":"https:\/\/facebook.com\/eldigitaldeasturias","twitter:card":"summary_large_image","twitter:title":"Santos pasa en un d\u00eda de las \u00abfuerzas oscuras\u00bb al espionaje \u00abtotalmente l\u00edcito\u00bb - El Digital de Asturias","twitter:description":"Bogot\u00e1, 5 feb (EFE).- Apenas 24 horas despu\u00e9s de acusar a &quot;fuerzas oscuras&quot; de estar detr\u00e1s de las escuchas del Ej\u00e9rcito a los negociadores del Gobierno en La Habana, el presidente colombiano, Juan Manuel Santos, hoy dijo que esas operaciones de inteligencia son &quot;totalmente l\u00edcitas&quot;. &quot;Las fachadas de inteligencia (...) son totalmente l\u00edcitas. Son operaciones","twitter:label1":"Escrito por","twitter:data1":"El Digital de Asturias","twitter:label2":"Tiempo de lectura estimado","twitter:data2":"3 minutos"},"aioseo_meta_data":{"post_id":"484841","title":null,"description":null,"keywords":null,"keyphrases":null,"primary_term":null,"canonical_url":null,"og_title":null,"og_description":null,"og_object_type":"default","og_image_type":"default","og_image_url":null,"og_image_width":null,"og_image_height":null,"og_image_custom_url":null,"og_image_custom_fields":null,"og_video":null,"og_custom_url":null,"og_article_section":null,"og_article_tags":null,"twitter_use_og":true,"twitter_card":"default","twitter_image_type":"default","twitter_image_url":null,"twitter_image_custom_url":null,"twitter_image_custom_fields":null,"twitter_title":null,"twitter_description":null,"schema":{"blockGraphs":[],"customGraphs":[],"default":{"data":{"Article":[],"Course":[],"Dataset":[],"FAQPage":[],"Movie":[],"Person":[],"Product":[],"ProductReview":[],"Car":[],"Recipe":[],"Service":[],"SoftwareApplication":[],"WebPage":[]},"graphName":"","isEnabled":true},"graphs":[],"defaultGraph":"","defaultPostTypeGraph":""},"schema_type":null,"schema_type_options":null,"pillar_content":false,"robots_default":true,"robots_noindex":false,"robots_noarchive":false,"robots_nosnippet":false,"robots_nofollow":false,"robots_noimageindex":false,"robots_noodp":false,"robots_notranslate":false,"robots_max_snippet":null,"robots_max_videopreview":null,"robots_max_imagepreview":"none","priority":null,"frequency":null,"local_seo":null,"seo_analyzer_scan_date":"2026-06-02 17:30:50","breadcrumb_settings":null,"limit_modified_date":false,"open_ai":null,"ai":null,"created":"2020-11-14 22:55:07","updated":"2026-06-02 17:30:50","focus_keyword":null,"additional_keywords":null,"truseo_locale":null},"aioseo_breadcrumb":"<div class=\"aioseo-breadcrumbs\"><span class=\"aioseo-breadcrumb\">\n\t<a href=\"https:\/\/www.eldigitaldeasturias.com\/noticias\" title=\"Home\">Home<\/a>\n<\/span><span class=\"aioseo-breadcrumb-separator\">\u2013<\/span><span class=\"aioseo-breadcrumb\">\n\t<a href=\"https:\/\/www.eldigitaldeasturias.com\/noticias\/category\/actualidad\/\" title=\"Actualidad\">Actualidad<\/a>\n<\/span><span class=\"aioseo-breadcrumb-separator\">\u2013<\/span><span class=\"aioseo-breadcrumb\">\n\t<a href=\"https:\/\/www.eldigitaldeasturias.com\/noticias\/santos-pasa-en-un-dia-de-las-fuerzas-oscuras-al-espionaje-totalmente-licito\/\" title=\"Santos pasa en un d\u00eda de las \u00abfuerzas oscuras\u00bb al espionaje \u00abtotalmente l\u00edcito\u00bb\">Santos pasa en un d\u00eda de las \u00abfuerzas oscuras\u00bb al espionaje \u00abtotalmente l\u00edcito\u00bb<\/a>\n<\/span><\/div>","aioseo_breadcrumb_json":[{"label":"Home","link":"https:\/\/www.eldigitaldeasturias.com\/noticias"},{"label":"Actualidad","link":"https:\/\/www.eldigitaldeasturias.com\/noticias\/category\/actualidad\/"},{"label":"Santos pasa en un d\u00eda de las \u00abfuerzas oscuras\u00bb al espionaje \u00abtotalmente l\u00edcito\u00bb","link":"https:\/\/www.eldigitaldeasturias.com\/noticias\/santos-pasa-en-un-dia-de-las-fuerzas-oscuras-al-espionaje-totalmente-licito\/"}],"_links":{"self":[{"href":"https:\/\/www.eldigitaldeasturias.com\/noticias\/wp-json\/wp\/v2\/posts\/484841","targetHints":{"allow":["GET"]}}],"collection":[{"href":"https:\/\/www.eldigitaldeasturias.com\/noticias\/wp-json\/wp\/v2\/posts"}],"about":[{"href":"https:\/\/www.eldigitaldeasturias.com\/noticias\/wp-json\/wp\/v2\/types\/post"}],"author":[{"embeddable":true,"href":"https:\/\/www.eldigitaldeasturias.com\/noticias\/wp-json\/wp\/v2\/users\/1"}],"replies":[{"embeddable":true,"href":"https:\/\/www.eldigitaldeasturias.com\/noticias\/wp-json\/wp\/v2\/comments?post=484841"}],"version-history":[{"count":0,"href":"https:\/\/www.eldigitaldeasturias.com\/noticias\/wp-json\/wp\/v2\/posts\/484841\/revisions"}],"wp:attachment":[{"href":"https:\/\/www.eldigitaldeasturias.com\/noticias\/wp-json\/wp\/v2\/media?parent=484841"}],"wp:term":[{"taxonomy":"category","embeddable":true,"href":"https:\/\/www.eldigitaldeasturias.com\/noticias\/wp-json\/wp\/v2\/categories?post=484841"},{"taxonomy":"post_tag","embeddable":true,"href":"https:\/\/www.eldigitaldeasturias.com\/noticias\/wp-json\/wp\/v2\/tags?post=484841"}],"curies":[{"name":"wp","href":"https:\/\/api.w.org\/{rel}","templated":true}]}}