{"id":484826,"date":"2014-02-06T03:55:46","date_gmt":"2014-02-06T04:55:46","guid":{"rendered":"http:\/\/www.eldigitaldeasturias.com\/noticias\/?p=484826"},"modified":"2014-02-06T03:55:46","modified_gmt":"2014-02-06T04:55:46","slug":"la-feria-comercial-expocomer-de-panama-contara-con-la-participacion-de-40-paises","status":"publish","type":"post","link":"https:\/\/www.eldigitaldeasturias.com\/noticias\/la-feria-comercial-expocomer-de-panama-contara-con-la-participacion-de-40-paises\/","title":{"rendered":"La feria comercial Expocomer de Panam\u00e1 contar\u00e1 con la participaci\u00f3n de 40 pa\u00edses"},"content":{"rendered":"<p><img loading=\"lazy\" decoding=\"async\" class=\"alignleft size-medium wp-image-484827\" alt=\"5914461w\" src=\"https:\/\/www.eldigitaldeasturias.com\/noticias\/wp-content\/uploads\/2014\/02\/5914461w-360x244.jpg\" width=\"360\" height=\"244\" \/>Lima, 5 feb (EFE).- La feria comercial Expocomer de Panam\u00e1, que celebrar\u00e1 su trig\u00e9simo segunda edici\u00f3n en marzo, contar\u00e1 con la participaci\u00f3n de 40 pa\u00edses y acoger\u00e1 la primera rueda internacional de negocios, dijeron hoy a Efe en Lima fuentes de la organizaci\u00f3n del evento.<\/p>\n<p>En esta edici\u00f3n de Expocomer, que tendr\u00e1 lugar del 26 al 29 de marzo en la capital paname\u00f1a, se esperan transacciones por valor de unos 115 millones de d\u00f3lares, dijo hoy a Efe Edgar Abrego, coordinador de Mercadeo y Ventas de la C\u00e1mara de Comercio de Panam\u00e1.<\/p>\n<p>Abrego destac\u00f3 que este a\u00f1o se celebrar\u00e1 por primera vez en Expocomer una rueda internacional de negocios con la que se pretende facilitar el encuentro entre expositores y compradores.<\/p>\n<p>En Expocomer estar\u00e1n presentes unas 1.100 empresas de 40 pa\u00edses, entre ellos Per\u00fa, donde hoy fue presentada la feria en un desayuno informativo que cont\u00f3 con la participaci\u00f3n del embajador de Panam\u00e1 en Lima, Carlos Luis Linares, del presidente de la C\u00e1mara Peruano- Paname\u00f1a, Julio Velayos, y del director de la C\u00e1mara de Comercio de Lima, Antonio Gnaegi.<\/p>\n<p>Los sectores presentes en Expocomer, que cuenta con una superficie de exposici\u00f3n de unos 14.000 metros cuadrados, son textiles y accesorios, alimentos y bebidas, construcci\u00f3n, tecnolog\u00eda, servicios, cosm\u00e9ticos y cuidado personal, entre otros.<\/p>\n<p>El embajador de Panam\u00e1 destac\u00f3 la ubicaci\u00f3n estrat\u00e9gica de su pa\u00eds que cuenta con el Canal y la Zona Libre de Col\u00f3n.<\/p>\n<p>Adem\u00e1s resalt\u00f3 que el intercambio comercial entre Per\u00fa y Panam\u00e1, que est\u00e1 en torno a los 700 millones de d\u00f3lares al a\u00f1o, ha crecido gracias al Tratado de Libre de Comercio entre ambos pa\u00edses, que entr\u00f3 en vigor en 2012.<\/p>\n<p>El embajador paname\u00f1o se\u00f1al\u00f3 que Per\u00fa va a tener 35 stands y que participar\u00e1n m\u00e1s de 100 empresarios en Expocomer.<\/p>\n<p>En este sentido, el director de la C\u00e1mara de Comercio de Lima, Antonio Gnaegi, dijo que las empresas peruanas que participar\u00e1n en la feria est\u00e1n ligadas a los sectores textil, confecciones, cuero y calzado, alimentos y bebidas.<\/p>\n<p>En su intervenci\u00f3n, Abrego destac\u00f3 que en la edici\u00f3n del a\u00f1o pasado Expocomer, a la que defini\u00f3 como \u00abvitrina del comercio mundial\u00bb, recibi\u00f3 10.165 visitantes y que hubo 860 m\u00f3dulos de exhibici\u00f3n.<\/p>\n<p>En la edici\u00f3n de este a\u00f1o, India con 56 m\u00f3dulos es el pa\u00eds que tendr\u00e1 mayor participaci\u00f3n seguido de Taiw\u00e1n, M\u00e9xico, Per\u00fa, y Brasil, seg\u00fan Abrego, quien subray\u00f3 tambi\u00e9n la presencia de Chile, Costa Rica y Argentina.<\/p>\n<p>Adem\u00e1s se\u00f1al\u00f3 que hay un \u00abpa\u00eds nuevo que nos va a acompa\u00f1ar en Expocomer este a\u00f1o, que es Nicaragua\u00bb con 14 m\u00f3dulos con lo que se espera de 30 a 35 expositores de ese pa\u00eds.<\/p>\n<p>En cuanto al volumen de transacciones, Abrego apunt\u00f3 que \u00abtomando como term\u00f3metro\u00bb la edici\u00f3n del a\u00f1o pasado cuando se alcanzaron cerca de 100 millones de d\u00f3lares este a\u00f1o se espera que la cifra aumente a entre 110 y 115 millones de d\u00f3lares.<\/p>\n<p>Sobre los objetivos para este a\u00f1o de Expocomer, Abrego dijo que el principal es que el expositor encuentre a su comprador potencial para que su participaci\u00f3n en la feria sea un \u00e9xito y que \u00abhaya una satisfacci\u00f3n total tanto del expositor como del comprador\u00bb.<\/p>\n","protected":false},"excerpt":{"rendered":"<p>Lima, 5 feb (EFE).- La feria comercial Expocomer de Panam\u00e1, que celebrar\u00e1 su trig\u00e9simo segunda edici\u00f3n en marzo, contar\u00e1 con la participaci\u00f3n de 40 pa\u00edses y acoger\u00e1 la primera rueda internacional de negocios, dijeron hoy a Efe en Lima fuentes de la organizaci\u00f3n del evento. En esta edici\u00f3n de Expocomer, que tendr\u00e1 lugar del 26 [&hellip;]<\/p>\n","protected":false},"author":1,"featured_media":484827,"comment_status":"closed","ping_status":"open","sticky":false,"template":"","format":"standard","meta":{"footnotes":""},"categories":[1],"tags":[],"class_list":["post-484826","post","type-post","status-publish","format-standard","has-post-thumbnail","hentry","category-actualidad"],"aioseo_notices":[],"aioseo_head":"\n\t\t<!-- All in One SEO Pro 5.0.1 - aioseo.com -->\n\t<meta name=\"description\" content=\"Lima, 5 feb (EFE).- La feria comercial Expocomer de Panam\u00e1, que celebrar\u00e1 su trig\u00e9simo segunda edici\u00f3n en marzo, contar\u00e1 con la participaci\u00f3n de 40 pa\u00edses y acoger\u00e1 la primera rueda internacional de negocios, dijeron hoy a Efe en Lima fuentes de la organizaci\u00f3n del evento. En esta edici\u00f3n de Expocomer, que tendr\u00e1 lugar del 26\" \/>\n\t<meta name=\"robots\" content=\"max-image-preview:large\" \/>\n\t<meta name=\"author\" content=\"El Digital de Asturias\"\/>\n\t<meta name=\"google-site-verification\" content=\"UA-38556648-1\" \/>\n\t<meta name=\"msvalidate.01\" content=\"7dfe9f3f1b24437ab69f4f2559babe99\" \/>\n\t<meta name=\"keywords\" content=\"actualidad\" \/>\n\t<link rel=\"canonical\" href=\"https:\/\/www.eldigitaldeasturias.com\/noticias\/la-feria-comercial-expocomer-de-panama-contara-con-la-participacion-de-40-paises\/\" \/>\n\t<meta name=\"generator\" content=\"All in One SEO Pro (AIOSEO) 5.0.1\" \/>\n\t\t<meta property=\"og:locale\" content=\"es_ES\" \/>\n\t\t<meta property=\"og:site_name\" content=\"El Digital de Asturias\" \/>\n\t\t<meta property=\"og:type\" content=\"article\" \/>\n\t\t<meta property=\"og:title\" content=\"La feria comercial Expocomer de Panam\u00e1 contar\u00e1 con la participaci\u00f3n de 40 pa\u00edses - El Digital de Asturias\" \/>\n\t\t<meta property=\"og:description\" content=\"Lima, 5 feb (EFE).- La feria comercial Expocomer de Panam\u00e1, que celebrar\u00e1 su trig\u00e9simo segunda edici\u00f3n en marzo, contar\u00e1 con la participaci\u00f3n de 40 pa\u00edses y acoger\u00e1 la primera rueda internacional de negocios, dijeron hoy a Efe en Lima fuentes de la organizaci\u00f3n del evento. En esta edici\u00f3n de Expocomer, que tendr\u00e1 lugar del 26\" \/>\n\t\t<meta property=\"og:url\" content=\"https:\/\/www.eldigitaldeasturias.com\/noticias\/la-feria-comercial-expocomer-de-panama-contara-con-la-participacion-de-40-paises\/\" \/>\n\t\t<meta property=\"article:tag\" content=\"actualidad\" \/>\n\t\t<meta property=\"article:published_time\" content=\"2014-02-06T04:55:46+00:00\" \/>\n\t\t<meta property=\"article:modified_time\" content=\"2014-02-06T04:55:46+00:00\" \/>\n\t\t<meta property=\"article:publisher\" content=\"https:\/\/facebook.com\/eldigitaldeasturias\" \/>\n\t\t<meta name=\"twitter:card\" content=\"summary_large_image\" \/>\n\t\t<meta name=\"twitter:title\" content=\"La feria comercial Expocomer de Panam\u00e1 contar\u00e1 con la participaci\u00f3n de 40 pa\u00edses - El Digital de Asturias\" \/>\n\t\t<meta name=\"twitter:description\" content=\"Lima, 5 feb (EFE).- La feria comercial Expocomer de Panam\u00e1, que celebrar\u00e1 su trig\u00e9simo segunda edici\u00f3n en marzo, contar\u00e1 con la participaci\u00f3n de 40 pa\u00edses y acoger\u00e1 la primera rueda internacional de negocios, dijeron hoy a Efe en Lima fuentes de la organizaci\u00f3n del evento. En esta edici\u00f3n de Expocomer, que tendr\u00e1 lugar del 26\" \/>\n\t\t<meta name=\"twitter:label1\" content=\"Escrito por\" \/>\n\t\t<meta name=\"twitter:data1\" content=\"El Digital de Asturias\" \/>\n\t\t<meta name=\"twitter:label2\" content=\"Tiempo de lectura estimado\" \/>\n\t\t<meta name=\"twitter:data2\" content=\"3 minutos\" \/>\n\t\t<script type=\"application\/ld+json\" class=\"aioseo-schema\">\n\t\t\t{\"@context\":\"https:\\\/\\\/schema.org\",\"@graph\":[{\"@type\":\"BlogPosting\",\"@id\":\"https:\\\/\\\/www.eldigitaldeasturias.com\\\/noticias\\\/la-feria-comercial-expocomer-de-panama-contara-con-la-participacion-de-40-paises\\\/#blogposting\",\"name\":\"La feria comercial Expocomer de Panam\\u00e1 contar\\u00e1 con la participaci\\u00f3n de 40 pa\\u00edses - El Digital de Asturias\",\"headline\":\"La feria comercial Expocomer de Panam\\u00e1 contar\\u00e1 con la participaci\\u00f3n de 40 pa\\u00edses\",\"author\":{\"@id\":\"https:\\\/\\\/www.eldigitaldeasturias.com\\\/noticias\\\/author\\\/admin\\\/#author\"},\"publisher\":{\"@id\":\"https:\\\/\\\/www.eldigitaldeasturias.com\\\/noticias\\\/#organization\"},\"image\":{\"@type\":\"ImageObject\",\"url\":484827},\"datePublished\":\"2014-02-06T03:55:46+01:00\",\"dateModified\":\"2014-02-06T03:55:46+01:00\",\"inLanguage\":\"es-ES\",\"mainEntityOfPage\":{\"@id\":\"https:\\\/\\\/www.eldigitaldeasturias.com\\\/noticias\\\/la-feria-comercial-expocomer-de-panama-contara-con-la-participacion-de-40-paises\\\/#webpage\"},\"isPartOf\":{\"@id\":\"https:\\\/\\\/www.eldigitaldeasturias.com\\\/noticias\\\/la-feria-comercial-expocomer-de-panama-contara-con-la-participacion-de-40-paises\\\/#webpage\"},\"articleSection\":\"Actualidad\"},{\"@type\":\"BreadcrumbList\",\"@id\":\"https:\\\/\\\/www.eldigitaldeasturias.com\\\/noticias\\\/la-feria-comercial-expocomer-de-panama-contara-con-la-participacion-de-40-paises\\\/#breadcrumblist\",\"itemListElement\":[{\"@type\":\"ListItem\",\"@id\":\"https:\\\/\\\/www.eldigitaldeasturias.com\\\/noticias#listItem\",\"position\":1,\"name\":\"Home\",\"item\":\"https:\\\/\\\/www.eldigitaldeasturias.com\\\/noticias\",\"nextItem\":{\"@type\":\"ListItem\",\"@id\":\"https:\\\/\\\/www.eldigitaldeasturias.com\\\/noticias\\\/category\\\/actualidad\\\/#listItem\",\"name\":\"Actualidad\"}},{\"@type\":\"ListItem\",\"@id\":\"https:\\\/\\\/www.eldigitaldeasturias.com\\\/noticias\\\/category\\\/actualidad\\\/#listItem\",\"position\":2,\"name\":\"Actualidad\",\"item\":\"https:\\\/\\\/www.eldigitaldeasturias.com\\\/noticias\\\/category\\\/actualidad\\\/\",\"nextItem\":{\"@type\":\"ListItem\",\"@id\":\"https:\\\/\\\/www.eldigitaldeasturias.com\\\/noticias\\\/la-feria-comercial-expocomer-de-panama-contara-con-la-participacion-de-40-paises\\\/#listItem\",\"name\":\"La feria comercial Expocomer de Panam\\u00e1 contar\\u00e1 con la participaci\\u00f3n de 40 pa\\u00edses\"},\"previousItem\":{\"@type\":\"ListItem\",\"@id\":\"https:\\\/\\\/www.eldigitaldeasturias.com\\\/noticias#listItem\",\"name\":\"Home\"}},{\"@type\":\"ListItem\",\"@id\":\"https:\\\/\\\/www.eldigitaldeasturias.com\\\/noticias\\\/la-feria-comercial-expocomer-de-panama-contara-con-la-participacion-de-40-paises\\\/#listItem\",\"position\":3,\"name\":\"La feria comercial Expocomer de Panam\\u00e1 contar\\u00e1 con la participaci\\u00f3n de 40 pa\\u00edses\",\"previousItem\":{\"@type\":\"ListItem\",\"@id\":\"https:\\\/\\\/www.eldigitaldeasturias.com\\\/noticias\\\/category\\\/actualidad\\\/#listItem\",\"name\":\"Actualidad\"}}]},{\"@type\":\"Organization\",\"@id\":\"https:\\\/\\\/www.eldigitaldeasturias.com\\\/noticias\\\/#organization\",\"name\":\"El Digital de Asturias\",\"description\":\"Hemeroteca\",\"url\":\"https:\\\/\\\/www.eldigitaldeasturias.com\\\/noticias\\\/\",\"email\":\"info@eldigitaldeasturias.com\",\"telephone\":\"+34652131393\",\"logo\":{\"@type\":\"ImageObject\",\"url\":\"https:\\\/\\\/www.eldigitaldeasturias.com\\\/noticias\\\/wp-content\\\/uploads\\\/2020\\\/12\\\/EDA.jpg\",\"@id\":\"https:\\\/\\\/www.eldigitaldeasturias.com\\\/noticias\\\/la-feria-comercial-expocomer-de-panama-contara-con-la-participacion-de-40-paises\\\/#organizationLogo\"},\"image\":{\"@id\":\"https:\\\/\\\/www.eldigitaldeasturias.com\\\/noticias\\\/la-feria-comercial-expocomer-de-panama-contara-con-la-participacion-de-40-paises\\\/#organizationLogo\"},\"sameAs\":[\"https:\\\/\\\/facebook.com\\\/eldigitaldeasturias\",\"https:\\\/\\\/www.youtube.com\\\/channel\\\/UCZP-2wLEB9Rv6erhFmqVnvg\"],\"address\":{\"@id\":\"https:\\\/\\\/www.eldigitaldeasturias.com\\\/noticias\\\/#postaladdress\",\"@type\":\"PostalAddress\",\"streetAddress\":\"san antonio 4\",\"postalCode\":\"33430\",\"addressLocality\":\"Cand\\u00e1s\",\"addressRegion\":\"Asturias\",\"addressCountry\":\"ES\"}},{\"@type\":\"Person\",\"@id\":\"https:\\\/\\\/www.eldigitaldeasturias.com\\\/noticias\\\/author\\\/admin\\\/#author\",\"url\":\"https:\\\/\\\/www.eldigitaldeasturias.com\\\/noticias\\\/author\\\/admin\\\/\",\"name\":\"El Digital de Asturias\",\"image\":{\"@type\":\"ImageObject\",\"@id\":\"https:\\\/\\\/www.eldigitaldeasturias.com\\\/noticias\\\/la-feria-comercial-expocomer-de-panama-contara-con-la-participacion-de-40-paises\\\/#authorImage\",\"url\":\"https:\\\/\\\/secure.gravatar.com\\\/avatar\\\/df2aeffc32bcd13f8d26072ef8a91b623d677766deac7f97ca815868cd41bf5e?s=96&d=mm&r=g\",\"width\":96,\"height\":96,\"caption\":\"El Digital de Asturias\"}},{\"@type\":\"WebPage\",\"@id\":\"https:\\\/\\\/www.eldigitaldeasturias.com\\\/noticias\\\/la-feria-comercial-expocomer-de-panama-contara-con-la-participacion-de-40-paises\\\/#webpage\",\"url\":\"https:\\\/\\\/www.eldigitaldeasturias.com\\\/noticias\\\/la-feria-comercial-expocomer-de-panama-contara-con-la-participacion-de-40-paises\\\/\",\"name\":\"La feria comercial Expocomer de Panam\\u00e1 contar\\u00e1 con la participaci\\u00f3n de 40 pa\\u00edses - El Digital de Asturias\",\"description\":\"Lima, 5 feb (EFE).- La feria comercial Expocomer de Panam\\u00e1, que celebrar\\u00e1 su trig\\u00e9simo segunda edici\\u00f3n en marzo, contar\\u00e1 con la participaci\\u00f3n de 40 pa\\u00edses y acoger\\u00e1 la primera rueda internacional de negocios, dijeron hoy a Efe en Lima fuentes de la organizaci\\u00f3n del evento. En esta edici\\u00f3n de Expocomer, que tendr\\u00e1 lugar del 26\",\"inLanguage\":\"es-ES\",\"isPartOf\":{\"@id\":\"https:\\\/\\\/www.eldigitaldeasturias.com\\\/noticias\\\/#website\"},\"breadcrumb\":{\"@id\":\"https:\\\/\\\/www.eldigitaldeasturias.com\\\/noticias\\\/la-feria-comercial-expocomer-de-panama-contara-con-la-participacion-de-40-paises\\\/#breadcrumblist\"},\"author\":{\"@id\":\"https:\\\/\\\/www.eldigitaldeasturias.com\\\/noticias\\\/author\\\/admin\\\/#author\"},\"creator\":{\"@id\":\"https:\\\/\\\/www.eldigitaldeasturias.com\\\/noticias\\\/author\\\/admin\\\/#author\"},\"image\":{\"@type\":\"ImageObject\",\"url\":484827,\"@id\":\"https:\\\/\\\/www.eldigitaldeasturias.com\\\/noticias\\\/la-feria-comercial-expocomer-de-panama-contara-con-la-participacion-de-40-paises\\\/#mainImage\"},\"primaryImageOfPage\":{\"@id\":\"https:\\\/\\\/www.eldigitaldeasturias.com\\\/noticias\\\/la-feria-comercial-expocomer-de-panama-contara-con-la-participacion-de-40-paises\\\/#mainImage\"},\"datePublished\":\"2014-02-06T03:55:46+01:00\",\"dateModified\":\"2014-02-06T03:55:46+01:00\"},{\"@type\":\"WebSite\",\"@id\":\"https:\\\/\\\/www.eldigitaldeasturias.com\\\/noticias\\\/#website\",\"url\":\"https:\\\/\\\/www.eldigitaldeasturias.com\\\/noticias\\\/\",\"name\":\"El Digital de Asturias - Diario de actualidad y noticias\",\"alternateName\":\"El Digital de Asturias - Diario de actualidad y noticias\",\"description\":\"Hemeroteca\",\"inLanguage\":\"es-ES\",\"publisher\":{\"@id\":\"https:\\\/\\\/www.eldigitaldeasturias.com\\\/noticias\\\/#organization\"}}]}\n\t\t<\/script>\n\t\t<!-- All in One SEO Pro -->\r\n\t\t<title>La feria comercial Expocomer de Panam\u00e1 contar\u00e1 con la participaci\u00f3n de 40 pa\u00edses - El Digital de Asturias<\/title>\n\n","aioseo_head_json":{"title":"La feria comercial Expocomer de Panam\u00e1 contar\u00e1 con la participaci\u00f3n de 40 pa\u00edses - El Digital de Asturias","description":"Lima, 5 feb (EFE).- La feria comercial Expocomer de Panam\u00e1, que celebrar\u00e1 su trig\u00e9simo segunda edici\u00f3n en marzo, contar\u00e1 con la participaci\u00f3n de 40 pa\u00edses y acoger\u00e1 la primera rueda internacional de negocios, dijeron hoy a Efe en Lima fuentes de la organizaci\u00f3n del evento. En esta edici\u00f3n de Expocomer, que tendr\u00e1 lugar del 26","canonical_url":"https:\/\/www.eldigitaldeasturias.com\/noticias\/la-feria-comercial-expocomer-de-panama-contara-con-la-participacion-de-40-paises\/","robots":"max-image-preview:large","keywords":"actualidad","webmasterTools":{"google-site-verification":"UA-38556648-1","msvalidate.01":"7dfe9f3f1b24437ab69f4f2559babe99","miscellaneous":""},"schema":{"@context":"https:\/\/schema.org","@graph":[{"@type":"BlogPosting","@id":"https:\/\/www.eldigitaldeasturias.com\/noticias\/la-feria-comercial-expocomer-de-panama-contara-con-la-participacion-de-40-paises\/#blogposting","name":"La feria comercial Expocomer de Panam\u00e1 contar\u00e1 con la participaci\u00f3n de 40 pa\u00edses - El Digital de Asturias","headline":"La feria comercial Expocomer de Panam\u00e1 contar\u00e1 con la participaci\u00f3n de 40 pa\u00edses","author":{"@id":"https:\/\/www.eldigitaldeasturias.com\/noticias\/author\/admin\/#author"},"publisher":{"@id":"https:\/\/www.eldigitaldeasturias.com\/noticias\/#organization"},"image":{"@type":"ImageObject","url":484827},"datePublished":"2014-02-06T03:55:46+01:00","dateModified":"2014-02-06T03:55:46+01:00","inLanguage":"es-ES","mainEntityOfPage":{"@id":"https:\/\/www.eldigitaldeasturias.com\/noticias\/la-feria-comercial-expocomer-de-panama-contara-con-la-participacion-de-40-paises\/#webpage"},"isPartOf":{"@id":"https:\/\/www.eldigitaldeasturias.com\/noticias\/la-feria-comercial-expocomer-de-panama-contara-con-la-participacion-de-40-paises\/#webpage"},"articleSection":"Actualidad"},{"@type":"BreadcrumbList","@id":"https:\/\/www.eldigitaldeasturias.com\/noticias\/la-feria-comercial-expocomer-de-panama-contara-con-la-participacion-de-40-paises\/#breadcrumblist","itemListElement":[{"@type":"ListItem","@id":"https:\/\/www.eldigitaldeasturias.com\/noticias#listItem","position":1,"name":"Home","item":"https:\/\/www.eldigitaldeasturias.com\/noticias","nextItem":{"@type":"ListItem","@id":"https:\/\/www.eldigitaldeasturias.com\/noticias\/category\/actualidad\/#listItem","name":"Actualidad"}},{"@type":"ListItem","@id":"https:\/\/www.eldigitaldeasturias.com\/noticias\/category\/actualidad\/#listItem","position":2,"name":"Actualidad","item":"https:\/\/www.eldigitaldeasturias.com\/noticias\/category\/actualidad\/","nextItem":{"@type":"ListItem","@id":"https:\/\/www.eldigitaldeasturias.com\/noticias\/la-feria-comercial-expocomer-de-panama-contara-con-la-participacion-de-40-paises\/#listItem","name":"La feria comercial Expocomer de Panam\u00e1 contar\u00e1 con la participaci\u00f3n de 40 pa\u00edses"},"previousItem":{"@type":"ListItem","@id":"https:\/\/www.eldigitaldeasturias.com\/noticias#listItem","name":"Home"}},{"@type":"ListItem","@id":"https:\/\/www.eldigitaldeasturias.com\/noticias\/la-feria-comercial-expocomer-de-panama-contara-con-la-participacion-de-40-paises\/#listItem","position":3,"name":"La feria comercial Expocomer de Panam\u00e1 contar\u00e1 con la participaci\u00f3n de 40 pa\u00edses","previousItem":{"@type":"ListItem","@id":"https:\/\/www.eldigitaldeasturias.com\/noticias\/category\/actualidad\/#listItem","name":"Actualidad"}}]},{"@type":"Organization","@id":"https:\/\/www.eldigitaldeasturias.com\/noticias\/#organization","name":"El Digital de Asturias","description":"Hemeroteca","url":"https:\/\/www.eldigitaldeasturias.com\/noticias\/","email":"info@eldigitaldeasturias.com","telephone":"+34652131393","logo":{"@type":"ImageObject","url":"https:\/\/www.eldigitaldeasturias.com\/noticias\/wp-content\/uploads\/2020\/12\/EDA.jpg","@id":"https:\/\/www.eldigitaldeasturias.com\/noticias\/la-feria-comercial-expocomer-de-panama-contara-con-la-participacion-de-40-paises\/#organizationLogo"},"image":{"@id":"https:\/\/www.eldigitaldeasturias.com\/noticias\/la-feria-comercial-expocomer-de-panama-contara-con-la-participacion-de-40-paises\/#organizationLogo"},"sameAs":["https:\/\/facebook.com\/eldigitaldeasturias","https:\/\/www.youtube.com\/channel\/UCZP-2wLEB9Rv6erhFmqVnvg"],"address":{"@id":"https:\/\/www.eldigitaldeasturias.com\/noticias\/#postaladdress","@type":"PostalAddress","streetAddress":"san antonio 4","postalCode":"33430","addressLocality":"Cand\u00e1s","addressRegion":"Asturias","addressCountry":"ES"}},{"@type":"Person","@id":"https:\/\/www.eldigitaldeasturias.com\/noticias\/author\/admin\/#author","url":"https:\/\/www.eldigitaldeasturias.com\/noticias\/author\/admin\/","name":"El Digital de Asturias","image":{"@type":"ImageObject","@id":"https:\/\/www.eldigitaldeasturias.com\/noticias\/la-feria-comercial-expocomer-de-panama-contara-con-la-participacion-de-40-paises\/#authorImage","url":"https:\/\/secure.gravatar.com\/avatar\/df2aeffc32bcd13f8d26072ef8a91b623d677766deac7f97ca815868cd41bf5e?s=96&d=mm&r=g","width":96,"height":96,"caption":"El Digital de Asturias"}},{"@type":"WebPage","@id":"https:\/\/www.eldigitaldeasturias.com\/noticias\/la-feria-comercial-expocomer-de-panama-contara-con-la-participacion-de-40-paises\/#webpage","url":"https:\/\/www.eldigitaldeasturias.com\/noticias\/la-feria-comercial-expocomer-de-panama-contara-con-la-participacion-de-40-paises\/","name":"La feria comercial Expocomer de Panam\u00e1 contar\u00e1 con la participaci\u00f3n de 40 pa\u00edses - El Digital de Asturias","description":"Lima, 5 feb (EFE).- La feria comercial Expocomer de Panam\u00e1, que celebrar\u00e1 su trig\u00e9simo segunda edici\u00f3n en marzo, contar\u00e1 con la participaci\u00f3n de 40 pa\u00edses y acoger\u00e1 la primera rueda internacional de negocios, dijeron hoy a Efe en Lima fuentes de la organizaci\u00f3n del evento. En esta edici\u00f3n de Expocomer, que tendr\u00e1 lugar del 26","inLanguage":"es-ES","isPartOf":{"@id":"https:\/\/www.eldigitaldeasturias.com\/noticias\/#website"},"breadcrumb":{"@id":"https:\/\/www.eldigitaldeasturias.com\/noticias\/la-feria-comercial-expocomer-de-panama-contara-con-la-participacion-de-40-paises\/#breadcrumblist"},"author":{"@id":"https:\/\/www.eldigitaldeasturias.com\/noticias\/author\/admin\/#author"},"creator":{"@id":"https:\/\/www.eldigitaldeasturias.com\/noticias\/author\/admin\/#author"},"image":{"@type":"ImageObject","url":484827,"@id":"https:\/\/www.eldigitaldeasturias.com\/noticias\/la-feria-comercial-expocomer-de-panama-contara-con-la-participacion-de-40-paises\/#mainImage"},"primaryImageOfPage":{"@id":"https:\/\/www.eldigitaldeasturias.com\/noticias\/la-feria-comercial-expocomer-de-panama-contara-con-la-participacion-de-40-paises\/#mainImage"},"datePublished":"2014-02-06T03:55:46+01:00","dateModified":"2014-02-06T03:55:46+01:00"},{"@type":"WebSite","@id":"https:\/\/www.eldigitaldeasturias.com\/noticias\/#website","url":"https:\/\/www.eldigitaldeasturias.com\/noticias\/","name":"El Digital de Asturias - Diario de actualidad y noticias","alternateName":"El Digital de Asturias - Diario de actualidad y noticias","description":"Hemeroteca","inLanguage":"es-ES","publisher":{"@id":"https:\/\/www.eldigitaldeasturias.com\/noticias\/#organization"}}]},"og:locale":"es_ES","og:site_name":"El Digital de Asturias","og:type":"article","og:title":"La feria comercial Expocomer de Panam\u00e1 contar\u00e1 con la participaci\u00f3n de 40 pa\u00edses - El Digital de Asturias","og:description":"Lima, 5 feb (EFE).- La feria comercial Expocomer de Panam\u00e1, que celebrar\u00e1 su trig\u00e9simo segunda edici\u00f3n en marzo, contar\u00e1 con la participaci\u00f3n de 40 pa\u00edses y acoger\u00e1 la primera rueda internacional de negocios, dijeron hoy a Efe en Lima fuentes de la organizaci\u00f3n del evento. En esta edici\u00f3n de Expocomer, que tendr\u00e1 lugar del 26","og:url":"https:\/\/www.eldigitaldeasturias.com\/noticias\/la-feria-comercial-expocomer-de-panama-contara-con-la-participacion-de-40-paises\/","article:tag":["actualidad"],"article:published_time":"2014-02-06T04:55:46+00:00","article:modified_time":"2014-02-06T04:55:46+00:00","article:publisher":"https:\/\/facebook.com\/eldigitaldeasturias","twitter:card":"summary_large_image","twitter:title":"La feria comercial Expocomer de Panam\u00e1 contar\u00e1 con la participaci\u00f3n de 40 pa\u00edses - El Digital de Asturias","twitter:description":"Lima, 5 feb (EFE).- La feria comercial Expocomer de Panam\u00e1, que celebrar\u00e1 su trig\u00e9simo segunda edici\u00f3n en marzo, contar\u00e1 con la participaci\u00f3n de 40 pa\u00edses y acoger\u00e1 la primera rueda internacional de negocios, dijeron hoy a Efe en Lima fuentes de la organizaci\u00f3n del evento. En esta edici\u00f3n de Expocomer, que tendr\u00e1 lugar del 26","twitter:label1":"Escrito por","twitter:data1":"El Digital de Asturias","twitter:label2":"Tiempo de lectura estimado","twitter:data2":"3 minutos"},"aioseo_meta_data":{"post_id":"484826","title":null,"description":null,"keywords":null,"keyphrases":null,"primary_term":null,"canonical_url":null,"og_title":null,"og_description":null,"og_object_type":"default","og_image_type":"default","og_image_url":null,"og_image_width":null,"og_image_height":null,"og_image_custom_url":null,"og_image_custom_fields":null,"og_video":null,"og_custom_url":null,"og_article_section":null,"og_article_tags":null,"twitter_use_og":true,"twitter_card":"default","twitter_image_type":"default","twitter_image_url":null,"twitter_image_custom_url":null,"twitter_image_custom_fields":null,"twitter_title":null,"twitter_description":null,"schema":{"blockGraphs":[],"customGraphs":[],"default":{"data":{"Article":[],"Course":[],"Dataset":[],"FAQPage":[],"Movie":[],"Person":[],"Product":[],"ProductReview":[],"Car":[],"Recipe":[],"Service":[],"SoftwareApplication":[],"WebPage":[]},"graphName":"","isEnabled":true},"graphs":[],"defaultGraph":"","defaultPostTypeGraph":""},"schema_type":null,"schema_type_options":null,"pillar_content":false,"robots_default":true,"robots_noindex":false,"robots_noarchive":false,"robots_nosnippet":false,"robots_nofollow":false,"robots_noimageindex":false,"robots_noodp":false,"robots_notranslate":false,"robots_max_snippet":null,"robots_max_videopreview":null,"robots_max_imagepreview":"none","priority":null,"frequency":null,"local_seo":null,"seo_analyzer_scan_date":"2026-06-02 17:24:44","breadcrumb_settings":null,"limit_modified_date":false,"open_ai":null,"ai":null,"created":"2020-11-14 22:55:07","updated":"2026-06-02 17:24:44","focus_keyword":null,"additional_keywords":null,"truseo_locale":null},"aioseo_breadcrumb":"<div class=\"aioseo-breadcrumbs\"><span class=\"aioseo-breadcrumb\">\n\t<a href=\"https:\/\/www.eldigitaldeasturias.com\/noticias\" title=\"Home\">Home<\/a>\n<\/span><span class=\"aioseo-breadcrumb-separator\">\u2013<\/span><span class=\"aioseo-breadcrumb\">\n\t<a href=\"https:\/\/www.eldigitaldeasturias.com\/noticias\/category\/actualidad\/\" title=\"Actualidad\">Actualidad<\/a>\n<\/span><span class=\"aioseo-breadcrumb-separator\">\u2013<\/span><span class=\"aioseo-breadcrumb\">\n\t<a href=\"https:\/\/www.eldigitaldeasturias.com\/noticias\/la-feria-comercial-expocomer-de-panama-contara-con-la-participacion-de-40-paises\/\" title=\"La feria comercial Expocomer de Panam\u00e1 contar\u00e1 con la participaci\u00f3n de 40 pa\u00edses\">La feria comercial Expocomer de Panam\u00e1 contar\u00e1 con la participaci\u00f3n de 40 pa\u00edses<\/a>\n<\/span><\/div>","aioseo_breadcrumb_json":[{"label":"Home","link":"https:\/\/www.eldigitaldeasturias.com\/noticias"},{"label":"Actualidad","link":"https:\/\/www.eldigitaldeasturias.com\/noticias\/category\/actualidad\/"},{"label":"La feria comercial Expocomer de Panam\u00e1 contar\u00e1 con la participaci\u00f3n de 40 pa\u00edses","link":"https:\/\/www.eldigitaldeasturias.com\/noticias\/la-feria-comercial-expocomer-de-panama-contara-con-la-participacion-de-40-paises\/"}],"_links":{"self":[{"href":"https:\/\/www.eldigitaldeasturias.com\/noticias\/wp-json\/wp\/v2\/posts\/484826","targetHints":{"allow":["GET"]}}],"collection":[{"href":"https:\/\/www.eldigitaldeasturias.com\/noticias\/wp-json\/wp\/v2\/posts"}],"about":[{"href":"https:\/\/www.eldigitaldeasturias.com\/noticias\/wp-json\/wp\/v2\/types\/post"}],"author":[{"embeddable":true,"href":"https:\/\/www.eldigitaldeasturias.com\/noticias\/wp-json\/wp\/v2\/users\/1"}],"replies":[{"embeddable":true,"href":"https:\/\/www.eldigitaldeasturias.com\/noticias\/wp-json\/wp\/v2\/comments?post=484826"}],"version-history":[{"count":0,"href":"https:\/\/www.eldigitaldeasturias.com\/noticias\/wp-json\/wp\/v2\/posts\/484826\/revisions"}],"wp:attachment":[{"href":"https:\/\/www.eldigitaldeasturias.com\/noticias\/wp-json\/wp\/v2\/media?parent=484826"}],"wp:term":[{"taxonomy":"category","embeddable":true,"href":"https:\/\/www.eldigitaldeasturias.com\/noticias\/wp-json\/wp\/v2\/categories?post=484826"},{"taxonomy":"post_tag","embeddable":true,"href":"https:\/\/www.eldigitaldeasturias.com\/noticias\/wp-json\/wp\/v2\/tags?post=484826"}],"curies":[{"name":"wp","href":"https:\/\/api.w.org\/{rel}","templated":true}]}}