{"id":484820,"date":"2014-02-06T03:53:21","date_gmt":"2014-02-06T04:53:21","guid":{"rendered":"http:\/\/www.eldigitaldeasturias.com\/noticias\/?p=484820"},"modified":"2014-02-06T03:53:21","modified_gmt":"2014-02-06T04:53:21","slug":"chile-y-peru-se-reunen-para-coordinar-aplicacion-del-fallo-de-la-haya","status":"publish","type":"post","link":"https:\/\/www.eldigitaldeasturias.com\/noticias\/chile-y-peru-se-reunen-para-coordinar-aplicacion-del-fallo-de-la-haya\/","title":{"rendered":"Chile y Per\u00fa se re\u00fanen para coordinar aplicaci\u00f3n del fallo de La Haya"},"content":{"rendered":"<p><img loading=\"lazy\" decoding=\"async\" class=\"alignleft size-medium wp-image-484821\" alt=\"5913370w\" src=\"https:\/\/www.eldigitaldeasturias.com\/noticias\/wp-content\/uploads\/2014\/02\/5913370w-360x239.jpg\" width=\"360\" height=\"239\" \/>Santiago de Chile, 5 feb (EFE).- Los ministros de Exteriores y Defensa de Chile y Per\u00fa se reunir\u00e1n este jueves en Santiago para coordinar la ejecuci\u00f3n del fallo de la Corte Internacional de Justicia de La Haya (CIJ) sobre los l\u00edmites mar\u00edtimos entre ambos pa\u00edses.<\/p>\n<p>El encuentro del mecanismo conocido como \u00ab2+2\u00bb tiene en agenda otros asuntos de la relaci\u00f3n bilateral, aunque la aplicaci\u00f3n de la sentencia de la CIJ ser\u00e1 el principal punto del orden del d\u00eda, seg\u00fan han confirmado autoridades de ambos pa\u00edses en los \u00faltimos d\u00edas.<\/p>\n<p>Los anfitriones de la cita ser\u00e1n el canciller de Chile, Alfredo Moreno, y el ministro de Defensa, Rodrigo Hinzpeter, mientras que por el lado peruano encabezar\u00e1n la delegaci\u00f3n Eda Rivas y Pedro Cateriano, ministros de Exteriores y Defensa, respectivamente.<\/p>\n<p>El Gobierno peruano ha se\u00f1alado esta semana que espera que la reuni\u00f3n sirva para definir las coordenadas cartogr\u00e1ficas del nuevo l\u00edmite mar\u00edtimo con Chile.<\/p>\n<p>En su fallo, la Corte de La Haya decidi\u00f3 el pasado 27 de enero mantener la frontera actual, por la l\u00ednea del paralelo, hasta las 80 millas, pero a partir de esa distancia y hasta las 200 millas traz\u00f3 una l\u00ednea equidistante y asign\u00f3 la exclusividad econ\u00f3mica del \u00e1rea, de unos 22.000 kil\u00f3metros cuadrados, a Per\u00fa.<\/p>\n<p>La CIJ, sin embargo, no especific\u00f3 las coordenadas exactas de la diagonal que unir\u00e1 el punto de las 80 millas en el paralelo con otro punto a 200 millas de la costa chilena, un trabajo t\u00e9cnico que se abordar\u00e1 en la reuni\u00f3n de este jueves.<\/p>\n<p>El ministro chileno del Interior, Andr\u00e9s Chadwick, dijo hoy que el objetivo del Ejecutivo es acordar con Per\u00fa \u00abde qu\u00e9 forma se va a ir implementando gradualmente el fallo\u00bb de la CIJ.<\/p>\n<p>Los dos Gobiernos, que discrepan ahora sobre la soberan\u00eda de una zona de 3,7 hect\u00e1reas de tierra que se encuentra entre el hito 1 y un punto conocido como Concordia, a la orilla del mar, han se\u00f1alado que en Santiago s\u00f3lo se conversar\u00e1 sobre la frontera mar\u00edtima.<\/p>\n<p>Chadwick asegur\u00f3 hoy que para Chile, seg\u00fan el tratado de 1929, est\u00e1 \u00ababsolutamente claro\u00bb que el l\u00edmite terrestre con Per\u00fa se encuentra en el hito 1, lo que en su opini\u00f3n, implica que el llamado tri\u00e1ngulo terrestre pertenece a su pa\u00eds.<\/p>\n<p>\u00abEn el derecho internacional est\u00e1 muy claro que donde se inicia el l\u00edmite mar\u00edtimo es donde termina el l\u00edmite terrestre\u00bb, dijo a los periodistas en el Palacio de La Moneda, sede del Ejecutivo.<\/p>\n<p>La comitiva peruana llegar\u00e1 a Santiago este mi\u00e9rcoles con una delegaci\u00f3n en la que se encuentran 15 funcionarios y altos mandos de las Fuerzas Armadas, seg\u00fan se\u00f1ala el diario La Tercera, que cita fuentes de la Canciller\u00eda peruana.<\/p>\n<p>Seg\u00fan el rotativo, el Gobierno chileno propondr\u00e1 la creaci\u00f3n de tres grupos de trabajo, uno dedicado a los aspectos jur\u00eddicos del fallo de la CIJ, otro que se encargue de los mecanismos para fortalecer la confianza mutua y una \u00faltima comisi\u00f3n t\u00e9cnica para fijar la coordenadas de la nueva frontera.<\/p>\n<p>El jefe del Comando Conjunto de las Fuerzas Armadas de Per\u00fa, Leonel Cabrera, en declaraciones publicadas hoy en Lima, afirm\u00f3 que el fallo de La Haya permitir\u00e1 a las Fuerzas Armadas de los dos pa\u00edses acometer de nuevo acciones conjuntas.<\/p>\n<p>\u00abNos permitir\u00e1 acercarnos mucho m\u00e1s, proyectarnos al desarrollo y enfrentar las nuevas amenazas que se presenten como el narcotr\u00e1fico, contrabando, pirater\u00eda, contaminaci\u00f3n del medioambiente, desastres naturales, entre otros\u00bb, subray\u00f3 al diario El Peruano.<\/p>\n","protected":false},"excerpt":{"rendered":"<p>Santiago de Chile, 5 feb (EFE).- Los ministros de Exteriores y Defensa de Chile y Per\u00fa se reunir\u00e1n este jueves en Santiago para coordinar la ejecuci\u00f3n del fallo de la Corte Internacional de Justicia de La Haya (CIJ) sobre los l\u00edmites mar\u00edtimos entre ambos pa\u00edses. El encuentro del mecanismo conocido como \u00ab2+2\u00bb tiene en agenda [&hellip;]<\/p>\n","protected":false},"author":1,"featured_media":484821,"comment_status":"closed","ping_status":"open","sticky":false,"template":"","format":"standard","meta":{"footnotes":""},"categories":[1],"tags":[],"class_list":["post-484820","post","type-post","status-publish","format-standard","has-post-thumbnail","hentry","category-actualidad"],"aioseo_notices":[],"aioseo_head":"\n\t\t<!-- All in One SEO Pro 5.0.1 - aioseo.com -->\n\t<meta name=\"description\" content=\"Santiago de Chile, 5 feb (EFE).- Los ministros de Exteriores y Defensa de Chile y Per\u00fa se reunir\u00e1n este jueves en Santiago para coordinar la ejecuci\u00f3n del fallo de la Corte Internacional de Justicia de La Haya (CIJ) sobre los l\u00edmites mar\u00edtimos entre ambos pa\u00edses. El encuentro del mecanismo conocido como &quot;2+2&quot; tiene en agenda\" \/>\n\t<meta name=\"robots\" content=\"max-image-preview:large\" \/>\n\t<meta name=\"author\" content=\"El Digital de Asturias\"\/>\n\t<meta name=\"google-site-verification\" content=\"UA-38556648-1\" \/>\n\t<meta name=\"msvalidate.01\" content=\"7dfe9f3f1b24437ab69f4f2559babe99\" \/>\n\t<meta name=\"keywords\" content=\"actualidad\" \/>\n\t<link rel=\"canonical\" href=\"https:\/\/www.eldigitaldeasturias.com\/noticias\/chile-y-peru-se-reunen-para-coordinar-aplicacion-del-fallo-de-la-haya\/\" \/>\n\t<meta name=\"generator\" content=\"All in One SEO Pro (AIOSEO) 5.0.1\" \/>\n\t\t<meta property=\"og:locale\" content=\"es_ES\" \/>\n\t\t<meta property=\"og:site_name\" content=\"El Digital de Asturias\" \/>\n\t\t<meta property=\"og:type\" content=\"article\" \/>\n\t\t<meta property=\"og:title\" content=\"Chile y Per\u00fa se re\u00fanen para coordinar aplicaci\u00f3n del fallo de La Haya - El Digital de Asturias\" \/>\n\t\t<meta property=\"og:description\" content=\"Santiago de Chile, 5 feb (EFE).- Los ministros de Exteriores y Defensa de Chile y Per\u00fa se reunir\u00e1n este jueves en Santiago para coordinar la ejecuci\u00f3n del fallo de la Corte Internacional de Justicia de La Haya (CIJ) sobre los l\u00edmites mar\u00edtimos entre ambos pa\u00edses. El encuentro del mecanismo conocido como &quot;2+2&quot; tiene en agenda\" \/>\n\t\t<meta property=\"og:url\" content=\"https:\/\/www.eldigitaldeasturias.com\/noticias\/chile-y-peru-se-reunen-para-coordinar-aplicacion-del-fallo-de-la-haya\/\" \/>\n\t\t<meta property=\"article:tag\" content=\"actualidad\" \/>\n\t\t<meta property=\"article:published_time\" content=\"2014-02-06T04:53:21+00:00\" \/>\n\t\t<meta property=\"article:modified_time\" content=\"2014-02-06T04:53:21+00:00\" \/>\n\t\t<meta property=\"article:publisher\" content=\"https:\/\/facebook.com\/eldigitaldeasturias\" \/>\n\t\t<meta name=\"twitter:card\" content=\"summary_large_image\" \/>\n\t\t<meta name=\"twitter:title\" content=\"Chile y Per\u00fa se re\u00fanen para coordinar aplicaci\u00f3n del fallo de La Haya - El Digital de Asturias\" \/>\n\t\t<meta name=\"twitter:description\" content=\"Santiago de Chile, 5 feb (EFE).- Los ministros de Exteriores y Defensa de Chile y Per\u00fa se reunir\u00e1n este jueves en Santiago para coordinar la ejecuci\u00f3n del fallo de la Corte Internacional de Justicia de La Haya (CIJ) sobre los l\u00edmites mar\u00edtimos entre ambos pa\u00edses. El encuentro del mecanismo conocido como &quot;2+2&quot; tiene en agenda\" \/>\n\t\t<meta name=\"twitter:label1\" content=\"Escrito por\" \/>\n\t\t<meta name=\"twitter:data1\" content=\"El Digital de Asturias\" \/>\n\t\t<meta name=\"twitter:label2\" content=\"Tiempo de lectura estimado\" \/>\n\t\t<meta name=\"twitter:data2\" content=\"3 minutos\" \/>\n\t\t<script type=\"application\/ld+json\" class=\"aioseo-schema\">\n\t\t\t{\"@context\":\"https:\\\/\\\/schema.org\",\"@graph\":[{\"@type\":\"BlogPosting\",\"@id\":\"https:\\\/\\\/www.eldigitaldeasturias.com\\\/noticias\\\/chile-y-peru-se-reunen-para-coordinar-aplicacion-del-fallo-de-la-haya\\\/#blogposting\",\"name\":\"Chile y Per\\u00fa se re\\u00fanen para coordinar aplicaci\\u00f3n del fallo de La Haya - El Digital de Asturias\",\"headline\":\"Chile y Per\\u00fa se re\\u00fanen para coordinar aplicaci\\u00f3n del fallo de La Haya\",\"author\":{\"@id\":\"https:\\\/\\\/www.eldigitaldeasturias.com\\\/noticias\\\/author\\\/admin\\\/#author\"},\"publisher\":{\"@id\":\"https:\\\/\\\/www.eldigitaldeasturias.com\\\/noticias\\\/#organization\"},\"image\":{\"@type\":\"ImageObject\",\"url\":484821},\"datePublished\":\"2014-02-06T03:53:21+01:00\",\"dateModified\":\"2014-02-06T03:53:21+01:00\",\"inLanguage\":\"es-ES\",\"mainEntityOfPage\":{\"@id\":\"https:\\\/\\\/www.eldigitaldeasturias.com\\\/noticias\\\/chile-y-peru-se-reunen-para-coordinar-aplicacion-del-fallo-de-la-haya\\\/#webpage\"},\"isPartOf\":{\"@id\":\"https:\\\/\\\/www.eldigitaldeasturias.com\\\/noticias\\\/chile-y-peru-se-reunen-para-coordinar-aplicacion-del-fallo-de-la-haya\\\/#webpage\"},\"articleSection\":\"Actualidad\"},{\"@type\":\"BreadcrumbList\",\"@id\":\"https:\\\/\\\/www.eldigitaldeasturias.com\\\/noticias\\\/chile-y-peru-se-reunen-para-coordinar-aplicacion-del-fallo-de-la-haya\\\/#breadcrumblist\",\"itemListElement\":[{\"@type\":\"ListItem\",\"@id\":\"https:\\\/\\\/www.eldigitaldeasturias.com\\\/noticias#listItem\",\"position\":1,\"name\":\"Home\",\"item\":\"https:\\\/\\\/www.eldigitaldeasturias.com\\\/noticias\",\"nextItem\":{\"@type\":\"ListItem\",\"@id\":\"https:\\\/\\\/www.eldigitaldeasturias.com\\\/noticias\\\/category\\\/actualidad\\\/#listItem\",\"name\":\"Actualidad\"}},{\"@type\":\"ListItem\",\"@id\":\"https:\\\/\\\/www.eldigitaldeasturias.com\\\/noticias\\\/category\\\/actualidad\\\/#listItem\",\"position\":2,\"name\":\"Actualidad\",\"item\":\"https:\\\/\\\/www.eldigitaldeasturias.com\\\/noticias\\\/category\\\/actualidad\\\/\",\"nextItem\":{\"@type\":\"ListItem\",\"@id\":\"https:\\\/\\\/www.eldigitaldeasturias.com\\\/noticias\\\/chile-y-peru-se-reunen-para-coordinar-aplicacion-del-fallo-de-la-haya\\\/#listItem\",\"name\":\"Chile y Per\\u00fa se re\\u00fanen para coordinar aplicaci\\u00f3n del fallo de La Haya\"},\"previousItem\":{\"@type\":\"ListItem\",\"@id\":\"https:\\\/\\\/www.eldigitaldeasturias.com\\\/noticias#listItem\",\"name\":\"Home\"}},{\"@type\":\"ListItem\",\"@id\":\"https:\\\/\\\/www.eldigitaldeasturias.com\\\/noticias\\\/chile-y-peru-se-reunen-para-coordinar-aplicacion-del-fallo-de-la-haya\\\/#listItem\",\"position\":3,\"name\":\"Chile y Per\\u00fa se re\\u00fanen para coordinar aplicaci\\u00f3n del fallo de La Haya\",\"previousItem\":{\"@type\":\"ListItem\",\"@id\":\"https:\\\/\\\/www.eldigitaldeasturias.com\\\/noticias\\\/category\\\/actualidad\\\/#listItem\",\"name\":\"Actualidad\"}}]},{\"@type\":\"Organization\",\"@id\":\"https:\\\/\\\/www.eldigitaldeasturias.com\\\/noticias\\\/#organization\",\"name\":\"El Digital de Asturias\",\"description\":\"Hemeroteca\",\"url\":\"https:\\\/\\\/www.eldigitaldeasturias.com\\\/noticias\\\/\",\"email\":\"info@eldigitaldeasturias.com\",\"telephone\":\"+34652131393\",\"logo\":{\"@type\":\"ImageObject\",\"url\":\"https:\\\/\\\/www.eldigitaldeasturias.com\\\/noticias\\\/wp-content\\\/uploads\\\/2020\\\/12\\\/EDA.jpg\",\"@id\":\"https:\\\/\\\/www.eldigitaldeasturias.com\\\/noticias\\\/chile-y-peru-se-reunen-para-coordinar-aplicacion-del-fallo-de-la-haya\\\/#organizationLogo\"},\"image\":{\"@id\":\"https:\\\/\\\/www.eldigitaldeasturias.com\\\/noticias\\\/chile-y-peru-se-reunen-para-coordinar-aplicacion-del-fallo-de-la-haya\\\/#organizationLogo\"},\"sameAs\":[\"https:\\\/\\\/facebook.com\\\/eldigitaldeasturias\",\"https:\\\/\\\/www.youtube.com\\\/channel\\\/UCZP-2wLEB9Rv6erhFmqVnvg\"],\"address\":{\"@id\":\"https:\\\/\\\/www.eldigitaldeasturias.com\\\/noticias\\\/#postaladdress\",\"@type\":\"PostalAddress\",\"streetAddress\":\"san antonio 4\",\"postalCode\":\"33430\",\"addressLocality\":\"Cand\\u00e1s\",\"addressRegion\":\"Asturias\",\"addressCountry\":\"ES\"}},{\"@type\":\"Person\",\"@id\":\"https:\\\/\\\/www.eldigitaldeasturias.com\\\/noticias\\\/author\\\/admin\\\/#author\",\"url\":\"https:\\\/\\\/www.eldigitaldeasturias.com\\\/noticias\\\/author\\\/admin\\\/\",\"name\":\"El Digital de Asturias\",\"image\":{\"@type\":\"ImageObject\",\"@id\":\"https:\\\/\\\/www.eldigitaldeasturias.com\\\/noticias\\\/chile-y-peru-se-reunen-para-coordinar-aplicacion-del-fallo-de-la-haya\\\/#authorImage\",\"url\":\"https:\\\/\\\/secure.gravatar.com\\\/avatar\\\/df2aeffc32bcd13f8d26072ef8a91b623d677766deac7f97ca815868cd41bf5e?s=96&d=mm&r=g\",\"width\":96,\"height\":96,\"caption\":\"El Digital de Asturias\"}},{\"@type\":\"WebPage\",\"@id\":\"https:\\\/\\\/www.eldigitaldeasturias.com\\\/noticias\\\/chile-y-peru-se-reunen-para-coordinar-aplicacion-del-fallo-de-la-haya\\\/#webpage\",\"url\":\"https:\\\/\\\/www.eldigitaldeasturias.com\\\/noticias\\\/chile-y-peru-se-reunen-para-coordinar-aplicacion-del-fallo-de-la-haya\\\/\",\"name\":\"Chile y Per\\u00fa se re\\u00fanen para coordinar aplicaci\\u00f3n del fallo de La Haya - El Digital de Asturias\",\"description\":\"Santiago de Chile, 5 feb (EFE).- Los ministros de Exteriores y Defensa de Chile y Per\\u00fa se reunir\\u00e1n este jueves en Santiago para coordinar la ejecuci\\u00f3n del fallo de la Corte Internacional de Justicia de La Haya (CIJ) sobre los l\\u00edmites mar\\u00edtimos entre ambos pa\\u00edses. El encuentro del mecanismo conocido como \\\"2+2\\\" tiene en agenda\",\"inLanguage\":\"es-ES\",\"isPartOf\":{\"@id\":\"https:\\\/\\\/www.eldigitaldeasturias.com\\\/noticias\\\/#website\"},\"breadcrumb\":{\"@id\":\"https:\\\/\\\/www.eldigitaldeasturias.com\\\/noticias\\\/chile-y-peru-se-reunen-para-coordinar-aplicacion-del-fallo-de-la-haya\\\/#breadcrumblist\"},\"author\":{\"@id\":\"https:\\\/\\\/www.eldigitaldeasturias.com\\\/noticias\\\/author\\\/admin\\\/#author\"},\"creator\":{\"@id\":\"https:\\\/\\\/www.eldigitaldeasturias.com\\\/noticias\\\/author\\\/admin\\\/#author\"},\"image\":{\"@type\":\"ImageObject\",\"url\":484821,\"@id\":\"https:\\\/\\\/www.eldigitaldeasturias.com\\\/noticias\\\/chile-y-peru-se-reunen-para-coordinar-aplicacion-del-fallo-de-la-haya\\\/#mainImage\"},\"primaryImageOfPage\":{\"@id\":\"https:\\\/\\\/www.eldigitaldeasturias.com\\\/noticias\\\/chile-y-peru-se-reunen-para-coordinar-aplicacion-del-fallo-de-la-haya\\\/#mainImage\"},\"datePublished\":\"2014-02-06T03:53:21+01:00\",\"dateModified\":\"2014-02-06T03:53:21+01:00\"},{\"@type\":\"WebSite\",\"@id\":\"https:\\\/\\\/www.eldigitaldeasturias.com\\\/noticias\\\/#website\",\"url\":\"https:\\\/\\\/www.eldigitaldeasturias.com\\\/noticias\\\/\",\"name\":\"El Digital de Asturias - Diario de actualidad y noticias\",\"alternateName\":\"El Digital de Asturias - Diario de actualidad y noticias\",\"description\":\"Hemeroteca\",\"inLanguage\":\"es-ES\",\"publisher\":{\"@id\":\"https:\\\/\\\/www.eldigitaldeasturias.com\\\/noticias\\\/#organization\"}}]}\n\t\t<\/script>\n\t\t<!-- All in One SEO Pro -->\r\n\t\t<title>Chile y Per\u00fa se re\u00fanen para coordinar aplicaci\u00f3n del fallo de La Haya - El Digital de Asturias<\/title>\n\n","aioseo_head_json":{"title":"Chile y Per\u00fa se re\u00fanen para coordinar aplicaci\u00f3n del fallo de La Haya - El Digital de Asturias","description":"Santiago de Chile, 5 feb (EFE).- Los ministros de Exteriores y Defensa de Chile y Per\u00fa se reunir\u00e1n este jueves en Santiago para coordinar la ejecuci\u00f3n del fallo de la Corte Internacional de Justicia de La Haya (CIJ) sobre los l\u00edmites mar\u00edtimos entre ambos pa\u00edses. El encuentro del mecanismo conocido como \"2+2\" tiene en agenda","canonical_url":"https:\/\/www.eldigitaldeasturias.com\/noticias\/chile-y-peru-se-reunen-para-coordinar-aplicacion-del-fallo-de-la-haya\/","robots":"max-image-preview:large","keywords":"actualidad","webmasterTools":{"google-site-verification":"UA-38556648-1","msvalidate.01":"7dfe9f3f1b24437ab69f4f2559babe99","miscellaneous":""},"schema":{"@context":"https:\/\/schema.org","@graph":[{"@type":"BlogPosting","@id":"https:\/\/www.eldigitaldeasturias.com\/noticias\/chile-y-peru-se-reunen-para-coordinar-aplicacion-del-fallo-de-la-haya\/#blogposting","name":"Chile y Per\u00fa se re\u00fanen para coordinar aplicaci\u00f3n del fallo de La Haya - El Digital de Asturias","headline":"Chile y Per\u00fa se re\u00fanen para coordinar aplicaci\u00f3n del fallo de La Haya","author":{"@id":"https:\/\/www.eldigitaldeasturias.com\/noticias\/author\/admin\/#author"},"publisher":{"@id":"https:\/\/www.eldigitaldeasturias.com\/noticias\/#organization"},"image":{"@type":"ImageObject","url":484821},"datePublished":"2014-02-06T03:53:21+01:00","dateModified":"2014-02-06T03:53:21+01:00","inLanguage":"es-ES","mainEntityOfPage":{"@id":"https:\/\/www.eldigitaldeasturias.com\/noticias\/chile-y-peru-se-reunen-para-coordinar-aplicacion-del-fallo-de-la-haya\/#webpage"},"isPartOf":{"@id":"https:\/\/www.eldigitaldeasturias.com\/noticias\/chile-y-peru-se-reunen-para-coordinar-aplicacion-del-fallo-de-la-haya\/#webpage"},"articleSection":"Actualidad"},{"@type":"BreadcrumbList","@id":"https:\/\/www.eldigitaldeasturias.com\/noticias\/chile-y-peru-se-reunen-para-coordinar-aplicacion-del-fallo-de-la-haya\/#breadcrumblist","itemListElement":[{"@type":"ListItem","@id":"https:\/\/www.eldigitaldeasturias.com\/noticias#listItem","position":1,"name":"Home","item":"https:\/\/www.eldigitaldeasturias.com\/noticias","nextItem":{"@type":"ListItem","@id":"https:\/\/www.eldigitaldeasturias.com\/noticias\/category\/actualidad\/#listItem","name":"Actualidad"}},{"@type":"ListItem","@id":"https:\/\/www.eldigitaldeasturias.com\/noticias\/category\/actualidad\/#listItem","position":2,"name":"Actualidad","item":"https:\/\/www.eldigitaldeasturias.com\/noticias\/category\/actualidad\/","nextItem":{"@type":"ListItem","@id":"https:\/\/www.eldigitaldeasturias.com\/noticias\/chile-y-peru-se-reunen-para-coordinar-aplicacion-del-fallo-de-la-haya\/#listItem","name":"Chile y Per\u00fa se re\u00fanen para coordinar aplicaci\u00f3n del fallo de La Haya"},"previousItem":{"@type":"ListItem","@id":"https:\/\/www.eldigitaldeasturias.com\/noticias#listItem","name":"Home"}},{"@type":"ListItem","@id":"https:\/\/www.eldigitaldeasturias.com\/noticias\/chile-y-peru-se-reunen-para-coordinar-aplicacion-del-fallo-de-la-haya\/#listItem","position":3,"name":"Chile y Per\u00fa se re\u00fanen para coordinar aplicaci\u00f3n del fallo de La Haya","previousItem":{"@type":"ListItem","@id":"https:\/\/www.eldigitaldeasturias.com\/noticias\/category\/actualidad\/#listItem","name":"Actualidad"}}]},{"@type":"Organization","@id":"https:\/\/www.eldigitaldeasturias.com\/noticias\/#organization","name":"El Digital de Asturias","description":"Hemeroteca","url":"https:\/\/www.eldigitaldeasturias.com\/noticias\/","email":"info@eldigitaldeasturias.com","telephone":"+34652131393","logo":{"@type":"ImageObject","url":"https:\/\/www.eldigitaldeasturias.com\/noticias\/wp-content\/uploads\/2020\/12\/EDA.jpg","@id":"https:\/\/www.eldigitaldeasturias.com\/noticias\/chile-y-peru-se-reunen-para-coordinar-aplicacion-del-fallo-de-la-haya\/#organizationLogo"},"image":{"@id":"https:\/\/www.eldigitaldeasturias.com\/noticias\/chile-y-peru-se-reunen-para-coordinar-aplicacion-del-fallo-de-la-haya\/#organizationLogo"},"sameAs":["https:\/\/facebook.com\/eldigitaldeasturias","https:\/\/www.youtube.com\/channel\/UCZP-2wLEB9Rv6erhFmqVnvg"],"address":{"@id":"https:\/\/www.eldigitaldeasturias.com\/noticias\/#postaladdress","@type":"PostalAddress","streetAddress":"san antonio 4","postalCode":"33430","addressLocality":"Cand\u00e1s","addressRegion":"Asturias","addressCountry":"ES"}},{"@type":"Person","@id":"https:\/\/www.eldigitaldeasturias.com\/noticias\/author\/admin\/#author","url":"https:\/\/www.eldigitaldeasturias.com\/noticias\/author\/admin\/","name":"El Digital de Asturias","image":{"@type":"ImageObject","@id":"https:\/\/www.eldigitaldeasturias.com\/noticias\/chile-y-peru-se-reunen-para-coordinar-aplicacion-del-fallo-de-la-haya\/#authorImage","url":"https:\/\/secure.gravatar.com\/avatar\/df2aeffc32bcd13f8d26072ef8a91b623d677766deac7f97ca815868cd41bf5e?s=96&d=mm&r=g","width":96,"height":96,"caption":"El Digital de Asturias"}},{"@type":"WebPage","@id":"https:\/\/www.eldigitaldeasturias.com\/noticias\/chile-y-peru-se-reunen-para-coordinar-aplicacion-del-fallo-de-la-haya\/#webpage","url":"https:\/\/www.eldigitaldeasturias.com\/noticias\/chile-y-peru-se-reunen-para-coordinar-aplicacion-del-fallo-de-la-haya\/","name":"Chile y Per\u00fa se re\u00fanen para coordinar aplicaci\u00f3n del fallo de La Haya - El Digital de Asturias","description":"Santiago de Chile, 5 feb (EFE).- Los ministros de Exteriores y Defensa de Chile y Per\u00fa se reunir\u00e1n este jueves en Santiago para coordinar la ejecuci\u00f3n del fallo de la Corte Internacional de Justicia de La Haya (CIJ) sobre los l\u00edmites mar\u00edtimos entre ambos pa\u00edses. El encuentro del mecanismo conocido como \"2+2\" tiene en agenda","inLanguage":"es-ES","isPartOf":{"@id":"https:\/\/www.eldigitaldeasturias.com\/noticias\/#website"},"breadcrumb":{"@id":"https:\/\/www.eldigitaldeasturias.com\/noticias\/chile-y-peru-se-reunen-para-coordinar-aplicacion-del-fallo-de-la-haya\/#breadcrumblist"},"author":{"@id":"https:\/\/www.eldigitaldeasturias.com\/noticias\/author\/admin\/#author"},"creator":{"@id":"https:\/\/www.eldigitaldeasturias.com\/noticias\/author\/admin\/#author"},"image":{"@type":"ImageObject","url":484821,"@id":"https:\/\/www.eldigitaldeasturias.com\/noticias\/chile-y-peru-se-reunen-para-coordinar-aplicacion-del-fallo-de-la-haya\/#mainImage"},"primaryImageOfPage":{"@id":"https:\/\/www.eldigitaldeasturias.com\/noticias\/chile-y-peru-se-reunen-para-coordinar-aplicacion-del-fallo-de-la-haya\/#mainImage"},"datePublished":"2014-02-06T03:53:21+01:00","dateModified":"2014-02-06T03:53:21+01:00"},{"@type":"WebSite","@id":"https:\/\/www.eldigitaldeasturias.com\/noticias\/#website","url":"https:\/\/www.eldigitaldeasturias.com\/noticias\/","name":"El Digital de Asturias - Diario de actualidad y noticias","alternateName":"El Digital de Asturias - Diario de actualidad y noticias","description":"Hemeroteca","inLanguage":"es-ES","publisher":{"@id":"https:\/\/www.eldigitaldeasturias.com\/noticias\/#organization"}}]},"og:locale":"es_ES","og:site_name":"El Digital de Asturias","og:type":"article","og:title":"Chile y Per\u00fa se re\u00fanen para coordinar aplicaci\u00f3n del fallo de La Haya - El Digital de Asturias","og:description":"Santiago de Chile, 5 feb (EFE).- Los ministros de Exteriores y Defensa de Chile y Per\u00fa se reunir\u00e1n este jueves en Santiago para coordinar la ejecuci\u00f3n del fallo de la Corte Internacional de Justicia de La Haya (CIJ) sobre los l\u00edmites mar\u00edtimos entre ambos pa\u00edses. El encuentro del mecanismo conocido como &quot;2+2&quot; tiene en agenda","og:url":"https:\/\/www.eldigitaldeasturias.com\/noticias\/chile-y-peru-se-reunen-para-coordinar-aplicacion-del-fallo-de-la-haya\/","article:tag":["actualidad"],"article:published_time":"2014-02-06T04:53:21+00:00","article:modified_time":"2014-02-06T04:53:21+00:00","article:publisher":"https:\/\/facebook.com\/eldigitaldeasturias","twitter:card":"summary_large_image","twitter:title":"Chile y Per\u00fa se re\u00fanen para coordinar aplicaci\u00f3n del fallo de La Haya - El Digital de Asturias","twitter:description":"Santiago de Chile, 5 feb (EFE).- Los ministros de Exteriores y Defensa de Chile y Per\u00fa se reunir\u00e1n este jueves en Santiago para coordinar la ejecuci\u00f3n del fallo de la Corte Internacional de Justicia de La Haya (CIJ) sobre los l\u00edmites mar\u00edtimos entre ambos pa\u00edses. El encuentro del mecanismo conocido como &quot;2+2&quot; tiene en agenda","twitter:label1":"Escrito por","twitter:data1":"El Digital de Asturias","twitter:label2":"Tiempo de lectura estimado","twitter:data2":"3 minutos"},"aioseo_meta_data":{"post_id":"484820","title":null,"description":null,"keywords":null,"keyphrases":null,"primary_term":null,"canonical_url":null,"og_title":null,"og_description":null,"og_object_type":"default","og_image_type":"default","og_image_url":null,"og_image_width":null,"og_image_height":null,"og_image_custom_url":null,"og_image_custom_fields":null,"og_video":null,"og_custom_url":null,"og_article_section":null,"og_article_tags":null,"twitter_use_og":true,"twitter_card":"default","twitter_image_type":"default","twitter_image_url":null,"twitter_image_custom_url":null,"twitter_image_custom_fields":null,"twitter_title":null,"twitter_description":null,"schema":{"blockGraphs":[],"customGraphs":[],"default":{"data":{"Article":[],"Course":[],"Dataset":[],"FAQPage":[],"Movie":[],"Person":[],"Product":[],"ProductReview":[],"Car":[],"Recipe":[],"Service":[],"SoftwareApplication":[],"WebPage":[]},"graphName":"","isEnabled":true},"graphs":[],"defaultGraph":"","defaultPostTypeGraph":""},"schema_type":null,"schema_type_options":null,"pillar_content":false,"robots_default":true,"robots_noindex":false,"robots_noarchive":false,"robots_nosnippet":false,"robots_nofollow":false,"robots_noimageindex":false,"robots_noodp":false,"robots_notranslate":false,"robots_max_snippet":null,"robots_max_videopreview":null,"robots_max_imagepreview":"none","priority":null,"frequency":null,"local_seo":null,"seo_analyzer_scan_date":"2026-06-02 17:24:43","breadcrumb_settings":null,"limit_modified_date":false,"open_ai":null,"ai":null,"created":"2020-11-14 22:55:07","updated":"2026-06-02 17:24:43","focus_keyword":null,"additional_keywords":null,"truseo_locale":null},"aioseo_breadcrumb":"<div class=\"aioseo-breadcrumbs\"><span class=\"aioseo-breadcrumb\">\n\t<a href=\"https:\/\/www.eldigitaldeasturias.com\/noticias\" title=\"Home\">Home<\/a>\n<\/span><span class=\"aioseo-breadcrumb-separator\">\u2013<\/span><span class=\"aioseo-breadcrumb\">\n\t<a href=\"https:\/\/www.eldigitaldeasturias.com\/noticias\/category\/actualidad\/\" title=\"Actualidad\">Actualidad<\/a>\n<\/span><span class=\"aioseo-breadcrumb-separator\">\u2013<\/span><span class=\"aioseo-breadcrumb\">\n\t<a href=\"https:\/\/www.eldigitaldeasturias.com\/noticias\/chile-y-peru-se-reunen-para-coordinar-aplicacion-del-fallo-de-la-haya\/\" title=\"Chile y Per\u00fa se re\u00fanen para coordinar aplicaci\u00f3n del fallo de La Haya\">Chile y Per\u00fa se re\u00fanen para coordinar aplicaci\u00f3n del fallo de La Haya<\/a>\n<\/span><\/div>","aioseo_breadcrumb_json":[{"label":"Home","link":"https:\/\/www.eldigitaldeasturias.com\/noticias"},{"label":"Actualidad","link":"https:\/\/www.eldigitaldeasturias.com\/noticias\/category\/actualidad\/"},{"label":"Chile y Per\u00fa se re\u00fanen para coordinar aplicaci\u00f3n del fallo de La Haya","link":"https:\/\/www.eldigitaldeasturias.com\/noticias\/chile-y-peru-se-reunen-para-coordinar-aplicacion-del-fallo-de-la-haya\/"}],"_links":{"self":[{"href":"https:\/\/www.eldigitaldeasturias.com\/noticias\/wp-json\/wp\/v2\/posts\/484820","targetHints":{"allow":["GET"]}}],"collection":[{"href":"https:\/\/www.eldigitaldeasturias.com\/noticias\/wp-json\/wp\/v2\/posts"}],"about":[{"href":"https:\/\/www.eldigitaldeasturias.com\/noticias\/wp-json\/wp\/v2\/types\/post"}],"author":[{"embeddable":true,"href":"https:\/\/www.eldigitaldeasturias.com\/noticias\/wp-json\/wp\/v2\/users\/1"}],"replies":[{"embeddable":true,"href":"https:\/\/www.eldigitaldeasturias.com\/noticias\/wp-json\/wp\/v2\/comments?post=484820"}],"version-history":[{"count":0,"href":"https:\/\/www.eldigitaldeasturias.com\/noticias\/wp-json\/wp\/v2\/posts\/484820\/revisions"}],"wp:attachment":[{"href":"https:\/\/www.eldigitaldeasturias.com\/noticias\/wp-json\/wp\/v2\/media?parent=484820"}],"wp:term":[{"taxonomy":"category","embeddable":true,"href":"https:\/\/www.eldigitaldeasturias.com\/noticias\/wp-json\/wp\/v2\/categories?post=484820"},{"taxonomy":"post_tag","embeddable":true,"href":"https:\/\/www.eldigitaldeasturias.com\/noticias\/wp-json\/wp\/v2\/tags?post=484820"}],"curies":[{"name":"wp","href":"https:\/\/api.w.org\/{rel}","templated":true}]}}