{"id":484817,"date":"2014-02-06T03:52:17","date_gmt":"2014-02-06T04:52:17","guid":{"rendered":"http:\/\/www.eldigitaldeasturias.com\/noticias\/?p=484817"},"modified":"2014-02-06T03:52:17","modified_gmt":"2014-02-06T04:52:17","slug":"casillas-aumenta-a-772-minutos-su-record","status":"publish","type":"post","link":"https:\/\/www.eldigitaldeasturias.com\/noticias\/casillas-aumenta-a-772-minutos-su-record\/","title":{"rendered":"Casillas aumenta a 772 minutos su r\u00e9cord"},"content":{"rendered":"<p><img loading=\"lazy\" decoding=\"async\" class=\"alignleft size-medium wp-image-484818\" alt=\"5914688w\" src=\"https:\/\/www.eldigitaldeasturias.com\/noticias\/wp-content\/uploads\/2014\/02\/5914688w-360x222.jpg\" width=\"360\" height=\"222\" \/>Madrid, 5 feb (EFE).- Iker Casillas, capit\u00e1n del Real Madrid, ha prolongado su estado de gracia ante el Atl\u00e9tico de Madrid, en el primer cap\u00edtulo de las semifinales de la Copa del Rey (3-0), competici\u00f3n en la que esta temporada no ha encajado ning\u00fan gol y ha logrado un r\u00e9cord del club, con 772 minutos sin ser batido.<\/p>\n<p>Casillas extendi\u00f3 su buena racha en derbis madrile\u00f1os ante el Atl\u00e9tico de Madrid. Tan s\u00f3lo perdi\u00f3 el primero que disput\u00f3, el 30 de octubre de 1999, cuando entr\u00f3 al terreno de juego con el duelo sentenciado (1-3) por la expulsi\u00f3n del portero argentino Bizarri.<\/p>\n<p>Desde entonces 24, lleva derbis sin perder: 21 en Liga y tres en Copa del Rey.<\/p>\n<p>Hoy se convirti\u00f3 en el primer portero de la historia del Real Madrid que encadena ocho partidos seguidos sin encajar un gol. En siete se qued\u00f3 Paco Buyo en 1995, portero al que tambi\u00e9n arrebat\u00f3 el r\u00e9cord de minutos imbatido que ten\u00eda establecido en 658.<\/p>\n<p>El de Casillas era de 518 y ya alcanza 772. Desde el 27 de noviembre no encaja un gol. Aquel d\u00eda el turco Umut Bulut marc\u00f3 para el Galatasaray en el estadio Santiago Bernab\u00e9u en una goleada madridista (4-1).<\/p>\n<p>El capit\u00e1n del equipo blanco es el primer guardameta del club que no encaja un tanto en siete partidos de Copa del Rey, en las eliminatorias ante Ol\u00edmpic de X\u00e1tiva (0-0 y 2-0), Osasuna (2-0 y 0-2) y Espanyol (0-1 y 1-0), y hoy en el primer cap\u00edtulo de semifinales ante el Atl\u00e9tico de Madrid.<\/p>\n<p>Esta temporada ha disputado trece partidos y tan s\u00f3lo encaj\u00f3 tantos en cuatro.<\/p>\n<p>Hoy confirm\u00f3 su buena l\u00ednea ante un Atl\u00e9tico de Madrid frente al que s\u00f3lo perdi\u00f3 en su primer derbi. Desde entonces, catorce a\u00f1os y medio de alegr\u00edas, ya que no jug\u00f3 la \u00faltima final de Copa del Rey ni el \u00faltimo derbi liguero que el conjunto rojiblanco venci\u00f3 en el Santiago Bernab\u00e9u.<\/p>\n","protected":false},"excerpt":{"rendered":"<p>Madrid, 5 feb (EFE).- Iker Casillas, capit\u00e1n del Real Madrid, ha prolongado su estado de gracia ante el Atl\u00e9tico de Madrid, en el primer cap\u00edtulo de las semifinales de la Copa del Rey (3-0), competici\u00f3n en la que esta temporada no ha encajado ning\u00fan gol y ha logrado un r\u00e9cord del club, con 772 minutos [&hellip;]<\/p>\n","protected":false},"author":1,"featured_media":484818,"comment_status":"closed","ping_status":"open","sticky":false,"template":"","format":"standard","meta":{"footnotes":""},"categories":[1],"tags":[],"class_list":["post-484817","post","type-post","status-publish","format-standard","has-post-thumbnail","hentry","category-actualidad"],"aioseo_notices":[],"aioseo_head":"\n\t\t<!-- All in One SEO Pro 5.0.1 - aioseo.com -->\n\t<meta name=\"description\" content=\"Madrid, 5 feb (EFE).- Iker Casillas, capit\u00e1n del Real Madrid, ha prolongado su estado de gracia ante el Atl\u00e9tico de Madrid, en el primer cap\u00edtulo de las semifinales de la Copa del Rey (3-0), competici\u00f3n en la que esta temporada no ha encajado ning\u00fan gol y ha logrado un r\u00e9cord del club, con 772 minutos\" \/>\n\t<meta name=\"robots\" content=\"max-image-preview:large\" \/>\n\t<meta name=\"author\" content=\"El Digital de Asturias\"\/>\n\t<meta name=\"google-site-verification\" content=\"UA-38556648-1\" \/>\n\t<meta name=\"msvalidate.01\" content=\"7dfe9f3f1b24437ab69f4f2559babe99\" \/>\n\t<meta name=\"keywords\" content=\"actualidad\" \/>\n\t<link rel=\"canonical\" href=\"https:\/\/www.eldigitaldeasturias.com\/noticias\/casillas-aumenta-a-772-minutos-su-record\/\" \/>\n\t<meta name=\"generator\" content=\"All in One SEO Pro (AIOSEO) 5.0.1\" \/>\n\t\t<meta property=\"og:locale\" content=\"es_ES\" \/>\n\t\t<meta property=\"og:site_name\" content=\"El Digital de Asturias\" \/>\n\t\t<meta property=\"og:type\" content=\"article\" \/>\n\t\t<meta property=\"og:title\" content=\"Casillas aumenta a 772 minutos su r\u00e9cord - El Digital de Asturias\" \/>\n\t\t<meta property=\"og:description\" content=\"Madrid, 5 feb (EFE).- Iker Casillas, capit\u00e1n del Real Madrid, ha prolongado su estado de gracia ante el Atl\u00e9tico de Madrid, en el primer cap\u00edtulo de las semifinales de la Copa del Rey (3-0), competici\u00f3n en la que esta temporada no ha encajado ning\u00fan gol y ha logrado un r\u00e9cord del club, con 772 minutos\" \/>\n\t\t<meta property=\"og:url\" content=\"https:\/\/www.eldigitaldeasturias.com\/noticias\/casillas-aumenta-a-772-minutos-su-record\/\" \/>\n\t\t<meta property=\"article:tag\" content=\"actualidad\" \/>\n\t\t<meta property=\"article:published_time\" content=\"2014-02-06T04:52:17+00:00\" \/>\n\t\t<meta property=\"article:modified_time\" content=\"2014-02-06T04:52:17+00:00\" \/>\n\t\t<meta property=\"article:publisher\" content=\"https:\/\/facebook.com\/eldigitaldeasturias\" \/>\n\t\t<meta name=\"twitter:card\" content=\"summary_large_image\" \/>\n\t\t<meta name=\"twitter:title\" content=\"Casillas aumenta a 772 minutos su r\u00e9cord - El Digital de Asturias\" \/>\n\t\t<meta name=\"twitter:description\" content=\"Madrid, 5 feb (EFE).- Iker Casillas, capit\u00e1n del Real Madrid, ha prolongado su estado de gracia ante el Atl\u00e9tico de Madrid, en el primer cap\u00edtulo de las semifinales de la Copa del Rey (3-0), competici\u00f3n en la que esta temporada no ha encajado ning\u00fan gol y ha logrado un r\u00e9cord del club, con 772 minutos\" \/>\n\t\t<meta name=\"twitter:label1\" content=\"Escrito por\" \/>\n\t\t<meta name=\"twitter:data1\" content=\"El Digital de Asturias\" \/>\n\t\t<meta name=\"twitter:label2\" content=\"Tiempo de lectura estimado\" \/>\n\t\t<meta name=\"twitter:data2\" content=\"2 minutos\" \/>\n\t\t<script type=\"application\/ld+json\" class=\"aioseo-schema\">\n\t\t\t{\"@context\":\"https:\\\/\\\/schema.org\",\"@graph\":[{\"@type\":\"BlogPosting\",\"@id\":\"https:\\\/\\\/www.eldigitaldeasturias.com\\\/noticias\\\/casillas-aumenta-a-772-minutos-su-record\\\/#blogposting\",\"name\":\"Casillas aumenta a 772 minutos su r\\u00e9cord - El Digital de Asturias\",\"headline\":\"Casillas aumenta a 772 minutos su r\\u00e9cord\",\"author\":{\"@id\":\"https:\\\/\\\/www.eldigitaldeasturias.com\\\/noticias\\\/author\\\/admin\\\/#author\"},\"publisher\":{\"@id\":\"https:\\\/\\\/www.eldigitaldeasturias.com\\\/noticias\\\/#organization\"},\"image\":{\"@type\":\"ImageObject\",\"url\":484818},\"datePublished\":\"2014-02-06T03:52:17+01:00\",\"dateModified\":\"2014-02-06T03:52:17+01:00\",\"inLanguage\":\"es-ES\",\"mainEntityOfPage\":{\"@id\":\"https:\\\/\\\/www.eldigitaldeasturias.com\\\/noticias\\\/casillas-aumenta-a-772-minutos-su-record\\\/#webpage\"},\"isPartOf\":{\"@id\":\"https:\\\/\\\/www.eldigitaldeasturias.com\\\/noticias\\\/casillas-aumenta-a-772-minutos-su-record\\\/#webpage\"},\"articleSection\":\"Actualidad\"},{\"@type\":\"BreadcrumbList\",\"@id\":\"https:\\\/\\\/www.eldigitaldeasturias.com\\\/noticias\\\/casillas-aumenta-a-772-minutos-su-record\\\/#breadcrumblist\",\"itemListElement\":[{\"@type\":\"ListItem\",\"@id\":\"https:\\\/\\\/www.eldigitaldeasturias.com\\\/noticias#listItem\",\"position\":1,\"name\":\"Home\",\"item\":\"https:\\\/\\\/www.eldigitaldeasturias.com\\\/noticias\",\"nextItem\":{\"@type\":\"ListItem\",\"@id\":\"https:\\\/\\\/www.eldigitaldeasturias.com\\\/noticias\\\/category\\\/actualidad\\\/#listItem\",\"name\":\"Actualidad\"}},{\"@type\":\"ListItem\",\"@id\":\"https:\\\/\\\/www.eldigitaldeasturias.com\\\/noticias\\\/category\\\/actualidad\\\/#listItem\",\"position\":2,\"name\":\"Actualidad\",\"item\":\"https:\\\/\\\/www.eldigitaldeasturias.com\\\/noticias\\\/category\\\/actualidad\\\/\",\"nextItem\":{\"@type\":\"ListItem\",\"@id\":\"https:\\\/\\\/www.eldigitaldeasturias.com\\\/noticias\\\/casillas-aumenta-a-772-minutos-su-record\\\/#listItem\",\"name\":\"Casillas aumenta a 772 minutos su r\\u00e9cord\"},\"previousItem\":{\"@type\":\"ListItem\",\"@id\":\"https:\\\/\\\/www.eldigitaldeasturias.com\\\/noticias#listItem\",\"name\":\"Home\"}},{\"@type\":\"ListItem\",\"@id\":\"https:\\\/\\\/www.eldigitaldeasturias.com\\\/noticias\\\/casillas-aumenta-a-772-minutos-su-record\\\/#listItem\",\"position\":3,\"name\":\"Casillas aumenta a 772 minutos su r\\u00e9cord\",\"previousItem\":{\"@type\":\"ListItem\",\"@id\":\"https:\\\/\\\/www.eldigitaldeasturias.com\\\/noticias\\\/category\\\/actualidad\\\/#listItem\",\"name\":\"Actualidad\"}}]},{\"@type\":\"Organization\",\"@id\":\"https:\\\/\\\/www.eldigitaldeasturias.com\\\/noticias\\\/#organization\",\"name\":\"El Digital de Asturias\",\"description\":\"Hemeroteca\",\"url\":\"https:\\\/\\\/www.eldigitaldeasturias.com\\\/noticias\\\/\",\"email\":\"info@eldigitaldeasturias.com\",\"telephone\":\"+34652131393\",\"logo\":{\"@type\":\"ImageObject\",\"url\":\"https:\\\/\\\/www.eldigitaldeasturias.com\\\/noticias\\\/wp-content\\\/uploads\\\/2020\\\/12\\\/EDA.jpg\",\"@id\":\"https:\\\/\\\/www.eldigitaldeasturias.com\\\/noticias\\\/casillas-aumenta-a-772-minutos-su-record\\\/#organizationLogo\"},\"image\":{\"@id\":\"https:\\\/\\\/www.eldigitaldeasturias.com\\\/noticias\\\/casillas-aumenta-a-772-minutos-su-record\\\/#organizationLogo\"},\"sameAs\":[\"https:\\\/\\\/facebook.com\\\/eldigitaldeasturias\",\"https:\\\/\\\/www.youtube.com\\\/channel\\\/UCZP-2wLEB9Rv6erhFmqVnvg\"],\"address\":{\"@id\":\"https:\\\/\\\/www.eldigitaldeasturias.com\\\/noticias\\\/#postaladdress\",\"@type\":\"PostalAddress\",\"streetAddress\":\"san antonio 4\",\"postalCode\":\"33430\",\"addressLocality\":\"Cand\\u00e1s\",\"addressRegion\":\"Asturias\",\"addressCountry\":\"ES\"}},{\"@type\":\"Person\",\"@id\":\"https:\\\/\\\/www.eldigitaldeasturias.com\\\/noticias\\\/author\\\/admin\\\/#author\",\"url\":\"https:\\\/\\\/www.eldigitaldeasturias.com\\\/noticias\\\/author\\\/admin\\\/\",\"name\":\"El Digital de Asturias\",\"image\":{\"@type\":\"ImageObject\",\"@id\":\"https:\\\/\\\/www.eldigitaldeasturias.com\\\/noticias\\\/casillas-aumenta-a-772-minutos-su-record\\\/#authorImage\",\"url\":\"https:\\\/\\\/secure.gravatar.com\\\/avatar\\\/df2aeffc32bcd13f8d26072ef8a91b623d677766deac7f97ca815868cd41bf5e?s=96&d=mm&r=g\",\"width\":96,\"height\":96,\"caption\":\"El Digital de Asturias\"}},{\"@type\":\"WebPage\",\"@id\":\"https:\\\/\\\/www.eldigitaldeasturias.com\\\/noticias\\\/casillas-aumenta-a-772-minutos-su-record\\\/#webpage\",\"url\":\"https:\\\/\\\/www.eldigitaldeasturias.com\\\/noticias\\\/casillas-aumenta-a-772-minutos-su-record\\\/\",\"name\":\"Casillas aumenta a 772 minutos su r\\u00e9cord - El Digital de Asturias\",\"description\":\"Madrid, 5 feb (EFE).- Iker Casillas, capit\\u00e1n del Real Madrid, ha prolongado su estado de gracia ante el Atl\\u00e9tico de Madrid, en el primer cap\\u00edtulo de las semifinales de la Copa del Rey (3-0), competici\\u00f3n en la que esta temporada no ha encajado ning\\u00fan gol y ha logrado un r\\u00e9cord del club, con 772 minutos\",\"inLanguage\":\"es-ES\",\"isPartOf\":{\"@id\":\"https:\\\/\\\/www.eldigitaldeasturias.com\\\/noticias\\\/#website\"},\"breadcrumb\":{\"@id\":\"https:\\\/\\\/www.eldigitaldeasturias.com\\\/noticias\\\/casillas-aumenta-a-772-minutos-su-record\\\/#breadcrumblist\"},\"author\":{\"@id\":\"https:\\\/\\\/www.eldigitaldeasturias.com\\\/noticias\\\/author\\\/admin\\\/#author\"},\"creator\":{\"@id\":\"https:\\\/\\\/www.eldigitaldeasturias.com\\\/noticias\\\/author\\\/admin\\\/#author\"},\"image\":{\"@type\":\"ImageObject\",\"url\":484818,\"@id\":\"https:\\\/\\\/www.eldigitaldeasturias.com\\\/noticias\\\/casillas-aumenta-a-772-minutos-su-record\\\/#mainImage\"},\"primaryImageOfPage\":{\"@id\":\"https:\\\/\\\/www.eldigitaldeasturias.com\\\/noticias\\\/casillas-aumenta-a-772-minutos-su-record\\\/#mainImage\"},\"datePublished\":\"2014-02-06T03:52:17+01:00\",\"dateModified\":\"2014-02-06T03:52:17+01:00\"},{\"@type\":\"WebSite\",\"@id\":\"https:\\\/\\\/www.eldigitaldeasturias.com\\\/noticias\\\/#website\",\"url\":\"https:\\\/\\\/www.eldigitaldeasturias.com\\\/noticias\\\/\",\"name\":\"El Digital de Asturias - Diario de actualidad y noticias\",\"alternateName\":\"El Digital de Asturias - Diario de actualidad y noticias\",\"description\":\"Hemeroteca\",\"inLanguage\":\"es-ES\",\"publisher\":{\"@id\":\"https:\\\/\\\/www.eldigitaldeasturias.com\\\/noticias\\\/#organization\"}}]}\n\t\t<\/script>\n\t\t<!-- All in One SEO Pro -->\r\n\t\t<title>Casillas aumenta a 772 minutos su r\u00e9cord - El Digital de Asturias<\/title>\n\n","aioseo_head_json":{"title":"Casillas aumenta a 772 minutos su r\u00e9cord - El Digital de Asturias","description":"Madrid, 5 feb (EFE).- Iker Casillas, capit\u00e1n del Real Madrid, ha prolongado su estado de gracia ante el Atl\u00e9tico de Madrid, en el primer cap\u00edtulo de las semifinales de la Copa del Rey (3-0), competici\u00f3n en la que esta temporada no ha encajado ning\u00fan gol y ha logrado un r\u00e9cord del club, con 772 minutos","canonical_url":"https:\/\/www.eldigitaldeasturias.com\/noticias\/casillas-aumenta-a-772-minutos-su-record\/","robots":"max-image-preview:large","keywords":"actualidad","webmasterTools":{"google-site-verification":"UA-38556648-1","msvalidate.01":"7dfe9f3f1b24437ab69f4f2559babe99","miscellaneous":""},"schema":{"@context":"https:\/\/schema.org","@graph":[{"@type":"BlogPosting","@id":"https:\/\/www.eldigitaldeasturias.com\/noticias\/casillas-aumenta-a-772-minutos-su-record\/#blogposting","name":"Casillas aumenta a 772 minutos su r\u00e9cord - El Digital de Asturias","headline":"Casillas aumenta a 772 minutos su r\u00e9cord","author":{"@id":"https:\/\/www.eldigitaldeasturias.com\/noticias\/author\/admin\/#author"},"publisher":{"@id":"https:\/\/www.eldigitaldeasturias.com\/noticias\/#organization"},"image":{"@type":"ImageObject","url":484818},"datePublished":"2014-02-06T03:52:17+01:00","dateModified":"2014-02-06T03:52:17+01:00","inLanguage":"es-ES","mainEntityOfPage":{"@id":"https:\/\/www.eldigitaldeasturias.com\/noticias\/casillas-aumenta-a-772-minutos-su-record\/#webpage"},"isPartOf":{"@id":"https:\/\/www.eldigitaldeasturias.com\/noticias\/casillas-aumenta-a-772-minutos-su-record\/#webpage"},"articleSection":"Actualidad"},{"@type":"BreadcrumbList","@id":"https:\/\/www.eldigitaldeasturias.com\/noticias\/casillas-aumenta-a-772-minutos-su-record\/#breadcrumblist","itemListElement":[{"@type":"ListItem","@id":"https:\/\/www.eldigitaldeasturias.com\/noticias#listItem","position":1,"name":"Home","item":"https:\/\/www.eldigitaldeasturias.com\/noticias","nextItem":{"@type":"ListItem","@id":"https:\/\/www.eldigitaldeasturias.com\/noticias\/category\/actualidad\/#listItem","name":"Actualidad"}},{"@type":"ListItem","@id":"https:\/\/www.eldigitaldeasturias.com\/noticias\/category\/actualidad\/#listItem","position":2,"name":"Actualidad","item":"https:\/\/www.eldigitaldeasturias.com\/noticias\/category\/actualidad\/","nextItem":{"@type":"ListItem","@id":"https:\/\/www.eldigitaldeasturias.com\/noticias\/casillas-aumenta-a-772-minutos-su-record\/#listItem","name":"Casillas aumenta a 772 minutos su r\u00e9cord"},"previousItem":{"@type":"ListItem","@id":"https:\/\/www.eldigitaldeasturias.com\/noticias#listItem","name":"Home"}},{"@type":"ListItem","@id":"https:\/\/www.eldigitaldeasturias.com\/noticias\/casillas-aumenta-a-772-minutos-su-record\/#listItem","position":3,"name":"Casillas aumenta a 772 minutos su r\u00e9cord","previousItem":{"@type":"ListItem","@id":"https:\/\/www.eldigitaldeasturias.com\/noticias\/category\/actualidad\/#listItem","name":"Actualidad"}}]},{"@type":"Organization","@id":"https:\/\/www.eldigitaldeasturias.com\/noticias\/#organization","name":"El Digital de Asturias","description":"Hemeroteca","url":"https:\/\/www.eldigitaldeasturias.com\/noticias\/","email":"info@eldigitaldeasturias.com","telephone":"+34652131393","logo":{"@type":"ImageObject","url":"https:\/\/www.eldigitaldeasturias.com\/noticias\/wp-content\/uploads\/2020\/12\/EDA.jpg","@id":"https:\/\/www.eldigitaldeasturias.com\/noticias\/casillas-aumenta-a-772-minutos-su-record\/#organizationLogo"},"image":{"@id":"https:\/\/www.eldigitaldeasturias.com\/noticias\/casillas-aumenta-a-772-minutos-su-record\/#organizationLogo"},"sameAs":["https:\/\/facebook.com\/eldigitaldeasturias","https:\/\/www.youtube.com\/channel\/UCZP-2wLEB9Rv6erhFmqVnvg"],"address":{"@id":"https:\/\/www.eldigitaldeasturias.com\/noticias\/#postaladdress","@type":"PostalAddress","streetAddress":"san antonio 4","postalCode":"33430","addressLocality":"Cand\u00e1s","addressRegion":"Asturias","addressCountry":"ES"}},{"@type":"Person","@id":"https:\/\/www.eldigitaldeasturias.com\/noticias\/author\/admin\/#author","url":"https:\/\/www.eldigitaldeasturias.com\/noticias\/author\/admin\/","name":"El Digital de Asturias","image":{"@type":"ImageObject","@id":"https:\/\/www.eldigitaldeasturias.com\/noticias\/casillas-aumenta-a-772-minutos-su-record\/#authorImage","url":"https:\/\/secure.gravatar.com\/avatar\/df2aeffc32bcd13f8d26072ef8a91b623d677766deac7f97ca815868cd41bf5e?s=96&d=mm&r=g","width":96,"height":96,"caption":"El Digital de Asturias"}},{"@type":"WebPage","@id":"https:\/\/www.eldigitaldeasturias.com\/noticias\/casillas-aumenta-a-772-minutos-su-record\/#webpage","url":"https:\/\/www.eldigitaldeasturias.com\/noticias\/casillas-aumenta-a-772-minutos-su-record\/","name":"Casillas aumenta a 772 minutos su r\u00e9cord - El Digital de Asturias","description":"Madrid, 5 feb (EFE).- Iker Casillas, capit\u00e1n del Real Madrid, ha prolongado su estado de gracia ante el Atl\u00e9tico de Madrid, en el primer cap\u00edtulo de las semifinales de la Copa del Rey (3-0), competici\u00f3n en la que esta temporada no ha encajado ning\u00fan gol y ha logrado un r\u00e9cord del club, con 772 minutos","inLanguage":"es-ES","isPartOf":{"@id":"https:\/\/www.eldigitaldeasturias.com\/noticias\/#website"},"breadcrumb":{"@id":"https:\/\/www.eldigitaldeasturias.com\/noticias\/casillas-aumenta-a-772-minutos-su-record\/#breadcrumblist"},"author":{"@id":"https:\/\/www.eldigitaldeasturias.com\/noticias\/author\/admin\/#author"},"creator":{"@id":"https:\/\/www.eldigitaldeasturias.com\/noticias\/author\/admin\/#author"},"image":{"@type":"ImageObject","url":484818,"@id":"https:\/\/www.eldigitaldeasturias.com\/noticias\/casillas-aumenta-a-772-minutos-su-record\/#mainImage"},"primaryImageOfPage":{"@id":"https:\/\/www.eldigitaldeasturias.com\/noticias\/casillas-aumenta-a-772-minutos-su-record\/#mainImage"},"datePublished":"2014-02-06T03:52:17+01:00","dateModified":"2014-02-06T03:52:17+01:00"},{"@type":"WebSite","@id":"https:\/\/www.eldigitaldeasturias.com\/noticias\/#website","url":"https:\/\/www.eldigitaldeasturias.com\/noticias\/","name":"El Digital de Asturias - Diario de actualidad y noticias","alternateName":"El Digital de Asturias - Diario de actualidad y noticias","description":"Hemeroteca","inLanguage":"es-ES","publisher":{"@id":"https:\/\/www.eldigitaldeasturias.com\/noticias\/#organization"}}]},"og:locale":"es_ES","og:site_name":"El Digital de Asturias","og:type":"article","og:title":"Casillas aumenta a 772 minutos su r\u00e9cord - El Digital de Asturias","og:description":"Madrid, 5 feb (EFE).- Iker Casillas, capit\u00e1n del Real Madrid, ha prolongado su estado de gracia ante el Atl\u00e9tico de Madrid, en el primer cap\u00edtulo de las semifinales de la Copa del Rey (3-0), competici\u00f3n en la que esta temporada no ha encajado ning\u00fan gol y ha logrado un r\u00e9cord del club, con 772 minutos","og:url":"https:\/\/www.eldigitaldeasturias.com\/noticias\/casillas-aumenta-a-772-minutos-su-record\/","article:tag":["actualidad"],"article:published_time":"2014-02-06T04:52:17+00:00","article:modified_time":"2014-02-06T04:52:17+00:00","article:publisher":"https:\/\/facebook.com\/eldigitaldeasturias","twitter:card":"summary_large_image","twitter:title":"Casillas aumenta a 772 minutos su r\u00e9cord - El Digital de Asturias","twitter:description":"Madrid, 5 feb (EFE).- Iker Casillas, capit\u00e1n del Real Madrid, ha prolongado su estado de gracia ante el Atl\u00e9tico de Madrid, en el primer cap\u00edtulo de las semifinales de la Copa del Rey (3-0), competici\u00f3n en la que esta temporada no ha encajado ning\u00fan gol y ha logrado un r\u00e9cord del club, con 772 minutos","twitter:label1":"Escrito por","twitter:data1":"El Digital de Asturias","twitter:label2":"Tiempo de lectura estimado","twitter:data2":"2 minutos"},"aioseo_meta_data":{"post_id":"484817","title":null,"description":null,"keywords":null,"keyphrases":null,"primary_term":null,"canonical_url":null,"og_title":null,"og_description":null,"og_object_type":"default","og_image_type":"default","og_image_url":null,"og_image_width":null,"og_image_height":null,"og_image_custom_url":null,"og_image_custom_fields":null,"og_video":null,"og_custom_url":null,"og_article_section":null,"og_article_tags":null,"twitter_use_og":true,"twitter_card":"default","twitter_image_type":"default","twitter_image_url":null,"twitter_image_custom_url":null,"twitter_image_custom_fields":null,"twitter_title":null,"twitter_description":null,"schema":{"blockGraphs":[],"customGraphs":[],"default":{"data":{"Article":[],"Course":[],"Dataset":[],"FAQPage":[],"Movie":[],"Person":[],"Product":[],"ProductReview":[],"Car":[],"Recipe":[],"Service":[],"SoftwareApplication":[],"WebPage":[]},"graphName":"","isEnabled":true},"graphs":[],"defaultGraph":"","defaultPostTypeGraph":""},"schema_type":null,"schema_type_options":null,"pillar_content":false,"robots_default":true,"robots_noindex":false,"robots_noarchive":false,"robots_nosnippet":false,"robots_nofollow":false,"robots_noimageindex":false,"robots_noodp":false,"robots_notranslate":false,"robots_max_snippet":null,"robots_max_videopreview":null,"robots_max_imagepreview":"none","priority":null,"frequency":null,"local_seo":null,"seo_analyzer_scan_date":"2026-06-02 17:24:42","breadcrumb_settings":null,"limit_modified_date":false,"open_ai":null,"ai":null,"created":"2020-11-14 22:55:07","updated":"2026-06-02 17:24:42","focus_keyword":null,"additional_keywords":null,"truseo_locale":null},"aioseo_breadcrumb":"<div class=\"aioseo-breadcrumbs\"><span class=\"aioseo-breadcrumb\">\n\t<a href=\"https:\/\/www.eldigitaldeasturias.com\/noticias\" title=\"Home\">Home<\/a>\n<\/span><span class=\"aioseo-breadcrumb-separator\">\u2013<\/span><span class=\"aioseo-breadcrumb\">\n\t<a href=\"https:\/\/www.eldigitaldeasturias.com\/noticias\/category\/actualidad\/\" title=\"Actualidad\">Actualidad<\/a>\n<\/span><span class=\"aioseo-breadcrumb-separator\">\u2013<\/span><span class=\"aioseo-breadcrumb\">\n\t<a href=\"https:\/\/www.eldigitaldeasturias.com\/noticias\/casillas-aumenta-a-772-minutos-su-record\/\" title=\"Casillas aumenta a 772 minutos su r\u00e9cord\">Casillas aumenta a 772 minutos su r\u00e9cord<\/a>\n<\/span><\/div>","aioseo_breadcrumb_json":[{"label":"Home","link":"https:\/\/www.eldigitaldeasturias.com\/noticias"},{"label":"Actualidad","link":"https:\/\/www.eldigitaldeasturias.com\/noticias\/category\/actualidad\/"},{"label":"Casillas aumenta a 772 minutos su r\u00e9cord","link":"https:\/\/www.eldigitaldeasturias.com\/noticias\/casillas-aumenta-a-772-minutos-su-record\/"}],"_links":{"self":[{"href":"https:\/\/www.eldigitaldeasturias.com\/noticias\/wp-json\/wp\/v2\/posts\/484817","targetHints":{"allow":["GET"]}}],"collection":[{"href":"https:\/\/www.eldigitaldeasturias.com\/noticias\/wp-json\/wp\/v2\/posts"}],"about":[{"href":"https:\/\/www.eldigitaldeasturias.com\/noticias\/wp-json\/wp\/v2\/types\/post"}],"author":[{"embeddable":true,"href":"https:\/\/www.eldigitaldeasturias.com\/noticias\/wp-json\/wp\/v2\/users\/1"}],"replies":[{"embeddable":true,"href":"https:\/\/www.eldigitaldeasturias.com\/noticias\/wp-json\/wp\/v2\/comments?post=484817"}],"version-history":[{"count":0,"href":"https:\/\/www.eldigitaldeasturias.com\/noticias\/wp-json\/wp\/v2\/posts\/484817\/revisions"}],"wp:attachment":[{"href":"https:\/\/www.eldigitaldeasturias.com\/noticias\/wp-json\/wp\/v2\/media?parent=484817"}],"wp:term":[{"taxonomy":"category","embeddable":true,"href":"https:\/\/www.eldigitaldeasturias.com\/noticias\/wp-json\/wp\/v2\/categories?post=484817"},{"taxonomy":"post_tag","embeddable":true,"href":"https:\/\/www.eldigitaldeasturias.com\/noticias\/wp-json\/wp\/v2\/tags?post=484817"}],"curies":[{"name":"wp","href":"https:\/\/api.w.org\/{rel}","templated":true}]}}