{"id":484773,"date":"2014-02-06T03:29:23","date_gmt":"2014-02-06T04:29:23","guid":{"rendered":"http:\/\/www.eldigitaldeasturias.com\/noticias\/?p=484773"},"modified":"2014-02-06T03:29:23","modified_gmt":"2014-02-06T04:29:23","slug":"simeone-asume-el-dolor-de-la-derrota-en-el-bernabeu","status":"publish","type":"post","link":"https:\/\/www.eldigitaldeasturias.com\/noticias\/simeone-asume-el-dolor-de-la-derrota-en-el-bernabeu\/","title":{"rendered":"Simeone asume el \u00abdolor\u00bb de la derrota en el Bernab\u00e9u"},"content":{"rendered":"<p><img loading=\"lazy\" decoding=\"async\" class=\"alignleft size-medium wp-image-438685\" alt=\"simeone\" src=\"https:\/\/www.eldigitaldeasturias.com\/noticias\/wp-content\/uploads\/2013\/10\/simeone-360x209.jpg\" width=\"360\" height=\"209\" \/>Madrid, 5 feb (dpa) &#8211; El entrenador del Atl\u00e9tico de Madrid, Diego Simeone, asumi\u00f3 el dolor de la goleada 3-0 encajada hoy en el Santiago Bernab\u00e9u y asegur\u00f3 que su vestuario est\u00e1 \u00abgolpeado\u00bb, adem\u00e1s de felicitar al Real Madrid por jugar \u00abun muy buen partido\u00bb.<\/p>\n<p>Apenas cinco minutos dur\u00f3 la rueda de prensa de Simeone al finalizar el encuentro de ida de las semifinales de Copa del rey, y todas las preguntas las resolvi\u00f3 con respuestas cortas.<\/p>\n<p>\u00abEstamos golpeados. (Los jugadores) son tipos que sufren cuando no ganan. Contentos no est\u00e1n\u00bb, explic\u00f3.<\/p>\n<p>Simeone no quit\u00f3 m\u00e9ritos al Real Madrid, del que dijo que \u00abjug\u00f3 un muy buen partido\u00bb, y lament\u00f3 que su equipo no creara oportunidades para marcar. \u00abNo encontramos caminos para generar situaciones de peligro\u00bb, confes\u00f3.<\/p>\n<p>El t\u00e9cnico rojiblanco no reproch\u00f3 nada a sus defensas. \u00abEl Real Madrid hizo dos goles que pegaron en el cuerpo de un jugador. M\u00e1s all\u00e1 de eso no hubo muchas ocasiones de peligro\u00bb, observ\u00f3.<\/p>\n<p>Simeone tampoco opin\u00f3 del \u00e1rbitro, Clos G\u00f3mez, quien tambi\u00e9n dirigi\u00f3 la \u00faltima final de Copa que finaliz\u00f3 con triunfo rojiblanco ante el Real Madrid por 2-1. \u00abNo influy\u00f3, como tampoco influy\u00f3 en la final. Pitan lo que ven, siempre ocurre eso\u00bb, declar\u00f3.<\/p>\n<p>Para el entrenador argentino, la clave del encuentro estuvo en el mayor despliegue de su rival. \u00abNo pudimos conectarnos como hubi\u00e9semos querido. Ellos presionaron muy bien con la p\u00e9rdida de bal\u00f3n. Hicieron un partido muy bueno y felicitamos al rival\u00bb, dijo.<\/p>\n<p>Preguntado por las cosas que le faltaron a su equipo, Simeone lo sintetiz\u00f3 en dos aspectos: \u00abCombinar m\u00e1s r\u00e1pido, tomar m\u00e1s decisiones uno contra uno\u00bb.<\/p>\n<p>El Atl\u00e9tico de Madrid encaj\u00f3 por primera vez en esta temporada tres goles y aqu\u00ed Simeone encontr\u00f3 el \u00fanico momento distendido de su rueda de prensa al afirmar que \u00absiempre hay una primera vez para todo\u00bb.<\/p>\n<p>Finalmente, le preguntaron por si todav\u00eda cree que hay eliminatoria para la vuelta y el t\u00e9cnico rojiblanco respondi\u00f3 lac\u00f3nicamente: \u00abTodav\u00eda quedan 90 minutos\u00bb.<\/p>\n","protected":false},"excerpt":{"rendered":"<p>Madrid, 5 feb (dpa) &#8211; El entrenador del Atl\u00e9tico de Madrid, Diego Simeone, asumi\u00f3 el dolor de la goleada 3-0 encajada hoy en el Santiago Bernab\u00e9u y asegur\u00f3 que su vestuario est\u00e1 \u00abgolpeado\u00bb, adem\u00e1s de felicitar al Real Madrid por jugar \u00abun muy buen partido\u00bb. Apenas cinco minutos dur\u00f3 la rueda de prensa de Simeone [&hellip;]<\/p>\n","protected":false},"author":1,"featured_media":438685,"comment_status":"closed","ping_status":"open","sticky":false,"template":"","format":"standard","meta":{"footnotes":""},"categories":[1],"tags":[],"class_list":["post-484773","post","type-post","status-publish","format-standard","has-post-thumbnail","hentry","category-actualidad"],"aioseo_notices":[],"aioseo_head":"\n\t\t<!-- All in One SEO Pro 5.0.1 - aioseo.com -->\n\t<meta name=\"description\" content=\"Madrid, 5 feb (dpa) - El entrenador del Atl\u00e9tico de Madrid, Diego Simeone, asumi\u00f3 el dolor de la goleada 3-0 encajada hoy en el Santiago Bernab\u00e9u y asegur\u00f3 que su vestuario est\u00e1 &quot;golpeado&quot;, adem\u00e1s de felicitar al Real Madrid por jugar &quot;un muy buen partido&quot;. Apenas cinco minutos dur\u00f3 la rueda de prensa de Simeone\" \/>\n\t<meta name=\"robots\" content=\"max-image-preview:large\" \/>\n\t<meta name=\"author\" content=\"El Digital de Asturias\"\/>\n\t<meta name=\"google-site-verification\" content=\"UA-38556648-1\" \/>\n\t<meta name=\"msvalidate.01\" content=\"7dfe9f3f1b24437ab69f4f2559babe99\" \/>\n\t<meta name=\"keywords\" content=\"actualidad\" \/>\n\t<link rel=\"canonical\" href=\"https:\/\/www.eldigitaldeasturias.com\/noticias\/simeone-asume-el-dolor-de-la-derrota-en-el-bernabeu\/\" \/>\n\t<meta name=\"generator\" content=\"All in One SEO Pro (AIOSEO) 5.0.1\" \/>\n\t\t<meta property=\"og:locale\" content=\"es_ES\" \/>\n\t\t<meta property=\"og:site_name\" content=\"El Digital de Asturias\" \/>\n\t\t<meta property=\"og:type\" content=\"article\" \/>\n\t\t<meta property=\"og:title\" content=\"Simeone asume el \u00abdolor\u00bb de la derrota en el Bernab\u00e9u - El Digital de Asturias\" \/>\n\t\t<meta property=\"og:description\" content=\"Madrid, 5 feb (dpa) - El entrenador del Atl\u00e9tico de Madrid, Diego Simeone, asumi\u00f3 el dolor de la goleada 3-0 encajada hoy en el Santiago Bernab\u00e9u y asegur\u00f3 que su vestuario est\u00e1 &quot;golpeado&quot;, adem\u00e1s de felicitar al Real Madrid por jugar &quot;un muy buen partido&quot;. Apenas cinco minutos dur\u00f3 la rueda de prensa de Simeone\" \/>\n\t\t<meta property=\"og:url\" content=\"https:\/\/www.eldigitaldeasturias.com\/noticias\/simeone-asume-el-dolor-de-la-derrota-en-el-bernabeu\/\" \/>\n\t\t<meta property=\"article:tag\" content=\"actualidad\" \/>\n\t\t<meta property=\"article:published_time\" content=\"2014-02-06T04:29:23+00:00\" \/>\n\t\t<meta property=\"article:modified_time\" content=\"2014-02-06T04:29:23+00:00\" \/>\n\t\t<meta property=\"article:publisher\" content=\"https:\/\/facebook.com\/eldigitaldeasturias\" \/>\n\t\t<meta name=\"twitter:card\" content=\"summary_large_image\" \/>\n\t\t<meta name=\"twitter:title\" content=\"Simeone asume el \u00abdolor\u00bb de la derrota en el Bernab\u00e9u - El Digital de Asturias\" \/>\n\t\t<meta name=\"twitter:description\" content=\"Madrid, 5 feb (dpa) - El entrenador del Atl\u00e9tico de Madrid, Diego Simeone, asumi\u00f3 el dolor de la goleada 3-0 encajada hoy en el Santiago Bernab\u00e9u y asegur\u00f3 que su vestuario est\u00e1 &quot;golpeado&quot;, adem\u00e1s de felicitar al Real Madrid por jugar &quot;un muy buen partido&quot;. Apenas cinco minutos dur\u00f3 la rueda de prensa de Simeone\" \/>\n\t\t<meta name=\"twitter:label1\" content=\"Escrito por\" \/>\n\t\t<meta name=\"twitter:data1\" content=\"El Digital de Asturias\" \/>\n\t\t<meta name=\"twitter:label2\" content=\"Tiempo de lectura estimado\" \/>\n\t\t<meta name=\"twitter:data2\" content=\"2 minutos\" \/>\n\t\t<script type=\"application\/ld+json\" class=\"aioseo-schema\">\n\t\t\t{\"@context\":\"https:\\\/\\\/schema.org\",\"@graph\":[{\"@type\":\"BlogPosting\",\"@id\":\"https:\\\/\\\/www.eldigitaldeasturias.com\\\/noticias\\\/simeone-asume-el-dolor-de-la-derrota-en-el-bernabeu\\\/#blogposting\",\"name\":\"Simeone asume el \\u00abdolor\\u00bb de la derrota en el Bernab\\u00e9u - El Digital de Asturias\",\"headline\":\"Simeone asume el \\u00abdolor\\u00bb de la derrota en el Bernab\\u00e9u\",\"author\":{\"@id\":\"https:\\\/\\\/www.eldigitaldeasturias.com\\\/noticias\\\/author\\\/admin\\\/#author\"},\"publisher\":{\"@id\":\"https:\\\/\\\/www.eldigitaldeasturias.com\\\/noticias\\\/#organization\"},\"image\":{\"@type\":\"ImageObject\",\"url\":438685},\"datePublished\":\"2014-02-06T03:29:23+01:00\",\"dateModified\":\"2014-02-06T03:29:23+01:00\",\"inLanguage\":\"es-ES\",\"mainEntityOfPage\":{\"@id\":\"https:\\\/\\\/www.eldigitaldeasturias.com\\\/noticias\\\/simeone-asume-el-dolor-de-la-derrota-en-el-bernabeu\\\/#webpage\"},\"isPartOf\":{\"@id\":\"https:\\\/\\\/www.eldigitaldeasturias.com\\\/noticias\\\/simeone-asume-el-dolor-de-la-derrota-en-el-bernabeu\\\/#webpage\"},\"articleSection\":\"Actualidad\"},{\"@type\":\"BreadcrumbList\",\"@id\":\"https:\\\/\\\/www.eldigitaldeasturias.com\\\/noticias\\\/simeone-asume-el-dolor-de-la-derrota-en-el-bernabeu\\\/#breadcrumblist\",\"itemListElement\":[{\"@type\":\"ListItem\",\"@id\":\"https:\\\/\\\/www.eldigitaldeasturias.com\\\/noticias#listItem\",\"position\":1,\"name\":\"Home\",\"item\":\"https:\\\/\\\/www.eldigitaldeasturias.com\\\/noticias\",\"nextItem\":{\"@type\":\"ListItem\",\"@id\":\"https:\\\/\\\/www.eldigitaldeasturias.com\\\/noticias\\\/category\\\/actualidad\\\/#listItem\",\"name\":\"Actualidad\"}},{\"@type\":\"ListItem\",\"@id\":\"https:\\\/\\\/www.eldigitaldeasturias.com\\\/noticias\\\/category\\\/actualidad\\\/#listItem\",\"position\":2,\"name\":\"Actualidad\",\"item\":\"https:\\\/\\\/www.eldigitaldeasturias.com\\\/noticias\\\/category\\\/actualidad\\\/\",\"nextItem\":{\"@type\":\"ListItem\",\"@id\":\"https:\\\/\\\/www.eldigitaldeasturias.com\\\/noticias\\\/simeone-asume-el-dolor-de-la-derrota-en-el-bernabeu\\\/#listItem\",\"name\":\"Simeone asume el \\u00abdolor\\u00bb de la derrota en el Bernab\\u00e9u\"},\"previousItem\":{\"@type\":\"ListItem\",\"@id\":\"https:\\\/\\\/www.eldigitaldeasturias.com\\\/noticias#listItem\",\"name\":\"Home\"}},{\"@type\":\"ListItem\",\"@id\":\"https:\\\/\\\/www.eldigitaldeasturias.com\\\/noticias\\\/simeone-asume-el-dolor-de-la-derrota-en-el-bernabeu\\\/#listItem\",\"position\":3,\"name\":\"Simeone asume el \\u00abdolor\\u00bb de la derrota en el Bernab\\u00e9u\",\"previousItem\":{\"@type\":\"ListItem\",\"@id\":\"https:\\\/\\\/www.eldigitaldeasturias.com\\\/noticias\\\/category\\\/actualidad\\\/#listItem\",\"name\":\"Actualidad\"}}]},{\"@type\":\"Organization\",\"@id\":\"https:\\\/\\\/www.eldigitaldeasturias.com\\\/noticias\\\/#organization\",\"name\":\"El Digital de Asturias\",\"description\":\"Hemeroteca\",\"url\":\"https:\\\/\\\/www.eldigitaldeasturias.com\\\/noticias\\\/\",\"email\":\"info@eldigitaldeasturias.com\",\"telephone\":\"+34652131393\",\"logo\":{\"@type\":\"ImageObject\",\"url\":\"https:\\\/\\\/www.eldigitaldeasturias.com\\\/noticias\\\/wp-content\\\/uploads\\\/2020\\\/12\\\/EDA.jpg\",\"@id\":\"https:\\\/\\\/www.eldigitaldeasturias.com\\\/noticias\\\/simeone-asume-el-dolor-de-la-derrota-en-el-bernabeu\\\/#organizationLogo\"},\"image\":{\"@id\":\"https:\\\/\\\/www.eldigitaldeasturias.com\\\/noticias\\\/simeone-asume-el-dolor-de-la-derrota-en-el-bernabeu\\\/#organizationLogo\"},\"sameAs\":[\"https:\\\/\\\/facebook.com\\\/eldigitaldeasturias\",\"https:\\\/\\\/www.youtube.com\\\/channel\\\/UCZP-2wLEB9Rv6erhFmqVnvg\"],\"address\":{\"@id\":\"https:\\\/\\\/www.eldigitaldeasturias.com\\\/noticias\\\/#postaladdress\",\"@type\":\"PostalAddress\",\"streetAddress\":\"san antonio 4\",\"postalCode\":\"33430\",\"addressLocality\":\"Cand\\u00e1s\",\"addressRegion\":\"Asturias\",\"addressCountry\":\"ES\"}},{\"@type\":\"Person\",\"@id\":\"https:\\\/\\\/www.eldigitaldeasturias.com\\\/noticias\\\/author\\\/admin\\\/#author\",\"url\":\"https:\\\/\\\/www.eldigitaldeasturias.com\\\/noticias\\\/author\\\/admin\\\/\",\"name\":\"El Digital de Asturias\",\"image\":{\"@type\":\"ImageObject\",\"@id\":\"https:\\\/\\\/www.eldigitaldeasturias.com\\\/noticias\\\/simeone-asume-el-dolor-de-la-derrota-en-el-bernabeu\\\/#authorImage\",\"url\":\"https:\\\/\\\/secure.gravatar.com\\\/avatar\\\/df2aeffc32bcd13f8d26072ef8a91b623d677766deac7f97ca815868cd41bf5e?s=96&d=mm&r=g\",\"width\":96,\"height\":96,\"caption\":\"El Digital de Asturias\"}},{\"@type\":\"WebPage\",\"@id\":\"https:\\\/\\\/www.eldigitaldeasturias.com\\\/noticias\\\/simeone-asume-el-dolor-de-la-derrota-en-el-bernabeu\\\/#webpage\",\"url\":\"https:\\\/\\\/www.eldigitaldeasturias.com\\\/noticias\\\/simeone-asume-el-dolor-de-la-derrota-en-el-bernabeu\\\/\",\"name\":\"Simeone asume el \\u00abdolor\\u00bb de la derrota en el Bernab\\u00e9u - El Digital de Asturias\",\"description\":\"Madrid, 5 feb (dpa) - El entrenador del Atl\\u00e9tico de Madrid, Diego Simeone, asumi\\u00f3 el dolor de la goleada 3-0 encajada hoy en el Santiago Bernab\\u00e9u y asegur\\u00f3 que su vestuario est\\u00e1 \\\"golpeado\\\", adem\\u00e1s de felicitar al Real Madrid por jugar \\\"un muy buen partido\\\". Apenas cinco minutos dur\\u00f3 la rueda de prensa de Simeone\",\"inLanguage\":\"es-ES\",\"isPartOf\":{\"@id\":\"https:\\\/\\\/www.eldigitaldeasturias.com\\\/noticias\\\/#website\"},\"breadcrumb\":{\"@id\":\"https:\\\/\\\/www.eldigitaldeasturias.com\\\/noticias\\\/simeone-asume-el-dolor-de-la-derrota-en-el-bernabeu\\\/#breadcrumblist\"},\"author\":{\"@id\":\"https:\\\/\\\/www.eldigitaldeasturias.com\\\/noticias\\\/author\\\/admin\\\/#author\"},\"creator\":{\"@id\":\"https:\\\/\\\/www.eldigitaldeasturias.com\\\/noticias\\\/author\\\/admin\\\/#author\"},\"image\":{\"@type\":\"ImageObject\",\"url\":438685,\"@id\":\"https:\\\/\\\/www.eldigitaldeasturias.com\\\/noticias\\\/simeone-asume-el-dolor-de-la-derrota-en-el-bernabeu\\\/#mainImage\"},\"primaryImageOfPage\":{\"@id\":\"https:\\\/\\\/www.eldigitaldeasturias.com\\\/noticias\\\/simeone-asume-el-dolor-de-la-derrota-en-el-bernabeu\\\/#mainImage\"},\"datePublished\":\"2014-02-06T03:29:23+01:00\",\"dateModified\":\"2014-02-06T03:29:23+01:00\"},{\"@type\":\"WebSite\",\"@id\":\"https:\\\/\\\/www.eldigitaldeasturias.com\\\/noticias\\\/#website\",\"url\":\"https:\\\/\\\/www.eldigitaldeasturias.com\\\/noticias\\\/\",\"name\":\"El Digital de Asturias - Diario de actualidad y noticias\",\"alternateName\":\"El Digital de Asturias - Diario de actualidad y noticias\",\"description\":\"Hemeroteca\",\"inLanguage\":\"es-ES\",\"publisher\":{\"@id\":\"https:\\\/\\\/www.eldigitaldeasturias.com\\\/noticias\\\/#organization\"}}]}\n\t\t<\/script>\n\t\t<!-- All in One SEO Pro -->\r\n\t\t<title>Simeone asume el \u00abdolor\u00bb de la derrota en el Bernab\u00e9u - El Digital de Asturias<\/title>\n\n","aioseo_head_json":{"title":"Simeone asume el \u00abdolor\u00bb de la derrota en el Bernab\u00e9u - El Digital de Asturias","description":"Madrid, 5 feb (dpa) - El entrenador del Atl\u00e9tico de Madrid, Diego Simeone, asumi\u00f3 el dolor de la goleada 3-0 encajada hoy en el Santiago Bernab\u00e9u y asegur\u00f3 que su vestuario est\u00e1 \"golpeado\", adem\u00e1s de felicitar al Real Madrid por jugar \"un muy buen partido\". Apenas cinco minutos dur\u00f3 la rueda de prensa de Simeone","canonical_url":"https:\/\/www.eldigitaldeasturias.com\/noticias\/simeone-asume-el-dolor-de-la-derrota-en-el-bernabeu\/","robots":"max-image-preview:large","keywords":"actualidad","webmasterTools":{"google-site-verification":"UA-38556648-1","msvalidate.01":"7dfe9f3f1b24437ab69f4f2559babe99","miscellaneous":""},"schema":{"@context":"https:\/\/schema.org","@graph":[{"@type":"BlogPosting","@id":"https:\/\/www.eldigitaldeasturias.com\/noticias\/simeone-asume-el-dolor-de-la-derrota-en-el-bernabeu\/#blogposting","name":"Simeone asume el \u00abdolor\u00bb de la derrota en el Bernab\u00e9u - El Digital de Asturias","headline":"Simeone asume el \u00abdolor\u00bb de la derrota en el Bernab\u00e9u","author":{"@id":"https:\/\/www.eldigitaldeasturias.com\/noticias\/author\/admin\/#author"},"publisher":{"@id":"https:\/\/www.eldigitaldeasturias.com\/noticias\/#organization"},"image":{"@type":"ImageObject","url":438685},"datePublished":"2014-02-06T03:29:23+01:00","dateModified":"2014-02-06T03:29:23+01:00","inLanguage":"es-ES","mainEntityOfPage":{"@id":"https:\/\/www.eldigitaldeasturias.com\/noticias\/simeone-asume-el-dolor-de-la-derrota-en-el-bernabeu\/#webpage"},"isPartOf":{"@id":"https:\/\/www.eldigitaldeasturias.com\/noticias\/simeone-asume-el-dolor-de-la-derrota-en-el-bernabeu\/#webpage"},"articleSection":"Actualidad"},{"@type":"BreadcrumbList","@id":"https:\/\/www.eldigitaldeasturias.com\/noticias\/simeone-asume-el-dolor-de-la-derrota-en-el-bernabeu\/#breadcrumblist","itemListElement":[{"@type":"ListItem","@id":"https:\/\/www.eldigitaldeasturias.com\/noticias#listItem","position":1,"name":"Home","item":"https:\/\/www.eldigitaldeasturias.com\/noticias","nextItem":{"@type":"ListItem","@id":"https:\/\/www.eldigitaldeasturias.com\/noticias\/category\/actualidad\/#listItem","name":"Actualidad"}},{"@type":"ListItem","@id":"https:\/\/www.eldigitaldeasturias.com\/noticias\/category\/actualidad\/#listItem","position":2,"name":"Actualidad","item":"https:\/\/www.eldigitaldeasturias.com\/noticias\/category\/actualidad\/","nextItem":{"@type":"ListItem","@id":"https:\/\/www.eldigitaldeasturias.com\/noticias\/simeone-asume-el-dolor-de-la-derrota-en-el-bernabeu\/#listItem","name":"Simeone asume el \u00abdolor\u00bb de la derrota en el Bernab\u00e9u"},"previousItem":{"@type":"ListItem","@id":"https:\/\/www.eldigitaldeasturias.com\/noticias#listItem","name":"Home"}},{"@type":"ListItem","@id":"https:\/\/www.eldigitaldeasturias.com\/noticias\/simeone-asume-el-dolor-de-la-derrota-en-el-bernabeu\/#listItem","position":3,"name":"Simeone asume el \u00abdolor\u00bb de la derrota en el Bernab\u00e9u","previousItem":{"@type":"ListItem","@id":"https:\/\/www.eldigitaldeasturias.com\/noticias\/category\/actualidad\/#listItem","name":"Actualidad"}}]},{"@type":"Organization","@id":"https:\/\/www.eldigitaldeasturias.com\/noticias\/#organization","name":"El Digital de Asturias","description":"Hemeroteca","url":"https:\/\/www.eldigitaldeasturias.com\/noticias\/","email":"info@eldigitaldeasturias.com","telephone":"+34652131393","logo":{"@type":"ImageObject","url":"https:\/\/www.eldigitaldeasturias.com\/noticias\/wp-content\/uploads\/2020\/12\/EDA.jpg","@id":"https:\/\/www.eldigitaldeasturias.com\/noticias\/simeone-asume-el-dolor-de-la-derrota-en-el-bernabeu\/#organizationLogo"},"image":{"@id":"https:\/\/www.eldigitaldeasturias.com\/noticias\/simeone-asume-el-dolor-de-la-derrota-en-el-bernabeu\/#organizationLogo"},"sameAs":["https:\/\/facebook.com\/eldigitaldeasturias","https:\/\/www.youtube.com\/channel\/UCZP-2wLEB9Rv6erhFmqVnvg"],"address":{"@id":"https:\/\/www.eldigitaldeasturias.com\/noticias\/#postaladdress","@type":"PostalAddress","streetAddress":"san antonio 4","postalCode":"33430","addressLocality":"Cand\u00e1s","addressRegion":"Asturias","addressCountry":"ES"}},{"@type":"Person","@id":"https:\/\/www.eldigitaldeasturias.com\/noticias\/author\/admin\/#author","url":"https:\/\/www.eldigitaldeasturias.com\/noticias\/author\/admin\/","name":"El Digital de Asturias","image":{"@type":"ImageObject","@id":"https:\/\/www.eldigitaldeasturias.com\/noticias\/simeone-asume-el-dolor-de-la-derrota-en-el-bernabeu\/#authorImage","url":"https:\/\/secure.gravatar.com\/avatar\/df2aeffc32bcd13f8d26072ef8a91b623d677766deac7f97ca815868cd41bf5e?s=96&d=mm&r=g","width":96,"height":96,"caption":"El Digital de Asturias"}},{"@type":"WebPage","@id":"https:\/\/www.eldigitaldeasturias.com\/noticias\/simeone-asume-el-dolor-de-la-derrota-en-el-bernabeu\/#webpage","url":"https:\/\/www.eldigitaldeasturias.com\/noticias\/simeone-asume-el-dolor-de-la-derrota-en-el-bernabeu\/","name":"Simeone asume el \u00abdolor\u00bb de la derrota en el Bernab\u00e9u - El Digital de Asturias","description":"Madrid, 5 feb (dpa) - El entrenador del Atl\u00e9tico de Madrid, Diego Simeone, asumi\u00f3 el dolor de la goleada 3-0 encajada hoy en el Santiago Bernab\u00e9u y asegur\u00f3 que su vestuario est\u00e1 \"golpeado\", adem\u00e1s de felicitar al Real Madrid por jugar \"un muy buen partido\". Apenas cinco minutos dur\u00f3 la rueda de prensa de Simeone","inLanguage":"es-ES","isPartOf":{"@id":"https:\/\/www.eldigitaldeasturias.com\/noticias\/#website"},"breadcrumb":{"@id":"https:\/\/www.eldigitaldeasturias.com\/noticias\/simeone-asume-el-dolor-de-la-derrota-en-el-bernabeu\/#breadcrumblist"},"author":{"@id":"https:\/\/www.eldigitaldeasturias.com\/noticias\/author\/admin\/#author"},"creator":{"@id":"https:\/\/www.eldigitaldeasturias.com\/noticias\/author\/admin\/#author"},"image":{"@type":"ImageObject","url":438685,"@id":"https:\/\/www.eldigitaldeasturias.com\/noticias\/simeone-asume-el-dolor-de-la-derrota-en-el-bernabeu\/#mainImage"},"primaryImageOfPage":{"@id":"https:\/\/www.eldigitaldeasturias.com\/noticias\/simeone-asume-el-dolor-de-la-derrota-en-el-bernabeu\/#mainImage"},"datePublished":"2014-02-06T03:29:23+01:00","dateModified":"2014-02-06T03:29:23+01:00"},{"@type":"WebSite","@id":"https:\/\/www.eldigitaldeasturias.com\/noticias\/#website","url":"https:\/\/www.eldigitaldeasturias.com\/noticias\/","name":"El Digital de Asturias - Diario de actualidad y noticias","alternateName":"El Digital de Asturias - Diario de actualidad y noticias","description":"Hemeroteca","inLanguage":"es-ES","publisher":{"@id":"https:\/\/www.eldigitaldeasturias.com\/noticias\/#organization"}}]},"og:locale":"es_ES","og:site_name":"El Digital de Asturias","og:type":"article","og:title":"Simeone asume el \u00abdolor\u00bb de la derrota en el Bernab\u00e9u - El Digital de Asturias","og:description":"Madrid, 5 feb (dpa) - El entrenador del Atl\u00e9tico de Madrid, Diego Simeone, asumi\u00f3 el dolor de la goleada 3-0 encajada hoy en el Santiago Bernab\u00e9u y asegur\u00f3 que su vestuario est\u00e1 &quot;golpeado&quot;, adem\u00e1s de felicitar al Real Madrid por jugar &quot;un muy buen partido&quot;. Apenas cinco minutos dur\u00f3 la rueda de prensa de Simeone","og:url":"https:\/\/www.eldigitaldeasturias.com\/noticias\/simeone-asume-el-dolor-de-la-derrota-en-el-bernabeu\/","article:tag":["actualidad"],"article:published_time":"2014-02-06T04:29:23+00:00","article:modified_time":"2014-02-06T04:29:23+00:00","article:publisher":"https:\/\/facebook.com\/eldigitaldeasturias","twitter:card":"summary_large_image","twitter:title":"Simeone asume el \u00abdolor\u00bb de la derrota en el Bernab\u00e9u - El Digital de Asturias","twitter:description":"Madrid, 5 feb (dpa) - El entrenador del Atl\u00e9tico de Madrid, Diego Simeone, asumi\u00f3 el dolor de la goleada 3-0 encajada hoy en el Santiago Bernab\u00e9u y asegur\u00f3 que su vestuario est\u00e1 &quot;golpeado&quot;, adem\u00e1s de felicitar al Real Madrid por jugar &quot;un muy buen partido&quot;. Apenas cinco minutos dur\u00f3 la rueda de prensa de Simeone","twitter:label1":"Escrito por","twitter:data1":"El Digital de Asturias","twitter:label2":"Tiempo de lectura estimado","twitter:data2":"2 minutos"},"aioseo_meta_data":{"post_id":"484773","title":null,"description":null,"keywords":null,"keyphrases":null,"primary_term":null,"canonical_url":null,"og_title":null,"og_description":null,"og_object_type":"default","og_image_type":"default","og_image_url":null,"og_image_width":null,"og_image_height":null,"og_image_custom_url":null,"og_image_custom_fields":null,"og_video":null,"og_custom_url":null,"og_article_section":null,"og_article_tags":null,"twitter_use_og":true,"twitter_card":"default","twitter_image_type":"default","twitter_image_url":null,"twitter_image_custom_url":null,"twitter_image_custom_fields":null,"twitter_title":null,"twitter_description":null,"schema":{"blockGraphs":[],"customGraphs":[],"default":{"data":{"Article":[],"Course":[],"Dataset":[],"FAQPage":[],"Movie":[],"Person":[],"Product":[],"ProductReview":[],"Car":[],"Recipe":[],"Service":[],"SoftwareApplication":[],"WebPage":[]},"graphName":"","isEnabled":true},"graphs":[],"defaultGraph":"","defaultPostTypeGraph":""},"schema_type":null,"schema_type_options":null,"pillar_content":false,"robots_default":true,"robots_noindex":false,"robots_noarchive":false,"robots_nosnippet":false,"robots_nofollow":false,"robots_noimageindex":false,"robots_noodp":false,"robots_notranslate":false,"robots_max_snippet":null,"robots_max_videopreview":null,"robots_max_imagepreview":"none","priority":null,"frequency":null,"local_seo":null,"seo_analyzer_scan_date":"2026-06-02 17:12:57","breadcrumb_settings":null,"limit_modified_date":false,"open_ai":null,"ai":null,"created":"2020-11-14 22:55:06","updated":"2026-06-02 17:12:57","focus_keyword":null,"additional_keywords":null,"truseo_locale":null},"aioseo_breadcrumb":"<div class=\"aioseo-breadcrumbs\"><span class=\"aioseo-breadcrumb\">\n\t<a href=\"https:\/\/www.eldigitaldeasturias.com\/noticias\" title=\"Home\">Home<\/a>\n<\/span><span class=\"aioseo-breadcrumb-separator\">\u2013<\/span><span class=\"aioseo-breadcrumb\">\n\t<a href=\"https:\/\/www.eldigitaldeasturias.com\/noticias\/category\/actualidad\/\" title=\"Actualidad\">Actualidad<\/a>\n<\/span><span class=\"aioseo-breadcrumb-separator\">\u2013<\/span><span class=\"aioseo-breadcrumb\">\n\t<a href=\"https:\/\/www.eldigitaldeasturias.com\/noticias\/simeone-asume-el-dolor-de-la-derrota-en-el-bernabeu\/\" title=\"Simeone asume el \u00abdolor\u00bb de la derrota en el Bernab\u00e9u\">Simeone asume el \u00abdolor\u00bb de la derrota en el Bernab\u00e9u<\/a>\n<\/span><\/div>","aioseo_breadcrumb_json":[{"label":"Home","link":"https:\/\/www.eldigitaldeasturias.com\/noticias"},{"label":"Actualidad","link":"https:\/\/www.eldigitaldeasturias.com\/noticias\/category\/actualidad\/"},{"label":"Simeone asume el \u00abdolor\u00bb de la derrota en el Bernab\u00e9u","link":"https:\/\/www.eldigitaldeasturias.com\/noticias\/simeone-asume-el-dolor-de-la-derrota-en-el-bernabeu\/"}],"_links":{"self":[{"href":"https:\/\/www.eldigitaldeasturias.com\/noticias\/wp-json\/wp\/v2\/posts\/484773","targetHints":{"allow":["GET"]}}],"collection":[{"href":"https:\/\/www.eldigitaldeasturias.com\/noticias\/wp-json\/wp\/v2\/posts"}],"about":[{"href":"https:\/\/www.eldigitaldeasturias.com\/noticias\/wp-json\/wp\/v2\/types\/post"}],"author":[{"embeddable":true,"href":"https:\/\/www.eldigitaldeasturias.com\/noticias\/wp-json\/wp\/v2\/users\/1"}],"replies":[{"embeddable":true,"href":"https:\/\/www.eldigitaldeasturias.com\/noticias\/wp-json\/wp\/v2\/comments?post=484773"}],"version-history":[{"count":0,"href":"https:\/\/www.eldigitaldeasturias.com\/noticias\/wp-json\/wp\/v2\/posts\/484773\/revisions"}],"wp:attachment":[{"href":"https:\/\/www.eldigitaldeasturias.com\/noticias\/wp-json\/wp\/v2\/media?parent=484773"}],"wp:term":[{"taxonomy":"category","embeddable":true,"href":"https:\/\/www.eldigitaldeasturias.com\/noticias\/wp-json\/wp\/v2\/categories?post=484773"},{"taxonomy":"post_tag","embeddable":true,"href":"https:\/\/www.eldigitaldeasturias.com\/noticias\/wp-json\/wp\/v2\/tags?post=484773"}],"curies":[{"name":"wp","href":"https:\/\/api.w.org\/{rel}","templated":true}]}}