{"id":484771,"date":"2014-02-06T03:27:33","date_gmt":"2014-02-06T04:27:33","guid":{"rendered":"http:\/\/www.eldigitaldeasturias.com\/noticias\/?p=484771"},"modified":"2014-02-06T03:27:33","modified_gmt":"2014-02-06T04:27:33","slug":"pele-preocupado-por-el-retraso-en-los-estadios-del-mundial","status":"publish","type":"post","link":"https:\/\/www.eldigitaldeasturias.com\/noticias\/pele-preocupado-por-el-retraso-en-los-estadios-del-mundial\/","title":{"rendered":"Pel\u00e9 preocupado por el retraso en los estadios del Mundial"},"content":{"rendered":"<p><img loading=\"lazy\" decoding=\"async\" class=\"alignleft size-medium wp-image-438551\" alt=\"Pele wird 70.\" src=\"https:\/\/www.eldigitaldeasturias.com\/noticias\/wp-content\/uploads\/2013\/10\/EL_EQUIPO_SO_ADO_EXI_35474912-249x320.jpg\" width=\"249\" height=\"320\" \/>R\u00edo de Janeiro, 5 feb (dpa) &#8211; El \u00abrey\u00bb del f\u00fatbol brasile\u00f1o, Pel\u00e9, volvi\u00f3 a criticar hoy los planes de protestas populares durante el Mundial de Brasil 2014 y se manifest\u00f3 preocupado por los retrasos en la preparaci\u00f3n de los estadios que recibir\u00e1n la m\u00e1xima cita del f\u00fatbol entre junio y julio pr\u00f3ximos.<\/p>\n<p>\u00abLos que, como yo, trabajaron por cuatro a\u00f1os para que Brasil tuviera la Copa del Mundo y viajaron por todo el mundo pidiendo votos, preocupa la posibilidad de que no haya una buena organizaci\u00f3n. Pero yo le tengo confianza a Brasil\u00bb, dijo el ex futbolista, durante un evento publicitario realizado en R\u00edo de Janeiro.<\/p>\n<p>En la misma oportunidad, \u00abO Rei\u00bb volvi\u00f3 a expresar su temor a que se repitan durante el Mundial las masivas protestas callejeras que sacudieron Brasil en junio pasado, durante la Copa Confederaciones.<\/p>\n<p>Pel\u00e9 insisti\u00f3 que el f\u00fatbol no tiene ninguna relaci\u00f3n con la corrupci\u00f3n ni con los problemas sociales y, al contrario, \u00abes lo que m\u00e1s promociona nuestro pa\u00eds\u00bb.<\/p>\n<p>\u00abEstamos arruinando todo porque un grupo distorsiona las cosas\u00bb, se quej\u00f3 el septuagenario ex futbolista, quien en la semana pasada, en una entrevista al canal televisivo ESPN, tambi\u00e9n hab\u00eda embistido contra los grupos \u00abantiMundial\u00bb que convocan a protestas en junio y julio.<\/p>\n<p>\u00abHonestamente me preocuparon mucho todas esas manifestaciones en la Copa Confederaciones. El f\u00fatbol siempre promocion\u00f3 a Brasil, y ahora tenemos tres citas maravillosas -Copa Confederaciones, Mundial y Juegos Ol\u00edmpicos (de R\u00edo 2016)- que podr\u00e1n llenar el pa\u00eds de turistas y generar beneficios, y los mismos brasile\u00f1os arruinan esa fiesta\u00bb, dijo entonces.<\/p>\n","protected":false},"excerpt":{"rendered":"<p>R\u00edo de Janeiro, 5 feb (dpa) &#8211; El \u00abrey\u00bb del f\u00fatbol brasile\u00f1o, Pel\u00e9, volvi\u00f3 a criticar hoy los planes de protestas populares durante el Mundial de Brasil 2014 y se manifest\u00f3 preocupado por los retrasos en la preparaci\u00f3n de los estadios que recibir\u00e1n la m\u00e1xima cita del f\u00fatbol entre junio y julio pr\u00f3ximos. \u00abLos que, [&hellip;]<\/p>\n","protected":false},"author":1,"featured_media":438551,"comment_status":"closed","ping_status":"open","sticky":false,"template":"","format":"standard","meta":{"footnotes":""},"categories":[1],"tags":[],"class_list":["post-484771","post","type-post","status-publish","format-standard","has-post-thumbnail","hentry","category-actualidad"],"aioseo_notices":[],"aioseo_head":"\n\t\t<!-- All in One SEO Pro 5.0.1 - aioseo.com -->\n\t<meta name=\"description\" content=\"R\u00edo de Janeiro, 5 feb (dpa) - El &quot;rey&quot; del f\u00fatbol brasile\u00f1o, Pel\u00e9, volvi\u00f3 a criticar hoy los planes de protestas populares durante el Mundial de Brasil 2014 y se manifest\u00f3 preocupado por los retrasos en la preparaci\u00f3n de los estadios que recibir\u00e1n la m\u00e1xima cita del f\u00fatbol entre junio y julio pr\u00f3ximos. &quot;Los que,\" \/>\n\t<meta name=\"robots\" content=\"max-image-preview:large\" \/>\n\t<meta name=\"author\" content=\"El Digital de Asturias\"\/>\n\t<meta name=\"google-site-verification\" content=\"UA-38556648-1\" \/>\n\t<meta name=\"msvalidate.01\" content=\"7dfe9f3f1b24437ab69f4f2559babe99\" \/>\n\t<meta name=\"keywords\" content=\"actualidad\" \/>\n\t<link rel=\"canonical\" href=\"https:\/\/www.eldigitaldeasturias.com\/noticias\/pele-preocupado-por-el-retraso-en-los-estadios-del-mundial\/\" \/>\n\t<meta name=\"generator\" content=\"All in One SEO Pro (AIOSEO) 5.0.1\" \/>\n\t\t<meta property=\"og:locale\" content=\"es_ES\" \/>\n\t\t<meta property=\"og:site_name\" content=\"El Digital de Asturias\" \/>\n\t\t<meta property=\"og:type\" content=\"article\" \/>\n\t\t<meta property=\"og:title\" content=\"Pel\u00e9 preocupado por el retraso en los estadios del Mundial - El Digital de Asturias\" \/>\n\t\t<meta property=\"og:description\" content=\"R\u00edo de Janeiro, 5 feb (dpa) - El &quot;rey&quot; del f\u00fatbol brasile\u00f1o, Pel\u00e9, volvi\u00f3 a criticar hoy los planes de protestas populares durante el Mundial de Brasil 2014 y se manifest\u00f3 preocupado por los retrasos en la preparaci\u00f3n de los estadios que recibir\u00e1n la m\u00e1xima cita del f\u00fatbol entre junio y julio pr\u00f3ximos. &quot;Los que,\" \/>\n\t\t<meta property=\"og:url\" content=\"https:\/\/www.eldigitaldeasturias.com\/noticias\/pele-preocupado-por-el-retraso-en-los-estadios-del-mundial\/\" \/>\n\t\t<meta property=\"article:tag\" content=\"actualidad\" \/>\n\t\t<meta property=\"article:published_time\" content=\"2014-02-06T04:27:33+00:00\" \/>\n\t\t<meta property=\"article:modified_time\" content=\"2014-02-06T04:27:33+00:00\" \/>\n\t\t<meta property=\"article:publisher\" content=\"https:\/\/facebook.com\/eldigitaldeasturias\" \/>\n\t\t<meta name=\"twitter:card\" content=\"summary_large_image\" \/>\n\t\t<meta name=\"twitter:title\" content=\"Pel\u00e9 preocupado por el retraso en los estadios del Mundial - El Digital de Asturias\" \/>\n\t\t<meta name=\"twitter:description\" content=\"R\u00edo de Janeiro, 5 feb (dpa) - El &quot;rey&quot; del f\u00fatbol brasile\u00f1o, Pel\u00e9, volvi\u00f3 a criticar hoy los planes de protestas populares durante el Mundial de Brasil 2014 y se manifest\u00f3 preocupado por los retrasos en la preparaci\u00f3n de los estadios que recibir\u00e1n la m\u00e1xima cita del f\u00fatbol entre junio y julio pr\u00f3ximos. &quot;Los que,\" \/>\n\t\t<meta name=\"twitter:label1\" content=\"Escrito por\" \/>\n\t\t<meta name=\"twitter:data1\" content=\"El Digital de Asturias\" \/>\n\t\t<meta name=\"twitter:label2\" content=\"Tiempo de lectura estimado\" \/>\n\t\t<meta name=\"twitter:data2\" content=\"1 minuto\" \/>\n\t\t<script type=\"application\/ld+json\" class=\"aioseo-schema\">\n\t\t\t{\"@context\":\"https:\\\/\\\/schema.org\",\"@graph\":[{\"@type\":\"BlogPosting\",\"@id\":\"https:\\\/\\\/www.eldigitaldeasturias.com\\\/noticias\\\/pele-preocupado-por-el-retraso-en-los-estadios-del-mundial\\\/#blogposting\",\"name\":\"Pel\\u00e9 preocupado por el retraso en los estadios del Mundial - El Digital de Asturias\",\"headline\":\"Pel\\u00e9 preocupado por el retraso en los estadios del Mundial\",\"author\":{\"@id\":\"https:\\\/\\\/www.eldigitaldeasturias.com\\\/noticias\\\/author\\\/admin\\\/#author\"},\"publisher\":{\"@id\":\"https:\\\/\\\/www.eldigitaldeasturias.com\\\/noticias\\\/#organization\"},\"image\":{\"@type\":\"ImageObject\",\"url\":438551},\"datePublished\":\"2014-02-06T03:27:33+01:00\",\"dateModified\":\"2014-02-06T03:27:33+01:00\",\"inLanguage\":\"es-ES\",\"mainEntityOfPage\":{\"@id\":\"https:\\\/\\\/www.eldigitaldeasturias.com\\\/noticias\\\/pele-preocupado-por-el-retraso-en-los-estadios-del-mundial\\\/#webpage\"},\"isPartOf\":{\"@id\":\"https:\\\/\\\/www.eldigitaldeasturias.com\\\/noticias\\\/pele-preocupado-por-el-retraso-en-los-estadios-del-mundial\\\/#webpage\"},\"articleSection\":\"Actualidad\"},{\"@type\":\"BreadcrumbList\",\"@id\":\"https:\\\/\\\/www.eldigitaldeasturias.com\\\/noticias\\\/pele-preocupado-por-el-retraso-en-los-estadios-del-mundial\\\/#breadcrumblist\",\"itemListElement\":[{\"@type\":\"ListItem\",\"@id\":\"https:\\\/\\\/www.eldigitaldeasturias.com\\\/noticias#listItem\",\"position\":1,\"name\":\"Home\",\"item\":\"https:\\\/\\\/www.eldigitaldeasturias.com\\\/noticias\",\"nextItem\":{\"@type\":\"ListItem\",\"@id\":\"https:\\\/\\\/www.eldigitaldeasturias.com\\\/noticias\\\/category\\\/actualidad\\\/#listItem\",\"name\":\"Actualidad\"}},{\"@type\":\"ListItem\",\"@id\":\"https:\\\/\\\/www.eldigitaldeasturias.com\\\/noticias\\\/category\\\/actualidad\\\/#listItem\",\"position\":2,\"name\":\"Actualidad\",\"item\":\"https:\\\/\\\/www.eldigitaldeasturias.com\\\/noticias\\\/category\\\/actualidad\\\/\",\"nextItem\":{\"@type\":\"ListItem\",\"@id\":\"https:\\\/\\\/www.eldigitaldeasturias.com\\\/noticias\\\/pele-preocupado-por-el-retraso-en-los-estadios-del-mundial\\\/#listItem\",\"name\":\"Pel\\u00e9 preocupado por el retraso en los estadios del Mundial\"},\"previousItem\":{\"@type\":\"ListItem\",\"@id\":\"https:\\\/\\\/www.eldigitaldeasturias.com\\\/noticias#listItem\",\"name\":\"Home\"}},{\"@type\":\"ListItem\",\"@id\":\"https:\\\/\\\/www.eldigitaldeasturias.com\\\/noticias\\\/pele-preocupado-por-el-retraso-en-los-estadios-del-mundial\\\/#listItem\",\"position\":3,\"name\":\"Pel\\u00e9 preocupado por el retraso en los estadios del Mundial\",\"previousItem\":{\"@type\":\"ListItem\",\"@id\":\"https:\\\/\\\/www.eldigitaldeasturias.com\\\/noticias\\\/category\\\/actualidad\\\/#listItem\",\"name\":\"Actualidad\"}}]},{\"@type\":\"Organization\",\"@id\":\"https:\\\/\\\/www.eldigitaldeasturias.com\\\/noticias\\\/#organization\",\"name\":\"El Digital de Asturias\",\"description\":\"Hemeroteca\",\"url\":\"https:\\\/\\\/www.eldigitaldeasturias.com\\\/noticias\\\/\",\"email\":\"info@eldigitaldeasturias.com\",\"telephone\":\"+34652131393\",\"logo\":{\"@type\":\"ImageObject\",\"url\":\"https:\\\/\\\/www.eldigitaldeasturias.com\\\/noticias\\\/wp-content\\\/uploads\\\/2020\\\/12\\\/EDA.jpg\",\"@id\":\"https:\\\/\\\/www.eldigitaldeasturias.com\\\/noticias\\\/pele-preocupado-por-el-retraso-en-los-estadios-del-mundial\\\/#organizationLogo\"},\"image\":{\"@id\":\"https:\\\/\\\/www.eldigitaldeasturias.com\\\/noticias\\\/pele-preocupado-por-el-retraso-en-los-estadios-del-mundial\\\/#organizationLogo\"},\"sameAs\":[\"https:\\\/\\\/facebook.com\\\/eldigitaldeasturias\",\"https:\\\/\\\/www.youtube.com\\\/channel\\\/UCZP-2wLEB9Rv6erhFmqVnvg\"],\"address\":{\"@id\":\"https:\\\/\\\/www.eldigitaldeasturias.com\\\/noticias\\\/#postaladdress\",\"@type\":\"PostalAddress\",\"streetAddress\":\"san antonio 4\",\"postalCode\":\"33430\",\"addressLocality\":\"Cand\\u00e1s\",\"addressRegion\":\"Asturias\",\"addressCountry\":\"ES\"}},{\"@type\":\"Person\",\"@id\":\"https:\\\/\\\/www.eldigitaldeasturias.com\\\/noticias\\\/author\\\/admin\\\/#author\",\"url\":\"https:\\\/\\\/www.eldigitaldeasturias.com\\\/noticias\\\/author\\\/admin\\\/\",\"name\":\"El Digital de Asturias\",\"image\":{\"@type\":\"ImageObject\",\"@id\":\"https:\\\/\\\/www.eldigitaldeasturias.com\\\/noticias\\\/pele-preocupado-por-el-retraso-en-los-estadios-del-mundial\\\/#authorImage\",\"url\":\"https:\\\/\\\/secure.gravatar.com\\\/avatar\\\/df2aeffc32bcd13f8d26072ef8a91b623d677766deac7f97ca815868cd41bf5e?s=96&d=mm&r=g\",\"width\":96,\"height\":96,\"caption\":\"El Digital de Asturias\"}},{\"@type\":\"WebPage\",\"@id\":\"https:\\\/\\\/www.eldigitaldeasturias.com\\\/noticias\\\/pele-preocupado-por-el-retraso-en-los-estadios-del-mundial\\\/#webpage\",\"url\":\"https:\\\/\\\/www.eldigitaldeasturias.com\\\/noticias\\\/pele-preocupado-por-el-retraso-en-los-estadios-del-mundial\\\/\",\"name\":\"Pel\\u00e9 preocupado por el retraso en los estadios del Mundial - El Digital de Asturias\",\"description\":\"R\\u00edo de Janeiro, 5 feb (dpa) - El \\\"rey\\\" del f\\u00fatbol brasile\\u00f1o, Pel\\u00e9, volvi\\u00f3 a criticar hoy los planes de protestas populares durante el Mundial de Brasil 2014 y se manifest\\u00f3 preocupado por los retrasos en la preparaci\\u00f3n de los estadios que recibir\\u00e1n la m\\u00e1xima cita del f\\u00fatbol entre junio y julio pr\\u00f3ximos. \\\"Los que,\",\"inLanguage\":\"es-ES\",\"isPartOf\":{\"@id\":\"https:\\\/\\\/www.eldigitaldeasturias.com\\\/noticias\\\/#website\"},\"breadcrumb\":{\"@id\":\"https:\\\/\\\/www.eldigitaldeasturias.com\\\/noticias\\\/pele-preocupado-por-el-retraso-en-los-estadios-del-mundial\\\/#breadcrumblist\"},\"author\":{\"@id\":\"https:\\\/\\\/www.eldigitaldeasturias.com\\\/noticias\\\/author\\\/admin\\\/#author\"},\"creator\":{\"@id\":\"https:\\\/\\\/www.eldigitaldeasturias.com\\\/noticias\\\/author\\\/admin\\\/#author\"},\"image\":{\"@type\":\"ImageObject\",\"url\":438551,\"@id\":\"https:\\\/\\\/www.eldigitaldeasturias.com\\\/noticias\\\/pele-preocupado-por-el-retraso-en-los-estadios-del-mundial\\\/#mainImage\"},\"primaryImageOfPage\":{\"@id\":\"https:\\\/\\\/www.eldigitaldeasturias.com\\\/noticias\\\/pele-preocupado-por-el-retraso-en-los-estadios-del-mundial\\\/#mainImage\"},\"datePublished\":\"2014-02-06T03:27:33+01:00\",\"dateModified\":\"2014-02-06T03:27:33+01:00\"},{\"@type\":\"WebSite\",\"@id\":\"https:\\\/\\\/www.eldigitaldeasturias.com\\\/noticias\\\/#website\",\"url\":\"https:\\\/\\\/www.eldigitaldeasturias.com\\\/noticias\\\/\",\"name\":\"El Digital de Asturias - Diario de actualidad y noticias\",\"alternateName\":\"El Digital de Asturias - Diario de actualidad y noticias\",\"description\":\"Hemeroteca\",\"inLanguage\":\"es-ES\",\"publisher\":{\"@id\":\"https:\\\/\\\/www.eldigitaldeasturias.com\\\/noticias\\\/#organization\"}}]}\n\t\t<\/script>\n\t\t<!-- All in One SEO Pro -->\r\n\t\t<title>Pel\u00e9 preocupado por el retraso en los estadios del Mundial - El Digital de Asturias<\/title>\n\n","aioseo_head_json":{"title":"Pel\u00e9 preocupado por el retraso en los estadios del Mundial - El Digital de Asturias","description":"R\u00edo de Janeiro, 5 feb (dpa) - El \"rey\" del f\u00fatbol brasile\u00f1o, Pel\u00e9, volvi\u00f3 a criticar hoy los planes de protestas populares durante el Mundial de Brasil 2014 y se manifest\u00f3 preocupado por los retrasos en la preparaci\u00f3n de los estadios que recibir\u00e1n la m\u00e1xima cita del f\u00fatbol entre junio y julio pr\u00f3ximos. \"Los que,","canonical_url":"https:\/\/www.eldigitaldeasturias.com\/noticias\/pele-preocupado-por-el-retraso-en-los-estadios-del-mundial\/","robots":"max-image-preview:large","keywords":"actualidad","webmasterTools":{"google-site-verification":"UA-38556648-1","msvalidate.01":"7dfe9f3f1b24437ab69f4f2559babe99","miscellaneous":""},"schema":{"@context":"https:\/\/schema.org","@graph":[{"@type":"BlogPosting","@id":"https:\/\/www.eldigitaldeasturias.com\/noticias\/pele-preocupado-por-el-retraso-en-los-estadios-del-mundial\/#blogposting","name":"Pel\u00e9 preocupado por el retraso en los estadios del Mundial - El Digital de Asturias","headline":"Pel\u00e9 preocupado por el retraso en los estadios del Mundial","author":{"@id":"https:\/\/www.eldigitaldeasturias.com\/noticias\/author\/admin\/#author"},"publisher":{"@id":"https:\/\/www.eldigitaldeasturias.com\/noticias\/#organization"},"image":{"@type":"ImageObject","url":438551},"datePublished":"2014-02-06T03:27:33+01:00","dateModified":"2014-02-06T03:27:33+01:00","inLanguage":"es-ES","mainEntityOfPage":{"@id":"https:\/\/www.eldigitaldeasturias.com\/noticias\/pele-preocupado-por-el-retraso-en-los-estadios-del-mundial\/#webpage"},"isPartOf":{"@id":"https:\/\/www.eldigitaldeasturias.com\/noticias\/pele-preocupado-por-el-retraso-en-los-estadios-del-mundial\/#webpage"},"articleSection":"Actualidad"},{"@type":"BreadcrumbList","@id":"https:\/\/www.eldigitaldeasturias.com\/noticias\/pele-preocupado-por-el-retraso-en-los-estadios-del-mundial\/#breadcrumblist","itemListElement":[{"@type":"ListItem","@id":"https:\/\/www.eldigitaldeasturias.com\/noticias#listItem","position":1,"name":"Home","item":"https:\/\/www.eldigitaldeasturias.com\/noticias","nextItem":{"@type":"ListItem","@id":"https:\/\/www.eldigitaldeasturias.com\/noticias\/category\/actualidad\/#listItem","name":"Actualidad"}},{"@type":"ListItem","@id":"https:\/\/www.eldigitaldeasturias.com\/noticias\/category\/actualidad\/#listItem","position":2,"name":"Actualidad","item":"https:\/\/www.eldigitaldeasturias.com\/noticias\/category\/actualidad\/","nextItem":{"@type":"ListItem","@id":"https:\/\/www.eldigitaldeasturias.com\/noticias\/pele-preocupado-por-el-retraso-en-los-estadios-del-mundial\/#listItem","name":"Pel\u00e9 preocupado por el retraso en los estadios del Mundial"},"previousItem":{"@type":"ListItem","@id":"https:\/\/www.eldigitaldeasturias.com\/noticias#listItem","name":"Home"}},{"@type":"ListItem","@id":"https:\/\/www.eldigitaldeasturias.com\/noticias\/pele-preocupado-por-el-retraso-en-los-estadios-del-mundial\/#listItem","position":3,"name":"Pel\u00e9 preocupado por el retraso en los estadios del Mundial","previousItem":{"@type":"ListItem","@id":"https:\/\/www.eldigitaldeasturias.com\/noticias\/category\/actualidad\/#listItem","name":"Actualidad"}}]},{"@type":"Organization","@id":"https:\/\/www.eldigitaldeasturias.com\/noticias\/#organization","name":"El Digital de Asturias","description":"Hemeroteca","url":"https:\/\/www.eldigitaldeasturias.com\/noticias\/","email":"info@eldigitaldeasturias.com","telephone":"+34652131393","logo":{"@type":"ImageObject","url":"https:\/\/www.eldigitaldeasturias.com\/noticias\/wp-content\/uploads\/2020\/12\/EDA.jpg","@id":"https:\/\/www.eldigitaldeasturias.com\/noticias\/pele-preocupado-por-el-retraso-en-los-estadios-del-mundial\/#organizationLogo"},"image":{"@id":"https:\/\/www.eldigitaldeasturias.com\/noticias\/pele-preocupado-por-el-retraso-en-los-estadios-del-mundial\/#organizationLogo"},"sameAs":["https:\/\/facebook.com\/eldigitaldeasturias","https:\/\/www.youtube.com\/channel\/UCZP-2wLEB9Rv6erhFmqVnvg"],"address":{"@id":"https:\/\/www.eldigitaldeasturias.com\/noticias\/#postaladdress","@type":"PostalAddress","streetAddress":"san antonio 4","postalCode":"33430","addressLocality":"Cand\u00e1s","addressRegion":"Asturias","addressCountry":"ES"}},{"@type":"Person","@id":"https:\/\/www.eldigitaldeasturias.com\/noticias\/author\/admin\/#author","url":"https:\/\/www.eldigitaldeasturias.com\/noticias\/author\/admin\/","name":"El Digital de Asturias","image":{"@type":"ImageObject","@id":"https:\/\/www.eldigitaldeasturias.com\/noticias\/pele-preocupado-por-el-retraso-en-los-estadios-del-mundial\/#authorImage","url":"https:\/\/secure.gravatar.com\/avatar\/df2aeffc32bcd13f8d26072ef8a91b623d677766deac7f97ca815868cd41bf5e?s=96&d=mm&r=g","width":96,"height":96,"caption":"El Digital de Asturias"}},{"@type":"WebPage","@id":"https:\/\/www.eldigitaldeasturias.com\/noticias\/pele-preocupado-por-el-retraso-en-los-estadios-del-mundial\/#webpage","url":"https:\/\/www.eldigitaldeasturias.com\/noticias\/pele-preocupado-por-el-retraso-en-los-estadios-del-mundial\/","name":"Pel\u00e9 preocupado por el retraso en los estadios del Mundial - El Digital de Asturias","description":"R\u00edo de Janeiro, 5 feb (dpa) - El \"rey\" del f\u00fatbol brasile\u00f1o, Pel\u00e9, volvi\u00f3 a criticar hoy los planes de protestas populares durante el Mundial de Brasil 2014 y se manifest\u00f3 preocupado por los retrasos en la preparaci\u00f3n de los estadios que recibir\u00e1n la m\u00e1xima cita del f\u00fatbol entre junio y julio pr\u00f3ximos. \"Los que,","inLanguage":"es-ES","isPartOf":{"@id":"https:\/\/www.eldigitaldeasturias.com\/noticias\/#website"},"breadcrumb":{"@id":"https:\/\/www.eldigitaldeasturias.com\/noticias\/pele-preocupado-por-el-retraso-en-los-estadios-del-mundial\/#breadcrumblist"},"author":{"@id":"https:\/\/www.eldigitaldeasturias.com\/noticias\/author\/admin\/#author"},"creator":{"@id":"https:\/\/www.eldigitaldeasturias.com\/noticias\/author\/admin\/#author"},"image":{"@type":"ImageObject","url":438551,"@id":"https:\/\/www.eldigitaldeasturias.com\/noticias\/pele-preocupado-por-el-retraso-en-los-estadios-del-mundial\/#mainImage"},"primaryImageOfPage":{"@id":"https:\/\/www.eldigitaldeasturias.com\/noticias\/pele-preocupado-por-el-retraso-en-los-estadios-del-mundial\/#mainImage"},"datePublished":"2014-02-06T03:27:33+01:00","dateModified":"2014-02-06T03:27:33+01:00"},{"@type":"WebSite","@id":"https:\/\/www.eldigitaldeasturias.com\/noticias\/#website","url":"https:\/\/www.eldigitaldeasturias.com\/noticias\/","name":"El Digital de Asturias - Diario de actualidad y noticias","alternateName":"El Digital de Asturias - Diario de actualidad y noticias","description":"Hemeroteca","inLanguage":"es-ES","publisher":{"@id":"https:\/\/www.eldigitaldeasturias.com\/noticias\/#organization"}}]},"og:locale":"es_ES","og:site_name":"El Digital de Asturias","og:type":"article","og:title":"Pel\u00e9 preocupado por el retraso en los estadios del Mundial - El Digital de Asturias","og:description":"R\u00edo de Janeiro, 5 feb (dpa) - El &quot;rey&quot; del f\u00fatbol brasile\u00f1o, Pel\u00e9, volvi\u00f3 a criticar hoy los planes de protestas populares durante el Mundial de Brasil 2014 y se manifest\u00f3 preocupado por los retrasos en la preparaci\u00f3n de los estadios que recibir\u00e1n la m\u00e1xima cita del f\u00fatbol entre junio y julio pr\u00f3ximos. &quot;Los que,","og:url":"https:\/\/www.eldigitaldeasturias.com\/noticias\/pele-preocupado-por-el-retraso-en-los-estadios-del-mundial\/","article:tag":["actualidad"],"article:published_time":"2014-02-06T04:27:33+00:00","article:modified_time":"2014-02-06T04:27:33+00:00","article:publisher":"https:\/\/facebook.com\/eldigitaldeasturias","twitter:card":"summary_large_image","twitter:title":"Pel\u00e9 preocupado por el retraso en los estadios del Mundial - El Digital de Asturias","twitter:description":"R\u00edo de Janeiro, 5 feb (dpa) - El &quot;rey&quot; del f\u00fatbol brasile\u00f1o, Pel\u00e9, volvi\u00f3 a criticar hoy los planes de protestas populares durante el Mundial de Brasil 2014 y se manifest\u00f3 preocupado por los retrasos en la preparaci\u00f3n de los estadios que recibir\u00e1n la m\u00e1xima cita del f\u00fatbol entre junio y julio pr\u00f3ximos. &quot;Los que,","twitter:label1":"Escrito por","twitter:data1":"El Digital de Asturias","twitter:label2":"Tiempo de lectura estimado","twitter:data2":"1 minuto"},"aioseo_meta_data":{"post_id":"484771","title":null,"description":null,"keywords":null,"keyphrases":null,"primary_term":null,"canonical_url":null,"og_title":null,"og_description":null,"og_object_type":"default","og_image_type":"default","og_image_url":null,"og_image_width":null,"og_image_height":null,"og_image_custom_url":null,"og_image_custom_fields":null,"og_video":null,"og_custom_url":null,"og_article_section":null,"og_article_tags":null,"twitter_use_og":true,"twitter_card":"default","twitter_image_type":"default","twitter_image_url":null,"twitter_image_custom_url":null,"twitter_image_custom_fields":null,"twitter_title":null,"twitter_description":null,"schema":{"blockGraphs":[],"customGraphs":[],"default":{"data":{"Article":[],"Course":[],"Dataset":[],"FAQPage":[],"Movie":[],"Person":[],"Product":[],"ProductReview":[],"Car":[],"Recipe":[],"Service":[],"SoftwareApplication":[],"WebPage":[]},"graphName":"","isEnabled":true},"graphs":[],"defaultGraph":"","defaultPostTypeGraph":""},"schema_type":null,"schema_type_options":null,"pillar_content":false,"robots_default":true,"robots_noindex":false,"robots_noarchive":false,"robots_nosnippet":false,"robots_nofollow":false,"robots_noimageindex":false,"robots_noodp":false,"robots_notranslate":false,"robots_max_snippet":null,"robots_max_videopreview":null,"robots_max_imagepreview":"none","priority":null,"frequency":null,"local_seo":null,"seo_analyzer_scan_date":"2026-06-02 17:10:32","breadcrumb_settings":null,"limit_modified_date":false,"open_ai":null,"ai":null,"created":"2020-11-14 22:55:06","updated":"2026-06-02 17:10:32","focus_keyword":null,"additional_keywords":null,"truseo_locale":null},"aioseo_breadcrumb":"<div class=\"aioseo-breadcrumbs\"><span class=\"aioseo-breadcrumb\">\n\t<a href=\"https:\/\/www.eldigitaldeasturias.com\/noticias\" title=\"Home\">Home<\/a>\n<\/span><span class=\"aioseo-breadcrumb-separator\">\u2013<\/span><span class=\"aioseo-breadcrumb\">\n\t<a href=\"https:\/\/www.eldigitaldeasturias.com\/noticias\/category\/actualidad\/\" title=\"Actualidad\">Actualidad<\/a>\n<\/span><span class=\"aioseo-breadcrumb-separator\">\u2013<\/span><span class=\"aioseo-breadcrumb\">\n\t<a href=\"https:\/\/www.eldigitaldeasturias.com\/noticias\/pele-preocupado-por-el-retraso-en-los-estadios-del-mundial\/\" title=\"Pel\u00e9 preocupado por el retraso en los estadios del Mundial\">Pel\u00e9 preocupado por el retraso en los estadios del Mundial<\/a>\n<\/span><\/div>","aioseo_breadcrumb_json":[{"label":"Home","link":"https:\/\/www.eldigitaldeasturias.com\/noticias"},{"label":"Actualidad","link":"https:\/\/www.eldigitaldeasturias.com\/noticias\/category\/actualidad\/"},{"label":"Pel\u00e9 preocupado por el retraso en los estadios del Mundial","link":"https:\/\/www.eldigitaldeasturias.com\/noticias\/pele-preocupado-por-el-retraso-en-los-estadios-del-mundial\/"}],"_links":{"self":[{"href":"https:\/\/www.eldigitaldeasturias.com\/noticias\/wp-json\/wp\/v2\/posts\/484771","targetHints":{"allow":["GET"]}}],"collection":[{"href":"https:\/\/www.eldigitaldeasturias.com\/noticias\/wp-json\/wp\/v2\/posts"}],"about":[{"href":"https:\/\/www.eldigitaldeasturias.com\/noticias\/wp-json\/wp\/v2\/types\/post"}],"author":[{"embeddable":true,"href":"https:\/\/www.eldigitaldeasturias.com\/noticias\/wp-json\/wp\/v2\/users\/1"}],"replies":[{"embeddable":true,"href":"https:\/\/www.eldigitaldeasturias.com\/noticias\/wp-json\/wp\/v2\/comments?post=484771"}],"version-history":[{"count":0,"href":"https:\/\/www.eldigitaldeasturias.com\/noticias\/wp-json\/wp\/v2\/posts\/484771\/revisions"}],"wp:attachment":[{"href":"https:\/\/www.eldigitaldeasturias.com\/noticias\/wp-json\/wp\/v2\/media?parent=484771"}],"wp:term":[{"taxonomy":"category","embeddable":true,"href":"https:\/\/www.eldigitaldeasturias.com\/noticias\/wp-json\/wp\/v2\/categories?post=484771"},{"taxonomy":"post_tag","embeddable":true,"href":"https:\/\/www.eldigitaldeasturias.com\/noticias\/wp-json\/wp\/v2\/tags?post=484771"}],"curies":[{"name":"wp","href":"https:\/\/api.w.org\/{rel}","templated":true}]}}