{"id":484769,"date":"2014-02-06T03:25:23","date_gmt":"2014-02-06T04:25:23","guid":{"rendered":"http:\/\/www.eldigitaldeasturias.com\/noticias\/?p=484769"},"modified":"2014-02-06T03:25:23","modified_gmt":"2014-02-06T04:25:23","slug":"kerry-no-aspirara-a-la-presidencia-de-eeuu-en-2016-aqui-me-paro","status":"publish","type":"post","link":"https:\/\/www.eldigitaldeasturias.com\/noticias\/kerry-no-aspirara-a-la-presidencia-de-eeuu-en-2016-aqui-me-paro\/","title":{"rendered":"Kerry no aspirar\u00e1 a la presidencia de EEUU en 2016 : \u00abAqu\u00ed me paro\u00bb"},"content":{"rendered":"<p><img loading=\"lazy\" decoding=\"async\" class=\"alignleft size-medium wp-image-1628\" alt=\"kerry_20130922081009_800\" src=\"https:\/\/www.eldigitaldeasturias.com\/noticias\/wp-content\/uploads\/2013\/09\/kerry_20130922081009_800-360x257.jpg\" width=\"360\" height=\"257\" \/>Washington, 5 feb (dpa) &#8211; El secretario de Estado nortaemericano, John Kerry, asegur\u00f3 hoy que no aspirar\u00e1 una vez m\u00e1s a la Casa Blanca en 2016.<\/p>\n<p>\u00abNo tengo ning\u00fan plan al respecto. \u00c9sta es mi \u00faltima parada\u00bb en pol\u00edtica, dijo Kerry en una entrevista con la cadena CNN de la que la emisora ha adelantado extractos.<\/p>\n<p>De este modo Kerry, candidato dem\u00f3crata a la presidencia en 2004, que perdi\u00f3 frente al republicano George W. Bush, se hace a un lado en una carrera a la Casa Blanca que promete pese a todo ser de nuevo m\u00e1s que interesante desde las primarias que definir\u00e1n a los candidatos dem\u00f3crata y republicano.<\/p>\n<p>Sobre todo si su predecesora en el Departamento de Estado, Hillary Clinton, se anima finalmente a presentar su candidatura, al igual que se cree podr\u00eda hacer el actual vicepresidente, Joe Biden.<\/p>\n<p>\u00c9ste, en l\u00ednea con su usual humor, volvi\u00f3 hoy a jugar con los rumores presidenciales, sin llegar confirmar, una vez m\u00e1s, si se animar\u00e1 finalmente a presentar su candidatura o no.<\/p>\n<p>\u00abTodo el mundo quiere saber si voy a presentarme a la presidencia. Hay un mont\u00f3n de razones para hacerlo, pero hay una apabullante para no presentarme a la presidencia: me gustar\u00eda hacerme con ese (Corvett Singray) Z06 que pasa de 0 a 60 (millas por hora) en 3,4 segundos\u00bb, brome\u00f3 Biden en una reuni\u00f3n hoy en Washington ante miembros de la industria automovil\u00edstica.<\/p>\n<p>\u00abEstaba hablando con el presidente de General Motors y le dije, ay Dios, me encantar\u00eda conducir ese monstruo. Y le dije: el \u00fanico lugar en que me dejar\u00eda usted conducirlo es en la pista de pruebas del Servicio Secreto. Y \u00e9l me dijo, bueno, quiz\u00e1s podr\u00edamos arreglarlo para que haya uno all\u00ed. Puede que les pregunte\u00bb, agreg\u00f3 entre risas de la audiencia.<\/p>\n","protected":false},"excerpt":{"rendered":"<p>Washington, 5 feb (dpa) &#8211; El secretario de Estado nortaemericano, John Kerry, asegur\u00f3 hoy que no aspirar\u00e1 una vez m\u00e1s a la Casa Blanca en 2016. \u00abNo tengo ning\u00fan plan al respecto. \u00c9sta es mi \u00faltima parada\u00bb en pol\u00edtica, dijo Kerry en una entrevista con la cadena CNN de la que la emisora ha adelantado [&hellip;]<\/p>\n","protected":false},"author":1,"featured_media":1132184,"comment_status":"closed","ping_status":"open","sticky":false,"template":"","format":"standard","meta":{"footnotes":""},"categories":[1],"tags":[],"class_list":["post-484769","post","type-post","status-publish","format-standard","has-post-thumbnail","hentry","category-actualidad"],"aioseo_notices":[],"aioseo_head":"\n\t\t<!-- All in One SEO Pro 5.0.1 - aioseo.com -->\n\t<meta name=\"description\" content=\"Washington, 5 feb (dpa) - El secretario de Estado nortaemericano, John Kerry, asegur\u00f3 hoy que no aspirar\u00e1 una vez m\u00e1s a la Casa Blanca en 2016. &quot;No tengo ning\u00fan plan al respecto. \u00c9sta es mi \u00faltima parada&quot; en pol\u00edtica, dijo Kerry en una entrevista con la cadena CNN de la que la emisora ha adelantado\" \/>\n\t<meta name=\"robots\" content=\"max-image-preview:large\" \/>\n\t<meta name=\"author\" content=\"El Digital de Asturias\"\/>\n\t<meta name=\"google-site-verification\" content=\"UA-38556648-1\" \/>\n\t<meta name=\"msvalidate.01\" content=\"7dfe9f3f1b24437ab69f4f2559babe99\" \/>\n\t<meta name=\"keywords\" content=\"actualidad\" \/>\n\t<link rel=\"canonical\" href=\"https:\/\/www.eldigitaldeasturias.com\/noticias\/kerry-no-aspirara-a-la-presidencia-de-eeuu-en-2016-aqui-me-paro\/\" \/>\n\t<meta name=\"generator\" content=\"All in One SEO Pro (AIOSEO) 5.0.1\" \/>\n\t\t<meta property=\"og:locale\" content=\"es_ES\" \/>\n\t\t<meta property=\"og:site_name\" content=\"El Digital de Asturias\" \/>\n\t\t<meta property=\"og:type\" content=\"article\" \/>\n\t\t<meta property=\"og:title\" content=\"Kerry no aspirar\u00e1 a la presidencia de EEUU en 2016 : \u00abAqu\u00ed me paro\u00bb - El Digital de Asturias\" \/>\n\t\t<meta property=\"og:description\" content=\"Washington, 5 feb (dpa) - El secretario de Estado nortaemericano, John Kerry, asegur\u00f3 hoy que no aspirar\u00e1 una vez m\u00e1s a la Casa Blanca en 2016. &quot;No tengo ning\u00fan plan al respecto. \u00c9sta es mi \u00faltima parada&quot; en pol\u00edtica, dijo Kerry en una entrevista con la cadena CNN de la que la emisora ha adelantado\" \/>\n\t\t<meta property=\"og:url\" content=\"https:\/\/www.eldigitaldeasturias.com\/noticias\/kerry-no-aspirara-a-la-presidencia-de-eeuu-en-2016-aqui-me-paro\/\" \/>\n\t\t<meta property=\"og:image\" content=\"https:\/\/www.eldigitaldeasturias.com\/noticias\/wp-content\/uploads\/2026\/06\/Contenidos.jpg\" \/>\n\t\t<meta property=\"og:image:secure_url\" content=\"https:\/\/www.eldigitaldeasturias.com\/noticias\/wp-content\/uploads\/2026\/06\/Contenidos.jpg\" \/>\n\t\t<meta property=\"og:image:width\" content=\"1265\" \/>\n\t\t<meta property=\"og:image:height\" content=\"697\" \/>\n\t\t<meta property=\"article:tag\" content=\"actualidad\" \/>\n\t\t<meta property=\"article:published_time\" content=\"2014-02-06T04:25:23+00:00\" \/>\n\t\t<meta property=\"article:modified_time\" content=\"2014-02-06T04:25:23+00:00\" \/>\n\t\t<meta property=\"article:publisher\" content=\"https:\/\/facebook.com\/eldigitaldeasturias\" \/>\n\t\t<meta name=\"twitter:card\" content=\"summary_large_image\" \/>\n\t\t<meta name=\"twitter:title\" content=\"Kerry no aspirar\u00e1 a la presidencia de EEUU en 2016 : \u00abAqu\u00ed me paro\u00bb - El Digital de Asturias\" \/>\n\t\t<meta name=\"twitter:description\" content=\"Washington, 5 feb (dpa) - El secretario de Estado nortaemericano, John Kerry, asegur\u00f3 hoy que no aspirar\u00e1 una vez m\u00e1s a la Casa Blanca en 2016. &quot;No tengo ning\u00fan plan al respecto. \u00c9sta es mi \u00faltima parada&quot; en pol\u00edtica, dijo Kerry en una entrevista con la cadena CNN de la que la emisora ha adelantado\" \/>\n\t\t<meta name=\"twitter:image\" content=\"https:\/\/www.eldigitaldeasturias.com\/noticias\/wp-content\/uploads\/2026\/06\/Contenidos.jpg\" \/>\n\t\t<meta name=\"twitter:label1\" content=\"Escrito por\" \/>\n\t\t<meta name=\"twitter:data1\" content=\"El Digital de Asturias\" \/>\n\t\t<meta name=\"twitter:label2\" content=\"Tiempo de lectura estimado\" \/>\n\t\t<meta name=\"twitter:data2\" content=\"2 minutos\" \/>\n\t\t<script type=\"application\/ld+json\" class=\"aioseo-schema\">\n\t\t\t{\"@context\":\"https:\\\/\\\/schema.org\",\"@graph\":[{\"@type\":\"BlogPosting\",\"@id\":\"https:\\\/\\\/www.eldigitaldeasturias.com\\\/noticias\\\/kerry-no-aspirara-a-la-presidencia-de-eeuu-en-2016-aqui-me-paro\\\/#blogposting\",\"name\":\"Kerry no aspirar\\u00e1 a la presidencia de EEUU en 2016 : \\u00abAqu\\u00ed me paro\\u00bb - El Digital de Asturias\",\"headline\":\"Kerry no aspirar\\u00e1 a la presidencia de EEUU en 2016 : \\u00abAqu\\u00ed me paro\\u00bb\",\"author\":{\"@id\":\"https:\\\/\\\/www.eldigitaldeasturias.com\\\/noticias\\\/author\\\/admin\\\/#author\"},\"publisher\":{\"@id\":\"https:\\\/\\\/www.eldigitaldeasturias.com\\\/noticias\\\/#organization\"},\"image\":{\"@type\":\"ImageObject\",\"url\":\"https:\\\/\\\/www.eldigitaldeasturias.com\\\/noticias\\\/wp-content\\\/uploads\\\/2026\\\/06\\\/Contenidos.jpg\",\"width\":1265,\"height\":697,\"caption\":\"Contenidos\"},\"datePublished\":\"2014-02-06T03:25:23+01:00\",\"dateModified\":\"2014-02-06T03:25:23+01:00\",\"inLanguage\":\"es-ES\",\"mainEntityOfPage\":{\"@id\":\"https:\\\/\\\/www.eldigitaldeasturias.com\\\/noticias\\\/kerry-no-aspirara-a-la-presidencia-de-eeuu-en-2016-aqui-me-paro\\\/#webpage\"},\"isPartOf\":{\"@id\":\"https:\\\/\\\/www.eldigitaldeasturias.com\\\/noticias\\\/kerry-no-aspirara-a-la-presidencia-de-eeuu-en-2016-aqui-me-paro\\\/#webpage\"},\"articleSection\":\"Actualidad\"},{\"@type\":\"BreadcrumbList\",\"@id\":\"https:\\\/\\\/www.eldigitaldeasturias.com\\\/noticias\\\/kerry-no-aspirara-a-la-presidencia-de-eeuu-en-2016-aqui-me-paro\\\/#breadcrumblist\",\"itemListElement\":[{\"@type\":\"ListItem\",\"@id\":\"https:\\\/\\\/www.eldigitaldeasturias.com\\\/noticias#listItem\",\"position\":1,\"name\":\"Home\",\"item\":\"https:\\\/\\\/www.eldigitaldeasturias.com\\\/noticias\",\"nextItem\":{\"@type\":\"ListItem\",\"@id\":\"https:\\\/\\\/www.eldigitaldeasturias.com\\\/noticias\\\/category\\\/actualidad\\\/#listItem\",\"name\":\"Actualidad\"}},{\"@type\":\"ListItem\",\"@id\":\"https:\\\/\\\/www.eldigitaldeasturias.com\\\/noticias\\\/category\\\/actualidad\\\/#listItem\",\"position\":2,\"name\":\"Actualidad\",\"item\":\"https:\\\/\\\/www.eldigitaldeasturias.com\\\/noticias\\\/category\\\/actualidad\\\/\",\"nextItem\":{\"@type\":\"ListItem\",\"@id\":\"https:\\\/\\\/www.eldigitaldeasturias.com\\\/noticias\\\/kerry-no-aspirara-a-la-presidencia-de-eeuu-en-2016-aqui-me-paro\\\/#listItem\",\"name\":\"Kerry no aspirar\\u00e1 a la presidencia de EEUU en 2016 : \\u00abAqu\\u00ed me paro\\u00bb\"},\"previousItem\":{\"@type\":\"ListItem\",\"@id\":\"https:\\\/\\\/www.eldigitaldeasturias.com\\\/noticias#listItem\",\"name\":\"Home\"}},{\"@type\":\"ListItem\",\"@id\":\"https:\\\/\\\/www.eldigitaldeasturias.com\\\/noticias\\\/kerry-no-aspirara-a-la-presidencia-de-eeuu-en-2016-aqui-me-paro\\\/#listItem\",\"position\":3,\"name\":\"Kerry no aspirar\\u00e1 a la presidencia de EEUU en 2016 : \\u00abAqu\\u00ed me paro\\u00bb\",\"previousItem\":{\"@type\":\"ListItem\",\"@id\":\"https:\\\/\\\/www.eldigitaldeasturias.com\\\/noticias\\\/category\\\/actualidad\\\/#listItem\",\"name\":\"Actualidad\"}}]},{\"@type\":\"Organization\",\"@id\":\"https:\\\/\\\/www.eldigitaldeasturias.com\\\/noticias\\\/#organization\",\"name\":\"El Digital de Asturias\",\"description\":\"Hemeroteca\",\"url\":\"https:\\\/\\\/www.eldigitaldeasturias.com\\\/noticias\\\/\",\"email\":\"info@eldigitaldeasturias.com\",\"telephone\":\"+34652131393\",\"logo\":{\"@type\":\"ImageObject\",\"url\":\"https:\\\/\\\/www.eldigitaldeasturias.com\\\/noticias\\\/wp-content\\\/uploads\\\/2020\\\/12\\\/EDA.jpg\",\"@id\":\"https:\\\/\\\/www.eldigitaldeasturias.com\\\/noticias\\\/kerry-no-aspirara-a-la-presidencia-de-eeuu-en-2016-aqui-me-paro\\\/#organizationLogo\"},\"image\":{\"@id\":\"https:\\\/\\\/www.eldigitaldeasturias.com\\\/noticias\\\/kerry-no-aspirara-a-la-presidencia-de-eeuu-en-2016-aqui-me-paro\\\/#organizationLogo\"},\"sameAs\":[\"https:\\\/\\\/facebook.com\\\/eldigitaldeasturias\",\"https:\\\/\\\/www.youtube.com\\\/channel\\\/UCZP-2wLEB9Rv6erhFmqVnvg\"],\"address\":{\"@id\":\"https:\\\/\\\/www.eldigitaldeasturias.com\\\/noticias\\\/#postaladdress\",\"@type\":\"PostalAddress\",\"streetAddress\":\"san antonio 4\",\"postalCode\":\"33430\",\"addressLocality\":\"Cand\\u00e1s\",\"addressRegion\":\"Asturias\",\"addressCountry\":\"ES\"}},{\"@type\":\"Person\",\"@id\":\"https:\\\/\\\/www.eldigitaldeasturias.com\\\/noticias\\\/author\\\/admin\\\/#author\",\"url\":\"https:\\\/\\\/www.eldigitaldeasturias.com\\\/noticias\\\/author\\\/admin\\\/\",\"name\":\"El Digital de Asturias\",\"image\":{\"@type\":\"ImageObject\",\"@id\":\"https:\\\/\\\/www.eldigitaldeasturias.com\\\/noticias\\\/kerry-no-aspirara-a-la-presidencia-de-eeuu-en-2016-aqui-me-paro\\\/#authorImage\",\"url\":\"https:\\\/\\\/secure.gravatar.com\\\/avatar\\\/df2aeffc32bcd13f8d26072ef8a91b623d677766deac7f97ca815868cd41bf5e?s=96&d=mm&r=g\",\"width\":96,\"height\":96,\"caption\":\"El Digital de Asturias\"}},{\"@type\":\"WebPage\",\"@id\":\"https:\\\/\\\/www.eldigitaldeasturias.com\\\/noticias\\\/kerry-no-aspirara-a-la-presidencia-de-eeuu-en-2016-aqui-me-paro\\\/#webpage\",\"url\":\"https:\\\/\\\/www.eldigitaldeasturias.com\\\/noticias\\\/kerry-no-aspirara-a-la-presidencia-de-eeuu-en-2016-aqui-me-paro\\\/\",\"name\":\"Kerry no aspirar\\u00e1 a la presidencia de EEUU en 2016 : \\u00abAqu\\u00ed me paro\\u00bb - El Digital de Asturias\",\"description\":\"Washington, 5 feb (dpa) - El secretario de Estado nortaemericano, John Kerry, asegur\\u00f3 hoy que no aspirar\\u00e1 una vez m\\u00e1s a la Casa Blanca en 2016. \\\"No tengo ning\\u00fan plan al respecto. \\u00c9sta es mi \\u00faltima parada\\\" en pol\\u00edtica, dijo Kerry en una entrevista con la cadena CNN de la que la emisora ha adelantado\",\"inLanguage\":\"es-ES\",\"isPartOf\":{\"@id\":\"https:\\\/\\\/www.eldigitaldeasturias.com\\\/noticias\\\/#website\"},\"breadcrumb\":{\"@id\":\"https:\\\/\\\/www.eldigitaldeasturias.com\\\/noticias\\\/kerry-no-aspirara-a-la-presidencia-de-eeuu-en-2016-aqui-me-paro\\\/#breadcrumblist\"},\"author\":{\"@id\":\"https:\\\/\\\/www.eldigitaldeasturias.com\\\/noticias\\\/author\\\/admin\\\/#author\"},\"creator\":{\"@id\":\"https:\\\/\\\/www.eldigitaldeasturias.com\\\/noticias\\\/author\\\/admin\\\/#author\"},\"image\":{\"@type\":\"ImageObject\",\"url\":\"https:\\\/\\\/www.eldigitaldeasturias.com\\\/noticias\\\/wp-content\\\/uploads\\\/2026\\\/06\\\/Contenidos.jpg\",\"@id\":\"https:\\\/\\\/www.eldigitaldeasturias.com\\\/noticias\\\/kerry-no-aspirara-a-la-presidencia-de-eeuu-en-2016-aqui-me-paro\\\/#mainImage\",\"width\":1265,\"height\":697,\"caption\":\"Contenidos\"},\"primaryImageOfPage\":{\"@id\":\"https:\\\/\\\/www.eldigitaldeasturias.com\\\/noticias\\\/kerry-no-aspirara-a-la-presidencia-de-eeuu-en-2016-aqui-me-paro\\\/#mainImage\"},\"datePublished\":\"2014-02-06T03:25:23+01:00\",\"dateModified\":\"2014-02-06T03:25:23+01:00\"},{\"@type\":\"WebSite\",\"@id\":\"https:\\\/\\\/www.eldigitaldeasturias.com\\\/noticias\\\/#website\",\"url\":\"https:\\\/\\\/www.eldigitaldeasturias.com\\\/noticias\\\/\",\"name\":\"El Digital de Asturias - Diario de actualidad y noticias\",\"alternateName\":\"El Digital de Asturias - Diario de actualidad y noticias\",\"description\":\"Hemeroteca\",\"inLanguage\":\"es-ES\",\"publisher\":{\"@id\":\"https:\\\/\\\/www.eldigitaldeasturias.com\\\/noticias\\\/#organization\"}}]}\n\t\t<\/script>\n\t\t<!-- All in One SEO Pro -->\r\n\t\t<title>Kerry no aspirar\u00e1 a la presidencia de EEUU en 2016 : \u00abAqu\u00ed me paro\u00bb - El Digital de Asturias<\/title>\n\n","aioseo_head_json":{"title":"Kerry no aspirar\u00e1 a la presidencia de EEUU en 2016 : \u00abAqu\u00ed me paro\u00bb - El Digital de Asturias","description":"Washington, 5 feb (dpa) - El secretario de Estado nortaemericano, John Kerry, asegur\u00f3 hoy que no aspirar\u00e1 una vez m\u00e1s a la Casa Blanca en 2016. \"No tengo ning\u00fan plan al respecto. \u00c9sta es mi \u00faltima parada\" en pol\u00edtica, dijo Kerry en una entrevista con la cadena CNN de la que la emisora ha adelantado","canonical_url":"https:\/\/www.eldigitaldeasturias.com\/noticias\/kerry-no-aspirara-a-la-presidencia-de-eeuu-en-2016-aqui-me-paro\/","robots":"max-image-preview:large","keywords":"actualidad","webmasterTools":{"google-site-verification":"UA-38556648-1","msvalidate.01":"7dfe9f3f1b24437ab69f4f2559babe99","miscellaneous":""},"schema":{"@context":"https:\/\/schema.org","@graph":[{"@type":"BlogPosting","@id":"https:\/\/www.eldigitaldeasturias.com\/noticias\/kerry-no-aspirara-a-la-presidencia-de-eeuu-en-2016-aqui-me-paro\/#blogposting","name":"Kerry no aspirar\u00e1 a la presidencia de EEUU en 2016 : \u00abAqu\u00ed me paro\u00bb - El Digital de Asturias","headline":"Kerry no aspirar\u00e1 a la presidencia de EEUU en 2016 : \u00abAqu\u00ed me paro\u00bb","author":{"@id":"https:\/\/www.eldigitaldeasturias.com\/noticias\/author\/admin\/#author"},"publisher":{"@id":"https:\/\/www.eldigitaldeasturias.com\/noticias\/#organization"},"image":{"@type":"ImageObject","url":"https:\/\/www.eldigitaldeasturias.com\/noticias\/wp-content\/uploads\/2026\/06\/Contenidos.jpg","width":1265,"height":697,"caption":"Contenidos"},"datePublished":"2014-02-06T03:25:23+01:00","dateModified":"2014-02-06T03:25:23+01:00","inLanguage":"es-ES","mainEntityOfPage":{"@id":"https:\/\/www.eldigitaldeasturias.com\/noticias\/kerry-no-aspirara-a-la-presidencia-de-eeuu-en-2016-aqui-me-paro\/#webpage"},"isPartOf":{"@id":"https:\/\/www.eldigitaldeasturias.com\/noticias\/kerry-no-aspirara-a-la-presidencia-de-eeuu-en-2016-aqui-me-paro\/#webpage"},"articleSection":"Actualidad"},{"@type":"BreadcrumbList","@id":"https:\/\/www.eldigitaldeasturias.com\/noticias\/kerry-no-aspirara-a-la-presidencia-de-eeuu-en-2016-aqui-me-paro\/#breadcrumblist","itemListElement":[{"@type":"ListItem","@id":"https:\/\/www.eldigitaldeasturias.com\/noticias#listItem","position":1,"name":"Home","item":"https:\/\/www.eldigitaldeasturias.com\/noticias","nextItem":{"@type":"ListItem","@id":"https:\/\/www.eldigitaldeasturias.com\/noticias\/category\/actualidad\/#listItem","name":"Actualidad"}},{"@type":"ListItem","@id":"https:\/\/www.eldigitaldeasturias.com\/noticias\/category\/actualidad\/#listItem","position":2,"name":"Actualidad","item":"https:\/\/www.eldigitaldeasturias.com\/noticias\/category\/actualidad\/","nextItem":{"@type":"ListItem","@id":"https:\/\/www.eldigitaldeasturias.com\/noticias\/kerry-no-aspirara-a-la-presidencia-de-eeuu-en-2016-aqui-me-paro\/#listItem","name":"Kerry no aspirar\u00e1 a la presidencia de EEUU en 2016 : \u00abAqu\u00ed me paro\u00bb"},"previousItem":{"@type":"ListItem","@id":"https:\/\/www.eldigitaldeasturias.com\/noticias#listItem","name":"Home"}},{"@type":"ListItem","@id":"https:\/\/www.eldigitaldeasturias.com\/noticias\/kerry-no-aspirara-a-la-presidencia-de-eeuu-en-2016-aqui-me-paro\/#listItem","position":3,"name":"Kerry no aspirar\u00e1 a la presidencia de EEUU en 2016 : \u00abAqu\u00ed me paro\u00bb","previousItem":{"@type":"ListItem","@id":"https:\/\/www.eldigitaldeasturias.com\/noticias\/category\/actualidad\/#listItem","name":"Actualidad"}}]},{"@type":"Organization","@id":"https:\/\/www.eldigitaldeasturias.com\/noticias\/#organization","name":"El Digital de Asturias","description":"Hemeroteca","url":"https:\/\/www.eldigitaldeasturias.com\/noticias\/","email":"info@eldigitaldeasturias.com","telephone":"+34652131393","logo":{"@type":"ImageObject","url":"https:\/\/www.eldigitaldeasturias.com\/noticias\/wp-content\/uploads\/2020\/12\/EDA.jpg","@id":"https:\/\/www.eldigitaldeasturias.com\/noticias\/kerry-no-aspirara-a-la-presidencia-de-eeuu-en-2016-aqui-me-paro\/#organizationLogo"},"image":{"@id":"https:\/\/www.eldigitaldeasturias.com\/noticias\/kerry-no-aspirara-a-la-presidencia-de-eeuu-en-2016-aqui-me-paro\/#organizationLogo"},"sameAs":["https:\/\/facebook.com\/eldigitaldeasturias","https:\/\/www.youtube.com\/channel\/UCZP-2wLEB9Rv6erhFmqVnvg"],"address":{"@id":"https:\/\/www.eldigitaldeasturias.com\/noticias\/#postaladdress","@type":"PostalAddress","streetAddress":"san antonio 4","postalCode":"33430","addressLocality":"Cand\u00e1s","addressRegion":"Asturias","addressCountry":"ES"}},{"@type":"Person","@id":"https:\/\/www.eldigitaldeasturias.com\/noticias\/author\/admin\/#author","url":"https:\/\/www.eldigitaldeasturias.com\/noticias\/author\/admin\/","name":"El Digital de Asturias","image":{"@type":"ImageObject","@id":"https:\/\/www.eldigitaldeasturias.com\/noticias\/kerry-no-aspirara-a-la-presidencia-de-eeuu-en-2016-aqui-me-paro\/#authorImage","url":"https:\/\/secure.gravatar.com\/avatar\/df2aeffc32bcd13f8d26072ef8a91b623d677766deac7f97ca815868cd41bf5e?s=96&d=mm&r=g","width":96,"height":96,"caption":"El Digital de Asturias"}},{"@type":"WebPage","@id":"https:\/\/www.eldigitaldeasturias.com\/noticias\/kerry-no-aspirara-a-la-presidencia-de-eeuu-en-2016-aqui-me-paro\/#webpage","url":"https:\/\/www.eldigitaldeasturias.com\/noticias\/kerry-no-aspirara-a-la-presidencia-de-eeuu-en-2016-aqui-me-paro\/","name":"Kerry no aspirar\u00e1 a la presidencia de EEUU en 2016 : \u00abAqu\u00ed me paro\u00bb - El Digital de Asturias","description":"Washington, 5 feb (dpa) - El secretario de Estado nortaemericano, John Kerry, asegur\u00f3 hoy que no aspirar\u00e1 una vez m\u00e1s a la Casa Blanca en 2016. \"No tengo ning\u00fan plan al respecto. \u00c9sta es mi \u00faltima parada\" en pol\u00edtica, dijo Kerry en una entrevista con la cadena CNN de la que la emisora ha adelantado","inLanguage":"es-ES","isPartOf":{"@id":"https:\/\/www.eldigitaldeasturias.com\/noticias\/#website"},"breadcrumb":{"@id":"https:\/\/www.eldigitaldeasturias.com\/noticias\/kerry-no-aspirara-a-la-presidencia-de-eeuu-en-2016-aqui-me-paro\/#breadcrumblist"},"author":{"@id":"https:\/\/www.eldigitaldeasturias.com\/noticias\/author\/admin\/#author"},"creator":{"@id":"https:\/\/www.eldigitaldeasturias.com\/noticias\/author\/admin\/#author"},"image":{"@type":"ImageObject","url":"https:\/\/www.eldigitaldeasturias.com\/noticias\/wp-content\/uploads\/2026\/06\/Contenidos.jpg","@id":"https:\/\/www.eldigitaldeasturias.com\/noticias\/kerry-no-aspirara-a-la-presidencia-de-eeuu-en-2016-aqui-me-paro\/#mainImage","width":1265,"height":697,"caption":"Contenidos"},"primaryImageOfPage":{"@id":"https:\/\/www.eldigitaldeasturias.com\/noticias\/kerry-no-aspirara-a-la-presidencia-de-eeuu-en-2016-aqui-me-paro\/#mainImage"},"datePublished":"2014-02-06T03:25:23+01:00","dateModified":"2014-02-06T03:25:23+01:00"},{"@type":"WebSite","@id":"https:\/\/www.eldigitaldeasturias.com\/noticias\/#website","url":"https:\/\/www.eldigitaldeasturias.com\/noticias\/","name":"El Digital de Asturias - Diario de actualidad y noticias","alternateName":"El Digital de Asturias - Diario de actualidad y noticias","description":"Hemeroteca","inLanguage":"es-ES","publisher":{"@id":"https:\/\/www.eldigitaldeasturias.com\/noticias\/#organization"}}]},"og:locale":"es_ES","og:site_name":"El Digital de Asturias","og:type":"article","og:title":"Kerry no aspirar\u00e1 a la presidencia de EEUU en 2016 : \u00abAqu\u00ed me paro\u00bb - El Digital de Asturias","og:description":"Washington, 5 feb (dpa) - El secretario de Estado nortaemericano, John Kerry, asegur\u00f3 hoy que no aspirar\u00e1 una vez m\u00e1s a la Casa Blanca en 2016. &quot;No tengo ning\u00fan plan al respecto. \u00c9sta es mi \u00faltima parada&quot; en pol\u00edtica, dijo Kerry en una entrevista con la cadena CNN de la que la emisora ha adelantado","og:url":"https:\/\/www.eldigitaldeasturias.com\/noticias\/kerry-no-aspirara-a-la-presidencia-de-eeuu-en-2016-aqui-me-paro\/","og:image":"https:\/\/www.eldigitaldeasturias.com\/noticias\/wp-content\/uploads\/2026\/06\/Contenidos.jpg","og:image:secure_url":"https:\/\/www.eldigitaldeasturias.com\/noticias\/wp-content\/uploads\/2026\/06\/Contenidos.jpg","og:image:width":1265,"og:image:height":697,"article:tag":["actualidad"],"article:published_time":"2014-02-06T04:25:23+00:00","article:modified_time":"2014-02-06T04:25:23+00:00","article:publisher":"https:\/\/facebook.com\/eldigitaldeasturias","twitter:card":"summary_large_image","twitter:title":"Kerry no aspirar\u00e1 a la presidencia de EEUU en 2016 : \u00abAqu\u00ed me paro\u00bb - El Digital de Asturias","twitter:description":"Washington, 5 feb (dpa) - El secretario de Estado nortaemericano, John Kerry, asegur\u00f3 hoy que no aspirar\u00e1 una vez m\u00e1s a la Casa Blanca en 2016. &quot;No tengo ning\u00fan plan al respecto. \u00c9sta es mi \u00faltima parada&quot; en pol\u00edtica, dijo Kerry en una entrevista con la cadena CNN de la que la emisora ha adelantado","twitter:image":"https:\/\/www.eldigitaldeasturias.com\/noticias\/wp-content\/uploads\/2026\/06\/Contenidos.jpg","twitter:label1":"Escrito por","twitter:data1":"El Digital de Asturias","twitter:label2":"Tiempo de lectura estimado","twitter:data2":"2 minutos"},"aioseo_meta_data":{"post_id":"484769","title":null,"description":null,"keywords":null,"keyphrases":null,"primary_term":null,"canonical_url":null,"og_title":null,"og_description":null,"og_object_type":"default","og_image_type":"default","og_image_url":null,"og_image_width":null,"og_image_height":null,"og_image_custom_url":null,"og_image_custom_fields":null,"og_video":null,"og_custom_url":null,"og_article_section":null,"og_article_tags":null,"twitter_use_og":true,"twitter_card":"default","twitter_image_type":"default","twitter_image_url":null,"twitter_image_custom_url":null,"twitter_image_custom_fields":null,"twitter_title":null,"twitter_description":null,"schema":{"blockGraphs":[],"customGraphs":[],"default":{"data":{"Article":[],"Course":[],"Dataset":[],"FAQPage":[],"Movie":[],"Person":[],"Product":[],"ProductReview":[],"Car":[],"Recipe":[],"Service":[],"SoftwareApplication":[],"WebPage":[]},"graphName":"","isEnabled":true},"graphs":[],"defaultGraph":"","defaultPostTypeGraph":""},"schema_type":null,"schema_type_options":null,"pillar_content":false,"robots_default":true,"robots_noindex":false,"robots_noarchive":false,"robots_nosnippet":false,"robots_nofollow":false,"robots_noimageindex":false,"robots_noodp":false,"robots_notranslate":false,"robots_max_snippet":null,"robots_max_videopreview":null,"robots_max_imagepreview":"none","priority":null,"frequency":null,"local_seo":null,"seo_analyzer_scan_date":"2026-06-02 17:10:31","breadcrumb_settings":null,"limit_modified_date":false,"open_ai":null,"ai":null,"created":"2020-11-14 22:55:06","updated":"2026-06-02 17:10:31","focus_keyword":null,"additional_keywords":null,"truseo_locale":null},"aioseo_breadcrumb":"<div class=\"aioseo-breadcrumbs\"><span class=\"aioseo-breadcrumb\">\n\t<a href=\"https:\/\/www.eldigitaldeasturias.com\/noticias\" title=\"Home\">Home<\/a>\n<\/span><span class=\"aioseo-breadcrumb-separator\">\u2013<\/span><span class=\"aioseo-breadcrumb\">\n\t<a href=\"https:\/\/www.eldigitaldeasturias.com\/noticias\/category\/actualidad\/\" title=\"Actualidad\">Actualidad<\/a>\n<\/span><span class=\"aioseo-breadcrumb-separator\">\u2013<\/span><span class=\"aioseo-breadcrumb\">\n\t<a href=\"https:\/\/www.eldigitaldeasturias.com\/noticias\/kerry-no-aspirara-a-la-presidencia-de-eeuu-en-2016-aqui-me-paro\/\" title=\"Kerry no aspirar\u00e1 a la presidencia de EEUU en 2016 : \u00abAqu\u00ed me paro\u00bb\">Kerry no aspirar\u00e1 a la presidencia de EEUU en 2016 : \u00abAqu\u00ed me paro\u00bb<\/a>\n<\/span><\/div>","aioseo_breadcrumb_json":[{"label":"Home","link":"https:\/\/www.eldigitaldeasturias.com\/noticias"},{"label":"Actualidad","link":"https:\/\/www.eldigitaldeasturias.com\/noticias\/category\/actualidad\/"},{"label":"Kerry no aspirar\u00e1 a la presidencia de EEUU en 2016 : \u00abAqu\u00ed me paro\u00bb","link":"https:\/\/www.eldigitaldeasturias.com\/noticias\/kerry-no-aspirara-a-la-presidencia-de-eeuu-en-2016-aqui-me-paro\/"}],"_links":{"self":[{"href":"https:\/\/www.eldigitaldeasturias.com\/noticias\/wp-json\/wp\/v2\/posts\/484769","targetHints":{"allow":["GET"]}}],"collection":[{"href":"https:\/\/www.eldigitaldeasturias.com\/noticias\/wp-json\/wp\/v2\/posts"}],"about":[{"href":"https:\/\/www.eldigitaldeasturias.com\/noticias\/wp-json\/wp\/v2\/types\/post"}],"author":[{"embeddable":true,"href":"https:\/\/www.eldigitaldeasturias.com\/noticias\/wp-json\/wp\/v2\/users\/1"}],"replies":[{"embeddable":true,"href":"https:\/\/www.eldigitaldeasturias.com\/noticias\/wp-json\/wp\/v2\/comments?post=484769"}],"version-history":[{"count":0,"href":"https:\/\/www.eldigitaldeasturias.com\/noticias\/wp-json\/wp\/v2\/posts\/484769\/revisions"}],"wp:featuredmedia":[{"embeddable":true,"href":"https:\/\/www.eldigitaldeasturias.com\/noticias\/wp-json\/wp\/v2\/media\/1132184"}],"wp:attachment":[{"href":"https:\/\/www.eldigitaldeasturias.com\/noticias\/wp-json\/wp\/v2\/media?parent=484769"}],"wp:term":[{"taxonomy":"category","embeddable":true,"href":"https:\/\/www.eldigitaldeasturias.com\/noticias\/wp-json\/wp\/v2\/categories?post=484769"},{"taxonomy":"post_tag","embeddable":true,"href":"https:\/\/www.eldigitaldeasturias.com\/noticias\/wp-json\/wp\/v2\/tags?post=484769"}],"curies":[{"name":"wp","href":"https:\/\/api.w.org\/{rel}","templated":true}]}}