{"id":484765,"date":"2014-02-06T03:20:18","date_gmt":"2014-02-06T04:20:18","guid":{"rendered":"http:\/\/www.eldigitaldeasturias.com\/noticias\/?p=484765"},"modified":"2014-02-06T03:20:18","modified_gmt":"2014-02-06T04:20:18","slug":"de-futbolista-a-propietario-beckham-y-su-equipo-de-futbol-en-miami","status":"publish","type":"post","link":"https:\/\/www.eldigitaldeasturias.com\/noticias\/de-futbolista-a-propietario-beckham-y-su-equipo-de-futbol-en-miami\/","title":{"rendered":"De futbolista a propietario : Beckham y su equipo de f\u00fatbol en Miami"},"content":{"rendered":"<p><img loading=\"lazy\" decoding=\"async\" class=\"alignleft size-medium wp-image-482122\" alt=\"5900965w\" src=\"https:\/\/www.eldigitaldeasturias.com\/noticias\/wp-content\/uploads\/2014\/02\/5900965w-360x247.jpg\" width=\"360\" height=\"247\" \/>Miami, 5 feb (dpa) &#8211; David Beckham ser\u00e1 el due\u00f1o de un equipo de f\u00fatbol en Miami que competir\u00e1 en la liga estadounidense (MLS), anunci\u00f3 el ex jugador ingl\u00e9s hoy en rueda de prensa.<\/p>\n<p>\u00abEs un d\u00eda muy emocinante para m\u00ed, mi familia y mis socios\u00bb, dijo Beckham, de 38 a\u00f1os, en el Perez Arts Museum Miami, donde hizo el anuncio oficial.<\/p>\n<p>\u00abEs un d\u00eda hist\u00f3rico para Miami y el f\u00fatbol\u00bb, afirm\u00f3 por su parte Don Garber, comisionado de la MLS, que confirm\u00f3 que la ciudad de Florida ser\u00e1 la sede del vigesimosegundo equipo de la liga, aunque no precis\u00f3 a partir de cu\u00e1ndo.<\/p>\n<p>La fecha vendr\u00e1 determinada por la construcci\u00f3n de un nuevo estadio espec\u00edfico, para lo que ya comenzaron conversaciones entre el grupo de Beckham y las autoridades p\u00fablicas locales.<\/p>\n<p>\u00abDavid ha elegido Miami porque cree en esta ciudad tan internacional y diversa\u00bb, asegur\u00f3 Garber, que destac\u00f3 la labor de embajador del ingl\u00e9s para el f\u00fatbol estadounidense desde que fichara en 2007 por Los Angeles Galaxy, con los que jug\u00f3 cinco a\u00f1os y medio.<\/p>\n<p>Como parte de su contrato con el Galaxy, Beckham tiene derecho a crear un equipo de f\u00fatbol por 25 millones de d\u00f3lares, un precio mucho m\u00e1s reducido que los 80 o 100 millones habituales.<\/p>\n<p>\u00abMiami es el sitio perfecto para el f\u00fatbol\u00bb, destac\u00f3 Carlos Gim\u00e9nez, alcalde del condado de Miami-Dade, que la pasada semana inici\u00f3 los contactos con el grupo de Beckham (Miami Beckham United) para construir un estadio junto al puerto, en el centro de la ciudad, a pocos metros de la arena donde juega el Miami Heats, campe\u00f3n de la NBA.<\/p>\n<p>El ingl\u00e9s confirm\u00f3 que no se usar\u00e1 ni un solo d\u00f3lar de dinero p\u00fablico para el estadio. \u00abUna vez que acordemos el lugar, seremos muy r\u00e1pidos (en la construcci\u00f3n)\u00bb, avanz\u00f3.<\/p>\n<p>Entre los socios de Beckham est\u00e1n Simon Fuller, su agente y el hombre que le present\u00f3 a su esposa, Victoria Adams, y el multimillonario boliviano Marcelo Claure.<\/p>\n<p>La estrella del Heat LeBron James, gran hincha del f\u00fatbol, ya mostr\u00f3 su inter\u00e9s en formar parte de los propietarios.<\/p>\n<p>\u00abQuer\u00eda crear mi propio equipo, un proyecto personal\u00bb, dijo Beckham, jaleado por una decena de fans, miembros de un grupo que ha peleado por el regreso de la MLS a Miami desde que el Miami Fusion desapaciera en 2001.<\/p>\n<p>\u00abMiami es una ciudad vibrante, tiene la pasi\u00f3n que se necesita para el f\u00fatbol. Estoy seguro de que ser\u00e1 un proyecto exitoso\u00bb, afirm\u00f3 el brit\u00e1nico, al que los tatuajes le afloraban por el cuello y las mangas de sus elegantes camisa blanca y traje gris.<\/p>\n<p>El ingl\u00e9s, que no se atrevi\u00f3 a responder preguntas en espa\u00f1ol, asegur\u00f3 que desea un equipo global y anunci\u00f3 que crear\u00e1 una academia para desarollar el joven talento local como base del \u00e9xito a largo plazo y la conexi\u00f3n con la comunidad.<\/p>\n<p>Aunque no dio nombres, asegur\u00f3 que traer\u00e1 \u00abgrandes jugadores\u00bb a Miami. \u00abHe jugado con muchos grandes futbolistas y me han enviado mensajes dici\u00e9ndome lo interesante que les parece Miami. \u00bfQui\u00e9n no querr\u00eda vivir y jugar en Miami?\u00bb, se pregunt\u00f3 el ingl\u00e9s, que planea pasar parte del a\u00f1o en Florida junto a su esposa e hijos.<\/p>\n<p>\u00abEn 2022 queremos ser una de las mejores Ligas del mundo\u00bb, afirm\u00f3 ambicioso Garber, que dar\u00e1 una segunda oportunidad a Miami, esta vez con el carism\u00e1tico Beckham como propietario.<\/p>\n<p>Por Daniel Garc\u00eda Marco<\/p>\n","protected":false},"excerpt":{"rendered":"<p>Miami, 5 feb (dpa) &#8211; David Beckham ser\u00e1 el due\u00f1o de un equipo de f\u00fatbol en Miami que competir\u00e1 en la liga estadounidense (MLS), anunci\u00f3 el ex jugador ingl\u00e9s hoy en rueda de prensa. \u00abEs un d\u00eda muy emocinante para m\u00ed, mi familia y mis socios\u00bb, dijo Beckham, de 38 a\u00f1os, en el Perez Arts [&hellip;]<\/p>\n","protected":false},"author":1,"featured_media":482122,"comment_status":"closed","ping_status":"open","sticky":false,"template":"","format":"standard","meta":{"footnotes":""},"categories":[1],"tags":[],"class_list":["post-484765","post","type-post","status-publish","format-standard","has-post-thumbnail","hentry","category-actualidad"],"aioseo_notices":[],"aioseo_head":"\n\t\t<!-- All in One SEO Pro 5.0.1 - aioseo.com -->\n\t<meta name=\"description\" content=\"Miami, 5 feb (dpa) - David Beckham ser\u00e1 el due\u00f1o de un equipo de f\u00fatbol en Miami que competir\u00e1 en la liga estadounidense (MLS), anunci\u00f3 el ex jugador ingl\u00e9s hoy en rueda de prensa. &quot;Es un d\u00eda muy emocinante para m\u00ed, mi familia y mis socios&quot;, dijo Beckham, de 38 a\u00f1os, en el Perez Arts\" \/>\n\t<meta name=\"robots\" content=\"max-image-preview:large\" \/>\n\t<meta name=\"author\" content=\"El Digital de Asturias\"\/>\n\t<meta name=\"google-site-verification\" content=\"UA-38556648-1\" \/>\n\t<meta name=\"msvalidate.01\" content=\"7dfe9f3f1b24437ab69f4f2559babe99\" \/>\n\t<meta name=\"keywords\" content=\"actualidad\" \/>\n\t<link rel=\"canonical\" href=\"https:\/\/www.eldigitaldeasturias.com\/noticias\/de-futbolista-a-propietario-beckham-y-su-equipo-de-futbol-en-miami\/\" \/>\n\t<meta name=\"generator\" content=\"All in One SEO Pro (AIOSEO) 5.0.1\" \/>\n\t\t<meta property=\"og:locale\" content=\"es_ES\" \/>\n\t\t<meta property=\"og:site_name\" content=\"El Digital de Asturias\" \/>\n\t\t<meta property=\"og:type\" content=\"article\" \/>\n\t\t<meta property=\"og:title\" content=\"De futbolista a propietario : Beckham y su equipo de f\u00fatbol en Miami - El Digital de Asturias\" \/>\n\t\t<meta property=\"og:description\" content=\"Miami, 5 feb (dpa) - David Beckham ser\u00e1 el due\u00f1o de un equipo de f\u00fatbol en Miami que competir\u00e1 en la liga estadounidense (MLS), anunci\u00f3 el ex jugador ingl\u00e9s hoy en rueda de prensa. &quot;Es un d\u00eda muy emocinante para m\u00ed, mi familia y mis socios&quot;, dijo Beckham, de 38 a\u00f1os, en el Perez Arts\" \/>\n\t\t<meta property=\"og:url\" content=\"https:\/\/www.eldigitaldeasturias.com\/noticias\/de-futbolista-a-propietario-beckham-y-su-equipo-de-futbol-en-miami\/\" \/>\n\t\t<meta property=\"article:tag\" content=\"actualidad\" \/>\n\t\t<meta property=\"article:published_time\" content=\"2014-02-06T04:20:18+00:00\" \/>\n\t\t<meta property=\"article:modified_time\" content=\"2014-02-06T04:20:18+00:00\" \/>\n\t\t<meta property=\"article:publisher\" content=\"https:\/\/facebook.com\/eldigitaldeasturias\" \/>\n\t\t<meta name=\"twitter:card\" content=\"summary_large_image\" \/>\n\t\t<meta name=\"twitter:title\" content=\"De futbolista a propietario : Beckham y su equipo de f\u00fatbol en Miami - El Digital de Asturias\" \/>\n\t\t<meta name=\"twitter:description\" content=\"Miami, 5 feb (dpa) - David Beckham ser\u00e1 el due\u00f1o de un equipo de f\u00fatbol en Miami que competir\u00e1 en la liga estadounidense (MLS), anunci\u00f3 el ex jugador ingl\u00e9s hoy en rueda de prensa. &quot;Es un d\u00eda muy emocinante para m\u00ed, mi familia y mis socios&quot;, dijo Beckham, de 38 a\u00f1os, en el Perez Arts\" \/>\n\t\t<meta name=\"twitter:label1\" content=\"Escrito por\" \/>\n\t\t<meta name=\"twitter:data1\" content=\"El Digital de Asturias\" \/>\n\t\t<meta name=\"twitter:label2\" content=\"Tiempo de lectura estimado\" \/>\n\t\t<meta name=\"twitter:data2\" content=\"3 minutos\" \/>\n\t\t<script type=\"application\/ld+json\" class=\"aioseo-schema\">\n\t\t\t{\"@context\":\"https:\\\/\\\/schema.org\",\"@graph\":[{\"@type\":\"BlogPosting\",\"@id\":\"https:\\\/\\\/www.eldigitaldeasturias.com\\\/noticias\\\/de-futbolista-a-propietario-beckham-y-su-equipo-de-futbol-en-miami\\\/#blogposting\",\"name\":\"De futbolista a propietario : Beckham y su equipo de f\\u00fatbol en Miami - El Digital de Asturias\",\"headline\":\"De futbolista a propietario : Beckham y su equipo de f\\u00fatbol en Miami\",\"author\":{\"@id\":\"https:\\\/\\\/www.eldigitaldeasturias.com\\\/noticias\\\/author\\\/admin\\\/#author\"},\"publisher\":{\"@id\":\"https:\\\/\\\/www.eldigitaldeasturias.com\\\/noticias\\\/#organization\"},\"image\":{\"@type\":\"ImageObject\",\"url\":482122},\"datePublished\":\"2014-02-06T03:20:18+01:00\",\"dateModified\":\"2014-02-06T03:20:18+01:00\",\"inLanguage\":\"es-ES\",\"mainEntityOfPage\":{\"@id\":\"https:\\\/\\\/www.eldigitaldeasturias.com\\\/noticias\\\/de-futbolista-a-propietario-beckham-y-su-equipo-de-futbol-en-miami\\\/#webpage\"},\"isPartOf\":{\"@id\":\"https:\\\/\\\/www.eldigitaldeasturias.com\\\/noticias\\\/de-futbolista-a-propietario-beckham-y-su-equipo-de-futbol-en-miami\\\/#webpage\"},\"articleSection\":\"Actualidad\"},{\"@type\":\"BreadcrumbList\",\"@id\":\"https:\\\/\\\/www.eldigitaldeasturias.com\\\/noticias\\\/de-futbolista-a-propietario-beckham-y-su-equipo-de-futbol-en-miami\\\/#breadcrumblist\",\"itemListElement\":[{\"@type\":\"ListItem\",\"@id\":\"https:\\\/\\\/www.eldigitaldeasturias.com\\\/noticias#listItem\",\"position\":1,\"name\":\"Home\",\"item\":\"https:\\\/\\\/www.eldigitaldeasturias.com\\\/noticias\",\"nextItem\":{\"@type\":\"ListItem\",\"@id\":\"https:\\\/\\\/www.eldigitaldeasturias.com\\\/noticias\\\/category\\\/actualidad\\\/#listItem\",\"name\":\"Actualidad\"}},{\"@type\":\"ListItem\",\"@id\":\"https:\\\/\\\/www.eldigitaldeasturias.com\\\/noticias\\\/category\\\/actualidad\\\/#listItem\",\"position\":2,\"name\":\"Actualidad\",\"item\":\"https:\\\/\\\/www.eldigitaldeasturias.com\\\/noticias\\\/category\\\/actualidad\\\/\",\"nextItem\":{\"@type\":\"ListItem\",\"@id\":\"https:\\\/\\\/www.eldigitaldeasturias.com\\\/noticias\\\/de-futbolista-a-propietario-beckham-y-su-equipo-de-futbol-en-miami\\\/#listItem\",\"name\":\"De futbolista a propietario : Beckham y su equipo de f\\u00fatbol en Miami\"},\"previousItem\":{\"@type\":\"ListItem\",\"@id\":\"https:\\\/\\\/www.eldigitaldeasturias.com\\\/noticias#listItem\",\"name\":\"Home\"}},{\"@type\":\"ListItem\",\"@id\":\"https:\\\/\\\/www.eldigitaldeasturias.com\\\/noticias\\\/de-futbolista-a-propietario-beckham-y-su-equipo-de-futbol-en-miami\\\/#listItem\",\"position\":3,\"name\":\"De futbolista a propietario : Beckham y su equipo de f\\u00fatbol en Miami\",\"previousItem\":{\"@type\":\"ListItem\",\"@id\":\"https:\\\/\\\/www.eldigitaldeasturias.com\\\/noticias\\\/category\\\/actualidad\\\/#listItem\",\"name\":\"Actualidad\"}}]},{\"@type\":\"Organization\",\"@id\":\"https:\\\/\\\/www.eldigitaldeasturias.com\\\/noticias\\\/#organization\",\"name\":\"El Digital de Asturias\",\"description\":\"Hemeroteca\",\"url\":\"https:\\\/\\\/www.eldigitaldeasturias.com\\\/noticias\\\/\",\"email\":\"info@eldigitaldeasturias.com\",\"telephone\":\"+34652131393\",\"logo\":{\"@type\":\"ImageObject\",\"url\":\"https:\\\/\\\/www.eldigitaldeasturias.com\\\/noticias\\\/wp-content\\\/uploads\\\/2020\\\/12\\\/EDA.jpg\",\"@id\":\"https:\\\/\\\/www.eldigitaldeasturias.com\\\/noticias\\\/de-futbolista-a-propietario-beckham-y-su-equipo-de-futbol-en-miami\\\/#organizationLogo\"},\"image\":{\"@id\":\"https:\\\/\\\/www.eldigitaldeasturias.com\\\/noticias\\\/de-futbolista-a-propietario-beckham-y-su-equipo-de-futbol-en-miami\\\/#organizationLogo\"},\"sameAs\":[\"https:\\\/\\\/facebook.com\\\/eldigitaldeasturias\",\"https:\\\/\\\/www.youtube.com\\\/channel\\\/UCZP-2wLEB9Rv6erhFmqVnvg\"],\"address\":{\"@id\":\"https:\\\/\\\/www.eldigitaldeasturias.com\\\/noticias\\\/#postaladdress\",\"@type\":\"PostalAddress\",\"streetAddress\":\"san antonio 4\",\"postalCode\":\"33430\",\"addressLocality\":\"Cand\\u00e1s\",\"addressRegion\":\"Asturias\",\"addressCountry\":\"ES\"}},{\"@type\":\"Person\",\"@id\":\"https:\\\/\\\/www.eldigitaldeasturias.com\\\/noticias\\\/author\\\/admin\\\/#author\",\"url\":\"https:\\\/\\\/www.eldigitaldeasturias.com\\\/noticias\\\/author\\\/admin\\\/\",\"name\":\"El Digital de Asturias\",\"image\":{\"@type\":\"ImageObject\",\"@id\":\"https:\\\/\\\/www.eldigitaldeasturias.com\\\/noticias\\\/de-futbolista-a-propietario-beckham-y-su-equipo-de-futbol-en-miami\\\/#authorImage\",\"url\":\"https:\\\/\\\/secure.gravatar.com\\\/avatar\\\/df2aeffc32bcd13f8d26072ef8a91b623d677766deac7f97ca815868cd41bf5e?s=96&d=mm&r=g\",\"width\":96,\"height\":96,\"caption\":\"El Digital de Asturias\"}},{\"@type\":\"WebPage\",\"@id\":\"https:\\\/\\\/www.eldigitaldeasturias.com\\\/noticias\\\/de-futbolista-a-propietario-beckham-y-su-equipo-de-futbol-en-miami\\\/#webpage\",\"url\":\"https:\\\/\\\/www.eldigitaldeasturias.com\\\/noticias\\\/de-futbolista-a-propietario-beckham-y-su-equipo-de-futbol-en-miami\\\/\",\"name\":\"De futbolista a propietario : Beckham y su equipo de f\\u00fatbol en Miami - El Digital de Asturias\",\"description\":\"Miami, 5 feb (dpa) - David Beckham ser\\u00e1 el due\\u00f1o de un equipo de f\\u00fatbol en Miami que competir\\u00e1 en la liga estadounidense (MLS), anunci\\u00f3 el ex jugador ingl\\u00e9s hoy en rueda de prensa. \\\"Es un d\\u00eda muy emocinante para m\\u00ed, mi familia y mis socios\\\", dijo Beckham, de 38 a\\u00f1os, en el Perez Arts\",\"inLanguage\":\"es-ES\",\"isPartOf\":{\"@id\":\"https:\\\/\\\/www.eldigitaldeasturias.com\\\/noticias\\\/#website\"},\"breadcrumb\":{\"@id\":\"https:\\\/\\\/www.eldigitaldeasturias.com\\\/noticias\\\/de-futbolista-a-propietario-beckham-y-su-equipo-de-futbol-en-miami\\\/#breadcrumblist\"},\"author\":{\"@id\":\"https:\\\/\\\/www.eldigitaldeasturias.com\\\/noticias\\\/author\\\/admin\\\/#author\"},\"creator\":{\"@id\":\"https:\\\/\\\/www.eldigitaldeasturias.com\\\/noticias\\\/author\\\/admin\\\/#author\"},\"image\":{\"@type\":\"ImageObject\",\"url\":482122,\"@id\":\"https:\\\/\\\/www.eldigitaldeasturias.com\\\/noticias\\\/de-futbolista-a-propietario-beckham-y-su-equipo-de-futbol-en-miami\\\/#mainImage\"},\"primaryImageOfPage\":{\"@id\":\"https:\\\/\\\/www.eldigitaldeasturias.com\\\/noticias\\\/de-futbolista-a-propietario-beckham-y-su-equipo-de-futbol-en-miami\\\/#mainImage\"},\"datePublished\":\"2014-02-06T03:20:18+01:00\",\"dateModified\":\"2014-02-06T03:20:18+01:00\"},{\"@type\":\"WebSite\",\"@id\":\"https:\\\/\\\/www.eldigitaldeasturias.com\\\/noticias\\\/#website\",\"url\":\"https:\\\/\\\/www.eldigitaldeasturias.com\\\/noticias\\\/\",\"name\":\"El Digital de Asturias - Diario de actualidad y noticias\",\"alternateName\":\"El Digital de Asturias - Diario de actualidad y noticias\",\"description\":\"Hemeroteca\",\"inLanguage\":\"es-ES\",\"publisher\":{\"@id\":\"https:\\\/\\\/www.eldigitaldeasturias.com\\\/noticias\\\/#organization\"}}]}\n\t\t<\/script>\n\t\t<!-- All in One SEO Pro -->\r\n\t\t<title>De futbolista a propietario : Beckham y su equipo de f\u00fatbol en Miami - El Digital de Asturias<\/title>\n\n","aioseo_head_json":{"title":"De futbolista a propietario : Beckham y su equipo de f\u00fatbol en Miami - El Digital de Asturias","description":"Miami, 5 feb (dpa) - David Beckham ser\u00e1 el due\u00f1o de un equipo de f\u00fatbol en Miami que competir\u00e1 en la liga estadounidense (MLS), anunci\u00f3 el ex jugador ingl\u00e9s hoy en rueda de prensa. \"Es un d\u00eda muy emocinante para m\u00ed, mi familia y mis socios\", dijo Beckham, de 38 a\u00f1os, en el Perez Arts","canonical_url":"https:\/\/www.eldigitaldeasturias.com\/noticias\/de-futbolista-a-propietario-beckham-y-su-equipo-de-futbol-en-miami\/","robots":"max-image-preview:large","keywords":"actualidad","webmasterTools":{"google-site-verification":"UA-38556648-1","msvalidate.01":"7dfe9f3f1b24437ab69f4f2559babe99","miscellaneous":""},"schema":{"@context":"https:\/\/schema.org","@graph":[{"@type":"BlogPosting","@id":"https:\/\/www.eldigitaldeasturias.com\/noticias\/de-futbolista-a-propietario-beckham-y-su-equipo-de-futbol-en-miami\/#blogposting","name":"De futbolista a propietario : Beckham y su equipo de f\u00fatbol en Miami - El Digital de Asturias","headline":"De futbolista a propietario : Beckham y su equipo de f\u00fatbol en Miami","author":{"@id":"https:\/\/www.eldigitaldeasturias.com\/noticias\/author\/admin\/#author"},"publisher":{"@id":"https:\/\/www.eldigitaldeasturias.com\/noticias\/#organization"},"image":{"@type":"ImageObject","url":482122},"datePublished":"2014-02-06T03:20:18+01:00","dateModified":"2014-02-06T03:20:18+01:00","inLanguage":"es-ES","mainEntityOfPage":{"@id":"https:\/\/www.eldigitaldeasturias.com\/noticias\/de-futbolista-a-propietario-beckham-y-su-equipo-de-futbol-en-miami\/#webpage"},"isPartOf":{"@id":"https:\/\/www.eldigitaldeasturias.com\/noticias\/de-futbolista-a-propietario-beckham-y-su-equipo-de-futbol-en-miami\/#webpage"},"articleSection":"Actualidad"},{"@type":"BreadcrumbList","@id":"https:\/\/www.eldigitaldeasturias.com\/noticias\/de-futbolista-a-propietario-beckham-y-su-equipo-de-futbol-en-miami\/#breadcrumblist","itemListElement":[{"@type":"ListItem","@id":"https:\/\/www.eldigitaldeasturias.com\/noticias#listItem","position":1,"name":"Home","item":"https:\/\/www.eldigitaldeasturias.com\/noticias","nextItem":{"@type":"ListItem","@id":"https:\/\/www.eldigitaldeasturias.com\/noticias\/category\/actualidad\/#listItem","name":"Actualidad"}},{"@type":"ListItem","@id":"https:\/\/www.eldigitaldeasturias.com\/noticias\/category\/actualidad\/#listItem","position":2,"name":"Actualidad","item":"https:\/\/www.eldigitaldeasturias.com\/noticias\/category\/actualidad\/","nextItem":{"@type":"ListItem","@id":"https:\/\/www.eldigitaldeasturias.com\/noticias\/de-futbolista-a-propietario-beckham-y-su-equipo-de-futbol-en-miami\/#listItem","name":"De futbolista a propietario : Beckham y su equipo de f\u00fatbol en Miami"},"previousItem":{"@type":"ListItem","@id":"https:\/\/www.eldigitaldeasturias.com\/noticias#listItem","name":"Home"}},{"@type":"ListItem","@id":"https:\/\/www.eldigitaldeasturias.com\/noticias\/de-futbolista-a-propietario-beckham-y-su-equipo-de-futbol-en-miami\/#listItem","position":3,"name":"De futbolista a propietario : Beckham y su equipo de f\u00fatbol en Miami","previousItem":{"@type":"ListItem","@id":"https:\/\/www.eldigitaldeasturias.com\/noticias\/category\/actualidad\/#listItem","name":"Actualidad"}}]},{"@type":"Organization","@id":"https:\/\/www.eldigitaldeasturias.com\/noticias\/#organization","name":"El Digital de Asturias","description":"Hemeroteca","url":"https:\/\/www.eldigitaldeasturias.com\/noticias\/","email":"info@eldigitaldeasturias.com","telephone":"+34652131393","logo":{"@type":"ImageObject","url":"https:\/\/www.eldigitaldeasturias.com\/noticias\/wp-content\/uploads\/2020\/12\/EDA.jpg","@id":"https:\/\/www.eldigitaldeasturias.com\/noticias\/de-futbolista-a-propietario-beckham-y-su-equipo-de-futbol-en-miami\/#organizationLogo"},"image":{"@id":"https:\/\/www.eldigitaldeasturias.com\/noticias\/de-futbolista-a-propietario-beckham-y-su-equipo-de-futbol-en-miami\/#organizationLogo"},"sameAs":["https:\/\/facebook.com\/eldigitaldeasturias","https:\/\/www.youtube.com\/channel\/UCZP-2wLEB9Rv6erhFmqVnvg"],"address":{"@id":"https:\/\/www.eldigitaldeasturias.com\/noticias\/#postaladdress","@type":"PostalAddress","streetAddress":"san antonio 4","postalCode":"33430","addressLocality":"Cand\u00e1s","addressRegion":"Asturias","addressCountry":"ES"}},{"@type":"Person","@id":"https:\/\/www.eldigitaldeasturias.com\/noticias\/author\/admin\/#author","url":"https:\/\/www.eldigitaldeasturias.com\/noticias\/author\/admin\/","name":"El Digital de Asturias","image":{"@type":"ImageObject","@id":"https:\/\/www.eldigitaldeasturias.com\/noticias\/de-futbolista-a-propietario-beckham-y-su-equipo-de-futbol-en-miami\/#authorImage","url":"https:\/\/secure.gravatar.com\/avatar\/df2aeffc32bcd13f8d26072ef8a91b623d677766deac7f97ca815868cd41bf5e?s=96&d=mm&r=g","width":96,"height":96,"caption":"El Digital de Asturias"}},{"@type":"WebPage","@id":"https:\/\/www.eldigitaldeasturias.com\/noticias\/de-futbolista-a-propietario-beckham-y-su-equipo-de-futbol-en-miami\/#webpage","url":"https:\/\/www.eldigitaldeasturias.com\/noticias\/de-futbolista-a-propietario-beckham-y-su-equipo-de-futbol-en-miami\/","name":"De futbolista a propietario : Beckham y su equipo de f\u00fatbol en Miami - El Digital de Asturias","description":"Miami, 5 feb (dpa) - David Beckham ser\u00e1 el due\u00f1o de un equipo de f\u00fatbol en Miami que competir\u00e1 en la liga estadounidense (MLS), anunci\u00f3 el ex jugador ingl\u00e9s hoy en rueda de prensa. \"Es un d\u00eda muy emocinante para m\u00ed, mi familia y mis socios\", dijo Beckham, de 38 a\u00f1os, en el Perez Arts","inLanguage":"es-ES","isPartOf":{"@id":"https:\/\/www.eldigitaldeasturias.com\/noticias\/#website"},"breadcrumb":{"@id":"https:\/\/www.eldigitaldeasturias.com\/noticias\/de-futbolista-a-propietario-beckham-y-su-equipo-de-futbol-en-miami\/#breadcrumblist"},"author":{"@id":"https:\/\/www.eldigitaldeasturias.com\/noticias\/author\/admin\/#author"},"creator":{"@id":"https:\/\/www.eldigitaldeasturias.com\/noticias\/author\/admin\/#author"},"image":{"@type":"ImageObject","url":482122,"@id":"https:\/\/www.eldigitaldeasturias.com\/noticias\/de-futbolista-a-propietario-beckham-y-su-equipo-de-futbol-en-miami\/#mainImage"},"primaryImageOfPage":{"@id":"https:\/\/www.eldigitaldeasturias.com\/noticias\/de-futbolista-a-propietario-beckham-y-su-equipo-de-futbol-en-miami\/#mainImage"},"datePublished":"2014-02-06T03:20:18+01:00","dateModified":"2014-02-06T03:20:18+01:00"},{"@type":"WebSite","@id":"https:\/\/www.eldigitaldeasturias.com\/noticias\/#website","url":"https:\/\/www.eldigitaldeasturias.com\/noticias\/","name":"El Digital de Asturias - Diario de actualidad y noticias","alternateName":"El Digital de Asturias - Diario de actualidad y noticias","description":"Hemeroteca","inLanguage":"es-ES","publisher":{"@id":"https:\/\/www.eldigitaldeasturias.com\/noticias\/#organization"}}]},"og:locale":"es_ES","og:site_name":"El Digital de Asturias","og:type":"article","og:title":"De futbolista a propietario : Beckham y su equipo de f\u00fatbol en Miami - El Digital de Asturias","og:description":"Miami, 5 feb (dpa) - David Beckham ser\u00e1 el due\u00f1o de un equipo de f\u00fatbol en Miami que competir\u00e1 en la liga estadounidense (MLS), anunci\u00f3 el ex jugador ingl\u00e9s hoy en rueda de prensa. &quot;Es un d\u00eda muy emocinante para m\u00ed, mi familia y mis socios&quot;, dijo Beckham, de 38 a\u00f1os, en el Perez Arts","og:url":"https:\/\/www.eldigitaldeasturias.com\/noticias\/de-futbolista-a-propietario-beckham-y-su-equipo-de-futbol-en-miami\/","article:tag":["actualidad"],"article:published_time":"2014-02-06T04:20:18+00:00","article:modified_time":"2014-02-06T04:20:18+00:00","article:publisher":"https:\/\/facebook.com\/eldigitaldeasturias","twitter:card":"summary_large_image","twitter:title":"De futbolista a propietario : Beckham y su equipo de f\u00fatbol en Miami - El Digital de Asturias","twitter:description":"Miami, 5 feb (dpa) - David Beckham ser\u00e1 el due\u00f1o de un equipo de f\u00fatbol en Miami que competir\u00e1 en la liga estadounidense (MLS), anunci\u00f3 el ex jugador ingl\u00e9s hoy en rueda de prensa. &quot;Es un d\u00eda muy emocinante para m\u00ed, mi familia y mis socios&quot;, dijo Beckham, de 38 a\u00f1os, en el Perez Arts","twitter:label1":"Escrito por","twitter:data1":"El Digital de Asturias","twitter:label2":"Tiempo de lectura estimado","twitter:data2":"3 minutos"},"aioseo_meta_data":{"post_id":"484765","title":null,"description":null,"keywords":null,"keyphrases":null,"primary_term":null,"canonical_url":null,"og_title":null,"og_description":null,"og_object_type":"default","og_image_type":"default","og_image_url":null,"og_image_width":null,"og_image_height":null,"og_image_custom_url":null,"og_image_custom_fields":null,"og_video":null,"og_custom_url":null,"og_article_section":null,"og_article_tags":null,"twitter_use_og":true,"twitter_card":"default","twitter_image_type":"default","twitter_image_url":null,"twitter_image_custom_url":null,"twitter_image_custom_fields":null,"twitter_title":null,"twitter_description":null,"schema":{"blockGraphs":[],"customGraphs":[],"default":{"data":{"Article":[],"Course":[],"Dataset":[],"FAQPage":[],"Movie":[],"Person":[],"Product":[],"ProductReview":[],"Car":[],"Recipe":[],"Service":[],"SoftwareApplication":[],"WebPage":[]},"graphName":"","isEnabled":true},"graphs":[],"defaultGraph":"","defaultPostTypeGraph":""},"schema_type":null,"schema_type_options":null,"pillar_content":false,"robots_default":true,"robots_noindex":false,"robots_noarchive":false,"robots_nosnippet":false,"robots_nofollow":false,"robots_noimageindex":false,"robots_noodp":false,"robots_notranslate":false,"robots_max_snippet":null,"robots_max_videopreview":null,"robots_max_imagepreview":"none","priority":null,"frequency":null,"local_seo":null,"seo_analyzer_scan_date":"2026-06-02 17:10:29","breadcrumb_settings":null,"limit_modified_date":false,"open_ai":null,"ai":null,"created":"2020-11-14 22:55:06","updated":"2026-06-02 17:10:29","focus_keyword":null,"additional_keywords":null,"truseo_locale":null},"aioseo_breadcrumb":"<div class=\"aioseo-breadcrumbs\"><span class=\"aioseo-breadcrumb\">\n\t<a href=\"https:\/\/www.eldigitaldeasturias.com\/noticias\" title=\"Home\">Home<\/a>\n<\/span><span class=\"aioseo-breadcrumb-separator\">\u2013<\/span><span class=\"aioseo-breadcrumb\">\n\t<a href=\"https:\/\/www.eldigitaldeasturias.com\/noticias\/category\/actualidad\/\" title=\"Actualidad\">Actualidad<\/a>\n<\/span><span class=\"aioseo-breadcrumb-separator\">\u2013<\/span><span class=\"aioseo-breadcrumb\">\n\t<a href=\"https:\/\/www.eldigitaldeasturias.com\/noticias\/de-futbolista-a-propietario-beckham-y-su-equipo-de-futbol-en-miami\/\" title=\"De futbolista a propietario : Beckham y su equipo de f\u00fatbol en Miami\">De futbolista a propietario : Beckham y su equipo de f\u00fatbol en Miami<\/a>\n<\/span><\/div>","aioseo_breadcrumb_json":[{"label":"Home","link":"https:\/\/www.eldigitaldeasturias.com\/noticias"},{"label":"Actualidad","link":"https:\/\/www.eldigitaldeasturias.com\/noticias\/category\/actualidad\/"},{"label":"De futbolista a propietario : Beckham y su equipo de f\u00fatbol en Miami","link":"https:\/\/www.eldigitaldeasturias.com\/noticias\/de-futbolista-a-propietario-beckham-y-su-equipo-de-futbol-en-miami\/"}],"_links":{"self":[{"href":"https:\/\/www.eldigitaldeasturias.com\/noticias\/wp-json\/wp\/v2\/posts\/484765","targetHints":{"allow":["GET"]}}],"collection":[{"href":"https:\/\/www.eldigitaldeasturias.com\/noticias\/wp-json\/wp\/v2\/posts"}],"about":[{"href":"https:\/\/www.eldigitaldeasturias.com\/noticias\/wp-json\/wp\/v2\/types\/post"}],"author":[{"embeddable":true,"href":"https:\/\/www.eldigitaldeasturias.com\/noticias\/wp-json\/wp\/v2\/users\/1"}],"replies":[{"embeddable":true,"href":"https:\/\/www.eldigitaldeasturias.com\/noticias\/wp-json\/wp\/v2\/comments?post=484765"}],"version-history":[{"count":0,"href":"https:\/\/www.eldigitaldeasturias.com\/noticias\/wp-json\/wp\/v2\/posts\/484765\/revisions"}],"wp:attachment":[{"href":"https:\/\/www.eldigitaldeasturias.com\/noticias\/wp-json\/wp\/v2\/media?parent=484765"}],"wp:term":[{"taxonomy":"category","embeddable":true,"href":"https:\/\/www.eldigitaldeasturias.com\/noticias\/wp-json\/wp\/v2\/categories?post=484765"},{"taxonomy":"post_tag","embeddable":true,"href":"https:\/\/www.eldigitaldeasturias.com\/noticias\/wp-json\/wp\/v2\/tags?post=484765"}],"curies":[{"name":"wp","href":"https:\/\/api.w.org\/{rel}","templated":true}]}}