{"id":484753,"date":"2014-02-06T03:05:23","date_gmt":"2014-02-06T04:05:23","guid":{"rendered":"http:\/\/www.eldigitaldeasturias.com\/noticias\/?p=484753"},"modified":"2014-02-06T03:05:23","modified_gmt":"2014-02-06T04:05:23","slug":"errores-politicos-y-denuncias-judiciales-debilitan-a-bachelet","status":"publish","type":"post","link":"https:\/\/www.eldigitaldeasturias.com\/noticias\/errores-politicos-y-denuncias-judiciales-debilitan-a-bachelet\/","title":{"rendered":"Errores pol\u00edticos y denuncias judiciales debilitan a Bachelet"},"content":{"rendered":"<p><img loading=\"lazy\" decoding=\"async\" class=\"alignleft size-medium wp-image-447743\" alt=\"Chile: Michelle Bachelet Campaigns in Maipu\" src=\"https:\/\/www.eldigitaldeasturias.com\/noticias\/wp-content\/uploads\/2013\/11\/Chile_Michelle_Bache_36324834-360x240.jpg\" width=\"360\" height=\"240\" \/>Santiago de Chile, 5 feb (dpa) &#8211; La presidenta electa de Chile, Michelle Bachelet, qued\u00f3 enfrentada hoy a un complejo escenario, despu\u00e9s de ceder a presiones del movimiento estudiantil en la estructuraci\u00f3n de su equipo de gobierno.<\/p>\n<p>\u00abLa futura reforma educacional tiene que contar con la participaci\u00f3n y deliberaci\u00f3n del movimiento social\u00bb, desafi\u00f3 incluso el diputado Giorgio Jackson, l\u00edder de las protestas estudiantiles de 2011 y de la colectividad independiente Revoluci\u00f3n Democr\u00e1tica.<\/p>\n<p>Las palabras de Jackson, un joven de 27 a\u00f1os, no fueron objetadas desde el entorno de Bachelet y contaron con el respaldo de la tambi\u00e9n diputada Camila Vallejo, otra ex dirigente estudiantil.<\/p>\n<p>\u00abComo futuro gobierno nos comprometimos a impulsar una profunda reforma educacional, quienes la implementen deben estar comprometidos en el decir y hacer\u00bb, ahond\u00f3 la l\u00edder comunista y aliada de Bachelet.<\/p>\n<p>La crisis, cuyo tel\u00f3n de fondo son las protestas convocadas por los estudiantes para marzo luego del ascenso de Bachelet al poder, estall\u00f3 cuando la l\u00edder socialista nombr\u00f3 como su futura viceministra de Educaci\u00f3n a la dem\u00f3crata cristiana Claudia Peirano.<\/p>\n<p>Esta economista, que este lunes dimiti\u00f3 anticipadamente a su cargo, es una opositora a la idea de que en Chile exista educaci\u00f3n p\u00fablica gratuita, principal demanda estudiantil y promesa de campa\u00f1a de Bachelet.<\/p>\n<p>La presidenta electa, tras respaldar a Peirano p\u00fablicamente, al final acept\u00f3 su salida y la reemplaz\u00f3 con la independiente Valentina Quiroga. \u00abBuena decisi\u00f3n!\u00bb, aprob\u00f3 Jackson en Twitter.<\/p>\n<p>Pero no todos fueron tan ben\u00e9volos. \u00abConfunden las se\u00f1ales que est\u00e1 dando el futuro gobierno respecto a qu\u00e9 es lo que pretende en educaci\u00f3n\u00bb, fustig\u00f3 la presidenta de la Federaci\u00f3n de Estudiantes de la Universidad de Chile, la anarquista y estudiante de medicina Melissa Sep\u00falveda.<\/p>\n<p>El traspi\u00e9s, que se ve empeorado por la existencia de denuncias judiciales contra otros dos futuros viceministros de Bachelet, provoc\u00f3 cr\u00edticas al equipo pol\u00edtico, responsable de apoyar a la mandataria electa en la conformaci\u00f3n de su gabinete.<\/p>\n<p>\u00abTodos los caminos conducen a (Rodrigo) Pe\u00f1ailillo\u00bb, titul\u00f3 incluso el diario electr\u00f3nico \u00abEl Mostrador\u00bb, en alusi\u00f3n al hist\u00f3rico jefe de gabinete de Bachelet, ungido desde hace una semana como su futuro ministro del Interior.<\/p>\n<p>\u00abHa existido desprolijidad en los nombramientos\u00bb, reclam\u00f3 adem\u00e1s el presidente del Partido Socialista, el diputado Osvaldo Andrade, ex ministro de Bachelet entre 2006 y 2010, en su primer gobierno.<\/p>\n<p>Pero el problema no son los errores no forzados, sino lo que simboliza que un presidente sea empujado a cambiar su gabinete antes de asumir por presiones sociales, como desliz\u00f3 el propio Andrade.<\/p>\n<p>\u00abEntiendo que siempre hay que escuchar y con la mejor disposici\u00f3n, pero tambi\u00e9n hay que asumir el rol que a uno le corresponde y, en consecuencia, hay que encontrar la pol\u00edtica m\u00e1s adecuada, si no uno resigna su propio rol\u00bb, advirti\u00f3.<\/p>\n<p>Bachelet, silenciosa hasta ahora, asumir\u00e1 el poder el 11 de marzo contando con mayor\u00eda en ambas c\u00e1maras del Congreso.<\/p>\n<p>No obstante, pol\u00edticos, estudiantes y medios anticipan que su negociaci\u00f3n m\u00e1s dif\u00edcil ser\u00e1 con la \u00abbancada estudiantil\u00bb, el movimiento que lideran Jackson y Vallejo en el Congreso y otra treintena de l\u00edderes estudiantiles desde agrupaciones universitarias y secundarias.<\/p>\n<p>La primera prueba ser\u00e1 el 22 de marzo, fecha de la marcha estudiantil inaugural del a\u00f1o, jornada en que los j\u00f3venes esperan movilizar a unas 150.000 personas en las calles, en demanda de educaci\u00f3n p\u00fablica, gratuita y de calidad.<\/p>\n<p>Por Mauricio Weibel<\/p>\n","protected":false},"excerpt":{"rendered":"<p>Santiago de Chile, 5 feb (dpa) &#8211; La presidenta electa de Chile, Michelle Bachelet, qued\u00f3 enfrentada hoy a un complejo escenario, despu\u00e9s de ceder a presiones del movimiento estudiantil en la estructuraci\u00f3n de su equipo de gobierno. \u00abLa futura reforma educacional tiene que contar con la participaci\u00f3n y deliberaci\u00f3n del movimiento social\u00bb, desafi\u00f3 incluso el [&hellip;]<\/p>\n","protected":false},"author":1,"featured_media":447743,"comment_status":"closed","ping_status":"open","sticky":false,"template":"","format":"standard","meta":{"footnotes":""},"categories":[1],"tags":[],"class_list":["post-484753","post","type-post","status-publish","format-standard","has-post-thumbnail","hentry","category-actualidad"],"aioseo_notices":[],"aioseo_head":"\n\t\t<!-- All in One SEO Pro 5.0.1 - aioseo.com -->\n\t<meta name=\"description\" content=\"Santiago de Chile, 5 feb (dpa) - La presidenta electa de Chile, Michelle Bachelet, qued\u00f3 enfrentada hoy a un complejo escenario, despu\u00e9s de ceder a presiones del movimiento estudiantil en la estructuraci\u00f3n de su equipo de gobierno. &quot;La futura reforma educacional tiene que contar con la participaci\u00f3n y deliberaci\u00f3n del movimiento social&quot;, desafi\u00f3 incluso el\" \/>\n\t<meta name=\"robots\" content=\"max-image-preview:large\" \/>\n\t<meta name=\"author\" content=\"El Digital de Asturias\"\/>\n\t<meta name=\"google-site-verification\" content=\"UA-38556648-1\" \/>\n\t<meta name=\"msvalidate.01\" content=\"7dfe9f3f1b24437ab69f4f2559babe99\" \/>\n\t<meta name=\"keywords\" content=\"actualidad\" \/>\n\t<link rel=\"canonical\" href=\"https:\/\/www.eldigitaldeasturias.com\/noticias\/errores-politicos-y-denuncias-judiciales-debilitan-a-bachelet\/\" \/>\n\t<meta name=\"generator\" content=\"All in One SEO Pro (AIOSEO) 5.0.1\" \/>\n\t\t<meta property=\"og:locale\" content=\"es_ES\" \/>\n\t\t<meta property=\"og:site_name\" content=\"El Digital de Asturias\" \/>\n\t\t<meta property=\"og:type\" content=\"article\" \/>\n\t\t<meta property=\"og:title\" content=\"Errores pol\u00edticos y denuncias judiciales debilitan a Bachelet - El Digital de Asturias\" \/>\n\t\t<meta property=\"og:description\" content=\"Santiago de Chile, 5 feb (dpa) - La presidenta electa de Chile, Michelle Bachelet, qued\u00f3 enfrentada hoy a un complejo escenario, despu\u00e9s de ceder a presiones del movimiento estudiantil en la estructuraci\u00f3n de su equipo de gobierno. &quot;La futura reforma educacional tiene que contar con la participaci\u00f3n y deliberaci\u00f3n del movimiento social&quot;, desafi\u00f3 incluso el\" \/>\n\t\t<meta property=\"og:url\" content=\"https:\/\/www.eldigitaldeasturias.com\/noticias\/errores-politicos-y-denuncias-judiciales-debilitan-a-bachelet\/\" \/>\n\t\t<meta property=\"article:tag\" content=\"actualidad\" \/>\n\t\t<meta property=\"article:published_time\" content=\"2014-02-06T04:05:23+00:00\" \/>\n\t\t<meta property=\"article:modified_time\" content=\"2014-02-06T04:05:23+00:00\" \/>\n\t\t<meta property=\"article:publisher\" content=\"https:\/\/facebook.com\/eldigitaldeasturias\" \/>\n\t\t<meta name=\"twitter:card\" content=\"summary_large_image\" \/>\n\t\t<meta name=\"twitter:title\" content=\"Errores pol\u00edticos y denuncias judiciales debilitan a Bachelet - El Digital de Asturias\" \/>\n\t\t<meta name=\"twitter:description\" content=\"Santiago de Chile, 5 feb (dpa) - La presidenta electa de Chile, Michelle Bachelet, qued\u00f3 enfrentada hoy a un complejo escenario, despu\u00e9s de ceder a presiones del movimiento estudiantil en la estructuraci\u00f3n de su equipo de gobierno. &quot;La futura reforma educacional tiene que contar con la participaci\u00f3n y deliberaci\u00f3n del movimiento social&quot;, desafi\u00f3 incluso el\" \/>\n\t\t<meta name=\"twitter:label1\" content=\"Escrito por\" \/>\n\t\t<meta name=\"twitter:data1\" content=\"El Digital de Asturias\" \/>\n\t\t<meta name=\"twitter:label2\" content=\"Tiempo de lectura estimado\" \/>\n\t\t<meta name=\"twitter:data2\" content=\"3 minutos\" \/>\n\t\t<script type=\"application\/ld+json\" class=\"aioseo-schema\">\n\t\t\t{\"@context\":\"https:\\\/\\\/schema.org\",\"@graph\":[{\"@type\":\"BlogPosting\",\"@id\":\"https:\\\/\\\/www.eldigitaldeasturias.com\\\/noticias\\\/errores-politicos-y-denuncias-judiciales-debilitan-a-bachelet\\\/#blogposting\",\"name\":\"Errores pol\\u00edticos y denuncias judiciales debilitan a Bachelet - El Digital de Asturias\",\"headline\":\"Errores pol\\u00edticos y denuncias judiciales debilitan a Bachelet\",\"author\":{\"@id\":\"https:\\\/\\\/www.eldigitaldeasturias.com\\\/noticias\\\/author\\\/admin\\\/#author\"},\"publisher\":{\"@id\":\"https:\\\/\\\/www.eldigitaldeasturias.com\\\/noticias\\\/#organization\"},\"image\":{\"@type\":\"ImageObject\",\"url\":447743},\"datePublished\":\"2014-02-06T03:05:23+01:00\",\"dateModified\":\"2014-02-06T03:05:23+01:00\",\"inLanguage\":\"es-ES\",\"mainEntityOfPage\":{\"@id\":\"https:\\\/\\\/www.eldigitaldeasturias.com\\\/noticias\\\/errores-politicos-y-denuncias-judiciales-debilitan-a-bachelet\\\/#webpage\"},\"isPartOf\":{\"@id\":\"https:\\\/\\\/www.eldigitaldeasturias.com\\\/noticias\\\/errores-politicos-y-denuncias-judiciales-debilitan-a-bachelet\\\/#webpage\"},\"articleSection\":\"Actualidad\"},{\"@type\":\"BreadcrumbList\",\"@id\":\"https:\\\/\\\/www.eldigitaldeasturias.com\\\/noticias\\\/errores-politicos-y-denuncias-judiciales-debilitan-a-bachelet\\\/#breadcrumblist\",\"itemListElement\":[{\"@type\":\"ListItem\",\"@id\":\"https:\\\/\\\/www.eldigitaldeasturias.com\\\/noticias#listItem\",\"position\":1,\"name\":\"Home\",\"item\":\"https:\\\/\\\/www.eldigitaldeasturias.com\\\/noticias\",\"nextItem\":{\"@type\":\"ListItem\",\"@id\":\"https:\\\/\\\/www.eldigitaldeasturias.com\\\/noticias\\\/category\\\/actualidad\\\/#listItem\",\"name\":\"Actualidad\"}},{\"@type\":\"ListItem\",\"@id\":\"https:\\\/\\\/www.eldigitaldeasturias.com\\\/noticias\\\/category\\\/actualidad\\\/#listItem\",\"position\":2,\"name\":\"Actualidad\",\"item\":\"https:\\\/\\\/www.eldigitaldeasturias.com\\\/noticias\\\/category\\\/actualidad\\\/\",\"nextItem\":{\"@type\":\"ListItem\",\"@id\":\"https:\\\/\\\/www.eldigitaldeasturias.com\\\/noticias\\\/errores-politicos-y-denuncias-judiciales-debilitan-a-bachelet\\\/#listItem\",\"name\":\"Errores pol\\u00edticos y denuncias judiciales debilitan a Bachelet\"},\"previousItem\":{\"@type\":\"ListItem\",\"@id\":\"https:\\\/\\\/www.eldigitaldeasturias.com\\\/noticias#listItem\",\"name\":\"Home\"}},{\"@type\":\"ListItem\",\"@id\":\"https:\\\/\\\/www.eldigitaldeasturias.com\\\/noticias\\\/errores-politicos-y-denuncias-judiciales-debilitan-a-bachelet\\\/#listItem\",\"position\":3,\"name\":\"Errores pol\\u00edticos y denuncias judiciales debilitan a Bachelet\",\"previousItem\":{\"@type\":\"ListItem\",\"@id\":\"https:\\\/\\\/www.eldigitaldeasturias.com\\\/noticias\\\/category\\\/actualidad\\\/#listItem\",\"name\":\"Actualidad\"}}]},{\"@type\":\"Organization\",\"@id\":\"https:\\\/\\\/www.eldigitaldeasturias.com\\\/noticias\\\/#organization\",\"name\":\"El Digital de Asturias\",\"description\":\"Hemeroteca\",\"url\":\"https:\\\/\\\/www.eldigitaldeasturias.com\\\/noticias\\\/\",\"email\":\"info@eldigitaldeasturias.com\",\"telephone\":\"+34652131393\",\"logo\":{\"@type\":\"ImageObject\",\"url\":\"https:\\\/\\\/www.eldigitaldeasturias.com\\\/noticias\\\/wp-content\\\/uploads\\\/2020\\\/12\\\/EDA.jpg\",\"@id\":\"https:\\\/\\\/www.eldigitaldeasturias.com\\\/noticias\\\/errores-politicos-y-denuncias-judiciales-debilitan-a-bachelet\\\/#organizationLogo\"},\"image\":{\"@id\":\"https:\\\/\\\/www.eldigitaldeasturias.com\\\/noticias\\\/errores-politicos-y-denuncias-judiciales-debilitan-a-bachelet\\\/#organizationLogo\"},\"sameAs\":[\"https:\\\/\\\/facebook.com\\\/eldigitaldeasturias\",\"https:\\\/\\\/www.youtube.com\\\/channel\\\/UCZP-2wLEB9Rv6erhFmqVnvg\"],\"address\":{\"@id\":\"https:\\\/\\\/www.eldigitaldeasturias.com\\\/noticias\\\/#postaladdress\",\"@type\":\"PostalAddress\",\"streetAddress\":\"san antonio 4\",\"postalCode\":\"33430\",\"addressLocality\":\"Cand\\u00e1s\",\"addressRegion\":\"Asturias\",\"addressCountry\":\"ES\"}},{\"@type\":\"Person\",\"@id\":\"https:\\\/\\\/www.eldigitaldeasturias.com\\\/noticias\\\/author\\\/admin\\\/#author\",\"url\":\"https:\\\/\\\/www.eldigitaldeasturias.com\\\/noticias\\\/author\\\/admin\\\/\",\"name\":\"El Digital de Asturias\",\"image\":{\"@type\":\"ImageObject\",\"@id\":\"https:\\\/\\\/www.eldigitaldeasturias.com\\\/noticias\\\/errores-politicos-y-denuncias-judiciales-debilitan-a-bachelet\\\/#authorImage\",\"url\":\"https:\\\/\\\/secure.gravatar.com\\\/avatar\\\/df2aeffc32bcd13f8d26072ef8a91b623d677766deac7f97ca815868cd41bf5e?s=96&d=mm&r=g\",\"width\":96,\"height\":96,\"caption\":\"El Digital de Asturias\"}},{\"@type\":\"WebPage\",\"@id\":\"https:\\\/\\\/www.eldigitaldeasturias.com\\\/noticias\\\/errores-politicos-y-denuncias-judiciales-debilitan-a-bachelet\\\/#webpage\",\"url\":\"https:\\\/\\\/www.eldigitaldeasturias.com\\\/noticias\\\/errores-politicos-y-denuncias-judiciales-debilitan-a-bachelet\\\/\",\"name\":\"Errores pol\\u00edticos y denuncias judiciales debilitan a Bachelet - El Digital de Asturias\",\"description\":\"Santiago de Chile, 5 feb (dpa) - La presidenta electa de Chile, Michelle Bachelet, qued\\u00f3 enfrentada hoy a un complejo escenario, despu\\u00e9s de ceder a presiones del movimiento estudiantil en la estructuraci\\u00f3n de su equipo de gobierno. \\\"La futura reforma educacional tiene que contar con la participaci\\u00f3n y deliberaci\\u00f3n del movimiento social\\\", desafi\\u00f3 incluso el\",\"inLanguage\":\"es-ES\",\"isPartOf\":{\"@id\":\"https:\\\/\\\/www.eldigitaldeasturias.com\\\/noticias\\\/#website\"},\"breadcrumb\":{\"@id\":\"https:\\\/\\\/www.eldigitaldeasturias.com\\\/noticias\\\/errores-politicos-y-denuncias-judiciales-debilitan-a-bachelet\\\/#breadcrumblist\"},\"author\":{\"@id\":\"https:\\\/\\\/www.eldigitaldeasturias.com\\\/noticias\\\/author\\\/admin\\\/#author\"},\"creator\":{\"@id\":\"https:\\\/\\\/www.eldigitaldeasturias.com\\\/noticias\\\/author\\\/admin\\\/#author\"},\"image\":{\"@type\":\"ImageObject\",\"url\":447743,\"@id\":\"https:\\\/\\\/www.eldigitaldeasturias.com\\\/noticias\\\/errores-politicos-y-denuncias-judiciales-debilitan-a-bachelet\\\/#mainImage\"},\"primaryImageOfPage\":{\"@id\":\"https:\\\/\\\/www.eldigitaldeasturias.com\\\/noticias\\\/errores-politicos-y-denuncias-judiciales-debilitan-a-bachelet\\\/#mainImage\"},\"datePublished\":\"2014-02-06T03:05:23+01:00\",\"dateModified\":\"2014-02-06T03:05:23+01:00\"},{\"@type\":\"WebSite\",\"@id\":\"https:\\\/\\\/www.eldigitaldeasturias.com\\\/noticias\\\/#website\",\"url\":\"https:\\\/\\\/www.eldigitaldeasturias.com\\\/noticias\\\/\",\"name\":\"El Digital de Asturias - Diario de actualidad y noticias\",\"alternateName\":\"El Digital de Asturias - Diario de actualidad y noticias\",\"description\":\"Hemeroteca\",\"inLanguage\":\"es-ES\",\"publisher\":{\"@id\":\"https:\\\/\\\/www.eldigitaldeasturias.com\\\/noticias\\\/#organization\"}}]}\n\t\t<\/script>\n\t\t<!-- All in One SEO Pro -->\r\n\t\t<title>Errores pol\u00edticos y denuncias judiciales debilitan a Bachelet - El Digital de Asturias<\/title>\n\n","aioseo_head_json":{"title":"Errores pol\u00edticos y denuncias judiciales debilitan a Bachelet - El Digital de Asturias","description":"Santiago de Chile, 5 feb (dpa) - La presidenta electa de Chile, Michelle Bachelet, qued\u00f3 enfrentada hoy a un complejo escenario, despu\u00e9s de ceder a presiones del movimiento estudiantil en la estructuraci\u00f3n de su equipo de gobierno. \"La futura reforma educacional tiene que contar con la participaci\u00f3n y deliberaci\u00f3n del movimiento social\", desafi\u00f3 incluso el","canonical_url":"https:\/\/www.eldigitaldeasturias.com\/noticias\/errores-politicos-y-denuncias-judiciales-debilitan-a-bachelet\/","robots":"max-image-preview:large","keywords":"actualidad","webmasterTools":{"google-site-verification":"UA-38556648-1","msvalidate.01":"7dfe9f3f1b24437ab69f4f2559babe99","miscellaneous":""},"schema":{"@context":"https:\/\/schema.org","@graph":[{"@type":"BlogPosting","@id":"https:\/\/www.eldigitaldeasturias.com\/noticias\/errores-politicos-y-denuncias-judiciales-debilitan-a-bachelet\/#blogposting","name":"Errores pol\u00edticos y denuncias judiciales debilitan a Bachelet - El Digital de Asturias","headline":"Errores pol\u00edticos y denuncias judiciales debilitan a Bachelet","author":{"@id":"https:\/\/www.eldigitaldeasturias.com\/noticias\/author\/admin\/#author"},"publisher":{"@id":"https:\/\/www.eldigitaldeasturias.com\/noticias\/#organization"},"image":{"@type":"ImageObject","url":447743},"datePublished":"2014-02-06T03:05:23+01:00","dateModified":"2014-02-06T03:05:23+01:00","inLanguage":"es-ES","mainEntityOfPage":{"@id":"https:\/\/www.eldigitaldeasturias.com\/noticias\/errores-politicos-y-denuncias-judiciales-debilitan-a-bachelet\/#webpage"},"isPartOf":{"@id":"https:\/\/www.eldigitaldeasturias.com\/noticias\/errores-politicos-y-denuncias-judiciales-debilitan-a-bachelet\/#webpage"},"articleSection":"Actualidad"},{"@type":"BreadcrumbList","@id":"https:\/\/www.eldigitaldeasturias.com\/noticias\/errores-politicos-y-denuncias-judiciales-debilitan-a-bachelet\/#breadcrumblist","itemListElement":[{"@type":"ListItem","@id":"https:\/\/www.eldigitaldeasturias.com\/noticias#listItem","position":1,"name":"Home","item":"https:\/\/www.eldigitaldeasturias.com\/noticias","nextItem":{"@type":"ListItem","@id":"https:\/\/www.eldigitaldeasturias.com\/noticias\/category\/actualidad\/#listItem","name":"Actualidad"}},{"@type":"ListItem","@id":"https:\/\/www.eldigitaldeasturias.com\/noticias\/category\/actualidad\/#listItem","position":2,"name":"Actualidad","item":"https:\/\/www.eldigitaldeasturias.com\/noticias\/category\/actualidad\/","nextItem":{"@type":"ListItem","@id":"https:\/\/www.eldigitaldeasturias.com\/noticias\/errores-politicos-y-denuncias-judiciales-debilitan-a-bachelet\/#listItem","name":"Errores pol\u00edticos y denuncias judiciales debilitan a Bachelet"},"previousItem":{"@type":"ListItem","@id":"https:\/\/www.eldigitaldeasturias.com\/noticias#listItem","name":"Home"}},{"@type":"ListItem","@id":"https:\/\/www.eldigitaldeasturias.com\/noticias\/errores-politicos-y-denuncias-judiciales-debilitan-a-bachelet\/#listItem","position":3,"name":"Errores pol\u00edticos y denuncias judiciales debilitan a Bachelet","previousItem":{"@type":"ListItem","@id":"https:\/\/www.eldigitaldeasturias.com\/noticias\/category\/actualidad\/#listItem","name":"Actualidad"}}]},{"@type":"Organization","@id":"https:\/\/www.eldigitaldeasturias.com\/noticias\/#organization","name":"El Digital de Asturias","description":"Hemeroteca","url":"https:\/\/www.eldigitaldeasturias.com\/noticias\/","email":"info@eldigitaldeasturias.com","telephone":"+34652131393","logo":{"@type":"ImageObject","url":"https:\/\/www.eldigitaldeasturias.com\/noticias\/wp-content\/uploads\/2020\/12\/EDA.jpg","@id":"https:\/\/www.eldigitaldeasturias.com\/noticias\/errores-politicos-y-denuncias-judiciales-debilitan-a-bachelet\/#organizationLogo"},"image":{"@id":"https:\/\/www.eldigitaldeasturias.com\/noticias\/errores-politicos-y-denuncias-judiciales-debilitan-a-bachelet\/#organizationLogo"},"sameAs":["https:\/\/facebook.com\/eldigitaldeasturias","https:\/\/www.youtube.com\/channel\/UCZP-2wLEB9Rv6erhFmqVnvg"],"address":{"@id":"https:\/\/www.eldigitaldeasturias.com\/noticias\/#postaladdress","@type":"PostalAddress","streetAddress":"san antonio 4","postalCode":"33430","addressLocality":"Cand\u00e1s","addressRegion":"Asturias","addressCountry":"ES"}},{"@type":"Person","@id":"https:\/\/www.eldigitaldeasturias.com\/noticias\/author\/admin\/#author","url":"https:\/\/www.eldigitaldeasturias.com\/noticias\/author\/admin\/","name":"El Digital de Asturias","image":{"@type":"ImageObject","@id":"https:\/\/www.eldigitaldeasturias.com\/noticias\/errores-politicos-y-denuncias-judiciales-debilitan-a-bachelet\/#authorImage","url":"https:\/\/secure.gravatar.com\/avatar\/df2aeffc32bcd13f8d26072ef8a91b623d677766deac7f97ca815868cd41bf5e?s=96&d=mm&r=g","width":96,"height":96,"caption":"El Digital de Asturias"}},{"@type":"WebPage","@id":"https:\/\/www.eldigitaldeasturias.com\/noticias\/errores-politicos-y-denuncias-judiciales-debilitan-a-bachelet\/#webpage","url":"https:\/\/www.eldigitaldeasturias.com\/noticias\/errores-politicos-y-denuncias-judiciales-debilitan-a-bachelet\/","name":"Errores pol\u00edticos y denuncias judiciales debilitan a Bachelet - El Digital de Asturias","description":"Santiago de Chile, 5 feb (dpa) - La presidenta electa de Chile, Michelle Bachelet, qued\u00f3 enfrentada hoy a un complejo escenario, despu\u00e9s de ceder a presiones del movimiento estudiantil en la estructuraci\u00f3n de su equipo de gobierno. \"La futura reforma educacional tiene que contar con la participaci\u00f3n y deliberaci\u00f3n del movimiento social\", desafi\u00f3 incluso el","inLanguage":"es-ES","isPartOf":{"@id":"https:\/\/www.eldigitaldeasturias.com\/noticias\/#website"},"breadcrumb":{"@id":"https:\/\/www.eldigitaldeasturias.com\/noticias\/errores-politicos-y-denuncias-judiciales-debilitan-a-bachelet\/#breadcrumblist"},"author":{"@id":"https:\/\/www.eldigitaldeasturias.com\/noticias\/author\/admin\/#author"},"creator":{"@id":"https:\/\/www.eldigitaldeasturias.com\/noticias\/author\/admin\/#author"},"image":{"@type":"ImageObject","url":447743,"@id":"https:\/\/www.eldigitaldeasturias.com\/noticias\/errores-politicos-y-denuncias-judiciales-debilitan-a-bachelet\/#mainImage"},"primaryImageOfPage":{"@id":"https:\/\/www.eldigitaldeasturias.com\/noticias\/errores-politicos-y-denuncias-judiciales-debilitan-a-bachelet\/#mainImage"},"datePublished":"2014-02-06T03:05:23+01:00","dateModified":"2014-02-06T03:05:23+01:00"},{"@type":"WebSite","@id":"https:\/\/www.eldigitaldeasturias.com\/noticias\/#website","url":"https:\/\/www.eldigitaldeasturias.com\/noticias\/","name":"El Digital de Asturias - Diario de actualidad y noticias","alternateName":"El Digital de Asturias - Diario de actualidad y noticias","description":"Hemeroteca","inLanguage":"es-ES","publisher":{"@id":"https:\/\/www.eldigitaldeasturias.com\/noticias\/#organization"}}]},"og:locale":"es_ES","og:site_name":"El Digital de Asturias","og:type":"article","og:title":"Errores pol\u00edticos y denuncias judiciales debilitan a Bachelet - El Digital de Asturias","og:description":"Santiago de Chile, 5 feb (dpa) - La presidenta electa de Chile, Michelle Bachelet, qued\u00f3 enfrentada hoy a un complejo escenario, despu\u00e9s de ceder a presiones del movimiento estudiantil en la estructuraci\u00f3n de su equipo de gobierno. &quot;La futura reforma educacional tiene que contar con la participaci\u00f3n y deliberaci\u00f3n del movimiento social&quot;, desafi\u00f3 incluso el","og:url":"https:\/\/www.eldigitaldeasturias.com\/noticias\/errores-politicos-y-denuncias-judiciales-debilitan-a-bachelet\/","article:tag":["actualidad"],"article:published_time":"2014-02-06T04:05:23+00:00","article:modified_time":"2014-02-06T04:05:23+00:00","article:publisher":"https:\/\/facebook.com\/eldigitaldeasturias","twitter:card":"summary_large_image","twitter:title":"Errores pol\u00edticos y denuncias judiciales debilitan a Bachelet - El Digital de Asturias","twitter:description":"Santiago de Chile, 5 feb (dpa) - La presidenta electa de Chile, Michelle Bachelet, qued\u00f3 enfrentada hoy a un complejo escenario, despu\u00e9s de ceder a presiones del movimiento estudiantil en la estructuraci\u00f3n de su equipo de gobierno. &quot;La futura reforma educacional tiene que contar con la participaci\u00f3n y deliberaci\u00f3n del movimiento social&quot;, desafi\u00f3 incluso el","twitter:label1":"Escrito por","twitter:data1":"El Digital de Asturias","twitter:label2":"Tiempo de lectura estimado","twitter:data2":"3 minutos"},"aioseo_meta_data":{"post_id":"484753","title":null,"description":null,"keywords":null,"keyphrases":null,"primary_term":null,"canonical_url":null,"og_title":null,"og_description":null,"og_object_type":"default","og_image_type":"default","og_image_url":null,"og_image_width":null,"og_image_height":null,"og_image_custom_url":null,"og_image_custom_fields":null,"og_video":null,"og_custom_url":null,"og_article_section":null,"og_article_tags":null,"twitter_use_og":true,"twitter_card":"default","twitter_image_type":"default","twitter_image_url":null,"twitter_image_custom_url":null,"twitter_image_custom_fields":null,"twitter_title":null,"twitter_description":null,"schema":{"blockGraphs":[],"customGraphs":[],"default":{"data":{"Article":[],"Course":[],"Dataset":[],"FAQPage":[],"Movie":[],"Person":[],"Product":[],"ProductReview":[],"Car":[],"Recipe":[],"Service":[],"SoftwareApplication":[],"WebPage":[]},"graphName":"","isEnabled":true},"graphs":[],"defaultGraph":"","defaultPostTypeGraph":""},"schema_type":null,"schema_type_options":null,"pillar_content":false,"robots_default":true,"robots_noindex":false,"robots_noarchive":false,"robots_nosnippet":false,"robots_nofollow":false,"robots_noimageindex":false,"robots_noodp":false,"robots_notranslate":false,"robots_max_snippet":null,"robots_max_videopreview":null,"robots_max_imagepreview":"none","priority":null,"frequency":null,"local_seo":null,"seo_analyzer_scan_date":"2026-06-02 17:02:54","breadcrumb_settings":null,"limit_modified_date":false,"open_ai":null,"ai":null,"created":"2020-11-14 22:55:06","updated":"2026-06-02 17:02:54","focus_keyword":null,"additional_keywords":null,"truseo_locale":null},"aioseo_breadcrumb":"<div class=\"aioseo-breadcrumbs\"><span class=\"aioseo-breadcrumb\">\n\t<a href=\"https:\/\/www.eldigitaldeasturias.com\/noticias\" title=\"Home\">Home<\/a>\n<\/span><span class=\"aioseo-breadcrumb-separator\">\u2013<\/span><span class=\"aioseo-breadcrumb\">\n\t<a href=\"https:\/\/www.eldigitaldeasturias.com\/noticias\/category\/actualidad\/\" title=\"Actualidad\">Actualidad<\/a>\n<\/span><span class=\"aioseo-breadcrumb-separator\">\u2013<\/span><span class=\"aioseo-breadcrumb\">\n\t<a href=\"https:\/\/www.eldigitaldeasturias.com\/noticias\/errores-politicos-y-denuncias-judiciales-debilitan-a-bachelet\/\" title=\"Errores pol\u00edticos y denuncias judiciales debilitan a Bachelet\">Errores pol\u00edticos y denuncias judiciales debilitan a Bachelet<\/a>\n<\/span><\/div>","aioseo_breadcrumb_json":[{"label":"Home","link":"https:\/\/www.eldigitaldeasturias.com\/noticias"},{"label":"Actualidad","link":"https:\/\/www.eldigitaldeasturias.com\/noticias\/category\/actualidad\/"},{"label":"Errores pol\u00edticos y denuncias judiciales debilitan a Bachelet","link":"https:\/\/www.eldigitaldeasturias.com\/noticias\/errores-politicos-y-denuncias-judiciales-debilitan-a-bachelet\/"}],"_links":{"self":[{"href":"https:\/\/www.eldigitaldeasturias.com\/noticias\/wp-json\/wp\/v2\/posts\/484753","targetHints":{"allow":["GET"]}}],"collection":[{"href":"https:\/\/www.eldigitaldeasturias.com\/noticias\/wp-json\/wp\/v2\/posts"}],"about":[{"href":"https:\/\/www.eldigitaldeasturias.com\/noticias\/wp-json\/wp\/v2\/types\/post"}],"author":[{"embeddable":true,"href":"https:\/\/www.eldigitaldeasturias.com\/noticias\/wp-json\/wp\/v2\/users\/1"}],"replies":[{"embeddable":true,"href":"https:\/\/www.eldigitaldeasturias.com\/noticias\/wp-json\/wp\/v2\/comments?post=484753"}],"version-history":[{"count":0,"href":"https:\/\/www.eldigitaldeasturias.com\/noticias\/wp-json\/wp\/v2\/posts\/484753\/revisions"}],"wp:attachment":[{"href":"https:\/\/www.eldigitaldeasturias.com\/noticias\/wp-json\/wp\/v2\/media?parent=484753"}],"wp:term":[{"taxonomy":"category","embeddable":true,"href":"https:\/\/www.eldigitaldeasturias.com\/noticias\/wp-json\/wp\/v2\/categories?post=484753"},{"taxonomy":"post_tag","embeddable":true,"href":"https:\/\/www.eldigitaldeasturias.com\/noticias\/wp-json\/wp\/v2\/tags?post=484753"}],"curies":[{"name":"wp","href":"https:\/\/api.w.org\/{rel}","templated":true}]}}