{"id":484743,"date":"2014-02-06T02:57:19","date_gmt":"2014-02-06T03:57:19","guid":{"rendered":"http:\/\/www.eldigitaldeasturias.com\/noticias\/?p=484743"},"modified":"2014-02-06T02:57:19","modified_gmt":"2014-02-06T03:57:19","slug":"el-bayern-amenaza-con-cancelar-el-abono-a-quien-falte-a-partidos","status":"publish","type":"post","link":"https:\/\/www.eldigitaldeasturias.com\/noticias\/el-bayern-amenaza-con-cancelar-el-abono-a-quien-falte-a-partidos\/","title":{"rendered":"El Bayern amenaza con cancelar el abono a quien falte a partidos"},"content":{"rendered":"<p><img loading=\"lazy\" decoding=\"async\" class=\"alignleft size-medium wp-image-453898\" alt=\"FC Bayern Munich vs FC Augsburg\" src=\"https:\/\/www.eldigitaldeasturias.com\/noticias\/wp-content\/uploads\/2013\/11\/FC_Bayern_Munich_vs_36305285-360x203.jpg\" width=\"360\" height=\"203\" \/>M\u00fanich, 5 feb (dpa) &#8211; El Bayern M\u00fanich envi\u00f3 una carta a los hinchas con entradas para todo el a\u00f1o advirti\u00e9ndoles de que les cancelar\u00e1 el abono si no asisten por lo menos a ocho partidos de local por temporada, seg\u00fan un informe publicado hoy en diversos medios y confirmado luego por el club.<\/p>\n<p>\u00abHay demasiadas entradas que no se utilizan\u00bb, justific\u00f3 un portavoz del equipo de Josep Guardiola a la web del semanario \u00abDer Spiegel\u00bb. \u00abQueremos mantener en alto el \u00e1nimo en la tribuna\u00bb. El portavoz lament\u00f3 que este a\u00f1o se vieran huecos en las gradas del Allianz Arena en varios partidos con entradas agotadas.<\/p>\n<p>Seg\u00fan publicaron hoy los diarios \u00abtz\u00bb, \u00abAbendzeitung\u00bb y \u00abBild\u00bb, el campe\u00f3n alem\u00e1n y europeo envi\u00f3 una carta a 5.200 propietarios de abonos amenazando con la medida.<\/p>\n<p>\u00abSi el due\u00f1o del abono anual no acude por lo menos a ocho partidos de Liga, el Bayern M\u00fanich se reserva el derecho de cancelar el abono cuando acabe la temporada\u00bb, indica la carta citada por los medios. Seg\u00fan el club, se trata de un procedimiento previsto en las condiciones generales de los abonos.<\/p>\n<p>Adem\u00e1s, la medida se tom\u00f3 \u00aben di\u00e1logo con los hinchas, a los que les gustar\u00eda ver una tribuna llena\u00bb, explic\u00f3 al diario \u00abBild\u00bb de hoy el director de medios del Bayern, Markus H\u00f6rwick. Algunos seguidores reclamaron incluso condiciones m\u00e1s estrictas, seg\u00fan representantes de los hinchas.<\/p>\n","protected":false},"excerpt":{"rendered":"<p>M\u00fanich, 5 feb (dpa) &#8211; El Bayern M\u00fanich envi\u00f3 una carta a los hinchas con entradas para todo el a\u00f1o advirti\u00e9ndoles de que les cancelar\u00e1 el abono si no asisten por lo menos a ocho partidos de local por temporada, seg\u00fan un informe publicado hoy en diversos medios y confirmado luego por el club. \u00abHay [&hellip;]<\/p>\n","protected":false},"author":1,"featured_media":453898,"comment_status":"closed","ping_status":"open","sticky":false,"template":"","format":"standard","meta":{"footnotes":""},"categories":[1],"tags":[],"class_list":["post-484743","post","type-post","status-publish","format-standard","has-post-thumbnail","hentry","category-actualidad"],"aioseo_notices":[],"aioseo_head":"\n\t\t<!-- All in One SEO Pro 5.0.1 - aioseo.com -->\n\t<meta name=\"description\" content=\"M\u00fanich, 5 feb (dpa) - El Bayern M\u00fanich envi\u00f3 una carta a los hinchas con entradas para todo el a\u00f1o advirti\u00e9ndoles de que les cancelar\u00e1 el abono si no asisten por lo menos a ocho partidos de local por temporada, seg\u00fan un informe publicado hoy en diversos medios y confirmado luego por el club. &quot;Hay\" \/>\n\t<meta name=\"robots\" content=\"max-image-preview:large\" \/>\n\t<meta name=\"author\" content=\"El Digital de Asturias\"\/>\n\t<meta name=\"google-site-verification\" content=\"UA-38556648-1\" \/>\n\t<meta name=\"msvalidate.01\" content=\"7dfe9f3f1b24437ab69f4f2559babe99\" \/>\n\t<meta name=\"keywords\" content=\"actualidad\" \/>\n\t<link rel=\"canonical\" href=\"https:\/\/www.eldigitaldeasturias.com\/noticias\/el-bayern-amenaza-con-cancelar-el-abono-a-quien-falte-a-partidos\/\" \/>\n\t<meta name=\"generator\" content=\"All in One SEO Pro (AIOSEO) 5.0.1\" \/>\n\t\t<meta property=\"og:locale\" content=\"es_ES\" \/>\n\t\t<meta property=\"og:site_name\" content=\"El Digital de Asturias\" \/>\n\t\t<meta property=\"og:type\" content=\"article\" \/>\n\t\t<meta property=\"og:title\" content=\"El Bayern amenaza con cancelar el abono a quien falte a partidos - El Digital de Asturias\" \/>\n\t\t<meta property=\"og:description\" content=\"M\u00fanich, 5 feb (dpa) - El Bayern M\u00fanich envi\u00f3 una carta a los hinchas con entradas para todo el a\u00f1o advirti\u00e9ndoles de que les cancelar\u00e1 el abono si no asisten por lo menos a ocho partidos de local por temporada, seg\u00fan un informe publicado hoy en diversos medios y confirmado luego por el club. &quot;Hay\" \/>\n\t\t<meta property=\"og:url\" content=\"https:\/\/www.eldigitaldeasturias.com\/noticias\/el-bayern-amenaza-con-cancelar-el-abono-a-quien-falte-a-partidos\/\" \/>\n\t\t<meta property=\"article:tag\" content=\"actualidad\" \/>\n\t\t<meta property=\"article:published_time\" content=\"2014-02-06T03:57:19+00:00\" \/>\n\t\t<meta property=\"article:modified_time\" content=\"2014-02-06T03:57:19+00:00\" \/>\n\t\t<meta property=\"article:publisher\" content=\"https:\/\/facebook.com\/eldigitaldeasturias\" \/>\n\t\t<meta name=\"twitter:card\" content=\"summary_large_image\" \/>\n\t\t<meta name=\"twitter:title\" content=\"El Bayern amenaza con cancelar el abono a quien falte a partidos - El Digital de Asturias\" \/>\n\t\t<meta name=\"twitter:description\" content=\"M\u00fanich, 5 feb (dpa) - El Bayern M\u00fanich envi\u00f3 una carta a los hinchas con entradas para todo el a\u00f1o advirti\u00e9ndoles de que les cancelar\u00e1 el abono si no asisten por lo menos a ocho partidos de local por temporada, seg\u00fan un informe publicado hoy en diversos medios y confirmado luego por el club. &quot;Hay\" \/>\n\t\t<meta name=\"twitter:label1\" content=\"Escrito por\" \/>\n\t\t<meta name=\"twitter:data1\" content=\"El Digital de Asturias\" \/>\n\t\t<meta name=\"twitter:label2\" content=\"Tiempo de lectura estimado\" \/>\n\t\t<meta name=\"twitter:data2\" content=\"1 minuto\" \/>\n\t\t<script type=\"application\/ld+json\" class=\"aioseo-schema\">\n\t\t\t{\"@context\":\"https:\\\/\\\/schema.org\",\"@graph\":[{\"@type\":\"BlogPosting\",\"@id\":\"https:\\\/\\\/www.eldigitaldeasturias.com\\\/noticias\\\/el-bayern-amenaza-con-cancelar-el-abono-a-quien-falte-a-partidos\\\/#blogposting\",\"name\":\"El Bayern amenaza con cancelar el abono a quien falte a partidos - El Digital de Asturias\",\"headline\":\"El Bayern amenaza con cancelar el abono a quien falte a partidos\",\"author\":{\"@id\":\"https:\\\/\\\/www.eldigitaldeasturias.com\\\/noticias\\\/author\\\/admin\\\/#author\"},\"publisher\":{\"@id\":\"https:\\\/\\\/www.eldigitaldeasturias.com\\\/noticias\\\/#organization\"},\"image\":{\"@type\":\"ImageObject\",\"url\":453898},\"datePublished\":\"2014-02-06T02:57:19+01:00\",\"dateModified\":\"2014-02-06T02:57:19+01:00\",\"inLanguage\":\"es-ES\",\"mainEntityOfPage\":{\"@id\":\"https:\\\/\\\/www.eldigitaldeasturias.com\\\/noticias\\\/el-bayern-amenaza-con-cancelar-el-abono-a-quien-falte-a-partidos\\\/#webpage\"},\"isPartOf\":{\"@id\":\"https:\\\/\\\/www.eldigitaldeasturias.com\\\/noticias\\\/el-bayern-amenaza-con-cancelar-el-abono-a-quien-falte-a-partidos\\\/#webpage\"},\"articleSection\":\"Actualidad\"},{\"@type\":\"BreadcrumbList\",\"@id\":\"https:\\\/\\\/www.eldigitaldeasturias.com\\\/noticias\\\/el-bayern-amenaza-con-cancelar-el-abono-a-quien-falte-a-partidos\\\/#breadcrumblist\",\"itemListElement\":[{\"@type\":\"ListItem\",\"@id\":\"https:\\\/\\\/www.eldigitaldeasturias.com\\\/noticias#listItem\",\"position\":1,\"name\":\"Home\",\"item\":\"https:\\\/\\\/www.eldigitaldeasturias.com\\\/noticias\",\"nextItem\":{\"@type\":\"ListItem\",\"@id\":\"https:\\\/\\\/www.eldigitaldeasturias.com\\\/noticias\\\/category\\\/actualidad\\\/#listItem\",\"name\":\"Actualidad\"}},{\"@type\":\"ListItem\",\"@id\":\"https:\\\/\\\/www.eldigitaldeasturias.com\\\/noticias\\\/category\\\/actualidad\\\/#listItem\",\"position\":2,\"name\":\"Actualidad\",\"item\":\"https:\\\/\\\/www.eldigitaldeasturias.com\\\/noticias\\\/category\\\/actualidad\\\/\",\"nextItem\":{\"@type\":\"ListItem\",\"@id\":\"https:\\\/\\\/www.eldigitaldeasturias.com\\\/noticias\\\/el-bayern-amenaza-con-cancelar-el-abono-a-quien-falte-a-partidos\\\/#listItem\",\"name\":\"El Bayern amenaza con cancelar el abono a quien falte a partidos\"},\"previousItem\":{\"@type\":\"ListItem\",\"@id\":\"https:\\\/\\\/www.eldigitaldeasturias.com\\\/noticias#listItem\",\"name\":\"Home\"}},{\"@type\":\"ListItem\",\"@id\":\"https:\\\/\\\/www.eldigitaldeasturias.com\\\/noticias\\\/el-bayern-amenaza-con-cancelar-el-abono-a-quien-falte-a-partidos\\\/#listItem\",\"position\":3,\"name\":\"El Bayern amenaza con cancelar el abono a quien falte a partidos\",\"previousItem\":{\"@type\":\"ListItem\",\"@id\":\"https:\\\/\\\/www.eldigitaldeasturias.com\\\/noticias\\\/category\\\/actualidad\\\/#listItem\",\"name\":\"Actualidad\"}}]},{\"@type\":\"Organization\",\"@id\":\"https:\\\/\\\/www.eldigitaldeasturias.com\\\/noticias\\\/#organization\",\"name\":\"El Digital de Asturias\",\"description\":\"Hemeroteca\",\"url\":\"https:\\\/\\\/www.eldigitaldeasturias.com\\\/noticias\\\/\",\"email\":\"info@eldigitaldeasturias.com\",\"telephone\":\"+34652131393\",\"logo\":{\"@type\":\"ImageObject\",\"url\":\"https:\\\/\\\/www.eldigitaldeasturias.com\\\/noticias\\\/wp-content\\\/uploads\\\/2020\\\/12\\\/EDA.jpg\",\"@id\":\"https:\\\/\\\/www.eldigitaldeasturias.com\\\/noticias\\\/el-bayern-amenaza-con-cancelar-el-abono-a-quien-falte-a-partidos\\\/#organizationLogo\"},\"image\":{\"@id\":\"https:\\\/\\\/www.eldigitaldeasturias.com\\\/noticias\\\/el-bayern-amenaza-con-cancelar-el-abono-a-quien-falte-a-partidos\\\/#organizationLogo\"},\"sameAs\":[\"https:\\\/\\\/facebook.com\\\/eldigitaldeasturias\",\"https:\\\/\\\/www.youtube.com\\\/channel\\\/UCZP-2wLEB9Rv6erhFmqVnvg\"],\"address\":{\"@id\":\"https:\\\/\\\/www.eldigitaldeasturias.com\\\/noticias\\\/#postaladdress\",\"@type\":\"PostalAddress\",\"streetAddress\":\"san antonio 4\",\"postalCode\":\"33430\",\"addressLocality\":\"Cand\\u00e1s\",\"addressRegion\":\"Asturias\",\"addressCountry\":\"ES\"}},{\"@type\":\"Person\",\"@id\":\"https:\\\/\\\/www.eldigitaldeasturias.com\\\/noticias\\\/author\\\/admin\\\/#author\",\"url\":\"https:\\\/\\\/www.eldigitaldeasturias.com\\\/noticias\\\/author\\\/admin\\\/\",\"name\":\"El Digital de Asturias\",\"image\":{\"@type\":\"ImageObject\",\"@id\":\"https:\\\/\\\/www.eldigitaldeasturias.com\\\/noticias\\\/el-bayern-amenaza-con-cancelar-el-abono-a-quien-falte-a-partidos\\\/#authorImage\",\"url\":\"https:\\\/\\\/secure.gravatar.com\\\/avatar\\\/df2aeffc32bcd13f8d26072ef8a91b623d677766deac7f97ca815868cd41bf5e?s=96&d=mm&r=g\",\"width\":96,\"height\":96,\"caption\":\"El Digital de Asturias\"}},{\"@type\":\"WebPage\",\"@id\":\"https:\\\/\\\/www.eldigitaldeasturias.com\\\/noticias\\\/el-bayern-amenaza-con-cancelar-el-abono-a-quien-falte-a-partidos\\\/#webpage\",\"url\":\"https:\\\/\\\/www.eldigitaldeasturias.com\\\/noticias\\\/el-bayern-amenaza-con-cancelar-el-abono-a-quien-falte-a-partidos\\\/\",\"name\":\"El Bayern amenaza con cancelar el abono a quien falte a partidos - El Digital de Asturias\",\"description\":\"M\\u00fanich, 5 feb (dpa) - El Bayern M\\u00fanich envi\\u00f3 una carta a los hinchas con entradas para todo el a\\u00f1o advirti\\u00e9ndoles de que les cancelar\\u00e1 el abono si no asisten por lo menos a ocho partidos de local por temporada, seg\\u00fan un informe publicado hoy en diversos medios y confirmado luego por el club. \\\"Hay\",\"inLanguage\":\"es-ES\",\"isPartOf\":{\"@id\":\"https:\\\/\\\/www.eldigitaldeasturias.com\\\/noticias\\\/#website\"},\"breadcrumb\":{\"@id\":\"https:\\\/\\\/www.eldigitaldeasturias.com\\\/noticias\\\/el-bayern-amenaza-con-cancelar-el-abono-a-quien-falte-a-partidos\\\/#breadcrumblist\"},\"author\":{\"@id\":\"https:\\\/\\\/www.eldigitaldeasturias.com\\\/noticias\\\/author\\\/admin\\\/#author\"},\"creator\":{\"@id\":\"https:\\\/\\\/www.eldigitaldeasturias.com\\\/noticias\\\/author\\\/admin\\\/#author\"},\"image\":{\"@type\":\"ImageObject\",\"url\":453898,\"@id\":\"https:\\\/\\\/www.eldigitaldeasturias.com\\\/noticias\\\/el-bayern-amenaza-con-cancelar-el-abono-a-quien-falte-a-partidos\\\/#mainImage\"},\"primaryImageOfPage\":{\"@id\":\"https:\\\/\\\/www.eldigitaldeasturias.com\\\/noticias\\\/el-bayern-amenaza-con-cancelar-el-abono-a-quien-falte-a-partidos\\\/#mainImage\"},\"datePublished\":\"2014-02-06T02:57:19+01:00\",\"dateModified\":\"2014-02-06T02:57:19+01:00\"},{\"@type\":\"WebSite\",\"@id\":\"https:\\\/\\\/www.eldigitaldeasturias.com\\\/noticias\\\/#website\",\"url\":\"https:\\\/\\\/www.eldigitaldeasturias.com\\\/noticias\\\/\",\"name\":\"El Digital de Asturias - Diario de actualidad y noticias\",\"alternateName\":\"El Digital de Asturias - Diario de actualidad y noticias\",\"description\":\"Hemeroteca\",\"inLanguage\":\"es-ES\",\"publisher\":{\"@id\":\"https:\\\/\\\/www.eldigitaldeasturias.com\\\/noticias\\\/#organization\"}}]}\n\t\t<\/script>\n\t\t<!-- All in One SEO Pro -->\r\n\t\t<title>El Bayern amenaza con cancelar el abono a quien falte a partidos - El Digital de Asturias<\/title>\n\n","aioseo_head_json":{"title":"El Bayern amenaza con cancelar el abono a quien falte a partidos - El Digital de Asturias","description":"M\u00fanich, 5 feb (dpa) - El Bayern M\u00fanich envi\u00f3 una carta a los hinchas con entradas para todo el a\u00f1o advirti\u00e9ndoles de que les cancelar\u00e1 el abono si no asisten por lo menos a ocho partidos de local por temporada, seg\u00fan un informe publicado hoy en diversos medios y confirmado luego por el club. \"Hay","canonical_url":"https:\/\/www.eldigitaldeasturias.com\/noticias\/el-bayern-amenaza-con-cancelar-el-abono-a-quien-falte-a-partidos\/","robots":"max-image-preview:large","keywords":"actualidad","webmasterTools":{"google-site-verification":"UA-38556648-1","msvalidate.01":"7dfe9f3f1b24437ab69f4f2559babe99","miscellaneous":""},"schema":{"@context":"https:\/\/schema.org","@graph":[{"@type":"BlogPosting","@id":"https:\/\/www.eldigitaldeasturias.com\/noticias\/el-bayern-amenaza-con-cancelar-el-abono-a-quien-falte-a-partidos\/#blogposting","name":"El Bayern amenaza con cancelar el abono a quien falte a partidos - El Digital de Asturias","headline":"El Bayern amenaza con cancelar el abono a quien falte a partidos","author":{"@id":"https:\/\/www.eldigitaldeasturias.com\/noticias\/author\/admin\/#author"},"publisher":{"@id":"https:\/\/www.eldigitaldeasturias.com\/noticias\/#organization"},"image":{"@type":"ImageObject","url":453898},"datePublished":"2014-02-06T02:57:19+01:00","dateModified":"2014-02-06T02:57:19+01:00","inLanguage":"es-ES","mainEntityOfPage":{"@id":"https:\/\/www.eldigitaldeasturias.com\/noticias\/el-bayern-amenaza-con-cancelar-el-abono-a-quien-falte-a-partidos\/#webpage"},"isPartOf":{"@id":"https:\/\/www.eldigitaldeasturias.com\/noticias\/el-bayern-amenaza-con-cancelar-el-abono-a-quien-falte-a-partidos\/#webpage"},"articleSection":"Actualidad"},{"@type":"BreadcrumbList","@id":"https:\/\/www.eldigitaldeasturias.com\/noticias\/el-bayern-amenaza-con-cancelar-el-abono-a-quien-falte-a-partidos\/#breadcrumblist","itemListElement":[{"@type":"ListItem","@id":"https:\/\/www.eldigitaldeasturias.com\/noticias#listItem","position":1,"name":"Home","item":"https:\/\/www.eldigitaldeasturias.com\/noticias","nextItem":{"@type":"ListItem","@id":"https:\/\/www.eldigitaldeasturias.com\/noticias\/category\/actualidad\/#listItem","name":"Actualidad"}},{"@type":"ListItem","@id":"https:\/\/www.eldigitaldeasturias.com\/noticias\/category\/actualidad\/#listItem","position":2,"name":"Actualidad","item":"https:\/\/www.eldigitaldeasturias.com\/noticias\/category\/actualidad\/","nextItem":{"@type":"ListItem","@id":"https:\/\/www.eldigitaldeasturias.com\/noticias\/el-bayern-amenaza-con-cancelar-el-abono-a-quien-falte-a-partidos\/#listItem","name":"El Bayern amenaza con cancelar el abono a quien falte a partidos"},"previousItem":{"@type":"ListItem","@id":"https:\/\/www.eldigitaldeasturias.com\/noticias#listItem","name":"Home"}},{"@type":"ListItem","@id":"https:\/\/www.eldigitaldeasturias.com\/noticias\/el-bayern-amenaza-con-cancelar-el-abono-a-quien-falte-a-partidos\/#listItem","position":3,"name":"El Bayern amenaza con cancelar el abono a quien falte a partidos","previousItem":{"@type":"ListItem","@id":"https:\/\/www.eldigitaldeasturias.com\/noticias\/category\/actualidad\/#listItem","name":"Actualidad"}}]},{"@type":"Organization","@id":"https:\/\/www.eldigitaldeasturias.com\/noticias\/#organization","name":"El Digital de Asturias","description":"Hemeroteca","url":"https:\/\/www.eldigitaldeasturias.com\/noticias\/","email":"info@eldigitaldeasturias.com","telephone":"+34652131393","logo":{"@type":"ImageObject","url":"https:\/\/www.eldigitaldeasturias.com\/noticias\/wp-content\/uploads\/2020\/12\/EDA.jpg","@id":"https:\/\/www.eldigitaldeasturias.com\/noticias\/el-bayern-amenaza-con-cancelar-el-abono-a-quien-falte-a-partidos\/#organizationLogo"},"image":{"@id":"https:\/\/www.eldigitaldeasturias.com\/noticias\/el-bayern-amenaza-con-cancelar-el-abono-a-quien-falte-a-partidos\/#organizationLogo"},"sameAs":["https:\/\/facebook.com\/eldigitaldeasturias","https:\/\/www.youtube.com\/channel\/UCZP-2wLEB9Rv6erhFmqVnvg"],"address":{"@id":"https:\/\/www.eldigitaldeasturias.com\/noticias\/#postaladdress","@type":"PostalAddress","streetAddress":"san antonio 4","postalCode":"33430","addressLocality":"Cand\u00e1s","addressRegion":"Asturias","addressCountry":"ES"}},{"@type":"Person","@id":"https:\/\/www.eldigitaldeasturias.com\/noticias\/author\/admin\/#author","url":"https:\/\/www.eldigitaldeasturias.com\/noticias\/author\/admin\/","name":"El Digital de Asturias","image":{"@type":"ImageObject","@id":"https:\/\/www.eldigitaldeasturias.com\/noticias\/el-bayern-amenaza-con-cancelar-el-abono-a-quien-falte-a-partidos\/#authorImage","url":"https:\/\/secure.gravatar.com\/avatar\/df2aeffc32bcd13f8d26072ef8a91b623d677766deac7f97ca815868cd41bf5e?s=96&d=mm&r=g","width":96,"height":96,"caption":"El Digital de Asturias"}},{"@type":"WebPage","@id":"https:\/\/www.eldigitaldeasturias.com\/noticias\/el-bayern-amenaza-con-cancelar-el-abono-a-quien-falte-a-partidos\/#webpage","url":"https:\/\/www.eldigitaldeasturias.com\/noticias\/el-bayern-amenaza-con-cancelar-el-abono-a-quien-falte-a-partidos\/","name":"El Bayern amenaza con cancelar el abono a quien falte a partidos - El Digital de Asturias","description":"M\u00fanich, 5 feb (dpa) - El Bayern M\u00fanich envi\u00f3 una carta a los hinchas con entradas para todo el a\u00f1o advirti\u00e9ndoles de que les cancelar\u00e1 el abono si no asisten por lo menos a ocho partidos de local por temporada, seg\u00fan un informe publicado hoy en diversos medios y confirmado luego por el club. \"Hay","inLanguage":"es-ES","isPartOf":{"@id":"https:\/\/www.eldigitaldeasturias.com\/noticias\/#website"},"breadcrumb":{"@id":"https:\/\/www.eldigitaldeasturias.com\/noticias\/el-bayern-amenaza-con-cancelar-el-abono-a-quien-falte-a-partidos\/#breadcrumblist"},"author":{"@id":"https:\/\/www.eldigitaldeasturias.com\/noticias\/author\/admin\/#author"},"creator":{"@id":"https:\/\/www.eldigitaldeasturias.com\/noticias\/author\/admin\/#author"},"image":{"@type":"ImageObject","url":453898,"@id":"https:\/\/www.eldigitaldeasturias.com\/noticias\/el-bayern-amenaza-con-cancelar-el-abono-a-quien-falte-a-partidos\/#mainImage"},"primaryImageOfPage":{"@id":"https:\/\/www.eldigitaldeasturias.com\/noticias\/el-bayern-amenaza-con-cancelar-el-abono-a-quien-falte-a-partidos\/#mainImage"},"datePublished":"2014-02-06T02:57:19+01:00","dateModified":"2014-02-06T02:57:19+01:00"},{"@type":"WebSite","@id":"https:\/\/www.eldigitaldeasturias.com\/noticias\/#website","url":"https:\/\/www.eldigitaldeasturias.com\/noticias\/","name":"El Digital de Asturias - Diario de actualidad y noticias","alternateName":"El Digital de Asturias - Diario de actualidad y noticias","description":"Hemeroteca","inLanguage":"es-ES","publisher":{"@id":"https:\/\/www.eldigitaldeasturias.com\/noticias\/#organization"}}]},"og:locale":"es_ES","og:site_name":"El Digital de Asturias","og:type":"article","og:title":"El Bayern amenaza con cancelar el abono a quien falte a partidos - El Digital de Asturias","og:description":"M\u00fanich, 5 feb (dpa) - El Bayern M\u00fanich envi\u00f3 una carta a los hinchas con entradas para todo el a\u00f1o advirti\u00e9ndoles de que les cancelar\u00e1 el abono si no asisten por lo menos a ocho partidos de local por temporada, seg\u00fan un informe publicado hoy en diversos medios y confirmado luego por el club. &quot;Hay","og:url":"https:\/\/www.eldigitaldeasturias.com\/noticias\/el-bayern-amenaza-con-cancelar-el-abono-a-quien-falte-a-partidos\/","article:tag":["actualidad"],"article:published_time":"2014-02-06T03:57:19+00:00","article:modified_time":"2014-02-06T03:57:19+00:00","article:publisher":"https:\/\/facebook.com\/eldigitaldeasturias","twitter:card":"summary_large_image","twitter:title":"El Bayern amenaza con cancelar el abono a quien falte a partidos - El Digital de Asturias","twitter:description":"M\u00fanich, 5 feb (dpa) - El Bayern M\u00fanich envi\u00f3 una carta a los hinchas con entradas para todo el a\u00f1o advirti\u00e9ndoles de que les cancelar\u00e1 el abono si no asisten por lo menos a ocho partidos de local por temporada, seg\u00fan un informe publicado hoy en diversos medios y confirmado luego por el club. &quot;Hay","twitter:label1":"Escrito por","twitter:data1":"El Digital de Asturias","twitter:label2":"Tiempo de lectura estimado","twitter:data2":"1 minuto"},"aioseo_meta_data":{"post_id":"484743","title":null,"description":null,"keywords":null,"keyphrases":null,"primary_term":null,"canonical_url":null,"og_title":null,"og_description":null,"og_object_type":"default","og_image_type":"default","og_image_url":null,"og_image_width":null,"og_image_height":null,"og_image_custom_url":null,"og_image_custom_fields":null,"og_video":null,"og_custom_url":null,"og_article_section":null,"og_article_tags":null,"twitter_use_og":true,"twitter_card":"default","twitter_image_type":"default","twitter_image_url":null,"twitter_image_custom_url":null,"twitter_image_custom_fields":null,"twitter_title":null,"twitter_description":null,"schema":{"blockGraphs":[],"customGraphs":[],"default":{"data":{"Article":[],"Course":[],"Dataset":[],"FAQPage":[],"Movie":[],"Person":[],"Product":[],"ProductReview":[],"Car":[],"Recipe":[],"Service":[],"SoftwareApplication":[],"WebPage":[]},"graphName":"","isEnabled":true},"graphs":[],"defaultGraph":"","defaultPostTypeGraph":""},"schema_type":null,"schema_type_options":null,"pillar_content":false,"robots_default":true,"robots_noindex":false,"robots_noarchive":false,"robots_nosnippet":false,"robots_nofollow":false,"robots_noimageindex":false,"robots_noodp":false,"robots_notranslate":false,"robots_max_snippet":null,"robots_max_videopreview":null,"robots_max_imagepreview":"none","priority":null,"frequency":null,"local_seo":null,"seo_analyzer_scan_date":"2026-06-02 17:00:07","breadcrumb_settings":null,"limit_modified_date":false,"open_ai":null,"ai":null,"created":"2020-11-14 22:55:06","updated":"2026-06-02 17:00:07","focus_keyword":null,"additional_keywords":null,"truseo_locale":null},"aioseo_breadcrumb":"<div class=\"aioseo-breadcrumbs\"><span class=\"aioseo-breadcrumb\">\n\t<a href=\"https:\/\/www.eldigitaldeasturias.com\/noticias\" title=\"Home\">Home<\/a>\n<\/span><span class=\"aioseo-breadcrumb-separator\">\u2013<\/span><span class=\"aioseo-breadcrumb\">\n\t<a href=\"https:\/\/www.eldigitaldeasturias.com\/noticias\/category\/actualidad\/\" title=\"Actualidad\">Actualidad<\/a>\n<\/span><span class=\"aioseo-breadcrumb-separator\">\u2013<\/span><span class=\"aioseo-breadcrumb\">\n\t<a href=\"https:\/\/www.eldigitaldeasturias.com\/noticias\/el-bayern-amenaza-con-cancelar-el-abono-a-quien-falte-a-partidos\/\" title=\"El Bayern amenaza con cancelar el abono a quien falte a partidos\">El Bayern amenaza con cancelar el abono a quien falte a partidos<\/a>\n<\/span><\/div>","aioseo_breadcrumb_json":[{"label":"Home","link":"https:\/\/www.eldigitaldeasturias.com\/noticias"},{"label":"Actualidad","link":"https:\/\/www.eldigitaldeasturias.com\/noticias\/category\/actualidad\/"},{"label":"El Bayern amenaza con cancelar el abono a quien falte a partidos","link":"https:\/\/www.eldigitaldeasturias.com\/noticias\/el-bayern-amenaza-con-cancelar-el-abono-a-quien-falte-a-partidos\/"}],"_links":{"self":[{"href":"https:\/\/www.eldigitaldeasturias.com\/noticias\/wp-json\/wp\/v2\/posts\/484743","targetHints":{"allow":["GET"]}}],"collection":[{"href":"https:\/\/www.eldigitaldeasturias.com\/noticias\/wp-json\/wp\/v2\/posts"}],"about":[{"href":"https:\/\/www.eldigitaldeasturias.com\/noticias\/wp-json\/wp\/v2\/types\/post"}],"author":[{"embeddable":true,"href":"https:\/\/www.eldigitaldeasturias.com\/noticias\/wp-json\/wp\/v2\/users\/1"}],"replies":[{"embeddable":true,"href":"https:\/\/www.eldigitaldeasturias.com\/noticias\/wp-json\/wp\/v2\/comments?post=484743"}],"version-history":[{"count":0,"href":"https:\/\/www.eldigitaldeasturias.com\/noticias\/wp-json\/wp\/v2\/posts\/484743\/revisions"}],"wp:attachment":[{"href":"https:\/\/www.eldigitaldeasturias.com\/noticias\/wp-json\/wp\/v2\/media?parent=484743"}],"wp:term":[{"taxonomy":"category","embeddable":true,"href":"https:\/\/www.eldigitaldeasturias.com\/noticias\/wp-json\/wp\/v2\/categories?post=484743"},{"taxonomy":"post_tag","embeddable":true,"href":"https:\/\/www.eldigitaldeasturias.com\/noticias\/wp-json\/wp\/v2\/tags?post=484743"}],"curies":[{"name":"wp","href":"https:\/\/api.w.org\/{rel}","templated":true}]}}