{"id":484729,"date":"2014-02-06T02:30:30","date_gmt":"2014-02-06T03:30:30","guid":{"rendered":"http:\/\/www.eldigitaldeasturias.com\/noticias\/?p=484729"},"modified":"2014-02-06T02:30:30","modified_gmt":"2014-02-06T03:30:30","slug":"tribunal-valida-la-segunda-vuelta-de-comicios-presidenciales-en-el-salvador","status":"publish","type":"post","link":"https:\/\/www.eldigitaldeasturias.com\/noticias\/tribunal-valida-la-segunda-vuelta-de-comicios-presidenciales-en-el-salvador\/","title":{"rendered":"Tribunal valida la segunda vuelta de comicios presidenciales en El Salvador"},"content":{"rendered":"<p><img loading=\"lazy\" decoding=\"async\" class=\"alignleft size-medium wp-image-484730\" alt=\"5914483w\" src=\"https:\/\/www.eldigitaldeasturias.com\/noticias\/wp-content\/uploads\/2014\/02\/5914483w-360x239.jpg\" width=\"360\" height=\"239\" \/>San Salvador, 5 feb (EFE).- El Tribunal Supremo Electoral (TSE) de El Salvador valid\u00f3 hoy la segunda vuelta de las elecciones presidenciales, cuyo ganador en primera ronda el domingo pasado fue el candidato oficialista, Salvador S\u00e1nchez Cer\u00e9n.<\/p>\n<p>Aunque sigue pendiente el escrutinio final, \u00ablos resultados electorales preliminares (&#8230;) son indicativos inequ\u00edvocos de pasar a celebrar una segunda elecci\u00f3n\u00bb, el 9 de marzo pr\u00f3ximo, anunci\u00f3 el TSE en un comunicado.<\/p>\n<p>El 5 de marzo ser\u00e1 la \u00faltima fecha para hacer campa\u00f1a electoral con vistas a la segunda vuelta, per\u00edodo que \u00abautom\u00e1ticamente\u00bb comenz\u00f3 el pasado lunes, seg\u00fan dijo ese d\u00eda el presidente del organismo, Eugenio Chicas.<\/p>\n<p>Tras los primeros resultados, el mismo domingo los partidos y candidatos en contienda, as\u00ed como magistrados del TSE, anunciaron la segunda ronda, que s\u00f3lo estaba pendiente de su certificaci\u00f3n.<\/p>\n<p>Chicas record\u00f3 hoy a los periodistas que el calendario electoral establece el 11 de febrero para la convocatoria formal de la segunda vuelta y el 9 de marzo para los comicios.<\/p>\n<p>El escrutinio final comenz\u00f3 el lunes y se prev\u00e9 que termine esta misma semana, seg\u00fan el TSE.<\/p>\n<p>El \u00f3rgano electoral a\u00f1adi\u00f3 en el comunicado que, a partir del 12 de febrero, estar\u00e1 prohibida la publicidad de obras de los gobiernos central y municipales y que el l\u00edmite para publicar encuestas es el 21 de febrero.<\/p>\n<p>Puntualiz\u00f3 que s\u00f3lo podr\u00e1n hacer propaganda electoral los dos partidos que participar\u00e1n en la segunda vuelta: el gobernante Frente Farabundo Mart\u00ed para la Liberaci\u00f3n Nacional (FMLN, izquierda) y la opositora Alianza Republicana Nacionalista (ARENA, derecha).<\/p>\n<p>Asimismo, s\u00f3lo los otros partidos y alianzas que tambi\u00e9n participaron en los comicios del domingo podr\u00e1n hacer coaliciones con los contendientes en la segunda ronda.<\/p>\n<p>El recuento preliminar del TSE, con el 99,30 % de los votos escrutados, arroja el 48,93 % para S\u00e1nchez Cer\u00e9n y el 38,95 % para Quijano, mientras que el expresidente El\u00edas Antonio Saca, del movimiento Unidad, queda con el 11,44 %.<\/p>\n<p>Los otros dos candidatos, Oscar Lemus, de Fraternidad Patriota Salvadore\u00f1a, y Ren\u00e9 Rodr\u00edguez, del Partido Salvadore\u00f1o Progresista, ambos minoritarios, no suman ni el 1%.<\/p>\n<p>S\u00e1nchez Cer\u00e9n y Quijano han anunciado que buscar\u00e1n acercamientos con el movimiento de Saca en busca de alianzas para la segunda vuelta, pero ninguno ha anunciado di\u00e1logo o negociaciones formales.<\/p>\n<p>El nuevo presidente salvadore\u00f1o que surja de este proceso sustituir\u00e1 el 1 de junio al actual mandatario, Mauricio Funes, para el per\u00edodo 2014-2019.<\/p>\n","protected":false},"excerpt":{"rendered":"<p>San Salvador, 5 feb (EFE).- El Tribunal Supremo Electoral (TSE) de El Salvador valid\u00f3 hoy la segunda vuelta de las elecciones presidenciales, cuyo ganador en primera ronda el domingo pasado fue el candidato oficialista, Salvador S\u00e1nchez Cer\u00e9n. Aunque sigue pendiente el escrutinio final, \u00ablos resultados electorales preliminares (&#8230;) son indicativos inequ\u00edvocos de pasar a celebrar [&hellip;]<\/p>\n","protected":false},"author":1,"featured_media":484730,"comment_status":"closed","ping_status":"open","sticky":false,"template":"","format":"standard","meta":{"footnotes":""},"categories":[1],"tags":[],"class_list":["post-484729","post","type-post","status-publish","format-standard","has-post-thumbnail","hentry","category-actualidad"],"aioseo_notices":[],"aioseo_head":"\n\t\t<!-- All in One SEO Pro 5.0.1 - aioseo.com -->\n\t<meta name=\"description\" content=\"San Salvador, 5 feb (EFE).- El Tribunal Supremo Electoral (TSE) de El Salvador valid\u00f3 hoy la segunda vuelta de las elecciones presidenciales, cuyo ganador en primera ronda el domingo pasado fue el candidato oficialista, Salvador S\u00e1nchez Cer\u00e9n. Aunque sigue pendiente el escrutinio final, &quot;los resultados electorales preliminares (...) son indicativos inequ\u00edvocos de pasar a celebrar\" \/>\n\t<meta name=\"robots\" content=\"max-image-preview:large\" \/>\n\t<meta name=\"author\" content=\"El Digital de Asturias\"\/>\n\t<meta name=\"google-site-verification\" content=\"UA-38556648-1\" \/>\n\t<meta name=\"msvalidate.01\" content=\"7dfe9f3f1b24437ab69f4f2559babe99\" \/>\n\t<meta name=\"keywords\" content=\"actualidad\" \/>\n\t<link rel=\"canonical\" href=\"https:\/\/www.eldigitaldeasturias.com\/noticias\/tribunal-valida-la-segunda-vuelta-de-comicios-presidenciales-en-el-salvador\/\" \/>\n\t<meta name=\"generator\" content=\"All in One SEO Pro (AIOSEO) 5.0.1\" \/>\n\t\t<meta property=\"og:locale\" content=\"es_ES\" \/>\n\t\t<meta property=\"og:site_name\" content=\"El Digital de Asturias\" \/>\n\t\t<meta property=\"og:type\" content=\"article\" \/>\n\t\t<meta property=\"og:title\" content=\"Tribunal valida la segunda vuelta de comicios presidenciales en El Salvador - El Digital de Asturias\" \/>\n\t\t<meta property=\"og:description\" content=\"San Salvador, 5 feb (EFE).- El Tribunal Supremo Electoral (TSE) de El Salvador valid\u00f3 hoy la segunda vuelta de las elecciones presidenciales, cuyo ganador en primera ronda el domingo pasado fue el candidato oficialista, Salvador S\u00e1nchez Cer\u00e9n. Aunque sigue pendiente el escrutinio final, &quot;los resultados electorales preliminares (...) son indicativos inequ\u00edvocos de pasar a celebrar\" \/>\n\t\t<meta property=\"og:url\" content=\"https:\/\/www.eldigitaldeasturias.com\/noticias\/tribunal-valida-la-segunda-vuelta-de-comicios-presidenciales-en-el-salvador\/\" \/>\n\t\t<meta property=\"article:tag\" content=\"actualidad\" \/>\n\t\t<meta property=\"article:published_time\" content=\"2014-02-06T03:30:30+00:00\" \/>\n\t\t<meta property=\"article:modified_time\" content=\"2014-02-06T03:30:30+00:00\" \/>\n\t\t<meta property=\"article:publisher\" content=\"https:\/\/facebook.com\/eldigitaldeasturias\" \/>\n\t\t<meta name=\"twitter:card\" content=\"summary_large_image\" \/>\n\t\t<meta name=\"twitter:title\" content=\"Tribunal valida la segunda vuelta de comicios presidenciales en El Salvador - El Digital de Asturias\" \/>\n\t\t<meta name=\"twitter:description\" content=\"San Salvador, 5 feb (EFE).- El Tribunal Supremo Electoral (TSE) de El Salvador valid\u00f3 hoy la segunda vuelta de las elecciones presidenciales, cuyo ganador en primera ronda el domingo pasado fue el candidato oficialista, Salvador S\u00e1nchez Cer\u00e9n. Aunque sigue pendiente el escrutinio final, &quot;los resultados electorales preliminares (...) son indicativos inequ\u00edvocos de pasar a celebrar\" \/>\n\t\t<meta name=\"twitter:label1\" content=\"Escrito por\" \/>\n\t\t<meta name=\"twitter:data1\" content=\"El Digital de Asturias\" \/>\n\t\t<meta name=\"twitter:label2\" content=\"Tiempo de lectura estimado\" \/>\n\t\t<meta name=\"twitter:data2\" content=\"2 minutos\" \/>\n\t\t<script type=\"application\/ld+json\" class=\"aioseo-schema\">\n\t\t\t{\"@context\":\"https:\\\/\\\/schema.org\",\"@graph\":[{\"@type\":\"BlogPosting\",\"@id\":\"https:\\\/\\\/www.eldigitaldeasturias.com\\\/noticias\\\/tribunal-valida-la-segunda-vuelta-de-comicios-presidenciales-en-el-salvador\\\/#blogposting\",\"name\":\"Tribunal valida la segunda vuelta de comicios presidenciales en El Salvador - El Digital de Asturias\",\"headline\":\"Tribunal valida la segunda vuelta de comicios presidenciales en El Salvador\",\"author\":{\"@id\":\"https:\\\/\\\/www.eldigitaldeasturias.com\\\/noticias\\\/author\\\/admin\\\/#author\"},\"publisher\":{\"@id\":\"https:\\\/\\\/www.eldigitaldeasturias.com\\\/noticias\\\/#organization\"},\"image\":{\"@type\":\"ImageObject\",\"url\":484730},\"datePublished\":\"2014-02-06T02:30:30+01:00\",\"dateModified\":\"2014-02-06T02:30:30+01:00\",\"inLanguage\":\"es-ES\",\"mainEntityOfPage\":{\"@id\":\"https:\\\/\\\/www.eldigitaldeasturias.com\\\/noticias\\\/tribunal-valida-la-segunda-vuelta-de-comicios-presidenciales-en-el-salvador\\\/#webpage\"},\"isPartOf\":{\"@id\":\"https:\\\/\\\/www.eldigitaldeasturias.com\\\/noticias\\\/tribunal-valida-la-segunda-vuelta-de-comicios-presidenciales-en-el-salvador\\\/#webpage\"},\"articleSection\":\"Actualidad\"},{\"@type\":\"BreadcrumbList\",\"@id\":\"https:\\\/\\\/www.eldigitaldeasturias.com\\\/noticias\\\/tribunal-valida-la-segunda-vuelta-de-comicios-presidenciales-en-el-salvador\\\/#breadcrumblist\",\"itemListElement\":[{\"@type\":\"ListItem\",\"@id\":\"https:\\\/\\\/www.eldigitaldeasturias.com\\\/noticias#listItem\",\"position\":1,\"name\":\"Home\",\"item\":\"https:\\\/\\\/www.eldigitaldeasturias.com\\\/noticias\",\"nextItem\":{\"@type\":\"ListItem\",\"@id\":\"https:\\\/\\\/www.eldigitaldeasturias.com\\\/noticias\\\/category\\\/actualidad\\\/#listItem\",\"name\":\"Actualidad\"}},{\"@type\":\"ListItem\",\"@id\":\"https:\\\/\\\/www.eldigitaldeasturias.com\\\/noticias\\\/category\\\/actualidad\\\/#listItem\",\"position\":2,\"name\":\"Actualidad\",\"item\":\"https:\\\/\\\/www.eldigitaldeasturias.com\\\/noticias\\\/category\\\/actualidad\\\/\",\"nextItem\":{\"@type\":\"ListItem\",\"@id\":\"https:\\\/\\\/www.eldigitaldeasturias.com\\\/noticias\\\/tribunal-valida-la-segunda-vuelta-de-comicios-presidenciales-en-el-salvador\\\/#listItem\",\"name\":\"Tribunal valida la segunda vuelta de comicios presidenciales en El Salvador\"},\"previousItem\":{\"@type\":\"ListItem\",\"@id\":\"https:\\\/\\\/www.eldigitaldeasturias.com\\\/noticias#listItem\",\"name\":\"Home\"}},{\"@type\":\"ListItem\",\"@id\":\"https:\\\/\\\/www.eldigitaldeasturias.com\\\/noticias\\\/tribunal-valida-la-segunda-vuelta-de-comicios-presidenciales-en-el-salvador\\\/#listItem\",\"position\":3,\"name\":\"Tribunal valida la segunda vuelta de comicios presidenciales en El Salvador\",\"previousItem\":{\"@type\":\"ListItem\",\"@id\":\"https:\\\/\\\/www.eldigitaldeasturias.com\\\/noticias\\\/category\\\/actualidad\\\/#listItem\",\"name\":\"Actualidad\"}}]},{\"@type\":\"Organization\",\"@id\":\"https:\\\/\\\/www.eldigitaldeasturias.com\\\/noticias\\\/#organization\",\"name\":\"El Digital de Asturias\",\"description\":\"Hemeroteca\",\"url\":\"https:\\\/\\\/www.eldigitaldeasturias.com\\\/noticias\\\/\",\"email\":\"info@eldigitaldeasturias.com\",\"telephone\":\"+34652131393\",\"logo\":{\"@type\":\"ImageObject\",\"url\":\"https:\\\/\\\/www.eldigitaldeasturias.com\\\/noticias\\\/wp-content\\\/uploads\\\/2020\\\/12\\\/EDA.jpg\",\"@id\":\"https:\\\/\\\/www.eldigitaldeasturias.com\\\/noticias\\\/tribunal-valida-la-segunda-vuelta-de-comicios-presidenciales-en-el-salvador\\\/#organizationLogo\"},\"image\":{\"@id\":\"https:\\\/\\\/www.eldigitaldeasturias.com\\\/noticias\\\/tribunal-valida-la-segunda-vuelta-de-comicios-presidenciales-en-el-salvador\\\/#organizationLogo\"},\"sameAs\":[\"https:\\\/\\\/facebook.com\\\/eldigitaldeasturias\",\"https:\\\/\\\/www.youtube.com\\\/channel\\\/UCZP-2wLEB9Rv6erhFmqVnvg\"],\"address\":{\"@id\":\"https:\\\/\\\/www.eldigitaldeasturias.com\\\/noticias\\\/#postaladdress\",\"@type\":\"PostalAddress\",\"streetAddress\":\"san antonio 4\",\"postalCode\":\"33430\",\"addressLocality\":\"Cand\\u00e1s\",\"addressRegion\":\"Asturias\",\"addressCountry\":\"ES\"}},{\"@type\":\"Person\",\"@id\":\"https:\\\/\\\/www.eldigitaldeasturias.com\\\/noticias\\\/author\\\/admin\\\/#author\",\"url\":\"https:\\\/\\\/www.eldigitaldeasturias.com\\\/noticias\\\/author\\\/admin\\\/\",\"name\":\"El Digital de Asturias\",\"image\":{\"@type\":\"ImageObject\",\"@id\":\"https:\\\/\\\/www.eldigitaldeasturias.com\\\/noticias\\\/tribunal-valida-la-segunda-vuelta-de-comicios-presidenciales-en-el-salvador\\\/#authorImage\",\"url\":\"https:\\\/\\\/secure.gravatar.com\\\/avatar\\\/df2aeffc32bcd13f8d26072ef8a91b623d677766deac7f97ca815868cd41bf5e?s=96&d=mm&r=g\",\"width\":96,\"height\":96,\"caption\":\"El Digital de Asturias\"}},{\"@type\":\"WebPage\",\"@id\":\"https:\\\/\\\/www.eldigitaldeasturias.com\\\/noticias\\\/tribunal-valida-la-segunda-vuelta-de-comicios-presidenciales-en-el-salvador\\\/#webpage\",\"url\":\"https:\\\/\\\/www.eldigitaldeasturias.com\\\/noticias\\\/tribunal-valida-la-segunda-vuelta-de-comicios-presidenciales-en-el-salvador\\\/\",\"name\":\"Tribunal valida la segunda vuelta de comicios presidenciales en El Salvador - El Digital de Asturias\",\"description\":\"San Salvador, 5 feb (EFE).- El Tribunal Supremo Electoral (TSE) de El Salvador valid\\u00f3 hoy la segunda vuelta de las elecciones presidenciales, cuyo ganador en primera ronda el domingo pasado fue el candidato oficialista, Salvador S\\u00e1nchez Cer\\u00e9n. Aunque sigue pendiente el escrutinio final, \\\"los resultados electorales preliminares (...) son indicativos inequ\\u00edvocos de pasar a celebrar\",\"inLanguage\":\"es-ES\",\"isPartOf\":{\"@id\":\"https:\\\/\\\/www.eldigitaldeasturias.com\\\/noticias\\\/#website\"},\"breadcrumb\":{\"@id\":\"https:\\\/\\\/www.eldigitaldeasturias.com\\\/noticias\\\/tribunal-valida-la-segunda-vuelta-de-comicios-presidenciales-en-el-salvador\\\/#breadcrumblist\"},\"author\":{\"@id\":\"https:\\\/\\\/www.eldigitaldeasturias.com\\\/noticias\\\/author\\\/admin\\\/#author\"},\"creator\":{\"@id\":\"https:\\\/\\\/www.eldigitaldeasturias.com\\\/noticias\\\/author\\\/admin\\\/#author\"},\"image\":{\"@type\":\"ImageObject\",\"url\":484730,\"@id\":\"https:\\\/\\\/www.eldigitaldeasturias.com\\\/noticias\\\/tribunal-valida-la-segunda-vuelta-de-comicios-presidenciales-en-el-salvador\\\/#mainImage\"},\"primaryImageOfPage\":{\"@id\":\"https:\\\/\\\/www.eldigitaldeasturias.com\\\/noticias\\\/tribunal-valida-la-segunda-vuelta-de-comicios-presidenciales-en-el-salvador\\\/#mainImage\"},\"datePublished\":\"2014-02-06T02:30:30+01:00\",\"dateModified\":\"2014-02-06T02:30:30+01:00\"},{\"@type\":\"WebSite\",\"@id\":\"https:\\\/\\\/www.eldigitaldeasturias.com\\\/noticias\\\/#website\",\"url\":\"https:\\\/\\\/www.eldigitaldeasturias.com\\\/noticias\\\/\",\"name\":\"El Digital de Asturias - Diario de actualidad y noticias\",\"alternateName\":\"El Digital de Asturias - Diario de actualidad y noticias\",\"description\":\"Hemeroteca\",\"inLanguage\":\"es-ES\",\"publisher\":{\"@id\":\"https:\\\/\\\/www.eldigitaldeasturias.com\\\/noticias\\\/#organization\"}}]}\n\t\t<\/script>\n\t\t<!-- All in One SEO Pro -->\r\n\t\t<title>Tribunal valida la segunda vuelta de comicios presidenciales en El Salvador - El Digital de Asturias<\/title>\n\n","aioseo_head_json":{"title":"Tribunal valida la segunda vuelta de comicios presidenciales en El Salvador - El Digital de Asturias","description":"San Salvador, 5 feb (EFE).- El Tribunal Supremo Electoral (TSE) de El Salvador valid\u00f3 hoy la segunda vuelta de las elecciones presidenciales, cuyo ganador en primera ronda el domingo pasado fue el candidato oficialista, Salvador S\u00e1nchez Cer\u00e9n. Aunque sigue pendiente el escrutinio final, \"los resultados electorales preliminares (...) son indicativos inequ\u00edvocos de pasar a celebrar","canonical_url":"https:\/\/www.eldigitaldeasturias.com\/noticias\/tribunal-valida-la-segunda-vuelta-de-comicios-presidenciales-en-el-salvador\/","robots":"max-image-preview:large","keywords":"actualidad","webmasterTools":{"google-site-verification":"UA-38556648-1","msvalidate.01":"7dfe9f3f1b24437ab69f4f2559babe99","miscellaneous":""},"schema":{"@context":"https:\/\/schema.org","@graph":[{"@type":"BlogPosting","@id":"https:\/\/www.eldigitaldeasturias.com\/noticias\/tribunal-valida-la-segunda-vuelta-de-comicios-presidenciales-en-el-salvador\/#blogposting","name":"Tribunal valida la segunda vuelta de comicios presidenciales en El Salvador - El Digital de Asturias","headline":"Tribunal valida la segunda vuelta de comicios presidenciales en El Salvador","author":{"@id":"https:\/\/www.eldigitaldeasturias.com\/noticias\/author\/admin\/#author"},"publisher":{"@id":"https:\/\/www.eldigitaldeasturias.com\/noticias\/#organization"},"image":{"@type":"ImageObject","url":484730},"datePublished":"2014-02-06T02:30:30+01:00","dateModified":"2014-02-06T02:30:30+01:00","inLanguage":"es-ES","mainEntityOfPage":{"@id":"https:\/\/www.eldigitaldeasturias.com\/noticias\/tribunal-valida-la-segunda-vuelta-de-comicios-presidenciales-en-el-salvador\/#webpage"},"isPartOf":{"@id":"https:\/\/www.eldigitaldeasturias.com\/noticias\/tribunal-valida-la-segunda-vuelta-de-comicios-presidenciales-en-el-salvador\/#webpage"},"articleSection":"Actualidad"},{"@type":"BreadcrumbList","@id":"https:\/\/www.eldigitaldeasturias.com\/noticias\/tribunal-valida-la-segunda-vuelta-de-comicios-presidenciales-en-el-salvador\/#breadcrumblist","itemListElement":[{"@type":"ListItem","@id":"https:\/\/www.eldigitaldeasturias.com\/noticias#listItem","position":1,"name":"Home","item":"https:\/\/www.eldigitaldeasturias.com\/noticias","nextItem":{"@type":"ListItem","@id":"https:\/\/www.eldigitaldeasturias.com\/noticias\/category\/actualidad\/#listItem","name":"Actualidad"}},{"@type":"ListItem","@id":"https:\/\/www.eldigitaldeasturias.com\/noticias\/category\/actualidad\/#listItem","position":2,"name":"Actualidad","item":"https:\/\/www.eldigitaldeasturias.com\/noticias\/category\/actualidad\/","nextItem":{"@type":"ListItem","@id":"https:\/\/www.eldigitaldeasturias.com\/noticias\/tribunal-valida-la-segunda-vuelta-de-comicios-presidenciales-en-el-salvador\/#listItem","name":"Tribunal valida la segunda vuelta de comicios presidenciales en El Salvador"},"previousItem":{"@type":"ListItem","@id":"https:\/\/www.eldigitaldeasturias.com\/noticias#listItem","name":"Home"}},{"@type":"ListItem","@id":"https:\/\/www.eldigitaldeasturias.com\/noticias\/tribunal-valida-la-segunda-vuelta-de-comicios-presidenciales-en-el-salvador\/#listItem","position":3,"name":"Tribunal valida la segunda vuelta de comicios presidenciales en El Salvador","previousItem":{"@type":"ListItem","@id":"https:\/\/www.eldigitaldeasturias.com\/noticias\/category\/actualidad\/#listItem","name":"Actualidad"}}]},{"@type":"Organization","@id":"https:\/\/www.eldigitaldeasturias.com\/noticias\/#organization","name":"El Digital de Asturias","description":"Hemeroteca","url":"https:\/\/www.eldigitaldeasturias.com\/noticias\/","email":"info@eldigitaldeasturias.com","telephone":"+34652131393","logo":{"@type":"ImageObject","url":"https:\/\/www.eldigitaldeasturias.com\/noticias\/wp-content\/uploads\/2020\/12\/EDA.jpg","@id":"https:\/\/www.eldigitaldeasturias.com\/noticias\/tribunal-valida-la-segunda-vuelta-de-comicios-presidenciales-en-el-salvador\/#organizationLogo"},"image":{"@id":"https:\/\/www.eldigitaldeasturias.com\/noticias\/tribunal-valida-la-segunda-vuelta-de-comicios-presidenciales-en-el-salvador\/#organizationLogo"},"sameAs":["https:\/\/facebook.com\/eldigitaldeasturias","https:\/\/www.youtube.com\/channel\/UCZP-2wLEB9Rv6erhFmqVnvg"],"address":{"@id":"https:\/\/www.eldigitaldeasturias.com\/noticias\/#postaladdress","@type":"PostalAddress","streetAddress":"san antonio 4","postalCode":"33430","addressLocality":"Cand\u00e1s","addressRegion":"Asturias","addressCountry":"ES"}},{"@type":"Person","@id":"https:\/\/www.eldigitaldeasturias.com\/noticias\/author\/admin\/#author","url":"https:\/\/www.eldigitaldeasturias.com\/noticias\/author\/admin\/","name":"El Digital de Asturias","image":{"@type":"ImageObject","@id":"https:\/\/www.eldigitaldeasturias.com\/noticias\/tribunal-valida-la-segunda-vuelta-de-comicios-presidenciales-en-el-salvador\/#authorImage","url":"https:\/\/secure.gravatar.com\/avatar\/df2aeffc32bcd13f8d26072ef8a91b623d677766deac7f97ca815868cd41bf5e?s=96&d=mm&r=g","width":96,"height":96,"caption":"El Digital de Asturias"}},{"@type":"WebPage","@id":"https:\/\/www.eldigitaldeasturias.com\/noticias\/tribunal-valida-la-segunda-vuelta-de-comicios-presidenciales-en-el-salvador\/#webpage","url":"https:\/\/www.eldigitaldeasturias.com\/noticias\/tribunal-valida-la-segunda-vuelta-de-comicios-presidenciales-en-el-salvador\/","name":"Tribunal valida la segunda vuelta de comicios presidenciales en El Salvador - El Digital de Asturias","description":"San Salvador, 5 feb (EFE).- El Tribunal Supremo Electoral (TSE) de El Salvador valid\u00f3 hoy la segunda vuelta de las elecciones presidenciales, cuyo ganador en primera ronda el domingo pasado fue el candidato oficialista, Salvador S\u00e1nchez Cer\u00e9n. Aunque sigue pendiente el escrutinio final, \"los resultados electorales preliminares (...) son indicativos inequ\u00edvocos de pasar a celebrar","inLanguage":"es-ES","isPartOf":{"@id":"https:\/\/www.eldigitaldeasturias.com\/noticias\/#website"},"breadcrumb":{"@id":"https:\/\/www.eldigitaldeasturias.com\/noticias\/tribunal-valida-la-segunda-vuelta-de-comicios-presidenciales-en-el-salvador\/#breadcrumblist"},"author":{"@id":"https:\/\/www.eldigitaldeasturias.com\/noticias\/author\/admin\/#author"},"creator":{"@id":"https:\/\/www.eldigitaldeasturias.com\/noticias\/author\/admin\/#author"},"image":{"@type":"ImageObject","url":484730,"@id":"https:\/\/www.eldigitaldeasturias.com\/noticias\/tribunal-valida-la-segunda-vuelta-de-comicios-presidenciales-en-el-salvador\/#mainImage"},"primaryImageOfPage":{"@id":"https:\/\/www.eldigitaldeasturias.com\/noticias\/tribunal-valida-la-segunda-vuelta-de-comicios-presidenciales-en-el-salvador\/#mainImage"},"datePublished":"2014-02-06T02:30:30+01:00","dateModified":"2014-02-06T02:30:30+01:00"},{"@type":"WebSite","@id":"https:\/\/www.eldigitaldeasturias.com\/noticias\/#website","url":"https:\/\/www.eldigitaldeasturias.com\/noticias\/","name":"El Digital de Asturias - Diario de actualidad y noticias","alternateName":"El Digital de Asturias - Diario de actualidad y noticias","description":"Hemeroteca","inLanguage":"es-ES","publisher":{"@id":"https:\/\/www.eldigitaldeasturias.com\/noticias\/#organization"}}]},"og:locale":"es_ES","og:site_name":"El Digital de Asturias","og:type":"article","og:title":"Tribunal valida la segunda vuelta de comicios presidenciales en El Salvador - El Digital de Asturias","og:description":"San Salvador, 5 feb (EFE).- El Tribunal Supremo Electoral (TSE) de El Salvador valid\u00f3 hoy la segunda vuelta de las elecciones presidenciales, cuyo ganador en primera ronda el domingo pasado fue el candidato oficialista, Salvador S\u00e1nchez Cer\u00e9n. Aunque sigue pendiente el escrutinio final, &quot;los resultados electorales preliminares (...) son indicativos inequ\u00edvocos de pasar a celebrar","og:url":"https:\/\/www.eldigitaldeasturias.com\/noticias\/tribunal-valida-la-segunda-vuelta-de-comicios-presidenciales-en-el-salvador\/","article:tag":["actualidad"],"article:published_time":"2014-02-06T03:30:30+00:00","article:modified_time":"2014-02-06T03:30:30+00:00","article:publisher":"https:\/\/facebook.com\/eldigitaldeasturias","twitter:card":"summary_large_image","twitter:title":"Tribunal valida la segunda vuelta de comicios presidenciales en El Salvador - El Digital de Asturias","twitter:description":"San Salvador, 5 feb (EFE).- El Tribunal Supremo Electoral (TSE) de El Salvador valid\u00f3 hoy la segunda vuelta de las elecciones presidenciales, cuyo ganador en primera ronda el domingo pasado fue el candidato oficialista, Salvador S\u00e1nchez Cer\u00e9n. Aunque sigue pendiente el escrutinio final, &quot;los resultados electorales preliminares (...) son indicativos inequ\u00edvocos de pasar a celebrar","twitter:label1":"Escrito por","twitter:data1":"El Digital de Asturias","twitter:label2":"Tiempo de lectura estimado","twitter:data2":"2 minutos"},"aioseo_meta_data":{"post_id":"484729","title":null,"description":null,"keywords":null,"keyphrases":null,"primary_term":null,"canonical_url":null,"og_title":null,"og_description":null,"og_object_type":"default","og_image_type":"default","og_image_url":null,"og_image_width":null,"og_image_height":null,"og_image_custom_url":null,"og_image_custom_fields":null,"og_video":null,"og_custom_url":null,"og_article_section":null,"og_article_tags":null,"twitter_use_og":true,"twitter_card":"default","twitter_image_type":"default","twitter_image_url":null,"twitter_image_custom_url":null,"twitter_image_custom_fields":null,"twitter_title":null,"twitter_description":null,"schema":{"blockGraphs":[],"customGraphs":[],"default":{"data":{"Article":[],"Course":[],"Dataset":[],"FAQPage":[],"Movie":[],"Person":[],"Product":[],"ProductReview":[],"Car":[],"Recipe":[],"Service":[],"SoftwareApplication":[],"WebPage":[]},"graphName":"","isEnabled":true},"graphs":[],"defaultGraph":"","defaultPostTypeGraph":""},"schema_type":null,"schema_type_options":null,"pillar_content":false,"robots_default":true,"robots_noindex":false,"robots_noarchive":false,"robots_nosnippet":false,"robots_nofollow":false,"robots_noimageindex":false,"robots_noodp":false,"robots_notranslate":false,"robots_max_snippet":null,"robots_max_videopreview":null,"robots_max_imagepreview":"none","priority":null,"frequency":null,"local_seo":null,"seo_analyzer_scan_date":"2026-06-02 16:57:33","breadcrumb_settings":null,"limit_modified_date":false,"open_ai":null,"ai":null,"created":"2020-11-14 22:55:06","updated":"2026-06-02 16:57:33","focus_keyword":null,"additional_keywords":null,"truseo_locale":null},"aioseo_breadcrumb":"<div class=\"aioseo-breadcrumbs\"><span class=\"aioseo-breadcrumb\">\n\t<a href=\"https:\/\/www.eldigitaldeasturias.com\/noticias\" title=\"Home\">Home<\/a>\n<\/span><span class=\"aioseo-breadcrumb-separator\">\u2013<\/span><span class=\"aioseo-breadcrumb\">\n\t<a href=\"https:\/\/www.eldigitaldeasturias.com\/noticias\/category\/actualidad\/\" title=\"Actualidad\">Actualidad<\/a>\n<\/span><span class=\"aioseo-breadcrumb-separator\">\u2013<\/span><span class=\"aioseo-breadcrumb\">\n\t<a href=\"https:\/\/www.eldigitaldeasturias.com\/noticias\/tribunal-valida-la-segunda-vuelta-de-comicios-presidenciales-en-el-salvador\/\" title=\"Tribunal valida la segunda vuelta de comicios presidenciales en El Salvador\">Tribunal valida la segunda vuelta de comicios presidenciales en El Salvador<\/a>\n<\/span><\/div>","aioseo_breadcrumb_json":[{"label":"Home","link":"https:\/\/www.eldigitaldeasturias.com\/noticias"},{"label":"Actualidad","link":"https:\/\/www.eldigitaldeasturias.com\/noticias\/category\/actualidad\/"},{"label":"Tribunal valida la segunda vuelta de comicios presidenciales en El Salvador","link":"https:\/\/www.eldigitaldeasturias.com\/noticias\/tribunal-valida-la-segunda-vuelta-de-comicios-presidenciales-en-el-salvador\/"}],"_links":{"self":[{"href":"https:\/\/www.eldigitaldeasturias.com\/noticias\/wp-json\/wp\/v2\/posts\/484729","targetHints":{"allow":["GET"]}}],"collection":[{"href":"https:\/\/www.eldigitaldeasturias.com\/noticias\/wp-json\/wp\/v2\/posts"}],"about":[{"href":"https:\/\/www.eldigitaldeasturias.com\/noticias\/wp-json\/wp\/v2\/types\/post"}],"author":[{"embeddable":true,"href":"https:\/\/www.eldigitaldeasturias.com\/noticias\/wp-json\/wp\/v2\/users\/1"}],"replies":[{"embeddable":true,"href":"https:\/\/www.eldigitaldeasturias.com\/noticias\/wp-json\/wp\/v2\/comments?post=484729"}],"version-history":[{"count":0,"href":"https:\/\/www.eldigitaldeasturias.com\/noticias\/wp-json\/wp\/v2\/posts\/484729\/revisions"}],"wp:attachment":[{"href":"https:\/\/www.eldigitaldeasturias.com\/noticias\/wp-json\/wp\/v2\/media?parent=484729"}],"wp:term":[{"taxonomy":"category","embeddable":true,"href":"https:\/\/www.eldigitaldeasturias.com\/noticias\/wp-json\/wp\/v2\/categories?post=484729"},{"taxonomy":"post_tag","embeddable":true,"href":"https:\/\/www.eldigitaldeasturias.com\/noticias\/wp-json\/wp\/v2\/tags?post=484729"}],"curies":[{"name":"wp","href":"https:\/\/api.w.org\/{rel}","templated":true}]}}