{"id":484714,"date":"2014-02-06T02:25:09","date_gmt":"2014-02-06T03:25:09","guid":{"rendered":"http:\/\/www.eldigitaldeasturias.com\/noticias\/?p=484714"},"modified":"2014-02-06T02:25:09","modified_gmt":"2014-02-06T03:25:09","slug":"otamendi-ficha-por-el-valencia","status":"publish","type":"post","link":"https:\/\/www.eldigitaldeasturias.com\/noticias\/otamendi-ficha-por-el-valencia\/","title":{"rendered":"Otamendi ficha por el Valencia"},"content":{"rendered":"<p><img loading=\"lazy\" decoding=\"async\" class=\"alignleft size-medium wp-image-484715\" alt=\"5914432w\" src=\"https:\/\/www.eldigitaldeasturias.com\/noticias\/wp-content\/uploads\/2014\/02\/5914432w-360x252.jpg\" width=\"360\" height=\"252\" \/>Lisboa, 5 feb (EFE).- El defensa argentino Nicol\u00e1s Otamendi fich\u00f3 por el Valencia a cambio de 12 millones de euros, inform\u00f3 hoy el Oporto en un comunicado al regulador financiero portugu\u00e9s.<\/p>\n<p>En la escueta nota a la Comisi\u00f3n de Mercado de Valores Mobiliarios (CMVM) lusa, el club norte\u00f1o a\u00f1ade que el traspaso \u00aba t\u00edtulo definitivo\u00bb incluye una remuneraci\u00f3n variable no especificada que podr\u00eda llegar a los 15 millones de euros.<\/p>\n<p>El comunicado no explica la duraci\u00f3n del nuevo contrato del jugador con el club espa\u00f1ol ni cu\u00e1ndo entra en vigor.<\/p>\n<p>Seg\u00fan la prensa lusa, el Valencia no inscribi\u00f3 a su nuevo fichaje porque ya tiene tres jugadores extracomunitarios en su plantilla, el l\u00edmite m\u00e1ximo permitido en Espa\u00f1a.<\/p>\n<p>La compleja situaci\u00f3n del jugador explicar\u00eda por qu\u00e9 el Oporto no le hab\u00eda inscrito para disputar la Liga Europa y tambi\u00e9n por qu\u00e9 lo hab\u00eda dejado fuera de la lista de convocados para los dos \u00faltimos partidos.<\/p>\n<p>En este sentido, el entrenador Paulo Fonseca matiz\u00f3 el martes que la decisi\u00f3n de dejar a Otamendi fuera de la Liga Europa se debe a un caso \u00abadministrativo\u00bb y \u00abno compete al entrenador\u00bb.<\/p>\n<p>Otamendi, de 25 a\u00f1os, hab\u00eda sido hasta ahora titular indiscutible en la zaga de los \u00abdragones\u00bb y durante la primera vuelta hab\u00eda de la Liga jugado una veintena de encuentros.<\/p>\n<p>El jugador es adem\u00e1s uno de los defensas que el seleccionador argentino, Alejandro Sabella, puede tener en mente para disputar el Mundial de Brasil, ya que el central fue convocado para el \u00faltimo partido amistoso de la Albiceleste contra Bosnia.<\/p>\n","protected":false},"excerpt":{"rendered":"<p>Lisboa, 5 feb (EFE).- El defensa argentino Nicol\u00e1s Otamendi fich\u00f3 por el Valencia a cambio de 12 millones de euros, inform\u00f3 hoy el Oporto en un comunicado al regulador financiero portugu\u00e9s. En la escueta nota a la Comisi\u00f3n de Mercado de Valores Mobiliarios (CMVM) lusa, el club norte\u00f1o a\u00f1ade que el traspaso \u00aba t\u00edtulo definitivo\u00bb [&hellip;]<\/p>\n","protected":false},"author":1,"featured_media":484715,"comment_status":"closed","ping_status":"open","sticky":false,"template":"","format":"standard","meta":{"footnotes":""},"categories":[1],"tags":[],"class_list":["post-484714","post","type-post","status-publish","format-standard","has-post-thumbnail","hentry","category-actualidad"],"aioseo_notices":[],"aioseo_head":"\n\t\t<!-- All in One SEO Pro 5.0.1 - aioseo.com -->\n\t<meta name=\"description\" content=\"Lisboa, 5 feb (EFE).- El defensa argentino Nicol\u00e1s Otamendi fich\u00f3 por el Valencia a cambio de 12 millones de euros, inform\u00f3 hoy el Oporto en un comunicado al regulador financiero portugu\u00e9s. En la escueta nota a la Comisi\u00f3n de Mercado de Valores Mobiliarios (CMVM) lusa, el club norte\u00f1o a\u00f1ade que el traspaso &quot;a t\u00edtulo definitivo&quot;\" \/>\n\t<meta name=\"robots\" content=\"max-image-preview:large\" \/>\n\t<meta name=\"author\" content=\"El Digital de Asturias\"\/>\n\t<meta name=\"google-site-verification\" content=\"UA-38556648-1\" \/>\n\t<meta name=\"msvalidate.01\" content=\"7dfe9f3f1b24437ab69f4f2559babe99\" \/>\n\t<meta name=\"keywords\" content=\"actualidad\" \/>\n\t<link rel=\"canonical\" href=\"https:\/\/www.eldigitaldeasturias.com\/noticias\/otamendi-ficha-por-el-valencia\/\" \/>\n\t<meta name=\"generator\" content=\"All in One SEO Pro (AIOSEO) 5.0.1\" \/>\n\t\t<meta property=\"og:locale\" content=\"es_ES\" \/>\n\t\t<meta property=\"og:site_name\" content=\"El Digital de Asturias\" \/>\n\t\t<meta property=\"og:type\" content=\"article\" \/>\n\t\t<meta property=\"og:title\" content=\"Otamendi ficha por el Valencia - El Digital de Asturias\" \/>\n\t\t<meta property=\"og:description\" content=\"Lisboa, 5 feb (EFE).- El defensa argentino Nicol\u00e1s Otamendi fich\u00f3 por el Valencia a cambio de 12 millones de euros, inform\u00f3 hoy el Oporto en un comunicado al regulador financiero portugu\u00e9s. En la escueta nota a la Comisi\u00f3n de Mercado de Valores Mobiliarios (CMVM) lusa, el club norte\u00f1o a\u00f1ade que el traspaso &quot;a t\u00edtulo definitivo&quot;\" \/>\n\t\t<meta property=\"og:url\" content=\"https:\/\/www.eldigitaldeasturias.com\/noticias\/otamendi-ficha-por-el-valencia\/\" \/>\n\t\t<meta property=\"article:tag\" content=\"actualidad\" \/>\n\t\t<meta property=\"article:published_time\" content=\"2014-02-06T03:25:09+00:00\" \/>\n\t\t<meta property=\"article:modified_time\" content=\"2014-02-06T03:25:09+00:00\" \/>\n\t\t<meta property=\"article:publisher\" content=\"https:\/\/facebook.com\/eldigitaldeasturias\" \/>\n\t\t<meta name=\"twitter:card\" content=\"summary_large_image\" \/>\n\t\t<meta name=\"twitter:title\" content=\"Otamendi ficha por el Valencia - El Digital de Asturias\" \/>\n\t\t<meta name=\"twitter:description\" content=\"Lisboa, 5 feb (EFE).- El defensa argentino Nicol\u00e1s Otamendi fich\u00f3 por el Valencia a cambio de 12 millones de euros, inform\u00f3 hoy el Oporto en un comunicado al regulador financiero portugu\u00e9s. En la escueta nota a la Comisi\u00f3n de Mercado de Valores Mobiliarios (CMVM) lusa, el club norte\u00f1o a\u00f1ade que el traspaso &quot;a t\u00edtulo definitivo&quot;\" \/>\n\t\t<meta name=\"twitter:label1\" content=\"Escrito por\" \/>\n\t\t<meta name=\"twitter:data1\" content=\"El Digital de Asturias\" \/>\n\t\t<meta name=\"twitter:label2\" content=\"Tiempo de lectura estimado\" \/>\n\t\t<meta name=\"twitter:data2\" content=\"1 minuto\" \/>\n\t\t<script type=\"application\/ld+json\" class=\"aioseo-schema\">\n\t\t\t{\"@context\":\"https:\\\/\\\/schema.org\",\"@graph\":[{\"@type\":\"BlogPosting\",\"@id\":\"https:\\\/\\\/www.eldigitaldeasturias.com\\\/noticias\\\/otamendi-ficha-por-el-valencia\\\/#blogposting\",\"name\":\"Otamendi ficha por el Valencia - El Digital de Asturias\",\"headline\":\"Otamendi ficha por el Valencia\",\"author\":{\"@id\":\"https:\\\/\\\/www.eldigitaldeasturias.com\\\/noticias\\\/author\\\/admin\\\/#author\"},\"publisher\":{\"@id\":\"https:\\\/\\\/www.eldigitaldeasturias.com\\\/noticias\\\/#organization\"},\"image\":{\"@type\":\"ImageObject\",\"url\":484715},\"datePublished\":\"2014-02-06T02:25:09+01:00\",\"dateModified\":\"2014-02-06T02:25:09+01:00\",\"inLanguage\":\"es-ES\",\"mainEntityOfPage\":{\"@id\":\"https:\\\/\\\/www.eldigitaldeasturias.com\\\/noticias\\\/otamendi-ficha-por-el-valencia\\\/#webpage\"},\"isPartOf\":{\"@id\":\"https:\\\/\\\/www.eldigitaldeasturias.com\\\/noticias\\\/otamendi-ficha-por-el-valencia\\\/#webpage\"},\"articleSection\":\"Actualidad\"},{\"@type\":\"BreadcrumbList\",\"@id\":\"https:\\\/\\\/www.eldigitaldeasturias.com\\\/noticias\\\/otamendi-ficha-por-el-valencia\\\/#breadcrumblist\",\"itemListElement\":[{\"@type\":\"ListItem\",\"@id\":\"https:\\\/\\\/www.eldigitaldeasturias.com\\\/noticias#listItem\",\"position\":1,\"name\":\"Home\",\"item\":\"https:\\\/\\\/www.eldigitaldeasturias.com\\\/noticias\",\"nextItem\":{\"@type\":\"ListItem\",\"@id\":\"https:\\\/\\\/www.eldigitaldeasturias.com\\\/noticias\\\/category\\\/actualidad\\\/#listItem\",\"name\":\"Actualidad\"}},{\"@type\":\"ListItem\",\"@id\":\"https:\\\/\\\/www.eldigitaldeasturias.com\\\/noticias\\\/category\\\/actualidad\\\/#listItem\",\"position\":2,\"name\":\"Actualidad\",\"item\":\"https:\\\/\\\/www.eldigitaldeasturias.com\\\/noticias\\\/category\\\/actualidad\\\/\",\"nextItem\":{\"@type\":\"ListItem\",\"@id\":\"https:\\\/\\\/www.eldigitaldeasturias.com\\\/noticias\\\/otamendi-ficha-por-el-valencia\\\/#listItem\",\"name\":\"Otamendi ficha por el Valencia\"},\"previousItem\":{\"@type\":\"ListItem\",\"@id\":\"https:\\\/\\\/www.eldigitaldeasturias.com\\\/noticias#listItem\",\"name\":\"Home\"}},{\"@type\":\"ListItem\",\"@id\":\"https:\\\/\\\/www.eldigitaldeasturias.com\\\/noticias\\\/otamendi-ficha-por-el-valencia\\\/#listItem\",\"position\":3,\"name\":\"Otamendi ficha por el Valencia\",\"previousItem\":{\"@type\":\"ListItem\",\"@id\":\"https:\\\/\\\/www.eldigitaldeasturias.com\\\/noticias\\\/category\\\/actualidad\\\/#listItem\",\"name\":\"Actualidad\"}}]},{\"@type\":\"Organization\",\"@id\":\"https:\\\/\\\/www.eldigitaldeasturias.com\\\/noticias\\\/#organization\",\"name\":\"El Digital de Asturias\",\"description\":\"Hemeroteca\",\"url\":\"https:\\\/\\\/www.eldigitaldeasturias.com\\\/noticias\\\/\",\"email\":\"info@eldigitaldeasturias.com\",\"telephone\":\"+34652131393\",\"logo\":{\"@type\":\"ImageObject\",\"url\":\"https:\\\/\\\/www.eldigitaldeasturias.com\\\/noticias\\\/wp-content\\\/uploads\\\/2020\\\/12\\\/EDA.jpg\",\"@id\":\"https:\\\/\\\/www.eldigitaldeasturias.com\\\/noticias\\\/otamendi-ficha-por-el-valencia\\\/#organizationLogo\"},\"image\":{\"@id\":\"https:\\\/\\\/www.eldigitaldeasturias.com\\\/noticias\\\/otamendi-ficha-por-el-valencia\\\/#organizationLogo\"},\"sameAs\":[\"https:\\\/\\\/facebook.com\\\/eldigitaldeasturias\",\"https:\\\/\\\/www.youtube.com\\\/channel\\\/UCZP-2wLEB9Rv6erhFmqVnvg\"],\"address\":{\"@id\":\"https:\\\/\\\/www.eldigitaldeasturias.com\\\/noticias\\\/#postaladdress\",\"@type\":\"PostalAddress\",\"streetAddress\":\"san antonio 4\",\"postalCode\":\"33430\",\"addressLocality\":\"Cand\\u00e1s\",\"addressRegion\":\"Asturias\",\"addressCountry\":\"ES\"}},{\"@type\":\"Person\",\"@id\":\"https:\\\/\\\/www.eldigitaldeasturias.com\\\/noticias\\\/author\\\/admin\\\/#author\",\"url\":\"https:\\\/\\\/www.eldigitaldeasturias.com\\\/noticias\\\/author\\\/admin\\\/\",\"name\":\"El Digital de Asturias\",\"image\":{\"@type\":\"ImageObject\",\"@id\":\"https:\\\/\\\/www.eldigitaldeasturias.com\\\/noticias\\\/otamendi-ficha-por-el-valencia\\\/#authorImage\",\"url\":\"https:\\\/\\\/secure.gravatar.com\\\/avatar\\\/df2aeffc32bcd13f8d26072ef8a91b623d677766deac7f97ca815868cd41bf5e?s=96&d=mm&r=g\",\"width\":96,\"height\":96,\"caption\":\"El Digital de Asturias\"}},{\"@type\":\"WebPage\",\"@id\":\"https:\\\/\\\/www.eldigitaldeasturias.com\\\/noticias\\\/otamendi-ficha-por-el-valencia\\\/#webpage\",\"url\":\"https:\\\/\\\/www.eldigitaldeasturias.com\\\/noticias\\\/otamendi-ficha-por-el-valencia\\\/\",\"name\":\"Otamendi ficha por el Valencia - El Digital de Asturias\",\"description\":\"Lisboa, 5 feb (EFE).- El defensa argentino Nicol\\u00e1s Otamendi fich\\u00f3 por el Valencia a cambio de 12 millones de euros, inform\\u00f3 hoy el Oporto en un comunicado al regulador financiero portugu\\u00e9s. En la escueta nota a la Comisi\\u00f3n de Mercado de Valores Mobiliarios (CMVM) lusa, el club norte\\u00f1o a\\u00f1ade que el traspaso \\\"a t\\u00edtulo definitivo\\\"\",\"inLanguage\":\"es-ES\",\"isPartOf\":{\"@id\":\"https:\\\/\\\/www.eldigitaldeasturias.com\\\/noticias\\\/#website\"},\"breadcrumb\":{\"@id\":\"https:\\\/\\\/www.eldigitaldeasturias.com\\\/noticias\\\/otamendi-ficha-por-el-valencia\\\/#breadcrumblist\"},\"author\":{\"@id\":\"https:\\\/\\\/www.eldigitaldeasturias.com\\\/noticias\\\/author\\\/admin\\\/#author\"},\"creator\":{\"@id\":\"https:\\\/\\\/www.eldigitaldeasturias.com\\\/noticias\\\/author\\\/admin\\\/#author\"},\"image\":{\"@type\":\"ImageObject\",\"url\":484715,\"@id\":\"https:\\\/\\\/www.eldigitaldeasturias.com\\\/noticias\\\/otamendi-ficha-por-el-valencia\\\/#mainImage\"},\"primaryImageOfPage\":{\"@id\":\"https:\\\/\\\/www.eldigitaldeasturias.com\\\/noticias\\\/otamendi-ficha-por-el-valencia\\\/#mainImage\"},\"datePublished\":\"2014-02-06T02:25:09+01:00\",\"dateModified\":\"2014-02-06T02:25:09+01:00\"},{\"@type\":\"WebSite\",\"@id\":\"https:\\\/\\\/www.eldigitaldeasturias.com\\\/noticias\\\/#website\",\"url\":\"https:\\\/\\\/www.eldigitaldeasturias.com\\\/noticias\\\/\",\"name\":\"El Digital de Asturias - Diario de actualidad y noticias\",\"alternateName\":\"El Digital de Asturias - Diario de actualidad y noticias\",\"description\":\"Hemeroteca\",\"inLanguage\":\"es-ES\",\"publisher\":{\"@id\":\"https:\\\/\\\/www.eldigitaldeasturias.com\\\/noticias\\\/#organization\"}}]}\n\t\t<\/script>\n\t\t<!-- All in One SEO Pro -->\r\n\t\t<title>Otamendi ficha por el Valencia - El Digital de Asturias<\/title>\n\n","aioseo_head_json":{"title":"Otamendi ficha por el Valencia - El Digital de Asturias","description":"Lisboa, 5 feb (EFE).- El defensa argentino Nicol\u00e1s Otamendi fich\u00f3 por el Valencia a cambio de 12 millones de euros, inform\u00f3 hoy el Oporto en un comunicado al regulador financiero portugu\u00e9s. En la escueta nota a la Comisi\u00f3n de Mercado de Valores Mobiliarios (CMVM) lusa, el club norte\u00f1o a\u00f1ade que el traspaso \"a t\u00edtulo definitivo\"","canonical_url":"https:\/\/www.eldigitaldeasturias.com\/noticias\/otamendi-ficha-por-el-valencia\/","robots":"max-image-preview:large","keywords":"actualidad","webmasterTools":{"google-site-verification":"UA-38556648-1","msvalidate.01":"7dfe9f3f1b24437ab69f4f2559babe99","miscellaneous":""},"schema":{"@context":"https:\/\/schema.org","@graph":[{"@type":"BlogPosting","@id":"https:\/\/www.eldigitaldeasturias.com\/noticias\/otamendi-ficha-por-el-valencia\/#blogposting","name":"Otamendi ficha por el Valencia - El Digital de Asturias","headline":"Otamendi ficha por el Valencia","author":{"@id":"https:\/\/www.eldigitaldeasturias.com\/noticias\/author\/admin\/#author"},"publisher":{"@id":"https:\/\/www.eldigitaldeasturias.com\/noticias\/#organization"},"image":{"@type":"ImageObject","url":484715},"datePublished":"2014-02-06T02:25:09+01:00","dateModified":"2014-02-06T02:25:09+01:00","inLanguage":"es-ES","mainEntityOfPage":{"@id":"https:\/\/www.eldigitaldeasturias.com\/noticias\/otamendi-ficha-por-el-valencia\/#webpage"},"isPartOf":{"@id":"https:\/\/www.eldigitaldeasturias.com\/noticias\/otamendi-ficha-por-el-valencia\/#webpage"},"articleSection":"Actualidad"},{"@type":"BreadcrumbList","@id":"https:\/\/www.eldigitaldeasturias.com\/noticias\/otamendi-ficha-por-el-valencia\/#breadcrumblist","itemListElement":[{"@type":"ListItem","@id":"https:\/\/www.eldigitaldeasturias.com\/noticias#listItem","position":1,"name":"Home","item":"https:\/\/www.eldigitaldeasturias.com\/noticias","nextItem":{"@type":"ListItem","@id":"https:\/\/www.eldigitaldeasturias.com\/noticias\/category\/actualidad\/#listItem","name":"Actualidad"}},{"@type":"ListItem","@id":"https:\/\/www.eldigitaldeasturias.com\/noticias\/category\/actualidad\/#listItem","position":2,"name":"Actualidad","item":"https:\/\/www.eldigitaldeasturias.com\/noticias\/category\/actualidad\/","nextItem":{"@type":"ListItem","@id":"https:\/\/www.eldigitaldeasturias.com\/noticias\/otamendi-ficha-por-el-valencia\/#listItem","name":"Otamendi ficha por el Valencia"},"previousItem":{"@type":"ListItem","@id":"https:\/\/www.eldigitaldeasturias.com\/noticias#listItem","name":"Home"}},{"@type":"ListItem","@id":"https:\/\/www.eldigitaldeasturias.com\/noticias\/otamendi-ficha-por-el-valencia\/#listItem","position":3,"name":"Otamendi ficha por el Valencia","previousItem":{"@type":"ListItem","@id":"https:\/\/www.eldigitaldeasturias.com\/noticias\/category\/actualidad\/#listItem","name":"Actualidad"}}]},{"@type":"Organization","@id":"https:\/\/www.eldigitaldeasturias.com\/noticias\/#organization","name":"El Digital de Asturias","description":"Hemeroteca","url":"https:\/\/www.eldigitaldeasturias.com\/noticias\/","email":"info@eldigitaldeasturias.com","telephone":"+34652131393","logo":{"@type":"ImageObject","url":"https:\/\/www.eldigitaldeasturias.com\/noticias\/wp-content\/uploads\/2020\/12\/EDA.jpg","@id":"https:\/\/www.eldigitaldeasturias.com\/noticias\/otamendi-ficha-por-el-valencia\/#organizationLogo"},"image":{"@id":"https:\/\/www.eldigitaldeasturias.com\/noticias\/otamendi-ficha-por-el-valencia\/#organizationLogo"},"sameAs":["https:\/\/facebook.com\/eldigitaldeasturias","https:\/\/www.youtube.com\/channel\/UCZP-2wLEB9Rv6erhFmqVnvg"],"address":{"@id":"https:\/\/www.eldigitaldeasturias.com\/noticias\/#postaladdress","@type":"PostalAddress","streetAddress":"san antonio 4","postalCode":"33430","addressLocality":"Cand\u00e1s","addressRegion":"Asturias","addressCountry":"ES"}},{"@type":"Person","@id":"https:\/\/www.eldigitaldeasturias.com\/noticias\/author\/admin\/#author","url":"https:\/\/www.eldigitaldeasturias.com\/noticias\/author\/admin\/","name":"El Digital de Asturias","image":{"@type":"ImageObject","@id":"https:\/\/www.eldigitaldeasturias.com\/noticias\/otamendi-ficha-por-el-valencia\/#authorImage","url":"https:\/\/secure.gravatar.com\/avatar\/df2aeffc32bcd13f8d26072ef8a91b623d677766deac7f97ca815868cd41bf5e?s=96&d=mm&r=g","width":96,"height":96,"caption":"El Digital de Asturias"}},{"@type":"WebPage","@id":"https:\/\/www.eldigitaldeasturias.com\/noticias\/otamendi-ficha-por-el-valencia\/#webpage","url":"https:\/\/www.eldigitaldeasturias.com\/noticias\/otamendi-ficha-por-el-valencia\/","name":"Otamendi ficha por el Valencia - El Digital de Asturias","description":"Lisboa, 5 feb (EFE).- El defensa argentino Nicol\u00e1s Otamendi fich\u00f3 por el Valencia a cambio de 12 millones de euros, inform\u00f3 hoy el Oporto en un comunicado al regulador financiero portugu\u00e9s. En la escueta nota a la Comisi\u00f3n de Mercado de Valores Mobiliarios (CMVM) lusa, el club norte\u00f1o a\u00f1ade que el traspaso \"a t\u00edtulo definitivo\"","inLanguage":"es-ES","isPartOf":{"@id":"https:\/\/www.eldigitaldeasturias.com\/noticias\/#website"},"breadcrumb":{"@id":"https:\/\/www.eldigitaldeasturias.com\/noticias\/otamendi-ficha-por-el-valencia\/#breadcrumblist"},"author":{"@id":"https:\/\/www.eldigitaldeasturias.com\/noticias\/author\/admin\/#author"},"creator":{"@id":"https:\/\/www.eldigitaldeasturias.com\/noticias\/author\/admin\/#author"},"image":{"@type":"ImageObject","url":484715,"@id":"https:\/\/www.eldigitaldeasturias.com\/noticias\/otamendi-ficha-por-el-valencia\/#mainImage"},"primaryImageOfPage":{"@id":"https:\/\/www.eldigitaldeasturias.com\/noticias\/otamendi-ficha-por-el-valencia\/#mainImage"},"datePublished":"2014-02-06T02:25:09+01:00","dateModified":"2014-02-06T02:25:09+01:00"},{"@type":"WebSite","@id":"https:\/\/www.eldigitaldeasturias.com\/noticias\/#website","url":"https:\/\/www.eldigitaldeasturias.com\/noticias\/","name":"El Digital de Asturias - Diario de actualidad y noticias","alternateName":"El Digital de Asturias - Diario de actualidad y noticias","description":"Hemeroteca","inLanguage":"es-ES","publisher":{"@id":"https:\/\/www.eldigitaldeasturias.com\/noticias\/#organization"}}]},"og:locale":"es_ES","og:site_name":"El Digital de Asturias","og:type":"article","og:title":"Otamendi ficha por el Valencia - El Digital de Asturias","og:description":"Lisboa, 5 feb (EFE).- El defensa argentino Nicol\u00e1s Otamendi fich\u00f3 por el Valencia a cambio de 12 millones de euros, inform\u00f3 hoy el Oporto en un comunicado al regulador financiero portugu\u00e9s. En la escueta nota a la Comisi\u00f3n de Mercado de Valores Mobiliarios (CMVM) lusa, el club norte\u00f1o a\u00f1ade que el traspaso &quot;a t\u00edtulo definitivo&quot;","og:url":"https:\/\/www.eldigitaldeasturias.com\/noticias\/otamendi-ficha-por-el-valencia\/","article:tag":["actualidad"],"article:published_time":"2014-02-06T03:25:09+00:00","article:modified_time":"2014-02-06T03:25:09+00:00","article:publisher":"https:\/\/facebook.com\/eldigitaldeasturias","twitter:card":"summary_large_image","twitter:title":"Otamendi ficha por el Valencia - El Digital de Asturias","twitter:description":"Lisboa, 5 feb (EFE).- El defensa argentino Nicol\u00e1s Otamendi fich\u00f3 por el Valencia a cambio de 12 millones de euros, inform\u00f3 hoy el Oporto en un comunicado al regulador financiero portugu\u00e9s. En la escueta nota a la Comisi\u00f3n de Mercado de Valores Mobiliarios (CMVM) lusa, el club norte\u00f1o a\u00f1ade que el traspaso &quot;a t\u00edtulo definitivo&quot;","twitter:label1":"Escrito por","twitter:data1":"El Digital de Asturias","twitter:label2":"Tiempo de lectura estimado","twitter:data2":"1 minuto"},"aioseo_meta_data":{"post_id":"484714","title":null,"description":null,"keywords":null,"keyphrases":null,"primary_term":null,"canonical_url":null,"og_title":null,"og_description":null,"og_object_type":"default","og_image_type":"default","og_image_url":null,"og_image_width":null,"og_image_height":null,"og_image_custom_url":null,"og_image_custom_fields":null,"og_video":null,"og_custom_url":null,"og_article_section":null,"og_article_tags":null,"twitter_use_og":true,"twitter_card":"default","twitter_image_type":"default","twitter_image_url":null,"twitter_image_custom_url":null,"twitter_image_custom_fields":null,"twitter_title":null,"twitter_description":null,"schema":{"blockGraphs":[],"customGraphs":[],"default":{"data":{"Article":[],"Course":[],"Dataset":[],"FAQPage":[],"Movie":[],"Person":[],"Product":[],"ProductReview":[],"Car":[],"Recipe":[],"Service":[],"SoftwareApplication":[],"WebPage":[]},"graphName":"","isEnabled":true},"graphs":[],"defaultGraph":"","defaultPostTypeGraph":""},"schema_type":null,"schema_type_options":null,"pillar_content":false,"robots_default":true,"robots_noindex":false,"robots_noarchive":false,"robots_nosnippet":false,"robots_nofollow":false,"robots_noimageindex":false,"robots_noodp":false,"robots_notranslate":false,"robots_max_snippet":null,"robots_max_videopreview":null,"robots_max_imagepreview":"none","priority":null,"frequency":null,"local_seo":null,"seo_analyzer_scan_date":"2026-06-02 16:54:34","breadcrumb_settings":null,"limit_modified_date":false,"open_ai":null,"ai":null,"created":"2020-11-14 22:55:06","updated":"2026-06-02 16:54:34","focus_keyword":null,"additional_keywords":null,"truseo_locale":null},"aioseo_breadcrumb":"<div class=\"aioseo-breadcrumbs\"><span class=\"aioseo-breadcrumb\">\n\t<a href=\"https:\/\/www.eldigitaldeasturias.com\/noticias\" title=\"Home\">Home<\/a>\n<\/span><span class=\"aioseo-breadcrumb-separator\">\u2013<\/span><span class=\"aioseo-breadcrumb\">\n\t<a href=\"https:\/\/www.eldigitaldeasturias.com\/noticias\/category\/actualidad\/\" title=\"Actualidad\">Actualidad<\/a>\n<\/span><span class=\"aioseo-breadcrumb-separator\">\u2013<\/span><span class=\"aioseo-breadcrumb\">\n\t<a href=\"https:\/\/www.eldigitaldeasturias.com\/noticias\/otamendi-ficha-por-el-valencia\/\" title=\"Otamendi ficha por el Valencia\">Otamendi ficha por el Valencia<\/a>\n<\/span><\/div>","aioseo_breadcrumb_json":[{"label":"Home","link":"https:\/\/www.eldigitaldeasturias.com\/noticias"},{"label":"Actualidad","link":"https:\/\/www.eldigitaldeasturias.com\/noticias\/category\/actualidad\/"},{"label":"Otamendi ficha por el Valencia","link":"https:\/\/www.eldigitaldeasturias.com\/noticias\/otamendi-ficha-por-el-valencia\/"}],"_links":{"self":[{"href":"https:\/\/www.eldigitaldeasturias.com\/noticias\/wp-json\/wp\/v2\/posts\/484714","targetHints":{"allow":["GET"]}}],"collection":[{"href":"https:\/\/www.eldigitaldeasturias.com\/noticias\/wp-json\/wp\/v2\/posts"}],"about":[{"href":"https:\/\/www.eldigitaldeasturias.com\/noticias\/wp-json\/wp\/v2\/types\/post"}],"author":[{"embeddable":true,"href":"https:\/\/www.eldigitaldeasturias.com\/noticias\/wp-json\/wp\/v2\/users\/1"}],"replies":[{"embeddable":true,"href":"https:\/\/www.eldigitaldeasturias.com\/noticias\/wp-json\/wp\/v2\/comments?post=484714"}],"version-history":[{"count":0,"href":"https:\/\/www.eldigitaldeasturias.com\/noticias\/wp-json\/wp\/v2\/posts\/484714\/revisions"}],"wp:attachment":[{"href":"https:\/\/www.eldigitaldeasturias.com\/noticias\/wp-json\/wp\/v2\/media?parent=484714"}],"wp:term":[{"taxonomy":"category","embeddable":true,"href":"https:\/\/www.eldigitaldeasturias.com\/noticias\/wp-json\/wp\/v2\/categories?post=484714"},{"taxonomy":"post_tag","embeddable":true,"href":"https:\/\/www.eldigitaldeasturias.com\/noticias\/wp-json\/wp\/v2\/tags?post=484714"}],"curies":[{"name":"wp","href":"https:\/\/api.w.org\/{rel}","templated":true}]}}