{"id":484711,"date":"2014-02-06T02:23:26","date_gmt":"2014-02-06T03:23:26","guid":{"rendered":"http:\/\/www.eldigitaldeasturias.com\/noticias\/?p=484711"},"modified":"2014-02-06T02:23:27","modified_gmt":"2014-02-06T03:23:27","slug":"la-huerta-murciana-amplia-sus-fronteras-mediante-un-acuerdo-con-argentina","status":"publish","type":"post","link":"https:\/\/www.eldigitaldeasturias.com\/noticias\/la-huerta-murciana-amplia-sus-fronteras-mediante-un-acuerdo-con-argentina\/","title":{"rendered":"La huerta murciana ampl\u00eda sus fronteras mediante un acuerdo con Argentina"},"content":{"rendered":"<p><img loading=\"lazy\" decoding=\"async\" class=\"alignleft size-medium wp-image-484712\" alt=\"5914405w\" src=\"https:\/\/www.eldigitaldeasturias.com\/noticias\/wp-content\/uploads\/2014\/02\/5914405w-360x244.jpg\" width=\"360\" height=\"244\" \/>Berl\u00edn, 5 feb (EFE).- El Gobierno de Murcia y la Fundaci\u00f3n ExportAr, dependiente del Ministerio de Relaciones Exteriores de Argentina, sellaron hoy en Berl\u00edn un acuerdo que favorecer\u00e1 la expansi\u00f3n de los productos de la huerta murciana en el pa\u00eds latinoamericano.<\/p>\n<p>El acuerdo, suscrito por el consejero de Industria, Empresa e Innovaci\u00f3n de Murcia, Jos\u00e9 Ballesta, y el director de ExportAr, Javier Dufourquet, se cerr\u00f3 en el marco de Fruit Logistica, la mayor feria internacional del sector de frutas y verduras que re\u00fane hasta el viernes en la capital alemana a 2.600 expositores de 86 pa\u00edses.<\/p>\n<p>Con esta alianza estrat\u00e9gica, Murcia espera fomentar la introducci\u00f3n de sus productos agr\u00edcolas en el mercado argentino, al tiempo que abre la posibilidad de acometer conjuntamente la llegada a otros pa\u00edses.<\/p>\n<p>\u00abEn este momento exportamos a Argentina solamente 18 millones de euros, eso para nosotros es un reto, porque lo que tenemos es un amplio margen de mejora\u00bb, declar\u00f3 a Efe Ballesta, que tambi\u00e9n valor\u00f3 la posibilidad de aumentar la exportaci\u00f3n de conservas y tecnolog\u00eda.<\/p>\n<p>El convenio se enmarca dentro de una apuesta por internacionalizar y potenciar la exportaci\u00f3n de los productos murcianos, uno de los sectores estrat\u00e9gicos de la econom\u00eda de la regi\u00f3n del sureste de Espa\u00f1a.<\/p>\n<p>\u00abEs evidente que el sector agroalimentario para la regi\u00f3n de Murcia es esencial en su econom\u00eda\u00bb, expuso Ballesta, quien incidi\u00f3 en que de los \u00abcasi 10.000 millones de euros\u00bb que genera Murcia gracias a las exportaciones, \u00abel 44 por ciento corresponde al sector agroalimentario\u00bb.<\/p>\n<p>Muestra de esa importancia son las m\u00e1s de 300 empresas de la Regi\u00f3n de Murcia que participan en la muestra berlinesa, buena parte de ellas cobijadas en el estand del gobierno auton\u00f3mico.<\/p>\n<p>Alemania es, seg\u00fan Ballesta, el mercado principal de la exportaci\u00f3n murciana, despu\u00e9s de que superase en 2013 al Reino Unido, destino tradicional de la producci\u00f3n de Murcia, al alcanzar un volumen de negocio de cerca de 1.000 millones de euro.<\/p>\n<p>Un ejemplo de ese comercio es el grupo Hortiberia, especializado en la producci\u00f3n de verduras, c\u00edtricos y frutas de la zona de campo de Cartagena, Murcia y Alicante, y que destina a la exportaci\u00f3n el 90 % de su producci\u00f3n.<\/p>\n<p>\u00abEl objetivo que tenemos marcado es la exportaci\u00f3n, y sobre todo para los pa\u00edses m\u00e1s conflictivos y m\u00e1s dif\u00edciles de llegada a nivel log\u00edstico\u00bb explic\u00f3 a EFE el director comercial de esta compa\u00f1\u00eda, Maximilian Martin.<\/p>\n<p>Los productos m\u00e1s demandados son, seg\u00fan sus datos, lechugas, br\u00f3coli, coles, frutas de hueso o melones.<\/p>\n<p>\u00abMurcia es muy conocida por esos productos, que adem\u00e1s tienen garant\u00eda de calidad, y la gente los busca\u00bb, indic\u00f3 Martin.<\/p>\n<p>El responsable de Industria del Gobierno murciano resalt\u00f3 que \u00aben este momento son m\u00e1s de 170 pa\u00edses en los que hay productos de Murcia\u00bb y abog\u00f3 por fomentar la exportaci\u00f3n e internacionalizaci\u00f3n de las empresas espa\u00f1olas y murcianas como medio para salir de la crisis.<\/p>\n<p>\u00abCreemos sinceramente que aumentar la competitividad de nuestro pa\u00eds no puede conllevar en estos tiempos mayor sufrimiento social, mayores costes sociales que los que hemos tenido, sino que tiene que hacerse en base a internacionalizaci\u00f3n\u00bb, opin\u00f3.<\/p>\n<p>Para conseguir este objetivo, Ballesta defendi\u00f3 la inversi\u00f3n en \u00abinstrucci\u00f3n, internacionalizaci\u00f3n, innovaci\u00f3n, industrializaci\u00f3n e investigaci\u00f3n\u00bb, \u00e1mbitos que consider\u00f3 \u00abestrat\u00e9gicos para el futuro de nuestro pa\u00eds\u00bb.<\/p>\n","protected":false},"excerpt":{"rendered":"<p>Berl\u00edn, 5 feb (EFE).- El Gobierno de Murcia y la Fundaci\u00f3n ExportAr, dependiente del Ministerio de Relaciones Exteriores de Argentina, sellaron hoy en Berl\u00edn un acuerdo que favorecer\u00e1 la expansi\u00f3n de los productos de la huerta murciana en el pa\u00eds latinoamericano. El acuerdo, suscrito por el consejero de Industria, Empresa e Innovaci\u00f3n de Murcia, Jos\u00e9 [&hellip;]<\/p>\n","protected":false},"author":1,"featured_media":484712,"comment_status":"closed","ping_status":"open","sticky":false,"template":"","format":"standard","meta":{"footnotes":""},"categories":[1],"tags":[],"class_list":["post-484711","post","type-post","status-publish","format-standard","has-post-thumbnail","hentry","category-actualidad"],"aioseo_notices":[],"aioseo_head":"\n\t\t<!-- All in One SEO Pro 5.0.1 - aioseo.com -->\n\t<meta name=\"description\" content=\"Berl\u00edn, 5 feb (EFE).- El Gobierno de Murcia y la Fundaci\u00f3n ExportAr, dependiente del Ministerio de Relaciones Exteriores de Argentina, sellaron hoy en Berl\u00edn un acuerdo que favorecer\u00e1 la expansi\u00f3n de los productos de la huerta murciana en el pa\u00eds latinoamericano. El acuerdo, suscrito por el consejero de Industria, Empresa e Innovaci\u00f3n de Murcia, Jos\u00e9\" \/>\n\t<meta name=\"robots\" content=\"max-image-preview:large\" \/>\n\t<meta name=\"author\" content=\"El Digital de Asturias\"\/>\n\t<meta name=\"google-site-verification\" content=\"UA-38556648-1\" \/>\n\t<meta name=\"msvalidate.01\" content=\"7dfe9f3f1b24437ab69f4f2559babe99\" \/>\n\t<meta name=\"keywords\" content=\"actualidad\" \/>\n\t<link rel=\"canonical\" href=\"https:\/\/www.eldigitaldeasturias.com\/noticias\/la-huerta-murciana-amplia-sus-fronteras-mediante-un-acuerdo-con-argentina\/\" \/>\n\t<meta name=\"generator\" content=\"All in One SEO Pro (AIOSEO) 5.0.1\" \/>\n\t\t<meta property=\"og:locale\" content=\"es_ES\" \/>\n\t\t<meta property=\"og:site_name\" content=\"El Digital de Asturias\" \/>\n\t\t<meta property=\"og:type\" content=\"article\" \/>\n\t\t<meta property=\"og:title\" content=\"La huerta murciana ampl\u00eda sus fronteras mediante un acuerdo con Argentina - El Digital de Asturias\" \/>\n\t\t<meta property=\"og:description\" content=\"Berl\u00edn, 5 feb (EFE).- El Gobierno de Murcia y la Fundaci\u00f3n ExportAr, dependiente del Ministerio de Relaciones Exteriores de Argentina, sellaron hoy en Berl\u00edn un acuerdo que favorecer\u00e1 la expansi\u00f3n de los productos de la huerta murciana en el pa\u00eds latinoamericano. El acuerdo, suscrito por el consejero de Industria, Empresa e Innovaci\u00f3n de Murcia, Jos\u00e9\" \/>\n\t\t<meta property=\"og:url\" content=\"https:\/\/www.eldigitaldeasturias.com\/noticias\/la-huerta-murciana-amplia-sus-fronteras-mediante-un-acuerdo-con-argentina\/\" \/>\n\t\t<meta property=\"article:tag\" content=\"actualidad\" \/>\n\t\t<meta property=\"article:published_time\" content=\"2014-02-06T03:23:26+00:00\" \/>\n\t\t<meta property=\"article:modified_time\" content=\"2014-02-06T03:23:27+00:00\" \/>\n\t\t<meta property=\"article:publisher\" content=\"https:\/\/facebook.com\/eldigitaldeasturias\" \/>\n\t\t<meta name=\"twitter:card\" content=\"summary_large_image\" \/>\n\t\t<meta name=\"twitter:title\" content=\"La huerta murciana ampl\u00eda sus fronteras mediante un acuerdo con Argentina - El Digital de Asturias\" \/>\n\t\t<meta name=\"twitter:description\" content=\"Berl\u00edn, 5 feb (EFE).- El Gobierno de Murcia y la Fundaci\u00f3n ExportAr, dependiente del Ministerio de Relaciones Exteriores de Argentina, sellaron hoy en Berl\u00edn un acuerdo que favorecer\u00e1 la expansi\u00f3n de los productos de la huerta murciana en el pa\u00eds latinoamericano. El acuerdo, suscrito por el consejero de Industria, Empresa e Innovaci\u00f3n de Murcia, Jos\u00e9\" \/>\n\t\t<meta name=\"twitter:label1\" content=\"Escrito por\" \/>\n\t\t<meta name=\"twitter:data1\" content=\"El Digital de Asturias\" \/>\n\t\t<meta name=\"twitter:label2\" content=\"Tiempo de lectura estimado\" \/>\n\t\t<meta name=\"twitter:data2\" content=\"3 minutos\" \/>\n\t\t<script type=\"application\/ld+json\" class=\"aioseo-schema\">\n\t\t\t{\"@context\":\"https:\\\/\\\/schema.org\",\"@graph\":[{\"@type\":\"BlogPosting\",\"@id\":\"https:\\\/\\\/www.eldigitaldeasturias.com\\\/noticias\\\/la-huerta-murciana-amplia-sus-fronteras-mediante-un-acuerdo-con-argentina\\\/#blogposting\",\"name\":\"La huerta murciana ampl\\u00eda sus fronteras mediante un acuerdo con Argentina - El Digital de Asturias\",\"headline\":\"La huerta murciana ampl\\u00eda sus fronteras mediante un acuerdo con Argentina\",\"author\":{\"@id\":\"https:\\\/\\\/www.eldigitaldeasturias.com\\\/noticias\\\/author\\\/admin\\\/#author\"},\"publisher\":{\"@id\":\"https:\\\/\\\/www.eldigitaldeasturias.com\\\/noticias\\\/#organization\"},\"image\":{\"@type\":\"ImageObject\",\"url\":484712},\"datePublished\":\"2014-02-06T02:23:26+01:00\",\"dateModified\":\"2014-02-06T02:23:27+01:00\",\"inLanguage\":\"es-ES\",\"mainEntityOfPage\":{\"@id\":\"https:\\\/\\\/www.eldigitaldeasturias.com\\\/noticias\\\/la-huerta-murciana-amplia-sus-fronteras-mediante-un-acuerdo-con-argentina\\\/#webpage\"},\"isPartOf\":{\"@id\":\"https:\\\/\\\/www.eldigitaldeasturias.com\\\/noticias\\\/la-huerta-murciana-amplia-sus-fronteras-mediante-un-acuerdo-con-argentina\\\/#webpage\"},\"articleSection\":\"Actualidad\"},{\"@type\":\"BreadcrumbList\",\"@id\":\"https:\\\/\\\/www.eldigitaldeasturias.com\\\/noticias\\\/la-huerta-murciana-amplia-sus-fronteras-mediante-un-acuerdo-con-argentina\\\/#breadcrumblist\",\"itemListElement\":[{\"@type\":\"ListItem\",\"@id\":\"https:\\\/\\\/www.eldigitaldeasturias.com\\\/noticias#listItem\",\"position\":1,\"name\":\"Home\",\"item\":\"https:\\\/\\\/www.eldigitaldeasturias.com\\\/noticias\",\"nextItem\":{\"@type\":\"ListItem\",\"@id\":\"https:\\\/\\\/www.eldigitaldeasturias.com\\\/noticias\\\/category\\\/actualidad\\\/#listItem\",\"name\":\"Actualidad\"}},{\"@type\":\"ListItem\",\"@id\":\"https:\\\/\\\/www.eldigitaldeasturias.com\\\/noticias\\\/category\\\/actualidad\\\/#listItem\",\"position\":2,\"name\":\"Actualidad\",\"item\":\"https:\\\/\\\/www.eldigitaldeasturias.com\\\/noticias\\\/category\\\/actualidad\\\/\",\"nextItem\":{\"@type\":\"ListItem\",\"@id\":\"https:\\\/\\\/www.eldigitaldeasturias.com\\\/noticias\\\/la-huerta-murciana-amplia-sus-fronteras-mediante-un-acuerdo-con-argentina\\\/#listItem\",\"name\":\"La huerta murciana ampl\\u00eda sus fronteras mediante un acuerdo con Argentina\"},\"previousItem\":{\"@type\":\"ListItem\",\"@id\":\"https:\\\/\\\/www.eldigitaldeasturias.com\\\/noticias#listItem\",\"name\":\"Home\"}},{\"@type\":\"ListItem\",\"@id\":\"https:\\\/\\\/www.eldigitaldeasturias.com\\\/noticias\\\/la-huerta-murciana-amplia-sus-fronteras-mediante-un-acuerdo-con-argentina\\\/#listItem\",\"position\":3,\"name\":\"La huerta murciana ampl\\u00eda sus fronteras mediante un acuerdo con Argentina\",\"previousItem\":{\"@type\":\"ListItem\",\"@id\":\"https:\\\/\\\/www.eldigitaldeasturias.com\\\/noticias\\\/category\\\/actualidad\\\/#listItem\",\"name\":\"Actualidad\"}}]},{\"@type\":\"Organization\",\"@id\":\"https:\\\/\\\/www.eldigitaldeasturias.com\\\/noticias\\\/#organization\",\"name\":\"El Digital de Asturias\",\"description\":\"Hemeroteca\",\"url\":\"https:\\\/\\\/www.eldigitaldeasturias.com\\\/noticias\\\/\",\"email\":\"info@eldigitaldeasturias.com\",\"telephone\":\"+34652131393\",\"logo\":{\"@type\":\"ImageObject\",\"url\":\"https:\\\/\\\/www.eldigitaldeasturias.com\\\/noticias\\\/wp-content\\\/uploads\\\/2020\\\/12\\\/EDA.jpg\",\"@id\":\"https:\\\/\\\/www.eldigitaldeasturias.com\\\/noticias\\\/la-huerta-murciana-amplia-sus-fronteras-mediante-un-acuerdo-con-argentina\\\/#organizationLogo\"},\"image\":{\"@id\":\"https:\\\/\\\/www.eldigitaldeasturias.com\\\/noticias\\\/la-huerta-murciana-amplia-sus-fronteras-mediante-un-acuerdo-con-argentina\\\/#organizationLogo\"},\"sameAs\":[\"https:\\\/\\\/facebook.com\\\/eldigitaldeasturias\",\"https:\\\/\\\/www.youtube.com\\\/channel\\\/UCZP-2wLEB9Rv6erhFmqVnvg\"],\"address\":{\"@id\":\"https:\\\/\\\/www.eldigitaldeasturias.com\\\/noticias\\\/#postaladdress\",\"@type\":\"PostalAddress\",\"streetAddress\":\"san antonio 4\",\"postalCode\":\"33430\",\"addressLocality\":\"Cand\\u00e1s\",\"addressRegion\":\"Asturias\",\"addressCountry\":\"ES\"}},{\"@type\":\"Person\",\"@id\":\"https:\\\/\\\/www.eldigitaldeasturias.com\\\/noticias\\\/author\\\/admin\\\/#author\",\"url\":\"https:\\\/\\\/www.eldigitaldeasturias.com\\\/noticias\\\/author\\\/admin\\\/\",\"name\":\"El Digital de Asturias\",\"image\":{\"@type\":\"ImageObject\",\"@id\":\"https:\\\/\\\/www.eldigitaldeasturias.com\\\/noticias\\\/la-huerta-murciana-amplia-sus-fronteras-mediante-un-acuerdo-con-argentina\\\/#authorImage\",\"url\":\"https:\\\/\\\/secure.gravatar.com\\\/avatar\\\/df2aeffc32bcd13f8d26072ef8a91b623d677766deac7f97ca815868cd41bf5e?s=96&d=mm&r=g\",\"width\":96,\"height\":96,\"caption\":\"El Digital de Asturias\"}},{\"@type\":\"WebPage\",\"@id\":\"https:\\\/\\\/www.eldigitaldeasturias.com\\\/noticias\\\/la-huerta-murciana-amplia-sus-fronteras-mediante-un-acuerdo-con-argentina\\\/#webpage\",\"url\":\"https:\\\/\\\/www.eldigitaldeasturias.com\\\/noticias\\\/la-huerta-murciana-amplia-sus-fronteras-mediante-un-acuerdo-con-argentina\\\/\",\"name\":\"La huerta murciana ampl\\u00eda sus fronteras mediante un acuerdo con Argentina - El Digital de Asturias\",\"description\":\"Berl\\u00edn, 5 feb (EFE).- El Gobierno de Murcia y la Fundaci\\u00f3n ExportAr, dependiente del Ministerio de Relaciones Exteriores de Argentina, sellaron hoy en Berl\\u00edn un acuerdo que favorecer\\u00e1 la expansi\\u00f3n de los productos de la huerta murciana en el pa\\u00eds latinoamericano. El acuerdo, suscrito por el consejero de Industria, Empresa e Innovaci\\u00f3n de Murcia, Jos\\u00e9\",\"inLanguage\":\"es-ES\",\"isPartOf\":{\"@id\":\"https:\\\/\\\/www.eldigitaldeasturias.com\\\/noticias\\\/#website\"},\"breadcrumb\":{\"@id\":\"https:\\\/\\\/www.eldigitaldeasturias.com\\\/noticias\\\/la-huerta-murciana-amplia-sus-fronteras-mediante-un-acuerdo-con-argentina\\\/#breadcrumblist\"},\"author\":{\"@id\":\"https:\\\/\\\/www.eldigitaldeasturias.com\\\/noticias\\\/author\\\/admin\\\/#author\"},\"creator\":{\"@id\":\"https:\\\/\\\/www.eldigitaldeasturias.com\\\/noticias\\\/author\\\/admin\\\/#author\"},\"image\":{\"@type\":\"ImageObject\",\"url\":484712,\"@id\":\"https:\\\/\\\/www.eldigitaldeasturias.com\\\/noticias\\\/la-huerta-murciana-amplia-sus-fronteras-mediante-un-acuerdo-con-argentina\\\/#mainImage\"},\"primaryImageOfPage\":{\"@id\":\"https:\\\/\\\/www.eldigitaldeasturias.com\\\/noticias\\\/la-huerta-murciana-amplia-sus-fronteras-mediante-un-acuerdo-con-argentina\\\/#mainImage\"},\"datePublished\":\"2014-02-06T02:23:26+01:00\",\"dateModified\":\"2014-02-06T02:23:27+01:00\"},{\"@type\":\"WebSite\",\"@id\":\"https:\\\/\\\/www.eldigitaldeasturias.com\\\/noticias\\\/#website\",\"url\":\"https:\\\/\\\/www.eldigitaldeasturias.com\\\/noticias\\\/\",\"name\":\"El Digital de Asturias - Diario de actualidad y noticias\",\"alternateName\":\"El Digital de Asturias - Diario de actualidad y noticias\",\"description\":\"Hemeroteca\",\"inLanguage\":\"es-ES\",\"publisher\":{\"@id\":\"https:\\\/\\\/www.eldigitaldeasturias.com\\\/noticias\\\/#organization\"}}]}\n\t\t<\/script>\n\t\t<!-- All in One SEO Pro -->\r\n\t\t<title>La huerta murciana ampl\u00eda sus fronteras mediante un acuerdo con Argentina - El Digital de Asturias<\/title>\n\n","aioseo_head_json":{"title":"La huerta murciana ampl\u00eda sus fronteras mediante un acuerdo con Argentina - El Digital de Asturias","description":"Berl\u00edn, 5 feb (EFE).- El Gobierno de Murcia y la Fundaci\u00f3n ExportAr, dependiente del Ministerio de Relaciones Exteriores de Argentina, sellaron hoy en Berl\u00edn un acuerdo que favorecer\u00e1 la expansi\u00f3n de los productos de la huerta murciana en el pa\u00eds latinoamericano. El acuerdo, suscrito por el consejero de Industria, Empresa e Innovaci\u00f3n de Murcia, Jos\u00e9","canonical_url":"https:\/\/www.eldigitaldeasturias.com\/noticias\/la-huerta-murciana-amplia-sus-fronteras-mediante-un-acuerdo-con-argentina\/","robots":"max-image-preview:large","keywords":"actualidad","webmasterTools":{"google-site-verification":"UA-38556648-1","msvalidate.01":"7dfe9f3f1b24437ab69f4f2559babe99","miscellaneous":""},"schema":{"@context":"https:\/\/schema.org","@graph":[{"@type":"BlogPosting","@id":"https:\/\/www.eldigitaldeasturias.com\/noticias\/la-huerta-murciana-amplia-sus-fronteras-mediante-un-acuerdo-con-argentina\/#blogposting","name":"La huerta murciana ampl\u00eda sus fronteras mediante un acuerdo con Argentina - El Digital de Asturias","headline":"La huerta murciana ampl\u00eda sus fronteras mediante un acuerdo con Argentina","author":{"@id":"https:\/\/www.eldigitaldeasturias.com\/noticias\/author\/admin\/#author"},"publisher":{"@id":"https:\/\/www.eldigitaldeasturias.com\/noticias\/#organization"},"image":{"@type":"ImageObject","url":484712},"datePublished":"2014-02-06T02:23:26+01:00","dateModified":"2014-02-06T02:23:27+01:00","inLanguage":"es-ES","mainEntityOfPage":{"@id":"https:\/\/www.eldigitaldeasturias.com\/noticias\/la-huerta-murciana-amplia-sus-fronteras-mediante-un-acuerdo-con-argentina\/#webpage"},"isPartOf":{"@id":"https:\/\/www.eldigitaldeasturias.com\/noticias\/la-huerta-murciana-amplia-sus-fronteras-mediante-un-acuerdo-con-argentina\/#webpage"},"articleSection":"Actualidad"},{"@type":"BreadcrumbList","@id":"https:\/\/www.eldigitaldeasturias.com\/noticias\/la-huerta-murciana-amplia-sus-fronteras-mediante-un-acuerdo-con-argentina\/#breadcrumblist","itemListElement":[{"@type":"ListItem","@id":"https:\/\/www.eldigitaldeasturias.com\/noticias#listItem","position":1,"name":"Home","item":"https:\/\/www.eldigitaldeasturias.com\/noticias","nextItem":{"@type":"ListItem","@id":"https:\/\/www.eldigitaldeasturias.com\/noticias\/category\/actualidad\/#listItem","name":"Actualidad"}},{"@type":"ListItem","@id":"https:\/\/www.eldigitaldeasturias.com\/noticias\/category\/actualidad\/#listItem","position":2,"name":"Actualidad","item":"https:\/\/www.eldigitaldeasturias.com\/noticias\/category\/actualidad\/","nextItem":{"@type":"ListItem","@id":"https:\/\/www.eldigitaldeasturias.com\/noticias\/la-huerta-murciana-amplia-sus-fronteras-mediante-un-acuerdo-con-argentina\/#listItem","name":"La huerta murciana ampl\u00eda sus fronteras mediante un acuerdo con Argentina"},"previousItem":{"@type":"ListItem","@id":"https:\/\/www.eldigitaldeasturias.com\/noticias#listItem","name":"Home"}},{"@type":"ListItem","@id":"https:\/\/www.eldigitaldeasturias.com\/noticias\/la-huerta-murciana-amplia-sus-fronteras-mediante-un-acuerdo-con-argentina\/#listItem","position":3,"name":"La huerta murciana ampl\u00eda sus fronteras mediante un acuerdo con Argentina","previousItem":{"@type":"ListItem","@id":"https:\/\/www.eldigitaldeasturias.com\/noticias\/category\/actualidad\/#listItem","name":"Actualidad"}}]},{"@type":"Organization","@id":"https:\/\/www.eldigitaldeasturias.com\/noticias\/#organization","name":"El Digital de Asturias","description":"Hemeroteca","url":"https:\/\/www.eldigitaldeasturias.com\/noticias\/","email":"info@eldigitaldeasturias.com","telephone":"+34652131393","logo":{"@type":"ImageObject","url":"https:\/\/www.eldigitaldeasturias.com\/noticias\/wp-content\/uploads\/2020\/12\/EDA.jpg","@id":"https:\/\/www.eldigitaldeasturias.com\/noticias\/la-huerta-murciana-amplia-sus-fronteras-mediante-un-acuerdo-con-argentina\/#organizationLogo"},"image":{"@id":"https:\/\/www.eldigitaldeasturias.com\/noticias\/la-huerta-murciana-amplia-sus-fronteras-mediante-un-acuerdo-con-argentina\/#organizationLogo"},"sameAs":["https:\/\/facebook.com\/eldigitaldeasturias","https:\/\/www.youtube.com\/channel\/UCZP-2wLEB9Rv6erhFmqVnvg"],"address":{"@id":"https:\/\/www.eldigitaldeasturias.com\/noticias\/#postaladdress","@type":"PostalAddress","streetAddress":"san antonio 4","postalCode":"33430","addressLocality":"Cand\u00e1s","addressRegion":"Asturias","addressCountry":"ES"}},{"@type":"Person","@id":"https:\/\/www.eldigitaldeasturias.com\/noticias\/author\/admin\/#author","url":"https:\/\/www.eldigitaldeasturias.com\/noticias\/author\/admin\/","name":"El Digital de Asturias","image":{"@type":"ImageObject","@id":"https:\/\/www.eldigitaldeasturias.com\/noticias\/la-huerta-murciana-amplia-sus-fronteras-mediante-un-acuerdo-con-argentina\/#authorImage","url":"https:\/\/secure.gravatar.com\/avatar\/df2aeffc32bcd13f8d26072ef8a91b623d677766deac7f97ca815868cd41bf5e?s=96&d=mm&r=g","width":96,"height":96,"caption":"El Digital de Asturias"}},{"@type":"WebPage","@id":"https:\/\/www.eldigitaldeasturias.com\/noticias\/la-huerta-murciana-amplia-sus-fronteras-mediante-un-acuerdo-con-argentina\/#webpage","url":"https:\/\/www.eldigitaldeasturias.com\/noticias\/la-huerta-murciana-amplia-sus-fronteras-mediante-un-acuerdo-con-argentina\/","name":"La huerta murciana ampl\u00eda sus fronteras mediante un acuerdo con Argentina - El Digital de Asturias","description":"Berl\u00edn, 5 feb (EFE).- El Gobierno de Murcia y la Fundaci\u00f3n ExportAr, dependiente del Ministerio de Relaciones Exteriores de Argentina, sellaron hoy en Berl\u00edn un acuerdo que favorecer\u00e1 la expansi\u00f3n de los productos de la huerta murciana en el pa\u00eds latinoamericano. El acuerdo, suscrito por el consejero de Industria, Empresa e Innovaci\u00f3n de Murcia, Jos\u00e9","inLanguage":"es-ES","isPartOf":{"@id":"https:\/\/www.eldigitaldeasturias.com\/noticias\/#website"},"breadcrumb":{"@id":"https:\/\/www.eldigitaldeasturias.com\/noticias\/la-huerta-murciana-amplia-sus-fronteras-mediante-un-acuerdo-con-argentina\/#breadcrumblist"},"author":{"@id":"https:\/\/www.eldigitaldeasturias.com\/noticias\/author\/admin\/#author"},"creator":{"@id":"https:\/\/www.eldigitaldeasturias.com\/noticias\/author\/admin\/#author"},"image":{"@type":"ImageObject","url":484712,"@id":"https:\/\/www.eldigitaldeasturias.com\/noticias\/la-huerta-murciana-amplia-sus-fronteras-mediante-un-acuerdo-con-argentina\/#mainImage"},"primaryImageOfPage":{"@id":"https:\/\/www.eldigitaldeasturias.com\/noticias\/la-huerta-murciana-amplia-sus-fronteras-mediante-un-acuerdo-con-argentina\/#mainImage"},"datePublished":"2014-02-06T02:23:26+01:00","dateModified":"2014-02-06T02:23:27+01:00"},{"@type":"WebSite","@id":"https:\/\/www.eldigitaldeasturias.com\/noticias\/#website","url":"https:\/\/www.eldigitaldeasturias.com\/noticias\/","name":"El Digital de Asturias - Diario de actualidad y noticias","alternateName":"El Digital de Asturias - Diario de actualidad y noticias","description":"Hemeroteca","inLanguage":"es-ES","publisher":{"@id":"https:\/\/www.eldigitaldeasturias.com\/noticias\/#organization"}}]},"og:locale":"es_ES","og:site_name":"El Digital de Asturias","og:type":"article","og:title":"La huerta murciana ampl\u00eda sus fronteras mediante un acuerdo con Argentina - El Digital de Asturias","og:description":"Berl\u00edn, 5 feb (EFE).- El Gobierno de Murcia y la Fundaci\u00f3n ExportAr, dependiente del Ministerio de Relaciones Exteriores de Argentina, sellaron hoy en Berl\u00edn un acuerdo que favorecer\u00e1 la expansi\u00f3n de los productos de la huerta murciana en el pa\u00eds latinoamericano. El acuerdo, suscrito por el consejero de Industria, Empresa e Innovaci\u00f3n de Murcia, Jos\u00e9","og:url":"https:\/\/www.eldigitaldeasturias.com\/noticias\/la-huerta-murciana-amplia-sus-fronteras-mediante-un-acuerdo-con-argentina\/","article:tag":["actualidad"],"article:published_time":"2014-02-06T03:23:26+00:00","article:modified_time":"2014-02-06T03:23:27+00:00","article:publisher":"https:\/\/facebook.com\/eldigitaldeasturias","twitter:card":"summary_large_image","twitter:title":"La huerta murciana ampl\u00eda sus fronteras mediante un acuerdo con Argentina - El Digital de Asturias","twitter:description":"Berl\u00edn, 5 feb (EFE).- El Gobierno de Murcia y la Fundaci\u00f3n ExportAr, dependiente del Ministerio de Relaciones Exteriores de Argentina, sellaron hoy en Berl\u00edn un acuerdo que favorecer\u00e1 la expansi\u00f3n de los productos de la huerta murciana en el pa\u00eds latinoamericano. El acuerdo, suscrito por el consejero de Industria, Empresa e Innovaci\u00f3n de Murcia, Jos\u00e9","twitter:label1":"Escrito por","twitter:data1":"El Digital de Asturias","twitter:label2":"Tiempo de lectura estimado","twitter:data2":"3 minutos"},"aioseo_meta_data":{"post_id":"484711","title":null,"description":null,"keywords":null,"keyphrases":null,"primary_term":null,"canonical_url":null,"og_title":null,"og_description":null,"og_object_type":"default","og_image_type":"default","og_image_url":null,"og_image_width":null,"og_image_height":null,"og_image_custom_url":null,"og_image_custom_fields":null,"og_video":null,"og_custom_url":null,"og_article_section":null,"og_article_tags":null,"twitter_use_og":true,"twitter_card":"default","twitter_image_type":"default","twitter_image_url":null,"twitter_image_custom_url":null,"twitter_image_custom_fields":null,"twitter_title":null,"twitter_description":null,"schema":{"blockGraphs":[],"customGraphs":[],"default":{"data":{"Article":[],"Course":[],"Dataset":[],"FAQPage":[],"Movie":[],"Person":[],"Product":[],"ProductReview":[],"Car":[],"Recipe":[],"Service":[],"SoftwareApplication":[],"WebPage":[]},"graphName":"","isEnabled":true},"graphs":[],"defaultGraph":"","defaultPostTypeGraph":""},"schema_type":null,"schema_type_options":null,"pillar_content":false,"robots_default":true,"robots_noindex":false,"robots_noarchive":false,"robots_nosnippet":false,"robots_nofollow":false,"robots_noimageindex":false,"robots_noodp":false,"robots_notranslate":false,"robots_max_snippet":null,"robots_max_videopreview":null,"robots_max_imagepreview":"none","priority":null,"frequency":null,"local_seo":null,"seo_analyzer_scan_date":"2026-06-02 16:50:57","breadcrumb_settings":null,"limit_modified_date":false,"open_ai":null,"ai":null,"created":"2020-11-14 22:55:06","updated":"2026-06-02 16:50:57","focus_keyword":null,"additional_keywords":null,"truseo_locale":null},"aioseo_breadcrumb":"<div class=\"aioseo-breadcrumbs\"><span class=\"aioseo-breadcrumb\">\n\t<a href=\"https:\/\/www.eldigitaldeasturias.com\/noticias\" title=\"Home\">Home<\/a>\n<\/span><span class=\"aioseo-breadcrumb-separator\">\u2013<\/span><span class=\"aioseo-breadcrumb\">\n\t<a href=\"https:\/\/www.eldigitaldeasturias.com\/noticias\/category\/actualidad\/\" title=\"Actualidad\">Actualidad<\/a>\n<\/span><span class=\"aioseo-breadcrumb-separator\">\u2013<\/span><span class=\"aioseo-breadcrumb\">\n\t<a href=\"https:\/\/www.eldigitaldeasturias.com\/noticias\/la-huerta-murciana-amplia-sus-fronteras-mediante-un-acuerdo-con-argentina\/\" title=\"La huerta murciana ampl\u00eda sus fronteras mediante un acuerdo con Argentina\">La huerta murciana ampl\u00eda sus fronteras mediante un acuerdo con Argentina<\/a>\n<\/span><\/div>","aioseo_breadcrumb_json":[{"label":"Home","link":"https:\/\/www.eldigitaldeasturias.com\/noticias"},{"label":"Actualidad","link":"https:\/\/www.eldigitaldeasturias.com\/noticias\/category\/actualidad\/"},{"label":"La huerta murciana ampl\u00eda sus fronteras mediante un acuerdo con Argentina","link":"https:\/\/www.eldigitaldeasturias.com\/noticias\/la-huerta-murciana-amplia-sus-fronteras-mediante-un-acuerdo-con-argentina\/"}],"_links":{"self":[{"href":"https:\/\/www.eldigitaldeasturias.com\/noticias\/wp-json\/wp\/v2\/posts\/484711","targetHints":{"allow":["GET"]}}],"collection":[{"href":"https:\/\/www.eldigitaldeasturias.com\/noticias\/wp-json\/wp\/v2\/posts"}],"about":[{"href":"https:\/\/www.eldigitaldeasturias.com\/noticias\/wp-json\/wp\/v2\/types\/post"}],"author":[{"embeddable":true,"href":"https:\/\/www.eldigitaldeasturias.com\/noticias\/wp-json\/wp\/v2\/users\/1"}],"replies":[{"embeddable":true,"href":"https:\/\/www.eldigitaldeasturias.com\/noticias\/wp-json\/wp\/v2\/comments?post=484711"}],"version-history":[{"count":0,"href":"https:\/\/www.eldigitaldeasturias.com\/noticias\/wp-json\/wp\/v2\/posts\/484711\/revisions"}],"wp:attachment":[{"href":"https:\/\/www.eldigitaldeasturias.com\/noticias\/wp-json\/wp\/v2\/media?parent=484711"}],"wp:term":[{"taxonomy":"category","embeddable":true,"href":"https:\/\/www.eldigitaldeasturias.com\/noticias\/wp-json\/wp\/v2\/categories?post=484711"},{"taxonomy":"post_tag","embeddable":true,"href":"https:\/\/www.eldigitaldeasturias.com\/noticias\/wp-json\/wp\/v2\/tags?post=484711"}],"curies":[{"name":"wp","href":"https:\/\/api.w.org\/{rel}","templated":true}]}}