{"id":484699,"date":"2014-02-06T02:18:01","date_gmt":"2014-02-06T03:18:01","guid":{"rendered":"http:\/\/www.eldigitaldeasturias.com\/noticias\/?p=484699"},"modified":"2014-02-06T02:18:01","modified_gmt":"2014-02-06T03:18:01","slug":"defensores-del-pueblo-de-bolivia-y-mexico-acuerdan-proteccion-de-emigrantes","status":"publish","type":"post","link":"https:\/\/www.eldigitaldeasturias.com\/noticias\/defensores-del-pueblo-de-bolivia-y-mexico-acuerdan-proteccion-de-emigrantes\/","title":{"rendered":"Defensores del Pueblo de Bolivia y M\u00e9xico acuerdan protecci\u00f3n de emigrantes"},"content":{"rendered":"<p><img loading=\"lazy\" decoding=\"async\" class=\"alignleft size-medium wp-image-484700\" alt=\"5914391w\" src=\"https:\/\/www.eldigitaldeasturias.com\/noticias\/wp-content\/uploads\/2014\/02\/5914391w-360x260.jpg\" width=\"360\" height=\"260\" \/>La Paz, 5 feb (EFE).- Las Defensor\u00edas del Pueblo de Bolivia y M\u00e9xico acordaron impulsar acciones para la protecci\u00f3n mutua de emigrantes de ambos pa\u00edses, inform\u00f3 hoy el titular de esa oficina en el pa\u00eds andino, Rolando Villena.<\/p>\n<p>El funcionario se\u00f1al\u00f3 que esta decisi\u00f3n fue asumida en un convenio alcanzado con el presidente de la Comisi\u00f3n Nacional de Derechos Humanos de M\u00e9xico (CNDH), Ra\u00fal Plascencia, seg\u00fan un comunicado de la Defensor\u00eda boliviana.<\/p>\n<p>Villena explic\u00f3 que los bolivianos que vivan en M\u00e9xico o se encuentren temporalmente en ese pa\u00eds \u00aby que sean sometidos a vulneraci\u00f3n de sus derechos\u00bb contar\u00e1n con la protecci\u00f3n del Defensor del Pueblo de Bolivia y de la CNDH, y lo mismo ocurrir\u00e1 en el caso de los mexicanos residentes en Bolivia o que visiten este pa\u00eds.<\/p>\n<p>\u00abCon este acuerdo, pretendemos hacer realidad los principios de nuestra pol\u00edtica institucional que se\u00f1ala que ninguna persona es ilegal, que la migraci\u00f3n es un derecho humano y que se debe globalizar el ejercicio pleno de los derechos humanos\u00bb, indic\u00f3.<\/p>\n<p>El acuerdo incluye el desarrollo de proyectos conjuntos \u00abque tengan por objetivo la protecci\u00f3n y promoci\u00f3n de los derechos humanos de las ciudadanas y ciudadanos migrantes, bolivianas y bolivianos en M\u00e9xico y de las mexicanas y mexicanos en Bolivia\u00bb, seg\u00fan la nota de la Defensor\u00eda.<\/p>\n<p>Tambi\u00e9n establece la colaboraci\u00f3n e intercambio de experiencias, informaci\u00f3n, cooperaci\u00f3n t\u00e9cnica e inform\u00e1tica entre ambas Defensor\u00edas y el respaldo a instituciones nacionales de promoci\u00f3n y protecci\u00f3n de los derechos en el mundo, entre otros aspectos.<\/p>\n<p>Adem\u00e1s, se crear\u00e1 una Comisi\u00f3n T\u00e9cnica encargada de coordinar el desarrollo de programas espec\u00edficos, vigilar el cumplimiento de los proyectos y evaluar sus resultados, entre otras tareas.<\/p>\n<p>Villena indic\u00f3 que buscar\u00e1 acercamientos similares con otras Defensor\u00edas del continente y de Espa\u00f1a, con el objetivo de lograr mejores formas de proteger los derechos de los migrantes a trav\u00e9s de la \u00abinstitucionalidad defensorial\u00bb.<\/p>\n","protected":false},"excerpt":{"rendered":"<p>La Paz, 5 feb (EFE).- Las Defensor\u00edas del Pueblo de Bolivia y M\u00e9xico acordaron impulsar acciones para la protecci\u00f3n mutua de emigrantes de ambos pa\u00edses, inform\u00f3 hoy el titular de esa oficina en el pa\u00eds andino, Rolando Villena. El funcionario se\u00f1al\u00f3 que esta decisi\u00f3n fue asumida en un convenio alcanzado con el presidente de la [&hellip;]<\/p>\n","protected":false},"author":1,"featured_media":484700,"comment_status":"closed","ping_status":"open","sticky":false,"template":"","format":"standard","meta":{"footnotes":""},"categories":[1],"tags":[],"class_list":["post-484699","post","type-post","status-publish","format-standard","has-post-thumbnail","hentry","category-actualidad"],"aioseo_notices":[],"aioseo_head":"\n\t\t<!-- All in One SEO Pro 5.0.1 - aioseo.com -->\n\t<meta name=\"description\" content=\"La Paz, 5 feb (EFE).- Las Defensor\u00edas del Pueblo de Bolivia y M\u00e9xico acordaron impulsar acciones para la protecci\u00f3n mutua de emigrantes de ambos pa\u00edses, inform\u00f3 hoy el titular de esa oficina en el pa\u00eds andino, Rolando Villena. El funcionario se\u00f1al\u00f3 que esta decisi\u00f3n fue asumida en un convenio alcanzado con el presidente de la\" \/>\n\t<meta name=\"robots\" content=\"max-image-preview:large\" \/>\n\t<meta name=\"author\" content=\"El Digital de Asturias\"\/>\n\t<meta name=\"google-site-verification\" content=\"UA-38556648-1\" \/>\n\t<meta name=\"msvalidate.01\" content=\"7dfe9f3f1b24437ab69f4f2559babe99\" \/>\n\t<meta name=\"keywords\" content=\"actualidad\" \/>\n\t<link rel=\"canonical\" href=\"https:\/\/www.eldigitaldeasturias.com\/noticias\/defensores-del-pueblo-de-bolivia-y-mexico-acuerdan-proteccion-de-emigrantes\/\" \/>\n\t<meta name=\"generator\" content=\"All in One SEO Pro (AIOSEO) 5.0.1\" \/>\n\t\t<meta property=\"og:locale\" content=\"es_ES\" \/>\n\t\t<meta property=\"og:site_name\" content=\"El Digital de Asturias\" \/>\n\t\t<meta property=\"og:type\" content=\"article\" \/>\n\t\t<meta property=\"og:title\" content=\"Defensores del Pueblo de Bolivia y M\u00e9xico acuerdan protecci\u00f3n de emigrantes - El Digital de Asturias\" \/>\n\t\t<meta property=\"og:description\" content=\"La Paz, 5 feb (EFE).- Las Defensor\u00edas del Pueblo de Bolivia y M\u00e9xico acordaron impulsar acciones para la protecci\u00f3n mutua de emigrantes de ambos pa\u00edses, inform\u00f3 hoy el titular de esa oficina en el pa\u00eds andino, Rolando Villena. El funcionario se\u00f1al\u00f3 que esta decisi\u00f3n fue asumida en un convenio alcanzado con el presidente de la\" \/>\n\t\t<meta property=\"og:url\" content=\"https:\/\/www.eldigitaldeasturias.com\/noticias\/defensores-del-pueblo-de-bolivia-y-mexico-acuerdan-proteccion-de-emigrantes\/\" \/>\n\t\t<meta property=\"article:tag\" content=\"actualidad\" \/>\n\t\t<meta property=\"article:published_time\" content=\"2014-02-06T03:18:01+00:00\" \/>\n\t\t<meta property=\"article:modified_time\" content=\"2014-02-06T03:18:01+00:00\" \/>\n\t\t<meta property=\"article:publisher\" content=\"https:\/\/facebook.com\/eldigitaldeasturias\" \/>\n\t\t<meta name=\"twitter:card\" content=\"summary_large_image\" \/>\n\t\t<meta name=\"twitter:title\" content=\"Defensores del Pueblo de Bolivia y M\u00e9xico acuerdan protecci\u00f3n de emigrantes - El Digital de Asturias\" \/>\n\t\t<meta name=\"twitter:description\" content=\"La Paz, 5 feb (EFE).- Las Defensor\u00edas del Pueblo de Bolivia y M\u00e9xico acordaron impulsar acciones para la protecci\u00f3n mutua de emigrantes de ambos pa\u00edses, inform\u00f3 hoy el titular de esa oficina en el pa\u00eds andino, Rolando Villena. El funcionario se\u00f1al\u00f3 que esta decisi\u00f3n fue asumida en un convenio alcanzado con el presidente de la\" \/>\n\t\t<meta name=\"twitter:label1\" content=\"Escrito por\" \/>\n\t\t<meta name=\"twitter:data1\" content=\"El Digital de Asturias\" \/>\n\t\t<meta name=\"twitter:label2\" content=\"Tiempo de lectura estimado\" \/>\n\t\t<meta name=\"twitter:data2\" content=\"2 minutos\" \/>\n\t\t<script type=\"application\/ld+json\" class=\"aioseo-schema\">\n\t\t\t{\"@context\":\"https:\\\/\\\/schema.org\",\"@graph\":[{\"@type\":\"BlogPosting\",\"@id\":\"https:\\\/\\\/www.eldigitaldeasturias.com\\\/noticias\\\/defensores-del-pueblo-de-bolivia-y-mexico-acuerdan-proteccion-de-emigrantes\\\/#blogposting\",\"name\":\"Defensores del Pueblo de Bolivia y M\\u00e9xico acuerdan protecci\\u00f3n de emigrantes - El Digital de Asturias\",\"headline\":\"Defensores del Pueblo de Bolivia y M\\u00e9xico acuerdan protecci\\u00f3n de emigrantes\",\"author\":{\"@id\":\"https:\\\/\\\/www.eldigitaldeasturias.com\\\/noticias\\\/author\\\/admin\\\/#author\"},\"publisher\":{\"@id\":\"https:\\\/\\\/www.eldigitaldeasturias.com\\\/noticias\\\/#organization\"},\"image\":{\"@type\":\"ImageObject\",\"url\":484700},\"datePublished\":\"2014-02-06T02:18:01+01:00\",\"dateModified\":\"2014-02-06T02:18:01+01:00\",\"inLanguage\":\"es-ES\",\"mainEntityOfPage\":{\"@id\":\"https:\\\/\\\/www.eldigitaldeasturias.com\\\/noticias\\\/defensores-del-pueblo-de-bolivia-y-mexico-acuerdan-proteccion-de-emigrantes\\\/#webpage\"},\"isPartOf\":{\"@id\":\"https:\\\/\\\/www.eldigitaldeasturias.com\\\/noticias\\\/defensores-del-pueblo-de-bolivia-y-mexico-acuerdan-proteccion-de-emigrantes\\\/#webpage\"},\"articleSection\":\"Actualidad\"},{\"@type\":\"BreadcrumbList\",\"@id\":\"https:\\\/\\\/www.eldigitaldeasturias.com\\\/noticias\\\/defensores-del-pueblo-de-bolivia-y-mexico-acuerdan-proteccion-de-emigrantes\\\/#breadcrumblist\",\"itemListElement\":[{\"@type\":\"ListItem\",\"@id\":\"https:\\\/\\\/www.eldigitaldeasturias.com\\\/noticias#listItem\",\"position\":1,\"name\":\"Home\",\"item\":\"https:\\\/\\\/www.eldigitaldeasturias.com\\\/noticias\",\"nextItem\":{\"@type\":\"ListItem\",\"@id\":\"https:\\\/\\\/www.eldigitaldeasturias.com\\\/noticias\\\/category\\\/actualidad\\\/#listItem\",\"name\":\"Actualidad\"}},{\"@type\":\"ListItem\",\"@id\":\"https:\\\/\\\/www.eldigitaldeasturias.com\\\/noticias\\\/category\\\/actualidad\\\/#listItem\",\"position\":2,\"name\":\"Actualidad\",\"item\":\"https:\\\/\\\/www.eldigitaldeasturias.com\\\/noticias\\\/category\\\/actualidad\\\/\",\"nextItem\":{\"@type\":\"ListItem\",\"@id\":\"https:\\\/\\\/www.eldigitaldeasturias.com\\\/noticias\\\/defensores-del-pueblo-de-bolivia-y-mexico-acuerdan-proteccion-de-emigrantes\\\/#listItem\",\"name\":\"Defensores del Pueblo de Bolivia y M\\u00e9xico acuerdan protecci\\u00f3n de emigrantes\"},\"previousItem\":{\"@type\":\"ListItem\",\"@id\":\"https:\\\/\\\/www.eldigitaldeasturias.com\\\/noticias#listItem\",\"name\":\"Home\"}},{\"@type\":\"ListItem\",\"@id\":\"https:\\\/\\\/www.eldigitaldeasturias.com\\\/noticias\\\/defensores-del-pueblo-de-bolivia-y-mexico-acuerdan-proteccion-de-emigrantes\\\/#listItem\",\"position\":3,\"name\":\"Defensores del Pueblo de Bolivia y M\\u00e9xico acuerdan protecci\\u00f3n de emigrantes\",\"previousItem\":{\"@type\":\"ListItem\",\"@id\":\"https:\\\/\\\/www.eldigitaldeasturias.com\\\/noticias\\\/category\\\/actualidad\\\/#listItem\",\"name\":\"Actualidad\"}}]},{\"@type\":\"Organization\",\"@id\":\"https:\\\/\\\/www.eldigitaldeasturias.com\\\/noticias\\\/#organization\",\"name\":\"El Digital de Asturias\",\"description\":\"Hemeroteca\",\"url\":\"https:\\\/\\\/www.eldigitaldeasturias.com\\\/noticias\\\/\",\"email\":\"info@eldigitaldeasturias.com\",\"telephone\":\"+34652131393\",\"logo\":{\"@type\":\"ImageObject\",\"url\":\"https:\\\/\\\/www.eldigitaldeasturias.com\\\/noticias\\\/wp-content\\\/uploads\\\/2020\\\/12\\\/EDA.jpg\",\"@id\":\"https:\\\/\\\/www.eldigitaldeasturias.com\\\/noticias\\\/defensores-del-pueblo-de-bolivia-y-mexico-acuerdan-proteccion-de-emigrantes\\\/#organizationLogo\"},\"image\":{\"@id\":\"https:\\\/\\\/www.eldigitaldeasturias.com\\\/noticias\\\/defensores-del-pueblo-de-bolivia-y-mexico-acuerdan-proteccion-de-emigrantes\\\/#organizationLogo\"},\"sameAs\":[\"https:\\\/\\\/facebook.com\\\/eldigitaldeasturias\",\"https:\\\/\\\/www.youtube.com\\\/channel\\\/UCZP-2wLEB9Rv6erhFmqVnvg\"],\"address\":{\"@id\":\"https:\\\/\\\/www.eldigitaldeasturias.com\\\/noticias\\\/#postaladdress\",\"@type\":\"PostalAddress\",\"streetAddress\":\"san antonio 4\",\"postalCode\":\"33430\",\"addressLocality\":\"Cand\\u00e1s\",\"addressRegion\":\"Asturias\",\"addressCountry\":\"ES\"}},{\"@type\":\"Person\",\"@id\":\"https:\\\/\\\/www.eldigitaldeasturias.com\\\/noticias\\\/author\\\/admin\\\/#author\",\"url\":\"https:\\\/\\\/www.eldigitaldeasturias.com\\\/noticias\\\/author\\\/admin\\\/\",\"name\":\"El Digital de Asturias\",\"image\":{\"@type\":\"ImageObject\",\"@id\":\"https:\\\/\\\/www.eldigitaldeasturias.com\\\/noticias\\\/defensores-del-pueblo-de-bolivia-y-mexico-acuerdan-proteccion-de-emigrantes\\\/#authorImage\",\"url\":\"https:\\\/\\\/secure.gravatar.com\\\/avatar\\\/df2aeffc32bcd13f8d26072ef8a91b623d677766deac7f97ca815868cd41bf5e?s=96&d=mm&r=g\",\"width\":96,\"height\":96,\"caption\":\"El Digital de Asturias\"}},{\"@type\":\"WebPage\",\"@id\":\"https:\\\/\\\/www.eldigitaldeasturias.com\\\/noticias\\\/defensores-del-pueblo-de-bolivia-y-mexico-acuerdan-proteccion-de-emigrantes\\\/#webpage\",\"url\":\"https:\\\/\\\/www.eldigitaldeasturias.com\\\/noticias\\\/defensores-del-pueblo-de-bolivia-y-mexico-acuerdan-proteccion-de-emigrantes\\\/\",\"name\":\"Defensores del Pueblo de Bolivia y M\\u00e9xico acuerdan protecci\\u00f3n de emigrantes - El Digital de Asturias\",\"description\":\"La Paz, 5 feb (EFE).- Las Defensor\\u00edas del Pueblo de Bolivia y M\\u00e9xico acordaron impulsar acciones para la protecci\\u00f3n mutua de emigrantes de ambos pa\\u00edses, inform\\u00f3 hoy el titular de esa oficina en el pa\\u00eds andino, Rolando Villena. El funcionario se\\u00f1al\\u00f3 que esta decisi\\u00f3n fue asumida en un convenio alcanzado con el presidente de la\",\"inLanguage\":\"es-ES\",\"isPartOf\":{\"@id\":\"https:\\\/\\\/www.eldigitaldeasturias.com\\\/noticias\\\/#website\"},\"breadcrumb\":{\"@id\":\"https:\\\/\\\/www.eldigitaldeasturias.com\\\/noticias\\\/defensores-del-pueblo-de-bolivia-y-mexico-acuerdan-proteccion-de-emigrantes\\\/#breadcrumblist\"},\"author\":{\"@id\":\"https:\\\/\\\/www.eldigitaldeasturias.com\\\/noticias\\\/author\\\/admin\\\/#author\"},\"creator\":{\"@id\":\"https:\\\/\\\/www.eldigitaldeasturias.com\\\/noticias\\\/author\\\/admin\\\/#author\"},\"image\":{\"@type\":\"ImageObject\",\"url\":484700,\"@id\":\"https:\\\/\\\/www.eldigitaldeasturias.com\\\/noticias\\\/defensores-del-pueblo-de-bolivia-y-mexico-acuerdan-proteccion-de-emigrantes\\\/#mainImage\"},\"primaryImageOfPage\":{\"@id\":\"https:\\\/\\\/www.eldigitaldeasturias.com\\\/noticias\\\/defensores-del-pueblo-de-bolivia-y-mexico-acuerdan-proteccion-de-emigrantes\\\/#mainImage\"},\"datePublished\":\"2014-02-06T02:18:01+01:00\",\"dateModified\":\"2014-02-06T02:18:01+01:00\"},{\"@type\":\"WebSite\",\"@id\":\"https:\\\/\\\/www.eldigitaldeasturias.com\\\/noticias\\\/#website\",\"url\":\"https:\\\/\\\/www.eldigitaldeasturias.com\\\/noticias\\\/\",\"name\":\"El Digital de Asturias - Diario de actualidad y noticias\",\"alternateName\":\"El Digital de Asturias - Diario de actualidad y noticias\",\"description\":\"Hemeroteca\",\"inLanguage\":\"es-ES\",\"publisher\":{\"@id\":\"https:\\\/\\\/www.eldigitaldeasturias.com\\\/noticias\\\/#organization\"}}]}\n\t\t<\/script>\n\t\t<!-- All in One SEO Pro -->\r\n\t\t<title>Defensores del Pueblo de Bolivia y M\u00e9xico acuerdan protecci\u00f3n de emigrantes - El Digital de Asturias<\/title>\n\n","aioseo_head_json":{"title":"Defensores del Pueblo de Bolivia y M\u00e9xico acuerdan protecci\u00f3n de emigrantes - El Digital de Asturias","description":"La Paz, 5 feb (EFE).- Las Defensor\u00edas del Pueblo de Bolivia y M\u00e9xico acordaron impulsar acciones para la protecci\u00f3n mutua de emigrantes de ambos pa\u00edses, inform\u00f3 hoy el titular de esa oficina en el pa\u00eds andino, Rolando Villena. El funcionario se\u00f1al\u00f3 que esta decisi\u00f3n fue asumida en un convenio alcanzado con el presidente de la","canonical_url":"https:\/\/www.eldigitaldeasturias.com\/noticias\/defensores-del-pueblo-de-bolivia-y-mexico-acuerdan-proteccion-de-emigrantes\/","robots":"max-image-preview:large","keywords":"actualidad","webmasterTools":{"google-site-verification":"UA-38556648-1","msvalidate.01":"7dfe9f3f1b24437ab69f4f2559babe99","miscellaneous":""},"schema":{"@context":"https:\/\/schema.org","@graph":[{"@type":"BlogPosting","@id":"https:\/\/www.eldigitaldeasturias.com\/noticias\/defensores-del-pueblo-de-bolivia-y-mexico-acuerdan-proteccion-de-emigrantes\/#blogposting","name":"Defensores del Pueblo de Bolivia y M\u00e9xico acuerdan protecci\u00f3n de emigrantes - El Digital de Asturias","headline":"Defensores del Pueblo de Bolivia y M\u00e9xico acuerdan protecci\u00f3n de emigrantes","author":{"@id":"https:\/\/www.eldigitaldeasturias.com\/noticias\/author\/admin\/#author"},"publisher":{"@id":"https:\/\/www.eldigitaldeasturias.com\/noticias\/#organization"},"image":{"@type":"ImageObject","url":484700},"datePublished":"2014-02-06T02:18:01+01:00","dateModified":"2014-02-06T02:18:01+01:00","inLanguage":"es-ES","mainEntityOfPage":{"@id":"https:\/\/www.eldigitaldeasturias.com\/noticias\/defensores-del-pueblo-de-bolivia-y-mexico-acuerdan-proteccion-de-emigrantes\/#webpage"},"isPartOf":{"@id":"https:\/\/www.eldigitaldeasturias.com\/noticias\/defensores-del-pueblo-de-bolivia-y-mexico-acuerdan-proteccion-de-emigrantes\/#webpage"},"articleSection":"Actualidad"},{"@type":"BreadcrumbList","@id":"https:\/\/www.eldigitaldeasturias.com\/noticias\/defensores-del-pueblo-de-bolivia-y-mexico-acuerdan-proteccion-de-emigrantes\/#breadcrumblist","itemListElement":[{"@type":"ListItem","@id":"https:\/\/www.eldigitaldeasturias.com\/noticias#listItem","position":1,"name":"Home","item":"https:\/\/www.eldigitaldeasturias.com\/noticias","nextItem":{"@type":"ListItem","@id":"https:\/\/www.eldigitaldeasturias.com\/noticias\/category\/actualidad\/#listItem","name":"Actualidad"}},{"@type":"ListItem","@id":"https:\/\/www.eldigitaldeasturias.com\/noticias\/category\/actualidad\/#listItem","position":2,"name":"Actualidad","item":"https:\/\/www.eldigitaldeasturias.com\/noticias\/category\/actualidad\/","nextItem":{"@type":"ListItem","@id":"https:\/\/www.eldigitaldeasturias.com\/noticias\/defensores-del-pueblo-de-bolivia-y-mexico-acuerdan-proteccion-de-emigrantes\/#listItem","name":"Defensores del Pueblo de Bolivia y M\u00e9xico acuerdan protecci\u00f3n de emigrantes"},"previousItem":{"@type":"ListItem","@id":"https:\/\/www.eldigitaldeasturias.com\/noticias#listItem","name":"Home"}},{"@type":"ListItem","@id":"https:\/\/www.eldigitaldeasturias.com\/noticias\/defensores-del-pueblo-de-bolivia-y-mexico-acuerdan-proteccion-de-emigrantes\/#listItem","position":3,"name":"Defensores del Pueblo de Bolivia y M\u00e9xico acuerdan protecci\u00f3n de emigrantes","previousItem":{"@type":"ListItem","@id":"https:\/\/www.eldigitaldeasturias.com\/noticias\/category\/actualidad\/#listItem","name":"Actualidad"}}]},{"@type":"Organization","@id":"https:\/\/www.eldigitaldeasturias.com\/noticias\/#organization","name":"El Digital de Asturias","description":"Hemeroteca","url":"https:\/\/www.eldigitaldeasturias.com\/noticias\/","email":"info@eldigitaldeasturias.com","telephone":"+34652131393","logo":{"@type":"ImageObject","url":"https:\/\/www.eldigitaldeasturias.com\/noticias\/wp-content\/uploads\/2020\/12\/EDA.jpg","@id":"https:\/\/www.eldigitaldeasturias.com\/noticias\/defensores-del-pueblo-de-bolivia-y-mexico-acuerdan-proteccion-de-emigrantes\/#organizationLogo"},"image":{"@id":"https:\/\/www.eldigitaldeasturias.com\/noticias\/defensores-del-pueblo-de-bolivia-y-mexico-acuerdan-proteccion-de-emigrantes\/#organizationLogo"},"sameAs":["https:\/\/facebook.com\/eldigitaldeasturias","https:\/\/www.youtube.com\/channel\/UCZP-2wLEB9Rv6erhFmqVnvg"],"address":{"@id":"https:\/\/www.eldigitaldeasturias.com\/noticias\/#postaladdress","@type":"PostalAddress","streetAddress":"san antonio 4","postalCode":"33430","addressLocality":"Cand\u00e1s","addressRegion":"Asturias","addressCountry":"ES"}},{"@type":"Person","@id":"https:\/\/www.eldigitaldeasturias.com\/noticias\/author\/admin\/#author","url":"https:\/\/www.eldigitaldeasturias.com\/noticias\/author\/admin\/","name":"El Digital de Asturias","image":{"@type":"ImageObject","@id":"https:\/\/www.eldigitaldeasturias.com\/noticias\/defensores-del-pueblo-de-bolivia-y-mexico-acuerdan-proteccion-de-emigrantes\/#authorImage","url":"https:\/\/secure.gravatar.com\/avatar\/df2aeffc32bcd13f8d26072ef8a91b623d677766deac7f97ca815868cd41bf5e?s=96&d=mm&r=g","width":96,"height":96,"caption":"El Digital de Asturias"}},{"@type":"WebPage","@id":"https:\/\/www.eldigitaldeasturias.com\/noticias\/defensores-del-pueblo-de-bolivia-y-mexico-acuerdan-proteccion-de-emigrantes\/#webpage","url":"https:\/\/www.eldigitaldeasturias.com\/noticias\/defensores-del-pueblo-de-bolivia-y-mexico-acuerdan-proteccion-de-emigrantes\/","name":"Defensores del Pueblo de Bolivia y M\u00e9xico acuerdan protecci\u00f3n de emigrantes - El Digital de Asturias","description":"La Paz, 5 feb (EFE).- Las Defensor\u00edas del Pueblo de Bolivia y M\u00e9xico acordaron impulsar acciones para la protecci\u00f3n mutua de emigrantes de ambos pa\u00edses, inform\u00f3 hoy el titular de esa oficina en el pa\u00eds andino, Rolando Villena. El funcionario se\u00f1al\u00f3 que esta decisi\u00f3n fue asumida en un convenio alcanzado con el presidente de la","inLanguage":"es-ES","isPartOf":{"@id":"https:\/\/www.eldigitaldeasturias.com\/noticias\/#website"},"breadcrumb":{"@id":"https:\/\/www.eldigitaldeasturias.com\/noticias\/defensores-del-pueblo-de-bolivia-y-mexico-acuerdan-proteccion-de-emigrantes\/#breadcrumblist"},"author":{"@id":"https:\/\/www.eldigitaldeasturias.com\/noticias\/author\/admin\/#author"},"creator":{"@id":"https:\/\/www.eldigitaldeasturias.com\/noticias\/author\/admin\/#author"},"image":{"@type":"ImageObject","url":484700,"@id":"https:\/\/www.eldigitaldeasturias.com\/noticias\/defensores-del-pueblo-de-bolivia-y-mexico-acuerdan-proteccion-de-emigrantes\/#mainImage"},"primaryImageOfPage":{"@id":"https:\/\/www.eldigitaldeasturias.com\/noticias\/defensores-del-pueblo-de-bolivia-y-mexico-acuerdan-proteccion-de-emigrantes\/#mainImage"},"datePublished":"2014-02-06T02:18:01+01:00","dateModified":"2014-02-06T02:18:01+01:00"},{"@type":"WebSite","@id":"https:\/\/www.eldigitaldeasturias.com\/noticias\/#website","url":"https:\/\/www.eldigitaldeasturias.com\/noticias\/","name":"El Digital de Asturias - Diario de actualidad y noticias","alternateName":"El Digital de Asturias - Diario de actualidad y noticias","description":"Hemeroteca","inLanguage":"es-ES","publisher":{"@id":"https:\/\/www.eldigitaldeasturias.com\/noticias\/#organization"}}]},"og:locale":"es_ES","og:site_name":"El Digital de Asturias","og:type":"article","og:title":"Defensores del Pueblo de Bolivia y M\u00e9xico acuerdan protecci\u00f3n de emigrantes - El Digital de Asturias","og:description":"La Paz, 5 feb (EFE).- Las Defensor\u00edas del Pueblo de Bolivia y M\u00e9xico acordaron impulsar acciones para la protecci\u00f3n mutua de emigrantes de ambos pa\u00edses, inform\u00f3 hoy el titular de esa oficina en el pa\u00eds andino, Rolando Villena. El funcionario se\u00f1al\u00f3 que esta decisi\u00f3n fue asumida en un convenio alcanzado con el presidente de la","og:url":"https:\/\/www.eldigitaldeasturias.com\/noticias\/defensores-del-pueblo-de-bolivia-y-mexico-acuerdan-proteccion-de-emigrantes\/","article:tag":["actualidad"],"article:published_time":"2014-02-06T03:18:01+00:00","article:modified_time":"2014-02-06T03:18:01+00:00","article:publisher":"https:\/\/facebook.com\/eldigitaldeasturias","twitter:card":"summary_large_image","twitter:title":"Defensores del Pueblo de Bolivia y M\u00e9xico acuerdan protecci\u00f3n de emigrantes - El Digital de Asturias","twitter:description":"La Paz, 5 feb (EFE).- Las Defensor\u00edas del Pueblo de Bolivia y M\u00e9xico acordaron impulsar acciones para la protecci\u00f3n mutua de emigrantes de ambos pa\u00edses, inform\u00f3 hoy el titular de esa oficina en el pa\u00eds andino, Rolando Villena. El funcionario se\u00f1al\u00f3 que esta decisi\u00f3n fue asumida en un convenio alcanzado con el presidente de la","twitter:label1":"Escrito por","twitter:data1":"El Digital de Asturias","twitter:label2":"Tiempo de lectura estimado","twitter:data2":"2 minutos"},"aioseo_meta_data":{"post_id":"484699","title":null,"description":null,"keywords":null,"keyphrases":null,"primary_term":null,"canonical_url":null,"og_title":null,"og_description":null,"og_object_type":"default","og_image_type":"default","og_image_url":null,"og_image_width":null,"og_image_height":null,"og_image_custom_url":null,"og_image_custom_fields":null,"og_video":null,"og_custom_url":null,"og_article_section":null,"og_article_tags":null,"twitter_use_og":true,"twitter_card":"default","twitter_image_type":"default","twitter_image_url":null,"twitter_image_custom_url":null,"twitter_image_custom_fields":null,"twitter_title":null,"twitter_description":null,"schema":{"blockGraphs":[],"customGraphs":[],"default":{"data":{"Article":[],"Course":[],"Dataset":[],"FAQPage":[],"Movie":[],"Person":[],"Product":[],"ProductReview":[],"Car":[],"Recipe":[],"Service":[],"SoftwareApplication":[],"WebPage":[]},"graphName":"","isEnabled":true},"graphs":[],"defaultGraph":"","defaultPostTypeGraph":""},"schema_type":null,"schema_type_options":null,"pillar_content":false,"robots_default":true,"robots_noindex":false,"robots_noarchive":false,"robots_nosnippet":false,"robots_nofollow":false,"robots_noimageindex":false,"robots_noodp":false,"robots_notranslate":false,"robots_max_snippet":null,"robots_max_videopreview":null,"robots_max_imagepreview":"none","priority":null,"frequency":null,"local_seo":null,"seo_analyzer_scan_date":"2026-06-02 16:46:42","breadcrumb_settings":null,"limit_modified_date":false,"open_ai":null,"ai":null,"created":"2020-11-14 22:55:06","updated":"2026-06-02 16:46:42","focus_keyword":null,"additional_keywords":null,"truseo_locale":null},"aioseo_breadcrumb":"<div class=\"aioseo-breadcrumbs\"><span class=\"aioseo-breadcrumb\">\n\t<a href=\"https:\/\/www.eldigitaldeasturias.com\/noticias\" title=\"Home\">Home<\/a>\n<\/span><span class=\"aioseo-breadcrumb-separator\">\u2013<\/span><span class=\"aioseo-breadcrumb\">\n\t<a href=\"https:\/\/www.eldigitaldeasturias.com\/noticias\/category\/actualidad\/\" title=\"Actualidad\">Actualidad<\/a>\n<\/span><span class=\"aioseo-breadcrumb-separator\">\u2013<\/span><span class=\"aioseo-breadcrumb\">\n\t<a href=\"https:\/\/www.eldigitaldeasturias.com\/noticias\/defensores-del-pueblo-de-bolivia-y-mexico-acuerdan-proteccion-de-emigrantes\/\" title=\"Defensores del Pueblo de Bolivia y M\u00e9xico acuerdan protecci\u00f3n de emigrantes\">Defensores del Pueblo de Bolivia y M\u00e9xico acuerdan protecci\u00f3n de emigrantes<\/a>\n<\/span><\/div>","aioseo_breadcrumb_json":[{"label":"Home","link":"https:\/\/www.eldigitaldeasturias.com\/noticias"},{"label":"Actualidad","link":"https:\/\/www.eldigitaldeasturias.com\/noticias\/category\/actualidad\/"},{"label":"Defensores del Pueblo de Bolivia y M\u00e9xico acuerdan protecci\u00f3n de emigrantes","link":"https:\/\/www.eldigitaldeasturias.com\/noticias\/defensores-del-pueblo-de-bolivia-y-mexico-acuerdan-proteccion-de-emigrantes\/"}],"_links":{"self":[{"href":"https:\/\/www.eldigitaldeasturias.com\/noticias\/wp-json\/wp\/v2\/posts\/484699","targetHints":{"allow":["GET"]}}],"collection":[{"href":"https:\/\/www.eldigitaldeasturias.com\/noticias\/wp-json\/wp\/v2\/posts"}],"about":[{"href":"https:\/\/www.eldigitaldeasturias.com\/noticias\/wp-json\/wp\/v2\/types\/post"}],"author":[{"embeddable":true,"href":"https:\/\/www.eldigitaldeasturias.com\/noticias\/wp-json\/wp\/v2\/users\/1"}],"replies":[{"embeddable":true,"href":"https:\/\/www.eldigitaldeasturias.com\/noticias\/wp-json\/wp\/v2\/comments?post=484699"}],"version-history":[{"count":0,"href":"https:\/\/www.eldigitaldeasturias.com\/noticias\/wp-json\/wp\/v2\/posts\/484699\/revisions"}],"wp:attachment":[{"href":"https:\/\/www.eldigitaldeasturias.com\/noticias\/wp-json\/wp\/v2\/media?parent=484699"}],"wp:term":[{"taxonomy":"category","embeddable":true,"href":"https:\/\/www.eldigitaldeasturias.com\/noticias\/wp-json\/wp\/v2\/categories?post=484699"},{"taxonomy":"post_tag","embeddable":true,"href":"https:\/\/www.eldigitaldeasturias.com\/noticias\/wp-json\/wp\/v2\/tags?post=484699"}],"curies":[{"name":"wp","href":"https:\/\/api.w.org\/{rel}","templated":true}]}}