{"id":484684,"date":"2014-02-06T02:12:04","date_gmt":"2014-02-06T03:12:04","guid":{"rendered":"http:\/\/www.eldigitaldeasturias.com\/noticias\/?p=484684"},"modified":"2014-02-06T02:12:04","modified_gmt":"2014-02-06T03:12:04","slug":"dubljevic-cree-que-pleiss-es-el-mas-peligroso-de-laboral-kutxa","status":"publish","type":"post","link":"https:\/\/www.eldigitaldeasturias.com\/noticias\/dubljevic-cree-que-pleiss-es-el-mas-peligroso-de-laboral-kutxa\/","title":{"rendered":"Dubljevic cree que \u00abPleiss es el m\u00e1s peligroso de Laboral Kutxa\u00bb"},"content":{"rendered":"<p><img loading=\"lazy\" decoding=\"async\" class=\"alignleft size-medium wp-image-484685\" alt=\"5911606w\" src=\"https:\/\/www.eldigitaldeasturias.com\/noticias\/wp-content\/uploads\/2014\/02\/5911606w-360x277.jpg\" width=\"360\" height=\"277\" \/>Valencia, 5 feb (EFE).- Bojan Dubljevic, p\u00edvot del Valencia Basket, asegur\u00f3 hoy a Efe que en el partido de cuartos de final de la Copa del Rey, que su equipo disputa el viernes ante el Laboral Kutxa, deben tener especial cuidado con el p\u00edvot alem\u00e1n Tibor Pleiss, que cree que es la pieza clave del equipo vasco junto a Andr\u00e9s Nocioni.<\/p>\n<p>\u00abEl jugador m\u00e1s peligroso del Laboral Kutxa ahora mismo es Tibor Pleiss. Tenemos que defenderle muy bien, a \u00e9l y tambi\u00e9n a Nocioni\u00bb, explic\u00f3.<\/p>\n<p>El jugador montenegrino destac\u00f3 que el Baskonia \u00abes un equipo muy serio\u00bb y augur\u00f3 que ser\u00e1 \u00abduro\u00bb ganarle. Adem\u00e1s, cree que si lo hacen se medir\u00e1n en semifinales al FC Barcelona, al que ve como favorito en su encuentro de cuartos de final ante el Iberostar Tenerife.<\/p>\n<p>\u00abEs un torneo con grandes partidos. Nos estamos preparando para el primer partido contra el Laboral Kutxa, y si pasamos nos enfrentaremos al FC Barcelona\u00bb, apunt\u00f3.<\/p>\n<p>Dubljevic es uno de los jugadores que aparece en la encuesta oficial a los entrenadores de la Liga Endesa que no participan en la Copa como posible mejor jugador del torneo. Lo propuso Sito Alonso, el t\u00e9cnico del Gipuzcoa Basket, algo que el jugador del equipo valenciano agradeci\u00f3.<\/p>\n<p>\u00abEs una muestra de confianza. Hago mi trabajo, pero para m\u00ed es m\u00e1s importante que el equipo gane su partido y juegue bien. Si lo hace, yo habr\u00e9 jugado bien\u00bb, se\u00f1al\u00f3.<\/p>\n<p>El p\u00edvot balc\u00e1nico se mostr\u00f3 \u00abmuy emocionado\u00bb por volver a jugar una competici\u00f3n en la que debut\u00f3 la temporada pasada en la edici\u00f3n disputada en Vitoria y que le cautiv\u00f3.<\/p>\n<p>\u00abEl ambiente de la Copa es muy especial. El a\u00f1o pasado la jugu\u00e9 por primera vez y es incre\u00edble. No hab\u00eda visto algo as\u00ed en mi vida, con ese ambiente y todas las aficiones animando. Estoy deseando empezar\u00bb, concluy\u00f3.<\/p>\n","protected":false},"excerpt":{"rendered":"<p>Valencia, 5 feb (EFE).- Bojan Dubljevic, p\u00edvot del Valencia Basket, asegur\u00f3 hoy a Efe que en el partido de cuartos de final de la Copa del Rey, que su equipo disputa el viernes ante el Laboral Kutxa, deben tener especial cuidado con el p\u00edvot alem\u00e1n Tibor Pleiss, que cree que es la pieza clave del [&hellip;]<\/p>\n","protected":false},"author":1,"featured_media":484685,"comment_status":"closed","ping_status":"open","sticky":false,"template":"","format":"standard","meta":{"footnotes":""},"categories":[1],"tags":[],"class_list":["post-484684","post","type-post","status-publish","format-standard","has-post-thumbnail","hentry","category-actualidad"],"aioseo_notices":[],"aioseo_head":"\n\t\t<!-- All in One SEO Pro 5.0.1 - aioseo.com -->\n\t<meta name=\"description\" content=\"Valencia, 5 feb (EFE).- Bojan Dubljevic, p\u00edvot del Valencia Basket, asegur\u00f3 hoy a Efe que en el partido de cuartos de final de la Copa del Rey, que su equipo disputa el viernes ante el Laboral Kutxa, deben tener especial cuidado con el p\u00edvot alem\u00e1n Tibor Pleiss, que cree que es la pieza clave del\" \/>\n\t<meta name=\"robots\" content=\"max-image-preview:large\" \/>\n\t<meta name=\"author\" content=\"El Digital de Asturias\"\/>\n\t<meta name=\"google-site-verification\" content=\"UA-38556648-1\" \/>\n\t<meta name=\"msvalidate.01\" content=\"7dfe9f3f1b24437ab69f4f2559babe99\" \/>\n\t<meta name=\"keywords\" content=\"actualidad\" \/>\n\t<link rel=\"canonical\" href=\"https:\/\/www.eldigitaldeasturias.com\/noticias\/dubljevic-cree-que-pleiss-es-el-mas-peligroso-de-laboral-kutxa\/\" \/>\n\t<meta name=\"generator\" content=\"All in One SEO Pro (AIOSEO) 5.0.1\" \/>\n\t\t<meta property=\"og:locale\" content=\"es_ES\" \/>\n\t\t<meta property=\"og:site_name\" content=\"El Digital de Asturias\" \/>\n\t\t<meta property=\"og:type\" content=\"article\" \/>\n\t\t<meta property=\"og:title\" content=\"Dubljevic cree que \u00abPleiss es el m\u00e1s peligroso de Laboral Kutxa\u00bb - El Digital de Asturias\" \/>\n\t\t<meta property=\"og:description\" content=\"Valencia, 5 feb (EFE).- Bojan Dubljevic, p\u00edvot del Valencia Basket, asegur\u00f3 hoy a Efe que en el partido de cuartos de final de la Copa del Rey, que su equipo disputa el viernes ante el Laboral Kutxa, deben tener especial cuidado con el p\u00edvot alem\u00e1n Tibor Pleiss, que cree que es la pieza clave del\" \/>\n\t\t<meta property=\"og:url\" content=\"https:\/\/www.eldigitaldeasturias.com\/noticias\/dubljevic-cree-que-pleiss-es-el-mas-peligroso-de-laboral-kutxa\/\" \/>\n\t\t<meta property=\"article:tag\" content=\"actualidad\" \/>\n\t\t<meta property=\"article:published_time\" content=\"2014-02-06T03:12:04+00:00\" \/>\n\t\t<meta property=\"article:modified_time\" content=\"2014-02-06T03:12:04+00:00\" \/>\n\t\t<meta property=\"article:publisher\" content=\"https:\/\/facebook.com\/eldigitaldeasturias\" \/>\n\t\t<meta name=\"twitter:card\" content=\"summary_large_image\" \/>\n\t\t<meta name=\"twitter:title\" content=\"Dubljevic cree que \u00abPleiss es el m\u00e1s peligroso de Laboral Kutxa\u00bb - El Digital de Asturias\" \/>\n\t\t<meta name=\"twitter:description\" content=\"Valencia, 5 feb (EFE).- Bojan Dubljevic, p\u00edvot del Valencia Basket, asegur\u00f3 hoy a Efe que en el partido de cuartos de final de la Copa del Rey, que su equipo disputa el viernes ante el Laboral Kutxa, deben tener especial cuidado con el p\u00edvot alem\u00e1n Tibor Pleiss, que cree que es la pieza clave del\" \/>\n\t\t<meta name=\"twitter:label1\" content=\"Escrito por\" \/>\n\t\t<meta name=\"twitter:data1\" content=\"El Digital de Asturias\" \/>\n\t\t<meta name=\"twitter:label2\" content=\"Tiempo de lectura estimado\" \/>\n\t\t<meta name=\"twitter:data2\" content=\"2 minutos\" \/>\n\t\t<script type=\"application\/ld+json\" class=\"aioseo-schema\">\n\t\t\t{\"@context\":\"https:\\\/\\\/schema.org\",\"@graph\":[{\"@type\":\"BlogPosting\",\"@id\":\"https:\\\/\\\/www.eldigitaldeasturias.com\\\/noticias\\\/dubljevic-cree-que-pleiss-es-el-mas-peligroso-de-laboral-kutxa\\\/#blogposting\",\"name\":\"Dubljevic cree que \\u00abPleiss es el m\\u00e1s peligroso de Laboral Kutxa\\u00bb - El Digital de Asturias\",\"headline\":\"Dubljevic cree que \\u00abPleiss es el m\\u00e1s peligroso de Laboral Kutxa\\u00bb\",\"author\":{\"@id\":\"https:\\\/\\\/www.eldigitaldeasturias.com\\\/noticias\\\/author\\\/admin\\\/#author\"},\"publisher\":{\"@id\":\"https:\\\/\\\/www.eldigitaldeasturias.com\\\/noticias\\\/#organization\"},\"image\":{\"@type\":\"ImageObject\",\"url\":484685},\"datePublished\":\"2014-02-06T02:12:04+01:00\",\"dateModified\":\"2014-02-06T02:12:04+01:00\",\"inLanguage\":\"es-ES\",\"mainEntityOfPage\":{\"@id\":\"https:\\\/\\\/www.eldigitaldeasturias.com\\\/noticias\\\/dubljevic-cree-que-pleiss-es-el-mas-peligroso-de-laboral-kutxa\\\/#webpage\"},\"isPartOf\":{\"@id\":\"https:\\\/\\\/www.eldigitaldeasturias.com\\\/noticias\\\/dubljevic-cree-que-pleiss-es-el-mas-peligroso-de-laboral-kutxa\\\/#webpage\"},\"articleSection\":\"Actualidad\"},{\"@type\":\"BreadcrumbList\",\"@id\":\"https:\\\/\\\/www.eldigitaldeasturias.com\\\/noticias\\\/dubljevic-cree-que-pleiss-es-el-mas-peligroso-de-laboral-kutxa\\\/#breadcrumblist\",\"itemListElement\":[{\"@type\":\"ListItem\",\"@id\":\"https:\\\/\\\/www.eldigitaldeasturias.com\\\/noticias#listItem\",\"position\":1,\"name\":\"Home\",\"item\":\"https:\\\/\\\/www.eldigitaldeasturias.com\\\/noticias\",\"nextItem\":{\"@type\":\"ListItem\",\"@id\":\"https:\\\/\\\/www.eldigitaldeasturias.com\\\/noticias\\\/category\\\/actualidad\\\/#listItem\",\"name\":\"Actualidad\"}},{\"@type\":\"ListItem\",\"@id\":\"https:\\\/\\\/www.eldigitaldeasturias.com\\\/noticias\\\/category\\\/actualidad\\\/#listItem\",\"position\":2,\"name\":\"Actualidad\",\"item\":\"https:\\\/\\\/www.eldigitaldeasturias.com\\\/noticias\\\/category\\\/actualidad\\\/\",\"nextItem\":{\"@type\":\"ListItem\",\"@id\":\"https:\\\/\\\/www.eldigitaldeasturias.com\\\/noticias\\\/dubljevic-cree-que-pleiss-es-el-mas-peligroso-de-laboral-kutxa\\\/#listItem\",\"name\":\"Dubljevic cree que \\u00abPleiss es el m\\u00e1s peligroso de Laboral Kutxa\\u00bb\"},\"previousItem\":{\"@type\":\"ListItem\",\"@id\":\"https:\\\/\\\/www.eldigitaldeasturias.com\\\/noticias#listItem\",\"name\":\"Home\"}},{\"@type\":\"ListItem\",\"@id\":\"https:\\\/\\\/www.eldigitaldeasturias.com\\\/noticias\\\/dubljevic-cree-que-pleiss-es-el-mas-peligroso-de-laboral-kutxa\\\/#listItem\",\"position\":3,\"name\":\"Dubljevic cree que \\u00abPleiss es el m\\u00e1s peligroso de Laboral Kutxa\\u00bb\",\"previousItem\":{\"@type\":\"ListItem\",\"@id\":\"https:\\\/\\\/www.eldigitaldeasturias.com\\\/noticias\\\/category\\\/actualidad\\\/#listItem\",\"name\":\"Actualidad\"}}]},{\"@type\":\"Organization\",\"@id\":\"https:\\\/\\\/www.eldigitaldeasturias.com\\\/noticias\\\/#organization\",\"name\":\"El Digital de Asturias\",\"description\":\"Hemeroteca\",\"url\":\"https:\\\/\\\/www.eldigitaldeasturias.com\\\/noticias\\\/\",\"email\":\"info@eldigitaldeasturias.com\",\"telephone\":\"+34652131393\",\"logo\":{\"@type\":\"ImageObject\",\"url\":\"https:\\\/\\\/www.eldigitaldeasturias.com\\\/noticias\\\/wp-content\\\/uploads\\\/2020\\\/12\\\/EDA.jpg\",\"@id\":\"https:\\\/\\\/www.eldigitaldeasturias.com\\\/noticias\\\/dubljevic-cree-que-pleiss-es-el-mas-peligroso-de-laboral-kutxa\\\/#organizationLogo\"},\"image\":{\"@id\":\"https:\\\/\\\/www.eldigitaldeasturias.com\\\/noticias\\\/dubljevic-cree-que-pleiss-es-el-mas-peligroso-de-laboral-kutxa\\\/#organizationLogo\"},\"sameAs\":[\"https:\\\/\\\/facebook.com\\\/eldigitaldeasturias\",\"https:\\\/\\\/www.youtube.com\\\/channel\\\/UCZP-2wLEB9Rv6erhFmqVnvg\"],\"address\":{\"@id\":\"https:\\\/\\\/www.eldigitaldeasturias.com\\\/noticias\\\/#postaladdress\",\"@type\":\"PostalAddress\",\"streetAddress\":\"san antonio 4\",\"postalCode\":\"33430\",\"addressLocality\":\"Cand\\u00e1s\",\"addressRegion\":\"Asturias\",\"addressCountry\":\"ES\"}},{\"@type\":\"Person\",\"@id\":\"https:\\\/\\\/www.eldigitaldeasturias.com\\\/noticias\\\/author\\\/admin\\\/#author\",\"url\":\"https:\\\/\\\/www.eldigitaldeasturias.com\\\/noticias\\\/author\\\/admin\\\/\",\"name\":\"El Digital de Asturias\",\"image\":{\"@type\":\"ImageObject\",\"@id\":\"https:\\\/\\\/www.eldigitaldeasturias.com\\\/noticias\\\/dubljevic-cree-que-pleiss-es-el-mas-peligroso-de-laboral-kutxa\\\/#authorImage\",\"url\":\"https:\\\/\\\/secure.gravatar.com\\\/avatar\\\/df2aeffc32bcd13f8d26072ef8a91b623d677766deac7f97ca815868cd41bf5e?s=96&d=mm&r=g\",\"width\":96,\"height\":96,\"caption\":\"El Digital de Asturias\"}},{\"@type\":\"WebPage\",\"@id\":\"https:\\\/\\\/www.eldigitaldeasturias.com\\\/noticias\\\/dubljevic-cree-que-pleiss-es-el-mas-peligroso-de-laboral-kutxa\\\/#webpage\",\"url\":\"https:\\\/\\\/www.eldigitaldeasturias.com\\\/noticias\\\/dubljevic-cree-que-pleiss-es-el-mas-peligroso-de-laboral-kutxa\\\/\",\"name\":\"Dubljevic cree que \\u00abPleiss es el m\\u00e1s peligroso de Laboral Kutxa\\u00bb - El Digital de Asturias\",\"description\":\"Valencia, 5 feb (EFE).- Bojan Dubljevic, p\\u00edvot del Valencia Basket, asegur\\u00f3 hoy a Efe que en el partido de cuartos de final de la Copa del Rey, que su equipo disputa el viernes ante el Laboral Kutxa, deben tener especial cuidado con el p\\u00edvot alem\\u00e1n Tibor Pleiss, que cree que es la pieza clave del\",\"inLanguage\":\"es-ES\",\"isPartOf\":{\"@id\":\"https:\\\/\\\/www.eldigitaldeasturias.com\\\/noticias\\\/#website\"},\"breadcrumb\":{\"@id\":\"https:\\\/\\\/www.eldigitaldeasturias.com\\\/noticias\\\/dubljevic-cree-que-pleiss-es-el-mas-peligroso-de-laboral-kutxa\\\/#breadcrumblist\"},\"author\":{\"@id\":\"https:\\\/\\\/www.eldigitaldeasturias.com\\\/noticias\\\/author\\\/admin\\\/#author\"},\"creator\":{\"@id\":\"https:\\\/\\\/www.eldigitaldeasturias.com\\\/noticias\\\/author\\\/admin\\\/#author\"},\"image\":{\"@type\":\"ImageObject\",\"url\":484685,\"@id\":\"https:\\\/\\\/www.eldigitaldeasturias.com\\\/noticias\\\/dubljevic-cree-que-pleiss-es-el-mas-peligroso-de-laboral-kutxa\\\/#mainImage\"},\"primaryImageOfPage\":{\"@id\":\"https:\\\/\\\/www.eldigitaldeasturias.com\\\/noticias\\\/dubljevic-cree-que-pleiss-es-el-mas-peligroso-de-laboral-kutxa\\\/#mainImage\"},\"datePublished\":\"2014-02-06T02:12:04+01:00\",\"dateModified\":\"2014-02-06T02:12:04+01:00\"},{\"@type\":\"WebSite\",\"@id\":\"https:\\\/\\\/www.eldigitaldeasturias.com\\\/noticias\\\/#website\",\"url\":\"https:\\\/\\\/www.eldigitaldeasturias.com\\\/noticias\\\/\",\"name\":\"El Digital de Asturias - Diario de actualidad y noticias\",\"alternateName\":\"El Digital de Asturias - Diario de actualidad y noticias\",\"description\":\"Hemeroteca\",\"inLanguage\":\"es-ES\",\"publisher\":{\"@id\":\"https:\\\/\\\/www.eldigitaldeasturias.com\\\/noticias\\\/#organization\"}}]}\n\t\t<\/script>\n\t\t<!-- All in One SEO Pro -->\r\n\t\t<title>Dubljevic cree que \u00abPleiss es el m\u00e1s peligroso de Laboral Kutxa\u00bb - El Digital de Asturias<\/title>\n\n","aioseo_head_json":{"title":"Dubljevic cree que \u00abPleiss es el m\u00e1s peligroso de Laboral Kutxa\u00bb - El Digital de Asturias","description":"Valencia, 5 feb (EFE).- Bojan Dubljevic, p\u00edvot del Valencia Basket, asegur\u00f3 hoy a Efe que en el partido de cuartos de final de la Copa del Rey, que su equipo disputa el viernes ante el Laboral Kutxa, deben tener especial cuidado con el p\u00edvot alem\u00e1n Tibor Pleiss, que cree que es la pieza clave del","canonical_url":"https:\/\/www.eldigitaldeasturias.com\/noticias\/dubljevic-cree-que-pleiss-es-el-mas-peligroso-de-laboral-kutxa\/","robots":"max-image-preview:large","keywords":"actualidad","webmasterTools":{"google-site-verification":"UA-38556648-1","msvalidate.01":"7dfe9f3f1b24437ab69f4f2559babe99","miscellaneous":""},"schema":{"@context":"https:\/\/schema.org","@graph":[{"@type":"BlogPosting","@id":"https:\/\/www.eldigitaldeasturias.com\/noticias\/dubljevic-cree-que-pleiss-es-el-mas-peligroso-de-laboral-kutxa\/#blogposting","name":"Dubljevic cree que \u00abPleiss es el m\u00e1s peligroso de Laboral Kutxa\u00bb - El Digital de Asturias","headline":"Dubljevic cree que \u00abPleiss es el m\u00e1s peligroso de Laboral Kutxa\u00bb","author":{"@id":"https:\/\/www.eldigitaldeasturias.com\/noticias\/author\/admin\/#author"},"publisher":{"@id":"https:\/\/www.eldigitaldeasturias.com\/noticias\/#organization"},"image":{"@type":"ImageObject","url":484685},"datePublished":"2014-02-06T02:12:04+01:00","dateModified":"2014-02-06T02:12:04+01:00","inLanguage":"es-ES","mainEntityOfPage":{"@id":"https:\/\/www.eldigitaldeasturias.com\/noticias\/dubljevic-cree-que-pleiss-es-el-mas-peligroso-de-laboral-kutxa\/#webpage"},"isPartOf":{"@id":"https:\/\/www.eldigitaldeasturias.com\/noticias\/dubljevic-cree-que-pleiss-es-el-mas-peligroso-de-laboral-kutxa\/#webpage"},"articleSection":"Actualidad"},{"@type":"BreadcrumbList","@id":"https:\/\/www.eldigitaldeasturias.com\/noticias\/dubljevic-cree-que-pleiss-es-el-mas-peligroso-de-laboral-kutxa\/#breadcrumblist","itemListElement":[{"@type":"ListItem","@id":"https:\/\/www.eldigitaldeasturias.com\/noticias#listItem","position":1,"name":"Home","item":"https:\/\/www.eldigitaldeasturias.com\/noticias","nextItem":{"@type":"ListItem","@id":"https:\/\/www.eldigitaldeasturias.com\/noticias\/category\/actualidad\/#listItem","name":"Actualidad"}},{"@type":"ListItem","@id":"https:\/\/www.eldigitaldeasturias.com\/noticias\/category\/actualidad\/#listItem","position":2,"name":"Actualidad","item":"https:\/\/www.eldigitaldeasturias.com\/noticias\/category\/actualidad\/","nextItem":{"@type":"ListItem","@id":"https:\/\/www.eldigitaldeasturias.com\/noticias\/dubljevic-cree-que-pleiss-es-el-mas-peligroso-de-laboral-kutxa\/#listItem","name":"Dubljevic cree que \u00abPleiss es el m\u00e1s peligroso de Laboral Kutxa\u00bb"},"previousItem":{"@type":"ListItem","@id":"https:\/\/www.eldigitaldeasturias.com\/noticias#listItem","name":"Home"}},{"@type":"ListItem","@id":"https:\/\/www.eldigitaldeasturias.com\/noticias\/dubljevic-cree-que-pleiss-es-el-mas-peligroso-de-laboral-kutxa\/#listItem","position":3,"name":"Dubljevic cree que \u00abPleiss es el m\u00e1s peligroso de Laboral Kutxa\u00bb","previousItem":{"@type":"ListItem","@id":"https:\/\/www.eldigitaldeasturias.com\/noticias\/category\/actualidad\/#listItem","name":"Actualidad"}}]},{"@type":"Organization","@id":"https:\/\/www.eldigitaldeasturias.com\/noticias\/#organization","name":"El Digital de Asturias","description":"Hemeroteca","url":"https:\/\/www.eldigitaldeasturias.com\/noticias\/","email":"info@eldigitaldeasturias.com","telephone":"+34652131393","logo":{"@type":"ImageObject","url":"https:\/\/www.eldigitaldeasturias.com\/noticias\/wp-content\/uploads\/2020\/12\/EDA.jpg","@id":"https:\/\/www.eldigitaldeasturias.com\/noticias\/dubljevic-cree-que-pleiss-es-el-mas-peligroso-de-laboral-kutxa\/#organizationLogo"},"image":{"@id":"https:\/\/www.eldigitaldeasturias.com\/noticias\/dubljevic-cree-que-pleiss-es-el-mas-peligroso-de-laboral-kutxa\/#organizationLogo"},"sameAs":["https:\/\/facebook.com\/eldigitaldeasturias","https:\/\/www.youtube.com\/channel\/UCZP-2wLEB9Rv6erhFmqVnvg"],"address":{"@id":"https:\/\/www.eldigitaldeasturias.com\/noticias\/#postaladdress","@type":"PostalAddress","streetAddress":"san antonio 4","postalCode":"33430","addressLocality":"Cand\u00e1s","addressRegion":"Asturias","addressCountry":"ES"}},{"@type":"Person","@id":"https:\/\/www.eldigitaldeasturias.com\/noticias\/author\/admin\/#author","url":"https:\/\/www.eldigitaldeasturias.com\/noticias\/author\/admin\/","name":"El Digital de Asturias","image":{"@type":"ImageObject","@id":"https:\/\/www.eldigitaldeasturias.com\/noticias\/dubljevic-cree-que-pleiss-es-el-mas-peligroso-de-laboral-kutxa\/#authorImage","url":"https:\/\/secure.gravatar.com\/avatar\/df2aeffc32bcd13f8d26072ef8a91b623d677766deac7f97ca815868cd41bf5e?s=96&d=mm&r=g","width":96,"height":96,"caption":"El Digital de Asturias"}},{"@type":"WebPage","@id":"https:\/\/www.eldigitaldeasturias.com\/noticias\/dubljevic-cree-que-pleiss-es-el-mas-peligroso-de-laboral-kutxa\/#webpage","url":"https:\/\/www.eldigitaldeasturias.com\/noticias\/dubljevic-cree-que-pleiss-es-el-mas-peligroso-de-laboral-kutxa\/","name":"Dubljevic cree que \u00abPleiss es el m\u00e1s peligroso de Laboral Kutxa\u00bb - El Digital de Asturias","description":"Valencia, 5 feb (EFE).- Bojan Dubljevic, p\u00edvot del Valencia Basket, asegur\u00f3 hoy a Efe que en el partido de cuartos de final de la Copa del Rey, que su equipo disputa el viernes ante el Laboral Kutxa, deben tener especial cuidado con el p\u00edvot alem\u00e1n Tibor Pleiss, que cree que es la pieza clave del","inLanguage":"es-ES","isPartOf":{"@id":"https:\/\/www.eldigitaldeasturias.com\/noticias\/#website"},"breadcrumb":{"@id":"https:\/\/www.eldigitaldeasturias.com\/noticias\/dubljevic-cree-que-pleiss-es-el-mas-peligroso-de-laboral-kutxa\/#breadcrumblist"},"author":{"@id":"https:\/\/www.eldigitaldeasturias.com\/noticias\/author\/admin\/#author"},"creator":{"@id":"https:\/\/www.eldigitaldeasturias.com\/noticias\/author\/admin\/#author"},"image":{"@type":"ImageObject","url":484685,"@id":"https:\/\/www.eldigitaldeasturias.com\/noticias\/dubljevic-cree-que-pleiss-es-el-mas-peligroso-de-laboral-kutxa\/#mainImage"},"primaryImageOfPage":{"@id":"https:\/\/www.eldigitaldeasturias.com\/noticias\/dubljevic-cree-que-pleiss-es-el-mas-peligroso-de-laboral-kutxa\/#mainImage"},"datePublished":"2014-02-06T02:12:04+01:00","dateModified":"2014-02-06T02:12:04+01:00"},{"@type":"WebSite","@id":"https:\/\/www.eldigitaldeasturias.com\/noticias\/#website","url":"https:\/\/www.eldigitaldeasturias.com\/noticias\/","name":"El Digital de Asturias - Diario de actualidad y noticias","alternateName":"El Digital de Asturias - Diario de actualidad y noticias","description":"Hemeroteca","inLanguage":"es-ES","publisher":{"@id":"https:\/\/www.eldigitaldeasturias.com\/noticias\/#organization"}}]},"og:locale":"es_ES","og:site_name":"El Digital de Asturias","og:type":"article","og:title":"Dubljevic cree que \u00abPleiss es el m\u00e1s peligroso de Laboral Kutxa\u00bb - El Digital de Asturias","og:description":"Valencia, 5 feb (EFE).- Bojan Dubljevic, p\u00edvot del Valencia Basket, asegur\u00f3 hoy a Efe que en el partido de cuartos de final de la Copa del Rey, que su equipo disputa el viernes ante el Laboral Kutxa, deben tener especial cuidado con el p\u00edvot alem\u00e1n Tibor Pleiss, que cree que es la pieza clave del","og:url":"https:\/\/www.eldigitaldeasturias.com\/noticias\/dubljevic-cree-que-pleiss-es-el-mas-peligroso-de-laboral-kutxa\/","article:tag":["actualidad"],"article:published_time":"2014-02-06T03:12:04+00:00","article:modified_time":"2014-02-06T03:12:04+00:00","article:publisher":"https:\/\/facebook.com\/eldigitaldeasturias","twitter:card":"summary_large_image","twitter:title":"Dubljevic cree que \u00abPleiss es el m\u00e1s peligroso de Laboral Kutxa\u00bb - El Digital de Asturias","twitter:description":"Valencia, 5 feb (EFE).- Bojan Dubljevic, p\u00edvot del Valencia Basket, asegur\u00f3 hoy a Efe que en el partido de cuartos de final de la Copa del Rey, que su equipo disputa el viernes ante el Laboral Kutxa, deben tener especial cuidado con el p\u00edvot alem\u00e1n Tibor Pleiss, que cree que es la pieza clave del","twitter:label1":"Escrito por","twitter:data1":"El Digital de Asturias","twitter:label2":"Tiempo de lectura estimado","twitter:data2":"2 minutos"},"aioseo_meta_data":{"post_id":"484684","title":null,"description":null,"keywords":null,"keyphrases":null,"primary_term":null,"canonical_url":null,"og_title":null,"og_description":null,"og_object_type":"default","og_image_type":"default","og_image_url":null,"og_image_width":null,"og_image_height":null,"og_image_custom_url":null,"og_image_custom_fields":null,"og_video":null,"og_custom_url":null,"og_article_section":null,"og_article_tags":null,"twitter_use_og":true,"twitter_card":"default","twitter_image_type":"default","twitter_image_url":null,"twitter_image_custom_url":null,"twitter_image_custom_fields":null,"twitter_title":null,"twitter_description":null,"schema":{"blockGraphs":[],"customGraphs":[],"default":{"data":{"Article":[],"Course":[],"Dataset":[],"FAQPage":[],"Movie":[],"Person":[],"Product":[],"ProductReview":[],"Car":[],"Recipe":[],"Service":[],"SoftwareApplication":[],"WebPage":[]},"graphName":"","isEnabled":true},"graphs":[],"defaultGraph":"","defaultPostTypeGraph":""},"schema_type":null,"schema_type_options":null,"pillar_content":false,"robots_default":true,"robots_noindex":false,"robots_noarchive":false,"robots_nosnippet":false,"robots_nofollow":false,"robots_noimageindex":false,"robots_noodp":false,"robots_notranslate":false,"robots_max_snippet":null,"robots_max_videopreview":null,"robots_max_imagepreview":"none","priority":null,"frequency":null,"local_seo":null,"seo_analyzer_scan_date":"2026-06-02 16:43:52","breadcrumb_settings":null,"limit_modified_date":false,"open_ai":null,"ai":null,"created":"2020-11-14 22:55:06","updated":"2026-06-02 16:43:52","focus_keyword":null,"additional_keywords":null,"truseo_locale":null},"aioseo_breadcrumb":"<div class=\"aioseo-breadcrumbs\"><span class=\"aioseo-breadcrumb\">\n\t<a href=\"https:\/\/www.eldigitaldeasturias.com\/noticias\" title=\"Home\">Home<\/a>\n<\/span><span class=\"aioseo-breadcrumb-separator\">\u2013<\/span><span class=\"aioseo-breadcrumb\">\n\t<a href=\"https:\/\/www.eldigitaldeasturias.com\/noticias\/category\/actualidad\/\" title=\"Actualidad\">Actualidad<\/a>\n<\/span><span class=\"aioseo-breadcrumb-separator\">\u2013<\/span><span class=\"aioseo-breadcrumb\">\n\t<a href=\"https:\/\/www.eldigitaldeasturias.com\/noticias\/dubljevic-cree-que-pleiss-es-el-mas-peligroso-de-laboral-kutxa\/\" title=\"Dubljevic cree que \u00abPleiss es el m\u00e1s peligroso de Laboral Kutxa\u00bb\">Dubljevic cree que \u00abPleiss es el m\u00e1s peligroso de Laboral Kutxa\u00bb<\/a>\n<\/span><\/div>","aioseo_breadcrumb_json":[{"label":"Home","link":"https:\/\/www.eldigitaldeasturias.com\/noticias"},{"label":"Actualidad","link":"https:\/\/www.eldigitaldeasturias.com\/noticias\/category\/actualidad\/"},{"label":"Dubljevic cree que \u00abPleiss es el m\u00e1s peligroso de Laboral Kutxa\u00bb","link":"https:\/\/www.eldigitaldeasturias.com\/noticias\/dubljevic-cree-que-pleiss-es-el-mas-peligroso-de-laboral-kutxa\/"}],"_links":{"self":[{"href":"https:\/\/www.eldigitaldeasturias.com\/noticias\/wp-json\/wp\/v2\/posts\/484684","targetHints":{"allow":["GET"]}}],"collection":[{"href":"https:\/\/www.eldigitaldeasturias.com\/noticias\/wp-json\/wp\/v2\/posts"}],"about":[{"href":"https:\/\/www.eldigitaldeasturias.com\/noticias\/wp-json\/wp\/v2\/types\/post"}],"author":[{"embeddable":true,"href":"https:\/\/www.eldigitaldeasturias.com\/noticias\/wp-json\/wp\/v2\/users\/1"}],"replies":[{"embeddable":true,"href":"https:\/\/www.eldigitaldeasturias.com\/noticias\/wp-json\/wp\/v2\/comments?post=484684"}],"version-history":[{"count":0,"href":"https:\/\/www.eldigitaldeasturias.com\/noticias\/wp-json\/wp\/v2\/posts\/484684\/revisions"}],"wp:attachment":[{"href":"https:\/\/www.eldigitaldeasturias.com\/noticias\/wp-json\/wp\/v2\/media?parent=484684"}],"wp:term":[{"taxonomy":"category","embeddable":true,"href":"https:\/\/www.eldigitaldeasturias.com\/noticias\/wp-json\/wp\/v2\/categories?post=484684"},{"taxonomy":"post_tag","embeddable":true,"href":"https:\/\/www.eldigitaldeasturias.com\/noticias\/wp-json\/wp\/v2\/tags?post=484684"}],"curies":[{"name":"wp","href":"https:\/\/api.w.org\/{rel}","templated":true}]}}