{"id":484675,"date":"2014-02-06T02:08:57","date_gmt":"2014-02-06T03:08:57","guid":{"rendered":"http:\/\/www.eldigitaldeasturias.com\/noticias\/?p=484675"},"modified":"2014-02-06T02:08:57","modified_gmt":"2014-02-06T03:08:57","slug":"gomez-noya-dice-que-su-reto-es-defender-el-titulo-mundial","status":"publish","type":"post","link":"https:\/\/www.eldigitaldeasturias.com\/noticias\/gomez-noya-dice-que-su-reto-es-defender-el-titulo-mundial\/","title":{"rendered":"G\u00f3mez Noya dice que su reto \u00abes defender el t\u00edtulo mundial\u00bb"},"content":{"rendered":"<p><img loading=\"lazy\" decoding=\"async\" class=\"alignleft size-medium wp-image-484676\" alt=\"5914128w\" src=\"https:\/\/www.eldigitaldeasturias.com\/noticias\/wp-content\/uploads\/2014\/02\/5914128w-360x246.jpg\" width=\"360\" height=\"246\" \/>Vigo, 5 feb (EFE).- El triatleta gallego Javier G\u00f3mez Noya, tres veces campe\u00f3n del Mundo y medalla de plata en los pasados Juegos Ol\u00edmpicos de Londres 2012, se ha marcado como objetivo para el 2014 revalidar el t\u00edtulo mundial que logr\u00f3 el pasado a\u00f1o.<\/p>\n<p>\u00abMi reto es defender el t\u00edtulo mundial y s\u00e9 que no ser\u00e1 f\u00e1cil porque para conseguirlo tengo que hacer todo muy bien. Es una cierta presi\u00f3n que tengo conmigo mismo porque ser campe\u00f3n del Mundo es muy complicado. Pero igual que fui capaz de serlo en 2013 por qu\u00e9 no voy a serlo de nuevo este a\u00f1o\u00bb, afirm\u00f3 G\u00f3mez Noya.<\/p>\n<p>Despu\u00e9s de hacer una mini pretemporada en Fuerteventura, el triatleta estuvo trabajando estos en Galicia para seguir perfeccionando el sector de la carrera a pie.<\/p>\n<p>No obstante, ma\u00f1ana ya viajar\u00e1 hacia San Diego, donde recoger\u00e1 el premio al mejor deportista que entrega la prestigiosa revista Competitot.<\/p>\n<p>Regresar\u00e1 a la competici\u00f3n el pr\u00f3ximo 16 de febrero con un Medio Ironman en Panam\u00e1, antes de afrontar las primeras pruebas de las Series Mundiales, en Auckland y Ciudad del Cabo, en abril, las cuales preparar\u00e1 en Nueva Zelanda.<\/p>\n<p>\u00abLa temporada pasada fue muy buena, pero yo no miro mi pasado como triatleta, si gan\u00e9 m\u00e1s o menos carreras. Soy de los que piensa que no se puede vivir del pasado, por eso ya estoy centrado en el 2014\u00bb, indic\u00f3 G\u00f3mez Noya.<\/p>\n<p>El gallego reconoci\u00f3 que el triunfo en la \u00faltima prueba de las Series Mundiales 2013, que se celebr\u00f3 en Londres y en la que gan\u00f3 al brit\u00e1nico Jonathan Brownlee en un apretado sprint, fue \u00abuno de mis mejores momentos de mi carrera deportiva\u00bb, pero al mismo tiempo reiter\u00f3 que \u00abeso ya es pasado y toca pensar ya en lo que viene este a\u00f1o\u00bb.<\/p>\n","protected":false},"excerpt":{"rendered":"<p>Vigo, 5 feb (EFE).- El triatleta gallego Javier G\u00f3mez Noya, tres veces campe\u00f3n del Mundo y medalla de plata en los pasados Juegos Ol\u00edmpicos de Londres 2012, se ha marcado como objetivo para el 2014 revalidar el t\u00edtulo mundial que logr\u00f3 el pasado a\u00f1o. \u00abMi reto es defender el t\u00edtulo mundial y s\u00e9 que no [&hellip;]<\/p>\n","protected":false},"author":1,"featured_media":484676,"comment_status":"closed","ping_status":"open","sticky":false,"template":"","format":"standard","meta":{"footnotes":""},"categories":[1],"tags":[],"class_list":["post-484675","post","type-post","status-publish","format-standard","has-post-thumbnail","hentry","category-actualidad"],"aioseo_notices":[],"aioseo_head":"\n\t\t<!-- All in One SEO Pro 5.0.1 - aioseo.com -->\n\t<meta name=\"description\" content=\"Vigo, 5 feb (EFE).- El triatleta gallego Javier G\u00f3mez Noya, tres veces campe\u00f3n del Mundo y medalla de plata en los pasados Juegos Ol\u00edmpicos de Londres 2012, se ha marcado como objetivo para el 2014 revalidar el t\u00edtulo mundial que logr\u00f3 el pasado a\u00f1o. &quot;Mi reto es defender el t\u00edtulo mundial y s\u00e9 que no\" \/>\n\t<meta name=\"robots\" content=\"max-image-preview:large\" \/>\n\t<meta name=\"author\" content=\"El Digital de Asturias\"\/>\n\t<meta name=\"google-site-verification\" content=\"UA-38556648-1\" \/>\n\t<meta name=\"msvalidate.01\" content=\"7dfe9f3f1b24437ab69f4f2559babe99\" \/>\n\t<meta name=\"keywords\" content=\"actualidad\" \/>\n\t<link rel=\"canonical\" href=\"https:\/\/www.eldigitaldeasturias.com\/noticias\/gomez-noya-dice-que-su-reto-es-defender-el-titulo-mundial\/\" \/>\n\t<meta name=\"generator\" content=\"All in One SEO Pro (AIOSEO) 5.0.1\" \/>\n\t\t<meta property=\"og:locale\" content=\"es_ES\" \/>\n\t\t<meta property=\"og:site_name\" content=\"El Digital de Asturias\" \/>\n\t\t<meta property=\"og:type\" content=\"article\" \/>\n\t\t<meta property=\"og:title\" content=\"G\u00f3mez Noya dice que su reto \u00abes defender el t\u00edtulo mundial\u00bb - El Digital de Asturias\" \/>\n\t\t<meta property=\"og:description\" content=\"Vigo, 5 feb (EFE).- El triatleta gallego Javier G\u00f3mez Noya, tres veces campe\u00f3n del Mundo y medalla de plata en los pasados Juegos Ol\u00edmpicos de Londres 2012, se ha marcado como objetivo para el 2014 revalidar el t\u00edtulo mundial que logr\u00f3 el pasado a\u00f1o. &quot;Mi reto es defender el t\u00edtulo mundial y s\u00e9 que no\" \/>\n\t\t<meta property=\"og:url\" content=\"https:\/\/www.eldigitaldeasturias.com\/noticias\/gomez-noya-dice-que-su-reto-es-defender-el-titulo-mundial\/\" \/>\n\t\t<meta property=\"article:tag\" content=\"actualidad\" \/>\n\t\t<meta property=\"article:published_time\" content=\"2014-02-06T03:08:57+00:00\" \/>\n\t\t<meta property=\"article:modified_time\" content=\"2014-02-06T03:08:57+00:00\" \/>\n\t\t<meta property=\"article:publisher\" content=\"https:\/\/facebook.com\/eldigitaldeasturias\" \/>\n\t\t<meta name=\"twitter:card\" content=\"summary_large_image\" \/>\n\t\t<meta name=\"twitter:title\" content=\"G\u00f3mez Noya dice que su reto \u00abes defender el t\u00edtulo mundial\u00bb - El Digital de Asturias\" \/>\n\t\t<meta name=\"twitter:description\" content=\"Vigo, 5 feb (EFE).- El triatleta gallego Javier G\u00f3mez Noya, tres veces campe\u00f3n del Mundo y medalla de plata en los pasados Juegos Ol\u00edmpicos de Londres 2012, se ha marcado como objetivo para el 2014 revalidar el t\u00edtulo mundial que logr\u00f3 el pasado a\u00f1o. &quot;Mi reto es defender el t\u00edtulo mundial y s\u00e9 que no\" \/>\n\t\t<meta name=\"twitter:label1\" content=\"Escrito por\" \/>\n\t\t<meta name=\"twitter:data1\" content=\"El Digital de Asturias\" \/>\n\t\t<meta name=\"twitter:label2\" content=\"Tiempo de lectura estimado\" \/>\n\t\t<meta name=\"twitter:data2\" content=\"2 minutos\" \/>\n\t\t<script type=\"application\/ld+json\" class=\"aioseo-schema\">\n\t\t\t{\"@context\":\"https:\\\/\\\/schema.org\",\"@graph\":[{\"@type\":\"BlogPosting\",\"@id\":\"https:\\\/\\\/www.eldigitaldeasturias.com\\\/noticias\\\/gomez-noya-dice-que-su-reto-es-defender-el-titulo-mundial\\\/#blogposting\",\"name\":\"G\\u00f3mez Noya dice que su reto \\u00abes defender el t\\u00edtulo mundial\\u00bb - El Digital de Asturias\",\"headline\":\"G\\u00f3mez Noya dice que su reto \\u00abes defender el t\\u00edtulo mundial\\u00bb\",\"author\":{\"@id\":\"https:\\\/\\\/www.eldigitaldeasturias.com\\\/noticias\\\/author\\\/admin\\\/#author\"},\"publisher\":{\"@id\":\"https:\\\/\\\/www.eldigitaldeasturias.com\\\/noticias\\\/#organization\"},\"image\":{\"@type\":\"ImageObject\",\"url\":484676},\"datePublished\":\"2014-02-06T02:08:57+01:00\",\"dateModified\":\"2014-02-06T02:08:57+01:00\",\"inLanguage\":\"es-ES\",\"mainEntityOfPage\":{\"@id\":\"https:\\\/\\\/www.eldigitaldeasturias.com\\\/noticias\\\/gomez-noya-dice-que-su-reto-es-defender-el-titulo-mundial\\\/#webpage\"},\"isPartOf\":{\"@id\":\"https:\\\/\\\/www.eldigitaldeasturias.com\\\/noticias\\\/gomez-noya-dice-que-su-reto-es-defender-el-titulo-mundial\\\/#webpage\"},\"articleSection\":\"Actualidad\"},{\"@type\":\"BreadcrumbList\",\"@id\":\"https:\\\/\\\/www.eldigitaldeasturias.com\\\/noticias\\\/gomez-noya-dice-que-su-reto-es-defender-el-titulo-mundial\\\/#breadcrumblist\",\"itemListElement\":[{\"@type\":\"ListItem\",\"@id\":\"https:\\\/\\\/www.eldigitaldeasturias.com\\\/noticias#listItem\",\"position\":1,\"name\":\"Home\",\"item\":\"https:\\\/\\\/www.eldigitaldeasturias.com\\\/noticias\",\"nextItem\":{\"@type\":\"ListItem\",\"@id\":\"https:\\\/\\\/www.eldigitaldeasturias.com\\\/noticias\\\/category\\\/actualidad\\\/#listItem\",\"name\":\"Actualidad\"}},{\"@type\":\"ListItem\",\"@id\":\"https:\\\/\\\/www.eldigitaldeasturias.com\\\/noticias\\\/category\\\/actualidad\\\/#listItem\",\"position\":2,\"name\":\"Actualidad\",\"item\":\"https:\\\/\\\/www.eldigitaldeasturias.com\\\/noticias\\\/category\\\/actualidad\\\/\",\"nextItem\":{\"@type\":\"ListItem\",\"@id\":\"https:\\\/\\\/www.eldigitaldeasturias.com\\\/noticias\\\/gomez-noya-dice-que-su-reto-es-defender-el-titulo-mundial\\\/#listItem\",\"name\":\"G\\u00f3mez Noya dice que su reto \\u00abes defender el t\\u00edtulo mundial\\u00bb\"},\"previousItem\":{\"@type\":\"ListItem\",\"@id\":\"https:\\\/\\\/www.eldigitaldeasturias.com\\\/noticias#listItem\",\"name\":\"Home\"}},{\"@type\":\"ListItem\",\"@id\":\"https:\\\/\\\/www.eldigitaldeasturias.com\\\/noticias\\\/gomez-noya-dice-que-su-reto-es-defender-el-titulo-mundial\\\/#listItem\",\"position\":3,\"name\":\"G\\u00f3mez Noya dice que su reto \\u00abes defender el t\\u00edtulo mundial\\u00bb\",\"previousItem\":{\"@type\":\"ListItem\",\"@id\":\"https:\\\/\\\/www.eldigitaldeasturias.com\\\/noticias\\\/category\\\/actualidad\\\/#listItem\",\"name\":\"Actualidad\"}}]},{\"@type\":\"Organization\",\"@id\":\"https:\\\/\\\/www.eldigitaldeasturias.com\\\/noticias\\\/#organization\",\"name\":\"El Digital de Asturias\",\"description\":\"Hemeroteca\",\"url\":\"https:\\\/\\\/www.eldigitaldeasturias.com\\\/noticias\\\/\",\"email\":\"info@eldigitaldeasturias.com\",\"telephone\":\"+34652131393\",\"logo\":{\"@type\":\"ImageObject\",\"url\":\"https:\\\/\\\/www.eldigitaldeasturias.com\\\/noticias\\\/wp-content\\\/uploads\\\/2020\\\/12\\\/EDA.jpg\",\"@id\":\"https:\\\/\\\/www.eldigitaldeasturias.com\\\/noticias\\\/gomez-noya-dice-que-su-reto-es-defender-el-titulo-mundial\\\/#organizationLogo\"},\"image\":{\"@id\":\"https:\\\/\\\/www.eldigitaldeasturias.com\\\/noticias\\\/gomez-noya-dice-que-su-reto-es-defender-el-titulo-mundial\\\/#organizationLogo\"},\"sameAs\":[\"https:\\\/\\\/facebook.com\\\/eldigitaldeasturias\",\"https:\\\/\\\/www.youtube.com\\\/channel\\\/UCZP-2wLEB9Rv6erhFmqVnvg\"],\"address\":{\"@id\":\"https:\\\/\\\/www.eldigitaldeasturias.com\\\/noticias\\\/#postaladdress\",\"@type\":\"PostalAddress\",\"streetAddress\":\"san antonio 4\",\"postalCode\":\"33430\",\"addressLocality\":\"Cand\\u00e1s\",\"addressRegion\":\"Asturias\",\"addressCountry\":\"ES\"}},{\"@type\":\"Person\",\"@id\":\"https:\\\/\\\/www.eldigitaldeasturias.com\\\/noticias\\\/author\\\/admin\\\/#author\",\"url\":\"https:\\\/\\\/www.eldigitaldeasturias.com\\\/noticias\\\/author\\\/admin\\\/\",\"name\":\"El Digital de Asturias\",\"image\":{\"@type\":\"ImageObject\",\"@id\":\"https:\\\/\\\/www.eldigitaldeasturias.com\\\/noticias\\\/gomez-noya-dice-que-su-reto-es-defender-el-titulo-mundial\\\/#authorImage\",\"url\":\"https:\\\/\\\/secure.gravatar.com\\\/avatar\\\/df2aeffc32bcd13f8d26072ef8a91b623d677766deac7f97ca815868cd41bf5e?s=96&d=mm&r=g\",\"width\":96,\"height\":96,\"caption\":\"El Digital de Asturias\"}},{\"@type\":\"WebPage\",\"@id\":\"https:\\\/\\\/www.eldigitaldeasturias.com\\\/noticias\\\/gomez-noya-dice-que-su-reto-es-defender-el-titulo-mundial\\\/#webpage\",\"url\":\"https:\\\/\\\/www.eldigitaldeasturias.com\\\/noticias\\\/gomez-noya-dice-que-su-reto-es-defender-el-titulo-mundial\\\/\",\"name\":\"G\\u00f3mez Noya dice que su reto \\u00abes defender el t\\u00edtulo mundial\\u00bb - El Digital de Asturias\",\"description\":\"Vigo, 5 feb (EFE).- El triatleta gallego Javier G\\u00f3mez Noya, tres veces campe\\u00f3n del Mundo y medalla de plata en los pasados Juegos Ol\\u00edmpicos de Londres 2012, se ha marcado como objetivo para el 2014 revalidar el t\\u00edtulo mundial que logr\\u00f3 el pasado a\\u00f1o. \\\"Mi reto es defender el t\\u00edtulo mundial y s\\u00e9 que no\",\"inLanguage\":\"es-ES\",\"isPartOf\":{\"@id\":\"https:\\\/\\\/www.eldigitaldeasturias.com\\\/noticias\\\/#website\"},\"breadcrumb\":{\"@id\":\"https:\\\/\\\/www.eldigitaldeasturias.com\\\/noticias\\\/gomez-noya-dice-que-su-reto-es-defender-el-titulo-mundial\\\/#breadcrumblist\"},\"author\":{\"@id\":\"https:\\\/\\\/www.eldigitaldeasturias.com\\\/noticias\\\/author\\\/admin\\\/#author\"},\"creator\":{\"@id\":\"https:\\\/\\\/www.eldigitaldeasturias.com\\\/noticias\\\/author\\\/admin\\\/#author\"},\"image\":{\"@type\":\"ImageObject\",\"url\":484676,\"@id\":\"https:\\\/\\\/www.eldigitaldeasturias.com\\\/noticias\\\/gomez-noya-dice-que-su-reto-es-defender-el-titulo-mundial\\\/#mainImage\"},\"primaryImageOfPage\":{\"@id\":\"https:\\\/\\\/www.eldigitaldeasturias.com\\\/noticias\\\/gomez-noya-dice-que-su-reto-es-defender-el-titulo-mundial\\\/#mainImage\"},\"datePublished\":\"2014-02-06T02:08:57+01:00\",\"dateModified\":\"2014-02-06T02:08:57+01:00\"},{\"@type\":\"WebSite\",\"@id\":\"https:\\\/\\\/www.eldigitaldeasturias.com\\\/noticias\\\/#website\",\"url\":\"https:\\\/\\\/www.eldigitaldeasturias.com\\\/noticias\\\/\",\"name\":\"El Digital de Asturias - Diario de actualidad y noticias\",\"alternateName\":\"El Digital de Asturias - Diario de actualidad y noticias\",\"description\":\"Hemeroteca\",\"inLanguage\":\"es-ES\",\"publisher\":{\"@id\":\"https:\\\/\\\/www.eldigitaldeasturias.com\\\/noticias\\\/#organization\"}}]}\n\t\t<\/script>\n\t\t<!-- All in One SEO Pro -->\r\n\t\t<title>G\u00f3mez Noya dice que su reto \u00abes defender el t\u00edtulo mundial\u00bb - El Digital de Asturias<\/title>\n\n","aioseo_head_json":{"title":"G\u00f3mez Noya dice que su reto \u00abes defender el t\u00edtulo mundial\u00bb - El Digital de Asturias","description":"Vigo, 5 feb (EFE).- El triatleta gallego Javier G\u00f3mez Noya, tres veces campe\u00f3n del Mundo y medalla de plata en los pasados Juegos Ol\u00edmpicos de Londres 2012, se ha marcado como objetivo para el 2014 revalidar el t\u00edtulo mundial que logr\u00f3 el pasado a\u00f1o. \"Mi reto es defender el t\u00edtulo mundial y s\u00e9 que no","canonical_url":"https:\/\/www.eldigitaldeasturias.com\/noticias\/gomez-noya-dice-que-su-reto-es-defender-el-titulo-mundial\/","robots":"max-image-preview:large","keywords":"actualidad","webmasterTools":{"google-site-verification":"UA-38556648-1","msvalidate.01":"7dfe9f3f1b24437ab69f4f2559babe99","miscellaneous":""},"schema":{"@context":"https:\/\/schema.org","@graph":[{"@type":"BlogPosting","@id":"https:\/\/www.eldigitaldeasturias.com\/noticias\/gomez-noya-dice-que-su-reto-es-defender-el-titulo-mundial\/#blogposting","name":"G\u00f3mez Noya dice que su reto \u00abes defender el t\u00edtulo mundial\u00bb - El Digital de Asturias","headline":"G\u00f3mez Noya dice que su reto \u00abes defender el t\u00edtulo mundial\u00bb","author":{"@id":"https:\/\/www.eldigitaldeasturias.com\/noticias\/author\/admin\/#author"},"publisher":{"@id":"https:\/\/www.eldigitaldeasturias.com\/noticias\/#organization"},"image":{"@type":"ImageObject","url":484676},"datePublished":"2014-02-06T02:08:57+01:00","dateModified":"2014-02-06T02:08:57+01:00","inLanguage":"es-ES","mainEntityOfPage":{"@id":"https:\/\/www.eldigitaldeasturias.com\/noticias\/gomez-noya-dice-que-su-reto-es-defender-el-titulo-mundial\/#webpage"},"isPartOf":{"@id":"https:\/\/www.eldigitaldeasturias.com\/noticias\/gomez-noya-dice-que-su-reto-es-defender-el-titulo-mundial\/#webpage"},"articleSection":"Actualidad"},{"@type":"BreadcrumbList","@id":"https:\/\/www.eldigitaldeasturias.com\/noticias\/gomez-noya-dice-que-su-reto-es-defender-el-titulo-mundial\/#breadcrumblist","itemListElement":[{"@type":"ListItem","@id":"https:\/\/www.eldigitaldeasturias.com\/noticias#listItem","position":1,"name":"Home","item":"https:\/\/www.eldigitaldeasturias.com\/noticias","nextItem":{"@type":"ListItem","@id":"https:\/\/www.eldigitaldeasturias.com\/noticias\/category\/actualidad\/#listItem","name":"Actualidad"}},{"@type":"ListItem","@id":"https:\/\/www.eldigitaldeasturias.com\/noticias\/category\/actualidad\/#listItem","position":2,"name":"Actualidad","item":"https:\/\/www.eldigitaldeasturias.com\/noticias\/category\/actualidad\/","nextItem":{"@type":"ListItem","@id":"https:\/\/www.eldigitaldeasturias.com\/noticias\/gomez-noya-dice-que-su-reto-es-defender-el-titulo-mundial\/#listItem","name":"G\u00f3mez Noya dice que su reto \u00abes defender el t\u00edtulo mundial\u00bb"},"previousItem":{"@type":"ListItem","@id":"https:\/\/www.eldigitaldeasturias.com\/noticias#listItem","name":"Home"}},{"@type":"ListItem","@id":"https:\/\/www.eldigitaldeasturias.com\/noticias\/gomez-noya-dice-que-su-reto-es-defender-el-titulo-mundial\/#listItem","position":3,"name":"G\u00f3mez Noya dice que su reto \u00abes defender el t\u00edtulo mundial\u00bb","previousItem":{"@type":"ListItem","@id":"https:\/\/www.eldigitaldeasturias.com\/noticias\/category\/actualidad\/#listItem","name":"Actualidad"}}]},{"@type":"Organization","@id":"https:\/\/www.eldigitaldeasturias.com\/noticias\/#organization","name":"El Digital de Asturias","description":"Hemeroteca","url":"https:\/\/www.eldigitaldeasturias.com\/noticias\/","email":"info@eldigitaldeasturias.com","telephone":"+34652131393","logo":{"@type":"ImageObject","url":"https:\/\/www.eldigitaldeasturias.com\/noticias\/wp-content\/uploads\/2020\/12\/EDA.jpg","@id":"https:\/\/www.eldigitaldeasturias.com\/noticias\/gomez-noya-dice-que-su-reto-es-defender-el-titulo-mundial\/#organizationLogo"},"image":{"@id":"https:\/\/www.eldigitaldeasturias.com\/noticias\/gomez-noya-dice-que-su-reto-es-defender-el-titulo-mundial\/#organizationLogo"},"sameAs":["https:\/\/facebook.com\/eldigitaldeasturias","https:\/\/www.youtube.com\/channel\/UCZP-2wLEB9Rv6erhFmqVnvg"],"address":{"@id":"https:\/\/www.eldigitaldeasturias.com\/noticias\/#postaladdress","@type":"PostalAddress","streetAddress":"san antonio 4","postalCode":"33430","addressLocality":"Cand\u00e1s","addressRegion":"Asturias","addressCountry":"ES"}},{"@type":"Person","@id":"https:\/\/www.eldigitaldeasturias.com\/noticias\/author\/admin\/#author","url":"https:\/\/www.eldigitaldeasturias.com\/noticias\/author\/admin\/","name":"El Digital de Asturias","image":{"@type":"ImageObject","@id":"https:\/\/www.eldigitaldeasturias.com\/noticias\/gomez-noya-dice-que-su-reto-es-defender-el-titulo-mundial\/#authorImage","url":"https:\/\/secure.gravatar.com\/avatar\/df2aeffc32bcd13f8d26072ef8a91b623d677766deac7f97ca815868cd41bf5e?s=96&d=mm&r=g","width":96,"height":96,"caption":"El Digital de Asturias"}},{"@type":"WebPage","@id":"https:\/\/www.eldigitaldeasturias.com\/noticias\/gomez-noya-dice-que-su-reto-es-defender-el-titulo-mundial\/#webpage","url":"https:\/\/www.eldigitaldeasturias.com\/noticias\/gomez-noya-dice-que-su-reto-es-defender-el-titulo-mundial\/","name":"G\u00f3mez Noya dice que su reto \u00abes defender el t\u00edtulo mundial\u00bb - El Digital de Asturias","description":"Vigo, 5 feb (EFE).- El triatleta gallego Javier G\u00f3mez Noya, tres veces campe\u00f3n del Mundo y medalla de plata en los pasados Juegos Ol\u00edmpicos de Londres 2012, se ha marcado como objetivo para el 2014 revalidar el t\u00edtulo mundial que logr\u00f3 el pasado a\u00f1o. \"Mi reto es defender el t\u00edtulo mundial y s\u00e9 que no","inLanguage":"es-ES","isPartOf":{"@id":"https:\/\/www.eldigitaldeasturias.com\/noticias\/#website"},"breadcrumb":{"@id":"https:\/\/www.eldigitaldeasturias.com\/noticias\/gomez-noya-dice-que-su-reto-es-defender-el-titulo-mundial\/#breadcrumblist"},"author":{"@id":"https:\/\/www.eldigitaldeasturias.com\/noticias\/author\/admin\/#author"},"creator":{"@id":"https:\/\/www.eldigitaldeasturias.com\/noticias\/author\/admin\/#author"},"image":{"@type":"ImageObject","url":484676,"@id":"https:\/\/www.eldigitaldeasturias.com\/noticias\/gomez-noya-dice-que-su-reto-es-defender-el-titulo-mundial\/#mainImage"},"primaryImageOfPage":{"@id":"https:\/\/www.eldigitaldeasturias.com\/noticias\/gomez-noya-dice-que-su-reto-es-defender-el-titulo-mundial\/#mainImage"},"datePublished":"2014-02-06T02:08:57+01:00","dateModified":"2014-02-06T02:08:57+01:00"},{"@type":"WebSite","@id":"https:\/\/www.eldigitaldeasturias.com\/noticias\/#website","url":"https:\/\/www.eldigitaldeasturias.com\/noticias\/","name":"El Digital de Asturias - Diario de actualidad y noticias","alternateName":"El Digital de Asturias - Diario de actualidad y noticias","description":"Hemeroteca","inLanguage":"es-ES","publisher":{"@id":"https:\/\/www.eldigitaldeasturias.com\/noticias\/#organization"}}]},"og:locale":"es_ES","og:site_name":"El Digital de Asturias","og:type":"article","og:title":"G\u00f3mez Noya dice que su reto \u00abes defender el t\u00edtulo mundial\u00bb - El Digital de Asturias","og:description":"Vigo, 5 feb (EFE).- El triatleta gallego Javier G\u00f3mez Noya, tres veces campe\u00f3n del Mundo y medalla de plata en los pasados Juegos Ol\u00edmpicos de Londres 2012, se ha marcado como objetivo para el 2014 revalidar el t\u00edtulo mundial que logr\u00f3 el pasado a\u00f1o. &quot;Mi reto es defender el t\u00edtulo mundial y s\u00e9 que no","og:url":"https:\/\/www.eldigitaldeasturias.com\/noticias\/gomez-noya-dice-que-su-reto-es-defender-el-titulo-mundial\/","article:tag":["actualidad"],"article:published_time":"2014-02-06T03:08:57+00:00","article:modified_time":"2014-02-06T03:08:57+00:00","article:publisher":"https:\/\/facebook.com\/eldigitaldeasturias","twitter:card":"summary_large_image","twitter:title":"G\u00f3mez Noya dice que su reto \u00abes defender el t\u00edtulo mundial\u00bb - El Digital de Asturias","twitter:description":"Vigo, 5 feb (EFE).- El triatleta gallego Javier G\u00f3mez Noya, tres veces campe\u00f3n del Mundo y medalla de plata en los pasados Juegos Ol\u00edmpicos de Londres 2012, se ha marcado como objetivo para el 2014 revalidar el t\u00edtulo mundial que logr\u00f3 el pasado a\u00f1o. &quot;Mi reto es defender el t\u00edtulo mundial y s\u00e9 que no","twitter:label1":"Escrito por","twitter:data1":"El Digital de Asturias","twitter:label2":"Tiempo de lectura estimado","twitter:data2":"2 minutos"},"aioseo_meta_data":{"post_id":"484675","title":null,"description":null,"keywords":null,"keyphrases":null,"primary_term":null,"canonical_url":null,"og_title":null,"og_description":null,"og_object_type":"default","og_image_type":"default","og_image_url":null,"og_image_width":null,"og_image_height":null,"og_image_custom_url":null,"og_image_custom_fields":null,"og_video":null,"og_custom_url":null,"og_article_section":null,"og_article_tags":null,"twitter_use_og":true,"twitter_card":"default","twitter_image_type":"default","twitter_image_url":null,"twitter_image_custom_url":null,"twitter_image_custom_fields":null,"twitter_title":null,"twitter_description":null,"schema":{"blockGraphs":[],"customGraphs":[],"default":{"data":{"Article":[],"Course":[],"Dataset":[],"FAQPage":[],"Movie":[],"Person":[],"Product":[],"ProductReview":[],"Car":[],"Recipe":[],"Service":[],"SoftwareApplication":[],"WebPage":[]},"graphName":"","isEnabled":true},"graphs":[],"defaultGraph":"","defaultPostTypeGraph":""},"schema_type":null,"schema_type_options":null,"pillar_content":false,"robots_default":true,"robots_noindex":false,"robots_noarchive":false,"robots_nosnippet":false,"robots_nofollow":false,"robots_noimageindex":false,"robots_noodp":false,"robots_notranslate":false,"robots_max_snippet":null,"robots_max_videopreview":null,"robots_max_imagepreview":"none","priority":null,"frequency":null,"local_seo":null,"seo_analyzer_scan_date":"2026-06-02 16:40:53","breadcrumb_settings":null,"limit_modified_date":false,"open_ai":null,"ai":null,"created":"2020-11-14 22:55:06","updated":"2026-06-02 16:40:53","focus_keyword":null,"additional_keywords":null,"truseo_locale":null},"aioseo_breadcrumb":"<div class=\"aioseo-breadcrumbs\"><span class=\"aioseo-breadcrumb\">\n\t<a href=\"https:\/\/www.eldigitaldeasturias.com\/noticias\" title=\"Home\">Home<\/a>\n<\/span><span class=\"aioseo-breadcrumb-separator\">\u2013<\/span><span class=\"aioseo-breadcrumb\">\n\t<a href=\"https:\/\/www.eldigitaldeasturias.com\/noticias\/category\/actualidad\/\" title=\"Actualidad\">Actualidad<\/a>\n<\/span><span class=\"aioseo-breadcrumb-separator\">\u2013<\/span><span class=\"aioseo-breadcrumb\">\n\t<a href=\"https:\/\/www.eldigitaldeasturias.com\/noticias\/gomez-noya-dice-que-su-reto-es-defender-el-titulo-mundial\/\" title=\"G\u00f3mez Noya dice que su reto \u00abes defender el t\u00edtulo mundial\u00bb\">G\u00f3mez Noya dice que su reto \u00abes defender el t\u00edtulo mundial\u00bb<\/a>\n<\/span><\/div>","aioseo_breadcrumb_json":[{"label":"Home","link":"https:\/\/www.eldigitaldeasturias.com\/noticias"},{"label":"Actualidad","link":"https:\/\/www.eldigitaldeasturias.com\/noticias\/category\/actualidad\/"},{"label":"G\u00f3mez Noya dice que su reto \u00abes defender el t\u00edtulo mundial\u00bb","link":"https:\/\/www.eldigitaldeasturias.com\/noticias\/gomez-noya-dice-que-su-reto-es-defender-el-titulo-mundial\/"}],"_links":{"self":[{"href":"https:\/\/www.eldigitaldeasturias.com\/noticias\/wp-json\/wp\/v2\/posts\/484675","targetHints":{"allow":["GET"]}}],"collection":[{"href":"https:\/\/www.eldigitaldeasturias.com\/noticias\/wp-json\/wp\/v2\/posts"}],"about":[{"href":"https:\/\/www.eldigitaldeasturias.com\/noticias\/wp-json\/wp\/v2\/types\/post"}],"author":[{"embeddable":true,"href":"https:\/\/www.eldigitaldeasturias.com\/noticias\/wp-json\/wp\/v2\/users\/1"}],"replies":[{"embeddable":true,"href":"https:\/\/www.eldigitaldeasturias.com\/noticias\/wp-json\/wp\/v2\/comments?post=484675"}],"version-history":[{"count":0,"href":"https:\/\/www.eldigitaldeasturias.com\/noticias\/wp-json\/wp\/v2\/posts\/484675\/revisions"}],"wp:attachment":[{"href":"https:\/\/www.eldigitaldeasturias.com\/noticias\/wp-json\/wp\/v2\/media?parent=484675"}],"wp:term":[{"taxonomy":"category","embeddable":true,"href":"https:\/\/www.eldigitaldeasturias.com\/noticias\/wp-json\/wp\/v2\/categories?post=484675"},{"taxonomy":"post_tag","embeddable":true,"href":"https:\/\/www.eldigitaldeasturias.com\/noticias\/wp-json\/wp\/v2\/tags?post=484675"}],"curies":[{"name":"wp","href":"https:\/\/api.w.org\/{rel}","templated":true}]}}