{"id":484656,"date":"2014-02-06T01:57:58","date_gmt":"2014-02-06T02:57:58","guid":{"rendered":"http:\/\/www.eldigitaldeasturias.com\/noticias\/?p=484656"},"modified":"2014-02-06T01:57:58","modified_gmt":"2014-02-06T02:57:58","slug":"un-herido-leve-por-el-temporal-que-continua-con-nuevas-borrascas-y-frentes","status":"publish","type":"post","link":"https:\/\/www.eldigitaldeasturias.com\/noticias\/un-herido-leve-por-el-temporal-que-continua-con-nuevas-borrascas-y-frentes\/","title":{"rendered":"Un herido leve por el temporal, que contin\u00faa con nuevas borrascas y frentes"},"content":{"rendered":"<p><img loading=\"lazy\" decoding=\"async\" class=\"alignleft size-medium wp-image-484657\" alt=\"5912478w\" src=\"https:\/\/www.eldigitaldeasturias.com\/noticias\/wp-content\/uploads\/2014\/02\/5912478w-360x271.jpg\" width=\"360\" height=\"271\" \/>Madrid, 5 feb (EFE).- Sucesivas borrascas, acompa\u00f1adas de frentes fr\u00edos, seguir\u00e1n afectando a la Pen\u00ednsula en lo que resta de semana y durante toda la siguiente, un temporal de viento que hoy ha complicado el tr\u00e1fico en v\u00edas de Lleida y Girona y que ha herido leve a un hombre en A Coru\u00f1a.<\/p>\n<p>A partir de ma\u00f1ana, una nueva borrasca atl\u00e1ntica pr\u00f3xima a las costas de Galicia, dar\u00e1 lugar a un nuevo temporal con vientos fuertes o muy fuertes en Galicia, Asturias, Cantabria, zonas de alta monta\u00f1a de la mitad norte peninsular y Castilla y Le\u00f3n, donde podr\u00e1n alcanzarse localmente rachas de hasta 130 km\/hora.<\/p>\n<p>Seg\u00fan ha explicado a Efe la portavoz de la Aemet, Ana Casals, hoy se han llegado a registrar rachas de viento de 101 kil\u00f3metros por hora en zonas de Asturias y en A Coru\u00f1a, y \u00abla superborrasca\u00bb de estos \u00faltimos d\u00edas se restringe al sur peninsular.<\/p>\n<p>\u00abEsta semana y la que viene vendr\u00e1 con un paso sucesivo de frentes, asociados a borrascas profundas atl\u00e1nticas, que nos dejar\u00e1n lluvias muy importantes. Afectar\u00e1 en especial a Galicia\u00bb.<\/p>\n<p>En general, no habr\u00e1 grandes nevadas ni heladas, pero s\u00ed lluvias.<\/p>\n<p>Como consecuencia del temporal, un hombre ha resultado hoy herido leve al entrar un trozo de fachada por la ventana de una casa pr\u00f3xima, en A Coru\u00f1a.<\/p>\n<p>El var\u00f3n se encontraba en el quinto piso a resguardo, cre\u00eda, del temporal, cuando, a causa del fuerte viento, se desprendieron varios paneles de fibrocemento de una fachada.<\/p>\n<p>Por otro lado, la alerta roja decretada para el litoral gallego ha impedido hoy que salieran al mar los medios de Salvamento Mar\u00edtimo que han estado buscando al joven de 15 a\u00f1os engullido por el mar el pasado domingo en el municipio lucense de Foz, aunque no se descarta que si mejora el tiempo se retomen las labores de b\u00fasqueda.<\/p>\n<p>Asimismo, el Gobierno del Principado ha acordado hoy abrir una l\u00ednea de ayudas a los particulares y municipios afectados por el temporal que azota la regi\u00f3n desde el pasado fin de semana que tendr\u00e1 car\u00e1cter suplementario a las que los damnificados puedan solicitar al Estado.<\/p>\n<p>Mientras que el Parlamento de Galicia ha aprobado por unanimidad instar a la Xunta a evaluar los da\u00f1os, habilitar cr\u00e9ditos y acometer obras para paliar los destrozos del temporal.<\/p>\n<p>A causa del viento, los ayuntamientos de Ja\u00e9n y de Le\u00f3n han cerrado al p\u00fablico los parques y jardines municipales para garantizar la seguridad ante las fuertes rachas que alcanzan los 80 kil\u00f3metros hora.<\/p>\n<p>Por \u00faltimo, la nieve ha seguido complicando el tr\u00e1fico en la red nacional en Huesca y ha obligado a restringir la circulaci\u00f3n de camiones y autobuses en L\u00e9rida, en tramos de la N-230, seg\u00fan la Direcci\u00f3n General de Tr\u00e1fico (DGT).<\/p>\n","protected":false},"excerpt":{"rendered":"<p>Madrid, 5 feb (EFE).- Sucesivas borrascas, acompa\u00f1adas de frentes fr\u00edos, seguir\u00e1n afectando a la Pen\u00ednsula en lo que resta de semana y durante toda la siguiente, un temporal de viento que hoy ha complicado el tr\u00e1fico en v\u00edas de Lleida y Girona y que ha herido leve a un hombre en A Coru\u00f1a. A partir [&hellip;]<\/p>\n","protected":false},"author":1,"featured_media":484657,"comment_status":"closed","ping_status":"open","sticky":false,"template":"","format":"standard","meta":{"footnotes":""},"categories":[1],"tags":[],"class_list":["post-484656","post","type-post","status-publish","format-standard","has-post-thumbnail","hentry","category-actualidad"],"aioseo_notices":[],"aioseo_head":"\n\t\t<!-- All in One SEO Pro 5.0.1 - aioseo.com -->\n\t<meta name=\"description\" content=\"Madrid, 5 feb (EFE).- Sucesivas borrascas, acompa\u00f1adas de frentes fr\u00edos, seguir\u00e1n afectando a la Pen\u00ednsula en lo que resta de semana y durante toda la siguiente, un temporal de viento que hoy ha complicado el tr\u00e1fico en v\u00edas de Lleida y Girona y que ha herido leve a un hombre en A Coru\u00f1a. A partir\" \/>\n\t<meta name=\"robots\" content=\"max-image-preview:large\" \/>\n\t<meta name=\"author\" content=\"El Digital de Asturias\"\/>\n\t<meta name=\"google-site-verification\" content=\"UA-38556648-1\" \/>\n\t<meta name=\"msvalidate.01\" content=\"7dfe9f3f1b24437ab69f4f2559babe99\" \/>\n\t<meta name=\"keywords\" content=\"actualidad\" \/>\n\t<link rel=\"canonical\" href=\"https:\/\/www.eldigitaldeasturias.com\/noticias\/un-herido-leve-por-el-temporal-que-continua-con-nuevas-borrascas-y-frentes\/\" \/>\n\t<meta name=\"generator\" content=\"All in One SEO Pro (AIOSEO) 5.0.1\" \/>\n\t\t<meta property=\"og:locale\" content=\"es_ES\" \/>\n\t\t<meta property=\"og:site_name\" content=\"El Digital de Asturias\" \/>\n\t\t<meta property=\"og:type\" content=\"article\" \/>\n\t\t<meta property=\"og:title\" content=\"Un herido leve por el temporal, que contin\u00faa con nuevas borrascas y frentes - El Digital de Asturias\" \/>\n\t\t<meta property=\"og:description\" content=\"Madrid, 5 feb (EFE).- Sucesivas borrascas, acompa\u00f1adas de frentes fr\u00edos, seguir\u00e1n afectando a la Pen\u00ednsula en lo que resta de semana y durante toda la siguiente, un temporal de viento que hoy ha complicado el tr\u00e1fico en v\u00edas de Lleida y Girona y que ha herido leve a un hombre en A Coru\u00f1a. A partir\" \/>\n\t\t<meta property=\"og:url\" content=\"https:\/\/www.eldigitaldeasturias.com\/noticias\/un-herido-leve-por-el-temporal-que-continua-con-nuevas-borrascas-y-frentes\/\" \/>\n\t\t<meta property=\"article:tag\" content=\"actualidad\" \/>\n\t\t<meta property=\"article:published_time\" content=\"2014-02-06T02:57:58+00:00\" \/>\n\t\t<meta property=\"article:modified_time\" content=\"2014-02-06T02:57:58+00:00\" \/>\n\t\t<meta property=\"article:publisher\" content=\"https:\/\/facebook.com\/eldigitaldeasturias\" \/>\n\t\t<meta name=\"twitter:card\" content=\"summary_large_image\" \/>\n\t\t<meta name=\"twitter:title\" content=\"Un herido leve por el temporal, que contin\u00faa con nuevas borrascas y frentes - El Digital de Asturias\" \/>\n\t\t<meta name=\"twitter:description\" content=\"Madrid, 5 feb (EFE).- Sucesivas borrascas, acompa\u00f1adas de frentes fr\u00edos, seguir\u00e1n afectando a la Pen\u00ednsula en lo que resta de semana y durante toda la siguiente, un temporal de viento que hoy ha complicado el tr\u00e1fico en v\u00edas de Lleida y Girona y que ha herido leve a un hombre en A Coru\u00f1a. A partir\" \/>\n\t\t<meta name=\"twitter:label1\" content=\"Escrito por\" \/>\n\t\t<meta name=\"twitter:data1\" content=\"El Digital de Asturias\" \/>\n\t\t<meta name=\"twitter:label2\" content=\"Tiempo de lectura estimado\" \/>\n\t\t<meta name=\"twitter:data2\" content=\"2 minutos\" \/>\n\t\t<script type=\"application\/ld+json\" class=\"aioseo-schema\">\n\t\t\t{\"@context\":\"https:\\\/\\\/schema.org\",\"@graph\":[{\"@type\":\"BlogPosting\",\"@id\":\"https:\\\/\\\/www.eldigitaldeasturias.com\\\/noticias\\\/un-herido-leve-por-el-temporal-que-continua-con-nuevas-borrascas-y-frentes\\\/#blogposting\",\"name\":\"Un herido leve por el temporal, que contin\\u00faa con nuevas borrascas y frentes - El Digital de Asturias\",\"headline\":\"Un herido leve por el temporal, que contin\\u00faa con nuevas borrascas y frentes\",\"author\":{\"@id\":\"https:\\\/\\\/www.eldigitaldeasturias.com\\\/noticias\\\/author\\\/admin\\\/#author\"},\"publisher\":{\"@id\":\"https:\\\/\\\/www.eldigitaldeasturias.com\\\/noticias\\\/#organization\"},\"image\":{\"@type\":\"ImageObject\",\"url\":484657},\"datePublished\":\"2014-02-06T01:57:58+01:00\",\"dateModified\":\"2014-02-06T01:57:58+01:00\",\"inLanguage\":\"es-ES\",\"mainEntityOfPage\":{\"@id\":\"https:\\\/\\\/www.eldigitaldeasturias.com\\\/noticias\\\/un-herido-leve-por-el-temporal-que-continua-con-nuevas-borrascas-y-frentes\\\/#webpage\"},\"isPartOf\":{\"@id\":\"https:\\\/\\\/www.eldigitaldeasturias.com\\\/noticias\\\/un-herido-leve-por-el-temporal-que-continua-con-nuevas-borrascas-y-frentes\\\/#webpage\"},\"articleSection\":\"Actualidad\"},{\"@type\":\"BreadcrumbList\",\"@id\":\"https:\\\/\\\/www.eldigitaldeasturias.com\\\/noticias\\\/un-herido-leve-por-el-temporal-que-continua-con-nuevas-borrascas-y-frentes\\\/#breadcrumblist\",\"itemListElement\":[{\"@type\":\"ListItem\",\"@id\":\"https:\\\/\\\/www.eldigitaldeasturias.com\\\/noticias#listItem\",\"position\":1,\"name\":\"Home\",\"item\":\"https:\\\/\\\/www.eldigitaldeasturias.com\\\/noticias\",\"nextItem\":{\"@type\":\"ListItem\",\"@id\":\"https:\\\/\\\/www.eldigitaldeasturias.com\\\/noticias\\\/category\\\/actualidad\\\/#listItem\",\"name\":\"Actualidad\"}},{\"@type\":\"ListItem\",\"@id\":\"https:\\\/\\\/www.eldigitaldeasturias.com\\\/noticias\\\/category\\\/actualidad\\\/#listItem\",\"position\":2,\"name\":\"Actualidad\",\"item\":\"https:\\\/\\\/www.eldigitaldeasturias.com\\\/noticias\\\/category\\\/actualidad\\\/\",\"nextItem\":{\"@type\":\"ListItem\",\"@id\":\"https:\\\/\\\/www.eldigitaldeasturias.com\\\/noticias\\\/un-herido-leve-por-el-temporal-que-continua-con-nuevas-borrascas-y-frentes\\\/#listItem\",\"name\":\"Un herido leve por el temporal, que contin\\u00faa con nuevas borrascas y frentes\"},\"previousItem\":{\"@type\":\"ListItem\",\"@id\":\"https:\\\/\\\/www.eldigitaldeasturias.com\\\/noticias#listItem\",\"name\":\"Home\"}},{\"@type\":\"ListItem\",\"@id\":\"https:\\\/\\\/www.eldigitaldeasturias.com\\\/noticias\\\/un-herido-leve-por-el-temporal-que-continua-con-nuevas-borrascas-y-frentes\\\/#listItem\",\"position\":3,\"name\":\"Un herido leve por el temporal, que contin\\u00faa con nuevas borrascas y frentes\",\"previousItem\":{\"@type\":\"ListItem\",\"@id\":\"https:\\\/\\\/www.eldigitaldeasturias.com\\\/noticias\\\/category\\\/actualidad\\\/#listItem\",\"name\":\"Actualidad\"}}]},{\"@type\":\"Organization\",\"@id\":\"https:\\\/\\\/www.eldigitaldeasturias.com\\\/noticias\\\/#organization\",\"name\":\"El Digital de Asturias\",\"description\":\"Hemeroteca\",\"url\":\"https:\\\/\\\/www.eldigitaldeasturias.com\\\/noticias\\\/\",\"email\":\"info@eldigitaldeasturias.com\",\"telephone\":\"+34652131393\",\"logo\":{\"@type\":\"ImageObject\",\"url\":\"https:\\\/\\\/www.eldigitaldeasturias.com\\\/noticias\\\/wp-content\\\/uploads\\\/2020\\\/12\\\/EDA.jpg\",\"@id\":\"https:\\\/\\\/www.eldigitaldeasturias.com\\\/noticias\\\/un-herido-leve-por-el-temporal-que-continua-con-nuevas-borrascas-y-frentes\\\/#organizationLogo\"},\"image\":{\"@id\":\"https:\\\/\\\/www.eldigitaldeasturias.com\\\/noticias\\\/un-herido-leve-por-el-temporal-que-continua-con-nuevas-borrascas-y-frentes\\\/#organizationLogo\"},\"sameAs\":[\"https:\\\/\\\/facebook.com\\\/eldigitaldeasturias\",\"https:\\\/\\\/www.youtube.com\\\/channel\\\/UCZP-2wLEB9Rv6erhFmqVnvg\"],\"address\":{\"@id\":\"https:\\\/\\\/www.eldigitaldeasturias.com\\\/noticias\\\/#postaladdress\",\"@type\":\"PostalAddress\",\"streetAddress\":\"san antonio 4\",\"postalCode\":\"33430\",\"addressLocality\":\"Cand\\u00e1s\",\"addressRegion\":\"Asturias\",\"addressCountry\":\"ES\"}},{\"@type\":\"Person\",\"@id\":\"https:\\\/\\\/www.eldigitaldeasturias.com\\\/noticias\\\/author\\\/admin\\\/#author\",\"url\":\"https:\\\/\\\/www.eldigitaldeasturias.com\\\/noticias\\\/author\\\/admin\\\/\",\"name\":\"El Digital de Asturias\",\"image\":{\"@type\":\"ImageObject\",\"@id\":\"https:\\\/\\\/www.eldigitaldeasturias.com\\\/noticias\\\/un-herido-leve-por-el-temporal-que-continua-con-nuevas-borrascas-y-frentes\\\/#authorImage\",\"url\":\"https:\\\/\\\/secure.gravatar.com\\\/avatar\\\/df2aeffc32bcd13f8d26072ef8a91b623d677766deac7f97ca815868cd41bf5e?s=96&d=mm&r=g\",\"width\":96,\"height\":96,\"caption\":\"El Digital de Asturias\"}},{\"@type\":\"WebPage\",\"@id\":\"https:\\\/\\\/www.eldigitaldeasturias.com\\\/noticias\\\/un-herido-leve-por-el-temporal-que-continua-con-nuevas-borrascas-y-frentes\\\/#webpage\",\"url\":\"https:\\\/\\\/www.eldigitaldeasturias.com\\\/noticias\\\/un-herido-leve-por-el-temporal-que-continua-con-nuevas-borrascas-y-frentes\\\/\",\"name\":\"Un herido leve por el temporal, que contin\\u00faa con nuevas borrascas y frentes - El Digital de Asturias\",\"description\":\"Madrid, 5 feb (EFE).- Sucesivas borrascas, acompa\\u00f1adas de frentes fr\\u00edos, seguir\\u00e1n afectando a la Pen\\u00ednsula en lo que resta de semana y durante toda la siguiente, un temporal de viento que hoy ha complicado el tr\\u00e1fico en v\\u00edas de Lleida y Girona y que ha herido leve a un hombre en A Coru\\u00f1a. A partir\",\"inLanguage\":\"es-ES\",\"isPartOf\":{\"@id\":\"https:\\\/\\\/www.eldigitaldeasturias.com\\\/noticias\\\/#website\"},\"breadcrumb\":{\"@id\":\"https:\\\/\\\/www.eldigitaldeasturias.com\\\/noticias\\\/un-herido-leve-por-el-temporal-que-continua-con-nuevas-borrascas-y-frentes\\\/#breadcrumblist\"},\"author\":{\"@id\":\"https:\\\/\\\/www.eldigitaldeasturias.com\\\/noticias\\\/author\\\/admin\\\/#author\"},\"creator\":{\"@id\":\"https:\\\/\\\/www.eldigitaldeasturias.com\\\/noticias\\\/author\\\/admin\\\/#author\"},\"image\":{\"@type\":\"ImageObject\",\"url\":484657,\"@id\":\"https:\\\/\\\/www.eldigitaldeasturias.com\\\/noticias\\\/un-herido-leve-por-el-temporal-que-continua-con-nuevas-borrascas-y-frentes\\\/#mainImage\"},\"primaryImageOfPage\":{\"@id\":\"https:\\\/\\\/www.eldigitaldeasturias.com\\\/noticias\\\/un-herido-leve-por-el-temporal-que-continua-con-nuevas-borrascas-y-frentes\\\/#mainImage\"},\"datePublished\":\"2014-02-06T01:57:58+01:00\",\"dateModified\":\"2014-02-06T01:57:58+01:00\"},{\"@type\":\"WebSite\",\"@id\":\"https:\\\/\\\/www.eldigitaldeasturias.com\\\/noticias\\\/#website\",\"url\":\"https:\\\/\\\/www.eldigitaldeasturias.com\\\/noticias\\\/\",\"name\":\"El Digital de Asturias - Diario de actualidad y noticias\",\"alternateName\":\"El Digital de Asturias - Diario de actualidad y noticias\",\"description\":\"Hemeroteca\",\"inLanguage\":\"es-ES\",\"publisher\":{\"@id\":\"https:\\\/\\\/www.eldigitaldeasturias.com\\\/noticias\\\/#organization\"}}]}\n\t\t<\/script>\n\t\t<!-- All in One SEO Pro -->\r\n\t\t<title>Un herido leve por el temporal, que contin\u00faa con nuevas borrascas y frentes - El Digital de Asturias<\/title>\n\n","aioseo_head_json":{"title":"Un herido leve por el temporal, que contin\u00faa con nuevas borrascas y frentes - El Digital de Asturias","description":"Madrid, 5 feb (EFE).- Sucesivas borrascas, acompa\u00f1adas de frentes fr\u00edos, seguir\u00e1n afectando a la Pen\u00ednsula en lo que resta de semana y durante toda la siguiente, un temporal de viento que hoy ha complicado el tr\u00e1fico en v\u00edas de Lleida y Girona y que ha herido leve a un hombre en A Coru\u00f1a. A partir","canonical_url":"https:\/\/www.eldigitaldeasturias.com\/noticias\/un-herido-leve-por-el-temporal-que-continua-con-nuevas-borrascas-y-frentes\/","robots":"max-image-preview:large","keywords":"actualidad","webmasterTools":{"google-site-verification":"UA-38556648-1","msvalidate.01":"7dfe9f3f1b24437ab69f4f2559babe99","miscellaneous":""},"schema":{"@context":"https:\/\/schema.org","@graph":[{"@type":"BlogPosting","@id":"https:\/\/www.eldigitaldeasturias.com\/noticias\/un-herido-leve-por-el-temporal-que-continua-con-nuevas-borrascas-y-frentes\/#blogposting","name":"Un herido leve por el temporal, que contin\u00faa con nuevas borrascas y frentes - El Digital de Asturias","headline":"Un herido leve por el temporal, que contin\u00faa con nuevas borrascas y frentes","author":{"@id":"https:\/\/www.eldigitaldeasturias.com\/noticias\/author\/admin\/#author"},"publisher":{"@id":"https:\/\/www.eldigitaldeasturias.com\/noticias\/#organization"},"image":{"@type":"ImageObject","url":484657},"datePublished":"2014-02-06T01:57:58+01:00","dateModified":"2014-02-06T01:57:58+01:00","inLanguage":"es-ES","mainEntityOfPage":{"@id":"https:\/\/www.eldigitaldeasturias.com\/noticias\/un-herido-leve-por-el-temporal-que-continua-con-nuevas-borrascas-y-frentes\/#webpage"},"isPartOf":{"@id":"https:\/\/www.eldigitaldeasturias.com\/noticias\/un-herido-leve-por-el-temporal-que-continua-con-nuevas-borrascas-y-frentes\/#webpage"},"articleSection":"Actualidad"},{"@type":"BreadcrumbList","@id":"https:\/\/www.eldigitaldeasturias.com\/noticias\/un-herido-leve-por-el-temporal-que-continua-con-nuevas-borrascas-y-frentes\/#breadcrumblist","itemListElement":[{"@type":"ListItem","@id":"https:\/\/www.eldigitaldeasturias.com\/noticias#listItem","position":1,"name":"Home","item":"https:\/\/www.eldigitaldeasturias.com\/noticias","nextItem":{"@type":"ListItem","@id":"https:\/\/www.eldigitaldeasturias.com\/noticias\/category\/actualidad\/#listItem","name":"Actualidad"}},{"@type":"ListItem","@id":"https:\/\/www.eldigitaldeasturias.com\/noticias\/category\/actualidad\/#listItem","position":2,"name":"Actualidad","item":"https:\/\/www.eldigitaldeasturias.com\/noticias\/category\/actualidad\/","nextItem":{"@type":"ListItem","@id":"https:\/\/www.eldigitaldeasturias.com\/noticias\/un-herido-leve-por-el-temporal-que-continua-con-nuevas-borrascas-y-frentes\/#listItem","name":"Un herido leve por el temporal, que contin\u00faa con nuevas borrascas y frentes"},"previousItem":{"@type":"ListItem","@id":"https:\/\/www.eldigitaldeasturias.com\/noticias#listItem","name":"Home"}},{"@type":"ListItem","@id":"https:\/\/www.eldigitaldeasturias.com\/noticias\/un-herido-leve-por-el-temporal-que-continua-con-nuevas-borrascas-y-frentes\/#listItem","position":3,"name":"Un herido leve por el temporal, que contin\u00faa con nuevas borrascas y frentes","previousItem":{"@type":"ListItem","@id":"https:\/\/www.eldigitaldeasturias.com\/noticias\/category\/actualidad\/#listItem","name":"Actualidad"}}]},{"@type":"Organization","@id":"https:\/\/www.eldigitaldeasturias.com\/noticias\/#organization","name":"El Digital de Asturias","description":"Hemeroteca","url":"https:\/\/www.eldigitaldeasturias.com\/noticias\/","email":"info@eldigitaldeasturias.com","telephone":"+34652131393","logo":{"@type":"ImageObject","url":"https:\/\/www.eldigitaldeasturias.com\/noticias\/wp-content\/uploads\/2020\/12\/EDA.jpg","@id":"https:\/\/www.eldigitaldeasturias.com\/noticias\/un-herido-leve-por-el-temporal-que-continua-con-nuevas-borrascas-y-frentes\/#organizationLogo"},"image":{"@id":"https:\/\/www.eldigitaldeasturias.com\/noticias\/un-herido-leve-por-el-temporal-que-continua-con-nuevas-borrascas-y-frentes\/#organizationLogo"},"sameAs":["https:\/\/facebook.com\/eldigitaldeasturias","https:\/\/www.youtube.com\/channel\/UCZP-2wLEB9Rv6erhFmqVnvg"],"address":{"@id":"https:\/\/www.eldigitaldeasturias.com\/noticias\/#postaladdress","@type":"PostalAddress","streetAddress":"san antonio 4","postalCode":"33430","addressLocality":"Cand\u00e1s","addressRegion":"Asturias","addressCountry":"ES"}},{"@type":"Person","@id":"https:\/\/www.eldigitaldeasturias.com\/noticias\/author\/admin\/#author","url":"https:\/\/www.eldigitaldeasturias.com\/noticias\/author\/admin\/","name":"El Digital de Asturias","image":{"@type":"ImageObject","@id":"https:\/\/www.eldigitaldeasturias.com\/noticias\/un-herido-leve-por-el-temporal-que-continua-con-nuevas-borrascas-y-frentes\/#authorImage","url":"https:\/\/secure.gravatar.com\/avatar\/df2aeffc32bcd13f8d26072ef8a91b623d677766deac7f97ca815868cd41bf5e?s=96&d=mm&r=g","width":96,"height":96,"caption":"El Digital de Asturias"}},{"@type":"WebPage","@id":"https:\/\/www.eldigitaldeasturias.com\/noticias\/un-herido-leve-por-el-temporal-que-continua-con-nuevas-borrascas-y-frentes\/#webpage","url":"https:\/\/www.eldigitaldeasturias.com\/noticias\/un-herido-leve-por-el-temporal-que-continua-con-nuevas-borrascas-y-frentes\/","name":"Un herido leve por el temporal, que contin\u00faa con nuevas borrascas y frentes - El Digital de Asturias","description":"Madrid, 5 feb (EFE).- Sucesivas borrascas, acompa\u00f1adas de frentes fr\u00edos, seguir\u00e1n afectando a la Pen\u00ednsula en lo que resta de semana y durante toda la siguiente, un temporal de viento que hoy ha complicado el tr\u00e1fico en v\u00edas de Lleida y Girona y que ha herido leve a un hombre en A Coru\u00f1a. A partir","inLanguage":"es-ES","isPartOf":{"@id":"https:\/\/www.eldigitaldeasturias.com\/noticias\/#website"},"breadcrumb":{"@id":"https:\/\/www.eldigitaldeasturias.com\/noticias\/un-herido-leve-por-el-temporal-que-continua-con-nuevas-borrascas-y-frentes\/#breadcrumblist"},"author":{"@id":"https:\/\/www.eldigitaldeasturias.com\/noticias\/author\/admin\/#author"},"creator":{"@id":"https:\/\/www.eldigitaldeasturias.com\/noticias\/author\/admin\/#author"},"image":{"@type":"ImageObject","url":484657,"@id":"https:\/\/www.eldigitaldeasturias.com\/noticias\/un-herido-leve-por-el-temporal-que-continua-con-nuevas-borrascas-y-frentes\/#mainImage"},"primaryImageOfPage":{"@id":"https:\/\/www.eldigitaldeasturias.com\/noticias\/un-herido-leve-por-el-temporal-que-continua-con-nuevas-borrascas-y-frentes\/#mainImage"},"datePublished":"2014-02-06T01:57:58+01:00","dateModified":"2014-02-06T01:57:58+01:00"},{"@type":"WebSite","@id":"https:\/\/www.eldigitaldeasturias.com\/noticias\/#website","url":"https:\/\/www.eldigitaldeasturias.com\/noticias\/","name":"El Digital de Asturias - Diario de actualidad y noticias","alternateName":"El Digital de Asturias - Diario de actualidad y noticias","description":"Hemeroteca","inLanguage":"es-ES","publisher":{"@id":"https:\/\/www.eldigitaldeasturias.com\/noticias\/#organization"}}]},"og:locale":"es_ES","og:site_name":"El Digital de Asturias","og:type":"article","og:title":"Un herido leve por el temporal, que contin\u00faa con nuevas borrascas y frentes - El Digital de Asturias","og:description":"Madrid, 5 feb (EFE).- Sucesivas borrascas, acompa\u00f1adas de frentes fr\u00edos, seguir\u00e1n afectando a la Pen\u00ednsula en lo que resta de semana y durante toda la siguiente, un temporal de viento que hoy ha complicado el tr\u00e1fico en v\u00edas de Lleida y Girona y que ha herido leve a un hombre en A Coru\u00f1a. A partir","og:url":"https:\/\/www.eldigitaldeasturias.com\/noticias\/un-herido-leve-por-el-temporal-que-continua-con-nuevas-borrascas-y-frentes\/","article:tag":["actualidad"],"article:published_time":"2014-02-06T02:57:58+00:00","article:modified_time":"2014-02-06T02:57:58+00:00","article:publisher":"https:\/\/facebook.com\/eldigitaldeasturias","twitter:card":"summary_large_image","twitter:title":"Un herido leve por el temporal, que contin\u00faa con nuevas borrascas y frentes - El Digital de Asturias","twitter:description":"Madrid, 5 feb (EFE).- Sucesivas borrascas, acompa\u00f1adas de frentes fr\u00edos, seguir\u00e1n afectando a la Pen\u00ednsula en lo que resta de semana y durante toda la siguiente, un temporal de viento que hoy ha complicado el tr\u00e1fico en v\u00edas de Lleida y Girona y que ha herido leve a un hombre en A Coru\u00f1a. A partir","twitter:label1":"Escrito por","twitter:data1":"El Digital de Asturias","twitter:label2":"Tiempo de lectura estimado","twitter:data2":"2 minutos"},"aioseo_meta_data":{"post_id":"484656","title":null,"description":null,"keywords":null,"keyphrases":null,"primary_term":null,"canonical_url":null,"og_title":null,"og_description":null,"og_object_type":"default","og_image_type":"default","og_image_url":null,"og_image_width":null,"og_image_height":null,"og_image_custom_url":null,"og_image_custom_fields":null,"og_video":null,"og_custom_url":null,"og_article_section":null,"og_article_tags":null,"twitter_use_og":true,"twitter_card":"default","twitter_image_type":"default","twitter_image_url":null,"twitter_image_custom_url":null,"twitter_image_custom_fields":null,"twitter_title":null,"twitter_description":null,"schema":{"blockGraphs":[],"customGraphs":[],"default":{"data":{"Article":[],"Course":[],"Dataset":[],"FAQPage":[],"Movie":[],"Person":[],"Product":[],"ProductReview":[],"Car":[],"Recipe":[],"Service":[],"SoftwareApplication":[],"WebPage":[]},"graphName":"","isEnabled":true},"graphs":[],"defaultGraph":"","defaultPostTypeGraph":""},"schema_type":null,"schema_type_options":null,"pillar_content":false,"robots_default":true,"robots_noindex":false,"robots_noarchive":false,"robots_nosnippet":false,"robots_nofollow":false,"robots_noimageindex":false,"robots_noodp":false,"robots_notranslate":false,"robots_max_snippet":null,"robots_max_videopreview":null,"robots_max_imagepreview":"none","priority":null,"frequency":null,"local_seo":null,"seo_analyzer_scan_date":"2026-06-02 16:38:23","breadcrumb_settings":null,"limit_modified_date":false,"open_ai":null,"ai":null,"created":"2020-11-14 22:55:05","updated":"2026-06-02 16:38:23","focus_keyword":null,"additional_keywords":null,"truseo_locale":null},"aioseo_breadcrumb":"<div class=\"aioseo-breadcrumbs\"><span class=\"aioseo-breadcrumb\">\n\t<a href=\"https:\/\/www.eldigitaldeasturias.com\/noticias\" title=\"Home\">Home<\/a>\n<\/span><span class=\"aioseo-breadcrumb-separator\">\u2013<\/span><span class=\"aioseo-breadcrumb\">\n\t<a href=\"https:\/\/www.eldigitaldeasturias.com\/noticias\/category\/actualidad\/\" title=\"Actualidad\">Actualidad<\/a>\n<\/span><span class=\"aioseo-breadcrumb-separator\">\u2013<\/span><span class=\"aioseo-breadcrumb\">\n\t<a href=\"https:\/\/www.eldigitaldeasturias.com\/noticias\/un-herido-leve-por-el-temporal-que-continua-con-nuevas-borrascas-y-frentes\/\" title=\"Un herido leve por el temporal, que contin\u00faa con nuevas borrascas y frentes\">Un herido leve por el temporal, que contin\u00faa con nuevas borrascas y frentes<\/a>\n<\/span><\/div>","aioseo_breadcrumb_json":[{"label":"Home","link":"https:\/\/www.eldigitaldeasturias.com\/noticias"},{"label":"Actualidad","link":"https:\/\/www.eldigitaldeasturias.com\/noticias\/category\/actualidad\/"},{"label":"Un herido leve por el temporal, que contin\u00faa con nuevas borrascas y frentes","link":"https:\/\/www.eldigitaldeasturias.com\/noticias\/un-herido-leve-por-el-temporal-que-continua-con-nuevas-borrascas-y-frentes\/"}],"_links":{"self":[{"href":"https:\/\/www.eldigitaldeasturias.com\/noticias\/wp-json\/wp\/v2\/posts\/484656","targetHints":{"allow":["GET"]}}],"collection":[{"href":"https:\/\/www.eldigitaldeasturias.com\/noticias\/wp-json\/wp\/v2\/posts"}],"about":[{"href":"https:\/\/www.eldigitaldeasturias.com\/noticias\/wp-json\/wp\/v2\/types\/post"}],"author":[{"embeddable":true,"href":"https:\/\/www.eldigitaldeasturias.com\/noticias\/wp-json\/wp\/v2\/users\/1"}],"replies":[{"embeddable":true,"href":"https:\/\/www.eldigitaldeasturias.com\/noticias\/wp-json\/wp\/v2\/comments?post=484656"}],"version-history":[{"count":0,"href":"https:\/\/www.eldigitaldeasturias.com\/noticias\/wp-json\/wp\/v2\/posts\/484656\/revisions"}],"wp:attachment":[{"href":"https:\/\/www.eldigitaldeasturias.com\/noticias\/wp-json\/wp\/v2\/media?parent=484656"}],"wp:term":[{"taxonomy":"category","embeddable":true,"href":"https:\/\/www.eldigitaldeasturias.com\/noticias\/wp-json\/wp\/v2\/categories?post=484656"},{"taxonomy":"post_tag","embeddable":true,"href":"https:\/\/www.eldigitaldeasturias.com\/noticias\/wp-json\/wp\/v2\/tags?post=484656"}],"curies":[{"name":"wp","href":"https:\/\/api.w.org\/{rel}","templated":true}]}}