{"id":484635,"date":"2014-02-06T01:47:30","date_gmt":"2014-02-06T02:47:30","guid":{"rendered":"http:\/\/www.eldigitaldeasturias.com\/noticias\/?p=484635"},"modified":"2014-02-06T01:47:30","modified_gmt":"2014-02-06T02:47:30","slug":"arenas-pide-una-candidatura-de-todos-y-dice-que-nunca-fomentara-la-division","status":"publish","type":"post","link":"https:\/\/www.eldigitaldeasturias.com\/noticias\/arenas-pide-una-candidatura-de-todos-y-dice-que-nunca-fomentara-la-division\/","title":{"rendered":"Arenas pide \u00abuna candidatura de todos\u00bb y dice que nunca fomentar\u00e1 la divisi\u00f3n"},"content":{"rendered":"<p><img loading=\"lazy\" decoding=\"async\" class=\"alignleft size-medium wp-image-484636\" alt=\"5914080w\" src=\"https:\/\/www.eldigitaldeasturias.com\/noticias\/wp-content\/uploads\/2014\/02\/5914080w1-360x220.jpg\" width=\"360\" height=\"220\" \/>Sevilla, 5 feb (EFE).- El vicesecretario de Pol\u00edtica Local y Auton\u00f3mica del PP y expresidente del PP-A, Javier Arenas, ha dicho hoy que desea que al congreso para relevar a Juan Ignacio Zoido al frente de la direcci\u00f3n regional vaya \u00abuna candidatura de todos\u00bb y ha asegurado que \u00e9l \u00abjam\u00e1s\u00bb fomentar\u00e1 la divisi\u00f3n del partido.<\/p>\n<p>En declaraciones a los periodistas tras participar en la Junta Directiva Regional, que ha convocado el congreso extraordinario en Sevilla para el 1 y 2 de marzo, Arenas ha afirmado que la reuni\u00f3n se ha desarrollado \u00aben un clima de mucha unidad y cohesi\u00f3n\u00bb.<\/p>\n<p>Ha dicho que su apuesta personal \u00abes el PP andaluz\u00bb y que por los a\u00f1os que ha presidido la formaci\u00f3n est\u00e1 \u00abparticularmente obligado a no tener ninguna participaci\u00f3n en este asunto\u00bb.<\/p>\n<p>Ha asegurado que est\u00e1 \u00aben total sinton\u00eda\u00bb con su partido, que est\u00e1 \u00absiempre por ayudar\u00bb y que no mover\u00e1 \u00abni un solo dedo m\u00e1s que para buscar la unidad, jam\u00e1s en la divisi\u00f3n del partido\u00bb.<\/p>\n<p>Ha hecho hincapi\u00e9 en que cree que habr\u00e1 una candidatura \u00abde todos\u00bb y que el escenario que se ha abierto es \u00ababsolutamente correcto e impecable\u00bb, que es convocar un congreso para que en \u00e9l se elija a la nueva direcci\u00f3n, que entiende que reforzar\u00e1 al partido.<\/p>\n<p>\u00abAhora todos los militantes pueden elegir a los compromisarios, pueden intentar ser candidatos en el congreso. Es un congreso abierto en el partido que tiene m\u00e1s militancia de toda Andaluc\u00eda\u00bb, ha agregado el expresidente del PP andaluz.<\/p>\n<p>Ha recordado que \u00abdesde hace mucho tiempo\u00bb no se ocupa de cuestiones que se refieren al PP-A y que lo \u00fanico que hace es ayudar cuando se lo piden.<\/p>\n<p>En relaci\u00f3n con el almuerzo que ha mantenido con la secretaria general del PP, Mar\u00eda Dolores de Cospedal, y los presidentes provinciales, se ha limitado a decir que ha sido una comida en la que los nombres \u00abno han tenido ning\u00fan papel esencial\u00bb.<\/p>\n","protected":false},"excerpt":{"rendered":"<p>Sevilla, 5 feb (EFE).- El vicesecretario de Pol\u00edtica Local y Auton\u00f3mica del PP y expresidente del PP-A, Javier Arenas, ha dicho hoy que desea que al congreso para relevar a Juan Ignacio Zoido al frente de la direcci\u00f3n regional vaya \u00abuna candidatura de todos\u00bb y ha asegurado que \u00e9l \u00abjam\u00e1s\u00bb fomentar\u00e1 la divisi\u00f3n del partido. [&hellip;]<\/p>\n","protected":false},"author":1,"featured_media":484636,"comment_status":"closed","ping_status":"open","sticky":false,"template":"","format":"standard","meta":{"footnotes":""},"categories":[1],"tags":[],"class_list":["post-484635","post","type-post","status-publish","format-standard","has-post-thumbnail","hentry","category-actualidad"],"aioseo_notices":[],"aioseo_head":"\n\t\t<!-- All in One SEO Pro 5.0.1 - aioseo.com -->\n\t<meta name=\"description\" content=\"Sevilla, 5 feb (EFE).- El vicesecretario de Pol\u00edtica Local y Auton\u00f3mica del PP y expresidente del PP-A, Javier Arenas, ha dicho hoy que desea que al congreso para relevar a Juan Ignacio Zoido al frente de la direcci\u00f3n regional vaya &quot;una candidatura de todos&quot; y ha asegurado que \u00e9l &quot;jam\u00e1s&quot; fomentar\u00e1 la divisi\u00f3n del partido.\" \/>\n\t<meta name=\"robots\" content=\"max-image-preview:large\" \/>\n\t<meta name=\"author\" content=\"El Digital de Asturias\"\/>\n\t<meta name=\"google-site-verification\" content=\"UA-38556648-1\" \/>\n\t<meta name=\"msvalidate.01\" content=\"7dfe9f3f1b24437ab69f4f2559babe99\" \/>\n\t<meta name=\"keywords\" content=\"actualidad\" \/>\n\t<link rel=\"canonical\" href=\"https:\/\/www.eldigitaldeasturias.com\/noticias\/arenas-pide-una-candidatura-de-todos-y-dice-que-nunca-fomentara-la-division\/\" \/>\n\t<meta name=\"generator\" content=\"All in One SEO Pro (AIOSEO) 5.0.1\" \/>\n\t\t<meta property=\"og:locale\" content=\"es_ES\" \/>\n\t\t<meta property=\"og:site_name\" content=\"El Digital de Asturias\" \/>\n\t\t<meta property=\"og:type\" content=\"article\" \/>\n\t\t<meta property=\"og:title\" content=\"Arenas pide \u00abuna candidatura de todos\u00bb y dice que nunca fomentar\u00e1 la divisi\u00f3n - El Digital de Asturias\" \/>\n\t\t<meta property=\"og:description\" content=\"Sevilla, 5 feb (EFE).- El vicesecretario de Pol\u00edtica Local y Auton\u00f3mica del PP y expresidente del PP-A, Javier Arenas, ha dicho hoy que desea que al congreso para relevar a Juan Ignacio Zoido al frente de la direcci\u00f3n regional vaya &quot;una candidatura de todos&quot; y ha asegurado que \u00e9l &quot;jam\u00e1s&quot; fomentar\u00e1 la divisi\u00f3n del partido.\" \/>\n\t\t<meta property=\"og:url\" content=\"https:\/\/www.eldigitaldeasturias.com\/noticias\/arenas-pide-una-candidatura-de-todos-y-dice-que-nunca-fomentara-la-division\/\" \/>\n\t\t<meta property=\"article:tag\" content=\"actualidad\" \/>\n\t\t<meta property=\"article:published_time\" content=\"2014-02-06T02:47:30+00:00\" \/>\n\t\t<meta property=\"article:modified_time\" content=\"2014-02-06T02:47:30+00:00\" \/>\n\t\t<meta property=\"article:publisher\" content=\"https:\/\/facebook.com\/eldigitaldeasturias\" \/>\n\t\t<meta name=\"twitter:card\" content=\"summary_large_image\" \/>\n\t\t<meta name=\"twitter:title\" content=\"Arenas pide \u00abuna candidatura de todos\u00bb y dice que nunca fomentar\u00e1 la divisi\u00f3n - El Digital de Asturias\" \/>\n\t\t<meta name=\"twitter:description\" content=\"Sevilla, 5 feb (EFE).- El vicesecretario de Pol\u00edtica Local y Auton\u00f3mica del PP y expresidente del PP-A, Javier Arenas, ha dicho hoy que desea que al congreso para relevar a Juan Ignacio Zoido al frente de la direcci\u00f3n regional vaya &quot;una candidatura de todos&quot; y ha asegurado que \u00e9l &quot;jam\u00e1s&quot; fomentar\u00e1 la divisi\u00f3n del partido.\" \/>\n\t\t<meta name=\"twitter:label1\" content=\"Escrito por\" \/>\n\t\t<meta name=\"twitter:data1\" content=\"El Digital de Asturias\" \/>\n\t\t<meta name=\"twitter:label2\" content=\"Tiempo de lectura estimado\" \/>\n\t\t<meta name=\"twitter:data2\" content=\"2 minutos\" \/>\n\t\t<script type=\"application\/ld+json\" class=\"aioseo-schema\">\n\t\t\t{\"@context\":\"https:\\\/\\\/schema.org\",\"@graph\":[{\"@type\":\"BlogPosting\",\"@id\":\"https:\\\/\\\/www.eldigitaldeasturias.com\\\/noticias\\\/arenas-pide-una-candidatura-de-todos-y-dice-que-nunca-fomentara-la-division\\\/#blogposting\",\"name\":\"Arenas pide \\u00abuna candidatura de todos\\u00bb y dice que nunca fomentar\\u00e1 la divisi\\u00f3n - El Digital de Asturias\",\"headline\":\"Arenas pide \\u00abuna candidatura de todos\\u00bb y dice que nunca fomentar\\u00e1 la divisi\\u00f3n\",\"author\":{\"@id\":\"https:\\\/\\\/www.eldigitaldeasturias.com\\\/noticias\\\/author\\\/admin\\\/#author\"},\"publisher\":{\"@id\":\"https:\\\/\\\/www.eldigitaldeasturias.com\\\/noticias\\\/#organization\"},\"image\":{\"@type\":\"ImageObject\",\"url\":484636},\"datePublished\":\"2014-02-06T01:47:30+01:00\",\"dateModified\":\"2014-02-06T01:47:30+01:00\",\"inLanguage\":\"es-ES\",\"mainEntityOfPage\":{\"@id\":\"https:\\\/\\\/www.eldigitaldeasturias.com\\\/noticias\\\/arenas-pide-una-candidatura-de-todos-y-dice-que-nunca-fomentara-la-division\\\/#webpage\"},\"isPartOf\":{\"@id\":\"https:\\\/\\\/www.eldigitaldeasturias.com\\\/noticias\\\/arenas-pide-una-candidatura-de-todos-y-dice-que-nunca-fomentara-la-division\\\/#webpage\"},\"articleSection\":\"Actualidad\"},{\"@type\":\"BreadcrumbList\",\"@id\":\"https:\\\/\\\/www.eldigitaldeasturias.com\\\/noticias\\\/arenas-pide-una-candidatura-de-todos-y-dice-que-nunca-fomentara-la-division\\\/#breadcrumblist\",\"itemListElement\":[{\"@type\":\"ListItem\",\"@id\":\"https:\\\/\\\/www.eldigitaldeasturias.com\\\/noticias#listItem\",\"position\":1,\"name\":\"Home\",\"item\":\"https:\\\/\\\/www.eldigitaldeasturias.com\\\/noticias\",\"nextItem\":{\"@type\":\"ListItem\",\"@id\":\"https:\\\/\\\/www.eldigitaldeasturias.com\\\/noticias\\\/category\\\/actualidad\\\/#listItem\",\"name\":\"Actualidad\"}},{\"@type\":\"ListItem\",\"@id\":\"https:\\\/\\\/www.eldigitaldeasturias.com\\\/noticias\\\/category\\\/actualidad\\\/#listItem\",\"position\":2,\"name\":\"Actualidad\",\"item\":\"https:\\\/\\\/www.eldigitaldeasturias.com\\\/noticias\\\/category\\\/actualidad\\\/\",\"nextItem\":{\"@type\":\"ListItem\",\"@id\":\"https:\\\/\\\/www.eldigitaldeasturias.com\\\/noticias\\\/arenas-pide-una-candidatura-de-todos-y-dice-que-nunca-fomentara-la-division\\\/#listItem\",\"name\":\"Arenas pide \\u00abuna candidatura de todos\\u00bb y dice que nunca fomentar\\u00e1 la divisi\\u00f3n\"},\"previousItem\":{\"@type\":\"ListItem\",\"@id\":\"https:\\\/\\\/www.eldigitaldeasturias.com\\\/noticias#listItem\",\"name\":\"Home\"}},{\"@type\":\"ListItem\",\"@id\":\"https:\\\/\\\/www.eldigitaldeasturias.com\\\/noticias\\\/arenas-pide-una-candidatura-de-todos-y-dice-que-nunca-fomentara-la-division\\\/#listItem\",\"position\":3,\"name\":\"Arenas pide \\u00abuna candidatura de todos\\u00bb y dice que nunca fomentar\\u00e1 la divisi\\u00f3n\",\"previousItem\":{\"@type\":\"ListItem\",\"@id\":\"https:\\\/\\\/www.eldigitaldeasturias.com\\\/noticias\\\/category\\\/actualidad\\\/#listItem\",\"name\":\"Actualidad\"}}]},{\"@type\":\"Organization\",\"@id\":\"https:\\\/\\\/www.eldigitaldeasturias.com\\\/noticias\\\/#organization\",\"name\":\"El Digital de Asturias\",\"description\":\"Hemeroteca\",\"url\":\"https:\\\/\\\/www.eldigitaldeasturias.com\\\/noticias\\\/\",\"email\":\"info@eldigitaldeasturias.com\",\"telephone\":\"+34652131393\",\"logo\":{\"@type\":\"ImageObject\",\"url\":\"https:\\\/\\\/www.eldigitaldeasturias.com\\\/noticias\\\/wp-content\\\/uploads\\\/2020\\\/12\\\/EDA.jpg\",\"@id\":\"https:\\\/\\\/www.eldigitaldeasturias.com\\\/noticias\\\/arenas-pide-una-candidatura-de-todos-y-dice-que-nunca-fomentara-la-division\\\/#organizationLogo\"},\"image\":{\"@id\":\"https:\\\/\\\/www.eldigitaldeasturias.com\\\/noticias\\\/arenas-pide-una-candidatura-de-todos-y-dice-que-nunca-fomentara-la-division\\\/#organizationLogo\"},\"sameAs\":[\"https:\\\/\\\/facebook.com\\\/eldigitaldeasturias\",\"https:\\\/\\\/www.youtube.com\\\/channel\\\/UCZP-2wLEB9Rv6erhFmqVnvg\"],\"address\":{\"@id\":\"https:\\\/\\\/www.eldigitaldeasturias.com\\\/noticias\\\/#postaladdress\",\"@type\":\"PostalAddress\",\"streetAddress\":\"san antonio 4\",\"postalCode\":\"33430\",\"addressLocality\":\"Cand\\u00e1s\",\"addressRegion\":\"Asturias\",\"addressCountry\":\"ES\"}},{\"@type\":\"Person\",\"@id\":\"https:\\\/\\\/www.eldigitaldeasturias.com\\\/noticias\\\/author\\\/admin\\\/#author\",\"url\":\"https:\\\/\\\/www.eldigitaldeasturias.com\\\/noticias\\\/author\\\/admin\\\/\",\"name\":\"El Digital de Asturias\",\"image\":{\"@type\":\"ImageObject\",\"@id\":\"https:\\\/\\\/www.eldigitaldeasturias.com\\\/noticias\\\/arenas-pide-una-candidatura-de-todos-y-dice-que-nunca-fomentara-la-division\\\/#authorImage\",\"url\":\"https:\\\/\\\/secure.gravatar.com\\\/avatar\\\/df2aeffc32bcd13f8d26072ef8a91b623d677766deac7f97ca815868cd41bf5e?s=96&d=mm&r=g\",\"width\":96,\"height\":96,\"caption\":\"El Digital de Asturias\"}},{\"@type\":\"WebPage\",\"@id\":\"https:\\\/\\\/www.eldigitaldeasturias.com\\\/noticias\\\/arenas-pide-una-candidatura-de-todos-y-dice-que-nunca-fomentara-la-division\\\/#webpage\",\"url\":\"https:\\\/\\\/www.eldigitaldeasturias.com\\\/noticias\\\/arenas-pide-una-candidatura-de-todos-y-dice-que-nunca-fomentara-la-division\\\/\",\"name\":\"Arenas pide \\u00abuna candidatura de todos\\u00bb y dice que nunca fomentar\\u00e1 la divisi\\u00f3n - El Digital de Asturias\",\"description\":\"Sevilla, 5 feb (EFE).- El vicesecretario de Pol\\u00edtica Local y Auton\\u00f3mica del PP y expresidente del PP-A, Javier Arenas, ha dicho hoy que desea que al congreso para relevar a Juan Ignacio Zoido al frente de la direcci\\u00f3n regional vaya \\\"una candidatura de todos\\\" y ha asegurado que \\u00e9l \\\"jam\\u00e1s\\\" fomentar\\u00e1 la divisi\\u00f3n del partido.\",\"inLanguage\":\"es-ES\",\"isPartOf\":{\"@id\":\"https:\\\/\\\/www.eldigitaldeasturias.com\\\/noticias\\\/#website\"},\"breadcrumb\":{\"@id\":\"https:\\\/\\\/www.eldigitaldeasturias.com\\\/noticias\\\/arenas-pide-una-candidatura-de-todos-y-dice-que-nunca-fomentara-la-division\\\/#breadcrumblist\"},\"author\":{\"@id\":\"https:\\\/\\\/www.eldigitaldeasturias.com\\\/noticias\\\/author\\\/admin\\\/#author\"},\"creator\":{\"@id\":\"https:\\\/\\\/www.eldigitaldeasturias.com\\\/noticias\\\/author\\\/admin\\\/#author\"},\"image\":{\"@type\":\"ImageObject\",\"url\":484636,\"@id\":\"https:\\\/\\\/www.eldigitaldeasturias.com\\\/noticias\\\/arenas-pide-una-candidatura-de-todos-y-dice-que-nunca-fomentara-la-division\\\/#mainImage\"},\"primaryImageOfPage\":{\"@id\":\"https:\\\/\\\/www.eldigitaldeasturias.com\\\/noticias\\\/arenas-pide-una-candidatura-de-todos-y-dice-que-nunca-fomentara-la-division\\\/#mainImage\"},\"datePublished\":\"2014-02-06T01:47:30+01:00\",\"dateModified\":\"2014-02-06T01:47:30+01:00\"},{\"@type\":\"WebSite\",\"@id\":\"https:\\\/\\\/www.eldigitaldeasturias.com\\\/noticias\\\/#website\",\"url\":\"https:\\\/\\\/www.eldigitaldeasturias.com\\\/noticias\\\/\",\"name\":\"El Digital de Asturias - Diario de actualidad y noticias\",\"alternateName\":\"El Digital de Asturias - Diario de actualidad y noticias\",\"description\":\"Hemeroteca\",\"inLanguage\":\"es-ES\",\"publisher\":{\"@id\":\"https:\\\/\\\/www.eldigitaldeasturias.com\\\/noticias\\\/#organization\"}}]}\n\t\t<\/script>\n\t\t<!-- All in One SEO Pro -->\r\n\t\t<title>Arenas pide \u00abuna candidatura de todos\u00bb y dice que nunca fomentar\u00e1 la divisi\u00f3n - El Digital de Asturias<\/title>\n\n","aioseo_head_json":{"title":"Arenas pide \u00abuna candidatura de todos\u00bb y dice que nunca fomentar\u00e1 la divisi\u00f3n - El Digital de Asturias","description":"Sevilla, 5 feb (EFE).- El vicesecretario de Pol\u00edtica Local y Auton\u00f3mica del PP y expresidente del PP-A, Javier Arenas, ha dicho hoy que desea que al congreso para relevar a Juan Ignacio Zoido al frente de la direcci\u00f3n regional vaya \"una candidatura de todos\" y ha asegurado que \u00e9l \"jam\u00e1s\" fomentar\u00e1 la divisi\u00f3n del partido.","canonical_url":"https:\/\/www.eldigitaldeasturias.com\/noticias\/arenas-pide-una-candidatura-de-todos-y-dice-que-nunca-fomentara-la-division\/","robots":"max-image-preview:large","keywords":"actualidad","webmasterTools":{"google-site-verification":"UA-38556648-1","msvalidate.01":"7dfe9f3f1b24437ab69f4f2559babe99","miscellaneous":""},"schema":{"@context":"https:\/\/schema.org","@graph":[{"@type":"BlogPosting","@id":"https:\/\/www.eldigitaldeasturias.com\/noticias\/arenas-pide-una-candidatura-de-todos-y-dice-que-nunca-fomentara-la-division\/#blogposting","name":"Arenas pide \u00abuna candidatura de todos\u00bb y dice que nunca fomentar\u00e1 la divisi\u00f3n - El Digital de Asturias","headline":"Arenas pide \u00abuna candidatura de todos\u00bb y dice que nunca fomentar\u00e1 la divisi\u00f3n","author":{"@id":"https:\/\/www.eldigitaldeasturias.com\/noticias\/author\/admin\/#author"},"publisher":{"@id":"https:\/\/www.eldigitaldeasturias.com\/noticias\/#organization"},"image":{"@type":"ImageObject","url":484636},"datePublished":"2014-02-06T01:47:30+01:00","dateModified":"2014-02-06T01:47:30+01:00","inLanguage":"es-ES","mainEntityOfPage":{"@id":"https:\/\/www.eldigitaldeasturias.com\/noticias\/arenas-pide-una-candidatura-de-todos-y-dice-que-nunca-fomentara-la-division\/#webpage"},"isPartOf":{"@id":"https:\/\/www.eldigitaldeasturias.com\/noticias\/arenas-pide-una-candidatura-de-todos-y-dice-que-nunca-fomentara-la-division\/#webpage"},"articleSection":"Actualidad"},{"@type":"BreadcrumbList","@id":"https:\/\/www.eldigitaldeasturias.com\/noticias\/arenas-pide-una-candidatura-de-todos-y-dice-que-nunca-fomentara-la-division\/#breadcrumblist","itemListElement":[{"@type":"ListItem","@id":"https:\/\/www.eldigitaldeasturias.com\/noticias#listItem","position":1,"name":"Home","item":"https:\/\/www.eldigitaldeasturias.com\/noticias","nextItem":{"@type":"ListItem","@id":"https:\/\/www.eldigitaldeasturias.com\/noticias\/category\/actualidad\/#listItem","name":"Actualidad"}},{"@type":"ListItem","@id":"https:\/\/www.eldigitaldeasturias.com\/noticias\/category\/actualidad\/#listItem","position":2,"name":"Actualidad","item":"https:\/\/www.eldigitaldeasturias.com\/noticias\/category\/actualidad\/","nextItem":{"@type":"ListItem","@id":"https:\/\/www.eldigitaldeasturias.com\/noticias\/arenas-pide-una-candidatura-de-todos-y-dice-que-nunca-fomentara-la-division\/#listItem","name":"Arenas pide \u00abuna candidatura de todos\u00bb y dice que nunca fomentar\u00e1 la divisi\u00f3n"},"previousItem":{"@type":"ListItem","@id":"https:\/\/www.eldigitaldeasturias.com\/noticias#listItem","name":"Home"}},{"@type":"ListItem","@id":"https:\/\/www.eldigitaldeasturias.com\/noticias\/arenas-pide-una-candidatura-de-todos-y-dice-que-nunca-fomentara-la-division\/#listItem","position":3,"name":"Arenas pide \u00abuna candidatura de todos\u00bb y dice que nunca fomentar\u00e1 la divisi\u00f3n","previousItem":{"@type":"ListItem","@id":"https:\/\/www.eldigitaldeasturias.com\/noticias\/category\/actualidad\/#listItem","name":"Actualidad"}}]},{"@type":"Organization","@id":"https:\/\/www.eldigitaldeasturias.com\/noticias\/#organization","name":"El Digital de Asturias","description":"Hemeroteca","url":"https:\/\/www.eldigitaldeasturias.com\/noticias\/","email":"info@eldigitaldeasturias.com","telephone":"+34652131393","logo":{"@type":"ImageObject","url":"https:\/\/www.eldigitaldeasturias.com\/noticias\/wp-content\/uploads\/2020\/12\/EDA.jpg","@id":"https:\/\/www.eldigitaldeasturias.com\/noticias\/arenas-pide-una-candidatura-de-todos-y-dice-que-nunca-fomentara-la-division\/#organizationLogo"},"image":{"@id":"https:\/\/www.eldigitaldeasturias.com\/noticias\/arenas-pide-una-candidatura-de-todos-y-dice-que-nunca-fomentara-la-division\/#organizationLogo"},"sameAs":["https:\/\/facebook.com\/eldigitaldeasturias","https:\/\/www.youtube.com\/channel\/UCZP-2wLEB9Rv6erhFmqVnvg"],"address":{"@id":"https:\/\/www.eldigitaldeasturias.com\/noticias\/#postaladdress","@type":"PostalAddress","streetAddress":"san antonio 4","postalCode":"33430","addressLocality":"Cand\u00e1s","addressRegion":"Asturias","addressCountry":"ES"}},{"@type":"Person","@id":"https:\/\/www.eldigitaldeasturias.com\/noticias\/author\/admin\/#author","url":"https:\/\/www.eldigitaldeasturias.com\/noticias\/author\/admin\/","name":"El Digital de Asturias","image":{"@type":"ImageObject","@id":"https:\/\/www.eldigitaldeasturias.com\/noticias\/arenas-pide-una-candidatura-de-todos-y-dice-que-nunca-fomentara-la-division\/#authorImage","url":"https:\/\/secure.gravatar.com\/avatar\/df2aeffc32bcd13f8d26072ef8a91b623d677766deac7f97ca815868cd41bf5e?s=96&d=mm&r=g","width":96,"height":96,"caption":"El Digital de Asturias"}},{"@type":"WebPage","@id":"https:\/\/www.eldigitaldeasturias.com\/noticias\/arenas-pide-una-candidatura-de-todos-y-dice-que-nunca-fomentara-la-division\/#webpage","url":"https:\/\/www.eldigitaldeasturias.com\/noticias\/arenas-pide-una-candidatura-de-todos-y-dice-que-nunca-fomentara-la-division\/","name":"Arenas pide \u00abuna candidatura de todos\u00bb y dice que nunca fomentar\u00e1 la divisi\u00f3n - El Digital de Asturias","description":"Sevilla, 5 feb (EFE).- El vicesecretario de Pol\u00edtica Local y Auton\u00f3mica del PP y expresidente del PP-A, Javier Arenas, ha dicho hoy que desea que al congreso para relevar a Juan Ignacio Zoido al frente de la direcci\u00f3n regional vaya \"una candidatura de todos\" y ha asegurado que \u00e9l \"jam\u00e1s\" fomentar\u00e1 la divisi\u00f3n del partido.","inLanguage":"es-ES","isPartOf":{"@id":"https:\/\/www.eldigitaldeasturias.com\/noticias\/#website"},"breadcrumb":{"@id":"https:\/\/www.eldigitaldeasturias.com\/noticias\/arenas-pide-una-candidatura-de-todos-y-dice-que-nunca-fomentara-la-division\/#breadcrumblist"},"author":{"@id":"https:\/\/www.eldigitaldeasturias.com\/noticias\/author\/admin\/#author"},"creator":{"@id":"https:\/\/www.eldigitaldeasturias.com\/noticias\/author\/admin\/#author"},"image":{"@type":"ImageObject","url":484636,"@id":"https:\/\/www.eldigitaldeasturias.com\/noticias\/arenas-pide-una-candidatura-de-todos-y-dice-que-nunca-fomentara-la-division\/#mainImage"},"primaryImageOfPage":{"@id":"https:\/\/www.eldigitaldeasturias.com\/noticias\/arenas-pide-una-candidatura-de-todos-y-dice-que-nunca-fomentara-la-division\/#mainImage"},"datePublished":"2014-02-06T01:47:30+01:00","dateModified":"2014-02-06T01:47:30+01:00"},{"@type":"WebSite","@id":"https:\/\/www.eldigitaldeasturias.com\/noticias\/#website","url":"https:\/\/www.eldigitaldeasturias.com\/noticias\/","name":"El Digital de Asturias - Diario de actualidad y noticias","alternateName":"El Digital de Asturias - Diario de actualidad y noticias","description":"Hemeroteca","inLanguage":"es-ES","publisher":{"@id":"https:\/\/www.eldigitaldeasturias.com\/noticias\/#organization"}}]},"og:locale":"es_ES","og:site_name":"El Digital de Asturias","og:type":"article","og:title":"Arenas pide \u00abuna candidatura de todos\u00bb y dice que nunca fomentar\u00e1 la divisi\u00f3n - El Digital de Asturias","og:description":"Sevilla, 5 feb (EFE).- El vicesecretario de Pol\u00edtica Local y Auton\u00f3mica del PP y expresidente del PP-A, Javier Arenas, ha dicho hoy que desea que al congreso para relevar a Juan Ignacio Zoido al frente de la direcci\u00f3n regional vaya &quot;una candidatura de todos&quot; y ha asegurado que \u00e9l &quot;jam\u00e1s&quot; fomentar\u00e1 la divisi\u00f3n del partido.","og:url":"https:\/\/www.eldigitaldeasturias.com\/noticias\/arenas-pide-una-candidatura-de-todos-y-dice-que-nunca-fomentara-la-division\/","article:tag":["actualidad"],"article:published_time":"2014-02-06T02:47:30+00:00","article:modified_time":"2014-02-06T02:47:30+00:00","article:publisher":"https:\/\/facebook.com\/eldigitaldeasturias","twitter:card":"summary_large_image","twitter:title":"Arenas pide \u00abuna candidatura de todos\u00bb y dice que nunca fomentar\u00e1 la divisi\u00f3n - El Digital de Asturias","twitter:description":"Sevilla, 5 feb (EFE).- El vicesecretario de Pol\u00edtica Local y Auton\u00f3mica del PP y expresidente del PP-A, Javier Arenas, ha dicho hoy que desea que al congreso para relevar a Juan Ignacio Zoido al frente de la direcci\u00f3n regional vaya &quot;una candidatura de todos&quot; y ha asegurado que \u00e9l &quot;jam\u00e1s&quot; fomentar\u00e1 la divisi\u00f3n del partido.","twitter:label1":"Escrito por","twitter:data1":"El Digital de Asturias","twitter:label2":"Tiempo de lectura estimado","twitter:data2":"2 minutos"},"aioseo_meta_data":{"post_id":"484635","title":null,"description":null,"keywords":null,"keyphrases":null,"primary_term":null,"canonical_url":null,"og_title":null,"og_description":null,"og_object_type":"default","og_image_type":"default","og_image_url":null,"og_image_width":null,"og_image_height":null,"og_image_custom_url":null,"og_image_custom_fields":null,"og_video":null,"og_custom_url":null,"og_article_section":null,"og_article_tags":null,"twitter_use_og":true,"twitter_card":"default","twitter_image_type":"default","twitter_image_url":null,"twitter_image_custom_url":null,"twitter_image_custom_fields":null,"twitter_title":null,"twitter_description":null,"schema":{"blockGraphs":[],"customGraphs":[],"default":{"data":{"Article":[],"Course":[],"Dataset":[],"FAQPage":[],"Movie":[],"Person":[],"Product":[],"ProductReview":[],"Car":[],"Recipe":[],"Service":[],"SoftwareApplication":[],"WebPage":[]},"graphName":"","isEnabled":true},"graphs":[],"defaultGraph":"","defaultPostTypeGraph":""},"schema_type":null,"schema_type_options":null,"pillar_content":false,"robots_default":true,"robots_noindex":false,"robots_noarchive":false,"robots_nosnippet":false,"robots_nofollow":false,"robots_noimageindex":false,"robots_noodp":false,"robots_notranslate":false,"robots_max_snippet":null,"robots_max_videopreview":null,"robots_max_imagepreview":"none","priority":null,"frequency":null,"local_seo":null,"seo_analyzer_scan_date":"2026-06-02 16:29:51","breadcrumb_settings":null,"limit_modified_date":false,"open_ai":null,"ai":null,"created":"2020-11-14 22:55:05","updated":"2026-06-02 16:29:51","focus_keyword":null,"additional_keywords":null,"truseo_locale":null},"aioseo_breadcrumb":"<div class=\"aioseo-breadcrumbs\"><span class=\"aioseo-breadcrumb\">\n\t<a href=\"https:\/\/www.eldigitaldeasturias.com\/noticias\" title=\"Home\">Home<\/a>\n<\/span><span class=\"aioseo-breadcrumb-separator\">\u2013<\/span><span class=\"aioseo-breadcrumb\">\n\t<a href=\"https:\/\/www.eldigitaldeasturias.com\/noticias\/category\/actualidad\/\" title=\"Actualidad\">Actualidad<\/a>\n<\/span><span class=\"aioseo-breadcrumb-separator\">\u2013<\/span><span class=\"aioseo-breadcrumb\">\n\t<a href=\"https:\/\/www.eldigitaldeasturias.com\/noticias\/arenas-pide-una-candidatura-de-todos-y-dice-que-nunca-fomentara-la-division\/\" title=\"Arenas pide \u00abuna candidatura de todos\u00bb y dice que nunca fomentar\u00e1 la divisi\u00f3n\">Arenas pide \u00abuna candidatura de todos\u00bb y dice que nunca fomentar\u00e1 la divisi\u00f3n<\/a>\n<\/span><\/div>","aioseo_breadcrumb_json":[{"label":"Home","link":"https:\/\/www.eldigitaldeasturias.com\/noticias"},{"label":"Actualidad","link":"https:\/\/www.eldigitaldeasturias.com\/noticias\/category\/actualidad\/"},{"label":"Arenas pide \u00abuna candidatura de todos\u00bb y dice que nunca fomentar\u00e1 la divisi\u00f3n","link":"https:\/\/www.eldigitaldeasturias.com\/noticias\/arenas-pide-una-candidatura-de-todos-y-dice-que-nunca-fomentara-la-division\/"}],"_links":{"self":[{"href":"https:\/\/www.eldigitaldeasturias.com\/noticias\/wp-json\/wp\/v2\/posts\/484635","targetHints":{"allow":["GET"]}}],"collection":[{"href":"https:\/\/www.eldigitaldeasturias.com\/noticias\/wp-json\/wp\/v2\/posts"}],"about":[{"href":"https:\/\/www.eldigitaldeasturias.com\/noticias\/wp-json\/wp\/v2\/types\/post"}],"author":[{"embeddable":true,"href":"https:\/\/www.eldigitaldeasturias.com\/noticias\/wp-json\/wp\/v2\/users\/1"}],"replies":[{"embeddable":true,"href":"https:\/\/www.eldigitaldeasturias.com\/noticias\/wp-json\/wp\/v2\/comments?post=484635"}],"version-history":[{"count":0,"href":"https:\/\/www.eldigitaldeasturias.com\/noticias\/wp-json\/wp\/v2\/posts\/484635\/revisions"}],"wp:attachment":[{"href":"https:\/\/www.eldigitaldeasturias.com\/noticias\/wp-json\/wp\/v2\/media?parent=484635"}],"wp:term":[{"taxonomy":"category","embeddable":true,"href":"https:\/\/www.eldigitaldeasturias.com\/noticias\/wp-json\/wp\/v2\/categories?post=484635"},{"taxonomy":"post_tag","embeddable":true,"href":"https:\/\/www.eldigitaldeasturias.com\/noticias\/wp-json\/wp\/v2\/tags?post=484635"}],"curies":[{"name":"wp","href":"https:\/\/api.w.org\/{rel}","templated":true}]}}