{"id":484629,"date":"2014-02-06T01:44:40","date_gmt":"2014-02-06T02:44:40","guid":{"rendered":"http:\/\/www.eldigitaldeasturias.com\/noticias\/?p=484629"},"modified":"2014-02-06T01:44:40","modified_gmt":"2014-02-06T02:44:40","slug":"cospedal-pide-al-pp-andaluz-a-ir-mas-alla-de-debates-sobre-personas","status":"publish","type":"post","link":"https:\/\/www.eldigitaldeasturias.com\/noticias\/cospedal-pide-al-pp-andaluz-a-ir-mas-alla-de-debates-sobre-personas\/","title":{"rendered":"Cospedal pide al PP andaluz a ir \u00abm\u00e1s all\u00e1 de debates sobre personas\u00bb"},"content":{"rendered":"<p><img loading=\"lazy\" decoding=\"async\" class=\"alignleft size-medium wp-image-484630\" alt=\"5914235w\" src=\"https:\/\/www.eldigitaldeasturias.com\/noticias\/wp-content\/uploads\/2014\/02\/5914235w-360x216.jpg\" width=\"360\" height=\"216\" \/>Sevilla, 5 feb (EFE).- La secretaria general del PP, Mar\u00eda Dolores de Cospedal, ha apelado hoy a la responsabilidad que, en su opini\u00f3n, caracteriza al partido y ha apostado por ir \u00abm\u00e1s all\u00e1 de debates sobre personas\u00bb ante el congreso extraordinario en el que se certificar\u00e1 el relevo al frente del PP-A de Juan Ignacio Zoido.<\/p>\n<p>Cospedal ha se\u00f1alado en su intervenci\u00f3n en la Junta Directiva Regional celebrada hoy que el congreso, que se celebrar\u00e1 en Sevilla los pr\u00f3ximos 1 y 2 de marzo, ser\u00e1 \u00abel m\u00e1s democr\u00e1tico de ning\u00fan partido en Andaluc\u00eda\u00bb para elegir a la pr\u00f3xima direcci\u00f3n regional, que tendr\u00e1 \u00abmayor respaldo si cabe\u00bb que actualmente.<\/p>\n<p>Ha a\u00f1adido que \u00aba los que no tienen otra cosa que hacer les gusta hablar de personas\u00bb, pero que el PP se centra el \u00abproyectos y soluciones\u00bb, y que es el eje de lo que se va a abordar hasta la celebraci\u00f3n del congreso extraordinario.<\/p>\n<p>\u00abVamos a lo nuestro, los otros que hagan lo que les parezca bien, nosotros a trabajar por el inter\u00e9s de Andaluc\u00eda y Espa\u00f1a\u00bb, ha espetado ante la Junta Directiva de los populares andaluces.<\/p>\n<p>Ha hecho hincapi\u00e9 en que no est\u00e1n \u00aben un debate de personas\u00bb sino que tienen \u00abun proyecto por encima de todo\u00bb y ha asegurado que la \u00abn\u00f3mina\u00bb con la que los populares andaluces ir\u00e1n al proceso de renovaci\u00f3n es la de \u00abtrabajar sobre todo por el inter\u00e9s general\u00bb.<\/p>\n<p>\u00abEn este partido hay muchos nombres propios, hay mucha val\u00eda pol\u00edtica, pero por encima de todo hay un proyecto, por eso podemos estar muy tranquilos porque siempre podemos ofrecerles a los andaluces lo mejor de nosotros mismos\u00bb, ha agregado.<\/p>\n<p>Ha agradecido el trabajo que el PP-A est\u00e1 haciendo en Andaluc\u00eda y ha calificado a Zoido como una persona \u00abvaliente y honesta\u00bb, comprometida con las siglas del partido y con Andaluc\u00eda, y como una persona \u00abque van siempre con la cara limpia y la mirada clara\u00bb.<\/p>\n<p>Tambi\u00e9n ha agradecido en nombre del partido su \u00abdedicaci\u00f3n, su trabajo y que asumiera la presidencia del PP-A en un momento dif\u00edcil\u00bb, y haber mantenido al partido \u00aben lo alto del debate pol\u00edtico\u00bb.<\/p>\n<p>En ese sentido, Cospedal ha dicho que el PP-A ha tenido la tarea de \u00abmantener la guardia alta\u00bb ante un Gobierno regional \u00abque no sabe reaccionar ante la crisis econ\u00f3mica\u00bb y que est\u00e1 \u00abhipotecado entre un partido radical y sus propios intereses partidistas\u00bb.<\/p>\n<p>\u00abGracias por llegar hasta aqu\u00ed, por el tiempo que te queda hasta el pr\u00f3ximo congreso\u00bb, ha dicho la secretaria general a Zoido.<\/p>\n<p>Ha detallado que las caracter\u00edsticas del partido son la humildad, \u00abpara saber que todav\u00eda hay un gran camino por recorrer\u00bb, la valent\u00eda \u00abpara tomar decisiones que nadie se atreve a tomar\u00bb y la pasi\u00f3n, \u00abque se llama Espa\u00f1a\u00bb.<\/p>\n<p>La secretaria general del Partido Popular ha insistido en que el PP \u00abes el partido que pone por encima de sus propios intereses el inter\u00e9s general de Espa\u00f1a\u00bb, por lo que se ha mostrado confianza en que en Andaluc\u00eda la formaci\u00f3n volver\u00e1 a ganar las elecciones auton\u00f3micas.<\/p>\n","protected":false},"excerpt":{"rendered":"<p>Sevilla, 5 feb (EFE).- La secretaria general del PP, Mar\u00eda Dolores de Cospedal, ha apelado hoy a la responsabilidad que, en su opini\u00f3n, caracteriza al partido y ha apostado por ir \u00abm\u00e1s all\u00e1 de debates sobre personas\u00bb ante el congreso extraordinario en el que se certificar\u00e1 el relevo al frente del PP-A de Juan Ignacio [&hellip;]<\/p>\n","protected":false},"author":1,"featured_media":484630,"comment_status":"closed","ping_status":"open","sticky":false,"template":"","format":"standard","meta":{"footnotes":""},"categories":[1],"tags":[],"class_list":["post-484629","post","type-post","status-publish","format-standard","has-post-thumbnail","hentry","category-actualidad"],"aioseo_notices":[],"aioseo_head":"\n\t\t<!-- All in One SEO Pro 5.0.1 - aioseo.com -->\n\t<meta name=\"description\" content=\"Sevilla, 5 feb (EFE).- La secretaria general del PP, Mar\u00eda Dolores de Cospedal, ha apelado hoy a la responsabilidad que, en su opini\u00f3n, caracteriza al partido y ha apostado por ir &quot;m\u00e1s all\u00e1 de debates sobre personas&quot; ante el congreso extraordinario en el que se certificar\u00e1 el relevo al frente del PP-A de Juan Ignacio\" \/>\n\t<meta name=\"robots\" content=\"max-image-preview:large\" \/>\n\t<meta name=\"author\" content=\"El Digital de Asturias\"\/>\n\t<meta name=\"google-site-verification\" content=\"UA-38556648-1\" \/>\n\t<meta name=\"msvalidate.01\" content=\"7dfe9f3f1b24437ab69f4f2559babe99\" \/>\n\t<meta name=\"keywords\" content=\"actualidad\" \/>\n\t<link rel=\"canonical\" href=\"https:\/\/www.eldigitaldeasturias.com\/noticias\/cospedal-pide-al-pp-andaluz-a-ir-mas-alla-de-debates-sobre-personas\/\" \/>\n\t<meta name=\"generator\" content=\"All in One SEO Pro (AIOSEO) 5.0.1\" \/>\n\t\t<meta property=\"og:locale\" content=\"es_ES\" \/>\n\t\t<meta property=\"og:site_name\" content=\"El Digital de Asturias\" \/>\n\t\t<meta property=\"og:type\" content=\"article\" \/>\n\t\t<meta property=\"og:title\" content=\"Cospedal pide al PP andaluz a ir \u00abm\u00e1s all\u00e1 de debates sobre personas\u00bb - El Digital de Asturias\" \/>\n\t\t<meta property=\"og:description\" content=\"Sevilla, 5 feb (EFE).- La secretaria general del PP, Mar\u00eda Dolores de Cospedal, ha apelado hoy a la responsabilidad que, en su opini\u00f3n, caracteriza al partido y ha apostado por ir &quot;m\u00e1s all\u00e1 de debates sobre personas&quot; ante el congreso extraordinario en el que se certificar\u00e1 el relevo al frente del PP-A de Juan Ignacio\" \/>\n\t\t<meta property=\"og:url\" content=\"https:\/\/www.eldigitaldeasturias.com\/noticias\/cospedal-pide-al-pp-andaluz-a-ir-mas-alla-de-debates-sobre-personas\/\" \/>\n\t\t<meta property=\"article:tag\" content=\"actualidad\" \/>\n\t\t<meta property=\"article:published_time\" content=\"2014-02-06T02:44:40+00:00\" \/>\n\t\t<meta property=\"article:modified_time\" content=\"2014-02-06T02:44:40+00:00\" \/>\n\t\t<meta property=\"article:publisher\" content=\"https:\/\/facebook.com\/eldigitaldeasturias\" \/>\n\t\t<meta name=\"twitter:card\" content=\"summary_large_image\" \/>\n\t\t<meta name=\"twitter:title\" content=\"Cospedal pide al PP andaluz a ir \u00abm\u00e1s all\u00e1 de debates sobre personas\u00bb - El Digital de Asturias\" \/>\n\t\t<meta name=\"twitter:description\" content=\"Sevilla, 5 feb (EFE).- La secretaria general del PP, Mar\u00eda Dolores de Cospedal, ha apelado hoy a la responsabilidad que, en su opini\u00f3n, caracteriza al partido y ha apostado por ir &quot;m\u00e1s all\u00e1 de debates sobre personas&quot; ante el congreso extraordinario en el que se certificar\u00e1 el relevo al frente del PP-A de Juan Ignacio\" \/>\n\t\t<meta name=\"twitter:label1\" content=\"Escrito por\" \/>\n\t\t<meta name=\"twitter:data1\" content=\"El Digital de Asturias\" \/>\n\t\t<meta name=\"twitter:label2\" content=\"Tiempo de lectura estimado\" \/>\n\t\t<meta name=\"twitter:data2\" content=\"3 minutos\" \/>\n\t\t<script type=\"application\/ld+json\" class=\"aioseo-schema\">\n\t\t\t{\"@context\":\"https:\\\/\\\/schema.org\",\"@graph\":[{\"@type\":\"BlogPosting\",\"@id\":\"https:\\\/\\\/www.eldigitaldeasturias.com\\\/noticias\\\/cospedal-pide-al-pp-andaluz-a-ir-mas-alla-de-debates-sobre-personas\\\/#blogposting\",\"name\":\"Cospedal pide al PP andaluz a ir \\u00abm\\u00e1s all\\u00e1 de debates sobre personas\\u00bb - El Digital de Asturias\",\"headline\":\"Cospedal pide al PP andaluz a ir \\u00abm\\u00e1s all\\u00e1 de debates sobre personas\\u00bb\",\"author\":{\"@id\":\"https:\\\/\\\/www.eldigitaldeasturias.com\\\/noticias\\\/author\\\/admin\\\/#author\"},\"publisher\":{\"@id\":\"https:\\\/\\\/www.eldigitaldeasturias.com\\\/noticias\\\/#organization\"},\"image\":{\"@type\":\"ImageObject\",\"url\":484630},\"datePublished\":\"2014-02-06T01:44:40+01:00\",\"dateModified\":\"2014-02-06T01:44:40+01:00\",\"inLanguage\":\"es-ES\",\"mainEntityOfPage\":{\"@id\":\"https:\\\/\\\/www.eldigitaldeasturias.com\\\/noticias\\\/cospedal-pide-al-pp-andaluz-a-ir-mas-alla-de-debates-sobre-personas\\\/#webpage\"},\"isPartOf\":{\"@id\":\"https:\\\/\\\/www.eldigitaldeasturias.com\\\/noticias\\\/cospedal-pide-al-pp-andaluz-a-ir-mas-alla-de-debates-sobre-personas\\\/#webpage\"},\"articleSection\":\"Actualidad\"},{\"@type\":\"BreadcrumbList\",\"@id\":\"https:\\\/\\\/www.eldigitaldeasturias.com\\\/noticias\\\/cospedal-pide-al-pp-andaluz-a-ir-mas-alla-de-debates-sobre-personas\\\/#breadcrumblist\",\"itemListElement\":[{\"@type\":\"ListItem\",\"@id\":\"https:\\\/\\\/www.eldigitaldeasturias.com\\\/noticias#listItem\",\"position\":1,\"name\":\"Home\",\"item\":\"https:\\\/\\\/www.eldigitaldeasturias.com\\\/noticias\",\"nextItem\":{\"@type\":\"ListItem\",\"@id\":\"https:\\\/\\\/www.eldigitaldeasturias.com\\\/noticias\\\/category\\\/actualidad\\\/#listItem\",\"name\":\"Actualidad\"}},{\"@type\":\"ListItem\",\"@id\":\"https:\\\/\\\/www.eldigitaldeasturias.com\\\/noticias\\\/category\\\/actualidad\\\/#listItem\",\"position\":2,\"name\":\"Actualidad\",\"item\":\"https:\\\/\\\/www.eldigitaldeasturias.com\\\/noticias\\\/category\\\/actualidad\\\/\",\"nextItem\":{\"@type\":\"ListItem\",\"@id\":\"https:\\\/\\\/www.eldigitaldeasturias.com\\\/noticias\\\/cospedal-pide-al-pp-andaluz-a-ir-mas-alla-de-debates-sobre-personas\\\/#listItem\",\"name\":\"Cospedal pide al PP andaluz a ir \\u00abm\\u00e1s all\\u00e1 de debates sobre personas\\u00bb\"},\"previousItem\":{\"@type\":\"ListItem\",\"@id\":\"https:\\\/\\\/www.eldigitaldeasturias.com\\\/noticias#listItem\",\"name\":\"Home\"}},{\"@type\":\"ListItem\",\"@id\":\"https:\\\/\\\/www.eldigitaldeasturias.com\\\/noticias\\\/cospedal-pide-al-pp-andaluz-a-ir-mas-alla-de-debates-sobre-personas\\\/#listItem\",\"position\":3,\"name\":\"Cospedal pide al PP andaluz a ir \\u00abm\\u00e1s all\\u00e1 de debates sobre personas\\u00bb\",\"previousItem\":{\"@type\":\"ListItem\",\"@id\":\"https:\\\/\\\/www.eldigitaldeasturias.com\\\/noticias\\\/category\\\/actualidad\\\/#listItem\",\"name\":\"Actualidad\"}}]},{\"@type\":\"Organization\",\"@id\":\"https:\\\/\\\/www.eldigitaldeasturias.com\\\/noticias\\\/#organization\",\"name\":\"El Digital de Asturias\",\"description\":\"Hemeroteca\",\"url\":\"https:\\\/\\\/www.eldigitaldeasturias.com\\\/noticias\\\/\",\"email\":\"info@eldigitaldeasturias.com\",\"telephone\":\"+34652131393\",\"logo\":{\"@type\":\"ImageObject\",\"url\":\"https:\\\/\\\/www.eldigitaldeasturias.com\\\/noticias\\\/wp-content\\\/uploads\\\/2020\\\/12\\\/EDA.jpg\",\"@id\":\"https:\\\/\\\/www.eldigitaldeasturias.com\\\/noticias\\\/cospedal-pide-al-pp-andaluz-a-ir-mas-alla-de-debates-sobre-personas\\\/#organizationLogo\"},\"image\":{\"@id\":\"https:\\\/\\\/www.eldigitaldeasturias.com\\\/noticias\\\/cospedal-pide-al-pp-andaluz-a-ir-mas-alla-de-debates-sobre-personas\\\/#organizationLogo\"},\"sameAs\":[\"https:\\\/\\\/facebook.com\\\/eldigitaldeasturias\",\"https:\\\/\\\/www.youtube.com\\\/channel\\\/UCZP-2wLEB9Rv6erhFmqVnvg\"],\"address\":{\"@id\":\"https:\\\/\\\/www.eldigitaldeasturias.com\\\/noticias\\\/#postaladdress\",\"@type\":\"PostalAddress\",\"streetAddress\":\"san antonio 4\",\"postalCode\":\"33430\",\"addressLocality\":\"Cand\\u00e1s\",\"addressRegion\":\"Asturias\",\"addressCountry\":\"ES\"}},{\"@type\":\"Person\",\"@id\":\"https:\\\/\\\/www.eldigitaldeasturias.com\\\/noticias\\\/author\\\/admin\\\/#author\",\"url\":\"https:\\\/\\\/www.eldigitaldeasturias.com\\\/noticias\\\/author\\\/admin\\\/\",\"name\":\"El Digital de Asturias\",\"image\":{\"@type\":\"ImageObject\",\"@id\":\"https:\\\/\\\/www.eldigitaldeasturias.com\\\/noticias\\\/cospedal-pide-al-pp-andaluz-a-ir-mas-alla-de-debates-sobre-personas\\\/#authorImage\",\"url\":\"https:\\\/\\\/secure.gravatar.com\\\/avatar\\\/df2aeffc32bcd13f8d26072ef8a91b623d677766deac7f97ca815868cd41bf5e?s=96&d=mm&r=g\",\"width\":96,\"height\":96,\"caption\":\"El Digital de Asturias\"}},{\"@type\":\"WebPage\",\"@id\":\"https:\\\/\\\/www.eldigitaldeasturias.com\\\/noticias\\\/cospedal-pide-al-pp-andaluz-a-ir-mas-alla-de-debates-sobre-personas\\\/#webpage\",\"url\":\"https:\\\/\\\/www.eldigitaldeasturias.com\\\/noticias\\\/cospedal-pide-al-pp-andaluz-a-ir-mas-alla-de-debates-sobre-personas\\\/\",\"name\":\"Cospedal pide al PP andaluz a ir \\u00abm\\u00e1s all\\u00e1 de debates sobre personas\\u00bb - El Digital de Asturias\",\"description\":\"Sevilla, 5 feb (EFE).- La secretaria general del PP, Mar\\u00eda Dolores de Cospedal, ha apelado hoy a la responsabilidad que, en su opini\\u00f3n, caracteriza al partido y ha apostado por ir \\\"m\\u00e1s all\\u00e1 de debates sobre personas\\\" ante el congreso extraordinario en el que se certificar\\u00e1 el relevo al frente del PP-A de Juan Ignacio\",\"inLanguage\":\"es-ES\",\"isPartOf\":{\"@id\":\"https:\\\/\\\/www.eldigitaldeasturias.com\\\/noticias\\\/#website\"},\"breadcrumb\":{\"@id\":\"https:\\\/\\\/www.eldigitaldeasturias.com\\\/noticias\\\/cospedal-pide-al-pp-andaluz-a-ir-mas-alla-de-debates-sobre-personas\\\/#breadcrumblist\"},\"author\":{\"@id\":\"https:\\\/\\\/www.eldigitaldeasturias.com\\\/noticias\\\/author\\\/admin\\\/#author\"},\"creator\":{\"@id\":\"https:\\\/\\\/www.eldigitaldeasturias.com\\\/noticias\\\/author\\\/admin\\\/#author\"},\"image\":{\"@type\":\"ImageObject\",\"url\":484630,\"@id\":\"https:\\\/\\\/www.eldigitaldeasturias.com\\\/noticias\\\/cospedal-pide-al-pp-andaluz-a-ir-mas-alla-de-debates-sobre-personas\\\/#mainImage\"},\"primaryImageOfPage\":{\"@id\":\"https:\\\/\\\/www.eldigitaldeasturias.com\\\/noticias\\\/cospedal-pide-al-pp-andaluz-a-ir-mas-alla-de-debates-sobre-personas\\\/#mainImage\"},\"datePublished\":\"2014-02-06T01:44:40+01:00\",\"dateModified\":\"2014-02-06T01:44:40+01:00\"},{\"@type\":\"WebSite\",\"@id\":\"https:\\\/\\\/www.eldigitaldeasturias.com\\\/noticias\\\/#website\",\"url\":\"https:\\\/\\\/www.eldigitaldeasturias.com\\\/noticias\\\/\",\"name\":\"El Digital de Asturias - Diario de actualidad y noticias\",\"alternateName\":\"El Digital de Asturias - Diario de actualidad y noticias\",\"description\":\"Hemeroteca\",\"inLanguage\":\"es-ES\",\"publisher\":{\"@id\":\"https:\\\/\\\/www.eldigitaldeasturias.com\\\/noticias\\\/#organization\"}}]}\n\t\t<\/script>\n\t\t<!-- All in One SEO Pro -->\r\n\t\t<title>Cospedal pide al PP andaluz a ir \u00abm\u00e1s all\u00e1 de debates sobre personas\u00bb - El Digital de Asturias<\/title>\n\n","aioseo_head_json":{"title":"Cospedal pide al PP andaluz a ir \u00abm\u00e1s all\u00e1 de debates sobre personas\u00bb - El Digital de Asturias","description":"Sevilla, 5 feb (EFE).- La secretaria general del PP, Mar\u00eda Dolores de Cospedal, ha apelado hoy a la responsabilidad que, en su opini\u00f3n, caracteriza al partido y ha apostado por ir \"m\u00e1s all\u00e1 de debates sobre personas\" ante el congreso extraordinario en el que se certificar\u00e1 el relevo al frente del PP-A de Juan Ignacio","canonical_url":"https:\/\/www.eldigitaldeasturias.com\/noticias\/cospedal-pide-al-pp-andaluz-a-ir-mas-alla-de-debates-sobre-personas\/","robots":"max-image-preview:large","keywords":"actualidad","webmasterTools":{"google-site-verification":"UA-38556648-1","msvalidate.01":"7dfe9f3f1b24437ab69f4f2559babe99","miscellaneous":""},"schema":{"@context":"https:\/\/schema.org","@graph":[{"@type":"BlogPosting","@id":"https:\/\/www.eldigitaldeasturias.com\/noticias\/cospedal-pide-al-pp-andaluz-a-ir-mas-alla-de-debates-sobre-personas\/#blogposting","name":"Cospedal pide al PP andaluz a ir \u00abm\u00e1s all\u00e1 de debates sobre personas\u00bb - El Digital de Asturias","headline":"Cospedal pide al PP andaluz a ir \u00abm\u00e1s all\u00e1 de debates sobre personas\u00bb","author":{"@id":"https:\/\/www.eldigitaldeasturias.com\/noticias\/author\/admin\/#author"},"publisher":{"@id":"https:\/\/www.eldigitaldeasturias.com\/noticias\/#organization"},"image":{"@type":"ImageObject","url":484630},"datePublished":"2014-02-06T01:44:40+01:00","dateModified":"2014-02-06T01:44:40+01:00","inLanguage":"es-ES","mainEntityOfPage":{"@id":"https:\/\/www.eldigitaldeasturias.com\/noticias\/cospedal-pide-al-pp-andaluz-a-ir-mas-alla-de-debates-sobre-personas\/#webpage"},"isPartOf":{"@id":"https:\/\/www.eldigitaldeasturias.com\/noticias\/cospedal-pide-al-pp-andaluz-a-ir-mas-alla-de-debates-sobre-personas\/#webpage"},"articleSection":"Actualidad"},{"@type":"BreadcrumbList","@id":"https:\/\/www.eldigitaldeasturias.com\/noticias\/cospedal-pide-al-pp-andaluz-a-ir-mas-alla-de-debates-sobre-personas\/#breadcrumblist","itemListElement":[{"@type":"ListItem","@id":"https:\/\/www.eldigitaldeasturias.com\/noticias#listItem","position":1,"name":"Home","item":"https:\/\/www.eldigitaldeasturias.com\/noticias","nextItem":{"@type":"ListItem","@id":"https:\/\/www.eldigitaldeasturias.com\/noticias\/category\/actualidad\/#listItem","name":"Actualidad"}},{"@type":"ListItem","@id":"https:\/\/www.eldigitaldeasturias.com\/noticias\/category\/actualidad\/#listItem","position":2,"name":"Actualidad","item":"https:\/\/www.eldigitaldeasturias.com\/noticias\/category\/actualidad\/","nextItem":{"@type":"ListItem","@id":"https:\/\/www.eldigitaldeasturias.com\/noticias\/cospedal-pide-al-pp-andaluz-a-ir-mas-alla-de-debates-sobre-personas\/#listItem","name":"Cospedal pide al PP andaluz a ir \u00abm\u00e1s all\u00e1 de debates sobre personas\u00bb"},"previousItem":{"@type":"ListItem","@id":"https:\/\/www.eldigitaldeasturias.com\/noticias#listItem","name":"Home"}},{"@type":"ListItem","@id":"https:\/\/www.eldigitaldeasturias.com\/noticias\/cospedal-pide-al-pp-andaluz-a-ir-mas-alla-de-debates-sobre-personas\/#listItem","position":3,"name":"Cospedal pide al PP andaluz a ir \u00abm\u00e1s all\u00e1 de debates sobre personas\u00bb","previousItem":{"@type":"ListItem","@id":"https:\/\/www.eldigitaldeasturias.com\/noticias\/category\/actualidad\/#listItem","name":"Actualidad"}}]},{"@type":"Organization","@id":"https:\/\/www.eldigitaldeasturias.com\/noticias\/#organization","name":"El Digital de Asturias","description":"Hemeroteca","url":"https:\/\/www.eldigitaldeasturias.com\/noticias\/","email":"info@eldigitaldeasturias.com","telephone":"+34652131393","logo":{"@type":"ImageObject","url":"https:\/\/www.eldigitaldeasturias.com\/noticias\/wp-content\/uploads\/2020\/12\/EDA.jpg","@id":"https:\/\/www.eldigitaldeasturias.com\/noticias\/cospedal-pide-al-pp-andaluz-a-ir-mas-alla-de-debates-sobre-personas\/#organizationLogo"},"image":{"@id":"https:\/\/www.eldigitaldeasturias.com\/noticias\/cospedal-pide-al-pp-andaluz-a-ir-mas-alla-de-debates-sobre-personas\/#organizationLogo"},"sameAs":["https:\/\/facebook.com\/eldigitaldeasturias","https:\/\/www.youtube.com\/channel\/UCZP-2wLEB9Rv6erhFmqVnvg"],"address":{"@id":"https:\/\/www.eldigitaldeasturias.com\/noticias\/#postaladdress","@type":"PostalAddress","streetAddress":"san antonio 4","postalCode":"33430","addressLocality":"Cand\u00e1s","addressRegion":"Asturias","addressCountry":"ES"}},{"@type":"Person","@id":"https:\/\/www.eldigitaldeasturias.com\/noticias\/author\/admin\/#author","url":"https:\/\/www.eldigitaldeasturias.com\/noticias\/author\/admin\/","name":"El Digital de Asturias","image":{"@type":"ImageObject","@id":"https:\/\/www.eldigitaldeasturias.com\/noticias\/cospedal-pide-al-pp-andaluz-a-ir-mas-alla-de-debates-sobre-personas\/#authorImage","url":"https:\/\/secure.gravatar.com\/avatar\/df2aeffc32bcd13f8d26072ef8a91b623d677766deac7f97ca815868cd41bf5e?s=96&d=mm&r=g","width":96,"height":96,"caption":"El Digital de Asturias"}},{"@type":"WebPage","@id":"https:\/\/www.eldigitaldeasturias.com\/noticias\/cospedal-pide-al-pp-andaluz-a-ir-mas-alla-de-debates-sobre-personas\/#webpage","url":"https:\/\/www.eldigitaldeasturias.com\/noticias\/cospedal-pide-al-pp-andaluz-a-ir-mas-alla-de-debates-sobre-personas\/","name":"Cospedal pide al PP andaluz a ir \u00abm\u00e1s all\u00e1 de debates sobre personas\u00bb - El Digital de Asturias","description":"Sevilla, 5 feb (EFE).- La secretaria general del PP, Mar\u00eda Dolores de Cospedal, ha apelado hoy a la responsabilidad que, en su opini\u00f3n, caracteriza al partido y ha apostado por ir \"m\u00e1s all\u00e1 de debates sobre personas\" ante el congreso extraordinario en el que se certificar\u00e1 el relevo al frente del PP-A de Juan Ignacio","inLanguage":"es-ES","isPartOf":{"@id":"https:\/\/www.eldigitaldeasturias.com\/noticias\/#website"},"breadcrumb":{"@id":"https:\/\/www.eldigitaldeasturias.com\/noticias\/cospedal-pide-al-pp-andaluz-a-ir-mas-alla-de-debates-sobre-personas\/#breadcrumblist"},"author":{"@id":"https:\/\/www.eldigitaldeasturias.com\/noticias\/author\/admin\/#author"},"creator":{"@id":"https:\/\/www.eldigitaldeasturias.com\/noticias\/author\/admin\/#author"},"image":{"@type":"ImageObject","url":484630,"@id":"https:\/\/www.eldigitaldeasturias.com\/noticias\/cospedal-pide-al-pp-andaluz-a-ir-mas-alla-de-debates-sobre-personas\/#mainImage"},"primaryImageOfPage":{"@id":"https:\/\/www.eldigitaldeasturias.com\/noticias\/cospedal-pide-al-pp-andaluz-a-ir-mas-alla-de-debates-sobre-personas\/#mainImage"},"datePublished":"2014-02-06T01:44:40+01:00","dateModified":"2014-02-06T01:44:40+01:00"},{"@type":"WebSite","@id":"https:\/\/www.eldigitaldeasturias.com\/noticias\/#website","url":"https:\/\/www.eldigitaldeasturias.com\/noticias\/","name":"El Digital de Asturias - Diario de actualidad y noticias","alternateName":"El Digital de Asturias - Diario de actualidad y noticias","description":"Hemeroteca","inLanguage":"es-ES","publisher":{"@id":"https:\/\/www.eldigitaldeasturias.com\/noticias\/#organization"}}]},"og:locale":"es_ES","og:site_name":"El Digital de Asturias","og:type":"article","og:title":"Cospedal pide al PP andaluz a ir \u00abm\u00e1s all\u00e1 de debates sobre personas\u00bb - El Digital de Asturias","og:description":"Sevilla, 5 feb (EFE).- La secretaria general del PP, Mar\u00eda Dolores de Cospedal, ha apelado hoy a la responsabilidad que, en su opini\u00f3n, caracteriza al partido y ha apostado por ir &quot;m\u00e1s all\u00e1 de debates sobre personas&quot; ante el congreso extraordinario en el que se certificar\u00e1 el relevo al frente del PP-A de Juan Ignacio","og:url":"https:\/\/www.eldigitaldeasturias.com\/noticias\/cospedal-pide-al-pp-andaluz-a-ir-mas-alla-de-debates-sobre-personas\/","article:tag":["actualidad"],"article:published_time":"2014-02-06T02:44:40+00:00","article:modified_time":"2014-02-06T02:44:40+00:00","article:publisher":"https:\/\/facebook.com\/eldigitaldeasturias","twitter:card":"summary_large_image","twitter:title":"Cospedal pide al PP andaluz a ir \u00abm\u00e1s all\u00e1 de debates sobre personas\u00bb - El Digital de Asturias","twitter:description":"Sevilla, 5 feb (EFE).- La secretaria general del PP, Mar\u00eda Dolores de Cospedal, ha apelado hoy a la responsabilidad que, en su opini\u00f3n, caracteriza al partido y ha apostado por ir &quot;m\u00e1s all\u00e1 de debates sobre personas&quot; ante el congreso extraordinario en el que se certificar\u00e1 el relevo al frente del PP-A de Juan Ignacio","twitter:label1":"Escrito por","twitter:data1":"El Digital de Asturias","twitter:label2":"Tiempo de lectura estimado","twitter:data2":"3 minutos"},"aioseo_meta_data":{"post_id":"484629","title":null,"description":null,"keywords":null,"keyphrases":null,"primary_term":null,"canonical_url":null,"og_title":null,"og_description":null,"og_object_type":"default","og_image_type":"default","og_image_url":null,"og_image_width":null,"og_image_height":null,"og_image_custom_url":null,"og_image_custom_fields":null,"og_video":null,"og_custom_url":null,"og_article_section":null,"og_article_tags":null,"twitter_use_og":true,"twitter_card":"default","twitter_image_type":"default","twitter_image_url":null,"twitter_image_custom_url":null,"twitter_image_custom_fields":null,"twitter_title":null,"twitter_description":null,"schema":{"blockGraphs":[],"customGraphs":[],"default":{"data":{"Article":[],"Course":[],"Dataset":[],"FAQPage":[],"Movie":[],"Person":[],"Product":[],"ProductReview":[],"Car":[],"Recipe":[],"Service":[],"SoftwareApplication":[],"WebPage":[]},"graphName":"","isEnabled":true},"graphs":[],"defaultGraph":"","defaultPostTypeGraph":""},"schema_type":null,"schema_type_options":null,"pillar_content":false,"robots_default":true,"robots_noindex":false,"robots_noarchive":false,"robots_nosnippet":false,"robots_nofollow":false,"robots_noimageindex":false,"robots_noodp":false,"robots_notranslate":false,"robots_max_snippet":null,"robots_max_videopreview":null,"robots_max_imagepreview":"none","priority":null,"frequency":null,"local_seo":null,"seo_analyzer_scan_date":"2026-06-02 16:29:50","breadcrumb_settings":null,"limit_modified_date":false,"open_ai":null,"ai":null,"created":"2020-11-14 22:55:05","updated":"2026-06-02 16:29:50","focus_keyword":null,"additional_keywords":null,"truseo_locale":null},"aioseo_breadcrumb":"<div class=\"aioseo-breadcrumbs\"><span class=\"aioseo-breadcrumb\">\n\t<a href=\"https:\/\/www.eldigitaldeasturias.com\/noticias\" title=\"Home\">Home<\/a>\n<\/span><span class=\"aioseo-breadcrumb-separator\">\u2013<\/span><span class=\"aioseo-breadcrumb\">\n\t<a href=\"https:\/\/www.eldigitaldeasturias.com\/noticias\/category\/actualidad\/\" title=\"Actualidad\">Actualidad<\/a>\n<\/span><span class=\"aioseo-breadcrumb-separator\">\u2013<\/span><span class=\"aioseo-breadcrumb\">\n\t<a href=\"https:\/\/www.eldigitaldeasturias.com\/noticias\/cospedal-pide-al-pp-andaluz-a-ir-mas-alla-de-debates-sobre-personas\/\" title=\"Cospedal pide al PP andaluz a ir \u00abm\u00e1s all\u00e1 de debates sobre personas\u00bb\">Cospedal pide al PP andaluz a ir \u00abm\u00e1s all\u00e1 de debates sobre personas\u00bb<\/a>\n<\/span><\/div>","aioseo_breadcrumb_json":[{"label":"Home","link":"https:\/\/www.eldigitaldeasturias.com\/noticias"},{"label":"Actualidad","link":"https:\/\/www.eldigitaldeasturias.com\/noticias\/category\/actualidad\/"},{"label":"Cospedal pide al PP andaluz a ir \u00abm\u00e1s all\u00e1 de debates sobre personas\u00bb","link":"https:\/\/www.eldigitaldeasturias.com\/noticias\/cospedal-pide-al-pp-andaluz-a-ir-mas-alla-de-debates-sobre-personas\/"}],"_links":{"self":[{"href":"https:\/\/www.eldigitaldeasturias.com\/noticias\/wp-json\/wp\/v2\/posts\/484629","targetHints":{"allow":["GET"]}}],"collection":[{"href":"https:\/\/www.eldigitaldeasturias.com\/noticias\/wp-json\/wp\/v2\/posts"}],"about":[{"href":"https:\/\/www.eldigitaldeasturias.com\/noticias\/wp-json\/wp\/v2\/types\/post"}],"author":[{"embeddable":true,"href":"https:\/\/www.eldigitaldeasturias.com\/noticias\/wp-json\/wp\/v2\/users\/1"}],"replies":[{"embeddable":true,"href":"https:\/\/www.eldigitaldeasturias.com\/noticias\/wp-json\/wp\/v2\/comments?post=484629"}],"version-history":[{"count":0,"href":"https:\/\/www.eldigitaldeasturias.com\/noticias\/wp-json\/wp\/v2\/posts\/484629\/revisions"}],"wp:attachment":[{"href":"https:\/\/www.eldigitaldeasturias.com\/noticias\/wp-json\/wp\/v2\/media?parent=484629"}],"wp:term":[{"taxonomy":"category","embeddable":true,"href":"https:\/\/www.eldigitaldeasturias.com\/noticias\/wp-json\/wp\/v2\/categories?post=484629"},{"taxonomy":"post_tag","embeddable":true,"href":"https:\/\/www.eldigitaldeasturias.com\/noticias\/wp-json\/wp\/v2\/tags?post=484629"}],"curies":[{"name":"wp","href":"https:\/\/api.w.org\/{rel}","templated":true}]}}