{"id":484623,"date":"2014-02-06T01:42:39","date_gmt":"2014-02-06T02:42:39","guid":{"rendered":"http:\/\/www.eldigitaldeasturias.com\/noticias\/?p=484623"},"modified":"2014-02-06T01:42:39","modified_gmt":"2014-02-06T02:42:39","slug":"zoido-entregara-el-testigo-al-nuevo-lider-del-pp-a-el-2-de-marzo","status":"publish","type":"post","link":"https:\/\/www.eldigitaldeasturias.com\/noticias\/zoido-entregara-el-testigo-al-nuevo-lider-del-pp-a-el-2-de-marzo\/","title":{"rendered":"Zoido entregar\u00e1 el testigo al nuevo l\u00edder del PP-A el 2 de marzo"},"content":{"rendered":"<p><img loading=\"lazy\" decoding=\"async\" class=\"alignleft size-medium wp-image-484624\" alt=\"5914080w\" src=\"https:\/\/www.eldigitaldeasturias.com\/noticias\/wp-content\/uploads\/2014\/02\/5914080w-360x220.jpg\" width=\"360\" height=\"220\" \/>Sevilla, 5 feb (EFE).- El PP andaluz celebrar\u00e1 el 1 y 2 de marzo en Sevilla el congreso extraordinario en el que Juan Ignacio Zoido ceder\u00e1 el testigo al frente de la presidencia del partido, para lo que desde hoy y hasta el 12 de febrero permanecer\u00e1 abierto el plazo de presentaci\u00f3n de candidaturas.<\/p>\n<p>Los aspirantes tienen que reunir un m\u00ednimo de noventa avales de militantes antes del 12 de febrero y, una vez que se celebre el c\u00f3nclave, al que acudir\u00e1n 1.566 compromisarios, deber\u00e1n contar con el respaldo del 20 % de los delegados para poder optar.<\/p>\n<p>La fecha del congreso ha sido anunciada formalmente por Zoido ante la Junta Directiva del PP-A, que ha estado presidida por la secretaria general de los populares, Mar\u00eda Dolores de Cospedal, quien previamente almorz\u00f3 con el presidente regional y los responsables provinciales del partido.<\/p>\n<p>En su intervenci\u00f3n ante la Junta Directiva, Cospedal apenas ha hecho referencia a la convenci\u00f3n extraordinaria y ha abogado por ir \u00abm\u00e1s all\u00e1 de debates sobre personas\u00bb.<\/p>\n<p>Seg\u00fan Cospedal, el congreso ser\u00e1 \u00abel m\u00e1s democr\u00e1tico de ning\u00fan partido en Andaluc\u00eda\u00bb, al tiempo que ha vaticinado que la pr\u00f3xima direcci\u00f3n regional tendr\u00e1 \u00abmayor respaldo si cabe\u00bb.<\/p>\n<p>\u00abA los que no tienen otra cosa que hacer les gusta hablar de personas\u00bb pero el PP se centra el \u00abproyectos y soluciones\u00bb, ha dicho Cospedal, y ha agregado: \u00abVamos a lo nuestro, los otros que hagan lo que les parezca bien, nosotros a trabajar por el inter\u00e9s de Andaluc\u00eda y Espa\u00f1a\u00bb.<\/p>\n<p>La secretaria general del PP ha agradecido a Zoido, a quien se ha referido como una persona \u00abvaliente y honesta\u00bb, su dedicaci\u00f3n \u00aby que asumiera la presidencia del PP-A en un momento dif\u00edcil\u00bb.<\/p>\n<p>\u00abGracias por llegar hasta aqu\u00ed, por el tiempo que te queda hasta el pr\u00f3ximo congreso\u00bb, ha remarcado.<\/p>\n<p>Por su parte, Zoido ha se\u00f1alado que va a \u00abcapitanear esta nave\u00bb hasta la siguiente \u00abescala\u00bb, cuyo destino \u00abtiene otro capit\u00e1n\u00bb, que saldr\u00e1 \u00abde la decisi\u00f3n que entre todos\u00bb acuerden en el PP de Andaluc\u00eda \u00abde la mano de la direcci\u00f3n nacional\u00bb.<\/p>\n<p>El tambi\u00e9n alcalde de Sevilla ha querido dejar claro que una vez que pase el \u00abtestigo\u00bb, se mantendr\u00e1 \u00ablo suficientemente cerca\u00bb de su sucesor para darle apoyo, pero tambi\u00e9n \u00ablo suficientemente lejos\u00bb como para evitar \u00abinjerencias innecesarias\u00bb en su gesti\u00f3n.<\/p>\n<p>Ha recordado que cuando se le encomend\u00f3 hace un a\u00f1o y medio la \u00abmisi\u00f3n\u00bb de pilotar el partido en Andaluc\u00eda acept\u00f3 \u00abcon condiciones\u00bb, y ha agradecido que todos lo hayan \u00abrespetado\u00bb porque \u00e9l se comprometi\u00f3 con los sevillanos y su palabra \u00abtiene que permanecer intacta, es un compromiso infranqueable\u00bb, ha apostillado.<\/p>\n<p>Convencido de que el pr\u00f3ximo presidente del PP-A y candidato a la Junta gobernar\u00e1 en Andaluc\u00eda, ha resaltado que se siente \u00aborgulloso\u00bb de haber dirigido un \u00abequipo ganador\u00bb, en referencia al resultado de los \u00faltimos comicios andaluces, y ha tenido palabras de agradecimiento para los alcaldes, concejales, diputados auton\u00f3micos y nacionales y senadores de su partido.<\/p>\n<p>\u00abS\u00f3lo nos falta ponerle cara al que lo va a pilotar, s\u00e9 que algunos hab\u00e9is vivido este proceso con incertidumbre, pero os dije que la paciencia es un valor y que tenemos que estar atendiendo a los intereses de los andaluces antes que a otros\u00bb, ha explicado.<\/p>\n<p>Tras remachar que \u00abtodos somos necesarios pero ninguno imprescindible\u00bb, ha sentenciado: \u00abAhora lo \u00fanico que importa es el resultado, tenemos que elegir entre todos al mejor\u00bb.<\/p>\n<p>Al t\u00e9rmino de la reuni\u00f3n de la Junta Directiva del PP-A, el secretario general del PP-A, Jos\u00e9 Luis Sanz, ha afirmado que \u00abde momento\u00bb no tiene intenci\u00f3n de presentar su candidatura a la presidencia del partido, aunque el plazo est\u00e1 abierto hasta el 12 de febrero.<\/p>\n<p>Ha asegurado que se encuentra \u00abestupendamente\u00bb y que el PP-A est\u00e1 \u00abbuscando el candidato que genere el mayor consenso posible\u00bb. El aspirante que salga elegido \u00abser\u00e1 del PP de Andaluc\u00eda, del PP de C\u00e1diz, de M\u00e1laga, de C\u00f3rdoba&#8230; no del PP de Mariano Rajoy, ni de Mar\u00eda Dolores de Cospedal, ni de Javier Arenas\u00bb, ha zanjado.<\/p>\n<p>Tambi\u00e9n ha hecho declaraciones a los periodistas el expresidente del PP-A Javier Arenas, quien ha deseado que al congreso se presente \u00abuna candidatura de todos\u00bb, y ha asegurado que \u00e9l \u00abjam\u00e1s\u00bb fomentar\u00e1 la divisi\u00f3n del partido.<\/p>\n","protected":false},"excerpt":{"rendered":"<p>Sevilla, 5 feb (EFE).- El PP andaluz celebrar\u00e1 el 1 y 2 de marzo en Sevilla el congreso extraordinario en el que Juan Ignacio Zoido ceder\u00e1 el testigo al frente de la presidencia del partido, para lo que desde hoy y hasta el 12 de febrero permanecer\u00e1 abierto el plazo de presentaci\u00f3n de candidaturas. Los [&hellip;]<\/p>\n","protected":false},"author":1,"featured_media":484624,"comment_status":"closed","ping_status":"open","sticky":false,"template":"","format":"standard","meta":{"footnotes":""},"categories":[1],"tags":[],"class_list":["post-484623","post","type-post","status-publish","format-standard","has-post-thumbnail","hentry","category-actualidad"],"aioseo_notices":[],"aioseo_head":"\n\t\t<!-- All in One SEO Pro 5.0.1 - aioseo.com -->\n\t<meta name=\"description\" content=\"Sevilla, 5 feb (EFE).- El PP andaluz celebrar\u00e1 el 1 y 2 de marzo en Sevilla el congreso extraordinario en el que Juan Ignacio Zoido ceder\u00e1 el testigo al frente de la presidencia del partido, para lo que desde hoy y hasta el 12 de febrero permanecer\u00e1 abierto el plazo de presentaci\u00f3n de candidaturas. Los\" \/>\n\t<meta name=\"robots\" content=\"max-image-preview:large\" \/>\n\t<meta name=\"author\" content=\"El Digital de Asturias\"\/>\n\t<meta name=\"google-site-verification\" content=\"UA-38556648-1\" \/>\n\t<meta name=\"msvalidate.01\" content=\"7dfe9f3f1b24437ab69f4f2559babe99\" \/>\n\t<meta name=\"keywords\" content=\"actualidad\" \/>\n\t<link rel=\"canonical\" href=\"https:\/\/www.eldigitaldeasturias.com\/noticias\/zoido-entregara-el-testigo-al-nuevo-lider-del-pp-a-el-2-de-marzo\/\" \/>\n\t<meta name=\"generator\" content=\"All in One SEO Pro (AIOSEO) 5.0.1\" \/>\n\t\t<meta property=\"og:locale\" content=\"es_ES\" \/>\n\t\t<meta property=\"og:site_name\" content=\"El Digital de Asturias\" \/>\n\t\t<meta property=\"og:type\" content=\"article\" \/>\n\t\t<meta property=\"og:title\" content=\"Zoido entregar\u00e1 el testigo al nuevo l\u00edder del PP-A el 2 de marzo - El Digital de Asturias\" \/>\n\t\t<meta property=\"og:description\" content=\"Sevilla, 5 feb (EFE).- El PP andaluz celebrar\u00e1 el 1 y 2 de marzo en Sevilla el congreso extraordinario en el que Juan Ignacio Zoido ceder\u00e1 el testigo al frente de la presidencia del partido, para lo que desde hoy y hasta el 12 de febrero permanecer\u00e1 abierto el plazo de presentaci\u00f3n de candidaturas. Los\" \/>\n\t\t<meta property=\"og:url\" content=\"https:\/\/www.eldigitaldeasturias.com\/noticias\/zoido-entregara-el-testigo-al-nuevo-lider-del-pp-a-el-2-de-marzo\/\" \/>\n\t\t<meta property=\"article:tag\" content=\"actualidad\" \/>\n\t\t<meta property=\"article:published_time\" content=\"2014-02-06T02:42:39+00:00\" \/>\n\t\t<meta property=\"article:modified_time\" content=\"2014-02-06T02:42:39+00:00\" \/>\n\t\t<meta property=\"article:publisher\" content=\"https:\/\/facebook.com\/eldigitaldeasturias\" \/>\n\t\t<meta name=\"twitter:card\" content=\"summary_large_image\" \/>\n\t\t<meta name=\"twitter:title\" content=\"Zoido entregar\u00e1 el testigo al nuevo l\u00edder del PP-A el 2 de marzo - El Digital de Asturias\" \/>\n\t\t<meta name=\"twitter:description\" content=\"Sevilla, 5 feb (EFE).- El PP andaluz celebrar\u00e1 el 1 y 2 de marzo en Sevilla el congreso extraordinario en el que Juan Ignacio Zoido ceder\u00e1 el testigo al frente de la presidencia del partido, para lo que desde hoy y hasta el 12 de febrero permanecer\u00e1 abierto el plazo de presentaci\u00f3n de candidaturas. Los\" \/>\n\t\t<meta name=\"twitter:label1\" content=\"Escrito por\" \/>\n\t\t<meta name=\"twitter:data1\" content=\"El Digital de Asturias\" \/>\n\t\t<meta name=\"twitter:label2\" content=\"Tiempo de lectura estimado\" \/>\n\t\t<meta name=\"twitter:data2\" content=\"4 minutos\" \/>\n\t\t<script type=\"application\/ld+json\" class=\"aioseo-schema\">\n\t\t\t{\"@context\":\"https:\\\/\\\/schema.org\",\"@graph\":[{\"@type\":\"BlogPosting\",\"@id\":\"https:\\\/\\\/www.eldigitaldeasturias.com\\\/noticias\\\/zoido-entregara-el-testigo-al-nuevo-lider-del-pp-a-el-2-de-marzo\\\/#blogposting\",\"name\":\"Zoido entregar\\u00e1 el testigo al nuevo l\\u00edder del PP-A el 2 de marzo - El Digital de Asturias\",\"headline\":\"Zoido entregar\\u00e1 el testigo al nuevo l\\u00edder del PP-A el 2 de marzo\",\"author\":{\"@id\":\"https:\\\/\\\/www.eldigitaldeasturias.com\\\/noticias\\\/author\\\/admin\\\/#author\"},\"publisher\":{\"@id\":\"https:\\\/\\\/www.eldigitaldeasturias.com\\\/noticias\\\/#organization\"},\"image\":{\"@type\":\"ImageObject\",\"url\":484624},\"datePublished\":\"2014-02-06T01:42:39+01:00\",\"dateModified\":\"2014-02-06T01:42:39+01:00\",\"inLanguage\":\"es-ES\",\"mainEntityOfPage\":{\"@id\":\"https:\\\/\\\/www.eldigitaldeasturias.com\\\/noticias\\\/zoido-entregara-el-testigo-al-nuevo-lider-del-pp-a-el-2-de-marzo\\\/#webpage\"},\"isPartOf\":{\"@id\":\"https:\\\/\\\/www.eldigitaldeasturias.com\\\/noticias\\\/zoido-entregara-el-testigo-al-nuevo-lider-del-pp-a-el-2-de-marzo\\\/#webpage\"},\"articleSection\":\"Actualidad\"},{\"@type\":\"BreadcrumbList\",\"@id\":\"https:\\\/\\\/www.eldigitaldeasturias.com\\\/noticias\\\/zoido-entregara-el-testigo-al-nuevo-lider-del-pp-a-el-2-de-marzo\\\/#breadcrumblist\",\"itemListElement\":[{\"@type\":\"ListItem\",\"@id\":\"https:\\\/\\\/www.eldigitaldeasturias.com\\\/noticias#listItem\",\"position\":1,\"name\":\"Home\",\"item\":\"https:\\\/\\\/www.eldigitaldeasturias.com\\\/noticias\",\"nextItem\":{\"@type\":\"ListItem\",\"@id\":\"https:\\\/\\\/www.eldigitaldeasturias.com\\\/noticias\\\/category\\\/actualidad\\\/#listItem\",\"name\":\"Actualidad\"}},{\"@type\":\"ListItem\",\"@id\":\"https:\\\/\\\/www.eldigitaldeasturias.com\\\/noticias\\\/category\\\/actualidad\\\/#listItem\",\"position\":2,\"name\":\"Actualidad\",\"item\":\"https:\\\/\\\/www.eldigitaldeasturias.com\\\/noticias\\\/category\\\/actualidad\\\/\",\"nextItem\":{\"@type\":\"ListItem\",\"@id\":\"https:\\\/\\\/www.eldigitaldeasturias.com\\\/noticias\\\/zoido-entregara-el-testigo-al-nuevo-lider-del-pp-a-el-2-de-marzo\\\/#listItem\",\"name\":\"Zoido entregar\\u00e1 el testigo al nuevo l\\u00edder del PP-A el 2 de marzo\"},\"previousItem\":{\"@type\":\"ListItem\",\"@id\":\"https:\\\/\\\/www.eldigitaldeasturias.com\\\/noticias#listItem\",\"name\":\"Home\"}},{\"@type\":\"ListItem\",\"@id\":\"https:\\\/\\\/www.eldigitaldeasturias.com\\\/noticias\\\/zoido-entregara-el-testigo-al-nuevo-lider-del-pp-a-el-2-de-marzo\\\/#listItem\",\"position\":3,\"name\":\"Zoido entregar\\u00e1 el testigo al nuevo l\\u00edder del PP-A el 2 de marzo\",\"previousItem\":{\"@type\":\"ListItem\",\"@id\":\"https:\\\/\\\/www.eldigitaldeasturias.com\\\/noticias\\\/category\\\/actualidad\\\/#listItem\",\"name\":\"Actualidad\"}}]},{\"@type\":\"Organization\",\"@id\":\"https:\\\/\\\/www.eldigitaldeasturias.com\\\/noticias\\\/#organization\",\"name\":\"El Digital de Asturias\",\"description\":\"Hemeroteca\",\"url\":\"https:\\\/\\\/www.eldigitaldeasturias.com\\\/noticias\\\/\",\"email\":\"info@eldigitaldeasturias.com\",\"telephone\":\"+34652131393\",\"logo\":{\"@type\":\"ImageObject\",\"url\":\"https:\\\/\\\/www.eldigitaldeasturias.com\\\/noticias\\\/wp-content\\\/uploads\\\/2020\\\/12\\\/EDA.jpg\",\"@id\":\"https:\\\/\\\/www.eldigitaldeasturias.com\\\/noticias\\\/zoido-entregara-el-testigo-al-nuevo-lider-del-pp-a-el-2-de-marzo\\\/#organizationLogo\"},\"image\":{\"@id\":\"https:\\\/\\\/www.eldigitaldeasturias.com\\\/noticias\\\/zoido-entregara-el-testigo-al-nuevo-lider-del-pp-a-el-2-de-marzo\\\/#organizationLogo\"},\"sameAs\":[\"https:\\\/\\\/facebook.com\\\/eldigitaldeasturias\",\"https:\\\/\\\/www.youtube.com\\\/channel\\\/UCZP-2wLEB9Rv6erhFmqVnvg\"],\"address\":{\"@id\":\"https:\\\/\\\/www.eldigitaldeasturias.com\\\/noticias\\\/#postaladdress\",\"@type\":\"PostalAddress\",\"streetAddress\":\"san antonio 4\",\"postalCode\":\"33430\",\"addressLocality\":\"Cand\\u00e1s\",\"addressRegion\":\"Asturias\",\"addressCountry\":\"ES\"}},{\"@type\":\"Person\",\"@id\":\"https:\\\/\\\/www.eldigitaldeasturias.com\\\/noticias\\\/author\\\/admin\\\/#author\",\"url\":\"https:\\\/\\\/www.eldigitaldeasturias.com\\\/noticias\\\/author\\\/admin\\\/\",\"name\":\"El Digital de Asturias\",\"image\":{\"@type\":\"ImageObject\",\"@id\":\"https:\\\/\\\/www.eldigitaldeasturias.com\\\/noticias\\\/zoido-entregara-el-testigo-al-nuevo-lider-del-pp-a-el-2-de-marzo\\\/#authorImage\",\"url\":\"https:\\\/\\\/secure.gravatar.com\\\/avatar\\\/df2aeffc32bcd13f8d26072ef8a91b623d677766deac7f97ca815868cd41bf5e?s=96&d=mm&r=g\",\"width\":96,\"height\":96,\"caption\":\"El Digital de Asturias\"}},{\"@type\":\"WebPage\",\"@id\":\"https:\\\/\\\/www.eldigitaldeasturias.com\\\/noticias\\\/zoido-entregara-el-testigo-al-nuevo-lider-del-pp-a-el-2-de-marzo\\\/#webpage\",\"url\":\"https:\\\/\\\/www.eldigitaldeasturias.com\\\/noticias\\\/zoido-entregara-el-testigo-al-nuevo-lider-del-pp-a-el-2-de-marzo\\\/\",\"name\":\"Zoido entregar\\u00e1 el testigo al nuevo l\\u00edder del PP-A el 2 de marzo - El Digital de Asturias\",\"description\":\"Sevilla, 5 feb (EFE).- El PP andaluz celebrar\\u00e1 el 1 y 2 de marzo en Sevilla el congreso extraordinario en el que Juan Ignacio Zoido ceder\\u00e1 el testigo al frente de la presidencia del partido, para lo que desde hoy y hasta el 12 de febrero permanecer\\u00e1 abierto el plazo de presentaci\\u00f3n de candidaturas. Los\",\"inLanguage\":\"es-ES\",\"isPartOf\":{\"@id\":\"https:\\\/\\\/www.eldigitaldeasturias.com\\\/noticias\\\/#website\"},\"breadcrumb\":{\"@id\":\"https:\\\/\\\/www.eldigitaldeasturias.com\\\/noticias\\\/zoido-entregara-el-testigo-al-nuevo-lider-del-pp-a-el-2-de-marzo\\\/#breadcrumblist\"},\"author\":{\"@id\":\"https:\\\/\\\/www.eldigitaldeasturias.com\\\/noticias\\\/author\\\/admin\\\/#author\"},\"creator\":{\"@id\":\"https:\\\/\\\/www.eldigitaldeasturias.com\\\/noticias\\\/author\\\/admin\\\/#author\"},\"image\":{\"@type\":\"ImageObject\",\"url\":484624,\"@id\":\"https:\\\/\\\/www.eldigitaldeasturias.com\\\/noticias\\\/zoido-entregara-el-testigo-al-nuevo-lider-del-pp-a-el-2-de-marzo\\\/#mainImage\"},\"primaryImageOfPage\":{\"@id\":\"https:\\\/\\\/www.eldigitaldeasturias.com\\\/noticias\\\/zoido-entregara-el-testigo-al-nuevo-lider-del-pp-a-el-2-de-marzo\\\/#mainImage\"},\"datePublished\":\"2014-02-06T01:42:39+01:00\",\"dateModified\":\"2014-02-06T01:42:39+01:00\"},{\"@type\":\"WebSite\",\"@id\":\"https:\\\/\\\/www.eldigitaldeasturias.com\\\/noticias\\\/#website\",\"url\":\"https:\\\/\\\/www.eldigitaldeasturias.com\\\/noticias\\\/\",\"name\":\"El Digital de Asturias - Diario de actualidad y noticias\",\"alternateName\":\"El Digital de Asturias - Diario de actualidad y noticias\",\"description\":\"Hemeroteca\",\"inLanguage\":\"es-ES\",\"publisher\":{\"@id\":\"https:\\\/\\\/www.eldigitaldeasturias.com\\\/noticias\\\/#organization\"}}]}\n\t\t<\/script>\n\t\t<!-- All in One SEO Pro -->\r\n\t\t<title>Zoido entregar\u00e1 el testigo al nuevo l\u00edder del PP-A el 2 de marzo - El Digital de Asturias<\/title>\n\n","aioseo_head_json":{"title":"Zoido entregar\u00e1 el testigo al nuevo l\u00edder del PP-A el 2 de marzo - El Digital de Asturias","description":"Sevilla, 5 feb (EFE).- El PP andaluz celebrar\u00e1 el 1 y 2 de marzo en Sevilla el congreso extraordinario en el que Juan Ignacio Zoido ceder\u00e1 el testigo al frente de la presidencia del partido, para lo que desde hoy y hasta el 12 de febrero permanecer\u00e1 abierto el plazo de presentaci\u00f3n de candidaturas. Los","canonical_url":"https:\/\/www.eldigitaldeasturias.com\/noticias\/zoido-entregara-el-testigo-al-nuevo-lider-del-pp-a-el-2-de-marzo\/","robots":"max-image-preview:large","keywords":"actualidad","webmasterTools":{"google-site-verification":"UA-38556648-1","msvalidate.01":"7dfe9f3f1b24437ab69f4f2559babe99","miscellaneous":""},"schema":{"@context":"https:\/\/schema.org","@graph":[{"@type":"BlogPosting","@id":"https:\/\/www.eldigitaldeasturias.com\/noticias\/zoido-entregara-el-testigo-al-nuevo-lider-del-pp-a-el-2-de-marzo\/#blogposting","name":"Zoido entregar\u00e1 el testigo al nuevo l\u00edder del PP-A el 2 de marzo - El Digital de Asturias","headline":"Zoido entregar\u00e1 el testigo al nuevo l\u00edder del PP-A el 2 de marzo","author":{"@id":"https:\/\/www.eldigitaldeasturias.com\/noticias\/author\/admin\/#author"},"publisher":{"@id":"https:\/\/www.eldigitaldeasturias.com\/noticias\/#organization"},"image":{"@type":"ImageObject","url":484624},"datePublished":"2014-02-06T01:42:39+01:00","dateModified":"2014-02-06T01:42:39+01:00","inLanguage":"es-ES","mainEntityOfPage":{"@id":"https:\/\/www.eldigitaldeasturias.com\/noticias\/zoido-entregara-el-testigo-al-nuevo-lider-del-pp-a-el-2-de-marzo\/#webpage"},"isPartOf":{"@id":"https:\/\/www.eldigitaldeasturias.com\/noticias\/zoido-entregara-el-testigo-al-nuevo-lider-del-pp-a-el-2-de-marzo\/#webpage"},"articleSection":"Actualidad"},{"@type":"BreadcrumbList","@id":"https:\/\/www.eldigitaldeasturias.com\/noticias\/zoido-entregara-el-testigo-al-nuevo-lider-del-pp-a-el-2-de-marzo\/#breadcrumblist","itemListElement":[{"@type":"ListItem","@id":"https:\/\/www.eldigitaldeasturias.com\/noticias#listItem","position":1,"name":"Home","item":"https:\/\/www.eldigitaldeasturias.com\/noticias","nextItem":{"@type":"ListItem","@id":"https:\/\/www.eldigitaldeasturias.com\/noticias\/category\/actualidad\/#listItem","name":"Actualidad"}},{"@type":"ListItem","@id":"https:\/\/www.eldigitaldeasturias.com\/noticias\/category\/actualidad\/#listItem","position":2,"name":"Actualidad","item":"https:\/\/www.eldigitaldeasturias.com\/noticias\/category\/actualidad\/","nextItem":{"@type":"ListItem","@id":"https:\/\/www.eldigitaldeasturias.com\/noticias\/zoido-entregara-el-testigo-al-nuevo-lider-del-pp-a-el-2-de-marzo\/#listItem","name":"Zoido entregar\u00e1 el testigo al nuevo l\u00edder del PP-A el 2 de marzo"},"previousItem":{"@type":"ListItem","@id":"https:\/\/www.eldigitaldeasturias.com\/noticias#listItem","name":"Home"}},{"@type":"ListItem","@id":"https:\/\/www.eldigitaldeasturias.com\/noticias\/zoido-entregara-el-testigo-al-nuevo-lider-del-pp-a-el-2-de-marzo\/#listItem","position":3,"name":"Zoido entregar\u00e1 el testigo al nuevo l\u00edder del PP-A el 2 de marzo","previousItem":{"@type":"ListItem","@id":"https:\/\/www.eldigitaldeasturias.com\/noticias\/category\/actualidad\/#listItem","name":"Actualidad"}}]},{"@type":"Organization","@id":"https:\/\/www.eldigitaldeasturias.com\/noticias\/#organization","name":"El Digital de Asturias","description":"Hemeroteca","url":"https:\/\/www.eldigitaldeasturias.com\/noticias\/","email":"info@eldigitaldeasturias.com","telephone":"+34652131393","logo":{"@type":"ImageObject","url":"https:\/\/www.eldigitaldeasturias.com\/noticias\/wp-content\/uploads\/2020\/12\/EDA.jpg","@id":"https:\/\/www.eldigitaldeasturias.com\/noticias\/zoido-entregara-el-testigo-al-nuevo-lider-del-pp-a-el-2-de-marzo\/#organizationLogo"},"image":{"@id":"https:\/\/www.eldigitaldeasturias.com\/noticias\/zoido-entregara-el-testigo-al-nuevo-lider-del-pp-a-el-2-de-marzo\/#organizationLogo"},"sameAs":["https:\/\/facebook.com\/eldigitaldeasturias","https:\/\/www.youtube.com\/channel\/UCZP-2wLEB9Rv6erhFmqVnvg"],"address":{"@id":"https:\/\/www.eldigitaldeasturias.com\/noticias\/#postaladdress","@type":"PostalAddress","streetAddress":"san antonio 4","postalCode":"33430","addressLocality":"Cand\u00e1s","addressRegion":"Asturias","addressCountry":"ES"}},{"@type":"Person","@id":"https:\/\/www.eldigitaldeasturias.com\/noticias\/author\/admin\/#author","url":"https:\/\/www.eldigitaldeasturias.com\/noticias\/author\/admin\/","name":"El Digital de Asturias","image":{"@type":"ImageObject","@id":"https:\/\/www.eldigitaldeasturias.com\/noticias\/zoido-entregara-el-testigo-al-nuevo-lider-del-pp-a-el-2-de-marzo\/#authorImage","url":"https:\/\/secure.gravatar.com\/avatar\/df2aeffc32bcd13f8d26072ef8a91b623d677766deac7f97ca815868cd41bf5e?s=96&d=mm&r=g","width":96,"height":96,"caption":"El Digital de Asturias"}},{"@type":"WebPage","@id":"https:\/\/www.eldigitaldeasturias.com\/noticias\/zoido-entregara-el-testigo-al-nuevo-lider-del-pp-a-el-2-de-marzo\/#webpage","url":"https:\/\/www.eldigitaldeasturias.com\/noticias\/zoido-entregara-el-testigo-al-nuevo-lider-del-pp-a-el-2-de-marzo\/","name":"Zoido entregar\u00e1 el testigo al nuevo l\u00edder del PP-A el 2 de marzo - El Digital de Asturias","description":"Sevilla, 5 feb (EFE).- El PP andaluz celebrar\u00e1 el 1 y 2 de marzo en Sevilla el congreso extraordinario en el que Juan Ignacio Zoido ceder\u00e1 el testigo al frente de la presidencia del partido, para lo que desde hoy y hasta el 12 de febrero permanecer\u00e1 abierto el plazo de presentaci\u00f3n de candidaturas. Los","inLanguage":"es-ES","isPartOf":{"@id":"https:\/\/www.eldigitaldeasturias.com\/noticias\/#website"},"breadcrumb":{"@id":"https:\/\/www.eldigitaldeasturias.com\/noticias\/zoido-entregara-el-testigo-al-nuevo-lider-del-pp-a-el-2-de-marzo\/#breadcrumblist"},"author":{"@id":"https:\/\/www.eldigitaldeasturias.com\/noticias\/author\/admin\/#author"},"creator":{"@id":"https:\/\/www.eldigitaldeasturias.com\/noticias\/author\/admin\/#author"},"image":{"@type":"ImageObject","url":484624,"@id":"https:\/\/www.eldigitaldeasturias.com\/noticias\/zoido-entregara-el-testigo-al-nuevo-lider-del-pp-a-el-2-de-marzo\/#mainImage"},"primaryImageOfPage":{"@id":"https:\/\/www.eldigitaldeasturias.com\/noticias\/zoido-entregara-el-testigo-al-nuevo-lider-del-pp-a-el-2-de-marzo\/#mainImage"},"datePublished":"2014-02-06T01:42:39+01:00","dateModified":"2014-02-06T01:42:39+01:00"},{"@type":"WebSite","@id":"https:\/\/www.eldigitaldeasturias.com\/noticias\/#website","url":"https:\/\/www.eldigitaldeasturias.com\/noticias\/","name":"El Digital de Asturias - Diario de actualidad y noticias","alternateName":"El Digital de Asturias - Diario de actualidad y noticias","description":"Hemeroteca","inLanguage":"es-ES","publisher":{"@id":"https:\/\/www.eldigitaldeasturias.com\/noticias\/#organization"}}]},"og:locale":"es_ES","og:site_name":"El Digital de Asturias","og:type":"article","og:title":"Zoido entregar\u00e1 el testigo al nuevo l\u00edder del PP-A el 2 de marzo - El Digital de Asturias","og:description":"Sevilla, 5 feb (EFE).- El PP andaluz celebrar\u00e1 el 1 y 2 de marzo en Sevilla el congreso extraordinario en el que Juan Ignacio Zoido ceder\u00e1 el testigo al frente de la presidencia del partido, para lo que desde hoy y hasta el 12 de febrero permanecer\u00e1 abierto el plazo de presentaci\u00f3n de candidaturas. Los","og:url":"https:\/\/www.eldigitaldeasturias.com\/noticias\/zoido-entregara-el-testigo-al-nuevo-lider-del-pp-a-el-2-de-marzo\/","article:tag":["actualidad"],"article:published_time":"2014-02-06T02:42:39+00:00","article:modified_time":"2014-02-06T02:42:39+00:00","article:publisher":"https:\/\/facebook.com\/eldigitaldeasturias","twitter:card":"summary_large_image","twitter:title":"Zoido entregar\u00e1 el testigo al nuevo l\u00edder del PP-A el 2 de marzo - El Digital de Asturias","twitter:description":"Sevilla, 5 feb (EFE).- El PP andaluz celebrar\u00e1 el 1 y 2 de marzo en Sevilla el congreso extraordinario en el que Juan Ignacio Zoido ceder\u00e1 el testigo al frente de la presidencia del partido, para lo que desde hoy y hasta el 12 de febrero permanecer\u00e1 abierto el plazo de presentaci\u00f3n de candidaturas. Los","twitter:label1":"Escrito por","twitter:data1":"El Digital de Asturias","twitter:label2":"Tiempo de lectura estimado","twitter:data2":"4 minutos"},"aioseo_meta_data":{"post_id":"484623","title":null,"description":null,"keywords":null,"keyphrases":null,"primary_term":null,"canonical_url":null,"og_title":null,"og_description":null,"og_object_type":"default","og_image_type":"default","og_image_url":null,"og_image_width":null,"og_image_height":null,"og_image_custom_url":null,"og_image_custom_fields":null,"og_video":null,"og_custom_url":null,"og_article_section":null,"og_article_tags":null,"twitter_use_og":true,"twitter_card":"default","twitter_image_type":"default","twitter_image_url":null,"twitter_image_custom_url":null,"twitter_image_custom_fields":null,"twitter_title":null,"twitter_description":null,"schema":{"blockGraphs":[],"customGraphs":[],"default":{"data":{"Article":[],"Course":[],"Dataset":[],"FAQPage":[],"Movie":[],"Person":[],"Product":[],"ProductReview":[],"Car":[],"Recipe":[],"Service":[],"SoftwareApplication":[],"WebPage":[]},"graphName":"","isEnabled":true},"graphs":[],"defaultGraph":"","defaultPostTypeGraph":""},"schema_type":null,"schema_type_options":null,"pillar_content":false,"robots_default":true,"robots_noindex":false,"robots_noarchive":false,"robots_nosnippet":false,"robots_nofollow":false,"robots_noimageindex":false,"robots_noodp":false,"robots_notranslate":false,"robots_max_snippet":null,"robots_max_videopreview":null,"robots_max_imagepreview":"none","priority":null,"frequency":null,"local_seo":null,"seo_analyzer_scan_date":"2026-06-02 16:26:49","breadcrumb_settings":null,"limit_modified_date":false,"open_ai":null,"ai":null,"created":"2020-11-14 22:55:05","updated":"2026-06-02 16:26:49","focus_keyword":null,"additional_keywords":null,"truseo_locale":null},"aioseo_breadcrumb":"<div class=\"aioseo-breadcrumbs\"><span class=\"aioseo-breadcrumb\">\n\t<a href=\"https:\/\/www.eldigitaldeasturias.com\/noticias\" title=\"Home\">Home<\/a>\n<\/span><span class=\"aioseo-breadcrumb-separator\">\u2013<\/span><span class=\"aioseo-breadcrumb\">\n\t<a href=\"https:\/\/www.eldigitaldeasturias.com\/noticias\/category\/actualidad\/\" title=\"Actualidad\">Actualidad<\/a>\n<\/span><span class=\"aioseo-breadcrumb-separator\">\u2013<\/span><span class=\"aioseo-breadcrumb\">\n\t<a href=\"https:\/\/www.eldigitaldeasturias.com\/noticias\/zoido-entregara-el-testigo-al-nuevo-lider-del-pp-a-el-2-de-marzo\/\" title=\"Zoido entregar\u00e1 el testigo al nuevo l\u00edder del PP-A el 2 de marzo\">Zoido entregar\u00e1 el testigo al nuevo l\u00edder del PP-A el 2 de marzo<\/a>\n<\/span><\/div>","aioseo_breadcrumb_json":[{"label":"Home","link":"https:\/\/www.eldigitaldeasturias.com\/noticias"},{"label":"Actualidad","link":"https:\/\/www.eldigitaldeasturias.com\/noticias\/category\/actualidad\/"},{"label":"Zoido entregar\u00e1 el testigo al nuevo l\u00edder del PP-A el 2 de marzo","link":"https:\/\/www.eldigitaldeasturias.com\/noticias\/zoido-entregara-el-testigo-al-nuevo-lider-del-pp-a-el-2-de-marzo\/"}],"_links":{"self":[{"href":"https:\/\/www.eldigitaldeasturias.com\/noticias\/wp-json\/wp\/v2\/posts\/484623","targetHints":{"allow":["GET"]}}],"collection":[{"href":"https:\/\/www.eldigitaldeasturias.com\/noticias\/wp-json\/wp\/v2\/posts"}],"about":[{"href":"https:\/\/www.eldigitaldeasturias.com\/noticias\/wp-json\/wp\/v2\/types\/post"}],"author":[{"embeddable":true,"href":"https:\/\/www.eldigitaldeasturias.com\/noticias\/wp-json\/wp\/v2\/users\/1"}],"replies":[{"embeddable":true,"href":"https:\/\/www.eldigitaldeasturias.com\/noticias\/wp-json\/wp\/v2\/comments?post=484623"}],"version-history":[{"count":0,"href":"https:\/\/www.eldigitaldeasturias.com\/noticias\/wp-json\/wp\/v2\/posts\/484623\/revisions"}],"wp:attachment":[{"href":"https:\/\/www.eldigitaldeasturias.com\/noticias\/wp-json\/wp\/v2\/media?parent=484623"}],"wp:term":[{"taxonomy":"category","embeddable":true,"href":"https:\/\/www.eldigitaldeasturias.com\/noticias\/wp-json\/wp\/v2\/categories?post=484623"},{"taxonomy":"post_tag","embeddable":true,"href":"https:\/\/www.eldigitaldeasturias.com\/noticias\/wp-json\/wp\/v2\/tags?post=484623"}],"curies":[{"name":"wp","href":"https:\/\/api.w.org\/{rel}","templated":true}]}}