{"id":484620,"date":"2014-02-06T01:41:39","date_gmt":"2014-02-06T02:41:39","guid":{"rendered":"http:\/\/www.eldigitaldeasturias.com\/noticias\/?p=484620"},"modified":"2014-02-06T01:41:39","modified_gmt":"2014-02-06T02:41:39","slug":"correa-firma-el-decreto-de-salida-de-ecuador-del-tiar","status":"publish","type":"post","link":"https:\/\/www.eldigitaldeasturias.com\/noticias\/correa-firma-el-decreto-de-salida-de-ecuador-del-tiar\/","title":{"rendered":"Correa firma el decreto de salida de Ecuador del TIAR"},"content":{"rendered":"<p><img loading=\"lazy\" decoding=\"async\" class=\"alignleft size-medium wp-image-484621\" alt=\"5914223w\" src=\"https:\/\/www.eldigitaldeasturias.com\/noticias\/wp-content\/uploads\/2014\/02\/5914223w-360x239.jpg\" width=\"360\" height=\"239\" \/>Quito, 5 feb (EFE).- El presidente de Ecuador, Rafael Correa, firm\u00f3 el decreto que confirma la salida del pa\u00eds del Tratado Interamericano de Asistencia Rec\u00edproca (TIAR), inform\u00f3 hoy el Ministerio de Relaciones Exteriores y Movilidad Humana.<\/p>\n<p>Correa firm\u00f3 ayer el decreto una vez aprobada por la Asamblea Nacional la denuncia de ese instrumento internacional, indic\u00f3 la Canciller\u00eda en un comunicado.<\/p>\n<p>\u00abEl Tratado Interamericano de Asistencia Rec\u00edproca fue promovido, en 1947, por los Estados Unidos para defender sus intereses geopol\u00edticos en la regi\u00f3n, en el contexto de la Guerra Fr\u00eda y de la lucha contra el comunismo\u00bb, apunta el escrito.<\/p>\n<p>A\u00f1ade que \u00abla verdadera naturaleza pol\u00edtica del TIAR ha quedado en evidencia a trav\u00e9s de algunos de los episodios m\u00e1s oscuros acaecidos en Am\u00e9rica Latina\u00bb.<\/p>\n<p>Se\u00f1ala que \u00abel TIAR y sus cl\u00e1usulas para &#8216;proteger&#8217; a la regi\u00f3n de amenazas externas -l\u00e9ase comunismo, socialismo o defensa del inter\u00e9s nacional-, guardan una relaci\u00f3n directa con hechos nefastos, como las intervenciones militares en Guatemala, en 1954, en Panam\u00e1, en 1964, y en Rep\u00fablica Dominicana, en 1965, as\u00ed como el aislamiento de Cuba de los foros regionales desde 1962\u00bb.<\/p>\n<p>Cuando existi\u00f3 \u00abuna verdadera agresi\u00f3n externa contra un pa\u00eds latinoamericano, como el caso de Argentina en 1982 por parte de Reino Unido, los Estados Unidos obviaron la aplicaci\u00f3n del TIAR en defensa de su aliado extra continental\u00bb, a\u00f1ade.<\/p>\n<p>Seg\u00fan la Canciller\u00eda, la retirada del TIAR es \u00abun paso m\u00e1s hacia la construcci\u00f3n de una doctrina continental de seguridad y defensa, adaptada a la realidad del mundo contempor\u00e1neo y al servicio de los objetivos de la construcci\u00f3n de un orden mundial m\u00e1s justo y equitativo y del fomento de las relaciones pac\u00edficas entre los Estados\u00bb.<\/p>\n<p>La denuncia se har\u00e1 efectiva, conforme el art\u00edculo 25 del Tratado, a los dos a\u00f1os de la fecha en que Ecuador notifique oficialmente la denuncia a la Secretar\u00eda General de la Organizaci\u00f3n de Estados Americanos.<\/p>\n","protected":false},"excerpt":{"rendered":"<p>Quito, 5 feb (EFE).- El presidente de Ecuador, Rafael Correa, firm\u00f3 el decreto que confirma la salida del pa\u00eds del Tratado Interamericano de Asistencia Rec\u00edproca (TIAR), inform\u00f3 hoy el Ministerio de Relaciones Exteriores y Movilidad Humana. Correa firm\u00f3 ayer el decreto una vez aprobada por la Asamblea Nacional la denuncia de ese instrumento internacional, indic\u00f3 [&hellip;]<\/p>\n","protected":false},"author":1,"featured_media":484621,"comment_status":"closed","ping_status":"open","sticky":false,"template":"","format":"standard","meta":{"footnotes":""},"categories":[1],"tags":[],"class_list":["post-484620","post","type-post","status-publish","format-standard","has-post-thumbnail","hentry","category-actualidad"],"aioseo_notices":[],"aioseo_head":"\n\t\t<!-- All in One SEO Pro 5.0.1 - aioseo.com -->\n\t<meta name=\"description\" content=\"Quito, 5 feb (EFE).- El presidente de Ecuador, Rafael Correa, firm\u00f3 el decreto que confirma la salida del pa\u00eds del Tratado Interamericano de Asistencia Rec\u00edproca (TIAR), inform\u00f3 hoy el Ministerio de Relaciones Exteriores y Movilidad Humana. Correa firm\u00f3 ayer el decreto una vez aprobada por la Asamblea Nacional la denuncia de ese instrumento internacional, indic\u00f3\" \/>\n\t<meta name=\"robots\" content=\"max-image-preview:large\" \/>\n\t<meta name=\"author\" content=\"El Digital de Asturias\"\/>\n\t<meta name=\"google-site-verification\" content=\"UA-38556648-1\" \/>\n\t<meta name=\"msvalidate.01\" content=\"7dfe9f3f1b24437ab69f4f2559babe99\" \/>\n\t<meta name=\"keywords\" content=\"actualidad\" \/>\n\t<link rel=\"canonical\" href=\"https:\/\/www.eldigitaldeasturias.com\/noticias\/correa-firma-el-decreto-de-salida-de-ecuador-del-tiar\/\" \/>\n\t<meta name=\"generator\" content=\"All in One SEO Pro (AIOSEO) 5.0.1\" \/>\n\t\t<meta property=\"og:locale\" content=\"es_ES\" \/>\n\t\t<meta property=\"og:site_name\" content=\"El Digital de Asturias\" \/>\n\t\t<meta property=\"og:type\" content=\"article\" \/>\n\t\t<meta property=\"og:title\" content=\"Correa firma el decreto de salida de Ecuador del TIAR - El Digital de Asturias\" \/>\n\t\t<meta property=\"og:description\" content=\"Quito, 5 feb (EFE).- El presidente de Ecuador, Rafael Correa, firm\u00f3 el decreto que confirma la salida del pa\u00eds del Tratado Interamericano de Asistencia Rec\u00edproca (TIAR), inform\u00f3 hoy el Ministerio de Relaciones Exteriores y Movilidad Humana. Correa firm\u00f3 ayer el decreto una vez aprobada por la Asamblea Nacional la denuncia de ese instrumento internacional, indic\u00f3\" \/>\n\t\t<meta property=\"og:url\" content=\"https:\/\/www.eldigitaldeasturias.com\/noticias\/correa-firma-el-decreto-de-salida-de-ecuador-del-tiar\/\" \/>\n\t\t<meta property=\"article:tag\" content=\"actualidad\" \/>\n\t\t<meta property=\"article:published_time\" content=\"2014-02-06T02:41:39+00:00\" \/>\n\t\t<meta property=\"article:modified_time\" content=\"2014-02-06T02:41:39+00:00\" \/>\n\t\t<meta property=\"article:publisher\" content=\"https:\/\/facebook.com\/eldigitaldeasturias\" \/>\n\t\t<meta name=\"twitter:card\" content=\"summary_large_image\" \/>\n\t\t<meta name=\"twitter:title\" content=\"Correa firma el decreto de salida de Ecuador del TIAR - El Digital de Asturias\" \/>\n\t\t<meta name=\"twitter:description\" content=\"Quito, 5 feb (EFE).- El presidente de Ecuador, Rafael Correa, firm\u00f3 el decreto que confirma la salida del pa\u00eds del Tratado Interamericano de Asistencia Rec\u00edproca (TIAR), inform\u00f3 hoy el Ministerio de Relaciones Exteriores y Movilidad Humana. Correa firm\u00f3 ayer el decreto una vez aprobada por la Asamblea Nacional la denuncia de ese instrumento internacional, indic\u00f3\" \/>\n\t\t<meta name=\"twitter:label1\" content=\"Escrito por\" \/>\n\t\t<meta name=\"twitter:data1\" content=\"El Digital de Asturias\" \/>\n\t\t<meta name=\"twitter:label2\" content=\"Tiempo de lectura estimado\" \/>\n\t\t<meta name=\"twitter:data2\" content=\"2 minutos\" \/>\n\t\t<script type=\"application\/ld+json\" class=\"aioseo-schema\">\n\t\t\t{\"@context\":\"https:\\\/\\\/schema.org\",\"@graph\":[{\"@type\":\"BlogPosting\",\"@id\":\"https:\\\/\\\/www.eldigitaldeasturias.com\\\/noticias\\\/correa-firma-el-decreto-de-salida-de-ecuador-del-tiar\\\/#blogposting\",\"name\":\"Correa firma el decreto de salida de Ecuador del TIAR - El Digital de Asturias\",\"headline\":\"Correa firma el decreto de salida de Ecuador del TIAR\",\"author\":{\"@id\":\"https:\\\/\\\/www.eldigitaldeasturias.com\\\/noticias\\\/author\\\/admin\\\/#author\"},\"publisher\":{\"@id\":\"https:\\\/\\\/www.eldigitaldeasturias.com\\\/noticias\\\/#organization\"},\"image\":{\"@type\":\"ImageObject\",\"url\":484621},\"datePublished\":\"2014-02-06T01:41:39+01:00\",\"dateModified\":\"2014-02-06T01:41:39+01:00\",\"inLanguage\":\"es-ES\",\"mainEntityOfPage\":{\"@id\":\"https:\\\/\\\/www.eldigitaldeasturias.com\\\/noticias\\\/correa-firma-el-decreto-de-salida-de-ecuador-del-tiar\\\/#webpage\"},\"isPartOf\":{\"@id\":\"https:\\\/\\\/www.eldigitaldeasturias.com\\\/noticias\\\/correa-firma-el-decreto-de-salida-de-ecuador-del-tiar\\\/#webpage\"},\"articleSection\":\"Actualidad\"},{\"@type\":\"BreadcrumbList\",\"@id\":\"https:\\\/\\\/www.eldigitaldeasturias.com\\\/noticias\\\/correa-firma-el-decreto-de-salida-de-ecuador-del-tiar\\\/#breadcrumblist\",\"itemListElement\":[{\"@type\":\"ListItem\",\"@id\":\"https:\\\/\\\/www.eldigitaldeasturias.com\\\/noticias#listItem\",\"position\":1,\"name\":\"Home\",\"item\":\"https:\\\/\\\/www.eldigitaldeasturias.com\\\/noticias\",\"nextItem\":{\"@type\":\"ListItem\",\"@id\":\"https:\\\/\\\/www.eldigitaldeasturias.com\\\/noticias\\\/category\\\/actualidad\\\/#listItem\",\"name\":\"Actualidad\"}},{\"@type\":\"ListItem\",\"@id\":\"https:\\\/\\\/www.eldigitaldeasturias.com\\\/noticias\\\/category\\\/actualidad\\\/#listItem\",\"position\":2,\"name\":\"Actualidad\",\"item\":\"https:\\\/\\\/www.eldigitaldeasturias.com\\\/noticias\\\/category\\\/actualidad\\\/\",\"nextItem\":{\"@type\":\"ListItem\",\"@id\":\"https:\\\/\\\/www.eldigitaldeasturias.com\\\/noticias\\\/correa-firma-el-decreto-de-salida-de-ecuador-del-tiar\\\/#listItem\",\"name\":\"Correa firma el decreto de salida de Ecuador del TIAR\"},\"previousItem\":{\"@type\":\"ListItem\",\"@id\":\"https:\\\/\\\/www.eldigitaldeasturias.com\\\/noticias#listItem\",\"name\":\"Home\"}},{\"@type\":\"ListItem\",\"@id\":\"https:\\\/\\\/www.eldigitaldeasturias.com\\\/noticias\\\/correa-firma-el-decreto-de-salida-de-ecuador-del-tiar\\\/#listItem\",\"position\":3,\"name\":\"Correa firma el decreto de salida de Ecuador del TIAR\",\"previousItem\":{\"@type\":\"ListItem\",\"@id\":\"https:\\\/\\\/www.eldigitaldeasturias.com\\\/noticias\\\/category\\\/actualidad\\\/#listItem\",\"name\":\"Actualidad\"}}]},{\"@type\":\"Organization\",\"@id\":\"https:\\\/\\\/www.eldigitaldeasturias.com\\\/noticias\\\/#organization\",\"name\":\"El Digital de Asturias\",\"description\":\"Hemeroteca\",\"url\":\"https:\\\/\\\/www.eldigitaldeasturias.com\\\/noticias\\\/\",\"email\":\"info@eldigitaldeasturias.com\",\"telephone\":\"+34652131393\",\"logo\":{\"@type\":\"ImageObject\",\"url\":\"https:\\\/\\\/www.eldigitaldeasturias.com\\\/noticias\\\/wp-content\\\/uploads\\\/2020\\\/12\\\/EDA.jpg\",\"@id\":\"https:\\\/\\\/www.eldigitaldeasturias.com\\\/noticias\\\/correa-firma-el-decreto-de-salida-de-ecuador-del-tiar\\\/#organizationLogo\"},\"image\":{\"@id\":\"https:\\\/\\\/www.eldigitaldeasturias.com\\\/noticias\\\/correa-firma-el-decreto-de-salida-de-ecuador-del-tiar\\\/#organizationLogo\"},\"sameAs\":[\"https:\\\/\\\/facebook.com\\\/eldigitaldeasturias\",\"https:\\\/\\\/www.youtube.com\\\/channel\\\/UCZP-2wLEB9Rv6erhFmqVnvg\"],\"address\":{\"@id\":\"https:\\\/\\\/www.eldigitaldeasturias.com\\\/noticias\\\/#postaladdress\",\"@type\":\"PostalAddress\",\"streetAddress\":\"san antonio 4\",\"postalCode\":\"33430\",\"addressLocality\":\"Cand\\u00e1s\",\"addressRegion\":\"Asturias\",\"addressCountry\":\"ES\"}},{\"@type\":\"Person\",\"@id\":\"https:\\\/\\\/www.eldigitaldeasturias.com\\\/noticias\\\/author\\\/admin\\\/#author\",\"url\":\"https:\\\/\\\/www.eldigitaldeasturias.com\\\/noticias\\\/author\\\/admin\\\/\",\"name\":\"El Digital de Asturias\",\"image\":{\"@type\":\"ImageObject\",\"@id\":\"https:\\\/\\\/www.eldigitaldeasturias.com\\\/noticias\\\/correa-firma-el-decreto-de-salida-de-ecuador-del-tiar\\\/#authorImage\",\"url\":\"https:\\\/\\\/secure.gravatar.com\\\/avatar\\\/df2aeffc32bcd13f8d26072ef8a91b623d677766deac7f97ca815868cd41bf5e?s=96&d=mm&r=g\",\"width\":96,\"height\":96,\"caption\":\"El Digital de Asturias\"}},{\"@type\":\"WebPage\",\"@id\":\"https:\\\/\\\/www.eldigitaldeasturias.com\\\/noticias\\\/correa-firma-el-decreto-de-salida-de-ecuador-del-tiar\\\/#webpage\",\"url\":\"https:\\\/\\\/www.eldigitaldeasturias.com\\\/noticias\\\/correa-firma-el-decreto-de-salida-de-ecuador-del-tiar\\\/\",\"name\":\"Correa firma el decreto de salida de Ecuador del TIAR - El Digital de Asturias\",\"description\":\"Quito, 5 feb (EFE).- El presidente de Ecuador, Rafael Correa, firm\\u00f3 el decreto que confirma la salida del pa\\u00eds del Tratado Interamericano de Asistencia Rec\\u00edproca (TIAR), inform\\u00f3 hoy el Ministerio de Relaciones Exteriores y Movilidad Humana. Correa firm\\u00f3 ayer el decreto una vez aprobada por la Asamblea Nacional la denuncia de ese instrumento internacional, indic\\u00f3\",\"inLanguage\":\"es-ES\",\"isPartOf\":{\"@id\":\"https:\\\/\\\/www.eldigitaldeasturias.com\\\/noticias\\\/#website\"},\"breadcrumb\":{\"@id\":\"https:\\\/\\\/www.eldigitaldeasturias.com\\\/noticias\\\/correa-firma-el-decreto-de-salida-de-ecuador-del-tiar\\\/#breadcrumblist\"},\"author\":{\"@id\":\"https:\\\/\\\/www.eldigitaldeasturias.com\\\/noticias\\\/author\\\/admin\\\/#author\"},\"creator\":{\"@id\":\"https:\\\/\\\/www.eldigitaldeasturias.com\\\/noticias\\\/author\\\/admin\\\/#author\"},\"image\":{\"@type\":\"ImageObject\",\"url\":484621,\"@id\":\"https:\\\/\\\/www.eldigitaldeasturias.com\\\/noticias\\\/correa-firma-el-decreto-de-salida-de-ecuador-del-tiar\\\/#mainImage\"},\"primaryImageOfPage\":{\"@id\":\"https:\\\/\\\/www.eldigitaldeasturias.com\\\/noticias\\\/correa-firma-el-decreto-de-salida-de-ecuador-del-tiar\\\/#mainImage\"},\"datePublished\":\"2014-02-06T01:41:39+01:00\",\"dateModified\":\"2014-02-06T01:41:39+01:00\"},{\"@type\":\"WebSite\",\"@id\":\"https:\\\/\\\/www.eldigitaldeasturias.com\\\/noticias\\\/#website\",\"url\":\"https:\\\/\\\/www.eldigitaldeasturias.com\\\/noticias\\\/\",\"name\":\"El Digital de Asturias - Diario de actualidad y noticias\",\"alternateName\":\"El Digital de Asturias - Diario de actualidad y noticias\",\"description\":\"Hemeroteca\",\"inLanguage\":\"es-ES\",\"publisher\":{\"@id\":\"https:\\\/\\\/www.eldigitaldeasturias.com\\\/noticias\\\/#organization\"}}]}\n\t\t<\/script>\n\t\t<!-- All in One SEO Pro -->\r\n\t\t<title>Correa firma el decreto de salida de Ecuador del TIAR - El Digital de Asturias<\/title>\n\n","aioseo_head_json":{"title":"Correa firma el decreto de salida de Ecuador del TIAR - El Digital de Asturias","description":"Quito, 5 feb (EFE).- El presidente de Ecuador, Rafael Correa, firm\u00f3 el decreto que confirma la salida del pa\u00eds del Tratado Interamericano de Asistencia Rec\u00edproca (TIAR), inform\u00f3 hoy el Ministerio de Relaciones Exteriores y Movilidad Humana. Correa firm\u00f3 ayer el decreto una vez aprobada por la Asamblea Nacional la denuncia de ese instrumento internacional, indic\u00f3","canonical_url":"https:\/\/www.eldigitaldeasturias.com\/noticias\/correa-firma-el-decreto-de-salida-de-ecuador-del-tiar\/","robots":"max-image-preview:large","keywords":"actualidad","webmasterTools":{"google-site-verification":"UA-38556648-1","msvalidate.01":"7dfe9f3f1b24437ab69f4f2559babe99","miscellaneous":""},"schema":{"@context":"https:\/\/schema.org","@graph":[{"@type":"BlogPosting","@id":"https:\/\/www.eldigitaldeasturias.com\/noticias\/correa-firma-el-decreto-de-salida-de-ecuador-del-tiar\/#blogposting","name":"Correa firma el decreto de salida de Ecuador del TIAR - El Digital de Asturias","headline":"Correa firma el decreto de salida de Ecuador del TIAR","author":{"@id":"https:\/\/www.eldigitaldeasturias.com\/noticias\/author\/admin\/#author"},"publisher":{"@id":"https:\/\/www.eldigitaldeasturias.com\/noticias\/#organization"},"image":{"@type":"ImageObject","url":484621},"datePublished":"2014-02-06T01:41:39+01:00","dateModified":"2014-02-06T01:41:39+01:00","inLanguage":"es-ES","mainEntityOfPage":{"@id":"https:\/\/www.eldigitaldeasturias.com\/noticias\/correa-firma-el-decreto-de-salida-de-ecuador-del-tiar\/#webpage"},"isPartOf":{"@id":"https:\/\/www.eldigitaldeasturias.com\/noticias\/correa-firma-el-decreto-de-salida-de-ecuador-del-tiar\/#webpage"},"articleSection":"Actualidad"},{"@type":"BreadcrumbList","@id":"https:\/\/www.eldigitaldeasturias.com\/noticias\/correa-firma-el-decreto-de-salida-de-ecuador-del-tiar\/#breadcrumblist","itemListElement":[{"@type":"ListItem","@id":"https:\/\/www.eldigitaldeasturias.com\/noticias#listItem","position":1,"name":"Home","item":"https:\/\/www.eldigitaldeasturias.com\/noticias","nextItem":{"@type":"ListItem","@id":"https:\/\/www.eldigitaldeasturias.com\/noticias\/category\/actualidad\/#listItem","name":"Actualidad"}},{"@type":"ListItem","@id":"https:\/\/www.eldigitaldeasturias.com\/noticias\/category\/actualidad\/#listItem","position":2,"name":"Actualidad","item":"https:\/\/www.eldigitaldeasturias.com\/noticias\/category\/actualidad\/","nextItem":{"@type":"ListItem","@id":"https:\/\/www.eldigitaldeasturias.com\/noticias\/correa-firma-el-decreto-de-salida-de-ecuador-del-tiar\/#listItem","name":"Correa firma el decreto de salida de Ecuador del TIAR"},"previousItem":{"@type":"ListItem","@id":"https:\/\/www.eldigitaldeasturias.com\/noticias#listItem","name":"Home"}},{"@type":"ListItem","@id":"https:\/\/www.eldigitaldeasturias.com\/noticias\/correa-firma-el-decreto-de-salida-de-ecuador-del-tiar\/#listItem","position":3,"name":"Correa firma el decreto de salida de Ecuador del TIAR","previousItem":{"@type":"ListItem","@id":"https:\/\/www.eldigitaldeasturias.com\/noticias\/category\/actualidad\/#listItem","name":"Actualidad"}}]},{"@type":"Organization","@id":"https:\/\/www.eldigitaldeasturias.com\/noticias\/#organization","name":"El Digital de Asturias","description":"Hemeroteca","url":"https:\/\/www.eldigitaldeasturias.com\/noticias\/","email":"info@eldigitaldeasturias.com","telephone":"+34652131393","logo":{"@type":"ImageObject","url":"https:\/\/www.eldigitaldeasturias.com\/noticias\/wp-content\/uploads\/2020\/12\/EDA.jpg","@id":"https:\/\/www.eldigitaldeasturias.com\/noticias\/correa-firma-el-decreto-de-salida-de-ecuador-del-tiar\/#organizationLogo"},"image":{"@id":"https:\/\/www.eldigitaldeasturias.com\/noticias\/correa-firma-el-decreto-de-salida-de-ecuador-del-tiar\/#organizationLogo"},"sameAs":["https:\/\/facebook.com\/eldigitaldeasturias","https:\/\/www.youtube.com\/channel\/UCZP-2wLEB9Rv6erhFmqVnvg"],"address":{"@id":"https:\/\/www.eldigitaldeasturias.com\/noticias\/#postaladdress","@type":"PostalAddress","streetAddress":"san antonio 4","postalCode":"33430","addressLocality":"Cand\u00e1s","addressRegion":"Asturias","addressCountry":"ES"}},{"@type":"Person","@id":"https:\/\/www.eldigitaldeasturias.com\/noticias\/author\/admin\/#author","url":"https:\/\/www.eldigitaldeasturias.com\/noticias\/author\/admin\/","name":"El Digital de Asturias","image":{"@type":"ImageObject","@id":"https:\/\/www.eldigitaldeasturias.com\/noticias\/correa-firma-el-decreto-de-salida-de-ecuador-del-tiar\/#authorImage","url":"https:\/\/secure.gravatar.com\/avatar\/df2aeffc32bcd13f8d26072ef8a91b623d677766deac7f97ca815868cd41bf5e?s=96&d=mm&r=g","width":96,"height":96,"caption":"El Digital de Asturias"}},{"@type":"WebPage","@id":"https:\/\/www.eldigitaldeasturias.com\/noticias\/correa-firma-el-decreto-de-salida-de-ecuador-del-tiar\/#webpage","url":"https:\/\/www.eldigitaldeasturias.com\/noticias\/correa-firma-el-decreto-de-salida-de-ecuador-del-tiar\/","name":"Correa firma el decreto de salida de Ecuador del TIAR - El Digital de Asturias","description":"Quito, 5 feb (EFE).- El presidente de Ecuador, Rafael Correa, firm\u00f3 el decreto que confirma la salida del pa\u00eds del Tratado Interamericano de Asistencia Rec\u00edproca (TIAR), inform\u00f3 hoy el Ministerio de Relaciones Exteriores y Movilidad Humana. Correa firm\u00f3 ayer el decreto una vez aprobada por la Asamblea Nacional la denuncia de ese instrumento internacional, indic\u00f3","inLanguage":"es-ES","isPartOf":{"@id":"https:\/\/www.eldigitaldeasturias.com\/noticias\/#website"},"breadcrumb":{"@id":"https:\/\/www.eldigitaldeasturias.com\/noticias\/correa-firma-el-decreto-de-salida-de-ecuador-del-tiar\/#breadcrumblist"},"author":{"@id":"https:\/\/www.eldigitaldeasturias.com\/noticias\/author\/admin\/#author"},"creator":{"@id":"https:\/\/www.eldigitaldeasturias.com\/noticias\/author\/admin\/#author"},"image":{"@type":"ImageObject","url":484621,"@id":"https:\/\/www.eldigitaldeasturias.com\/noticias\/correa-firma-el-decreto-de-salida-de-ecuador-del-tiar\/#mainImage"},"primaryImageOfPage":{"@id":"https:\/\/www.eldigitaldeasturias.com\/noticias\/correa-firma-el-decreto-de-salida-de-ecuador-del-tiar\/#mainImage"},"datePublished":"2014-02-06T01:41:39+01:00","dateModified":"2014-02-06T01:41:39+01:00"},{"@type":"WebSite","@id":"https:\/\/www.eldigitaldeasturias.com\/noticias\/#website","url":"https:\/\/www.eldigitaldeasturias.com\/noticias\/","name":"El Digital de Asturias - Diario de actualidad y noticias","alternateName":"El Digital de Asturias - Diario de actualidad y noticias","description":"Hemeroteca","inLanguage":"es-ES","publisher":{"@id":"https:\/\/www.eldigitaldeasturias.com\/noticias\/#organization"}}]},"og:locale":"es_ES","og:site_name":"El Digital de Asturias","og:type":"article","og:title":"Correa firma el decreto de salida de Ecuador del TIAR - El Digital de Asturias","og:description":"Quito, 5 feb (EFE).- El presidente de Ecuador, Rafael Correa, firm\u00f3 el decreto que confirma la salida del pa\u00eds del Tratado Interamericano de Asistencia Rec\u00edproca (TIAR), inform\u00f3 hoy el Ministerio de Relaciones Exteriores y Movilidad Humana. Correa firm\u00f3 ayer el decreto una vez aprobada por la Asamblea Nacional la denuncia de ese instrumento internacional, indic\u00f3","og:url":"https:\/\/www.eldigitaldeasturias.com\/noticias\/correa-firma-el-decreto-de-salida-de-ecuador-del-tiar\/","article:tag":["actualidad"],"article:published_time":"2014-02-06T02:41:39+00:00","article:modified_time":"2014-02-06T02:41:39+00:00","article:publisher":"https:\/\/facebook.com\/eldigitaldeasturias","twitter:card":"summary_large_image","twitter:title":"Correa firma el decreto de salida de Ecuador del TIAR - El Digital de Asturias","twitter:description":"Quito, 5 feb (EFE).- El presidente de Ecuador, Rafael Correa, firm\u00f3 el decreto que confirma la salida del pa\u00eds del Tratado Interamericano de Asistencia Rec\u00edproca (TIAR), inform\u00f3 hoy el Ministerio de Relaciones Exteriores y Movilidad Humana. Correa firm\u00f3 ayer el decreto una vez aprobada por la Asamblea Nacional la denuncia de ese instrumento internacional, indic\u00f3","twitter:label1":"Escrito por","twitter:data1":"El Digital de Asturias","twitter:label2":"Tiempo de lectura estimado","twitter:data2":"2 minutos"},"aioseo_meta_data":{"post_id":"484620","title":null,"description":null,"keywords":null,"keyphrases":null,"primary_term":null,"canonical_url":null,"og_title":null,"og_description":null,"og_object_type":"default","og_image_type":"default","og_image_url":null,"og_image_width":null,"og_image_height":null,"og_image_custom_url":null,"og_image_custom_fields":null,"og_video":null,"og_custom_url":null,"og_article_section":null,"og_article_tags":null,"twitter_use_og":true,"twitter_card":"default","twitter_image_type":"default","twitter_image_url":null,"twitter_image_custom_url":null,"twitter_image_custom_fields":null,"twitter_title":null,"twitter_description":null,"schema":{"blockGraphs":[],"customGraphs":[],"default":{"data":{"Article":[],"Course":[],"Dataset":[],"FAQPage":[],"Movie":[],"Person":[],"Product":[],"ProductReview":[],"Car":[],"Recipe":[],"Service":[],"SoftwareApplication":[],"WebPage":[]},"graphName":"","isEnabled":true},"graphs":[],"defaultGraph":"","defaultPostTypeGraph":""},"schema_type":null,"schema_type_options":null,"pillar_content":false,"robots_default":true,"robots_noindex":false,"robots_noarchive":false,"robots_nosnippet":false,"robots_nofollow":false,"robots_noimageindex":false,"robots_noodp":false,"robots_notranslate":false,"robots_max_snippet":null,"robots_max_videopreview":null,"robots_max_imagepreview":"none","priority":null,"frequency":null,"local_seo":null,"seo_analyzer_scan_date":"2026-06-02 16:26:48","breadcrumb_settings":null,"limit_modified_date":false,"open_ai":null,"ai":null,"created":"2020-11-14 22:55:05","updated":"2026-06-02 16:26:48","focus_keyword":null,"additional_keywords":null,"truseo_locale":null},"aioseo_breadcrumb":"<div class=\"aioseo-breadcrumbs\"><span class=\"aioseo-breadcrumb\">\n\t<a href=\"https:\/\/www.eldigitaldeasturias.com\/noticias\" title=\"Home\">Home<\/a>\n<\/span><span class=\"aioseo-breadcrumb-separator\">\u2013<\/span><span class=\"aioseo-breadcrumb\">\n\t<a href=\"https:\/\/www.eldigitaldeasturias.com\/noticias\/category\/actualidad\/\" title=\"Actualidad\">Actualidad<\/a>\n<\/span><span class=\"aioseo-breadcrumb-separator\">\u2013<\/span><span class=\"aioseo-breadcrumb\">\n\t<a href=\"https:\/\/www.eldigitaldeasturias.com\/noticias\/correa-firma-el-decreto-de-salida-de-ecuador-del-tiar\/\" title=\"Correa firma el decreto de salida de Ecuador del TIAR\">Correa firma el decreto de salida de Ecuador del TIAR<\/a>\n<\/span><\/div>","aioseo_breadcrumb_json":[{"label":"Home","link":"https:\/\/www.eldigitaldeasturias.com\/noticias"},{"label":"Actualidad","link":"https:\/\/www.eldigitaldeasturias.com\/noticias\/category\/actualidad\/"},{"label":"Correa firma el decreto de salida de Ecuador del TIAR","link":"https:\/\/www.eldigitaldeasturias.com\/noticias\/correa-firma-el-decreto-de-salida-de-ecuador-del-tiar\/"}],"_links":{"self":[{"href":"https:\/\/www.eldigitaldeasturias.com\/noticias\/wp-json\/wp\/v2\/posts\/484620","targetHints":{"allow":["GET"]}}],"collection":[{"href":"https:\/\/www.eldigitaldeasturias.com\/noticias\/wp-json\/wp\/v2\/posts"}],"about":[{"href":"https:\/\/www.eldigitaldeasturias.com\/noticias\/wp-json\/wp\/v2\/types\/post"}],"author":[{"embeddable":true,"href":"https:\/\/www.eldigitaldeasturias.com\/noticias\/wp-json\/wp\/v2\/users\/1"}],"replies":[{"embeddable":true,"href":"https:\/\/www.eldigitaldeasturias.com\/noticias\/wp-json\/wp\/v2\/comments?post=484620"}],"version-history":[{"count":0,"href":"https:\/\/www.eldigitaldeasturias.com\/noticias\/wp-json\/wp\/v2\/posts\/484620\/revisions"}],"wp:attachment":[{"href":"https:\/\/www.eldigitaldeasturias.com\/noticias\/wp-json\/wp\/v2\/media?parent=484620"}],"wp:term":[{"taxonomy":"category","embeddable":true,"href":"https:\/\/www.eldigitaldeasturias.com\/noticias\/wp-json\/wp\/v2\/categories?post=484620"},{"taxonomy":"post_tag","embeddable":true,"href":"https:\/\/www.eldigitaldeasturias.com\/noticias\/wp-json\/wp\/v2\/tags?post=484620"}],"curies":[{"name":"wp","href":"https:\/\/api.w.org\/{rel}","templated":true}]}}