{"id":484617,"date":"2014-02-06T01:40:32","date_gmt":"2014-02-06T02:40:32","guid":{"rendered":"http:\/\/www.eldigitaldeasturias.com\/noticias\/?p=484617"},"modified":"2014-02-06T01:40:32","modified_gmt":"2014-02-06T02:40:32","slug":"embajadores-de-la-ue-respaldan-el-acuerdo-para-eximir-de-visado-a-colombia-y-peru","status":"publish","type":"post","link":"https:\/\/www.eldigitaldeasturias.com\/noticias\/embajadores-de-la-ue-respaldan-el-acuerdo-para-eximir-de-visado-a-colombia-y-peru\/","title":{"rendered":"Embajadores de la UE respaldan el acuerdo para eximir de visado a Colombia y Per\u00fa"},"content":{"rendered":"<p><img loading=\"lazy\" decoding=\"async\" class=\"alignleft size-medium wp-image-484618\" alt=\"5913037w\" src=\"https:\/\/www.eldigitaldeasturias.com\/noticias\/wp-content\/uploads\/2014\/02\/5913037w-360x241.jpg\" width=\"360\" height=\"241\" \/>Bruselas, 5 feb (EFE).- Los embajadores de la Uni\u00f3n Europea (UE) respaldaron hoy un acuerdo para iniciar un proceso que exima de visado para cortas estancias en territorio de la UE a ciudadanos colombianos y peruanos, informaron a Efe fuentes comunitarias.<\/p>\n<p>El Comit\u00e9 de Representantes Permanentes (Coreper) de los Veintiocho valid\u00f3 el acuerdo pol\u00edtico alcanzado por la Comisi\u00f3n, el Parlamento y el Consejo de la UE, y que supone un paso adelante en la materializaci\u00f3n de la medida que eventualmente favorecer\u00e1 a colombianos y peruanos y, a la inversa, a los europeos.<\/p>\n<p>Para que entre en vigor la norma tendr\u00e1n que ponerse en pr\u00e1ctica unos procedimientos legislativos que llevar\u00e1n a la exenci\u00f3n del requisito de visado para los colombianos y peruanos que viajen a territorio de la Uni\u00f3n Europea, se\u00f1alaron las fuentes, que tambi\u00e9n advirtieron de que el proceso ser\u00e1 largo.<\/p>\n<p>Los embajadores europeos han dado su visto bueno a modificar la lista de terceros pa\u00edses cuyos nacionales est\u00e1n sometidos a la obligaci\u00f3n de visado para cruzar las fronteras exteriores de la Uni\u00f3n, y la de terceros pa\u00edses cuyos nacionales est\u00e1n exentos de esa obligaci\u00f3n.<\/p>\n<p>As\u00ed, no s\u00f3lo los nacionales de Colombia y Per\u00fa sino tambi\u00e9n de Dominica, Emiratos \u00c1rabes Unidos, Granada, Kiribati, las Islas Marshall, Micronesia, Nauru, Palau, las Islas Salom\u00f3n, Samoa, San Vicente y las Granadinas, Santa Luc\u00eda, Timor Oriental, Tonga, Trinidad y Tobago, Tuvalu y Vanuatu no necesitar\u00e1n un visado cuando viajen a la zona de libre tr\u00e1nsito de Schengen (22 pa\u00edses de la UE).<\/p>\n<p>Para que la iniciativa pueda entrar en vigor, este proyecto de reglamento enmendado deber\u00e1 todav\u00eda ser adoptado formalmente por el pleno del Parlamento Europeo y por el Consejo de Ministros de la UE, que est\u00e1 previsto que lo respalde como un punto sin debate aunque a\u00fan no hay una fecha fijada para ello, indicaron las fuentes.<\/p>\n<p>S\u00ed que est\u00e1 previsto que la Comisi\u00f3n de Libertades Civiles de la Euroc\u00e1mara se pronuncie sobre el asunto el pr\u00f3ximo mi\u00e9rcoles d\u00eda 12, y que el pleno lo haga en la sesi\u00f3n anunciada para la \u00faltima semana de febrero, dijeron a Efe fuentes parlamentarias.<\/p>\n<p>Para que se aplique la exenci\u00f3n en primer lugar tendr\u00e1n que negociarse, aprobarse y ratificarse por ambas partes acuerdos bilaterales entre la UE y estos pa\u00edses sobre reciprocidad, de forma que tampoco se exija visado a los ciudadanos europeos que viajen por cortas estancias a esos estados, apuntaron las fuentes comunitarias.<\/p>\n<p>En el caso de Colombia y Per\u00fa, explicaron que antes de empezar a negociar dichos acuerdos la Comisi\u00f3n Europea deber\u00e1 realizar un \u00aban\u00e1lisis de riesgo\u00bb, seg\u00fan una serie de criterios como el riesgo que puede suponer la inmigraci\u00f3n ilegal, el impacto para el orden p\u00fablico y la seguridad, las ventajas econ\u00f3micas o el efecto para el turismo y el comercio exterior.<\/p>\n<p>Tambi\u00e9n se tendr\u00e1n en cuenta consideraciones sobre los derechos humanos y las libertades fundamentales, as\u00ed como la coherencia regional y la reciprocidad, agreg\u00f3 el Consejo de la UE en un comunicado.<\/p>\n<p>S\u00f3lo despu\u00e9s de haber efectuado esa evaluaci\u00f3n la Comisi\u00f3n propondr\u00e1 un \u00abmandato\u00bb para negociar los acuerdos.<\/p>\n<p>El proyecto respaldado hoy por los embajadores prev\u00e9 asimismo una nueva cl\u00e1usula de salvaguardia o \u00abmecanismo de suspensi\u00f3n\u00bb que permitir\u00eda la reintroducci\u00f3n temporal de la obligaci\u00f3n de visado en circunstancias espec\u00edficas.<\/p>\n<p>Las nuevas normas reforzar\u00e1n adem\u00e1s el \u00abmecanismo de retorsi\u00f3n\u00bb si un tercer pa\u00eds incumple la reciprocidad y determinar\u00e1n qu\u00e9 hacer si un pa\u00eds decide reintroducir una obligaci\u00f3n de visado.<\/p>\n<p>La embajadora de la UE en Colombia, Mar\u00eda Antonia van Gool, inform\u00f3 el martes en Bogot\u00e1 del acuerdo preliminar alcanzado por las instituciones comunitarias, que asegur\u00f3 que \u00abratifica la voluntad pol\u00edtica de la UE para eliminar la exigencia de visa\u00bb a los colombianos y los peruanos, y que da \u00abluz verde\u00bb a iniciar la tramitaci\u00f3n de la propuesta.<\/p>\n<p>La eliminaci\u00f3n de la exigencia de los visados a colombianos y peruanos para el espacio Schengen la propuso en agosto del a\u00f1o pasado el presidente del Gobierno espa\u00f1ol, Mariano Rajoy.<\/p>\n<p>Actualmente la Europa sin fronteras Schengen la forman 26 pa\u00edses: la mayor\u00eda de los Estados de la UE -menos Reino Unido, Irlanda, Chipre, Ruman\u00eda, Bulgaria y Croacia- junto a Suiza, Noruega, Islandia y Liechtenstein.<\/p>\n","protected":false},"excerpt":{"rendered":"<p>Bruselas, 5 feb (EFE).- Los embajadores de la Uni\u00f3n Europea (UE) respaldaron hoy un acuerdo para iniciar un proceso que exima de visado para cortas estancias en territorio de la UE a ciudadanos colombianos y peruanos, informaron a Efe fuentes comunitarias. El Comit\u00e9 de Representantes Permanentes (Coreper) de los Veintiocho valid\u00f3 el acuerdo pol\u00edtico alcanzado [&hellip;]<\/p>\n","protected":false},"author":1,"featured_media":484618,"comment_status":"closed","ping_status":"open","sticky":false,"template":"","format":"standard","meta":{"footnotes":""},"categories":[1],"tags":[],"class_list":["post-484617","post","type-post","status-publish","format-standard","has-post-thumbnail","hentry","category-actualidad"],"aioseo_notices":[],"aioseo_head":"\n\t\t<!-- All in One SEO Pro 5.0.1 - aioseo.com -->\n\t<meta name=\"description\" content=\"Bruselas, 5 feb (EFE).- Los embajadores de la Uni\u00f3n Europea (UE) respaldaron hoy un acuerdo para iniciar un proceso que exima de visado para cortas estancias en territorio de la UE a ciudadanos colombianos y peruanos, informaron a Efe fuentes comunitarias. El Comit\u00e9 de Representantes Permanentes (Coreper) de los Veintiocho valid\u00f3 el acuerdo pol\u00edtico alcanzado\" \/>\n\t<meta name=\"robots\" content=\"max-image-preview:large\" \/>\n\t<meta name=\"author\" content=\"El Digital de Asturias\"\/>\n\t<meta name=\"google-site-verification\" content=\"UA-38556648-1\" \/>\n\t<meta name=\"msvalidate.01\" content=\"7dfe9f3f1b24437ab69f4f2559babe99\" \/>\n\t<meta name=\"keywords\" content=\"actualidad\" \/>\n\t<link rel=\"canonical\" href=\"https:\/\/www.eldigitaldeasturias.com\/noticias\/embajadores-de-la-ue-respaldan-el-acuerdo-para-eximir-de-visado-a-colombia-y-peru\/\" \/>\n\t<meta name=\"generator\" content=\"All in One SEO Pro (AIOSEO) 5.0.1\" \/>\n\t\t<meta property=\"og:locale\" content=\"es_ES\" \/>\n\t\t<meta property=\"og:site_name\" content=\"El Digital de Asturias\" \/>\n\t\t<meta property=\"og:type\" content=\"article\" \/>\n\t\t<meta property=\"og:title\" content=\"Embajadores de la UE respaldan el acuerdo para eximir de visado a Colombia y Per\u00fa - El Digital de Asturias\" \/>\n\t\t<meta property=\"og:description\" content=\"Bruselas, 5 feb (EFE).- Los embajadores de la Uni\u00f3n Europea (UE) respaldaron hoy un acuerdo para iniciar un proceso que exima de visado para cortas estancias en territorio de la UE a ciudadanos colombianos y peruanos, informaron a Efe fuentes comunitarias. El Comit\u00e9 de Representantes Permanentes (Coreper) de los Veintiocho valid\u00f3 el acuerdo pol\u00edtico alcanzado\" \/>\n\t\t<meta property=\"og:url\" content=\"https:\/\/www.eldigitaldeasturias.com\/noticias\/embajadores-de-la-ue-respaldan-el-acuerdo-para-eximir-de-visado-a-colombia-y-peru\/\" \/>\n\t\t<meta property=\"article:tag\" content=\"actualidad\" \/>\n\t\t<meta property=\"article:published_time\" content=\"2014-02-06T02:40:32+00:00\" \/>\n\t\t<meta property=\"article:modified_time\" content=\"2014-02-06T02:40:32+00:00\" \/>\n\t\t<meta property=\"article:publisher\" content=\"https:\/\/facebook.com\/eldigitaldeasturias\" \/>\n\t\t<meta name=\"twitter:card\" content=\"summary_large_image\" \/>\n\t\t<meta name=\"twitter:title\" content=\"Embajadores de la UE respaldan el acuerdo para eximir de visado a Colombia y Per\u00fa - El Digital de Asturias\" \/>\n\t\t<meta name=\"twitter:description\" content=\"Bruselas, 5 feb (EFE).- Los embajadores de la Uni\u00f3n Europea (UE) respaldaron hoy un acuerdo para iniciar un proceso que exima de visado para cortas estancias en territorio de la UE a ciudadanos colombianos y peruanos, informaron a Efe fuentes comunitarias. El Comit\u00e9 de Representantes Permanentes (Coreper) de los Veintiocho valid\u00f3 el acuerdo pol\u00edtico alcanzado\" \/>\n\t\t<meta name=\"twitter:label1\" content=\"Escrito por\" \/>\n\t\t<meta name=\"twitter:data1\" content=\"El Digital de Asturias\" \/>\n\t\t<meta name=\"twitter:label2\" content=\"Tiempo de lectura estimado\" \/>\n\t\t<meta name=\"twitter:data2\" content=\"4 minutos\" \/>\n\t\t<script type=\"application\/ld+json\" class=\"aioseo-schema\">\n\t\t\t{\"@context\":\"https:\\\/\\\/schema.org\",\"@graph\":[{\"@type\":\"BlogPosting\",\"@id\":\"https:\\\/\\\/www.eldigitaldeasturias.com\\\/noticias\\\/embajadores-de-la-ue-respaldan-el-acuerdo-para-eximir-de-visado-a-colombia-y-peru\\\/#blogposting\",\"name\":\"Embajadores de la UE respaldan el acuerdo para eximir de visado a Colombia y Per\\u00fa - El Digital de Asturias\",\"headline\":\"Embajadores de la UE respaldan el acuerdo para eximir de visado a Colombia y Per\\u00fa\",\"author\":{\"@id\":\"https:\\\/\\\/www.eldigitaldeasturias.com\\\/noticias\\\/author\\\/admin\\\/#author\"},\"publisher\":{\"@id\":\"https:\\\/\\\/www.eldigitaldeasturias.com\\\/noticias\\\/#organization\"},\"image\":{\"@type\":\"ImageObject\",\"url\":484618},\"datePublished\":\"2014-02-06T01:40:32+01:00\",\"dateModified\":\"2014-02-06T01:40:32+01:00\",\"inLanguage\":\"es-ES\",\"mainEntityOfPage\":{\"@id\":\"https:\\\/\\\/www.eldigitaldeasturias.com\\\/noticias\\\/embajadores-de-la-ue-respaldan-el-acuerdo-para-eximir-de-visado-a-colombia-y-peru\\\/#webpage\"},\"isPartOf\":{\"@id\":\"https:\\\/\\\/www.eldigitaldeasturias.com\\\/noticias\\\/embajadores-de-la-ue-respaldan-el-acuerdo-para-eximir-de-visado-a-colombia-y-peru\\\/#webpage\"},\"articleSection\":\"Actualidad\"},{\"@type\":\"BreadcrumbList\",\"@id\":\"https:\\\/\\\/www.eldigitaldeasturias.com\\\/noticias\\\/embajadores-de-la-ue-respaldan-el-acuerdo-para-eximir-de-visado-a-colombia-y-peru\\\/#breadcrumblist\",\"itemListElement\":[{\"@type\":\"ListItem\",\"@id\":\"https:\\\/\\\/www.eldigitaldeasturias.com\\\/noticias#listItem\",\"position\":1,\"name\":\"Home\",\"item\":\"https:\\\/\\\/www.eldigitaldeasturias.com\\\/noticias\",\"nextItem\":{\"@type\":\"ListItem\",\"@id\":\"https:\\\/\\\/www.eldigitaldeasturias.com\\\/noticias\\\/category\\\/actualidad\\\/#listItem\",\"name\":\"Actualidad\"}},{\"@type\":\"ListItem\",\"@id\":\"https:\\\/\\\/www.eldigitaldeasturias.com\\\/noticias\\\/category\\\/actualidad\\\/#listItem\",\"position\":2,\"name\":\"Actualidad\",\"item\":\"https:\\\/\\\/www.eldigitaldeasturias.com\\\/noticias\\\/category\\\/actualidad\\\/\",\"nextItem\":{\"@type\":\"ListItem\",\"@id\":\"https:\\\/\\\/www.eldigitaldeasturias.com\\\/noticias\\\/embajadores-de-la-ue-respaldan-el-acuerdo-para-eximir-de-visado-a-colombia-y-peru\\\/#listItem\",\"name\":\"Embajadores de la UE respaldan el acuerdo para eximir de visado a Colombia y Per\\u00fa\"},\"previousItem\":{\"@type\":\"ListItem\",\"@id\":\"https:\\\/\\\/www.eldigitaldeasturias.com\\\/noticias#listItem\",\"name\":\"Home\"}},{\"@type\":\"ListItem\",\"@id\":\"https:\\\/\\\/www.eldigitaldeasturias.com\\\/noticias\\\/embajadores-de-la-ue-respaldan-el-acuerdo-para-eximir-de-visado-a-colombia-y-peru\\\/#listItem\",\"position\":3,\"name\":\"Embajadores de la UE respaldan el acuerdo para eximir de visado a Colombia y Per\\u00fa\",\"previousItem\":{\"@type\":\"ListItem\",\"@id\":\"https:\\\/\\\/www.eldigitaldeasturias.com\\\/noticias\\\/category\\\/actualidad\\\/#listItem\",\"name\":\"Actualidad\"}}]},{\"@type\":\"Organization\",\"@id\":\"https:\\\/\\\/www.eldigitaldeasturias.com\\\/noticias\\\/#organization\",\"name\":\"El Digital de Asturias\",\"description\":\"Hemeroteca\",\"url\":\"https:\\\/\\\/www.eldigitaldeasturias.com\\\/noticias\\\/\",\"email\":\"info@eldigitaldeasturias.com\",\"telephone\":\"+34652131393\",\"logo\":{\"@type\":\"ImageObject\",\"url\":\"https:\\\/\\\/www.eldigitaldeasturias.com\\\/noticias\\\/wp-content\\\/uploads\\\/2020\\\/12\\\/EDA.jpg\",\"@id\":\"https:\\\/\\\/www.eldigitaldeasturias.com\\\/noticias\\\/embajadores-de-la-ue-respaldan-el-acuerdo-para-eximir-de-visado-a-colombia-y-peru\\\/#organizationLogo\"},\"image\":{\"@id\":\"https:\\\/\\\/www.eldigitaldeasturias.com\\\/noticias\\\/embajadores-de-la-ue-respaldan-el-acuerdo-para-eximir-de-visado-a-colombia-y-peru\\\/#organizationLogo\"},\"sameAs\":[\"https:\\\/\\\/facebook.com\\\/eldigitaldeasturias\",\"https:\\\/\\\/www.youtube.com\\\/channel\\\/UCZP-2wLEB9Rv6erhFmqVnvg\"],\"address\":{\"@id\":\"https:\\\/\\\/www.eldigitaldeasturias.com\\\/noticias\\\/#postaladdress\",\"@type\":\"PostalAddress\",\"streetAddress\":\"san antonio 4\",\"postalCode\":\"33430\",\"addressLocality\":\"Cand\\u00e1s\",\"addressRegion\":\"Asturias\",\"addressCountry\":\"ES\"}},{\"@type\":\"Person\",\"@id\":\"https:\\\/\\\/www.eldigitaldeasturias.com\\\/noticias\\\/author\\\/admin\\\/#author\",\"url\":\"https:\\\/\\\/www.eldigitaldeasturias.com\\\/noticias\\\/author\\\/admin\\\/\",\"name\":\"El Digital de Asturias\",\"image\":{\"@type\":\"ImageObject\",\"@id\":\"https:\\\/\\\/www.eldigitaldeasturias.com\\\/noticias\\\/embajadores-de-la-ue-respaldan-el-acuerdo-para-eximir-de-visado-a-colombia-y-peru\\\/#authorImage\",\"url\":\"https:\\\/\\\/secure.gravatar.com\\\/avatar\\\/df2aeffc32bcd13f8d26072ef8a91b623d677766deac7f97ca815868cd41bf5e?s=96&d=mm&r=g\",\"width\":96,\"height\":96,\"caption\":\"El Digital de Asturias\"}},{\"@type\":\"WebPage\",\"@id\":\"https:\\\/\\\/www.eldigitaldeasturias.com\\\/noticias\\\/embajadores-de-la-ue-respaldan-el-acuerdo-para-eximir-de-visado-a-colombia-y-peru\\\/#webpage\",\"url\":\"https:\\\/\\\/www.eldigitaldeasturias.com\\\/noticias\\\/embajadores-de-la-ue-respaldan-el-acuerdo-para-eximir-de-visado-a-colombia-y-peru\\\/\",\"name\":\"Embajadores de la UE respaldan el acuerdo para eximir de visado a Colombia y Per\\u00fa - El Digital de Asturias\",\"description\":\"Bruselas, 5 feb (EFE).- Los embajadores de la Uni\\u00f3n Europea (UE) respaldaron hoy un acuerdo para iniciar un proceso que exima de visado para cortas estancias en territorio de la UE a ciudadanos colombianos y peruanos, informaron a Efe fuentes comunitarias. El Comit\\u00e9 de Representantes Permanentes (Coreper) de los Veintiocho valid\\u00f3 el acuerdo pol\\u00edtico alcanzado\",\"inLanguage\":\"es-ES\",\"isPartOf\":{\"@id\":\"https:\\\/\\\/www.eldigitaldeasturias.com\\\/noticias\\\/#website\"},\"breadcrumb\":{\"@id\":\"https:\\\/\\\/www.eldigitaldeasturias.com\\\/noticias\\\/embajadores-de-la-ue-respaldan-el-acuerdo-para-eximir-de-visado-a-colombia-y-peru\\\/#breadcrumblist\"},\"author\":{\"@id\":\"https:\\\/\\\/www.eldigitaldeasturias.com\\\/noticias\\\/author\\\/admin\\\/#author\"},\"creator\":{\"@id\":\"https:\\\/\\\/www.eldigitaldeasturias.com\\\/noticias\\\/author\\\/admin\\\/#author\"},\"image\":{\"@type\":\"ImageObject\",\"url\":484618,\"@id\":\"https:\\\/\\\/www.eldigitaldeasturias.com\\\/noticias\\\/embajadores-de-la-ue-respaldan-el-acuerdo-para-eximir-de-visado-a-colombia-y-peru\\\/#mainImage\"},\"primaryImageOfPage\":{\"@id\":\"https:\\\/\\\/www.eldigitaldeasturias.com\\\/noticias\\\/embajadores-de-la-ue-respaldan-el-acuerdo-para-eximir-de-visado-a-colombia-y-peru\\\/#mainImage\"},\"datePublished\":\"2014-02-06T01:40:32+01:00\",\"dateModified\":\"2014-02-06T01:40:32+01:00\"},{\"@type\":\"WebSite\",\"@id\":\"https:\\\/\\\/www.eldigitaldeasturias.com\\\/noticias\\\/#website\",\"url\":\"https:\\\/\\\/www.eldigitaldeasturias.com\\\/noticias\\\/\",\"name\":\"El Digital de Asturias - Diario de actualidad y noticias\",\"alternateName\":\"El Digital de Asturias - Diario de actualidad y noticias\",\"description\":\"Hemeroteca\",\"inLanguage\":\"es-ES\",\"publisher\":{\"@id\":\"https:\\\/\\\/www.eldigitaldeasturias.com\\\/noticias\\\/#organization\"}}]}\n\t\t<\/script>\n\t\t<!-- All in One SEO Pro -->\r\n\t\t<title>Embajadores de la UE respaldan el acuerdo para eximir de visado a Colombia y Per\u00fa - El Digital de Asturias<\/title>\n\n","aioseo_head_json":{"title":"Embajadores de la UE respaldan el acuerdo para eximir de visado a Colombia y Per\u00fa - El Digital de Asturias","description":"Bruselas, 5 feb (EFE).- Los embajadores de la Uni\u00f3n Europea (UE) respaldaron hoy un acuerdo para iniciar un proceso que exima de visado para cortas estancias en territorio de la UE a ciudadanos colombianos y peruanos, informaron a Efe fuentes comunitarias. El Comit\u00e9 de Representantes Permanentes (Coreper) de los Veintiocho valid\u00f3 el acuerdo pol\u00edtico alcanzado","canonical_url":"https:\/\/www.eldigitaldeasturias.com\/noticias\/embajadores-de-la-ue-respaldan-el-acuerdo-para-eximir-de-visado-a-colombia-y-peru\/","robots":"max-image-preview:large","keywords":"actualidad","webmasterTools":{"google-site-verification":"UA-38556648-1","msvalidate.01":"7dfe9f3f1b24437ab69f4f2559babe99","miscellaneous":""},"schema":{"@context":"https:\/\/schema.org","@graph":[{"@type":"BlogPosting","@id":"https:\/\/www.eldigitaldeasturias.com\/noticias\/embajadores-de-la-ue-respaldan-el-acuerdo-para-eximir-de-visado-a-colombia-y-peru\/#blogposting","name":"Embajadores de la UE respaldan el acuerdo para eximir de visado a Colombia y Per\u00fa - El Digital de Asturias","headline":"Embajadores de la UE respaldan el acuerdo para eximir de visado a Colombia y Per\u00fa","author":{"@id":"https:\/\/www.eldigitaldeasturias.com\/noticias\/author\/admin\/#author"},"publisher":{"@id":"https:\/\/www.eldigitaldeasturias.com\/noticias\/#organization"},"image":{"@type":"ImageObject","url":484618},"datePublished":"2014-02-06T01:40:32+01:00","dateModified":"2014-02-06T01:40:32+01:00","inLanguage":"es-ES","mainEntityOfPage":{"@id":"https:\/\/www.eldigitaldeasturias.com\/noticias\/embajadores-de-la-ue-respaldan-el-acuerdo-para-eximir-de-visado-a-colombia-y-peru\/#webpage"},"isPartOf":{"@id":"https:\/\/www.eldigitaldeasturias.com\/noticias\/embajadores-de-la-ue-respaldan-el-acuerdo-para-eximir-de-visado-a-colombia-y-peru\/#webpage"},"articleSection":"Actualidad"},{"@type":"BreadcrumbList","@id":"https:\/\/www.eldigitaldeasturias.com\/noticias\/embajadores-de-la-ue-respaldan-el-acuerdo-para-eximir-de-visado-a-colombia-y-peru\/#breadcrumblist","itemListElement":[{"@type":"ListItem","@id":"https:\/\/www.eldigitaldeasturias.com\/noticias#listItem","position":1,"name":"Home","item":"https:\/\/www.eldigitaldeasturias.com\/noticias","nextItem":{"@type":"ListItem","@id":"https:\/\/www.eldigitaldeasturias.com\/noticias\/category\/actualidad\/#listItem","name":"Actualidad"}},{"@type":"ListItem","@id":"https:\/\/www.eldigitaldeasturias.com\/noticias\/category\/actualidad\/#listItem","position":2,"name":"Actualidad","item":"https:\/\/www.eldigitaldeasturias.com\/noticias\/category\/actualidad\/","nextItem":{"@type":"ListItem","@id":"https:\/\/www.eldigitaldeasturias.com\/noticias\/embajadores-de-la-ue-respaldan-el-acuerdo-para-eximir-de-visado-a-colombia-y-peru\/#listItem","name":"Embajadores de la UE respaldan el acuerdo para eximir de visado a Colombia y Per\u00fa"},"previousItem":{"@type":"ListItem","@id":"https:\/\/www.eldigitaldeasturias.com\/noticias#listItem","name":"Home"}},{"@type":"ListItem","@id":"https:\/\/www.eldigitaldeasturias.com\/noticias\/embajadores-de-la-ue-respaldan-el-acuerdo-para-eximir-de-visado-a-colombia-y-peru\/#listItem","position":3,"name":"Embajadores de la UE respaldan el acuerdo para eximir de visado a Colombia y Per\u00fa","previousItem":{"@type":"ListItem","@id":"https:\/\/www.eldigitaldeasturias.com\/noticias\/category\/actualidad\/#listItem","name":"Actualidad"}}]},{"@type":"Organization","@id":"https:\/\/www.eldigitaldeasturias.com\/noticias\/#organization","name":"El Digital de Asturias","description":"Hemeroteca","url":"https:\/\/www.eldigitaldeasturias.com\/noticias\/","email":"info@eldigitaldeasturias.com","telephone":"+34652131393","logo":{"@type":"ImageObject","url":"https:\/\/www.eldigitaldeasturias.com\/noticias\/wp-content\/uploads\/2020\/12\/EDA.jpg","@id":"https:\/\/www.eldigitaldeasturias.com\/noticias\/embajadores-de-la-ue-respaldan-el-acuerdo-para-eximir-de-visado-a-colombia-y-peru\/#organizationLogo"},"image":{"@id":"https:\/\/www.eldigitaldeasturias.com\/noticias\/embajadores-de-la-ue-respaldan-el-acuerdo-para-eximir-de-visado-a-colombia-y-peru\/#organizationLogo"},"sameAs":["https:\/\/facebook.com\/eldigitaldeasturias","https:\/\/www.youtube.com\/channel\/UCZP-2wLEB9Rv6erhFmqVnvg"],"address":{"@id":"https:\/\/www.eldigitaldeasturias.com\/noticias\/#postaladdress","@type":"PostalAddress","streetAddress":"san antonio 4","postalCode":"33430","addressLocality":"Cand\u00e1s","addressRegion":"Asturias","addressCountry":"ES"}},{"@type":"Person","@id":"https:\/\/www.eldigitaldeasturias.com\/noticias\/author\/admin\/#author","url":"https:\/\/www.eldigitaldeasturias.com\/noticias\/author\/admin\/","name":"El Digital de Asturias","image":{"@type":"ImageObject","@id":"https:\/\/www.eldigitaldeasturias.com\/noticias\/embajadores-de-la-ue-respaldan-el-acuerdo-para-eximir-de-visado-a-colombia-y-peru\/#authorImage","url":"https:\/\/secure.gravatar.com\/avatar\/df2aeffc32bcd13f8d26072ef8a91b623d677766deac7f97ca815868cd41bf5e?s=96&d=mm&r=g","width":96,"height":96,"caption":"El Digital de Asturias"}},{"@type":"WebPage","@id":"https:\/\/www.eldigitaldeasturias.com\/noticias\/embajadores-de-la-ue-respaldan-el-acuerdo-para-eximir-de-visado-a-colombia-y-peru\/#webpage","url":"https:\/\/www.eldigitaldeasturias.com\/noticias\/embajadores-de-la-ue-respaldan-el-acuerdo-para-eximir-de-visado-a-colombia-y-peru\/","name":"Embajadores de la UE respaldan el acuerdo para eximir de visado a Colombia y Per\u00fa - El Digital de Asturias","description":"Bruselas, 5 feb (EFE).- Los embajadores de la Uni\u00f3n Europea (UE) respaldaron hoy un acuerdo para iniciar un proceso que exima de visado para cortas estancias en territorio de la UE a ciudadanos colombianos y peruanos, informaron a Efe fuentes comunitarias. El Comit\u00e9 de Representantes Permanentes (Coreper) de los Veintiocho valid\u00f3 el acuerdo pol\u00edtico alcanzado","inLanguage":"es-ES","isPartOf":{"@id":"https:\/\/www.eldigitaldeasturias.com\/noticias\/#website"},"breadcrumb":{"@id":"https:\/\/www.eldigitaldeasturias.com\/noticias\/embajadores-de-la-ue-respaldan-el-acuerdo-para-eximir-de-visado-a-colombia-y-peru\/#breadcrumblist"},"author":{"@id":"https:\/\/www.eldigitaldeasturias.com\/noticias\/author\/admin\/#author"},"creator":{"@id":"https:\/\/www.eldigitaldeasturias.com\/noticias\/author\/admin\/#author"},"image":{"@type":"ImageObject","url":484618,"@id":"https:\/\/www.eldigitaldeasturias.com\/noticias\/embajadores-de-la-ue-respaldan-el-acuerdo-para-eximir-de-visado-a-colombia-y-peru\/#mainImage"},"primaryImageOfPage":{"@id":"https:\/\/www.eldigitaldeasturias.com\/noticias\/embajadores-de-la-ue-respaldan-el-acuerdo-para-eximir-de-visado-a-colombia-y-peru\/#mainImage"},"datePublished":"2014-02-06T01:40:32+01:00","dateModified":"2014-02-06T01:40:32+01:00"},{"@type":"WebSite","@id":"https:\/\/www.eldigitaldeasturias.com\/noticias\/#website","url":"https:\/\/www.eldigitaldeasturias.com\/noticias\/","name":"El Digital de Asturias - Diario de actualidad y noticias","alternateName":"El Digital de Asturias - Diario de actualidad y noticias","description":"Hemeroteca","inLanguage":"es-ES","publisher":{"@id":"https:\/\/www.eldigitaldeasturias.com\/noticias\/#organization"}}]},"og:locale":"es_ES","og:site_name":"El Digital de Asturias","og:type":"article","og:title":"Embajadores de la UE respaldan el acuerdo para eximir de visado a Colombia y Per\u00fa - El Digital de Asturias","og:description":"Bruselas, 5 feb (EFE).- Los embajadores de la Uni\u00f3n Europea (UE) respaldaron hoy un acuerdo para iniciar un proceso que exima de visado para cortas estancias en territorio de la UE a ciudadanos colombianos y peruanos, informaron a Efe fuentes comunitarias. El Comit\u00e9 de Representantes Permanentes (Coreper) de los Veintiocho valid\u00f3 el acuerdo pol\u00edtico alcanzado","og:url":"https:\/\/www.eldigitaldeasturias.com\/noticias\/embajadores-de-la-ue-respaldan-el-acuerdo-para-eximir-de-visado-a-colombia-y-peru\/","article:tag":["actualidad"],"article:published_time":"2014-02-06T02:40:32+00:00","article:modified_time":"2014-02-06T02:40:32+00:00","article:publisher":"https:\/\/facebook.com\/eldigitaldeasturias","twitter:card":"summary_large_image","twitter:title":"Embajadores de la UE respaldan el acuerdo para eximir de visado a Colombia y Per\u00fa - El Digital de Asturias","twitter:description":"Bruselas, 5 feb (EFE).- Los embajadores de la Uni\u00f3n Europea (UE) respaldaron hoy un acuerdo para iniciar un proceso que exima de visado para cortas estancias en territorio de la UE a ciudadanos colombianos y peruanos, informaron a Efe fuentes comunitarias. El Comit\u00e9 de Representantes Permanentes (Coreper) de los Veintiocho valid\u00f3 el acuerdo pol\u00edtico alcanzado","twitter:label1":"Escrito por","twitter:data1":"El Digital de Asturias","twitter:label2":"Tiempo de lectura estimado","twitter:data2":"4 minutos"},"aioseo_meta_data":{"post_id":"484617","title":null,"description":null,"keywords":null,"keyphrases":null,"primary_term":null,"canonical_url":null,"og_title":null,"og_description":null,"og_object_type":"default","og_image_type":"default","og_image_url":null,"og_image_width":null,"og_image_height":null,"og_image_custom_url":null,"og_image_custom_fields":null,"og_video":null,"og_custom_url":null,"og_article_section":null,"og_article_tags":null,"twitter_use_og":true,"twitter_card":"default","twitter_image_type":"default","twitter_image_url":null,"twitter_image_custom_url":null,"twitter_image_custom_fields":null,"twitter_title":null,"twitter_description":null,"schema":{"blockGraphs":[],"customGraphs":[],"default":{"data":{"Article":[],"Course":[],"Dataset":[],"FAQPage":[],"Movie":[],"Person":[],"Product":[],"ProductReview":[],"Car":[],"Recipe":[],"Service":[],"SoftwareApplication":[],"WebPage":[]},"graphName":"","isEnabled":true},"graphs":[],"defaultGraph":"","defaultPostTypeGraph":""},"schema_type":null,"schema_type_options":null,"pillar_content":false,"robots_default":true,"robots_noindex":false,"robots_noarchive":false,"robots_nosnippet":false,"robots_nofollow":false,"robots_noimageindex":false,"robots_noodp":false,"robots_notranslate":false,"robots_max_snippet":null,"robots_max_videopreview":null,"robots_max_imagepreview":"none","priority":null,"frequency":null,"local_seo":null,"seo_analyzer_scan_date":"2026-06-02 16:26:47","breadcrumb_settings":null,"limit_modified_date":false,"open_ai":null,"ai":null,"created":"2020-11-14 22:55:05","updated":"2026-06-02 16:26:47","focus_keyword":null,"additional_keywords":null,"truseo_locale":null},"aioseo_breadcrumb":"<div class=\"aioseo-breadcrumbs\"><span class=\"aioseo-breadcrumb\">\n\t<a href=\"https:\/\/www.eldigitaldeasturias.com\/noticias\" title=\"Home\">Home<\/a>\n<\/span><span class=\"aioseo-breadcrumb-separator\">\u2013<\/span><span class=\"aioseo-breadcrumb\">\n\t<a href=\"https:\/\/www.eldigitaldeasturias.com\/noticias\/category\/actualidad\/\" title=\"Actualidad\">Actualidad<\/a>\n<\/span><span class=\"aioseo-breadcrumb-separator\">\u2013<\/span><span class=\"aioseo-breadcrumb\">\n\t<a href=\"https:\/\/www.eldigitaldeasturias.com\/noticias\/embajadores-de-la-ue-respaldan-el-acuerdo-para-eximir-de-visado-a-colombia-y-peru\/\" title=\"Embajadores de la UE respaldan el acuerdo para eximir de visado a Colombia y Per\u00fa\">Embajadores de la UE respaldan el acuerdo para eximir de visado a Colombia y Per\u00fa<\/a>\n<\/span><\/div>","aioseo_breadcrumb_json":[{"label":"Home","link":"https:\/\/www.eldigitaldeasturias.com\/noticias"},{"label":"Actualidad","link":"https:\/\/www.eldigitaldeasturias.com\/noticias\/category\/actualidad\/"},{"label":"Embajadores de la UE respaldan el acuerdo para eximir de visado a Colombia y Per\u00fa","link":"https:\/\/www.eldigitaldeasturias.com\/noticias\/embajadores-de-la-ue-respaldan-el-acuerdo-para-eximir-de-visado-a-colombia-y-peru\/"}],"_links":{"self":[{"href":"https:\/\/www.eldigitaldeasturias.com\/noticias\/wp-json\/wp\/v2\/posts\/484617","targetHints":{"allow":["GET"]}}],"collection":[{"href":"https:\/\/www.eldigitaldeasturias.com\/noticias\/wp-json\/wp\/v2\/posts"}],"about":[{"href":"https:\/\/www.eldigitaldeasturias.com\/noticias\/wp-json\/wp\/v2\/types\/post"}],"author":[{"embeddable":true,"href":"https:\/\/www.eldigitaldeasturias.com\/noticias\/wp-json\/wp\/v2\/users\/1"}],"replies":[{"embeddable":true,"href":"https:\/\/www.eldigitaldeasturias.com\/noticias\/wp-json\/wp\/v2\/comments?post=484617"}],"version-history":[{"count":0,"href":"https:\/\/www.eldigitaldeasturias.com\/noticias\/wp-json\/wp\/v2\/posts\/484617\/revisions"}],"wp:attachment":[{"href":"https:\/\/www.eldigitaldeasturias.com\/noticias\/wp-json\/wp\/v2\/media?parent=484617"}],"wp:term":[{"taxonomy":"category","embeddable":true,"href":"https:\/\/www.eldigitaldeasturias.com\/noticias\/wp-json\/wp\/v2\/categories?post=484617"},{"taxonomy":"post_tag","embeddable":true,"href":"https:\/\/www.eldigitaldeasturias.com\/noticias\/wp-json\/wp\/v2\/tags?post=484617"}],"curies":[{"name":"wp","href":"https:\/\/api.w.org\/{rel}","templated":true}]}}