{"id":484596,"date":"2014-02-06T01:32:53","date_gmt":"2014-02-06T02:32:53","guid":{"rendered":"http:\/\/www.eldigitaldeasturias.com\/noticias\/?p=484596"},"modified":"2014-02-06T01:32:53","modified_gmt":"2014-02-06T02:32:53","slug":"rosa-diez-dice-que-cataluna-ya-se-ha-independizado-porque-se-salta-las-leyes","status":"publish","type":"post","link":"https:\/\/www.eldigitaldeasturias.com\/noticias\/rosa-diez-dice-que-cataluna-ya-se-ha-independizado-porque-se-salta-las-leyes\/","title":{"rendered":"Rosa D\u00edez dice que Catalu\u00f1a ya se ha independizado porque se salta las leyes"},"content":{"rendered":"<p><img loading=\"lazy\" decoding=\"async\" class=\"alignleft size-medium wp-image-484597\" alt=\"5912647w\" src=\"https:\/\/www.eldigitaldeasturias.com\/noticias\/wp-content\/uploads\/2014\/02\/5912647w-213x320.jpg\" width=\"213\" height=\"320\" \/>Madrid, 5 feb (EFE).- La l\u00edder de UPyD, Rosa D\u00edez, ha afirmado que Catalu\u00f1a ya se ha independizado al no sentirse \u00abconcernida\u00bb por las leyes ni las sentencias de los tribunales espa\u00f1oles, lo que, a su juicio, es un acto de secesi\u00f3n \u00abpura y dura\u00bb.<\/p>\n<p>En una rueda de prensa en la sede de UPyD, D\u00edez ha asegurado que lo m\u00e1s grave en relaci\u00f3n con la situaci\u00f3n de Catalu\u00f1a es que sus autoridades han decidido \u00abhace ya mucho tiempo\u00bb no cumplir la ley ni las sentencias de los tribunales.<\/p>\n<p>Y eso se traduce, seg\u00fan ha dicho, en que Catalu\u00f1a funciona ya de hecho como un Estado independiente, \u00abeso s\u00ed, subvencionado por Espa\u00f1a\u00bb, ha exclamado D\u00edez.<\/p>\n<p>De esta manera, ha respondido a la publicaci\u00f3n de las balanzas fiscales de las comunidades aut\u00f3nomas que tiene previsto hacer Hacienda, algo que no le parece tan importante porque, seg\u00fan ha comentado, lo grave de la opci\u00f3n soberanista de Catalu\u00f1a es que \u00abse expropia\u00bb a una parte de la naci\u00f3n.<\/p>\n<p>Sobre las balanzas fiscales en s\u00ed mismas, la l\u00edder de UPyD ha insistido en que se trata de un instrumento \u00abperverso\u00bb ya que, a su juicio, s\u00f3lo sirve para reavivar el debate \u00abde territorios frente a territorios\u00bb.<\/p>\n<p>Hay que tener claro, ha subrayado, que aqu\u00ed \u00abno hay territorios que pagan y territorios a los que se les compensa\u00bb sino ciudadanos que hacen frente a sus impuestos, con los que el Estado debe garantizar que todos los espa\u00f1oles accedan a los servicios b\u00e1sicos \u00abcon plena igualdad\u00bb.<\/p>\n","protected":false},"excerpt":{"rendered":"<p>Madrid, 5 feb (EFE).- La l\u00edder de UPyD, Rosa D\u00edez, ha afirmado que Catalu\u00f1a ya se ha independizado al no sentirse \u00abconcernida\u00bb por las leyes ni las sentencias de los tribunales espa\u00f1oles, lo que, a su juicio, es un acto de secesi\u00f3n \u00abpura y dura\u00bb. En una rueda de prensa en la sede de UPyD, [&hellip;]<\/p>\n","protected":false},"author":1,"featured_media":484597,"comment_status":"closed","ping_status":"open","sticky":false,"template":"","format":"standard","meta":{"footnotes":""},"categories":[1],"tags":[],"class_list":["post-484596","post","type-post","status-publish","format-standard","has-post-thumbnail","hentry","category-actualidad"],"aioseo_notices":[],"aioseo_head":"\n\t\t<!-- All in One SEO Pro 5.0.1 - aioseo.com -->\n\t<meta name=\"description\" content=\"Madrid, 5 feb (EFE).- La l\u00edder de UPyD, Rosa D\u00edez, ha afirmado que Catalu\u00f1a ya se ha independizado al no sentirse &quot;concernida&quot; por las leyes ni las sentencias de los tribunales espa\u00f1oles, lo que, a su juicio, es un acto de secesi\u00f3n &quot;pura y dura&quot;. En una rueda de prensa en la sede de UPyD,\" \/>\n\t<meta name=\"robots\" content=\"max-image-preview:large\" \/>\n\t<meta name=\"author\" content=\"El Digital de Asturias\"\/>\n\t<meta name=\"google-site-verification\" content=\"UA-38556648-1\" \/>\n\t<meta name=\"msvalidate.01\" content=\"7dfe9f3f1b24437ab69f4f2559babe99\" \/>\n\t<meta name=\"keywords\" content=\"actualidad\" \/>\n\t<link rel=\"canonical\" href=\"https:\/\/www.eldigitaldeasturias.com\/noticias\/rosa-diez-dice-que-cataluna-ya-se-ha-independizado-porque-se-salta-las-leyes\/\" \/>\n\t<meta name=\"generator\" content=\"All in One SEO Pro (AIOSEO) 5.0.1\" \/>\n\t\t<meta property=\"og:locale\" content=\"es_ES\" \/>\n\t\t<meta property=\"og:site_name\" content=\"El Digital de Asturias\" \/>\n\t\t<meta property=\"og:type\" content=\"article\" \/>\n\t\t<meta property=\"og:title\" content=\"Rosa D\u00edez dice que Catalu\u00f1a ya se ha independizado porque se salta las leyes - El Digital de Asturias\" \/>\n\t\t<meta property=\"og:description\" content=\"Madrid, 5 feb (EFE).- La l\u00edder de UPyD, Rosa D\u00edez, ha afirmado que Catalu\u00f1a ya se ha independizado al no sentirse &quot;concernida&quot; por las leyes ni las sentencias de los tribunales espa\u00f1oles, lo que, a su juicio, es un acto de secesi\u00f3n &quot;pura y dura&quot;. En una rueda de prensa en la sede de UPyD,\" \/>\n\t\t<meta property=\"og:url\" content=\"https:\/\/www.eldigitaldeasturias.com\/noticias\/rosa-diez-dice-que-cataluna-ya-se-ha-independizado-porque-se-salta-las-leyes\/\" \/>\n\t\t<meta property=\"article:tag\" content=\"actualidad\" \/>\n\t\t<meta property=\"article:published_time\" content=\"2014-02-06T02:32:53+00:00\" \/>\n\t\t<meta property=\"article:modified_time\" content=\"2014-02-06T02:32:53+00:00\" \/>\n\t\t<meta property=\"article:publisher\" content=\"https:\/\/facebook.com\/eldigitaldeasturias\" \/>\n\t\t<meta name=\"twitter:card\" content=\"summary_large_image\" \/>\n\t\t<meta name=\"twitter:title\" content=\"Rosa D\u00edez dice que Catalu\u00f1a ya se ha independizado porque se salta las leyes - El Digital de Asturias\" \/>\n\t\t<meta name=\"twitter:description\" content=\"Madrid, 5 feb (EFE).- La l\u00edder de UPyD, Rosa D\u00edez, ha afirmado que Catalu\u00f1a ya se ha independizado al no sentirse &quot;concernida&quot; por las leyes ni las sentencias de los tribunales espa\u00f1oles, lo que, a su juicio, es un acto de secesi\u00f3n &quot;pura y dura&quot;. En una rueda de prensa en la sede de UPyD,\" \/>\n\t\t<meta name=\"twitter:label1\" content=\"Escrito por\" \/>\n\t\t<meta name=\"twitter:data1\" content=\"El Digital de Asturias\" \/>\n\t\t<meta name=\"twitter:label2\" content=\"Tiempo de lectura estimado\" \/>\n\t\t<meta name=\"twitter:data2\" content=\"1 minuto\" \/>\n\t\t<script type=\"application\/ld+json\" class=\"aioseo-schema\">\n\t\t\t{\"@context\":\"https:\\\/\\\/schema.org\",\"@graph\":[{\"@type\":\"BlogPosting\",\"@id\":\"https:\\\/\\\/www.eldigitaldeasturias.com\\\/noticias\\\/rosa-diez-dice-que-cataluna-ya-se-ha-independizado-porque-se-salta-las-leyes\\\/#blogposting\",\"name\":\"Rosa D\\u00edez dice que Catalu\\u00f1a ya se ha independizado porque se salta las leyes - El Digital de Asturias\",\"headline\":\"Rosa D\\u00edez dice que Catalu\\u00f1a ya se ha independizado porque se salta las leyes\",\"author\":{\"@id\":\"https:\\\/\\\/www.eldigitaldeasturias.com\\\/noticias\\\/author\\\/admin\\\/#author\"},\"publisher\":{\"@id\":\"https:\\\/\\\/www.eldigitaldeasturias.com\\\/noticias\\\/#organization\"},\"image\":{\"@type\":\"ImageObject\",\"url\":484597},\"datePublished\":\"2014-02-06T01:32:53+01:00\",\"dateModified\":\"2014-02-06T01:32:53+01:00\",\"inLanguage\":\"es-ES\",\"mainEntityOfPage\":{\"@id\":\"https:\\\/\\\/www.eldigitaldeasturias.com\\\/noticias\\\/rosa-diez-dice-que-cataluna-ya-se-ha-independizado-porque-se-salta-las-leyes\\\/#webpage\"},\"isPartOf\":{\"@id\":\"https:\\\/\\\/www.eldigitaldeasturias.com\\\/noticias\\\/rosa-diez-dice-que-cataluna-ya-se-ha-independizado-porque-se-salta-las-leyes\\\/#webpage\"},\"articleSection\":\"Actualidad\"},{\"@type\":\"BreadcrumbList\",\"@id\":\"https:\\\/\\\/www.eldigitaldeasturias.com\\\/noticias\\\/rosa-diez-dice-que-cataluna-ya-se-ha-independizado-porque-se-salta-las-leyes\\\/#breadcrumblist\",\"itemListElement\":[{\"@type\":\"ListItem\",\"@id\":\"https:\\\/\\\/www.eldigitaldeasturias.com\\\/noticias#listItem\",\"position\":1,\"name\":\"Home\",\"item\":\"https:\\\/\\\/www.eldigitaldeasturias.com\\\/noticias\",\"nextItem\":{\"@type\":\"ListItem\",\"@id\":\"https:\\\/\\\/www.eldigitaldeasturias.com\\\/noticias\\\/category\\\/actualidad\\\/#listItem\",\"name\":\"Actualidad\"}},{\"@type\":\"ListItem\",\"@id\":\"https:\\\/\\\/www.eldigitaldeasturias.com\\\/noticias\\\/category\\\/actualidad\\\/#listItem\",\"position\":2,\"name\":\"Actualidad\",\"item\":\"https:\\\/\\\/www.eldigitaldeasturias.com\\\/noticias\\\/category\\\/actualidad\\\/\",\"nextItem\":{\"@type\":\"ListItem\",\"@id\":\"https:\\\/\\\/www.eldigitaldeasturias.com\\\/noticias\\\/rosa-diez-dice-que-cataluna-ya-se-ha-independizado-porque-se-salta-las-leyes\\\/#listItem\",\"name\":\"Rosa D\\u00edez dice que Catalu\\u00f1a ya se ha independizado porque se salta las leyes\"},\"previousItem\":{\"@type\":\"ListItem\",\"@id\":\"https:\\\/\\\/www.eldigitaldeasturias.com\\\/noticias#listItem\",\"name\":\"Home\"}},{\"@type\":\"ListItem\",\"@id\":\"https:\\\/\\\/www.eldigitaldeasturias.com\\\/noticias\\\/rosa-diez-dice-que-cataluna-ya-se-ha-independizado-porque-se-salta-las-leyes\\\/#listItem\",\"position\":3,\"name\":\"Rosa D\\u00edez dice que Catalu\\u00f1a ya se ha independizado porque se salta las leyes\",\"previousItem\":{\"@type\":\"ListItem\",\"@id\":\"https:\\\/\\\/www.eldigitaldeasturias.com\\\/noticias\\\/category\\\/actualidad\\\/#listItem\",\"name\":\"Actualidad\"}}]},{\"@type\":\"Organization\",\"@id\":\"https:\\\/\\\/www.eldigitaldeasturias.com\\\/noticias\\\/#organization\",\"name\":\"El Digital de Asturias\",\"description\":\"Hemeroteca\",\"url\":\"https:\\\/\\\/www.eldigitaldeasturias.com\\\/noticias\\\/\",\"email\":\"info@eldigitaldeasturias.com\",\"telephone\":\"+34652131393\",\"logo\":{\"@type\":\"ImageObject\",\"url\":\"https:\\\/\\\/www.eldigitaldeasturias.com\\\/noticias\\\/wp-content\\\/uploads\\\/2020\\\/12\\\/EDA.jpg\",\"@id\":\"https:\\\/\\\/www.eldigitaldeasturias.com\\\/noticias\\\/rosa-diez-dice-que-cataluna-ya-se-ha-independizado-porque-se-salta-las-leyes\\\/#organizationLogo\"},\"image\":{\"@id\":\"https:\\\/\\\/www.eldigitaldeasturias.com\\\/noticias\\\/rosa-diez-dice-que-cataluna-ya-se-ha-independizado-porque-se-salta-las-leyes\\\/#organizationLogo\"},\"sameAs\":[\"https:\\\/\\\/facebook.com\\\/eldigitaldeasturias\",\"https:\\\/\\\/www.youtube.com\\\/channel\\\/UCZP-2wLEB9Rv6erhFmqVnvg\"],\"address\":{\"@id\":\"https:\\\/\\\/www.eldigitaldeasturias.com\\\/noticias\\\/#postaladdress\",\"@type\":\"PostalAddress\",\"streetAddress\":\"san antonio 4\",\"postalCode\":\"33430\",\"addressLocality\":\"Cand\\u00e1s\",\"addressRegion\":\"Asturias\",\"addressCountry\":\"ES\"}},{\"@type\":\"Person\",\"@id\":\"https:\\\/\\\/www.eldigitaldeasturias.com\\\/noticias\\\/author\\\/admin\\\/#author\",\"url\":\"https:\\\/\\\/www.eldigitaldeasturias.com\\\/noticias\\\/author\\\/admin\\\/\",\"name\":\"El Digital de Asturias\",\"image\":{\"@type\":\"ImageObject\",\"@id\":\"https:\\\/\\\/www.eldigitaldeasturias.com\\\/noticias\\\/rosa-diez-dice-que-cataluna-ya-se-ha-independizado-porque-se-salta-las-leyes\\\/#authorImage\",\"url\":\"https:\\\/\\\/secure.gravatar.com\\\/avatar\\\/df2aeffc32bcd13f8d26072ef8a91b623d677766deac7f97ca815868cd41bf5e?s=96&d=mm&r=g\",\"width\":96,\"height\":96,\"caption\":\"El Digital de Asturias\"}},{\"@type\":\"WebPage\",\"@id\":\"https:\\\/\\\/www.eldigitaldeasturias.com\\\/noticias\\\/rosa-diez-dice-que-cataluna-ya-se-ha-independizado-porque-se-salta-las-leyes\\\/#webpage\",\"url\":\"https:\\\/\\\/www.eldigitaldeasturias.com\\\/noticias\\\/rosa-diez-dice-que-cataluna-ya-se-ha-independizado-porque-se-salta-las-leyes\\\/\",\"name\":\"Rosa D\\u00edez dice que Catalu\\u00f1a ya se ha independizado porque se salta las leyes - El Digital de Asturias\",\"description\":\"Madrid, 5 feb (EFE).- La l\\u00edder de UPyD, Rosa D\\u00edez, ha afirmado que Catalu\\u00f1a ya se ha independizado al no sentirse \\\"concernida\\\" por las leyes ni las sentencias de los tribunales espa\\u00f1oles, lo que, a su juicio, es un acto de secesi\\u00f3n \\\"pura y dura\\\". En una rueda de prensa en la sede de UPyD,\",\"inLanguage\":\"es-ES\",\"isPartOf\":{\"@id\":\"https:\\\/\\\/www.eldigitaldeasturias.com\\\/noticias\\\/#website\"},\"breadcrumb\":{\"@id\":\"https:\\\/\\\/www.eldigitaldeasturias.com\\\/noticias\\\/rosa-diez-dice-que-cataluna-ya-se-ha-independizado-porque-se-salta-las-leyes\\\/#breadcrumblist\"},\"author\":{\"@id\":\"https:\\\/\\\/www.eldigitaldeasturias.com\\\/noticias\\\/author\\\/admin\\\/#author\"},\"creator\":{\"@id\":\"https:\\\/\\\/www.eldigitaldeasturias.com\\\/noticias\\\/author\\\/admin\\\/#author\"},\"image\":{\"@type\":\"ImageObject\",\"url\":484597,\"@id\":\"https:\\\/\\\/www.eldigitaldeasturias.com\\\/noticias\\\/rosa-diez-dice-que-cataluna-ya-se-ha-independizado-porque-se-salta-las-leyes\\\/#mainImage\"},\"primaryImageOfPage\":{\"@id\":\"https:\\\/\\\/www.eldigitaldeasturias.com\\\/noticias\\\/rosa-diez-dice-que-cataluna-ya-se-ha-independizado-porque-se-salta-las-leyes\\\/#mainImage\"},\"datePublished\":\"2014-02-06T01:32:53+01:00\",\"dateModified\":\"2014-02-06T01:32:53+01:00\"},{\"@type\":\"WebSite\",\"@id\":\"https:\\\/\\\/www.eldigitaldeasturias.com\\\/noticias\\\/#website\",\"url\":\"https:\\\/\\\/www.eldigitaldeasturias.com\\\/noticias\\\/\",\"name\":\"El Digital de Asturias - Diario de actualidad y noticias\",\"alternateName\":\"El Digital de Asturias - Diario de actualidad y noticias\",\"description\":\"Hemeroteca\",\"inLanguage\":\"es-ES\",\"publisher\":{\"@id\":\"https:\\\/\\\/www.eldigitaldeasturias.com\\\/noticias\\\/#organization\"}}]}\n\t\t<\/script>\n\t\t<!-- All in One SEO Pro -->\r\n\t\t<title>Rosa D\u00edez dice que Catalu\u00f1a ya se ha independizado porque se salta las leyes - El Digital de Asturias<\/title>\n\n","aioseo_head_json":{"title":"Rosa D\u00edez dice que Catalu\u00f1a ya se ha independizado porque se salta las leyes - El Digital de Asturias","description":"Madrid, 5 feb (EFE).- La l\u00edder de UPyD, Rosa D\u00edez, ha afirmado que Catalu\u00f1a ya se ha independizado al no sentirse \"concernida\" por las leyes ni las sentencias de los tribunales espa\u00f1oles, lo que, a su juicio, es un acto de secesi\u00f3n \"pura y dura\". En una rueda de prensa en la sede de UPyD,","canonical_url":"https:\/\/www.eldigitaldeasturias.com\/noticias\/rosa-diez-dice-que-cataluna-ya-se-ha-independizado-porque-se-salta-las-leyes\/","robots":"max-image-preview:large","keywords":"actualidad","webmasterTools":{"google-site-verification":"UA-38556648-1","msvalidate.01":"7dfe9f3f1b24437ab69f4f2559babe99","miscellaneous":""},"schema":{"@context":"https:\/\/schema.org","@graph":[{"@type":"BlogPosting","@id":"https:\/\/www.eldigitaldeasturias.com\/noticias\/rosa-diez-dice-que-cataluna-ya-se-ha-independizado-porque-se-salta-las-leyes\/#blogposting","name":"Rosa D\u00edez dice que Catalu\u00f1a ya se ha independizado porque se salta las leyes - El Digital de Asturias","headline":"Rosa D\u00edez dice que Catalu\u00f1a ya se ha independizado porque se salta las leyes","author":{"@id":"https:\/\/www.eldigitaldeasturias.com\/noticias\/author\/admin\/#author"},"publisher":{"@id":"https:\/\/www.eldigitaldeasturias.com\/noticias\/#organization"},"image":{"@type":"ImageObject","url":484597},"datePublished":"2014-02-06T01:32:53+01:00","dateModified":"2014-02-06T01:32:53+01:00","inLanguage":"es-ES","mainEntityOfPage":{"@id":"https:\/\/www.eldigitaldeasturias.com\/noticias\/rosa-diez-dice-que-cataluna-ya-se-ha-independizado-porque-se-salta-las-leyes\/#webpage"},"isPartOf":{"@id":"https:\/\/www.eldigitaldeasturias.com\/noticias\/rosa-diez-dice-que-cataluna-ya-se-ha-independizado-porque-se-salta-las-leyes\/#webpage"},"articleSection":"Actualidad"},{"@type":"BreadcrumbList","@id":"https:\/\/www.eldigitaldeasturias.com\/noticias\/rosa-diez-dice-que-cataluna-ya-se-ha-independizado-porque-se-salta-las-leyes\/#breadcrumblist","itemListElement":[{"@type":"ListItem","@id":"https:\/\/www.eldigitaldeasturias.com\/noticias#listItem","position":1,"name":"Home","item":"https:\/\/www.eldigitaldeasturias.com\/noticias","nextItem":{"@type":"ListItem","@id":"https:\/\/www.eldigitaldeasturias.com\/noticias\/category\/actualidad\/#listItem","name":"Actualidad"}},{"@type":"ListItem","@id":"https:\/\/www.eldigitaldeasturias.com\/noticias\/category\/actualidad\/#listItem","position":2,"name":"Actualidad","item":"https:\/\/www.eldigitaldeasturias.com\/noticias\/category\/actualidad\/","nextItem":{"@type":"ListItem","@id":"https:\/\/www.eldigitaldeasturias.com\/noticias\/rosa-diez-dice-que-cataluna-ya-se-ha-independizado-porque-se-salta-las-leyes\/#listItem","name":"Rosa D\u00edez dice que Catalu\u00f1a ya se ha independizado porque se salta las leyes"},"previousItem":{"@type":"ListItem","@id":"https:\/\/www.eldigitaldeasturias.com\/noticias#listItem","name":"Home"}},{"@type":"ListItem","@id":"https:\/\/www.eldigitaldeasturias.com\/noticias\/rosa-diez-dice-que-cataluna-ya-se-ha-independizado-porque-se-salta-las-leyes\/#listItem","position":3,"name":"Rosa D\u00edez dice que Catalu\u00f1a ya se ha independizado porque se salta las leyes","previousItem":{"@type":"ListItem","@id":"https:\/\/www.eldigitaldeasturias.com\/noticias\/category\/actualidad\/#listItem","name":"Actualidad"}}]},{"@type":"Organization","@id":"https:\/\/www.eldigitaldeasturias.com\/noticias\/#organization","name":"El Digital de Asturias","description":"Hemeroteca","url":"https:\/\/www.eldigitaldeasturias.com\/noticias\/","email":"info@eldigitaldeasturias.com","telephone":"+34652131393","logo":{"@type":"ImageObject","url":"https:\/\/www.eldigitaldeasturias.com\/noticias\/wp-content\/uploads\/2020\/12\/EDA.jpg","@id":"https:\/\/www.eldigitaldeasturias.com\/noticias\/rosa-diez-dice-que-cataluna-ya-se-ha-independizado-porque-se-salta-las-leyes\/#organizationLogo"},"image":{"@id":"https:\/\/www.eldigitaldeasturias.com\/noticias\/rosa-diez-dice-que-cataluna-ya-se-ha-independizado-porque-se-salta-las-leyes\/#organizationLogo"},"sameAs":["https:\/\/facebook.com\/eldigitaldeasturias","https:\/\/www.youtube.com\/channel\/UCZP-2wLEB9Rv6erhFmqVnvg"],"address":{"@id":"https:\/\/www.eldigitaldeasturias.com\/noticias\/#postaladdress","@type":"PostalAddress","streetAddress":"san antonio 4","postalCode":"33430","addressLocality":"Cand\u00e1s","addressRegion":"Asturias","addressCountry":"ES"}},{"@type":"Person","@id":"https:\/\/www.eldigitaldeasturias.com\/noticias\/author\/admin\/#author","url":"https:\/\/www.eldigitaldeasturias.com\/noticias\/author\/admin\/","name":"El Digital de Asturias","image":{"@type":"ImageObject","@id":"https:\/\/www.eldigitaldeasturias.com\/noticias\/rosa-diez-dice-que-cataluna-ya-se-ha-independizado-porque-se-salta-las-leyes\/#authorImage","url":"https:\/\/secure.gravatar.com\/avatar\/df2aeffc32bcd13f8d26072ef8a91b623d677766deac7f97ca815868cd41bf5e?s=96&d=mm&r=g","width":96,"height":96,"caption":"El Digital de Asturias"}},{"@type":"WebPage","@id":"https:\/\/www.eldigitaldeasturias.com\/noticias\/rosa-diez-dice-que-cataluna-ya-se-ha-independizado-porque-se-salta-las-leyes\/#webpage","url":"https:\/\/www.eldigitaldeasturias.com\/noticias\/rosa-diez-dice-que-cataluna-ya-se-ha-independizado-porque-se-salta-las-leyes\/","name":"Rosa D\u00edez dice que Catalu\u00f1a ya se ha independizado porque se salta las leyes - El Digital de Asturias","description":"Madrid, 5 feb (EFE).- La l\u00edder de UPyD, Rosa D\u00edez, ha afirmado que Catalu\u00f1a ya se ha independizado al no sentirse \"concernida\" por las leyes ni las sentencias de los tribunales espa\u00f1oles, lo que, a su juicio, es un acto de secesi\u00f3n \"pura y dura\". En una rueda de prensa en la sede de UPyD,","inLanguage":"es-ES","isPartOf":{"@id":"https:\/\/www.eldigitaldeasturias.com\/noticias\/#website"},"breadcrumb":{"@id":"https:\/\/www.eldigitaldeasturias.com\/noticias\/rosa-diez-dice-que-cataluna-ya-se-ha-independizado-porque-se-salta-las-leyes\/#breadcrumblist"},"author":{"@id":"https:\/\/www.eldigitaldeasturias.com\/noticias\/author\/admin\/#author"},"creator":{"@id":"https:\/\/www.eldigitaldeasturias.com\/noticias\/author\/admin\/#author"},"image":{"@type":"ImageObject","url":484597,"@id":"https:\/\/www.eldigitaldeasturias.com\/noticias\/rosa-diez-dice-que-cataluna-ya-se-ha-independizado-porque-se-salta-las-leyes\/#mainImage"},"primaryImageOfPage":{"@id":"https:\/\/www.eldigitaldeasturias.com\/noticias\/rosa-diez-dice-que-cataluna-ya-se-ha-independizado-porque-se-salta-las-leyes\/#mainImage"},"datePublished":"2014-02-06T01:32:53+01:00","dateModified":"2014-02-06T01:32:53+01:00"},{"@type":"WebSite","@id":"https:\/\/www.eldigitaldeasturias.com\/noticias\/#website","url":"https:\/\/www.eldigitaldeasturias.com\/noticias\/","name":"El Digital de Asturias - Diario de actualidad y noticias","alternateName":"El Digital de Asturias - Diario de actualidad y noticias","description":"Hemeroteca","inLanguage":"es-ES","publisher":{"@id":"https:\/\/www.eldigitaldeasturias.com\/noticias\/#organization"}}]},"og:locale":"es_ES","og:site_name":"El Digital de Asturias","og:type":"article","og:title":"Rosa D\u00edez dice que Catalu\u00f1a ya se ha independizado porque se salta las leyes - El Digital de Asturias","og:description":"Madrid, 5 feb (EFE).- La l\u00edder de UPyD, Rosa D\u00edez, ha afirmado que Catalu\u00f1a ya se ha independizado al no sentirse &quot;concernida&quot; por las leyes ni las sentencias de los tribunales espa\u00f1oles, lo que, a su juicio, es un acto de secesi\u00f3n &quot;pura y dura&quot;. En una rueda de prensa en la sede de UPyD,","og:url":"https:\/\/www.eldigitaldeasturias.com\/noticias\/rosa-diez-dice-que-cataluna-ya-se-ha-independizado-porque-se-salta-las-leyes\/","article:tag":["actualidad"],"article:published_time":"2014-02-06T02:32:53+00:00","article:modified_time":"2014-02-06T02:32:53+00:00","article:publisher":"https:\/\/facebook.com\/eldigitaldeasturias","twitter:card":"summary_large_image","twitter:title":"Rosa D\u00edez dice que Catalu\u00f1a ya se ha independizado porque se salta las leyes - El Digital de Asturias","twitter:description":"Madrid, 5 feb (EFE).- La l\u00edder de UPyD, Rosa D\u00edez, ha afirmado que Catalu\u00f1a ya se ha independizado al no sentirse &quot;concernida&quot; por las leyes ni las sentencias de los tribunales espa\u00f1oles, lo que, a su juicio, es un acto de secesi\u00f3n &quot;pura y dura&quot;. En una rueda de prensa en la sede de UPyD,","twitter:label1":"Escrito por","twitter:data1":"El Digital de Asturias","twitter:label2":"Tiempo de lectura estimado","twitter:data2":"1 minuto"},"aioseo_meta_data":{"post_id":"484596","title":null,"description":null,"keywords":null,"keyphrases":null,"primary_term":null,"canonical_url":null,"og_title":null,"og_description":null,"og_object_type":"default","og_image_type":"default","og_image_url":null,"og_image_width":null,"og_image_height":null,"og_image_custom_url":null,"og_image_custom_fields":null,"og_video":null,"og_custom_url":null,"og_article_section":null,"og_article_tags":null,"twitter_use_og":true,"twitter_card":"default","twitter_image_type":"default","twitter_image_url":null,"twitter_image_custom_url":null,"twitter_image_custom_fields":null,"twitter_title":null,"twitter_description":null,"schema":{"blockGraphs":[],"customGraphs":[],"default":{"data":{"Article":[],"Course":[],"Dataset":[],"FAQPage":[],"Movie":[],"Person":[],"Product":[],"ProductReview":[],"Car":[],"Recipe":[],"Service":[],"SoftwareApplication":[],"WebPage":[]},"graphName":"","isEnabled":true},"graphs":[],"defaultGraph":"","defaultPostTypeGraph":""},"schema_type":null,"schema_type_options":null,"pillar_content":false,"robots_default":true,"robots_noindex":false,"robots_noarchive":false,"robots_nosnippet":false,"robots_nofollow":false,"robots_noimageindex":false,"robots_noodp":false,"robots_notranslate":false,"robots_max_snippet":null,"robots_max_videopreview":null,"robots_max_imagepreview":"none","priority":null,"frequency":null,"local_seo":null,"seo_analyzer_scan_date":"2026-06-02 16:20:48","breadcrumb_settings":null,"limit_modified_date":false,"open_ai":null,"ai":null,"created":"2020-11-14 22:55:05","updated":"2026-06-02 16:20:48","focus_keyword":null,"additional_keywords":null,"truseo_locale":null},"aioseo_breadcrumb":"<div class=\"aioseo-breadcrumbs\"><span class=\"aioseo-breadcrumb\">\n\t<a href=\"https:\/\/www.eldigitaldeasturias.com\/noticias\" title=\"Home\">Home<\/a>\n<\/span><span class=\"aioseo-breadcrumb-separator\">\u2013<\/span><span class=\"aioseo-breadcrumb\">\n\t<a href=\"https:\/\/www.eldigitaldeasturias.com\/noticias\/category\/actualidad\/\" title=\"Actualidad\">Actualidad<\/a>\n<\/span><span class=\"aioseo-breadcrumb-separator\">\u2013<\/span><span class=\"aioseo-breadcrumb\">\n\t<a href=\"https:\/\/www.eldigitaldeasturias.com\/noticias\/rosa-diez-dice-que-cataluna-ya-se-ha-independizado-porque-se-salta-las-leyes\/\" title=\"Rosa D\u00edez dice que Catalu\u00f1a ya se ha independizado porque se salta las leyes\">Rosa D\u00edez dice que Catalu\u00f1a ya se ha independizado porque se salta las leyes<\/a>\n<\/span><\/div>","aioseo_breadcrumb_json":[{"label":"Home","link":"https:\/\/www.eldigitaldeasturias.com\/noticias"},{"label":"Actualidad","link":"https:\/\/www.eldigitaldeasturias.com\/noticias\/category\/actualidad\/"},{"label":"Rosa D\u00edez dice que Catalu\u00f1a ya se ha independizado porque se salta las leyes","link":"https:\/\/www.eldigitaldeasturias.com\/noticias\/rosa-diez-dice-que-cataluna-ya-se-ha-independizado-porque-se-salta-las-leyes\/"}],"_links":{"self":[{"href":"https:\/\/www.eldigitaldeasturias.com\/noticias\/wp-json\/wp\/v2\/posts\/484596","targetHints":{"allow":["GET"]}}],"collection":[{"href":"https:\/\/www.eldigitaldeasturias.com\/noticias\/wp-json\/wp\/v2\/posts"}],"about":[{"href":"https:\/\/www.eldigitaldeasturias.com\/noticias\/wp-json\/wp\/v2\/types\/post"}],"author":[{"embeddable":true,"href":"https:\/\/www.eldigitaldeasturias.com\/noticias\/wp-json\/wp\/v2\/users\/1"}],"replies":[{"embeddable":true,"href":"https:\/\/www.eldigitaldeasturias.com\/noticias\/wp-json\/wp\/v2\/comments?post=484596"}],"version-history":[{"count":0,"href":"https:\/\/www.eldigitaldeasturias.com\/noticias\/wp-json\/wp\/v2\/posts\/484596\/revisions"}],"wp:attachment":[{"href":"https:\/\/www.eldigitaldeasturias.com\/noticias\/wp-json\/wp\/v2\/media?parent=484596"}],"wp:term":[{"taxonomy":"category","embeddable":true,"href":"https:\/\/www.eldigitaldeasturias.com\/noticias\/wp-json\/wp\/v2\/categories?post=484596"},{"taxonomy":"post_tag","embeddable":true,"href":"https:\/\/www.eldigitaldeasturias.com\/noticias\/wp-json\/wp\/v2\/tags?post=484596"}],"curies":[{"name":"wp","href":"https:\/\/api.w.org\/{rel}","templated":true}]}}