{"id":484590,"date":"2014-02-06T01:29:15","date_gmt":"2014-02-06T02:29:15","guid":{"rendered":"http:\/\/www.eldigitaldeasturias.com\/noticias\/?p=484590"},"modified":"2014-02-06T01:29:15","modified_gmt":"2014-02-06T02:29:15","slug":"solo-8-de-los-20-periodistas-acusados-en-egipto-son-de-al-yazira-segun-el-canal","status":"publish","type":"post","link":"https:\/\/www.eldigitaldeasturias.com\/noticias\/solo-8-de-los-20-periodistas-acusados-en-egipto-son-de-al-yazira-segun-el-canal\/","title":{"rendered":"Solo 8 de los 20 periodistas acusados en Egipto son de Al Yazira, seg\u00fan el canal"},"content":{"rendered":"<p><img loading=\"lazy\" decoding=\"async\" class=\"alignleft size-medium wp-image-484591\" alt=\"5914099w\" src=\"https:\/\/www.eldigitaldeasturias.com\/noticias\/wp-content\/uploads\/2014\/02\/5914099w-360x245.jpg\" width=\"360\" height=\"245\" \/>El Cairo, 5 feb (EFE).- La cadena de televisi\u00f3n catar\u00ed Al Yazira se\u00f1al\u00f3 hoy que solo ocho de los veinte periodistas acusados recientemente en Egipto trabajan para el canal, y neg\u00f3 cualquier relaci\u00f3n laboral con los 12 restantes.<\/p>\n<p>En un comunicado, la cadena dijo haber tenido acceso finalmente a la lista oficial de personas perseguidas por las autoridades egipcias.<\/p>\n<p>De los que pertenecen a Al Yazira, se encuentran en prisi\u00f3n el corresponsal australiano Peter Greste, el egipcio con pasaporte canadiense Mohamed Fahmy, y los egipcios Baher Mohamed y Abdal\u00e1 al Shami.<\/p>\n<p>Los tres primeros fueron detenidos el pasado 29 de diciembre, mientras que Al Shami est\u00e1 en prisi\u00f3n desde agosto y lleva tres semanas en huelga de hambre en protesta por su situaci\u00f3n.<\/p>\n<p>Adem\u00e1s de estas personas, figuran en la lista de inculpados los periodistas brit\u00e1nicos Sue Turton y Dominic Kane, que cubrieron los acontecimientos en Egipto tras el derrocamiento militar en julio del presidente Mohamed Mursi, y otros productores y t\u00e9cnicos egipcios que est\u00e1n actualmente en la sede de Doha, seg\u00fan Al Yazira.<\/p>\n<p>Turton, que hab\u00eda trabajado previamente para los canales Sky News, ITN y Channel 4, se mostr\u00f3 en la nota \u00abestupefacta\u00bb por el caso abierto contra ella.<\/p>\n<p>\u00abNo trat\u00e9 la situaci\u00f3n de ese pa\u00eds de manera diferente a como lo he hecho en casi 25 a\u00f1os como periodista de televisi\u00f3n. No tengo ninguna lealtad a ning\u00fan grupo pol\u00edtico en Egipto o en ning\u00fan otro lugar y no deseo promover ning\u00fan punto de vista\u00bb, sostuvo.<\/p>\n<p>Por su parte, Kane, que se incorpor\u00f3 a Al Yazira en 2012 tras m\u00e1s de una d\u00e9cada en la BBC, pidi\u00f3 la liberaci\u00f3n de sus compa\u00f1eros, quienes \u00abestaban realizando como pod\u00edan en esas circunstancias complicadas un trabajo dif\u00edcil y de forma imparcial\u00bb.<\/p>\n<p>Seg\u00fan el comunicado, que insiste en exigir la puesta en libertad de sus empleados, todos los periodistas del canal catar\u00ed han negado los cargos que pesan sobre ellos.<\/p>\n<p>Al Yazira destac\u00f3 que entre los acusados que no tienen relaci\u00f3n con la cadena est\u00e1 la periodista holandesa Rena Netjes, colaboradora desde El Cairo para varios medios holandeses, que huy\u00f3 de Egipto tras descubrir que estaba siendo buscada por la Justicia egipcia y que solo ha reconocido haber hablado una vez con Mohamed Fahmy en el vest\u00edbulo de un hotel.<\/p>\n<p>La Fiscal\u00eda General de Egipto orden\u00f3 el pasado 29 de enero el traslado a una corte penal del caso contra veinte periodistas vinculados a Al Yazira (4 extranjeros y 16 egipcios), acusados de difundir noticias \u00abfalsas\u00bb sobre el pa\u00eds y colaborar con un grupo terrorista, en alusi\u00f3n a los Hermanos Musulmanes.<\/p>\n<p>Las autoridades egipcias liberaron hoy al c\u00e1mara de la televisi\u00f3n catar\u00ed Al Yazira Mohamed Badr y a otras 61 personas, absueltas tras seis meses en prisi\u00f3n por un caso de disturbios en El Cairo.<\/p>\n<p>El Comit\u00e9 para la Protecci\u00f3n de los Periodistas y otras organizaciones de derechos humanos han denunciado las recientes detenciones y ataques sufridos por numerosos periodistas, egipcios y extranjeros.<\/p>\n","protected":false},"excerpt":{"rendered":"<p>El Cairo, 5 feb (EFE).- La cadena de televisi\u00f3n catar\u00ed Al Yazira se\u00f1al\u00f3 hoy que solo ocho de los veinte periodistas acusados recientemente en Egipto trabajan para el canal, y neg\u00f3 cualquier relaci\u00f3n laboral con los 12 restantes. En un comunicado, la cadena dijo haber tenido acceso finalmente a la lista oficial de personas perseguidas [&hellip;]<\/p>\n","protected":false},"author":1,"featured_media":484591,"comment_status":"closed","ping_status":"open","sticky":false,"template":"","format":"standard","meta":{"footnotes":""},"categories":[1],"tags":[],"class_list":["post-484590","post","type-post","status-publish","format-standard","has-post-thumbnail","hentry","category-actualidad"],"aioseo_notices":[],"aioseo_head":"\n\t\t<!-- All in One SEO Pro 5.0.1 - aioseo.com -->\n\t<meta name=\"description\" content=\"El Cairo, 5 feb (EFE).- La cadena de televisi\u00f3n catar\u00ed Al Yazira se\u00f1al\u00f3 hoy que solo ocho de los veinte periodistas acusados recientemente en Egipto trabajan para el canal, y neg\u00f3 cualquier relaci\u00f3n laboral con los 12 restantes. En un comunicado, la cadena dijo haber tenido acceso finalmente a la lista oficial de personas perseguidas\" \/>\n\t<meta name=\"robots\" content=\"max-image-preview:large\" \/>\n\t<meta name=\"author\" content=\"El Digital de Asturias\"\/>\n\t<meta name=\"google-site-verification\" content=\"UA-38556648-1\" \/>\n\t<meta name=\"msvalidate.01\" content=\"7dfe9f3f1b24437ab69f4f2559babe99\" \/>\n\t<meta name=\"keywords\" content=\"actualidad\" \/>\n\t<link rel=\"canonical\" href=\"https:\/\/www.eldigitaldeasturias.com\/noticias\/solo-8-de-los-20-periodistas-acusados-en-egipto-son-de-al-yazira-segun-el-canal\/\" \/>\n\t<meta name=\"generator\" content=\"All in One SEO Pro (AIOSEO) 5.0.1\" \/>\n\t\t<meta property=\"og:locale\" content=\"es_ES\" \/>\n\t\t<meta property=\"og:site_name\" content=\"El Digital de Asturias\" \/>\n\t\t<meta property=\"og:type\" content=\"article\" \/>\n\t\t<meta property=\"og:title\" content=\"Solo 8 de los 20 periodistas acusados en Egipto son de Al Yazira, seg\u00fan el canal - El Digital de Asturias\" \/>\n\t\t<meta property=\"og:description\" content=\"El Cairo, 5 feb (EFE).- La cadena de televisi\u00f3n catar\u00ed Al Yazira se\u00f1al\u00f3 hoy que solo ocho de los veinte periodistas acusados recientemente en Egipto trabajan para el canal, y neg\u00f3 cualquier relaci\u00f3n laboral con los 12 restantes. En un comunicado, la cadena dijo haber tenido acceso finalmente a la lista oficial de personas perseguidas\" \/>\n\t\t<meta property=\"og:url\" content=\"https:\/\/www.eldigitaldeasturias.com\/noticias\/solo-8-de-los-20-periodistas-acusados-en-egipto-son-de-al-yazira-segun-el-canal\/\" \/>\n\t\t<meta property=\"article:tag\" content=\"actualidad\" \/>\n\t\t<meta property=\"article:published_time\" content=\"2014-02-06T02:29:15+00:00\" \/>\n\t\t<meta property=\"article:modified_time\" content=\"2014-02-06T02:29:15+00:00\" \/>\n\t\t<meta property=\"article:publisher\" content=\"https:\/\/facebook.com\/eldigitaldeasturias\" \/>\n\t\t<meta name=\"twitter:card\" content=\"summary_large_image\" \/>\n\t\t<meta name=\"twitter:title\" content=\"Solo 8 de los 20 periodistas acusados en Egipto son de Al Yazira, seg\u00fan el canal - El Digital de Asturias\" \/>\n\t\t<meta name=\"twitter:description\" content=\"El Cairo, 5 feb (EFE).- La cadena de televisi\u00f3n catar\u00ed Al Yazira se\u00f1al\u00f3 hoy que solo ocho de los veinte periodistas acusados recientemente en Egipto trabajan para el canal, y neg\u00f3 cualquier relaci\u00f3n laboral con los 12 restantes. En un comunicado, la cadena dijo haber tenido acceso finalmente a la lista oficial de personas perseguidas\" \/>\n\t\t<meta name=\"twitter:label1\" content=\"Escrito por\" \/>\n\t\t<meta name=\"twitter:data1\" content=\"El Digital de Asturias\" \/>\n\t\t<meta name=\"twitter:label2\" content=\"Tiempo de lectura estimado\" \/>\n\t\t<meta name=\"twitter:data2\" content=\"3 minutos\" \/>\n\t\t<script type=\"application\/ld+json\" class=\"aioseo-schema\">\n\t\t\t{\"@context\":\"https:\\\/\\\/schema.org\",\"@graph\":[{\"@type\":\"BlogPosting\",\"@id\":\"https:\\\/\\\/www.eldigitaldeasturias.com\\\/noticias\\\/solo-8-de-los-20-periodistas-acusados-en-egipto-son-de-al-yazira-segun-el-canal\\\/#blogposting\",\"name\":\"Solo 8 de los 20 periodistas acusados en Egipto son de Al Yazira, seg\\u00fan el canal - El Digital de Asturias\",\"headline\":\"Solo 8 de los 20 periodistas acusados en Egipto son de Al Yazira, seg\\u00fan el canal\",\"author\":{\"@id\":\"https:\\\/\\\/www.eldigitaldeasturias.com\\\/noticias\\\/author\\\/admin\\\/#author\"},\"publisher\":{\"@id\":\"https:\\\/\\\/www.eldigitaldeasturias.com\\\/noticias\\\/#organization\"},\"image\":{\"@type\":\"ImageObject\",\"url\":484591},\"datePublished\":\"2014-02-06T01:29:15+01:00\",\"dateModified\":\"2014-02-06T01:29:15+01:00\",\"inLanguage\":\"es-ES\",\"mainEntityOfPage\":{\"@id\":\"https:\\\/\\\/www.eldigitaldeasturias.com\\\/noticias\\\/solo-8-de-los-20-periodistas-acusados-en-egipto-son-de-al-yazira-segun-el-canal\\\/#webpage\"},\"isPartOf\":{\"@id\":\"https:\\\/\\\/www.eldigitaldeasturias.com\\\/noticias\\\/solo-8-de-los-20-periodistas-acusados-en-egipto-son-de-al-yazira-segun-el-canal\\\/#webpage\"},\"articleSection\":\"Actualidad\"},{\"@type\":\"BreadcrumbList\",\"@id\":\"https:\\\/\\\/www.eldigitaldeasturias.com\\\/noticias\\\/solo-8-de-los-20-periodistas-acusados-en-egipto-son-de-al-yazira-segun-el-canal\\\/#breadcrumblist\",\"itemListElement\":[{\"@type\":\"ListItem\",\"@id\":\"https:\\\/\\\/www.eldigitaldeasturias.com\\\/noticias#listItem\",\"position\":1,\"name\":\"Home\",\"item\":\"https:\\\/\\\/www.eldigitaldeasturias.com\\\/noticias\",\"nextItem\":{\"@type\":\"ListItem\",\"@id\":\"https:\\\/\\\/www.eldigitaldeasturias.com\\\/noticias\\\/category\\\/actualidad\\\/#listItem\",\"name\":\"Actualidad\"}},{\"@type\":\"ListItem\",\"@id\":\"https:\\\/\\\/www.eldigitaldeasturias.com\\\/noticias\\\/category\\\/actualidad\\\/#listItem\",\"position\":2,\"name\":\"Actualidad\",\"item\":\"https:\\\/\\\/www.eldigitaldeasturias.com\\\/noticias\\\/category\\\/actualidad\\\/\",\"nextItem\":{\"@type\":\"ListItem\",\"@id\":\"https:\\\/\\\/www.eldigitaldeasturias.com\\\/noticias\\\/solo-8-de-los-20-periodistas-acusados-en-egipto-son-de-al-yazira-segun-el-canal\\\/#listItem\",\"name\":\"Solo 8 de los 20 periodistas acusados en Egipto son de Al Yazira, seg\\u00fan el canal\"},\"previousItem\":{\"@type\":\"ListItem\",\"@id\":\"https:\\\/\\\/www.eldigitaldeasturias.com\\\/noticias#listItem\",\"name\":\"Home\"}},{\"@type\":\"ListItem\",\"@id\":\"https:\\\/\\\/www.eldigitaldeasturias.com\\\/noticias\\\/solo-8-de-los-20-periodistas-acusados-en-egipto-son-de-al-yazira-segun-el-canal\\\/#listItem\",\"position\":3,\"name\":\"Solo 8 de los 20 periodistas acusados en Egipto son de Al Yazira, seg\\u00fan el canal\",\"previousItem\":{\"@type\":\"ListItem\",\"@id\":\"https:\\\/\\\/www.eldigitaldeasturias.com\\\/noticias\\\/category\\\/actualidad\\\/#listItem\",\"name\":\"Actualidad\"}}]},{\"@type\":\"Organization\",\"@id\":\"https:\\\/\\\/www.eldigitaldeasturias.com\\\/noticias\\\/#organization\",\"name\":\"El Digital de Asturias\",\"description\":\"Hemeroteca\",\"url\":\"https:\\\/\\\/www.eldigitaldeasturias.com\\\/noticias\\\/\",\"email\":\"info@eldigitaldeasturias.com\",\"telephone\":\"+34652131393\",\"logo\":{\"@type\":\"ImageObject\",\"url\":\"https:\\\/\\\/www.eldigitaldeasturias.com\\\/noticias\\\/wp-content\\\/uploads\\\/2020\\\/12\\\/EDA.jpg\",\"@id\":\"https:\\\/\\\/www.eldigitaldeasturias.com\\\/noticias\\\/solo-8-de-los-20-periodistas-acusados-en-egipto-son-de-al-yazira-segun-el-canal\\\/#organizationLogo\"},\"image\":{\"@id\":\"https:\\\/\\\/www.eldigitaldeasturias.com\\\/noticias\\\/solo-8-de-los-20-periodistas-acusados-en-egipto-son-de-al-yazira-segun-el-canal\\\/#organizationLogo\"},\"sameAs\":[\"https:\\\/\\\/facebook.com\\\/eldigitaldeasturias\",\"https:\\\/\\\/www.youtube.com\\\/channel\\\/UCZP-2wLEB9Rv6erhFmqVnvg\"],\"address\":{\"@id\":\"https:\\\/\\\/www.eldigitaldeasturias.com\\\/noticias\\\/#postaladdress\",\"@type\":\"PostalAddress\",\"streetAddress\":\"san antonio 4\",\"postalCode\":\"33430\",\"addressLocality\":\"Cand\\u00e1s\",\"addressRegion\":\"Asturias\",\"addressCountry\":\"ES\"}},{\"@type\":\"Person\",\"@id\":\"https:\\\/\\\/www.eldigitaldeasturias.com\\\/noticias\\\/author\\\/admin\\\/#author\",\"url\":\"https:\\\/\\\/www.eldigitaldeasturias.com\\\/noticias\\\/author\\\/admin\\\/\",\"name\":\"El Digital de Asturias\",\"image\":{\"@type\":\"ImageObject\",\"@id\":\"https:\\\/\\\/www.eldigitaldeasturias.com\\\/noticias\\\/solo-8-de-los-20-periodistas-acusados-en-egipto-son-de-al-yazira-segun-el-canal\\\/#authorImage\",\"url\":\"https:\\\/\\\/secure.gravatar.com\\\/avatar\\\/df2aeffc32bcd13f8d26072ef8a91b623d677766deac7f97ca815868cd41bf5e?s=96&d=mm&r=g\",\"width\":96,\"height\":96,\"caption\":\"El Digital de Asturias\"}},{\"@type\":\"WebPage\",\"@id\":\"https:\\\/\\\/www.eldigitaldeasturias.com\\\/noticias\\\/solo-8-de-los-20-periodistas-acusados-en-egipto-son-de-al-yazira-segun-el-canal\\\/#webpage\",\"url\":\"https:\\\/\\\/www.eldigitaldeasturias.com\\\/noticias\\\/solo-8-de-los-20-periodistas-acusados-en-egipto-son-de-al-yazira-segun-el-canal\\\/\",\"name\":\"Solo 8 de los 20 periodistas acusados en Egipto son de Al Yazira, seg\\u00fan el canal - El Digital de Asturias\",\"description\":\"El Cairo, 5 feb (EFE).- La cadena de televisi\\u00f3n catar\\u00ed Al Yazira se\\u00f1al\\u00f3 hoy que solo ocho de los veinte periodistas acusados recientemente en Egipto trabajan para el canal, y neg\\u00f3 cualquier relaci\\u00f3n laboral con los 12 restantes. En un comunicado, la cadena dijo haber tenido acceso finalmente a la lista oficial de personas perseguidas\",\"inLanguage\":\"es-ES\",\"isPartOf\":{\"@id\":\"https:\\\/\\\/www.eldigitaldeasturias.com\\\/noticias\\\/#website\"},\"breadcrumb\":{\"@id\":\"https:\\\/\\\/www.eldigitaldeasturias.com\\\/noticias\\\/solo-8-de-los-20-periodistas-acusados-en-egipto-son-de-al-yazira-segun-el-canal\\\/#breadcrumblist\"},\"author\":{\"@id\":\"https:\\\/\\\/www.eldigitaldeasturias.com\\\/noticias\\\/author\\\/admin\\\/#author\"},\"creator\":{\"@id\":\"https:\\\/\\\/www.eldigitaldeasturias.com\\\/noticias\\\/author\\\/admin\\\/#author\"},\"image\":{\"@type\":\"ImageObject\",\"url\":484591,\"@id\":\"https:\\\/\\\/www.eldigitaldeasturias.com\\\/noticias\\\/solo-8-de-los-20-periodistas-acusados-en-egipto-son-de-al-yazira-segun-el-canal\\\/#mainImage\"},\"primaryImageOfPage\":{\"@id\":\"https:\\\/\\\/www.eldigitaldeasturias.com\\\/noticias\\\/solo-8-de-los-20-periodistas-acusados-en-egipto-son-de-al-yazira-segun-el-canal\\\/#mainImage\"},\"datePublished\":\"2014-02-06T01:29:15+01:00\",\"dateModified\":\"2014-02-06T01:29:15+01:00\"},{\"@type\":\"WebSite\",\"@id\":\"https:\\\/\\\/www.eldigitaldeasturias.com\\\/noticias\\\/#website\",\"url\":\"https:\\\/\\\/www.eldigitaldeasturias.com\\\/noticias\\\/\",\"name\":\"El Digital de Asturias - Diario de actualidad y noticias\",\"alternateName\":\"El Digital de Asturias - Diario de actualidad y noticias\",\"description\":\"Hemeroteca\",\"inLanguage\":\"es-ES\",\"publisher\":{\"@id\":\"https:\\\/\\\/www.eldigitaldeasturias.com\\\/noticias\\\/#organization\"}}]}\n\t\t<\/script>\n\t\t<!-- All in One SEO Pro -->\r\n\t\t<title>Solo 8 de los 20 periodistas acusados en Egipto son de Al Yazira, seg\u00fan el canal - El Digital de Asturias<\/title>\n\n","aioseo_head_json":{"title":"Solo 8 de los 20 periodistas acusados en Egipto son de Al Yazira, seg\u00fan el canal - El Digital de Asturias","description":"El Cairo, 5 feb (EFE).- La cadena de televisi\u00f3n catar\u00ed Al Yazira se\u00f1al\u00f3 hoy que solo ocho de los veinte periodistas acusados recientemente en Egipto trabajan para el canal, y neg\u00f3 cualquier relaci\u00f3n laboral con los 12 restantes. En un comunicado, la cadena dijo haber tenido acceso finalmente a la lista oficial de personas perseguidas","canonical_url":"https:\/\/www.eldigitaldeasturias.com\/noticias\/solo-8-de-los-20-periodistas-acusados-en-egipto-son-de-al-yazira-segun-el-canal\/","robots":"max-image-preview:large","keywords":"actualidad","webmasterTools":{"google-site-verification":"UA-38556648-1","msvalidate.01":"7dfe9f3f1b24437ab69f4f2559babe99","miscellaneous":""},"schema":{"@context":"https:\/\/schema.org","@graph":[{"@type":"BlogPosting","@id":"https:\/\/www.eldigitaldeasturias.com\/noticias\/solo-8-de-los-20-periodistas-acusados-en-egipto-son-de-al-yazira-segun-el-canal\/#blogposting","name":"Solo 8 de los 20 periodistas acusados en Egipto son de Al Yazira, seg\u00fan el canal - El Digital de Asturias","headline":"Solo 8 de los 20 periodistas acusados en Egipto son de Al Yazira, seg\u00fan el canal","author":{"@id":"https:\/\/www.eldigitaldeasturias.com\/noticias\/author\/admin\/#author"},"publisher":{"@id":"https:\/\/www.eldigitaldeasturias.com\/noticias\/#organization"},"image":{"@type":"ImageObject","url":484591},"datePublished":"2014-02-06T01:29:15+01:00","dateModified":"2014-02-06T01:29:15+01:00","inLanguage":"es-ES","mainEntityOfPage":{"@id":"https:\/\/www.eldigitaldeasturias.com\/noticias\/solo-8-de-los-20-periodistas-acusados-en-egipto-son-de-al-yazira-segun-el-canal\/#webpage"},"isPartOf":{"@id":"https:\/\/www.eldigitaldeasturias.com\/noticias\/solo-8-de-los-20-periodistas-acusados-en-egipto-son-de-al-yazira-segun-el-canal\/#webpage"},"articleSection":"Actualidad"},{"@type":"BreadcrumbList","@id":"https:\/\/www.eldigitaldeasturias.com\/noticias\/solo-8-de-los-20-periodistas-acusados-en-egipto-son-de-al-yazira-segun-el-canal\/#breadcrumblist","itemListElement":[{"@type":"ListItem","@id":"https:\/\/www.eldigitaldeasturias.com\/noticias#listItem","position":1,"name":"Home","item":"https:\/\/www.eldigitaldeasturias.com\/noticias","nextItem":{"@type":"ListItem","@id":"https:\/\/www.eldigitaldeasturias.com\/noticias\/category\/actualidad\/#listItem","name":"Actualidad"}},{"@type":"ListItem","@id":"https:\/\/www.eldigitaldeasturias.com\/noticias\/category\/actualidad\/#listItem","position":2,"name":"Actualidad","item":"https:\/\/www.eldigitaldeasturias.com\/noticias\/category\/actualidad\/","nextItem":{"@type":"ListItem","@id":"https:\/\/www.eldigitaldeasturias.com\/noticias\/solo-8-de-los-20-periodistas-acusados-en-egipto-son-de-al-yazira-segun-el-canal\/#listItem","name":"Solo 8 de los 20 periodistas acusados en Egipto son de Al Yazira, seg\u00fan el canal"},"previousItem":{"@type":"ListItem","@id":"https:\/\/www.eldigitaldeasturias.com\/noticias#listItem","name":"Home"}},{"@type":"ListItem","@id":"https:\/\/www.eldigitaldeasturias.com\/noticias\/solo-8-de-los-20-periodistas-acusados-en-egipto-son-de-al-yazira-segun-el-canal\/#listItem","position":3,"name":"Solo 8 de los 20 periodistas acusados en Egipto son de Al Yazira, seg\u00fan el canal","previousItem":{"@type":"ListItem","@id":"https:\/\/www.eldigitaldeasturias.com\/noticias\/category\/actualidad\/#listItem","name":"Actualidad"}}]},{"@type":"Organization","@id":"https:\/\/www.eldigitaldeasturias.com\/noticias\/#organization","name":"El Digital de Asturias","description":"Hemeroteca","url":"https:\/\/www.eldigitaldeasturias.com\/noticias\/","email":"info@eldigitaldeasturias.com","telephone":"+34652131393","logo":{"@type":"ImageObject","url":"https:\/\/www.eldigitaldeasturias.com\/noticias\/wp-content\/uploads\/2020\/12\/EDA.jpg","@id":"https:\/\/www.eldigitaldeasturias.com\/noticias\/solo-8-de-los-20-periodistas-acusados-en-egipto-son-de-al-yazira-segun-el-canal\/#organizationLogo"},"image":{"@id":"https:\/\/www.eldigitaldeasturias.com\/noticias\/solo-8-de-los-20-periodistas-acusados-en-egipto-son-de-al-yazira-segun-el-canal\/#organizationLogo"},"sameAs":["https:\/\/facebook.com\/eldigitaldeasturias","https:\/\/www.youtube.com\/channel\/UCZP-2wLEB9Rv6erhFmqVnvg"],"address":{"@id":"https:\/\/www.eldigitaldeasturias.com\/noticias\/#postaladdress","@type":"PostalAddress","streetAddress":"san antonio 4","postalCode":"33430","addressLocality":"Cand\u00e1s","addressRegion":"Asturias","addressCountry":"ES"}},{"@type":"Person","@id":"https:\/\/www.eldigitaldeasturias.com\/noticias\/author\/admin\/#author","url":"https:\/\/www.eldigitaldeasturias.com\/noticias\/author\/admin\/","name":"El Digital de Asturias","image":{"@type":"ImageObject","@id":"https:\/\/www.eldigitaldeasturias.com\/noticias\/solo-8-de-los-20-periodistas-acusados-en-egipto-son-de-al-yazira-segun-el-canal\/#authorImage","url":"https:\/\/secure.gravatar.com\/avatar\/df2aeffc32bcd13f8d26072ef8a91b623d677766deac7f97ca815868cd41bf5e?s=96&d=mm&r=g","width":96,"height":96,"caption":"El Digital de Asturias"}},{"@type":"WebPage","@id":"https:\/\/www.eldigitaldeasturias.com\/noticias\/solo-8-de-los-20-periodistas-acusados-en-egipto-son-de-al-yazira-segun-el-canal\/#webpage","url":"https:\/\/www.eldigitaldeasturias.com\/noticias\/solo-8-de-los-20-periodistas-acusados-en-egipto-son-de-al-yazira-segun-el-canal\/","name":"Solo 8 de los 20 periodistas acusados en Egipto son de Al Yazira, seg\u00fan el canal - El Digital de Asturias","description":"El Cairo, 5 feb (EFE).- La cadena de televisi\u00f3n catar\u00ed Al Yazira se\u00f1al\u00f3 hoy que solo ocho de los veinte periodistas acusados recientemente en Egipto trabajan para el canal, y neg\u00f3 cualquier relaci\u00f3n laboral con los 12 restantes. En un comunicado, la cadena dijo haber tenido acceso finalmente a la lista oficial de personas perseguidas","inLanguage":"es-ES","isPartOf":{"@id":"https:\/\/www.eldigitaldeasturias.com\/noticias\/#website"},"breadcrumb":{"@id":"https:\/\/www.eldigitaldeasturias.com\/noticias\/solo-8-de-los-20-periodistas-acusados-en-egipto-son-de-al-yazira-segun-el-canal\/#breadcrumblist"},"author":{"@id":"https:\/\/www.eldigitaldeasturias.com\/noticias\/author\/admin\/#author"},"creator":{"@id":"https:\/\/www.eldigitaldeasturias.com\/noticias\/author\/admin\/#author"},"image":{"@type":"ImageObject","url":484591,"@id":"https:\/\/www.eldigitaldeasturias.com\/noticias\/solo-8-de-los-20-periodistas-acusados-en-egipto-son-de-al-yazira-segun-el-canal\/#mainImage"},"primaryImageOfPage":{"@id":"https:\/\/www.eldigitaldeasturias.com\/noticias\/solo-8-de-los-20-periodistas-acusados-en-egipto-son-de-al-yazira-segun-el-canal\/#mainImage"},"datePublished":"2014-02-06T01:29:15+01:00","dateModified":"2014-02-06T01:29:15+01:00"},{"@type":"WebSite","@id":"https:\/\/www.eldigitaldeasturias.com\/noticias\/#website","url":"https:\/\/www.eldigitaldeasturias.com\/noticias\/","name":"El Digital de Asturias - Diario de actualidad y noticias","alternateName":"El Digital de Asturias - Diario de actualidad y noticias","description":"Hemeroteca","inLanguage":"es-ES","publisher":{"@id":"https:\/\/www.eldigitaldeasturias.com\/noticias\/#organization"}}]},"og:locale":"es_ES","og:site_name":"El Digital de Asturias","og:type":"article","og:title":"Solo 8 de los 20 periodistas acusados en Egipto son de Al Yazira, seg\u00fan el canal - El Digital de Asturias","og:description":"El Cairo, 5 feb (EFE).- La cadena de televisi\u00f3n catar\u00ed Al Yazira se\u00f1al\u00f3 hoy que solo ocho de los veinte periodistas acusados recientemente en Egipto trabajan para el canal, y neg\u00f3 cualquier relaci\u00f3n laboral con los 12 restantes. En un comunicado, la cadena dijo haber tenido acceso finalmente a la lista oficial de personas perseguidas","og:url":"https:\/\/www.eldigitaldeasturias.com\/noticias\/solo-8-de-los-20-periodistas-acusados-en-egipto-son-de-al-yazira-segun-el-canal\/","article:tag":["actualidad"],"article:published_time":"2014-02-06T02:29:15+00:00","article:modified_time":"2014-02-06T02:29:15+00:00","article:publisher":"https:\/\/facebook.com\/eldigitaldeasturias","twitter:card":"summary_large_image","twitter:title":"Solo 8 de los 20 periodistas acusados en Egipto son de Al Yazira, seg\u00fan el canal - El Digital de Asturias","twitter:description":"El Cairo, 5 feb (EFE).- La cadena de televisi\u00f3n catar\u00ed Al Yazira se\u00f1al\u00f3 hoy que solo ocho de los veinte periodistas acusados recientemente en Egipto trabajan para el canal, y neg\u00f3 cualquier relaci\u00f3n laboral con los 12 restantes. En un comunicado, la cadena dijo haber tenido acceso finalmente a la lista oficial de personas perseguidas","twitter:label1":"Escrito por","twitter:data1":"El Digital de Asturias","twitter:label2":"Tiempo de lectura estimado","twitter:data2":"3 minutos"},"aioseo_meta_data":{"post_id":"484590","title":null,"description":null,"keywords":null,"keyphrases":null,"primary_term":null,"canonical_url":null,"og_title":null,"og_description":null,"og_object_type":"default","og_image_type":"default","og_image_url":null,"og_image_width":null,"og_image_height":null,"og_image_custom_url":null,"og_image_custom_fields":null,"og_video":null,"og_custom_url":null,"og_article_section":null,"og_article_tags":null,"twitter_use_og":true,"twitter_card":"default","twitter_image_type":"default","twitter_image_url":null,"twitter_image_custom_url":null,"twitter_image_custom_fields":null,"twitter_title":null,"twitter_description":null,"schema":{"blockGraphs":[],"customGraphs":[],"default":{"data":{"Article":[],"Course":[],"Dataset":[],"FAQPage":[],"Movie":[],"Person":[],"Product":[],"ProductReview":[],"Car":[],"Recipe":[],"Service":[],"SoftwareApplication":[],"WebPage":[]},"graphName":"","isEnabled":true},"graphs":[],"defaultGraph":"","defaultPostTypeGraph":""},"schema_type":null,"schema_type_options":null,"pillar_content":false,"robots_default":true,"robots_noindex":false,"robots_noarchive":false,"robots_nosnippet":false,"robots_nofollow":false,"robots_noimageindex":false,"robots_noodp":false,"robots_notranslate":false,"robots_max_snippet":null,"robots_max_videopreview":null,"robots_max_imagepreview":"none","priority":null,"frequency":null,"local_seo":null,"seo_analyzer_scan_date":"2026-06-02 16:17:10","breadcrumb_settings":null,"limit_modified_date":false,"open_ai":null,"ai":null,"created":"2020-11-14 22:55:05","updated":"2026-06-02 16:17:10","focus_keyword":null,"additional_keywords":null,"truseo_locale":null},"aioseo_breadcrumb":"<div class=\"aioseo-breadcrumbs\"><span class=\"aioseo-breadcrumb\">\n\t<a href=\"https:\/\/www.eldigitaldeasturias.com\/noticias\" title=\"Home\">Home<\/a>\n<\/span><span class=\"aioseo-breadcrumb-separator\">\u2013<\/span><span class=\"aioseo-breadcrumb\">\n\t<a href=\"https:\/\/www.eldigitaldeasturias.com\/noticias\/category\/actualidad\/\" title=\"Actualidad\">Actualidad<\/a>\n<\/span><span class=\"aioseo-breadcrumb-separator\">\u2013<\/span><span class=\"aioseo-breadcrumb\">\n\t<a href=\"https:\/\/www.eldigitaldeasturias.com\/noticias\/solo-8-de-los-20-periodistas-acusados-en-egipto-son-de-al-yazira-segun-el-canal\/\" title=\"Solo 8 de los 20 periodistas acusados en Egipto son de Al Yazira, seg\u00fan el canal\">Solo 8 de los 20 periodistas acusados en Egipto son de Al Yazira, seg\u00fan el canal<\/a>\n<\/span><\/div>","aioseo_breadcrumb_json":[{"label":"Home","link":"https:\/\/www.eldigitaldeasturias.com\/noticias"},{"label":"Actualidad","link":"https:\/\/www.eldigitaldeasturias.com\/noticias\/category\/actualidad\/"},{"label":"Solo 8 de los 20 periodistas acusados en Egipto son de Al Yazira, seg\u00fan el canal","link":"https:\/\/www.eldigitaldeasturias.com\/noticias\/solo-8-de-los-20-periodistas-acusados-en-egipto-son-de-al-yazira-segun-el-canal\/"}],"_links":{"self":[{"href":"https:\/\/www.eldigitaldeasturias.com\/noticias\/wp-json\/wp\/v2\/posts\/484590","targetHints":{"allow":["GET"]}}],"collection":[{"href":"https:\/\/www.eldigitaldeasturias.com\/noticias\/wp-json\/wp\/v2\/posts"}],"about":[{"href":"https:\/\/www.eldigitaldeasturias.com\/noticias\/wp-json\/wp\/v2\/types\/post"}],"author":[{"embeddable":true,"href":"https:\/\/www.eldigitaldeasturias.com\/noticias\/wp-json\/wp\/v2\/users\/1"}],"replies":[{"embeddable":true,"href":"https:\/\/www.eldigitaldeasturias.com\/noticias\/wp-json\/wp\/v2\/comments?post=484590"}],"version-history":[{"count":0,"href":"https:\/\/www.eldigitaldeasturias.com\/noticias\/wp-json\/wp\/v2\/posts\/484590\/revisions"}],"wp:attachment":[{"href":"https:\/\/www.eldigitaldeasturias.com\/noticias\/wp-json\/wp\/v2\/media?parent=484590"}],"wp:term":[{"taxonomy":"category","embeddable":true,"href":"https:\/\/www.eldigitaldeasturias.com\/noticias\/wp-json\/wp\/v2\/categories?post=484590"},{"taxonomy":"post_tag","embeddable":true,"href":"https:\/\/www.eldigitaldeasturias.com\/noticias\/wp-json\/wp\/v2\/tags?post=484590"}],"curies":[{"name":"wp","href":"https:\/\/api.w.org\/{rel}","templated":true}]}}