{"id":484587,"date":"2014-02-06T01:27:52","date_gmt":"2014-02-06T02:27:52","guid":{"rendered":"http:\/\/www.eldigitaldeasturias.com\/noticias\/?p=484587"},"modified":"2014-02-06T01:27:56","modified_gmt":"2014-02-06T02:27:56","slug":"damasco-culpa-a-los-terroristas-del-retraso-en-la-destruccion-de-armas-quimicas","status":"publish","type":"post","link":"https:\/\/www.eldigitaldeasturias.com\/noticias\/damasco-culpa-a-los-terroristas-del-retraso-en-la-destruccion-de-armas-quimicas\/","title":{"rendered":"Damasco culpa a los \u00abterroristas\u00bb del retraso en la destrucci\u00f3n de armas qu\u00edmicas"},"content":{"rendered":"<p><img loading=\"lazy\" decoding=\"async\" class=\"alignleft size-medium wp-image-484588\" alt=\"5914084w\" src=\"https:\/\/www.eldigitaldeasturias.com\/noticias\/wp-content\/uploads\/2014\/02\/5914084w-360x219.jpg\" width=\"360\" height=\"219\" \/>Damasco, 5 feb (EFE).- El viceministro sirio de Exteriores, Faisal Miqdad, responsabiliz\u00f3 a \u00abterroristas\u00bb del retraso en la destrucci\u00f3n de sus armas qu\u00edmicas, al obstruir su traslado a la costa para trasladarlas fuera del territorio nacional, inform\u00f3 hoy la agencia de noticias oficial Sana.<\/p>\n<p>Miqdad lament\u00f3 que haya pa\u00edses que acusan a Siria de no cumplir con sus compromisos y que al mismo tiempo impiden la salida de las sustancias qu\u00edmicas, en una entrevista concedida anoche a la televisi\u00f3n estatal y publicada hoy por la agencia.<\/p>\n<p>Dichos estados, que no nombr\u00f3, \u00abdeben dejar de filtrar informaci\u00f3n a los grupos terroristas sobre el recorrido del cargamento (qu\u00edmico)\u00bb.<\/p>\n<p>EEUU y Francia expresaron en los \u00faltimos d\u00edas su preocupaci\u00f3n por el retraso en el calendario para el desmantelamiento del arsenal qu\u00edmico del r\u00e9gimen de Damasco.<\/p>\n<p>Washington se mostr\u00f3 \u00abprofundamente preocupado por la incapacidad del Gobierno sirio de transportar al puerto de Latakia (oeste) todo los agentes qu\u00edmicos y precursores\u00bb, como le obliga el Consejo de Seguridad de la ONU.<\/p>\n<p>Para Miqdad, esto no es m\u00e1s que \u00abuna campa\u00f1a injusta y falsa\u00bb contra Siria.<\/p>\n<p>\u00abEstamos aplicando muchos de nuestros compromisos antes del calendario fijado y seguimos comprometidos con la aplicaci\u00f3n de todo lo acordado con la ONU y la Organizaci\u00f3n para la Prohibici\u00f3n de las Armas Qu\u00edmicas (OPAQ), asegur\u00f3.<\/p>\n<p>Durante la entrevista, el responsable sirio tambi\u00e9n habl\u00f3 de la primera ronda de la conferencia de Ginebra 2, celebrada entre los pasados 22 y 31 de enero y que sent\u00f3 en la misma mesa de negociaciones a representantes del r\u00e9gimen y de la oposici\u00f3n.<\/p>\n<p>Explic\u00f3 que est\u00e1n evaluando el resultado de esas sesiones, a las que acudieron siguiendo instrucciones del presidente Bachar al Asad, y que lo seguir\u00e1n haciendo en el futuro.<\/p>\n<p>\u00abFuimos a Ginebra con \u00f3rdenes claras de tener \u00e9xito en el di\u00e1logo, detener el terrorismo y el derramamiento de sangre en Siria, devolver la esperanza a los sirios, apoyar a nuestro heroico Ej\u00e9rcito en la batalla y poner fin a esta tragedia y a la injerencia extranjera\u00bb, enumer\u00f3.<\/p>\n<p>Afirm\u00f3 que la oposici\u00f3n est\u00e1 adoctrinada desde el exterior y recibe directivas desde Estambul, Doha, Tel Aviv, Washington y Par\u00eds.<\/p>\n<p>Miqdad adelant\u00f3 que su Ejecutivo anunciar\u00e1 en breve su postura sobre la segunda ronda de la conferencia, de acuerdo con lo que decida Al Asad.<\/p>\n<p>El mediador internacional Lajdar Brahimi propuso a las delegaciones del r\u00e9gimen y de la oposici\u00f3n volver a verse a partir del pr\u00f3ximo 10 de febrero, a lo que accedieron los opositores, pero los representantes del Gobierno se\u00f1alaron que primero deb\u00edan consultar en Damasco la conformidad con esa fecha.<\/p>\n","protected":false},"excerpt":{"rendered":"<p>Damasco, 5 feb (EFE).- El viceministro sirio de Exteriores, Faisal Miqdad, responsabiliz\u00f3 a \u00abterroristas\u00bb del retraso en la destrucci\u00f3n de sus armas qu\u00edmicas, al obstruir su traslado a la costa para trasladarlas fuera del territorio nacional, inform\u00f3 hoy la agencia de noticias oficial Sana. Miqdad lament\u00f3 que haya pa\u00edses que acusan a Siria de no [&hellip;]<\/p>\n","protected":false},"author":1,"featured_media":484588,"comment_status":"closed","ping_status":"open","sticky":false,"template":"","format":"standard","meta":{"footnotes":""},"categories":[1],"tags":[],"class_list":["post-484587","post","type-post","status-publish","format-standard","has-post-thumbnail","hentry","category-actualidad"],"aioseo_notices":[],"aioseo_head":"\n\t\t<!-- All in One SEO Pro 5.0.1 - aioseo.com -->\n\t<meta name=\"description\" content=\"Damasco, 5 feb (EFE).- El viceministro sirio de Exteriores, Faisal Miqdad, responsabiliz\u00f3 a &quot;terroristas&quot; del retraso en la destrucci\u00f3n de sus armas qu\u00edmicas, al obstruir su traslado a la costa para trasladarlas fuera del territorio nacional, inform\u00f3 hoy la agencia de noticias oficial Sana. Miqdad lament\u00f3 que haya pa\u00edses que acusan a Siria de no\" \/>\n\t<meta name=\"robots\" content=\"max-image-preview:large\" \/>\n\t<meta name=\"author\" content=\"El Digital de Asturias\"\/>\n\t<meta name=\"google-site-verification\" content=\"UA-38556648-1\" \/>\n\t<meta name=\"msvalidate.01\" content=\"7dfe9f3f1b24437ab69f4f2559babe99\" \/>\n\t<meta name=\"keywords\" content=\"actualidad\" \/>\n\t<link rel=\"canonical\" href=\"https:\/\/www.eldigitaldeasturias.com\/noticias\/damasco-culpa-a-los-terroristas-del-retraso-en-la-destruccion-de-armas-quimicas\/\" \/>\n\t<meta name=\"generator\" content=\"All in One SEO Pro (AIOSEO) 5.0.1\" \/>\n\t\t<meta property=\"og:locale\" content=\"es_ES\" \/>\n\t\t<meta property=\"og:site_name\" content=\"El Digital de Asturias\" \/>\n\t\t<meta property=\"og:type\" content=\"article\" \/>\n\t\t<meta property=\"og:title\" content=\"Damasco culpa a los \u00abterroristas\u00bb del retraso en la destrucci\u00f3n de armas qu\u00edmicas - El Digital de Asturias\" \/>\n\t\t<meta property=\"og:description\" content=\"Damasco, 5 feb (EFE).- El viceministro sirio de Exteriores, Faisal Miqdad, responsabiliz\u00f3 a &quot;terroristas&quot; del retraso en la destrucci\u00f3n de sus armas qu\u00edmicas, al obstruir su traslado a la costa para trasladarlas fuera del territorio nacional, inform\u00f3 hoy la agencia de noticias oficial Sana. Miqdad lament\u00f3 que haya pa\u00edses que acusan a Siria de no\" \/>\n\t\t<meta property=\"og:url\" content=\"https:\/\/www.eldigitaldeasturias.com\/noticias\/damasco-culpa-a-los-terroristas-del-retraso-en-la-destruccion-de-armas-quimicas\/\" \/>\n\t\t<meta property=\"article:tag\" content=\"actualidad\" \/>\n\t\t<meta property=\"article:published_time\" content=\"2014-02-06T02:27:52+00:00\" \/>\n\t\t<meta property=\"article:modified_time\" content=\"2014-02-06T02:27:56+00:00\" \/>\n\t\t<meta property=\"article:publisher\" content=\"https:\/\/facebook.com\/eldigitaldeasturias\" \/>\n\t\t<meta name=\"twitter:card\" content=\"summary_large_image\" \/>\n\t\t<meta name=\"twitter:title\" content=\"Damasco culpa a los \u00abterroristas\u00bb del retraso en la destrucci\u00f3n de armas qu\u00edmicas - El Digital de Asturias\" \/>\n\t\t<meta name=\"twitter:description\" content=\"Damasco, 5 feb (EFE).- El viceministro sirio de Exteriores, Faisal Miqdad, responsabiliz\u00f3 a &quot;terroristas&quot; del retraso en la destrucci\u00f3n de sus armas qu\u00edmicas, al obstruir su traslado a la costa para trasladarlas fuera del territorio nacional, inform\u00f3 hoy la agencia de noticias oficial Sana. Miqdad lament\u00f3 que haya pa\u00edses que acusan a Siria de no\" \/>\n\t\t<meta name=\"twitter:label1\" content=\"Escrito por\" \/>\n\t\t<meta name=\"twitter:data1\" content=\"El Digital de Asturias\" \/>\n\t\t<meta name=\"twitter:label2\" content=\"Tiempo de lectura estimado\" \/>\n\t\t<meta name=\"twitter:data2\" content=\"2 minutos\" \/>\n\t\t<script type=\"application\/ld+json\" class=\"aioseo-schema\">\n\t\t\t{\"@context\":\"https:\\\/\\\/schema.org\",\"@graph\":[{\"@type\":\"BlogPosting\",\"@id\":\"https:\\\/\\\/www.eldigitaldeasturias.com\\\/noticias\\\/damasco-culpa-a-los-terroristas-del-retraso-en-la-destruccion-de-armas-quimicas\\\/#blogposting\",\"name\":\"Damasco culpa a los \\u00abterroristas\\u00bb del retraso en la destrucci\\u00f3n de armas qu\\u00edmicas - El Digital de Asturias\",\"headline\":\"Damasco culpa a los \\u00abterroristas\\u00bb del retraso en la destrucci\\u00f3n de armas qu\\u00edmicas\",\"author\":{\"@id\":\"https:\\\/\\\/www.eldigitaldeasturias.com\\\/noticias\\\/author\\\/admin\\\/#author\"},\"publisher\":{\"@id\":\"https:\\\/\\\/www.eldigitaldeasturias.com\\\/noticias\\\/#organization\"},\"image\":{\"@type\":\"ImageObject\",\"url\":484588},\"datePublished\":\"2014-02-06T01:27:52+01:00\",\"dateModified\":\"2014-02-06T01:27:56+01:00\",\"inLanguage\":\"es-ES\",\"mainEntityOfPage\":{\"@id\":\"https:\\\/\\\/www.eldigitaldeasturias.com\\\/noticias\\\/damasco-culpa-a-los-terroristas-del-retraso-en-la-destruccion-de-armas-quimicas\\\/#webpage\"},\"isPartOf\":{\"@id\":\"https:\\\/\\\/www.eldigitaldeasturias.com\\\/noticias\\\/damasco-culpa-a-los-terroristas-del-retraso-en-la-destruccion-de-armas-quimicas\\\/#webpage\"},\"articleSection\":\"Actualidad\"},{\"@type\":\"BreadcrumbList\",\"@id\":\"https:\\\/\\\/www.eldigitaldeasturias.com\\\/noticias\\\/damasco-culpa-a-los-terroristas-del-retraso-en-la-destruccion-de-armas-quimicas\\\/#breadcrumblist\",\"itemListElement\":[{\"@type\":\"ListItem\",\"@id\":\"https:\\\/\\\/www.eldigitaldeasturias.com\\\/noticias#listItem\",\"position\":1,\"name\":\"Home\",\"item\":\"https:\\\/\\\/www.eldigitaldeasturias.com\\\/noticias\",\"nextItem\":{\"@type\":\"ListItem\",\"@id\":\"https:\\\/\\\/www.eldigitaldeasturias.com\\\/noticias\\\/category\\\/actualidad\\\/#listItem\",\"name\":\"Actualidad\"}},{\"@type\":\"ListItem\",\"@id\":\"https:\\\/\\\/www.eldigitaldeasturias.com\\\/noticias\\\/category\\\/actualidad\\\/#listItem\",\"position\":2,\"name\":\"Actualidad\",\"item\":\"https:\\\/\\\/www.eldigitaldeasturias.com\\\/noticias\\\/category\\\/actualidad\\\/\",\"nextItem\":{\"@type\":\"ListItem\",\"@id\":\"https:\\\/\\\/www.eldigitaldeasturias.com\\\/noticias\\\/damasco-culpa-a-los-terroristas-del-retraso-en-la-destruccion-de-armas-quimicas\\\/#listItem\",\"name\":\"Damasco culpa a los \\u00abterroristas\\u00bb del retraso en la destrucci\\u00f3n de armas qu\\u00edmicas\"},\"previousItem\":{\"@type\":\"ListItem\",\"@id\":\"https:\\\/\\\/www.eldigitaldeasturias.com\\\/noticias#listItem\",\"name\":\"Home\"}},{\"@type\":\"ListItem\",\"@id\":\"https:\\\/\\\/www.eldigitaldeasturias.com\\\/noticias\\\/damasco-culpa-a-los-terroristas-del-retraso-en-la-destruccion-de-armas-quimicas\\\/#listItem\",\"position\":3,\"name\":\"Damasco culpa a los \\u00abterroristas\\u00bb del retraso en la destrucci\\u00f3n de armas qu\\u00edmicas\",\"previousItem\":{\"@type\":\"ListItem\",\"@id\":\"https:\\\/\\\/www.eldigitaldeasturias.com\\\/noticias\\\/category\\\/actualidad\\\/#listItem\",\"name\":\"Actualidad\"}}]},{\"@type\":\"Organization\",\"@id\":\"https:\\\/\\\/www.eldigitaldeasturias.com\\\/noticias\\\/#organization\",\"name\":\"El Digital de Asturias\",\"description\":\"Hemeroteca\",\"url\":\"https:\\\/\\\/www.eldigitaldeasturias.com\\\/noticias\\\/\",\"email\":\"info@eldigitaldeasturias.com\",\"telephone\":\"+34652131393\",\"logo\":{\"@type\":\"ImageObject\",\"url\":\"https:\\\/\\\/www.eldigitaldeasturias.com\\\/noticias\\\/wp-content\\\/uploads\\\/2020\\\/12\\\/EDA.jpg\",\"@id\":\"https:\\\/\\\/www.eldigitaldeasturias.com\\\/noticias\\\/damasco-culpa-a-los-terroristas-del-retraso-en-la-destruccion-de-armas-quimicas\\\/#organizationLogo\"},\"image\":{\"@id\":\"https:\\\/\\\/www.eldigitaldeasturias.com\\\/noticias\\\/damasco-culpa-a-los-terroristas-del-retraso-en-la-destruccion-de-armas-quimicas\\\/#organizationLogo\"},\"sameAs\":[\"https:\\\/\\\/facebook.com\\\/eldigitaldeasturias\",\"https:\\\/\\\/www.youtube.com\\\/channel\\\/UCZP-2wLEB9Rv6erhFmqVnvg\"],\"address\":{\"@id\":\"https:\\\/\\\/www.eldigitaldeasturias.com\\\/noticias\\\/#postaladdress\",\"@type\":\"PostalAddress\",\"streetAddress\":\"san antonio 4\",\"postalCode\":\"33430\",\"addressLocality\":\"Cand\\u00e1s\",\"addressRegion\":\"Asturias\",\"addressCountry\":\"ES\"}},{\"@type\":\"Person\",\"@id\":\"https:\\\/\\\/www.eldigitaldeasturias.com\\\/noticias\\\/author\\\/admin\\\/#author\",\"url\":\"https:\\\/\\\/www.eldigitaldeasturias.com\\\/noticias\\\/author\\\/admin\\\/\",\"name\":\"El Digital de Asturias\",\"image\":{\"@type\":\"ImageObject\",\"@id\":\"https:\\\/\\\/www.eldigitaldeasturias.com\\\/noticias\\\/damasco-culpa-a-los-terroristas-del-retraso-en-la-destruccion-de-armas-quimicas\\\/#authorImage\",\"url\":\"https:\\\/\\\/secure.gravatar.com\\\/avatar\\\/df2aeffc32bcd13f8d26072ef8a91b623d677766deac7f97ca815868cd41bf5e?s=96&d=mm&r=g\",\"width\":96,\"height\":96,\"caption\":\"El Digital de Asturias\"}},{\"@type\":\"WebPage\",\"@id\":\"https:\\\/\\\/www.eldigitaldeasturias.com\\\/noticias\\\/damasco-culpa-a-los-terroristas-del-retraso-en-la-destruccion-de-armas-quimicas\\\/#webpage\",\"url\":\"https:\\\/\\\/www.eldigitaldeasturias.com\\\/noticias\\\/damasco-culpa-a-los-terroristas-del-retraso-en-la-destruccion-de-armas-quimicas\\\/\",\"name\":\"Damasco culpa a los \\u00abterroristas\\u00bb del retraso en la destrucci\\u00f3n de armas qu\\u00edmicas - El Digital de Asturias\",\"description\":\"Damasco, 5 feb (EFE).- El viceministro sirio de Exteriores, Faisal Miqdad, responsabiliz\\u00f3 a \\\"terroristas\\\" del retraso en la destrucci\\u00f3n de sus armas qu\\u00edmicas, al obstruir su traslado a la costa para trasladarlas fuera del territorio nacional, inform\\u00f3 hoy la agencia de noticias oficial Sana. Miqdad lament\\u00f3 que haya pa\\u00edses que acusan a Siria de no\",\"inLanguage\":\"es-ES\",\"isPartOf\":{\"@id\":\"https:\\\/\\\/www.eldigitaldeasturias.com\\\/noticias\\\/#website\"},\"breadcrumb\":{\"@id\":\"https:\\\/\\\/www.eldigitaldeasturias.com\\\/noticias\\\/damasco-culpa-a-los-terroristas-del-retraso-en-la-destruccion-de-armas-quimicas\\\/#breadcrumblist\"},\"author\":{\"@id\":\"https:\\\/\\\/www.eldigitaldeasturias.com\\\/noticias\\\/author\\\/admin\\\/#author\"},\"creator\":{\"@id\":\"https:\\\/\\\/www.eldigitaldeasturias.com\\\/noticias\\\/author\\\/admin\\\/#author\"},\"image\":{\"@type\":\"ImageObject\",\"url\":484588,\"@id\":\"https:\\\/\\\/www.eldigitaldeasturias.com\\\/noticias\\\/damasco-culpa-a-los-terroristas-del-retraso-en-la-destruccion-de-armas-quimicas\\\/#mainImage\"},\"primaryImageOfPage\":{\"@id\":\"https:\\\/\\\/www.eldigitaldeasturias.com\\\/noticias\\\/damasco-culpa-a-los-terroristas-del-retraso-en-la-destruccion-de-armas-quimicas\\\/#mainImage\"},\"datePublished\":\"2014-02-06T01:27:52+01:00\",\"dateModified\":\"2014-02-06T01:27:56+01:00\"},{\"@type\":\"WebSite\",\"@id\":\"https:\\\/\\\/www.eldigitaldeasturias.com\\\/noticias\\\/#website\",\"url\":\"https:\\\/\\\/www.eldigitaldeasturias.com\\\/noticias\\\/\",\"name\":\"El Digital de Asturias - Diario de actualidad y noticias\",\"alternateName\":\"El Digital de Asturias - Diario de actualidad y noticias\",\"description\":\"Hemeroteca\",\"inLanguage\":\"es-ES\",\"publisher\":{\"@id\":\"https:\\\/\\\/www.eldigitaldeasturias.com\\\/noticias\\\/#organization\"}}]}\n\t\t<\/script>\n\t\t<!-- All in One SEO Pro -->\r\n\t\t<title>Damasco culpa a los \u00abterroristas\u00bb del retraso en la destrucci\u00f3n de armas qu\u00edmicas - El Digital de Asturias<\/title>\n\n","aioseo_head_json":{"title":"Damasco culpa a los \u00abterroristas\u00bb del retraso en la destrucci\u00f3n de armas qu\u00edmicas - El Digital de Asturias","description":"Damasco, 5 feb (EFE).- El viceministro sirio de Exteriores, Faisal Miqdad, responsabiliz\u00f3 a \"terroristas\" del retraso en la destrucci\u00f3n de sus armas qu\u00edmicas, al obstruir su traslado a la costa para trasladarlas fuera del territorio nacional, inform\u00f3 hoy la agencia de noticias oficial Sana. Miqdad lament\u00f3 que haya pa\u00edses que acusan a Siria de no","canonical_url":"https:\/\/www.eldigitaldeasturias.com\/noticias\/damasco-culpa-a-los-terroristas-del-retraso-en-la-destruccion-de-armas-quimicas\/","robots":"max-image-preview:large","keywords":"actualidad","webmasterTools":{"google-site-verification":"UA-38556648-1","msvalidate.01":"7dfe9f3f1b24437ab69f4f2559babe99","miscellaneous":""},"schema":{"@context":"https:\/\/schema.org","@graph":[{"@type":"BlogPosting","@id":"https:\/\/www.eldigitaldeasturias.com\/noticias\/damasco-culpa-a-los-terroristas-del-retraso-en-la-destruccion-de-armas-quimicas\/#blogposting","name":"Damasco culpa a los \u00abterroristas\u00bb del retraso en la destrucci\u00f3n de armas qu\u00edmicas - El Digital de Asturias","headline":"Damasco culpa a los \u00abterroristas\u00bb del retraso en la destrucci\u00f3n de armas qu\u00edmicas","author":{"@id":"https:\/\/www.eldigitaldeasturias.com\/noticias\/author\/admin\/#author"},"publisher":{"@id":"https:\/\/www.eldigitaldeasturias.com\/noticias\/#organization"},"image":{"@type":"ImageObject","url":484588},"datePublished":"2014-02-06T01:27:52+01:00","dateModified":"2014-02-06T01:27:56+01:00","inLanguage":"es-ES","mainEntityOfPage":{"@id":"https:\/\/www.eldigitaldeasturias.com\/noticias\/damasco-culpa-a-los-terroristas-del-retraso-en-la-destruccion-de-armas-quimicas\/#webpage"},"isPartOf":{"@id":"https:\/\/www.eldigitaldeasturias.com\/noticias\/damasco-culpa-a-los-terroristas-del-retraso-en-la-destruccion-de-armas-quimicas\/#webpage"},"articleSection":"Actualidad"},{"@type":"BreadcrumbList","@id":"https:\/\/www.eldigitaldeasturias.com\/noticias\/damasco-culpa-a-los-terroristas-del-retraso-en-la-destruccion-de-armas-quimicas\/#breadcrumblist","itemListElement":[{"@type":"ListItem","@id":"https:\/\/www.eldigitaldeasturias.com\/noticias#listItem","position":1,"name":"Home","item":"https:\/\/www.eldigitaldeasturias.com\/noticias","nextItem":{"@type":"ListItem","@id":"https:\/\/www.eldigitaldeasturias.com\/noticias\/category\/actualidad\/#listItem","name":"Actualidad"}},{"@type":"ListItem","@id":"https:\/\/www.eldigitaldeasturias.com\/noticias\/category\/actualidad\/#listItem","position":2,"name":"Actualidad","item":"https:\/\/www.eldigitaldeasturias.com\/noticias\/category\/actualidad\/","nextItem":{"@type":"ListItem","@id":"https:\/\/www.eldigitaldeasturias.com\/noticias\/damasco-culpa-a-los-terroristas-del-retraso-en-la-destruccion-de-armas-quimicas\/#listItem","name":"Damasco culpa a los \u00abterroristas\u00bb del retraso en la destrucci\u00f3n de armas qu\u00edmicas"},"previousItem":{"@type":"ListItem","@id":"https:\/\/www.eldigitaldeasturias.com\/noticias#listItem","name":"Home"}},{"@type":"ListItem","@id":"https:\/\/www.eldigitaldeasturias.com\/noticias\/damasco-culpa-a-los-terroristas-del-retraso-en-la-destruccion-de-armas-quimicas\/#listItem","position":3,"name":"Damasco culpa a los \u00abterroristas\u00bb del retraso en la destrucci\u00f3n de armas qu\u00edmicas","previousItem":{"@type":"ListItem","@id":"https:\/\/www.eldigitaldeasturias.com\/noticias\/category\/actualidad\/#listItem","name":"Actualidad"}}]},{"@type":"Organization","@id":"https:\/\/www.eldigitaldeasturias.com\/noticias\/#organization","name":"El Digital de Asturias","description":"Hemeroteca","url":"https:\/\/www.eldigitaldeasturias.com\/noticias\/","email":"info@eldigitaldeasturias.com","telephone":"+34652131393","logo":{"@type":"ImageObject","url":"https:\/\/www.eldigitaldeasturias.com\/noticias\/wp-content\/uploads\/2020\/12\/EDA.jpg","@id":"https:\/\/www.eldigitaldeasturias.com\/noticias\/damasco-culpa-a-los-terroristas-del-retraso-en-la-destruccion-de-armas-quimicas\/#organizationLogo"},"image":{"@id":"https:\/\/www.eldigitaldeasturias.com\/noticias\/damasco-culpa-a-los-terroristas-del-retraso-en-la-destruccion-de-armas-quimicas\/#organizationLogo"},"sameAs":["https:\/\/facebook.com\/eldigitaldeasturias","https:\/\/www.youtube.com\/channel\/UCZP-2wLEB9Rv6erhFmqVnvg"],"address":{"@id":"https:\/\/www.eldigitaldeasturias.com\/noticias\/#postaladdress","@type":"PostalAddress","streetAddress":"san antonio 4","postalCode":"33430","addressLocality":"Cand\u00e1s","addressRegion":"Asturias","addressCountry":"ES"}},{"@type":"Person","@id":"https:\/\/www.eldigitaldeasturias.com\/noticias\/author\/admin\/#author","url":"https:\/\/www.eldigitaldeasturias.com\/noticias\/author\/admin\/","name":"El Digital de Asturias","image":{"@type":"ImageObject","@id":"https:\/\/www.eldigitaldeasturias.com\/noticias\/damasco-culpa-a-los-terroristas-del-retraso-en-la-destruccion-de-armas-quimicas\/#authorImage","url":"https:\/\/secure.gravatar.com\/avatar\/df2aeffc32bcd13f8d26072ef8a91b623d677766deac7f97ca815868cd41bf5e?s=96&d=mm&r=g","width":96,"height":96,"caption":"El Digital de Asturias"}},{"@type":"WebPage","@id":"https:\/\/www.eldigitaldeasturias.com\/noticias\/damasco-culpa-a-los-terroristas-del-retraso-en-la-destruccion-de-armas-quimicas\/#webpage","url":"https:\/\/www.eldigitaldeasturias.com\/noticias\/damasco-culpa-a-los-terroristas-del-retraso-en-la-destruccion-de-armas-quimicas\/","name":"Damasco culpa a los \u00abterroristas\u00bb del retraso en la destrucci\u00f3n de armas qu\u00edmicas - El Digital de Asturias","description":"Damasco, 5 feb (EFE).- El viceministro sirio de Exteriores, Faisal Miqdad, responsabiliz\u00f3 a \"terroristas\" del retraso en la destrucci\u00f3n de sus armas qu\u00edmicas, al obstruir su traslado a la costa para trasladarlas fuera del territorio nacional, inform\u00f3 hoy la agencia de noticias oficial Sana. Miqdad lament\u00f3 que haya pa\u00edses que acusan a Siria de no","inLanguage":"es-ES","isPartOf":{"@id":"https:\/\/www.eldigitaldeasturias.com\/noticias\/#website"},"breadcrumb":{"@id":"https:\/\/www.eldigitaldeasturias.com\/noticias\/damasco-culpa-a-los-terroristas-del-retraso-en-la-destruccion-de-armas-quimicas\/#breadcrumblist"},"author":{"@id":"https:\/\/www.eldigitaldeasturias.com\/noticias\/author\/admin\/#author"},"creator":{"@id":"https:\/\/www.eldigitaldeasturias.com\/noticias\/author\/admin\/#author"},"image":{"@type":"ImageObject","url":484588,"@id":"https:\/\/www.eldigitaldeasturias.com\/noticias\/damasco-culpa-a-los-terroristas-del-retraso-en-la-destruccion-de-armas-quimicas\/#mainImage"},"primaryImageOfPage":{"@id":"https:\/\/www.eldigitaldeasturias.com\/noticias\/damasco-culpa-a-los-terroristas-del-retraso-en-la-destruccion-de-armas-quimicas\/#mainImage"},"datePublished":"2014-02-06T01:27:52+01:00","dateModified":"2014-02-06T01:27:56+01:00"},{"@type":"WebSite","@id":"https:\/\/www.eldigitaldeasturias.com\/noticias\/#website","url":"https:\/\/www.eldigitaldeasturias.com\/noticias\/","name":"El Digital de Asturias - Diario de actualidad y noticias","alternateName":"El Digital de Asturias - Diario de actualidad y noticias","description":"Hemeroteca","inLanguage":"es-ES","publisher":{"@id":"https:\/\/www.eldigitaldeasturias.com\/noticias\/#organization"}}]},"og:locale":"es_ES","og:site_name":"El Digital de Asturias","og:type":"article","og:title":"Damasco culpa a los \u00abterroristas\u00bb del retraso en la destrucci\u00f3n de armas qu\u00edmicas - El Digital de Asturias","og:description":"Damasco, 5 feb (EFE).- El viceministro sirio de Exteriores, Faisal Miqdad, responsabiliz\u00f3 a &quot;terroristas&quot; del retraso en la destrucci\u00f3n de sus armas qu\u00edmicas, al obstruir su traslado a la costa para trasladarlas fuera del territorio nacional, inform\u00f3 hoy la agencia de noticias oficial Sana. Miqdad lament\u00f3 que haya pa\u00edses que acusan a Siria de no","og:url":"https:\/\/www.eldigitaldeasturias.com\/noticias\/damasco-culpa-a-los-terroristas-del-retraso-en-la-destruccion-de-armas-quimicas\/","article:tag":["actualidad"],"article:published_time":"2014-02-06T02:27:52+00:00","article:modified_time":"2014-02-06T02:27:56+00:00","article:publisher":"https:\/\/facebook.com\/eldigitaldeasturias","twitter:card":"summary_large_image","twitter:title":"Damasco culpa a los \u00abterroristas\u00bb del retraso en la destrucci\u00f3n de armas qu\u00edmicas - El Digital de Asturias","twitter:description":"Damasco, 5 feb (EFE).- El viceministro sirio de Exteriores, Faisal Miqdad, responsabiliz\u00f3 a &quot;terroristas&quot; del retraso en la destrucci\u00f3n de sus armas qu\u00edmicas, al obstruir su traslado a la costa para trasladarlas fuera del territorio nacional, inform\u00f3 hoy la agencia de noticias oficial Sana. Miqdad lament\u00f3 que haya pa\u00edses que acusan a Siria de no","twitter:label1":"Escrito por","twitter:data1":"El Digital de Asturias","twitter:label2":"Tiempo de lectura estimado","twitter:data2":"2 minutos"},"aioseo_meta_data":{"post_id":"484587","title":null,"description":null,"keywords":null,"keyphrases":null,"primary_term":null,"canonical_url":null,"og_title":null,"og_description":null,"og_object_type":"default","og_image_type":"default","og_image_url":null,"og_image_width":null,"og_image_height":null,"og_image_custom_url":null,"og_image_custom_fields":null,"og_video":null,"og_custom_url":null,"og_article_section":null,"og_article_tags":null,"twitter_use_og":true,"twitter_card":"default","twitter_image_type":"default","twitter_image_url":null,"twitter_image_custom_url":null,"twitter_image_custom_fields":null,"twitter_title":null,"twitter_description":null,"schema":{"blockGraphs":[],"customGraphs":[],"default":{"data":{"Article":[],"Course":[],"Dataset":[],"FAQPage":[],"Movie":[],"Person":[],"Product":[],"ProductReview":[],"Car":[],"Recipe":[],"Service":[],"SoftwareApplication":[],"WebPage":[]},"graphName":"","isEnabled":true},"graphs":[],"defaultGraph":"","defaultPostTypeGraph":""},"schema_type":null,"schema_type_options":null,"pillar_content":false,"robots_default":true,"robots_noindex":false,"robots_noarchive":false,"robots_nosnippet":false,"robots_nofollow":false,"robots_noimageindex":false,"robots_noodp":false,"robots_notranslate":false,"robots_max_snippet":null,"robots_max_videopreview":null,"robots_max_imagepreview":"none","priority":null,"frequency":null,"local_seo":null,"seo_analyzer_scan_date":"2026-06-02 16:17:09","breadcrumb_settings":null,"limit_modified_date":false,"open_ai":null,"ai":null,"created":"2020-11-14 22:55:05","updated":"2026-06-02 16:17:09","focus_keyword":null,"additional_keywords":null,"truseo_locale":null},"aioseo_breadcrumb":"<div class=\"aioseo-breadcrumbs\"><span class=\"aioseo-breadcrumb\">\n\t<a href=\"https:\/\/www.eldigitaldeasturias.com\/noticias\" title=\"Home\">Home<\/a>\n<\/span><span class=\"aioseo-breadcrumb-separator\">\u2013<\/span><span class=\"aioseo-breadcrumb\">\n\t<a href=\"https:\/\/www.eldigitaldeasturias.com\/noticias\/category\/actualidad\/\" title=\"Actualidad\">Actualidad<\/a>\n<\/span><span class=\"aioseo-breadcrumb-separator\">\u2013<\/span><span class=\"aioseo-breadcrumb\">\n\t<a href=\"https:\/\/www.eldigitaldeasturias.com\/noticias\/damasco-culpa-a-los-terroristas-del-retraso-en-la-destruccion-de-armas-quimicas\/\" title=\"Damasco culpa a los \u00abterroristas\u00bb del retraso en la destrucci\u00f3n de armas qu\u00edmicas\">Damasco culpa a los \u00abterroristas\u00bb del retraso en la destrucci\u00f3n de armas qu\u00edmicas<\/a>\n<\/span><\/div>","aioseo_breadcrumb_json":[{"label":"Home","link":"https:\/\/www.eldigitaldeasturias.com\/noticias"},{"label":"Actualidad","link":"https:\/\/www.eldigitaldeasturias.com\/noticias\/category\/actualidad\/"},{"label":"Damasco culpa a los \u00abterroristas\u00bb del retraso en la destrucci\u00f3n de armas qu\u00edmicas","link":"https:\/\/www.eldigitaldeasturias.com\/noticias\/damasco-culpa-a-los-terroristas-del-retraso-en-la-destruccion-de-armas-quimicas\/"}],"_links":{"self":[{"href":"https:\/\/www.eldigitaldeasturias.com\/noticias\/wp-json\/wp\/v2\/posts\/484587","targetHints":{"allow":["GET"]}}],"collection":[{"href":"https:\/\/www.eldigitaldeasturias.com\/noticias\/wp-json\/wp\/v2\/posts"}],"about":[{"href":"https:\/\/www.eldigitaldeasturias.com\/noticias\/wp-json\/wp\/v2\/types\/post"}],"author":[{"embeddable":true,"href":"https:\/\/www.eldigitaldeasturias.com\/noticias\/wp-json\/wp\/v2\/users\/1"}],"replies":[{"embeddable":true,"href":"https:\/\/www.eldigitaldeasturias.com\/noticias\/wp-json\/wp\/v2\/comments?post=484587"}],"version-history":[{"count":0,"href":"https:\/\/www.eldigitaldeasturias.com\/noticias\/wp-json\/wp\/v2\/posts\/484587\/revisions"}],"wp:attachment":[{"href":"https:\/\/www.eldigitaldeasturias.com\/noticias\/wp-json\/wp\/v2\/media?parent=484587"}],"wp:term":[{"taxonomy":"category","embeddable":true,"href":"https:\/\/www.eldigitaldeasturias.com\/noticias\/wp-json\/wp\/v2\/categories?post=484587"},{"taxonomy":"post_tag","embeddable":true,"href":"https:\/\/www.eldigitaldeasturias.com\/noticias\/wp-json\/wp\/v2\/tags?post=484587"}],"curies":[{"name":"wp","href":"https:\/\/api.w.org\/{rel}","templated":true}]}}