{"id":484578,"date":"2014-02-06T01:23:52","date_gmt":"2014-02-06T02:23:52","guid":{"rendered":"http:\/\/www.eldigitaldeasturias.com\/noticias\/?p=484578"},"modified":"2014-02-06T01:23:52","modified_gmt":"2014-02-06T02:23:52","slug":"la-ue-se-ofrece-a-mediar-en-la-crisis-ucraniana","status":"publish","type":"post","link":"https:\/\/www.eldigitaldeasturias.com\/noticias\/la-ue-se-ofrece-a-mediar-en-la-crisis-ucraniana\/","title":{"rendered":"La UE se ofrece a mediar en la crisis ucraniana"},"content":{"rendered":"<p><img loading=\"lazy\" decoding=\"async\" class=\"alignleft size-medium wp-image-484579\" alt=\"5911071w\" src=\"https:\/\/www.eldigitaldeasturias.com\/noticias\/wp-content\/uploads\/2014\/02\/5911071w-360x265.jpg\" width=\"360\" height=\"265\" \/>Kiev, 5 feb (EFE).- La Uni\u00f3n Europea se ofreci\u00f3 hoy a mediar en la crisis pol\u00edtica en Ucrania, renunciando al lenguaje de sanciones en un intento de recuperar las posiciones perdidas en favor de Rusia.<\/p>\n<p>La jefa de la diplomacia de la UE, Catherine Ashton, visit\u00f3 hoy Kiev por tercera vez desde el estallido de las protestas antigubernamentales el pasado 21 de noviembre con el fin de encontrar v\u00edas para la estabilizaci\u00f3n pol\u00edtica de Ucrania.<\/p>\n<p>Ashton fue recibida por el presidente ucraniano, V\u00edktor Yanuk\u00f3vich, con el que abord\u00f3 las perspectivas de reforma de la Constituci\u00f3n presidencialista, precisamente una de las principales demandas de la oposici\u00f3n.<\/p>\n<p>A su vez, la diplom\u00e1tica europea llam\u00f3 la atenci\u00f3n sobre el hecho de que aquellos que recurrieron a la fuerza, sin aludir directamente a los altos cargos de la polic\u00eda antidisturbios, no hayan comparecido ante la Justicia.<\/p>\n<p>\u00abVemos que el nivel de la violencia ha decrecido, pero estamos preocupados por el hecho de que aquellos que cometieron actos de violencia no hayan comparecido ante los tribunales. Queremos ver un proceso transparente e independiente\u00bb, dijo en rueda de prensa.<\/p>\n<p>A\u00f1adi\u00f3 que Bruselas est\u00e1 dispuesto a contribuir a la investigaci\u00f3n independiente de los casos de violencia ocurridos durante los des\u00f3rdenes del 19 al 22 de enero en Kiev, en los que murieron varios manifestantes.<\/p>\n<p>\u00abPor supuesto, la Uni\u00f3n Europea quiere ayudar en todo lo que pueda permitir a Ucrania a salir de esta crisis pol\u00edtica, si as\u00ed se lo piden\u00bb, afirm\u00f3 Michael Mann, portavoz de la diplom\u00e1tica europea.<\/p>\n<p>Previamente, Ashton se reuni\u00f3 con los tres l\u00edderes de la oposici\u00f3n ucraniana, entre ellos el dirigente del partido UDAR (Golpe), Vitali Klitschk\u00f3, quien asegur\u00f3 posteriormente que Bruselas est\u00e1 dispuesta a enviar \u00abmediadores de alto nivel\u00bb a las negociaciones entre ambos bandos en Kiev.<\/p>\n<p>\u00abAlguien debe presenciar el proceso de negociaciones y registrar todos los acuerdos y compromisos. La alta representante de la UE, la se\u00f1ora Ashton, ha asegurado que Europa est\u00e1 dispuesta a enviar mediadores de alto nivel a las conversaciones entre la oposici\u00f3n y las autoridades\u00bb, se\u00f1al\u00f3.<\/p>\n<p>Klitschk\u00f3 argument\u00f3 la necesidad de una mediaci\u00f3n con \u00abla deshonestidad de las autoridades\u00bb y sus \u00abextra\u00f1as interpretaciones\u00bb de los acuerdos.<\/p>\n<p>Mientras, en Estrasburgo el comisario de Ampliaci\u00f3n, Stephan F\u00fcle, asegur\u00f3 en una intervenci\u00f3n ante el Parlamento Europeo que la UE est\u00e1 dispuesta a asesorar a Ucrania en la reforma de la Constituci\u00f3n.<\/p>\n<p>En caso de soluci\u00f3n de la crisis, \u00abestaremos dispuestos a aumentar nuestra ayuda (financiera), en base a las obligaciones pol\u00edticas y las reformas econ\u00f3micas, en colaboraci\u00f3n con el Fondo Monetario Internacional y otros actores internacionales\u00bb, dijo.<\/p>\n<p>F\u00fcle subray\u00f3 que Bruselas no baraja sanciones contra Ucrania, llam\u00f3 a la oposici\u00f3n a dar la espalda a los grupos m\u00e1s extremistas y subray\u00f3 que la estrategia de la UE se reduce a, en primer lugar, lograr el cese de la violencia y, en segundo lugar, abrir un proceso pol\u00edtico entre los bandos en conflicto.<\/p>\n<p>La oposici\u00f3n ucraniana desea fervientemente la mediaci\u00f3n europea, ya que la UE comparte su postura de que la convocatoria de elecciones anticipadas es la \u00fanica salida viable a la actual crisis.<\/p>\n<p>Mientras, Yanuk\u00f3vich parece m\u00e1s reacio, ya que el detonante de las protestas fue precisamente su renuncia a firmar un Acuerdo de Asociaci\u00f3n con los Veintiocho y la decisi\u00f3n de apostar por el restablecimiento de las relaciones comerciales plenas con Rusia.<\/p>\n<p>Klitschk\u00f3 dio hoy a Yanuk\u00f3vich dos opciones para poner fin a la crisis: la reforma de la Constituci\u00f3n presidencialista o la convocatoria de elecciones presidenciales anticipadas.<\/p>\n<p>\u00abNo tenemos tiempo. Hablamos de d\u00edas e incluso de horas. No debemos permitir una nueva escalada del conflicto\u00bb, advirti\u00f3 el pol\u00edtico, que colg\u00f3 recientemente los guantes como campe\u00f3n mundial de los pesos pesados.<\/p>\n<p>Tras lograr la dimisi\u00f3n del Gobierno en pleno y la derogaci\u00f3n de las leyes que coartaban la libertad de expresi\u00f3n y reuni\u00f3n, ahora la oposici\u00f3n exige el retorno a la Constituci\u00f3n promulgada durante la incruenta Revoluci\u00f3n Naranja de 2004.<\/p>\n<p>Esa Carta Magna, que distribu\u00eda el poder ejecutivo entre el presidente, el Gobierno y el Parlamento, fue enmendada por Yanuk\u00f3vich en 2010 para convertir a Ucrania en una rep\u00fablica presidencialista.<\/p>\n<p>En opini\u00f3n de Klitschk\u00f3, si no hay consenso sobre la reforma constitucional, lo mejor ser\u00eda \u00abconvocar elecciones para oto\u00f1o para que el pueblo cambie el poder por la v\u00eda constitucional\u00bb.<\/p>\n<p>\u00abEs un camino m\u00e1s corto que solucionar\u00e1 todos los problemas: elecciones presidenciales anticipadas. Entonces la tensi\u00f3n disminuir\u00e1. La gente se preparar\u00e1 para las elecciones\u00bb, insisti\u00f3.<\/p>\n<p>Yanuk\u00f3vich tiene previsto asistir el pr\u00f3ximo viernes a la inauguraci\u00f3n de los Juegos Ol\u00edmpicos de Invierno de Sochi, donde se reunir\u00e1 con el presidente ruso, Vlad\u00edmir Putin.<\/p>\n<p>&nbsp;<\/p>\n<p>Por Bor\u00eds Klimenko<\/p>\n","protected":false},"excerpt":{"rendered":"<p>Kiev, 5 feb (EFE).- La Uni\u00f3n Europea se ofreci\u00f3 hoy a mediar en la crisis pol\u00edtica en Ucrania, renunciando al lenguaje de sanciones en un intento de recuperar las posiciones perdidas en favor de Rusia. La jefa de la diplomacia de la UE, Catherine Ashton, visit\u00f3 hoy Kiev por tercera vez desde el estallido de [&hellip;]<\/p>\n","protected":false},"author":1,"featured_media":484579,"comment_status":"closed","ping_status":"open","sticky":false,"template":"","format":"standard","meta":{"footnotes":""},"categories":[1],"tags":[],"class_list":["post-484578","post","type-post","status-publish","format-standard","has-post-thumbnail","hentry","category-actualidad"],"aioseo_notices":[],"aioseo_head":"\n\t\t<!-- All in One SEO Pro 5.0.1 - aioseo.com -->\n\t<meta name=\"description\" content=\"Kiev, 5 feb (EFE).- La Uni\u00f3n Europea se ofreci\u00f3 hoy a mediar en la crisis pol\u00edtica en Ucrania, renunciando al lenguaje de sanciones en un intento de recuperar las posiciones perdidas en favor de Rusia. La jefa de la diplomacia de la UE, Catherine Ashton, visit\u00f3 hoy Kiev por tercera vez desde el estallido de\" \/>\n\t<meta name=\"robots\" content=\"max-image-preview:large\" \/>\n\t<meta name=\"author\" content=\"El Digital de Asturias\"\/>\n\t<meta name=\"google-site-verification\" content=\"UA-38556648-1\" \/>\n\t<meta name=\"msvalidate.01\" content=\"7dfe9f3f1b24437ab69f4f2559babe99\" \/>\n\t<meta name=\"keywords\" content=\"actualidad\" \/>\n\t<link rel=\"canonical\" href=\"https:\/\/www.eldigitaldeasturias.com\/noticias\/la-ue-se-ofrece-a-mediar-en-la-crisis-ucraniana\/\" \/>\n\t<meta name=\"generator\" content=\"All in One SEO Pro (AIOSEO) 5.0.1\" \/>\n\t\t<meta property=\"og:locale\" content=\"es_ES\" \/>\n\t\t<meta property=\"og:site_name\" content=\"El Digital de Asturias\" \/>\n\t\t<meta property=\"og:type\" content=\"article\" \/>\n\t\t<meta property=\"og:title\" content=\"La UE se ofrece a mediar en la crisis ucraniana - El Digital de Asturias\" \/>\n\t\t<meta property=\"og:description\" content=\"Kiev, 5 feb (EFE).- La Uni\u00f3n Europea se ofreci\u00f3 hoy a mediar en la crisis pol\u00edtica en Ucrania, renunciando al lenguaje de sanciones en un intento de recuperar las posiciones perdidas en favor de Rusia. La jefa de la diplomacia de la UE, Catherine Ashton, visit\u00f3 hoy Kiev por tercera vez desde el estallido de\" \/>\n\t\t<meta property=\"og:url\" content=\"https:\/\/www.eldigitaldeasturias.com\/noticias\/la-ue-se-ofrece-a-mediar-en-la-crisis-ucraniana\/\" \/>\n\t\t<meta property=\"article:tag\" content=\"actualidad\" \/>\n\t\t<meta property=\"article:published_time\" content=\"2014-02-06T02:23:52+00:00\" \/>\n\t\t<meta property=\"article:modified_time\" content=\"2014-02-06T02:23:52+00:00\" \/>\n\t\t<meta property=\"article:publisher\" content=\"https:\/\/facebook.com\/eldigitaldeasturias\" \/>\n\t\t<meta name=\"twitter:card\" content=\"summary_large_image\" \/>\n\t\t<meta name=\"twitter:title\" content=\"La UE se ofrece a mediar en la crisis ucraniana - El Digital de Asturias\" \/>\n\t\t<meta name=\"twitter:description\" content=\"Kiev, 5 feb (EFE).- La Uni\u00f3n Europea se ofreci\u00f3 hoy a mediar en la crisis pol\u00edtica en Ucrania, renunciando al lenguaje de sanciones en un intento de recuperar las posiciones perdidas en favor de Rusia. La jefa de la diplomacia de la UE, Catherine Ashton, visit\u00f3 hoy Kiev por tercera vez desde el estallido de\" \/>\n\t\t<meta name=\"twitter:label1\" content=\"Escrito por\" \/>\n\t\t<meta name=\"twitter:data1\" content=\"El Digital de Asturias\" \/>\n\t\t<meta name=\"twitter:label2\" content=\"Tiempo de lectura estimado\" \/>\n\t\t<meta name=\"twitter:data2\" content=\"4 minutos\" \/>\n\t\t<script type=\"application\/ld+json\" class=\"aioseo-schema\">\n\t\t\t{\"@context\":\"https:\\\/\\\/schema.org\",\"@graph\":[{\"@type\":\"BlogPosting\",\"@id\":\"https:\\\/\\\/www.eldigitaldeasturias.com\\\/noticias\\\/la-ue-se-ofrece-a-mediar-en-la-crisis-ucraniana\\\/#blogposting\",\"name\":\"La UE se ofrece a mediar en la crisis ucraniana - El Digital de Asturias\",\"headline\":\"La UE se ofrece a mediar en la crisis ucraniana\",\"author\":{\"@id\":\"https:\\\/\\\/www.eldigitaldeasturias.com\\\/noticias\\\/author\\\/admin\\\/#author\"},\"publisher\":{\"@id\":\"https:\\\/\\\/www.eldigitaldeasturias.com\\\/noticias\\\/#organization\"},\"image\":{\"@type\":\"ImageObject\",\"url\":484579},\"datePublished\":\"2014-02-06T01:23:52+01:00\",\"dateModified\":\"2014-02-06T01:23:52+01:00\",\"inLanguage\":\"es-ES\",\"mainEntityOfPage\":{\"@id\":\"https:\\\/\\\/www.eldigitaldeasturias.com\\\/noticias\\\/la-ue-se-ofrece-a-mediar-en-la-crisis-ucraniana\\\/#webpage\"},\"isPartOf\":{\"@id\":\"https:\\\/\\\/www.eldigitaldeasturias.com\\\/noticias\\\/la-ue-se-ofrece-a-mediar-en-la-crisis-ucraniana\\\/#webpage\"},\"articleSection\":\"Actualidad\"},{\"@type\":\"BreadcrumbList\",\"@id\":\"https:\\\/\\\/www.eldigitaldeasturias.com\\\/noticias\\\/la-ue-se-ofrece-a-mediar-en-la-crisis-ucraniana\\\/#breadcrumblist\",\"itemListElement\":[{\"@type\":\"ListItem\",\"@id\":\"https:\\\/\\\/www.eldigitaldeasturias.com\\\/noticias#listItem\",\"position\":1,\"name\":\"Home\",\"item\":\"https:\\\/\\\/www.eldigitaldeasturias.com\\\/noticias\",\"nextItem\":{\"@type\":\"ListItem\",\"@id\":\"https:\\\/\\\/www.eldigitaldeasturias.com\\\/noticias\\\/category\\\/actualidad\\\/#listItem\",\"name\":\"Actualidad\"}},{\"@type\":\"ListItem\",\"@id\":\"https:\\\/\\\/www.eldigitaldeasturias.com\\\/noticias\\\/category\\\/actualidad\\\/#listItem\",\"position\":2,\"name\":\"Actualidad\",\"item\":\"https:\\\/\\\/www.eldigitaldeasturias.com\\\/noticias\\\/category\\\/actualidad\\\/\",\"nextItem\":{\"@type\":\"ListItem\",\"@id\":\"https:\\\/\\\/www.eldigitaldeasturias.com\\\/noticias\\\/la-ue-se-ofrece-a-mediar-en-la-crisis-ucraniana\\\/#listItem\",\"name\":\"La UE se ofrece a mediar en la crisis ucraniana\"},\"previousItem\":{\"@type\":\"ListItem\",\"@id\":\"https:\\\/\\\/www.eldigitaldeasturias.com\\\/noticias#listItem\",\"name\":\"Home\"}},{\"@type\":\"ListItem\",\"@id\":\"https:\\\/\\\/www.eldigitaldeasturias.com\\\/noticias\\\/la-ue-se-ofrece-a-mediar-en-la-crisis-ucraniana\\\/#listItem\",\"position\":3,\"name\":\"La UE se ofrece a mediar en la crisis ucraniana\",\"previousItem\":{\"@type\":\"ListItem\",\"@id\":\"https:\\\/\\\/www.eldigitaldeasturias.com\\\/noticias\\\/category\\\/actualidad\\\/#listItem\",\"name\":\"Actualidad\"}}]},{\"@type\":\"Organization\",\"@id\":\"https:\\\/\\\/www.eldigitaldeasturias.com\\\/noticias\\\/#organization\",\"name\":\"El Digital de Asturias\",\"description\":\"Hemeroteca\",\"url\":\"https:\\\/\\\/www.eldigitaldeasturias.com\\\/noticias\\\/\",\"email\":\"info@eldigitaldeasturias.com\",\"telephone\":\"+34652131393\",\"logo\":{\"@type\":\"ImageObject\",\"url\":\"https:\\\/\\\/www.eldigitaldeasturias.com\\\/noticias\\\/wp-content\\\/uploads\\\/2020\\\/12\\\/EDA.jpg\",\"@id\":\"https:\\\/\\\/www.eldigitaldeasturias.com\\\/noticias\\\/la-ue-se-ofrece-a-mediar-en-la-crisis-ucraniana\\\/#organizationLogo\"},\"image\":{\"@id\":\"https:\\\/\\\/www.eldigitaldeasturias.com\\\/noticias\\\/la-ue-se-ofrece-a-mediar-en-la-crisis-ucraniana\\\/#organizationLogo\"},\"sameAs\":[\"https:\\\/\\\/facebook.com\\\/eldigitaldeasturias\",\"https:\\\/\\\/www.youtube.com\\\/channel\\\/UCZP-2wLEB9Rv6erhFmqVnvg\"],\"address\":{\"@id\":\"https:\\\/\\\/www.eldigitaldeasturias.com\\\/noticias\\\/#postaladdress\",\"@type\":\"PostalAddress\",\"streetAddress\":\"san antonio 4\",\"postalCode\":\"33430\",\"addressLocality\":\"Cand\\u00e1s\",\"addressRegion\":\"Asturias\",\"addressCountry\":\"ES\"}},{\"@type\":\"Person\",\"@id\":\"https:\\\/\\\/www.eldigitaldeasturias.com\\\/noticias\\\/author\\\/admin\\\/#author\",\"url\":\"https:\\\/\\\/www.eldigitaldeasturias.com\\\/noticias\\\/author\\\/admin\\\/\",\"name\":\"El Digital de Asturias\",\"image\":{\"@type\":\"ImageObject\",\"@id\":\"https:\\\/\\\/www.eldigitaldeasturias.com\\\/noticias\\\/la-ue-se-ofrece-a-mediar-en-la-crisis-ucraniana\\\/#authorImage\",\"url\":\"https:\\\/\\\/secure.gravatar.com\\\/avatar\\\/df2aeffc32bcd13f8d26072ef8a91b623d677766deac7f97ca815868cd41bf5e?s=96&d=mm&r=g\",\"width\":96,\"height\":96,\"caption\":\"El Digital de Asturias\"}},{\"@type\":\"WebPage\",\"@id\":\"https:\\\/\\\/www.eldigitaldeasturias.com\\\/noticias\\\/la-ue-se-ofrece-a-mediar-en-la-crisis-ucraniana\\\/#webpage\",\"url\":\"https:\\\/\\\/www.eldigitaldeasturias.com\\\/noticias\\\/la-ue-se-ofrece-a-mediar-en-la-crisis-ucraniana\\\/\",\"name\":\"La UE se ofrece a mediar en la crisis ucraniana - El Digital de Asturias\",\"description\":\"Kiev, 5 feb (EFE).- La Uni\\u00f3n Europea se ofreci\\u00f3 hoy a mediar en la crisis pol\\u00edtica en Ucrania, renunciando al lenguaje de sanciones en un intento de recuperar las posiciones perdidas en favor de Rusia. La jefa de la diplomacia de la UE, Catherine Ashton, visit\\u00f3 hoy Kiev por tercera vez desde el estallido de\",\"inLanguage\":\"es-ES\",\"isPartOf\":{\"@id\":\"https:\\\/\\\/www.eldigitaldeasturias.com\\\/noticias\\\/#website\"},\"breadcrumb\":{\"@id\":\"https:\\\/\\\/www.eldigitaldeasturias.com\\\/noticias\\\/la-ue-se-ofrece-a-mediar-en-la-crisis-ucraniana\\\/#breadcrumblist\"},\"author\":{\"@id\":\"https:\\\/\\\/www.eldigitaldeasturias.com\\\/noticias\\\/author\\\/admin\\\/#author\"},\"creator\":{\"@id\":\"https:\\\/\\\/www.eldigitaldeasturias.com\\\/noticias\\\/author\\\/admin\\\/#author\"},\"image\":{\"@type\":\"ImageObject\",\"url\":484579,\"@id\":\"https:\\\/\\\/www.eldigitaldeasturias.com\\\/noticias\\\/la-ue-se-ofrece-a-mediar-en-la-crisis-ucraniana\\\/#mainImage\"},\"primaryImageOfPage\":{\"@id\":\"https:\\\/\\\/www.eldigitaldeasturias.com\\\/noticias\\\/la-ue-se-ofrece-a-mediar-en-la-crisis-ucraniana\\\/#mainImage\"},\"datePublished\":\"2014-02-06T01:23:52+01:00\",\"dateModified\":\"2014-02-06T01:23:52+01:00\"},{\"@type\":\"WebSite\",\"@id\":\"https:\\\/\\\/www.eldigitaldeasturias.com\\\/noticias\\\/#website\",\"url\":\"https:\\\/\\\/www.eldigitaldeasturias.com\\\/noticias\\\/\",\"name\":\"El Digital de Asturias - Diario de actualidad y noticias\",\"alternateName\":\"El Digital de Asturias - Diario de actualidad y noticias\",\"description\":\"Hemeroteca\",\"inLanguage\":\"es-ES\",\"publisher\":{\"@id\":\"https:\\\/\\\/www.eldigitaldeasturias.com\\\/noticias\\\/#organization\"}}]}\n\t\t<\/script>\n\t\t<!-- All in One SEO Pro -->\r\n\t\t<title>La UE se ofrece a mediar en la crisis ucraniana - El Digital de Asturias<\/title>\n\n","aioseo_head_json":{"title":"La UE se ofrece a mediar en la crisis ucraniana - El Digital de Asturias","description":"Kiev, 5 feb (EFE).- La Uni\u00f3n Europea se ofreci\u00f3 hoy a mediar en la crisis pol\u00edtica en Ucrania, renunciando al lenguaje de sanciones en un intento de recuperar las posiciones perdidas en favor de Rusia. La jefa de la diplomacia de la UE, Catherine Ashton, visit\u00f3 hoy Kiev por tercera vez desde el estallido de","canonical_url":"https:\/\/www.eldigitaldeasturias.com\/noticias\/la-ue-se-ofrece-a-mediar-en-la-crisis-ucraniana\/","robots":"max-image-preview:large","keywords":"actualidad","webmasterTools":{"google-site-verification":"UA-38556648-1","msvalidate.01":"7dfe9f3f1b24437ab69f4f2559babe99","miscellaneous":""},"schema":{"@context":"https:\/\/schema.org","@graph":[{"@type":"BlogPosting","@id":"https:\/\/www.eldigitaldeasturias.com\/noticias\/la-ue-se-ofrece-a-mediar-en-la-crisis-ucraniana\/#blogposting","name":"La UE se ofrece a mediar en la crisis ucraniana - El Digital de Asturias","headline":"La UE se ofrece a mediar en la crisis ucraniana","author":{"@id":"https:\/\/www.eldigitaldeasturias.com\/noticias\/author\/admin\/#author"},"publisher":{"@id":"https:\/\/www.eldigitaldeasturias.com\/noticias\/#organization"},"image":{"@type":"ImageObject","url":484579},"datePublished":"2014-02-06T01:23:52+01:00","dateModified":"2014-02-06T01:23:52+01:00","inLanguage":"es-ES","mainEntityOfPage":{"@id":"https:\/\/www.eldigitaldeasturias.com\/noticias\/la-ue-se-ofrece-a-mediar-en-la-crisis-ucraniana\/#webpage"},"isPartOf":{"@id":"https:\/\/www.eldigitaldeasturias.com\/noticias\/la-ue-se-ofrece-a-mediar-en-la-crisis-ucraniana\/#webpage"},"articleSection":"Actualidad"},{"@type":"BreadcrumbList","@id":"https:\/\/www.eldigitaldeasturias.com\/noticias\/la-ue-se-ofrece-a-mediar-en-la-crisis-ucraniana\/#breadcrumblist","itemListElement":[{"@type":"ListItem","@id":"https:\/\/www.eldigitaldeasturias.com\/noticias#listItem","position":1,"name":"Home","item":"https:\/\/www.eldigitaldeasturias.com\/noticias","nextItem":{"@type":"ListItem","@id":"https:\/\/www.eldigitaldeasturias.com\/noticias\/category\/actualidad\/#listItem","name":"Actualidad"}},{"@type":"ListItem","@id":"https:\/\/www.eldigitaldeasturias.com\/noticias\/category\/actualidad\/#listItem","position":2,"name":"Actualidad","item":"https:\/\/www.eldigitaldeasturias.com\/noticias\/category\/actualidad\/","nextItem":{"@type":"ListItem","@id":"https:\/\/www.eldigitaldeasturias.com\/noticias\/la-ue-se-ofrece-a-mediar-en-la-crisis-ucraniana\/#listItem","name":"La UE se ofrece a mediar en la crisis ucraniana"},"previousItem":{"@type":"ListItem","@id":"https:\/\/www.eldigitaldeasturias.com\/noticias#listItem","name":"Home"}},{"@type":"ListItem","@id":"https:\/\/www.eldigitaldeasturias.com\/noticias\/la-ue-se-ofrece-a-mediar-en-la-crisis-ucraniana\/#listItem","position":3,"name":"La UE se ofrece a mediar en la crisis ucraniana","previousItem":{"@type":"ListItem","@id":"https:\/\/www.eldigitaldeasturias.com\/noticias\/category\/actualidad\/#listItem","name":"Actualidad"}}]},{"@type":"Organization","@id":"https:\/\/www.eldigitaldeasturias.com\/noticias\/#organization","name":"El Digital de Asturias","description":"Hemeroteca","url":"https:\/\/www.eldigitaldeasturias.com\/noticias\/","email":"info@eldigitaldeasturias.com","telephone":"+34652131393","logo":{"@type":"ImageObject","url":"https:\/\/www.eldigitaldeasturias.com\/noticias\/wp-content\/uploads\/2020\/12\/EDA.jpg","@id":"https:\/\/www.eldigitaldeasturias.com\/noticias\/la-ue-se-ofrece-a-mediar-en-la-crisis-ucraniana\/#organizationLogo"},"image":{"@id":"https:\/\/www.eldigitaldeasturias.com\/noticias\/la-ue-se-ofrece-a-mediar-en-la-crisis-ucraniana\/#organizationLogo"},"sameAs":["https:\/\/facebook.com\/eldigitaldeasturias","https:\/\/www.youtube.com\/channel\/UCZP-2wLEB9Rv6erhFmqVnvg"],"address":{"@id":"https:\/\/www.eldigitaldeasturias.com\/noticias\/#postaladdress","@type":"PostalAddress","streetAddress":"san antonio 4","postalCode":"33430","addressLocality":"Cand\u00e1s","addressRegion":"Asturias","addressCountry":"ES"}},{"@type":"Person","@id":"https:\/\/www.eldigitaldeasturias.com\/noticias\/author\/admin\/#author","url":"https:\/\/www.eldigitaldeasturias.com\/noticias\/author\/admin\/","name":"El Digital de Asturias","image":{"@type":"ImageObject","@id":"https:\/\/www.eldigitaldeasturias.com\/noticias\/la-ue-se-ofrece-a-mediar-en-la-crisis-ucraniana\/#authorImage","url":"https:\/\/secure.gravatar.com\/avatar\/df2aeffc32bcd13f8d26072ef8a91b623d677766deac7f97ca815868cd41bf5e?s=96&d=mm&r=g","width":96,"height":96,"caption":"El Digital de Asturias"}},{"@type":"WebPage","@id":"https:\/\/www.eldigitaldeasturias.com\/noticias\/la-ue-se-ofrece-a-mediar-en-la-crisis-ucraniana\/#webpage","url":"https:\/\/www.eldigitaldeasturias.com\/noticias\/la-ue-se-ofrece-a-mediar-en-la-crisis-ucraniana\/","name":"La UE se ofrece a mediar en la crisis ucraniana - El Digital de Asturias","description":"Kiev, 5 feb (EFE).- La Uni\u00f3n Europea se ofreci\u00f3 hoy a mediar en la crisis pol\u00edtica en Ucrania, renunciando al lenguaje de sanciones en un intento de recuperar las posiciones perdidas en favor de Rusia. La jefa de la diplomacia de la UE, Catherine Ashton, visit\u00f3 hoy Kiev por tercera vez desde el estallido de","inLanguage":"es-ES","isPartOf":{"@id":"https:\/\/www.eldigitaldeasturias.com\/noticias\/#website"},"breadcrumb":{"@id":"https:\/\/www.eldigitaldeasturias.com\/noticias\/la-ue-se-ofrece-a-mediar-en-la-crisis-ucraniana\/#breadcrumblist"},"author":{"@id":"https:\/\/www.eldigitaldeasturias.com\/noticias\/author\/admin\/#author"},"creator":{"@id":"https:\/\/www.eldigitaldeasturias.com\/noticias\/author\/admin\/#author"},"image":{"@type":"ImageObject","url":484579,"@id":"https:\/\/www.eldigitaldeasturias.com\/noticias\/la-ue-se-ofrece-a-mediar-en-la-crisis-ucraniana\/#mainImage"},"primaryImageOfPage":{"@id":"https:\/\/www.eldigitaldeasturias.com\/noticias\/la-ue-se-ofrece-a-mediar-en-la-crisis-ucraniana\/#mainImage"},"datePublished":"2014-02-06T01:23:52+01:00","dateModified":"2014-02-06T01:23:52+01:00"},{"@type":"WebSite","@id":"https:\/\/www.eldigitaldeasturias.com\/noticias\/#website","url":"https:\/\/www.eldigitaldeasturias.com\/noticias\/","name":"El Digital de Asturias - Diario de actualidad y noticias","alternateName":"El Digital de Asturias - Diario de actualidad y noticias","description":"Hemeroteca","inLanguage":"es-ES","publisher":{"@id":"https:\/\/www.eldigitaldeasturias.com\/noticias\/#organization"}}]},"og:locale":"es_ES","og:site_name":"El Digital de Asturias","og:type":"article","og:title":"La UE se ofrece a mediar en la crisis ucraniana - El Digital de Asturias","og:description":"Kiev, 5 feb (EFE).- La Uni\u00f3n Europea se ofreci\u00f3 hoy a mediar en la crisis pol\u00edtica en Ucrania, renunciando al lenguaje de sanciones en un intento de recuperar las posiciones perdidas en favor de Rusia. La jefa de la diplomacia de la UE, Catherine Ashton, visit\u00f3 hoy Kiev por tercera vez desde el estallido de","og:url":"https:\/\/www.eldigitaldeasturias.com\/noticias\/la-ue-se-ofrece-a-mediar-en-la-crisis-ucraniana\/","article:tag":["actualidad"],"article:published_time":"2014-02-06T02:23:52+00:00","article:modified_time":"2014-02-06T02:23:52+00:00","article:publisher":"https:\/\/facebook.com\/eldigitaldeasturias","twitter:card":"summary_large_image","twitter:title":"La UE se ofrece a mediar en la crisis ucraniana - El Digital de Asturias","twitter:description":"Kiev, 5 feb (EFE).- La Uni\u00f3n Europea se ofreci\u00f3 hoy a mediar en la crisis pol\u00edtica en Ucrania, renunciando al lenguaje de sanciones en un intento de recuperar las posiciones perdidas en favor de Rusia. La jefa de la diplomacia de la UE, Catherine Ashton, visit\u00f3 hoy Kiev por tercera vez desde el estallido de","twitter:label1":"Escrito por","twitter:data1":"El Digital de Asturias","twitter:label2":"Tiempo de lectura estimado","twitter:data2":"4 minutos"},"aioseo_meta_data":{"post_id":"484578","title":null,"description":null,"keywords":null,"keyphrases":null,"primary_term":null,"canonical_url":null,"og_title":null,"og_description":null,"og_object_type":"default","og_image_type":"default","og_image_url":null,"og_image_width":null,"og_image_height":null,"og_image_custom_url":null,"og_image_custom_fields":null,"og_video":null,"og_custom_url":null,"og_article_section":null,"og_article_tags":null,"twitter_use_og":true,"twitter_card":"default","twitter_image_type":"default","twitter_image_url":null,"twitter_image_custom_url":null,"twitter_image_custom_fields":null,"twitter_title":null,"twitter_description":null,"schema":{"blockGraphs":[],"customGraphs":[],"default":{"data":{"Article":[],"Course":[],"Dataset":[],"FAQPage":[],"Movie":[],"Person":[],"Product":[],"ProductReview":[],"Car":[],"Recipe":[],"Service":[],"SoftwareApplication":[],"WebPage":[]},"graphName":"","isEnabled":true},"graphs":[],"defaultGraph":"","defaultPostTypeGraph":""},"schema_type":null,"schema_type_options":null,"pillar_content":false,"robots_default":true,"robots_noindex":false,"robots_noarchive":false,"robots_nosnippet":false,"robots_nofollow":false,"robots_noimageindex":false,"robots_noodp":false,"robots_notranslate":false,"robots_max_snippet":null,"robots_max_videopreview":null,"robots_max_imagepreview":"none","priority":null,"frequency":null,"local_seo":null,"seo_analyzer_scan_date":"2026-06-02 16:14:24","breadcrumb_settings":null,"limit_modified_date":false,"open_ai":null,"ai":null,"created":"2020-11-14 22:55:05","updated":"2026-06-02 16:14:24","focus_keyword":null,"additional_keywords":null,"truseo_locale":null},"aioseo_breadcrumb":"<div class=\"aioseo-breadcrumbs\"><span class=\"aioseo-breadcrumb\">\n\t<a href=\"https:\/\/www.eldigitaldeasturias.com\/noticias\" title=\"Home\">Home<\/a>\n<\/span><span class=\"aioseo-breadcrumb-separator\">\u2013<\/span><span class=\"aioseo-breadcrumb\">\n\t<a href=\"https:\/\/www.eldigitaldeasturias.com\/noticias\/category\/actualidad\/\" title=\"Actualidad\">Actualidad<\/a>\n<\/span><span class=\"aioseo-breadcrumb-separator\">\u2013<\/span><span class=\"aioseo-breadcrumb\">\n\t<a href=\"https:\/\/www.eldigitaldeasturias.com\/noticias\/la-ue-se-ofrece-a-mediar-en-la-crisis-ucraniana\/\" title=\"La UE se ofrece a mediar en la crisis ucraniana\">La UE se ofrece a mediar en la crisis ucraniana<\/a>\n<\/span><\/div>","aioseo_breadcrumb_json":[{"label":"Home","link":"https:\/\/www.eldigitaldeasturias.com\/noticias"},{"label":"Actualidad","link":"https:\/\/www.eldigitaldeasturias.com\/noticias\/category\/actualidad\/"},{"label":"La UE se ofrece a mediar en la crisis ucraniana","link":"https:\/\/www.eldigitaldeasturias.com\/noticias\/la-ue-se-ofrece-a-mediar-en-la-crisis-ucraniana\/"}],"_links":{"self":[{"href":"https:\/\/www.eldigitaldeasturias.com\/noticias\/wp-json\/wp\/v2\/posts\/484578","targetHints":{"allow":["GET"]}}],"collection":[{"href":"https:\/\/www.eldigitaldeasturias.com\/noticias\/wp-json\/wp\/v2\/posts"}],"about":[{"href":"https:\/\/www.eldigitaldeasturias.com\/noticias\/wp-json\/wp\/v2\/types\/post"}],"author":[{"embeddable":true,"href":"https:\/\/www.eldigitaldeasturias.com\/noticias\/wp-json\/wp\/v2\/users\/1"}],"replies":[{"embeddable":true,"href":"https:\/\/www.eldigitaldeasturias.com\/noticias\/wp-json\/wp\/v2\/comments?post=484578"}],"version-history":[{"count":0,"href":"https:\/\/www.eldigitaldeasturias.com\/noticias\/wp-json\/wp\/v2\/posts\/484578\/revisions"}],"wp:attachment":[{"href":"https:\/\/www.eldigitaldeasturias.com\/noticias\/wp-json\/wp\/v2\/media?parent=484578"}],"wp:term":[{"taxonomy":"category","embeddable":true,"href":"https:\/\/www.eldigitaldeasturias.com\/noticias\/wp-json\/wp\/v2\/categories?post=484578"},{"taxonomy":"post_tag","embeddable":true,"href":"https:\/\/www.eldigitaldeasturias.com\/noticias\/wp-json\/wp\/v2\/tags?post=484578"}],"curies":[{"name":"wp","href":"https:\/\/api.w.org\/{rel}","templated":true}]}}