{"id":484575,"date":"2014-02-06T01:22:49","date_gmt":"2014-02-06T02:22:49","guid":{"rendered":"http:\/\/www.eldigitaldeasturias.com\/noticias\/?p=484575"},"modified":"2014-02-06T01:22:49","modified_gmt":"2014-02-06T02:22:49","slug":"el-atletico-traspasa-al-portero-roberto-jimenez-al-olympiacos","status":"publish","type":"post","link":"https:\/\/www.eldigitaldeasturias.com\/noticias\/el-atletico-traspasa-al-portero-roberto-jimenez-al-olympiacos\/","title":{"rendered":"El Atl\u00e9tico traspasa al portero Roberto Jim\u00e9nez al Olympiacos"},"content":{"rendered":"<p><img loading=\"lazy\" decoding=\"async\" class=\"alignleft size-medium wp-image-484576\" alt=\"5914041w\" src=\"https:\/\/www.eldigitaldeasturias.com\/noticias\/wp-content\/uploads\/2014\/02\/5914041w-360x239.jpg\" width=\"360\" height=\"239\" \/>Madrid, 5 feb (EFE).- El Atl\u00e9tico de Madrid ha acordado el traspaso del portero Roberto Jim\u00e9nez al Olympiacos, en el que estaba cedido esta temporada por el conjunto rojiblanco y cuyos derechos deportivos pertenecer\u00e1n a partir del pr\u00f3ximo 1 de julio al club griego, con el que ha firmado por los cuatro pr\u00f3ximos a\u00f1os.<\/p>\n<p>Ambas entidades anunciaron el acuerdo en sendos comunicados en sus p\u00e1ginas web oficiales, con lo que el guardameta continuar\u00e1 la pr\u00f3xima temporada en el conjunto heleno, al que lleg\u00f3 para esta campa\u00f1a desde el Zaragoza, aunque sus derechos pertenec\u00edan al Atl\u00e9tico, que a su vez los recompr\u00f3 al Benfica durante el pasado verano y lo cedi\u00f3 inmediatamente despu\u00e9s al Olympiacos.<\/p>\n","protected":false},"excerpt":{"rendered":"<p>Madrid, 5 feb (EFE).- El Atl\u00e9tico de Madrid ha acordado el traspaso del portero Roberto Jim\u00e9nez al Olympiacos, en el que estaba cedido esta temporada por el conjunto rojiblanco y cuyos derechos deportivos pertenecer\u00e1n a partir del pr\u00f3ximo 1 de julio al club griego, con el que ha firmado por los cuatro pr\u00f3ximos a\u00f1os. Ambas [&hellip;]<\/p>\n","protected":false},"author":1,"featured_media":484576,"comment_status":"closed","ping_status":"open","sticky":false,"template":"","format":"standard","meta":{"footnotes":""},"categories":[1],"tags":[],"class_list":["post-484575","post","type-post","status-publish","format-standard","has-post-thumbnail","hentry","category-actualidad"],"aioseo_notices":[],"aioseo_head":"\n\t\t<!-- All in One SEO Pro 5.0.1 - aioseo.com -->\n\t<meta name=\"description\" content=\"Madrid, 5 feb (EFE).- El Atl\u00e9tico de Madrid ha acordado el traspaso del portero Roberto Jim\u00e9nez al Olympiacos, en el que estaba cedido esta temporada por el conjunto rojiblanco y cuyos derechos deportivos pertenecer\u00e1n a partir del pr\u00f3ximo 1 de julio al club griego, con el que ha firmado por los cuatro pr\u00f3ximos a\u00f1os. Ambas\" \/>\n\t<meta name=\"robots\" content=\"max-image-preview:large\" \/>\n\t<meta name=\"author\" content=\"El Digital de Asturias\"\/>\n\t<meta name=\"google-site-verification\" content=\"UA-38556648-1\" \/>\n\t<meta name=\"msvalidate.01\" content=\"7dfe9f3f1b24437ab69f4f2559babe99\" \/>\n\t<meta name=\"keywords\" content=\"actualidad\" \/>\n\t<link rel=\"canonical\" href=\"https:\/\/www.eldigitaldeasturias.com\/noticias\/el-atletico-traspasa-al-portero-roberto-jimenez-al-olympiacos\/\" \/>\n\t<meta name=\"generator\" content=\"All in One SEO Pro (AIOSEO) 5.0.1\" \/>\n\t\t<meta property=\"og:locale\" content=\"es_ES\" \/>\n\t\t<meta property=\"og:site_name\" content=\"El Digital de Asturias\" \/>\n\t\t<meta property=\"og:type\" content=\"article\" \/>\n\t\t<meta property=\"og:title\" content=\"El Atl\u00e9tico traspasa al portero Roberto Jim\u00e9nez al Olympiacos - El Digital de Asturias\" \/>\n\t\t<meta property=\"og:description\" content=\"Madrid, 5 feb (EFE).- El Atl\u00e9tico de Madrid ha acordado el traspaso del portero Roberto Jim\u00e9nez al Olympiacos, en el que estaba cedido esta temporada por el conjunto rojiblanco y cuyos derechos deportivos pertenecer\u00e1n a partir del pr\u00f3ximo 1 de julio al club griego, con el que ha firmado por los cuatro pr\u00f3ximos a\u00f1os. Ambas\" \/>\n\t\t<meta property=\"og:url\" content=\"https:\/\/www.eldigitaldeasturias.com\/noticias\/el-atletico-traspasa-al-portero-roberto-jimenez-al-olympiacos\/\" \/>\n\t\t<meta property=\"article:tag\" content=\"actualidad\" \/>\n\t\t<meta property=\"article:published_time\" content=\"2014-02-06T02:22:49+00:00\" \/>\n\t\t<meta property=\"article:modified_time\" content=\"2014-02-06T02:22:49+00:00\" \/>\n\t\t<meta property=\"article:publisher\" content=\"https:\/\/facebook.com\/eldigitaldeasturias\" \/>\n\t\t<meta name=\"twitter:card\" content=\"summary_large_image\" \/>\n\t\t<meta name=\"twitter:title\" content=\"El Atl\u00e9tico traspasa al portero Roberto Jim\u00e9nez al Olympiacos - El Digital de Asturias\" \/>\n\t\t<meta name=\"twitter:description\" content=\"Madrid, 5 feb (EFE).- El Atl\u00e9tico de Madrid ha acordado el traspaso del portero Roberto Jim\u00e9nez al Olympiacos, en el que estaba cedido esta temporada por el conjunto rojiblanco y cuyos derechos deportivos pertenecer\u00e1n a partir del pr\u00f3ximo 1 de julio al club griego, con el que ha firmado por los cuatro pr\u00f3ximos a\u00f1os. Ambas\" \/>\n\t\t<meta name=\"twitter:label1\" content=\"Escrito por\" \/>\n\t\t<meta name=\"twitter:data1\" content=\"El Digital de Asturias\" \/>\n\t\t<meta name=\"twitter:label2\" content=\"Tiempo de lectura estimado\" \/>\n\t\t<meta name=\"twitter:data2\" content=\"1 minuto\" \/>\n\t\t<script type=\"application\/ld+json\" class=\"aioseo-schema\">\n\t\t\t{\"@context\":\"https:\\\/\\\/schema.org\",\"@graph\":[{\"@type\":\"BlogPosting\",\"@id\":\"https:\\\/\\\/www.eldigitaldeasturias.com\\\/noticias\\\/el-atletico-traspasa-al-portero-roberto-jimenez-al-olympiacos\\\/#blogposting\",\"name\":\"El Atl\\u00e9tico traspasa al portero Roberto Jim\\u00e9nez al Olympiacos - El Digital de Asturias\",\"headline\":\"El Atl\\u00e9tico traspasa al portero Roberto Jim\\u00e9nez al Olympiacos\",\"author\":{\"@id\":\"https:\\\/\\\/www.eldigitaldeasturias.com\\\/noticias\\\/author\\\/admin\\\/#author\"},\"publisher\":{\"@id\":\"https:\\\/\\\/www.eldigitaldeasturias.com\\\/noticias\\\/#organization\"},\"image\":{\"@type\":\"ImageObject\",\"url\":484576},\"datePublished\":\"2014-02-06T01:22:49+01:00\",\"dateModified\":\"2014-02-06T01:22:49+01:00\",\"inLanguage\":\"es-ES\",\"mainEntityOfPage\":{\"@id\":\"https:\\\/\\\/www.eldigitaldeasturias.com\\\/noticias\\\/el-atletico-traspasa-al-portero-roberto-jimenez-al-olympiacos\\\/#webpage\"},\"isPartOf\":{\"@id\":\"https:\\\/\\\/www.eldigitaldeasturias.com\\\/noticias\\\/el-atletico-traspasa-al-portero-roberto-jimenez-al-olympiacos\\\/#webpage\"},\"articleSection\":\"Actualidad\"},{\"@type\":\"BreadcrumbList\",\"@id\":\"https:\\\/\\\/www.eldigitaldeasturias.com\\\/noticias\\\/el-atletico-traspasa-al-portero-roberto-jimenez-al-olympiacos\\\/#breadcrumblist\",\"itemListElement\":[{\"@type\":\"ListItem\",\"@id\":\"https:\\\/\\\/www.eldigitaldeasturias.com\\\/noticias#listItem\",\"position\":1,\"name\":\"Home\",\"item\":\"https:\\\/\\\/www.eldigitaldeasturias.com\\\/noticias\",\"nextItem\":{\"@type\":\"ListItem\",\"@id\":\"https:\\\/\\\/www.eldigitaldeasturias.com\\\/noticias\\\/category\\\/actualidad\\\/#listItem\",\"name\":\"Actualidad\"}},{\"@type\":\"ListItem\",\"@id\":\"https:\\\/\\\/www.eldigitaldeasturias.com\\\/noticias\\\/category\\\/actualidad\\\/#listItem\",\"position\":2,\"name\":\"Actualidad\",\"item\":\"https:\\\/\\\/www.eldigitaldeasturias.com\\\/noticias\\\/category\\\/actualidad\\\/\",\"nextItem\":{\"@type\":\"ListItem\",\"@id\":\"https:\\\/\\\/www.eldigitaldeasturias.com\\\/noticias\\\/el-atletico-traspasa-al-portero-roberto-jimenez-al-olympiacos\\\/#listItem\",\"name\":\"El Atl\\u00e9tico traspasa al portero Roberto Jim\\u00e9nez al Olympiacos\"},\"previousItem\":{\"@type\":\"ListItem\",\"@id\":\"https:\\\/\\\/www.eldigitaldeasturias.com\\\/noticias#listItem\",\"name\":\"Home\"}},{\"@type\":\"ListItem\",\"@id\":\"https:\\\/\\\/www.eldigitaldeasturias.com\\\/noticias\\\/el-atletico-traspasa-al-portero-roberto-jimenez-al-olympiacos\\\/#listItem\",\"position\":3,\"name\":\"El Atl\\u00e9tico traspasa al portero Roberto Jim\\u00e9nez al Olympiacos\",\"previousItem\":{\"@type\":\"ListItem\",\"@id\":\"https:\\\/\\\/www.eldigitaldeasturias.com\\\/noticias\\\/category\\\/actualidad\\\/#listItem\",\"name\":\"Actualidad\"}}]},{\"@type\":\"Organization\",\"@id\":\"https:\\\/\\\/www.eldigitaldeasturias.com\\\/noticias\\\/#organization\",\"name\":\"El Digital de Asturias\",\"description\":\"Hemeroteca\",\"url\":\"https:\\\/\\\/www.eldigitaldeasturias.com\\\/noticias\\\/\",\"email\":\"info@eldigitaldeasturias.com\",\"telephone\":\"+34652131393\",\"logo\":{\"@type\":\"ImageObject\",\"url\":\"https:\\\/\\\/www.eldigitaldeasturias.com\\\/noticias\\\/wp-content\\\/uploads\\\/2020\\\/12\\\/EDA.jpg\",\"@id\":\"https:\\\/\\\/www.eldigitaldeasturias.com\\\/noticias\\\/el-atletico-traspasa-al-portero-roberto-jimenez-al-olympiacos\\\/#organizationLogo\"},\"image\":{\"@id\":\"https:\\\/\\\/www.eldigitaldeasturias.com\\\/noticias\\\/el-atletico-traspasa-al-portero-roberto-jimenez-al-olympiacos\\\/#organizationLogo\"},\"sameAs\":[\"https:\\\/\\\/facebook.com\\\/eldigitaldeasturias\",\"https:\\\/\\\/www.youtube.com\\\/channel\\\/UCZP-2wLEB9Rv6erhFmqVnvg\"],\"address\":{\"@id\":\"https:\\\/\\\/www.eldigitaldeasturias.com\\\/noticias\\\/#postaladdress\",\"@type\":\"PostalAddress\",\"streetAddress\":\"san antonio 4\",\"postalCode\":\"33430\",\"addressLocality\":\"Cand\\u00e1s\",\"addressRegion\":\"Asturias\",\"addressCountry\":\"ES\"}},{\"@type\":\"Person\",\"@id\":\"https:\\\/\\\/www.eldigitaldeasturias.com\\\/noticias\\\/author\\\/admin\\\/#author\",\"url\":\"https:\\\/\\\/www.eldigitaldeasturias.com\\\/noticias\\\/author\\\/admin\\\/\",\"name\":\"El Digital de Asturias\",\"image\":{\"@type\":\"ImageObject\",\"@id\":\"https:\\\/\\\/www.eldigitaldeasturias.com\\\/noticias\\\/el-atletico-traspasa-al-portero-roberto-jimenez-al-olympiacos\\\/#authorImage\",\"url\":\"https:\\\/\\\/secure.gravatar.com\\\/avatar\\\/df2aeffc32bcd13f8d26072ef8a91b623d677766deac7f97ca815868cd41bf5e?s=96&d=mm&r=g\",\"width\":96,\"height\":96,\"caption\":\"El Digital de Asturias\"}},{\"@type\":\"WebPage\",\"@id\":\"https:\\\/\\\/www.eldigitaldeasturias.com\\\/noticias\\\/el-atletico-traspasa-al-portero-roberto-jimenez-al-olympiacos\\\/#webpage\",\"url\":\"https:\\\/\\\/www.eldigitaldeasturias.com\\\/noticias\\\/el-atletico-traspasa-al-portero-roberto-jimenez-al-olympiacos\\\/\",\"name\":\"El Atl\\u00e9tico traspasa al portero Roberto Jim\\u00e9nez al Olympiacos - El Digital de Asturias\",\"description\":\"Madrid, 5 feb (EFE).- El Atl\\u00e9tico de Madrid ha acordado el traspaso del portero Roberto Jim\\u00e9nez al Olympiacos, en el que estaba cedido esta temporada por el conjunto rojiblanco y cuyos derechos deportivos pertenecer\\u00e1n a partir del pr\\u00f3ximo 1 de julio al club griego, con el que ha firmado por los cuatro pr\\u00f3ximos a\\u00f1os. Ambas\",\"inLanguage\":\"es-ES\",\"isPartOf\":{\"@id\":\"https:\\\/\\\/www.eldigitaldeasturias.com\\\/noticias\\\/#website\"},\"breadcrumb\":{\"@id\":\"https:\\\/\\\/www.eldigitaldeasturias.com\\\/noticias\\\/el-atletico-traspasa-al-portero-roberto-jimenez-al-olympiacos\\\/#breadcrumblist\"},\"author\":{\"@id\":\"https:\\\/\\\/www.eldigitaldeasturias.com\\\/noticias\\\/author\\\/admin\\\/#author\"},\"creator\":{\"@id\":\"https:\\\/\\\/www.eldigitaldeasturias.com\\\/noticias\\\/author\\\/admin\\\/#author\"},\"image\":{\"@type\":\"ImageObject\",\"url\":484576,\"@id\":\"https:\\\/\\\/www.eldigitaldeasturias.com\\\/noticias\\\/el-atletico-traspasa-al-portero-roberto-jimenez-al-olympiacos\\\/#mainImage\"},\"primaryImageOfPage\":{\"@id\":\"https:\\\/\\\/www.eldigitaldeasturias.com\\\/noticias\\\/el-atletico-traspasa-al-portero-roberto-jimenez-al-olympiacos\\\/#mainImage\"},\"datePublished\":\"2014-02-06T01:22:49+01:00\",\"dateModified\":\"2014-02-06T01:22:49+01:00\"},{\"@type\":\"WebSite\",\"@id\":\"https:\\\/\\\/www.eldigitaldeasturias.com\\\/noticias\\\/#website\",\"url\":\"https:\\\/\\\/www.eldigitaldeasturias.com\\\/noticias\\\/\",\"name\":\"El Digital de Asturias - Diario de actualidad y noticias\",\"alternateName\":\"El Digital de Asturias - Diario de actualidad y noticias\",\"description\":\"Hemeroteca\",\"inLanguage\":\"es-ES\",\"publisher\":{\"@id\":\"https:\\\/\\\/www.eldigitaldeasturias.com\\\/noticias\\\/#organization\"}}]}\n\t\t<\/script>\n\t\t<!-- All in One SEO Pro -->\r\n\t\t<title>El Atl\u00e9tico traspasa al portero Roberto Jim\u00e9nez al Olympiacos - El Digital de Asturias<\/title>\n\n","aioseo_head_json":{"title":"El Atl\u00e9tico traspasa al portero Roberto Jim\u00e9nez al Olympiacos - El Digital de Asturias","description":"Madrid, 5 feb (EFE).- El Atl\u00e9tico de Madrid ha acordado el traspaso del portero Roberto Jim\u00e9nez al Olympiacos, en el que estaba cedido esta temporada por el conjunto rojiblanco y cuyos derechos deportivos pertenecer\u00e1n a partir del pr\u00f3ximo 1 de julio al club griego, con el que ha firmado por los cuatro pr\u00f3ximos a\u00f1os. Ambas","canonical_url":"https:\/\/www.eldigitaldeasturias.com\/noticias\/el-atletico-traspasa-al-portero-roberto-jimenez-al-olympiacos\/","robots":"max-image-preview:large","keywords":"actualidad","webmasterTools":{"google-site-verification":"UA-38556648-1","msvalidate.01":"7dfe9f3f1b24437ab69f4f2559babe99","miscellaneous":""},"schema":{"@context":"https:\/\/schema.org","@graph":[{"@type":"BlogPosting","@id":"https:\/\/www.eldigitaldeasturias.com\/noticias\/el-atletico-traspasa-al-portero-roberto-jimenez-al-olympiacos\/#blogposting","name":"El Atl\u00e9tico traspasa al portero Roberto Jim\u00e9nez al Olympiacos - El Digital de Asturias","headline":"El Atl\u00e9tico traspasa al portero Roberto Jim\u00e9nez al Olympiacos","author":{"@id":"https:\/\/www.eldigitaldeasturias.com\/noticias\/author\/admin\/#author"},"publisher":{"@id":"https:\/\/www.eldigitaldeasturias.com\/noticias\/#organization"},"image":{"@type":"ImageObject","url":484576},"datePublished":"2014-02-06T01:22:49+01:00","dateModified":"2014-02-06T01:22:49+01:00","inLanguage":"es-ES","mainEntityOfPage":{"@id":"https:\/\/www.eldigitaldeasturias.com\/noticias\/el-atletico-traspasa-al-portero-roberto-jimenez-al-olympiacos\/#webpage"},"isPartOf":{"@id":"https:\/\/www.eldigitaldeasturias.com\/noticias\/el-atletico-traspasa-al-portero-roberto-jimenez-al-olympiacos\/#webpage"},"articleSection":"Actualidad"},{"@type":"BreadcrumbList","@id":"https:\/\/www.eldigitaldeasturias.com\/noticias\/el-atletico-traspasa-al-portero-roberto-jimenez-al-olympiacos\/#breadcrumblist","itemListElement":[{"@type":"ListItem","@id":"https:\/\/www.eldigitaldeasturias.com\/noticias#listItem","position":1,"name":"Home","item":"https:\/\/www.eldigitaldeasturias.com\/noticias","nextItem":{"@type":"ListItem","@id":"https:\/\/www.eldigitaldeasturias.com\/noticias\/category\/actualidad\/#listItem","name":"Actualidad"}},{"@type":"ListItem","@id":"https:\/\/www.eldigitaldeasturias.com\/noticias\/category\/actualidad\/#listItem","position":2,"name":"Actualidad","item":"https:\/\/www.eldigitaldeasturias.com\/noticias\/category\/actualidad\/","nextItem":{"@type":"ListItem","@id":"https:\/\/www.eldigitaldeasturias.com\/noticias\/el-atletico-traspasa-al-portero-roberto-jimenez-al-olympiacos\/#listItem","name":"El Atl\u00e9tico traspasa al portero Roberto Jim\u00e9nez al Olympiacos"},"previousItem":{"@type":"ListItem","@id":"https:\/\/www.eldigitaldeasturias.com\/noticias#listItem","name":"Home"}},{"@type":"ListItem","@id":"https:\/\/www.eldigitaldeasturias.com\/noticias\/el-atletico-traspasa-al-portero-roberto-jimenez-al-olympiacos\/#listItem","position":3,"name":"El Atl\u00e9tico traspasa al portero Roberto Jim\u00e9nez al Olympiacos","previousItem":{"@type":"ListItem","@id":"https:\/\/www.eldigitaldeasturias.com\/noticias\/category\/actualidad\/#listItem","name":"Actualidad"}}]},{"@type":"Organization","@id":"https:\/\/www.eldigitaldeasturias.com\/noticias\/#organization","name":"El Digital de Asturias","description":"Hemeroteca","url":"https:\/\/www.eldigitaldeasturias.com\/noticias\/","email":"info@eldigitaldeasturias.com","telephone":"+34652131393","logo":{"@type":"ImageObject","url":"https:\/\/www.eldigitaldeasturias.com\/noticias\/wp-content\/uploads\/2020\/12\/EDA.jpg","@id":"https:\/\/www.eldigitaldeasturias.com\/noticias\/el-atletico-traspasa-al-portero-roberto-jimenez-al-olympiacos\/#organizationLogo"},"image":{"@id":"https:\/\/www.eldigitaldeasturias.com\/noticias\/el-atletico-traspasa-al-portero-roberto-jimenez-al-olympiacos\/#organizationLogo"},"sameAs":["https:\/\/facebook.com\/eldigitaldeasturias","https:\/\/www.youtube.com\/channel\/UCZP-2wLEB9Rv6erhFmqVnvg"],"address":{"@id":"https:\/\/www.eldigitaldeasturias.com\/noticias\/#postaladdress","@type":"PostalAddress","streetAddress":"san antonio 4","postalCode":"33430","addressLocality":"Cand\u00e1s","addressRegion":"Asturias","addressCountry":"ES"}},{"@type":"Person","@id":"https:\/\/www.eldigitaldeasturias.com\/noticias\/author\/admin\/#author","url":"https:\/\/www.eldigitaldeasturias.com\/noticias\/author\/admin\/","name":"El Digital de Asturias","image":{"@type":"ImageObject","@id":"https:\/\/www.eldigitaldeasturias.com\/noticias\/el-atletico-traspasa-al-portero-roberto-jimenez-al-olympiacos\/#authorImage","url":"https:\/\/secure.gravatar.com\/avatar\/df2aeffc32bcd13f8d26072ef8a91b623d677766deac7f97ca815868cd41bf5e?s=96&d=mm&r=g","width":96,"height":96,"caption":"El Digital de Asturias"}},{"@type":"WebPage","@id":"https:\/\/www.eldigitaldeasturias.com\/noticias\/el-atletico-traspasa-al-portero-roberto-jimenez-al-olympiacos\/#webpage","url":"https:\/\/www.eldigitaldeasturias.com\/noticias\/el-atletico-traspasa-al-portero-roberto-jimenez-al-olympiacos\/","name":"El Atl\u00e9tico traspasa al portero Roberto Jim\u00e9nez al Olympiacos - El Digital de Asturias","description":"Madrid, 5 feb (EFE).- El Atl\u00e9tico de Madrid ha acordado el traspaso del portero Roberto Jim\u00e9nez al Olympiacos, en el que estaba cedido esta temporada por el conjunto rojiblanco y cuyos derechos deportivos pertenecer\u00e1n a partir del pr\u00f3ximo 1 de julio al club griego, con el que ha firmado por los cuatro pr\u00f3ximos a\u00f1os. Ambas","inLanguage":"es-ES","isPartOf":{"@id":"https:\/\/www.eldigitaldeasturias.com\/noticias\/#website"},"breadcrumb":{"@id":"https:\/\/www.eldigitaldeasturias.com\/noticias\/el-atletico-traspasa-al-portero-roberto-jimenez-al-olympiacos\/#breadcrumblist"},"author":{"@id":"https:\/\/www.eldigitaldeasturias.com\/noticias\/author\/admin\/#author"},"creator":{"@id":"https:\/\/www.eldigitaldeasturias.com\/noticias\/author\/admin\/#author"},"image":{"@type":"ImageObject","url":484576,"@id":"https:\/\/www.eldigitaldeasturias.com\/noticias\/el-atletico-traspasa-al-portero-roberto-jimenez-al-olympiacos\/#mainImage"},"primaryImageOfPage":{"@id":"https:\/\/www.eldigitaldeasturias.com\/noticias\/el-atletico-traspasa-al-portero-roberto-jimenez-al-olympiacos\/#mainImage"},"datePublished":"2014-02-06T01:22:49+01:00","dateModified":"2014-02-06T01:22:49+01:00"},{"@type":"WebSite","@id":"https:\/\/www.eldigitaldeasturias.com\/noticias\/#website","url":"https:\/\/www.eldigitaldeasturias.com\/noticias\/","name":"El Digital de Asturias - Diario de actualidad y noticias","alternateName":"El Digital de Asturias - Diario de actualidad y noticias","description":"Hemeroteca","inLanguage":"es-ES","publisher":{"@id":"https:\/\/www.eldigitaldeasturias.com\/noticias\/#organization"}}]},"og:locale":"es_ES","og:site_name":"El Digital de Asturias","og:type":"article","og:title":"El Atl\u00e9tico traspasa al portero Roberto Jim\u00e9nez al Olympiacos - El Digital de Asturias","og:description":"Madrid, 5 feb (EFE).- El Atl\u00e9tico de Madrid ha acordado el traspaso del portero Roberto Jim\u00e9nez al Olympiacos, en el que estaba cedido esta temporada por el conjunto rojiblanco y cuyos derechos deportivos pertenecer\u00e1n a partir del pr\u00f3ximo 1 de julio al club griego, con el que ha firmado por los cuatro pr\u00f3ximos a\u00f1os. Ambas","og:url":"https:\/\/www.eldigitaldeasturias.com\/noticias\/el-atletico-traspasa-al-portero-roberto-jimenez-al-olympiacos\/","article:tag":["actualidad"],"article:published_time":"2014-02-06T02:22:49+00:00","article:modified_time":"2014-02-06T02:22:49+00:00","article:publisher":"https:\/\/facebook.com\/eldigitaldeasturias","twitter:card":"summary_large_image","twitter:title":"El Atl\u00e9tico traspasa al portero Roberto Jim\u00e9nez al Olympiacos - El Digital de Asturias","twitter:description":"Madrid, 5 feb (EFE).- El Atl\u00e9tico de Madrid ha acordado el traspaso del portero Roberto Jim\u00e9nez al Olympiacos, en el que estaba cedido esta temporada por el conjunto rojiblanco y cuyos derechos deportivos pertenecer\u00e1n a partir del pr\u00f3ximo 1 de julio al club griego, con el que ha firmado por los cuatro pr\u00f3ximos a\u00f1os. Ambas","twitter:label1":"Escrito por","twitter:data1":"El Digital de Asturias","twitter:label2":"Tiempo de lectura estimado","twitter:data2":"1 minuto"},"aioseo_meta_data":{"post_id":"484575","title":null,"description":null,"keywords":null,"keyphrases":null,"primary_term":null,"canonical_url":null,"og_title":null,"og_description":null,"og_object_type":"default","og_image_type":"default","og_image_url":null,"og_image_width":null,"og_image_height":null,"og_image_custom_url":null,"og_image_custom_fields":null,"og_video":null,"og_custom_url":null,"og_article_section":null,"og_article_tags":null,"twitter_use_og":true,"twitter_card":"default","twitter_image_type":"default","twitter_image_url":null,"twitter_image_custom_url":null,"twitter_image_custom_fields":null,"twitter_title":null,"twitter_description":null,"schema":{"blockGraphs":[],"customGraphs":[],"default":{"data":{"Article":[],"Course":[],"Dataset":[],"FAQPage":[],"Movie":[],"Person":[],"Product":[],"ProductReview":[],"Car":[],"Recipe":[],"Service":[],"SoftwareApplication":[],"WebPage":[]},"graphName":"","isEnabled":true},"graphs":[],"defaultGraph":"","defaultPostTypeGraph":""},"schema_type":null,"schema_type_options":null,"pillar_content":false,"robots_default":true,"robots_noindex":false,"robots_noarchive":false,"robots_nosnippet":false,"robots_nofollow":false,"robots_noimageindex":false,"robots_noodp":false,"robots_notranslate":false,"robots_max_snippet":null,"robots_max_videopreview":null,"robots_max_imagepreview":"none","priority":null,"frequency":null,"local_seo":null,"seo_analyzer_scan_date":"2026-06-02 16:14:23","breadcrumb_settings":null,"limit_modified_date":false,"open_ai":null,"ai":null,"created":"2020-11-14 22:55:05","updated":"2026-06-02 16:14:23","focus_keyword":null,"additional_keywords":null,"truseo_locale":null},"aioseo_breadcrumb":"<div class=\"aioseo-breadcrumbs\"><span class=\"aioseo-breadcrumb\">\n\t<a href=\"https:\/\/www.eldigitaldeasturias.com\/noticias\" title=\"Home\">Home<\/a>\n<\/span><span class=\"aioseo-breadcrumb-separator\">\u2013<\/span><span class=\"aioseo-breadcrumb\">\n\t<a href=\"https:\/\/www.eldigitaldeasturias.com\/noticias\/category\/actualidad\/\" title=\"Actualidad\">Actualidad<\/a>\n<\/span><span class=\"aioseo-breadcrumb-separator\">\u2013<\/span><span class=\"aioseo-breadcrumb\">\n\t<a href=\"https:\/\/www.eldigitaldeasturias.com\/noticias\/el-atletico-traspasa-al-portero-roberto-jimenez-al-olympiacos\/\" title=\"El Atl\u00e9tico traspasa al portero Roberto Jim\u00e9nez al Olympiacos\">El Atl\u00e9tico traspasa al portero Roberto Jim\u00e9nez al Olympiacos<\/a>\n<\/span><\/div>","aioseo_breadcrumb_json":[{"label":"Home","link":"https:\/\/www.eldigitaldeasturias.com\/noticias"},{"label":"Actualidad","link":"https:\/\/www.eldigitaldeasturias.com\/noticias\/category\/actualidad\/"},{"label":"El Atl\u00e9tico traspasa al portero Roberto Jim\u00e9nez al Olympiacos","link":"https:\/\/www.eldigitaldeasturias.com\/noticias\/el-atletico-traspasa-al-portero-roberto-jimenez-al-olympiacos\/"}],"_links":{"self":[{"href":"https:\/\/www.eldigitaldeasturias.com\/noticias\/wp-json\/wp\/v2\/posts\/484575","targetHints":{"allow":["GET"]}}],"collection":[{"href":"https:\/\/www.eldigitaldeasturias.com\/noticias\/wp-json\/wp\/v2\/posts"}],"about":[{"href":"https:\/\/www.eldigitaldeasturias.com\/noticias\/wp-json\/wp\/v2\/types\/post"}],"author":[{"embeddable":true,"href":"https:\/\/www.eldigitaldeasturias.com\/noticias\/wp-json\/wp\/v2\/users\/1"}],"replies":[{"embeddable":true,"href":"https:\/\/www.eldigitaldeasturias.com\/noticias\/wp-json\/wp\/v2\/comments?post=484575"}],"version-history":[{"count":0,"href":"https:\/\/www.eldigitaldeasturias.com\/noticias\/wp-json\/wp\/v2\/posts\/484575\/revisions"}],"wp:attachment":[{"href":"https:\/\/www.eldigitaldeasturias.com\/noticias\/wp-json\/wp\/v2\/media?parent=484575"}],"wp:term":[{"taxonomy":"category","embeddable":true,"href":"https:\/\/www.eldigitaldeasturias.com\/noticias\/wp-json\/wp\/v2\/categories?post=484575"},{"taxonomy":"post_tag","embeddable":true,"href":"https:\/\/www.eldigitaldeasturias.com\/noticias\/wp-json\/wp\/v2\/tags?post=484575"}],"curies":[{"name":"wp","href":"https:\/\/api.w.org\/{rel}","templated":true}]}}