{"id":484572,"date":"2014-02-06T01:21:44","date_gmt":"2014-02-06T02:21:44","guid":{"rendered":"http:\/\/www.eldigitaldeasturias.com\/noticias\/?p=484572"},"modified":"2014-02-06T01:21:44","modified_gmt":"2014-02-06T02:21:44","slug":"kerry-asegura-que-el-departamento-de-estado-es-su-ultima-parada-politica","status":"publish","type":"post","link":"https:\/\/www.eldigitaldeasturias.com\/noticias\/kerry-asegura-que-el-departamento-de-estado-es-su-ultima-parada-politica\/","title":{"rendered":"Kerry asegura que el Departamento de Estado es su \u00ab\u00faltima parada\u00bb pol\u00edtica"},"content":{"rendered":"<p><img loading=\"lazy\" decoding=\"async\" class=\"alignleft size-medium wp-image-484573\" alt=\"5914030w\" src=\"https:\/\/www.eldigitaldeasturias.com\/noticias\/wp-content\/uploads\/2014\/02\/5914030w-360x239.jpg\" width=\"360\" height=\"239\" \/>Washington, 5 feb (EFE).- El secretario de Estado de EE.UU., John Kerry, asegur\u00f3 hoy que su cargo actual es su \u00ab\u00faltima parada\u00bb pol\u00edtica, y que no tiene ninguna intenci\u00f3n de competir por la candidatura dem\u00f3crata para las elecciones presidenciales de 2016.<\/p>\n<p>\u00abYa estoy fuera de la pol\u00edtica. No tengo ning\u00fan plan en absoluto, \u00e9sta es mi \u00faltima parada\u00bb, respondi\u00f3 Kerry en una entrevista con la cadena CNN a la pregunta de si se plantea competir la designaci\u00f3n como candidato del Partido Dem\u00f3crata para la Casa Blanca en 2016.<\/p>\n<p>Kerry, que fue candidato dem\u00f3crata en las elecciones de 2004 y result\u00f3 derrotado por el expresidente George W. Bush, descart\u00f3 as\u00ed que comparta las aspiraciones que se achacan a su predecesora, la exsecretaria de Estado Hillary Clinton, o del vicepresidente estadounidense, Joe Biden.<\/p>\n<p>\u00abVoy a servir al pa\u00eds desde la posici\u00f3n extraordinariamente privilegiada que el presidente (Barack Obama) me ha confiado, (enfrentar) los grandes retos que tengo, y pasar p\u00e1gina\u00bb, asegur\u00f3 Kerry en la entrevista, que se emite este mismo mi\u00e9rcoles y de la que la CNN adelant\u00f3 un extracto.<\/p>\n<p>El jefe de la diplomacia estadounidense, que el pasado s\u00e1bado cumpli\u00f3 un a\u00f1o en el cargo, ha declarado en varias ocasiones que decidi\u00f3 no compadecerse de s\u00ed mismo tras su derrota electoral en 2004 y opt\u00f3 en su lugar por centrarse en su trabajo como senador, cargo que ocup\u00f3 durante tres d\u00e9cadas.<\/p>\n<p>Desde su llegada al Departamento de Estado, Kerry se ha dedicado a cuestiones de importancia, como Ir\u00e1n, Siria o el proceso de paz en Oriente Pr\u00f3ximo, con una determinaci\u00f3n a la hora de correr riesgos que ha dejado entrever que, a sus 70 a\u00f1os, considera el cargo como la \u00faltima parada de su trayectoria pol\u00edtica.<\/p>\n","protected":false},"excerpt":{"rendered":"<p>Washington, 5 feb (EFE).- El secretario de Estado de EE.UU., John Kerry, asegur\u00f3 hoy que su cargo actual es su \u00ab\u00faltima parada\u00bb pol\u00edtica, y que no tiene ninguna intenci\u00f3n de competir por la candidatura dem\u00f3crata para las elecciones presidenciales de 2016. \u00abYa estoy fuera de la pol\u00edtica. No tengo ning\u00fan plan en absoluto, \u00e9sta es [&hellip;]<\/p>\n","protected":false},"author":1,"featured_media":484573,"comment_status":"closed","ping_status":"open","sticky":false,"template":"","format":"standard","meta":{"footnotes":""},"categories":[1],"tags":[],"class_list":["post-484572","post","type-post","status-publish","format-standard","has-post-thumbnail","hentry","category-actualidad"],"aioseo_notices":[],"aioseo_head":"\n\t\t<!-- All in One SEO Pro 5.0.1 - aioseo.com -->\n\t<meta name=\"description\" content=\"Washington, 5 feb (EFE).- El secretario de Estado de EE.UU., John Kerry, asegur\u00f3 hoy que su cargo actual es su &quot;\u00faltima parada&quot; pol\u00edtica, y que no tiene ninguna intenci\u00f3n de competir por la candidatura dem\u00f3crata para las elecciones presidenciales de 2016. &quot;Ya estoy fuera de la pol\u00edtica. No tengo ning\u00fan plan en absoluto, \u00e9sta es\" \/>\n\t<meta name=\"robots\" content=\"max-image-preview:large\" \/>\n\t<meta name=\"author\" content=\"El Digital de Asturias\"\/>\n\t<meta name=\"google-site-verification\" content=\"UA-38556648-1\" \/>\n\t<meta name=\"msvalidate.01\" content=\"7dfe9f3f1b24437ab69f4f2559babe99\" \/>\n\t<meta name=\"keywords\" content=\"actualidad\" \/>\n\t<link rel=\"canonical\" href=\"https:\/\/www.eldigitaldeasturias.com\/noticias\/kerry-asegura-que-el-departamento-de-estado-es-su-ultima-parada-politica\/\" \/>\n\t<meta name=\"generator\" content=\"All in One SEO Pro (AIOSEO) 5.0.1\" \/>\n\t\t<meta property=\"og:locale\" content=\"es_ES\" \/>\n\t\t<meta property=\"og:site_name\" content=\"El Digital de Asturias\" \/>\n\t\t<meta property=\"og:type\" content=\"article\" \/>\n\t\t<meta property=\"og:title\" content=\"Kerry asegura que el Departamento de Estado es su \u00ab\u00faltima parada\u00bb pol\u00edtica - El Digital de Asturias\" \/>\n\t\t<meta property=\"og:description\" content=\"Washington, 5 feb (EFE).- El secretario de Estado de EE.UU., John Kerry, asegur\u00f3 hoy que su cargo actual es su &quot;\u00faltima parada&quot; pol\u00edtica, y que no tiene ninguna intenci\u00f3n de competir por la candidatura dem\u00f3crata para las elecciones presidenciales de 2016. &quot;Ya estoy fuera de la pol\u00edtica. No tengo ning\u00fan plan en absoluto, \u00e9sta es\" \/>\n\t\t<meta property=\"og:url\" content=\"https:\/\/www.eldigitaldeasturias.com\/noticias\/kerry-asegura-que-el-departamento-de-estado-es-su-ultima-parada-politica\/\" \/>\n\t\t<meta property=\"article:tag\" content=\"actualidad\" \/>\n\t\t<meta property=\"article:published_time\" content=\"2014-02-06T02:21:44+00:00\" \/>\n\t\t<meta property=\"article:modified_time\" content=\"2014-02-06T02:21:44+00:00\" \/>\n\t\t<meta property=\"article:publisher\" content=\"https:\/\/facebook.com\/eldigitaldeasturias\" \/>\n\t\t<meta name=\"twitter:card\" content=\"summary_large_image\" \/>\n\t\t<meta name=\"twitter:title\" content=\"Kerry asegura que el Departamento de Estado es su \u00ab\u00faltima parada\u00bb pol\u00edtica - El Digital de Asturias\" \/>\n\t\t<meta name=\"twitter:description\" content=\"Washington, 5 feb (EFE).- El secretario de Estado de EE.UU., John Kerry, asegur\u00f3 hoy que su cargo actual es su &quot;\u00faltima parada&quot; pol\u00edtica, y que no tiene ninguna intenci\u00f3n de competir por la candidatura dem\u00f3crata para las elecciones presidenciales de 2016. &quot;Ya estoy fuera de la pol\u00edtica. No tengo ning\u00fan plan en absoluto, \u00e9sta es\" \/>\n\t\t<meta name=\"twitter:label1\" content=\"Escrito por\" \/>\n\t\t<meta name=\"twitter:data1\" content=\"El Digital de Asturias\" \/>\n\t\t<meta name=\"twitter:label2\" content=\"Tiempo de lectura estimado\" \/>\n\t\t<meta name=\"twitter:data2\" content=\"2 minutos\" \/>\n\t\t<script type=\"application\/ld+json\" class=\"aioseo-schema\">\n\t\t\t{\"@context\":\"https:\\\/\\\/schema.org\",\"@graph\":[{\"@type\":\"BlogPosting\",\"@id\":\"https:\\\/\\\/www.eldigitaldeasturias.com\\\/noticias\\\/kerry-asegura-que-el-departamento-de-estado-es-su-ultima-parada-politica\\\/#blogposting\",\"name\":\"Kerry asegura que el Departamento de Estado es su \\u00ab\\u00faltima parada\\u00bb pol\\u00edtica - El Digital de Asturias\",\"headline\":\"Kerry asegura que el Departamento de Estado es su \\u00ab\\u00faltima parada\\u00bb pol\\u00edtica\",\"author\":{\"@id\":\"https:\\\/\\\/www.eldigitaldeasturias.com\\\/noticias\\\/author\\\/admin\\\/#author\"},\"publisher\":{\"@id\":\"https:\\\/\\\/www.eldigitaldeasturias.com\\\/noticias\\\/#organization\"},\"image\":{\"@type\":\"ImageObject\",\"url\":484573},\"datePublished\":\"2014-02-06T01:21:44+01:00\",\"dateModified\":\"2014-02-06T01:21:44+01:00\",\"inLanguage\":\"es-ES\",\"mainEntityOfPage\":{\"@id\":\"https:\\\/\\\/www.eldigitaldeasturias.com\\\/noticias\\\/kerry-asegura-que-el-departamento-de-estado-es-su-ultima-parada-politica\\\/#webpage\"},\"isPartOf\":{\"@id\":\"https:\\\/\\\/www.eldigitaldeasturias.com\\\/noticias\\\/kerry-asegura-que-el-departamento-de-estado-es-su-ultima-parada-politica\\\/#webpage\"},\"articleSection\":\"Actualidad\"},{\"@type\":\"BreadcrumbList\",\"@id\":\"https:\\\/\\\/www.eldigitaldeasturias.com\\\/noticias\\\/kerry-asegura-que-el-departamento-de-estado-es-su-ultima-parada-politica\\\/#breadcrumblist\",\"itemListElement\":[{\"@type\":\"ListItem\",\"@id\":\"https:\\\/\\\/www.eldigitaldeasturias.com\\\/noticias#listItem\",\"position\":1,\"name\":\"Home\",\"item\":\"https:\\\/\\\/www.eldigitaldeasturias.com\\\/noticias\",\"nextItem\":{\"@type\":\"ListItem\",\"@id\":\"https:\\\/\\\/www.eldigitaldeasturias.com\\\/noticias\\\/category\\\/actualidad\\\/#listItem\",\"name\":\"Actualidad\"}},{\"@type\":\"ListItem\",\"@id\":\"https:\\\/\\\/www.eldigitaldeasturias.com\\\/noticias\\\/category\\\/actualidad\\\/#listItem\",\"position\":2,\"name\":\"Actualidad\",\"item\":\"https:\\\/\\\/www.eldigitaldeasturias.com\\\/noticias\\\/category\\\/actualidad\\\/\",\"nextItem\":{\"@type\":\"ListItem\",\"@id\":\"https:\\\/\\\/www.eldigitaldeasturias.com\\\/noticias\\\/kerry-asegura-que-el-departamento-de-estado-es-su-ultima-parada-politica\\\/#listItem\",\"name\":\"Kerry asegura que el Departamento de Estado es su \\u00ab\\u00faltima parada\\u00bb pol\\u00edtica\"},\"previousItem\":{\"@type\":\"ListItem\",\"@id\":\"https:\\\/\\\/www.eldigitaldeasturias.com\\\/noticias#listItem\",\"name\":\"Home\"}},{\"@type\":\"ListItem\",\"@id\":\"https:\\\/\\\/www.eldigitaldeasturias.com\\\/noticias\\\/kerry-asegura-que-el-departamento-de-estado-es-su-ultima-parada-politica\\\/#listItem\",\"position\":3,\"name\":\"Kerry asegura que el Departamento de Estado es su \\u00ab\\u00faltima parada\\u00bb pol\\u00edtica\",\"previousItem\":{\"@type\":\"ListItem\",\"@id\":\"https:\\\/\\\/www.eldigitaldeasturias.com\\\/noticias\\\/category\\\/actualidad\\\/#listItem\",\"name\":\"Actualidad\"}}]},{\"@type\":\"Organization\",\"@id\":\"https:\\\/\\\/www.eldigitaldeasturias.com\\\/noticias\\\/#organization\",\"name\":\"El Digital de Asturias\",\"description\":\"Hemeroteca\",\"url\":\"https:\\\/\\\/www.eldigitaldeasturias.com\\\/noticias\\\/\",\"email\":\"info@eldigitaldeasturias.com\",\"telephone\":\"+34652131393\",\"logo\":{\"@type\":\"ImageObject\",\"url\":\"https:\\\/\\\/www.eldigitaldeasturias.com\\\/noticias\\\/wp-content\\\/uploads\\\/2020\\\/12\\\/EDA.jpg\",\"@id\":\"https:\\\/\\\/www.eldigitaldeasturias.com\\\/noticias\\\/kerry-asegura-que-el-departamento-de-estado-es-su-ultima-parada-politica\\\/#organizationLogo\"},\"image\":{\"@id\":\"https:\\\/\\\/www.eldigitaldeasturias.com\\\/noticias\\\/kerry-asegura-que-el-departamento-de-estado-es-su-ultima-parada-politica\\\/#organizationLogo\"},\"sameAs\":[\"https:\\\/\\\/facebook.com\\\/eldigitaldeasturias\",\"https:\\\/\\\/www.youtube.com\\\/channel\\\/UCZP-2wLEB9Rv6erhFmqVnvg\"],\"address\":{\"@id\":\"https:\\\/\\\/www.eldigitaldeasturias.com\\\/noticias\\\/#postaladdress\",\"@type\":\"PostalAddress\",\"streetAddress\":\"san antonio 4\",\"postalCode\":\"33430\",\"addressLocality\":\"Cand\\u00e1s\",\"addressRegion\":\"Asturias\",\"addressCountry\":\"ES\"}},{\"@type\":\"Person\",\"@id\":\"https:\\\/\\\/www.eldigitaldeasturias.com\\\/noticias\\\/author\\\/admin\\\/#author\",\"url\":\"https:\\\/\\\/www.eldigitaldeasturias.com\\\/noticias\\\/author\\\/admin\\\/\",\"name\":\"El Digital de Asturias\",\"image\":{\"@type\":\"ImageObject\",\"@id\":\"https:\\\/\\\/www.eldigitaldeasturias.com\\\/noticias\\\/kerry-asegura-que-el-departamento-de-estado-es-su-ultima-parada-politica\\\/#authorImage\",\"url\":\"https:\\\/\\\/secure.gravatar.com\\\/avatar\\\/df2aeffc32bcd13f8d26072ef8a91b623d677766deac7f97ca815868cd41bf5e?s=96&d=mm&r=g\",\"width\":96,\"height\":96,\"caption\":\"El Digital de Asturias\"}},{\"@type\":\"WebPage\",\"@id\":\"https:\\\/\\\/www.eldigitaldeasturias.com\\\/noticias\\\/kerry-asegura-que-el-departamento-de-estado-es-su-ultima-parada-politica\\\/#webpage\",\"url\":\"https:\\\/\\\/www.eldigitaldeasturias.com\\\/noticias\\\/kerry-asegura-que-el-departamento-de-estado-es-su-ultima-parada-politica\\\/\",\"name\":\"Kerry asegura que el Departamento de Estado es su \\u00ab\\u00faltima parada\\u00bb pol\\u00edtica - El Digital de Asturias\",\"description\":\"Washington, 5 feb (EFE).- El secretario de Estado de EE.UU., John Kerry, asegur\\u00f3 hoy que su cargo actual es su \\\"\\u00faltima parada\\\" pol\\u00edtica, y que no tiene ninguna intenci\\u00f3n de competir por la candidatura dem\\u00f3crata para las elecciones presidenciales de 2016. \\\"Ya estoy fuera de la pol\\u00edtica. No tengo ning\\u00fan plan en absoluto, \\u00e9sta es\",\"inLanguage\":\"es-ES\",\"isPartOf\":{\"@id\":\"https:\\\/\\\/www.eldigitaldeasturias.com\\\/noticias\\\/#website\"},\"breadcrumb\":{\"@id\":\"https:\\\/\\\/www.eldigitaldeasturias.com\\\/noticias\\\/kerry-asegura-que-el-departamento-de-estado-es-su-ultima-parada-politica\\\/#breadcrumblist\"},\"author\":{\"@id\":\"https:\\\/\\\/www.eldigitaldeasturias.com\\\/noticias\\\/author\\\/admin\\\/#author\"},\"creator\":{\"@id\":\"https:\\\/\\\/www.eldigitaldeasturias.com\\\/noticias\\\/author\\\/admin\\\/#author\"},\"image\":{\"@type\":\"ImageObject\",\"url\":484573,\"@id\":\"https:\\\/\\\/www.eldigitaldeasturias.com\\\/noticias\\\/kerry-asegura-que-el-departamento-de-estado-es-su-ultima-parada-politica\\\/#mainImage\"},\"primaryImageOfPage\":{\"@id\":\"https:\\\/\\\/www.eldigitaldeasturias.com\\\/noticias\\\/kerry-asegura-que-el-departamento-de-estado-es-su-ultima-parada-politica\\\/#mainImage\"},\"datePublished\":\"2014-02-06T01:21:44+01:00\",\"dateModified\":\"2014-02-06T01:21:44+01:00\"},{\"@type\":\"WebSite\",\"@id\":\"https:\\\/\\\/www.eldigitaldeasturias.com\\\/noticias\\\/#website\",\"url\":\"https:\\\/\\\/www.eldigitaldeasturias.com\\\/noticias\\\/\",\"name\":\"El Digital de Asturias - Diario de actualidad y noticias\",\"alternateName\":\"El Digital de Asturias - Diario de actualidad y noticias\",\"description\":\"Hemeroteca\",\"inLanguage\":\"es-ES\",\"publisher\":{\"@id\":\"https:\\\/\\\/www.eldigitaldeasturias.com\\\/noticias\\\/#organization\"}}]}\n\t\t<\/script>\n\t\t<!-- All in One SEO Pro -->\r\n\t\t<title>Kerry asegura que el Departamento de Estado es su \u00ab\u00faltima parada\u00bb pol\u00edtica - El Digital de Asturias<\/title>\n\n","aioseo_head_json":{"title":"Kerry asegura que el Departamento de Estado es su \u00ab\u00faltima parada\u00bb pol\u00edtica - El Digital de Asturias","description":"Washington, 5 feb (EFE).- El secretario de Estado de EE.UU., John Kerry, asegur\u00f3 hoy que su cargo actual es su \"\u00faltima parada\" pol\u00edtica, y que no tiene ninguna intenci\u00f3n de competir por la candidatura dem\u00f3crata para las elecciones presidenciales de 2016. \"Ya estoy fuera de la pol\u00edtica. No tengo ning\u00fan plan en absoluto, \u00e9sta es","canonical_url":"https:\/\/www.eldigitaldeasturias.com\/noticias\/kerry-asegura-que-el-departamento-de-estado-es-su-ultima-parada-politica\/","robots":"max-image-preview:large","keywords":"actualidad","webmasterTools":{"google-site-verification":"UA-38556648-1","msvalidate.01":"7dfe9f3f1b24437ab69f4f2559babe99","miscellaneous":""},"schema":{"@context":"https:\/\/schema.org","@graph":[{"@type":"BlogPosting","@id":"https:\/\/www.eldigitaldeasturias.com\/noticias\/kerry-asegura-que-el-departamento-de-estado-es-su-ultima-parada-politica\/#blogposting","name":"Kerry asegura que el Departamento de Estado es su \u00ab\u00faltima parada\u00bb pol\u00edtica - El Digital de Asturias","headline":"Kerry asegura que el Departamento de Estado es su \u00ab\u00faltima parada\u00bb pol\u00edtica","author":{"@id":"https:\/\/www.eldigitaldeasturias.com\/noticias\/author\/admin\/#author"},"publisher":{"@id":"https:\/\/www.eldigitaldeasturias.com\/noticias\/#organization"},"image":{"@type":"ImageObject","url":484573},"datePublished":"2014-02-06T01:21:44+01:00","dateModified":"2014-02-06T01:21:44+01:00","inLanguage":"es-ES","mainEntityOfPage":{"@id":"https:\/\/www.eldigitaldeasturias.com\/noticias\/kerry-asegura-que-el-departamento-de-estado-es-su-ultima-parada-politica\/#webpage"},"isPartOf":{"@id":"https:\/\/www.eldigitaldeasturias.com\/noticias\/kerry-asegura-que-el-departamento-de-estado-es-su-ultima-parada-politica\/#webpage"},"articleSection":"Actualidad"},{"@type":"BreadcrumbList","@id":"https:\/\/www.eldigitaldeasturias.com\/noticias\/kerry-asegura-que-el-departamento-de-estado-es-su-ultima-parada-politica\/#breadcrumblist","itemListElement":[{"@type":"ListItem","@id":"https:\/\/www.eldigitaldeasturias.com\/noticias#listItem","position":1,"name":"Home","item":"https:\/\/www.eldigitaldeasturias.com\/noticias","nextItem":{"@type":"ListItem","@id":"https:\/\/www.eldigitaldeasturias.com\/noticias\/category\/actualidad\/#listItem","name":"Actualidad"}},{"@type":"ListItem","@id":"https:\/\/www.eldigitaldeasturias.com\/noticias\/category\/actualidad\/#listItem","position":2,"name":"Actualidad","item":"https:\/\/www.eldigitaldeasturias.com\/noticias\/category\/actualidad\/","nextItem":{"@type":"ListItem","@id":"https:\/\/www.eldigitaldeasturias.com\/noticias\/kerry-asegura-que-el-departamento-de-estado-es-su-ultima-parada-politica\/#listItem","name":"Kerry asegura que el Departamento de Estado es su \u00ab\u00faltima parada\u00bb pol\u00edtica"},"previousItem":{"@type":"ListItem","@id":"https:\/\/www.eldigitaldeasturias.com\/noticias#listItem","name":"Home"}},{"@type":"ListItem","@id":"https:\/\/www.eldigitaldeasturias.com\/noticias\/kerry-asegura-que-el-departamento-de-estado-es-su-ultima-parada-politica\/#listItem","position":3,"name":"Kerry asegura que el Departamento de Estado es su \u00ab\u00faltima parada\u00bb pol\u00edtica","previousItem":{"@type":"ListItem","@id":"https:\/\/www.eldigitaldeasturias.com\/noticias\/category\/actualidad\/#listItem","name":"Actualidad"}}]},{"@type":"Organization","@id":"https:\/\/www.eldigitaldeasturias.com\/noticias\/#organization","name":"El Digital de Asturias","description":"Hemeroteca","url":"https:\/\/www.eldigitaldeasturias.com\/noticias\/","email":"info@eldigitaldeasturias.com","telephone":"+34652131393","logo":{"@type":"ImageObject","url":"https:\/\/www.eldigitaldeasturias.com\/noticias\/wp-content\/uploads\/2020\/12\/EDA.jpg","@id":"https:\/\/www.eldigitaldeasturias.com\/noticias\/kerry-asegura-que-el-departamento-de-estado-es-su-ultima-parada-politica\/#organizationLogo"},"image":{"@id":"https:\/\/www.eldigitaldeasturias.com\/noticias\/kerry-asegura-que-el-departamento-de-estado-es-su-ultima-parada-politica\/#organizationLogo"},"sameAs":["https:\/\/facebook.com\/eldigitaldeasturias","https:\/\/www.youtube.com\/channel\/UCZP-2wLEB9Rv6erhFmqVnvg"],"address":{"@id":"https:\/\/www.eldigitaldeasturias.com\/noticias\/#postaladdress","@type":"PostalAddress","streetAddress":"san antonio 4","postalCode":"33430","addressLocality":"Cand\u00e1s","addressRegion":"Asturias","addressCountry":"ES"}},{"@type":"Person","@id":"https:\/\/www.eldigitaldeasturias.com\/noticias\/author\/admin\/#author","url":"https:\/\/www.eldigitaldeasturias.com\/noticias\/author\/admin\/","name":"El Digital de Asturias","image":{"@type":"ImageObject","@id":"https:\/\/www.eldigitaldeasturias.com\/noticias\/kerry-asegura-que-el-departamento-de-estado-es-su-ultima-parada-politica\/#authorImage","url":"https:\/\/secure.gravatar.com\/avatar\/df2aeffc32bcd13f8d26072ef8a91b623d677766deac7f97ca815868cd41bf5e?s=96&d=mm&r=g","width":96,"height":96,"caption":"El Digital de Asturias"}},{"@type":"WebPage","@id":"https:\/\/www.eldigitaldeasturias.com\/noticias\/kerry-asegura-que-el-departamento-de-estado-es-su-ultima-parada-politica\/#webpage","url":"https:\/\/www.eldigitaldeasturias.com\/noticias\/kerry-asegura-que-el-departamento-de-estado-es-su-ultima-parada-politica\/","name":"Kerry asegura que el Departamento de Estado es su \u00ab\u00faltima parada\u00bb pol\u00edtica - El Digital de Asturias","description":"Washington, 5 feb (EFE).- El secretario de Estado de EE.UU., John Kerry, asegur\u00f3 hoy que su cargo actual es su \"\u00faltima parada\" pol\u00edtica, y que no tiene ninguna intenci\u00f3n de competir por la candidatura dem\u00f3crata para las elecciones presidenciales de 2016. \"Ya estoy fuera de la pol\u00edtica. No tengo ning\u00fan plan en absoluto, \u00e9sta es","inLanguage":"es-ES","isPartOf":{"@id":"https:\/\/www.eldigitaldeasturias.com\/noticias\/#website"},"breadcrumb":{"@id":"https:\/\/www.eldigitaldeasturias.com\/noticias\/kerry-asegura-que-el-departamento-de-estado-es-su-ultima-parada-politica\/#breadcrumblist"},"author":{"@id":"https:\/\/www.eldigitaldeasturias.com\/noticias\/author\/admin\/#author"},"creator":{"@id":"https:\/\/www.eldigitaldeasturias.com\/noticias\/author\/admin\/#author"},"image":{"@type":"ImageObject","url":484573,"@id":"https:\/\/www.eldigitaldeasturias.com\/noticias\/kerry-asegura-que-el-departamento-de-estado-es-su-ultima-parada-politica\/#mainImage"},"primaryImageOfPage":{"@id":"https:\/\/www.eldigitaldeasturias.com\/noticias\/kerry-asegura-que-el-departamento-de-estado-es-su-ultima-parada-politica\/#mainImage"},"datePublished":"2014-02-06T01:21:44+01:00","dateModified":"2014-02-06T01:21:44+01:00"},{"@type":"WebSite","@id":"https:\/\/www.eldigitaldeasturias.com\/noticias\/#website","url":"https:\/\/www.eldigitaldeasturias.com\/noticias\/","name":"El Digital de Asturias - Diario de actualidad y noticias","alternateName":"El Digital de Asturias - Diario de actualidad y noticias","description":"Hemeroteca","inLanguage":"es-ES","publisher":{"@id":"https:\/\/www.eldigitaldeasturias.com\/noticias\/#organization"}}]},"og:locale":"es_ES","og:site_name":"El Digital de Asturias","og:type":"article","og:title":"Kerry asegura que el Departamento de Estado es su \u00ab\u00faltima parada\u00bb pol\u00edtica - El Digital de Asturias","og:description":"Washington, 5 feb (EFE).- El secretario de Estado de EE.UU., John Kerry, asegur\u00f3 hoy que su cargo actual es su &quot;\u00faltima parada&quot; pol\u00edtica, y que no tiene ninguna intenci\u00f3n de competir por la candidatura dem\u00f3crata para las elecciones presidenciales de 2016. &quot;Ya estoy fuera de la pol\u00edtica. No tengo ning\u00fan plan en absoluto, \u00e9sta es","og:url":"https:\/\/www.eldigitaldeasturias.com\/noticias\/kerry-asegura-que-el-departamento-de-estado-es-su-ultima-parada-politica\/","article:tag":["actualidad"],"article:published_time":"2014-02-06T02:21:44+00:00","article:modified_time":"2014-02-06T02:21:44+00:00","article:publisher":"https:\/\/facebook.com\/eldigitaldeasturias","twitter:card":"summary_large_image","twitter:title":"Kerry asegura que el Departamento de Estado es su \u00ab\u00faltima parada\u00bb pol\u00edtica - El Digital de Asturias","twitter:description":"Washington, 5 feb (EFE).- El secretario de Estado de EE.UU., John Kerry, asegur\u00f3 hoy que su cargo actual es su &quot;\u00faltima parada&quot; pol\u00edtica, y que no tiene ninguna intenci\u00f3n de competir por la candidatura dem\u00f3crata para las elecciones presidenciales de 2016. &quot;Ya estoy fuera de la pol\u00edtica. No tengo ning\u00fan plan en absoluto, \u00e9sta es","twitter:label1":"Escrito por","twitter:data1":"El Digital de Asturias","twitter:label2":"Tiempo de lectura estimado","twitter:data2":"2 minutos"},"aioseo_meta_data":{"post_id":"484572","title":null,"description":null,"keywords":null,"keyphrases":null,"primary_term":null,"canonical_url":null,"og_title":null,"og_description":null,"og_object_type":"default","og_image_type":"default","og_image_url":null,"og_image_width":null,"og_image_height":null,"og_image_custom_url":null,"og_image_custom_fields":null,"og_video":null,"og_custom_url":null,"og_article_section":null,"og_article_tags":null,"twitter_use_og":true,"twitter_card":"default","twitter_image_type":"default","twitter_image_url":null,"twitter_image_custom_url":null,"twitter_image_custom_fields":null,"twitter_title":null,"twitter_description":null,"schema":{"blockGraphs":[],"customGraphs":[],"default":{"data":{"Article":[],"Course":[],"Dataset":[],"FAQPage":[],"Movie":[],"Person":[],"Product":[],"ProductReview":[],"Car":[],"Recipe":[],"Service":[],"SoftwareApplication":[],"WebPage":[]},"graphName":"","isEnabled":true},"graphs":[],"defaultGraph":"","defaultPostTypeGraph":""},"schema_type":null,"schema_type_options":null,"pillar_content":false,"robots_default":true,"robots_noindex":false,"robots_noarchive":false,"robots_nosnippet":false,"robots_nofollow":false,"robots_noimageindex":false,"robots_noodp":false,"robots_notranslate":false,"robots_max_snippet":null,"robots_max_videopreview":null,"robots_max_imagepreview":"none","priority":null,"frequency":null,"local_seo":null,"seo_analyzer_scan_date":"2026-06-02 16:14:23","breadcrumb_settings":null,"limit_modified_date":false,"open_ai":null,"ai":null,"created":"2020-11-14 22:55:05","updated":"2026-06-02 16:14:23","focus_keyword":null,"additional_keywords":null,"truseo_locale":null},"aioseo_breadcrumb":"<div class=\"aioseo-breadcrumbs\"><span class=\"aioseo-breadcrumb\">\n\t<a href=\"https:\/\/www.eldigitaldeasturias.com\/noticias\" title=\"Home\">Home<\/a>\n<\/span><span class=\"aioseo-breadcrumb-separator\">\u2013<\/span><span class=\"aioseo-breadcrumb\">\n\t<a href=\"https:\/\/www.eldigitaldeasturias.com\/noticias\/category\/actualidad\/\" title=\"Actualidad\">Actualidad<\/a>\n<\/span><span class=\"aioseo-breadcrumb-separator\">\u2013<\/span><span class=\"aioseo-breadcrumb\">\n\t<a href=\"https:\/\/www.eldigitaldeasturias.com\/noticias\/kerry-asegura-que-el-departamento-de-estado-es-su-ultima-parada-politica\/\" title=\"Kerry asegura que el Departamento de Estado es su \u00ab\u00faltima parada\u00bb pol\u00edtica\">Kerry asegura que el Departamento de Estado es su \u00ab\u00faltima parada\u00bb pol\u00edtica<\/a>\n<\/span><\/div>","aioseo_breadcrumb_json":[{"label":"Home","link":"https:\/\/www.eldigitaldeasturias.com\/noticias"},{"label":"Actualidad","link":"https:\/\/www.eldigitaldeasturias.com\/noticias\/category\/actualidad\/"},{"label":"Kerry asegura que el Departamento de Estado es su \u00ab\u00faltima parada\u00bb pol\u00edtica","link":"https:\/\/www.eldigitaldeasturias.com\/noticias\/kerry-asegura-que-el-departamento-de-estado-es-su-ultima-parada-politica\/"}],"_links":{"self":[{"href":"https:\/\/www.eldigitaldeasturias.com\/noticias\/wp-json\/wp\/v2\/posts\/484572","targetHints":{"allow":["GET"]}}],"collection":[{"href":"https:\/\/www.eldigitaldeasturias.com\/noticias\/wp-json\/wp\/v2\/posts"}],"about":[{"href":"https:\/\/www.eldigitaldeasturias.com\/noticias\/wp-json\/wp\/v2\/types\/post"}],"author":[{"embeddable":true,"href":"https:\/\/www.eldigitaldeasturias.com\/noticias\/wp-json\/wp\/v2\/users\/1"}],"replies":[{"embeddable":true,"href":"https:\/\/www.eldigitaldeasturias.com\/noticias\/wp-json\/wp\/v2\/comments?post=484572"}],"version-history":[{"count":0,"href":"https:\/\/www.eldigitaldeasturias.com\/noticias\/wp-json\/wp\/v2\/posts\/484572\/revisions"}],"wp:attachment":[{"href":"https:\/\/www.eldigitaldeasturias.com\/noticias\/wp-json\/wp\/v2\/media?parent=484572"}],"wp:term":[{"taxonomy":"category","embeddable":true,"href":"https:\/\/www.eldigitaldeasturias.com\/noticias\/wp-json\/wp\/v2\/categories?post=484572"},{"taxonomy":"post_tag","embeddable":true,"href":"https:\/\/www.eldigitaldeasturias.com\/noticias\/wp-json\/wp\/v2\/tags?post=484572"}],"curies":[{"name":"wp","href":"https:\/\/api.w.org\/{rel}","templated":true}]}}